{"id":583431,"date":"2025-06-01T13:01:55","date_gmt":"2025-06-01T11:01:55","guid":{"rendered":"https:\/\/dicodusport.fr\/blog\/?p=583431&#038;preview=true&#038;preview_id=583431"},"modified":"2025-06-01T18:17:45","modified_gmt":"2025-06-01T16:17:45","slug":"vtt-descente-gracey-hemstreet-ouvre-son-palmares-a-loudenvielle","status":"publish","type":"post","link":"https:\/\/dicodusport.fr\/blog\/vtt-descente-gracey-hemstreet-ouvre-son-palmares-a-loudenvielle\/","title":{"rendered":"VTT descente : Gracey Hemstreet ouvre son palmar\u00e8s \u00e0 Loudenvielle"},"content":{"rendered":"<p style=\"text-align: justify;\"><strong><em>COUPE DU MONDE DE VTT DESCENTE 2025 &#8211; Gracey Hemstreet s&rsquo;est impos\u00e9e sur la deuxi\u00e8me manche disput\u00e9e ce dimanche, \u00e0 Loudenvielle. La Canadienne de 20 ans a d\u00e9croch\u00e9 sa premi\u00e8re victoire en devan\u00e7ant Valentina H\u00f6ll et Tahnee Seagrave.\u00a0<\/em><\/strong><\/p>\n<ul style=\"text-align: justify;\">\n<li style=\"text-align: justify;\"><a href=\"https:\/\/dicodusport.fr\/blog\/actualites\/cyclisme\/vtt\/\"><strong>\u00c0 ce sujet \u2013 Toute l\u2019actualit\u00e9 du VTT<\/strong><\/a><\/li>\n<\/ul>\n<p style=\"text-align: justify;\">Deux semaines apr\u00e8s le <a href=\"https:\/\/dicodusport.fr\/blog\/vtt-bielsko-biala-tahnee-seagrave-domine-la-descente-femmes\/\">lancement \u00e0 Bielsko-Biala<\/a>, la <strong>Coupe du monde de VTT descente<\/strong> faisait \u00e9tape \u00e0 <strong>Loudenvielle<\/strong> ce weekend. En terres fran\u00e7aises, les Bleues avaient naturellement \u00e0 c\u0153ur de rebondir suite \u00e0 une premi\u00e8re manche polonaise sans relief, o\u00f9 Marine Cabirou avait sign\u00e9 le meilleur r\u00e9sultat (7\u00e8me).<\/p>\n<h2>Valentina H\u00f6ll frappe fort, Cabirou chute<\/h2>\n<p style=\"text-align: justify;\">Pass\u00e9e \u00e0 c\u00f4t\u00e9, <strong>Myriam Nicole<\/strong> avait en tout cas montr\u00e9 samedi sa volont\u00e9 de rebondir. En qualifications, la Montpelli\u00e9raine avait tout simplement \u00e9tabli le temps r\u00e9f\u00e9rence pour s&rsquo;offrir le droit de partir en dernier ce dimanche midi. Mais avant d&rsquo;en arriver l\u00e0, les quatorze autres concurrentes, dont <strong>Marine Cabirou<\/strong>, seule autre fran\u00e7aise \u00e0 avoir pass\u00e9 le cut, ont d\u00e9fil\u00e9 sur le trac\u00e9. La Suissesse <strong>Camille Balanche<\/strong> a \u00e9t\u00e9 la premi\u00e8re \u00e0 signer un temps int\u00e9ressant (3:48.776) en passant d&rsquo;un souffle devant <strong>Anna Newkirk<\/strong>. Cependant, cela n&rsquo;\u00e9tait pas suffisant pour aller chercher une victoire. Seulement 7\u00e8me des qualifications, la championne du monde <strong>Valentina H\u00f6ll<\/strong> l&rsquo;a d\u00e9montr\u00e9 en r\u00e9alisant une descente supersonique pour coller plus de 6 secondes au temps de la Suissesse (3:42.348) !<\/p>\n<p style=\"text-align: justify;\">La bataille pour la victoire s&rsquo;est alors engag\u00e9e. Une bataille qui a pris une tournure particuli\u00e8re, notamment en raison d&rsquo;un vent fort s&rsquo;\u00e9tant lev\u00e9 entre-temps. <strong>Marine Cabirou<\/strong> a d&rsquo;abord perdu pr\u00e8s de deux secondes sur une l\u00e9g\u00e8re erreur, avant de conna\u00eetre une lourde chute entre les premiers et deuxi\u00e8mes interm\u00e9diaires. Elle a tout de m\u00eame r\u00e9ussi \u00e0 repartir, mais \u00e9choue en 14\u00e8me position. Dans la foul\u00e9e, <strong>Nina Hoffmann<\/strong> est sortie du trac\u00e9, perdant \u00e9galement de pr\u00e9cieuses secondes, avant que <strong>Lisa Baumann<\/strong> parte \u00e0 son tour violemment au sol. Derni\u00e8res concurrentes en lice, <strong>Gracey Hemstreet<\/strong>,<strong> Tahnee Seagrave <\/strong>et <strong>Myriam Nicole<\/strong> sont pr\u00e9venues : la moindre erreur peut \u00eatre fatale.<\/p>\n<blockquote class=\"twitter-tweet\">\n<p dir=\"ltr\" lang=\"en\">Marine Cabirou goes down \ud83d\ude35. That was a big off but she is back up and makes her way down the track.<\/p>\n<p>Big mistake for Nina Hoffmann as she misses a pole and has to go back up. Looks like the wind pushed her off track \ud83d\udca8. <a href=\"https:\/\/twitter.com\/MTBworldseries?ref_src=twsrc%5Etfw\">@MTBworldseries<\/a> <a href=\"https:\/\/twitter.com\/hashtag\/MTBWorldCup?src=hash&amp;ref_src=twsrc%5Etfw\">#MTBWorldCup<\/a> <a href=\"https:\/\/t.co\/Vp1Gg3MkhQ\">pic.twitter.com\/Vp1Gg3MkhQ<\/a><\/p>\n<p>\u2014 UCI MTB (@UCI_MTB) <a href=\"https:\/\/twitter.com\/UCI_MTB\/status\/1929124653181686120?ref_src=twsrc%5Etfw\">June 1, 2025<\/a><\/p><\/blockquote>\n<p><script async src=\"https:\/\/platform.twitter.com\/widgets.js\" charset=\"utf-8\"><\/script><\/p>\n<h2>Gracey Hemstreet d\u00e9tonne, Nicole chute \u00e9galement<\/h2>\n<p style=\"text-align: justify;\">Si elle a accus\u00e9 un d\u00e9bours de 3 secondes d\u00e8s le premier interm\u00e9diaire, <strong>Gracey Hemstreet<\/strong> a ensuite r\u00e9alis\u00e9 une descente absolument folle. En confiance, la Canadienne a pris tous les risques pour progressivement rattraper son retard, et finalement signer un chrono monumental : 3:39.179 ! De son c\u00f4t\u00e9,<strong> Tahnee Seagrave<\/strong> n&rsquo;a pas \u00e9t\u00e9 perturb\u00e9e par une chute matinale lors des reconnaissances. En poussant \u00e0 fond, signant une pointe \u00e0 75km\/h, la Britannique a fait jeu \u00e9gal avec sa rivale, avant de voir la victoire s&rsquo;envoler en raison d&rsquo;un gros coup de frein intempestif qui lui a co\u00fbt\u00e9 cinq bonnes secondes. Insuffisant pour surpasser H\u00f6ll, mais \u00e9galement Balanche. Sa place sur le podium d\u00e9pendait alors de la vainqueure sortante \u00e0 Loudenvielle, <strong>Myriam Nicole<\/strong>.<\/p>\n<p style=\"text-align: justify;\">Dans un lieu qu&rsquo;elle affectionne, la Fran\u00e7aise a livr\u00e9 un d\u00e9but de course id\u00e9al en tenant en respect sa rivale sur les deux premiers interm\u00e9diaires. Malheureusement, la partie technique va lui \u00eatre fatale. Elle a perdu le contr\u00f4le de l&rsquo;avant de son v\u00e9lo. Si la chute n&rsquo;est pas lourde, elle a enterr\u00e9 ses espoirs de bons r\u00e9sultats. Elle \u00e9choue ainsi \u00e0 une d\u00e9cevante 12\u00e8me place. Ainsi, \u00e0 20 ans, la Canadienne <strong>Gracey Hemstreet<\/strong> s&rsquo;offre sa premi\u00e8re victoire en carri\u00e8re, devant <strong>Valentina H\u00f6ll <\/strong>et <strong>Tahnee Seagrave<\/strong>. Pour les Bleues, cette 2\u00e8me \u00e9tape se termine de fa\u00e7on am\u00e8re.<\/p>\n<blockquote class=\"twitter-tweet\">\n<p dir=\"ltr\" lang=\"en\">Myriam Nicole goes down \u274c<\/p>\n<p>She pushes back up to where she left the track but no chance of her backing up her win from R1\ufe0f\u20e3. <a href=\"https:\/\/twitter.com\/MTBworldseries?ref_src=twsrc%5Etfw\">@MTBworldseries<\/a> <a href=\"https:\/\/twitter.com\/hashtag\/MTBWorldCup?src=hash&amp;ref_src=twsrc%5Etfw\">#MTBWorldCup<\/a> <a href=\"https:\/\/t.co\/eVfwbjcAfN\">pic.twitter.com\/eVfwbjcAfN<\/a><\/p>\n<p>\u2014 UCI MTB (@UCI_MTB) <a href=\"https:\/\/twitter.com\/UCI_MTB\/status\/1929129413255250179?ref_src=twsrc%5Etfw\">June 1, 2025<\/a><\/p><\/blockquote>\n<p><script async src=\"https:\/\/platform.twitter.com\/widgets.js\" charset=\"utf-8\"><\/script><\/p>\n","protected":false},"excerpt":{"rendered":"<p>COUPE DU MONDE DE VTT DESCENTE 2025 &#8211; Gracey Hemstreet s&rsquo;est impos\u00e9e sur la deuxi\u00e8me manche disput\u00e9e ce dimanche \u00e0 Loudenvielle. La Canadienne de 20 ans a d\u00e9croch\u00e9 sa premi\u00e8re victoire en devan\u00e7ant Valentina H\u00f6ll et Tahnee Seagrave.\u00a0<\/p>\n","protected":false},"author":55,"featured_media":583625,"comment_status":"open","ping_status":"closed","sticky":false,"template":"","format":"standard","meta":{"_acf_changed":false,"_daextam_enable_autolinks":"1","footnotes":""},"categories":[10279],"tags":[16878,46936,7768],"class_list":["post-583431","post","type-post","status-publish","format-standard","has-post-thumbnail","hentry","category-vtt","tag-breve","tag-loudenvielle","tag-vtt-descente"],"acf":[],"yoast_head":"<!-- This site is optimized with the Yoast SEO Premium plugin v26.7 (Yoast SEO v26.7) - https:\/\/yoast.com\/wordpress\/plugins\/seo\/ -->\n<title>VTT descente : Gracey Hemstreet ouvre son palmar\u00e8s \u00e0 Loudenvielle<\/title>\n<meta name=\"description\" content=\"COUPE DU MONDE DE VTT DESCENTE 2025 -\u00a0Gracey Hemstreet a remport\u00e9 la 2\u00e8me manche de la saison \u00e0 Loudenvielle.\" \/>\n<meta name=\"robots\" content=\"index, follow, max-snippet:-1, max-image-preview:large, max-video-preview:-1\" \/>\n<link rel=\"canonical\" href=\"https:\/\/dicodusport.fr\/blog\/vtt-descente-gracey-hemstreet-ouvre-son-palmares-a-loudenvielle\/\" \/>\n<meta property=\"og:locale\" content=\"fr_FR\" \/>\n<meta property=\"og:type\" content=\"article\" \/>\n<meta property=\"og:title\" content=\"VTT descente : Gracey Hemstreet ouvre son palmar\u00e8s \u00e0 Loudenvielle\" \/>\n<meta property=\"og:description\" content=\"COUPE DU MONDE DE VTT DESCENTE 2025 - Gracey Hemstreet s&#039;est impos\u00e9e sur la deuxi\u00e8me manche disput\u00e9e ce dimanche, \u00e0 Loudenvielle. La Canadienne de 20 ans a d\u00e9croch\u00e9 sa premi\u00e8re victoire en devan\u00e7ant Valentina H\u00f6ll et Tahnee Seagrave.\u00a0\" \/>\n<meta property=\"og:url\" content=\"https:\/\/dicodusport.fr\/blog\/vtt-descente-gracey-hemstreet-ouvre-son-palmares-a-loudenvielle\/\" \/>\n<meta property=\"og:site_name\" content=\"Dicodusport\" \/>\n<meta property=\"article:publisher\" content=\"https:\/\/www.facebook.com\/dicodusport\" \/>\n<meta property=\"article:published_time\" content=\"2025-06-01T11:01:55+00:00\" \/>\n<meta property=\"article:modified_time\" content=\"2025-06-01T16:17:45+00:00\" \/>\n<meta property=\"og:image\" content=\"https:\/\/dicodusport.fr\/blog\/wp-content\/uploads\/2025\/06\/VTT-descente-Gracey-Hemstreet-ouvre-son-palmares-a-Loudenvielle-1.png\" \/>\n\t<meta property=\"og:image:width\" content=\"1200\" \/>\n\t<meta property=\"og:image:height\" content=\"674\" \/>\n\t<meta property=\"og:image:type\" content=\"image\/png\" \/>\n<meta name=\"author\" content=\"Maxime Cazenave\" \/>\n<meta name=\"twitter:card\" content=\"summary_large_image\" \/>\n<meta name=\"twitter:description\" content=\"COUPE DU MONDE DE VTT DESCENTE 2025 - Gracey Hemstreet s&#039;est impos\u00e9e sur la deuxi\u00e8me manche disput\u00e9e ce dimanche, \u00e0 Loudenvielle. La Canadienne de 20 ans a d\u00e9croch\u00e9 sa premi\u00e8re victoire en devan\u00e7ant Valentina H\u00f6ll et Tahnee Seagrave.\u00a0\" \/>\n<meta name=\"twitter:creator\" content=\"@https:\/\/twitter.com\/Maxime_Caze\" \/>\n<meta name=\"twitter:site\" content=\"@dicodusport\" \/>\n<script type=\"application\/ld+json\" class=\"yoast-schema-graph\">{\"@context\":\"https:\/\/schema.org\",\"@graph\":[{\"@type\":\"NewsArticle\",\"@id\":\"https:\/\/dicodusport.fr\/blog\/vtt-descente-gracey-hemstreet-ouvre-son-palmares-a-loudenvielle\/#article\",\"isPartOf\":{\"@id\":\"https:\/\/dicodusport.fr\/blog\/vtt-descente-gracey-hemstreet-ouvre-son-palmares-a-loudenvielle\/\"},\"author\":{\"name\":\"Maxime Cazenave\",\"@id\":\"https:\/\/dicodusport.fr\/blog\/#\/schema\/person\/37def232098a7a5cbab3974a3690abb0\"},\"headline\":\"VTT descente : Gracey Hemstreet ouvre son palmar\u00e8s \u00e0 Loudenvielle\",\"datePublished\":\"2025-06-01T11:01:55+00:00\",\"dateModified\":\"2025-06-01T16:17:45+00:00\",\"mainEntityOfPage\":{\"@id\":\"https:\/\/dicodusport.fr\/blog\/vtt-descente-gracey-hemstreet-ouvre-son-palmares-a-loudenvielle\/\"},\"wordCount\":710,\"commentCount\":0,\"publisher\":{\"@id\":\"https:\/\/dicodusport.fr\/blog\/#organization\"},\"image\":{\"@id\":\"https:\/\/dicodusport.fr\/blog\/vtt-descente-gracey-hemstreet-ouvre-son-palmares-a-loudenvielle\/#primaryimage\"},\"thumbnailUrl\":\"https:\/\/dicodusport.fr\/blog\/wp-content\/uploads\/2025\/06\/VTT-descente-Gracey-Hemstreet-ouvre-son-palmares-a-Loudenvielle-1.png\",\"keywords\":[\"br\u00e8ve\",\"Loudenvielle\",\"VTT Descente\"],\"articleSection\":[\"VTT\"],\"inLanguage\":\"fr-FR\",\"potentialAction\":[{\"@type\":\"CommentAction\",\"name\":\"Comment\",\"target\":[\"https:\/\/dicodusport.fr\/blog\/vtt-descente-gracey-hemstreet-ouvre-son-palmares-a-loudenvielle\/#respond\"]}],\"copyrightYear\":\"2025\",\"copyrightHolder\":{\"@id\":\"https:\/\/dicodusport.fr\/blog\/#organization\"}},{\"@type\":\"WebPage\",\"@id\":\"https:\/\/dicodusport.fr\/blog\/vtt-descente-gracey-hemstreet-ouvre-son-palmares-a-loudenvielle\/\",\"url\":\"https:\/\/dicodusport.fr\/blog\/vtt-descente-gracey-hemstreet-ouvre-son-palmares-a-loudenvielle\/\",\"name\":\"VTT descente : Gracey Hemstreet ouvre son palmar\u00e8s \u00e0 Loudenvielle\",\"isPartOf\":{\"@id\":\"https:\/\/dicodusport.fr\/blog\/#website\"},\"primaryImageOfPage\":{\"@id\":\"https:\/\/dicodusport.fr\/blog\/vtt-descente-gracey-hemstreet-ouvre-son-palmares-a-loudenvielle\/#primaryimage\"},\"image\":{\"@id\":\"https:\/\/dicodusport.fr\/blog\/vtt-descente-gracey-hemstreet-ouvre-son-palmares-a-loudenvielle\/#primaryimage\"},\"thumbnailUrl\":\"https:\/\/dicodusport.fr\/blog\/wp-content\/uploads\/2025\/06\/VTT-descente-Gracey-Hemstreet-ouvre-son-palmares-a-Loudenvielle-1.png\",\"datePublished\":\"2025-06-01T11:01:55+00:00\",\"dateModified\":\"2025-06-01T16:17:45+00:00\",\"description\":\"COUPE DU MONDE DE VTT DESCENTE 2025 -\u00a0Gracey Hemstreet a remport\u00e9 la 2\u00e8me manche de la saison \u00e0 Loudenvielle.\",\"breadcrumb\":{\"@id\":\"https:\/\/dicodusport.fr\/blog\/vtt-descente-gracey-hemstreet-ouvre-son-palmares-a-loudenvielle\/#breadcrumb\"},\"inLanguage\":\"fr-FR\",\"potentialAction\":[{\"@type\":\"ReadAction\",\"target\":[\"https:\/\/dicodusport.fr\/blog\/vtt-descente-gracey-hemstreet-ouvre-son-palmares-a-loudenvielle\/\"]}]},{\"@type\":\"ImageObject\",\"inLanguage\":\"fr-FR\",\"@id\":\"https:\/\/dicodusport.fr\/blog\/vtt-descente-gracey-hemstreet-ouvre-son-palmares-a-loudenvielle\/#primaryimage\",\"url\":\"https:\/\/dicodusport.fr\/blog\/wp-content\/uploads\/2025\/06\/VTT-descente-Gracey-Hemstreet-ouvre-son-palmares-a-Loudenvielle-1.png\",\"contentUrl\":\"https:\/\/dicodusport.fr\/blog\/wp-content\/uploads\/2025\/06\/VTT-descente-Gracey-Hemstreet-ouvre-son-palmares-a-Loudenvielle-1.png\",\"width\":1200,\"height\":674,\"caption\":\"VTT descente Gracey Hemstreet ouvre son palmar\u00e8s \u00e0 Loudenvielle\"},{\"@type\":\"BreadcrumbList\",\"@id\":\"https:\/\/dicodusport.fr\/blog\/vtt-descente-gracey-hemstreet-ouvre-son-palmares-a-loudenvielle\/#breadcrumb\",\"itemListElement\":[{\"@type\":\"ListItem\",\"position\":1,\"name\":\"Accueil\",\"item\":\"https:\/\/dicodusport.fr\/blog\/\"},{\"@type\":\"ListItem\",\"position\":2,\"name\":\"VTT descente : Gracey Hemstreet ouvre son palmar\u00e8s \u00e0 Loudenvielle\"}]},{\"@type\":\"WebSite\",\"@id\":\"https:\/\/dicodusport.fr\/blog\/#website\",\"url\":\"https:\/\/dicodusport.fr\/blog\/\",\"name\":\"Dicodusport\",\"description\":\"L&#039;encyclop\u00e9die de l&#039;actualit\u00e9 sportive\",\"publisher\":{\"@id\":\"https:\/\/dicodusport.fr\/blog\/#organization\"},\"potentialAction\":[{\"@type\":\"SearchAction\",\"target\":{\"@type\":\"EntryPoint\",\"urlTemplate\":\"https:\/\/dicodusport.fr\/blog\/?s={search_term_string}\"},\"query-input\":{\"@type\":\"PropertyValueSpecification\",\"valueRequired\":true,\"valueName\":\"search_term_string\"}}],\"inLanguage\":\"fr-FR\"},{\"@type\":\"NewsMediaOrganization\",\"@id\":\"https:\/\/dicodusport.fr\/blog\/#organization\",\"name\":\"Dicodusport\",\"url\":\"https:\/\/dicodusport.fr\/blog\/\",\"logo\":{\"@type\":\"ImageObject\",\"inLanguage\":\"fr-FR\",\"@id\":\"https:\/\/dicodusport.fr\/blog\/#\/schema\/logo\/image\/\",\"url\":\"https:\/\/dicodusport.fr\/blog\/wp-content\/uploads\/2020\/06\/cropped-LOGO-DICODUSPORT-2020-SANS-FOND-SANS-TEXTE.png\",\"contentUrl\":\"https:\/\/dicodusport.fr\/blog\/wp-content\/uploads\/2020\/06\/cropped-LOGO-DICODUSPORT-2020-SANS-FOND-SANS-TEXTE.png\",\"width\":512,\"height\":512,\"caption\":\"Dicodusport\"},\"image\":{\"@id\":\"https:\/\/dicodusport.fr\/blog\/#\/schema\/logo\/image\/\"},\"sameAs\":[\"https:\/\/www.facebook.com\/dicodusport\",\"https:\/\/x.com\/dicodusport\",\"https:\/\/www.instagram.com\/dicodusport\/\",\"https:\/\/www.youtube.com\/channel\/UC7V2KZ5sd3htJivAbA4ZG3w\"],\"description\":\"Dicodusport est l'encyclop\u00e9die de l'actualit\u00e9 sportive.\",\"email\":\"bonjour@dicodusport.fr\",\"legalName\":\"DICODUSPORT\",\"foundingDate\":\"2018-01-14\",\"vatID\":\"FR71834470973\",\"taxID\":\"83447097300043\",\"numberOfEmployees\":{\"@type\":\"QuantitativeValue\",\"minValue\":\"1\",\"maxValue\":\"10\"}},{\"@type\":\"Person\",\"@id\":\"https:\/\/dicodusport.fr\/blog\/#\/schema\/person\/37def232098a7a5cbab3974a3690abb0\",\"name\":\"Maxime Cazenave\",\"image\":{\"@type\":\"ImageObject\",\"inLanguage\":\"fr-FR\",\"@id\":\"https:\/\/dicodusport.fr\/blog\/#\/schema\/person\/image\/\",\"url\":\"https:\/\/dicodusport.fr\/blog\/wp-content\/uploads\/2021\/05\/Maxime-Cazenave-150x150.jpg\",\"contentUrl\":\"https:\/\/dicodusport.fr\/blog\/wp-content\/uploads\/2021\/05\/Maxime-Cazenave-150x150.jpg\",\"caption\":\"Maxime Cazenave\"},\"description\":\"Journaliste\/R\u00e9dacteur depuis 2012 - Berc\u00e9 par l\u2019amour des Girondins de Bordeaux, les \u00e9checs de Christophe Moreau sur le Tour de France sous l'\u00e8re Lance Armstrong et le fade-away l\u00e9tal de Dirk Nowitzki, ma passion d\u00e9vorante pour le sport a toujours \u00e9t\u00e9 un pan incontournable de ma vie. Transmettre ma passion \u00e0 l\u2019\u00e9crit a \u00e9t\u00e9 une transition naturelle. Suiveur assidu de basket et de hockey sur glace, je garde toujours un peu de place pour suivre le cyclisme, le football et le maximum de performances fran\u00e7aises.\",\"sameAs\":[\"https:\/\/x.com\/https:\/\/twitter.com\/Maxime_Caze\"],\"url\":\"https:\/\/dicodusport.fr\/blog\/author\/maximec\/\"}]}<\/script>\n<!-- \/ Yoast SEO Premium plugin. -->","yoast_head_json":{"title":"VTT descente : Gracey Hemstreet ouvre son palmar\u00e8s \u00e0 Loudenvielle","description":"COUPE DU MONDE DE VTT DESCENTE 2025 -\u00a0Gracey Hemstreet a remport\u00e9 la 2\u00e8me manche de la saison \u00e0 Loudenvielle.","robots":{"index":"index","follow":"follow","max-snippet":"max-snippet:-1","max-image-preview":"max-image-preview:large","max-video-preview":"max-video-preview:-1"},"canonical":"https:\/\/dicodusport.fr\/blog\/vtt-descente-gracey-hemstreet-ouvre-son-palmares-a-loudenvielle\/","og_locale":"fr_FR","og_type":"article","og_title":"VTT descente : Gracey Hemstreet ouvre son palmar\u00e8s \u00e0 Loudenvielle","og_description":"COUPE DU MONDE DE VTT DESCENTE 2025 - Gracey Hemstreet s'est impos\u00e9e sur la deuxi\u00e8me manche disput\u00e9e ce dimanche, \u00e0 Loudenvielle. La Canadienne de 20 ans a d\u00e9croch\u00e9 sa premi\u00e8re victoire en devan\u00e7ant Valentina H\u00f6ll et Tahnee Seagrave.\u00a0","og_url":"https:\/\/dicodusport.fr\/blog\/vtt-descente-gracey-hemstreet-ouvre-son-palmares-a-loudenvielle\/","og_site_name":"Dicodusport","article_publisher":"https:\/\/www.facebook.com\/dicodusport","article_published_time":"2025-06-01T11:01:55+00:00","article_modified_time":"2025-06-01T16:17:45+00:00","og_image":[{"width":1200,"height":674,"url":"https:\/\/dicodusport.fr\/blog\/wp-content\/uploads\/2025\/06\/VTT-descente-Gracey-Hemstreet-ouvre-son-palmares-a-Loudenvielle-1.png","type":"image\/png"}],"author":"Maxime Cazenave","twitter_card":"summary_large_image","twitter_description":"COUPE DU MONDE DE VTT DESCENTE 2025 - Gracey Hemstreet s'est impos\u00e9e sur la deuxi\u00e8me manche disput\u00e9e ce dimanche, \u00e0 Loudenvielle. La Canadienne de 20 ans a d\u00e9croch\u00e9 sa premi\u00e8re victoire en devan\u00e7ant Valentina H\u00f6ll et Tahnee Seagrave.\u00a0","twitter_creator":"@https:\/\/twitter.com\/Maxime_Caze","twitter_site":"@dicodusport","schema":{"@context":"https:\/\/schema.org","@graph":[{"@type":"NewsArticle","@id":"https:\/\/dicodusport.fr\/blog\/vtt-descente-gracey-hemstreet-ouvre-son-palmares-a-loudenvielle\/#article","isPartOf":{"@id":"https:\/\/dicodusport.fr\/blog\/vtt-descente-gracey-hemstreet-ouvre-son-palmares-a-loudenvielle\/"},"author":{"name":"Maxime Cazenave","@id":"https:\/\/dicodusport.fr\/blog\/#\/schema\/person\/37def232098a7a5cbab3974a3690abb0"},"headline":"VTT descente : Gracey Hemstreet ouvre son palmar\u00e8s \u00e0 Loudenvielle","datePublished":"2025-06-01T11:01:55+00:00","dateModified":"2025-06-01T16:17:45+00:00","mainEntityOfPage":{"@id":"https:\/\/dicodusport.fr\/blog\/vtt-descente-gracey-hemstreet-ouvre-son-palmares-a-loudenvielle\/"},"wordCount":710,"commentCount":0,"publisher":{"@id":"https:\/\/dicodusport.fr\/blog\/#organization"},"image":{"@id":"https:\/\/dicodusport.fr\/blog\/vtt-descente-gracey-hemstreet-ouvre-son-palmares-a-loudenvielle\/#primaryimage"},"thumbnailUrl":"https:\/\/dicodusport.fr\/blog\/wp-content\/uploads\/2025\/06\/VTT-descente-Gracey-Hemstreet-ouvre-son-palmares-a-Loudenvielle-1.png","keywords":["br\u00e8ve","Loudenvielle","VTT Descente"],"articleSection":["VTT"],"inLanguage":"fr-FR","potentialAction":[{"@type":"CommentAction","name":"Comment","target":["https:\/\/dicodusport.fr\/blog\/vtt-descente-gracey-hemstreet-ouvre-son-palmares-a-loudenvielle\/#respond"]}],"copyrightYear":"2025","copyrightHolder":{"@id":"https:\/\/dicodusport.fr\/blog\/#organization"}},{"@type":"WebPage","@id":"https:\/\/dicodusport.fr\/blog\/vtt-descente-gracey-hemstreet-ouvre-son-palmares-a-loudenvielle\/","url":"https:\/\/dicodusport.fr\/blog\/vtt-descente-gracey-hemstreet-ouvre-son-palmares-a-loudenvielle\/","name":"VTT descente : Gracey Hemstreet ouvre son palmar\u00e8s \u00e0 Loudenvielle","isPartOf":{"@id":"https:\/\/dicodusport.fr\/blog\/#website"},"primaryImageOfPage":{"@id":"https:\/\/dicodusport.fr\/blog\/vtt-descente-gracey-hemstreet-ouvre-son-palmares-a-loudenvielle\/#primaryimage"},"image":{"@id":"https:\/\/dicodusport.fr\/blog\/vtt-descente-gracey-hemstreet-ouvre-son-palmares-a-loudenvielle\/#primaryimage"},"thumbnailUrl":"https:\/\/dicodusport.fr\/blog\/wp-content\/uploads\/2025\/06\/VTT-descente-Gracey-Hemstreet-ouvre-son-palmares-a-Loudenvielle-1.png","datePublished":"2025-06-01T11:01:55+00:00","dateModified":"2025-06-01T16:17:45+00:00","description":"COUPE DU MONDE DE VTT DESCENTE 2025 -\u00a0Gracey Hemstreet a remport\u00e9 la 2\u00e8me manche de la saison \u00e0 Loudenvielle.","breadcrumb":{"@id":"https:\/\/dicodusport.fr\/blog\/vtt-descente-gracey-hemstreet-ouvre-son-palmares-a-loudenvielle\/#breadcrumb"},"inLanguage":"fr-FR","potentialAction":[{"@type":"ReadAction","target":["https:\/\/dicodusport.fr\/blog\/vtt-descente-gracey-hemstreet-ouvre-son-palmares-a-loudenvielle\/"]}]},{"@type":"ImageObject","inLanguage":"fr-FR","@id":"https:\/\/dicodusport.fr\/blog\/vtt-descente-gracey-hemstreet-ouvre-son-palmares-a-loudenvielle\/#primaryimage","url":"https:\/\/dicodusport.fr\/blog\/wp-content\/uploads\/2025\/06\/VTT-descente-Gracey-Hemstreet-ouvre-son-palmares-a-Loudenvielle-1.png","contentUrl":"https:\/\/dicodusport.fr\/blog\/wp-content\/uploads\/2025\/06\/VTT-descente-Gracey-Hemstreet-ouvre-son-palmares-a-Loudenvielle-1.png","width":1200,"height":674,"caption":"VTT descente Gracey Hemstreet ouvre son palmar\u00e8s \u00e0 Loudenvielle"},{"@type":"BreadcrumbList","@id":"https:\/\/dicodusport.fr\/blog\/vtt-descente-gracey-hemstreet-ouvre-son-palmares-a-loudenvielle\/#breadcrumb","itemListElement":[{"@type":"ListItem","position":1,"name":"Accueil","item":"https:\/\/dicodusport.fr\/blog\/"},{"@type":"ListItem","position":2,"name":"VTT descente : Gracey Hemstreet ouvre son palmar\u00e8s \u00e0 Loudenvielle"}]},{"@type":"WebSite","@id":"https:\/\/dicodusport.fr\/blog\/#website","url":"https:\/\/dicodusport.fr\/blog\/","name":"Dicodusport","description":"L&#039;encyclop\u00e9die de l&#039;actualit\u00e9 sportive","publisher":{"@id":"https:\/\/dicodusport.fr\/blog\/#organization"},"potentialAction":[{"@type":"SearchAction","target":{"@type":"EntryPoint","urlTemplate":"https:\/\/dicodusport.fr\/blog\/?s={search_term_string}"},"query-input":{"@type":"PropertyValueSpecification","valueRequired":true,"valueName":"search_term_string"}}],"inLanguage":"fr-FR"},{"@type":"NewsMediaOrganization","@id":"https:\/\/dicodusport.fr\/blog\/#organization","name":"Dicodusport","url":"https:\/\/dicodusport.fr\/blog\/","logo":{"@type":"ImageObject","inLanguage":"fr-FR","@id":"https:\/\/dicodusport.fr\/blog\/#\/schema\/logo\/image\/","url":"https:\/\/dicodusport.fr\/blog\/wp-content\/uploads\/2020\/06\/cropped-LOGO-DICODUSPORT-2020-SANS-FOND-SANS-TEXTE.png","contentUrl":"https:\/\/dicodusport.fr\/blog\/wp-content\/uploads\/2020\/06\/cropped-LOGO-DICODUSPORT-2020-SANS-FOND-SANS-TEXTE.png","width":512,"height":512,"caption":"Dicodusport"},"image":{"@id":"https:\/\/dicodusport.fr\/blog\/#\/schema\/logo\/image\/"},"sameAs":["https:\/\/www.facebook.com\/dicodusport","https:\/\/x.com\/dicodusport","https:\/\/www.instagram.com\/dicodusport\/","https:\/\/www.youtube.com\/channel\/UC7V2KZ5sd3htJivAbA4ZG3w"],"description":"Dicodusport est l'encyclop\u00e9die de l'actualit\u00e9 sportive.","email":"bonjour@dicodusport.fr","legalName":"DICODUSPORT","foundingDate":"2018-01-14","vatID":"FR71834470973","taxID":"83447097300043","numberOfEmployees":{"@type":"QuantitativeValue","minValue":"1","maxValue":"10"}},{"@type":"Person","@id":"https:\/\/dicodusport.fr\/blog\/#\/schema\/person\/37def232098a7a5cbab3974a3690abb0","name":"Maxime Cazenave","image":{"@type":"ImageObject","inLanguage":"fr-FR","@id":"https:\/\/dicodusport.fr\/blog\/#\/schema\/person\/image\/","url":"https:\/\/dicodusport.fr\/blog\/wp-content\/uploads\/2021\/05\/Maxime-Cazenave-150x150.jpg","contentUrl":"https:\/\/dicodusport.fr\/blog\/wp-content\/uploads\/2021\/05\/Maxime-Cazenave-150x150.jpg","caption":"Maxime Cazenave"},"description":"Journaliste\/R\u00e9dacteur depuis 2012 - Berc\u00e9 par l\u2019amour des Girondins de Bordeaux, les \u00e9checs de Christophe Moreau sur le Tour de France sous l'\u00e8re Lance Armstrong et le fade-away l\u00e9tal de Dirk Nowitzki, ma passion d\u00e9vorante pour le sport a toujours \u00e9t\u00e9 un pan incontournable de ma vie. Transmettre ma passion \u00e0 l\u2019\u00e9crit a \u00e9t\u00e9 une transition naturelle. Suiveur assidu de basket et de hockey sur glace, je garde toujours un peu de place pour suivre le cyclisme, le football et le maximum de performances fran\u00e7aises.","sameAs":["https:\/\/x.com\/https:\/\/twitter.com\/Maxime_Caze"],"url":"https:\/\/dicodusport.fr\/blog\/author\/maximec\/"}]}},"_links":{"self":[{"href":"https:\/\/dicodusport.fr\/blog\/wp-json\/wp\/v2\/posts\/583431","targetHints":{"allow":["GET"]}}],"collection":[{"href":"https:\/\/dicodusport.fr\/blog\/wp-json\/wp\/v2\/posts"}],"about":[{"href":"https:\/\/dicodusport.fr\/blog\/wp-json\/wp\/v2\/types\/post"}],"author":[{"embeddable":true,"href":"https:\/\/dicodusport.fr\/blog\/wp-json\/wp\/v2\/users\/55"}],"replies":[{"embeddable":true,"href":"https:\/\/dicodusport.fr\/blog\/wp-json\/wp\/v2\/comments?post=583431"}],"version-history":[{"count":5,"href":"https:\/\/dicodusport.fr\/blog\/wp-json\/wp\/v2\/posts\/583431\/revisions"}],"predecessor-version":[{"id":583455,"href":"https:\/\/dicodusport.fr\/blog\/wp-json\/wp\/v2\/posts\/583431\/revisions\/583455"}],"wp:featuredmedia":[{"embeddable":true,"href":"https:\/\/dicodusport.fr\/blog\/wp-json\/wp\/v2\/media\/583625"}],"wp:attachment":[{"href":"https:\/\/dicodusport.fr\/blog\/wp-json\/wp\/v2\/media?parent=583431"}],"wp:term":[{"taxonomy":"category","embeddable":true,"href":"https:\/\/dicodusport.fr\/blog\/wp-json\/wp\/v2\/categories?post=583431"},{"taxonomy":"post_tag","embeddable":true,"href":"https:\/\/dicodusport.fr\/blog\/wp-json\/wp\/v2\/tags?post=583431"}],"curies":[{"name":"wp","href":"https:\/\/api.w.org\/{rel}","templated":true}]}}