{"id":583456,"date":"2025-06-01T14:53:24","date_gmt":"2025-06-01T12:53:24","guid":{"rendered":"https:\/\/dicodusport.fr\/blog\/?p=583456&#038;preview=true&#038;preview_id=583456"},"modified":"2025-06-01T18:16:14","modified_gmt":"2025-06-01T16:16:14","slug":"vtt-descente-amaury-pierron-sur-le-podium-de-loudenvielle","status":"publish","type":"post","link":"https:\/\/dicodusport.fr\/blog\/vtt-descente-amaury-pierron-sur-le-podium-de-loudenvielle\/","title":{"rendered":"VTT descente : Amaury Pierron sur le podium de Loudenvielle"},"content":{"rendered":"<p style=\"text-align: justify;\"><strong><em>COUPE DU MONDE DE VTT DESCENTE 2025 &#8211; Il n\u2019a pas manqu\u00e9 grand-chose \u00e0 Amaury Pierron pour devancer sur le fil Jackson Goldstone. Le Fran\u00e7ais prend la deuxi\u00e8me position derri\u00e8re le Canadien et devant Jordan Williams. Nathan Pontvianne s\u2019offre une belle 4<sup>\u00e8me<\/sup> place.<\/em><\/strong><\/p>\n<p style=\"text-align: justify;\">Loin <a href=\"https:\/\/dicodusport.fr\/blog\/vtt-descente-loic-bruni-frappe-dentree-a-bielsko-biala\/\">des conditions de Bielsko-Biala il y a 15 jours<\/a> ou encore de celles de l\u2019an pass\u00e9 sur ce site de Loudenvielle, la prudence \u00e9tait quand m\u00eame de mise pour les hommes avant de s\u2019\u00e9lancer. Le vent au rendez-vous, le parcours abrupt et tr\u00e8s sec, la course f\u00e9minine avait eu son lot de frayeurs quelques instants plus t\u00f4t avec de nombreuses chutes.<\/p>\n<div class=\"vlp-link-container vlp-layout-article\"><a href=\"https:\/\/dicodusport.fr\/blog\/vtt-descente-gracey-hemstreet-ouvre-son-palmares-a-loudenvielle\/\" class=\"vlp-link\" title=\"VTT descente : Gracey Hemstreet ouvre son palmar\u00e8s \u00e0 Loudenvielle\"><\/a><div class=\"vlp-layout-zone-side\"><div class=\"vlp-block-4 vlp-link-image\"><img loading=\"lazy\" decoding=\"async\" style=\"max-width: 792px;\" width=\"792\" height=\"445\" src=\"https:\/\/dicodusport.fr\/blog\/wp-content\/uploads\/2025\/06\/VTT-descente-Gracey-Hemstreet-ouvre-son-palmares-a-Loudenvielle.png\" class=\"attachment-800x445 size-800x445\" alt=\"VTT Descente Apr\u00e8s Loudenvielle, Gracey Hemstreet r\u00e9cidive en gagnant \u00e0 Leogang\" srcset=\"https:\/\/dicodusport.fr\/blog\/wp-content\/uploads\/2025\/06\/VTT-descente-Gracey-Hemstreet-ouvre-son-palmares-a-Loudenvielle.png 1200w, https:\/\/dicodusport.fr\/blog\/wp-content\/uploads\/2025\/06\/VTT-descente-Gracey-Hemstreet-ouvre-son-palmares-a-Loudenvielle-300x169.png 300w, https:\/\/dicodusport.fr\/blog\/wp-content\/uploads\/2025\/06\/VTT-descente-Gracey-Hemstreet-ouvre-son-palmares-a-Loudenvielle-1024x575.png 1024w, https:\/\/dicodusport.fr\/blog\/wp-content\/uploads\/2025\/06\/VTT-descente-Gracey-Hemstreet-ouvre-son-palmares-a-Loudenvielle-768x431.png 768w\" sizes=\"auto, (max-width: 792px) 100vw, 792px\" \/><\/div><\/div><div class=\"vlp-layout-zone-main\"><div class=\"vlp-block-0 vlp-link-title\">VTT descente : Gracey Hemstreet ouvre son palmar\u00e8s \u00e0 Loudenvielle<\/div><div class=\"vlp-block-1 vlp-link-summary\">COUPE DU MONDE DE VTT DESCENTE 2025 - Gracey Hemstreet s'est impos\u00e9e sur la deuxi\u00e8me manche disput\u00e9e ce dimanche \u00e0 Loudenvielle. La Canadienne de 20 ans a d\u00e9croch\u00e9 sa premi\u00e8re victoire en devan\u00e7ant Valentina H\u00f6ll et Tahnee Seagrave.\u00a0<\/div><div class=\"vlp-block-2 vlp-link-button\">Lire l'article<\/div><div class=\"vlp-block-3 vlp-link-url\">dicodusport.fr<\/div><\/div><\/div>\n<h2 style=\"text-align: justify;\">Jackson Goldstone fait le show<\/h2>\n<p style=\"text-align: justify;\">Les leaders se sont succ\u00e9d\u00e9s en d\u00e9but d\u2019\u00e9preuve. <strong>Christian Hauser<\/strong>, <strong>Luke Wayman<\/strong> puis <strong>Jordan Willams<\/strong>, le Britannique a affich\u00e9 vert \u00e0 tous les interm\u00e9diaires, d\u00e9jouant les pi\u00e8ges. Ce qui n\u2019a pas \u00e9t\u00e9 le cas de <strong>Davide Palazarri<\/strong> ou encore <strong>Luke Meier-Smith<\/strong>, tous deux partis \u00e0 la faute dans la foul\u00e9e. Le premier \u00e0 r\u00e9ellement mettre sous pression Williams est estampill\u00e9 made in France. <strong>Antoine Pierron<\/strong> a tenu dans la seconde sur la premi\u00e8re moiti\u00e9 de course avant de grapiller 7 dixi\u00e8mes sur le Britannique. Mais deux petites erreurs juste avant l\u2019arriv\u00e9e lui en ont fait perdre de pr\u00e9cieux, pointant alors en 2<sup>\u00e8me<\/sup> position \u00e0 +1.035 de l\u2019homme de t\u00eate. Avec une quinzaine de concurrents encore engag\u00e9s, il s\u2019empare d\u2019un joli top 10.<\/p>\n<p style=\"text-align: justify;\"><strong>Jordan Williams<\/strong>, lui, est rest\u00e9 un moment assis dans le fauteuil, l\u2019Am\u00e9ricain <strong>Luka Shaw<\/strong> \u00e9chouant \u00e0 6 dixi\u00e8mes, avant que <strong>Jackson Goldstone<\/strong> ne livre un v\u00e9ritable festival. Le Canadien, apr\u00e8s un d\u00e9part timide, a pris tous les risques\u00a0! Des risques payants puisqu\u2019il a survol\u00e9 la deuxi\u00e8me moiti\u00e9 de piste pour \u00e9craser le chrono r\u00e9f\u00e9rence de pr\u00e8s de 3 secondes avec l\u2019impression de plier d\u00e9j\u00e0 les d\u00e9bats. Une sensation confirm\u00e9e avant les cinq derniers partants, parmi lesquels figuraient quatre Fran\u00e7ais.<\/p>\n<blockquote class=\"twitter-tweet\">\n<p dir=\"ltr\" lang=\"en\">\ud83c\udde8\ud83c\udde6\ud83e\udd47 JACKSON GOLDSTONE \ud83e\udd47\ud83c\udde8\ud83c\udde6<\/p>\n<p>Men Elite DHI victory in Loudenvielle \ud83d\ude4c<a href=\"https:\/\/twitter.com\/MTBworldseries?ref_src=twsrc%5Etfw\">@MTBworldseries<\/a> <a href=\"https:\/\/twitter.com\/hashtag\/MTBWorldCup?src=hash&amp;ref_src=twsrc%5Etfw\">#MTBWorldCup<\/a> e <a href=\"https:\/\/t.co\/46ZxI2F2Kd\">pic.twitter.com\/46ZxI2F2Kd<\/a><\/p>\n<p>\u2014 UCI MTB (@UCI_MTB) <a href=\"https:\/\/twitter.com\/UCI_MTB\/status\/1929158390053306433?ref_src=twsrc%5Etfw\">June 1, 2025<\/a><\/p><\/blockquote>\n<p><script async src=\"https:\/\/platform.twitter.com\/widgets.js\" charset=\"utf-8\"><\/script><\/p>\n<h2 style=\"text-align: justify;\">Amaury Pierron sur le podium, Nathan Pontvianne 4<sup>\u00e8me<\/sup><\/h2>\n<p style=\"text-align: justify;\">Premier d\u2019entre eux, <strong>Nathan Pontvianne<\/strong> s\u2019est fait peur mais a r\u00e9alis\u00e9 la course presque parfaite avec beaucoup d\u2019engagement. Un exercice qui lui a permis de couper la ligne \u00e0 la 3<sup>\u00e8me<\/sup> place provisoire. Un calvaire en revanche pour le Canadien <strong>Finn Iles<\/strong>, \u00e0 terre \u00e0 deux reprises aujourd\u2019hui. Derri\u00e8re lui, <strong>Loris Vergier<\/strong> n\u2019a pas assez os\u00e9 pour rivaliser avec Goldstone, tandis que <strong>Lo\u00efc Bruni<\/strong>, chahut\u00e9 \u00e9galement, n\u2019est pas parvenu non plus \u00e0 monter sur le podium. Apr\u00e8s son succ\u00e8s lors de la 1<sup>\u00e8re<\/sup> \u00e9tape, il doit aujourd\u2019hui se contenter du 15<sup>\u00e8me<\/sup> rang. Dernier repr\u00e9sentant tricolore, <strong>Amaury Pierron<\/strong> a tenu la victoire une grande moiti\u00e9 de la course mais Goldstone avait vraiment contr\u00f4l\u00e9 cette derni\u00e8re portion. Le Fran\u00e7ais monte sur la deuxi\u00e8me marche, rel\u00e9guant ainsi son compatriote <strong>Pontvianne<\/strong> a une belle 4<sup>\u00e8me<\/sup> place.<\/p>\n<blockquote class=\"twitter-tweet\">\n<p dir=\"ltr\" lang=\"fr\">\ud83e\udd2f Quelle descente d&rsquo;Amaury Pierron ! Le Fran\u00e7ais prend la 2\u00e8me place \u00e0 Loudenvielle !<a href=\"https:\/\/twitter.com\/hashtag\/MTBWorldCup?src=hash&amp;ref_src=twsrc%5Etfw\">#MTBWorldCup<\/a> <a href=\"https:\/\/twitter.com\/hashtag\/LesRP?src=hash&amp;ref_src=twsrc%5Etfw\">#LesRP<\/a> <a href=\"https:\/\/t.co\/AJajbdxpfw\">pic.twitter.com\/AJajbdxpfw<\/a><\/p>\n<p>\u2014 Eurosport France (@Eurosport_FR) <a href=\"https:\/\/twitter.com\/Eurosport_FR\/status\/1929159893459599365?ref_src=twsrc%5Etfw\">June 1, 2025<\/a><\/p><\/blockquote>\n<p><script async src=\"https:\/\/platform.twitter.com\/widgets.js\" charset=\"utf-8\"><\/script><\/p>\n<p style=\"text-align: justify;\">Du bon et du moins bon pour l\u2019\u00e9quipe de France. Forc\u00e9ment, avec 11 Fran\u00e7ais engag\u00e9s, tout ne pouvait pas \u00eatre parfait. La faute \u00e0 pas de chance parfois aussi. <strong>Thomas Estaque<\/strong> a vite vu ses espoirs an\u00e9antis tr\u00e8s t\u00f4t avec une crevaison sur la roue arri\u00e8re. <strong>R\u00e9mi Thirion<\/strong>, lui, n\u2019\u00e9tait pas pr\u00e9sent au d\u00e9part de cette finale. Pour le tenant du titre <strong>Beno\u00eet Coulanges<\/strong>, les premiers m\u00e8tres ont \u00e9t\u00e9 encourageants (-1 seconde au premier interm\u00e9diaire) mais la course a \u00e9t\u00e9 marqu\u00e9e tr\u00e8s t\u00f4t par une chute, annihilant ses chances d\u2019un doubl\u00e9. Quatre Fran\u00e7ais sont n\u00e9anmoins dans le top 10 ce dimanche.<\/p>\n","protected":false},"excerpt":{"rendered":"<p>COUPE DU MONDE DE VTT DESCENTE 2025 &#8211; Il n\u2019a pas manqu\u00e9 grand-chose \u00e0 Amaury Pierron pour devancer sur le fil Jackson Goldstone. Le Fran\u00e7ais prend toutefois la deuxi\u00e8me place derri\u00e8re le Canadien et devant Jordan Williams. Nathan Pontvianne s\u2019offre une belle 4\u00e8me place.<\/p>\n","protected":false},"author":18,"featured_media":583622,"comment_status":"open","ping_status":"closed","sticky":false,"template":"","format":"standard","meta":{"_acf_changed":false,"_daextam_enable_autolinks":"1","footnotes":""},"categories":[10279],"tags":[46942,16878,46936,7768],"class_list":["post-583456","post","type-post","status-publish","format-standard","has-post-thumbnail","hentry","category-vtt","tag-amaury-pierron","tag-breve","tag-loudenvielle","tag-vtt-descente"],"acf":[],"yoast_head":"<!-- This site is optimized with the Yoast SEO Premium plugin v26.7 (Yoast SEO v26.7) - https:\/\/yoast.com\/wordpress\/plugins\/seo\/ -->\n<title>VTT descente : Amaury Pierron sur le podium de Loudenvielle<\/title>\n<meta name=\"description\" content=\"COUPE DU MONDE DE VTT DESCENTE 2025 - Amaury Pierron prend la deuxi\u00e8me place \u00e0 Loudenvienne. Nathan Pontvianne termine 4\u00e8me.\" \/>\n<meta name=\"robots\" content=\"index, follow, max-snippet:-1, max-image-preview:large, max-video-preview:-1\" \/>\n<link rel=\"canonical\" href=\"https:\/\/dicodusport.fr\/blog\/vtt-descente-amaury-pierron-sur-le-podium-de-loudenvielle\/\" \/>\n<meta property=\"og:locale\" content=\"fr_FR\" \/>\n<meta property=\"og:type\" content=\"article\" \/>\n<meta property=\"og:title\" content=\"VTT descente : Amaury Pierron sur le podium de Loudenvielle\" \/>\n<meta property=\"og:description\" content=\"COUPE DU MONDE DE VTT DESCENTE 2025 - Amaury Pierron prend la deuxi\u00e8me place \u00e0 Loudenvienne. Nathan Pontvianne termine 4\u00e8me.\" \/>\n<meta property=\"og:url\" content=\"https:\/\/dicodusport.fr\/blog\/vtt-descente-amaury-pierron-sur-le-podium-de-loudenvielle\/\" \/>\n<meta property=\"og:site_name\" content=\"Dicodusport\" \/>\n<meta property=\"article:publisher\" content=\"https:\/\/www.facebook.com\/dicodusport\" \/>\n<meta property=\"article:author\" content=\"https:\/\/www.facebook.com\/soocube\" \/>\n<meta property=\"article:published_time\" content=\"2025-06-01T12:53:24+00:00\" \/>\n<meta property=\"article:modified_time\" content=\"2025-06-01T16:16:14+00:00\" \/>\n<meta property=\"og:image\" content=\"https:\/\/dicodusport.fr\/blog\/wp-content\/uploads\/2025\/06\/VTT-descente-Amaury-Pierron-sur-le-podium-de-Loudenvielle-1.png\" \/>\n\t<meta property=\"og:image:width\" content=\"1200\" \/>\n\t<meta property=\"og:image:height\" content=\"674\" \/>\n\t<meta property=\"og:image:type\" content=\"image\/png\" \/>\n<meta name=\"author\" content=\"Sophie Clapier\" \/>\n<meta name=\"twitter:card\" content=\"summary_large_image\" \/>\n<meta name=\"twitter:title\" content=\"VTT descente : Amaury Pierron sur le podium de Loudenvielle\" \/>\n<meta name=\"twitter:creator\" content=\"@https:\/\/twitter.com\/soocube\" \/>\n<meta name=\"twitter:site\" content=\"@dicodusport\" \/>\n<script type=\"application\/ld+json\" class=\"yoast-schema-graph\">{\"@context\":\"https:\/\/schema.org\",\"@graph\":[{\"@type\":\"NewsArticle\",\"@id\":\"https:\/\/dicodusport.fr\/blog\/vtt-descente-amaury-pierron-sur-le-podium-de-loudenvielle\/#article\",\"isPartOf\":{\"@id\":\"https:\/\/dicodusport.fr\/blog\/vtt-descente-amaury-pierron-sur-le-podium-de-loudenvielle\/\"},\"author\":{\"name\":\"Sophie Clapier\",\"@id\":\"https:\/\/dicodusport.fr\/blog\/#\/schema\/person\/416c975648aca9da8839bdfe333a21c9\"},\"headline\":\"VTT descente : Amaury Pierron sur le podium de Loudenvielle\",\"datePublished\":\"2025-06-01T12:53:24+00:00\",\"dateModified\":\"2025-06-01T16:16:14+00:00\",\"mainEntityOfPage\":{\"@id\":\"https:\/\/dicodusport.fr\/blog\/vtt-descente-amaury-pierron-sur-le-podium-de-loudenvielle\/\"},\"wordCount\":763,\"commentCount\":0,\"publisher\":{\"@id\":\"https:\/\/dicodusport.fr\/blog\/#organization\"},\"image\":{\"@id\":\"https:\/\/dicodusport.fr\/blog\/vtt-descente-amaury-pierron-sur-le-podium-de-loudenvielle\/#primaryimage\"},\"thumbnailUrl\":\"https:\/\/dicodusport.fr\/blog\/wp-content\/uploads\/2025\/06\/VTT-descente-Amaury-Pierron-sur-le-podium-de-Loudenvielle-1.png\",\"keywords\":[\"Amaury Pierron\",\"br\u00e8ve\",\"Loudenvielle\",\"VTT Descente\"],\"articleSection\":[\"VTT\"],\"inLanguage\":\"fr-FR\",\"potentialAction\":[{\"@type\":\"CommentAction\",\"name\":\"Comment\",\"target\":[\"https:\/\/dicodusport.fr\/blog\/vtt-descente-amaury-pierron-sur-le-podium-de-loudenvielle\/#respond\"]}],\"copyrightYear\":\"2025\",\"copyrightHolder\":{\"@id\":\"https:\/\/dicodusport.fr\/blog\/#organization\"}},{\"@type\":\"WebPage\",\"@id\":\"https:\/\/dicodusport.fr\/blog\/vtt-descente-amaury-pierron-sur-le-podium-de-loudenvielle\/\",\"url\":\"https:\/\/dicodusport.fr\/blog\/vtt-descente-amaury-pierron-sur-le-podium-de-loudenvielle\/\",\"name\":\"VTT descente : Amaury Pierron sur le podium de Loudenvielle\",\"isPartOf\":{\"@id\":\"https:\/\/dicodusport.fr\/blog\/#website\"},\"primaryImageOfPage\":{\"@id\":\"https:\/\/dicodusport.fr\/blog\/vtt-descente-amaury-pierron-sur-le-podium-de-loudenvielle\/#primaryimage\"},\"image\":{\"@id\":\"https:\/\/dicodusport.fr\/blog\/vtt-descente-amaury-pierron-sur-le-podium-de-loudenvielle\/#primaryimage\"},\"thumbnailUrl\":\"https:\/\/dicodusport.fr\/blog\/wp-content\/uploads\/2025\/06\/VTT-descente-Amaury-Pierron-sur-le-podium-de-Loudenvielle-1.png\",\"datePublished\":\"2025-06-01T12:53:24+00:00\",\"dateModified\":\"2025-06-01T16:16:14+00:00\",\"description\":\"COUPE DU MONDE DE VTT DESCENTE 2025 - Amaury Pierron prend la deuxi\u00e8me place \u00e0 Loudenvienne. Nathan Pontvianne termine 4\u00e8me.\",\"breadcrumb\":{\"@id\":\"https:\/\/dicodusport.fr\/blog\/vtt-descente-amaury-pierron-sur-le-podium-de-loudenvielle\/#breadcrumb\"},\"inLanguage\":\"fr-FR\",\"potentialAction\":[{\"@type\":\"ReadAction\",\"target\":[\"https:\/\/dicodusport.fr\/blog\/vtt-descente-amaury-pierron-sur-le-podium-de-loudenvielle\/\"]}]},{\"@type\":\"ImageObject\",\"inLanguage\":\"fr-FR\",\"@id\":\"https:\/\/dicodusport.fr\/blog\/vtt-descente-amaury-pierron-sur-le-podium-de-loudenvielle\/#primaryimage\",\"url\":\"https:\/\/dicodusport.fr\/blog\/wp-content\/uploads\/2025\/06\/VTT-descente-Amaury-Pierron-sur-le-podium-de-Loudenvielle-1.png\",\"contentUrl\":\"https:\/\/dicodusport.fr\/blog\/wp-content\/uploads\/2025\/06\/VTT-descente-Amaury-Pierron-sur-le-podium-de-Loudenvielle-1.png\",\"width\":1200,\"height\":674,\"caption\":\"VTT descente Amaury Pierron sur le podium de Loudenvielle\"},{\"@type\":\"BreadcrumbList\",\"@id\":\"https:\/\/dicodusport.fr\/blog\/vtt-descente-amaury-pierron-sur-le-podium-de-loudenvielle\/#breadcrumb\",\"itemListElement\":[{\"@type\":\"ListItem\",\"position\":1,\"name\":\"Accueil\",\"item\":\"https:\/\/dicodusport.fr\/blog\/\"},{\"@type\":\"ListItem\",\"position\":2,\"name\":\"VTT descente : Amaury Pierron sur le podium de Loudenvielle\"}]},{\"@type\":\"WebSite\",\"@id\":\"https:\/\/dicodusport.fr\/blog\/#website\",\"url\":\"https:\/\/dicodusport.fr\/blog\/\",\"name\":\"Dicodusport\",\"description\":\"L&#039;encyclop\u00e9die de l&#039;actualit\u00e9 sportive\",\"publisher\":{\"@id\":\"https:\/\/dicodusport.fr\/blog\/#organization\"},\"potentialAction\":[{\"@type\":\"SearchAction\",\"target\":{\"@type\":\"EntryPoint\",\"urlTemplate\":\"https:\/\/dicodusport.fr\/blog\/?s={search_term_string}\"},\"query-input\":{\"@type\":\"PropertyValueSpecification\",\"valueRequired\":true,\"valueName\":\"search_term_string\"}}],\"inLanguage\":\"fr-FR\"},{\"@type\":\"NewsMediaOrganization\",\"@id\":\"https:\/\/dicodusport.fr\/blog\/#organization\",\"name\":\"Dicodusport\",\"url\":\"https:\/\/dicodusport.fr\/blog\/\",\"logo\":{\"@type\":\"ImageObject\",\"inLanguage\":\"fr-FR\",\"@id\":\"https:\/\/dicodusport.fr\/blog\/#\/schema\/logo\/image\/\",\"url\":\"https:\/\/dicodusport.fr\/blog\/wp-content\/uploads\/2020\/06\/cropped-LOGO-DICODUSPORT-2020-SANS-FOND-SANS-TEXTE.png\",\"contentUrl\":\"https:\/\/dicodusport.fr\/blog\/wp-content\/uploads\/2020\/06\/cropped-LOGO-DICODUSPORT-2020-SANS-FOND-SANS-TEXTE.png\",\"width\":512,\"height\":512,\"caption\":\"Dicodusport\"},\"image\":{\"@id\":\"https:\/\/dicodusport.fr\/blog\/#\/schema\/logo\/image\/\"},\"sameAs\":[\"https:\/\/www.facebook.com\/dicodusport\",\"https:\/\/x.com\/dicodusport\",\"https:\/\/www.instagram.com\/dicodusport\/\",\"https:\/\/www.youtube.com\/channel\/UC7V2KZ5sd3htJivAbA4ZG3w\"],\"description\":\"Dicodusport est l'encyclop\u00e9die de l'actualit\u00e9 sportive.\",\"email\":\"bonjour@dicodusport.fr\",\"legalName\":\"DICODUSPORT\",\"foundingDate\":\"2018-01-14\",\"vatID\":\"FR71834470973\",\"taxID\":\"83447097300043\",\"numberOfEmployees\":{\"@type\":\"QuantitativeValue\",\"minValue\":\"1\",\"maxValue\":\"10\"}},{\"@type\":\"Person\",\"@id\":\"https:\/\/dicodusport.fr\/blog\/#\/schema\/person\/416c975648aca9da8839bdfe333a21c9\",\"name\":\"Sophie Clapier\",\"image\":{\"@type\":\"ImageObject\",\"inLanguage\":\"fr-FR\",\"@id\":\"https:\/\/dicodusport.fr\/blog\/#\/schema\/person\/image\/\",\"url\":\"https:\/\/dicodusport.fr\/blog\/wp-content\/uploads\/2021\/05\/Sophie-Clapier-150x150.jpg\",\"contentUrl\":\"https:\/\/dicodusport.fr\/blog\/wp-content\/uploads\/2021\/05\/Sophie-Clapier-150x150.jpg\",\"caption\":\"Sophie Clapier\"},\"description\":\"Journaliste\/r\u00e9dactrice depuis janvier 2016 - Passionn\u00e9e de sport depuis toujours, j\u2019en ai pratiqu\u00e9 quelques-uns. Judo, football, handball ou encore tennis, je n\u2019ai jamais pu me mettre d\u2019accord sur un en particulier. Mais \u00e7a, c\u2019\u00e9tait avant de d\u00e9couvrir le basket, devenu mon sport de pr\u00e9dilection. Les actions NBA, le All-Star Week-end, la fureur des Game 7 pendant les playoffs ou mieux, lors des Finals, this is why we play. Team Spurs T.P, je m\u2019accroche encore \u00e0 Gregg Popovich (don\u2019t leave !). Team chef Curry, je souhaite qu\u2019il finisse aux Warriors (staaaay !). Non, il n\u2019y a pas qu\u2019eux, des petits nouveaux -et des petites nouvelles \u00e9videmment- arrivent chaque jour dans toutes les disciplines et cr\u00e9ent de nouveaux exploits. Alors pour les grands \u00e9v\u00e9nements et comp\u00e9titions internationales, vive les pulsations 240\/minutes et le d\u00e9fibrillateur pas loin, et allez les Bleu(e)s ! C\u2019est s\u00fbr, j\u2019aurai plus vu ma vie sur un terrain de sport, mais \u00e0 d\u00e9faut d\u2019en faire en haut niveau, je le partage avec vous.\",\"sameAs\":[\"https:\/\/www.facebook.com\/soocube\",\"https:\/\/x.com\/https:\/\/twitter.com\/soocube\",\"admin\"],\"url\":\"https:\/\/dicodusport.fr\/blog\/author\/sophie\/\"}]}<\/script>\n<!-- \/ Yoast SEO Premium plugin. -->","yoast_head_json":{"title":"VTT descente : Amaury Pierron sur le podium de Loudenvielle","description":"COUPE DU MONDE DE VTT DESCENTE 2025 - Amaury Pierron prend la deuxi\u00e8me place \u00e0 Loudenvienne. Nathan Pontvianne termine 4\u00e8me.","robots":{"index":"index","follow":"follow","max-snippet":"max-snippet:-1","max-image-preview":"max-image-preview:large","max-video-preview":"max-video-preview:-1"},"canonical":"https:\/\/dicodusport.fr\/blog\/vtt-descente-amaury-pierron-sur-le-podium-de-loudenvielle\/","og_locale":"fr_FR","og_type":"article","og_title":"VTT descente : Amaury Pierron sur le podium de Loudenvielle","og_description":"COUPE DU MONDE DE VTT DESCENTE 2025 - Amaury Pierron prend la deuxi\u00e8me place \u00e0 Loudenvienne. Nathan Pontvianne termine 4\u00e8me.","og_url":"https:\/\/dicodusport.fr\/blog\/vtt-descente-amaury-pierron-sur-le-podium-de-loudenvielle\/","og_site_name":"Dicodusport","article_publisher":"https:\/\/www.facebook.com\/dicodusport","article_author":"https:\/\/www.facebook.com\/soocube","article_published_time":"2025-06-01T12:53:24+00:00","article_modified_time":"2025-06-01T16:16:14+00:00","og_image":[{"width":1200,"height":674,"url":"https:\/\/dicodusport.fr\/blog\/wp-content\/uploads\/2025\/06\/VTT-descente-Amaury-Pierron-sur-le-podium-de-Loudenvielle-1.png","type":"image\/png"}],"author":"Sophie Clapier","twitter_card":"summary_large_image","twitter_title":"VTT descente : Amaury Pierron sur le podium de Loudenvielle","twitter_creator":"@https:\/\/twitter.com\/soocube","twitter_site":"@dicodusport","schema":{"@context":"https:\/\/schema.org","@graph":[{"@type":"NewsArticle","@id":"https:\/\/dicodusport.fr\/blog\/vtt-descente-amaury-pierron-sur-le-podium-de-loudenvielle\/#article","isPartOf":{"@id":"https:\/\/dicodusport.fr\/blog\/vtt-descente-amaury-pierron-sur-le-podium-de-loudenvielle\/"},"author":{"name":"Sophie Clapier","@id":"https:\/\/dicodusport.fr\/blog\/#\/schema\/person\/416c975648aca9da8839bdfe333a21c9"},"headline":"VTT descente : Amaury Pierron sur le podium de Loudenvielle","datePublished":"2025-06-01T12:53:24+00:00","dateModified":"2025-06-01T16:16:14+00:00","mainEntityOfPage":{"@id":"https:\/\/dicodusport.fr\/blog\/vtt-descente-amaury-pierron-sur-le-podium-de-loudenvielle\/"},"wordCount":763,"commentCount":0,"publisher":{"@id":"https:\/\/dicodusport.fr\/blog\/#organization"},"image":{"@id":"https:\/\/dicodusport.fr\/blog\/vtt-descente-amaury-pierron-sur-le-podium-de-loudenvielle\/#primaryimage"},"thumbnailUrl":"https:\/\/dicodusport.fr\/blog\/wp-content\/uploads\/2025\/06\/VTT-descente-Amaury-Pierron-sur-le-podium-de-Loudenvielle-1.png","keywords":["Amaury Pierron","br\u00e8ve","Loudenvielle","VTT Descente"],"articleSection":["VTT"],"inLanguage":"fr-FR","potentialAction":[{"@type":"CommentAction","name":"Comment","target":["https:\/\/dicodusport.fr\/blog\/vtt-descente-amaury-pierron-sur-le-podium-de-loudenvielle\/#respond"]}],"copyrightYear":"2025","copyrightHolder":{"@id":"https:\/\/dicodusport.fr\/blog\/#organization"}},{"@type":"WebPage","@id":"https:\/\/dicodusport.fr\/blog\/vtt-descente-amaury-pierron-sur-le-podium-de-loudenvielle\/","url":"https:\/\/dicodusport.fr\/blog\/vtt-descente-amaury-pierron-sur-le-podium-de-loudenvielle\/","name":"VTT descente : Amaury Pierron sur le podium de Loudenvielle","isPartOf":{"@id":"https:\/\/dicodusport.fr\/blog\/#website"},"primaryImageOfPage":{"@id":"https:\/\/dicodusport.fr\/blog\/vtt-descente-amaury-pierron-sur-le-podium-de-loudenvielle\/#primaryimage"},"image":{"@id":"https:\/\/dicodusport.fr\/blog\/vtt-descente-amaury-pierron-sur-le-podium-de-loudenvielle\/#primaryimage"},"thumbnailUrl":"https:\/\/dicodusport.fr\/blog\/wp-content\/uploads\/2025\/06\/VTT-descente-Amaury-Pierron-sur-le-podium-de-Loudenvielle-1.png","datePublished":"2025-06-01T12:53:24+00:00","dateModified":"2025-06-01T16:16:14+00:00","description":"COUPE DU MONDE DE VTT DESCENTE 2025 - Amaury Pierron prend la deuxi\u00e8me place \u00e0 Loudenvienne. Nathan Pontvianne termine 4\u00e8me.","breadcrumb":{"@id":"https:\/\/dicodusport.fr\/blog\/vtt-descente-amaury-pierron-sur-le-podium-de-loudenvielle\/#breadcrumb"},"inLanguage":"fr-FR","potentialAction":[{"@type":"ReadAction","target":["https:\/\/dicodusport.fr\/blog\/vtt-descente-amaury-pierron-sur-le-podium-de-loudenvielle\/"]}]},{"@type":"ImageObject","inLanguage":"fr-FR","@id":"https:\/\/dicodusport.fr\/blog\/vtt-descente-amaury-pierron-sur-le-podium-de-loudenvielle\/#primaryimage","url":"https:\/\/dicodusport.fr\/blog\/wp-content\/uploads\/2025\/06\/VTT-descente-Amaury-Pierron-sur-le-podium-de-Loudenvielle-1.png","contentUrl":"https:\/\/dicodusport.fr\/blog\/wp-content\/uploads\/2025\/06\/VTT-descente-Amaury-Pierron-sur-le-podium-de-Loudenvielle-1.png","width":1200,"height":674,"caption":"VTT descente Amaury Pierron sur le podium de Loudenvielle"},{"@type":"BreadcrumbList","@id":"https:\/\/dicodusport.fr\/blog\/vtt-descente-amaury-pierron-sur-le-podium-de-loudenvielle\/#breadcrumb","itemListElement":[{"@type":"ListItem","position":1,"name":"Accueil","item":"https:\/\/dicodusport.fr\/blog\/"},{"@type":"ListItem","position":2,"name":"VTT descente : Amaury Pierron sur le podium de Loudenvielle"}]},{"@type":"WebSite","@id":"https:\/\/dicodusport.fr\/blog\/#website","url":"https:\/\/dicodusport.fr\/blog\/","name":"Dicodusport","description":"L&#039;encyclop\u00e9die de l&#039;actualit\u00e9 sportive","publisher":{"@id":"https:\/\/dicodusport.fr\/blog\/#organization"},"potentialAction":[{"@type":"SearchAction","target":{"@type":"EntryPoint","urlTemplate":"https:\/\/dicodusport.fr\/blog\/?s={search_term_string}"},"query-input":{"@type":"PropertyValueSpecification","valueRequired":true,"valueName":"search_term_string"}}],"inLanguage":"fr-FR"},{"@type":"NewsMediaOrganization","@id":"https:\/\/dicodusport.fr\/blog\/#organization","name":"Dicodusport","url":"https:\/\/dicodusport.fr\/blog\/","logo":{"@type":"ImageObject","inLanguage":"fr-FR","@id":"https:\/\/dicodusport.fr\/blog\/#\/schema\/logo\/image\/","url":"https:\/\/dicodusport.fr\/blog\/wp-content\/uploads\/2020\/06\/cropped-LOGO-DICODUSPORT-2020-SANS-FOND-SANS-TEXTE.png","contentUrl":"https:\/\/dicodusport.fr\/blog\/wp-content\/uploads\/2020\/06\/cropped-LOGO-DICODUSPORT-2020-SANS-FOND-SANS-TEXTE.png","width":512,"height":512,"caption":"Dicodusport"},"image":{"@id":"https:\/\/dicodusport.fr\/blog\/#\/schema\/logo\/image\/"},"sameAs":["https:\/\/www.facebook.com\/dicodusport","https:\/\/x.com\/dicodusport","https:\/\/www.instagram.com\/dicodusport\/","https:\/\/www.youtube.com\/channel\/UC7V2KZ5sd3htJivAbA4ZG3w"],"description":"Dicodusport est l'encyclop\u00e9die de l'actualit\u00e9 sportive.","email":"bonjour@dicodusport.fr","legalName":"DICODUSPORT","foundingDate":"2018-01-14","vatID":"FR71834470973","taxID":"83447097300043","numberOfEmployees":{"@type":"QuantitativeValue","minValue":"1","maxValue":"10"}},{"@type":"Person","@id":"https:\/\/dicodusport.fr\/blog\/#\/schema\/person\/416c975648aca9da8839bdfe333a21c9","name":"Sophie Clapier","image":{"@type":"ImageObject","inLanguage":"fr-FR","@id":"https:\/\/dicodusport.fr\/blog\/#\/schema\/person\/image\/","url":"https:\/\/dicodusport.fr\/blog\/wp-content\/uploads\/2021\/05\/Sophie-Clapier-150x150.jpg","contentUrl":"https:\/\/dicodusport.fr\/blog\/wp-content\/uploads\/2021\/05\/Sophie-Clapier-150x150.jpg","caption":"Sophie Clapier"},"description":"Journaliste\/r\u00e9dactrice depuis janvier 2016 - Passionn\u00e9e de sport depuis toujours, j\u2019en ai pratiqu\u00e9 quelques-uns. Judo, football, handball ou encore tennis, je n\u2019ai jamais pu me mettre d\u2019accord sur un en particulier. Mais \u00e7a, c\u2019\u00e9tait avant de d\u00e9couvrir le basket, devenu mon sport de pr\u00e9dilection. Les actions NBA, le All-Star Week-end, la fureur des Game 7 pendant les playoffs ou mieux, lors des Finals, this is why we play. Team Spurs T.P, je m\u2019accroche encore \u00e0 Gregg Popovich (don\u2019t leave !). Team chef Curry, je souhaite qu\u2019il finisse aux Warriors (staaaay !). Non, il n\u2019y a pas qu\u2019eux, des petits nouveaux -et des petites nouvelles \u00e9videmment- arrivent chaque jour dans toutes les disciplines et cr\u00e9ent de nouveaux exploits. Alors pour les grands \u00e9v\u00e9nements et comp\u00e9titions internationales, vive les pulsations 240\/minutes et le d\u00e9fibrillateur pas loin, et allez les Bleu(e)s ! C\u2019est s\u00fbr, j\u2019aurai plus vu ma vie sur un terrain de sport, mais \u00e0 d\u00e9faut d\u2019en faire en haut niveau, je le partage avec vous.","sameAs":["https:\/\/www.facebook.com\/soocube","https:\/\/x.com\/https:\/\/twitter.com\/soocube","admin"],"url":"https:\/\/dicodusport.fr\/blog\/author\/sophie\/"}]}},"_links":{"self":[{"href":"https:\/\/dicodusport.fr\/blog\/wp-json\/wp\/v2\/posts\/583456","targetHints":{"allow":["GET"]}}],"collection":[{"href":"https:\/\/dicodusport.fr\/blog\/wp-json\/wp\/v2\/posts"}],"about":[{"href":"https:\/\/dicodusport.fr\/blog\/wp-json\/wp\/v2\/types\/post"}],"author":[{"embeddable":true,"href":"https:\/\/dicodusport.fr\/blog\/wp-json\/wp\/v2\/users\/18"}],"replies":[{"embeddable":true,"href":"https:\/\/dicodusport.fr\/blog\/wp-json\/wp\/v2\/comments?post=583456"}],"version-history":[{"count":5,"href":"https:\/\/dicodusport.fr\/blog\/wp-json\/wp\/v2\/posts\/583456\/revisions"}],"predecessor-version":[{"id":583624,"href":"https:\/\/dicodusport.fr\/blog\/wp-json\/wp\/v2\/posts\/583456\/revisions\/583624"}],"wp:featuredmedia":[{"embeddable":true,"href":"https:\/\/dicodusport.fr\/blog\/wp-json\/wp\/v2\/media\/583622"}],"wp:attachment":[{"href":"https:\/\/dicodusport.fr\/blog\/wp-json\/wp\/v2\/media?parent=583456"}],"wp:term":[{"taxonomy":"category","embeddable":true,"href":"https:\/\/dicodusport.fr\/blog\/wp-json\/wp\/v2\/categories?post=583456"},{"taxonomy":"post_tag","embeddable":true,"href":"https:\/\/dicodusport.fr\/blog\/wp-json\/wp\/v2\/tags?post=583456"}],"curies":[{"name":"wp","href":"https:\/\/api.w.org\/{rel}","templated":true}]}}