{"id":583619,"date":"2025-06-01T19:09:48","date_gmt":"2025-06-01T17:09:48","guid":{"rendered":"https:\/\/dicodusport.fr\/blog\/?p=583619&#038;preview=true&#038;preview_id=583619"},"modified":"2025-06-01T21:47:57","modified_gmt":"2025-06-01T19:47:57","slug":"simon-yates-remporte-le-tour-ditalie-2025-la-derniere-etape-pour-olav-kooij","status":"publish","type":"post","link":"https:\/\/dicodusport.fr\/blog\/simon-yates-remporte-le-tour-ditalie-2025-la-derniere-etape-pour-olav-kooij\/","title":{"rendered":"Simon Yates remporte le Tour d&rsquo;Italie 2025, la derni\u00e8re \u00e9tape pour Olav Kooij"},"content":{"rendered":"<p style=\"text-align: justify;\"><strong><em>Olav Kooij (Visma Lease a Bike) a remport\u00e9 au sprint la 21\u00e8me et derni\u00e8re \u00e9tape du Tour d&rsquo;Italie 2025, \u00e0 Rome, dimanche. Son co\u00e9quipier Simon Yates s&rsquo;est adjug\u00e9 le classement g\u00e9n\u00e9ral final de cette 108\u00e8me \u00e9dition.\u00a0<\/em><\/strong><\/p>\n<ul style=\"text-align: justify;\">\n<li style=\"text-align: justify;\"><strong>\u00c0 ce sujet \u2013\u00a0<a href=\"https:\/\/dicodusport.fr\/blog\/tour-ditalie-2025-classement-21eme-etape-du-giro\/\">Tour d\u2019Italie 2025 \u2013 Classement de la 21\u00e8me \u00e9tape du Giro<\/a><\/strong><\/li>\n<li><strong>\u00c0 ce sujet \u2013\u00a0<a href=\"https:\/\/dicodusport.fr\/blog\/tour-ditalie-2025-classement-general-du-giro\/\">Tour d\u2019Italie 2025 \u2013 Classement g\u00e9n\u00e9ral du Giro<\/a><\/strong><\/li>\n<\/ul>\n<h2 style=\"text-align: justify;\">Un long d\u00e9fil\u00e9 avec le d\u00e9but des hostilit\u00e9s<\/h2>\n<p style=\"text-align: justify;\">D&rsquo;abord, les coureurs se sont \u00e9lanc\u00e9s \u00e0 16h06 dans la Cit\u00e9 du Vatican apr\u00e8s avoir rencontr\u00e9 le pape L\u00e9on XIV et avoir respect\u00e9 une minute de silence pour la compagne de <strong>Robert Gesink<\/strong>, d\u00e9c\u00e9d\u00e9e des suites d&rsquo;une maladie. Bien s\u00fbr, les premiers kilom\u00e8tres ont \u00e9t\u00e9 marqu\u00e9s pour un long d\u00e9fil\u00e9.\u00a0 Puis, apr\u00e8s avoir pris la direction du littoral de la c\u00f4te tyrrh\u00e9nienne et avoir fait un demi-tour, <strong>Alessandro Tonelli <\/strong>(Polti VisitMalta) a remport\u00e9 le sprint interm\u00e9diaire de Fontana dello Zodiaco devant <strong>Dries De Bondt<\/strong> (Decathlon AG2r La Mondiale). Ces deux coureurs sont vite rentr\u00e9s dans le peloton, emmen\u00e9 par l&rsquo;\u00e9quipe Visma Lease a Bike du maillot rose <strong>Simon Yates<\/strong> (Visma Lease a Bike).<\/p>\n<p style=\"text-align: justify;\">Ensuite, les concurrents ont rejoint le circuit final urbain de 9,5 kilom\u00e8tres \u00e0 faire 8 fois avec des grandes avenues, des longues courbes et des petites sections pav\u00e9es dans la capitale italienne en passant devant de magnifiques sites tels que les <strong>Fori Imperiali<\/strong> et le <strong>Colis\u00e9e<\/strong>. Six coureurs ont alors form\u00e9 l&rsquo;\u00e9chapp\u00e9e principale de la journ\u00e9e : <strong>Alessandro Verre<\/strong> (Arkea B&amp;B H\u00f4tels),<strong> Enzo Paleni<\/strong> (Groupama-FDJ), <strong>Josef Cerny<\/strong> (Soudal Quick-Step), <strong>Michael Hepburn<\/strong> (Jayco AlUla),\u00a0 <strong>Andrea Pietrobon<\/strong> (Polti VisitMalta) et <strong>Martin Marcellusi<\/strong> (VF Group &#8211; Bardiani CSF &#8211; Faizan\u00e8).<\/p>\n<h2 style=\"text-align: justify;\">Cerny et Paleni ont bien resist\u00e9, mais Kooij et la Visma Lease a Bike avaient encore faim<\/h2>\n<p style=\"text-align: justify;\">Puis, lors du cinqui\u00e8me passage sur la ligne d&rsquo;arriv\u00e9e, <strong>Josef Cerny\u00a0<\/strong>s&rsquo;est adjug\u00e9 le second sprint interm\u00e9diaire alors que le peloton n&rsquo;a laiss\u00e9 qu&rsquo;une trentaine de secondes aux fuyards. En effet, les formations Visma Lease a Bike, Picnic PostNL et Alpecin-Deceuninck ont men\u00e9 la poursuite. <strong>Michael Hepburn<\/strong> est pass\u00e9 en t\u00eate au sprint Red Bull avant de perdre le contact avec l&rsquo;\u00e9chapp\u00e9e, tout comme <strong>Andrea Pietrobon<\/strong> et <strong>Martin Marcellusi<\/strong>. Au sein du peloton, les formations Decathlon AG2R La Mondiale et Q36.5 Pro Cycling ont apport\u00e9 du renfort dans la poursuite, \u00e0 25 kilom\u00e8tres de l&rsquo;arriv\u00e9e. Suite \u00e0 une acc\u00e9l\u00e9ration de Paleni,\u00a0<strong>Alessandro Verre\u00a0<\/strong>a \u00e9t\u00e9 distanc\u00e9 du groupe de t\u00eate.<\/p>\n<p style=\"text-align: justify;\">Par la suite, <strong>Enzo Paleni<\/strong> a l\u00e2ch\u00e9 l&rsquo;affaire \u00e0 huit kilom\u00e8tres du terme tandis que <strong>Josef Cerny<\/strong> a \u00e9t\u00e9 repris par le peloton \u00e0 deux kilom\u00e8tres plus loin. Le train Visma Lease a Bike a pris les commandes dans deux derniers kilom\u00e8tres sinueux.<\/p>\n<p style=\"text-align: justify;\">Finalement, <strong>Olav Kooij<\/strong> (Visma Lease a Bike) s&rsquo;est montr\u00e9 le plus v\u00e9loce sur la Via Del Circo Massimo avec 500 derniers m\u00e8tres \u00e0 5 % sur des pav\u00e9s de ville, pour un deuxi\u00e8me succ\u00e8s d&rsquo;\u00e9tape sur cette \u00e9dition. Le N\u00e9erlandais a devanc\u00e9 <strong>Kaden Groves<\/strong> (Alpecin-Deceuninck). Pendant ce temps-l\u00e0, <strong>Simon Yates<\/strong> (Visma a Lease a Bike) a d\u00e9croch\u00e9 un deuxi\u00e8me Grand Tour \u00e0 son palmar\u00e8s apr\u00e8s son Tour d&rsquo;Espagne 2018.<\/p>\n<blockquote class=\"twitter-tweet\">\n<p dir=\"ltr\" lang=\"fr\">\ud83d\udcaa La derni\u00e8re \u00e9tape pour Olav Kooij !<\/p>\n<p>Le coureur de la Jumbo-Visma s&rsquo;offre une victoire de prestige dans les rues de Rome<a href=\"https:\/\/twitter.com\/hashtag\/GirodItalia?src=hash&amp;ref_src=twsrc%5Etfw\">#GirodItalia<\/a> <a href=\"https:\/\/twitter.com\/hashtag\/LesRP?src=hash&amp;ref_src=twsrc%5Etfw\">#LesRP<\/a> <a href=\"https:\/\/t.co\/1iXwobMAiL\">pic.twitter.com\/1iXwobMAiL<\/a><\/p>\n<p>\u2014 Eurosport France (@Eurosport_FR) <a href=\"https:\/\/twitter.com\/Eurosport_FR\/status\/1929223745631121409?ref_src=twsrc%5Etfw\">June 1, 2025<\/a><\/p><\/blockquote>\n<p><script async src=\"https:\/\/platform.twitter.com\/widgets.js\" charset=\"utf-8\"><\/script><\/p>\n<p style=\"text-align: justify;\">Leader du classement de la montagne au soir de la 3e \u00e9tape, <strong>Lorenzo Fortunato<\/strong> (XDS-Astana) a glan\u00e9 le maillot bleu avec 355 pts, contre 201 pour son co\u00e9quipier <strong>Christian Scaroni<\/strong> (XDS-Astana).<\/p>\n<p style=\"text-align: justify;\">Leader du classement par points du premier au dernier jour, <strong>Mads Pedersen<\/strong> (Lidl-Trek) a marqu\u00e9 de son empreinte ce 108\u00e8me Giro, en remportant facilement le maillot cyclamen.<\/p>\n<p style=\"text-align: justify;\">En plus de la deuxi\u00e8me place au classement g\u00e9n\u00e9ral et le maillot blanc d&rsquo;<strong>Isaac Del Toro<\/strong> (UAE Team Emirates XRG), l&rsquo;\u00e9quipe \u00e9miratie a remport\u00e9 le classement g\u00e9n\u00e9ral par \u00e9quipes avec pr\u00e8s d&rsquo;une heure d&rsquo;avance sur Bahrain Victorious.<\/p>\n<ul style=\"text-align: justify;\">\n<li style=\"text-align: justify;\"><strong>\u00c0 ce sujet \u2013\u00a0<a href=\"https:\/\/dicodusport.fr\/blog\/actualites\/cyclisme\/\">L\u2019actualit\u00e9 du cyclisme sur route<\/a><\/strong><\/li>\n<\/ul>\n<hr \/>\n<div class=\"vlp-link-container vlp-layout-article\"><a href=\"https:\/\/dicodusport.fr\/blog\/cyclisme-mercato-2025-2026-le-tableau-des-transferts\/\" class=\"vlp-link\" title=\"Cyclisme Mercato 2025-2026 - Le tableau des transferts\"><\/a><div class=\"vlp-layout-zone-side\"><div class=\"vlp-block-4 vlp-link-image\"><img loading=\"lazy\" decoding=\"async\" style=\"max-width: 792px;\" width=\"792\" height=\"445\" src=\"https:\/\/dicodusport.fr\/blog\/wp-content\/uploads\/2025\/02\/Cyclisme-Mercato-2025-2026-Le-tableau-des-transferts.png\" class=\"attachment-800x445 size-800x445\" alt=\"Cyclisme Mercato 2025-2026 - Le tableau des transferts\" srcset=\"https:\/\/dicodusport.fr\/blog\/wp-content\/uploads\/2025\/02\/Cyclisme-Mercato-2025-2026-Le-tableau-des-transferts.png 1200w, https:\/\/dicodusport.fr\/blog\/wp-content\/uploads\/2025\/02\/Cyclisme-Mercato-2025-2026-Le-tableau-des-transferts-300x169.png 300w, https:\/\/dicodusport.fr\/blog\/wp-content\/uploads\/2025\/02\/Cyclisme-Mercato-2025-2026-Le-tableau-des-transferts-1024x575.png 1024w, https:\/\/dicodusport.fr\/blog\/wp-content\/uploads\/2025\/02\/Cyclisme-Mercato-2025-2026-Le-tableau-des-transferts-768x431.png 768w\" sizes=\"auto, (max-width: 792px) 100vw, 792px\" \/><\/div><\/div><div class=\"vlp-layout-zone-main\"><div class=\"vlp-block-0 vlp-link-title\">Cyclisme Mercato 2025-2026 - Le tableau des transferts<\/div><div class=\"vlp-block-1 vlp-link-summary\">MERCATO CYCLISME 2025-2026 - D\u00e9couvrez les transferts officiels et les rumeurs du mercato cycliste.<\/div><div class=\"vlp-block-2 vlp-link-button\">Lire l'article<\/div><div class=\"vlp-block-3 vlp-link-url\">dicodusport.fr<\/div><\/div><\/div>\n","protected":false},"excerpt":{"rendered":"<p>Olav Kooij (Visma Lease a Bike) a remport\u00e9 au sprint la 21\u00e8me et derni\u00e8re \u00e9tape du Tour d&rsquo;Italie 2025, \u00e0 Rome, dimanche. Son co\u00e9quipier Simon Yates s&rsquo;est adjug\u00e9 le classement g\u00e9n\u00e9ral final de cette 108\u00e8me \u00e9dition.\u00a0<\/p>\n","protected":false},"author":48,"featured_media":583703,"comment_status":"open","ping_status":"closed","sticky":false,"template":"","format":"standard","meta":{"_acf_changed":false,"_daextam_enable_autolinks":"1","footnotes":""},"categories":[47041],"tags":[3119,16878,574,24,4722],"class_list":["post-583619","post","type-post","status-publish","format-standard","has-post-thumbnail","hentry","category-tour-d-italie","tag-actualite-cyclisme","tag-breve","tag-cyclisme","tag-sport","tag-tour-ditalie"],"acf":[],"yoast_head":"<!-- This site is optimized with the Yoast SEO Premium plugin v26.7 (Yoast SEO v26.7) - https:\/\/yoast.com\/wordpress\/plugins\/seo\/ -->\n<title>Simon Yates remporte le Tour d&#039;Italie 2025, la derni\u00e8re \u00e9tape pour Olav Kooij<\/title>\n<meta name=\"description\" content=\"Olav Kooij a gagn\u00e9 la 21\u00e8me et derni\u00e8re \u00e9tape du Tour d&#039;Italie 2025 \u00e0 Rome. Simon Yates a remport\u00e9 le classement g\u00e9n\u00e9ral.\" \/>\n<meta name=\"robots\" content=\"index, follow, max-snippet:-1, max-image-preview:large, max-video-preview:-1\" \/>\n<link rel=\"canonical\" href=\"https:\/\/dicodusport.fr\/blog\/simon-yates-remporte-le-tour-ditalie-2025-la-derniere-etape-pour-olav-kooij\/\" \/>\n<meta property=\"og:locale\" content=\"fr_FR\" \/>\n<meta property=\"og:type\" content=\"article\" \/>\n<meta property=\"og:title\" content=\"Simon Yates remporte le Tour d&#039;Italie 2025, la derni\u00e8re \u00e9tape pour Olav Kooij\" \/>\n<meta property=\"og:description\" content=\"Olav Kooij a gagn\u00e9 la 21\u00e8me et derni\u00e8re \u00e9tape du Tour d&#039;Italie 2025 \u00e0 Rome. Simon Yates a remport\u00e9 le classement g\u00e9n\u00e9ral.\" \/>\n<meta property=\"og:url\" content=\"https:\/\/dicodusport.fr\/blog\/simon-yates-remporte-le-tour-ditalie-2025-la-derniere-etape-pour-olav-kooij\/\" \/>\n<meta property=\"og:site_name\" content=\"Dicodusport\" \/>\n<meta property=\"article:publisher\" content=\"https:\/\/www.facebook.com\/dicodusport\" \/>\n<meta property=\"article:author\" content=\"https:\/\/www.facebook.com\/groups\/LesRoisDuPeloton\" \/>\n<meta property=\"article:published_time\" content=\"2025-06-01T17:09:48+00:00\" \/>\n<meta property=\"article:modified_time\" content=\"2025-06-01T19:47:57+00:00\" \/>\n<meta property=\"og:image\" content=\"https:\/\/dicodusport.fr\/blog\/wp-content\/uploads\/2025\/06\/Simon-Yates-remporte-le-Tour-dItalie-2025-la-derniere-etape-pour-Olav-Kooij-1.png\" \/>\n\t<meta property=\"og:image:width\" content=\"1200\" \/>\n\t<meta property=\"og:image:height\" content=\"674\" \/>\n\t<meta property=\"og:image:type\" content=\"image\/png\" \/>\n<meta name=\"author\" content=\"Emilien Descampiaux\" \/>\n<meta name=\"twitter:card\" content=\"summary_large_image\" \/>\n<meta name=\"twitter:creator\" content=\"@https:\/\/twitter.com\/LRoisDuPeloton\" \/>\n<meta name=\"twitter:site\" content=\"@dicodusport\" \/>\n<script type=\"application\/ld+json\" class=\"yoast-schema-graph\">{\"@context\":\"https:\/\/schema.org\",\"@graph\":[{\"@type\":\"NewsArticle\",\"@id\":\"https:\/\/dicodusport.fr\/blog\/simon-yates-remporte-le-tour-ditalie-2025-la-derniere-etape-pour-olav-kooij\/#article\",\"isPartOf\":{\"@id\":\"https:\/\/dicodusport.fr\/blog\/simon-yates-remporte-le-tour-ditalie-2025-la-derniere-etape-pour-olav-kooij\/\"},\"author\":{\"name\":\"Emilien Descampiaux\",\"@id\":\"https:\/\/dicodusport.fr\/blog\/#\/schema\/person\/6db4bae06b171592211be385b32876a7\"},\"headline\":\"Simon Yates remporte le Tour d&rsquo;Italie 2025, la derni\u00e8re \u00e9tape pour Olav Kooij\",\"datePublished\":\"2025-06-01T17:09:48+00:00\",\"dateModified\":\"2025-06-01T19:47:57+00:00\",\"mainEntityOfPage\":{\"@id\":\"https:\/\/dicodusport.fr\/blog\/simon-yates-remporte-le-tour-ditalie-2025-la-derniere-etape-pour-olav-kooij\/\"},\"wordCount\":802,\"commentCount\":0,\"publisher\":{\"@id\":\"https:\/\/dicodusport.fr\/blog\/#organization\"},\"image\":{\"@id\":\"https:\/\/dicodusport.fr\/blog\/simon-yates-remporte-le-tour-ditalie-2025-la-derniere-etape-pour-olav-kooij\/#primaryimage\"},\"thumbnailUrl\":\"https:\/\/dicodusport.fr\/blog\/wp-content\/uploads\/2025\/06\/Simon-Yates-remporte-le-Tour-dItalie-2025-la-derniere-etape-pour-Olav-Kooij-1.png\",\"keywords\":[\"Actualit\u00e9 Cyclisme\",\"br\u00e8ve\",\"Cyclisme\",\"sport\",\"Tour d'Italie\"],\"articleSection\":[\"Tour d'Italie\"],\"inLanguage\":\"fr-FR\",\"potentialAction\":[{\"@type\":\"CommentAction\",\"name\":\"Comment\",\"target\":[\"https:\/\/dicodusport.fr\/blog\/simon-yates-remporte-le-tour-ditalie-2025-la-derniere-etape-pour-olav-kooij\/#respond\"]}],\"copyrightYear\":\"2025\",\"copyrightHolder\":{\"@id\":\"https:\/\/dicodusport.fr\/blog\/#organization\"}},{\"@type\":\"WebPage\",\"@id\":\"https:\/\/dicodusport.fr\/blog\/simon-yates-remporte-le-tour-ditalie-2025-la-derniere-etape-pour-olav-kooij\/\",\"url\":\"https:\/\/dicodusport.fr\/blog\/simon-yates-remporte-le-tour-ditalie-2025-la-derniere-etape-pour-olav-kooij\/\",\"name\":\"Simon Yates remporte le Tour d'Italie 2025, la derni\u00e8re \u00e9tape pour Olav Kooij\",\"isPartOf\":{\"@id\":\"https:\/\/dicodusport.fr\/blog\/#website\"},\"primaryImageOfPage\":{\"@id\":\"https:\/\/dicodusport.fr\/blog\/simon-yates-remporte-le-tour-ditalie-2025-la-derniere-etape-pour-olav-kooij\/#primaryimage\"},\"image\":{\"@id\":\"https:\/\/dicodusport.fr\/blog\/simon-yates-remporte-le-tour-ditalie-2025-la-derniere-etape-pour-olav-kooij\/#primaryimage\"},\"thumbnailUrl\":\"https:\/\/dicodusport.fr\/blog\/wp-content\/uploads\/2025\/06\/Simon-Yates-remporte-le-Tour-dItalie-2025-la-derniere-etape-pour-Olav-Kooij-1.png\",\"datePublished\":\"2025-06-01T17:09:48+00:00\",\"dateModified\":\"2025-06-01T19:47:57+00:00\",\"description\":\"Olav Kooij a gagn\u00e9 la 21\u00e8me et derni\u00e8re \u00e9tape du Tour d'Italie 2025 \u00e0 Rome. Simon Yates a remport\u00e9 le classement g\u00e9n\u00e9ral.\",\"breadcrumb\":{\"@id\":\"https:\/\/dicodusport.fr\/blog\/simon-yates-remporte-le-tour-ditalie-2025-la-derniere-etape-pour-olav-kooij\/#breadcrumb\"},\"inLanguage\":\"fr-FR\",\"potentialAction\":[{\"@type\":\"ReadAction\",\"target\":[\"https:\/\/dicodusport.fr\/blog\/simon-yates-remporte-le-tour-ditalie-2025-la-derniere-etape-pour-olav-kooij\/\"]}]},{\"@type\":\"ImageObject\",\"inLanguage\":\"fr-FR\",\"@id\":\"https:\/\/dicodusport.fr\/blog\/simon-yates-remporte-le-tour-ditalie-2025-la-derniere-etape-pour-olav-kooij\/#primaryimage\",\"url\":\"https:\/\/dicodusport.fr\/blog\/wp-content\/uploads\/2025\/06\/Simon-Yates-remporte-le-Tour-dItalie-2025-la-derniere-etape-pour-Olav-Kooij-1.png\",\"contentUrl\":\"https:\/\/dicodusport.fr\/blog\/wp-content\/uploads\/2025\/06\/Simon-Yates-remporte-le-Tour-dItalie-2025-la-derniere-etape-pour-Olav-Kooij-1.png\",\"width\":1200,\"height\":674,\"caption\":\"Simon Yates remporte le Tour d\u2019Italie 2025, la derni\u00e8re \u00e9tape pour Olav Kooij\"},{\"@type\":\"BreadcrumbList\",\"@id\":\"https:\/\/dicodusport.fr\/blog\/simon-yates-remporte-le-tour-ditalie-2025-la-derniere-etape-pour-olav-kooij\/#breadcrumb\",\"itemListElement\":[{\"@type\":\"ListItem\",\"position\":1,\"name\":\"Accueil\",\"item\":\"https:\/\/dicodusport.fr\/blog\/\"},{\"@type\":\"ListItem\",\"position\":2,\"name\":\"Simon Yates remporte le Tour d&rsquo;Italie 2025, la derni\u00e8re \u00e9tape pour Olav Kooij\"}]},{\"@type\":\"WebSite\",\"@id\":\"https:\/\/dicodusport.fr\/blog\/#website\",\"url\":\"https:\/\/dicodusport.fr\/blog\/\",\"name\":\"Dicodusport\",\"description\":\"L&#039;encyclop\u00e9die de l&#039;actualit\u00e9 sportive\",\"publisher\":{\"@id\":\"https:\/\/dicodusport.fr\/blog\/#organization\"},\"potentialAction\":[{\"@type\":\"SearchAction\",\"target\":{\"@type\":\"EntryPoint\",\"urlTemplate\":\"https:\/\/dicodusport.fr\/blog\/?s={search_term_string}\"},\"query-input\":{\"@type\":\"PropertyValueSpecification\",\"valueRequired\":true,\"valueName\":\"search_term_string\"}}],\"inLanguage\":\"fr-FR\"},{\"@type\":\"NewsMediaOrganization\",\"@id\":\"https:\/\/dicodusport.fr\/blog\/#organization\",\"name\":\"Dicodusport\",\"url\":\"https:\/\/dicodusport.fr\/blog\/\",\"logo\":{\"@type\":\"ImageObject\",\"inLanguage\":\"fr-FR\",\"@id\":\"https:\/\/dicodusport.fr\/blog\/#\/schema\/logo\/image\/\",\"url\":\"https:\/\/dicodusport.fr\/blog\/wp-content\/uploads\/2020\/06\/cropped-LOGO-DICODUSPORT-2020-SANS-FOND-SANS-TEXTE.png\",\"contentUrl\":\"https:\/\/dicodusport.fr\/blog\/wp-content\/uploads\/2020\/06\/cropped-LOGO-DICODUSPORT-2020-SANS-FOND-SANS-TEXTE.png\",\"width\":512,\"height\":512,\"caption\":\"Dicodusport\"},\"image\":{\"@id\":\"https:\/\/dicodusport.fr\/blog\/#\/schema\/logo\/image\/\"},\"sameAs\":[\"https:\/\/www.facebook.com\/dicodusport\",\"https:\/\/x.com\/dicodusport\",\"https:\/\/www.instagram.com\/dicodusport\/\",\"https:\/\/www.youtube.com\/channel\/UC7V2KZ5sd3htJivAbA4ZG3w\"],\"description\":\"Dicodusport est l'encyclop\u00e9die de l'actualit\u00e9 sportive.\",\"email\":\"bonjour@dicodusport.fr\",\"legalName\":\"DICODUSPORT\",\"foundingDate\":\"2018-01-14\",\"vatID\":\"FR71834470973\",\"taxID\":\"83447097300043\",\"numberOfEmployees\":{\"@type\":\"QuantitativeValue\",\"minValue\":\"1\",\"maxValue\":\"10\"}},{\"@type\":\"Person\",\"@id\":\"https:\/\/dicodusport.fr\/blog\/#\/schema\/person\/6db4bae06b171592211be385b32876a7\",\"name\":\"Emilien Descampiaux\",\"image\":{\"@type\":\"ImageObject\",\"inLanguage\":\"fr-FR\",\"@id\":\"https:\/\/dicodusport.fr\/blog\/#\/schema\/person\/image\/\",\"url\":\"https:\/\/dicodusport.fr\/blog\/wp-content\/uploads\/2021\/05\/Emilien-Descampiaux-150x150.jpg\",\"contentUrl\":\"https:\/\/dicodusport.fr\/blog\/wp-content\/uploads\/2021\/05\/Emilien-Descampiaux-150x150.jpg\",\"caption\":\"Emilien Descampiaux\"},\"description\":\"Journaliste\/r\u00e9dacteur depuis 2014 - Fan de la classe de Frank Vandenbroucke, je vis cyclisme (et de ses paysages) depuis plus de 20 ans. Je suis tr\u00e8s impliqu\u00e9 sur mes diff\u00e9rents r\u00e9seaux sociaux pour partager ma passion sur le monde et l'Histoire de la bicyclette avec ma voix sur les images en noir et blanc du succ\u00e8s de Rik Van Steenbergen lors du Ronde sur le V\u00e9lodrome de Gand.\",\"sameAs\":[\"https:\/\/www.facebook.com\/groups\/LesRoisDuPeloton\",\"https:\/\/x.com\/https:\/\/twitter.com\/LRoisDuPeloton\"],\"url\":\"https:\/\/dicodusport.fr\/blog\/author\/emiliend\/\"}]}<\/script>\n<!-- \/ Yoast SEO Premium plugin. -->","yoast_head_json":{"title":"Simon Yates remporte le Tour d'Italie 2025, la derni\u00e8re \u00e9tape pour Olav Kooij","description":"Olav Kooij a gagn\u00e9 la 21\u00e8me et derni\u00e8re \u00e9tape du Tour d'Italie 2025 \u00e0 Rome. Simon Yates a remport\u00e9 le classement g\u00e9n\u00e9ral.","robots":{"index":"index","follow":"follow","max-snippet":"max-snippet:-1","max-image-preview":"max-image-preview:large","max-video-preview":"max-video-preview:-1"},"canonical":"https:\/\/dicodusport.fr\/blog\/simon-yates-remporte-le-tour-ditalie-2025-la-derniere-etape-pour-olav-kooij\/","og_locale":"fr_FR","og_type":"article","og_title":"Simon Yates remporte le Tour d'Italie 2025, la derni\u00e8re \u00e9tape pour Olav Kooij","og_description":"Olav Kooij a gagn\u00e9 la 21\u00e8me et derni\u00e8re \u00e9tape du Tour d'Italie 2025 \u00e0 Rome. Simon Yates a remport\u00e9 le classement g\u00e9n\u00e9ral.","og_url":"https:\/\/dicodusport.fr\/blog\/simon-yates-remporte-le-tour-ditalie-2025-la-derniere-etape-pour-olav-kooij\/","og_site_name":"Dicodusport","article_publisher":"https:\/\/www.facebook.com\/dicodusport","article_author":"https:\/\/www.facebook.com\/groups\/LesRoisDuPeloton","article_published_time":"2025-06-01T17:09:48+00:00","article_modified_time":"2025-06-01T19:47:57+00:00","og_image":[{"width":1200,"height":674,"url":"https:\/\/dicodusport.fr\/blog\/wp-content\/uploads\/2025\/06\/Simon-Yates-remporte-le-Tour-dItalie-2025-la-derniere-etape-pour-Olav-Kooij-1.png","type":"image\/png"}],"author":"Emilien Descampiaux","twitter_card":"summary_large_image","twitter_creator":"@https:\/\/twitter.com\/LRoisDuPeloton","twitter_site":"@dicodusport","schema":{"@context":"https:\/\/schema.org","@graph":[{"@type":"NewsArticle","@id":"https:\/\/dicodusport.fr\/blog\/simon-yates-remporte-le-tour-ditalie-2025-la-derniere-etape-pour-olav-kooij\/#article","isPartOf":{"@id":"https:\/\/dicodusport.fr\/blog\/simon-yates-remporte-le-tour-ditalie-2025-la-derniere-etape-pour-olav-kooij\/"},"author":{"name":"Emilien Descampiaux","@id":"https:\/\/dicodusport.fr\/blog\/#\/schema\/person\/6db4bae06b171592211be385b32876a7"},"headline":"Simon Yates remporte le Tour d&rsquo;Italie 2025, la derni\u00e8re \u00e9tape pour Olav Kooij","datePublished":"2025-06-01T17:09:48+00:00","dateModified":"2025-06-01T19:47:57+00:00","mainEntityOfPage":{"@id":"https:\/\/dicodusport.fr\/blog\/simon-yates-remporte-le-tour-ditalie-2025-la-derniere-etape-pour-olav-kooij\/"},"wordCount":802,"commentCount":0,"publisher":{"@id":"https:\/\/dicodusport.fr\/blog\/#organization"},"image":{"@id":"https:\/\/dicodusport.fr\/blog\/simon-yates-remporte-le-tour-ditalie-2025-la-derniere-etape-pour-olav-kooij\/#primaryimage"},"thumbnailUrl":"https:\/\/dicodusport.fr\/blog\/wp-content\/uploads\/2025\/06\/Simon-Yates-remporte-le-Tour-dItalie-2025-la-derniere-etape-pour-Olav-Kooij-1.png","keywords":["Actualit\u00e9 Cyclisme","br\u00e8ve","Cyclisme","sport","Tour d'Italie"],"articleSection":["Tour d'Italie"],"inLanguage":"fr-FR","potentialAction":[{"@type":"CommentAction","name":"Comment","target":["https:\/\/dicodusport.fr\/blog\/simon-yates-remporte-le-tour-ditalie-2025-la-derniere-etape-pour-olav-kooij\/#respond"]}],"copyrightYear":"2025","copyrightHolder":{"@id":"https:\/\/dicodusport.fr\/blog\/#organization"}},{"@type":"WebPage","@id":"https:\/\/dicodusport.fr\/blog\/simon-yates-remporte-le-tour-ditalie-2025-la-derniere-etape-pour-olav-kooij\/","url":"https:\/\/dicodusport.fr\/blog\/simon-yates-remporte-le-tour-ditalie-2025-la-derniere-etape-pour-olav-kooij\/","name":"Simon Yates remporte le Tour d'Italie 2025, la derni\u00e8re \u00e9tape pour Olav Kooij","isPartOf":{"@id":"https:\/\/dicodusport.fr\/blog\/#website"},"primaryImageOfPage":{"@id":"https:\/\/dicodusport.fr\/blog\/simon-yates-remporte-le-tour-ditalie-2025-la-derniere-etape-pour-olav-kooij\/#primaryimage"},"image":{"@id":"https:\/\/dicodusport.fr\/blog\/simon-yates-remporte-le-tour-ditalie-2025-la-derniere-etape-pour-olav-kooij\/#primaryimage"},"thumbnailUrl":"https:\/\/dicodusport.fr\/blog\/wp-content\/uploads\/2025\/06\/Simon-Yates-remporte-le-Tour-dItalie-2025-la-derniere-etape-pour-Olav-Kooij-1.png","datePublished":"2025-06-01T17:09:48+00:00","dateModified":"2025-06-01T19:47:57+00:00","description":"Olav Kooij a gagn\u00e9 la 21\u00e8me et derni\u00e8re \u00e9tape du Tour d'Italie 2025 \u00e0 Rome. Simon Yates a remport\u00e9 le classement g\u00e9n\u00e9ral.","breadcrumb":{"@id":"https:\/\/dicodusport.fr\/blog\/simon-yates-remporte-le-tour-ditalie-2025-la-derniere-etape-pour-olav-kooij\/#breadcrumb"},"inLanguage":"fr-FR","potentialAction":[{"@type":"ReadAction","target":["https:\/\/dicodusport.fr\/blog\/simon-yates-remporte-le-tour-ditalie-2025-la-derniere-etape-pour-olav-kooij\/"]}]},{"@type":"ImageObject","inLanguage":"fr-FR","@id":"https:\/\/dicodusport.fr\/blog\/simon-yates-remporte-le-tour-ditalie-2025-la-derniere-etape-pour-olav-kooij\/#primaryimage","url":"https:\/\/dicodusport.fr\/blog\/wp-content\/uploads\/2025\/06\/Simon-Yates-remporte-le-Tour-dItalie-2025-la-derniere-etape-pour-Olav-Kooij-1.png","contentUrl":"https:\/\/dicodusport.fr\/blog\/wp-content\/uploads\/2025\/06\/Simon-Yates-remporte-le-Tour-dItalie-2025-la-derniere-etape-pour-Olav-Kooij-1.png","width":1200,"height":674,"caption":"Simon Yates remporte le Tour d\u2019Italie 2025, la derni\u00e8re \u00e9tape pour Olav Kooij"},{"@type":"BreadcrumbList","@id":"https:\/\/dicodusport.fr\/blog\/simon-yates-remporte-le-tour-ditalie-2025-la-derniere-etape-pour-olav-kooij\/#breadcrumb","itemListElement":[{"@type":"ListItem","position":1,"name":"Accueil","item":"https:\/\/dicodusport.fr\/blog\/"},{"@type":"ListItem","position":2,"name":"Simon Yates remporte le Tour d&rsquo;Italie 2025, la derni\u00e8re \u00e9tape pour Olav Kooij"}]},{"@type":"WebSite","@id":"https:\/\/dicodusport.fr\/blog\/#website","url":"https:\/\/dicodusport.fr\/blog\/","name":"Dicodusport","description":"L&#039;encyclop\u00e9die de l&#039;actualit\u00e9 sportive","publisher":{"@id":"https:\/\/dicodusport.fr\/blog\/#organization"},"potentialAction":[{"@type":"SearchAction","target":{"@type":"EntryPoint","urlTemplate":"https:\/\/dicodusport.fr\/blog\/?s={search_term_string}"},"query-input":{"@type":"PropertyValueSpecification","valueRequired":true,"valueName":"search_term_string"}}],"inLanguage":"fr-FR"},{"@type":"NewsMediaOrganization","@id":"https:\/\/dicodusport.fr\/blog\/#organization","name":"Dicodusport","url":"https:\/\/dicodusport.fr\/blog\/","logo":{"@type":"ImageObject","inLanguage":"fr-FR","@id":"https:\/\/dicodusport.fr\/blog\/#\/schema\/logo\/image\/","url":"https:\/\/dicodusport.fr\/blog\/wp-content\/uploads\/2020\/06\/cropped-LOGO-DICODUSPORT-2020-SANS-FOND-SANS-TEXTE.png","contentUrl":"https:\/\/dicodusport.fr\/blog\/wp-content\/uploads\/2020\/06\/cropped-LOGO-DICODUSPORT-2020-SANS-FOND-SANS-TEXTE.png","width":512,"height":512,"caption":"Dicodusport"},"image":{"@id":"https:\/\/dicodusport.fr\/blog\/#\/schema\/logo\/image\/"},"sameAs":["https:\/\/www.facebook.com\/dicodusport","https:\/\/x.com\/dicodusport","https:\/\/www.instagram.com\/dicodusport\/","https:\/\/www.youtube.com\/channel\/UC7V2KZ5sd3htJivAbA4ZG3w"],"description":"Dicodusport est l'encyclop\u00e9die de l'actualit\u00e9 sportive.","email":"bonjour@dicodusport.fr","legalName":"DICODUSPORT","foundingDate":"2018-01-14","vatID":"FR71834470973","taxID":"83447097300043","numberOfEmployees":{"@type":"QuantitativeValue","minValue":"1","maxValue":"10"}},{"@type":"Person","@id":"https:\/\/dicodusport.fr\/blog\/#\/schema\/person\/6db4bae06b171592211be385b32876a7","name":"Emilien Descampiaux","image":{"@type":"ImageObject","inLanguage":"fr-FR","@id":"https:\/\/dicodusport.fr\/blog\/#\/schema\/person\/image\/","url":"https:\/\/dicodusport.fr\/blog\/wp-content\/uploads\/2021\/05\/Emilien-Descampiaux-150x150.jpg","contentUrl":"https:\/\/dicodusport.fr\/blog\/wp-content\/uploads\/2021\/05\/Emilien-Descampiaux-150x150.jpg","caption":"Emilien Descampiaux"},"description":"Journaliste\/r\u00e9dacteur depuis 2014 - Fan de la classe de Frank Vandenbroucke, je vis cyclisme (et de ses paysages) depuis plus de 20 ans. Je suis tr\u00e8s impliqu\u00e9 sur mes diff\u00e9rents r\u00e9seaux sociaux pour partager ma passion sur le monde et l'Histoire de la bicyclette avec ma voix sur les images en noir et blanc du succ\u00e8s de Rik Van Steenbergen lors du Ronde sur le V\u00e9lodrome de Gand.","sameAs":["https:\/\/www.facebook.com\/groups\/LesRoisDuPeloton","https:\/\/x.com\/https:\/\/twitter.com\/LRoisDuPeloton"],"url":"https:\/\/dicodusport.fr\/blog\/author\/emiliend\/"}]}},"_links":{"self":[{"href":"https:\/\/dicodusport.fr\/blog\/wp-json\/wp\/v2\/posts\/583619","targetHints":{"allow":["GET"]}}],"collection":[{"href":"https:\/\/dicodusport.fr\/blog\/wp-json\/wp\/v2\/posts"}],"about":[{"href":"https:\/\/dicodusport.fr\/blog\/wp-json\/wp\/v2\/types\/post"}],"author":[{"embeddable":true,"href":"https:\/\/dicodusport.fr\/blog\/wp-json\/wp\/v2\/users\/48"}],"replies":[{"embeddable":true,"href":"https:\/\/dicodusport.fr\/blog\/wp-json\/wp\/v2\/comments?post=583619"}],"version-history":[{"count":5,"href":"https:\/\/dicodusport.fr\/blog\/wp-json\/wp\/v2\/posts\/583619\/revisions"}],"predecessor-version":[{"id":583664,"href":"https:\/\/dicodusport.fr\/blog\/wp-json\/wp\/v2\/posts\/583619\/revisions\/583664"}],"wp:featuredmedia":[{"embeddable":true,"href":"https:\/\/dicodusport.fr\/blog\/wp-json\/wp\/v2\/media\/583703"}],"wp:attachment":[{"href":"https:\/\/dicodusport.fr\/blog\/wp-json\/wp\/v2\/media?parent=583619"}],"wp:term":[{"taxonomy":"category","embeddable":true,"href":"https:\/\/dicodusport.fr\/blog\/wp-json\/wp\/v2\/categories?post=583619"},{"taxonomy":"post_tag","embeddable":true,"href":"https:\/\/dicodusport.fr\/blog\/wp-json\/wp\/v2\/tags?post=583619"}],"curies":[{"name":"wp","href":"https:\/\/api.w.org\/{rel}","templated":true}]}}