{"id":583620,"date":"2025-06-01T21:51:33","date_gmt":"2025-06-01T19:51:33","guid":{"rendered":"https:\/\/dicodusport.fr\/blog\/?p=583620&#038;preview=true&#038;preview_id=583620"},"modified":"2025-06-01T21:51:33","modified_gmt":"2025-06-01T19:51:33","slug":"roland-garros-2025-carlos-alcaraz-iga-swiatek-jasmine-paolini-le-resume-du-dimanche-1er-juin","status":"publish","type":"post","link":"https:\/\/dicodusport.fr\/blog\/roland-garros-2025-carlos-alcaraz-iga-swiatek-jasmine-paolini-le-resume-du-dimanche-1er-juin\/","title":{"rendered":"Roland-Garros 2025 : Carlos Alcaraz, Iga Swiatek, Jasmine Paolini, le r\u00e9sum\u00e9 du dimanche 1er juin"},"content":{"rendered":"<p style=\"text-align: justify;\"><strong><em>ROLAND-GARROS 2025 &#8211; Pour le d\u00e9but de cette deuxi\u00e8me semaine \u00e0 la Porte d&rsquo;Auteuil, les tenants du titre \u00e9taient notamment \u00e0 l&rsquo;affiche de ces premiers huiti\u00e8mes de finale. Ils ont tous assur\u00e9 leur rang avec les victoires respectives de Swiatek et d&rsquo;Alcaraz face \u00e0 Rybakina et Shelton contrairement \u00e0 d&rsquo;autres pr\u00e9tendants au titre.<\/em><\/strong><\/p>\n<h2 style=\"text-align: justify;\">Alcaraz en mode patron pour sortir Shelton\u00a0!<\/h2>\n<p style=\"text-align: justify;\">Au cours d\u2019un match serr\u00e9, <strong>Carlos<\/strong> <strong>Alcaraz<\/strong> est venu \u00e0 bout de <strong>Ben<\/strong> <strong>Shelton<\/strong> en trois heures de jeu. Apr\u00e8s son 3\u00e8me tour, o\u00f9 le joueur espagnol a \u00e9t\u00e9 mis en difficult\u00e9 par <strong>Dzumhur<\/strong>, le num\u00e9ro 2 mondial devait montrer un meilleur visage. Face \u00e0 une meilleure adversit\u00e9, le premier set a \u00e9t\u00e9 tr\u00e8s disput\u00e9 puisque les deux joueurs sont all\u00e9s jusqu\u2019au tie-break, finalement remport\u00e9 par <strong>Alcaraz<\/strong>. Au score, le second set a \u00e9t\u00e9 plus facile pour <strong>Alcaraz<\/strong>, mais \u00e7a n\u2019est pas la r\u00e9alit\u00e9 du terrain. Dans cette seconde manche, <strong>Shelton<\/strong> n\u2019a remport\u00e9 aucune de ces six balles de break tandis que <strong>l\u2019Espagnol<\/strong> a \u00e9t\u00e9 ultra-efficace avec une balle de break remport\u00e9e sur deux possibles.<\/p>\n<ul>\n<li style=\"text-align: justify;\"><strong>\u00c0 ce sujet &#8211; <a href=\"https:\/\/dicodusport.fr\/blog\/roland-garros-2025-le-tableau-de-simple-hommes\/\">Roland-Garros 2025 : Le tableau de simple hommes<\/a><\/strong><\/li>\n<\/ul>\n<p style=\"text-align: justify;\">Cependant, la dynamique a chang\u00e9 dans le 3\u00e8me set avec un <strong>Shelton<\/strong> beaucoup plus agressif, mais en m\u00eame temps faisait moins de fautes. Dans cette manche, il breake une premi\u00e8re fois <strong>Alcaraz<\/strong>, mais se fait d\u00e9breaker imm\u00e9diatement. Et sur le dernier jeu du set, apr\u00e8s un jeu de service durement gagn\u00e9 pour le 5-4, <strong>Shelton<\/strong> gagne une nouvelle fois le jeu de service <strong>d\u2019Alcaraz<\/strong> et prolonge le plaisir en remportant le 3\u00e8me set (<strong>6-4<\/strong>). Mais <strong>l\u2019Espagnol<\/strong> entame parfaitement ce 4\u00e8me set en prenant tr\u00e8s rapidement le jeu de service de son adversaire. Inoffensif, Shelton n\u2019arrive pas \u00e0 renverser la tendance et conc\u00e8de cette 4\u00e8me manche, synonyme de victoire pour <strong>Alcaraz<\/strong> (<strong>7-6[8], 6-3, 4-6, 6-4<\/strong>). Le tenant du titre affrontera un nouvel <strong>Am\u00e9ricain<\/strong> en quart de finale, puiqu\u2019il s\u2019agira de <strong>Tommy<\/strong> <strong>Paul<\/strong> tombeur de <strong>Popyrin<\/strong>.<\/p>\n<blockquote class=\"twitter-tweet\">\n<p dir=\"ltr\" lang=\"fr\">\ud83c\udfbe <a href=\"https:\/\/twitter.com\/hashtag\/RolandGarros?src=hash&amp;ref_src=twsrc%5Etfw\">#RolandGarros<\/a> | QUEL DUEL \u203c\ufe0f\u203c\ufe0f\u203c\ufe0f<\/p>\n<p>\ud83e\udd2f Premier set remport\u00e9 au tie break par Carlos Alcaraz apr\u00e8s une bataille plus que serr\u00e9e face \u00e0 Ben Shelton.<\/p>\n<p>\ud83d\udcfa Suivez le direct : <a href=\"https:\/\/t.co\/3shIEFBHIQ\">https:\/\/t.co\/3shIEFBHIQ<\/a> <a href=\"https:\/\/t.co\/46FzHRWA9s\">pic.twitter.com\/46FzHRWA9s<\/a><\/p>\n<p>\u2014 francetvsport (@francetvsport) <a href=\"https:\/\/twitter.com\/francetvsport\/status\/1929207802825760772?ref_src=twsrc%5Etfw\">June 1, 2025<\/a><\/p><\/blockquote>\n<p><script async src=\"https:\/\/platform.twitter.com\/widgets.js\" charset=\"utf-8\"><\/script><\/p>\n<h2 style=\"text-align: justify;\">Paolini \u00e9limin\u00e9e, Swiatek et Zheng se sont faites peur<\/h2>\n<p style=\"text-align: justify;\">En d\u00e9but d\u2019apr\u00e8s-midi, on a bien cru que les deux finalistes dames de l\u2019\u00e9dition 2024 allaient d\u00e9j\u00e0 prendre la porte. Cela a commenc\u00e9 avec la d\u00e9faite surprise <strong>Jasmine<\/strong> <strong>Paolini<\/strong>. R\u00e9cente vainqueure du tournoi de <strong>Rome<\/strong> \u00e0 domicile, l\u2019Italienne avait pourtant bien d\u00e9marr\u00e9 la rencontre en remportant le premier set et en menant 4-1 dans le second. Mais <strong>Elina<\/strong> <strong>Svitolina<\/strong> n\u2019a rien l\u00e2ch\u00e9 en accrochant le tie-break et en <strong>sauvant 3 balles de match<\/strong>. Ces points manqu\u00e9s ont fait tr\u00e8s mal \u00e0 <strong>Paolini<\/strong> qui n\u2019a plus affich\u00e9 le m\u00eame visage dans le troisi\u00e8me set. Compl\u00e9tement domin\u00e9e dans les \u00e9changes, la finaliste de 2024 va perdre beaucoup de points au classement <strong>WTA<\/strong> en \u00e9tant \u00e9limin\u00e9e d\u00e8s les huiti\u00e8mes de finale (<strong>4-6, 7-6[6], 6-1<\/strong>).<\/p>\n<ul>\n<li style=\"text-align: justify;\"><strong>\u00c0 ce sujet &#8211; <a href=\"https:\/\/dicodusport.fr\/blog\/roland-garros-2025-le-tableau-de-simple-dames\/\">Roland-Garros 2025 : Le tableau de simple dames<\/a><\/strong><\/li>\n<\/ul>\n<p style=\"text-align: justify;\">Quelques heures apr\u00e8s, c\u2019\u00e9tait au tour de la triple tenante du titre, <b>Iga \u015awi\u0105tek<\/b>\u00a0de prendre place sur le <strong>Chatrier<\/strong>. La num\u00e9ro 5 mondiale affrontait <strong>Rybakina<\/strong> et cela a tr\u00e8s mal commenc\u00e9 pour la <strong>Polonaise<\/strong> qui perd le premier set 6-1 en 35 minutes de jeu. Bien qu\u2019elle ait \u00e9t\u00e9 break\u00e9e d\u2019entr\u00e9e dans le deuxi\u00e8me set, l\u2019ancienne num\u00e9ro 1 mondiale montre du caract\u00e8re comme d\u2019habitude. Malgr\u00e9 une qualit\u00e9 de service m\u00e9connaissable, sa combativit\u00e9 et les fautes r\u00e9p\u00e9t\u00e9es de la <strong>Kazakhe<\/strong> ont permis \u00e0 <strong>Swiatek<\/strong> de revenir. Dans un troisi\u00e8me set ultra-serr\u00e9, la <strong>Polonaise<\/strong> r\u00e9ussit \u00e0 l\u2019emporter (<strong>1-6, 6-3, 7-5<\/strong>) et \u00e0 se qualifier pour les quarts de finale o\u00f9 elle affrontera <strong>Svitolina<\/strong>.<\/p>\n<blockquote class=\"twitter-tweet\">\n<p dir=\"ltr\" lang=\"fr\">\ud83c\udfbe <a href=\"https:\/\/twitter.com\/hashtag\/RolandGarros?src=hash&amp;ref_src=twsrc%5Etfw\">#RolandGarros<\/a> | \ud83e\udd2f MAIS QUI ES-TU SWIATEK ?<\/p>\n<p>\ud83c\uddf5\ud83c\uddf1 Dos au mur, la triple tenante du titre retourne le match face \u00e0 Rybakina (1-6, 6-3, 7-5) et file en 1\/4 de finale. Elle est toujours en lice pour un 4e titre !<\/p>\n<p>\ud83d\udcfa Suivez les autres matchs : <a href=\"https:\/\/t.co\/g7emTw0U8k\">https:\/\/t.co\/g7emTw0U8k<\/a> <a href=\"https:\/\/t.co\/wB4f4B0Vrw\">pic.twitter.com\/wB4f4B0Vrw<\/a><\/p>\n<p>\u2014 francetvsport (@francetvsport) <a href=\"https:\/\/twitter.com\/francetvsport\/status\/1929185926510502036?ref_src=twsrc%5Etfw\">June 1, 2025<\/a><\/p><\/blockquote>\n<p style=\"text-align: justify;\"><script async src=\"https:\/\/platform.twitter.com\/widgets.js\" charset=\"utf-8\"><\/script><\/p>\n<p style=\"text-align: justify;\">La vainqueure des <strong>Jeux Olympiques<\/strong> de <strong>Paris<\/strong> <strong>2024<\/strong>, \u00e0 <strong>Roland-Garros<\/strong>, <strong>Qinwen<\/strong> <strong>Zheng<\/strong> poursuit \u00e9galement sa belle aventure \u00e0 <strong>Paris<\/strong> gr\u00e2ce \u00e0 sa victoire face \u00e0 la <strong>Russe<\/strong> <strong>Samsonova<\/strong>. Apr\u00e8s un premier set accroch\u00e9, remport\u00e9 au Tie-break, la <strong>Chinoise<\/strong> a compl\u00e9tement perdu le fil et <strong>Samsonova<\/strong> va remporter le deuxi\u00e8me set. Mais <strong>Zheng<\/strong> va se reprendre et facilement gagner le match au troisi\u00e8me set (<strong>7-6[5], 1-6, 6-3<\/strong>).<\/p>\n<h2 style=\"text-align: justify;\">Les Am\u00e9ricains et Sabalenka : s\u00e9rieux et exp\u00e9ditifs<\/h2>\n<p style=\"text-align: justify;\"><strong>Tommy<\/strong> <strong>Paul<\/strong> et <strong>Alexei<\/strong> <strong>Popyrin<\/strong> ont ouvert le bal sur le court <strong>Suzanne<\/strong> <strong>Lenglen<\/strong> aujourd\u2019hui et cela est all\u00e9 tr\u00e8s vite. Apr\u00e8s 2 matchs remport\u00e9s en cinq sets, <strong>Tommy<\/strong> <strong>Paul<\/strong> a \u00e9t\u00e9 exp\u00e9ditif cette fois-ci. Victoire en 3 sets (<strong>6-3, 6-3, 6-3<\/strong>), en moins de 2 heures. <strong>L\u2019Am\u00e9ricain<\/strong> se qualifie pour la premi\u00e8re fois de sa carri\u00e8re en quart de finale \u00e0 <strong>Roland-Garros<\/strong>.<\/p>\n<blockquote class=\"twitter-tweet\">\n<p dir=\"ltr\" lang=\"fr\">\ud83c\udfbe <a href=\"https:\/\/twitter.com\/hashtag\/RolandGarros?src=hash&amp;ref_src=twsrc%5Etfw\">#RolandGarros<\/a> | \ud83c\uddfa\ud83c\uddf8 Le premier set est am\u00e9ricain !<\/p>\n<p>\ud83d\udd25 Tommy Paul, 12e mondial, prend le 1er set 3-6 face \u00e0 l\u2019Australien Alexei Popyrin dans ce premier 8e de finale de Roland Garros 2025 sur le Lenglen !<\/p>\n<p>\ud83d\udcfa Suivez le direct : <a href=\"https:\/\/t.co\/g7emTw0U8k\">https:\/\/t.co\/g7emTw0U8k<\/a> <a href=\"https:\/\/t.co\/oAzJeN5nU1\">pic.twitter.com\/oAzJeN5nU1<\/a><\/p>\n<p>\u2014 francetvsport (@francetvsport) <a href=\"https:\/\/twitter.com\/francetvsport\/status\/1929115445946093694?ref_src=twsrc%5Etfw\">June 1, 2025<\/a><\/p><\/blockquote>\n<p style=\"text-align: justify;\"><script async src=\"https:\/\/platform.twitter.com\/widgets.js\" charset=\"utf-8\"><\/script><\/p>\n<p style=\"text-align: justify;\">En derni\u00e8re rotation sur le <strong>Lenglen<\/strong>, <strong>Frances<\/strong> <strong>Tiafoe<\/strong> a \u00e9t\u00e9 dans le m\u00eame ton que son compatriote en d\u00e9but de journ\u00e9e. La t\u00eate de s\u00e9rie num\u00e9ro 15 \u00e9tait oppos\u00e9 \u00e0 <strong>Daniel<\/strong> <strong>Altmaier<\/strong>, tombeur de <strong>Fritz<\/strong> au premier tour. Et le joueur am\u00e9ricain n\u2019a fait qu\u2019une bouch\u00e9e de son adversaire. \u00c0 commencer par un premier set, o\u00f9 <strong>l\u2019Am\u00e9ricain<\/strong> menait 4-0 et l\u2019a conclu avec un 6-3 en <strong>35<\/strong> <strong>minutes<\/strong>. Sc\u00e9nario similaire dans le deuxi\u00e8me, <strong>6-4 en 42 minutes<\/strong>. Apr\u00e8s deux sets compliqu\u00e9s, <strong>Altmaier<\/strong> se r\u00e9veille enfin mais trop tard puisque le troisi\u00e8me et dernier set a \u00e9t\u00e9 plus accroch\u00e9, avec une victoire au <strong>tie-break<\/strong> de <strong>Tiafoe<\/strong>. Victoire <strong>6-3, 6-4, 7-6[4]<\/strong> pour <strong>l\u2019Am\u00e9ricain<\/strong> qui affrontera le gagnant de <strong>Rune-Musetti<\/strong> en quart de finale.<\/p>\n<p style=\"text-align: justify;\">Un peu plus tard dans la journ\u00e9e, \u00e9galement sur le <strong>Lenglen<\/strong>, <strong>Aryna<\/strong> <strong>Sabalenka<\/strong> a facilement dispos\u00e9 <strong>Amanda<\/strong> <strong>Anisimova<\/strong>. Apr\u00e8s un premier set disput\u00e9, la num\u00e9ro une mondiale a encha\u00een\u00e9 avec un deuxi\u00e8me set s\u00e9rieux pour conclure le match et se qualifier pour rejoindre <strong>Zheng<\/strong> en quart de finale (<strong>7-5, 6-3<\/strong>).<\/p>\n","protected":false},"excerpt":{"rendered":"<p>ROLAND-GARROS 2025 &#8211; Pour le d\u00e9but de cette deuxi\u00e8me semaine \u00e0 la Porte d&rsquo;Auteuil, les tenants du titre \u00e9taient notamment \u00e0 l&rsquo;affiche de ces premiers huiti\u00e8mes de finale.<\/p>\n","protected":false},"author":110,"featured_media":583704,"comment_status":"open","ping_status":"closed","sticky":false,"template":"","format":"standard","meta":{"_acf_changed":false,"_daextam_enable_autolinks":"1","footnotes":""},"categories":[47090],"tags":[16878,159],"class_list":["post-583620","post","type-post","status-publish","format-standard","has-post-thumbnail","hentry","category-roland-garros","tag-breve","tag-roland-garros"],"acf":[],"yoast_head":"<!-- This site is optimized with the Yoast SEO Premium plugin v26.7 (Yoast SEO v26.7) - https:\/\/yoast.com\/wordpress\/plugins\/seo\/ -->\n<title>Roland-Garros 2025 : Carlos Alcaraz, Iga Swiatek, Jasmine Paolini, le r\u00e9sum\u00e9 du dimanche 1er juin<\/title>\n<meta name=\"description\" content=\"ROLAND-GARROS 2025 - Pour le d\u00e9but de cette deuxi\u00e8me semaine \u00e0 la Porte d&#039;Auteuil, les tenants du titre \u00e9taient notamment \u00e0 l&#039;affiche de ces premiers huiti\u00e8mes de finale.\" \/>\n<meta name=\"robots\" content=\"index, follow, max-snippet:-1, max-image-preview:large, max-video-preview:-1\" \/>\n<link rel=\"canonical\" href=\"https:\/\/dicodusport.fr\/blog\/roland-garros-2025-carlos-alcaraz-iga-swiatek-jasmine-paolini-le-resume-du-dimanche-1er-juin\/\" \/>\n<meta property=\"og:locale\" content=\"fr_FR\" \/>\n<meta property=\"og:type\" content=\"article\" \/>\n<meta property=\"og:title\" content=\"Roland-Garros 2025 : Carlos Alcaraz, Iga Swiatek, Jasmine Paolini, le r\u00e9sum\u00e9 du dimanche 1er juin\" \/>\n<meta property=\"og:description\" content=\"ROLAND-GARROS 2025 - Pour le d\u00e9but de cette deuxi\u00e8me semaine \u00e0 la Porte d&#039;Auteuil, les tenants du titre \u00e9taient notamment \u00e0 l&#039;affiche de ces premiers huiti\u00e8mes de finale.\" \/>\n<meta property=\"og:url\" content=\"https:\/\/dicodusport.fr\/blog\/roland-garros-2025-carlos-alcaraz-iga-swiatek-jasmine-paolini-le-resume-du-dimanche-1er-juin\/\" \/>\n<meta property=\"og:site_name\" content=\"Dicodusport\" \/>\n<meta property=\"article:publisher\" content=\"https:\/\/www.facebook.com\/dicodusport\" \/>\n<meta property=\"article:published_time\" content=\"2025-06-01T19:51:33+00:00\" \/>\n<meta property=\"og:image\" content=\"https:\/\/dicodusport.fr\/blog\/wp-content\/uploads\/2025\/06\/Roland-Garros-2025-Carlos-Alcaraz-Iga-Swiatek-Jasmine-Paolini-le-resume-du-dimanche-1er-juin.png\" \/>\n\t<meta property=\"og:image:width\" content=\"1200\" \/>\n\t<meta property=\"og:image:height\" content=\"674\" \/>\n\t<meta property=\"og:image:type\" content=\"image\/png\" \/>\n<meta name=\"author\" content=\"Malo Clement\" \/>\n<meta name=\"twitter:card\" content=\"summary_large_image\" \/>\n<meta name=\"twitter:title\" content=\"Roland-Garros 2025 : Carlos Alcaraz, Iga Swiatek, Jasmine Paolini, le r\u00e9sum\u00e9 du dimanche 1er juin\" \/>\n<meta name=\"twitter:creator\" content=\"@dicodusport\" \/>\n<meta name=\"twitter:site\" content=\"@dicodusport\" \/>\n<script type=\"application\/ld+json\" class=\"yoast-schema-graph\">{\"@context\":\"https:\/\/schema.org\",\"@graph\":[{\"@type\":\"NewsArticle\",\"@id\":\"https:\/\/dicodusport.fr\/blog\/roland-garros-2025-carlos-alcaraz-iga-swiatek-jasmine-paolini-le-resume-du-dimanche-1er-juin\/#article\",\"isPartOf\":{\"@id\":\"https:\/\/dicodusport.fr\/blog\/roland-garros-2025-carlos-alcaraz-iga-swiatek-jasmine-paolini-le-resume-du-dimanche-1er-juin\/\"},\"author\":{\"name\":\"Malo Clement\",\"@id\":\"https:\/\/dicodusport.fr\/blog\/#\/schema\/person\/c28883329a45cc92814310316945b3ce\"},\"headline\":\"Roland-Garros 2025 : Carlos Alcaraz, Iga Swiatek, Jasmine Paolini, le r\u00e9sum\u00e9 du dimanche 1er juin\",\"datePublished\":\"2025-06-01T19:51:33+00:00\",\"mainEntityOfPage\":{\"@id\":\"https:\/\/dicodusport.fr\/blog\/roland-garros-2025-carlos-alcaraz-iga-swiatek-jasmine-paolini-le-resume-du-dimanche-1er-juin\/\"},\"wordCount\":1121,\"commentCount\":0,\"publisher\":{\"@id\":\"https:\/\/dicodusport.fr\/blog\/#organization\"},\"image\":{\"@id\":\"https:\/\/dicodusport.fr\/blog\/roland-garros-2025-carlos-alcaraz-iga-swiatek-jasmine-paolini-le-resume-du-dimanche-1er-juin\/#primaryimage\"},\"thumbnailUrl\":\"https:\/\/dicodusport.fr\/blog\/wp-content\/uploads\/2025\/06\/Roland-Garros-2025-Carlos-Alcaraz-Iga-Swiatek-Jasmine-Paolini-le-resume-du-dimanche-1er-juin.png\",\"keywords\":[\"br\u00e8ve\",\"Roland-Garros\"],\"articleSection\":[\"Roland-Garros\"],\"inLanguage\":\"fr-FR\",\"potentialAction\":[{\"@type\":\"CommentAction\",\"name\":\"Comment\",\"target\":[\"https:\/\/dicodusport.fr\/blog\/roland-garros-2025-carlos-alcaraz-iga-swiatek-jasmine-paolini-le-resume-du-dimanche-1er-juin\/#respond\"]}],\"copyrightYear\":\"2025\",\"copyrightHolder\":{\"@id\":\"https:\/\/dicodusport.fr\/blog\/#organization\"}},{\"@type\":\"WebPage\",\"@id\":\"https:\/\/dicodusport.fr\/blog\/roland-garros-2025-carlos-alcaraz-iga-swiatek-jasmine-paolini-le-resume-du-dimanche-1er-juin\/\",\"url\":\"https:\/\/dicodusport.fr\/blog\/roland-garros-2025-carlos-alcaraz-iga-swiatek-jasmine-paolini-le-resume-du-dimanche-1er-juin\/\",\"name\":\"Roland-Garros 2025 : Carlos Alcaraz, Iga Swiatek, Jasmine Paolini, le r\u00e9sum\u00e9 du dimanche 1er juin\",\"isPartOf\":{\"@id\":\"https:\/\/dicodusport.fr\/blog\/#website\"},\"primaryImageOfPage\":{\"@id\":\"https:\/\/dicodusport.fr\/blog\/roland-garros-2025-carlos-alcaraz-iga-swiatek-jasmine-paolini-le-resume-du-dimanche-1er-juin\/#primaryimage\"},\"image\":{\"@id\":\"https:\/\/dicodusport.fr\/blog\/roland-garros-2025-carlos-alcaraz-iga-swiatek-jasmine-paolini-le-resume-du-dimanche-1er-juin\/#primaryimage\"},\"thumbnailUrl\":\"https:\/\/dicodusport.fr\/blog\/wp-content\/uploads\/2025\/06\/Roland-Garros-2025-Carlos-Alcaraz-Iga-Swiatek-Jasmine-Paolini-le-resume-du-dimanche-1er-juin.png\",\"datePublished\":\"2025-06-01T19:51:33+00:00\",\"description\":\"ROLAND-GARROS 2025 - Pour le d\u00e9but de cette deuxi\u00e8me semaine \u00e0 la Porte d'Auteuil, les tenants du titre \u00e9taient notamment \u00e0 l'affiche de ces premiers huiti\u00e8mes de finale.\",\"breadcrumb\":{\"@id\":\"https:\/\/dicodusport.fr\/blog\/roland-garros-2025-carlos-alcaraz-iga-swiatek-jasmine-paolini-le-resume-du-dimanche-1er-juin\/#breadcrumb\"},\"inLanguage\":\"fr-FR\",\"potentialAction\":[{\"@type\":\"ReadAction\",\"target\":[\"https:\/\/dicodusport.fr\/blog\/roland-garros-2025-carlos-alcaraz-iga-swiatek-jasmine-paolini-le-resume-du-dimanche-1er-juin\/\"]}]},{\"@type\":\"ImageObject\",\"inLanguage\":\"fr-FR\",\"@id\":\"https:\/\/dicodusport.fr\/blog\/roland-garros-2025-carlos-alcaraz-iga-swiatek-jasmine-paolini-le-resume-du-dimanche-1er-juin\/#primaryimage\",\"url\":\"https:\/\/dicodusport.fr\/blog\/wp-content\/uploads\/2025\/06\/Roland-Garros-2025-Carlos-Alcaraz-Iga-Swiatek-Jasmine-Paolini-le-resume-du-dimanche-1er-juin.png\",\"contentUrl\":\"https:\/\/dicodusport.fr\/blog\/wp-content\/uploads\/2025\/06\/Roland-Garros-2025-Carlos-Alcaraz-Iga-Swiatek-Jasmine-Paolini-le-resume-du-dimanche-1er-juin.png\",\"width\":1200,\"height\":674,\"caption\":\"Roland-Garros 2025 Carlos Alcaraz, Iga Swiatek, Jasmine Paolini, le r\u00e9sum\u00e9 du dimanche 1er juin\"},{\"@type\":\"BreadcrumbList\",\"@id\":\"https:\/\/dicodusport.fr\/blog\/roland-garros-2025-carlos-alcaraz-iga-swiatek-jasmine-paolini-le-resume-du-dimanche-1er-juin\/#breadcrumb\",\"itemListElement\":[{\"@type\":\"ListItem\",\"position\":1,\"name\":\"Accueil\",\"item\":\"https:\/\/dicodusport.fr\/blog\/\"},{\"@type\":\"ListItem\",\"position\":2,\"name\":\"Roland-Garros 2025 : Carlos Alcaraz, Iga Swiatek, Jasmine Paolini, le r\u00e9sum\u00e9 du dimanche 1er juin\"}]},{\"@type\":\"WebSite\",\"@id\":\"https:\/\/dicodusport.fr\/blog\/#website\",\"url\":\"https:\/\/dicodusport.fr\/blog\/\",\"name\":\"Dicodusport\",\"description\":\"L&#039;encyclop\u00e9die de l&#039;actualit\u00e9 sportive\",\"publisher\":{\"@id\":\"https:\/\/dicodusport.fr\/blog\/#organization\"},\"potentialAction\":[{\"@type\":\"SearchAction\",\"target\":{\"@type\":\"EntryPoint\",\"urlTemplate\":\"https:\/\/dicodusport.fr\/blog\/?s={search_term_string}\"},\"query-input\":{\"@type\":\"PropertyValueSpecification\",\"valueRequired\":true,\"valueName\":\"search_term_string\"}}],\"inLanguage\":\"fr-FR\"},{\"@type\":\"NewsMediaOrganization\",\"@id\":\"https:\/\/dicodusport.fr\/blog\/#organization\",\"name\":\"Dicodusport\",\"url\":\"https:\/\/dicodusport.fr\/blog\/\",\"logo\":{\"@type\":\"ImageObject\",\"inLanguage\":\"fr-FR\",\"@id\":\"https:\/\/dicodusport.fr\/blog\/#\/schema\/logo\/image\/\",\"url\":\"https:\/\/dicodusport.fr\/blog\/wp-content\/uploads\/2020\/06\/cropped-LOGO-DICODUSPORT-2020-SANS-FOND-SANS-TEXTE.png\",\"contentUrl\":\"https:\/\/dicodusport.fr\/blog\/wp-content\/uploads\/2020\/06\/cropped-LOGO-DICODUSPORT-2020-SANS-FOND-SANS-TEXTE.png\",\"width\":512,\"height\":512,\"caption\":\"Dicodusport\"},\"image\":{\"@id\":\"https:\/\/dicodusport.fr\/blog\/#\/schema\/logo\/image\/\"},\"sameAs\":[\"https:\/\/www.facebook.com\/dicodusport\",\"https:\/\/x.com\/dicodusport\",\"https:\/\/www.instagram.com\/dicodusport\/\",\"https:\/\/www.youtube.com\/channel\/UC7V2KZ5sd3htJivAbA4ZG3w\"],\"description\":\"Dicodusport est l'encyclop\u00e9die de l'actualit\u00e9 sportive.\",\"email\":\"bonjour@dicodusport.fr\",\"legalName\":\"DICODUSPORT\",\"foundingDate\":\"2018-01-14\",\"vatID\":\"FR71834470973\",\"taxID\":\"83447097300043\",\"numberOfEmployees\":{\"@type\":\"QuantitativeValue\",\"minValue\":\"1\",\"maxValue\":\"10\"}},{\"@type\":\"Person\",\"@id\":\"https:\/\/dicodusport.fr\/blog\/#\/schema\/person\/c28883329a45cc92814310316945b3ce\",\"name\":\"Malo Clement\",\"image\":{\"@type\":\"ImageObject\",\"inLanguage\":\"fr-FR\",\"@id\":\"https:\/\/dicodusport.fr\/blog\/#\/schema\/person\/image\/\",\"url\":\"https:\/\/dicodusport.fr\/blog\/wp-content\/uploads\/2025\/02\/Maillot-Dicodusport-Malo-150x150.png\",\"contentUrl\":\"https:\/\/dicodusport.fr\/blog\/wp-content\/uploads\/2025\/02\/Maillot-Dicodusport-Malo-150x150.png\",\"caption\":\"Malo Clement\"},\"description\":\"Fan de sport depuis mes 10 ans, mes premiers souvenirs de stade sont le Racing M\u00e9tro 92 \u00e0 Yves du Manoir, le XV de France et le PSG de Nen\u00ea. Celui d\u2019Ibra, Lucas, Cavani et Verratti m\u2019ont d\u00e9finitivement emport\u00e9 dans le football, au d\u00e9sarroi de ma famille. Entre les finales perdues de Champions Cup et les m\u00e9saventures en Ligue des Champions, j\u2019ai eu le nez fin. Au-del\u00e0 de mes clubs franciliens, je m\u2019int\u00e9resse au sport en g\u00e9n\u00e9ral et principalement \u00e0 la d\u00e9couverte de jeunes sportifs. Cela a commenc\u00e9 par Football Manager et j'ai repris \u00e7a avec les sports automobiles. Depuis 2020, mes dimanches apr\u00e8s-midi sont occup\u00e9s par Julien F\u00e9breau et la Formule 1. L\u2019endurance, la F2, la F3 et les autres championnats compl\u00e8tent mes week-ends. J\u2019ai rejoint Dicodusport en novembre 2024 et je suis ravi d\u2019\u00eatre le cadet de la r\u00e9daction.\",\"url\":\"https:\/\/dicodusport.fr\/blog\/author\/clement-malo\/\"}]}<\/script>\n<!-- \/ Yoast SEO Premium plugin. -->","yoast_head_json":{"title":"Roland-Garros 2025 : Carlos Alcaraz, Iga Swiatek, Jasmine Paolini, le r\u00e9sum\u00e9 du dimanche 1er juin","description":"ROLAND-GARROS 2025 - Pour le d\u00e9but de cette deuxi\u00e8me semaine \u00e0 la Porte d'Auteuil, les tenants du titre \u00e9taient notamment \u00e0 l'affiche de ces premiers huiti\u00e8mes de finale.","robots":{"index":"index","follow":"follow","max-snippet":"max-snippet:-1","max-image-preview":"max-image-preview:large","max-video-preview":"max-video-preview:-1"},"canonical":"https:\/\/dicodusport.fr\/blog\/roland-garros-2025-carlos-alcaraz-iga-swiatek-jasmine-paolini-le-resume-du-dimanche-1er-juin\/","og_locale":"fr_FR","og_type":"article","og_title":"Roland-Garros 2025 : Carlos Alcaraz, Iga Swiatek, Jasmine Paolini, le r\u00e9sum\u00e9 du dimanche 1er juin","og_description":"ROLAND-GARROS 2025 - Pour le d\u00e9but de cette deuxi\u00e8me semaine \u00e0 la Porte d'Auteuil, les tenants du titre \u00e9taient notamment \u00e0 l'affiche de ces premiers huiti\u00e8mes de finale.","og_url":"https:\/\/dicodusport.fr\/blog\/roland-garros-2025-carlos-alcaraz-iga-swiatek-jasmine-paolini-le-resume-du-dimanche-1er-juin\/","og_site_name":"Dicodusport","article_publisher":"https:\/\/www.facebook.com\/dicodusport","article_published_time":"2025-06-01T19:51:33+00:00","og_image":[{"width":1200,"height":674,"url":"https:\/\/dicodusport.fr\/blog\/wp-content\/uploads\/2025\/06\/Roland-Garros-2025-Carlos-Alcaraz-Iga-Swiatek-Jasmine-Paolini-le-resume-du-dimanche-1er-juin.png","type":"image\/png"}],"author":"Malo Clement","twitter_card":"summary_large_image","twitter_title":"Roland-Garros 2025 : Carlos Alcaraz, Iga Swiatek, Jasmine Paolini, le r\u00e9sum\u00e9 du dimanche 1er juin","twitter_creator":"@dicodusport","twitter_site":"@dicodusport","schema":{"@context":"https:\/\/schema.org","@graph":[{"@type":"NewsArticle","@id":"https:\/\/dicodusport.fr\/blog\/roland-garros-2025-carlos-alcaraz-iga-swiatek-jasmine-paolini-le-resume-du-dimanche-1er-juin\/#article","isPartOf":{"@id":"https:\/\/dicodusport.fr\/blog\/roland-garros-2025-carlos-alcaraz-iga-swiatek-jasmine-paolini-le-resume-du-dimanche-1er-juin\/"},"author":{"name":"Malo Clement","@id":"https:\/\/dicodusport.fr\/blog\/#\/schema\/person\/c28883329a45cc92814310316945b3ce"},"headline":"Roland-Garros 2025 : Carlos Alcaraz, Iga Swiatek, Jasmine Paolini, le r\u00e9sum\u00e9 du dimanche 1er juin","datePublished":"2025-06-01T19:51:33+00:00","mainEntityOfPage":{"@id":"https:\/\/dicodusport.fr\/blog\/roland-garros-2025-carlos-alcaraz-iga-swiatek-jasmine-paolini-le-resume-du-dimanche-1er-juin\/"},"wordCount":1121,"commentCount":0,"publisher":{"@id":"https:\/\/dicodusport.fr\/blog\/#organization"},"image":{"@id":"https:\/\/dicodusport.fr\/blog\/roland-garros-2025-carlos-alcaraz-iga-swiatek-jasmine-paolini-le-resume-du-dimanche-1er-juin\/#primaryimage"},"thumbnailUrl":"https:\/\/dicodusport.fr\/blog\/wp-content\/uploads\/2025\/06\/Roland-Garros-2025-Carlos-Alcaraz-Iga-Swiatek-Jasmine-Paolini-le-resume-du-dimanche-1er-juin.png","keywords":["br\u00e8ve","Roland-Garros"],"articleSection":["Roland-Garros"],"inLanguage":"fr-FR","potentialAction":[{"@type":"CommentAction","name":"Comment","target":["https:\/\/dicodusport.fr\/blog\/roland-garros-2025-carlos-alcaraz-iga-swiatek-jasmine-paolini-le-resume-du-dimanche-1er-juin\/#respond"]}],"copyrightYear":"2025","copyrightHolder":{"@id":"https:\/\/dicodusport.fr\/blog\/#organization"}},{"@type":"WebPage","@id":"https:\/\/dicodusport.fr\/blog\/roland-garros-2025-carlos-alcaraz-iga-swiatek-jasmine-paolini-le-resume-du-dimanche-1er-juin\/","url":"https:\/\/dicodusport.fr\/blog\/roland-garros-2025-carlos-alcaraz-iga-swiatek-jasmine-paolini-le-resume-du-dimanche-1er-juin\/","name":"Roland-Garros 2025 : Carlos Alcaraz, Iga Swiatek, Jasmine Paolini, le r\u00e9sum\u00e9 du dimanche 1er juin","isPartOf":{"@id":"https:\/\/dicodusport.fr\/blog\/#website"},"primaryImageOfPage":{"@id":"https:\/\/dicodusport.fr\/blog\/roland-garros-2025-carlos-alcaraz-iga-swiatek-jasmine-paolini-le-resume-du-dimanche-1er-juin\/#primaryimage"},"image":{"@id":"https:\/\/dicodusport.fr\/blog\/roland-garros-2025-carlos-alcaraz-iga-swiatek-jasmine-paolini-le-resume-du-dimanche-1er-juin\/#primaryimage"},"thumbnailUrl":"https:\/\/dicodusport.fr\/blog\/wp-content\/uploads\/2025\/06\/Roland-Garros-2025-Carlos-Alcaraz-Iga-Swiatek-Jasmine-Paolini-le-resume-du-dimanche-1er-juin.png","datePublished":"2025-06-01T19:51:33+00:00","description":"ROLAND-GARROS 2025 - Pour le d\u00e9but de cette deuxi\u00e8me semaine \u00e0 la Porte d'Auteuil, les tenants du titre \u00e9taient notamment \u00e0 l'affiche de ces premiers huiti\u00e8mes de finale.","breadcrumb":{"@id":"https:\/\/dicodusport.fr\/blog\/roland-garros-2025-carlos-alcaraz-iga-swiatek-jasmine-paolini-le-resume-du-dimanche-1er-juin\/#breadcrumb"},"inLanguage":"fr-FR","potentialAction":[{"@type":"ReadAction","target":["https:\/\/dicodusport.fr\/blog\/roland-garros-2025-carlos-alcaraz-iga-swiatek-jasmine-paolini-le-resume-du-dimanche-1er-juin\/"]}]},{"@type":"ImageObject","inLanguage":"fr-FR","@id":"https:\/\/dicodusport.fr\/blog\/roland-garros-2025-carlos-alcaraz-iga-swiatek-jasmine-paolini-le-resume-du-dimanche-1er-juin\/#primaryimage","url":"https:\/\/dicodusport.fr\/blog\/wp-content\/uploads\/2025\/06\/Roland-Garros-2025-Carlos-Alcaraz-Iga-Swiatek-Jasmine-Paolini-le-resume-du-dimanche-1er-juin.png","contentUrl":"https:\/\/dicodusport.fr\/blog\/wp-content\/uploads\/2025\/06\/Roland-Garros-2025-Carlos-Alcaraz-Iga-Swiatek-Jasmine-Paolini-le-resume-du-dimanche-1er-juin.png","width":1200,"height":674,"caption":"Roland-Garros 2025 Carlos Alcaraz, Iga Swiatek, Jasmine Paolini, le r\u00e9sum\u00e9 du dimanche 1er juin"},{"@type":"BreadcrumbList","@id":"https:\/\/dicodusport.fr\/blog\/roland-garros-2025-carlos-alcaraz-iga-swiatek-jasmine-paolini-le-resume-du-dimanche-1er-juin\/#breadcrumb","itemListElement":[{"@type":"ListItem","position":1,"name":"Accueil","item":"https:\/\/dicodusport.fr\/blog\/"},{"@type":"ListItem","position":2,"name":"Roland-Garros 2025 : Carlos Alcaraz, Iga Swiatek, Jasmine Paolini, le r\u00e9sum\u00e9 du dimanche 1er juin"}]},{"@type":"WebSite","@id":"https:\/\/dicodusport.fr\/blog\/#website","url":"https:\/\/dicodusport.fr\/blog\/","name":"Dicodusport","description":"L&#039;encyclop\u00e9die de l&#039;actualit\u00e9 sportive","publisher":{"@id":"https:\/\/dicodusport.fr\/blog\/#organization"},"potentialAction":[{"@type":"SearchAction","target":{"@type":"EntryPoint","urlTemplate":"https:\/\/dicodusport.fr\/blog\/?s={search_term_string}"},"query-input":{"@type":"PropertyValueSpecification","valueRequired":true,"valueName":"search_term_string"}}],"inLanguage":"fr-FR"},{"@type":"NewsMediaOrganization","@id":"https:\/\/dicodusport.fr\/blog\/#organization","name":"Dicodusport","url":"https:\/\/dicodusport.fr\/blog\/","logo":{"@type":"ImageObject","inLanguage":"fr-FR","@id":"https:\/\/dicodusport.fr\/blog\/#\/schema\/logo\/image\/","url":"https:\/\/dicodusport.fr\/blog\/wp-content\/uploads\/2020\/06\/cropped-LOGO-DICODUSPORT-2020-SANS-FOND-SANS-TEXTE.png","contentUrl":"https:\/\/dicodusport.fr\/blog\/wp-content\/uploads\/2020\/06\/cropped-LOGO-DICODUSPORT-2020-SANS-FOND-SANS-TEXTE.png","width":512,"height":512,"caption":"Dicodusport"},"image":{"@id":"https:\/\/dicodusport.fr\/blog\/#\/schema\/logo\/image\/"},"sameAs":["https:\/\/www.facebook.com\/dicodusport","https:\/\/x.com\/dicodusport","https:\/\/www.instagram.com\/dicodusport\/","https:\/\/www.youtube.com\/channel\/UC7V2KZ5sd3htJivAbA4ZG3w"],"description":"Dicodusport est l'encyclop\u00e9die de l'actualit\u00e9 sportive.","email":"bonjour@dicodusport.fr","legalName":"DICODUSPORT","foundingDate":"2018-01-14","vatID":"FR71834470973","taxID":"83447097300043","numberOfEmployees":{"@type":"QuantitativeValue","minValue":"1","maxValue":"10"}},{"@type":"Person","@id":"https:\/\/dicodusport.fr\/blog\/#\/schema\/person\/c28883329a45cc92814310316945b3ce","name":"Malo Clement","image":{"@type":"ImageObject","inLanguage":"fr-FR","@id":"https:\/\/dicodusport.fr\/blog\/#\/schema\/person\/image\/","url":"https:\/\/dicodusport.fr\/blog\/wp-content\/uploads\/2025\/02\/Maillot-Dicodusport-Malo-150x150.png","contentUrl":"https:\/\/dicodusport.fr\/blog\/wp-content\/uploads\/2025\/02\/Maillot-Dicodusport-Malo-150x150.png","caption":"Malo Clement"},"description":"Fan de sport depuis mes 10 ans, mes premiers souvenirs de stade sont le Racing M\u00e9tro 92 \u00e0 Yves du Manoir, le XV de France et le PSG de Nen\u00ea. Celui d\u2019Ibra, Lucas, Cavani et Verratti m\u2019ont d\u00e9finitivement emport\u00e9 dans le football, au d\u00e9sarroi de ma famille. Entre les finales perdues de Champions Cup et les m\u00e9saventures en Ligue des Champions, j\u2019ai eu le nez fin. Au-del\u00e0 de mes clubs franciliens, je m\u2019int\u00e9resse au sport en g\u00e9n\u00e9ral et principalement \u00e0 la d\u00e9couverte de jeunes sportifs. Cela a commenc\u00e9 par Football Manager et j'ai repris \u00e7a avec les sports automobiles. Depuis 2020, mes dimanches apr\u00e8s-midi sont occup\u00e9s par Julien F\u00e9breau et la Formule 1. L\u2019endurance, la F2, la F3 et les autres championnats compl\u00e8tent mes week-ends. J\u2019ai rejoint Dicodusport en novembre 2024 et je suis ravi d\u2019\u00eatre le cadet de la r\u00e9daction.","url":"https:\/\/dicodusport.fr\/blog\/author\/clement-malo\/"}]}},"_links":{"self":[{"href":"https:\/\/dicodusport.fr\/blog\/wp-json\/wp\/v2\/posts\/583620","targetHints":{"allow":["GET"]}}],"collection":[{"href":"https:\/\/dicodusport.fr\/blog\/wp-json\/wp\/v2\/posts"}],"about":[{"href":"https:\/\/dicodusport.fr\/blog\/wp-json\/wp\/v2\/types\/post"}],"author":[{"embeddable":true,"href":"https:\/\/dicodusport.fr\/blog\/wp-json\/wp\/v2\/users\/110"}],"replies":[{"embeddable":true,"href":"https:\/\/dicodusport.fr\/blog\/wp-json\/wp\/v2\/comments?post=583620"}],"version-history":[{"count":5,"href":"https:\/\/dicodusport.fr\/blog\/wp-json\/wp\/v2\/posts\/583620\/revisions"}],"predecessor-version":[{"id":583705,"href":"https:\/\/dicodusport.fr\/blog\/wp-json\/wp\/v2\/posts\/583620\/revisions\/583705"}],"wp:featuredmedia":[{"embeddable":true,"href":"https:\/\/dicodusport.fr\/blog\/wp-json\/wp\/v2\/media\/583704"}],"wp:attachment":[{"href":"https:\/\/dicodusport.fr\/blog\/wp-json\/wp\/v2\/media?parent=583620"}],"wp:term":[{"taxonomy":"category","embeddable":true,"href":"https:\/\/dicodusport.fr\/blog\/wp-json\/wp\/v2\/categories?post=583620"},{"taxonomy":"post_tag","embeddable":true,"href":"https:\/\/dicodusport.fr\/blog\/wp-json\/wp\/v2\/tags?post=583620"}],"curies":[{"name":"wp","href":"https:\/\/api.w.org\/{rel}","templated":true}]}}