{"id":583879,"date":"2025-06-03T10:00:23","date_gmt":"2025-06-03T08:00:23","guid":{"rendered":"https:\/\/dicodusport.fr\/blog\/?p=583879&#038;preview=true&#038;preview_id=583879"},"modified":"2025-06-03T09:53:16","modified_gmt":"2025-06-03T07:53:16","slug":"simon-yates-lidl-trek-pidcock-nos-tops-et-flops-du-tour-ditalie-2025","status":"publish","type":"post","link":"https:\/\/dicodusport.fr\/blog\/simon-yates-lidl-trek-pidcock-nos-tops-et-flops-du-tour-ditalie-2025\/","title":{"rendered":"Simon Yates, Lidl-Trek, Pidcock : nos tops et flops du Tour d&rsquo;Italie 2025"},"content":{"rendered":"<p style=\"text-align: justify;\"><strong><em>TOUR D&rsquo;ITALIE 2025 &#8211; Apr\u00e8s un Giro de tr\u00e8s bonne facture, il est l&rsquo;heure pour Dicodusport de dresser un bilan. Voici nos tops et flops de l&rsquo;\u00e9preuve transalpine.<\/em><\/strong><\/p>\n<ul>\n<li style=\"text-align: justify;\"><strong>\u00c0 ce sujet \u2013\u00a0<a href=\"https:\/\/dicodusport.fr\/blog\/tour-ditalie-2025-classement-general-du-giro\/\">Giro 2025 \u2013 Classement g\u00e9n\u00e9ral du Tour d\u2019Italie<\/a><\/strong><\/li>\n<\/ul>\n<h2 style=\"text-align: justify;\">Les Tops<\/h2>\n<h3 style=\"text-align: justify;\"><strong>Simon Yates<\/strong><\/h3>\n<p style=\"text-align: justify;\">Le coureur britannique est bien \u00e9videmment la sensation de ce Giro. Vainqueur du classement g\u00e9n\u00e9ral \u00e0 la surprise g\u00e9n\u00e9rale, en renversant l&rsquo;\u00e9preuve lors de l&rsquo;avant-derni\u00e8re \u00e9tape, le nouveau membre de la Visma Lease a Bike a retrouv\u00e9 de sa splendeur d&rsquo;antan. R\u00e9gulier, \u00e9vitant les chutes et la malchance, <a href=\"https:\/\/dicodusport.fr\/blog\/simon-yates-remporte-le-tour-ditalie-2025-la-derniere-etape-pour-olav-kooij\/\"><strong>Simon Yates<\/strong> a terrass\u00e9 <strong>Isaac del Toro<\/strong> (UAE Team Emirates &#8211; XRG) et <strong>Richard Carapaz<\/strong> (EF Education &#8211; EasyPost) dans le Finestre<\/a>. Il remporte ainsi un second Grand Tour en carri\u00e8re, sept ans apr\u00e8s le Tour d&rsquo;Espagne en 2018.<\/p>\n<blockquote class=\"twitter-tweet\">\n<p dir=\"ltr\" lang=\"fr\">\ud83c\udfc6 C&rsquo;est fait ! Gr\u00e2ce \u00e0 son coup de force de ce samedi, le Britannique peut oublier sa d\u00e9sillusion de 2018 !<\/p>\n<p>\u25b6\ufe0f <a href=\"https:\/\/t.co\/bvW1Sd72UK\">https:\/\/t.co\/bvW1Sd72UK<\/a><a href=\"https:\/\/twitter.com\/hashtag\/GirodItalia?src=hash&amp;ref_src=twsrc%5Etfw\">#GirodItalia<\/a> <a href=\"https:\/\/twitter.com\/hashtag\/LesRP?src=hash&amp;ref_src=twsrc%5Etfw\">#LesRP<\/a> <a href=\"https:\/\/t.co\/3nEReijZ6J\">pic.twitter.com\/3nEReijZ6J<\/a><\/p>\n<p>\u2014 Eurosport France (@Eurosport_FR) <a href=\"https:\/\/twitter.com\/Eurosport_FR\/status\/1929222554511683994?ref_src=twsrc%5Etfw\">June 1, 2025<\/a><\/p><\/blockquote>\n<p><script async src=\"https:\/\/platform.twitter.com\/widgets.js\" charset=\"utf-8\"><\/script><\/p>\n<h3 style=\"text-align: justify;\"><strong>Isaac del Toro <\/strong><\/h3>\n<p style=\"text-align: justify;\">Difficile de ne pas citer le Mexicain dans nos tops de ce Tour d&rsquo;Italie. Ainsi, le jeune grimpeur de la formation UAE Team Emirates &#8211; XRG a litt\u00e9ralement crev\u00e9 l&rsquo;\u00e9cran tout au long des trois semaines de comp\u00e9tition. Parfois plus fort que son leader <strong>Juan Ayuso<\/strong>, il a en plus fait valoir \u00e0 de nombreuses reprises sa pointe de vitesse, remportant au passage la 17\u00e8me \u00e9tape en rose. Deuxi\u00e8me du classement g\u00e9n\u00e9ral final, le tout jeune coureur de 21 ans n&rsquo;aura perdu son maillot rose, port\u00e9 durant 12 jours, que le samedi pr\u00e9c\u00e9dant l&rsquo;arriv\u00e9e, d\u00e9poss\u00e9d\u00e9 par un <strong>Simon Yates<\/strong> en feu.<\/p>\n<h3 style=\"text-align: justify;\"><strong>Lidl-Trek<\/strong><\/h3>\n<p style=\"text-align: justify;\">La formation am\u00e9ricaine a parfois laiss\u00e9 des miettes \u00e0 la concurrence. Omnipr\u00e9sente sur tous les terrains, elle a lev\u00e9 les bras \u00e0 six reprises : quatre fois pour le seul <strong>Mads Pedersen<\/strong>, une fois en \u00e9chapp\u00e9e avec <strong>Carlos Verona<\/strong> et sur le contre-la-montre de Pise avec la grosse cote <strong>Daan Hoole<\/strong>. Le N\u00e9erlandais s&rsquo;est offert le scalp de coureurs comme <strong>Joshua Tarling<\/strong> ou <strong>Edoardo Affini<\/strong>. <strong>Mathias Vacek<\/strong> a \u00e9galement montr\u00e9 toute l&rsquo;\u00e9tendue de son talent. On pourra bien \u00e9videmment regretter pour la <a href=\"https:\/\/dicodusport.fr\/blog\/lidl-trek-bilan-2024-objectifs-pour-2025-et-effectif\/\">Lidl-Trek<\/a> l&rsquo;abandon sur chute de son leader <strong>Giulio Ciccone<\/strong>, alors en lutte pour le podium.<\/p>\n<h3 style=\"text-align: justify;\"><strong>Le Colle delle Finestre<\/strong><\/h3>\n<p style=\"text-align: justify;\">Comment ne pas citer le col \u00e9pouvantail de ce Giro ? Avant-derni\u00e8re ascension de la course, ce col mythique de plus de 18 km \u00e0 9,2% a une nouvelle fois propos\u00e9 un sc\u00e9nario mythique dans un d\u00e9cor \u00e9poustouflant avec ses chemins de gravel sur 5 km menant vers le sommet. On se souvenait de <strong>Christopher Froome<\/strong> et son coup de force en 2018, on se souviendra \u00e9galement du d\u00e9nouement incroyable de ce Giro avec la prise de pouvoir de <strong>Simon Yates<\/strong> et le relais de <strong>Wout Van Aert<\/strong> dans la descente.<\/p>\n<blockquote class=\"twitter-tweet\">\n<p dir=\"ltr\" lang=\"ht\">Simon Yates a fait le trou sur Richard Carapaz et Isaac Del Toro. <a href=\"https:\/\/twitter.com\/hashtag\/Giro?src=hash&amp;ref_src=twsrc%5Etfw\">#Giro<\/a> <a href=\"https:\/\/twitter.com\/hashtag\/GirodItalia?src=hash&amp;ref_src=twsrc%5Etfw\">#GirodItalia<\/a> <a href=\"https:\/\/twitter.com\/hashtag\/Giro2025?src=hash&amp;ref_src=twsrc%5Etfw\">#Giro2025<\/a> <a href=\"https:\/\/t.co\/7Vs8mWeP0h\">pic.twitter.com\/7Vs8mWeP0h<\/a><\/p>\n<p>\u2014 \ud83d\udeb4 Les Rois du Peloton \ud83d\udeb2 (@LRoisDuPeloton) <a href=\"https:\/\/twitter.com\/LRoisDuPeloton\/status\/1928798530161795080?ref_src=twsrc%5Etfw\">May 31, 2025<\/a><\/p><\/blockquote>\n<p><script async src=\"https:\/\/platform.twitter.com\/widgets.js\" charset=\"utf-8\"><\/script><\/p>\n<h3 style=\"text-align: justify;\"><strong>Wout Van Aert et Mads Pedersen<\/strong><\/h3>\n<p style=\"text-align: justify;\">Les deux <em>classicmen<\/em> \u00e9taient sans doute les deux coureurs phare \u00e0 suivre sur ce Giro. D&rsquo;abord, le Belge, premier cit\u00e9, de la Visma Lease a Bike s&rsquo;est montr\u00e9 omnipr\u00e9sent. <a href=\"https:\/\/dicodusport.fr\/blog\/tour-ditalie-2025-wout-van-aert-triomphe-a-sienne-isaac-del-toro-prend-le-rose\/\">Vainqueur de l&rsquo;\u00e9tape des chemins blancs \u00e0 Sienne<\/a>, poisson pilote pour <strong>Olav Kooij<\/strong>, qui a obtenu deux bouquets et \u00e9quipier de luxe pour <strong>Simon Yates<\/strong> dans la descente du Finestre, <strong>Van Aert<\/strong> a r\u00e9alis\u00e9 un Tour d&rsquo;Italie stratosph\u00e9rique, se montrant enfin \u00e0 son meilleur niveau. Quant au Danois <strong>Mads Pedersen<\/strong> (Lidl-Trek), il repart avec quatre \u00e9tapes obtenues sur des sprints compliqu\u00e9s, quatre jours en rose et \u00e9galement le maillot <em>Cyclamen<\/em>.<\/p>\n<h3 style=\"text-align: justify;\"><strong>Lorenzo Fortunato <\/strong><\/h3>\n<p style=\"text-align: justify;\">Enfin, il convient de citer l&rsquo;Italien <strong>Lorenzo Fortunato<\/strong>. S&rsquo;il n&rsquo;a pas remport\u00e9 d&rsquo;\u00e9tape, laissant le gain de la 16\u00e8me \u00e0 son \u00e9quipier <strong>Christian Scaroni<\/strong>, il a largement domin\u00e9 le classement de la montagne, sans r\u00e9elle concurrence, il est vrai. Le coureur de XDS Astana Team a encore apport\u00e9 <a href=\"https:\/\/dicodusport.fr\/blog\/classement-uci-par-equipes-2023-2025\/\">des points pr\u00e9cieux en vue de maintien de son \u00e9quipe<\/a>.<\/p>\n<div class=\"vlp-link-container vlp-layout-article\"><a href=\"https:\/\/dicodusport.fr\/blog\/cyclisme-mercato-2025-2026-le-tableau-des-transferts\/\" class=\"vlp-link\" title=\"Cyclisme Mercato 2025-2026 - Le tableau des transferts\"><\/a><div class=\"vlp-layout-zone-side\"><div class=\"vlp-block-4 vlp-link-image\"><img loading=\"lazy\" decoding=\"async\" style=\"max-width: 792px;\" width=\"792\" height=\"445\" src=\"https:\/\/dicodusport.fr\/blog\/wp-content\/uploads\/2025\/02\/Cyclisme-Mercato-2025-2026-Le-tableau-des-transferts.png\" class=\"attachment-800x445 size-800x445\" alt=\"Cyclisme Mercato 2025-2026 - Le tableau des transferts\" srcset=\"https:\/\/dicodusport.fr\/blog\/wp-content\/uploads\/2025\/02\/Cyclisme-Mercato-2025-2026-Le-tableau-des-transferts.png 1200w, https:\/\/dicodusport.fr\/blog\/wp-content\/uploads\/2025\/02\/Cyclisme-Mercato-2025-2026-Le-tableau-des-transferts-300x169.png 300w, https:\/\/dicodusport.fr\/blog\/wp-content\/uploads\/2025\/02\/Cyclisme-Mercato-2025-2026-Le-tableau-des-transferts-1024x575.png 1024w, https:\/\/dicodusport.fr\/blog\/wp-content\/uploads\/2025\/02\/Cyclisme-Mercato-2025-2026-Le-tableau-des-transferts-768x431.png 768w\" sizes=\"auto, (max-width: 792px) 100vw, 792px\" \/><\/div><\/div><div class=\"vlp-layout-zone-main\"><div class=\"vlp-block-0 vlp-link-title\">Cyclisme Mercato 2025-2026 - Le tableau des transferts<\/div><div class=\"vlp-block-1 vlp-link-summary\">MERCATO CYCLISME 2025-2026 - D\u00e9couvrez les transferts officiels et les rumeurs du mercato cycliste.<\/div><div class=\"vlp-block-2 vlp-link-button\">Lire l'article<\/div><div class=\"vlp-block-3 vlp-link-url\">dicodusport.fr<\/div><\/div><\/div>\n<h2 style=\"text-align: justify;\">Les Flops<\/h2>\n<h3 style=\"text-align: justify;\">Thomas Pidcock<\/h3>\n<p style=\"text-align: justify;\">Le Giro du Britannique a pris une tournure bizarre : moyen sur tous les terrains et toujours assez loin de la gagne sur une \u00e9tape et loin de ses ambitions. Modeste seizi\u00e8me du classement g\u00e9n\u00e9ral, il n&rsquo;aura jamais pes\u00e9 d&rsquo;une quelconque fa\u00e7on, voire a \u00e9t\u00e9 transparent. Son \u00e9quipe Q36.5 Pro Cycling Team n&rsquo;a pas non plus brill\u00e9 pour sa premi\u00e8re grande invitation en Grand Tour. <strong>Matteo Moschetti<\/strong> a obtenu la troisi\u00e8me place \u00e0 Rome, mais a surtout brill\u00e9 par son acte inf\u00e2me sur <strong>Olav Kooij<\/strong> lors de la sixi\u00e8me \u00e9tape.<\/p>\n<h3 style=\"text-align: justify;\">Intermarch\u00e9-Wanty<\/h3>\n<p style=\"text-align: justify;\">Il y eut la quatri\u00e8me place de <strong>Francesco Busatto<\/strong> sur la premi\u00e8re \u00e9tape en Albanie. Et puis, ce fut le d\u00e9sert complet pour la formation belge. Un peu \u00e0 l&rsquo;image d&rsquo;une saison tr\u00e8s terne, les Intermarch\u00e9-Wanty n&rsquo;ont jamais exist\u00e9 sur les routes italiennes. <strong>Gerben Thijssen<\/strong> a rat\u00e9 l&rsquo;ensemble de ses sprints et <strong>Louis Meintjes<\/strong>, carte principale pour le classement g\u00e9n\u00e9ral, a termin\u00e9 \u00e0 une tr\u00e8s modeste 18\u00e8me place.<\/p>\n<div class=\"vlp-link-container vlp-layout-article\"><a href=\"https:\/\/dicodusport.fr\/blog\/prodhomme-bardet-magnier-le-bilan-des-coureurs-francais-sur-le-tour-ditalie-2025\/\" class=\"vlp-link\" title=\"Prodhomme, Bardet, Magnier : Le bilan des coureurs fran\u00e7ais sur le Tour d&#039;Italie 2025\"><\/a><div class=\"vlp-layout-zone-side\"><div class=\"vlp-block-4 vlp-link-image\"><img loading=\"lazy\" decoding=\"async\" style=\"max-width: 792px;\" width=\"792\" height=\"445\" src=\"https:\/\/dicodusport.fr\/blog\/wp-content\/uploads\/2025\/06\/Prodhomme-Bardet-Magnier-le-bilan-des-coureurs-francais-sur-le-Tour-dItalie-2025.png\" class=\"attachment-800x445 size-800x445\" alt=\"Prodhomme, Bardet, Magnier le bilan des coureurs fran\u00e7ais sur le Tour d&#039;Italie 2025\" srcset=\"https:\/\/dicodusport.fr\/blog\/wp-content\/uploads\/2025\/06\/Prodhomme-Bardet-Magnier-le-bilan-des-coureurs-francais-sur-le-Tour-dItalie-2025.png 1200w, https:\/\/dicodusport.fr\/blog\/wp-content\/uploads\/2025\/06\/Prodhomme-Bardet-Magnier-le-bilan-des-coureurs-francais-sur-le-Tour-dItalie-2025-300x169.png 300w, https:\/\/dicodusport.fr\/blog\/wp-content\/uploads\/2025\/06\/Prodhomme-Bardet-Magnier-le-bilan-des-coureurs-francais-sur-le-Tour-dItalie-2025-1024x575.png 1024w, https:\/\/dicodusport.fr\/blog\/wp-content\/uploads\/2025\/06\/Prodhomme-Bardet-Magnier-le-bilan-des-coureurs-francais-sur-le-Tour-dItalie-2025-768x431.png 768w\" sizes=\"auto, (max-width: 792px) 100vw, 792px\" \/><\/div><\/div><div class=\"vlp-layout-zone-main\"><div class=\"vlp-block-0 vlp-link-title\">Prodhomme, Bardet, Magnier : Le bilan des coureurs fran\u00e7ais sur le Tour d'Italie 2025<\/div><div class=\"vlp-block-1 vlp-link-summary\">TOUR D\u2019ITALIE 2025 \u2013 Au terme des trois semaines de course sur les routes du Giro, il est temps de se pencher sur les prestations fran\u00e7aises. Cette \u00e9dition 2025 ne restera pas dans les m\u00e9moires, mais aura \u00e9t\u00e9 sauv\u00e9e par la 19\u00e8me \u00e9tape de gala de Nicolas Prodhomme.<\/div><div class=\"vlp-block-2 vlp-link-button\">Lire l'article<\/div><div class=\"vlp-block-3 vlp-link-url\">dicodusport.fr<\/div><\/div><\/div>\n<h3 style=\"text-align: justify;\">Red Bull-Bora-Hansgrohe<\/h3>\n<p style=\"text-align: justify;\">C&rsquo;est un Giro complexe qu&rsquo;a v\u00e9cu la formation allemande. Parti avec l&rsquo;ambition de remporter l&rsquo;\u00e9preuve italienne avec son leader slov\u00e8ne <strong>Primoz Roglic<\/strong>, entour\u00e9 d&rsquo;\u00e9quipiers aussi solides que <strong>Daniel Felipez Martinez<\/strong>, <strong>Jai Hindley<\/strong> ou encore <strong>Giulio Pellizzari<\/strong>, la Red Bull a d\u00fb revoir ses plans \u00e0 la baisse avec <a href=\"https:\/\/dicodusport.fr\/blog\/tour-ditalie-2025-giro-termine-pour-primoz-roglic\/\">l&rsquo;abandon pr\u00e9matur\u00e9 de son leader<\/a> et de son lieutenant <strong>Hindley<\/strong> tant\u00f4t, ainsi que l&rsquo;immense m\u00e9forme du Colombien <strong>Martinez<\/strong>, pourtant sur le podium l&rsquo;an pass\u00e9. Une bonne dose de malchance malgr\u00e9 tout, compens\u00e9e par l&rsquo;excellente troisi\u00e8me semaine de <strong>Pellizzari,<\/strong> sixi\u00e8me au final et par <a href=\"https:\/\/dicodusport.fr\/blog\/tour-ditalie-2025-nico-denz-depose-lechappee-et-rafle-la-18eme-etape\/\">la victoire d&rsquo;\u00e9tape de<strong> Nico Denz<\/strong> en \u00e9chapp\u00e9e<\/a>.<\/p>\n<h3 style=\"text-align: justify;\">Trop de favoris rapidement au tapis<\/h3>\n<p style=\"text-align: justify;\">Malheureusement, ce Giro aura \u00e9t\u00e9 \u00e9maill\u00e9 par de nombreuses chutes collectives, \u00e9cartant progressivement un certain nombre de protagonistes de la course \u00e0 la victoire finale. Parmi ceux-ci, les deux immenses favoris <strong>Primoz Roglic<\/strong> lors de la 16\u00e8me \u00e9tape et <strong>Juan Ayuso<\/strong> lors de la 18\u00e8me \u00e9tape ont jet\u00e9 l&rsquo;\u00e9ponge tour \u00e0 tour laissant place \u00e0 un sc\u00e9nario plus ouvert. <strong>Giulio Ciccone<\/strong> (Lidl-Trek) et <strong>Mikel Landa<\/strong> (Soudal Quick-Step) ont quitt\u00e9 la course pr\u00e9matur\u00e9ment, le Basque abandonnant m\u00eame d\u00e8s la premi\u00e8re \u00e9tape. On peut encore ajouter <strong>Jay Vine<\/strong>, <strong>Jai Hindley<\/strong> ou encore <strong>Geoffrey Bouchard<\/strong>.<\/p>\n<blockquote class=\"twitter-tweet\">\n<p dir=\"ltr\" lang=\"fr\">ABANDON DE PRIMOZ ROGLIC ! 10e du classement g\u00e9n\u00e9ral ce matin, le Slov\u00e8ne quitte le <a href=\"https:\/\/twitter.com\/hashtag\/GirodItalia?src=hash&amp;ref_src=twsrc%5Etfw\">#GirodItalia<\/a> lors de cette 16e \u00e9tape. Tomb\u00e9 \u00e0 plusieurs reprises sur cette \u00e9dition, il avait vu ses espoirs s&rsquo;envoler dimanche, l\u00e2ch\u00e9 par les autres leaders. <a href=\"https:\/\/t.co\/hcpHQnFkpI\">pic.twitter.com\/hcpHQnFkpI<\/a><\/p>\n<p>\u2014 Le Gruppetto (@LeGruppetto) <a href=\"https:\/\/twitter.com\/LeGruppetto\/status\/1927339257602937134?ref_src=twsrc%5Etfw\">May 27, 2025<\/a><\/p><\/blockquote>\n<p><script async src=\"https:\/\/platform.twitter.com\/widgets.js\" charset=\"utf-8\"><\/script><\/p>\n<h3 style=\"text-align: justify;\">Le parcours peu \u00e9quilibr\u00e9<\/h3>\n<p style=\"text-align: justify;\">Enfin, touchons un mot du parcours tant d\u00e9cri\u00e9 de ce Tour d&rsquo;Italie cuv\u00e9e 2025. On le savait, d\u00e8s sa parution : son \u00e9quilibre laissait \u00e0 d\u00e9sirer. Avec notamment une deuxi\u00e8me semaine relativement calme et sans int\u00e9r\u00eat et une troisi\u00e8me semaine sous forme d&rsquo;orgie de montagne concentr\u00e9e. Par exemple, l&rsquo;ant\u00e9p\u00e9nulti\u00e8me \u00e9tape menant \u00e0 <strong>Champoluc<\/strong> n&rsquo;a pas servi de s\u00e9lection pour le classement g\u00e9n\u00e9ral, car disput\u00e9e la veille du Finestre. N\u00e9anmoins, on a pu une nouvelle fois v\u00e9rifier l&rsquo;adage <em>\u00ab\u00a0ce sont les coureurs qui font la course\u00a0\u00bb<\/em> puisque ce <strong>Giro<\/strong> restera comme un des meilleurs de ces derni\u00e8res ann\u00e9es.<\/p>\n","protected":false},"excerpt":{"rendered":"<p>Apr\u00e8s un Giro de tr\u00e8s bonne facture, il est l&rsquo;heure pour Dicodusport de dresser un bilan. Voici nos tops et flops de l&rsquo;\u00e9preuve transalpine.<\/p>\n","protected":false},"author":92,"featured_media":583920,"comment_status":"open","ping_status":"closed","sticky":false,"template":"","format":"standard","meta":{"_acf_changed":false,"_daextam_enable_autolinks":"1","footnotes":""},"categories":[47041],"tags":[16878,24,4722],"class_list":["post-583879","post","type-post","status-publish","format-standard","has-post-thumbnail","hentry","category-tour-d-italie","tag-breve","tag-sport","tag-tour-ditalie"],"acf":[],"yoast_head":"<!-- This site is optimized with the Yoast SEO Premium plugin v26.7 (Yoast SEO v26.7) - https:\/\/yoast.com\/wordpress\/plugins\/seo\/ -->\n<title>Simon Yates, Lidl-Trek, Pidcock : nos tops et flops du Tour d&#039;Italie 2025<\/title>\n<meta name=\"description\" content=\"TOUR D&#039;ITALIE 2025 - Apr\u00e8s un Giro de tr\u00e8s bonne facture, il est l&#039;heure pour Dicodusport de d\u00e9voiler nos tops et flops de la course.\" \/>\n<meta name=\"robots\" content=\"index, follow, max-snippet:-1, max-image-preview:large, max-video-preview:-1\" \/>\n<link rel=\"canonical\" href=\"https:\/\/dicodusport.fr\/blog\/simon-yates-lidl-trek-pidcock-nos-tops-et-flops-du-tour-ditalie-2025\/\" \/>\n<meta property=\"og:locale\" content=\"fr_FR\" \/>\n<meta property=\"og:type\" content=\"article\" \/>\n<meta property=\"og:title\" content=\"Simon Yates, Lidl-Trek, Pidcock : nos tops et flops du Tour d&#039;Italie 2025\" \/>\n<meta property=\"og:description\" content=\"TOUR D&#039;ITALIE 2025 - Apr\u00e8s un Giro de tr\u00e8s bonne facture, il est l&#039;heure pour Dicodusport de d\u00e9voiler nos tops et flops de la course.\" \/>\n<meta property=\"og:url\" content=\"https:\/\/dicodusport.fr\/blog\/simon-yates-lidl-trek-pidcock-nos-tops-et-flops-du-tour-ditalie-2025\/\" \/>\n<meta property=\"og:site_name\" content=\"Dicodusport\" \/>\n<meta property=\"article:publisher\" content=\"https:\/\/www.facebook.com\/dicodusport\" \/>\n<meta property=\"article:published_time\" content=\"2025-06-03T08:00:23+00:00\" \/>\n<meta property=\"og:image\" content=\"https:\/\/dicodusport.fr\/blog\/wp-content\/uploads\/2025\/06\/Simon-Yates-Lidl-Trek-Pidcock-nos-tops-et-flops-du-Tour-dItalie-2025-1.png\" \/>\n\t<meta property=\"og:image:width\" content=\"1200\" \/>\n\t<meta property=\"og:image:height\" content=\"674\" \/>\n\t<meta property=\"og:image:type\" content=\"image\/png\" \/>\n<meta name=\"author\" content=\"Olivier Dobiezynski\" \/>\n<meta name=\"twitter:card\" content=\"summary_large_image\" \/>\n<meta name=\"twitter:title\" content=\"Simon Yates, Lidl-Trek, Pidcock : nos tops et flops du Tour d&#039;Italie 2025\" \/>\n<meta name=\"twitter:creator\" content=\"@https:\/\/x.com\/Olivier_Matros\" \/>\n<meta name=\"twitter:site\" content=\"@dicodusport\" \/>\n<script type=\"application\/ld+json\" class=\"yoast-schema-graph\">{\"@context\":\"https:\/\/schema.org\",\"@graph\":[{\"@type\":\"NewsArticle\",\"@id\":\"https:\/\/dicodusport.fr\/blog\/simon-yates-lidl-trek-pidcock-nos-tops-et-flops-du-tour-ditalie-2025\/#article\",\"isPartOf\":{\"@id\":\"https:\/\/dicodusport.fr\/blog\/simon-yates-lidl-trek-pidcock-nos-tops-et-flops-du-tour-ditalie-2025\/\"},\"author\":{\"name\":\"Olivier Dobiezynski\",\"@id\":\"https:\/\/dicodusport.fr\/blog\/#\/schema\/person\/fe500246414ca17ddf0c0312d7a792cc\"},\"headline\":\"Simon Yates, Lidl-Trek, Pidcock : nos tops et flops du Tour d&rsquo;Italie 2025\",\"datePublished\":\"2025-06-03T08:00:23+00:00\",\"mainEntityOfPage\":{\"@id\":\"https:\/\/dicodusport.fr\/blog\/simon-yates-lidl-trek-pidcock-nos-tops-et-flops-du-tour-ditalie-2025\/\"},\"wordCount\":1470,\"commentCount\":0,\"publisher\":{\"@id\":\"https:\/\/dicodusport.fr\/blog\/#organization\"},\"image\":{\"@id\":\"https:\/\/dicodusport.fr\/blog\/simon-yates-lidl-trek-pidcock-nos-tops-et-flops-du-tour-ditalie-2025\/#primaryimage\"},\"thumbnailUrl\":\"https:\/\/dicodusport.fr\/blog\/wp-content\/uploads\/2025\/06\/Simon-Yates-Lidl-Trek-Pidcock-nos-tops-et-flops-du-Tour-dItalie-2025-1.png\",\"keywords\":[\"br\u00e8ve\",\"sport\",\"Tour d'Italie\"],\"articleSection\":[\"Tour d'Italie\"],\"inLanguage\":\"fr-FR\",\"potentialAction\":[{\"@type\":\"CommentAction\",\"name\":\"Comment\",\"target\":[\"https:\/\/dicodusport.fr\/blog\/simon-yates-lidl-trek-pidcock-nos-tops-et-flops-du-tour-ditalie-2025\/#respond\"]}],\"copyrightYear\":\"2025\",\"copyrightHolder\":{\"@id\":\"https:\/\/dicodusport.fr\/blog\/#organization\"}},{\"@type\":\"WebPage\",\"@id\":\"https:\/\/dicodusport.fr\/blog\/simon-yates-lidl-trek-pidcock-nos-tops-et-flops-du-tour-ditalie-2025\/\",\"url\":\"https:\/\/dicodusport.fr\/blog\/simon-yates-lidl-trek-pidcock-nos-tops-et-flops-du-tour-ditalie-2025\/\",\"name\":\"Simon Yates, Lidl-Trek, Pidcock : nos tops et flops du Tour d'Italie 2025\",\"isPartOf\":{\"@id\":\"https:\/\/dicodusport.fr\/blog\/#website\"},\"primaryImageOfPage\":{\"@id\":\"https:\/\/dicodusport.fr\/blog\/simon-yates-lidl-trek-pidcock-nos-tops-et-flops-du-tour-ditalie-2025\/#primaryimage\"},\"image\":{\"@id\":\"https:\/\/dicodusport.fr\/blog\/simon-yates-lidl-trek-pidcock-nos-tops-et-flops-du-tour-ditalie-2025\/#primaryimage\"},\"thumbnailUrl\":\"https:\/\/dicodusport.fr\/blog\/wp-content\/uploads\/2025\/06\/Simon-Yates-Lidl-Trek-Pidcock-nos-tops-et-flops-du-Tour-dItalie-2025-1.png\",\"datePublished\":\"2025-06-03T08:00:23+00:00\",\"description\":\"TOUR D'ITALIE 2025 - Apr\u00e8s un Giro de tr\u00e8s bonne facture, il est l'heure pour Dicodusport de d\u00e9voiler nos tops et flops de la course.\",\"breadcrumb\":{\"@id\":\"https:\/\/dicodusport.fr\/blog\/simon-yates-lidl-trek-pidcock-nos-tops-et-flops-du-tour-ditalie-2025\/#breadcrumb\"},\"inLanguage\":\"fr-FR\",\"potentialAction\":[{\"@type\":\"ReadAction\",\"target\":[\"https:\/\/dicodusport.fr\/blog\/simon-yates-lidl-trek-pidcock-nos-tops-et-flops-du-tour-ditalie-2025\/\"]}]},{\"@type\":\"ImageObject\",\"inLanguage\":\"fr-FR\",\"@id\":\"https:\/\/dicodusport.fr\/blog\/simon-yates-lidl-trek-pidcock-nos-tops-et-flops-du-tour-ditalie-2025\/#primaryimage\",\"url\":\"https:\/\/dicodusport.fr\/blog\/wp-content\/uploads\/2025\/06\/Simon-Yates-Lidl-Trek-Pidcock-nos-tops-et-flops-du-Tour-dItalie-2025-1.png\",\"contentUrl\":\"https:\/\/dicodusport.fr\/blog\/wp-content\/uploads\/2025\/06\/Simon-Yates-Lidl-Trek-Pidcock-nos-tops-et-flops-du-Tour-dItalie-2025-1.png\",\"width\":1200,\"height\":674,\"caption\":\"Simon Yates, Lidl-Trek, Pidcock nos tops et flops du Tour d'Italie 2025\"},{\"@type\":\"BreadcrumbList\",\"@id\":\"https:\/\/dicodusport.fr\/blog\/simon-yates-lidl-trek-pidcock-nos-tops-et-flops-du-tour-ditalie-2025\/#breadcrumb\",\"itemListElement\":[{\"@type\":\"ListItem\",\"position\":1,\"name\":\"Accueil\",\"item\":\"https:\/\/dicodusport.fr\/blog\/\"},{\"@type\":\"ListItem\",\"position\":2,\"name\":\"Simon Yates, Lidl-Trek, Pidcock : nos tops et flops du Tour d&rsquo;Italie 2025\"}]},{\"@type\":\"WebSite\",\"@id\":\"https:\/\/dicodusport.fr\/blog\/#website\",\"url\":\"https:\/\/dicodusport.fr\/blog\/\",\"name\":\"Dicodusport\",\"description\":\"L&#039;encyclop\u00e9die de l&#039;actualit\u00e9 sportive\",\"publisher\":{\"@id\":\"https:\/\/dicodusport.fr\/blog\/#organization\"},\"potentialAction\":[{\"@type\":\"SearchAction\",\"target\":{\"@type\":\"EntryPoint\",\"urlTemplate\":\"https:\/\/dicodusport.fr\/blog\/?s={search_term_string}\"},\"query-input\":{\"@type\":\"PropertyValueSpecification\",\"valueRequired\":true,\"valueName\":\"search_term_string\"}}],\"inLanguage\":\"fr-FR\"},{\"@type\":\"NewsMediaOrganization\",\"@id\":\"https:\/\/dicodusport.fr\/blog\/#organization\",\"name\":\"Dicodusport\",\"url\":\"https:\/\/dicodusport.fr\/blog\/\",\"logo\":{\"@type\":\"ImageObject\",\"inLanguage\":\"fr-FR\",\"@id\":\"https:\/\/dicodusport.fr\/blog\/#\/schema\/logo\/image\/\",\"url\":\"https:\/\/dicodusport.fr\/blog\/wp-content\/uploads\/2020\/06\/cropped-LOGO-DICODUSPORT-2020-SANS-FOND-SANS-TEXTE.png\",\"contentUrl\":\"https:\/\/dicodusport.fr\/blog\/wp-content\/uploads\/2020\/06\/cropped-LOGO-DICODUSPORT-2020-SANS-FOND-SANS-TEXTE.png\",\"width\":512,\"height\":512,\"caption\":\"Dicodusport\"},\"image\":{\"@id\":\"https:\/\/dicodusport.fr\/blog\/#\/schema\/logo\/image\/\"},\"sameAs\":[\"https:\/\/www.facebook.com\/dicodusport\",\"https:\/\/x.com\/dicodusport\",\"https:\/\/www.instagram.com\/dicodusport\/\",\"https:\/\/www.youtube.com\/channel\/UC7V2KZ5sd3htJivAbA4ZG3w\"],\"description\":\"Dicodusport est l'encyclop\u00e9die de l'actualit\u00e9 sportive.\",\"email\":\"bonjour@dicodusport.fr\",\"legalName\":\"DICODUSPORT\",\"foundingDate\":\"2018-01-14\",\"vatID\":\"FR71834470973\",\"taxID\":\"83447097300043\",\"numberOfEmployees\":{\"@type\":\"QuantitativeValue\",\"minValue\":\"1\",\"maxValue\":\"10\"}},{\"@type\":\"Person\",\"@id\":\"https:\/\/dicodusport.fr\/blog\/#\/schema\/person\/fe500246414ca17ddf0c0312d7a792cc\",\"name\":\"Olivier Dobiezynski\",\"image\":{\"@type\":\"ImageObject\",\"inLanguage\":\"fr-FR\",\"@id\":\"https:\/\/dicodusport.fr\/blog\/#\/schema\/person\/image\/\",\"url\":\"https:\/\/dicodusport.fr\/blog\/wp-content\/uploads\/2024\/09\/5be8fe8d-9962-4f1e-ad06-d6f9dee30e6d-150x150.jpg\",\"contentUrl\":\"https:\/\/dicodusport.fr\/blog\/wp-content\/uploads\/2024\/09\/5be8fe8d-9962-4f1e-ad06-d6f9dee30e6d-150x150.jpg\",\"caption\":\"Olivier Dobiezynski\"},\"description\":\"Depuis le milieu des ann\u00e9es 90, la passion du cyclisme m'anime. Mes h\u00e9ros s'appellent Luc Leblanc, Piotr Ugrumov, Paolo Savoldelli, Peter Sagan et bien \u00e9videmment Romain Bardet. R\u00e9dacteur depuis 2023, je suis ici pour partager cet amour de la Petite Reine. Vous pourrez me lire \u00e9galement sur du trail, du ski de fond et tout autre sujet susceptible d'\u00e9veiller ma curiosit\u00e9 sportive.\",\"sameAs\":[\"https:\/\/x.com\/https:\/\/x.com\/Olivier_Matros\"],\"url\":\"https:\/\/dicodusport.fr\/blog\/author\/olivier-gh\/\"}]}<\/script>\n<!-- \/ Yoast SEO Premium plugin. -->","yoast_head_json":{"title":"Simon Yates, Lidl-Trek, Pidcock : nos tops et flops du Tour d'Italie 2025","description":"TOUR D'ITALIE 2025 - Apr\u00e8s un Giro de tr\u00e8s bonne facture, il est l'heure pour Dicodusport de d\u00e9voiler nos tops et flops de la course.","robots":{"index":"index","follow":"follow","max-snippet":"max-snippet:-1","max-image-preview":"max-image-preview:large","max-video-preview":"max-video-preview:-1"},"canonical":"https:\/\/dicodusport.fr\/blog\/simon-yates-lidl-trek-pidcock-nos-tops-et-flops-du-tour-ditalie-2025\/","og_locale":"fr_FR","og_type":"article","og_title":"Simon Yates, Lidl-Trek, Pidcock : nos tops et flops du Tour d'Italie 2025","og_description":"TOUR D'ITALIE 2025 - Apr\u00e8s un Giro de tr\u00e8s bonne facture, il est l'heure pour Dicodusport de d\u00e9voiler nos tops et flops de la course.","og_url":"https:\/\/dicodusport.fr\/blog\/simon-yates-lidl-trek-pidcock-nos-tops-et-flops-du-tour-ditalie-2025\/","og_site_name":"Dicodusport","article_publisher":"https:\/\/www.facebook.com\/dicodusport","article_published_time":"2025-06-03T08:00:23+00:00","og_image":[{"width":1200,"height":674,"url":"https:\/\/dicodusport.fr\/blog\/wp-content\/uploads\/2025\/06\/Simon-Yates-Lidl-Trek-Pidcock-nos-tops-et-flops-du-Tour-dItalie-2025-1.png","type":"image\/png"}],"author":"Olivier Dobiezynski","twitter_card":"summary_large_image","twitter_title":"Simon Yates, Lidl-Trek, Pidcock : nos tops et flops du Tour d'Italie 2025","twitter_creator":"@https:\/\/x.com\/Olivier_Matros","twitter_site":"@dicodusport","schema":{"@context":"https:\/\/schema.org","@graph":[{"@type":"NewsArticle","@id":"https:\/\/dicodusport.fr\/blog\/simon-yates-lidl-trek-pidcock-nos-tops-et-flops-du-tour-ditalie-2025\/#article","isPartOf":{"@id":"https:\/\/dicodusport.fr\/blog\/simon-yates-lidl-trek-pidcock-nos-tops-et-flops-du-tour-ditalie-2025\/"},"author":{"name":"Olivier Dobiezynski","@id":"https:\/\/dicodusport.fr\/blog\/#\/schema\/person\/fe500246414ca17ddf0c0312d7a792cc"},"headline":"Simon Yates, Lidl-Trek, Pidcock : nos tops et flops du Tour d&rsquo;Italie 2025","datePublished":"2025-06-03T08:00:23+00:00","mainEntityOfPage":{"@id":"https:\/\/dicodusport.fr\/blog\/simon-yates-lidl-trek-pidcock-nos-tops-et-flops-du-tour-ditalie-2025\/"},"wordCount":1470,"commentCount":0,"publisher":{"@id":"https:\/\/dicodusport.fr\/blog\/#organization"},"image":{"@id":"https:\/\/dicodusport.fr\/blog\/simon-yates-lidl-trek-pidcock-nos-tops-et-flops-du-tour-ditalie-2025\/#primaryimage"},"thumbnailUrl":"https:\/\/dicodusport.fr\/blog\/wp-content\/uploads\/2025\/06\/Simon-Yates-Lidl-Trek-Pidcock-nos-tops-et-flops-du-Tour-dItalie-2025-1.png","keywords":["br\u00e8ve","sport","Tour d'Italie"],"articleSection":["Tour d'Italie"],"inLanguage":"fr-FR","potentialAction":[{"@type":"CommentAction","name":"Comment","target":["https:\/\/dicodusport.fr\/blog\/simon-yates-lidl-trek-pidcock-nos-tops-et-flops-du-tour-ditalie-2025\/#respond"]}],"copyrightYear":"2025","copyrightHolder":{"@id":"https:\/\/dicodusport.fr\/blog\/#organization"}},{"@type":"WebPage","@id":"https:\/\/dicodusport.fr\/blog\/simon-yates-lidl-trek-pidcock-nos-tops-et-flops-du-tour-ditalie-2025\/","url":"https:\/\/dicodusport.fr\/blog\/simon-yates-lidl-trek-pidcock-nos-tops-et-flops-du-tour-ditalie-2025\/","name":"Simon Yates, Lidl-Trek, Pidcock : nos tops et flops du Tour d'Italie 2025","isPartOf":{"@id":"https:\/\/dicodusport.fr\/blog\/#website"},"primaryImageOfPage":{"@id":"https:\/\/dicodusport.fr\/blog\/simon-yates-lidl-trek-pidcock-nos-tops-et-flops-du-tour-ditalie-2025\/#primaryimage"},"image":{"@id":"https:\/\/dicodusport.fr\/blog\/simon-yates-lidl-trek-pidcock-nos-tops-et-flops-du-tour-ditalie-2025\/#primaryimage"},"thumbnailUrl":"https:\/\/dicodusport.fr\/blog\/wp-content\/uploads\/2025\/06\/Simon-Yates-Lidl-Trek-Pidcock-nos-tops-et-flops-du-Tour-dItalie-2025-1.png","datePublished":"2025-06-03T08:00:23+00:00","description":"TOUR D'ITALIE 2025 - Apr\u00e8s un Giro de tr\u00e8s bonne facture, il est l'heure pour Dicodusport de d\u00e9voiler nos tops et flops de la course.","breadcrumb":{"@id":"https:\/\/dicodusport.fr\/blog\/simon-yates-lidl-trek-pidcock-nos-tops-et-flops-du-tour-ditalie-2025\/#breadcrumb"},"inLanguage":"fr-FR","potentialAction":[{"@type":"ReadAction","target":["https:\/\/dicodusport.fr\/blog\/simon-yates-lidl-trek-pidcock-nos-tops-et-flops-du-tour-ditalie-2025\/"]}]},{"@type":"ImageObject","inLanguage":"fr-FR","@id":"https:\/\/dicodusport.fr\/blog\/simon-yates-lidl-trek-pidcock-nos-tops-et-flops-du-tour-ditalie-2025\/#primaryimage","url":"https:\/\/dicodusport.fr\/blog\/wp-content\/uploads\/2025\/06\/Simon-Yates-Lidl-Trek-Pidcock-nos-tops-et-flops-du-Tour-dItalie-2025-1.png","contentUrl":"https:\/\/dicodusport.fr\/blog\/wp-content\/uploads\/2025\/06\/Simon-Yates-Lidl-Trek-Pidcock-nos-tops-et-flops-du-Tour-dItalie-2025-1.png","width":1200,"height":674,"caption":"Simon Yates, Lidl-Trek, Pidcock nos tops et flops du Tour d'Italie 2025"},{"@type":"BreadcrumbList","@id":"https:\/\/dicodusport.fr\/blog\/simon-yates-lidl-trek-pidcock-nos-tops-et-flops-du-tour-ditalie-2025\/#breadcrumb","itemListElement":[{"@type":"ListItem","position":1,"name":"Accueil","item":"https:\/\/dicodusport.fr\/blog\/"},{"@type":"ListItem","position":2,"name":"Simon Yates, Lidl-Trek, Pidcock : nos tops et flops du Tour d&rsquo;Italie 2025"}]},{"@type":"WebSite","@id":"https:\/\/dicodusport.fr\/blog\/#website","url":"https:\/\/dicodusport.fr\/blog\/","name":"Dicodusport","description":"L&#039;encyclop\u00e9die de l&#039;actualit\u00e9 sportive","publisher":{"@id":"https:\/\/dicodusport.fr\/blog\/#organization"},"potentialAction":[{"@type":"SearchAction","target":{"@type":"EntryPoint","urlTemplate":"https:\/\/dicodusport.fr\/blog\/?s={search_term_string}"},"query-input":{"@type":"PropertyValueSpecification","valueRequired":true,"valueName":"search_term_string"}}],"inLanguage":"fr-FR"},{"@type":"NewsMediaOrganization","@id":"https:\/\/dicodusport.fr\/blog\/#organization","name":"Dicodusport","url":"https:\/\/dicodusport.fr\/blog\/","logo":{"@type":"ImageObject","inLanguage":"fr-FR","@id":"https:\/\/dicodusport.fr\/blog\/#\/schema\/logo\/image\/","url":"https:\/\/dicodusport.fr\/blog\/wp-content\/uploads\/2020\/06\/cropped-LOGO-DICODUSPORT-2020-SANS-FOND-SANS-TEXTE.png","contentUrl":"https:\/\/dicodusport.fr\/blog\/wp-content\/uploads\/2020\/06\/cropped-LOGO-DICODUSPORT-2020-SANS-FOND-SANS-TEXTE.png","width":512,"height":512,"caption":"Dicodusport"},"image":{"@id":"https:\/\/dicodusport.fr\/blog\/#\/schema\/logo\/image\/"},"sameAs":["https:\/\/www.facebook.com\/dicodusport","https:\/\/x.com\/dicodusport","https:\/\/www.instagram.com\/dicodusport\/","https:\/\/www.youtube.com\/channel\/UC7V2KZ5sd3htJivAbA4ZG3w"],"description":"Dicodusport est l'encyclop\u00e9die de l'actualit\u00e9 sportive.","email":"bonjour@dicodusport.fr","legalName":"DICODUSPORT","foundingDate":"2018-01-14","vatID":"FR71834470973","taxID":"83447097300043","numberOfEmployees":{"@type":"QuantitativeValue","minValue":"1","maxValue":"10"}},{"@type":"Person","@id":"https:\/\/dicodusport.fr\/blog\/#\/schema\/person\/fe500246414ca17ddf0c0312d7a792cc","name":"Olivier Dobiezynski","image":{"@type":"ImageObject","inLanguage":"fr-FR","@id":"https:\/\/dicodusport.fr\/blog\/#\/schema\/person\/image\/","url":"https:\/\/dicodusport.fr\/blog\/wp-content\/uploads\/2024\/09\/5be8fe8d-9962-4f1e-ad06-d6f9dee30e6d-150x150.jpg","contentUrl":"https:\/\/dicodusport.fr\/blog\/wp-content\/uploads\/2024\/09\/5be8fe8d-9962-4f1e-ad06-d6f9dee30e6d-150x150.jpg","caption":"Olivier Dobiezynski"},"description":"Depuis le milieu des ann\u00e9es 90, la passion du cyclisme m'anime. Mes h\u00e9ros s'appellent Luc Leblanc, Piotr Ugrumov, Paolo Savoldelli, Peter Sagan et bien \u00e9videmment Romain Bardet. R\u00e9dacteur depuis 2023, je suis ici pour partager cet amour de la Petite Reine. Vous pourrez me lire \u00e9galement sur du trail, du ski de fond et tout autre sujet susceptible d'\u00e9veiller ma curiosit\u00e9 sportive.","sameAs":["https:\/\/x.com\/https:\/\/x.com\/Olivier_Matros"],"url":"https:\/\/dicodusport.fr\/blog\/author\/olivier-gh\/"}]}},"_links":{"self":[{"href":"https:\/\/dicodusport.fr\/blog\/wp-json\/wp\/v2\/posts\/583879","targetHints":{"allow":["GET"]}}],"collection":[{"href":"https:\/\/dicodusport.fr\/blog\/wp-json\/wp\/v2\/posts"}],"about":[{"href":"https:\/\/dicodusport.fr\/blog\/wp-json\/wp\/v2\/types\/post"}],"author":[{"embeddable":true,"href":"https:\/\/dicodusport.fr\/blog\/wp-json\/wp\/v2\/users\/92"}],"replies":[{"embeddable":true,"href":"https:\/\/dicodusport.fr\/blog\/wp-json\/wp\/v2\/comments?post=583879"}],"version-history":[{"count":5,"href":"https:\/\/dicodusport.fr\/blog\/wp-json\/wp\/v2\/posts\/583879\/revisions"}],"predecessor-version":[{"id":583928,"href":"https:\/\/dicodusport.fr\/blog\/wp-json\/wp\/v2\/posts\/583879\/revisions\/583928"}],"wp:featuredmedia":[{"embeddable":true,"href":"https:\/\/dicodusport.fr\/blog\/wp-json\/wp\/v2\/media\/583920"}],"wp:attachment":[{"href":"https:\/\/dicodusport.fr\/blog\/wp-json\/wp\/v2\/media?parent=583879"}],"wp:term":[{"taxonomy":"category","embeddable":true,"href":"https:\/\/dicodusport.fr\/blog\/wp-json\/wp\/v2\/categories?post=583879"},{"taxonomy":"post_tag","embeddable":true,"href":"https:\/\/dicodusport.fr\/blog\/wp-json\/wp\/v2\/tags?post=583879"}],"curies":[{"name":"wp","href":"https:\/\/api.w.org\/{rel}","templated":true}]}}