{"id":584159,"date":"2025-06-08T14:16:41","date_gmt":"2025-06-08T12:16:41","guid":{"rendered":"https:\/\/dicodusport.fr\/blog\/?p=584159&#038;preview=true&#038;preview_id=584159"},"modified":"2025-06-08T14:33:40","modified_gmt":"2025-06-08T12:33:40","slug":"rallye-de-sardaigne-2025-programme-des-speciales-et-resultats","status":"publish","type":"post","link":"https:\/\/dicodusport.fr\/blog\/rallye-de-sardaigne-2025-programme-des-speciales-et-resultats\/","title":{"rendered":"Rallye de Sardaigne 2025 : Programme des sp\u00e9ciales et r\u00e9sultats"},"content":{"rendered":"<p style=\"text-align: justify;\"><strong><em>D\u00e9couvrez le programme complet, les horaires et les r\u00e9sultats en direct des sp\u00e9ciales du Rallye de Sardaigne, sixi\u00e8me manche du championnat des rallyes 2025, qui a lieu du jeudi 5 au dimanche 8 juin 2025.<\/em><\/strong><\/p>\n<ul>\n<li style=\"text-align: justify;\"><strong>\u00c0 ce sujet &#8211; <a href=\"https:\/\/dicodusport.fr\/blog\/rallye-wrc-2025-le-calendrier-complet\/\">Rallye WRC 2025 \u2013 Le calendrier complet<\/a><\/strong><\/li>\n<\/ul>\n<p style=\"text-align: justify;\">Le <strong>Rallye WRC de Sardaigne 2025<\/strong>, officiellement nomm\u00e9 <strong>Rally Italia Sardegna<\/strong>, se d\u00e9roule du <strong>5 au 8 juin 2025<\/strong>. Il constitue la sixi\u00e8me manche du Championnat du monde des rallyes WRC 2025.<\/p>\n<h2 style=\"text-align: justify;\">Ce qu&rsquo;il faut savoir sur le Rallye de Sardaigne<\/h2>\n<p style=\"text-align: justify;\">Le <strong>Rallye de Sardaigne<\/strong> se dispute autour d&rsquo;<strong>Olbia<\/strong>, dans la province de <strong>Sassari<\/strong>. Il s&rsquo;agit de la 22\u00e8me \u00e9dition de l&rsquo;\u00e9preuve italienne, qui se d\u00e9roule sur terre. Pas moins de <strong>16 sp\u00e9ciales<\/strong> sont au programme, pour <strong>320,24 km chronom\u00e9tr\u00e9s<\/strong>.<\/p>\n<p style=\"text-align: justify;\">Le <strong>Rallye de Sardaigne<\/strong> est r\u00e9put\u00e9 pour sa difficult\u00e9. Les routes \u00e9troites serpentent \u00e0 travers des collines et des for\u00eats, offrant peu de marge d&rsquo;erreur. Les changements de rythme constants, les cr\u00eates aveugles et l&rsquo;absence de zones de d\u00e9gagement mettent les \u00e9quipages \u00e0 rude \u00e9preuve. La chaleur intense accentue l&rsquo;usure des pneus et sollicite fortement les composants m\u00e9caniques.<\/p>\n<h3 style=\"text-align: justify;\">Les favoris et principaux engag\u00e9s :<\/h3>\n<p style=\"text-align: justify;\">&#8211; <strong>Ott T\u00e4nak<\/strong> (Hyundai i20 N Rally1) \u2013 vainqueur en 2024<\/p>\n<p>&#8211; <strong>S\u00e9bastien Ogier<\/strong> (Toyota GR Yaris Rally1)<\/p>\n<p style=\"text-align: justify;\">&#8211; <strong>Kalle Rovanper\u00e4<\/strong> (Toyota GR Yaris Rally1)<\/p>\n<p style=\"text-align: justify;\">&#8211; <strong>Thierry Neuville<\/strong> (Hyundai i20 N Rally1)<\/p>\n<p style=\"text-align: justify;\">&#8211; <strong>Elfyn Evans<\/strong> (Toyota GR Yaris Rally1)<\/p>\n<p style=\"text-align: justify;\">&#8211; <strong>Adrien Fourmaux<\/strong> (Hyundai i20 N Rally1)<\/p>\n<p style=\"text-align: justify;\">En <strong>WRC2<\/strong>, on retrouve des pilotes tels que <strong>Yohan Rossel<\/strong> (Citro\u00ebn C3 Rally2), <strong>Jan Solans<\/strong> et <strong>Alejandro Cach\u00f3n<\/strong> (Toyota GR Yaris Rally2).<\/p>\n<p style=\"text-align: justify;\"><em><strong>Les sp\u00e9ciales sont retransmises sur Canal+ Sport.<\/strong><\/em><\/p>\n<ul>\n<li style=\"text-align: justify;\"><strong>\u00c0 lire aussi &#8211; <a href=\"https:\/\/dicodusport.fr\/blog\/rallye-de-sardaigne-2025-a-quelle-heure-et-sur-quelle-chaine-tv\/\">Rallye de Sardaigne 2025 : \u00c0 quelle heure et sur quelle cha\u00eene TV<\/a><\/strong><\/li>\n<\/ul>\n<h2 style=\"text-align: justify;\">Rallye de Sardaigne 2025 &#8211; Programme des sp\u00e9ciales, horaires et r\u00e9sultats<\/h2>\n<table style=\"width: 1171.48px; border-collapse: collapse;\">\n<tbody>\n<tr>\n<td style=\"background-color: #fc4c02; width: 1171.48px; text-align: center; vertical-align: middle;\" colspan=\"5\"><span style=\"color: #ffffff;\"><strong>JEUDI 5 JUIN 2025<\/strong><\/span><span style=\"color: #ffffff;\"><strong><br \/>\n<\/strong><\/span><\/td>\n<\/tr>\n<tr>\n<td style=\"text-align: center; vertical-align: middle; width: 84px; background-color: #000000;\"><span style=\"color: #ffffff; font-size: 0.9em;\"><strong>Horaire<\/strong><\/span><\/td>\n<td style=\"text-align: center; vertical-align: middle; width: 583.484px; background-color: #000000;\" colspan=\"2\"><span style=\"color: #ffffff;\"><span style=\"font-size: 0.9em;\"><b>Sp\u00e9ciale<\/b><\/span><\/span><\/td>\n<td style=\"text-align: center; vertical-align: middle; width: 252px; background-color: #000000;\"><span style=\"color: #ffffff; font-size: 0.9em;\"><strong>Vainqueurs<\/strong><\/span><\/td>\n<td style=\"text-align: center; vertical-align: middle; width: 252px; background-color: #000000;\"><span style=\"color: #ffffff; font-size: 0.9em;\"><strong>Leaders<\/strong><\/span><\/td>\n<\/tr>\n<tr>\n<td style=\"text-align: center; vertical-align: middle; width: 84px; font-size: 0.9em;\"><strong>D\u00e8s 13h01<\/strong><\/td>\n<td style=\"text-align: center; vertical-align: middle; width: 583.484px; font-size: 0.9em;\" colspan=\"2\"><strong>Shakedown (Olbia Cabu Abbas\u00a0\u2013\u00a02,19 km)<br \/>\n<a href=\"https:\/\/www.wrc.com\/en\/events\/wrc-rally-italia-sardegna-2025\/results-wrc-rally-italia-sardegna-2025?page=results&amp;tab=stage-times\"><span style=\"font-size: 10.368px;\"><i>Classement<\/i><\/span><\/a><br \/>\n<\/strong><\/td>\n<td style=\"text-align: center; vertical-align: middle; width: 252px;\"><span style=\"font-size: 0.9em;\"><strong>\ud83c\uddeb\ud83c\uddf7 S\u00e9bastien OGIER \/ \ud83c\uddeb\ud83c\uddf7 Vincent LANDAIS<\/strong><br \/>\n<span style=\"font-size: 0.8em;\">TOYOTA<\/span><\/span><\/td>\n<td style=\"text-align: center; vertical-align: middle; width: 252px;\"><span style=\"font-size: 0.9em;\"><strong>&#8211;<\/strong><br \/>\n<\/span><\/td>\n<\/tr>\n<tr>\n<td style=\"background-color: #fc4c02; width: 1171.48px; text-align: center; vertical-align: middle;\" colspan=\"5\"><span style=\"color: #ffffff;\"><strong>VENDREDI 6 JUIN 2025<\/strong><\/span><span style=\"color: #ffffff;\"><strong><br \/>\n<\/strong><\/span><\/td>\n<\/tr>\n<tr>\n<td style=\"text-align: center; vertical-align: middle; width: 84px; background-color: #000000;\"><span style=\"color: #ffffff; font-size: 0.9em;\"><strong>Horaire<\/strong><\/span><\/td>\n<td style=\"text-align: center; vertical-align: middle; width: 583.484px; background-color: #000000;\" colspan=\"2\"><span style=\"color: #ffffff;\"><span style=\"font-size: 0.9em;\"><b>Sp\u00e9ciale<\/b><\/span><\/span><\/td>\n<td style=\"text-align: center; vertical-align: middle; width: 252px; background-color: #000000;\"><span style=\"color: #ffffff; font-size: 0.9em;\"><strong>Vainqueurs<\/strong><\/span><\/td>\n<td style=\"text-align: center; vertical-align: middle; width: 252px; background-color: #000000;\"><span style=\"color: #ffffff; font-size: 0.9em;\"><strong>Leaders<\/strong><\/span><\/td>\n<\/tr>\n<tr>\n<td style=\"text-align: center; vertical-align: middle; width: 84px; font-size: 0.9em;\"><strong>9h01<\/strong><\/td>\n<td style=\"text-align: center; vertical-align: middle; width: 583.484px;\" colspan=\"2\"><strong><span style=\"font-size: 0.9em;\">ES1 (Arzachena 1\u00a0\u2013\u00a013,97 km)<\/span><br \/>\n<a href=\"https:\/\/www.wrc.com\/en\/events\/wrc-rally-italia-sardegna-2025\/results-wrc-rally-italia-sardegna-2025?page=results&amp;tab=stage-times\/#ss1\"><span style=\"font-size: 10.368px;\"><i>Classement<\/i><\/span><\/a><\/strong><\/td>\n<td style=\"text-align: center; vertical-align: middle; width: 252px;\"><span style=\"font-size: 0.9em;\"><strong>\ud83c\uddeb\ud83c\uddf7 S\u00e9bastien OGIER \/ \ud83c\uddeb\ud83c\uddf7 Vincent LANDAIS<\/strong><br \/>\n<span style=\"font-size: 0.8em;\">TOYOTA<\/span><\/span><\/td>\n<td style=\"text-align: center; vertical-align: middle; width: 252px;\"><span style=\"font-size: 0.9em;\"><strong>\ud83c\uddeb\ud83c\uddf7 S\u00e9bastien OGIER \/ \ud83c\uddeb\ud83c\uddf7 Vincent LANDAIS<\/strong><br \/>\n<span style=\"font-size: 0.8em;\">TOYOTA<\/span><\/span><\/td>\n<\/tr>\n<tr>\n<td style=\"text-align: center; vertical-align: middle; width: 84px; font-size: 0.9em;\"><strong>10h16<\/strong><\/td>\n<td style=\"text-align: center; vertical-align: middle; width: 583.484px; font-size: 0.9em;\" colspan=\"2\"><strong>ES2 (Telti \u2013 Calangianus \u2013 Berchidda 1\u00a0\u2013\u00a018,43 km)<br \/>\n<a href=\"https:\/\/www.wrc.com\/en\/events\/wrc-rally-italia-sardegna-2025\/results-wrc-rally-italia-sardegna-2025?page=results&amp;tab=stage-times\/#ss2\"><span style=\"font-size: 10.368px;\"><i>Classement<\/i><\/span><\/a><br \/>\n<\/strong><\/td>\n<td style=\"text-align: center; vertical-align: middle; width: 252px;\"><span style=\"font-size: 0.9em;\"><strong>\ud83c\uddea\ud83c\uddea Ott T\u00c4NAK \/ \ud83c\uddea\ud83c\uddea Martin J\u00c4RVEOJA<\/strong><br \/>\n<span style=\"font-size: 0.8em;\">HYUNDAI<\/span><\/span><\/td>\n<td style=\"text-align: center; vertical-align: middle; width: 252px;\"><span style=\"font-size: 0.9em;\"><strong>\ud83c\udde7\ud83c\uddea Thierry NEUVILLE \/ \ud83c\udde7\ud83c\uddea Martijn WYDAEGHE<\/strong><br \/>\n<span style=\"font-size: 0.8em;\">HYUNDAI<\/span><\/span><\/td>\n<\/tr>\n<tr>\n<td style=\"text-align: center; vertical-align: middle; width: 84px; font-size: 0.9em;\"><strong>11h31<\/strong><\/td>\n<td style=\"text-align: center; vertical-align: middle; width: 583.484px; font-size: 0.9em;\" colspan=\"2\"><strong>ES3 (Sa Conchedda 1\u00a0\u2013\u00a027,95 km)<br \/>\n<a href=\"https:\/\/www.wrc.com\/en\/events\/wrc-rally-italia-sardegna-2025\/results-wrc-rally-italia-sardegna-2025?page=results&amp;tab=stage-times\/#ss3\"><span style=\"font-size: 10.368px;\"><i>Classement<\/i><\/span><\/a><br \/>\n<\/strong><\/td>\n<td style=\"text-align: center; vertical-align: middle; width: 252px;\"><span style=\"font-size: 0.9em;\"><strong>\ud83c\uddeb\ud83c\uddf7 Adrien FOURMAUX \/ \ud83c\uddeb\ud83c\uddf7 Alexandre CORIA<\/strong><br \/>\n<span style=\"font-size: 0.8em;\">HYUNDAI<\/span><\/span><\/td>\n<td style=\"text-align: center; vertical-align: middle; width: 252px;\"><span style=\"font-size: 0.9em;\"><strong>\ud83c\uddeb\ud83c\uddf7 Adrien FOURMAUX \/ \ud83c\uddeb\ud83c\uddf7 Alexandre CORIA<\/strong><br \/>\n<span style=\"font-size: 0.8em;\">HYUNDAI<\/span><\/span><\/td>\n<\/tr>\n<tr>\n<td style=\"text-align: center; vertical-align: middle; width: 84px; font-size: 0.9em;\"><strong>15h31<\/strong><\/td>\n<td style=\"text-align: center; vertical-align: middle; width: 583.484px; font-size: 0.9em;\" colspan=\"2\"><strong>ES4 (Arzachena 2\u00a0\u2013\u00a013,97 km)<br \/>\n<a href=\"https:\/\/www.wrc.com\/en\/events\/wrc-rally-italia-sardegna-2025\/results-wrc-rally-italia-sardegna-2025?page=results&amp;tab=stage-times\/#ss4\"><span style=\"font-size: 10.368px;\"><i>Classement<\/i><\/span><\/a><br \/>\n<\/strong><\/td>\n<td style=\"text-align: center; vertical-align: middle; width: 252px;\"><span style=\"font-size: 0.9em;\"><strong>\ud83c\uddea\ud83c\uddea Ott T\u00c4NAK \/ \ud83c\uddea\ud83c\uddea Martin J\u00c4RVEOJA<\/strong><br \/>\n<span style=\"font-size: 0.8em;\">HYUNDAI<\/span><\/span><\/td>\n<td style=\"text-align: center; vertical-align: middle; width: 252px;\"><span style=\"font-size: 0.9em;\"><strong>\ud83c\udde7\ud83c\uddea Thierry NEUVILLE \/ \ud83c\udde7\ud83c\uddea Martijn WYDAEGHE<\/strong><br \/>\n<span style=\"font-size: 0.8em;\">HYUNDAI<\/span><\/span><\/td>\n<\/tr>\n<tr>\n<td style=\"text-align: center; vertical-align: middle; width: 84px; font-size: 0.9em;\"><strong>16h46<\/strong><\/td>\n<td style=\"text-align: center; vertical-align: middle; width: 583.484px; font-size: 0.9em;\" colspan=\"2\"><strong>ES5 (Telti \u2013 Calangianus \u2013 Berchidda 2\u00a0\u2013\u00a018,43 km)<br \/>\n<a href=\"https:\/\/www.wrc.com\/en\/events\/wrc-rally-italia-sardegna-2025\/results-wrc-rally-italia-sardegna-2025?page=results&amp;tab=stage-times\/#ss5\"><span style=\"font-size: 10.368px;\"><i>Classement<\/i><\/span><\/a><br \/>\n<\/strong><\/td>\n<td style=\"text-align: center; vertical-align: middle; width: 252px;\"><span style=\"font-size: 0.9em;\"><strong>\ud83c\uddeb\ud83c\uddee Kalle ROVANPER\u00c4 \/ \ud83c\uddeb\ud83c\uddee Jonne HALTTUNEN<\/strong><br \/>\n<span style=\"font-size: 0.8em;\">TOYOTA<\/span><\/span><\/td>\n<td style=\"text-align: center; vertical-align: middle; width: 252px;\"><span style=\"font-size: 0.9em;\"><strong>\ud83c\uddeb\ud83c\uddf7 Adrien FOURMAUX \/ \ud83c\uddeb\ud83c\uddf7 Alexandre CORIA<\/strong><br \/>\n<span style=\"font-size: 0.8em;\">HYUNDAI<\/span><\/span><\/td>\n<\/tr>\n<tr>\n<td style=\"text-align: center; vertical-align: middle; width: 84px; font-size: 0.9em;\"><strong>18h01<\/strong><\/td>\n<td style=\"text-align: center; vertical-align: middle; width: 583.484px; font-size: 0.9em;\" colspan=\"2\"><strong>ES6 (Sa Conchedda 2\u00a0\u2013\u00a027,95 km)<br \/>\n<a href=\"https:\/\/www.wrc.com\/en\/events\/wrc-rally-italia-sardegna-2025\/results-wrc-rally-italia-sardegna-2025?page=results&amp;tab=stage-times\/#ss6\"><span style=\"font-size: 10.368px;\"><i>Classement<\/i><\/span><\/a><br \/>\n<\/strong><\/td>\n<td style=\"text-align: center; vertical-align: middle; width: 252px;\"><span style=\"font-size: 0.9em;\"><strong>\ud83c\uddeb\ud83c\uddf7 S\u00e9bastien OGIER \/ \ud83c\uddeb\ud83c\uddf7 Vincent LANDAIS<\/strong><br \/>\n<span style=\"font-size: 0.8em;\">TOYOTA<\/span><\/span><\/td>\n<td style=\"text-align: center; vertical-align: middle; width: 252px;\"><span style=\"font-size: 0.9em;\"><strong>\ud83c\uddeb\ud83c\uddf7 S\u00e9bastien OGIER \/ \ud83c\uddeb\ud83c\uddf7 Vincent LANDAIS<\/strong><br \/>\n<span style=\"font-size: 0.8em;\">TOYOTA<\/span><\/span><\/td>\n<\/tr>\n<tr>\n<td style=\"background-color: #fc4c02; width: 1171.48px; text-align: center; vertical-align: middle;\" colspan=\"5\"><span style=\"color: #ffffff;\"><strong>SAMEDI 7 JUIN 2025<\/strong><\/span><span style=\"color: #ffffff;\"><strong><br \/>\n<\/strong><\/span><\/td>\n<\/tr>\n<tr>\n<td style=\"text-align: center; vertical-align: middle; width: 84px; background-color: #000000;\"><span style=\"color: #ffffff; font-size: 0.9em;\"><strong>Horaire<\/strong><\/span><\/td>\n<td style=\"text-align: center; vertical-align: middle; width: 583.484px; background-color: #000000;\" colspan=\"2\"><span style=\"color: #ffffff;\"><span style=\"font-size: 0.9em;\"><b>Sp\u00e9ciale<\/b><\/span><\/span><\/td>\n<td style=\"text-align: center; vertical-align: middle; width: 252px; background-color: #000000;\"><span style=\"color: #ffffff; font-size: 0.9em;\"><strong>Vainqueurs<\/strong><\/span><\/td>\n<td style=\"text-align: center; vertical-align: middle; width: 252px; background-color: #000000;\"><span style=\"color: #ffffff; font-size: 0.9em;\"><strong>Leaders<\/strong><\/span><\/td>\n<\/tr>\n<tr>\n<td style=\"text-align: center; vertical-align: middle; width: 84px; font-size: 0.9em;\"><strong>9h05<\/strong><\/td>\n<td style=\"text-align: center; vertical-align: middle; width: 583.484px; font-size: 0.9em;\" colspan=\"2\"><strong>ES7 (Coiluna \u2013 Loelle 1\u00a0\u2013\u00a021,18 km)<br \/>\n<a href=\"https:\/\/www.wrc.com\/en\/events\/wrc-rally-italia-sardegna-2025\/results-wrc-rally-italia-sardegna-2025?page=results&amp;tab=stage-times\/#ss7\"><span style=\"font-size: 10.368px;\"><i>Classement<\/i><\/span><\/a><br \/>\n<\/strong><\/td>\n<td style=\"text-align: center; vertical-align: middle; width: 252px;\"><span style=\"font-size: 0.9em;\"><strong>\ud83c\uddeb\ud83c\uddf7 S\u00e9bastien OGIER \/ \ud83c\uddeb\ud83c\uddf7 Vincent LANDAIS<\/strong><br \/>\n<span style=\"font-size: 0.8em;\">TOYOTA<\/span><\/span><\/td>\n<td style=\"text-align: center; vertical-align: middle; width: 252px;\"><span style=\"font-size: 0.9em;\"><strong>\ud83c\uddeb\ud83c\uddf7 S\u00e9bastien OGIER \/ \ud83c\uddeb\ud83c\uddf7 Vincent LANDAIS<\/strong><br \/>\n<span style=\"font-size: 0.8em;\">TOYOTA<\/span><\/span><\/td>\n<\/tr>\n<tr>\n<td style=\"text-align: center; vertical-align: middle; width: 84px; font-size: 0.9em;\"><strong>10h16<\/strong><\/td>\n<td style=\"text-align: center; vertical-align: middle; width: 583.484px; font-size: 0.9em;\" colspan=\"2\"><strong>ES8 (Lerno \u2013 Su Filigosu 1\u00a0\u2013\u00a024,34 km)<br \/>\n<a href=\"https:\/\/www.wrc.com\/en\/events\/wrc-rally-italia-sardegna-2025\/results-wrc-rally-italia-sardegna-2025?page=results&amp;tab=stage-times\/#ss8\"><span style=\"font-size: 10.368px;\"><i>Classement<\/i><\/span><\/a><br \/>\n<\/strong><\/td>\n<td style=\"text-align: center; vertical-align: middle; width: 252px;\"><span style=\"font-size: 0.9em;\"><strong>\ud83c\uddea\ud83c\uddea Ott T\u00c4NAK \/ \ud83c\uddea\ud83c\uddea Martin J\u00c4RVEOJA<\/strong><br \/>\n<span style=\"font-size: 0.8em;\">HYUNDAI<\/span><\/span><\/td>\n<td style=\"text-align: center; vertical-align: middle; width: 252px;\"><span style=\"font-size: 0.9em;\"><strong>\ud83c\uddea\ud83c\uddea Ott T\u00c4NAK \/ \ud83c\uddea\ud83c\uddea Martin J\u00c4RVEOJA<\/strong><br \/>\n<span style=\"font-size: 0.8em;\">HYUNDAI<\/span><\/span><\/td>\n<\/tr>\n<tr>\n<td style=\"text-align: center; vertical-align: middle; width: 84px; font-size: 0.9em;\"><strong>11h31<\/strong><\/td>\n<td style=\"text-align: center; vertical-align: middle; width: 583.484px; font-size: 0.9em;\" colspan=\"2\"><strong>ES9 (Tula \u2013 Erula 1\u00a0\u2013\u00a015,28 km)<br \/>\n<a href=\"https:\/\/www.wrc.com\/en\/events\/wrc-rally-italia-sardegna-2025\/results-wrc-rally-italia-sardegna-2025?page=results&amp;tab=stage-times\/#ss9\"><span style=\"font-size: 10.368px;\"><i>Classement<\/i><\/span><\/a><br \/>\n<\/strong><\/td>\n<td style=\"text-align: center; vertical-align: middle; width: 252px;\"><span style=\"font-size: 0.9em;\"><strong>\ud83c\uddeb\ud83c\uddf7 S\u00e9bastien OGIER \/ \ud83c\uddeb\ud83c\uddf7 Vincent LANDAIS<\/strong><br \/>\n<span style=\"font-size: 0.8em;\">TOYOTA<\/span><\/span><\/td>\n<td style=\"text-align: center; vertical-align: middle; width: 252px;\"><span style=\"font-size: 0.9em;\"><strong>\ud83c\uddeb\ud83c\uddf7 S\u00e9bastien OGIER \/ \ud83c\uddeb\ud83c\uddf7 Vincent LANDAIS<\/strong><br \/>\n<span style=\"font-size: 0.8em;\">TOYOTA<\/span><\/span><\/td>\n<\/tr>\n<tr>\n<td style=\"text-align: center; vertical-align: middle; width: 84px; font-size: 0.9em;\"><strong>15h05<\/strong><\/td>\n<td style=\"text-align: center; vertical-align: middle; width: 583.484px; font-size: 0.9em;\" colspan=\"2\"><strong>ES10 (Coiluna \u2013 Loelle 2\u00a0\u2013\u00a021,18 km)<br \/>\n<a href=\"https:\/\/www.wrc.com\/en\/events\/wrc-rally-italia-sardegna-2025\/results-wrc-rally-italia-sardegna-2025?page=results&amp;tab=stage-times\/#ss10\"><span style=\"font-size: 10.368px;\"><i>Classement<\/i><\/span><\/a><br \/>\n<\/strong><\/td>\n<td style=\"text-align: center; vertical-align: middle; width: 252px;\"><span style=\"font-size: 0.9em;\"><strong>\ud83c\uddea\ud83c\uddea Ott T\u00c4NAK \/ \ud83c\uddea\ud83c\uddea Martin J\u00c4RVEOJA<\/strong><br \/>\n<span style=\"font-size: 0.8em;\">HYUNDAI<\/span><\/span><\/td>\n<td style=\"text-align: center; vertical-align: middle; width: 252px;\"><span style=\"font-size: 0.9em;\"><strong>\ud83c\uddeb\ud83c\uddf7 S\u00e9bastien OGIER \/ \ud83c\uddeb\ud83c\uddf7 Vincent LANDAIS<\/strong><br \/>\n<span style=\"font-size: 0.8em;\">TOYOTA<\/span><\/span><\/td>\n<\/tr>\n<tr>\n<td style=\"text-align: center; vertical-align: middle; width: 84px; font-size: 0.9em;\"><strong>16h16<\/strong><\/td>\n<td style=\"text-align: center; vertical-align: middle; width: 583.484px; font-size: 0.9em;\" colspan=\"2\"><strong>ES11 (Lerno \u2013 Su Filigosu 2\u00a0\u2013\u00a024,34 km)<br \/>\n<a href=\"https:\/\/www.wrc.com\/en\/events\/wrc-rally-italia-sardegna-2025\/results-wrc-rally-italia-sardegna-2025?page=results&amp;tab=stage-times\/#ss11\"><span style=\"font-size: 10.368px;\"><i>Classement<\/i><\/span><\/a><br \/>\n<\/strong><\/td>\n<td style=\"text-align: center; vertical-align: middle; width: 252px;\"><span style=\"font-size: 0.9em;\"><strong>\ud83c\uddea\ud83c\uddea Ott T\u00c4NAK \/ \ud83c\uddea\ud83c\uddea Martin J\u00c4RVEOJA<\/strong><br \/>\n<span style=\"font-size: 0.8em;\">HYUNDAI<\/span><\/span><\/td>\n<td style=\"text-align: center; vertical-align: middle; width: 252px;\"><span style=\"font-size: 0.9em;\"><strong>\ud83c\uddeb\ud83c\uddf7 S\u00e9bastien OGIER \/ \ud83c\uddeb\ud83c\uddf7 Vincent LANDAIS<\/strong><br \/>\n<span style=\"font-size: 0.8em;\">TOYOTA<\/span><\/span><\/td>\n<\/tr>\n<tr>\n<td style=\"text-align: center; vertical-align: middle; width: 84px; font-size: 0.9em;\"><strong>17h31<\/strong><\/td>\n<td style=\"text-align: center; vertical-align: middle; width: 583.484px; font-size: 0.9em;\" colspan=\"2\"><strong>ES12 (Tula \u2013 Erula 2\u00a0\u2013\u00a015,28 km)<br \/>\n<a href=\"https:\/\/www.wrc.com\/en\/events\/wrc-rally-italia-sardegna-2025\/results-wrc-rally-italia-sardegna-2025?page=results&amp;tab=stage-times\/#ss12\"><span style=\"font-size: 10.368px;\"><i>Classement<\/i><\/span><\/a><br \/>\n<\/strong><\/td>\n<td style=\"text-align: center; vertical-align: middle; width: 252px;\"><span style=\"font-size: 0.9em;\"><strong>\ud83c\uddeb\ud83c\uddf7 S\u00e9bastien OGIER \/ \ud83c\uddeb\ud83c\uddf7 Vincent LANDAIS<\/strong><br \/>\n<span style=\"font-size: 0.8em;\">TOYOTA<\/span><\/span><\/td>\n<td style=\"text-align: center; vertical-align: middle; width: 252px;\"><span style=\"font-size: 0.9em;\"><strong>\ud83c\uddeb\ud83c\uddf7 S\u00e9bastien OGIER \/ \ud83c\uddeb\ud83c\uddf7 Vincent LANDAIS<\/strong><br \/>\n<span style=\"font-size: 0.8em;\">TOYOTA<\/span><\/span><\/td>\n<\/tr>\n<tr>\n<td style=\"background-color: #fc4c02; width: 1171.48px; text-align: center; vertical-align: middle;\" colspan=\"5\"><span style=\"color: #ffffff;\"><strong>DIMANCHE 8 JUIN 2025<\/strong><\/span><span style=\"color: #ffffff;\"><strong><br \/>\n<\/strong><\/span><\/td>\n<\/tr>\n<tr>\n<td style=\"text-align: center; vertical-align: middle; width: 84px; background-color: #000000;\"><span style=\"color: #ffffff; font-size: 0.9em;\"><strong>Horaire<\/strong><\/span><\/td>\n<td style=\"text-align: center; vertical-align: middle; width: 583.484px; background-color: #000000;\" colspan=\"2\"><span style=\"color: #ffffff;\"><span style=\"font-size: 0.9em;\"><b>Sp\u00e9ciale<\/b><\/span><\/span><\/td>\n<td style=\"text-align: center; vertical-align: middle; width: 252px; background-color: #000000;\"><span style=\"color: #ffffff; font-size: 0.9em;\"><strong>Vainqueurs<\/strong><\/span><\/td>\n<td style=\"text-align: center; vertical-align: middle; width: 252px; background-color: #000000;\"><span style=\"color: #ffffff; font-size: 0.9em;\"><strong>Leaders<\/strong><\/span><\/td>\n<\/tr>\n<tr>\n<td style=\"text-align: center; vertical-align: middle; width: 84px; font-size: 0.9em;\"><strong>7h25<\/strong><\/td>\n<td style=\"text-align: center; vertical-align: middle; width: 583.484px; font-size: 0.9em;\" colspan=\"2\"><strong>ES13 (San Giacomo \u2013 Plebi 1\u00a0\u2013\u00a025,19 km)<br \/>\n<a href=\"https:\/\/www.wrc.com\/en\/events\/wrc-rally-italia-sardegna-2025\/results-wrc-rally-italia-sardegna-2025?page=results&amp;tab=stage-times\/#ss13\"><span style=\"font-size: 10.368px;\"><i>Classement<\/i><\/span><\/a><br \/>\n<\/strong><\/td>\n<td style=\"text-align: center; vertical-align: middle; width: 252px;\"><span style=\"font-size: 0.9em;\"><strong>\ud83c\uddeb\ud83c\uddf7 S\u00e9bastien OGIER \/ \ud83c\uddeb\ud83c\uddf7 Vincent LANDAIS<\/strong><br \/>\n<span style=\"font-size: 0.8em;\">TOYOTA<\/span><\/span><\/td>\n<td style=\"text-align: center; vertical-align: middle; width: 252px;\"><span style=\"font-size: 0.9em;\"><strong>\ud83c\uddeb\ud83c\uddf7 S\u00e9bastien OGIER \/ \ud83c\uddeb\ud83c\uddf7 Vincent LANDAIS<\/strong><br \/>\n<span style=\"font-size: 0.8em;\">TOYOTA<\/span><\/span><\/td>\n<\/tr>\n<tr>\n<td style=\"text-align: center; vertical-align: middle; width: 84px; font-size: 0.9em;\"><strong>8h35<\/strong><\/td>\n<td style=\"text-align: center; vertical-align: middle; width: 583.484px; font-size: 0.9em;\" colspan=\"2\"><strong>ES14 (Porto San Paolo 1\u00a0\u2013\u00a013,70 km)<br \/>\n<a href=\"https:\/\/www.wrc.com\/en\/events\/wrc-rally-italia-sardegna-2025\/results-wrc-rally-italia-sardegna-2025?page=results&amp;tab=stage-times\/#ss14\"><span style=\"font-size: 10.368px;\"><i>Classement<\/i><\/span><\/a><br \/>\n<\/strong><\/td>\n<td style=\"text-align: center; vertical-align: middle; width: 252px;\"><span style=\"font-size: 0.9em;\"><strong>\ud83c\uddeb\ud83c\uddee Kalle ROVANPER\u00c4 \/ \ud83c\uddeb\ud83c\uddee Jonne HALTTUNEN<\/strong><br \/>\n<span style=\"font-size: 0.8em;\">TOYOTA<\/span><\/span><\/td>\n<td style=\"text-align: center; vertical-align: middle; width: 252px;\"><span style=\"font-size: 0.9em;\"><strong>\ud83c\uddeb\ud83c\uddf7 S\u00e9bastien OGIER \/ \ud83c\uddeb\ud83c\uddf7 Vincent LANDAIS<\/strong><br \/>\n<span style=\"font-size: 0.8em;\">TOYOTA<\/span><\/span><\/td>\n<\/tr>\n<tr>\n<td style=\"text-align: center; vertical-align: middle; width: 84px; font-size: 0.9em;\"><strong>10h50<\/strong><\/td>\n<td style=\"text-align: center; vertical-align: middle; width: 583.484px; font-size: 0.9em;\" colspan=\"2\"><strong>ES15 (San Giacomo \u2013 Plebi 2\u00a0\u2013\u00a025,19 km)<br \/>\n<a href=\"https:\/\/www.wrc.com\/en\/events\/wrc-rally-italia-sardegna-2025\/results-wrc-rally-italia-sardegna-2025?page=results&amp;tab=stage-times\/#ss15\"><span style=\"font-size: 10.368px;\"><i>Classement<\/i><\/span><\/a><br \/>\n<\/strong><\/td>\n<td style=\"text-align: center; vertical-align: middle; width: 252px;\"><span style=\"font-size: 0.9em;\"><strong>\ud83c\uddea\ud83c\uddea Ott T\u00c4NAK \/ \ud83c\uddea\ud83c\uddea Martin J\u00c4RVEOJA<\/strong><br \/>\n<span style=\"font-size: 0.8em;\">HYUNDAI<\/span><\/span><\/td>\n<td style=\"text-align: center; vertical-align: middle; width: 252px;\"><span style=\"font-size: 0.9em;\"><strong>\ud83c\uddeb\ud83c\uddf7 S\u00e9bastien OGIER \/ \ud83c\uddeb\ud83c\uddf7 Vincent LANDAIS<\/strong><br \/>\n<span style=\"font-size: 0.8em;\">TOYOTA<\/span><\/span><\/td>\n<\/tr>\n<tr>\n<td style=\"text-align: center; vertical-align: middle; width: 84px; font-size: 0.9em;\"><strong>13h15<\/strong><\/td>\n<td style=\"text-align: center; vertical-align: middle; font-size: 0.9em; width: 583.484px;\" colspan=\"2\"><strong>ES16 &#8211; Power Stage (Porto San Paolo 2\u00a0\u2013\u00a013,70 km)<br \/>\n<a href=\"https:\/\/www.wrc.com\/en\/events\/wrc-rally-italia-sardegna-2025\/results-wrc-rally-italia-sardegna-2025?page=results&amp;tab=stage-times\/#ss16\"><span style=\"font-size: 10.368px;\"><i>Classement<\/i><\/span><\/a><br \/>\n<\/strong><\/td>\n<td style=\"text-align: center; vertical-align: middle; width: 252px;\"><span style=\"font-size: 0.9em;\"><strong>\ud83c\uddeb\ud83c\uddee Kalle ROVANPER\u00c4 \/ \ud83c\uddeb\ud83c\uddee Jonne HALTTUNEN<\/strong><br \/>\n<span style=\"font-size: 0.8em;\">TOYOTA<\/span><\/span><\/td>\n<td style=\"text-align: center; vertical-align: middle; width: 252px;\"><span style=\"font-size: 0.9em;\"><strong>\ud83c\uddeb\ud83c\uddf7 S\u00e9bastien OGIER \/ \ud83c\uddeb\ud83c\uddf7 Vincent LANDAIS<\/strong><br \/>\n<span style=\"font-size: 0.8em;\">TOYOTA<\/span><\/span><\/td>\n<\/tr>\n<\/tbody>\n<\/table>\n<h2 style=\"text-align: justify;\">Le classement g\u00e9n\u00e9ral du Rallye de Sardaigne 2025<\/h2>\n<div class=\"vlp-link-container vlp-layout-article\"><a href=\"https:\/\/dicodusport.fr\/blog\/rallye-de-sardaigne-2025-classement-general-en-direct\/\" class=\"vlp-link\" title=\"Rallye de Sardaigne 2025 - Classement g\u00e9n\u00e9ral en direct\"><\/a><div class=\"vlp-layout-zone-side\"><div class=\"vlp-block-4 vlp-link-image\"><img loading=\"lazy\" decoding=\"async\" style=\"max-width: 792px;\" width=\"792\" height=\"445\" src=\"https:\/\/dicodusport.fr\/blog\/wp-content\/uploads\/2025\/06\/Rallye-de-Sardaigne-2025-Classement-general-en-direct.png\" class=\"attachment-800x445 size-800x445\" alt=\"Rallye de Sardaigne 2025 - Classement g\u00e9n\u00e9ral en direct\" srcset=\"https:\/\/dicodusport.fr\/blog\/wp-content\/uploads\/2025\/06\/Rallye-de-Sardaigne-2025-Classement-general-en-direct.png 1200w, https:\/\/dicodusport.fr\/blog\/wp-content\/uploads\/2025\/06\/Rallye-de-Sardaigne-2025-Classement-general-en-direct-300x169.png 300w, https:\/\/dicodusport.fr\/blog\/wp-content\/uploads\/2025\/06\/Rallye-de-Sardaigne-2025-Classement-general-en-direct-1024x575.png 1024w, https:\/\/dicodusport.fr\/blog\/wp-content\/uploads\/2025\/06\/Rallye-de-Sardaigne-2025-Classement-general-en-direct-768x431.png 768w\" sizes=\"auto, (max-width: 792px) 100vw, 792px\" \/><\/div><\/div><div class=\"vlp-layout-zone-main\"><div class=\"vlp-block-0 vlp-link-title\">Rallye de Sardaigne 2025 - Classement g\u00e9n\u00e9ral en direct<\/div><div class=\"vlp-block-1 vlp-link-summary\">D\u00e9couvrez le classement g\u00e9n\u00e9ral et les r\u00e9sultats complets (top 10) du Rallye de Sardaigne 2025, sixi\u00e8me manche du championnat du monde des rallyes WRC 2025.<\/div><div class=\"vlp-block-2 vlp-link-button\">Lire l'article<\/div><div class=\"vlp-block-3 vlp-link-url\">dicodusport.fr<\/div><\/div><\/div>\n<ul>\n<li><strong>\u00c0 ce sujet &#8211; <a href=\"https:\/\/dicodusport.fr\/blog\/rallyes-wrc-2025-classement-general-des-pilotes\/\">Rallyes WRC 2025 \u2013 Classement g\u00e9n\u00e9ral des pilotes<\/a><\/strong><\/li>\n<\/ul>\n<h2 style=\"text-align: justify;\">Le palmar\u00e8s de la saison 2025<\/h2>\n<p style=\"text-align: justify;\"><strong>Rallye Monte Carlo : <\/strong>S\u00e9bastien Ogier (Toyota) \u2013 <a href=\"https:\/\/dicodusport.fr\/blog\/rallye-monte-carlo-2025-le-classement-general-en-direct\/\"><em>Classement final<\/em><\/a><strong><br \/>\nRallye de Su\u00e8de :<\/strong> Elfyn Evans (Toyota) \u2013 <a href=\"https:\/\/dicodusport.fr\/blog\/rallye-de-suede-2025-le-classement-general-en-direct\/\"><em>Classement final<\/em><\/a><br \/>\n<strong>Rallye du Kenya :<\/strong> Elfyn Evans (Toyota) \u2013 <a href=\"https:\/\/dicodusport.fr\/blog\/rallye-du-kenya-2025-le-classement-general-en-direct\/\"><em>Classement final<\/em><\/a><br \/>\n<strong>Rallye des Iles Canaries :<\/strong> Kalle Rovanper\u00e4 (Toyota) \u2013 <a href=\"https:\/\/dicodusport.fr\/blog\/rallye-des-iles-canaries-2025-le-classement-general-en-direct\/\"><em>Classement final<\/em><\/a><br \/>\n<strong>Rallye du Portugal :<\/strong> S\u00e9bastien Ogier (Toyota) \u2013 <a href=\"https:\/\/dicodusport.fr\/blog\/rallye-du-portugal-2025-classement-general-en-direct\/\"><em>Classement final<\/em><\/a><\/p>\n","protected":false},"excerpt":{"rendered":"<p>D\u00e9couvrez le programme complet, les horaires et les r\u00e9sultats en direct des sp\u00e9ciales du Rallye de Sardaigne.<\/p>\n","protected":false},"author":4,"featured_media":584787,"comment_status":"open","ping_status":"closed","sticky":false,"template":"","format":"standard","meta":{"_acf_changed":false,"_daextam_enable_autolinks":"1","footnotes":""},"categories":[47088],"tags":[16878,23876,2235,17076],"class_list":["post-584159","post","type-post","status-publish","format-standard","has-post-thumbnail","hentry","category-rallye-wrc","tag-breve","tag-rallye-de-sardaigne","tag-wrc","tag-wrc-sardaigne"],"acf":[],"yoast_head":"<!-- This site is optimized with the Yoast SEO Premium plugin v26.7 (Yoast SEO v26.7) - https:\/\/yoast.com\/wordpress\/plugins\/seo\/ -->\n<title>Rallye de Sardaigne 2025 : Programme des sp\u00e9ciales et r\u00e9sultats<\/title>\n<meta name=\"description\" content=\"D\u00e9couvrez le programme complet, les horaires et les r\u00e9sultats en direct des sp\u00e9ciales du Rallye de Sardaigne.\" \/>\n<meta name=\"robots\" content=\"index, follow, max-snippet:-1, max-image-preview:large, max-video-preview:-1\" \/>\n<link rel=\"canonical\" href=\"https:\/\/dicodusport.fr\/blog\/rallye-de-sardaigne-2025-programme-des-speciales-et-resultats\/\" \/>\n<meta property=\"og:locale\" content=\"fr_FR\" \/>\n<meta property=\"og:type\" content=\"article\" \/>\n<meta property=\"og:title\" content=\"Rallye de Sardaigne 2025 : Programme des sp\u00e9ciales et r\u00e9sultats\" \/>\n<meta property=\"og:description\" content=\"D\u00e9couvrez le programme complet, les horaires et les r\u00e9sultats en direct des sp\u00e9ciales du Rallye de Sardaigne.\" \/>\n<meta property=\"og:url\" content=\"https:\/\/dicodusport.fr\/blog\/rallye-de-sardaigne-2025-programme-des-speciales-et-resultats\/\" \/>\n<meta property=\"og:site_name\" content=\"Dicodusport\" \/>\n<meta property=\"article:publisher\" content=\"https:\/\/www.facebook.com\/dicodusport\" \/>\n<meta property=\"article:author\" content=\"https:\/\/www.facebook.com\/florent.ostermann\" \/>\n<meta property=\"article:published_time\" content=\"2025-06-08T12:16:41+00:00\" \/>\n<meta property=\"article:modified_time\" content=\"2025-06-08T12:33:40+00:00\" \/>\n<meta property=\"og:image\" content=\"https:\/\/dicodusport.fr\/blog\/wp-content\/uploads\/2025\/06\/Rallye-de-Sardaigne-2025-Programme-des-speciales-et-resultats-1.png\" \/>\n\t<meta property=\"og:image:width\" content=\"1200\" \/>\n\t<meta property=\"og:image:height\" content=\"674\" \/>\n\t<meta property=\"og:image:type\" content=\"image\/png\" \/>\n<meta name=\"author\" content=\"Flo Ostermann\" \/>\n<meta name=\"twitter:card\" content=\"summary_large_image\" \/>\n<meta name=\"twitter:title\" content=\"Rallye de Sardaigne 2025 : Programme des sp\u00e9ciales et r\u00e9sultats\" \/>\n<meta name=\"twitter:creator\" content=\"@https:\/\/twitter.com\/FlOstermann\" \/>\n<meta name=\"twitter:site\" content=\"@dicodusport\" \/>\n<script type=\"application\/ld+json\" class=\"yoast-schema-graph\">{\"@context\":\"https:\/\/schema.org\",\"@graph\":[{\"@type\":\"NewsArticle\",\"@id\":\"https:\/\/dicodusport.fr\/blog\/rallye-de-sardaigne-2025-programme-des-speciales-et-resultats\/#article\",\"isPartOf\":{\"@id\":\"https:\/\/dicodusport.fr\/blog\/rallye-de-sardaigne-2025-programme-des-speciales-et-resultats\/\"},\"author\":{\"name\":\"Flo Ostermann\",\"@id\":\"https:\/\/dicodusport.fr\/blog\/#\/schema\/person\/cb02af4c173ce4a653b55e9baf388d4a\"},\"headline\":\"Rallye de Sardaigne 2025 : Programme des sp\u00e9ciales et r\u00e9sultats\",\"datePublished\":\"2025-06-08T12:16:41+00:00\",\"dateModified\":\"2025-06-08T12:33:40+00:00\",\"mainEntityOfPage\":{\"@id\":\"https:\/\/dicodusport.fr\/blog\/rallye-de-sardaigne-2025-programme-des-speciales-et-resultats\/\"},\"wordCount\":795,\"commentCount\":0,\"publisher\":{\"@id\":\"https:\/\/dicodusport.fr\/blog\/#organization\"},\"image\":{\"@id\":\"https:\/\/dicodusport.fr\/blog\/rallye-de-sardaigne-2025-programme-des-speciales-et-resultats\/#primaryimage\"},\"thumbnailUrl\":\"https:\/\/dicodusport.fr\/blog\/wp-content\/uploads\/2025\/06\/Rallye-de-Sardaigne-2025-Programme-des-speciales-et-resultats-1.png\",\"keywords\":[\"br\u00e8ve\",\"Rallye de Sardaigne\",\"WRC\",\"WRC Sardaigne\"],\"articleSection\":[\"Rallye WRC\"],\"inLanguage\":\"fr-FR\",\"potentialAction\":[{\"@type\":\"CommentAction\",\"name\":\"Comment\",\"target\":[\"https:\/\/dicodusport.fr\/blog\/rallye-de-sardaigne-2025-programme-des-speciales-et-resultats\/#respond\"]}],\"copyrightYear\":\"2025\",\"copyrightHolder\":{\"@id\":\"https:\/\/dicodusport.fr\/blog\/#organization\"}},{\"@type\":\"WebPage\",\"@id\":\"https:\/\/dicodusport.fr\/blog\/rallye-de-sardaigne-2025-programme-des-speciales-et-resultats\/\",\"url\":\"https:\/\/dicodusport.fr\/blog\/rallye-de-sardaigne-2025-programme-des-speciales-et-resultats\/\",\"name\":\"Rallye de Sardaigne 2025 : Programme des sp\u00e9ciales et r\u00e9sultats\",\"isPartOf\":{\"@id\":\"https:\/\/dicodusport.fr\/blog\/#website\"},\"primaryImageOfPage\":{\"@id\":\"https:\/\/dicodusport.fr\/blog\/rallye-de-sardaigne-2025-programme-des-speciales-et-resultats\/#primaryimage\"},\"image\":{\"@id\":\"https:\/\/dicodusport.fr\/blog\/rallye-de-sardaigne-2025-programme-des-speciales-et-resultats\/#primaryimage\"},\"thumbnailUrl\":\"https:\/\/dicodusport.fr\/blog\/wp-content\/uploads\/2025\/06\/Rallye-de-Sardaigne-2025-Programme-des-speciales-et-resultats-1.png\",\"datePublished\":\"2025-06-08T12:16:41+00:00\",\"dateModified\":\"2025-06-08T12:33:40+00:00\",\"description\":\"D\u00e9couvrez le programme complet, les horaires et les r\u00e9sultats en direct des sp\u00e9ciales du Rallye de Sardaigne.\",\"breadcrumb\":{\"@id\":\"https:\/\/dicodusport.fr\/blog\/rallye-de-sardaigne-2025-programme-des-speciales-et-resultats\/#breadcrumb\"},\"inLanguage\":\"fr-FR\",\"potentialAction\":[{\"@type\":\"ReadAction\",\"target\":[\"https:\/\/dicodusport.fr\/blog\/rallye-de-sardaigne-2025-programme-des-speciales-et-resultats\/\"]}]},{\"@type\":\"ImageObject\",\"inLanguage\":\"fr-FR\",\"@id\":\"https:\/\/dicodusport.fr\/blog\/rallye-de-sardaigne-2025-programme-des-speciales-et-resultats\/#primaryimage\",\"url\":\"https:\/\/dicodusport.fr\/blog\/wp-content\/uploads\/2025\/06\/Rallye-de-Sardaigne-2025-Programme-des-speciales-et-resultats-1.png\",\"contentUrl\":\"https:\/\/dicodusport.fr\/blog\/wp-content\/uploads\/2025\/06\/Rallye-de-Sardaigne-2025-Programme-des-speciales-et-resultats-1.png\",\"width\":1200,\"height\":674,\"caption\":\"Rallye de Sardaigne 2025 Programme des sp\u00e9ciales et r\u00e9sultats\"},{\"@type\":\"BreadcrumbList\",\"@id\":\"https:\/\/dicodusport.fr\/blog\/rallye-de-sardaigne-2025-programme-des-speciales-et-resultats\/#breadcrumb\",\"itemListElement\":[{\"@type\":\"ListItem\",\"position\":1,\"name\":\"Accueil\",\"item\":\"https:\/\/dicodusport.fr\/blog\/\"},{\"@type\":\"ListItem\",\"position\":2,\"name\":\"Rallye de Sardaigne 2025 : Programme des sp\u00e9ciales et r\u00e9sultats\"}]},{\"@type\":\"WebSite\",\"@id\":\"https:\/\/dicodusport.fr\/blog\/#website\",\"url\":\"https:\/\/dicodusport.fr\/blog\/\",\"name\":\"Dicodusport\",\"description\":\"L&#039;encyclop\u00e9die de l&#039;actualit\u00e9 sportive\",\"publisher\":{\"@id\":\"https:\/\/dicodusport.fr\/blog\/#organization\"},\"potentialAction\":[{\"@type\":\"SearchAction\",\"target\":{\"@type\":\"EntryPoint\",\"urlTemplate\":\"https:\/\/dicodusport.fr\/blog\/?s={search_term_string}\"},\"query-input\":{\"@type\":\"PropertyValueSpecification\",\"valueRequired\":true,\"valueName\":\"search_term_string\"}}],\"inLanguage\":\"fr-FR\"},{\"@type\":\"NewsMediaOrganization\",\"@id\":\"https:\/\/dicodusport.fr\/blog\/#organization\",\"name\":\"Dicodusport\",\"url\":\"https:\/\/dicodusport.fr\/blog\/\",\"logo\":{\"@type\":\"ImageObject\",\"inLanguage\":\"fr-FR\",\"@id\":\"https:\/\/dicodusport.fr\/blog\/#\/schema\/logo\/image\/\",\"url\":\"https:\/\/dicodusport.fr\/blog\/wp-content\/uploads\/2020\/06\/cropped-LOGO-DICODUSPORT-2020-SANS-FOND-SANS-TEXTE.png\",\"contentUrl\":\"https:\/\/dicodusport.fr\/blog\/wp-content\/uploads\/2020\/06\/cropped-LOGO-DICODUSPORT-2020-SANS-FOND-SANS-TEXTE.png\",\"width\":512,\"height\":512,\"caption\":\"Dicodusport\"},\"image\":{\"@id\":\"https:\/\/dicodusport.fr\/blog\/#\/schema\/logo\/image\/\"},\"sameAs\":[\"https:\/\/www.facebook.com\/dicodusport\",\"https:\/\/x.com\/dicodusport\",\"https:\/\/www.instagram.com\/dicodusport\/\",\"https:\/\/www.youtube.com\/channel\/UC7V2KZ5sd3htJivAbA4ZG3w\"],\"description\":\"Dicodusport est l'encyclop\u00e9die de l'actualit\u00e9 sportive.\",\"email\":\"bonjour@dicodusport.fr\",\"legalName\":\"DICODUSPORT\",\"foundingDate\":\"2018-01-14\",\"vatID\":\"FR71834470973\",\"taxID\":\"83447097300043\",\"numberOfEmployees\":{\"@type\":\"QuantitativeValue\",\"minValue\":\"1\",\"maxValue\":\"10\"}},{\"@type\":\"Person\",\"@id\":\"https:\/\/dicodusport.fr\/blog\/#\/schema\/person\/cb02af4c173ce4a653b55e9baf388d4a\",\"name\":\"Flo Ostermann\",\"image\":{\"@type\":\"ImageObject\",\"inLanguage\":\"fr-FR\",\"@id\":\"https:\/\/dicodusport.fr\/blog\/#\/schema\/person\/image\/\",\"url\":\"https:\/\/dicodusport.fr\/blog\/wp-content\/uploads\/2021\/05\/Flo-Ostermann-150x150.jpg\",\"contentUrl\":\"https:\/\/dicodusport.fr\/blog\/wp-content\/uploads\/2021\/05\/Flo-Ostermann-150x150.jpg\",\"caption\":\"Flo Ostermann\"},\"description\":\"Journaliste\/R\u00e9dacteur depuis septembre 2015 - Mes premiers souvenirs dans le sport ? Les envol\u00e9es du Stade Toulousain et les duels Villeneuve-Schumacher et H\u00e4kkinen-Schumacher \u00e0 la fin des ann\u00e9es 90, la Coupe du monde de football en 1998, l\u2019exploit du XV de France face aux All Blacks en 1999, mais aussi Richard C\u0153ur de Lion qui vole sur les montagnes du Tour de France. Bien parti pour devenir professeur d\u2019EPS, les \u00e9v\u00e9nements de la vie (et la flemme d\u2019animer des s\u00e9ances de 3x500 m\u00e8tres toute ma vie) m\u2019ont conduit \u00e0 revoir mes plans. Me voil\u00e0 depuis fin 2017 sur Dicodusport, m\u00e9dia gr\u00e2ce (et pour) lequel je partage ma passion : le sport dans tous ses \u00e9tats. Le tout accompagn\u00e9 par les fous furieux et folles furieuses cit\u00e9s sur cette page !\",\"sameAs\":[\"https:\/\/www.facebook.com\/florent.ostermann\",\"https:\/\/x.com\/https:\/\/twitter.com\/FlOstermann\",\"admin\"],\"url\":\"https:\/\/dicodusport.fr\/blog\/author\/flo\/\"}]}<\/script>\n<!-- \/ Yoast SEO Premium plugin. -->","yoast_head_json":{"title":"Rallye de Sardaigne 2025 : Programme des sp\u00e9ciales et r\u00e9sultats","description":"D\u00e9couvrez le programme complet, les horaires et les r\u00e9sultats en direct des sp\u00e9ciales du Rallye de Sardaigne.","robots":{"index":"index","follow":"follow","max-snippet":"max-snippet:-1","max-image-preview":"max-image-preview:large","max-video-preview":"max-video-preview:-1"},"canonical":"https:\/\/dicodusport.fr\/blog\/rallye-de-sardaigne-2025-programme-des-speciales-et-resultats\/","og_locale":"fr_FR","og_type":"article","og_title":"Rallye de Sardaigne 2025 : Programme des sp\u00e9ciales et r\u00e9sultats","og_description":"D\u00e9couvrez le programme complet, les horaires et les r\u00e9sultats en direct des sp\u00e9ciales du Rallye de Sardaigne.","og_url":"https:\/\/dicodusport.fr\/blog\/rallye-de-sardaigne-2025-programme-des-speciales-et-resultats\/","og_site_name":"Dicodusport","article_publisher":"https:\/\/www.facebook.com\/dicodusport","article_author":"https:\/\/www.facebook.com\/florent.ostermann","article_published_time":"2025-06-08T12:16:41+00:00","article_modified_time":"2025-06-08T12:33:40+00:00","og_image":[{"width":1200,"height":674,"url":"https:\/\/dicodusport.fr\/blog\/wp-content\/uploads\/2025\/06\/Rallye-de-Sardaigne-2025-Programme-des-speciales-et-resultats-1.png","type":"image\/png"}],"author":"Flo Ostermann","twitter_card":"summary_large_image","twitter_title":"Rallye de Sardaigne 2025 : Programme des sp\u00e9ciales et r\u00e9sultats","twitter_creator":"@https:\/\/twitter.com\/FlOstermann","twitter_site":"@dicodusport","schema":{"@context":"https:\/\/schema.org","@graph":[{"@type":"NewsArticle","@id":"https:\/\/dicodusport.fr\/blog\/rallye-de-sardaigne-2025-programme-des-speciales-et-resultats\/#article","isPartOf":{"@id":"https:\/\/dicodusport.fr\/blog\/rallye-de-sardaigne-2025-programme-des-speciales-et-resultats\/"},"author":{"name":"Flo Ostermann","@id":"https:\/\/dicodusport.fr\/blog\/#\/schema\/person\/cb02af4c173ce4a653b55e9baf388d4a"},"headline":"Rallye de Sardaigne 2025 : Programme des sp\u00e9ciales et r\u00e9sultats","datePublished":"2025-06-08T12:16:41+00:00","dateModified":"2025-06-08T12:33:40+00:00","mainEntityOfPage":{"@id":"https:\/\/dicodusport.fr\/blog\/rallye-de-sardaigne-2025-programme-des-speciales-et-resultats\/"},"wordCount":795,"commentCount":0,"publisher":{"@id":"https:\/\/dicodusport.fr\/blog\/#organization"},"image":{"@id":"https:\/\/dicodusport.fr\/blog\/rallye-de-sardaigne-2025-programme-des-speciales-et-resultats\/#primaryimage"},"thumbnailUrl":"https:\/\/dicodusport.fr\/blog\/wp-content\/uploads\/2025\/06\/Rallye-de-Sardaigne-2025-Programme-des-speciales-et-resultats-1.png","keywords":["br\u00e8ve","Rallye de Sardaigne","WRC","WRC Sardaigne"],"articleSection":["Rallye WRC"],"inLanguage":"fr-FR","potentialAction":[{"@type":"CommentAction","name":"Comment","target":["https:\/\/dicodusport.fr\/blog\/rallye-de-sardaigne-2025-programme-des-speciales-et-resultats\/#respond"]}],"copyrightYear":"2025","copyrightHolder":{"@id":"https:\/\/dicodusport.fr\/blog\/#organization"}},{"@type":"WebPage","@id":"https:\/\/dicodusport.fr\/blog\/rallye-de-sardaigne-2025-programme-des-speciales-et-resultats\/","url":"https:\/\/dicodusport.fr\/blog\/rallye-de-sardaigne-2025-programme-des-speciales-et-resultats\/","name":"Rallye de Sardaigne 2025 : Programme des sp\u00e9ciales et r\u00e9sultats","isPartOf":{"@id":"https:\/\/dicodusport.fr\/blog\/#website"},"primaryImageOfPage":{"@id":"https:\/\/dicodusport.fr\/blog\/rallye-de-sardaigne-2025-programme-des-speciales-et-resultats\/#primaryimage"},"image":{"@id":"https:\/\/dicodusport.fr\/blog\/rallye-de-sardaigne-2025-programme-des-speciales-et-resultats\/#primaryimage"},"thumbnailUrl":"https:\/\/dicodusport.fr\/blog\/wp-content\/uploads\/2025\/06\/Rallye-de-Sardaigne-2025-Programme-des-speciales-et-resultats-1.png","datePublished":"2025-06-08T12:16:41+00:00","dateModified":"2025-06-08T12:33:40+00:00","description":"D\u00e9couvrez le programme complet, les horaires et les r\u00e9sultats en direct des sp\u00e9ciales du Rallye de Sardaigne.","breadcrumb":{"@id":"https:\/\/dicodusport.fr\/blog\/rallye-de-sardaigne-2025-programme-des-speciales-et-resultats\/#breadcrumb"},"inLanguage":"fr-FR","potentialAction":[{"@type":"ReadAction","target":["https:\/\/dicodusport.fr\/blog\/rallye-de-sardaigne-2025-programme-des-speciales-et-resultats\/"]}]},{"@type":"ImageObject","inLanguage":"fr-FR","@id":"https:\/\/dicodusport.fr\/blog\/rallye-de-sardaigne-2025-programme-des-speciales-et-resultats\/#primaryimage","url":"https:\/\/dicodusport.fr\/blog\/wp-content\/uploads\/2025\/06\/Rallye-de-Sardaigne-2025-Programme-des-speciales-et-resultats-1.png","contentUrl":"https:\/\/dicodusport.fr\/blog\/wp-content\/uploads\/2025\/06\/Rallye-de-Sardaigne-2025-Programme-des-speciales-et-resultats-1.png","width":1200,"height":674,"caption":"Rallye de Sardaigne 2025 Programme des sp\u00e9ciales et r\u00e9sultats"},{"@type":"BreadcrumbList","@id":"https:\/\/dicodusport.fr\/blog\/rallye-de-sardaigne-2025-programme-des-speciales-et-resultats\/#breadcrumb","itemListElement":[{"@type":"ListItem","position":1,"name":"Accueil","item":"https:\/\/dicodusport.fr\/blog\/"},{"@type":"ListItem","position":2,"name":"Rallye de Sardaigne 2025 : Programme des sp\u00e9ciales et r\u00e9sultats"}]},{"@type":"WebSite","@id":"https:\/\/dicodusport.fr\/blog\/#website","url":"https:\/\/dicodusport.fr\/blog\/","name":"Dicodusport","description":"L&#039;encyclop\u00e9die de l&#039;actualit\u00e9 sportive","publisher":{"@id":"https:\/\/dicodusport.fr\/blog\/#organization"},"potentialAction":[{"@type":"SearchAction","target":{"@type":"EntryPoint","urlTemplate":"https:\/\/dicodusport.fr\/blog\/?s={search_term_string}"},"query-input":{"@type":"PropertyValueSpecification","valueRequired":true,"valueName":"search_term_string"}}],"inLanguage":"fr-FR"},{"@type":"NewsMediaOrganization","@id":"https:\/\/dicodusport.fr\/blog\/#organization","name":"Dicodusport","url":"https:\/\/dicodusport.fr\/blog\/","logo":{"@type":"ImageObject","inLanguage":"fr-FR","@id":"https:\/\/dicodusport.fr\/blog\/#\/schema\/logo\/image\/","url":"https:\/\/dicodusport.fr\/blog\/wp-content\/uploads\/2020\/06\/cropped-LOGO-DICODUSPORT-2020-SANS-FOND-SANS-TEXTE.png","contentUrl":"https:\/\/dicodusport.fr\/blog\/wp-content\/uploads\/2020\/06\/cropped-LOGO-DICODUSPORT-2020-SANS-FOND-SANS-TEXTE.png","width":512,"height":512,"caption":"Dicodusport"},"image":{"@id":"https:\/\/dicodusport.fr\/blog\/#\/schema\/logo\/image\/"},"sameAs":["https:\/\/www.facebook.com\/dicodusport","https:\/\/x.com\/dicodusport","https:\/\/www.instagram.com\/dicodusport\/","https:\/\/www.youtube.com\/channel\/UC7V2KZ5sd3htJivAbA4ZG3w"],"description":"Dicodusport est l'encyclop\u00e9die de l'actualit\u00e9 sportive.","email":"bonjour@dicodusport.fr","legalName":"DICODUSPORT","foundingDate":"2018-01-14","vatID":"FR71834470973","taxID":"83447097300043","numberOfEmployees":{"@type":"QuantitativeValue","minValue":"1","maxValue":"10"}},{"@type":"Person","@id":"https:\/\/dicodusport.fr\/blog\/#\/schema\/person\/cb02af4c173ce4a653b55e9baf388d4a","name":"Flo Ostermann","image":{"@type":"ImageObject","inLanguage":"fr-FR","@id":"https:\/\/dicodusport.fr\/blog\/#\/schema\/person\/image\/","url":"https:\/\/dicodusport.fr\/blog\/wp-content\/uploads\/2021\/05\/Flo-Ostermann-150x150.jpg","contentUrl":"https:\/\/dicodusport.fr\/blog\/wp-content\/uploads\/2021\/05\/Flo-Ostermann-150x150.jpg","caption":"Flo Ostermann"},"description":"Journaliste\/R\u00e9dacteur depuis septembre 2015 - Mes premiers souvenirs dans le sport ? Les envol\u00e9es du Stade Toulousain et les duels Villeneuve-Schumacher et H\u00e4kkinen-Schumacher \u00e0 la fin des ann\u00e9es 90, la Coupe du monde de football en 1998, l\u2019exploit du XV de France face aux All Blacks en 1999, mais aussi Richard C\u0153ur de Lion qui vole sur les montagnes du Tour de France. Bien parti pour devenir professeur d\u2019EPS, les \u00e9v\u00e9nements de la vie (et la flemme d\u2019animer des s\u00e9ances de 3x500 m\u00e8tres toute ma vie) m\u2019ont conduit \u00e0 revoir mes plans. Me voil\u00e0 depuis fin 2017 sur Dicodusport, m\u00e9dia gr\u00e2ce (et pour) lequel je partage ma passion : le sport dans tous ses \u00e9tats. Le tout accompagn\u00e9 par les fous furieux et folles furieuses cit\u00e9s sur cette page !","sameAs":["https:\/\/www.facebook.com\/florent.ostermann","https:\/\/x.com\/https:\/\/twitter.com\/FlOstermann","admin"],"url":"https:\/\/dicodusport.fr\/blog\/author\/flo\/"}]}},"_links":{"self":[{"href":"https:\/\/dicodusport.fr\/blog\/wp-json\/wp\/v2\/posts\/584159","targetHints":{"allow":["GET"]}}],"collection":[{"href":"https:\/\/dicodusport.fr\/blog\/wp-json\/wp\/v2\/posts"}],"about":[{"href":"https:\/\/dicodusport.fr\/blog\/wp-json\/wp\/v2\/types\/post"}],"author":[{"embeddable":true,"href":"https:\/\/dicodusport.fr\/blog\/wp-json\/wp\/v2\/users\/4"}],"replies":[{"embeddable":true,"href":"https:\/\/dicodusport.fr\/blog\/wp-json\/wp\/v2\/comments?post=584159"}],"version-history":[{"count":6,"href":"https:\/\/dicodusport.fr\/blog\/wp-json\/wp\/v2\/posts\/584159\/revisions"}],"predecessor-version":[{"id":585304,"href":"https:\/\/dicodusport.fr\/blog\/wp-json\/wp\/v2\/posts\/584159\/revisions\/585304"}],"wp:featuredmedia":[{"embeddable":true,"href":"https:\/\/dicodusport.fr\/blog\/wp-json\/wp\/v2\/media\/584787"}],"wp:attachment":[{"href":"https:\/\/dicodusport.fr\/blog\/wp-json\/wp\/v2\/media?parent=584159"}],"wp:term":[{"taxonomy":"category","embeddable":true,"href":"https:\/\/dicodusport.fr\/blog\/wp-json\/wp\/v2\/categories?post=584159"},{"taxonomy":"post_tag","embeddable":true,"href":"https:\/\/dicodusport.fr\/blog\/wp-json\/wp\/v2\/tags?post=584159"}],"curies":[{"name":"wp","href":"https:\/\/api.w.org\/{rel}","templated":true}]}}