{"id":584890,"date":"2025-06-08T08:00:22","date_gmt":"2025-06-08T06:00:22","guid":{"rendered":"https:\/\/dicodusport.fr\/blog\/?p=584890&#038;preview=true&#038;preview_id=584890"},"modified":"2025-06-08T08:37:34","modified_gmt":"2025-06-08T06:37:34","slug":"coupe-du-monde-de-vtt-samara-maxwell-la-prime-a-la-regularite","status":"publish","type":"post","link":"https:\/\/dicodusport.fr\/blog\/coupe-du-monde-de-vtt-samara-maxwell-la-prime-a-la-regularite\/","title":{"rendered":"Coupe du monde de VTT : Samara Maxwell, la prime \u00e0 la r\u00e9gularit\u00e9"},"content":{"rendered":"<p style=\"text-align: justify;\"><strong><em>COUPE DU MONDE DE VTT 2025 &#8211; Samara Maxwell explose cette saison au plus haut niveau apr\u00e8s avoir connu quelques gal\u00e8res ces derni\u00e8res ann\u00e9es. La souriante n\u00e9o-z\u00e9landaise est large leader de la Coupe du monde au moment de la 4e \u00e9tape, \u00e0 Leogang.<\/em><\/strong><\/p>\n<ul style=\"text-align: justify;\">\n<li><strong>\u00c0 ce sujet \u2013\u00a0<a href=\"https:\/\/dicodusport.fr\/blog\/coupe-du-monde-vtt-cross-country-2025-calendrier-et-resultats-a-jour\/\">Coupe du monde VTT Cross-Country 2025 : Calendrier et R\u00e9sultats \u00e0 Jour<\/a><\/strong><\/li>\n<\/ul>\n<p style=\"text-align: justify;\"><span style=\"font-weight: 400;\">Son d\u00e9but de carri\u00e8re fut loin d\u2019\u00eatre de tout repos mais le vent a maintenant tourn\u00e9 positivement pour <\/span><b>Samara Maxwell<\/b><span style=\"font-weight: 400;\">. La Kiwi de l\u2019\u00e9quipe fran\u00e7aise Decathlon-Ford a connu des bas vraiment bas et tutoie d\u00e9sormais les sommets en \u00e9tant num\u00e9ro 1 mondiale sur ce d\u00e9but de saison de Coupe du monde. Elle qui n\u2019avait jamais gagn\u00e9 au plus haut niveau avant 2025 se retrouve avec une premi\u00e8re victoire, \u00e0 Araxa, et \u00e9galement un total de cinq podiums.<\/span><\/p>\n<p style=\"text-align: justify;\"><span style=\"font-weight: 400;\">Une r\u00e9gularit\u00e9 toute neuve pour celle qui se cherchait encore, \u00e0 bient\u00f4t 24 ans. L\u2019an pass\u00e9, la N\u00e9o-Z\u00e9landaise a pr\u00e9f\u00e9r\u00e9 zapper le d\u00e9but de la Coupe du monde pour <em>\u201cprendre soin de [son] cerveau\u201d<\/em>, d\u2019apr\u00e8s ses propres dires. Un plan de saison boulevers\u00e9, non tenu, mais une voie qui a satisfait la jeune v\u00e9t\u00e9tiste. <em>\u201dC\u2019est difficile de voir tout le monde monter en puissance en vue du d\u00e9but de la Coupe du monde. [&#8230;] Mais je fais de beaux progr\u00e8s et j\u2019essaie de continuellement m\u2019am\u00e9liorer en tant que personne et pas seulement en tant que cycliste\u201d<\/em> \u00e9crivait-elle en avril 2024.<\/span><\/p>\n<blockquote class=\"instagram-media\" style=\"background: #FFF; border: 0; border-radius: 3px; box-shadow: 0 0 1px 0 rgba(0,0,0,0.5),0 1px 10px 0 rgba(0,0,0,0.15); margin: 1px; max-width: 540px; min-width: 326px; padding: 0; width: calc(100% - 2px);\" data-instgrm-captioned=\"\" data-instgrm-permalink=\"https:\/\/www.instagram.com\/p\/C5hMXonSOq1\/?utm_source=ig_embed&amp;utm_campaign=loading\" data-instgrm-version=\"14\">\n<div style=\"padding: 16px;\">\n<p>&nbsp;<\/p>\n<div style=\"display: flex; flex-direction: row; align-items: center;\">\n<div style=\"background-color: #f4f4f4; border-radius: 50%; flex-grow: 0; height: 40px; margin-right: 14px; width: 40px;\"><\/div>\n<div style=\"display: flex; flex-direction: column; flex-grow: 1; justify-content: center;\">\n<div style=\"background-color: #f4f4f4; border-radius: 4px; flex-grow: 0; height: 14px; margin-bottom: 6px; width: 100px;\"><\/div>\n<div style=\"background-color: #f4f4f4; border-radius: 4px; flex-grow: 0; height: 14px; width: 60px;\"><\/div>\n<\/div>\n<\/div>\n<div style=\"padding: 19% 0;\"><\/div>\n<div style=\"display: block; height: 50px; margin: 0 auto 12px; width: 50px;\"><\/div>\n<div style=\"padding-top: 8px;\">\n<div style=\"color: #3897f0; font-family: Arial,sans-serif; font-size: 14px; font-style: normal; font-weight: 550; line-height: 18px;\">Voir cette publication sur Instagram<\/div>\n<\/div>\n<div style=\"padding: 12.5% 0;\"><\/div>\n<div style=\"display: flex; flex-direction: row; margin-bottom: 14px; align-items: center;\">\n<div>\n<div style=\"background-color: #f4f4f4; border-radius: 50%; height: 12.5px; width: 12.5px; transform: translateX(0px) translateY(7px);\"><\/div>\n<div style=\"background-color: #f4f4f4; height: 12.5px; transform: rotate(-45deg) translateX(3px) translateY(1px); width: 12.5px; flex-grow: 0; margin-right: 14px; margin-left: 2px;\"><\/div>\n<div style=\"background-color: #f4f4f4; border-radius: 50%; height: 12.5px; width: 12.5px; transform: translateX(9px) translateY(-18px);\"><\/div>\n<\/div>\n<div style=\"margin-left: 8px;\">\n<div style=\"background-color: #f4f4f4; border-radius: 50%; flex-grow: 0; height: 20px; width: 20px;\"><\/div>\n<div style=\"width: 0; height: 0; border-top: 2px solid transparent; border-left: 6px solid #f4f4f4; border-bottom: 2px solid transparent; transform: translateX(16px) translateY(-4px) rotate(30deg);\"><\/div>\n<\/div>\n<div style=\"margin-left: auto;\">\n<div style=\"width: 0px; border-top: 8px solid #F4F4F4; border-right: 8px solid transparent; transform: translateY(16px);\"><\/div>\n<div style=\"background-color: #f4f4f4; flex-grow: 0; height: 12px; width: 16px; transform: translateY(-4px);\"><\/div>\n<div style=\"width: 0; height: 0; border-top: 8px solid #F4F4F4; border-left: 8px solid transparent; transform: translateY(-4px) translateX(8px);\"><\/div>\n<\/div>\n<\/div>\n<div style=\"display: flex; flex-direction: column; flex-grow: 1; justify-content: center; margin-bottom: 24px;\">\n<div style=\"background-color: #f4f4f4; border-radius: 4px; flex-grow: 0; height: 14px; margin-bottom: 6px; width: 224px;\"><\/div>\n<div style=\"background-color: #f4f4f4; border-radius: 4px; flex-grow: 0; height: 14px; width: 144px;\"><\/div>\n<\/div>\n<p>&nbsp;<\/p>\n<p style=\"color: #c9c8cd; font-family: Arial,sans-serif; font-size: 14px; line-height: 17px; margin-bottom: 0; margin-top: 8px; overflow: hidden; padding: 8px 0 7px; text-align: center; text-overflow: ellipsis; white-space: nowrap;\"><a style=\"color: #c9c8cd; font-family: Arial,sans-serif; font-size: 14px; font-style: normal; font-weight: normal; line-height: 17px; text-decoration: none;\" href=\"https:\/\/www.instagram.com\/p\/C5hMXonSOq1\/?utm_source=ig_embed&amp;utm_campaign=loading\" target=\"_blank\" rel=\"noopener\">Une publication partag\u00e9e par Sammie Maxwell (@sammie.maxwell.mtb)<\/a><\/p>\n<\/div>\n<\/blockquote>\n<p style=\"text-align: justify;\"><script async src=\"\/\/www.instagram.com\/embed.js\"><\/script><\/p>\n<h2 style=\"text-align: justify;\">Top 10 aux JO puis op\u00e9ration \u00e0 <span style=\"font-weight: 400;\"><strong>c\u0153ur<\/strong> <\/span>ouvert<\/h2>\n<p style=\"text-align: justify;\"><span style=\"font-weight: 400;\">Au c\u0153ur de l\u2019ann\u00e9e, alors que les JO approchaient, <\/span><b>Maxwell <\/b><span style=\"font-weight: 400;\">n\u2019a couru qu\u2019en Europe, obtenant plusieurs top 20 et m\u00eame une 10e place \u00e0 Crans-Montana. La performance majuscule de sa saison est arriv\u00e9e au meilleur moment, lors des Jeux Olympiques de Paris. La d\u00e9jant\u00e9e et toujours souriante cycliste a termin\u00e9 8e, en \u00e9tant \u00e0 la bagarre avec toutes les meilleures mondiales, derri\u00e8re une intouchable <\/span><b>Pauline Ferrand-Pr\u00e9vot<\/b><span style=\"font-weight: 400;\">.<\/span><\/p>\n<ul style=\"text-align: justify;\">\n<li><strong>\u00c0 ce sujet \u2013\u00a0<\/strong><a href=\"https:\/\/dicodusport.fr\/blog\/coupe-du-monde-vtt-2025-classement-general-feminin-en-cross-country\/\"><strong>Coupe du monde VTT 2025 : Classement G\u00e9n\u00e9ral F\u00e9minin en Cross-country<\/strong><\/a><\/li>\n<\/ul>\n<p style=\"text-align: justify;\"><span style=\"font-weight: 400;\">Comme dit pr\u00e9c\u00e9demment, <\/span><b>Samara Maxwell<\/b><span style=\"font-weight: 400;\"> ne fait que rarement les choses \u00e0 moiti\u00e9. \u00c0 l\u2019automne, lors de tests cardiaques, des analyses montrent qu\u2019elle a un trou suppl\u00e9mentaire au c\u0153ur. L\u2019op\u00e9ration est obligatoire, m\u00eame si les sympt\u00f4mes et les risques sont faibles, voire inexistants. Passage \u00e0 l\u2019h\u00f4pital, donc, qui n\u2019a pas perturb\u00e9 la pr\u00e9paration de celle qui est en cat\u00e9gorie \u00e9lite depuis 2024, apr\u00e8s un titre mondial en espoirs l\u2019ann\u00e9e pr\u00e9c\u00e9dente.<\/span><\/p>\n<blockquote>\n<p style=\"text-align: justify;\"><strong>\u00ab\u00a0C&rsquo;\u00e9tait comme un TGV, je n&rsquo;ai rien pu faire\u00a0\u00bb<\/strong><\/p>\n<\/blockquote>\n<p style=\"text-align: justify;\"><span style=\"font-weight: 400;\">Encore ce week-end, \u00e0 Leogang, la v\u00e9t\u00e9tiste de l\u2019autre bout du monde \u00e9tait contente d\u2019elle et lucide. Apr\u00e8s <a href=\"https:\/\/dicodusport.fr\/blog\/vtt-xcc-leogang-puck-pieterse-survole-totalement-le-format-court\/\">le XCC,<\/a> <\/span><span style=\"font-weight: 400;\">o\u00f9 <\/span><span style=\"font-weight: 400;\">elle a termin\u00e9 2e derri\u00e8re <\/span><b>Puck Pieterse<\/b><span style=\"font-weight: 400;\">, elle s\u2019est exprim\u00e9e aupr\u00e8s des organisateurs. \u201cJe savais que ce serait un mini-XCO aujourd\u2019hui donc je suis contente d\u2019avoir bien fait les choses.\u201d Elle poursuit : <em>\u201cComme je l\u2019ai dit, mieux vaut ne pas se concentrer sur une seule cible mais garder \u00e0 l&rsquo;\u0153il tout le monde. Vous comprenez ce que je veux dire ? Il y a juste trop de bonnes rideuses\u2026\u201d<\/em> Sa principale cible ce dimanche, en Autriche, sera bien <\/span><b>Puck Pieterse<\/b><span style=\"font-weight: 400;\">. La N\u00e9erlandaise a compl\u00e8tement domin\u00e9 les d\u00e9bats lors du short-track.\u00a0<\/span><\/p>\n<blockquote class=\"instagram-media\" style=\"background: #FFF; border: 0; border-radius: 3px; box-shadow: 0 0 1px 0 rgba(0,0,0,0.5),0 1px 10px 0 rgba(0,0,0,0.15); margin: 1px; max-width: 540px; min-width: 326px; padding: 0; width: calc(100% - 2px);\" data-instgrm-captioned=\"\" data-instgrm-permalink=\"https:\/\/www.instagram.com\/reel\/DKkXAycMTea\/?utm_source=ig_embed&amp;utm_campaign=loading\" data-instgrm-version=\"14\">\n<div style=\"padding: 16px;\">\n<p>&nbsp;<\/p>\n<div style=\"display: flex; flex-direction: row; align-items: center;\">\n<div style=\"background-color: #f4f4f4; border-radius: 50%; flex-grow: 0; height: 40px; margin-right: 14px; width: 40px;\"><\/div>\n<div style=\"display: flex; flex-direction: column; flex-grow: 1; justify-content: center;\">\n<div style=\"background-color: #f4f4f4; border-radius: 4px; flex-grow: 0; height: 14px; margin-bottom: 6px; width: 100px;\"><\/div>\n<div style=\"background-color: #f4f4f4; border-radius: 4px; flex-grow: 0; height: 14px; width: 60px;\"><\/div>\n<\/div>\n<\/div>\n<div style=\"padding: 19% 0;\"><\/div>\n<div style=\"display: block; height: 50px; margin: 0 auto 12px; width: 50px;\"><\/div>\n<div style=\"padding-top: 8px;\">\n<div style=\"color: #3897f0; font-family: Arial,sans-serif; font-size: 14px; font-style: normal; font-weight: 550; line-height: 18px;\">Voir cette publication sur Instagram<\/div>\n<\/div>\n<div style=\"padding: 12.5% 0;\"><\/div>\n<div style=\"display: flex; flex-direction: row; margin-bottom: 14px; align-items: center;\">\n<div>\n<div style=\"background-color: #f4f4f4; border-radius: 50%; height: 12.5px; width: 12.5px; transform: translateX(0px) translateY(7px);\"><\/div>\n<div style=\"background-color: #f4f4f4; height: 12.5px; transform: rotate(-45deg) translateX(3px) translateY(1px); width: 12.5px; flex-grow: 0; margin-right: 14px; margin-left: 2px;\"><\/div>\n<div style=\"background-color: #f4f4f4; border-radius: 50%; height: 12.5px; width: 12.5px; transform: translateX(9px) translateY(-18px);\"><\/div>\n<\/div>\n<div style=\"margin-left: 8px;\">\n<div style=\"background-color: #f4f4f4; border-radius: 50%; flex-grow: 0; height: 20px; width: 20px;\"><\/div>\n<div style=\"width: 0; height: 0; border-top: 2px solid transparent; border-left: 6px solid #f4f4f4; border-bottom: 2px solid transparent; transform: translateX(16px) translateY(-4px) rotate(30deg);\"><\/div>\n<\/div>\n<div style=\"margin-left: auto;\">\n<div style=\"width: 0px; border-top: 8px solid #F4F4F4; border-right: 8px solid transparent; transform: translateY(16px);\"><\/div>\n<div style=\"background-color: #f4f4f4; flex-grow: 0; height: 12px; width: 16px; transform: translateY(-4px);\"><\/div>\n<div style=\"width: 0; height: 0; border-top: 8px solid #F4F4F4; border-left: 8px solid transparent; transform: translateY(-4px) translateX(8px);\"><\/div>\n<\/div>\n<\/div>\n<div style=\"display: flex; flex-direction: column; flex-grow: 1; justify-content: center; margin-bottom: 24px;\">\n<div style=\"background-color: #f4f4f4; border-radius: 4px; flex-grow: 0; height: 14px; margin-bottom: 6px; width: 224px;\"><\/div>\n<div style=\"background-color: #f4f4f4; border-radius: 4px; flex-grow: 0; height: 14px; width: 144px;\"><\/div>\n<\/div>\n<p>&nbsp;<\/p>\n<p style=\"color: #c9c8cd; font-family: Arial,sans-serif; font-size: 14px; line-height: 17px; margin-bottom: 0; margin-top: 8px; overflow: hidden; padding: 8px 0 7px; text-align: center; text-overflow: ellipsis; white-space: nowrap;\"><a style=\"color: #c9c8cd; font-family: Arial,sans-serif; font-size: 14px; font-style: normal; font-weight: normal; line-height: 17px; text-decoration: none;\" href=\"https:\/\/www.instagram.com\/reel\/DKkXAycMTea\/?utm_source=ig_embed&amp;utm_campaign=loading\" target=\"_blank\" rel=\"noopener\">Une publication partag\u00e9e par Decathlon Ford Racing Team (@decathlon_ford_racing_team)<\/a><\/p>\n<\/div>\n<\/blockquote>\n<p style=\"text-align: justify;\"><script async src=\"\/\/www.instagram.com\/embed.js\"><\/script><\/p>\n<p style=\"text-align: justify;\"><span style=\"font-weight: 400;\">Apr\u00e8s une tirade sur le fait qu\u2019elle aimerait \u00eatre sponsoris\u00e9e par la marque Marmite, p\u00e2te \u00e0 tartiner britannique qu\u2019elle adore, <\/span><b>Samara Maxwell<\/b><span style=\"font-weight: 400;\"> \u00e9voque sa rivale et sa science de la course. <em>\u201c<\/em><\/span><em>Puck<\/em><span style=\"font-weight: 400;\"><em> a \u00e9t\u00e9 super forte, elle a utilis\u00e9 ses tactiques venant de la route. Elle m\u2019a attaqu\u00e9 sur le plat alors que j\u2019\u00e9tais en train de boire. C\u2019\u00e9tait comme un TGV, je n\u2019ai rien pu faire et cela n\u2019aurait pas \u00e9t\u00e9 diff\u00e9rent si je n\u2019avais pas eu ma gourde \u00e0 la bouche.\u201d<\/em> Sur ce qui est sans doute le trac\u00e9 le plus \u00e9prouvant de la saison, la jeune N\u00e9o-Z\u00e9landaise va avoir l\u2019opportunit\u00e9 d\u2019obtenir un second succ\u00e8s en Coupe du monde. Un podium et elle conserverait son importante marge de 200 points au classement g\u00e9n\u00e9ral. Il n\u2019y a plus qu\u2019\u00e0\u2026<\/span><\/p>\n","protected":false},"excerpt":{"rendered":"<p>COUPE DU MONDE DE VTT 2025 &#8211; Samara Maxwell explose cette saison au plus haut niveau apr\u00e8s avoir connu quelques gal\u00e8res ces derni\u00e8res ann\u00e9es. La souriante n\u00e9o-z\u00e9landaise est large leader de la Coupe du monde au moment de la 4e \u00e9tape, \u00e0 Leogang.<\/p>\n","protected":false},"author":61,"featured_media":584897,"comment_status":"open","ping_status":"closed","sticky":false,"template":"","format":"standard","meta":{"_acf_changed":false,"_daextam_enable_autolinks":"1","footnotes":""},"categories":[10279],"tags":[16878,11873],"class_list":["post-584890","post","type-post","status-publish","format-standard","has-post-thumbnail","hentry","category-vtt","tag-breve","tag-coupe-du-monde-de-vtt"],"acf":[],"yoast_head":"<!-- This site is optimized with the Yoast SEO Premium plugin v26.7 (Yoast SEO v26.7) - https:\/\/yoast.com\/wordpress\/plugins\/seo\/ -->\n<title>Coupe du monde de VTT : Samara Maxwell, la prime \u00e0 la r\u00e9gularit\u00e9<\/title>\n<meta name=\"description\" content=\"Samara Maxwell explose cette saison au plus haut niveau apr\u00e8s avoir connu quelques gal\u00e8res ces derni\u00e8res ann\u00e9es.\" \/>\n<meta name=\"robots\" content=\"index, follow, max-snippet:-1, max-image-preview:large, max-video-preview:-1\" \/>\n<link rel=\"canonical\" href=\"https:\/\/dicodusport.fr\/blog\/coupe-du-monde-de-vtt-samara-maxwell-la-prime-a-la-regularite\/\" \/>\n<meta property=\"og:locale\" content=\"fr_FR\" \/>\n<meta property=\"og:type\" content=\"article\" \/>\n<meta property=\"og:title\" content=\"Coupe du monde de VTT : Samara Maxwell, la prime \u00e0 la r\u00e9gularit\u00e9\" \/>\n<meta property=\"og:description\" content=\"Samara Maxwell explose cette saison au plus haut niveau apr\u00e8s avoir connu quelques gal\u00e8res ces derni\u00e8res ann\u00e9es.\" \/>\n<meta property=\"og:url\" content=\"https:\/\/dicodusport.fr\/blog\/coupe-du-monde-de-vtt-samara-maxwell-la-prime-a-la-regularite\/\" \/>\n<meta property=\"og:site_name\" content=\"Dicodusport\" \/>\n<meta property=\"article:publisher\" content=\"https:\/\/www.facebook.com\/dicodusport\" \/>\n<meta property=\"article:published_time\" content=\"2025-06-08T06:00:22+00:00\" \/>\n<meta property=\"article:modified_time\" content=\"2025-06-08T06:37:34+00:00\" \/>\n<meta property=\"og:image\" content=\"https:\/\/dicodusport.fr\/blog\/wp-content\/uploads\/2025\/06\/Coupe-du-monde-de-VTT-Samara-Maxwell-la-prime-a-la-regularite.png\" \/>\n\t<meta property=\"og:image:width\" content=\"1200\" \/>\n\t<meta property=\"og:image:height\" content=\"674\" \/>\n\t<meta property=\"og:image:type\" content=\"image\/png\" \/>\n<meta name=\"author\" content=\"Pierre Gorce\" \/>\n<meta name=\"twitter:card\" content=\"summary_large_image\" \/>\n<meta name=\"twitter:title\" content=\"Coupe du monde de VTT : Samara Maxwell, la prime \u00e0 la r\u00e9gularit\u00e9\" \/>\n<meta name=\"twitter:creator\" content=\"@https:\/\/twitter.com\/pierregorce12\" \/>\n<meta name=\"twitter:site\" content=\"@dicodusport\" \/>\n<script type=\"application\/ld+json\" class=\"yoast-schema-graph\">{\"@context\":\"https:\/\/schema.org\",\"@graph\":[{\"@type\":\"NewsArticle\",\"@id\":\"https:\/\/dicodusport.fr\/blog\/coupe-du-monde-de-vtt-samara-maxwell-la-prime-a-la-regularite\/#article\",\"isPartOf\":{\"@id\":\"https:\/\/dicodusport.fr\/blog\/coupe-du-monde-de-vtt-samara-maxwell-la-prime-a-la-regularite\/\"},\"author\":{\"name\":\"Pierre Gorce\",\"@id\":\"https:\/\/dicodusport.fr\/blog\/#\/schema\/person\/0eaf70b33d703a1a66b1155ac1bda018\"},\"headline\":\"Coupe du monde de VTT : Samara Maxwell, la prime \u00e0 la r\u00e9gularit\u00e9\",\"datePublished\":\"2025-06-08T06:00:22+00:00\",\"dateModified\":\"2025-06-08T06:37:34+00:00\",\"mainEntityOfPage\":{\"@id\":\"https:\/\/dicodusport.fr\/blog\/coupe-du-monde-de-vtt-samara-maxwell-la-prime-a-la-regularite\/\"},\"wordCount\":771,\"commentCount\":0,\"publisher\":{\"@id\":\"https:\/\/dicodusport.fr\/blog\/#organization\"},\"image\":{\"@id\":\"https:\/\/dicodusport.fr\/blog\/coupe-du-monde-de-vtt-samara-maxwell-la-prime-a-la-regularite\/#primaryimage\"},\"thumbnailUrl\":\"https:\/\/dicodusport.fr\/blog\/wp-content\/uploads\/2025\/06\/Coupe-du-monde-de-VTT-Samara-Maxwell-la-prime-a-la-regularite.png\",\"keywords\":[\"br\u00e8ve\",\"Coupe du monde de VTT\"],\"articleSection\":[\"VTT\"],\"inLanguage\":\"fr-FR\",\"potentialAction\":[{\"@type\":\"CommentAction\",\"name\":\"Comment\",\"target\":[\"https:\/\/dicodusport.fr\/blog\/coupe-du-monde-de-vtt-samara-maxwell-la-prime-a-la-regularite\/#respond\"]}],\"copyrightYear\":\"2025\",\"copyrightHolder\":{\"@id\":\"https:\/\/dicodusport.fr\/blog\/#organization\"}},{\"@type\":\"WebPage\",\"@id\":\"https:\/\/dicodusport.fr\/blog\/coupe-du-monde-de-vtt-samara-maxwell-la-prime-a-la-regularite\/\",\"url\":\"https:\/\/dicodusport.fr\/blog\/coupe-du-monde-de-vtt-samara-maxwell-la-prime-a-la-regularite\/\",\"name\":\"Coupe du monde de VTT : Samara Maxwell, la prime \u00e0 la r\u00e9gularit\u00e9\",\"isPartOf\":{\"@id\":\"https:\/\/dicodusport.fr\/blog\/#website\"},\"primaryImageOfPage\":{\"@id\":\"https:\/\/dicodusport.fr\/blog\/coupe-du-monde-de-vtt-samara-maxwell-la-prime-a-la-regularite\/#primaryimage\"},\"image\":{\"@id\":\"https:\/\/dicodusport.fr\/blog\/coupe-du-monde-de-vtt-samara-maxwell-la-prime-a-la-regularite\/#primaryimage\"},\"thumbnailUrl\":\"https:\/\/dicodusport.fr\/blog\/wp-content\/uploads\/2025\/06\/Coupe-du-monde-de-VTT-Samara-Maxwell-la-prime-a-la-regularite.png\",\"datePublished\":\"2025-06-08T06:00:22+00:00\",\"dateModified\":\"2025-06-08T06:37:34+00:00\",\"description\":\"Samara Maxwell explose cette saison au plus haut niveau apr\u00e8s avoir connu quelques gal\u00e8res ces derni\u00e8res ann\u00e9es.\",\"breadcrumb\":{\"@id\":\"https:\/\/dicodusport.fr\/blog\/coupe-du-monde-de-vtt-samara-maxwell-la-prime-a-la-regularite\/#breadcrumb\"},\"inLanguage\":\"fr-FR\",\"potentialAction\":[{\"@type\":\"ReadAction\",\"target\":[\"https:\/\/dicodusport.fr\/blog\/coupe-du-monde-de-vtt-samara-maxwell-la-prime-a-la-regularite\/\"]}]},{\"@type\":\"ImageObject\",\"inLanguage\":\"fr-FR\",\"@id\":\"https:\/\/dicodusport.fr\/blog\/coupe-du-monde-de-vtt-samara-maxwell-la-prime-a-la-regularite\/#primaryimage\",\"url\":\"https:\/\/dicodusport.fr\/blog\/wp-content\/uploads\/2025\/06\/Coupe-du-monde-de-VTT-Samara-Maxwell-la-prime-a-la-regularite.png\",\"contentUrl\":\"https:\/\/dicodusport.fr\/blog\/wp-content\/uploads\/2025\/06\/Coupe-du-monde-de-VTT-Samara-Maxwell-la-prime-a-la-regularite.png\",\"width\":1200,\"height\":674,\"caption\":\"Coupe du monde de VTT Samara Maxwell, la prime \u00e0 la r\u00e9gularit\u00e9\"},{\"@type\":\"BreadcrumbList\",\"@id\":\"https:\/\/dicodusport.fr\/blog\/coupe-du-monde-de-vtt-samara-maxwell-la-prime-a-la-regularite\/#breadcrumb\",\"itemListElement\":[{\"@type\":\"ListItem\",\"position\":1,\"name\":\"Accueil\",\"item\":\"https:\/\/dicodusport.fr\/blog\/\"},{\"@type\":\"ListItem\",\"position\":2,\"name\":\"Coupe du monde de VTT : Samara Maxwell, la prime \u00e0 la r\u00e9gularit\u00e9\"}]},{\"@type\":\"WebSite\",\"@id\":\"https:\/\/dicodusport.fr\/blog\/#website\",\"url\":\"https:\/\/dicodusport.fr\/blog\/\",\"name\":\"Dicodusport\",\"description\":\"L&#039;encyclop\u00e9die de l&#039;actualit\u00e9 sportive\",\"publisher\":{\"@id\":\"https:\/\/dicodusport.fr\/blog\/#organization\"},\"potentialAction\":[{\"@type\":\"SearchAction\",\"target\":{\"@type\":\"EntryPoint\",\"urlTemplate\":\"https:\/\/dicodusport.fr\/blog\/?s={search_term_string}\"},\"query-input\":{\"@type\":\"PropertyValueSpecification\",\"valueRequired\":true,\"valueName\":\"search_term_string\"}}],\"inLanguage\":\"fr-FR\"},{\"@type\":\"NewsMediaOrganization\",\"@id\":\"https:\/\/dicodusport.fr\/blog\/#organization\",\"name\":\"Dicodusport\",\"url\":\"https:\/\/dicodusport.fr\/blog\/\",\"logo\":{\"@type\":\"ImageObject\",\"inLanguage\":\"fr-FR\",\"@id\":\"https:\/\/dicodusport.fr\/blog\/#\/schema\/logo\/image\/\",\"url\":\"https:\/\/dicodusport.fr\/blog\/wp-content\/uploads\/2020\/06\/cropped-LOGO-DICODUSPORT-2020-SANS-FOND-SANS-TEXTE.png\",\"contentUrl\":\"https:\/\/dicodusport.fr\/blog\/wp-content\/uploads\/2020\/06\/cropped-LOGO-DICODUSPORT-2020-SANS-FOND-SANS-TEXTE.png\",\"width\":512,\"height\":512,\"caption\":\"Dicodusport\"},\"image\":{\"@id\":\"https:\/\/dicodusport.fr\/blog\/#\/schema\/logo\/image\/\"},\"sameAs\":[\"https:\/\/www.facebook.com\/dicodusport\",\"https:\/\/x.com\/dicodusport\",\"https:\/\/www.instagram.com\/dicodusport\/\",\"https:\/\/www.youtube.com\/channel\/UC7V2KZ5sd3htJivAbA4ZG3w\"],\"description\":\"Dicodusport est l'encyclop\u00e9die de l'actualit\u00e9 sportive.\",\"email\":\"bonjour@dicodusport.fr\",\"legalName\":\"DICODUSPORT\",\"foundingDate\":\"2018-01-14\",\"vatID\":\"FR71834470973\",\"taxID\":\"83447097300043\",\"numberOfEmployees\":{\"@type\":\"QuantitativeValue\",\"minValue\":\"1\",\"maxValue\":\"10\"}},{\"@type\":\"Person\",\"@id\":\"https:\/\/dicodusport.fr\/blog\/#\/schema\/person\/0eaf70b33d703a1a66b1155ac1bda018\",\"name\":\"Pierre Gorce\",\"image\":{\"@type\":\"ImageObject\",\"inLanguage\":\"fr-FR\",\"@id\":\"https:\/\/dicodusport.fr\/blog\/#\/schema\/person\/image\/\",\"url\":\"https:\/\/dicodusport.fr\/blog\/wp-content\/uploads\/2022\/03\/IMG_20211214_233053_722-150x150.jpg\",\"contentUrl\":\"https:\/\/dicodusport.fr\/blog\/wp-content\/uploads\/2022\/03\/IMG_20211214_233053_722-150x150.jpg\",\"caption\":\"Pierre Gorce\"},\"description\":\"Couteau suisse venant tout droit de Haute-Savoie. Habitu\u00e9 \u00e0 regarder du sport depuis petit, j'en ai maintenant fait mon m\u00e9tier. Des sports d'hiver au surf, en passant par le tennis, la F1, le handball et l'athl\u00e9tisme, j'essaie d'avoir mes yeux sur l'enti\u00e8ret\u00e9 de l'actualit\u00e9. Jeune homme berc\u00e9 par les exploits de Jean-Baptiste Grange, Sebastian Vettel et des Experts. Membre de la g\u00e9n\u00e9ration 1999 comme Luka Doncic, Sydney McLaughlin, Lando Norris et Loana Lecomte, mais avec beaucoup moins de talent qu'eux.\",\"sameAs\":[\"https:\/\/x.com\/https:\/\/twitter.com\/pierregorce12\"],\"birthDate\":\"1999-08-29\",\"url\":\"https:\/\/dicodusport.fr\/blog\/author\/pierreg\/\"}]}<\/script>\n<!-- \/ Yoast SEO Premium plugin. -->","yoast_head_json":{"title":"Coupe du monde de VTT : Samara Maxwell, la prime \u00e0 la r\u00e9gularit\u00e9","description":"Samara Maxwell explose cette saison au plus haut niveau apr\u00e8s avoir connu quelques gal\u00e8res ces derni\u00e8res ann\u00e9es.","robots":{"index":"index","follow":"follow","max-snippet":"max-snippet:-1","max-image-preview":"max-image-preview:large","max-video-preview":"max-video-preview:-1"},"canonical":"https:\/\/dicodusport.fr\/blog\/coupe-du-monde-de-vtt-samara-maxwell-la-prime-a-la-regularite\/","og_locale":"fr_FR","og_type":"article","og_title":"Coupe du monde de VTT : Samara Maxwell, la prime \u00e0 la r\u00e9gularit\u00e9","og_description":"Samara Maxwell explose cette saison au plus haut niveau apr\u00e8s avoir connu quelques gal\u00e8res ces derni\u00e8res ann\u00e9es.","og_url":"https:\/\/dicodusport.fr\/blog\/coupe-du-monde-de-vtt-samara-maxwell-la-prime-a-la-regularite\/","og_site_name":"Dicodusport","article_publisher":"https:\/\/www.facebook.com\/dicodusport","article_published_time":"2025-06-08T06:00:22+00:00","article_modified_time":"2025-06-08T06:37:34+00:00","og_image":[{"width":1200,"height":674,"url":"https:\/\/dicodusport.fr\/blog\/wp-content\/uploads\/2025\/06\/Coupe-du-monde-de-VTT-Samara-Maxwell-la-prime-a-la-regularite.png","type":"image\/png"}],"author":"Pierre Gorce","twitter_card":"summary_large_image","twitter_title":"Coupe du monde de VTT : Samara Maxwell, la prime \u00e0 la r\u00e9gularit\u00e9","twitter_creator":"@https:\/\/twitter.com\/pierregorce12","twitter_site":"@dicodusport","schema":{"@context":"https:\/\/schema.org","@graph":[{"@type":"NewsArticle","@id":"https:\/\/dicodusport.fr\/blog\/coupe-du-monde-de-vtt-samara-maxwell-la-prime-a-la-regularite\/#article","isPartOf":{"@id":"https:\/\/dicodusport.fr\/blog\/coupe-du-monde-de-vtt-samara-maxwell-la-prime-a-la-regularite\/"},"author":{"name":"Pierre Gorce","@id":"https:\/\/dicodusport.fr\/blog\/#\/schema\/person\/0eaf70b33d703a1a66b1155ac1bda018"},"headline":"Coupe du monde de VTT : Samara Maxwell, la prime \u00e0 la r\u00e9gularit\u00e9","datePublished":"2025-06-08T06:00:22+00:00","dateModified":"2025-06-08T06:37:34+00:00","mainEntityOfPage":{"@id":"https:\/\/dicodusport.fr\/blog\/coupe-du-monde-de-vtt-samara-maxwell-la-prime-a-la-regularite\/"},"wordCount":771,"commentCount":0,"publisher":{"@id":"https:\/\/dicodusport.fr\/blog\/#organization"},"image":{"@id":"https:\/\/dicodusport.fr\/blog\/coupe-du-monde-de-vtt-samara-maxwell-la-prime-a-la-regularite\/#primaryimage"},"thumbnailUrl":"https:\/\/dicodusport.fr\/blog\/wp-content\/uploads\/2025\/06\/Coupe-du-monde-de-VTT-Samara-Maxwell-la-prime-a-la-regularite.png","keywords":["br\u00e8ve","Coupe du monde de VTT"],"articleSection":["VTT"],"inLanguage":"fr-FR","potentialAction":[{"@type":"CommentAction","name":"Comment","target":["https:\/\/dicodusport.fr\/blog\/coupe-du-monde-de-vtt-samara-maxwell-la-prime-a-la-regularite\/#respond"]}],"copyrightYear":"2025","copyrightHolder":{"@id":"https:\/\/dicodusport.fr\/blog\/#organization"}},{"@type":"WebPage","@id":"https:\/\/dicodusport.fr\/blog\/coupe-du-monde-de-vtt-samara-maxwell-la-prime-a-la-regularite\/","url":"https:\/\/dicodusport.fr\/blog\/coupe-du-monde-de-vtt-samara-maxwell-la-prime-a-la-regularite\/","name":"Coupe du monde de VTT : Samara Maxwell, la prime \u00e0 la r\u00e9gularit\u00e9","isPartOf":{"@id":"https:\/\/dicodusport.fr\/blog\/#website"},"primaryImageOfPage":{"@id":"https:\/\/dicodusport.fr\/blog\/coupe-du-monde-de-vtt-samara-maxwell-la-prime-a-la-regularite\/#primaryimage"},"image":{"@id":"https:\/\/dicodusport.fr\/blog\/coupe-du-monde-de-vtt-samara-maxwell-la-prime-a-la-regularite\/#primaryimage"},"thumbnailUrl":"https:\/\/dicodusport.fr\/blog\/wp-content\/uploads\/2025\/06\/Coupe-du-monde-de-VTT-Samara-Maxwell-la-prime-a-la-regularite.png","datePublished":"2025-06-08T06:00:22+00:00","dateModified":"2025-06-08T06:37:34+00:00","description":"Samara Maxwell explose cette saison au plus haut niveau apr\u00e8s avoir connu quelques gal\u00e8res ces derni\u00e8res ann\u00e9es.","breadcrumb":{"@id":"https:\/\/dicodusport.fr\/blog\/coupe-du-monde-de-vtt-samara-maxwell-la-prime-a-la-regularite\/#breadcrumb"},"inLanguage":"fr-FR","potentialAction":[{"@type":"ReadAction","target":["https:\/\/dicodusport.fr\/blog\/coupe-du-monde-de-vtt-samara-maxwell-la-prime-a-la-regularite\/"]}]},{"@type":"ImageObject","inLanguage":"fr-FR","@id":"https:\/\/dicodusport.fr\/blog\/coupe-du-monde-de-vtt-samara-maxwell-la-prime-a-la-regularite\/#primaryimage","url":"https:\/\/dicodusport.fr\/blog\/wp-content\/uploads\/2025\/06\/Coupe-du-monde-de-VTT-Samara-Maxwell-la-prime-a-la-regularite.png","contentUrl":"https:\/\/dicodusport.fr\/blog\/wp-content\/uploads\/2025\/06\/Coupe-du-monde-de-VTT-Samara-Maxwell-la-prime-a-la-regularite.png","width":1200,"height":674,"caption":"Coupe du monde de VTT Samara Maxwell, la prime \u00e0 la r\u00e9gularit\u00e9"},{"@type":"BreadcrumbList","@id":"https:\/\/dicodusport.fr\/blog\/coupe-du-monde-de-vtt-samara-maxwell-la-prime-a-la-regularite\/#breadcrumb","itemListElement":[{"@type":"ListItem","position":1,"name":"Accueil","item":"https:\/\/dicodusport.fr\/blog\/"},{"@type":"ListItem","position":2,"name":"Coupe du monde de VTT : Samara Maxwell, la prime \u00e0 la r\u00e9gularit\u00e9"}]},{"@type":"WebSite","@id":"https:\/\/dicodusport.fr\/blog\/#website","url":"https:\/\/dicodusport.fr\/blog\/","name":"Dicodusport","description":"L&#039;encyclop\u00e9die de l&#039;actualit\u00e9 sportive","publisher":{"@id":"https:\/\/dicodusport.fr\/blog\/#organization"},"potentialAction":[{"@type":"SearchAction","target":{"@type":"EntryPoint","urlTemplate":"https:\/\/dicodusport.fr\/blog\/?s={search_term_string}"},"query-input":{"@type":"PropertyValueSpecification","valueRequired":true,"valueName":"search_term_string"}}],"inLanguage":"fr-FR"},{"@type":"NewsMediaOrganization","@id":"https:\/\/dicodusport.fr\/blog\/#organization","name":"Dicodusport","url":"https:\/\/dicodusport.fr\/blog\/","logo":{"@type":"ImageObject","inLanguage":"fr-FR","@id":"https:\/\/dicodusport.fr\/blog\/#\/schema\/logo\/image\/","url":"https:\/\/dicodusport.fr\/blog\/wp-content\/uploads\/2020\/06\/cropped-LOGO-DICODUSPORT-2020-SANS-FOND-SANS-TEXTE.png","contentUrl":"https:\/\/dicodusport.fr\/blog\/wp-content\/uploads\/2020\/06\/cropped-LOGO-DICODUSPORT-2020-SANS-FOND-SANS-TEXTE.png","width":512,"height":512,"caption":"Dicodusport"},"image":{"@id":"https:\/\/dicodusport.fr\/blog\/#\/schema\/logo\/image\/"},"sameAs":["https:\/\/www.facebook.com\/dicodusport","https:\/\/x.com\/dicodusport","https:\/\/www.instagram.com\/dicodusport\/","https:\/\/www.youtube.com\/channel\/UC7V2KZ5sd3htJivAbA4ZG3w"],"description":"Dicodusport est l'encyclop\u00e9die de l'actualit\u00e9 sportive.","email":"bonjour@dicodusport.fr","legalName":"DICODUSPORT","foundingDate":"2018-01-14","vatID":"FR71834470973","taxID":"83447097300043","numberOfEmployees":{"@type":"QuantitativeValue","minValue":"1","maxValue":"10"}},{"@type":"Person","@id":"https:\/\/dicodusport.fr\/blog\/#\/schema\/person\/0eaf70b33d703a1a66b1155ac1bda018","name":"Pierre Gorce","image":{"@type":"ImageObject","inLanguage":"fr-FR","@id":"https:\/\/dicodusport.fr\/blog\/#\/schema\/person\/image\/","url":"https:\/\/dicodusport.fr\/blog\/wp-content\/uploads\/2022\/03\/IMG_20211214_233053_722-150x150.jpg","contentUrl":"https:\/\/dicodusport.fr\/blog\/wp-content\/uploads\/2022\/03\/IMG_20211214_233053_722-150x150.jpg","caption":"Pierre Gorce"},"description":"Couteau suisse venant tout droit de Haute-Savoie. Habitu\u00e9 \u00e0 regarder du sport depuis petit, j'en ai maintenant fait mon m\u00e9tier. Des sports d'hiver au surf, en passant par le tennis, la F1, le handball et l'athl\u00e9tisme, j'essaie d'avoir mes yeux sur l'enti\u00e8ret\u00e9 de l'actualit\u00e9. Jeune homme berc\u00e9 par les exploits de Jean-Baptiste Grange, Sebastian Vettel et des Experts. Membre de la g\u00e9n\u00e9ration 1999 comme Luka Doncic, Sydney McLaughlin, Lando Norris et Loana Lecomte, mais avec beaucoup moins de talent qu'eux.","sameAs":["https:\/\/x.com\/https:\/\/twitter.com\/pierregorce12"],"birthDate":"1999-08-29","url":"https:\/\/dicodusport.fr\/blog\/author\/pierreg\/"}]}},"_links":{"self":[{"href":"https:\/\/dicodusport.fr\/blog\/wp-json\/wp\/v2\/posts\/584890","targetHints":{"allow":["GET"]}}],"collection":[{"href":"https:\/\/dicodusport.fr\/blog\/wp-json\/wp\/v2\/posts"}],"about":[{"href":"https:\/\/dicodusport.fr\/blog\/wp-json\/wp\/v2\/types\/post"}],"author":[{"embeddable":true,"href":"https:\/\/dicodusport.fr\/blog\/wp-json\/wp\/v2\/users\/61"}],"replies":[{"embeddable":true,"href":"https:\/\/dicodusport.fr\/blog\/wp-json\/wp\/v2\/comments?post=584890"}],"version-history":[{"count":5,"href":"https:\/\/dicodusport.fr\/blog\/wp-json\/wp\/v2\/posts\/584890\/revisions"}],"predecessor-version":[{"id":585169,"href":"https:\/\/dicodusport.fr\/blog\/wp-json\/wp\/v2\/posts\/584890\/revisions\/585169"}],"wp:featuredmedia":[{"embeddable":true,"href":"https:\/\/dicodusport.fr\/blog\/wp-json\/wp\/v2\/media\/584897"}],"wp:attachment":[{"href":"https:\/\/dicodusport.fr\/blog\/wp-json\/wp\/v2\/media?parent=584890"}],"wp:term":[{"taxonomy":"category","embeddable":true,"href":"https:\/\/dicodusport.fr\/blog\/wp-json\/wp\/v2\/categories?post=584890"},{"taxonomy":"post_tag","embeddable":true,"href":"https:\/\/dicodusport.fr\/blog\/wp-json\/wp\/v2\/tags?post=584890"}],"curies":[{"name":"wp","href":"https:\/\/api.w.org\/{rel}","templated":true}]}}