{"id":585150,"date":"2025-06-08T07:35:25","date_gmt":"2025-06-08T05:35:25","guid":{"rendered":"https:\/\/dicodusport.fr\/blog\/?p=585150&#038;preview=true&#038;preview_id=585150"},"modified":"2025-06-08T11:27:52","modified_gmt":"2025-06-08T09:27:52","slug":"resume-video-greg-mma-surclasse-claudio-rocha-a-reims","status":"publish","type":"post","link":"https:\/\/dicodusport.fr\/blog\/resume-video-greg-mma-surclasse-claudio-rocha-a-reims\/","title":{"rendered":"R\u00e9sum\u00e9 vid\u00e9o : Greg MMA surclasse Claudio Rocha \u00e0 Reims"},"content":{"rendered":"<p style=\"text-align: justify;\"><strong><em>HEXAGONE MMA 30 &#8211; Greg MMA n&rsquo;a eu besoin que d&rsquo;un round pour venir \u00e0 bout de Claudio Rocha samedi soir.<\/em><\/strong><\/p>\n<p style=\"text-align: justify;\">Depuis son retour dans la cage, <strong>Greg<\/strong> <strong>MMA<\/strong> encha\u00eene les performances XXL et ne laisse que tr\u00e8s peu de chances \u00e0 ses adversaires. Alors qu&rsquo;il n&rsquo;avait pas combattu depuis un peu plus d&rsquo;un an et sa victoire face \u00e0 <strong>Antonio<\/strong> <strong>Zovak<\/strong> en une petite minute, <strong>Gr\u00e9gory<\/strong> <strong>Bouchelaghem\u00a0<\/strong>de son vrai nom, a de nouveau \u00e9t\u00e9 exp\u00e9ditif.<\/p>\n<p style=\"text-align: justify;\">Pr\u00e9vu en trois rounds, le combat n&rsquo;aura m\u00eame pas \u00e9t\u00e9 au terme du premier. Le pr\u00e9curseur du <strong>MMA<\/strong> en France a amen\u00e9 son adversaire au sol avant de le rouer de coups obligeant l&rsquo;arbitre de la rencontre \u00e0 arr\u00eater le combat. Quatri\u00e8me victoire en autant de combats depuis son grand retour dans la cage en 2023.<\/p>\n<h2>Le r\u00e9sum\u00e9 vid\u00e9o de Greg MMA &#8211; Claudio Rocha<\/h2>\n<p><span class=\"LOFTybnkp501N2EJj2GuCQTpDNYdWnI9K0iAqzw4jJFyEPxvuV3SeM8c6GI78sQvrkwl5sidUOatUY1HlgB\"><iframe loading=\"lazy\" title=\"R\u00e9sum\u00e9 - Hexagone 30 : Rocha face \u00e0 Greg MMA, attention c&#039;est exp\u00e9ditif\" width=\"740\" height=\"416\" src=\"https:\/\/www.youtube.com\/embed\/WXWc0UOYqI4?feature=oembed\" frameborder=\"0\" allow=\"accelerometer; autoplay; clipboard-write; encrypted-media; gyroscope; picture-in-picture; web-share\" referrerpolicy=\"strict-origin-when-cross-origin\" allowfullscreen><\/iframe><\/span><\/p>\n","protected":false},"excerpt":{"rendered":"<p>HEXAGONE MMA 30 &#8211; Greg MMA n&rsquo;a eu besoin que d&rsquo;un round pour venir \u00e0 bout de Claudio Rocha samedi soir.<\/p>\n","protected":false},"author":1,"featured_media":585153,"comment_status":"open","ping_status":"closed","sticky":false,"template":"","format":"standard","meta":{"_acf_changed":false,"_daextam_enable_autolinks":"1","footnotes":""},"categories":[10666],"tags":[16878,1222,4605],"class_list":["post-585150","post","type-post","status-publish","format-standard","has-post-thumbnail","hentry","category-mma","tag-breve","tag-mma","tag-video"],"acf":[],"yoast_head":"<!-- This site is optimized with the Yoast SEO Premium plugin v26.7 (Yoast SEO v26.7) - https:\/\/yoast.com\/wordpress\/plugins\/seo\/ -->\n<title>R\u00e9sum\u00e9 vid\u00e9o : Greg MMA surclasse Claudio Rocha \u00e0 Reims<\/title>\n<meta name=\"description\" content=\"HEXAGONE MMA 30 - Greg MMA n&#039;a eu besoin que d&#039;un round pour venir \u00e0 bout de Claudio Rocha samedi soir.\" \/>\n<meta name=\"robots\" content=\"index, follow, max-snippet:-1, max-image-preview:large, max-video-preview:-1\" \/>\n<link rel=\"canonical\" href=\"https:\/\/dicodusport.fr\/blog\/resume-video-greg-mma-surclasse-claudio-rocha-a-reims\/\" \/>\n<meta property=\"og:locale\" content=\"fr_FR\" \/>\n<meta property=\"og:type\" content=\"article\" \/>\n<meta property=\"og:title\" content=\"R\u00e9sum\u00e9 vid\u00e9o : Greg MMA surclasse Claudio Rocha \u00e0 Reims\" \/>\n<meta property=\"og:description\" content=\"HEXAGONE MMA 30 - Greg MMA n&#039;a eu besoin que d&#039;un round pour venir \u00e0 bout de Claudio Rocha samedi soir.\" \/>\n<meta property=\"og:url\" content=\"https:\/\/dicodusport.fr\/blog\/resume-video-greg-mma-surclasse-claudio-rocha-a-reims\/\" \/>\n<meta property=\"og:site_name\" content=\"Dicodusport\" \/>\n<meta property=\"article:publisher\" content=\"https:\/\/www.facebook.com\/dicodusport\" \/>\n<meta property=\"article:author\" content=\"https:\/\/www.facebook.com\/dicodusport\" \/>\n<meta property=\"article:published_time\" content=\"2025-06-08T05:35:25+00:00\" \/>\n<meta property=\"article:modified_time\" content=\"2025-06-08T09:27:52+00:00\" \/>\n<meta property=\"og:image\" content=\"https:\/\/dicodusport.fr\/blog\/wp-content\/uploads\/2025\/06\/Resume-video-Greg-MMA-surclasse-Claudio-Rocha-a-Reims.png\" \/>\n\t<meta property=\"og:image:width\" content=\"1200\" \/>\n\t<meta property=\"og:image:height\" content=\"674\" \/>\n\t<meta property=\"og:image:type\" content=\"image\/png\" \/>\n<meta name=\"author\" content=\"Nicolas Jacquemard\" \/>\n<meta name=\"twitter:card\" content=\"summary_large_image\" \/>\n<meta name=\"twitter:title\" content=\"R\u00e9sum\u00e9 vid\u00e9o : Greg MMA surclasse Claudio Rocha \u00e0 Reims\" \/>\n<meta name=\"twitter:creator\" content=\"@https:\/\/twitter.com\/Nico_Jacquemard\" \/>\n<meta name=\"twitter:site\" content=\"@dicodusport\" \/>\n<script type=\"application\/ld+json\" class=\"yoast-schema-graph\">{\"@context\":\"https:\/\/schema.org\",\"@graph\":[{\"@type\":\"NewsArticle\",\"@id\":\"https:\/\/dicodusport.fr\/blog\/resume-video-greg-mma-surclasse-claudio-rocha-a-reims\/#article\",\"isPartOf\":{\"@id\":\"https:\/\/dicodusport.fr\/blog\/resume-video-greg-mma-surclasse-claudio-rocha-a-reims\/\"},\"author\":{\"name\":\"Nicolas Jacquemard\",\"@id\":\"https:\/\/dicodusport.fr\/blog\/#\/schema\/person\/55dcb50ad410894e431ed812bbb70191\"},\"headline\":\"R\u00e9sum\u00e9 vid\u00e9o : Greg MMA surclasse Claudio Rocha \u00e0 Reims\",\"datePublished\":\"2025-06-08T05:35:25+00:00\",\"dateModified\":\"2025-06-08T09:27:52+00:00\",\"mainEntityOfPage\":{\"@id\":\"https:\/\/dicodusport.fr\/blog\/resume-video-greg-mma-surclasse-claudio-rocha-a-reims\/\"},\"wordCount\":172,\"commentCount\":0,\"publisher\":{\"@id\":\"https:\/\/dicodusport.fr\/blog\/#organization\"},\"image\":{\"@id\":\"https:\/\/dicodusport.fr\/blog\/resume-video-greg-mma-surclasse-claudio-rocha-a-reims\/#primaryimage\"},\"thumbnailUrl\":\"https:\/\/dicodusport.fr\/blog\/wp-content\/uploads\/2025\/06\/Resume-video-Greg-MMA-surclasse-Claudio-Rocha-a-Reims.png\",\"keywords\":[\"br\u00e8ve\",\"MMA\",\"vid\u00e9o\"],\"articleSection\":[\"MMA\"],\"inLanguage\":\"fr-FR\",\"potentialAction\":[{\"@type\":\"CommentAction\",\"name\":\"Comment\",\"target\":[\"https:\/\/dicodusport.fr\/blog\/resume-video-greg-mma-surclasse-claudio-rocha-a-reims\/#respond\"]}],\"copyrightYear\":\"2025\",\"copyrightHolder\":{\"@id\":\"https:\/\/dicodusport.fr\/blog\/#organization\"}},{\"@type\":\"WebPage\",\"@id\":\"https:\/\/dicodusport.fr\/blog\/resume-video-greg-mma-surclasse-claudio-rocha-a-reims\/\",\"url\":\"https:\/\/dicodusport.fr\/blog\/resume-video-greg-mma-surclasse-claudio-rocha-a-reims\/\",\"name\":\"R\u00e9sum\u00e9 vid\u00e9o : Greg MMA surclasse Claudio Rocha \u00e0 Reims\",\"isPartOf\":{\"@id\":\"https:\/\/dicodusport.fr\/blog\/#website\"},\"primaryImageOfPage\":{\"@id\":\"https:\/\/dicodusport.fr\/blog\/resume-video-greg-mma-surclasse-claudio-rocha-a-reims\/#primaryimage\"},\"image\":{\"@id\":\"https:\/\/dicodusport.fr\/blog\/resume-video-greg-mma-surclasse-claudio-rocha-a-reims\/#primaryimage\"},\"thumbnailUrl\":\"https:\/\/dicodusport.fr\/blog\/wp-content\/uploads\/2025\/06\/Resume-video-Greg-MMA-surclasse-Claudio-Rocha-a-Reims.png\",\"datePublished\":\"2025-06-08T05:35:25+00:00\",\"dateModified\":\"2025-06-08T09:27:52+00:00\",\"description\":\"HEXAGONE MMA 30 - Greg MMA n'a eu besoin que d'un round pour venir \u00e0 bout de Claudio Rocha samedi soir.\",\"breadcrumb\":{\"@id\":\"https:\/\/dicodusport.fr\/blog\/resume-video-greg-mma-surclasse-claudio-rocha-a-reims\/#breadcrumb\"},\"inLanguage\":\"fr-FR\",\"potentialAction\":[{\"@type\":\"ReadAction\",\"target\":[\"https:\/\/dicodusport.fr\/blog\/resume-video-greg-mma-surclasse-claudio-rocha-a-reims\/\"]}]},{\"@type\":\"ImageObject\",\"inLanguage\":\"fr-FR\",\"@id\":\"https:\/\/dicodusport.fr\/blog\/resume-video-greg-mma-surclasse-claudio-rocha-a-reims\/#primaryimage\",\"url\":\"https:\/\/dicodusport.fr\/blog\/wp-content\/uploads\/2025\/06\/Resume-video-Greg-MMA-surclasse-Claudio-Rocha-a-Reims.png\",\"contentUrl\":\"https:\/\/dicodusport.fr\/blog\/wp-content\/uploads\/2025\/06\/Resume-video-Greg-MMA-surclasse-Claudio-Rocha-a-Reims.png\",\"width\":1200,\"height\":674},{\"@type\":\"BreadcrumbList\",\"@id\":\"https:\/\/dicodusport.fr\/blog\/resume-video-greg-mma-surclasse-claudio-rocha-a-reims\/#breadcrumb\",\"itemListElement\":[{\"@type\":\"ListItem\",\"position\":1,\"name\":\"Accueil\",\"item\":\"https:\/\/dicodusport.fr\/blog\/\"},{\"@type\":\"ListItem\",\"position\":2,\"name\":\"R\u00e9sum\u00e9 vid\u00e9o : Greg MMA surclasse Claudio Rocha \u00e0 Reims\"}]},{\"@type\":\"WebSite\",\"@id\":\"https:\/\/dicodusport.fr\/blog\/#website\",\"url\":\"https:\/\/dicodusport.fr\/blog\/\",\"name\":\"Dicodusport\",\"description\":\"L&#039;encyclop\u00e9die de l&#039;actualit\u00e9 sportive\",\"publisher\":{\"@id\":\"https:\/\/dicodusport.fr\/blog\/#organization\"},\"potentialAction\":[{\"@type\":\"SearchAction\",\"target\":{\"@type\":\"EntryPoint\",\"urlTemplate\":\"https:\/\/dicodusport.fr\/blog\/?s={search_term_string}\"},\"query-input\":{\"@type\":\"PropertyValueSpecification\",\"valueRequired\":true,\"valueName\":\"search_term_string\"}}],\"inLanguage\":\"fr-FR\"},{\"@type\":\"NewsMediaOrganization\",\"@id\":\"https:\/\/dicodusport.fr\/blog\/#organization\",\"name\":\"Dicodusport\",\"url\":\"https:\/\/dicodusport.fr\/blog\/\",\"logo\":{\"@type\":\"ImageObject\",\"inLanguage\":\"fr-FR\",\"@id\":\"https:\/\/dicodusport.fr\/blog\/#\/schema\/logo\/image\/\",\"url\":\"https:\/\/dicodusport.fr\/blog\/wp-content\/uploads\/2020\/06\/cropped-LOGO-DICODUSPORT-2020-SANS-FOND-SANS-TEXTE.png\",\"contentUrl\":\"https:\/\/dicodusport.fr\/blog\/wp-content\/uploads\/2020\/06\/cropped-LOGO-DICODUSPORT-2020-SANS-FOND-SANS-TEXTE.png\",\"width\":512,\"height\":512,\"caption\":\"Dicodusport\"},\"image\":{\"@id\":\"https:\/\/dicodusport.fr\/blog\/#\/schema\/logo\/image\/\"},\"sameAs\":[\"https:\/\/www.facebook.com\/dicodusport\",\"https:\/\/x.com\/dicodusport\",\"https:\/\/www.instagram.com\/dicodusport\/\",\"https:\/\/www.youtube.com\/channel\/UC7V2KZ5sd3htJivAbA4ZG3w\"],\"description\":\"Dicodusport est l'encyclop\u00e9die de l'actualit\u00e9 sportive.\",\"email\":\"bonjour@dicodusport.fr\",\"legalName\":\"DICODUSPORT\",\"foundingDate\":\"2018-01-14\",\"vatID\":\"FR71834470973\",\"taxID\":\"83447097300043\",\"numberOfEmployees\":{\"@type\":\"QuantitativeValue\",\"minValue\":\"1\",\"maxValue\":\"10\"}},{\"@type\":\"Person\",\"@id\":\"https:\/\/dicodusport.fr\/blog\/#\/schema\/person\/55dcb50ad410894e431ed812bbb70191\",\"name\":\"Nicolas Jacquemard\",\"image\":{\"@type\":\"ImageObject\",\"inLanguage\":\"fr-FR\",\"@id\":\"https:\/\/dicodusport.fr\/blog\/#\/schema\/person\/image\/\",\"url\":\"https:\/\/dicodusport.fr\/blog\/wp-content\/uploads\/2021\/05\/Nicolas-Jacquemard-150x150.jpeg\",\"contentUrl\":\"https:\/\/dicodusport.fr\/blog\/wp-content\/uploads\/2021\/05\/Nicolas-Jacquemard-150x150.jpeg\",\"caption\":\"Nicolas Jacquemard\"},\"description\":\"Passionn\u00e9 de sport et entrepreneur depuis mes 18 ans, la cr\u00e9ation de Dicodusport m'a sembl\u00e9 \u00e9vidente pour participer \u00e0 la m\u00e9diatisation d'un plus grand nombre de sports. Le chemin est long mais avec une \u00e9quipe des plus motiv\u00e9es et les Jeux Olympiques de Paris 2024 en point de mire, nous y arriverons ! Journaliste dans le monde du sport depuis plus de 5 ans, je traite aussi bien de football, de rugby, de biathlon que de cyclisme.\",\"sameAs\":[\"https:\/\/www.facebook.com\/dicodusport\",\"https:\/\/x.com\/https:\/\/twitter.com\/Nico_Jacquemard\"],\"url\":\"https:\/\/dicodusport.fr\/blog\/author\/dicodusport\/\"}]}<\/script>\n<!-- \/ Yoast SEO Premium plugin. -->","yoast_head_json":{"title":"R\u00e9sum\u00e9 vid\u00e9o : Greg MMA surclasse Claudio Rocha \u00e0 Reims","description":"HEXAGONE MMA 30 - Greg MMA n'a eu besoin que d'un round pour venir \u00e0 bout de Claudio Rocha samedi soir.","robots":{"index":"index","follow":"follow","max-snippet":"max-snippet:-1","max-image-preview":"max-image-preview:large","max-video-preview":"max-video-preview:-1"},"canonical":"https:\/\/dicodusport.fr\/blog\/resume-video-greg-mma-surclasse-claudio-rocha-a-reims\/","og_locale":"fr_FR","og_type":"article","og_title":"R\u00e9sum\u00e9 vid\u00e9o : Greg MMA surclasse Claudio Rocha \u00e0 Reims","og_description":"HEXAGONE MMA 30 - Greg MMA n'a eu besoin que d'un round pour venir \u00e0 bout de Claudio Rocha samedi soir.","og_url":"https:\/\/dicodusport.fr\/blog\/resume-video-greg-mma-surclasse-claudio-rocha-a-reims\/","og_site_name":"Dicodusport","article_publisher":"https:\/\/www.facebook.com\/dicodusport","article_author":"https:\/\/www.facebook.com\/dicodusport","article_published_time":"2025-06-08T05:35:25+00:00","article_modified_time":"2025-06-08T09:27:52+00:00","og_image":[{"width":1200,"height":674,"url":"https:\/\/dicodusport.fr\/blog\/wp-content\/uploads\/2025\/06\/Resume-video-Greg-MMA-surclasse-Claudio-Rocha-a-Reims.png","type":"image\/png"}],"author":"Nicolas Jacquemard","twitter_card":"summary_large_image","twitter_title":"R\u00e9sum\u00e9 vid\u00e9o : Greg MMA surclasse Claudio Rocha \u00e0 Reims","twitter_creator":"@https:\/\/twitter.com\/Nico_Jacquemard","twitter_site":"@dicodusport","schema":{"@context":"https:\/\/schema.org","@graph":[{"@type":"NewsArticle","@id":"https:\/\/dicodusport.fr\/blog\/resume-video-greg-mma-surclasse-claudio-rocha-a-reims\/#article","isPartOf":{"@id":"https:\/\/dicodusport.fr\/blog\/resume-video-greg-mma-surclasse-claudio-rocha-a-reims\/"},"author":{"name":"Nicolas Jacquemard","@id":"https:\/\/dicodusport.fr\/blog\/#\/schema\/person\/55dcb50ad410894e431ed812bbb70191"},"headline":"R\u00e9sum\u00e9 vid\u00e9o : Greg MMA surclasse Claudio Rocha \u00e0 Reims","datePublished":"2025-06-08T05:35:25+00:00","dateModified":"2025-06-08T09:27:52+00:00","mainEntityOfPage":{"@id":"https:\/\/dicodusport.fr\/blog\/resume-video-greg-mma-surclasse-claudio-rocha-a-reims\/"},"wordCount":172,"commentCount":0,"publisher":{"@id":"https:\/\/dicodusport.fr\/blog\/#organization"},"image":{"@id":"https:\/\/dicodusport.fr\/blog\/resume-video-greg-mma-surclasse-claudio-rocha-a-reims\/#primaryimage"},"thumbnailUrl":"https:\/\/dicodusport.fr\/blog\/wp-content\/uploads\/2025\/06\/Resume-video-Greg-MMA-surclasse-Claudio-Rocha-a-Reims.png","keywords":["br\u00e8ve","MMA","vid\u00e9o"],"articleSection":["MMA"],"inLanguage":"fr-FR","potentialAction":[{"@type":"CommentAction","name":"Comment","target":["https:\/\/dicodusport.fr\/blog\/resume-video-greg-mma-surclasse-claudio-rocha-a-reims\/#respond"]}],"copyrightYear":"2025","copyrightHolder":{"@id":"https:\/\/dicodusport.fr\/blog\/#organization"}},{"@type":"WebPage","@id":"https:\/\/dicodusport.fr\/blog\/resume-video-greg-mma-surclasse-claudio-rocha-a-reims\/","url":"https:\/\/dicodusport.fr\/blog\/resume-video-greg-mma-surclasse-claudio-rocha-a-reims\/","name":"R\u00e9sum\u00e9 vid\u00e9o : Greg MMA surclasse Claudio Rocha \u00e0 Reims","isPartOf":{"@id":"https:\/\/dicodusport.fr\/blog\/#website"},"primaryImageOfPage":{"@id":"https:\/\/dicodusport.fr\/blog\/resume-video-greg-mma-surclasse-claudio-rocha-a-reims\/#primaryimage"},"image":{"@id":"https:\/\/dicodusport.fr\/blog\/resume-video-greg-mma-surclasse-claudio-rocha-a-reims\/#primaryimage"},"thumbnailUrl":"https:\/\/dicodusport.fr\/blog\/wp-content\/uploads\/2025\/06\/Resume-video-Greg-MMA-surclasse-Claudio-Rocha-a-Reims.png","datePublished":"2025-06-08T05:35:25+00:00","dateModified":"2025-06-08T09:27:52+00:00","description":"HEXAGONE MMA 30 - Greg MMA n'a eu besoin que d'un round pour venir \u00e0 bout de Claudio Rocha samedi soir.","breadcrumb":{"@id":"https:\/\/dicodusport.fr\/blog\/resume-video-greg-mma-surclasse-claudio-rocha-a-reims\/#breadcrumb"},"inLanguage":"fr-FR","potentialAction":[{"@type":"ReadAction","target":["https:\/\/dicodusport.fr\/blog\/resume-video-greg-mma-surclasse-claudio-rocha-a-reims\/"]}]},{"@type":"ImageObject","inLanguage":"fr-FR","@id":"https:\/\/dicodusport.fr\/blog\/resume-video-greg-mma-surclasse-claudio-rocha-a-reims\/#primaryimage","url":"https:\/\/dicodusport.fr\/blog\/wp-content\/uploads\/2025\/06\/Resume-video-Greg-MMA-surclasse-Claudio-Rocha-a-Reims.png","contentUrl":"https:\/\/dicodusport.fr\/blog\/wp-content\/uploads\/2025\/06\/Resume-video-Greg-MMA-surclasse-Claudio-Rocha-a-Reims.png","width":1200,"height":674},{"@type":"BreadcrumbList","@id":"https:\/\/dicodusport.fr\/blog\/resume-video-greg-mma-surclasse-claudio-rocha-a-reims\/#breadcrumb","itemListElement":[{"@type":"ListItem","position":1,"name":"Accueil","item":"https:\/\/dicodusport.fr\/blog\/"},{"@type":"ListItem","position":2,"name":"R\u00e9sum\u00e9 vid\u00e9o : Greg MMA surclasse Claudio Rocha \u00e0 Reims"}]},{"@type":"WebSite","@id":"https:\/\/dicodusport.fr\/blog\/#website","url":"https:\/\/dicodusport.fr\/blog\/","name":"Dicodusport","description":"L&#039;encyclop\u00e9die de l&#039;actualit\u00e9 sportive","publisher":{"@id":"https:\/\/dicodusport.fr\/blog\/#organization"},"potentialAction":[{"@type":"SearchAction","target":{"@type":"EntryPoint","urlTemplate":"https:\/\/dicodusport.fr\/blog\/?s={search_term_string}"},"query-input":{"@type":"PropertyValueSpecification","valueRequired":true,"valueName":"search_term_string"}}],"inLanguage":"fr-FR"},{"@type":"NewsMediaOrganization","@id":"https:\/\/dicodusport.fr\/blog\/#organization","name":"Dicodusport","url":"https:\/\/dicodusport.fr\/blog\/","logo":{"@type":"ImageObject","inLanguage":"fr-FR","@id":"https:\/\/dicodusport.fr\/blog\/#\/schema\/logo\/image\/","url":"https:\/\/dicodusport.fr\/blog\/wp-content\/uploads\/2020\/06\/cropped-LOGO-DICODUSPORT-2020-SANS-FOND-SANS-TEXTE.png","contentUrl":"https:\/\/dicodusport.fr\/blog\/wp-content\/uploads\/2020\/06\/cropped-LOGO-DICODUSPORT-2020-SANS-FOND-SANS-TEXTE.png","width":512,"height":512,"caption":"Dicodusport"},"image":{"@id":"https:\/\/dicodusport.fr\/blog\/#\/schema\/logo\/image\/"},"sameAs":["https:\/\/www.facebook.com\/dicodusport","https:\/\/x.com\/dicodusport","https:\/\/www.instagram.com\/dicodusport\/","https:\/\/www.youtube.com\/channel\/UC7V2KZ5sd3htJivAbA4ZG3w"],"description":"Dicodusport est l'encyclop\u00e9die de l'actualit\u00e9 sportive.","email":"bonjour@dicodusport.fr","legalName":"DICODUSPORT","foundingDate":"2018-01-14","vatID":"FR71834470973","taxID":"83447097300043","numberOfEmployees":{"@type":"QuantitativeValue","minValue":"1","maxValue":"10"}},{"@type":"Person","@id":"https:\/\/dicodusport.fr\/blog\/#\/schema\/person\/55dcb50ad410894e431ed812bbb70191","name":"Nicolas Jacquemard","image":{"@type":"ImageObject","inLanguage":"fr-FR","@id":"https:\/\/dicodusport.fr\/blog\/#\/schema\/person\/image\/","url":"https:\/\/dicodusport.fr\/blog\/wp-content\/uploads\/2021\/05\/Nicolas-Jacquemard-150x150.jpeg","contentUrl":"https:\/\/dicodusport.fr\/blog\/wp-content\/uploads\/2021\/05\/Nicolas-Jacquemard-150x150.jpeg","caption":"Nicolas Jacquemard"},"description":"Passionn\u00e9 de sport et entrepreneur depuis mes 18 ans, la cr\u00e9ation de Dicodusport m'a sembl\u00e9 \u00e9vidente pour participer \u00e0 la m\u00e9diatisation d'un plus grand nombre de sports. Le chemin est long mais avec une \u00e9quipe des plus motiv\u00e9es et les Jeux Olympiques de Paris 2024 en point de mire, nous y arriverons ! Journaliste dans le monde du sport depuis plus de 5 ans, je traite aussi bien de football, de rugby, de biathlon que de cyclisme.","sameAs":["https:\/\/www.facebook.com\/dicodusport","https:\/\/x.com\/https:\/\/twitter.com\/Nico_Jacquemard"],"url":"https:\/\/dicodusport.fr\/blog\/author\/dicodusport\/"}]}},"_links":{"self":[{"href":"https:\/\/dicodusport.fr\/blog\/wp-json\/wp\/v2\/posts\/585150","targetHints":{"allow":["GET"]}}],"collection":[{"href":"https:\/\/dicodusport.fr\/blog\/wp-json\/wp\/v2\/posts"}],"about":[{"href":"https:\/\/dicodusport.fr\/blog\/wp-json\/wp\/v2\/types\/post"}],"author":[{"embeddable":true,"href":"https:\/\/dicodusport.fr\/blog\/wp-json\/wp\/v2\/users\/1"}],"replies":[{"embeddable":true,"href":"https:\/\/dicodusport.fr\/blog\/wp-json\/wp\/v2\/comments?post=585150"}],"version-history":[{"count":2,"href":"https:\/\/dicodusport.fr\/blog\/wp-json\/wp\/v2\/posts\/585150\/revisions"}],"predecessor-version":[{"id":585155,"href":"https:\/\/dicodusport.fr\/blog\/wp-json\/wp\/v2\/posts\/585150\/revisions\/585155"}],"wp:featuredmedia":[{"embeddable":true,"href":"https:\/\/dicodusport.fr\/blog\/wp-json\/wp\/v2\/media\/585153"}],"wp:attachment":[{"href":"https:\/\/dicodusport.fr\/blog\/wp-json\/wp\/v2\/media?parent=585150"}],"wp:term":[{"taxonomy":"category","embeddable":true,"href":"https:\/\/dicodusport.fr\/blog\/wp-json\/wp\/v2\/categories?post=585150"},{"taxonomy":"post_tag","embeddable":true,"href":"https:\/\/dicodusport.fr\/blog\/wp-json\/wp\/v2\/tags?post=585150"}],"curies":[{"name":"wp","href":"https:\/\/api.w.org\/{rel}","templated":true}]}}