{"id":585222,"date":"2025-06-08T14:37:12","date_gmt":"2025-06-08T12:37:12","guid":{"rendered":"https:\/\/dicodusport.fr\/blog\/?p=585222&#038;preview=true&#038;preview_id=585222"},"modified":"2025-06-08T20:16:16","modified_gmt":"2025-06-08T18:16:16","slug":"vtt-xco-leogang-puck-pieterse-simpose-largement-loana-lecomte-6e","status":"publish","type":"post","link":"https:\/\/dicodusport.fr\/blog\/vtt-xco-leogang-puck-pieterse-simpose-largement-loana-lecomte-6e\/","title":{"rendered":"VTT XCO Leogang : Puck Pieterse s&rsquo;impose largement, Loana Lecomte 6e"},"content":{"rendered":"<p style=\"text-align: justify;\"><strong><em>COUPE DU MONDE DE VTT 2025 &#8211; Puck Pieterse r\u00e9alise le doubl\u00e9 XCC\/XCO en s&rsquo;imposant ce dimanche lors du format olympique \u00e0 Leogang devant Samara Maxwell, alors que Loana Lecomte prend la 6e place.<\/em><\/strong><\/p>\n<ul style=\"text-align: justify;\">\n<li><strong>\u00c0 ce sujet \u2013\u00a0<a href=\"https:\/\/dicodusport.fr\/blog\/coupe-du-monde-vtt-cross-country-2025-calendrier-et-resultats-a-jour\/\">Coupe du monde VTT Cross-Country 2025 : Calendrier et R\u00e9sultats \u00e0 Jour<\/a><\/strong><\/li>\n<\/ul>\n<p style=\"text-align: justify;\"><span style=\"font-weight: 400;\">Nuages gris dans le ciel, arc-en-ciel sur la piste. <\/span><b>Puck Pieterse <\/b><span style=\"font-weight: 400;\">est revenue sur la Coupe du monde de VTT \u00e0 Nove Mesto. Si elle a \u00e9t\u00e9 malchanceuse en Tch\u00e9quie (crevaison lorsqu&rsquo;elle \u00e9tait en t\u00eate), l&rsquo;Autriche lui sourit bien plus. Large domination en short track et une mainmise totale sur le format olympique avec une attaque d\u00e8s le premier tour alors que la pluie d\u00e9sorganisait le reste de la course. La N\u00e9erlandaise s&rsquo;impose \u00e0 Leogang devant <\/span><b>Samara Maxwell <\/b><span style=\"font-weight: 400;\">et <\/span><b>Ramona Forchini<\/b><span style=\"font-weight: 400;\">. <\/span><b>Loana Lecomte <\/b><span style=\"font-weight: 400;\">int\u00e8gre le top 6 \u00e0 la fin de ces six tours en enfer, ici, dans le Land de Salzbourg.<\/span><\/p>\n<blockquote class=\"twitter-tweet\">\n<p dir=\"ltr\" lang=\"en\">A win in the \ud83c\udf08 jersey for Puck Pieterse \ud83c\uddf3\ud83c\uddf1<\/p>\n<p>Women Elite XCO \ud83e\udd47 and Women Elite XCC \ud83e\udd47 = the perfect weekend in Leogang. <a href=\"https:\/\/twitter.com\/MTBworldseries?ref_src=twsrc%5Etfw\">@MTBworldseries<\/a> <a href=\"https:\/\/twitter.com\/hashtag\/MTBWorldCup?src=hash&amp;ref_src=twsrc%5Etfw\">#MTBWorldCup<\/a> <a href=\"https:\/\/t.co\/q3JzvN4R4s\">pic.twitter.com\/q3JzvN4R4s<\/a><\/p>\n<p>\u2014 UCI MTB (@UCI_MTB) <a href=\"https:\/\/twitter.com\/UCI_MTB\/status\/1931689769349611705?ref_src=twsrc%5Etfw\">June 8, 2025<\/a><\/p><\/blockquote>\n<p><script async src=\"https:\/\/platform.twitter.com\/widgets.js\" charset=\"utf-8\"><\/script><\/p>\n<p style=\"text-align: justify;\"><span style=\"font-weight: 400;\">Il fallait \u00eatre maligne pour \u00e9viter de perdre du temps sur ce d\u00e9part en pente. Certaines ont choisi de passer par la zone technique pour \u00e9viter de mettre pied \u00e0 terre dans la mont\u00e9e. C&rsquo;est le cas de <\/span><b>Loana Lecomte<\/b><span style=\"font-weight: 400;\">, qui ressort en t\u00eate apr\u00e8s 300 ou 400 m\u00e8tres, avec <\/span><b>Puck Pieterse <\/b><span style=\"font-weight: 400;\">et <\/span><b>Jenny Rissveds <\/b><span style=\"font-weight: 400;\">dans la roue. Surtout que la pluie fait son apparition alors que l&rsquo;arche de d\u00e9part\/arriv\u00e9e affichait le dernier compte \u00e0 rebours. Les conditions rendaient les descentes extr\u00eamement glissantes. Une grande dame de la Coupe du monde comme <\/span><b>Candice Lill <\/b><span style=\"font-weight: 400;\">a pr\u00e9f\u00e9r\u00e9 ne pas d\u00e9valer sur son v\u00e9lo, mais assise par terre. S&rsquo;il y en a bien une qui appr\u00e9cie \u00eatre dans la boue, c&rsquo;est bien la championne du monde <\/span><b>Puck Pieterse<\/b><span style=\"font-weight: 400;\">. La jeune N\u00e9erlandaise s&rsquo;est rapidement \u00e9chapp\u00e9e et a cr\u00e9\u00e9 des \u00e9carts.\u00a0<\/span><\/p>\n<h2 style=\"text-align: justify;\">Grosse lutte pour le top 5<\/h2>\n<p style=\"text-align: justify;\"><span style=\"font-weight: 400;\">Derri\u00e8re, c&rsquo;est bien <\/span><b>Lecomte <\/b><span style=\"font-weight: 400;\">qui tient le choc \u00e0 une dizaine de secondes. <\/span><b>Samara Maxwell <\/b><span style=\"font-weight: 400;\">est toute proche en 3e position. La N\u00e9o-Z\u00e9landaise va r\u00e9ussir \u00e0 tenir la cadence de la leader, mais pas l&rsquo;Ann\u00e9cienne. La porteuse du maillot bleu-blanc-rouge s\u2019est fait distancer et <\/span><b>Ramona Forchini <\/b><span style=\"font-weight: 400;\">a fondu sur elle en quelques instants. Au plus grand d\u00e9sarroi des fans autrichiens, <\/span><b>Mona Mitterwallner <\/b><span style=\"font-weight: 400;\">a abord\u00e9 la seconde partie de course avec une crevaison. Long arr\u00eat dans la zone technique qui lui fait perdre 8 places. \u00c0 ce stade de la course, <\/span><b>Puck Pieterse <\/b><span style=\"font-weight: 400;\">\u00e9tait d\u00e9j\u00e0 \u00e0 l&rsquo;abri et s&rsquo;envolait vers le doubl\u00e9 XCC\/XCO. <\/span><b>Maxwell <\/b><span style=\"font-weight: 400;\">a aussi s\u00e9curis\u00e9 la 2e place. Ensuite, le podium s&rsquo;est jou\u00e9 entre <\/span><b>Forchini, Lecomte <\/b><span style=\"font-weight: 400;\">et <\/span><b>Jolanda Neff<\/b><span style=\"font-weight: 400;\">, plus vue \u00e0 ce niveau depuis 2023 et une \u00e9tape \u00e0 Mont-Sainte-Anne.<\/span><\/p>\n<ul style=\"text-align: justify;\">\n<li><strong>\u00c0 ce sujet \u2013\u00a0<\/strong><a href=\"https:\/\/dicodusport.fr\/blog\/coupe-du-monde-vtt-2025-classement-general-feminin-en-cross-country\/\"><strong>Coupe du monde VTT 2025 : Classement G\u00e9n\u00e9ral F\u00e9minin en Cross-country<\/strong><\/a><\/li>\n<\/ul>\n<p style=\"text-align: justify;\"><span style=\"font-weight: 400;\">Finalement, la premi\u00e8re cit\u00e9e a r\u00e9ussi \u00e0 conserver sa position pour terminer 3e, <\/span><b>Loana Lecomte <\/b><span style=\"font-weight: 400;\">prenant finalement la 6e place finale. Mais, en fin de course, c&rsquo;est une autre locale qui \u00e9tait en train de voler. 40e apr\u00e8s un tour, <\/span><b>Tamara Wiedmann <\/b><span style=\"font-weight: 400;\">est revenue de tr\u00e8s loin pour finir 5e apr\u00e8s deux derni\u00e8res boucles folles. D\u00e9j\u00e0 \u00e9patante \u00e0 Araxa, la jeune autrichienne confirme ses progr\u00e8s, elle est seulement battue au sprint par <strong>Neff<\/strong>, pour la 4e place. De quoi redonner le sourire au public.<\/span><\/p>\n<ul>\n<li style=\"text-align: justify;\"><strong>\u00c0 ce sujet &#8211; <a href=\"https:\/\/dicodusport.fr\/blog\/vtt-xco-leogang-2025-classement-course-femmes\/\">VTT XCO Leogang 2025 : Classement Course femmes<\/a><\/strong><\/li>\n<\/ul>\n","protected":false},"excerpt":{"rendered":"<p>COUPE DU MONDE DE VTT 2025 &#8211; Puck Pieterse r\u00e9alise le doubl\u00e9 XCC\/XCO en s&rsquo;imposant ce dimanche lors du format olympique \u00e0 Leogang devant Samara Maxwell, alors que Loana Lecomte prend la 6e place.<\/p>\n","protected":false},"author":61,"featured_media":585469,"comment_status":"open","ping_status":"closed","sticky":false,"template":"","format":"standard","meta":{"_acf_changed":false,"_daextam_enable_autolinks":"1","footnotes":""},"categories":[10279],"tags":[16878,11873,692],"class_list":["post-585222","post","type-post","status-publish","format-standard","has-post-thumbnail","hentry","category-vtt","tag-breve","tag-coupe-du-monde-de-vtt","tag-vtt"],"acf":[],"yoast_head":"<!-- This site is optimized with the Yoast SEO Premium plugin v26.7 (Yoast SEO v26.7) - https:\/\/yoast.com\/wordpress\/plugins\/seo\/ -->\n<title>VTT XCO Leogang : Puck Pieterse s&#039;impose largement, Loana Lecomte 6e<\/title>\n<meta name=\"description\" content=\"COUPE DU MONDE DE VTT 2025 - Puck Pieterse r\u00e9alise le doubl\u00e9 XCC\/XCO en s&#039;imposant ce dimanche lors du format olympique \u00e0 Leogang.\" \/>\n<meta name=\"robots\" content=\"index, follow, max-snippet:-1, max-image-preview:large, max-video-preview:-1\" \/>\n<link rel=\"canonical\" href=\"https:\/\/dicodusport.fr\/blog\/vtt-xco-leogang-puck-pieterse-simpose-largement-loana-lecomte-6e\/\" \/>\n<meta property=\"og:locale\" content=\"fr_FR\" \/>\n<meta property=\"og:type\" content=\"article\" \/>\n<meta property=\"og:title\" content=\"VTT XCO Leogang : Puck Pieterse s&#039;impose largement, Loana Lecomte 6e\" \/>\n<meta property=\"og:description\" content=\"COUPE DU MONDE DE VTT 2025 - Puck Pieterse r\u00e9alise le doubl\u00e9 XCC\/XCO en s&#039;imposant ce dimanche lors du format olympique \u00e0 Leogang.\" \/>\n<meta property=\"og:url\" content=\"https:\/\/dicodusport.fr\/blog\/vtt-xco-leogang-puck-pieterse-simpose-largement-loana-lecomte-6e\/\" \/>\n<meta property=\"og:site_name\" content=\"Dicodusport\" \/>\n<meta property=\"article:publisher\" content=\"https:\/\/www.facebook.com\/dicodusport\" \/>\n<meta property=\"article:published_time\" content=\"2025-06-08T12:37:12+00:00\" \/>\n<meta property=\"article:modified_time\" content=\"2025-06-08T18:16:16+00:00\" \/>\n<meta property=\"og:image\" content=\"https:\/\/dicodusport.fr\/blog\/wp-content\/uploads\/2025\/06\/VTT-XCO-Leogang-Puck-Pieterse-simpose-largement-Loana-Lecomte-6e.png\" \/>\n\t<meta property=\"og:image:width\" content=\"1200\" \/>\n\t<meta property=\"og:image:height\" content=\"674\" \/>\n\t<meta property=\"og:image:type\" content=\"image\/png\" \/>\n<meta name=\"author\" content=\"Pierre Gorce\" \/>\n<meta name=\"twitter:card\" content=\"summary_large_image\" \/>\n<meta name=\"twitter:title\" content=\"VTT XCO Leogang : Puck Pieterse s&#039;impose largement, Loana Lecomte 6e\" \/>\n<meta name=\"twitter:creator\" content=\"@https:\/\/twitter.com\/pierregorce12\" \/>\n<meta name=\"twitter:site\" content=\"@dicodusport\" \/>\n<script type=\"application\/ld+json\" class=\"yoast-schema-graph\">{\"@context\":\"https:\/\/schema.org\",\"@graph\":[{\"@type\":\"NewsArticle\",\"@id\":\"https:\/\/dicodusport.fr\/blog\/vtt-xco-leogang-puck-pieterse-simpose-largement-loana-lecomte-6e\/#article\",\"isPartOf\":{\"@id\":\"https:\/\/dicodusport.fr\/blog\/vtt-xco-leogang-puck-pieterse-simpose-largement-loana-lecomte-6e\/\"},\"author\":{\"name\":\"Pierre Gorce\",\"@id\":\"https:\/\/dicodusport.fr\/blog\/#\/schema\/person\/0eaf70b33d703a1a66b1155ac1bda018\"},\"headline\":\"VTT XCO Leogang : Puck Pieterse s&rsquo;impose largement, Loana Lecomte 6e\",\"datePublished\":\"2025-06-08T12:37:12+00:00\",\"dateModified\":\"2025-06-08T18:16:16+00:00\",\"mainEntityOfPage\":{\"@id\":\"https:\/\/dicodusport.fr\/blog\/vtt-xco-leogang-puck-pieterse-simpose-largement-loana-lecomte-6e\/\"},\"wordCount\":613,\"commentCount\":0,\"publisher\":{\"@id\":\"https:\/\/dicodusport.fr\/blog\/#organization\"},\"image\":{\"@id\":\"https:\/\/dicodusport.fr\/blog\/vtt-xco-leogang-puck-pieterse-simpose-largement-loana-lecomte-6e\/#primaryimage\"},\"thumbnailUrl\":\"https:\/\/dicodusport.fr\/blog\/wp-content\/uploads\/2025\/06\/VTT-XCO-Leogang-Puck-Pieterse-simpose-largement-Loana-Lecomte-6e.png\",\"keywords\":[\"br\u00e8ve\",\"Coupe du monde de VTT\",\"VTT\"],\"articleSection\":[\"VTT\"],\"inLanguage\":\"fr-FR\",\"potentialAction\":[{\"@type\":\"CommentAction\",\"name\":\"Comment\",\"target\":[\"https:\/\/dicodusport.fr\/blog\/vtt-xco-leogang-puck-pieterse-simpose-largement-loana-lecomte-6e\/#respond\"]}],\"copyrightYear\":\"2025\",\"copyrightHolder\":{\"@id\":\"https:\/\/dicodusport.fr\/blog\/#organization\"}},{\"@type\":\"WebPage\",\"@id\":\"https:\/\/dicodusport.fr\/blog\/vtt-xco-leogang-puck-pieterse-simpose-largement-loana-lecomte-6e\/\",\"url\":\"https:\/\/dicodusport.fr\/blog\/vtt-xco-leogang-puck-pieterse-simpose-largement-loana-lecomte-6e\/\",\"name\":\"VTT XCO Leogang : Puck Pieterse s'impose largement, Loana Lecomte 6e\",\"isPartOf\":{\"@id\":\"https:\/\/dicodusport.fr\/blog\/#website\"},\"primaryImageOfPage\":{\"@id\":\"https:\/\/dicodusport.fr\/blog\/vtt-xco-leogang-puck-pieterse-simpose-largement-loana-lecomte-6e\/#primaryimage\"},\"image\":{\"@id\":\"https:\/\/dicodusport.fr\/blog\/vtt-xco-leogang-puck-pieterse-simpose-largement-loana-lecomte-6e\/#primaryimage\"},\"thumbnailUrl\":\"https:\/\/dicodusport.fr\/blog\/wp-content\/uploads\/2025\/06\/VTT-XCO-Leogang-Puck-Pieterse-simpose-largement-Loana-Lecomte-6e.png\",\"datePublished\":\"2025-06-08T12:37:12+00:00\",\"dateModified\":\"2025-06-08T18:16:16+00:00\",\"description\":\"COUPE DU MONDE DE VTT 2025 - Puck Pieterse r\u00e9alise le doubl\u00e9 XCC\/XCO en s'imposant ce dimanche lors du format olympique \u00e0 Leogang.\",\"breadcrumb\":{\"@id\":\"https:\/\/dicodusport.fr\/blog\/vtt-xco-leogang-puck-pieterse-simpose-largement-loana-lecomte-6e\/#breadcrumb\"},\"inLanguage\":\"fr-FR\",\"potentialAction\":[{\"@type\":\"ReadAction\",\"target\":[\"https:\/\/dicodusport.fr\/blog\/vtt-xco-leogang-puck-pieterse-simpose-largement-loana-lecomte-6e\/\"]}]},{\"@type\":\"ImageObject\",\"inLanguage\":\"fr-FR\",\"@id\":\"https:\/\/dicodusport.fr\/blog\/vtt-xco-leogang-puck-pieterse-simpose-largement-loana-lecomte-6e\/#primaryimage\",\"url\":\"https:\/\/dicodusport.fr\/blog\/wp-content\/uploads\/2025\/06\/VTT-XCO-Leogang-Puck-Pieterse-simpose-largement-Loana-Lecomte-6e.png\",\"contentUrl\":\"https:\/\/dicodusport.fr\/blog\/wp-content\/uploads\/2025\/06\/VTT-XCO-Leogang-Puck-Pieterse-simpose-largement-Loana-Lecomte-6e.png\",\"width\":1200,\"height\":674,\"caption\":\"VTT XCO Leogang Puck Pieterse s'impose largement, Loana Lecomte 6e\"},{\"@type\":\"BreadcrumbList\",\"@id\":\"https:\/\/dicodusport.fr\/blog\/vtt-xco-leogang-puck-pieterse-simpose-largement-loana-lecomte-6e\/#breadcrumb\",\"itemListElement\":[{\"@type\":\"ListItem\",\"position\":1,\"name\":\"Accueil\",\"item\":\"https:\/\/dicodusport.fr\/blog\/\"},{\"@type\":\"ListItem\",\"position\":2,\"name\":\"VTT XCO Leogang : Puck Pieterse s&rsquo;impose largement, Loana Lecomte 6e\"}]},{\"@type\":\"WebSite\",\"@id\":\"https:\/\/dicodusport.fr\/blog\/#website\",\"url\":\"https:\/\/dicodusport.fr\/blog\/\",\"name\":\"Dicodusport\",\"description\":\"L&#039;encyclop\u00e9die de l&#039;actualit\u00e9 sportive\",\"publisher\":{\"@id\":\"https:\/\/dicodusport.fr\/blog\/#organization\"},\"potentialAction\":[{\"@type\":\"SearchAction\",\"target\":{\"@type\":\"EntryPoint\",\"urlTemplate\":\"https:\/\/dicodusport.fr\/blog\/?s={search_term_string}\"},\"query-input\":{\"@type\":\"PropertyValueSpecification\",\"valueRequired\":true,\"valueName\":\"search_term_string\"}}],\"inLanguage\":\"fr-FR\"},{\"@type\":\"NewsMediaOrganization\",\"@id\":\"https:\/\/dicodusport.fr\/blog\/#organization\",\"name\":\"Dicodusport\",\"url\":\"https:\/\/dicodusport.fr\/blog\/\",\"logo\":{\"@type\":\"ImageObject\",\"inLanguage\":\"fr-FR\",\"@id\":\"https:\/\/dicodusport.fr\/blog\/#\/schema\/logo\/image\/\",\"url\":\"https:\/\/dicodusport.fr\/blog\/wp-content\/uploads\/2020\/06\/cropped-LOGO-DICODUSPORT-2020-SANS-FOND-SANS-TEXTE.png\",\"contentUrl\":\"https:\/\/dicodusport.fr\/blog\/wp-content\/uploads\/2020\/06\/cropped-LOGO-DICODUSPORT-2020-SANS-FOND-SANS-TEXTE.png\",\"width\":512,\"height\":512,\"caption\":\"Dicodusport\"},\"image\":{\"@id\":\"https:\/\/dicodusport.fr\/blog\/#\/schema\/logo\/image\/\"},\"sameAs\":[\"https:\/\/www.facebook.com\/dicodusport\",\"https:\/\/x.com\/dicodusport\",\"https:\/\/www.instagram.com\/dicodusport\/\",\"https:\/\/www.youtube.com\/channel\/UC7V2KZ5sd3htJivAbA4ZG3w\"],\"description\":\"Dicodusport est l'encyclop\u00e9die de l'actualit\u00e9 sportive.\",\"email\":\"bonjour@dicodusport.fr\",\"legalName\":\"DICODUSPORT\",\"foundingDate\":\"2018-01-14\",\"vatID\":\"FR71834470973\",\"taxID\":\"83447097300043\",\"numberOfEmployees\":{\"@type\":\"QuantitativeValue\",\"minValue\":\"1\",\"maxValue\":\"10\"}},{\"@type\":\"Person\",\"@id\":\"https:\/\/dicodusport.fr\/blog\/#\/schema\/person\/0eaf70b33d703a1a66b1155ac1bda018\",\"name\":\"Pierre Gorce\",\"image\":{\"@type\":\"ImageObject\",\"inLanguage\":\"fr-FR\",\"@id\":\"https:\/\/dicodusport.fr\/blog\/#\/schema\/person\/image\/\",\"url\":\"https:\/\/dicodusport.fr\/blog\/wp-content\/uploads\/2022\/03\/IMG_20211214_233053_722-150x150.jpg\",\"contentUrl\":\"https:\/\/dicodusport.fr\/blog\/wp-content\/uploads\/2022\/03\/IMG_20211214_233053_722-150x150.jpg\",\"caption\":\"Pierre Gorce\"},\"description\":\"Couteau suisse venant tout droit de Haute-Savoie. Habitu\u00e9 \u00e0 regarder du sport depuis petit, j'en ai maintenant fait mon m\u00e9tier. Des sports d'hiver au surf, en passant par le tennis, la F1, le handball et l'athl\u00e9tisme, j'essaie d'avoir mes yeux sur l'enti\u00e8ret\u00e9 de l'actualit\u00e9. Jeune homme berc\u00e9 par les exploits de Jean-Baptiste Grange, Sebastian Vettel et des Experts. Membre de la g\u00e9n\u00e9ration 1999 comme Luka Doncic, Sydney McLaughlin, Lando Norris et Loana Lecomte, mais avec beaucoup moins de talent qu'eux.\",\"sameAs\":[\"https:\/\/x.com\/https:\/\/twitter.com\/pierregorce12\"],\"birthDate\":\"1999-08-29\",\"url\":\"https:\/\/dicodusport.fr\/blog\/author\/pierreg\/\"}]}<\/script>\n<!-- \/ Yoast SEO Premium plugin. -->","yoast_head_json":{"title":"VTT XCO Leogang : Puck Pieterse s'impose largement, Loana Lecomte 6e","description":"COUPE DU MONDE DE VTT 2025 - Puck Pieterse r\u00e9alise le doubl\u00e9 XCC\/XCO en s'imposant ce dimanche lors du format olympique \u00e0 Leogang.","robots":{"index":"index","follow":"follow","max-snippet":"max-snippet:-1","max-image-preview":"max-image-preview:large","max-video-preview":"max-video-preview:-1"},"canonical":"https:\/\/dicodusport.fr\/blog\/vtt-xco-leogang-puck-pieterse-simpose-largement-loana-lecomte-6e\/","og_locale":"fr_FR","og_type":"article","og_title":"VTT XCO Leogang : Puck Pieterse s'impose largement, Loana Lecomte 6e","og_description":"COUPE DU MONDE DE VTT 2025 - Puck Pieterse r\u00e9alise le doubl\u00e9 XCC\/XCO en s'imposant ce dimanche lors du format olympique \u00e0 Leogang.","og_url":"https:\/\/dicodusport.fr\/blog\/vtt-xco-leogang-puck-pieterse-simpose-largement-loana-lecomte-6e\/","og_site_name":"Dicodusport","article_publisher":"https:\/\/www.facebook.com\/dicodusport","article_published_time":"2025-06-08T12:37:12+00:00","article_modified_time":"2025-06-08T18:16:16+00:00","og_image":[{"width":1200,"height":674,"url":"https:\/\/dicodusport.fr\/blog\/wp-content\/uploads\/2025\/06\/VTT-XCO-Leogang-Puck-Pieterse-simpose-largement-Loana-Lecomte-6e.png","type":"image\/png"}],"author":"Pierre Gorce","twitter_card":"summary_large_image","twitter_title":"VTT XCO Leogang : Puck Pieterse s'impose largement, Loana Lecomte 6e","twitter_creator":"@https:\/\/twitter.com\/pierregorce12","twitter_site":"@dicodusport","schema":{"@context":"https:\/\/schema.org","@graph":[{"@type":"NewsArticle","@id":"https:\/\/dicodusport.fr\/blog\/vtt-xco-leogang-puck-pieterse-simpose-largement-loana-lecomte-6e\/#article","isPartOf":{"@id":"https:\/\/dicodusport.fr\/blog\/vtt-xco-leogang-puck-pieterse-simpose-largement-loana-lecomte-6e\/"},"author":{"name":"Pierre Gorce","@id":"https:\/\/dicodusport.fr\/blog\/#\/schema\/person\/0eaf70b33d703a1a66b1155ac1bda018"},"headline":"VTT XCO Leogang : Puck Pieterse s&rsquo;impose largement, Loana Lecomte 6e","datePublished":"2025-06-08T12:37:12+00:00","dateModified":"2025-06-08T18:16:16+00:00","mainEntityOfPage":{"@id":"https:\/\/dicodusport.fr\/blog\/vtt-xco-leogang-puck-pieterse-simpose-largement-loana-lecomte-6e\/"},"wordCount":613,"commentCount":0,"publisher":{"@id":"https:\/\/dicodusport.fr\/blog\/#organization"},"image":{"@id":"https:\/\/dicodusport.fr\/blog\/vtt-xco-leogang-puck-pieterse-simpose-largement-loana-lecomte-6e\/#primaryimage"},"thumbnailUrl":"https:\/\/dicodusport.fr\/blog\/wp-content\/uploads\/2025\/06\/VTT-XCO-Leogang-Puck-Pieterse-simpose-largement-Loana-Lecomte-6e.png","keywords":["br\u00e8ve","Coupe du monde de VTT","VTT"],"articleSection":["VTT"],"inLanguage":"fr-FR","potentialAction":[{"@type":"CommentAction","name":"Comment","target":["https:\/\/dicodusport.fr\/blog\/vtt-xco-leogang-puck-pieterse-simpose-largement-loana-lecomte-6e\/#respond"]}],"copyrightYear":"2025","copyrightHolder":{"@id":"https:\/\/dicodusport.fr\/blog\/#organization"}},{"@type":"WebPage","@id":"https:\/\/dicodusport.fr\/blog\/vtt-xco-leogang-puck-pieterse-simpose-largement-loana-lecomte-6e\/","url":"https:\/\/dicodusport.fr\/blog\/vtt-xco-leogang-puck-pieterse-simpose-largement-loana-lecomte-6e\/","name":"VTT XCO Leogang : Puck Pieterse s'impose largement, Loana Lecomte 6e","isPartOf":{"@id":"https:\/\/dicodusport.fr\/blog\/#website"},"primaryImageOfPage":{"@id":"https:\/\/dicodusport.fr\/blog\/vtt-xco-leogang-puck-pieterse-simpose-largement-loana-lecomte-6e\/#primaryimage"},"image":{"@id":"https:\/\/dicodusport.fr\/blog\/vtt-xco-leogang-puck-pieterse-simpose-largement-loana-lecomte-6e\/#primaryimage"},"thumbnailUrl":"https:\/\/dicodusport.fr\/blog\/wp-content\/uploads\/2025\/06\/VTT-XCO-Leogang-Puck-Pieterse-simpose-largement-Loana-Lecomte-6e.png","datePublished":"2025-06-08T12:37:12+00:00","dateModified":"2025-06-08T18:16:16+00:00","description":"COUPE DU MONDE DE VTT 2025 - Puck Pieterse r\u00e9alise le doubl\u00e9 XCC\/XCO en s'imposant ce dimanche lors du format olympique \u00e0 Leogang.","breadcrumb":{"@id":"https:\/\/dicodusport.fr\/blog\/vtt-xco-leogang-puck-pieterse-simpose-largement-loana-lecomte-6e\/#breadcrumb"},"inLanguage":"fr-FR","potentialAction":[{"@type":"ReadAction","target":["https:\/\/dicodusport.fr\/blog\/vtt-xco-leogang-puck-pieterse-simpose-largement-loana-lecomte-6e\/"]}]},{"@type":"ImageObject","inLanguage":"fr-FR","@id":"https:\/\/dicodusport.fr\/blog\/vtt-xco-leogang-puck-pieterse-simpose-largement-loana-lecomte-6e\/#primaryimage","url":"https:\/\/dicodusport.fr\/blog\/wp-content\/uploads\/2025\/06\/VTT-XCO-Leogang-Puck-Pieterse-simpose-largement-Loana-Lecomte-6e.png","contentUrl":"https:\/\/dicodusport.fr\/blog\/wp-content\/uploads\/2025\/06\/VTT-XCO-Leogang-Puck-Pieterse-simpose-largement-Loana-Lecomte-6e.png","width":1200,"height":674,"caption":"VTT XCO Leogang Puck Pieterse s'impose largement, Loana Lecomte 6e"},{"@type":"BreadcrumbList","@id":"https:\/\/dicodusport.fr\/blog\/vtt-xco-leogang-puck-pieterse-simpose-largement-loana-lecomte-6e\/#breadcrumb","itemListElement":[{"@type":"ListItem","position":1,"name":"Accueil","item":"https:\/\/dicodusport.fr\/blog\/"},{"@type":"ListItem","position":2,"name":"VTT XCO Leogang : Puck Pieterse s&rsquo;impose largement, Loana Lecomte 6e"}]},{"@type":"WebSite","@id":"https:\/\/dicodusport.fr\/blog\/#website","url":"https:\/\/dicodusport.fr\/blog\/","name":"Dicodusport","description":"L&#039;encyclop\u00e9die de l&#039;actualit\u00e9 sportive","publisher":{"@id":"https:\/\/dicodusport.fr\/blog\/#organization"},"potentialAction":[{"@type":"SearchAction","target":{"@type":"EntryPoint","urlTemplate":"https:\/\/dicodusport.fr\/blog\/?s={search_term_string}"},"query-input":{"@type":"PropertyValueSpecification","valueRequired":true,"valueName":"search_term_string"}}],"inLanguage":"fr-FR"},{"@type":"NewsMediaOrganization","@id":"https:\/\/dicodusport.fr\/blog\/#organization","name":"Dicodusport","url":"https:\/\/dicodusport.fr\/blog\/","logo":{"@type":"ImageObject","inLanguage":"fr-FR","@id":"https:\/\/dicodusport.fr\/blog\/#\/schema\/logo\/image\/","url":"https:\/\/dicodusport.fr\/blog\/wp-content\/uploads\/2020\/06\/cropped-LOGO-DICODUSPORT-2020-SANS-FOND-SANS-TEXTE.png","contentUrl":"https:\/\/dicodusport.fr\/blog\/wp-content\/uploads\/2020\/06\/cropped-LOGO-DICODUSPORT-2020-SANS-FOND-SANS-TEXTE.png","width":512,"height":512,"caption":"Dicodusport"},"image":{"@id":"https:\/\/dicodusport.fr\/blog\/#\/schema\/logo\/image\/"},"sameAs":["https:\/\/www.facebook.com\/dicodusport","https:\/\/x.com\/dicodusport","https:\/\/www.instagram.com\/dicodusport\/","https:\/\/www.youtube.com\/channel\/UC7V2KZ5sd3htJivAbA4ZG3w"],"description":"Dicodusport est l'encyclop\u00e9die de l'actualit\u00e9 sportive.","email":"bonjour@dicodusport.fr","legalName":"DICODUSPORT","foundingDate":"2018-01-14","vatID":"FR71834470973","taxID":"83447097300043","numberOfEmployees":{"@type":"QuantitativeValue","minValue":"1","maxValue":"10"}},{"@type":"Person","@id":"https:\/\/dicodusport.fr\/blog\/#\/schema\/person\/0eaf70b33d703a1a66b1155ac1bda018","name":"Pierre Gorce","image":{"@type":"ImageObject","inLanguage":"fr-FR","@id":"https:\/\/dicodusport.fr\/blog\/#\/schema\/person\/image\/","url":"https:\/\/dicodusport.fr\/blog\/wp-content\/uploads\/2022\/03\/IMG_20211214_233053_722-150x150.jpg","contentUrl":"https:\/\/dicodusport.fr\/blog\/wp-content\/uploads\/2022\/03\/IMG_20211214_233053_722-150x150.jpg","caption":"Pierre Gorce"},"description":"Couteau suisse venant tout droit de Haute-Savoie. Habitu\u00e9 \u00e0 regarder du sport depuis petit, j'en ai maintenant fait mon m\u00e9tier. Des sports d'hiver au surf, en passant par le tennis, la F1, le handball et l'athl\u00e9tisme, j'essaie d'avoir mes yeux sur l'enti\u00e8ret\u00e9 de l'actualit\u00e9. Jeune homme berc\u00e9 par les exploits de Jean-Baptiste Grange, Sebastian Vettel et des Experts. Membre de la g\u00e9n\u00e9ration 1999 comme Luka Doncic, Sydney McLaughlin, Lando Norris et Loana Lecomte, mais avec beaucoup moins de talent qu'eux.","sameAs":["https:\/\/x.com\/https:\/\/twitter.com\/pierregorce12"],"birthDate":"1999-08-29","url":"https:\/\/dicodusport.fr\/blog\/author\/pierreg\/"}]}},"_links":{"self":[{"href":"https:\/\/dicodusport.fr\/blog\/wp-json\/wp\/v2\/posts\/585222","targetHints":{"allow":["GET"]}}],"collection":[{"href":"https:\/\/dicodusport.fr\/blog\/wp-json\/wp\/v2\/posts"}],"about":[{"href":"https:\/\/dicodusport.fr\/blog\/wp-json\/wp\/v2\/types\/post"}],"author":[{"embeddable":true,"href":"https:\/\/dicodusport.fr\/blog\/wp-json\/wp\/v2\/users\/61"}],"replies":[{"embeddable":true,"href":"https:\/\/dicodusport.fr\/blog\/wp-json\/wp\/v2\/comments?post=585222"}],"version-history":[{"count":4,"href":"https:\/\/dicodusport.fr\/blog\/wp-json\/wp\/v2\/posts\/585222\/revisions"}],"predecessor-version":[{"id":585471,"href":"https:\/\/dicodusport.fr\/blog\/wp-json\/wp\/v2\/posts\/585222\/revisions\/585471"}],"wp:featuredmedia":[{"embeddable":true,"href":"https:\/\/dicodusport.fr\/blog\/wp-json\/wp\/v2\/media\/585469"}],"wp:attachment":[{"href":"https:\/\/dicodusport.fr\/blog\/wp-json\/wp\/v2\/media?parent=585222"}],"wp:term":[{"taxonomy":"category","embeddable":true,"href":"https:\/\/dicodusport.fr\/blog\/wp-json\/wp\/v2\/categories?post=585222"},{"taxonomy":"post_tag","embeddable":true,"href":"https:\/\/dicodusport.fr\/blog\/wp-json\/wp\/v2\/tags?post=585222"}],"curies":[{"name":"wp","href":"https:\/\/api.w.org\/{rel}","templated":true}]}}