{"id":585658,"date":"2025-06-09T18:41:41","date_gmt":"2025-06-09T16:41:41","guid":{"rendered":"https:\/\/dicodusport.fr\/blog\/?p=585658&#038;preview=true&#038;preview_id=585658"},"modified":"2025-06-09T18:41:41","modified_gmt":"2025-06-09T16:41:41","slug":"cyclisme-clara-copponi-remporte-le-gp-mazda-schelkens","status":"publish","type":"post","link":"https:\/\/dicodusport.fr\/blog\/cyclisme-clara-copponi-remporte-le-gp-mazda-schelkens\/","title":{"rendered":"Cyclisme : Clara Copponi remporte le GP Mazda Schelkens"},"content":{"rendered":"<p style=\"text-align: justify;\"><strong><em>CYCLISME SUR ROUTE 2025 &#8211; Deux jours apr\u00e8s avoir \u00e9t\u00e9 battue par Susanne Andersen \u00e0 Antwerp, Clara Copponi a pris sa revanche sur la Norv\u00e9gienne en s&rsquo;imposant au GP Mazda Schelkens ce lundi.<\/em><\/strong><\/p>\n<ul style=\"text-align: justify;\">\n<li><strong>\u00c0 ce sujet &#8211; <a href=\"https:\/\/dicodusport.fr\/blog\/actualites\/cyclisme\/cyclisme-sur-route-2025\/\">Toute l&rsquo;actualit\u00e9 du cyclisme sur route<\/a><\/strong><\/li>\n<\/ul>\n<p style=\"text-align: justify;\">Depuis sa victoire fin janvier en Australie lors de la<a href=\"https:\/\/dicodusport.fr\/blog\/schwalbe-classic-2025-victoire-de-clara-copponi-au-sprint\/\"> Schwalbe Classic<\/a>, <strong>Clara Copponi<\/strong> n&rsquo;avait plus lev\u00e9 les bras. Pourtant, la sprinteuse tricolore de la <strong>Lidl-Trek<\/strong> \u00e9tait pass\u00e9e proche \u00e0 plusieurs reprises, notamment sur le Tour d&rsquo;Estr\u00e9madure (4\u00e8me), mais surtout sur l&rsquo;Antwerp Port Epic Ladies (2\u00e8me) disput\u00e9e samedi dernier. Malheureusement, la Norv\u00e9gienne <strong>Susanne Andersen<\/strong> (Uno-X Mobility) s&rsquo;\u00e9tait montr\u00e9e la plus forte.<\/p>\n<h2 style=\"text-align: justify;\">\u00a0Clara Copponi prend sa revanche sur Susanne Andersen<\/h2>\n<p style=\"text-align: justify;\">Mais deux jours plus tard, les positions se sont invers\u00e9es. Toujours en Belgique, le <strong>GP Mazda Schelkens<\/strong> poursuivait un triptyque de courses belges en trois jours ce lundi (Antwerp Port Epic Ladies samedi, Dwaards door de Westhoek dimanche). L\u00e0 encore, les sprinteuses \u00e9taient attendues pour se disputer la victoire au terme des <strong>134,1km autour de Borsbeek<\/strong>. N\u00e9anmoins, le circuit a permis de r\u00e9aliser un gros \u00e9cr\u00e9mage avant l&#8217;emballage final, o\u00f9 seulement une poign\u00e9e de filles \u00e9tait \u00e0 la lutte pour la victoire.<\/p>\n<p style=\"text-align: justify;\">Toutes deux au rendez-vous,<strong> Clara Copponi <\/strong>et <strong>Susanne Andersen<\/strong> n&rsquo;ont pas eu d&rsquo;adversit\u00e9, et se sont \u00e0 nouveau livr\u00e9es un duel au couteau. Duel qui a cette fois tourn\u00e9 \u00e0 l&rsquo;avantage de la Fran\u00e7aise. Bien cal\u00e9e dans la roue de la Norv\u00e9gienne, elle est parvenue \u00e0 la d\u00e9border par l&rsquo;ext\u00e9rieur pour d\u00e9crocher son deuxi\u00e8me bouquet de la saison.<\/p>\n<blockquote class=\"twitter-tweet\">\n<p dir=\"ltr\" lang=\"ro\">Clara Copponi \ud83c\uddeb\ud83c\uddf7 remporte le GP Mazda Schelkens 2025 \ud83d\udc51\ud83d\udc4f<\/p>\n<p>La Fran\u00e7aise s&rsquo;impose au sprint devant Suzanne Andersen \ud83c\uddf3\ud83c\uddf4<a href=\"https:\/\/twitter.com\/hashtag\/ProximusPresents?src=hash&amp;ref_src=twsrc%5Etfw\">#ProximusPresents<\/a> <a href=\"https:\/\/twitter.com\/hashtag\/GPSchelkens?src=hash&amp;ref_src=twsrc%5Etfw\">#GPSchelkens<\/a> <a href=\"https:\/\/twitter.com\/hashtag\/UCI?src=hash&amp;ref_src=twsrc%5Etfw\">#UCI<\/a> <a href=\"https:\/\/twitter.com\/hashtag\/Cycling?src=hash&amp;ref_src=twsrc%5Etfw\">#Cycling<\/a> <a href=\"https:\/\/twitter.com\/hashtag\/Copponi?src=hash&amp;ref_src=twsrc%5Etfw\">#Copponi<\/a> <a href=\"https:\/\/twitter.com\/hashtag\/Andersen?src=hash&amp;ref_src=twsrc%5Etfw\">#Andersen<\/a> <a href=\"https:\/\/t.co\/IccT8Dgxep\">pic.twitter.com\/IccT8Dgxep<\/a><\/p>\n<p>\u2014 Pickx Sports (@PickxSports) <a href=\"https:\/\/twitter.com\/PickxSports\/status\/1932105019567878199?ref_src=twsrc%5Etfw\">June 9, 2025<\/a><\/p><\/blockquote>\n<p style=\"text-align: justify;\"><script async src=\"https:\/\/platform.twitter.com\/widgets.js\" charset=\"utf-8\"><\/script><\/p>\n","protected":false},"excerpt":{"rendered":"<p>CYCLISME SUR ROUTE 2025 &#8211; Deux jours apr\u00e8s avoir \u00e9t\u00e9 battue par Susanne Andersen \u00e0 Antwerp, Clara Copponi a pris sa revanche sur la Norv\u00e9gienne en s&rsquo;imposant sur le GP Mazda Schelkens ce lundi.<\/p>\n","protected":false},"author":55,"featured_media":585673,"comment_status":"open","ping_status":"closed","sticky":false,"template":"","format":"standard","meta":{"_acf_changed":false,"_daextam_enable_autolinks":"1","footnotes":""},"categories":[46994],"tags":[16878,10056,47031],"class_list":["post-585658","post","type-post","status-publish","format-standard","has-post-thumbnail","hentry","category-cyclisme-sur-route","tag-breve","tag-clara-copponi","tag-gp-mazda-schelkens"],"acf":[],"yoast_head":"<!-- This site is optimized with the Yoast SEO Premium plugin v26.7 (Yoast SEO v26.7) - https:\/\/yoast.com\/wordpress\/plugins\/seo\/ -->\n<title>Cyclisme : Clara Copponi remporte le GP Mazda Schelkens<\/title>\n<meta name=\"description\" content=\"CYCLISME SUR ROUTE 2025 - Clara Copponi a lev\u00e9 les bras pour la deuxi\u00e8me fois de la saison sur le GP Mazda Schelkens, ce lundi.\" \/>\n<meta name=\"robots\" content=\"index, follow, max-snippet:-1, max-image-preview:large, max-video-preview:-1\" \/>\n<link rel=\"canonical\" href=\"https:\/\/dicodusport.fr\/blog\/cyclisme-clara-copponi-remporte-le-gp-mazda-schelkens\/\" \/>\n<meta property=\"og:locale\" content=\"fr_FR\" \/>\n<meta property=\"og:type\" content=\"article\" \/>\n<meta property=\"og:title\" content=\"Cyclisme : Clara Copponi remporte le GP Mazda Schelkens\" \/>\n<meta property=\"og:description\" content=\"CYCLISME SUR ROUTE 2025 - Deux jours apr\u00e8s avoir \u00e9t\u00e9 battue par Susanne Andersen \u00e0 Antwerp, Clara Copponi a pris sa revanche sur la Norv\u00e9gienne en s&#039;imposant au GP Mazda Schelkens ce lundi.\" \/>\n<meta property=\"og:url\" content=\"https:\/\/dicodusport.fr\/blog\/cyclisme-clara-copponi-remporte-le-gp-mazda-schelkens\/\" \/>\n<meta property=\"og:site_name\" content=\"Dicodusport\" \/>\n<meta property=\"article:publisher\" content=\"https:\/\/www.facebook.com\/dicodusport\" \/>\n<meta property=\"article:published_time\" content=\"2025-06-09T16:41:41+00:00\" \/>\n<meta property=\"og:image\" content=\"https:\/\/dicodusport.fr\/blog\/wp-content\/uploads\/2025\/06\/Cyclisme-Clara-Copponi-remporte-le-GP-Mazda-Schelkens.png\" \/>\n\t<meta property=\"og:image:width\" content=\"1200\" \/>\n\t<meta property=\"og:image:height\" content=\"674\" \/>\n\t<meta property=\"og:image:type\" content=\"image\/png\" \/>\n<meta name=\"author\" content=\"Maxime Cazenave\" \/>\n<meta name=\"twitter:card\" content=\"summary_large_image\" \/>\n<meta name=\"twitter:description\" content=\"CYCLISME SUR ROUTE 2025 - Deux jours apr\u00e8s avoir \u00e9t\u00e9 battue par Susanne Andersen \u00e0 Antwerp, Clara Copponi a pris sa revanche sur la Norv\u00e9gienne en s&#039;imposant au GP Mazda Schelkens ce lundi.\" \/>\n<meta name=\"twitter:creator\" content=\"@https:\/\/twitter.com\/Maxime_Caze\" \/>\n<meta name=\"twitter:site\" content=\"@dicodusport\" \/>\n<script type=\"application\/ld+json\" class=\"yoast-schema-graph\">{\"@context\":\"https:\/\/schema.org\",\"@graph\":[{\"@type\":\"NewsArticle\",\"@id\":\"https:\/\/dicodusport.fr\/blog\/cyclisme-clara-copponi-remporte-le-gp-mazda-schelkens\/#article\",\"isPartOf\":{\"@id\":\"https:\/\/dicodusport.fr\/blog\/cyclisme-clara-copponi-remporte-le-gp-mazda-schelkens\/\"},\"author\":{\"name\":\"Maxime Cazenave\",\"@id\":\"https:\/\/dicodusport.fr\/blog\/#\/schema\/person\/37def232098a7a5cbab3974a3690abb0\"},\"headline\":\"Cyclisme : Clara Copponi remporte le GP Mazda Schelkens\",\"datePublished\":\"2025-06-09T16:41:41+00:00\",\"mainEntityOfPage\":{\"@id\":\"https:\/\/dicodusport.fr\/blog\/cyclisme-clara-copponi-remporte-le-gp-mazda-schelkens\/\"},\"wordCount\":315,\"commentCount\":0,\"publisher\":{\"@id\":\"https:\/\/dicodusport.fr\/blog\/#organization\"},\"image\":{\"@id\":\"https:\/\/dicodusport.fr\/blog\/cyclisme-clara-copponi-remporte-le-gp-mazda-schelkens\/#primaryimage\"},\"thumbnailUrl\":\"https:\/\/dicodusport.fr\/blog\/wp-content\/uploads\/2025\/06\/Cyclisme-Clara-Copponi-remporte-le-GP-Mazda-Schelkens.png\",\"keywords\":[\"br\u00e8ve\",\"Clara Copponi\",\"GP Mazda Schelkens\"],\"articleSection\":[\"Cyclisme sur route\"],\"inLanguage\":\"fr-FR\",\"potentialAction\":[{\"@type\":\"CommentAction\",\"name\":\"Comment\",\"target\":[\"https:\/\/dicodusport.fr\/blog\/cyclisme-clara-copponi-remporte-le-gp-mazda-schelkens\/#respond\"]}],\"copyrightYear\":\"2025\",\"copyrightHolder\":{\"@id\":\"https:\/\/dicodusport.fr\/blog\/#organization\"}},{\"@type\":\"WebPage\",\"@id\":\"https:\/\/dicodusport.fr\/blog\/cyclisme-clara-copponi-remporte-le-gp-mazda-schelkens\/\",\"url\":\"https:\/\/dicodusport.fr\/blog\/cyclisme-clara-copponi-remporte-le-gp-mazda-schelkens\/\",\"name\":\"Cyclisme : Clara Copponi remporte le GP Mazda Schelkens\",\"isPartOf\":{\"@id\":\"https:\/\/dicodusport.fr\/blog\/#website\"},\"primaryImageOfPage\":{\"@id\":\"https:\/\/dicodusport.fr\/blog\/cyclisme-clara-copponi-remporte-le-gp-mazda-schelkens\/#primaryimage\"},\"image\":{\"@id\":\"https:\/\/dicodusport.fr\/blog\/cyclisme-clara-copponi-remporte-le-gp-mazda-schelkens\/#primaryimage\"},\"thumbnailUrl\":\"https:\/\/dicodusport.fr\/blog\/wp-content\/uploads\/2025\/06\/Cyclisme-Clara-Copponi-remporte-le-GP-Mazda-Schelkens.png\",\"datePublished\":\"2025-06-09T16:41:41+00:00\",\"description\":\"CYCLISME SUR ROUTE 2025 - Clara Copponi a lev\u00e9 les bras pour la deuxi\u00e8me fois de la saison sur le GP Mazda Schelkens, ce lundi.\",\"breadcrumb\":{\"@id\":\"https:\/\/dicodusport.fr\/blog\/cyclisme-clara-copponi-remporte-le-gp-mazda-schelkens\/#breadcrumb\"},\"inLanguage\":\"fr-FR\",\"potentialAction\":[{\"@type\":\"ReadAction\",\"target\":[\"https:\/\/dicodusport.fr\/blog\/cyclisme-clara-copponi-remporte-le-gp-mazda-schelkens\/\"]}]},{\"@type\":\"ImageObject\",\"inLanguage\":\"fr-FR\",\"@id\":\"https:\/\/dicodusport.fr\/blog\/cyclisme-clara-copponi-remporte-le-gp-mazda-schelkens\/#primaryimage\",\"url\":\"https:\/\/dicodusport.fr\/blog\/wp-content\/uploads\/2025\/06\/Cyclisme-Clara-Copponi-remporte-le-GP-Mazda-Schelkens.png\",\"contentUrl\":\"https:\/\/dicodusport.fr\/blog\/wp-content\/uploads\/2025\/06\/Cyclisme-Clara-Copponi-remporte-le-GP-Mazda-Schelkens.png\",\"width\":1200,\"height\":674,\"caption\":\"Cyclisme Clara Copponi remporte le GP Mazda Schelkens\"},{\"@type\":\"BreadcrumbList\",\"@id\":\"https:\/\/dicodusport.fr\/blog\/cyclisme-clara-copponi-remporte-le-gp-mazda-schelkens\/#breadcrumb\",\"itemListElement\":[{\"@type\":\"ListItem\",\"position\":1,\"name\":\"Accueil\",\"item\":\"https:\/\/dicodusport.fr\/blog\/\"},{\"@type\":\"ListItem\",\"position\":2,\"name\":\"Cyclisme : Clara Copponi remporte le GP Mazda Schelkens\"}]},{\"@type\":\"WebSite\",\"@id\":\"https:\/\/dicodusport.fr\/blog\/#website\",\"url\":\"https:\/\/dicodusport.fr\/blog\/\",\"name\":\"Dicodusport\",\"description\":\"L&#039;encyclop\u00e9die de l&#039;actualit\u00e9 sportive\",\"publisher\":{\"@id\":\"https:\/\/dicodusport.fr\/blog\/#organization\"},\"potentialAction\":[{\"@type\":\"SearchAction\",\"target\":{\"@type\":\"EntryPoint\",\"urlTemplate\":\"https:\/\/dicodusport.fr\/blog\/?s={search_term_string}\"},\"query-input\":{\"@type\":\"PropertyValueSpecification\",\"valueRequired\":true,\"valueName\":\"search_term_string\"}}],\"inLanguage\":\"fr-FR\"},{\"@type\":\"NewsMediaOrganization\",\"@id\":\"https:\/\/dicodusport.fr\/blog\/#organization\",\"name\":\"Dicodusport\",\"url\":\"https:\/\/dicodusport.fr\/blog\/\",\"logo\":{\"@type\":\"ImageObject\",\"inLanguage\":\"fr-FR\",\"@id\":\"https:\/\/dicodusport.fr\/blog\/#\/schema\/logo\/image\/\",\"url\":\"https:\/\/dicodusport.fr\/blog\/wp-content\/uploads\/2020\/06\/cropped-LOGO-DICODUSPORT-2020-SANS-FOND-SANS-TEXTE.png\",\"contentUrl\":\"https:\/\/dicodusport.fr\/blog\/wp-content\/uploads\/2020\/06\/cropped-LOGO-DICODUSPORT-2020-SANS-FOND-SANS-TEXTE.png\",\"width\":512,\"height\":512,\"caption\":\"Dicodusport\"},\"image\":{\"@id\":\"https:\/\/dicodusport.fr\/blog\/#\/schema\/logo\/image\/\"},\"sameAs\":[\"https:\/\/www.facebook.com\/dicodusport\",\"https:\/\/x.com\/dicodusport\",\"https:\/\/www.instagram.com\/dicodusport\/\",\"https:\/\/www.youtube.com\/channel\/UC7V2KZ5sd3htJivAbA4ZG3w\"],\"description\":\"Dicodusport est l'encyclop\u00e9die de l'actualit\u00e9 sportive.\",\"email\":\"bonjour@dicodusport.fr\",\"legalName\":\"DICODUSPORT\",\"foundingDate\":\"2018-01-14\",\"vatID\":\"FR71834470973\",\"taxID\":\"83447097300043\",\"numberOfEmployees\":{\"@type\":\"QuantitativeValue\",\"minValue\":\"1\",\"maxValue\":\"10\"}},{\"@type\":\"Person\",\"@id\":\"https:\/\/dicodusport.fr\/blog\/#\/schema\/person\/37def232098a7a5cbab3974a3690abb0\",\"name\":\"Maxime Cazenave\",\"image\":{\"@type\":\"ImageObject\",\"inLanguage\":\"fr-FR\",\"@id\":\"https:\/\/dicodusport.fr\/blog\/#\/schema\/person\/image\/\",\"url\":\"https:\/\/dicodusport.fr\/blog\/wp-content\/uploads\/2021\/05\/Maxime-Cazenave-150x150.jpg\",\"contentUrl\":\"https:\/\/dicodusport.fr\/blog\/wp-content\/uploads\/2021\/05\/Maxime-Cazenave-150x150.jpg\",\"caption\":\"Maxime Cazenave\"},\"description\":\"Journaliste\/R\u00e9dacteur depuis 2012 - Berc\u00e9 par l\u2019amour des Girondins de Bordeaux, les \u00e9checs de Christophe Moreau sur le Tour de France sous l'\u00e8re Lance Armstrong et le fade-away l\u00e9tal de Dirk Nowitzki, ma passion d\u00e9vorante pour le sport a toujours \u00e9t\u00e9 un pan incontournable de ma vie. Transmettre ma passion \u00e0 l\u2019\u00e9crit a \u00e9t\u00e9 une transition naturelle. Suiveur assidu de basket et de hockey sur glace, je garde toujours un peu de place pour suivre le cyclisme, le football et le maximum de performances fran\u00e7aises.\",\"sameAs\":[\"https:\/\/x.com\/https:\/\/twitter.com\/Maxime_Caze\"],\"url\":\"https:\/\/dicodusport.fr\/blog\/author\/maximec\/\"}]}<\/script>\n<!-- \/ Yoast SEO Premium plugin. -->","yoast_head_json":{"title":"Cyclisme : Clara Copponi remporte le GP Mazda Schelkens","description":"CYCLISME SUR ROUTE 2025 - Clara Copponi a lev\u00e9 les bras pour la deuxi\u00e8me fois de la saison sur le GP Mazda Schelkens, ce lundi.","robots":{"index":"index","follow":"follow","max-snippet":"max-snippet:-1","max-image-preview":"max-image-preview:large","max-video-preview":"max-video-preview:-1"},"canonical":"https:\/\/dicodusport.fr\/blog\/cyclisme-clara-copponi-remporte-le-gp-mazda-schelkens\/","og_locale":"fr_FR","og_type":"article","og_title":"Cyclisme : Clara Copponi remporte le GP Mazda Schelkens","og_description":"CYCLISME SUR ROUTE 2025 - Deux jours apr\u00e8s avoir \u00e9t\u00e9 battue par Susanne Andersen \u00e0 Antwerp, Clara Copponi a pris sa revanche sur la Norv\u00e9gienne en s'imposant au GP Mazda Schelkens ce lundi.","og_url":"https:\/\/dicodusport.fr\/blog\/cyclisme-clara-copponi-remporte-le-gp-mazda-schelkens\/","og_site_name":"Dicodusport","article_publisher":"https:\/\/www.facebook.com\/dicodusport","article_published_time":"2025-06-09T16:41:41+00:00","og_image":[{"width":1200,"height":674,"url":"https:\/\/dicodusport.fr\/blog\/wp-content\/uploads\/2025\/06\/Cyclisme-Clara-Copponi-remporte-le-GP-Mazda-Schelkens.png","type":"image\/png"}],"author":"Maxime Cazenave","twitter_card":"summary_large_image","twitter_description":"CYCLISME SUR ROUTE 2025 - Deux jours apr\u00e8s avoir \u00e9t\u00e9 battue par Susanne Andersen \u00e0 Antwerp, Clara Copponi a pris sa revanche sur la Norv\u00e9gienne en s'imposant au GP Mazda Schelkens ce lundi.","twitter_creator":"@https:\/\/twitter.com\/Maxime_Caze","twitter_site":"@dicodusport","schema":{"@context":"https:\/\/schema.org","@graph":[{"@type":"NewsArticle","@id":"https:\/\/dicodusport.fr\/blog\/cyclisme-clara-copponi-remporte-le-gp-mazda-schelkens\/#article","isPartOf":{"@id":"https:\/\/dicodusport.fr\/blog\/cyclisme-clara-copponi-remporte-le-gp-mazda-schelkens\/"},"author":{"name":"Maxime Cazenave","@id":"https:\/\/dicodusport.fr\/blog\/#\/schema\/person\/37def232098a7a5cbab3974a3690abb0"},"headline":"Cyclisme : Clara Copponi remporte le GP Mazda Schelkens","datePublished":"2025-06-09T16:41:41+00:00","mainEntityOfPage":{"@id":"https:\/\/dicodusport.fr\/blog\/cyclisme-clara-copponi-remporte-le-gp-mazda-schelkens\/"},"wordCount":315,"commentCount":0,"publisher":{"@id":"https:\/\/dicodusport.fr\/blog\/#organization"},"image":{"@id":"https:\/\/dicodusport.fr\/blog\/cyclisme-clara-copponi-remporte-le-gp-mazda-schelkens\/#primaryimage"},"thumbnailUrl":"https:\/\/dicodusport.fr\/blog\/wp-content\/uploads\/2025\/06\/Cyclisme-Clara-Copponi-remporte-le-GP-Mazda-Schelkens.png","keywords":["br\u00e8ve","Clara Copponi","GP Mazda Schelkens"],"articleSection":["Cyclisme sur route"],"inLanguage":"fr-FR","potentialAction":[{"@type":"CommentAction","name":"Comment","target":["https:\/\/dicodusport.fr\/blog\/cyclisme-clara-copponi-remporte-le-gp-mazda-schelkens\/#respond"]}],"copyrightYear":"2025","copyrightHolder":{"@id":"https:\/\/dicodusport.fr\/blog\/#organization"}},{"@type":"WebPage","@id":"https:\/\/dicodusport.fr\/blog\/cyclisme-clara-copponi-remporte-le-gp-mazda-schelkens\/","url":"https:\/\/dicodusport.fr\/blog\/cyclisme-clara-copponi-remporte-le-gp-mazda-schelkens\/","name":"Cyclisme : Clara Copponi remporte le GP Mazda Schelkens","isPartOf":{"@id":"https:\/\/dicodusport.fr\/blog\/#website"},"primaryImageOfPage":{"@id":"https:\/\/dicodusport.fr\/blog\/cyclisme-clara-copponi-remporte-le-gp-mazda-schelkens\/#primaryimage"},"image":{"@id":"https:\/\/dicodusport.fr\/blog\/cyclisme-clara-copponi-remporte-le-gp-mazda-schelkens\/#primaryimage"},"thumbnailUrl":"https:\/\/dicodusport.fr\/blog\/wp-content\/uploads\/2025\/06\/Cyclisme-Clara-Copponi-remporte-le-GP-Mazda-Schelkens.png","datePublished":"2025-06-09T16:41:41+00:00","description":"CYCLISME SUR ROUTE 2025 - Clara Copponi a lev\u00e9 les bras pour la deuxi\u00e8me fois de la saison sur le GP Mazda Schelkens, ce lundi.","breadcrumb":{"@id":"https:\/\/dicodusport.fr\/blog\/cyclisme-clara-copponi-remporte-le-gp-mazda-schelkens\/#breadcrumb"},"inLanguage":"fr-FR","potentialAction":[{"@type":"ReadAction","target":["https:\/\/dicodusport.fr\/blog\/cyclisme-clara-copponi-remporte-le-gp-mazda-schelkens\/"]}]},{"@type":"ImageObject","inLanguage":"fr-FR","@id":"https:\/\/dicodusport.fr\/blog\/cyclisme-clara-copponi-remporte-le-gp-mazda-schelkens\/#primaryimage","url":"https:\/\/dicodusport.fr\/blog\/wp-content\/uploads\/2025\/06\/Cyclisme-Clara-Copponi-remporte-le-GP-Mazda-Schelkens.png","contentUrl":"https:\/\/dicodusport.fr\/blog\/wp-content\/uploads\/2025\/06\/Cyclisme-Clara-Copponi-remporte-le-GP-Mazda-Schelkens.png","width":1200,"height":674,"caption":"Cyclisme Clara Copponi remporte le GP Mazda Schelkens"},{"@type":"BreadcrumbList","@id":"https:\/\/dicodusport.fr\/blog\/cyclisme-clara-copponi-remporte-le-gp-mazda-schelkens\/#breadcrumb","itemListElement":[{"@type":"ListItem","position":1,"name":"Accueil","item":"https:\/\/dicodusport.fr\/blog\/"},{"@type":"ListItem","position":2,"name":"Cyclisme : Clara Copponi remporte le GP Mazda Schelkens"}]},{"@type":"WebSite","@id":"https:\/\/dicodusport.fr\/blog\/#website","url":"https:\/\/dicodusport.fr\/blog\/","name":"Dicodusport","description":"L&#039;encyclop\u00e9die de l&#039;actualit\u00e9 sportive","publisher":{"@id":"https:\/\/dicodusport.fr\/blog\/#organization"},"potentialAction":[{"@type":"SearchAction","target":{"@type":"EntryPoint","urlTemplate":"https:\/\/dicodusport.fr\/blog\/?s={search_term_string}"},"query-input":{"@type":"PropertyValueSpecification","valueRequired":true,"valueName":"search_term_string"}}],"inLanguage":"fr-FR"},{"@type":"NewsMediaOrganization","@id":"https:\/\/dicodusport.fr\/blog\/#organization","name":"Dicodusport","url":"https:\/\/dicodusport.fr\/blog\/","logo":{"@type":"ImageObject","inLanguage":"fr-FR","@id":"https:\/\/dicodusport.fr\/blog\/#\/schema\/logo\/image\/","url":"https:\/\/dicodusport.fr\/blog\/wp-content\/uploads\/2020\/06\/cropped-LOGO-DICODUSPORT-2020-SANS-FOND-SANS-TEXTE.png","contentUrl":"https:\/\/dicodusport.fr\/blog\/wp-content\/uploads\/2020\/06\/cropped-LOGO-DICODUSPORT-2020-SANS-FOND-SANS-TEXTE.png","width":512,"height":512,"caption":"Dicodusport"},"image":{"@id":"https:\/\/dicodusport.fr\/blog\/#\/schema\/logo\/image\/"},"sameAs":["https:\/\/www.facebook.com\/dicodusport","https:\/\/x.com\/dicodusport","https:\/\/www.instagram.com\/dicodusport\/","https:\/\/www.youtube.com\/channel\/UC7V2KZ5sd3htJivAbA4ZG3w"],"description":"Dicodusport est l'encyclop\u00e9die de l'actualit\u00e9 sportive.","email":"bonjour@dicodusport.fr","legalName":"DICODUSPORT","foundingDate":"2018-01-14","vatID":"FR71834470973","taxID":"83447097300043","numberOfEmployees":{"@type":"QuantitativeValue","minValue":"1","maxValue":"10"}},{"@type":"Person","@id":"https:\/\/dicodusport.fr\/blog\/#\/schema\/person\/37def232098a7a5cbab3974a3690abb0","name":"Maxime Cazenave","image":{"@type":"ImageObject","inLanguage":"fr-FR","@id":"https:\/\/dicodusport.fr\/blog\/#\/schema\/person\/image\/","url":"https:\/\/dicodusport.fr\/blog\/wp-content\/uploads\/2021\/05\/Maxime-Cazenave-150x150.jpg","contentUrl":"https:\/\/dicodusport.fr\/blog\/wp-content\/uploads\/2021\/05\/Maxime-Cazenave-150x150.jpg","caption":"Maxime Cazenave"},"description":"Journaliste\/R\u00e9dacteur depuis 2012 - Berc\u00e9 par l\u2019amour des Girondins de Bordeaux, les \u00e9checs de Christophe Moreau sur le Tour de France sous l'\u00e8re Lance Armstrong et le fade-away l\u00e9tal de Dirk Nowitzki, ma passion d\u00e9vorante pour le sport a toujours \u00e9t\u00e9 un pan incontournable de ma vie. Transmettre ma passion \u00e0 l\u2019\u00e9crit a \u00e9t\u00e9 une transition naturelle. Suiveur assidu de basket et de hockey sur glace, je garde toujours un peu de place pour suivre le cyclisme, le football et le maximum de performances fran\u00e7aises.","sameAs":["https:\/\/x.com\/https:\/\/twitter.com\/Maxime_Caze"],"url":"https:\/\/dicodusport.fr\/blog\/author\/maximec\/"}]}},"_links":{"self":[{"href":"https:\/\/dicodusport.fr\/blog\/wp-json\/wp\/v2\/posts\/585658","targetHints":{"allow":["GET"]}}],"collection":[{"href":"https:\/\/dicodusport.fr\/blog\/wp-json\/wp\/v2\/posts"}],"about":[{"href":"https:\/\/dicodusport.fr\/blog\/wp-json\/wp\/v2\/types\/post"}],"author":[{"embeddable":true,"href":"https:\/\/dicodusport.fr\/blog\/wp-json\/wp\/v2\/users\/55"}],"replies":[{"embeddable":true,"href":"https:\/\/dicodusport.fr\/blog\/wp-json\/wp\/v2\/comments?post=585658"}],"version-history":[{"count":3,"href":"https:\/\/dicodusport.fr\/blog\/wp-json\/wp\/v2\/posts\/585658\/revisions"}],"predecessor-version":[{"id":585674,"href":"https:\/\/dicodusport.fr\/blog\/wp-json\/wp\/v2\/posts\/585658\/revisions\/585674"}],"wp:featuredmedia":[{"embeddable":true,"href":"https:\/\/dicodusport.fr\/blog\/wp-json\/wp\/v2\/media\/585673"}],"wp:attachment":[{"href":"https:\/\/dicodusport.fr\/blog\/wp-json\/wp\/v2\/media?parent=585658"}],"wp:term":[{"taxonomy":"category","embeddable":true,"href":"https:\/\/dicodusport.fr\/blog\/wp-json\/wp\/v2\/categories?post=585658"},{"taxonomy":"post_tag","embeddable":true,"href":"https:\/\/dicodusport.fr\/blog\/wp-json\/wp\/v2\/tags?post=585658"}],"curies":[{"name":"wp","href":"https:\/\/api.w.org\/{rel}","templated":true}]}}