{"id":585755,"date":"2025-08-06T09:30:17","date_gmt":"2025-08-06T07:30:17","guid":{"rendered":"https:\/\/dicodusport.fr\/blog\/?p=585755&#038;preview=true&#038;preview_id=585755"},"modified":"2025-08-06T20:57:18","modified_gmt":"2025-08-06T18:57:18","slug":"jeux-mondiaux-2025-tous-les-selectionnes-francais-pour-la-competition","status":"publish","type":"post","link":"https:\/\/dicodusport.fr\/blog\/jeux-mondiaux-2025-tous-les-selectionnes-francais-pour-la-competition\/","title":{"rendered":"Jeux Mondiaux 2025 : Tous les s\u00e9lectionn\u00e9s fran\u00e7ais pour la comp\u00e9tition"},"content":{"rendered":"<p style=\"text-align: justify;\"><strong><em>JEUX MONDIAUX 2025 &#8211; Retrouvez tous les Fran\u00e7ais s\u00e9lectionn\u00e9s pour la comp\u00e9tition qui aura lieu du 6 au 17 ao\u00fbt prochain en Chine, \u00e0 Chengdu.<\/em><\/strong><\/p>\n<ul style=\"text-align: justify;\">\n<li><strong>\u00c0 lire aussi &#8211; <a href=\"https:\/\/dicodusport.fr\/blog\/jeux-mondiaux-2025-calendrier-et-resultats-des-athletes-francais-engages\/\">Calendrier et r\u00e9sultats des athl\u00e8tes fran\u00e7ais engag\u00e9s aux Jeux Mondiaux<\/a><\/strong><\/li>\n<\/ul>\n<p style=\"text-align: justify;\">La 12\u00e8me \u00e9dition des<strong> World Games<\/strong>, ou <strong>Jeux Mondiaux<\/strong>, aura lieu du 7 au 17 ao\u00fbt en Chine, \u00e0 Chengdu. Lors de la pr\u00e9c\u00e9dente, en 2022 aux \u00c9tats-Unis, la France avait rafl\u00e9 11 m\u00e9dailles d&rsquo;or, 15 d&rsquo;argent et 16 de bronze. Le meilleur total de son histoire dans cette comp\u00e9tition, qu&rsquo;il sera toutefois difficile d&rsquo;\u00e9galer cette fois.<\/p>\n<h2 style=\"text-align: justify;\">Un groupe petit mais costaud<\/h2>\n<p style=\"text-align: justify;\">En effet, 167 athl\u00e8tes fran\u00e7ais \u00e9taient pr\u00e9sents \u00e0 Birmingham en 2022, mais cette fois, ils seront \u00ab\u00a0seulement\u00a0\u00bb 126. N\u00e9anmoins, de tr\u00e8s belles cartes seront pr\u00e9sentes. Notamment des tenants du titre, comme <strong>Killian Rousseau<\/strong> (drones), <strong>Magali Rousseau<\/strong> (sauvetage), <strong>Marion Legrand<\/strong> (duathlon),<strong>\u00a0Candy Bri\u00e8re-V\u00e9tillard<\/strong> (tumbling) ou encore <strong>Victor Crouin<\/strong> (squash).<\/p>\n<ul>\n<li style=\"text-align: justify;\"><strong>\u00c0 lire aussi &#8211; <a href=\"https:\/\/dicodusport.fr\/blog\/tableau-des-medailles-jeux-mondiaux-2025-mis-a-jour\/\">Tableau des m\u00e9dailles Jeux Mondiaux 2025 mis \u00e0 jour<\/a><\/strong><\/li>\n<\/ul>\n<p style=\"text-align: justify;\">D&rsquo;autres m\u00e9daill\u00e9s de 2022 feront \u00e9galement le voyage, tels qu&rsquo;<strong>Yvan Sivilier<\/strong>, <strong>Martin Ferri\u00e9<\/strong> et<strong> Marine Lefeuvre<\/strong> (roller course), <strong>Kevin Lasserre<\/strong> (sauvetage), <strong>Charles-Guillaume Schmitt<\/strong> et <strong>Elena Salikhova<\/strong> (danse latine), <strong>Benjamin Choquert<\/strong> (duathlon) ou <strong>Loan Drouard<\/strong> (wushu). Ainsi que de nombreux athl\u00e8tes m\u00e9daill\u00e9s mondiaux dans leur discipline. De quoi promettre une magnifique comp\u00e9tition pour l&rsquo;\u00e9quipe de France, que Dicodusport vous fera vivre au mieux.<\/p>\n<ul>\n<li style=\"text-align: justify;\"><strong>\u00c0 lire aussi &#8211; <a href=\"https:\/\/dicodusport.fr\/blog\/tableau-des-medailles-jeux-mondiaux-2025-mis-a-jour\/\">Tableau des m\u00e9dailles Jeux Mondiaux 2025 mis \u00e0 jour<\/a><\/strong><\/li>\n<\/ul>\n<h3 style=\"text-align: justify;\">A\u00e9robic<\/h3>\n<p style=\"text-align: justify;\">Ma\u00eblys Lenclos &#8211; Clara Lestruhaut &#8211; Cl\u00e9a Jonda &#8211; Wilfried Lavigne &#8211; Robin Soares<\/p>\n<div class=\"vlp-link-container vlp-layout-article\"><a href=\"https:\/\/dicodusport.fr\/blog\/championnats-du-monde-gymnastique-aerobic-maelys-lenclos-et-les-bleues-soffrent-deux-medailles\/\" class=\"vlp-link\" title=\"Championnats du monde Gymnastique a\u00e9robic : Ma\u00eblys Lenclos et les Bleues s&#039;offrent deux m\u00e9dailles\"><\/a><div class=\"vlp-layout-zone-side\"><div class=\"vlp-block-4 vlp-link-image\"><img loading=\"lazy\" decoding=\"async\" style=\"max-width: 792px;\" width=\"792\" height=\"445\" src=\"https:\/\/dicodusport.fr\/blog\/wp-content\/uploads\/2024\/09\/Championnats-du-monde-Gymnastique-aerobic-Maelys-Lenclos-et-les-Bleues-soffrent-deux-medailles.png\" class=\"attachment-800x445 size-800x445\" alt=\"Championnats du monde Gymnastique a\u00e9robic : Ma\u00eblys Lenclos et les Bleues s&#039;offrent deux m\u00e9dailles\" srcset=\"https:\/\/dicodusport.fr\/blog\/wp-content\/uploads\/2024\/09\/Championnats-du-monde-Gymnastique-aerobic-Maelys-Lenclos-et-les-Bleues-soffrent-deux-medailles.png 1200w, https:\/\/dicodusport.fr\/blog\/wp-content\/uploads\/2024\/09\/Championnats-du-monde-Gymnastique-aerobic-Maelys-Lenclos-et-les-Bleues-soffrent-deux-medailles-300x169.png 300w, https:\/\/dicodusport.fr\/blog\/wp-content\/uploads\/2024\/09\/Championnats-du-monde-Gymnastique-aerobic-Maelys-Lenclos-et-les-Bleues-soffrent-deux-medailles-1024x575.png 1024w, https:\/\/dicodusport.fr\/blog\/wp-content\/uploads\/2024\/09\/Championnats-du-monde-Gymnastique-aerobic-Maelys-Lenclos-et-les-Bleues-soffrent-deux-medailles-768x431.png 768w\" sizes=\"auto, (max-width: 792px) 100vw, 792px\" \/><\/div><\/div><div class=\"vlp-layout-zone-main\"><div class=\"vlp-block-0 vlp-link-title\">Championnats du monde Gymnastique a\u00e9robic : Ma\u00eblys Lenclos et les Bleues s'offrent deux m\u00e9dailles<\/div><div class=\"vlp-block-1 vlp-link-summary\">CHAMPIONNATS DU MONDE GYMNASTIQUE A\u00c9ROBIC \u2013 Deuxi\u00e8me jour de comp\u00e9tition productif pour les Bleues, \u00e0 Pesaro ! Dans le sillage de Ma\u00eblys Lenclos, les filles ont d\u00e9croch\u00e9 les deux premi\u00e8res m\u00e9dailles fran\u00e7aises samedi.<\/div><div class=\"vlp-block-2 vlp-link-button\">Lire l'article<\/div><div class=\"vlp-block-3 vlp-link-url\">dicodusport.fr<\/div><\/div><\/div>\n<h3 style=\"text-align: justify;\">Billard<\/h3>\n<p style=\"text-align: justify;\">J\u00e9r\u00e9my Bury<\/p>\n<h3 style=\"text-align: justify;\">Cano\u00eb marathon<\/h3>\n<p style=\"text-align: justify;\">Mathilde Forest, J\u00e9r\u00e9my Candy<\/p>\n<h3 style=\"text-align: justify;\">Course de drones<\/h3>\n<p style=\"text-align: justify;\">Killian Rousseau, Dorian Couailles<\/p>\n<h3 style=\"text-align: justify;\">Danse<\/h3>\n<p style=\"text-align: justify;\"><strong>Breaking :<\/strong> B-Girl Syssy, B-Boy Killian<\/p>\n<p style=\"text-align: justify;\"><strong>Danse latine :<\/strong> Charles-Guillaume Schmitt et Elena Salikhova<\/p>\n<h3 style=\"text-align: justify;\">Duathlon<\/h3>\n<p style=\"text-align: justify;\">Benjamin Choquert, Krilan Le Bihan, Thomas Laurent, Marion Legrand<\/p>\n<div class=\"vlp-link-container vlp-layout-article\"><a href=\"https:\/\/dicodusport.fr\/blog\/duathlon-benjamin-choquert-sacre-champion-du-monde-camille-laurent-en-fait-de-meme-en-u23\/\" class=\"vlp-link\" title=\"Duathlon : Benjamin Choquert sacr\u00e9 champion du monde, Camille Laurent fait de m\u00eame chez les U23 !\"><\/a><div class=\"vlp-layout-zone-side\"><div class=\"vlp-block-4 vlp-link-image\"><img loading=\"lazy\" decoding=\"async\" style=\"max-width: 792px;\" width=\"792\" height=\"445\" src=\"https:\/\/dicodusport.fr\/blog\/wp-content\/uploads\/2025\/06\/Duathlon-Benjamin-Choquert-sacre-champion-du-monde-Camille-Laurent-fait-de-meme-chez-les-U23-.png\" class=\"attachment-800x445 size-800x445\" alt=\"Jeux Mondiaux 2025 Benjamin Choquert rafle l&#039;or en duathlon !\" srcset=\"https:\/\/dicodusport.fr\/blog\/wp-content\/uploads\/2025\/06\/Duathlon-Benjamin-Choquert-sacre-champion-du-monde-Camille-Laurent-fait-de-meme-chez-les-U23-.png 1200w, https:\/\/dicodusport.fr\/blog\/wp-content\/uploads\/2025\/06\/Duathlon-Benjamin-Choquert-sacre-champion-du-monde-Camille-Laurent-fait-de-meme-chez-les-U23--300x169.png 300w, https:\/\/dicodusport.fr\/blog\/wp-content\/uploads\/2025\/06\/Duathlon-Benjamin-Choquert-sacre-champion-du-monde-Camille-Laurent-fait-de-meme-chez-les-U23--1024x575.png 1024w, https:\/\/dicodusport.fr\/blog\/wp-content\/uploads\/2025\/06\/Duathlon-Benjamin-Choquert-sacre-champion-du-monde-Camille-Laurent-fait-de-meme-chez-les-U23--768x431.png 768w\" sizes=\"auto, (max-width: 792px) 100vw, 792px\" \/><\/div><\/div><div class=\"vlp-layout-zone-main\"><div class=\"vlp-block-0 vlp-link-title\">Duathlon : Benjamin Choquert sacr\u00e9 champion du monde, Camille Laurent fait de m\u00eame chez les U23 !<\/div><div class=\"vlp-block-1 vlp-link-summary\">DUATHLON - Ce samedi, Benjamin Choquert a d\u00e9croch\u00e9 son deuxi\u00e8me titre de champion du monde de duathlon, \u00e0 Pontevedra (Espagne). Sur la course f\u00e9minine, Camille Laurent s'est elle empar\u00e9e de la m\u00e9daille de bronze, et s'offre au passage le titre dans la cat\u00e9gorie U23.<\/div><div class=\"vlp-block-2 vlp-link-button\">Lire l'article<\/div><div class=\"vlp-block-3 vlp-link-url\">dicodusport.fr<\/div><\/div><\/div>\n<h3 style=\"text-align: justify;\">Force athl\u00e9tique<\/h3>\n<p style=\"text-align: justify;\">No\u00e9mie Allabert, Clara Peyraud, Antonie Garcia, Panagiotis Tarinidis, Tiffany Chapon, Jade Jacob, Sovannphaktra Sarah Pal, Nicolas Peyraud, Hassan El Belghitti, Sofiane Belkesir<\/p>\n<div class=\"vlp-link-container vlp-layout-article\"><a href=\"https:\/\/dicodusport.fr\/blog\/force-athletique-les-bleus-rentrent-sans-or-mais-avec-quatre-medailles-des-mondiaux\/\" class=\"vlp-link\" title=\"Force athl\u00e9tique : Les Bleus rentrent sans or mais avec quatre m\u00e9dailles des Mondiaux\"><\/a><div class=\"vlp-layout-zone-side\"><div class=\"vlp-block-4 vlp-link-image\"><img loading=\"lazy\" decoding=\"async\" style=\"max-width: 792px;\" width=\"792\" height=\"445\" src=\"https:\/\/dicodusport.fr\/blog\/wp-content\/uploads\/2025\/06\/Force-athletique-Les-Bleus-rentrent-sans-or-mais-avec-quatre-medailles-des-Mondiaux.png\" class=\"attachment-800x445 size-800x445\" alt=\"Force athl\u00e9tique Les Bleus rentrent sans or mais avec quatre m\u00e9dailles des Mondiaux\" srcset=\"https:\/\/dicodusport.fr\/blog\/wp-content\/uploads\/2025\/06\/Force-athletique-Les-Bleus-rentrent-sans-or-mais-avec-quatre-medailles-des-Mondiaux.png 1200w, https:\/\/dicodusport.fr\/blog\/wp-content\/uploads\/2025\/06\/Force-athletique-Les-Bleus-rentrent-sans-or-mais-avec-quatre-medailles-des-Mondiaux-300x169.png 300w, https:\/\/dicodusport.fr\/blog\/wp-content\/uploads\/2025\/06\/Force-athletique-Les-Bleus-rentrent-sans-or-mais-avec-quatre-medailles-des-Mondiaux-1024x575.png 1024w, https:\/\/dicodusport.fr\/blog\/wp-content\/uploads\/2025\/06\/Force-athletique-Les-Bleus-rentrent-sans-or-mais-avec-quatre-medailles-des-Mondiaux-768x431.png 768w\" sizes=\"auto, (max-width: 792px) 100vw, 792px\" \/><\/div><\/div><div class=\"vlp-layout-zone-main\"><div class=\"vlp-block-0 vlp-link-title\">Force athl\u00e9tique : Les Bleus rentrent sans or mais avec quatre m\u00e9dailles des Mondiaux<\/div><div class=\"vlp-block-1 vlp-link-summary\">CHAMPIONNATS DU MONDE DE FORCE ATHL\u00c9TIQUE 2025 - Pour la premi\u00e8re fois depuis six ans, les Bleus n'ont pas ramen\u00e9 d'or des Mondiaux, mais restent performants avec quatre podiums.\u00a0<\/div><div class=\"vlp-block-2 vlp-link-button\">Lire l'article<\/div><div class=\"vlp-block-3 vlp-link-url\">dicodusport.fr<\/div><\/div><\/div>\n<h3 style=\"text-align: justify;\">Flying Disc<\/h3>\n<p style=\"text-align: justify;\"><strong>Disc golf :<\/strong> Dorian Legendre et Maria Fernanda Buitrago Acevedo<\/p>\n<p style=\"text-align: justify;\"><strong>Ultimate :<\/strong><\/p>\n<p style=\"text-align: justify;\">Femmes : Camille Blanc &#8211; Lison Bornot &#8211; Zo\u00e9 Forget &#8211; Tifaine Latchy &#8211; Chlo\u00e9 Ollivier &#8211; Salom\u00e9 Raulet &#8211; Chlo\u00e9 Vallet<\/p>\n<p style=\"text-align: justify;\">Hommes : Ga\u00ebl Ancelin &#8211; Paul Benvegnen &#8211; Elliot Bonnet &#8211; Sacha Poitte Sokolsky &#8211; Sullivan Roblet &#8211; Simon Ruelle &#8211; L\u00e9o Stanguennec<\/p>\n<h3 style=\"text-align: justify;\">Jeu de boules<\/h3>\n<p style=\"text-align: justify;\"><strong>P\u00e9tanque :<\/strong> Sandrine Poinsot et Lucas Desport<\/p>\n<p style=\"text-align: justify;\"><strong>Lyonnaise :<\/strong> Fr\u00e9d\u00e9ric Marsens, Lisa Gouilloud<\/p>\n<h3 style=\"text-align: justify;\">Ju-Jitsu<\/h3>\n<p style=\"text-align: justify;\"><strong>Combat :<\/strong> Estelle Gaspard (52 kg), Farid Ben Ali (69 kg), Percy Kunsa Bi Aku (77 kg)<\/p>\n<p style=\"text-align: justify;\"><strong>Ne-waza :<\/strong> St\u00e9phanie Faure (63 kg)<\/p>\n<h3 style=\"text-align: justify;\">Karat\u00e9<\/h3>\n<p style=\"text-align: justify;\">Mehdi Filali (+84 kg), Laura Sivert (-61 kg), Thalya Somb\u00e9 (-68 kg), Nancy Garcia (+68 kg), Enzo Berthon (-75 kg).<\/p>\n<div class=\"vlp-link-container vlp-layout-article\"><a href=\"https:\/\/dicodusport.fr\/blog\/championnats-deurope-de-karate-2025-mehdi-filali-remporte-son-deuxieme-titre-europeen\/\" class=\"vlp-link\" title=\"Championnats d&#039;Europe de Karat\u00e9 2025 : Mehdi Filali remporte son deuxi\u00e8me titre europ\u00e9en\"><\/a><div class=\"vlp-layout-zone-side\"><div class=\"vlp-block-4 vlp-link-image\"><img loading=\"lazy\" decoding=\"async\" style=\"max-width: 792px;\" width=\"792\" height=\"445\" src=\"https:\/\/dicodusport.fr\/blog\/wp-content\/uploads\/2025\/05\/Championnats-dEurope-de-Karate-2025-Mehdi-Filali-remporte-son-deuxieme-titre-europeen-1.png\" class=\"attachment-800x445 size-800x445\" alt=\"Championnats d&#039;Europe de Karat\u00e9 2025 Mehdi Filali remporte son deuxi\u00e8me titre europ\u00e9en\" srcset=\"https:\/\/dicodusport.fr\/blog\/wp-content\/uploads\/2025\/05\/Championnats-dEurope-de-Karate-2025-Mehdi-Filali-remporte-son-deuxieme-titre-europeen-1.png 1200w, https:\/\/dicodusport.fr\/blog\/wp-content\/uploads\/2025\/05\/Championnats-dEurope-de-Karate-2025-Mehdi-Filali-remporte-son-deuxieme-titre-europeen-1-300x169.png 300w, https:\/\/dicodusport.fr\/blog\/wp-content\/uploads\/2025\/05\/Championnats-dEurope-de-Karate-2025-Mehdi-Filali-remporte-son-deuxieme-titre-europeen-1-1024x575.png 1024w, https:\/\/dicodusport.fr\/blog\/wp-content\/uploads\/2025\/05\/Championnats-dEurope-de-Karate-2025-Mehdi-Filali-remporte-son-deuxieme-titre-europeen-1-768x431.png 768w\" sizes=\"auto, (max-width: 792px) 100vw, 792px\" \/><\/div><\/div><div class=\"vlp-layout-zone-main\"><div class=\"vlp-block-0 vlp-link-title\">Championnats d'Europe de Karat\u00e9 2025 : Mehdi Filali remporte son deuxi\u00e8me titre europ\u00e9en<\/div><div class=\"vlp-block-1 vlp-link-summary\">CHAMPIONNATS D'EUROPE DE KARAT\u00c9 2025 \u2013 Deux ans apr\u00e8s son premier titre europ\u00e9en, Mehdi Filali a doubl\u00e9 la mise \u00e0 Erevan ce samedi. Pour cela, le Fran\u00e7ais s'est d\u00e9fait en finale du Croate Andjelo Kvesic.<\/div><div class=\"vlp-block-2 vlp-link-button\">Lire l'article<\/div><div class=\"vlp-block-3 vlp-link-url\">dicodusport.fr<\/div><\/div><\/div>\n<h3 style=\"text-align: justify;\">Kayak polo<\/h3>\n<p style=\"text-align: justify;\">Pierre Battin &#8211; Houssem-Eddine Bouddelal &#8211; Baptiste Cotta &#8211; L\u00e9o Dehainault &#8211; Maxime Legendre &#8211; Guillaume Lemarchand &#8211; Florian Pillon &#8211; Emerci Richard<\/p>\n<h3 style=\"text-align: justify;\">Kickboxing<\/h3>\n<p style=\"text-align: justify;\">Abdarhamane Coulibaly (+91 kg)<\/p>\n<h3 style=\"text-align: justify;\">Muay Tha\u00ef<\/h3>\n<p style=\"text-align: justify;\">Daren Rolland (57 kg)<\/p>\n<h3 style=\"text-align: justify;\">Sports sous-marins<\/h3>\n<p style=\"text-align: justify;\"><strong>Nage avec palmes :<\/strong> Maiwenn Hamon, Gabryel Allain, Tom Durager, Vincent Prudhomme, Colas Zugmayer<\/p>\n<p style=\"text-align: justify;\"><strong>Plong\u00e9e en apn\u00e9e :<\/strong> Guillaume Bourdila, C\u00e9line Jacky, Alexandre Boscari, Mathieu Le Blanc<\/p>\n<div class=\"vlp-link-container vlp-layout-article\"><a href=\"https:\/\/dicodusport.fr\/blog\/nage-avec-palmes-les-bleus-font-le-plein-de-medailles-aux-championnats-deurope\/\" class=\"vlp-link\" title=\"Nage avec palmes : Les Bleus font le plein de m\u00e9dailles aux championnats d&#039;Europe\"><\/a><div class=\"vlp-layout-zone-side\"><div class=\"vlp-block-4 vlp-link-image\"><img loading=\"lazy\" decoding=\"async\" style=\"max-width: 792px;\" width=\"792\" height=\"445\" src=\"https:\/\/dicodusport.fr\/blog\/wp-content\/uploads\/2025\/07\/Nage-avec-palmes-Les-Bleus-font-le-plein-de-medailles-aux-championnats-dEurope.png\" class=\"attachment-800x445 size-800x445\" alt=\"Nage avec palmes : Les Bleus font le plein de m\u00e9dailles aux championnats d&#039;Europe\" srcset=\"https:\/\/dicodusport.fr\/blog\/wp-content\/uploads\/2025\/07\/Nage-avec-palmes-Les-Bleus-font-le-plein-de-medailles-aux-championnats-dEurope.png 1200w, https:\/\/dicodusport.fr\/blog\/wp-content\/uploads\/2025\/07\/Nage-avec-palmes-Les-Bleus-font-le-plein-de-medailles-aux-championnats-dEurope-300x169.png 300w, https:\/\/dicodusport.fr\/blog\/wp-content\/uploads\/2025\/07\/Nage-avec-palmes-Les-Bleus-font-le-plein-de-medailles-aux-championnats-dEurope-1024x575.png 1024w, https:\/\/dicodusport.fr\/blog\/wp-content\/uploads\/2025\/07\/Nage-avec-palmes-Les-Bleus-font-le-plein-de-medailles-aux-championnats-dEurope-768x431.png 768w\" sizes=\"auto, (max-width: 792px) 100vw, 792px\" \/><\/div><\/div><div class=\"vlp-layout-zone-main\"><div class=\"vlp-block-0 vlp-link-title\">Nage avec palmes : Les Bleus font le plein de m\u00e9dailles aux championnats d'Europe<\/div><div class=\"vlp-block-1 vlp-link-summary\">NAGE AVEC PALMES - L'\u00e9quipe de France de nage avec palmes n'a pas ch\u00f4m\u00e9 \u00e0 l'occasion des championnats d'Europe d'Olsztyn (Pologne) en d\u00e9crochant 13 m\u00e9dailles.<\/div><div class=\"vlp-block-2 vlp-link-button\">Lire l'article<\/div><div class=\"vlp-block-3 vlp-link-url\">dicodusport.fr<\/div><\/div><\/div>\n<h3 style=\"text-align: justify;\">Parkour<\/h3>\n<p style=\"text-align: justify;\">Eloan Hitz<\/p>\n<h3 style=\"text-align: justify;\">Roller<\/h3>\n<p style=\"text-align: justify;\"><strong>Course :<\/strong> Haila Brunet Alvarez &#8211; Marine Lefeuvre &#8211; Martin Ferri\u00e9 &#8211; Yvan Sivilier<\/p>\n<p style=\"text-align: justify;\"><strong>Roller hockey (hommes) :<\/strong> Bastien Chaumet &#8211; L\u00e9o Gricourt &#8211; Math\u00e9o Candellier &#8211; Th\u00e9o Faucherand &#8211; Maxime Langlois &#8211; Matt\u00e9o Mahieu &#8211; Antoine Rayapin &#8211; Adrien Romanaz &#8211; Louis Allo &#8211; Illan Farmer &#8211; Marius Godano &#8211; Valentin Gonzalez &#8211; Joan Kerkhove &#8211; Florian Levillain<\/p>\n<div class=\"vlp-link-container vlp-layout-article\"><a href=\"https:\/\/dicodusport.fr\/blog\/roller-hockey-les-bleus-soffrent-le-titre-de-champion-deurope\/\" class=\"vlp-link\" title=\"Roller Hockey : Les Bleus s&#039;offrent le titre de champions d&#039;Europe\"><\/a><div class=\"vlp-layout-zone-side\"><div class=\"vlp-block-4 vlp-link-image\"><img loading=\"lazy\" decoding=\"async\" style=\"max-width: 792px;\" width=\"792\" height=\"445\" src=\"https:\/\/dicodusport.fr\/blog\/wp-content\/uploads\/2025\/07\/Roller-Hockey-Les-Bleus-soffrent-le-titre-de-champion-dEurope.png\" class=\"attachment-800x445 size-800x445\" alt=\"Roller Hockey : Les Bleus s&#039;offrent le titre de champion d&#039;Europe\" srcset=\"https:\/\/dicodusport.fr\/blog\/wp-content\/uploads\/2025\/07\/Roller-Hockey-Les-Bleus-soffrent-le-titre-de-champion-dEurope.png 1200w, https:\/\/dicodusport.fr\/blog\/wp-content\/uploads\/2025\/07\/Roller-Hockey-Les-Bleus-soffrent-le-titre-de-champion-dEurope-300x169.png 300w, https:\/\/dicodusport.fr\/blog\/wp-content\/uploads\/2025\/07\/Roller-Hockey-Les-Bleus-soffrent-le-titre-de-champion-dEurope-1024x575.png 1024w, https:\/\/dicodusport.fr\/blog\/wp-content\/uploads\/2025\/07\/Roller-Hockey-Les-Bleus-soffrent-le-titre-de-champion-dEurope-768x431.png 768w\" sizes=\"auto, (max-width: 792px) 100vw, 792px\" \/><\/div><\/div><div class=\"vlp-layout-zone-main\"><div class=\"vlp-block-0 vlp-link-title\">Roller Hockey : Les Bleus s'offrent le titre de champions d'Europe<\/div><div class=\"vlp-block-1 vlp-link-summary\">ROLLER HOCKEY - L'\u00e9quipe de France masculine a d\u00e9croch\u00e9 le titre de championne d'Europe en battant l'Italie samedi soir.<\/div><div class=\"vlp-block-2 vlp-link-button\">Lire l'article<\/div><div class=\"vlp-block-3 vlp-link-url\">dicodusport.fr<\/div><\/div><\/div>\n<h3 style=\"text-align: justify;\">Sambo<\/h3>\n<p style=\"text-align: justify;\">Siham Bousnane (54 kg)<\/p>\n<h3 style=\"text-align: justify;\">Sauvetage sportif<\/h3>\n<p style=\"text-align: justify;\">Tom Durager, Mathieu Perillon, Goroco Koindredi, Magalie Rousseau, Romane Boudes, K\u00e9vin Lasserre, Martin Roques, Camille Julien, Margaux Fabre, Camille Bouteloup, Arnaud Cordoba, Elouan Deffin<\/p>\n<h3 style=\"text-align: justify;\">Squash<\/h3>\n<p style=\"text-align: justify;\">Marie St\u00e9phan &#8211; L\u00e9a Barbeau &#8211; Kara Lincou &#8211; Victor Crouin &#8211; Toufik Mekhalfi<\/p>\n<div class=\"vlp-link-container vlp-layout-article\"><a href=\"https:\/\/dicodusport.fr\/blog\/squash-victor-crouin-de-nouveau-sacre-champion-deurope-melissa-alves-battue-en-finale\/\" class=\"vlp-link\" title=\"Squash : Victor Crouin de nouveau sacr\u00e9 champion d&#039;Europe, M\u00e9lissa Alves battue en finale\"><\/a><div class=\"vlp-layout-zone-side\"><div class=\"vlp-block-4 vlp-link-image\"><img loading=\"lazy\" decoding=\"async\" style=\"max-width: 792px;\" width=\"792\" height=\"445\" src=\"https:\/\/dicodusport.fr\/blog\/wp-content\/uploads\/2024\/08\/Squash.png\" class=\"attachment-800x445 size-800x445\" alt=\"Squash : Victor Crouin de nouveau sacr\u00e9 champion d&#039;Europe, M\u00e9lissa Alves battue en finale\" srcset=\"https:\/\/dicodusport.fr\/blog\/wp-content\/uploads\/2024\/08\/Squash.png 1200w, https:\/\/dicodusport.fr\/blog\/wp-content\/uploads\/2024\/08\/Squash-300x169.png 300w, https:\/\/dicodusport.fr\/blog\/wp-content\/uploads\/2024\/08\/Squash-1024x575.png 1024w, https:\/\/dicodusport.fr\/blog\/wp-content\/uploads\/2024\/08\/Squash-768x431.png 768w\" sizes=\"auto, (max-width: 792px) 100vw, 792px\" \/><\/div><\/div><div class=\"vlp-layout-zone-main\"><div class=\"vlp-block-0 vlp-link-title\">Squash : Victor Crouin de nouveau sacr\u00e9 champion d'Europe, M\u00e9lissa Alves battue en finale<\/div><div class=\"vlp-block-1 vlp-link-summary\">CHAMPIONNATS D'EUROPE DE SQUASH 2024 - Et de deux pour Victor Crouin ! Tenant en titre, le Tricolore n'a pas trembl\u00e9 au moment de d\u00e9fendre son bien en \u00e9cartant en finale Dimitri Steinmann, en trois manches. <\/div><div class=\"vlp-block-2 vlp-link-button\">Lire l'article<\/div><div class=\"vlp-block-3 vlp-link-url\">dicodusport.fr<\/div><\/div><\/div>\n<h3 style=\"text-align: justify;\">Tir \u00e0 l&rsquo;arc<\/h3>\n<p style=\"text-align: justify;\"><strong>Arc nu :<\/strong> David Jackson, Alicia Baumert,<\/p>\n<p style=\"text-align: justify;\"><strong>Arc classique :<\/strong> Florent Mulot, Aur\u00e9lie Autret<\/p>\n<p style=\"text-align: justify;\"><strong>Arc \u00e0 poulies :<\/strong> Nicolas Girard<\/p>\n<div class=\"vlp-link-container vlp-layout-article\"><a href=\"https:\/\/dicodusport.fr\/blog\/championnats-deurope-en-salle-tir-a-larc-nicolas-girard-en-or-six-medailles-pour-les-bleus\/\" class=\"vlp-link\" title=\"Championnats d&#039;Europe en salle Tir \u00e0 l&#039;arc : Nicolas Girard en or, six m\u00e9dailles pour les Bleus\"><\/a><div class=\"vlp-layout-zone-side\"><div class=\"vlp-block-4 vlp-link-image\"><img loading=\"lazy\" decoding=\"async\" style=\"max-width: 792px;\" width=\"792\" height=\"445\" src=\"https:\/\/dicodusport.fr\/blog\/wp-content\/uploads\/2025\/02\/Championnats-dEurope-en-salle-Tir-a-larc-Nicolas-Girard-en-or-six-medailles-pour-les-Bleus.png\" class=\"attachment-800x445 size-800x445\" alt=\"Championnats d&#039;Europe en salle Tir \u00e0 l&#039;arc : Nicolas Girard en or, six m\u00e9dailles pour les Bleus\" srcset=\"https:\/\/dicodusport.fr\/blog\/wp-content\/uploads\/2025\/02\/Championnats-dEurope-en-salle-Tir-a-larc-Nicolas-Girard-en-or-six-medailles-pour-les-Bleus.png 1200w, https:\/\/dicodusport.fr\/blog\/wp-content\/uploads\/2025\/02\/Championnats-dEurope-en-salle-Tir-a-larc-Nicolas-Girard-en-or-six-medailles-pour-les-Bleus-300x169.png 300w, https:\/\/dicodusport.fr\/blog\/wp-content\/uploads\/2025\/02\/Championnats-dEurope-en-salle-Tir-a-larc-Nicolas-Girard-en-or-six-medailles-pour-les-Bleus-1024x575.png 1024w, https:\/\/dicodusport.fr\/blog\/wp-content\/uploads\/2025\/02\/Championnats-dEurope-en-salle-Tir-a-larc-Nicolas-Girard-en-or-six-medailles-pour-les-Bleus-768x431.png 768w\" sizes=\"auto, (max-width: 792px) 100vw, 792px\" \/><\/div><\/div><div class=\"vlp-layout-zone-main\"><div class=\"vlp-block-0 vlp-link-title\">Championnats d'Europe en salle Tir \u00e0 l'arc : Nicolas Girard en or, six m\u00e9dailles pour les Bleus<\/div><div class=\"vlp-block-1 vlp-link-summary\">CHAMPIONNATS D'EUROPE EN SALLE DE TIR \u00c0 L'ARC 2025 - Les Bleus se sont illustr\u00e9s ce weekend \u00e0 Samsun en d\u00e9crochant la bagatelle de six m\u00e9dailles. Nicolas Girard s'est d\u00e9marqu\u00e9 en \u00e9tant le seul \u00e0 d\u00e9crocher de l'or, en arc \u00e0 poulies.<\/div><div class=\"vlp-block-2 vlp-link-button\">Lire l'article<\/div><div class=\"vlp-block-3 vlp-link-url\">dicodusport.fr<\/div><\/div><\/div>\n<h3 style=\"text-align: justify;\">Trampoline<\/h3>\n<p style=\"text-align: justify;\">Florestan Riou, Julian Chartier, L\u00e9a Labrousse, Cl\u00e9a Brousse<\/p>\n<h3 style=\"text-align: justify;\">Tumbling<\/h3>\n<p style=\"text-align: justify;\">Hippolyte Hergue, Candy Bri\u00e8re-V\u00e9tillard<\/p>\n<div class=\"vlp-link-container vlp-layout-article\"><a href=\"https:\/\/dicodusport.fr\/blog\/trampoline-tumbling-candy-briere-vetillard-simpose-en-coupe-du-monde-au-portugal\/\" class=\"vlp-link\" title=\"Trampoline - Tumbling : Candy Bri\u00e8re-V\u00e9tillard s&#039;impose en Coupe du monde au Portugal\"><\/a><div class=\"vlp-layout-zone-side\"><div class=\"vlp-block-4 vlp-link-image\"><img loading=\"lazy\" decoding=\"async\" style=\"max-width: 792px;\" width=\"792\" height=\"445\" src=\"https:\/\/dicodusport.fr\/blog\/wp-content\/uploads\/2025\/07\/Trampoline-Tumbling-Candy-Briere-Vetillard-simpose-en-Coupe-du-monde-au-Portugal.png\" class=\"attachment-800x445 size-800x445\" alt=\"Trampoline - Tumbling Candy Bri\u00e8re-V\u00e9tillard s&#039;impose en Coupe du monde au Portugal\" srcset=\"https:\/\/dicodusport.fr\/blog\/wp-content\/uploads\/2025\/07\/Trampoline-Tumbling-Candy-Briere-Vetillard-simpose-en-Coupe-du-monde-au-Portugal.png 1200w, https:\/\/dicodusport.fr\/blog\/wp-content\/uploads\/2025\/07\/Trampoline-Tumbling-Candy-Briere-Vetillard-simpose-en-Coupe-du-monde-au-Portugal-300x169.png 300w, https:\/\/dicodusport.fr\/blog\/wp-content\/uploads\/2025\/07\/Trampoline-Tumbling-Candy-Briere-Vetillard-simpose-en-Coupe-du-monde-au-Portugal-1024x575.png 1024w, https:\/\/dicodusport.fr\/blog\/wp-content\/uploads\/2025\/07\/Trampoline-Tumbling-Candy-Briere-Vetillard-simpose-en-Coupe-du-monde-au-Portugal-768x431.png 768w\" sizes=\"auto, (max-width: 792px) 100vw, 792px\" \/><\/div><\/div><div class=\"vlp-layout-zone-main\"><div class=\"vlp-block-0 vlp-link-title\">Trampoline - Tumbling : Candy Bri\u00e8re-V\u00e9tillard s'impose en Coupe du monde au Portugal<\/div><div class=\"vlp-block-1 vlp-link-summary\">COUPE DU MONDE DE TRAMPOLINE - TUMBLING 2025 - Trois m\u00e9dailles pour la d\u00e9l\u00e9gation fran\u00e7aise, dont la victoire de Candy Bri\u00e8re-V\u00e9tillard en tumbling : beau weekend tricolore \u00e0 Coimbra.<\/div><div class=\"vlp-block-2 vlp-link-button\">Lire l'article<\/div><div class=\"vlp-block-3 vlp-link-url\">dicodusport.fr<\/div><\/div><\/div>\n<h3 style=\"text-align: justify;\">Wakeboard<\/h3>\n<p style=\"text-align: justify;\">Lo\u00efc Deschaux, Juliet Boura, Maxime Cadoux, Soline Bourdon<\/p>\n<h3 style=\"text-align: justify;\">Wushu<\/h3>\n<p style=\"text-align: justify;\">Loan Drouard, Juliette Vauchez<\/p>\n","protected":false},"excerpt":{"rendered":"<p>Retrouvez tous les Fran\u00e7ais s\u00e9lectionn\u00e9s pour les Jeux Mondiaux 2025, qui auront lieu du 6 au 17 ao\u00fbt prochain en Chine, \u00e0 Chengdu.<\/p>\n","protected":false},"author":59,"featured_media":600358,"comment_status":"open","ping_status":"closed","sticky":false,"template":"","format":"standard","meta":{"_acf_changed":false,"_daextam_enable_autolinks":"1","footnotes":""},"categories":[47033],"tags":[32415,16878,24802],"class_list":["post-585755","post","type-post","status-publish","format-standard","has-post-thumbnail","hentry","category-jeux-mondiaux","tag-actu","tag-breve","tag-jeux-mondiaux"],"acf":[],"yoast_head":"<!-- This site is optimized with the Yoast SEO Premium plugin v26.7 (Yoast SEO v26.7) - https:\/\/yoast.com\/wordpress\/plugins\/seo\/ -->\n<title>Jeux Mondiaux 2025 : Tous les s\u00e9lectionn\u00e9s fran\u00e7ais pour la comp\u00e9tition<\/title>\n<meta name=\"description\" content=\"Retrouvez tous les Fran\u00e7ais s\u00e9lectionn\u00e9s pour les Jeux Mondiaux 2025, qui auront lieu du 6 au 17 ao\u00fbt prochain en Chine, \u00e0 Chengdu.\" \/>\n<meta name=\"robots\" content=\"index, follow, max-snippet:-1, max-image-preview:large, max-video-preview:-1\" \/>\n<link rel=\"canonical\" href=\"https:\/\/dicodusport.fr\/blog\/jeux-mondiaux-2025-tous-les-selectionnes-francais-pour-la-competition\/\" \/>\n<meta property=\"og:locale\" content=\"fr_FR\" \/>\n<meta property=\"og:type\" content=\"article\" \/>\n<meta property=\"og:title\" content=\"Jeux Mondiaux 2025 : Tous les s\u00e9lectionn\u00e9s fran\u00e7ais pour la comp\u00e9tition\" \/>\n<meta property=\"og:description\" content=\"Retrouvez tous les Fran\u00e7ais s\u00e9lectionn\u00e9s pour les Jeux Mondiaux 2025, qui auront lieu du 6 au 17 ao\u00fbt prochain en Chine, \u00e0 Chengdu.\" \/>\n<meta property=\"og:url\" content=\"https:\/\/dicodusport.fr\/blog\/jeux-mondiaux-2025-tous-les-selectionnes-francais-pour-la-competition\/\" \/>\n<meta property=\"og:site_name\" content=\"Dicodusport\" \/>\n<meta property=\"article:publisher\" content=\"https:\/\/www.facebook.com\/dicodusport\" \/>\n<meta property=\"article:author\" content=\"https:\/\/www.facebook.com\/sebastien.gente\/\" \/>\n<meta property=\"article:published_time\" content=\"2025-08-06T07:30:17+00:00\" \/>\n<meta property=\"article:modified_time\" content=\"2025-08-06T18:57:18+00:00\" \/>\n<meta property=\"og:image\" content=\"https:\/\/dicodusport.fr\/blog\/wp-content\/uploads\/2025\/08\/Jeux-Mondiaux-2025-Tous-les-selectionnes-francais-pour-la-competition.png\" \/>\n\t<meta property=\"og:image:width\" content=\"1200\" \/>\n\t<meta property=\"og:image:height\" content=\"674\" \/>\n\t<meta property=\"og:image:type\" content=\"image\/png\" \/>\n<meta name=\"author\" content=\"S\u00e9bastien Gente\" \/>\n<meta name=\"twitter:card\" content=\"summary_large_image\" \/>\n<meta name=\"twitter:title\" content=\"Jeux Mondiaux 2025 : Tous les s\u00e9lectionn\u00e9s fran\u00e7ais pour la comp\u00e9tition\" \/>\n<meta name=\"twitter:creator\" content=\"@https:\/\/twitter.com\/globulo24\" \/>\n<meta name=\"twitter:site\" content=\"@dicodusport\" \/>\n<script type=\"application\/ld+json\" class=\"yoast-schema-graph\">{\"@context\":\"https:\/\/schema.org\",\"@graph\":[{\"@type\":\"NewsArticle\",\"@id\":\"https:\/\/dicodusport.fr\/blog\/jeux-mondiaux-2025-tous-les-selectionnes-francais-pour-la-competition\/#article\",\"isPartOf\":{\"@id\":\"https:\/\/dicodusport.fr\/blog\/jeux-mondiaux-2025-tous-les-selectionnes-francais-pour-la-competition\/\"},\"author\":{\"name\":\"S\u00e9bastien Gente\",\"@id\":\"https:\/\/dicodusport.fr\/blog\/#\/schema\/person\/627966a6cde45dbd8c5e36ac85d783da\"},\"headline\":\"Jeux Mondiaux 2025 : Tous les s\u00e9lectionn\u00e9s fran\u00e7ais pour la comp\u00e9tition\",\"datePublished\":\"2025-08-06T07:30:17+00:00\",\"dateModified\":\"2025-08-06T18:57:18+00:00\",\"mainEntityOfPage\":{\"@id\":\"https:\/\/dicodusport.fr\/blog\/jeux-mondiaux-2025-tous-les-selectionnes-francais-pour-la-competition\/\"},\"wordCount\":1541,\"commentCount\":0,\"publisher\":{\"@id\":\"https:\/\/dicodusport.fr\/blog\/#organization\"},\"image\":{\"@id\":\"https:\/\/dicodusport.fr\/blog\/jeux-mondiaux-2025-tous-les-selectionnes-francais-pour-la-competition\/#primaryimage\"},\"thumbnailUrl\":\"https:\/\/dicodusport.fr\/blog\/wp-content\/uploads\/2025\/08\/Jeux-Mondiaux-2025-Tous-les-selectionnes-francais-pour-la-competition.png\",\"keywords\":[\"actu\",\"br\u00e8ve\",\"Jeux Mondiaux\"],\"articleSection\":[\"Jeux Mondiaux\"],\"inLanguage\":\"fr-FR\",\"potentialAction\":[{\"@type\":\"CommentAction\",\"name\":\"Comment\",\"target\":[\"https:\/\/dicodusport.fr\/blog\/jeux-mondiaux-2025-tous-les-selectionnes-francais-pour-la-competition\/#respond\"]}],\"copyrightYear\":\"2025\",\"copyrightHolder\":{\"@id\":\"https:\/\/dicodusport.fr\/blog\/#organization\"}},{\"@type\":\"WebPage\",\"@id\":\"https:\/\/dicodusport.fr\/blog\/jeux-mondiaux-2025-tous-les-selectionnes-francais-pour-la-competition\/\",\"url\":\"https:\/\/dicodusport.fr\/blog\/jeux-mondiaux-2025-tous-les-selectionnes-francais-pour-la-competition\/\",\"name\":\"Jeux Mondiaux 2025 : Tous les s\u00e9lectionn\u00e9s fran\u00e7ais pour la comp\u00e9tition\",\"isPartOf\":{\"@id\":\"https:\/\/dicodusport.fr\/blog\/#website\"},\"primaryImageOfPage\":{\"@id\":\"https:\/\/dicodusport.fr\/blog\/jeux-mondiaux-2025-tous-les-selectionnes-francais-pour-la-competition\/#primaryimage\"},\"image\":{\"@id\":\"https:\/\/dicodusport.fr\/blog\/jeux-mondiaux-2025-tous-les-selectionnes-francais-pour-la-competition\/#primaryimage\"},\"thumbnailUrl\":\"https:\/\/dicodusport.fr\/blog\/wp-content\/uploads\/2025\/08\/Jeux-Mondiaux-2025-Tous-les-selectionnes-francais-pour-la-competition.png\",\"datePublished\":\"2025-08-06T07:30:17+00:00\",\"dateModified\":\"2025-08-06T18:57:18+00:00\",\"description\":\"Retrouvez tous les Fran\u00e7ais s\u00e9lectionn\u00e9s pour les Jeux Mondiaux 2025, qui auront lieu du 6 au 17 ao\u00fbt prochain en Chine, \u00e0 Chengdu.\",\"breadcrumb\":{\"@id\":\"https:\/\/dicodusport.fr\/blog\/jeux-mondiaux-2025-tous-les-selectionnes-francais-pour-la-competition\/#breadcrumb\"},\"inLanguage\":\"fr-FR\",\"potentialAction\":[{\"@type\":\"ReadAction\",\"target\":[\"https:\/\/dicodusport.fr\/blog\/jeux-mondiaux-2025-tous-les-selectionnes-francais-pour-la-competition\/\"]}]},{\"@type\":\"ImageObject\",\"inLanguage\":\"fr-FR\",\"@id\":\"https:\/\/dicodusport.fr\/blog\/jeux-mondiaux-2025-tous-les-selectionnes-francais-pour-la-competition\/#primaryimage\",\"url\":\"https:\/\/dicodusport.fr\/blog\/wp-content\/uploads\/2025\/08\/Jeux-Mondiaux-2025-Tous-les-selectionnes-francais-pour-la-competition.png\",\"contentUrl\":\"https:\/\/dicodusport.fr\/blog\/wp-content\/uploads\/2025\/08\/Jeux-Mondiaux-2025-Tous-les-selectionnes-francais-pour-la-competition.png\",\"width\":1200,\"height\":674,\"caption\":\"Jeux Mondiaux 2025 Tous les s\u00e9lectionn\u00e9s fran\u00e7ais pour la comp\u00e9tition\"},{\"@type\":\"BreadcrumbList\",\"@id\":\"https:\/\/dicodusport.fr\/blog\/jeux-mondiaux-2025-tous-les-selectionnes-francais-pour-la-competition\/#breadcrumb\",\"itemListElement\":[{\"@type\":\"ListItem\",\"position\":1,\"name\":\"Accueil\",\"item\":\"https:\/\/dicodusport.fr\/blog\/\"},{\"@type\":\"ListItem\",\"position\":2,\"name\":\"Jeux Mondiaux 2025 : Tous les s\u00e9lectionn\u00e9s fran\u00e7ais pour la comp\u00e9tition\"}]},{\"@type\":\"WebSite\",\"@id\":\"https:\/\/dicodusport.fr\/blog\/#website\",\"url\":\"https:\/\/dicodusport.fr\/blog\/\",\"name\":\"Dicodusport\",\"description\":\"L&#039;encyclop\u00e9die de l&#039;actualit\u00e9 sportive\",\"publisher\":{\"@id\":\"https:\/\/dicodusport.fr\/blog\/#organization\"},\"potentialAction\":[{\"@type\":\"SearchAction\",\"target\":{\"@type\":\"EntryPoint\",\"urlTemplate\":\"https:\/\/dicodusport.fr\/blog\/?s={search_term_string}\"},\"query-input\":{\"@type\":\"PropertyValueSpecification\",\"valueRequired\":true,\"valueName\":\"search_term_string\"}}],\"inLanguage\":\"fr-FR\"},{\"@type\":\"NewsMediaOrganization\",\"@id\":\"https:\/\/dicodusport.fr\/blog\/#organization\",\"name\":\"Dicodusport\",\"url\":\"https:\/\/dicodusport.fr\/blog\/\",\"logo\":{\"@type\":\"ImageObject\",\"inLanguage\":\"fr-FR\",\"@id\":\"https:\/\/dicodusport.fr\/blog\/#\/schema\/logo\/image\/\",\"url\":\"https:\/\/dicodusport.fr\/blog\/wp-content\/uploads\/2020\/06\/cropped-LOGO-DICODUSPORT-2020-SANS-FOND-SANS-TEXTE.png\",\"contentUrl\":\"https:\/\/dicodusport.fr\/blog\/wp-content\/uploads\/2020\/06\/cropped-LOGO-DICODUSPORT-2020-SANS-FOND-SANS-TEXTE.png\",\"width\":512,\"height\":512,\"caption\":\"Dicodusport\"},\"image\":{\"@id\":\"https:\/\/dicodusport.fr\/blog\/#\/schema\/logo\/image\/\"},\"sameAs\":[\"https:\/\/www.facebook.com\/dicodusport\",\"https:\/\/x.com\/dicodusport\",\"https:\/\/www.instagram.com\/dicodusport\/\",\"https:\/\/www.youtube.com\/channel\/UC7V2KZ5sd3htJivAbA4ZG3w\"],\"description\":\"Dicodusport est l'encyclop\u00e9die de l'actualit\u00e9 sportive.\",\"email\":\"bonjour@dicodusport.fr\",\"legalName\":\"DICODUSPORT\",\"foundingDate\":\"2018-01-14\",\"vatID\":\"FR71834470973\",\"taxID\":\"83447097300043\",\"numberOfEmployees\":{\"@type\":\"QuantitativeValue\",\"minValue\":\"1\",\"maxValue\":\"10\"}},{\"@type\":\"Person\",\"@id\":\"https:\/\/dicodusport.fr\/blog\/#\/schema\/person\/627966a6cde45dbd8c5e36ac85d783da\",\"name\":\"S\u00e9bastien Gente\",\"image\":{\"@type\":\"ImageObject\",\"inLanguage\":\"fr-FR\",\"@id\":\"https:\/\/dicodusport.fr\/blog\/#\/schema\/person\/image\/\",\"url\":\"https:\/\/dicodusport.fr\/blog\/wp-content\/uploads\/2021\/09\/1510990_10205810251400683_4124423575079401707_n-150x150.jpg\",\"contentUrl\":\"https:\/\/dicodusport.fr\/blog\/wp-content\/uploads\/2021\/09\/1510990_10205810251400683_4124423575079401707_n-150x150.jpg\",\"caption\":\"S\u00e9bastien Gente\"},\"description\":\"John Stockton, Gianni Bugno, Zinedine Zidane, Steffi Graf, Frode Andresen, St\u00e9phane Stoecklin, Davis Kamoga, Primoz Peterka, Werner Schlager et Aur\u00e9lien Rougerie. Point commun entre ces sportifs? Ils m'ont fait r\u00eaver et ont berc\u00e9 mon adolescence. Je suis un fondu de sports et j'essaie de retranscrire ma passion \u00e0 travers mes articles. Originaire du P\u00e9rigord, ma passion pour les Girondins, les Jaunards et les Jazzmen transpire dans mes \u00e9crits. \u00c0 Dicodusport depuis 2021, je d\u00e9niche les sports m\u00e9connus dans lesquels la France brille, et il y en a !\",\"sameAs\":[\"https:\/\/www.facebook.com\/sebastien.gente\/\",\"https:\/\/www.instagram.com\/sebgente\/\",\"https:\/\/www.linkedin.com\/in\/sbastien-gente-a29583169\/\",\"https:\/\/x.com\/https:\/\/twitter.com\/globulo24\",\"SebastienGente\"],\"worksFor\":\"S\u00e9bastien GENTE\",\"url\":\"https:\/\/dicodusport.fr\/blog\/author\/sebastiengente\/\"}]}<\/script>\n<!-- \/ Yoast SEO Premium plugin. -->","yoast_head_json":{"title":"Jeux Mondiaux 2025 : Tous les s\u00e9lectionn\u00e9s fran\u00e7ais pour la comp\u00e9tition","description":"Retrouvez tous les Fran\u00e7ais s\u00e9lectionn\u00e9s pour les Jeux Mondiaux 2025, qui auront lieu du 6 au 17 ao\u00fbt prochain en Chine, \u00e0 Chengdu.","robots":{"index":"index","follow":"follow","max-snippet":"max-snippet:-1","max-image-preview":"max-image-preview:large","max-video-preview":"max-video-preview:-1"},"canonical":"https:\/\/dicodusport.fr\/blog\/jeux-mondiaux-2025-tous-les-selectionnes-francais-pour-la-competition\/","og_locale":"fr_FR","og_type":"article","og_title":"Jeux Mondiaux 2025 : Tous les s\u00e9lectionn\u00e9s fran\u00e7ais pour la comp\u00e9tition","og_description":"Retrouvez tous les Fran\u00e7ais s\u00e9lectionn\u00e9s pour les Jeux Mondiaux 2025, qui auront lieu du 6 au 17 ao\u00fbt prochain en Chine, \u00e0 Chengdu.","og_url":"https:\/\/dicodusport.fr\/blog\/jeux-mondiaux-2025-tous-les-selectionnes-francais-pour-la-competition\/","og_site_name":"Dicodusport","article_publisher":"https:\/\/www.facebook.com\/dicodusport","article_author":"https:\/\/www.facebook.com\/sebastien.gente\/","article_published_time":"2025-08-06T07:30:17+00:00","article_modified_time":"2025-08-06T18:57:18+00:00","og_image":[{"width":1200,"height":674,"url":"https:\/\/dicodusport.fr\/blog\/wp-content\/uploads\/2025\/08\/Jeux-Mondiaux-2025-Tous-les-selectionnes-francais-pour-la-competition.png","type":"image\/png"}],"author":"S\u00e9bastien Gente","twitter_card":"summary_large_image","twitter_title":"Jeux Mondiaux 2025 : Tous les s\u00e9lectionn\u00e9s fran\u00e7ais pour la comp\u00e9tition","twitter_creator":"@https:\/\/twitter.com\/globulo24","twitter_site":"@dicodusport","schema":{"@context":"https:\/\/schema.org","@graph":[{"@type":"NewsArticle","@id":"https:\/\/dicodusport.fr\/blog\/jeux-mondiaux-2025-tous-les-selectionnes-francais-pour-la-competition\/#article","isPartOf":{"@id":"https:\/\/dicodusport.fr\/blog\/jeux-mondiaux-2025-tous-les-selectionnes-francais-pour-la-competition\/"},"author":{"name":"S\u00e9bastien Gente","@id":"https:\/\/dicodusport.fr\/blog\/#\/schema\/person\/627966a6cde45dbd8c5e36ac85d783da"},"headline":"Jeux Mondiaux 2025 : Tous les s\u00e9lectionn\u00e9s fran\u00e7ais pour la comp\u00e9tition","datePublished":"2025-08-06T07:30:17+00:00","dateModified":"2025-08-06T18:57:18+00:00","mainEntityOfPage":{"@id":"https:\/\/dicodusport.fr\/blog\/jeux-mondiaux-2025-tous-les-selectionnes-francais-pour-la-competition\/"},"wordCount":1541,"commentCount":0,"publisher":{"@id":"https:\/\/dicodusport.fr\/blog\/#organization"},"image":{"@id":"https:\/\/dicodusport.fr\/blog\/jeux-mondiaux-2025-tous-les-selectionnes-francais-pour-la-competition\/#primaryimage"},"thumbnailUrl":"https:\/\/dicodusport.fr\/blog\/wp-content\/uploads\/2025\/08\/Jeux-Mondiaux-2025-Tous-les-selectionnes-francais-pour-la-competition.png","keywords":["actu","br\u00e8ve","Jeux Mondiaux"],"articleSection":["Jeux Mondiaux"],"inLanguage":"fr-FR","potentialAction":[{"@type":"CommentAction","name":"Comment","target":["https:\/\/dicodusport.fr\/blog\/jeux-mondiaux-2025-tous-les-selectionnes-francais-pour-la-competition\/#respond"]}],"copyrightYear":"2025","copyrightHolder":{"@id":"https:\/\/dicodusport.fr\/blog\/#organization"}},{"@type":"WebPage","@id":"https:\/\/dicodusport.fr\/blog\/jeux-mondiaux-2025-tous-les-selectionnes-francais-pour-la-competition\/","url":"https:\/\/dicodusport.fr\/blog\/jeux-mondiaux-2025-tous-les-selectionnes-francais-pour-la-competition\/","name":"Jeux Mondiaux 2025 : Tous les s\u00e9lectionn\u00e9s fran\u00e7ais pour la comp\u00e9tition","isPartOf":{"@id":"https:\/\/dicodusport.fr\/blog\/#website"},"primaryImageOfPage":{"@id":"https:\/\/dicodusport.fr\/blog\/jeux-mondiaux-2025-tous-les-selectionnes-francais-pour-la-competition\/#primaryimage"},"image":{"@id":"https:\/\/dicodusport.fr\/blog\/jeux-mondiaux-2025-tous-les-selectionnes-francais-pour-la-competition\/#primaryimage"},"thumbnailUrl":"https:\/\/dicodusport.fr\/blog\/wp-content\/uploads\/2025\/08\/Jeux-Mondiaux-2025-Tous-les-selectionnes-francais-pour-la-competition.png","datePublished":"2025-08-06T07:30:17+00:00","dateModified":"2025-08-06T18:57:18+00:00","description":"Retrouvez tous les Fran\u00e7ais s\u00e9lectionn\u00e9s pour les Jeux Mondiaux 2025, qui auront lieu du 6 au 17 ao\u00fbt prochain en Chine, \u00e0 Chengdu.","breadcrumb":{"@id":"https:\/\/dicodusport.fr\/blog\/jeux-mondiaux-2025-tous-les-selectionnes-francais-pour-la-competition\/#breadcrumb"},"inLanguage":"fr-FR","potentialAction":[{"@type":"ReadAction","target":["https:\/\/dicodusport.fr\/blog\/jeux-mondiaux-2025-tous-les-selectionnes-francais-pour-la-competition\/"]}]},{"@type":"ImageObject","inLanguage":"fr-FR","@id":"https:\/\/dicodusport.fr\/blog\/jeux-mondiaux-2025-tous-les-selectionnes-francais-pour-la-competition\/#primaryimage","url":"https:\/\/dicodusport.fr\/blog\/wp-content\/uploads\/2025\/08\/Jeux-Mondiaux-2025-Tous-les-selectionnes-francais-pour-la-competition.png","contentUrl":"https:\/\/dicodusport.fr\/blog\/wp-content\/uploads\/2025\/08\/Jeux-Mondiaux-2025-Tous-les-selectionnes-francais-pour-la-competition.png","width":1200,"height":674,"caption":"Jeux Mondiaux 2025 Tous les s\u00e9lectionn\u00e9s fran\u00e7ais pour la comp\u00e9tition"},{"@type":"BreadcrumbList","@id":"https:\/\/dicodusport.fr\/blog\/jeux-mondiaux-2025-tous-les-selectionnes-francais-pour-la-competition\/#breadcrumb","itemListElement":[{"@type":"ListItem","position":1,"name":"Accueil","item":"https:\/\/dicodusport.fr\/blog\/"},{"@type":"ListItem","position":2,"name":"Jeux Mondiaux 2025 : Tous les s\u00e9lectionn\u00e9s fran\u00e7ais pour la comp\u00e9tition"}]},{"@type":"WebSite","@id":"https:\/\/dicodusport.fr\/blog\/#website","url":"https:\/\/dicodusport.fr\/blog\/","name":"Dicodusport","description":"L&#039;encyclop\u00e9die de l&#039;actualit\u00e9 sportive","publisher":{"@id":"https:\/\/dicodusport.fr\/blog\/#organization"},"potentialAction":[{"@type":"SearchAction","target":{"@type":"EntryPoint","urlTemplate":"https:\/\/dicodusport.fr\/blog\/?s={search_term_string}"},"query-input":{"@type":"PropertyValueSpecification","valueRequired":true,"valueName":"search_term_string"}}],"inLanguage":"fr-FR"},{"@type":"NewsMediaOrganization","@id":"https:\/\/dicodusport.fr\/blog\/#organization","name":"Dicodusport","url":"https:\/\/dicodusport.fr\/blog\/","logo":{"@type":"ImageObject","inLanguage":"fr-FR","@id":"https:\/\/dicodusport.fr\/blog\/#\/schema\/logo\/image\/","url":"https:\/\/dicodusport.fr\/blog\/wp-content\/uploads\/2020\/06\/cropped-LOGO-DICODUSPORT-2020-SANS-FOND-SANS-TEXTE.png","contentUrl":"https:\/\/dicodusport.fr\/blog\/wp-content\/uploads\/2020\/06\/cropped-LOGO-DICODUSPORT-2020-SANS-FOND-SANS-TEXTE.png","width":512,"height":512,"caption":"Dicodusport"},"image":{"@id":"https:\/\/dicodusport.fr\/blog\/#\/schema\/logo\/image\/"},"sameAs":["https:\/\/www.facebook.com\/dicodusport","https:\/\/x.com\/dicodusport","https:\/\/www.instagram.com\/dicodusport\/","https:\/\/www.youtube.com\/channel\/UC7V2KZ5sd3htJivAbA4ZG3w"],"description":"Dicodusport est l'encyclop\u00e9die de l'actualit\u00e9 sportive.","email":"bonjour@dicodusport.fr","legalName":"DICODUSPORT","foundingDate":"2018-01-14","vatID":"FR71834470973","taxID":"83447097300043","numberOfEmployees":{"@type":"QuantitativeValue","minValue":"1","maxValue":"10"}},{"@type":"Person","@id":"https:\/\/dicodusport.fr\/blog\/#\/schema\/person\/627966a6cde45dbd8c5e36ac85d783da","name":"S\u00e9bastien Gente","image":{"@type":"ImageObject","inLanguage":"fr-FR","@id":"https:\/\/dicodusport.fr\/blog\/#\/schema\/person\/image\/","url":"https:\/\/dicodusport.fr\/blog\/wp-content\/uploads\/2021\/09\/1510990_10205810251400683_4124423575079401707_n-150x150.jpg","contentUrl":"https:\/\/dicodusport.fr\/blog\/wp-content\/uploads\/2021\/09\/1510990_10205810251400683_4124423575079401707_n-150x150.jpg","caption":"S\u00e9bastien Gente"},"description":"John Stockton, Gianni Bugno, Zinedine Zidane, Steffi Graf, Frode Andresen, St\u00e9phane Stoecklin, Davis Kamoga, Primoz Peterka, Werner Schlager et Aur\u00e9lien Rougerie. Point commun entre ces sportifs? Ils m'ont fait r\u00eaver et ont berc\u00e9 mon adolescence. Je suis un fondu de sports et j'essaie de retranscrire ma passion \u00e0 travers mes articles. Originaire du P\u00e9rigord, ma passion pour les Girondins, les Jaunards et les Jazzmen transpire dans mes \u00e9crits. \u00c0 Dicodusport depuis 2021, je d\u00e9niche les sports m\u00e9connus dans lesquels la France brille, et il y en a !","sameAs":["https:\/\/www.facebook.com\/sebastien.gente\/","https:\/\/www.instagram.com\/sebgente\/","https:\/\/www.linkedin.com\/in\/sbastien-gente-a29583169\/","https:\/\/x.com\/https:\/\/twitter.com\/globulo24","SebastienGente"],"worksFor":"S\u00e9bastien GENTE","url":"https:\/\/dicodusport.fr\/blog\/author\/sebastiengente\/"}]}},"_links":{"self":[{"href":"https:\/\/dicodusport.fr\/blog\/wp-json\/wp\/v2\/posts\/585755","targetHints":{"allow":["GET"]}}],"collection":[{"href":"https:\/\/dicodusport.fr\/blog\/wp-json\/wp\/v2\/posts"}],"about":[{"href":"https:\/\/dicodusport.fr\/blog\/wp-json\/wp\/v2\/types\/post"}],"author":[{"embeddable":true,"href":"https:\/\/dicodusport.fr\/blog\/wp-json\/wp\/v2\/users\/59"}],"replies":[{"embeddable":true,"href":"https:\/\/dicodusport.fr\/blog\/wp-json\/wp\/v2\/comments?post=585755"}],"version-history":[{"count":5,"href":"https:\/\/dicodusport.fr\/blog\/wp-json\/wp\/v2\/posts\/585755\/revisions"}],"predecessor-version":[{"id":600901,"href":"https:\/\/dicodusport.fr\/blog\/wp-json\/wp\/v2\/posts\/585755\/revisions\/600901"}],"wp:featuredmedia":[{"embeddable":true,"href":"https:\/\/dicodusport.fr\/blog\/wp-json\/wp\/v2\/media\/600358"}],"wp:attachment":[{"href":"https:\/\/dicodusport.fr\/blog\/wp-json\/wp\/v2\/media?parent=585755"}],"wp:term":[{"taxonomy":"category","embeddable":true,"href":"https:\/\/dicodusport.fr\/blog\/wp-json\/wp\/v2\/categories?post=585755"},{"taxonomy":"post_tag","embeddable":true,"href":"https:\/\/dicodusport.fr\/blog\/wp-json\/wp\/v2\/tags?post=585755"}],"curies":[{"name":"wp","href":"https:\/\/api.w.org\/{rel}","templated":true}]}}