{"id":585796,"date":"2025-06-10T18:02:28","date_gmt":"2025-06-10T16:02:28","guid":{"rendered":"https:\/\/dicodusport.fr\/blog\/?p=585796&#038;preview=true&#038;preview_id=585796"},"modified":"2025-06-10T19:00:14","modified_gmt":"2025-06-10T17:00:14","slug":"motogp-toprak-razgatlioglu-va-prendre-la-direction-de-pramac","status":"publish","type":"post","link":"https:\/\/dicodusport.fr\/blog\/motogp-toprak-razgatlioglu-va-prendre-la-direction-de-pramac\/","title":{"rendered":"MotoGP : Toprak Razgatlioglu va prendre la direction de Pramac"},"content":{"rendered":"<p style=\"text-align: justify;\"><strong><em>MOTOGP &#8211; Double champion du monde en Superbike, le pilote turc Toprak Razgatlioglu va effectuer le grand saut en MotoGP d\u00e8s la saison prochaine, au sein de l&rsquo;\u00e9curie Pramac.<\/em><\/strong><\/p>\n<p style=\"text-align: justify;\">C&rsquo;est une v\u00e9ritable bombe qui a secou\u00e9 le monde du <strong>MotoGP<\/strong> ce mardi. Alors que tout le paddock a progressivement lev\u00e9 pavillon d&rsquo;Aragon suite \u00e0 la <a href=\"https:\/\/dicodusport.fr\/blog\/motogp-aragon-2025-le-nouveau-recital-de-marc-marquez\/\">d\u00e9monstration de force de Marc Marquez<\/a> tout au long du weekend, <strong>Prima Pramac Racing<\/strong> a effectu\u00e9 une annonce d&rsquo;envergure en vue de la saison prochaine.<\/p>\n<h2 style=\"text-align: justify;\">Le grand saut pour Toprak Razgatlioglu<\/h2>\n<p style=\"text-align: justify;\">En effet, l&rsquo;\u00e9curie <strong>Yamaha<\/strong> a tout simplement officialis\u00e9 la signature de l&rsquo;un des pilotes les plus en vogue hors du circuit : <strong>Toprak Razgatlioglu<\/strong>. Du haut de ses 28 ans, le pilote turc s&rsquo;est forg\u00e9 une solide r\u00e9putation au sein du <strong>Superbike<\/strong> depuis ses d\u00e9buts en 2018. Sacr\u00e9 <strong>champion du monde \u00e0 deux reprises<\/strong> en 2021 (avec Yamaha) et 2024 (avec BMW), il est \u00e9galement devenu le 2\u00e8me pilote ayant remport\u00e9 le plus de Grands Prix en cumulant 63 victoires. Des chiffres qui donnent le tournis, et qui attestent de l&rsquo;impact de sa future transition en MotoGP.<\/p>\n<ul>\n<li style=\"text-align: justify;\"><strong>\u00c0 lire aussi &#8211; <a href=\"https:\/\/dicodusport.fr\/blog\/classement-motogp-2025-le-point-sur-le-championnat-du-monde-des-pilotes\/\">MotoGP 2025 : Le classement du championnat du monde des pilotes<\/a><\/strong><\/li>\n<\/ul>\n<p style=\"text-align: justify;\">Les d\u00e9tails de son contrat n&rsquo;ont pas \u00e9t\u00e9 r\u00e9v\u00e9l\u00e9s, mais il effectuera bien ses d\u00e9buts en d\u00e9but de saison prochaine. Ce qui signifie automatiquement que l&rsquo;un des deux pilotes du line-up actuel devra faire ses valises. En fin de contrat \u00e0 l&rsquo;issue de la saison en cours, <strong>Jack Miller<\/strong> semble naturellement le plus menac\u00e9, mais il faudra patienter pour que l&rsquo;\u00e9curie rendre sa d\u00e9cision finale.<\/p>\n<blockquote class=\"twitter-tweet\">\n<p dir=\"ltr\" lang=\"und\">\ud83d\udea8 Toprak Razgatlioglu will race for Prima Pramac Yamaha in 2026 \u270d\ufe0f<a href=\"https:\/\/twitter.com\/hashtag\/MotoGP?src=hash&amp;ref_src=twsrc%5Etfw\">#MotoGP<\/a> <a href=\"https:\/\/t.co\/tDC9Wm2wyK\">pic.twitter.com\/tDC9Wm2wyK<\/a><\/p>\n<p>\u2014 Crash MotoGP (@crash_motogp) <a href=\"https:\/\/twitter.com\/crash_motogp\/status\/1932440049758376019?ref_src=twsrc%5Etfw\">June 10, 2025<\/a><\/p><\/blockquote>\n<p><script async src=\"https:\/\/platform.twitter.com\/widgets.js\" charset=\"utf-8\"><\/script><\/p>\n","protected":false},"excerpt":{"rendered":"<p>MOTOGP &#8211; Double champion du monde en Superbike, le pilote turc Toprak Razgatlioglu va effectuer le grand saut en MotoGP d\u00e8s la saison prochaine, au sein de l&rsquo;\u00e9curie Pramac.<\/p>\n","protected":false},"author":55,"featured_media":585798,"comment_status":"open","ping_status":"closed","sticky":false,"template":"","format":"standard","meta":{"_acf_changed":false,"_daextam_enable_autolinks":"1","footnotes":""},"categories":[47087],"tags":[16878,10938],"class_list":["post-585796","post","type-post","status-publish","format-standard","has-post-thumbnail","hentry","category-motogp","tag-breve","tag-motogp"],"acf":[],"yoast_head":"<!-- This site is optimized with the Yoast SEO Premium plugin v26.7 (Yoast SEO v26.7) - https:\/\/yoast.com\/wordpress\/plugins\/seo\/ -->\n<title>MotoGP : Toprak Razgatlioglu va prendre la direction de Pramac<\/title>\n<meta name=\"description\" content=\"MOTOGP - Double champion du monde en Superbike, le pilote turc Toprak Razgatlioglu va rejoindre le MotoGP d\u00e8s la saison prochaine.\" \/>\n<meta name=\"robots\" content=\"index, follow, max-snippet:-1, max-image-preview:large, max-video-preview:-1\" \/>\n<link rel=\"canonical\" href=\"https:\/\/dicodusport.fr\/blog\/motogp-toprak-razgatlioglu-va-prendre-la-direction-de-pramac\/\" \/>\n<meta property=\"og:locale\" content=\"fr_FR\" \/>\n<meta property=\"og:type\" content=\"article\" \/>\n<meta property=\"og:title\" content=\"MotoGP : Toprak Razgatlioglu va prendre la direction de Pramac\" \/>\n<meta property=\"og:description\" content=\"MOTOGP - Double champion du monde en Superbike, le pilote turc Toprak Razgatlioglu va effectuer le grand saut en MotoGP d\u00e8s la saison prochaine, au sein de l&#039;\u00e9curie Pramac.\" \/>\n<meta property=\"og:url\" content=\"https:\/\/dicodusport.fr\/blog\/motogp-toprak-razgatlioglu-va-prendre-la-direction-de-pramac\/\" \/>\n<meta property=\"og:site_name\" content=\"Dicodusport\" \/>\n<meta property=\"article:publisher\" content=\"https:\/\/www.facebook.com\/dicodusport\" \/>\n<meta property=\"article:published_time\" content=\"2025-06-10T16:02:28+00:00\" \/>\n<meta property=\"article:modified_time\" content=\"2025-06-10T17:00:14+00:00\" \/>\n<meta property=\"og:image\" content=\"https:\/\/dicodusport.fr\/blog\/wp-content\/uploads\/2025\/06\/MotoGP-Toprak-Razgatlioglu-va-prendre-la-direction-de-Pramac.png\" \/>\n\t<meta property=\"og:image:width\" content=\"1200\" \/>\n\t<meta property=\"og:image:height\" content=\"674\" \/>\n\t<meta property=\"og:image:type\" content=\"image\/png\" \/>\n<meta name=\"author\" content=\"Maxime Cazenave\" \/>\n<meta name=\"twitter:card\" content=\"summary_large_image\" \/>\n<meta name=\"twitter:description\" content=\"MOTOGP - Double champion du monde en Superbike, le pilote turc Toprak Razgatlioglu va effectuer le grand saut en MotoGP d\u00e8s la saison prochaine, au sein de l&#039;\u00e9curie Pramac.\" \/>\n<meta name=\"twitter:creator\" content=\"@https:\/\/twitter.com\/Maxime_Caze\" \/>\n<meta name=\"twitter:site\" content=\"@dicodusport\" \/>\n<script type=\"application\/ld+json\" class=\"yoast-schema-graph\">{\"@context\":\"https:\/\/schema.org\",\"@graph\":[{\"@type\":\"NewsArticle\",\"@id\":\"https:\/\/dicodusport.fr\/blog\/motogp-toprak-razgatlioglu-va-prendre-la-direction-de-pramac\/#article\",\"isPartOf\":{\"@id\":\"https:\/\/dicodusport.fr\/blog\/motogp-toprak-razgatlioglu-va-prendre-la-direction-de-pramac\/\"},\"author\":{\"name\":\"Maxime Cazenave\",\"@id\":\"https:\/\/dicodusport.fr\/blog\/#\/schema\/person\/37def232098a7a5cbab3974a3690abb0\"},\"headline\":\"MotoGP : Toprak Razgatlioglu va prendre la direction de Pramac\",\"datePublished\":\"2025-06-10T16:02:28+00:00\",\"dateModified\":\"2025-06-10T17:00:14+00:00\",\"mainEntityOfPage\":{\"@id\":\"https:\/\/dicodusport.fr\/blog\/motogp-toprak-razgatlioglu-va-prendre-la-direction-de-pramac\/\"},\"wordCount\":305,\"commentCount\":0,\"publisher\":{\"@id\":\"https:\/\/dicodusport.fr\/blog\/#organization\"},\"image\":{\"@id\":\"https:\/\/dicodusport.fr\/blog\/motogp-toprak-razgatlioglu-va-prendre-la-direction-de-pramac\/#primaryimage\"},\"thumbnailUrl\":\"https:\/\/dicodusport.fr\/blog\/wp-content\/uploads\/2025\/06\/MotoGP-Toprak-Razgatlioglu-va-prendre-la-direction-de-Pramac.png\",\"keywords\":[\"br\u00e8ve\",\"MotoGP\"],\"articleSection\":[\"MotoGP\"],\"inLanguage\":\"fr-FR\",\"potentialAction\":[{\"@type\":\"CommentAction\",\"name\":\"Comment\",\"target\":[\"https:\/\/dicodusport.fr\/blog\/motogp-toprak-razgatlioglu-va-prendre-la-direction-de-pramac\/#respond\"]}],\"copyrightYear\":\"2025\",\"copyrightHolder\":{\"@id\":\"https:\/\/dicodusport.fr\/blog\/#organization\"}},{\"@type\":\"WebPage\",\"@id\":\"https:\/\/dicodusport.fr\/blog\/motogp-toprak-razgatlioglu-va-prendre-la-direction-de-pramac\/\",\"url\":\"https:\/\/dicodusport.fr\/blog\/motogp-toprak-razgatlioglu-va-prendre-la-direction-de-pramac\/\",\"name\":\"MotoGP : Toprak Razgatlioglu va prendre la direction de Pramac\",\"isPartOf\":{\"@id\":\"https:\/\/dicodusport.fr\/blog\/#website\"},\"primaryImageOfPage\":{\"@id\":\"https:\/\/dicodusport.fr\/blog\/motogp-toprak-razgatlioglu-va-prendre-la-direction-de-pramac\/#primaryimage\"},\"image\":{\"@id\":\"https:\/\/dicodusport.fr\/blog\/motogp-toprak-razgatlioglu-va-prendre-la-direction-de-pramac\/#primaryimage\"},\"thumbnailUrl\":\"https:\/\/dicodusport.fr\/blog\/wp-content\/uploads\/2025\/06\/MotoGP-Toprak-Razgatlioglu-va-prendre-la-direction-de-Pramac.png\",\"datePublished\":\"2025-06-10T16:02:28+00:00\",\"dateModified\":\"2025-06-10T17:00:14+00:00\",\"description\":\"MOTOGP - Double champion du monde en Superbike, le pilote turc Toprak Razgatlioglu va rejoindre le MotoGP d\u00e8s la saison prochaine.\",\"breadcrumb\":{\"@id\":\"https:\/\/dicodusport.fr\/blog\/motogp-toprak-razgatlioglu-va-prendre-la-direction-de-pramac\/#breadcrumb\"},\"inLanguage\":\"fr-FR\",\"potentialAction\":[{\"@type\":\"ReadAction\",\"target\":[\"https:\/\/dicodusport.fr\/blog\/motogp-toprak-razgatlioglu-va-prendre-la-direction-de-pramac\/\"]}]},{\"@type\":\"ImageObject\",\"inLanguage\":\"fr-FR\",\"@id\":\"https:\/\/dicodusport.fr\/blog\/motogp-toprak-razgatlioglu-va-prendre-la-direction-de-pramac\/#primaryimage\",\"url\":\"https:\/\/dicodusport.fr\/blog\/wp-content\/uploads\/2025\/06\/MotoGP-Toprak-Razgatlioglu-va-prendre-la-direction-de-Pramac.png\",\"contentUrl\":\"https:\/\/dicodusport.fr\/blog\/wp-content\/uploads\/2025\/06\/MotoGP-Toprak-Razgatlioglu-va-prendre-la-direction-de-Pramac.png\",\"width\":1200,\"height\":674,\"caption\":\"MotoGP : Toprak Razgatlioglu va prendre la direction de Pramac\"},{\"@type\":\"BreadcrumbList\",\"@id\":\"https:\/\/dicodusport.fr\/blog\/motogp-toprak-razgatlioglu-va-prendre-la-direction-de-pramac\/#breadcrumb\",\"itemListElement\":[{\"@type\":\"ListItem\",\"position\":1,\"name\":\"Accueil\",\"item\":\"https:\/\/dicodusport.fr\/blog\/\"},{\"@type\":\"ListItem\",\"position\":2,\"name\":\"MotoGP : Toprak Razgatlioglu va prendre la direction de Pramac\"}]},{\"@type\":\"WebSite\",\"@id\":\"https:\/\/dicodusport.fr\/blog\/#website\",\"url\":\"https:\/\/dicodusport.fr\/blog\/\",\"name\":\"Dicodusport\",\"description\":\"L&#039;encyclop\u00e9die de l&#039;actualit\u00e9 sportive\",\"publisher\":{\"@id\":\"https:\/\/dicodusport.fr\/blog\/#organization\"},\"potentialAction\":[{\"@type\":\"SearchAction\",\"target\":{\"@type\":\"EntryPoint\",\"urlTemplate\":\"https:\/\/dicodusport.fr\/blog\/?s={search_term_string}\"},\"query-input\":{\"@type\":\"PropertyValueSpecification\",\"valueRequired\":true,\"valueName\":\"search_term_string\"}}],\"inLanguage\":\"fr-FR\"},{\"@type\":\"NewsMediaOrganization\",\"@id\":\"https:\/\/dicodusport.fr\/blog\/#organization\",\"name\":\"Dicodusport\",\"url\":\"https:\/\/dicodusport.fr\/blog\/\",\"logo\":{\"@type\":\"ImageObject\",\"inLanguage\":\"fr-FR\",\"@id\":\"https:\/\/dicodusport.fr\/blog\/#\/schema\/logo\/image\/\",\"url\":\"https:\/\/dicodusport.fr\/blog\/wp-content\/uploads\/2020\/06\/cropped-LOGO-DICODUSPORT-2020-SANS-FOND-SANS-TEXTE.png\",\"contentUrl\":\"https:\/\/dicodusport.fr\/blog\/wp-content\/uploads\/2020\/06\/cropped-LOGO-DICODUSPORT-2020-SANS-FOND-SANS-TEXTE.png\",\"width\":512,\"height\":512,\"caption\":\"Dicodusport\"},\"image\":{\"@id\":\"https:\/\/dicodusport.fr\/blog\/#\/schema\/logo\/image\/\"},\"sameAs\":[\"https:\/\/www.facebook.com\/dicodusport\",\"https:\/\/x.com\/dicodusport\",\"https:\/\/www.instagram.com\/dicodusport\/\",\"https:\/\/www.youtube.com\/channel\/UC7V2KZ5sd3htJivAbA4ZG3w\"],\"description\":\"Dicodusport est l'encyclop\u00e9die de l'actualit\u00e9 sportive.\",\"email\":\"bonjour@dicodusport.fr\",\"legalName\":\"DICODUSPORT\",\"foundingDate\":\"2018-01-14\",\"vatID\":\"FR71834470973\",\"taxID\":\"83447097300043\",\"numberOfEmployees\":{\"@type\":\"QuantitativeValue\",\"minValue\":\"1\",\"maxValue\":\"10\"}},{\"@type\":\"Person\",\"@id\":\"https:\/\/dicodusport.fr\/blog\/#\/schema\/person\/37def232098a7a5cbab3974a3690abb0\",\"name\":\"Maxime Cazenave\",\"image\":{\"@type\":\"ImageObject\",\"inLanguage\":\"fr-FR\",\"@id\":\"https:\/\/dicodusport.fr\/blog\/#\/schema\/person\/image\/\",\"url\":\"https:\/\/dicodusport.fr\/blog\/wp-content\/uploads\/2021\/05\/Maxime-Cazenave-150x150.jpg\",\"contentUrl\":\"https:\/\/dicodusport.fr\/blog\/wp-content\/uploads\/2021\/05\/Maxime-Cazenave-150x150.jpg\",\"caption\":\"Maxime Cazenave\"},\"description\":\"Journaliste\/R\u00e9dacteur depuis 2012 - Berc\u00e9 par l\u2019amour des Girondins de Bordeaux, les \u00e9checs de Christophe Moreau sur le Tour de France sous l'\u00e8re Lance Armstrong et le fade-away l\u00e9tal de Dirk Nowitzki, ma passion d\u00e9vorante pour le sport a toujours \u00e9t\u00e9 un pan incontournable de ma vie. Transmettre ma passion \u00e0 l\u2019\u00e9crit a \u00e9t\u00e9 une transition naturelle. Suiveur assidu de basket et de hockey sur glace, je garde toujours un peu de place pour suivre le cyclisme, le football et le maximum de performances fran\u00e7aises.\",\"sameAs\":[\"https:\/\/x.com\/https:\/\/twitter.com\/Maxime_Caze\"],\"url\":\"https:\/\/dicodusport.fr\/blog\/author\/maximec\/\"}]}<\/script>\n<!-- \/ Yoast SEO Premium plugin. -->","yoast_head_json":{"title":"MotoGP : Toprak Razgatlioglu va prendre la direction de Pramac","description":"MOTOGP - Double champion du monde en Superbike, le pilote turc Toprak Razgatlioglu va rejoindre le MotoGP d\u00e8s la saison prochaine.","robots":{"index":"index","follow":"follow","max-snippet":"max-snippet:-1","max-image-preview":"max-image-preview:large","max-video-preview":"max-video-preview:-1"},"canonical":"https:\/\/dicodusport.fr\/blog\/motogp-toprak-razgatlioglu-va-prendre-la-direction-de-pramac\/","og_locale":"fr_FR","og_type":"article","og_title":"MotoGP : Toprak Razgatlioglu va prendre la direction de Pramac","og_description":"MOTOGP - Double champion du monde en Superbike, le pilote turc Toprak Razgatlioglu va effectuer le grand saut en MotoGP d\u00e8s la saison prochaine, au sein de l'\u00e9curie Pramac.","og_url":"https:\/\/dicodusport.fr\/blog\/motogp-toprak-razgatlioglu-va-prendre-la-direction-de-pramac\/","og_site_name":"Dicodusport","article_publisher":"https:\/\/www.facebook.com\/dicodusport","article_published_time":"2025-06-10T16:02:28+00:00","article_modified_time":"2025-06-10T17:00:14+00:00","og_image":[{"width":1200,"height":674,"url":"https:\/\/dicodusport.fr\/blog\/wp-content\/uploads\/2025\/06\/MotoGP-Toprak-Razgatlioglu-va-prendre-la-direction-de-Pramac.png","type":"image\/png"}],"author":"Maxime Cazenave","twitter_card":"summary_large_image","twitter_description":"MOTOGP - Double champion du monde en Superbike, le pilote turc Toprak Razgatlioglu va effectuer le grand saut en MotoGP d\u00e8s la saison prochaine, au sein de l'\u00e9curie Pramac.","twitter_creator":"@https:\/\/twitter.com\/Maxime_Caze","twitter_site":"@dicodusport","schema":{"@context":"https:\/\/schema.org","@graph":[{"@type":"NewsArticle","@id":"https:\/\/dicodusport.fr\/blog\/motogp-toprak-razgatlioglu-va-prendre-la-direction-de-pramac\/#article","isPartOf":{"@id":"https:\/\/dicodusport.fr\/blog\/motogp-toprak-razgatlioglu-va-prendre-la-direction-de-pramac\/"},"author":{"name":"Maxime Cazenave","@id":"https:\/\/dicodusport.fr\/blog\/#\/schema\/person\/37def232098a7a5cbab3974a3690abb0"},"headline":"MotoGP : Toprak Razgatlioglu va prendre la direction de Pramac","datePublished":"2025-06-10T16:02:28+00:00","dateModified":"2025-06-10T17:00:14+00:00","mainEntityOfPage":{"@id":"https:\/\/dicodusport.fr\/blog\/motogp-toprak-razgatlioglu-va-prendre-la-direction-de-pramac\/"},"wordCount":305,"commentCount":0,"publisher":{"@id":"https:\/\/dicodusport.fr\/blog\/#organization"},"image":{"@id":"https:\/\/dicodusport.fr\/blog\/motogp-toprak-razgatlioglu-va-prendre-la-direction-de-pramac\/#primaryimage"},"thumbnailUrl":"https:\/\/dicodusport.fr\/blog\/wp-content\/uploads\/2025\/06\/MotoGP-Toprak-Razgatlioglu-va-prendre-la-direction-de-Pramac.png","keywords":["br\u00e8ve","MotoGP"],"articleSection":["MotoGP"],"inLanguage":"fr-FR","potentialAction":[{"@type":"CommentAction","name":"Comment","target":["https:\/\/dicodusport.fr\/blog\/motogp-toprak-razgatlioglu-va-prendre-la-direction-de-pramac\/#respond"]}],"copyrightYear":"2025","copyrightHolder":{"@id":"https:\/\/dicodusport.fr\/blog\/#organization"}},{"@type":"WebPage","@id":"https:\/\/dicodusport.fr\/blog\/motogp-toprak-razgatlioglu-va-prendre-la-direction-de-pramac\/","url":"https:\/\/dicodusport.fr\/blog\/motogp-toprak-razgatlioglu-va-prendre-la-direction-de-pramac\/","name":"MotoGP : Toprak Razgatlioglu va prendre la direction de Pramac","isPartOf":{"@id":"https:\/\/dicodusport.fr\/blog\/#website"},"primaryImageOfPage":{"@id":"https:\/\/dicodusport.fr\/blog\/motogp-toprak-razgatlioglu-va-prendre-la-direction-de-pramac\/#primaryimage"},"image":{"@id":"https:\/\/dicodusport.fr\/blog\/motogp-toprak-razgatlioglu-va-prendre-la-direction-de-pramac\/#primaryimage"},"thumbnailUrl":"https:\/\/dicodusport.fr\/blog\/wp-content\/uploads\/2025\/06\/MotoGP-Toprak-Razgatlioglu-va-prendre-la-direction-de-Pramac.png","datePublished":"2025-06-10T16:02:28+00:00","dateModified":"2025-06-10T17:00:14+00:00","description":"MOTOGP - Double champion du monde en Superbike, le pilote turc Toprak Razgatlioglu va rejoindre le MotoGP d\u00e8s la saison prochaine.","breadcrumb":{"@id":"https:\/\/dicodusport.fr\/blog\/motogp-toprak-razgatlioglu-va-prendre-la-direction-de-pramac\/#breadcrumb"},"inLanguage":"fr-FR","potentialAction":[{"@type":"ReadAction","target":["https:\/\/dicodusport.fr\/blog\/motogp-toprak-razgatlioglu-va-prendre-la-direction-de-pramac\/"]}]},{"@type":"ImageObject","inLanguage":"fr-FR","@id":"https:\/\/dicodusport.fr\/blog\/motogp-toprak-razgatlioglu-va-prendre-la-direction-de-pramac\/#primaryimage","url":"https:\/\/dicodusport.fr\/blog\/wp-content\/uploads\/2025\/06\/MotoGP-Toprak-Razgatlioglu-va-prendre-la-direction-de-Pramac.png","contentUrl":"https:\/\/dicodusport.fr\/blog\/wp-content\/uploads\/2025\/06\/MotoGP-Toprak-Razgatlioglu-va-prendre-la-direction-de-Pramac.png","width":1200,"height":674,"caption":"MotoGP : Toprak Razgatlioglu va prendre la direction de Pramac"},{"@type":"BreadcrumbList","@id":"https:\/\/dicodusport.fr\/blog\/motogp-toprak-razgatlioglu-va-prendre-la-direction-de-pramac\/#breadcrumb","itemListElement":[{"@type":"ListItem","position":1,"name":"Accueil","item":"https:\/\/dicodusport.fr\/blog\/"},{"@type":"ListItem","position":2,"name":"MotoGP : Toprak Razgatlioglu va prendre la direction de Pramac"}]},{"@type":"WebSite","@id":"https:\/\/dicodusport.fr\/blog\/#website","url":"https:\/\/dicodusport.fr\/blog\/","name":"Dicodusport","description":"L&#039;encyclop\u00e9die de l&#039;actualit\u00e9 sportive","publisher":{"@id":"https:\/\/dicodusport.fr\/blog\/#organization"},"potentialAction":[{"@type":"SearchAction","target":{"@type":"EntryPoint","urlTemplate":"https:\/\/dicodusport.fr\/blog\/?s={search_term_string}"},"query-input":{"@type":"PropertyValueSpecification","valueRequired":true,"valueName":"search_term_string"}}],"inLanguage":"fr-FR"},{"@type":"NewsMediaOrganization","@id":"https:\/\/dicodusport.fr\/blog\/#organization","name":"Dicodusport","url":"https:\/\/dicodusport.fr\/blog\/","logo":{"@type":"ImageObject","inLanguage":"fr-FR","@id":"https:\/\/dicodusport.fr\/blog\/#\/schema\/logo\/image\/","url":"https:\/\/dicodusport.fr\/blog\/wp-content\/uploads\/2020\/06\/cropped-LOGO-DICODUSPORT-2020-SANS-FOND-SANS-TEXTE.png","contentUrl":"https:\/\/dicodusport.fr\/blog\/wp-content\/uploads\/2020\/06\/cropped-LOGO-DICODUSPORT-2020-SANS-FOND-SANS-TEXTE.png","width":512,"height":512,"caption":"Dicodusport"},"image":{"@id":"https:\/\/dicodusport.fr\/blog\/#\/schema\/logo\/image\/"},"sameAs":["https:\/\/www.facebook.com\/dicodusport","https:\/\/x.com\/dicodusport","https:\/\/www.instagram.com\/dicodusport\/","https:\/\/www.youtube.com\/channel\/UC7V2KZ5sd3htJivAbA4ZG3w"],"description":"Dicodusport est l'encyclop\u00e9die de l'actualit\u00e9 sportive.","email":"bonjour@dicodusport.fr","legalName":"DICODUSPORT","foundingDate":"2018-01-14","vatID":"FR71834470973","taxID":"83447097300043","numberOfEmployees":{"@type":"QuantitativeValue","minValue":"1","maxValue":"10"}},{"@type":"Person","@id":"https:\/\/dicodusport.fr\/blog\/#\/schema\/person\/37def232098a7a5cbab3974a3690abb0","name":"Maxime Cazenave","image":{"@type":"ImageObject","inLanguage":"fr-FR","@id":"https:\/\/dicodusport.fr\/blog\/#\/schema\/person\/image\/","url":"https:\/\/dicodusport.fr\/blog\/wp-content\/uploads\/2021\/05\/Maxime-Cazenave-150x150.jpg","contentUrl":"https:\/\/dicodusport.fr\/blog\/wp-content\/uploads\/2021\/05\/Maxime-Cazenave-150x150.jpg","caption":"Maxime Cazenave"},"description":"Journaliste\/R\u00e9dacteur depuis 2012 - Berc\u00e9 par l\u2019amour des Girondins de Bordeaux, les \u00e9checs de Christophe Moreau sur le Tour de France sous l'\u00e8re Lance Armstrong et le fade-away l\u00e9tal de Dirk Nowitzki, ma passion d\u00e9vorante pour le sport a toujours \u00e9t\u00e9 un pan incontournable de ma vie. Transmettre ma passion \u00e0 l\u2019\u00e9crit a \u00e9t\u00e9 une transition naturelle. Suiveur assidu de basket et de hockey sur glace, je garde toujours un peu de place pour suivre le cyclisme, le football et le maximum de performances fran\u00e7aises.","sameAs":["https:\/\/x.com\/https:\/\/twitter.com\/Maxime_Caze"],"url":"https:\/\/dicodusport.fr\/blog\/author\/maximec\/"}]}},"_links":{"self":[{"href":"https:\/\/dicodusport.fr\/blog\/wp-json\/wp\/v2\/posts\/585796","targetHints":{"allow":["GET"]}}],"collection":[{"href":"https:\/\/dicodusport.fr\/blog\/wp-json\/wp\/v2\/posts"}],"about":[{"href":"https:\/\/dicodusport.fr\/blog\/wp-json\/wp\/v2\/types\/post"}],"author":[{"embeddable":true,"href":"https:\/\/dicodusport.fr\/blog\/wp-json\/wp\/v2\/users\/55"}],"replies":[{"embeddable":true,"href":"https:\/\/dicodusport.fr\/blog\/wp-json\/wp\/v2\/comments?post=585796"}],"version-history":[{"count":3,"href":"https:\/\/dicodusport.fr\/blog\/wp-json\/wp\/v2\/posts\/585796\/revisions"}],"predecessor-version":[{"id":585821,"href":"https:\/\/dicodusport.fr\/blog\/wp-json\/wp\/v2\/posts\/585796\/revisions\/585821"}],"wp:featuredmedia":[{"embeddable":true,"href":"https:\/\/dicodusport.fr\/blog\/wp-json\/wp\/v2\/media\/585798"}],"wp:attachment":[{"href":"https:\/\/dicodusport.fr\/blog\/wp-json\/wp\/v2\/media?parent=585796"}],"wp:term":[{"taxonomy":"category","embeddable":true,"href":"https:\/\/dicodusport.fr\/blog\/wp-json\/wp\/v2\/categories?post=585796"},{"taxonomy":"post_tag","embeddable":true,"href":"https:\/\/dicodusport.fr\/blog\/wp-json\/wp\/v2\/tags?post=585796"}],"curies":[{"name":"wp","href":"https:\/\/api.w.org\/{rel}","templated":true}]}}