{"id":585925,"date":"2025-06-11T15:50:07","date_gmt":"2025-06-11T13:50:07","guid":{"rendered":"https:\/\/dicodusport.fr\/blog\/?p=585925&#038;preview=true&#038;preview_id=585925"},"modified":"2025-06-11T15:55:56","modified_gmt":"2025-06-11T13:55:56","slug":"arabie-saoudite-didier-deschamps-approche-pour-lapres-mondial-2026","status":"publish","type":"post","link":"https:\/\/dicodusport.fr\/blog\/arabie-saoudite-didier-deschamps-approche-pour-lapres-mondial-2026\/","title":{"rendered":"Arabie Saoudite : Didier Deschamps approch\u00e9 pour l&rsquo;apr\u00e8s-Mondial 2026"},"content":{"rendered":"<p style=\"text-align: justify;\"><strong><em>\u00c9QUIPE DE FRANCE DE FOOTBALL &#8211; Selon <a href=\"https:\/\/www.sky-sport.ch\/fr\/articles\/l-arabie-saoudite-a-sonde-didier-deschamps-pour-l-apres-coupe-du-monde-2026\/\">Sacha Tavolieri<\/a>, Didier Deschamps a \u00e9t\u00e9 contact\u00e9 pour rejoindre l&rsquo;Arabie Saoudite apr\u00e8s la Coupe du monde 2026.<\/em><\/strong><\/p>\n<p style=\"text-align: justify;\">C&rsquo;est d\u00e9sormais officiel, <a href=\"https:\/\/dicodusport.fr\/blog\/equipe-de-france-didier-deschamps-quittera-son-poste-de-selectionneur-en-2026\/\"><strong>Didier Deschamps<\/strong> quittera le banc de <strong>l&rsquo;\u00e9quipe de France<\/strong><\/a> apr\u00e8s la Coupe du monde 2026. 12 ans de r\u00e8gne, avec bien entendu en point d&rsquo;orgue <a href=\"https:\/\/dicodusport.fr\/blog\/champions-du-monde\/\">la victoire lors du Mondial en 2018<\/a>, ainsi qu&rsquo;<a href=\"https:\/\/dicodusport.fr\/blog\/coupe-du-monde-de-football-l-argentine-championne-du-monde\/\">une finale au Mondial 2022<\/a>, \u00e0 l&rsquo;Euro 2016, et une victoire en <a href=\"https:\/\/dicodusport.fr\/blog\/ligue-des-nations-france-triomphe-en-finale-en-battant-espagne\/\">Ligue des Nations 2021<\/a>. Une sacr\u00e9e page qui va se tourner pour les Bleus.<\/p>\n<h2 style=\"text-align: justify;\">La Saudi Pro League comme suite ?<\/h2>\n<p style=\"text-align: justify;\">Mais pour \u00ab\u00a0DD\u00a0\u00bb, c&rsquo;est quoi la suite ? Ancien entra\u00eeneur de l&rsquo;<strong>AS Monaco<\/strong>, qu&rsquo;il a emmen\u00e9 en finale de Ligue des Champions en 2004, et de l&rsquo;<strong>Olympique de Marseille<\/strong>, avec qui il a \u00e9t\u00e9 champion de France en 2010, il a d\u00e9j\u00e0 prouv\u00e9 son talent d&rsquo;entra\u00eeneur en termes de football de club. N\u00e9anmoins, apr\u00e8s 12 ans \u00e0 la t\u00eate d&rsquo;une s\u00e9lection, on l&rsquo;imagine mal revenir sur le banc d&rsquo;un club europ\u00e9en, quel qu&rsquo;il soit. D&rsquo;autant que les postes d&rsquo;entra\u00eeneur d&rsquo;une \u00e9quipe hupp\u00e9e ne sont pas l\u00e9gion \u00e0 \u00eatre disponibles.<\/p>\n<p style=\"text-align: justify;\">D&rsquo;autant qu&rsquo;on pourra s&rsquo;interroger sur sa motivation et sa capacit\u00e9 \u00e0 reprendre de l&rsquo;\u00e9lan, vu la mani\u00e8re dont il a \u00e9t\u00e9 r\u00e9guli\u00e8rement tanc\u00e9 ces derni\u00e8res ann\u00e9es. La porte s&rsquo;ouvre alors pour un d\u00e9fi moins prestigieux, mais plus lucratif : l&rsquo;Arabie Saoudite. La Saudi Pro League n&rsquo;est jamais rassasi\u00e9e de grands noms, sur le terrain comme sur un banc.<\/p>\n<blockquote class=\"twitter-tweet\">\n<p dir=\"ltr\" lang=\"fr\">\ud83c\uddeb\ud83c\uddf7 L&rsquo;Arabie Saoudite a sond\u00e9 l&rsquo;entourage de Didier Deschamps en vue de l&rsquo;apr\u00e8s Coupe du monde 2026.<\/p>\n<p>\ud83d\udcac D\u00e9tails \u00e0 lire ICI \u2935\ufe0f <a href=\"https:\/\/twitter.com\/SkySportCH?ref_src=twsrc%5Etfw\">@SkySportCH<\/a> \ud83c\udde8\ud83c\udded<\/p>\n<p>\ud83d\udd17 <a href=\"https:\/\/t.co\/i8AT9Lm8Sw\">https:\/\/t.co\/i8AT9Lm8Sw<\/a> <a href=\"https:\/\/twitter.com\/hashtag\/EDF?src=hash&amp;ref_src=twsrc%5Etfw\">#EDF<\/a> <a href=\"https:\/\/twitter.com\/hashtag\/SPL?src=hash&amp;ref_src=twsrc%5Etfw\">#SPL<\/a> <a href=\"https:\/\/twitter.com\/hashtag\/mercato?src=hash&amp;ref_src=twsrc%5Etfw\">#mercato<\/a><\/p>\n<p>\u2014 Sacha Tavolieri (@sachatavolieri) <a href=\"https:\/\/twitter.com\/sachatavolieri\/status\/1932793050335522861?ref_src=twsrc%5Etfw\">June 11, 2025<\/a><\/p><\/blockquote>\n<p style=\"text-align: justify;\"><script async src=\"https:\/\/platform.twitter.com\/widgets.js\" charset=\"utf-8\"><\/script><br \/>\nSi le s\u00e9lectionneur est focus sur sa derni\u00e8re en Bleu, <strong>Didier Deschamps<\/strong> ne serait pas ferm\u00e9 \u00e0 l&rsquo;id\u00e9e de prendre en mains un club saoudien. Avec la pl\u00e9iade de vedettes qui joue en Saudi Pro League, nul doute qu&rsquo;un technicien chevronn\u00e9 pourrait participer \u00e0 l&rsquo;essor d&rsquo;un championnat avide de reconnaissance. R\u00e9elle opportunit\u00e9 ou \u00e9cran de fum\u00e9e ? Affaire \u00e0 suivre&#8230;<\/p>\n<h3 style=\"text-align: justify;\">\u00c0 ce sujet<\/h3>\n<div class=\"vlp-link-container vlp-layout-article\"><a href=\"https:\/\/dicodusport.fr\/blog\/ligue-des-nations-les-bleus-terrassent-lallemagne-pour-soffrir-la-3eme-place\/\" class=\"vlp-link\" title=\"Ligue des Nations : Les Bleus terrassent l&#039;Allemagne pour s&#039;offrir la 3\u00e8me place\"><\/a><div class=\"vlp-layout-zone-side\"><div class=\"vlp-block-4 vlp-link-image\"><img loading=\"lazy\" decoding=\"async\" style=\"max-width: 792px;\" width=\"792\" height=\"445\" src=\"https:\/\/dicodusport.fr\/blog\/wp-content\/uploads\/2025\/06\/Ligue-des-Nations-Les-Bleus-terrassent-lAllemagne-pour-soffrir-la-3eme-place.png\" class=\"attachment-800x445 size-800x445\" alt=\"Ligue des Nations : Les Bleus terrassent l&#039;Allemagne pour s&#039;offrir la 3\u00e8me place\" srcset=\"https:\/\/dicodusport.fr\/blog\/wp-content\/uploads\/2025\/06\/Ligue-des-Nations-Les-Bleus-terrassent-lAllemagne-pour-soffrir-la-3eme-place.png 1200w, https:\/\/dicodusport.fr\/blog\/wp-content\/uploads\/2025\/06\/Ligue-des-Nations-Les-Bleus-terrassent-lAllemagne-pour-soffrir-la-3eme-place-300x169.png 300w, https:\/\/dicodusport.fr\/blog\/wp-content\/uploads\/2025\/06\/Ligue-des-Nations-Les-Bleus-terrassent-lAllemagne-pour-soffrir-la-3eme-place-1024x575.png 1024w, https:\/\/dicodusport.fr\/blog\/wp-content\/uploads\/2025\/06\/Ligue-des-Nations-Les-Bleus-terrassent-lAllemagne-pour-soffrir-la-3eme-place-768x431.png 768w\" sizes=\"auto, (max-width: 792px) 100vw, 792px\" \/><\/div><\/div><div class=\"vlp-layout-zone-main\"><div class=\"vlp-block-0 vlp-link-title\">Ligue des Nations : Les Bleus terrassent l'Allemagne pour s'offrir la 3\u00e8me place<\/div><div class=\"vlp-block-1 vlp-link-summary\">LIGUE DES NATIONS DE FOOTBALL 2024\/2025 - L'\u00e9quipe de France a d\u00e9croch\u00e9 la 3\u00e8me place en se d\u00e9faisant de l'Allemagne en petite finale, 2-0. Outrageusement domin\u00e9s en premi\u00e8re p\u00e9riode, les Bleus ont fait payer aux Allemands leur manque d'efficacit\u00e9 gr\u00e2ce \u00e0 Kylian Mbapp\u00e9, avant de renverser la tendance dans le deuxi\u00e8me acte.<\/div><div class=\"vlp-block-2 vlp-link-button\">Lire l'article<\/div><div class=\"vlp-block-3 vlp-link-url\">dicodusport.fr<\/div><\/div><\/div>\n","protected":false},"excerpt":{"rendered":"<p>\u00c9QUIPE DE FRANCE DE FOOTBALL &#8211; Selon Sacha Tavolieri, Didier Deschamps a \u00e9t\u00e9 contact\u00e9 pour rejoindre l&rsquo;Arabie Saoudite apr\u00e8s la Coupe du monde 2026.<\/p>\n","protected":false},"author":59,"featured_media":585930,"comment_status":"open","ping_status":"closed","sticky":false,"template":"","format":"standard","meta":{"_acf_changed":false,"_daextam_enable_autolinks":"1","footnotes":""},"categories":[2301],"tags":[16878,6966,75],"class_list":["post-585925","post","type-post","status-publish","format-standard","has-post-thumbnail","hentry","category-football","tag-breve","tag-equipe-de-france-de-football","tag-football"],"acf":[],"yoast_head":"<!-- This site is optimized with the Yoast SEO Premium plugin v26.7 (Yoast SEO v26.7) - https:\/\/yoast.com\/wordpress\/plugins\/seo\/ -->\n<title>Arabie Saoudite : Didier Deschamps approch\u00e9 pour l&#039;apr\u00e8s-Mondial 2026<\/title>\n<meta name=\"description\" content=\"\u00c9QUIPE DE FRANCE DE FOOTBALL - Selon Sacha Tavolieri, Didier Deschamps a \u00e9t\u00e9 contact\u00e9 pour rejoindre l&#039;Arabie Saoudite apr\u00e8s la Coupe du monde 2026.\" \/>\n<meta name=\"robots\" content=\"index, follow, max-snippet:-1, max-image-preview:large, max-video-preview:-1\" \/>\n<link rel=\"canonical\" href=\"https:\/\/dicodusport.fr\/blog\/arabie-saoudite-didier-deschamps-approche-pour-lapres-mondial-2026\/\" \/>\n<meta property=\"og:locale\" content=\"fr_FR\" \/>\n<meta property=\"og:type\" content=\"article\" \/>\n<meta property=\"og:title\" content=\"Arabie Saoudite : Didier Deschamps approch\u00e9 pour l&#039;apr\u00e8s-Mondial 2026\" \/>\n<meta property=\"og:description\" content=\"\u00c9QUIPE DE FRANCE DE FOOTBALL - Selon Sacha Tavolieri, Didier Deschamps a \u00e9t\u00e9 contact\u00e9 pour rejoindre l&#039;Arabie Saoudite apr\u00e8s la Coupe du monde 2026.\" \/>\n<meta property=\"og:url\" content=\"https:\/\/dicodusport.fr\/blog\/arabie-saoudite-didier-deschamps-approche-pour-lapres-mondial-2026\/\" \/>\n<meta property=\"og:site_name\" content=\"Dicodusport\" \/>\n<meta property=\"article:publisher\" content=\"https:\/\/www.facebook.com\/dicodusport\" \/>\n<meta property=\"article:author\" content=\"https:\/\/www.facebook.com\/sebastien.gente\/\" \/>\n<meta property=\"article:published_time\" content=\"2025-06-11T13:50:07+00:00\" \/>\n<meta property=\"article:modified_time\" content=\"2025-06-11T13:55:56+00:00\" \/>\n<meta property=\"og:image\" content=\"https:\/\/dicodusport.fr\/blog\/wp-content\/uploads\/2025\/06\/Arabie-Saoudite-Didier-Deschamps-approche-pour-lapres-Mondial-2026.png\" \/>\n\t<meta property=\"og:image:width\" content=\"1200\" \/>\n\t<meta property=\"og:image:height\" content=\"674\" \/>\n\t<meta property=\"og:image:type\" content=\"image\/png\" \/>\n<meta name=\"author\" content=\"S\u00e9bastien Gente\" \/>\n<meta name=\"twitter:card\" content=\"summary_large_image\" \/>\n<meta name=\"twitter:title\" content=\"Arabie Saoudite : Didier Deschamps approch\u00e9 pour l&#039;apr\u00e8s-Mondial 2026\" \/>\n<meta name=\"twitter:creator\" content=\"@https:\/\/twitter.com\/globulo24\" \/>\n<meta name=\"twitter:site\" content=\"@dicodusport\" \/>\n<script type=\"application\/ld+json\" class=\"yoast-schema-graph\">{\"@context\":\"https:\/\/schema.org\",\"@graph\":[{\"@type\":\"NewsArticle\",\"@id\":\"https:\/\/dicodusport.fr\/blog\/arabie-saoudite-didier-deschamps-approche-pour-lapres-mondial-2026\/#article\",\"isPartOf\":{\"@id\":\"https:\/\/dicodusport.fr\/blog\/arabie-saoudite-didier-deschamps-approche-pour-lapres-mondial-2026\/\"},\"author\":{\"name\":\"S\u00e9bastien Gente\",\"@id\":\"https:\/\/dicodusport.fr\/blog\/#\/schema\/person\/627966a6cde45dbd8c5e36ac85d783da\"},\"headline\":\"Arabie Saoudite : Didier Deschamps approch\u00e9 pour l&rsquo;apr\u00e8s-Mondial 2026\",\"datePublished\":\"2025-06-11T13:50:07+00:00\",\"dateModified\":\"2025-06-11T13:55:56+00:00\",\"mainEntityOfPage\":{\"@id\":\"https:\/\/dicodusport.fr\/blog\/arabie-saoudite-didier-deschamps-approche-pour-lapres-mondial-2026\/\"},\"wordCount\":479,\"commentCount\":0,\"publisher\":{\"@id\":\"https:\/\/dicodusport.fr\/blog\/#organization\"},\"image\":{\"@id\":\"https:\/\/dicodusport.fr\/blog\/arabie-saoudite-didier-deschamps-approche-pour-lapres-mondial-2026\/#primaryimage\"},\"thumbnailUrl\":\"https:\/\/dicodusport.fr\/blog\/wp-content\/uploads\/2025\/06\/Arabie-Saoudite-Didier-Deschamps-approche-pour-lapres-Mondial-2026.png\",\"keywords\":[\"br\u00e8ve\",\"Equipe de France de football\",\"Football\"],\"articleSection\":[\"Football\"],\"inLanguage\":\"fr-FR\",\"potentialAction\":[{\"@type\":\"CommentAction\",\"name\":\"Comment\",\"target\":[\"https:\/\/dicodusport.fr\/blog\/arabie-saoudite-didier-deschamps-approche-pour-lapres-mondial-2026\/#respond\"]}],\"copyrightYear\":\"2025\",\"copyrightHolder\":{\"@id\":\"https:\/\/dicodusport.fr\/blog\/#organization\"}},{\"@type\":\"WebPage\",\"@id\":\"https:\/\/dicodusport.fr\/blog\/arabie-saoudite-didier-deschamps-approche-pour-lapres-mondial-2026\/\",\"url\":\"https:\/\/dicodusport.fr\/blog\/arabie-saoudite-didier-deschamps-approche-pour-lapres-mondial-2026\/\",\"name\":\"Arabie Saoudite : Didier Deschamps approch\u00e9 pour l'apr\u00e8s-Mondial 2026\",\"isPartOf\":{\"@id\":\"https:\/\/dicodusport.fr\/blog\/#website\"},\"primaryImageOfPage\":{\"@id\":\"https:\/\/dicodusport.fr\/blog\/arabie-saoudite-didier-deschamps-approche-pour-lapres-mondial-2026\/#primaryimage\"},\"image\":{\"@id\":\"https:\/\/dicodusport.fr\/blog\/arabie-saoudite-didier-deschamps-approche-pour-lapres-mondial-2026\/#primaryimage\"},\"thumbnailUrl\":\"https:\/\/dicodusport.fr\/blog\/wp-content\/uploads\/2025\/06\/Arabie-Saoudite-Didier-Deschamps-approche-pour-lapres-Mondial-2026.png\",\"datePublished\":\"2025-06-11T13:50:07+00:00\",\"dateModified\":\"2025-06-11T13:55:56+00:00\",\"description\":\"\u00c9QUIPE DE FRANCE DE FOOTBALL - Selon Sacha Tavolieri, Didier Deschamps a \u00e9t\u00e9 contact\u00e9 pour rejoindre l'Arabie Saoudite apr\u00e8s la Coupe du monde 2026.\",\"breadcrumb\":{\"@id\":\"https:\/\/dicodusport.fr\/blog\/arabie-saoudite-didier-deschamps-approche-pour-lapres-mondial-2026\/#breadcrumb\"},\"inLanguage\":\"fr-FR\",\"potentialAction\":[{\"@type\":\"ReadAction\",\"target\":[\"https:\/\/dicodusport.fr\/blog\/arabie-saoudite-didier-deschamps-approche-pour-lapres-mondial-2026\/\"]}]},{\"@type\":\"ImageObject\",\"inLanguage\":\"fr-FR\",\"@id\":\"https:\/\/dicodusport.fr\/blog\/arabie-saoudite-didier-deschamps-approche-pour-lapres-mondial-2026\/#primaryimage\",\"url\":\"https:\/\/dicodusport.fr\/blog\/wp-content\/uploads\/2025\/06\/Arabie-Saoudite-Didier-Deschamps-approche-pour-lapres-Mondial-2026.png\",\"contentUrl\":\"https:\/\/dicodusport.fr\/blog\/wp-content\/uploads\/2025\/06\/Arabie-Saoudite-Didier-Deschamps-approche-pour-lapres-Mondial-2026.png\",\"width\":1200,\"height\":674,\"caption\":\"Arabie Saoudite Didier Deschamps approch\u00e9 pour l'apr\u00e8s-Mondial 2026\"},{\"@type\":\"BreadcrumbList\",\"@id\":\"https:\/\/dicodusport.fr\/blog\/arabie-saoudite-didier-deschamps-approche-pour-lapres-mondial-2026\/#breadcrumb\",\"itemListElement\":[{\"@type\":\"ListItem\",\"position\":1,\"name\":\"Accueil\",\"item\":\"https:\/\/dicodusport.fr\/blog\/\"},{\"@type\":\"ListItem\",\"position\":2,\"name\":\"Arabie Saoudite : Didier Deschamps approch\u00e9 pour l&rsquo;apr\u00e8s-Mondial 2026\"}]},{\"@type\":\"WebSite\",\"@id\":\"https:\/\/dicodusport.fr\/blog\/#website\",\"url\":\"https:\/\/dicodusport.fr\/blog\/\",\"name\":\"Dicodusport\",\"description\":\"L&#039;encyclop\u00e9die de l&#039;actualit\u00e9 sportive\",\"publisher\":{\"@id\":\"https:\/\/dicodusport.fr\/blog\/#organization\"},\"potentialAction\":[{\"@type\":\"SearchAction\",\"target\":{\"@type\":\"EntryPoint\",\"urlTemplate\":\"https:\/\/dicodusport.fr\/blog\/?s={search_term_string}\"},\"query-input\":{\"@type\":\"PropertyValueSpecification\",\"valueRequired\":true,\"valueName\":\"search_term_string\"}}],\"inLanguage\":\"fr-FR\"},{\"@type\":\"NewsMediaOrganization\",\"@id\":\"https:\/\/dicodusport.fr\/blog\/#organization\",\"name\":\"Dicodusport\",\"url\":\"https:\/\/dicodusport.fr\/blog\/\",\"logo\":{\"@type\":\"ImageObject\",\"inLanguage\":\"fr-FR\",\"@id\":\"https:\/\/dicodusport.fr\/blog\/#\/schema\/logo\/image\/\",\"url\":\"https:\/\/dicodusport.fr\/blog\/wp-content\/uploads\/2020\/06\/cropped-LOGO-DICODUSPORT-2020-SANS-FOND-SANS-TEXTE.png\",\"contentUrl\":\"https:\/\/dicodusport.fr\/blog\/wp-content\/uploads\/2020\/06\/cropped-LOGO-DICODUSPORT-2020-SANS-FOND-SANS-TEXTE.png\",\"width\":512,\"height\":512,\"caption\":\"Dicodusport\"},\"image\":{\"@id\":\"https:\/\/dicodusport.fr\/blog\/#\/schema\/logo\/image\/\"},\"sameAs\":[\"https:\/\/www.facebook.com\/dicodusport\",\"https:\/\/x.com\/dicodusport\",\"https:\/\/www.instagram.com\/dicodusport\/\",\"https:\/\/www.youtube.com\/channel\/UC7V2KZ5sd3htJivAbA4ZG3w\"],\"description\":\"Dicodusport est l'encyclop\u00e9die de l'actualit\u00e9 sportive.\",\"email\":\"bonjour@dicodusport.fr\",\"legalName\":\"DICODUSPORT\",\"foundingDate\":\"2018-01-14\",\"vatID\":\"FR71834470973\",\"taxID\":\"83447097300043\",\"numberOfEmployees\":{\"@type\":\"QuantitativeValue\",\"minValue\":\"1\",\"maxValue\":\"10\"}},{\"@type\":\"Person\",\"@id\":\"https:\/\/dicodusport.fr\/blog\/#\/schema\/person\/627966a6cde45dbd8c5e36ac85d783da\",\"name\":\"S\u00e9bastien Gente\",\"image\":{\"@type\":\"ImageObject\",\"inLanguage\":\"fr-FR\",\"@id\":\"https:\/\/dicodusport.fr\/blog\/#\/schema\/person\/image\/\",\"url\":\"https:\/\/dicodusport.fr\/blog\/wp-content\/uploads\/2021\/09\/1510990_10205810251400683_4124423575079401707_n-150x150.jpg\",\"contentUrl\":\"https:\/\/dicodusport.fr\/blog\/wp-content\/uploads\/2021\/09\/1510990_10205810251400683_4124423575079401707_n-150x150.jpg\",\"caption\":\"S\u00e9bastien Gente\"},\"description\":\"John Stockton, Gianni Bugno, Zinedine Zidane, Steffi Graf, Frode Andresen, St\u00e9phane Stoecklin, Davis Kamoga, Primoz Peterka, Werner Schlager et Aur\u00e9lien Rougerie. Point commun entre ces sportifs? Ils m'ont fait r\u00eaver et ont berc\u00e9 mon adolescence. Je suis un fondu de sports et j'essaie de retranscrire ma passion \u00e0 travers mes articles. Originaire du P\u00e9rigord, ma passion pour les Girondins, les Jaunards et les Jazzmen transpire dans mes \u00e9crits. \u00c0 Dicodusport depuis 2021, je d\u00e9niche les sports m\u00e9connus dans lesquels la France brille, et il y en a !\",\"sameAs\":[\"https:\/\/www.facebook.com\/sebastien.gente\/\",\"https:\/\/www.instagram.com\/sebgente\/\",\"https:\/\/www.linkedin.com\/in\/sbastien-gente-a29583169\/\",\"https:\/\/x.com\/https:\/\/twitter.com\/globulo24\",\"SebastienGente\"],\"worksFor\":\"S\u00e9bastien GENTE\",\"url\":\"https:\/\/dicodusport.fr\/blog\/author\/sebastiengente\/\"}]}<\/script>\n<!-- \/ Yoast SEO Premium plugin. -->","yoast_head_json":{"title":"Arabie Saoudite : Didier Deschamps approch\u00e9 pour l'apr\u00e8s-Mondial 2026","description":"\u00c9QUIPE DE FRANCE DE FOOTBALL - Selon Sacha Tavolieri, Didier Deschamps a \u00e9t\u00e9 contact\u00e9 pour rejoindre l'Arabie Saoudite apr\u00e8s la Coupe du monde 2026.","robots":{"index":"index","follow":"follow","max-snippet":"max-snippet:-1","max-image-preview":"max-image-preview:large","max-video-preview":"max-video-preview:-1"},"canonical":"https:\/\/dicodusport.fr\/blog\/arabie-saoudite-didier-deschamps-approche-pour-lapres-mondial-2026\/","og_locale":"fr_FR","og_type":"article","og_title":"Arabie Saoudite : Didier Deschamps approch\u00e9 pour l'apr\u00e8s-Mondial 2026","og_description":"\u00c9QUIPE DE FRANCE DE FOOTBALL - Selon Sacha Tavolieri, Didier Deschamps a \u00e9t\u00e9 contact\u00e9 pour rejoindre l'Arabie Saoudite apr\u00e8s la Coupe du monde 2026.","og_url":"https:\/\/dicodusport.fr\/blog\/arabie-saoudite-didier-deschamps-approche-pour-lapres-mondial-2026\/","og_site_name":"Dicodusport","article_publisher":"https:\/\/www.facebook.com\/dicodusport","article_author":"https:\/\/www.facebook.com\/sebastien.gente\/","article_published_time":"2025-06-11T13:50:07+00:00","article_modified_time":"2025-06-11T13:55:56+00:00","og_image":[{"width":1200,"height":674,"url":"https:\/\/dicodusport.fr\/blog\/wp-content\/uploads\/2025\/06\/Arabie-Saoudite-Didier-Deschamps-approche-pour-lapres-Mondial-2026.png","type":"image\/png"}],"author":"S\u00e9bastien Gente","twitter_card":"summary_large_image","twitter_title":"Arabie Saoudite : Didier Deschamps approch\u00e9 pour l'apr\u00e8s-Mondial 2026","twitter_creator":"@https:\/\/twitter.com\/globulo24","twitter_site":"@dicodusport","schema":{"@context":"https:\/\/schema.org","@graph":[{"@type":"NewsArticle","@id":"https:\/\/dicodusport.fr\/blog\/arabie-saoudite-didier-deschamps-approche-pour-lapres-mondial-2026\/#article","isPartOf":{"@id":"https:\/\/dicodusport.fr\/blog\/arabie-saoudite-didier-deschamps-approche-pour-lapres-mondial-2026\/"},"author":{"name":"S\u00e9bastien Gente","@id":"https:\/\/dicodusport.fr\/blog\/#\/schema\/person\/627966a6cde45dbd8c5e36ac85d783da"},"headline":"Arabie Saoudite : Didier Deschamps approch\u00e9 pour l&rsquo;apr\u00e8s-Mondial 2026","datePublished":"2025-06-11T13:50:07+00:00","dateModified":"2025-06-11T13:55:56+00:00","mainEntityOfPage":{"@id":"https:\/\/dicodusport.fr\/blog\/arabie-saoudite-didier-deschamps-approche-pour-lapres-mondial-2026\/"},"wordCount":479,"commentCount":0,"publisher":{"@id":"https:\/\/dicodusport.fr\/blog\/#organization"},"image":{"@id":"https:\/\/dicodusport.fr\/blog\/arabie-saoudite-didier-deschamps-approche-pour-lapres-mondial-2026\/#primaryimage"},"thumbnailUrl":"https:\/\/dicodusport.fr\/blog\/wp-content\/uploads\/2025\/06\/Arabie-Saoudite-Didier-Deschamps-approche-pour-lapres-Mondial-2026.png","keywords":["br\u00e8ve","Equipe de France de football","Football"],"articleSection":["Football"],"inLanguage":"fr-FR","potentialAction":[{"@type":"CommentAction","name":"Comment","target":["https:\/\/dicodusport.fr\/blog\/arabie-saoudite-didier-deschamps-approche-pour-lapres-mondial-2026\/#respond"]}],"copyrightYear":"2025","copyrightHolder":{"@id":"https:\/\/dicodusport.fr\/blog\/#organization"}},{"@type":"WebPage","@id":"https:\/\/dicodusport.fr\/blog\/arabie-saoudite-didier-deschamps-approche-pour-lapres-mondial-2026\/","url":"https:\/\/dicodusport.fr\/blog\/arabie-saoudite-didier-deschamps-approche-pour-lapres-mondial-2026\/","name":"Arabie Saoudite : Didier Deschamps approch\u00e9 pour l'apr\u00e8s-Mondial 2026","isPartOf":{"@id":"https:\/\/dicodusport.fr\/blog\/#website"},"primaryImageOfPage":{"@id":"https:\/\/dicodusport.fr\/blog\/arabie-saoudite-didier-deschamps-approche-pour-lapres-mondial-2026\/#primaryimage"},"image":{"@id":"https:\/\/dicodusport.fr\/blog\/arabie-saoudite-didier-deschamps-approche-pour-lapres-mondial-2026\/#primaryimage"},"thumbnailUrl":"https:\/\/dicodusport.fr\/blog\/wp-content\/uploads\/2025\/06\/Arabie-Saoudite-Didier-Deschamps-approche-pour-lapres-Mondial-2026.png","datePublished":"2025-06-11T13:50:07+00:00","dateModified":"2025-06-11T13:55:56+00:00","description":"\u00c9QUIPE DE FRANCE DE FOOTBALL - Selon Sacha Tavolieri, Didier Deschamps a \u00e9t\u00e9 contact\u00e9 pour rejoindre l'Arabie Saoudite apr\u00e8s la Coupe du monde 2026.","breadcrumb":{"@id":"https:\/\/dicodusport.fr\/blog\/arabie-saoudite-didier-deschamps-approche-pour-lapres-mondial-2026\/#breadcrumb"},"inLanguage":"fr-FR","potentialAction":[{"@type":"ReadAction","target":["https:\/\/dicodusport.fr\/blog\/arabie-saoudite-didier-deschamps-approche-pour-lapres-mondial-2026\/"]}]},{"@type":"ImageObject","inLanguage":"fr-FR","@id":"https:\/\/dicodusport.fr\/blog\/arabie-saoudite-didier-deschamps-approche-pour-lapres-mondial-2026\/#primaryimage","url":"https:\/\/dicodusport.fr\/blog\/wp-content\/uploads\/2025\/06\/Arabie-Saoudite-Didier-Deschamps-approche-pour-lapres-Mondial-2026.png","contentUrl":"https:\/\/dicodusport.fr\/blog\/wp-content\/uploads\/2025\/06\/Arabie-Saoudite-Didier-Deschamps-approche-pour-lapres-Mondial-2026.png","width":1200,"height":674,"caption":"Arabie Saoudite Didier Deschamps approch\u00e9 pour l'apr\u00e8s-Mondial 2026"},{"@type":"BreadcrumbList","@id":"https:\/\/dicodusport.fr\/blog\/arabie-saoudite-didier-deschamps-approche-pour-lapres-mondial-2026\/#breadcrumb","itemListElement":[{"@type":"ListItem","position":1,"name":"Accueil","item":"https:\/\/dicodusport.fr\/blog\/"},{"@type":"ListItem","position":2,"name":"Arabie Saoudite : Didier Deschamps approch\u00e9 pour l&rsquo;apr\u00e8s-Mondial 2026"}]},{"@type":"WebSite","@id":"https:\/\/dicodusport.fr\/blog\/#website","url":"https:\/\/dicodusport.fr\/blog\/","name":"Dicodusport","description":"L&#039;encyclop\u00e9die de l&#039;actualit\u00e9 sportive","publisher":{"@id":"https:\/\/dicodusport.fr\/blog\/#organization"},"potentialAction":[{"@type":"SearchAction","target":{"@type":"EntryPoint","urlTemplate":"https:\/\/dicodusport.fr\/blog\/?s={search_term_string}"},"query-input":{"@type":"PropertyValueSpecification","valueRequired":true,"valueName":"search_term_string"}}],"inLanguage":"fr-FR"},{"@type":"NewsMediaOrganization","@id":"https:\/\/dicodusport.fr\/blog\/#organization","name":"Dicodusport","url":"https:\/\/dicodusport.fr\/blog\/","logo":{"@type":"ImageObject","inLanguage":"fr-FR","@id":"https:\/\/dicodusport.fr\/blog\/#\/schema\/logo\/image\/","url":"https:\/\/dicodusport.fr\/blog\/wp-content\/uploads\/2020\/06\/cropped-LOGO-DICODUSPORT-2020-SANS-FOND-SANS-TEXTE.png","contentUrl":"https:\/\/dicodusport.fr\/blog\/wp-content\/uploads\/2020\/06\/cropped-LOGO-DICODUSPORT-2020-SANS-FOND-SANS-TEXTE.png","width":512,"height":512,"caption":"Dicodusport"},"image":{"@id":"https:\/\/dicodusport.fr\/blog\/#\/schema\/logo\/image\/"},"sameAs":["https:\/\/www.facebook.com\/dicodusport","https:\/\/x.com\/dicodusport","https:\/\/www.instagram.com\/dicodusport\/","https:\/\/www.youtube.com\/channel\/UC7V2KZ5sd3htJivAbA4ZG3w"],"description":"Dicodusport est l'encyclop\u00e9die de l'actualit\u00e9 sportive.","email":"bonjour@dicodusport.fr","legalName":"DICODUSPORT","foundingDate":"2018-01-14","vatID":"FR71834470973","taxID":"83447097300043","numberOfEmployees":{"@type":"QuantitativeValue","minValue":"1","maxValue":"10"}},{"@type":"Person","@id":"https:\/\/dicodusport.fr\/blog\/#\/schema\/person\/627966a6cde45dbd8c5e36ac85d783da","name":"S\u00e9bastien Gente","image":{"@type":"ImageObject","inLanguage":"fr-FR","@id":"https:\/\/dicodusport.fr\/blog\/#\/schema\/person\/image\/","url":"https:\/\/dicodusport.fr\/blog\/wp-content\/uploads\/2021\/09\/1510990_10205810251400683_4124423575079401707_n-150x150.jpg","contentUrl":"https:\/\/dicodusport.fr\/blog\/wp-content\/uploads\/2021\/09\/1510990_10205810251400683_4124423575079401707_n-150x150.jpg","caption":"S\u00e9bastien Gente"},"description":"John Stockton, Gianni Bugno, Zinedine Zidane, Steffi Graf, Frode Andresen, St\u00e9phane Stoecklin, Davis Kamoga, Primoz Peterka, Werner Schlager et Aur\u00e9lien Rougerie. Point commun entre ces sportifs? Ils m'ont fait r\u00eaver et ont berc\u00e9 mon adolescence. Je suis un fondu de sports et j'essaie de retranscrire ma passion \u00e0 travers mes articles. Originaire du P\u00e9rigord, ma passion pour les Girondins, les Jaunards et les Jazzmen transpire dans mes \u00e9crits. \u00c0 Dicodusport depuis 2021, je d\u00e9niche les sports m\u00e9connus dans lesquels la France brille, et il y en a !","sameAs":["https:\/\/www.facebook.com\/sebastien.gente\/","https:\/\/www.instagram.com\/sebgente\/","https:\/\/www.linkedin.com\/in\/sbastien-gente-a29583169\/","https:\/\/x.com\/https:\/\/twitter.com\/globulo24","SebastienGente"],"worksFor":"S\u00e9bastien GENTE","url":"https:\/\/dicodusport.fr\/blog\/author\/sebastiengente\/"}]}},"_links":{"self":[{"href":"https:\/\/dicodusport.fr\/blog\/wp-json\/wp\/v2\/posts\/585925","targetHints":{"allow":["GET"]}}],"collection":[{"href":"https:\/\/dicodusport.fr\/blog\/wp-json\/wp\/v2\/posts"}],"about":[{"href":"https:\/\/dicodusport.fr\/blog\/wp-json\/wp\/v2\/types\/post"}],"author":[{"embeddable":true,"href":"https:\/\/dicodusport.fr\/blog\/wp-json\/wp\/v2\/users\/59"}],"replies":[{"embeddable":true,"href":"https:\/\/dicodusport.fr\/blog\/wp-json\/wp\/v2\/comments?post=585925"}],"version-history":[{"count":4,"href":"https:\/\/dicodusport.fr\/blog\/wp-json\/wp\/v2\/posts\/585925\/revisions"}],"predecessor-version":[{"id":585933,"href":"https:\/\/dicodusport.fr\/blog\/wp-json\/wp\/v2\/posts\/585925\/revisions\/585933"}],"wp:featuredmedia":[{"embeddable":true,"href":"https:\/\/dicodusport.fr\/blog\/wp-json\/wp\/v2\/media\/585930"}],"wp:attachment":[{"href":"https:\/\/dicodusport.fr\/blog\/wp-json\/wp\/v2\/media?parent=585925"}],"wp:term":[{"taxonomy":"category","embeddable":true,"href":"https:\/\/dicodusport.fr\/blog\/wp-json\/wp\/v2\/categories?post=585925"},{"taxonomy":"post_tag","embeddable":true,"href":"https:\/\/dicodusport.fr\/blog\/wp-json\/wp\/v2\/tags?post=585925"}],"curies":[{"name":"wp","href":"https:\/\/api.w.org\/{rel}","templated":true}]}}