{"id":585927,"date":"2025-06-11T17:12:39","date_gmt":"2025-06-11T15:12:39","guid":{"rendered":"https:\/\/dicodusport.fr\/blog\/?p=585927&#038;preview=true&#038;preview_id=585927"},"modified":"2025-06-11T19:25:36","modified_gmt":"2025-06-11T17:25:36","slug":"criterium-du-dauphine-2025-remco-evenepoel-fait-coup-double-sur-le-contre-la-montre-de-la-4eme-etape","status":"publish","type":"post","link":"https:\/\/dicodusport.fr\/blog\/criterium-du-dauphine-2025-remco-evenepoel-fait-coup-double-sur-le-contre-la-montre-de-la-4eme-etape\/","title":{"rendered":"Crit\u00e9rium du Dauphin\u00e9 2025 : Remco Evenepoel fait coup double sur le contre-la-montre de la 4\u00e8me \u00e9tape"},"content":{"rendered":"<p style=\"text-align: justify;\"><strong><em>CRITERIUM DU DAUPHIN\u00c9 2025 &#8211; Entre Charmes-sur-Rh\u00f4ne et Saint-P\u00e9ray, Remco Evenepoel (Soudal Quick-Step) s\u2019est montr\u00e9 le plus fort sur ce contre-la-montre de 17,4 km. Le coureur belge devance Jonas Vingegaard (Team Visma Lease a Bike) et s\u2019empare de la t\u00eate du classement g\u00e9n\u00e9ral.<\/em><\/strong><\/p>\n<ul style=\"text-align: justify;\">\n<li><strong>\u00c0 ce sujet \u2013\u00a0<a href=\"https:\/\/dicodusport.fr\/blog\/criterium-du-dauphine-2025-parcours-detaille-et-profils-des-etapes\/\">Crit\u00e9rium du Dauphin\u00e9 2025 : Parcours d\u00e9taill\u00e9 et profils des \u00e9tapes<\/a><\/strong><\/li>\n<\/ul>\n<p style=\"text-align: justify;\"><span style=\"font-weight: 400;\">Avant les trois derni\u00e8res \u00e9tapes de montagne pr\u00e9vues \u00e0 partir de vendredi, ce contre-la-montre de 17,4 km \u00e9tait une premi\u00e8re occasion pour les favoris au classement g\u00e9n\u00e9ral de s\u2019expliquer et cr\u00e9er quelques \u00e9carts. Et avec sa bosse de deux kilom\u00e8tres plac\u00e9e en milieu de parcours, le trac\u00e9 de cet exercice pouvait aussi bien convenir \u00e0 un pur grimpeur comme <strong>Jonas Vingegaard<\/strong> (Team Visma Lease a Bike),\u00a0qu\u2019\u00e0 un coureur plus complet comme peuvent l\u2019\u00eatre <\/span><b>Tadej Poga\u010dar<\/b>\u00a0(UAE Team Emirates XRG) ou <strong style=\"font-weight: 400;\">Remco Evenepoel <\/strong>(Soudal Quick-Step).<\/p>\n<h2 style=\"font-weight: 400; text-align: justify;\"><strong>Remco Evenepoel s\u2019impose, Tadej Poga\u010dar d\u00e9\u00e7oit<\/strong><\/h2>\n<p style=\"font-weight: 400; text-align: justify;\">Sur ce parcours hybride, la hi\u00e9rarchie fut respect\u00e9e et la victoire est logiquement revenue au sp\u00e9cialiste de la discipline. Champion du monde et olympique du contre-la-montre, <strong>Remco Evenepoel<\/strong> a \u00e9t\u00e9 le plus rapide. Devant au premier pointage interm\u00e9diaire, le coureur belge n\u2019a fait qu\u2019accentuer son avance dans la seconde partie. Avec un temps de <strong>20 minutes et 50 secondes, il boucle ce parcours de 17,4 km \u00e0 la vitesse moyenne de 50,1 km\/h<\/strong>. Une performance lui permettant de r\u00e9cup\u00e9rer la t\u00eate du classement g\u00e9n\u00e9ral aux d\u00e9pens d\u2019<strong>Iv\u00e1n Romeo <\/strong>(Movistar Team).<\/p>\n<ul style=\"text-align: justify;\">\n<li><strong>\u00c0 ce sujet \u2013\u00a0<a href=\"https:\/\/dicodusport.fr\/blog\/4eme-etape-dauphine-2025-classement-et-resultats\/\">4\u00e8me \u00e9tape Dauphin\u00e9 2025 \u2013 Classement et r\u00e9sultats<\/a><\/strong><\/li>\n<\/ul>\n<p style=\"text-align: justify;\"><span style=\"font-weight: 400;\">Derri\u00e8re, <strong>Jonas Vingegaard<\/strong> a gagn\u00e9 un premier round dans ce combat l\u2019opposant \u00e0 <\/span><b>Tadej Poga\u010dar<\/b>. Deuxi\u00e8me \u00e0 vingt secondes de <strong style=\"font-weight: 400;\">Remco Evenepoel<\/strong>, le coureur danois a devanc\u00e9 son co\u00e9quipier <strong style=\"font-weight: 400;\">Matteo Jorgenson<\/strong> et un <b>Tadej Poga\u010dar<\/b>\u00a0m\u00e9connaissable. Le champion du monde sur route accroche la quatri\u00e8me place apr\u00e8s avoir conc\u00e9d\u00e9 pr\u00e8s de cinquante secondes \u00e0 son homologue du contre-la-montre. Malgr\u00e9 sa contre-performance, le coureur slov\u00e8ne r\u00e9cup\u00e8re une place au classement g\u00e9n\u00e9ral, mais figure d\u00e9sormais derri\u00e8re <strong style=\"font-weight: 400;\">Remco Evenepoel<\/strong> et <strong style=\"font-weight: 400;\">Jonas Vingegaard<\/strong> qui poss\u00e8dent respectivement 38 et 22 secondes d\u2019avance sur <b>Tadej Poga\u010dar<\/b>.<\/p>\n<blockquote class=\"twitter-tweet\">\n<p dir=\"ltr\" lang=\"fr\">\ud83c\udf08 Quel chrono de <a href=\"https:\/\/twitter.com\/EvenepoelRemco?ref_src=twsrc%5Etfw\">@EvenepoelRemco<\/a> ! Il prend la t\u00eate provisoire de ce contre-la-montre ! \ud83d\udcaa<br \/>\n\u23f1 20&rsquo;50\u00a0\u00bb (50,1 km\/h)<\/p>\n<p>\ud83c\udf08 What a performance from <a href=\"https:\/\/twitter.com\/EvenepoelRemco?ref_src=twsrc%5Etfw\">@EvenepoelRemco<\/a>! He takes the provisional lead in this ITT! \ud83d\udcaa<br \/>\n\u23f1 20&rsquo;50\u00a0\u00bb (50,1 km\/h)<a href=\"https:\/\/twitter.com\/hashtag\/Dauphin%C3%A9?src=hash&amp;ref_src=twsrc%5Etfw\">#Dauphin\u00e9<\/a> <a href=\"https:\/\/t.co\/xG6sgkkZ62\">pic.twitter.com\/xG6sgkkZ62<\/a><\/p>\n<p>\u2014 Crit\u00e9rium du Dauphin\u00e9 (@dauphine) <a href=\"https:\/\/twitter.com\/dauphine\/status\/1932815104984121573?ref_src=twsrc%5Etfw\">June 11, 2025<\/a><\/p><\/blockquote>\n<p style=\"text-align: justify;\"><script async src=\"https:\/\/platform.twitter.com\/widgets.js\" charset=\"utf-8\"><\/script><\/p>\n<p style=\"font-weight: 400; text-align: justify;\">C\u00f4t\u00e9 fran\u00e7ais, la meilleure performance est \u00e0 remettre \u00e0 l\u2019actif de <strong>R\u00e9mi Cavagna<\/strong> (Groupama-FDJ) qui a longtemps d\u00e9tenu le temps de r\u00e9f\u00e9rence. Apr\u00e8s le passage des favoris au classement g\u00e9n\u00e9ral, le coureur auvergnat se classe finalement \u00e0 la 7<sup>\u00e8me<\/sup> place, devant un impressionnant <strong>Paul Seixas<\/strong> (Decathlon AG2R La Mondiale Team) qui cl\u00f4t le top 10 de ce contre-la-montre.<\/p>\n<ul>\n<li style=\"text-align: justify;\"><strong>\u00c0 ce sujet \u2013\u00a0<a href=\"https:\/\/dicodusport.fr\/blog\/classement-general-criterium-du-dauphine-2025\/\">Classement g\u00e9n\u00e9ral Crit\u00e9rium du Dauphin\u00e9 2025<\/a><\/strong><\/li>\n<\/ul>\n","protected":false},"excerpt":{"rendered":"<p>CRITERIUM DU DAUPHIN\u00c9 2025 &#8211; Entre Charmes-sur-Rh\u00f4ne et Saint-P\u00e9ray, Remco Evenepoel (Soudal Quick-Step) s\u2019est montr\u00e9 le plus fort sur ce contre-la-montre de 17,4 km. Le coureur belge devance Jonas Vingegaard (Team Visma Lease a Bike) et s\u2019empare de la t\u00eate du classement g\u00e9n\u00e9ral.<\/p>\n","protected":false},"author":107,"featured_media":585965,"comment_status":"open","ping_status":"closed","sticky":false,"template":"","format":"standard","meta":{"_acf_changed":false,"_daextam_enable_autolinks":"1","footnotes":""},"categories":[46994],"tags":[16878,8057,24],"class_list":["post-585927","post","type-post","status-publish","format-standard","has-post-thumbnail","hentry","category-cyclisme-sur-route","tag-breve","tag-criterium-du-dauphine","tag-sport"],"acf":[],"yoast_head":"<!-- This site is optimized with the Yoast SEO Premium plugin v26.7 (Yoast SEO v26.7) - https:\/\/yoast.com\/wordpress\/plugins\/seo\/ -->\n<title>Crit\u00e9rium du Dauphin\u00e9 2025 : Remco Evenepoel fait coup double sur le contre-la-montre de la 4\u00e8me \u00e9tape<\/title>\n<meta name=\"description\" content=\"Sur le contre-la-montre de la 4\u00e8me \u00e9tape du Crit\u00e9rium du Dauphin\u00e9, Remco Evenepoel (Soudal Quick-Step) s\u2019est montr\u00e9 le plus fort et prend le maillot jaune.\" \/>\n<meta name=\"robots\" content=\"index, follow, max-snippet:-1, max-image-preview:large, max-video-preview:-1\" \/>\n<link rel=\"canonical\" href=\"https:\/\/dicodusport.fr\/blog\/criterium-du-dauphine-2025-remco-evenepoel-fait-coup-double-sur-le-contre-la-montre-de-la-4eme-etape\/\" \/>\n<meta property=\"og:locale\" content=\"fr_FR\" \/>\n<meta property=\"og:type\" content=\"article\" \/>\n<meta property=\"og:title\" content=\"Crit\u00e9rium du Dauphin\u00e9 2025 : Remco Evenepoel fait coup double sur le contre-la-montre de la 4\u00e8me \u00e9tape\" \/>\n<meta property=\"og:description\" content=\"Sur le contre-la-montre de la 4\u00e8me \u00e9tape du Crit\u00e9rium du Dauphin\u00e9, Remco Evenepoel (Soudal Quick-Step) s\u2019est montr\u00e9 le plus fort et prend le maillot jaune.\" \/>\n<meta property=\"og:url\" content=\"https:\/\/dicodusport.fr\/blog\/criterium-du-dauphine-2025-remco-evenepoel-fait-coup-double-sur-le-contre-la-montre-de-la-4eme-etape\/\" \/>\n<meta property=\"og:site_name\" content=\"Dicodusport\" \/>\n<meta property=\"article:publisher\" content=\"https:\/\/www.facebook.com\/dicodusport\" \/>\n<meta property=\"article:published_time\" content=\"2025-06-11T15:12:39+00:00\" \/>\n<meta property=\"article:modified_time\" content=\"2025-06-11T17:25:36+00:00\" \/>\n<meta property=\"og:image\" content=\"https:\/\/dicodusport.fr\/blog\/wp-content\/uploads\/2025\/06\/Criterium-du-Dauphine-2025-Remco-Evenepoel-fait-coup-double-sur-le-contre-la-montre-de-la-4eme-etape-2.png\" \/>\n\t<meta property=\"og:image:width\" content=\"1200\" \/>\n\t<meta property=\"og:image:height\" content=\"674\" \/>\n\t<meta property=\"og:image:type\" content=\"image\/png\" \/>\n<meta name=\"author\" content=\"Th\u00e9o Gripon Auer\" \/>\n<meta name=\"twitter:card\" content=\"summary_large_image\" \/>\n<meta name=\"twitter:title\" content=\"Crit\u00e9rium du Dauphin\u00e9 2025 : Remco Evenepoel fait coup double sur le contre-la-montre de la 4\u00e8me \u00e9tape\" \/>\n<meta name=\"twitter:creator\" content=\"@dicodusport\" \/>\n<meta name=\"twitter:site\" content=\"@dicodusport\" \/>\n<script type=\"application\/ld+json\" class=\"yoast-schema-graph\">{\"@context\":\"https:\/\/schema.org\",\"@graph\":[{\"@type\":\"NewsArticle\",\"@id\":\"https:\/\/dicodusport.fr\/blog\/criterium-du-dauphine-2025-remco-evenepoel-fait-coup-double-sur-le-contre-la-montre-de-la-4eme-etape\/#article\",\"isPartOf\":{\"@id\":\"https:\/\/dicodusport.fr\/blog\/criterium-du-dauphine-2025-remco-evenepoel-fait-coup-double-sur-le-contre-la-montre-de-la-4eme-etape\/\"},\"author\":{\"name\":\"Th\u00e9o Gripon Auer\",\"@id\":\"https:\/\/dicodusport.fr\/blog\/#\/schema\/person\/c0d35c220c4e79773da9e19a595ab67c\"},\"headline\":\"Crit\u00e9rium du Dauphin\u00e9 2025 : Remco Evenepoel fait coup double sur le contre-la-montre de la 4\u00e8me \u00e9tape\",\"datePublished\":\"2025-06-11T15:12:39+00:00\",\"dateModified\":\"2025-06-11T17:25:36+00:00\",\"mainEntityOfPage\":{\"@id\":\"https:\/\/dicodusport.fr\/blog\/criterium-du-dauphine-2025-remco-evenepoel-fait-coup-double-sur-le-contre-la-montre-de-la-4eme-etape\/\"},\"wordCount\":512,\"commentCount\":0,\"publisher\":{\"@id\":\"https:\/\/dicodusport.fr\/blog\/#organization\"},\"image\":{\"@id\":\"https:\/\/dicodusport.fr\/blog\/criterium-du-dauphine-2025-remco-evenepoel-fait-coup-double-sur-le-contre-la-montre-de-la-4eme-etape\/#primaryimage\"},\"thumbnailUrl\":\"https:\/\/dicodusport.fr\/blog\/wp-content\/uploads\/2025\/06\/Criterium-du-Dauphine-2025-Remco-Evenepoel-fait-coup-double-sur-le-contre-la-montre-de-la-4eme-etape-2.png\",\"keywords\":[\"br\u00e8ve\",\"Crit\u00e9rium du Dauphin\u00e9\",\"sport\"],\"articleSection\":[\"Cyclisme sur route\"],\"inLanguage\":\"fr-FR\",\"potentialAction\":[{\"@type\":\"CommentAction\",\"name\":\"Comment\",\"target\":[\"https:\/\/dicodusport.fr\/blog\/criterium-du-dauphine-2025-remco-evenepoel-fait-coup-double-sur-le-contre-la-montre-de-la-4eme-etape\/#respond\"]}],\"copyrightYear\":\"2025\",\"copyrightHolder\":{\"@id\":\"https:\/\/dicodusport.fr\/blog\/#organization\"}},{\"@type\":\"WebPage\",\"@id\":\"https:\/\/dicodusport.fr\/blog\/criterium-du-dauphine-2025-remco-evenepoel-fait-coup-double-sur-le-contre-la-montre-de-la-4eme-etape\/\",\"url\":\"https:\/\/dicodusport.fr\/blog\/criterium-du-dauphine-2025-remco-evenepoel-fait-coup-double-sur-le-contre-la-montre-de-la-4eme-etape\/\",\"name\":\"Crit\u00e9rium du Dauphin\u00e9 2025 : Remco Evenepoel fait coup double sur le contre-la-montre de la 4\u00e8me \u00e9tape\",\"isPartOf\":{\"@id\":\"https:\/\/dicodusport.fr\/blog\/#website\"},\"primaryImageOfPage\":{\"@id\":\"https:\/\/dicodusport.fr\/blog\/criterium-du-dauphine-2025-remco-evenepoel-fait-coup-double-sur-le-contre-la-montre-de-la-4eme-etape\/#primaryimage\"},\"image\":{\"@id\":\"https:\/\/dicodusport.fr\/blog\/criterium-du-dauphine-2025-remco-evenepoel-fait-coup-double-sur-le-contre-la-montre-de-la-4eme-etape\/#primaryimage\"},\"thumbnailUrl\":\"https:\/\/dicodusport.fr\/blog\/wp-content\/uploads\/2025\/06\/Criterium-du-Dauphine-2025-Remco-Evenepoel-fait-coup-double-sur-le-contre-la-montre-de-la-4eme-etape-2.png\",\"datePublished\":\"2025-06-11T15:12:39+00:00\",\"dateModified\":\"2025-06-11T17:25:36+00:00\",\"description\":\"Sur le contre-la-montre de la 4\u00e8me \u00e9tape du Crit\u00e9rium du Dauphin\u00e9, Remco Evenepoel (Soudal Quick-Step) s\u2019est montr\u00e9 le plus fort et prend le maillot jaune.\",\"breadcrumb\":{\"@id\":\"https:\/\/dicodusport.fr\/blog\/criterium-du-dauphine-2025-remco-evenepoel-fait-coup-double-sur-le-contre-la-montre-de-la-4eme-etape\/#breadcrumb\"},\"inLanguage\":\"fr-FR\",\"potentialAction\":[{\"@type\":\"ReadAction\",\"target\":[\"https:\/\/dicodusport.fr\/blog\/criterium-du-dauphine-2025-remco-evenepoel-fait-coup-double-sur-le-contre-la-montre-de-la-4eme-etape\/\"]}]},{\"@type\":\"ImageObject\",\"inLanguage\":\"fr-FR\",\"@id\":\"https:\/\/dicodusport.fr\/blog\/criterium-du-dauphine-2025-remco-evenepoel-fait-coup-double-sur-le-contre-la-montre-de-la-4eme-etape\/#primaryimage\",\"url\":\"https:\/\/dicodusport.fr\/blog\/wp-content\/uploads\/2025\/06\/Criterium-du-Dauphine-2025-Remco-Evenepoel-fait-coup-double-sur-le-contre-la-montre-de-la-4eme-etape-2.png\",\"contentUrl\":\"https:\/\/dicodusport.fr\/blog\/wp-content\/uploads\/2025\/06\/Criterium-du-Dauphine-2025-Remco-Evenepoel-fait-coup-double-sur-le-contre-la-montre-de-la-4eme-etape-2.png\",\"width\":1200,\"height\":674,\"caption\":\"Crit\u00e9rium du Dauphin\u00e9 2025 Remco Evenepoel fait coup double sur le contre-la-montre de la 4\u00e8me \u00e9tape\"},{\"@type\":\"BreadcrumbList\",\"@id\":\"https:\/\/dicodusport.fr\/blog\/criterium-du-dauphine-2025-remco-evenepoel-fait-coup-double-sur-le-contre-la-montre-de-la-4eme-etape\/#breadcrumb\",\"itemListElement\":[{\"@type\":\"ListItem\",\"position\":1,\"name\":\"Accueil\",\"item\":\"https:\/\/dicodusport.fr\/blog\/\"},{\"@type\":\"ListItem\",\"position\":2,\"name\":\"Crit\u00e9rium du Dauphin\u00e9 2025 : Remco Evenepoel fait coup double sur le contre-la-montre de la 4\u00e8me \u00e9tape\"}]},{\"@type\":\"WebSite\",\"@id\":\"https:\/\/dicodusport.fr\/blog\/#website\",\"url\":\"https:\/\/dicodusport.fr\/blog\/\",\"name\":\"Dicodusport\",\"description\":\"L&#039;encyclop\u00e9die de l&#039;actualit\u00e9 sportive\",\"publisher\":{\"@id\":\"https:\/\/dicodusport.fr\/blog\/#organization\"},\"potentialAction\":[{\"@type\":\"SearchAction\",\"target\":{\"@type\":\"EntryPoint\",\"urlTemplate\":\"https:\/\/dicodusport.fr\/blog\/?s={search_term_string}\"},\"query-input\":{\"@type\":\"PropertyValueSpecification\",\"valueRequired\":true,\"valueName\":\"search_term_string\"}}],\"inLanguage\":\"fr-FR\"},{\"@type\":\"NewsMediaOrganization\",\"@id\":\"https:\/\/dicodusport.fr\/blog\/#organization\",\"name\":\"Dicodusport\",\"url\":\"https:\/\/dicodusport.fr\/blog\/\",\"logo\":{\"@type\":\"ImageObject\",\"inLanguage\":\"fr-FR\",\"@id\":\"https:\/\/dicodusport.fr\/blog\/#\/schema\/logo\/image\/\",\"url\":\"https:\/\/dicodusport.fr\/blog\/wp-content\/uploads\/2020\/06\/cropped-LOGO-DICODUSPORT-2020-SANS-FOND-SANS-TEXTE.png\",\"contentUrl\":\"https:\/\/dicodusport.fr\/blog\/wp-content\/uploads\/2020\/06\/cropped-LOGO-DICODUSPORT-2020-SANS-FOND-SANS-TEXTE.png\",\"width\":512,\"height\":512,\"caption\":\"Dicodusport\"},\"image\":{\"@id\":\"https:\/\/dicodusport.fr\/blog\/#\/schema\/logo\/image\/\"},\"sameAs\":[\"https:\/\/www.facebook.com\/dicodusport\",\"https:\/\/x.com\/dicodusport\",\"https:\/\/www.instagram.com\/dicodusport\/\",\"https:\/\/www.youtube.com\/channel\/UC7V2KZ5sd3htJivAbA4ZG3w\"],\"description\":\"Dicodusport est l'encyclop\u00e9die de l'actualit\u00e9 sportive.\",\"email\":\"bonjour@dicodusport.fr\",\"legalName\":\"DICODUSPORT\",\"foundingDate\":\"2018-01-14\",\"vatID\":\"FR71834470973\",\"taxID\":\"83447097300043\",\"numberOfEmployees\":{\"@type\":\"QuantitativeValue\",\"minValue\":\"1\",\"maxValue\":\"10\"}},{\"@type\":\"Person\",\"@id\":\"https:\/\/dicodusport.fr\/blog\/#\/schema\/person\/c0d35c220c4e79773da9e19a595ab67c\",\"name\":\"Th\u00e9o Gripon Auer\",\"image\":{\"@type\":\"ImageObject\",\"inLanguage\":\"fr-FR\",\"@id\":\"https:\/\/dicodusport.fr\/blog\/#\/schema\/person\/image\/\",\"url\":\"https:\/\/dicodusport.fr\/blog\/wp-content\/uploads\/2025\/02\/Maillot-Dicodusport-Theo-150x150.png\",\"contentUrl\":\"https:\/\/dicodusport.fr\/blog\/wp-content\/uploads\/2025\/02\/Maillot-Dicodusport-Theo-150x150.png\",\"caption\":\"Th\u00e9o Gripon Auer\"},\"description\":\"Partag\u00e9 entre la passion du sport et celle de l\u2019\u00e9criture, je f\u00e9d\u00e8re les deux au service de Dicodusport. Un poil frustr\u00e9 de ne pas avoir r\u00e9ussi \u00e0 devenir sportif pro, alors que je ne me suis jamais fait les crois\u00e9s, je partage tout de m\u00eame un point commun avec Tadej Pogacar, Cristiano Ronaldo et John McEnroe : celui de n\u2019avoir jamais \u00e9t\u00e9 champion olympique.\",\"url\":\"https:\/\/dicodusport.fr\/blog\/author\/theo-gripon-auer\/\"}]}<\/script>\n<!-- \/ Yoast SEO Premium plugin. -->","yoast_head_json":{"title":"Crit\u00e9rium du Dauphin\u00e9 2025 : Remco Evenepoel fait coup double sur le contre-la-montre de la 4\u00e8me \u00e9tape","description":"Sur le contre-la-montre de la 4\u00e8me \u00e9tape du Crit\u00e9rium du Dauphin\u00e9, Remco Evenepoel (Soudal Quick-Step) s\u2019est montr\u00e9 le plus fort et prend le maillot jaune.","robots":{"index":"index","follow":"follow","max-snippet":"max-snippet:-1","max-image-preview":"max-image-preview:large","max-video-preview":"max-video-preview:-1"},"canonical":"https:\/\/dicodusport.fr\/blog\/criterium-du-dauphine-2025-remco-evenepoel-fait-coup-double-sur-le-contre-la-montre-de-la-4eme-etape\/","og_locale":"fr_FR","og_type":"article","og_title":"Crit\u00e9rium du Dauphin\u00e9 2025 : Remco Evenepoel fait coup double sur le contre-la-montre de la 4\u00e8me \u00e9tape","og_description":"Sur le contre-la-montre de la 4\u00e8me \u00e9tape du Crit\u00e9rium du Dauphin\u00e9, Remco Evenepoel (Soudal Quick-Step) s\u2019est montr\u00e9 le plus fort et prend le maillot jaune.","og_url":"https:\/\/dicodusport.fr\/blog\/criterium-du-dauphine-2025-remco-evenepoel-fait-coup-double-sur-le-contre-la-montre-de-la-4eme-etape\/","og_site_name":"Dicodusport","article_publisher":"https:\/\/www.facebook.com\/dicodusport","article_published_time":"2025-06-11T15:12:39+00:00","article_modified_time":"2025-06-11T17:25:36+00:00","og_image":[{"width":1200,"height":674,"url":"https:\/\/dicodusport.fr\/blog\/wp-content\/uploads\/2025\/06\/Criterium-du-Dauphine-2025-Remco-Evenepoel-fait-coup-double-sur-le-contre-la-montre-de-la-4eme-etape-2.png","type":"image\/png"}],"author":"Th\u00e9o Gripon Auer","twitter_card":"summary_large_image","twitter_title":"Crit\u00e9rium du Dauphin\u00e9 2025 : Remco Evenepoel fait coup double sur le contre-la-montre de la 4\u00e8me \u00e9tape","twitter_creator":"@dicodusport","twitter_site":"@dicodusport","schema":{"@context":"https:\/\/schema.org","@graph":[{"@type":"NewsArticle","@id":"https:\/\/dicodusport.fr\/blog\/criterium-du-dauphine-2025-remco-evenepoel-fait-coup-double-sur-le-contre-la-montre-de-la-4eme-etape\/#article","isPartOf":{"@id":"https:\/\/dicodusport.fr\/blog\/criterium-du-dauphine-2025-remco-evenepoel-fait-coup-double-sur-le-contre-la-montre-de-la-4eme-etape\/"},"author":{"name":"Th\u00e9o Gripon Auer","@id":"https:\/\/dicodusport.fr\/blog\/#\/schema\/person\/c0d35c220c4e79773da9e19a595ab67c"},"headline":"Crit\u00e9rium du Dauphin\u00e9 2025 : Remco Evenepoel fait coup double sur le contre-la-montre de la 4\u00e8me \u00e9tape","datePublished":"2025-06-11T15:12:39+00:00","dateModified":"2025-06-11T17:25:36+00:00","mainEntityOfPage":{"@id":"https:\/\/dicodusport.fr\/blog\/criterium-du-dauphine-2025-remco-evenepoel-fait-coup-double-sur-le-contre-la-montre-de-la-4eme-etape\/"},"wordCount":512,"commentCount":0,"publisher":{"@id":"https:\/\/dicodusport.fr\/blog\/#organization"},"image":{"@id":"https:\/\/dicodusport.fr\/blog\/criterium-du-dauphine-2025-remco-evenepoel-fait-coup-double-sur-le-contre-la-montre-de-la-4eme-etape\/#primaryimage"},"thumbnailUrl":"https:\/\/dicodusport.fr\/blog\/wp-content\/uploads\/2025\/06\/Criterium-du-Dauphine-2025-Remco-Evenepoel-fait-coup-double-sur-le-contre-la-montre-de-la-4eme-etape-2.png","keywords":["br\u00e8ve","Crit\u00e9rium du Dauphin\u00e9","sport"],"articleSection":["Cyclisme sur route"],"inLanguage":"fr-FR","potentialAction":[{"@type":"CommentAction","name":"Comment","target":["https:\/\/dicodusport.fr\/blog\/criterium-du-dauphine-2025-remco-evenepoel-fait-coup-double-sur-le-contre-la-montre-de-la-4eme-etape\/#respond"]}],"copyrightYear":"2025","copyrightHolder":{"@id":"https:\/\/dicodusport.fr\/blog\/#organization"}},{"@type":"WebPage","@id":"https:\/\/dicodusport.fr\/blog\/criterium-du-dauphine-2025-remco-evenepoel-fait-coup-double-sur-le-contre-la-montre-de-la-4eme-etape\/","url":"https:\/\/dicodusport.fr\/blog\/criterium-du-dauphine-2025-remco-evenepoel-fait-coup-double-sur-le-contre-la-montre-de-la-4eme-etape\/","name":"Crit\u00e9rium du Dauphin\u00e9 2025 : Remco Evenepoel fait coup double sur le contre-la-montre de la 4\u00e8me \u00e9tape","isPartOf":{"@id":"https:\/\/dicodusport.fr\/blog\/#website"},"primaryImageOfPage":{"@id":"https:\/\/dicodusport.fr\/blog\/criterium-du-dauphine-2025-remco-evenepoel-fait-coup-double-sur-le-contre-la-montre-de-la-4eme-etape\/#primaryimage"},"image":{"@id":"https:\/\/dicodusport.fr\/blog\/criterium-du-dauphine-2025-remco-evenepoel-fait-coup-double-sur-le-contre-la-montre-de-la-4eme-etape\/#primaryimage"},"thumbnailUrl":"https:\/\/dicodusport.fr\/blog\/wp-content\/uploads\/2025\/06\/Criterium-du-Dauphine-2025-Remco-Evenepoel-fait-coup-double-sur-le-contre-la-montre-de-la-4eme-etape-2.png","datePublished":"2025-06-11T15:12:39+00:00","dateModified":"2025-06-11T17:25:36+00:00","description":"Sur le contre-la-montre de la 4\u00e8me \u00e9tape du Crit\u00e9rium du Dauphin\u00e9, Remco Evenepoel (Soudal Quick-Step) s\u2019est montr\u00e9 le plus fort et prend le maillot jaune.","breadcrumb":{"@id":"https:\/\/dicodusport.fr\/blog\/criterium-du-dauphine-2025-remco-evenepoel-fait-coup-double-sur-le-contre-la-montre-de-la-4eme-etape\/#breadcrumb"},"inLanguage":"fr-FR","potentialAction":[{"@type":"ReadAction","target":["https:\/\/dicodusport.fr\/blog\/criterium-du-dauphine-2025-remco-evenepoel-fait-coup-double-sur-le-contre-la-montre-de-la-4eme-etape\/"]}]},{"@type":"ImageObject","inLanguage":"fr-FR","@id":"https:\/\/dicodusport.fr\/blog\/criterium-du-dauphine-2025-remco-evenepoel-fait-coup-double-sur-le-contre-la-montre-de-la-4eme-etape\/#primaryimage","url":"https:\/\/dicodusport.fr\/blog\/wp-content\/uploads\/2025\/06\/Criterium-du-Dauphine-2025-Remco-Evenepoel-fait-coup-double-sur-le-contre-la-montre-de-la-4eme-etape-2.png","contentUrl":"https:\/\/dicodusport.fr\/blog\/wp-content\/uploads\/2025\/06\/Criterium-du-Dauphine-2025-Remco-Evenepoel-fait-coup-double-sur-le-contre-la-montre-de-la-4eme-etape-2.png","width":1200,"height":674,"caption":"Crit\u00e9rium du Dauphin\u00e9 2025 Remco Evenepoel fait coup double sur le contre-la-montre de la 4\u00e8me \u00e9tape"},{"@type":"BreadcrumbList","@id":"https:\/\/dicodusport.fr\/blog\/criterium-du-dauphine-2025-remco-evenepoel-fait-coup-double-sur-le-contre-la-montre-de-la-4eme-etape\/#breadcrumb","itemListElement":[{"@type":"ListItem","position":1,"name":"Accueil","item":"https:\/\/dicodusport.fr\/blog\/"},{"@type":"ListItem","position":2,"name":"Crit\u00e9rium du Dauphin\u00e9 2025 : Remco Evenepoel fait coup double sur le contre-la-montre de la 4\u00e8me \u00e9tape"}]},{"@type":"WebSite","@id":"https:\/\/dicodusport.fr\/blog\/#website","url":"https:\/\/dicodusport.fr\/blog\/","name":"Dicodusport","description":"L&#039;encyclop\u00e9die de l&#039;actualit\u00e9 sportive","publisher":{"@id":"https:\/\/dicodusport.fr\/blog\/#organization"},"potentialAction":[{"@type":"SearchAction","target":{"@type":"EntryPoint","urlTemplate":"https:\/\/dicodusport.fr\/blog\/?s={search_term_string}"},"query-input":{"@type":"PropertyValueSpecification","valueRequired":true,"valueName":"search_term_string"}}],"inLanguage":"fr-FR"},{"@type":"NewsMediaOrganization","@id":"https:\/\/dicodusport.fr\/blog\/#organization","name":"Dicodusport","url":"https:\/\/dicodusport.fr\/blog\/","logo":{"@type":"ImageObject","inLanguage":"fr-FR","@id":"https:\/\/dicodusport.fr\/blog\/#\/schema\/logo\/image\/","url":"https:\/\/dicodusport.fr\/blog\/wp-content\/uploads\/2020\/06\/cropped-LOGO-DICODUSPORT-2020-SANS-FOND-SANS-TEXTE.png","contentUrl":"https:\/\/dicodusport.fr\/blog\/wp-content\/uploads\/2020\/06\/cropped-LOGO-DICODUSPORT-2020-SANS-FOND-SANS-TEXTE.png","width":512,"height":512,"caption":"Dicodusport"},"image":{"@id":"https:\/\/dicodusport.fr\/blog\/#\/schema\/logo\/image\/"},"sameAs":["https:\/\/www.facebook.com\/dicodusport","https:\/\/x.com\/dicodusport","https:\/\/www.instagram.com\/dicodusport\/","https:\/\/www.youtube.com\/channel\/UC7V2KZ5sd3htJivAbA4ZG3w"],"description":"Dicodusport est l'encyclop\u00e9die de l'actualit\u00e9 sportive.","email":"bonjour@dicodusport.fr","legalName":"DICODUSPORT","foundingDate":"2018-01-14","vatID":"FR71834470973","taxID":"83447097300043","numberOfEmployees":{"@type":"QuantitativeValue","minValue":"1","maxValue":"10"}},{"@type":"Person","@id":"https:\/\/dicodusport.fr\/blog\/#\/schema\/person\/c0d35c220c4e79773da9e19a595ab67c","name":"Th\u00e9o Gripon Auer","image":{"@type":"ImageObject","inLanguage":"fr-FR","@id":"https:\/\/dicodusport.fr\/blog\/#\/schema\/person\/image\/","url":"https:\/\/dicodusport.fr\/blog\/wp-content\/uploads\/2025\/02\/Maillot-Dicodusport-Theo-150x150.png","contentUrl":"https:\/\/dicodusport.fr\/blog\/wp-content\/uploads\/2025\/02\/Maillot-Dicodusport-Theo-150x150.png","caption":"Th\u00e9o Gripon Auer"},"description":"Partag\u00e9 entre la passion du sport et celle de l\u2019\u00e9criture, je f\u00e9d\u00e8re les deux au service de Dicodusport. Un poil frustr\u00e9 de ne pas avoir r\u00e9ussi \u00e0 devenir sportif pro, alors que je ne me suis jamais fait les crois\u00e9s, je partage tout de m\u00eame un point commun avec Tadej Pogacar, Cristiano Ronaldo et John McEnroe : celui de n\u2019avoir jamais \u00e9t\u00e9 champion olympique.","url":"https:\/\/dicodusport.fr\/blog\/author\/theo-gripon-auer\/"}]}},"_links":{"self":[{"href":"https:\/\/dicodusport.fr\/blog\/wp-json\/wp\/v2\/posts\/585927","targetHints":{"allow":["GET"]}}],"collection":[{"href":"https:\/\/dicodusport.fr\/blog\/wp-json\/wp\/v2\/posts"}],"about":[{"href":"https:\/\/dicodusport.fr\/blog\/wp-json\/wp\/v2\/types\/post"}],"author":[{"embeddable":true,"href":"https:\/\/dicodusport.fr\/blog\/wp-json\/wp\/v2\/users\/107"}],"replies":[{"embeddable":true,"href":"https:\/\/dicodusport.fr\/blog\/wp-json\/wp\/v2\/comments?post=585927"}],"version-history":[{"count":5,"href":"https:\/\/dicodusport.fr\/blog\/wp-json\/wp\/v2\/posts\/585927\/revisions"}],"predecessor-version":[{"id":585963,"href":"https:\/\/dicodusport.fr\/blog\/wp-json\/wp\/v2\/posts\/585927\/revisions\/585963"}],"wp:featuredmedia":[{"embeddable":true,"href":"https:\/\/dicodusport.fr\/blog\/wp-json\/wp\/v2\/media\/585965"}],"wp:attachment":[{"href":"https:\/\/dicodusport.fr\/blog\/wp-json\/wp\/v2\/media?parent=585927"}],"wp:term":[{"taxonomy":"category","embeddable":true,"href":"https:\/\/dicodusport.fr\/blog\/wp-json\/wp\/v2\/categories?post=585927"},{"taxonomy":"post_tag","embeddable":true,"href":"https:\/\/dicodusport.fr\/blog\/wp-json\/wp\/v2\/tags?post=585927"}],"curies":[{"name":"wp","href":"https:\/\/api.w.org\/{rel}","templated":true}]}}