{"id":586105,"date":"2025-06-12T14:25:30","date_gmt":"2025-06-12T12:25:30","guid":{"rendered":"https:\/\/dicodusport.fr\/blog\/?p=586105&#038;preview=true&#038;preview_id=586105"},"modified":"2025-06-12T14:37:36","modified_gmt":"2025-06-12T12:37:36","slug":"transferts-psg-paris-a-tranche-pour-lavenir-de-bradley-barcola","status":"publish","type":"post","link":"https:\/\/dicodusport.fr\/blog\/transferts-psg-paris-a-tranche-pour-lavenir-de-bradley-barcola\/","title":{"rendered":"Transferts PSG : Paris a tranch\u00e9 pour l&rsquo;avenir de Bradley Barcola"},"content":{"rendered":"<p style=\"text-align: justify;\"><em><strong>TRANSFERTS PSG &#8211; Selon <a href=\"https:\/\/www.footmercato.net\/a1415448663877120606-le-psg-ferme-la-porte-a-double-tour-pour-bradley-barcola\">Foot Mercato<\/a>, le Paris Saint-Germain veut garder Bradley Barcola \u00e0 tout prix cet \u00e9t\u00e9 malgr\u00e9 des approches de plusieurs clubs.<\/strong><\/em><\/p>\n<p style=\"text-align: justify;\"><strong>Bradley Barcola<\/strong> a connu une saison en deux temps. Il a d&rsquo;abord \u00e9t\u00e9 tr\u00e8s important dans la premi\u00e8re partie de la saison, et notamment pour la qualification en phase finale de Ligue des champions. L&rsquo;arriv\u00e9e de <strong>Khvicha<\/strong> <strong>Kvaratskhelia<\/strong> et l&rsquo;\u00e9closion de <strong>D\u00e9sir\u00e9<\/strong> <strong>Dou\u00e9<\/strong> lui ont offert moins de temps de jeu apr\u00e8s janvier, mais il a encore \u00e9t\u00e9 d\u00e9cisif \u00e0 quelques occasions.<\/p>\n<div class=\"vlp-link-container vlp-layout-article\"><a href=\"https:\/\/dicodusport.fr\/blog\/transferts-psg-bradley-barcola-priorite-dun-cador-de-bundesliga\/\" class=\"vlp-link\" title=\"Transferts PSG : Bradley Barcola priorit\u00e9 d&#039;un cador de Bundesliga\"><\/a><div class=\"vlp-layout-zone-side\"><div class=\"vlp-block-4 vlp-link-image\"><img loading=\"lazy\" decoding=\"async\" style=\"max-width: 792px;\" width=\"792\" height=\"445\" src=\"https:\/\/dicodusport.fr\/blog\/wp-content\/uploads\/2025\/06\/Transferts-PSG-Bradley-Barcola-priorite-dun-cador-de-Bundesliga.png\" class=\"attachment-800x445 size-800x445\" alt=\"Transferts PSG Bradley Barcola priorit\u00e9 d&#039;un cador de Bundesliga\" srcset=\"https:\/\/dicodusport.fr\/blog\/wp-content\/uploads\/2025\/06\/Transferts-PSG-Bradley-Barcola-priorite-dun-cador-de-Bundesliga.png 1200w, https:\/\/dicodusport.fr\/blog\/wp-content\/uploads\/2025\/06\/Transferts-PSG-Bradley-Barcola-priorite-dun-cador-de-Bundesliga-300x169.png 300w, https:\/\/dicodusport.fr\/blog\/wp-content\/uploads\/2025\/06\/Transferts-PSG-Bradley-Barcola-priorite-dun-cador-de-Bundesliga-1024x575.png 1024w, https:\/\/dicodusport.fr\/blog\/wp-content\/uploads\/2025\/06\/Transferts-PSG-Bradley-Barcola-priorite-dun-cador-de-Bundesliga-768x431.png 768w\" sizes=\"auto, (max-width: 792px) 100vw, 792px\" \/><\/div><\/div><div class=\"vlp-layout-zone-main\"><div class=\"vlp-block-0 vlp-link-title\">Transferts PSG : Bradley Barcola priorit\u00e9 d'un cador de Bundesliga<\/div><div class=\"vlp-block-1 vlp-link-summary\">TRANSFERTS PSG - Selon Florian Plettenberg, Bradley Barcola est la priorit\u00e9 du Bayern Munich, qui cherche activement un ailier.\u00a0<\/div><div class=\"vlp-block-2 vlp-link-button\">Lire l'article<\/div><div class=\"vlp-block-3 vlp-link-url\">dicodusport.fr<\/div><\/div><\/div>\n<h2 style=\"text-align: justify;\">Bradley Barcola va rester au PSG<\/h2>\n<p style=\"text-align: justify;\">Alors qu&rsquo;il a \u00e9t\u00e9 d\u00e9cisif \u00e0 40 reprises cette saison &#8211; 21 buts et 19 passes d\u00e9cisives &#8211; en 58 matchs, il attire les convoitises des plus grands clubs europ\u00e9ens. <strong>Liverpool<\/strong> et le <strong>Bayern<\/strong> <strong>Munich<\/strong> sont tr\u00e8s int\u00e9ress\u00e9s par son profil et seraient pr\u00eats \u00e0 casser leur tirelire pour le recruter. Sa valeur marchande est estim\u00e9e \u00e0 70 millions d&rsquo;euros, alors qu&rsquo;il est sous contrat jusqu&rsquo;en juin 2028.<\/p>\n<div class=\"vlp-link-container vlp-layout-article\"><a href=\"https:\/\/dicodusport.fr\/blog\/transferts-psg-bradley-barcola-dans-le-viseur-dun-geant-de-premier-league\/\" class=\"vlp-link\" title=\"Transferts PSG : Bradley Barcola dans le viseur d&#039;un g\u00e9ant de Premier League\"><\/a><div class=\"vlp-layout-zone-side\"><div class=\"vlp-block-4 vlp-link-image\"><img loading=\"lazy\" decoding=\"async\" style=\"max-width: 792px;\" width=\"792\" height=\"445\" src=\"https:\/\/dicodusport.fr\/blog\/wp-content\/uploads\/2025\/06\/Transferts-PSG-Bradley-Barcola-dans-le-viseur-dun-geant-de-Premier-League.png\" class=\"attachment-800x445 size-800x445\" alt=\"Transferts PSG Bradley Barcola dans le viseur d&#039;un g\u00e9ant de Premier League\" srcset=\"https:\/\/dicodusport.fr\/blog\/wp-content\/uploads\/2025\/06\/Transferts-PSG-Bradley-Barcola-dans-le-viseur-dun-geant-de-Premier-League.png 1200w, https:\/\/dicodusport.fr\/blog\/wp-content\/uploads\/2025\/06\/Transferts-PSG-Bradley-Barcola-dans-le-viseur-dun-geant-de-Premier-League-300x169.png 300w, https:\/\/dicodusport.fr\/blog\/wp-content\/uploads\/2025\/06\/Transferts-PSG-Bradley-Barcola-dans-le-viseur-dun-geant-de-Premier-League-1024x575.png 1024w, https:\/\/dicodusport.fr\/blog\/wp-content\/uploads\/2025\/06\/Transferts-PSG-Bradley-Barcola-dans-le-viseur-dun-geant-de-Premier-League-768x431.png 768w\" sizes=\"auto, (max-width: 792px) 100vw, 792px\" \/><\/div><\/div><div class=\"vlp-layout-zone-main\"><div class=\"vlp-block-0 vlp-link-title\">Transferts PSG : Bradley Barcola dans le viseur d'un g\u00e9ant de Premier League<\/div><div class=\"vlp-block-1 vlp-link-summary\">TRANSFERTS PSG - Selon The Sun, Bradley Barcola est sur les tablettes de Liverpool, qui vient pourtant de r\u00e9aliser un transfert astronomique.<\/div><div class=\"vlp-block-2 vlp-link-button\">Lire l'article<\/div><div class=\"vlp-block-3 vlp-link-url\">dicodusport.fr<\/div><\/div><\/div>\n<p style=\"text-align: justify;\">Malgr\u00e9 cet int\u00e9r\u00eat de deux g\u00e9ants europ\u00e9ens, <strong>Bradley<\/strong> <strong>Barcola<\/strong> devrait bien rester au <strong>PSG<\/strong>. <strong>Luis<\/strong> <strong>Enrique<\/strong>, qui avait fait des pieds et des mains pour le recruter \u00e0 l&rsquo;\u00e9t\u00e9 2023, ne veut pas s&rsquo;en s\u00e9parer et compte sur lui pour les saisons \u00e0 venir. Sauf retournement de situation improbable, l&rsquo;international fran\u00e7ais sera donc toujours un joueur du <strong>Paris Saint-Germain<\/strong> la saison prochaine.<\/p>\n<h3 style=\"text-align: justify;\">\u00c0 ce sujet<\/h3>\n<div class=\"vlp-link-container vlp-layout-article\"><a href=\"https:\/\/dicodusport.fr\/blog\/mercato-psg-2025-2026-le-tableau-complet-des-transferts-arrivees-et-departs\/\" class=\"vlp-link\" title=\"Mercato PSG 2025-2026 : Le tableau complet des transferts, arriv\u00e9es et d\u00e9parts\"><\/a><div class=\"vlp-layout-zone-side\"><div class=\"vlp-block-4 vlp-link-image\"><img loading=\"lazy\" decoding=\"async\" style=\"max-width: 792px;\" width=\"792\" height=\"445\" src=\"https:\/\/dicodusport.fr\/blog\/wp-content\/uploads\/2025\/05\/Mercato-PSG-2025-2026-Le-tableau-complet-des-transferts-arrivees-et-departs.png\" class=\"attachment-800x445 size-800x445\" alt=\"Mercato PSG 2025-2026 Le tableau complet des transferts, arriv\u00e9es et d\u00e9parts\" srcset=\"https:\/\/dicodusport.fr\/blog\/wp-content\/uploads\/2025\/05\/Mercato-PSG-2025-2026-Le-tableau-complet-des-transferts-arrivees-et-departs.png 1200w, https:\/\/dicodusport.fr\/blog\/wp-content\/uploads\/2025\/05\/Mercato-PSG-2025-2026-Le-tableau-complet-des-transferts-arrivees-et-departs-300x169.png 300w, https:\/\/dicodusport.fr\/blog\/wp-content\/uploads\/2025\/05\/Mercato-PSG-2025-2026-Le-tableau-complet-des-transferts-arrivees-et-departs-1024x575.png 1024w, https:\/\/dicodusport.fr\/blog\/wp-content\/uploads\/2025\/05\/Mercato-PSG-2025-2026-Le-tableau-complet-des-transferts-arrivees-et-departs-768x431.png 768w\" sizes=\"auto, (max-width: 792px) 100vw, 792px\" \/><\/div><\/div><div class=\"vlp-layout-zone-main\"><div class=\"vlp-block-0 vlp-link-title\">Mercato PSG 2025-2026 : Le tableau complet des transferts, arriv\u00e9es et d\u00e9parts<\/div><div class=\"vlp-block-1 vlp-link-summary\">TRANSFERTS PSG - Retrouvez tous les mouvements du Paris Saint-Germain pour l'intersaison 2025 en Ligue 1. Arriv\u00e9es, d\u00e9part, pr\u00eats, transferts d\u00e9finitifs, ne ratez rien du mercato estival.\u00a0<\/div><div class=\"vlp-block-2 vlp-link-button\">Lire l'article<\/div><div class=\"vlp-block-3 vlp-link-url\">dicodusport.fr<\/div><\/div><\/div>\n","protected":false},"excerpt":{"rendered":"<p>TRANSFERTS PSG &#8211; Selon Foot Mercato, le Paris Saint-Germain veut garder Bradley Barcola \u00e0 tout prix cet \u00e9t\u00e9 malgr\u00e9 des approches de plusieurs clubs.<\/p>\n","protected":false},"author":1,"featured_media":586109,"comment_status":"open","ping_status":"closed","sticky":false,"template":"","format":"standard","meta":{"_acf_changed":false,"_daextam_enable_autolinks":"1","footnotes":""},"categories":[2301],"tags":[16878,75,23715],"class_list":["post-586105","post","type-post","status-publish","format-standard","has-post-thumbnail","hentry","category-football","tag-breve","tag-football","tag-transferts-psg"],"acf":[],"yoast_head":"<!-- This site is optimized with the Yoast SEO Premium plugin v26.7 (Yoast SEO v26.7) - https:\/\/yoast.com\/wordpress\/plugins\/seo\/ -->\n<title>Transferts PSG : Paris a tranch\u00e9 pour l&#039;avenir de Bradley Barcola<\/title>\n<meta name=\"description\" content=\"TRANSFERTS PSG - Selon Foot Mercato, le Paris Saint-Germain veut garder Bradley Barcola \u00e0 tout prix cet \u00e9t\u00e9 malgr\u00e9 des approches de plusieurs clubs.\" \/>\n<meta name=\"robots\" content=\"index, follow, max-snippet:-1, max-image-preview:large, max-video-preview:-1\" \/>\n<link rel=\"canonical\" href=\"https:\/\/dicodusport.fr\/blog\/transferts-psg-paris-a-tranche-pour-lavenir-de-bradley-barcola\/\" \/>\n<meta property=\"og:locale\" content=\"fr_FR\" \/>\n<meta property=\"og:type\" content=\"article\" \/>\n<meta property=\"og:title\" content=\"Transferts PSG : Paris a tranch\u00e9 pour l&#039;avenir de Bradley Barcola\" \/>\n<meta property=\"og:description\" content=\"TRANSFERTS PSG - Selon Foot Mercato, le Paris Saint-Germain veut garder Bradley Barcola \u00e0 tout prix cet \u00e9t\u00e9 malgr\u00e9 des approches de plusieurs clubs.\" \/>\n<meta property=\"og:url\" content=\"https:\/\/dicodusport.fr\/blog\/transferts-psg-paris-a-tranche-pour-lavenir-de-bradley-barcola\/\" \/>\n<meta property=\"og:site_name\" content=\"Dicodusport\" \/>\n<meta property=\"article:publisher\" content=\"https:\/\/www.facebook.com\/dicodusport\" \/>\n<meta property=\"article:author\" content=\"https:\/\/www.facebook.com\/dicodusport\" \/>\n<meta property=\"article:published_time\" content=\"2025-06-12T12:25:30+00:00\" \/>\n<meta property=\"article:modified_time\" content=\"2025-06-12T12:37:36+00:00\" \/>\n<meta property=\"og:image\" content=\"https:\/\/dicodusport.fr\/blog\/wp-content\/uploads\/2025\/06\/Transferts-Paris-a-tranche-pour-lavenir-de-Bradley-Barcola.png\" \/>\n\t<meta property=\"og:image:width\" content=\"1200\" \/>\n\t<meta property=\"og:image:height\" content=\"674\" \/>\n\t<meta property=\"og:image:type\" content=\"image\/png\" \/>\n<meta name=\"author\" content=\"Nicolas Jacquemard\" \/>\n<meta name=\"twitter:card\" content=\"summary_large_image\" \/>\n<meta name=\"twitter:creator\" content=\"@https:\/\/twitter.com\/Nico_Jacquemard\" \/>\n<meta name=\"twitter:site\" content=\"@dicodusport\" \/>\n<script type=\"application\/ld+json\" class=\"yoast-schema-graph\">{\"@context\":\"https:\/\/schema.org\",\"@graph\":[{\"@type\":\"NewsArticle\",\"@id\":\"https:\/\/dicodusport.fr\/blog\/transferts-psg-paris-a-tranche-pour-lavenir-de-bradley-barcola\/#article\",\"isPartOf\":{\"@id\":\"https:\/\/dicodusport.fr\/blog\/transferts-psg-paris-a-tranche-pour-lavenir-de-bradley-barcola\/\"},\"author\":{\"name\":\"Nicolas Jacquemard\",\"@id\":\"https:\/\/dicodusport.fr\/blog\/#\/schema\/person\/55dcb50ad410894e431ed812bbb70191\"},\"headline\":\"Transferts PSG : Paris a tranch\u00e9 pour l&rsquo;avenir de Bradley Barcola\",\"datePublished\":\"2025-06-12T12:25:30+00:00\",\"dateModified\":\"2025-06-12T12:37:36+00:00\",\"mainEntityOfPage\":{\"@id\":\"https:\/\/dicodusport.fr\/blog\/transferts-psg-paris-a-tranche-pour-lavenir-de-bradley-barcola\/\"},\"wordCount\":494,\"commentCount\":0,\"publisher\":{\"@id\":\"https:\/\/dicodusport.fr\/blog\/#organization\"},\"image\":{\"@id\":\"https:\/\/dicodusport.fr\/blog\/transferts-psg-paris-a-tranche-pour-lavenir-de-bradley-barcola\/#primaryimage\"},\"thumbnailUrl\":\"https:\/\/dicodusport.fr\/blog\/wp-content\/uploads\/2025\/06\/Transferts-Paris-a-tranche-pour-lavenir-de-Bradley-Barcola.png\",\"keywords\":[\"br\u00e8ve\",\"Football\",\"Transferts PSG\"],\"articleSection\":[\"Football\"],\"inLanguage\":\"fr-FR\",\"potentialAction\":[{\"@type\":\"CommentAction\",\"name\":\"Comment\",\"target\":[\"https:\/\/dicodusport.fr\/blog\/transferts-psg-paris-a-tranche-pour-lavenir-de-bradley-barcola\/#respond\"]}],\"copyrightYear\":\"2025\",\"copyrightHolder\":{\"@id\":\"https:\/\/dicodusport.fr\/blog\/#organization\"}},{\"@type\":\"WebPage\",\"@id\":\"https:\/\/dicodusport.fr\/blog\/transferts-psg-paris-a-tranche-pour-lavenir-de-bradley-barcola\/\",\"url\":\"https:\/\/dicodusport.fr\/blog\/transferts-psg-paris-a-tranche-pour-lavenir-de-bradley-barcola\/\",\"name\":\"Transferts PSG : Paris a tranch\u00e9 pour l'avenir de Bradley Barcola\",\"isPartOf\":{\"@id\":\"https:\/\/dicodusport.fr\/blog\/#website\"},\"primaryImageOfPage\":{\"@id\":\"https:\/\/dicodusport.fr\/blog\/transferts-psg-paris-a-tranche-pour-lavenir-de-bradley-barcola\/#primaryimage\"},\"image\":{\"@id\":\"https:\/\/dicodusport.fr\/blog\/transferts-psg-paris-a-tranche-pour-lavenir-de-bradley-barcola\/#primaryimage\"},\"thumbnailUrl\":\"https:\/\/dicodusport.fr\/blog\/wp-content\/uploads\/2025\/06\/Transferts-Paris-a-tranche-pour-lavenir-de-Bradley-Barcola.png\",\"datePublished\":\"2025-06-12T12:25:30+00:00\",\"dateModified\":\"2025-06-12T12:37:36+00:00\",\"description\":\"TRANSFERTS PSG - Selon Foot Mercato, le Paris Saint-Germain veut garder Bradley Barcola \u00e0 tout prix cet \u00e9t\u00e9 malgr\u00e9 des approches de plusieurs clubs.\",\"breadcrumb\":{\"@id\":\"https:\/\/dicodusport.fr\/blog\/transferts-psg-paris-a-tranche-pour-lavenir-de-bradley-barcola\/#breadcrumb\"},\"inLanguage\":\"fr-FR\",\"potentialAction\":[{\"@type\":\"ReadAction\",\"target\":[\"https:\/\/dicodusport.fr\/blog\/transferts-psg-paris-a-tranche-pour-lavenir-de-bradley-barcola\/\"]}]},{\"@type\":\"ImageObject\",\"inLanguage\":\"fr-FR\",\"@id\":\"https:\/\/dicodusport.fr\/blog\/transferts-psg-paris-a-tranche-pour-lavenir-de-bradley-barcola\/#primaryimage\",\"url\":\"https:\/\/dicodusport.fr\/blog\/wp-content\/uploads\/2025\/06\/Transferts-Paris-a-tranche-pour-lavenir-de-Bradley-Barcola.png\",\"contentUrl\":\"https:\/\/dicodusport.fr\/blog\/wp-content\/uploads\/2025\/06\/Transferts-Paris-a-tranche-pour-lavenir-de-Bradley-Barcola.png\",\"width\":1200,\"height\":674},{\"@type\":\"BreadcrumbList\",\"@id\":\"https:\/\/dicodusport.fr\/blog\/transferts-psg-paris-a-tranche-pour-lavenir-de-bradley-barcola\/#breadcrumb\",\"itemListElement\":[{\"@type\":\"ListItem\",\"position\":1,\"name\":\"Accueil\",\"item\":\"https:\/\/dicodusport.fr\/blog\/\"},{\"@type\":\"ListItem\",\"position\":2,\"name\":\"Transferts PSG : Paris a tranch\u00e9 pour l&rsquo;avenir de Bradley Barcola\"}]},{\"@type\":\"WebSite\",\"@id\":\"https:\/\/dicodusport.fr\/blog\/#website\",\"url\":\"https:\/\/dicodusport.fr\/blog\/\",\"name\":\"Dicodusport\",\"description\":\"L&#039;encyclop\u00e9die de l&#039;actualit\u00e9 sportive\",\"publisher\":{\"@id\":\"https:\/\/dicodusport.fr\/blog\/#organization\"},\"potentialAction\":[{\"@type\":\"SearchAction\",\"target\":{\"@type\":\"EntryPoint\",\"urlTemplate\":\"https:\/\/dicodusport.fr\/blog\/?s={search_term_string}\"},\"query-input\":{\"@type\":\"PropertyValueSpecification\",\"valueRequired\":true,\"valueName\":\"search_term_string\"}}],\"inLanguage\":\"fr-FR\"},{\"@type\":\"NewsMediaOrganization\",\"@id\":\"https:\/\/dicodusport.fr\/blog\/#organization\",\"name\":\"Dicodusport\",\"url\":\"https:\/\/dicodusport.fr\/blog\/\",\"logo\":{\"@type\":\"ImageObject\",\"inLanguage\":\"fr-FR\",\"@id\":\"https:\/\/dicodusport.fr\/blog\/#\/schema\/logo\/image\/\",\"url\":\"https:\/\/dicodusport.fr\/blog\/wp-content\/uploads\/2020\/06\/cropped-LOGO-DICODUSPORT-2020-SANS-FOND-SANS-TEXTE.png\",\"contentUrl\":\"https:\/\/dicodusport.fr\/blog\/wp-content\/uploads\/2020\/06\/cropped-LOGO-DICODUSPORT-2020-SANS-FOND-SANS-TEXTE.png\",\"width\":512,\"height\":512,\"caption\":\"Dicodusport\"},\"image\":{\"@id\":\"https:\/\/dicodusport.fr\/blog\/#\/schema\/logo\/image\/\"},\"sameAs\":[\"https:\/\/www.facebook.com\/dicodusport\",\"https:\/\/x.com\/dicodusport\",\"https:\/\/www.instagram.com\/dicodusport\/\",\"https:\/\/www.youtube.com\/channel\/UC7V2KZ5sd3htJivAbA4ZG3w\"],\"description\":\"Dicodusport est l'encyclop\u00e9die de l'actualit\u00e9 sportive.\",\"email\":\"bonjour@dicodusport.fr\",\"legalName\":\"DICODUSPORT\",\"foundingDate\":\"2018-01-14\",\"vatID\":\"FR71834470973\",\"taxID\":\"83447097300043\",\"numberOfEmployees\":{\"@type\":\"QuantitativeValue\",\"minValue\":\"1\",\"maxValue\":\"10\"}},{\"@type\":\"Person\",\"@id\":\"https:\/\/dicodusport.fr\/blog\/#\/schema\/person\/55dcb50ad410894e431ed812bbb70191\",\"name\":\"Nicolas Jacquemard\",\"image\":{\"@type\":\"ImageObject\",\"inLanguage\":\"fr-FR\",\"@id\":\"https:\/\/dicodusport.fr\/blog\/#\/schema\/person\/image\/\",\"url\":\"https:\/\/dicodusport.fr\/blog\/wp-content\/uploads\/2021\/05\/Nicolas-Jacquemard-150x150.jpeg\",\"contentUrl\":\"https:\/\/dicodusport.fr\/blog\/wp-content\/uploads\/2021\/05\/Nicolas-Jacquemard-150x150.jpeg\",\"caption\":\"Nicolas Jacquemard\"},\"description\":\"Passionn\u00e9 de sport et entrepreneur depuis mes 18 ans, la cr\u00e9ation de Dicodusport m'a sembl\u00e9 \u00e9vidente pour participer \u00e0 la m\u00e9diatisation d'un plus grand nombre de sports. Le chemin est long mais avec une \u00e9quipe des plus motiv\u00e9es et les Jeux Olympiques de Paris 2024 en point de mire, nous y arriverons ! Journaliste dans le monde du sport depuis plus de 5 ans, je traite aussi bien de football, de rugby, de biathlon que de cyclisme.\",\"sameAs\":[\"https:\/\/www.facebook.com\/dicodusport\",\"https:\/\/x.com\/https:\/\/twitter.com\/Nico_Jacquemard\"],\"url\":\"https:\/\/dicodusport.fr\/blog\/author\/dicodusport\/\"}]}<\/script>\n<!-- \/ Yoast SEO Premium plugin. -->","yoast_head_json":{"title":"Transferts PSG : Paris a tranch\u00e9 pour l'avenir de Bradley Barcola","description":"TRANSFERTS PSG - Selon Foot Mercato, le Paris Saint-Germain veut garder Bradley Barcola \u00e0 tout prix cet \u00e9t\u00e9 malgr\u00e9 des approches de plusieurs clubs.","robots":{"index":"index","follow":"follow","max-snippet":"max-snippet:-1","max-image-preview":"max-image-preview:large","max-video-preview":"max-video-preview:-1"},"canonical":"https:\/\/dicodusport.fr\/blog\/transferts-psg-paris-a-tranche-pour-lavenir-de-bradley-barcola\/","og_locale":"fr_FR","og_type":"article","og_title":"Transferts PSG : Paris a tranch\u00e9 pour l'avenir de Bradley Barcola","og_description":"TRANSFERTS PSG - Selon Foot Mercato, le Paris Saint-Germain veut garder Bradley Barcola \u00e0 tout prix cet \u00e9t\u00e9 malgr\u00e9 des approches de plusieurs clubs.","og_url":"https:\/\/dicodusport.fr\/blog\/transferts-psg-paris-a-tranche-pour-lavenir-de-bradley-barcola\/","og_site_name":"Dicodusport","article_publisher":"https:\/\/www.facebook.com\/dicodusport","article_author":"https:\/\/www.facebook.com\/dicodusport","article_published_time":"2025-06-12T12:25:30+00:00","article_modified_time":"2025-06-12T12:37:36+00:00","og_image":[{"width":1200,"height":674,"url":"https:\/\/dicodusport.fr\/blog\/wp-content\/uploads\/2025\/06\/Transferts-Paris-a-tranche-pour-lavenir-de-Bradley-Barcola.png","type":"image\/png"}],"author":"Nicolas Jacquemard","twitter_card":"summary_large_image","twitter_creator":"@https:\/\/twitter.com\/Nico_Jacquemard","twitter_site":"@dicodusport","schema":{"@context":"https:\/\/schema.org","@graph":[{"@type":"NewsArticle","@id":"https:\/\/dicodusport.fr\/blog\/transferts-psg-paris-a-tranche-pour-lavenir-de-bradley-barcola\/#article","isPartOf":{"@id":"https:\/\/dicodusport.fr\/blog\/transferts-psg-paris-a-tranche-pour-lavenir-de-bradley-barcola\/"},"author":{"name":"Nicolas Jacquemard","@id":"https:\/\/dicodusport.fr\/blog\/#\/schema\/person\/55dcb50ad410894e431ed812bbb70191"},"headline":"Transferts PSG : Paris a tranch\u00e9 pour l&rsquo;avenir de Bradley Barcola","datePublished":"2025-06-12T12:25:30+00:00","dateModified":"2025-06-12T12:37:36+00:00","mainEntityOfPage":{"@id":"https:\/\/dicodusport.fr\/blog\/transferts-psg-paris-a-tranche-pour-lavenir-de-bradley-barcola\/"},"wordCount":494,"commentCount":0,"publisher":{"@id":"https:\/\/dicodusport.fr\/blog\/#organization"},"image":{"@id":"https:\/\/dicodusport.fr\/blog\/transferts-psg-paris-a-tranche-pour-lavenir-de-bradley-barcola\/#primaryimage"},"thumbnailUrl":"https:\/\/dicodusport.fr\/blog\/wp-content\/uploads\/2025\/06\/Transferts-Paris-a-tranche-pour-lavenir-de-Bradley-Barcola.png","keywords":["br\u00e8ve","Football","Transferts PSG"],"articleSection":["Football"],"inLanguage":"fr-FR","potentialAction":[{"@type":"CommentAction","name":"Comment","target":["https:\/\/dicodusport.fr\/blog\/transferts-psg-paris-a-tranche-pour-lavenir-de-bradley-barcola\/#respond"]}],"copyrightYear":"2025","copyrightHolder":{"@id":"https:\/\/dicodusport.fr\/blog\/#organization"}},{"@type":"WebPage","@id":"https:\/\/dicodusport.fr\/blog\/transferts-psg-paris-a-tranche-pour-lavenir-de-bradley-barcola\/","url":"https:\/\/dicodusport.fr\/blog\/transferts-psg-paris-a-tranche-pour-lavenir-de-bradley-barcola\/","name":"Transferts PSG : Paris a tranch\u00e9 pour l'avenir de Bradley Barcola","isPartOf":{"@id":"https:\/\/dicodusport.fr\/blog\/#website"},"primaryImageOfPage":{"@id":"https:\/\/dicodusport.fr\/blog\/transferts-psg-paris-a-tranche-pour-lavenir-de-bradley-barcola\/#primaryimage"},"image":{"@id":"https:\/\/dicodusport.fr\/blog\/transferts-psg-paris-a-tranche-pour-lavenir-de-bradley-barcola\/#primaryimage"},"thumbnailUrl":"https:\/\/dicodusport.fr\/blog\/wp-content\/uploads\/2025\/06\/Transferts-Paris-a-tranche-pour-lavenir-de-Bradley-Barcola.png","datePublished":"2025-06-12T12:25:30+00:00","dateModified":"2025-06-12T12:37:36+00:00","description":"TRANSFERTS PSG - Selon Foot Mercato, le Paris Saint-Germain veut garder Bradley Barcola \u00e0 tout prix cet \u00e9t\u00e9 malgr\u00e9 des approches de plusieurs clubs.","breadcrumb":{"@id":"https:\/\/dicodusport.fr\/blog\/transferts-psg-paris-a-tranche-pour-lavenir-de-bradley-barcola\/#breadcrumb"},"inLanguage":"fr-FR","potentialAction":[{"@type":"ReadAction","target":["https:\/\/dicodusport.fr\/blog\/transferts-psg-paris-a-tranche-pour-lavenir-de-bradley-barcola\/"]}]},{"@type":"ImageObject","inLanguage":"fr-FR","@id":"https:\/\/dicodusport.fr\/blog\/transferts-psg-paris-a-tranche-pour-lavenir-de-bradley-barcola\/#primaryimage","url":"https:\/\/dicodusport.fr\/blog\/wp-content\/uploads\/2025\/06\/Transferts-Paris-a-tranche-pour-lavenir-de-Bradley-Barcola.png","contentUrl":"https:\/\/dicodusport.fr\/blog\/wp-content\/uploads\/2025\/06\/Transferts-Paris-a-tranche-pour-lavenir-de-Bradley-Barcola.png","width":1200,"height":674},{"@type":"BreadcrumbList","@id":"https:\/\/dicodusport.fr\/blog\/transferts-psg-paris-a-tranche-pour-lavenir-de-bradley-barcola\/#breadcrumb","itemListElement":[{"@type":"ListItem","position":1,"name":"Accueil","item":"https:\/\/dicodusport.fr\/blog\/"},{"@type":"ListItem","position":2,"name":"Transferts PSG : Paris a tranch\u00e9 pour l&rsquo;avenir de Bradley Barcola"}]},{"@type":"WebSite","@id":"https:\/\/dicodusport.fr\/blog\/#website","url":"https:\/\/dicodusport.fr\/blog\/","name":"Dicodusport","description":"L&#039;encyclop\u00e9die de l&#039;actualit\u00e9 sportive","publisher":{"@id":"https:\/\/dicodusport.fr\/blog\/#organization"},"potentialAction":[{"@type":"SearchAction","target":{"@type":"EntryPoint","urlTemplate":"https:\/\/dicodusport.fr\/blog\/?s={search_term_string}"},"query-input":{"@type":"PropertyValueSpecification","valueRequired":true,"valueName":"search_term_string"}}],"inLanguage":"fr-FR"},{"@type":"NewsMediaOrganization","@id":"https:\/\/dicodusport.fr\/blog\/#organization","name":"Dicodusport","url":"https:\/\/dicodusport.fr\/blog\/","logo":{"@type":"ImageObject","inLanguage":"fr-FR","@id":"https:\/\/dicodusport.fr\/blog\/#\/schema\/logo\/image\/","url":"https:\/\/dicodusport.fr\/blog\/wp-content\/uploads\/2020\/06\/cropped-LOGO-DICODUSPORT-2020-SANS-FOND-SANS-TEXTE.png","contentUrl":"https:\/\/dicodusport.fr\/blog\/wp-content\/uploads\/2020\/06\/cropped-LOGO-DICODUSPORT-2020-SANS-FOND-SANS-TEXTE.png","width":512,"height":512,"caption":"Dicodusport"},"image":{"@id":"https:\/\/dicodusport.fr\/blog\/#\/schema\/logo\/image\/"},"sameAs":["https:\/\/www.facebook.com\/dicodusport","https:\/\/x.com\/dicodusport","https:\/\/www.instagram.com\/dicodusport\/","https:\/\/www.youtube.com\/channel\/UC7V2KZ5sd3htJivAbA4ZG3w"],"description":"Dicodusport est l'encyclop\u00e9die de l'actualit\u00e9 sportive.","email":"bonjour@dicodusport.fr","legalName":"DICODUSPORT","foundingDate":"2018-01-14","vatID":"FR71834470973","taxID":"83447097300043","numberOfEmployees":{"@type":"QuantitativeValue","minValue":"1","maxValue":"10"}},{"@type":"Person","@id":"https:\/\/dicodusport.fr\/blog\/#\/schema\/person\/55dcb50ad410894e431ed812bbb70191","name":"Nicolas Jacquemard","image":{"@type":"ImageObject","inLanguage":"fr-FR","@id":"https:\/\/dicodusport.fr\/blog\/#\/schema\/person\/image\/","url":"https:\/\/dicodusport.fr\/blog\/wp-content\/uploads\/2021\/05\/Nicolas-Jacquemard-150x150.jpeg","contentUrl":"https:\/\/dicodusport.fr\/blog\/wp-content\/uploads\/2021\/05\/Nicolas-Jacquemard-150x150.jpeg","caption":"Nicolas Jacquemard"},"description":"Passionn\u00e9 de sport et entrepreneur depuis mes 18 ans, la cr\u00e9ation de Dicodusport m'a sembl\u00e9 \u00e9vidente pour participer \u00e0 la m\u00e9diatisation d'un plus grand nombre de sports. Le chemin est long mais avec une \u00e9quipe des plus motiv\u00e9es et les Jeux Olympiques de Paris 2024 en point de mire, nous y arriverons ! Journaliste dans le monde du sport depuis plus de 5 ans, je traite aussi bien de football, de rugby, de biathlon que de cyclisme.","sameAs":["https:\/\/www.facebook.com\/dicodusport","https:\/\/x.com\/https:\/\/twitter.com\/Nico_Jacquemard"],"url":"https:\/\/dicodusport.fr\/blog\/author\/dicodusport\/"}]}},"_links":{"self":[{"href":"https:\/\/dicodusport.fr\/blog\/wp-json\/wp\/v2\/posts\/586105","targetHints":{"allow":["GET"]}}],"collection":[{"href":"https:\/\/dicodusport.fr\/blog\/wp-json\/wp\/v2\/posts"}],"about":[{"href":"https:\/\/dicodusport.fr\/blog\/wp-json\/wp\/v2\/types\/post"}],"author":[{"embeddable":true,"href":"https:\/\/dicodusport.fr\/blog\/wp-json\/wp\/v2\/users\/1"}],"replies":[{"embeddable":true,"href":"https:\/\/dicodusport.fr\/blog\/wp-json\/wp\/v2\/comments?post=586105"}],"version-history":[{"count":3,"href":"https:\/\/dicodusport.fr\/blog\/wp-json\/wp\/v2\/posts\/586105\/revisions"}],"predecessor-version":[{"id":586117,"href":"https:\/\/dicodusport.fr\/blog\/wp-json\/wp\/v2\/posts\/586105\/revisions\/586117"}],"wp:featuredmedia":[{"embeddable":true,"href":"https:\/\/dicodusport.fr\/blog\/wp-json\/wp\/v2\/media\/586109"}],"wp:attachment":[{"href":"https:\/\/dicodusport.fr\/blog\/wp-json\/wp\/v2\/media?parent=586105"}],"wp:term":[{"taxonomy":"category","embeddable":true,"href":"https:\/\/dicodusport.fr\/blog\/wp-json\/wp\/v2\/categories?post=586105"},{"taxonomy":"post_tag","embeddable":true,"href":"https:\/\/dicodusport.fr\/blog\/wp-json\/wp\/v2\/tags?post=586105"}],"curies":[{"name":"wp","href":"https:\/\/api.w.org\/{rel}","templated":true}]}}