{"id":586672,"date":"2025-06-14T18:25:03","date_gmt":"2025-06-14T16:25:03","guid":{"rendered":"https:\/\/dicodusport.fr\/blog\/?p=586672&#038;preview=true&#038;preview_id=586672"},"modified":"2025-06-14T19:05:22","modified_gmt":"2025-06-14T17:05:22","slug":"a-travers-le-hageland-2025-paul-magnier-simpose-en-force","status":"publish","type":"post","link":"https:\/\/dicodusport.fr\/blog\/a-travers-le-hageland-2025-paul-magnier-simpose-en-force\/","title":{"rendered":"\u00c0 Travers le Hageland 2025 : Paul Magnier s&rsquo;impose en force"},"content":{"rendered":"<p style=\"text-align: justify;\"><em><b>\u00c0 TRAVERS LE HAGELAND 2025 &#8211; Paul Magnier (Soudal Quick-Step) a remport\u00e9 en costaud la 10\u00e8me \u00e9dition d&rsquo;\u00c0 Travers le Hageland, ce samedi, \u00e0 Diest, en Belgique.\u00a0<\/b><\/em><\/p>\n<p style=\"text-align: justify;\">Cette course \u00e9tait longue de 181 kilom\u00e8tres entre\u00a0<strong>Aarschot\u00a0<\/strong>et\u00a0<strong>Diest<\/strong> avec une trentaine de kilom\u00e8tres des routes non goudronn\u00e9es et des sentiers forestiers du Brabant flamand ainsi qu&rsquo;un circuit final proposant \u00e9galement une petite bosse apr\u00e8s le dernier chemin de terre. L&rsquo;arriv\u00e9e \u00e9tait jug\u00e9e au sommet \u00e0 la citadelle de Diest avec ses 500 m\u00e8tres \u00e0 3,7 % avec ses pav\u00e9s.<\/p>\n<ul style=\"text-align: justify;\">\n<li style=\"text-align: justify;\"><strong>\u00c0 ce sujet \u2013 <a href=\"https:\/\/dicodusport.fr\/blog\/a-travers-le-hageland-2025-classement-et-resultats\/\">\u00c0 Travers le Hageland 2025 : Le classement<\/a><\/strong><\/li>\n<\/ul>\n<h2>Les costauds s&rsquo;isolent \u00e0 80 km de l&rsquo;arriv\u00e9e<\/h2>\n<p style=\"text-align: justify;\">D&rsquo;abord, la course s&rsquo;est d\u00e9cant\u00e9e \u00e0 80 kilom\u00e8tres de l&rsquo;arriv\u00e9e avec la constitution d&rsquo;un groupe de onze coureurs : <strong>Tibor Del Grosso, Quinten Hermans, Timo Kielich, Jasper Philipsen<\/strong> (Alpecin-Deceuninck), <strong>Rasmus Tiller<\/strong> (Uno-X Mobility), <strong>Paul Magnier<\/strong> (Soudal Quick-Step), <strong>Luca Van Boven<\/strong> (Intermarch\u00e9-Wanty), <strong>Mike Teunissen<\/strong> (XDS Astana), <strong>David Haverdings<\/strong> (Baloise Glowi Lions), <strong>Alex Colman<\/strong> (Flanders Baloise) et <strong>Alexis Renard<\/strong> (Cofidis).<\/p>\n<p style=\"text-align: justify;\">Puis, au terme d&rsquo;un bel effort, <strong>Jelte Krijnsen<\/strong> (Jayco AlUla) et <strong>Hugo Hofstetter<\/strong> (Israel Premier Tech) sont entr\u00e9s sur le groupe de t\u00eate, \u00e0 60 kilom\u00e8tres de l&rsquo;arriv\u00e9e. Malheureusement, le sprinteur fran\u00e7ais a pay\u00e9 cet effort dans la mont\u00e9e de la Citadelle alors qu&rsquo;Alexis<strong>\u00a0Renard<\/strong> et <strong>Jelte Krijnsen<\/strong> ont subi un ennui m\u00e9canique. Ces trois coureurs ont perdu alors tous leurs espoirs de succ\u00e8s.<\/p>\n<p style=\"text-align: justify;\">Derri\u00e8re, un contre s&rsquo;est form\u00e9 avec <strong>Huub Artz<\/strong> (Intermarch\u00e9-Wanty), <strong>Erik Resell<\/strong> (Uno-X Mobility), <strong>Milan Menten<\/strong> (Lotto), <strong>Jens Reynders<\/strong> (Wagner Bazin WB) et <strong>Tosh Van der Sande<\/strong> (Visma Lease a Bike). Mais, ce dernier a connu une crevaison alors que le groupe de contre n&rsquo;a jamais pu boucher le trou avec le groupe de t\u00eate.<\/p>\n<p style=\"text-align: justify;\">Puis, <strong>Timo Kielich<\/strong> a \u00e9t\u00e9 l\u00e2ch\u00e9 d\u00e9finitivement du groupe de t\u00eate \u00e0 30 kilom\u00e8tres du terme, apr\u00e8s un gros travail. \u00c0 20 kilom\u00e8tres de l&rsquo;arriv\u00e9e, \u00e0 l&rsquo;entr\u00e9e d&rsquo;un chemin de terre, <strong>Paul Magnier<\/strong> et <strong>David Haverdings<\/strong> ont chut\u00e9, mais ils sont rapidement revenus \u00e0 l&rsquo;avant de la course alors que <strong>Luca Van Boven<\/strong> a perdu le contact avec l&rsquo;\u00e9chapp\u00e9e.<\/p>\n<h2 style=\"text-align: justify;\">Magnier en costaud<\/h2>\n<p style=\"text-align: justify;\">\u00c0 17 kilom\u00e8tres de l&rsquo;arriv\u00e9e, <strong>Paul Magnier, Rasmus Tiller<\/strong> et <strong>Jasper Philipsen<\/strong> sont sortis du groupe de t\u00eate. \u00c0 ce moment de la course, aucun des coureurs de l&rsquo;\u00e9quipe Alpecin-Deceuninck n&rsquo;a collabor\u00e9 dans les deux premiers \u00e9chelons de la course. Mais, <strong>Jasper Philipsen<\/strong> a finalement craqu\u00e9 dans la derni\u00e8re petite bosse, \u00e0 cinq kilom\u00e8tres de l&rsquo;arriv\u00e9e. Cette situation a oblig\u00e9 <strong>Quinten Hermans<\/strong> et <strong>Tibor Del Grosso<\/strong> \u00e0 produire un effort pour revenir sur le duo de t\u00eate.<\/p>\n<p style=\"text-align: justify;\">Enfin, ils \u00e9taient quatre \u00e0 se pr\u00e9senter au pied de la mont\u00e9e de la Citadelle de Diest. <strong>Paul Magnier<\/strong> a rapidement pris les commandes tandis que <strong>Quinten Hermans<\/strong> a \u00e9t\u00e9 distanc\u00e9. Le sprinteur de la Soudal Quick-Step s&rsquo;est montr\u00e9 surpuissant apr\u00e8s le dernier virage en \u00e9pingle pour faire le trou et remporter un huiti\u00e8me succ\u00e8s professionnel. Vainqueur \u00e0 deux reprises sur cette course, <strong>Rasmus Tiller<\/strong> a termin\u00e9 deuxi\u00e8me alors que <strong>Tibor Del Grosso<\/strong> a compl\u00e9t\u00e9 le podium devant <strong>Quinten Hermans<\/strong>.<\/p>\n<blockquote class=\"twitter-tweet\">\n<p dir=\"ltr\" lang=\"fr\">Paul Magnier remporte \u00c0 Travers le Hageland ! Le Fran\u00e7ais a fait la diff\u00e9rence dans les derniers m\u00e8tres pour s&rsquo;imposer devant Rasmus Tiller et Tibor Del Grosso \ud83d\udc4f<a href=\"https:\/\/twitter.com\/hashtag\/LesRP?src=hash&amp;ref_src=twsrc%5Etfw\">#LesRP<\/a> <a href=\"https:\/\/t.co\/reTufMX4Hd\">pic.twitter.com\/reTufMX4Hd<\/a><\/p>\n<p>\u2014 Eurosport France (@Eurosport_FR) <a href=\"https:\/\/twitter.com\/Eurosport_FR\/status\/1933928386222510235?ref_src=twsrc%5Etfw\">June 14, 2025<\/a><\/p><\/blockquote>\n<p><script async src=\"https:\/\/platform.twitter.com\/widgets.js\" charset=\"utf-8\"><\/script><\/p>\n<h3 style=\"text-align: justify;\">\u00c0 lire aussi<\/h3>\n<div class=\"vlp-link-container vlp-layout-article\"><a href=\"https:\/\/dicodusport.fr\/blog\/cyclisme-mercato-2025-2026-le-tableau-des-transferts\/\" class=\"vlp-link\" title=\"Cyclisme Mercato 2025-2026 - Le tableau des transferts\"><\/a><div class=\"vlp-layout-zone-side\"><div class=\"vlp-block-4 vlp-link-image\"><img loading=\"lazy\" decoding=\"async\" style=\"max-width: 792px;\" width=\"792\" height=\"445\" src=\"https:\/\/dicodusport.fr\/blog\/wp-content\/uploads\/2025\/02\/Cyclisme-Mercato-2025-2026-Le-tableau-des-transferts.png\" class=\"attachment-800x445 size-800x445\" alt=\"Cyclisme Mercato 2025-2026 - Le tableau des transferts\" srcset=\"https:\/\/dicodusport.fr\/blog\/wp-content\/uploads\/2025\/02\/Cyclisme-Mercato-2025-2026-Le-tableau-des-transferts.png 1200w, https:\/\/dicodusport.fr\/blog\/wp-content\/uploads\/2025\/02\/Cyclisme-Mercato-2025-2026-Le-tableau-des-transferts-300x169.png 300w, https:\/\/dicodusport.fr\/blog\/wp-content\/uploads\/2025\/02\/Cyclisme-Mercato-2025-2026-Le-tableau-des-transferts-1024x575.png 1024w, https:\/\/dicodusport.fr\/blog\/wp-content\/uploads\/2025\/02\/Cyclisme-Mercato-2025-2026-Le-tableau-des-transferts-768x431.png 768w\" sizes=\"auto, (max-width: 792px) 100vw, 792px\" \/><\/div><\/div><div class=\"vlp-layout-zone-main\"><div class=\"vlp-block-0 vlp-link-title\">Cyclisme Mercato 2025-2026 - Le tableau des transferts<\/div><div class=\"vlp-block-1 vlp-link-summary\">MERCATO CYCLISME 2025-2026 - D\u00e9couvrez les transferts officiels et les rumeurs du mercato cycliste.<\/div><div class=\"vlp-block-2 vlp-link-button\">Lire l'article<\/div><div class=\"vlp-block-3 vlp-link-url\">dicodusport.fr<\/div><\/div><\/div>\n","protected":false},"excerpt":{"rendered":"<p>Paul Magnier (Soudal Quick-Step) a remport\u00e9 en costaud la 10\u00e8me \u00e9dition d&rsquo;\u00c0 Travers le Hageland, ce samedi, \u00e0 Diest, en Belgique.\u00a0<\/p>\n","protected":false},"author":48,"featured_media":586845,"comment_status":"open","ping_status":"closed","sticky":false,"template":"","format":"standard","meta":{"_acf_changed":false,"_daextam_enable_autolinks":"1","footnotes":""},"categories":[46994],"tags":[32415,16878,574,11197],"class_list":["post-586672","post","type-post","status-publish","format-standard","has-post-thumbnail","hentry","category-cyclisme-sur-route","tag-actu","tag-breve","tag-cyclisme","tag-cyclisme-sur-route"],"acf":[],"yoast_head":"<!-- This site is optimized with the Yoast SEO Premium plugin v26.7 (Yoast SEO v26.7) - https:\/\/yoast.com\/wordpress\/plugins\/seo\/ -->\n<title>\u00c0 Travers le Hageland 2025 : Paul Magnier s&#039;impose en force<\/title>\n<meta name=\"description\" content=\"Paul Magnier (Soudal Quick-Step) a remport\u00e9 en costaud la 10\u00e8me \u00e9dition d&#039;\u00c0 Travers le Hageland, ce samedi, \u00e0 Diest, en Belgique.\u00a0\" \/>\n<meta name=\"robots\" content=\"index, follow, max-snippet:-1, max-image-preview:large, max-video-preview:-1\" \/>\n<link rel=\"canonical\" href=\"https:\/\/dicodusport.fr\/blog\/a-travers-le-hageland-2025-paul-magnier-simpose-en-force\/\" \/>\n<meta property=\"og:locale\" content=\"fr_FR\" \/>\n<meta property=\"og:type\" content=\"article\" \/>\n<meta property=\"og:title\" content=\"\u00c0 Travers le Hageland 2025 : Paul Magnier s&#039;impose en force\" \/>\n<meta property=\"og:description\" content=\"Paul Magnier (Soudal Quick-Step) a remport\u00e9 en costaud la 10\u00e8me \u00e9dition d&#039;\u00c0 Travers le Hageland, ce samedi, \u00e0 Diest, en Belgique.\u00a0\" \/>\n<meta property=\"og:url\" content=\"https:\/\/dicodusport.fr\/blog\/a-travers-le-hageland-2025-paul-magnier-simpose-en-force\/\" \/>\n<meta property=\"og:site_name\" content=\"Dicodusport\" \/>\n<meta property=\"article:publisher\" content=\"https:\/\/www.facebook.com\/dicodusport\" \/>\n<meta property=\"article:author\" content=\"https:\/\/www.facebook.com\/groups\/LesRoisDuPeloton\" \/>\n<meta property=\"article:published_time\" content=\"2025-06-14T16:25:03+00:00\" \/>\n<meta property=\"article:modified_time\" content=\"2025-06-14T17:05:22+00:00\" \/>\n<meta property=\"og:image\" content=\"https:\/\/dicodusport.fr\/blog\/wp-content\/uploads\/2025\/06\/A-Travers-le-Hageland-2025-Paul-Magnier-simpose-en-force-1.png\" \/>\n\t<meta property=\"og:image:width\" content=\"1200\" \/>\n\t<meta property=\"og:image:height\" content=\"674\" \/>\n\t<meta property=\"og:image:type\" content=\"image\/png\" \/>\n<meta name=\"author\" content=\"Emilien Descampiaux\" \/>\n<meta name=\"twitter:card\" content=\"summary_large_image\" \/>\n<meta name=\"twitter:creator\" content=\"@https:\/\/twitter.com\/LRoisDuPeloton\" \/>\n<meta name=\"twitter:site\" content=\"@dicodusport\" \/>\n<script type=\"application\/ld+json\" class=\"yoast-schema-graph\">{\"@context\":\"https:\/\/schema.org\",\"@graph\":[{\"@type\":\"NewsArticle\",\"@id\":\"https:\/\/dicodusport.fr\/blog\/a-travers-le-hageland-2025-paul-magnier-simpose-en-force\/#article\",\"isPartOf\":{\"@id\":\"https:\/\/dicodusport.fr\/blog\/a-travers-le-hageland-2025-paul-magnier-simpose-en-force\/\"},\"author\":{\"name\":\"Emilien Descampiaux\",\"@id\":\"https:\/\/dicodusport.fr\/blog\/#\/schema\/person\/6db4bae06b171592211be385b32876a7\"},\"headline\":\"\u00c0 Travers le Hageland 2025 : Paul Magnier s&rsquo;impose en force\",\"datePublished\":\"2025-06-14T16:25:03+00:00\",\"dateModified\":\"2025-06-14T17:05:22+00:00\",\"mainEntityOfPage\":{\"@id\":\"https:\/\/dicodusport.fr\/blog\/a-travers-le-hageland-2025-paul-magnier-simpose-en-force\/\"},\"wordCount\":674,\"commentCount\":0,\"publisher\":{\"@id\":\"https:\/\/dicodusport.fr\/blog\/#organization\"},\"image\":{\"@id\":\"https:\/\/dicodusport.fr\/blog\/a-travers-le-hageland-2025-paul-magnier-simpose-en-force\/#primaryimage\"},\"thumbnailUrl\":\"https:\/\/dicodusport.fr\/blog\/wp-content\/uploads\/2025\/06\/A-Travers-le-Hageland-2025-Paul-Magnier-simpose-en-force-1.png\",\"keywords\":[\"actu\",\"br\u00e8ve\",\"Cyclisme\",\"Cyclisme sur route\"],\"articleSection\":[\"Cyclisme sur route\"],\"inLanguage\":\"fr-FR\",\"potentialAction\":[{\"@type\":\"CommentAction\",\"name\":\"Comment\",\"target\":[\"https:\/\/dicodusport.fr\/blog\/a-travers-le-hageland-2025-paul-magnier-simpose-en-force\/#respond\"]}],\"copyrightYear\":\"2025\",\"copyrightHolder\":{\"@id\":\"https:\/\/dicodusport.fr\/blog\/#organization\"}},{\"@type\":\"WebPage\",\"@id\":\"https:\/\/dicodusport.fr\/blog\/a-travers-le-hageland-2025-paul-magnier-simpose-en-force\/\",\"url\":\"https:\/\/dicodusport.fr\/blog\/a-travers-le-hageland-2025-paul-magnier-simpose-en-force\/\",\"name\":\"\u00c0 Travers le Hageland 2025 : Paul Magnier s'impose en force\",\"isPartOf\":{\"@id\":\"https:\/\/dicodusport.fr\/blog\/#website\"},\"primaryImageOfPage\":{\"@id\":\"https:\/\/dicodusport.fr\/blog\/a-travers-le-hageland-2025-paul-magnier-simpose-en-force\/#primaryimage\"},\"image\":{\"@id\":\"https:\/\/dicodusport.fr\/blog\/a-travers-le-hageland-2025-paul-magnier-simpose-en-force\/#primaryimage\"},\"thumbnailUrl\":\"https:\/\/dicodusport.fr\/blog\/wp-content\/uploads\/2025\/06\/A-Travers-le-Hageland-2025-Paul-Magnier-simpose-en-force-1.png\",\"datePublished\":\"2025-06-14T16:25:03+00:00\",\"dateModified\":\"2025-06-14T17:05:22+00:00\",\"description\":\"Paul Magnier (Soudal Quick-Step) a remport\u00e9 en costaud la 10\u00e8me \u00e9dition d'\u00c0 Travers le Hageland, ce samedi, \u00e0 Diest, en Belgique.\u00a0\",\"breadcrumb\":{\"@id\":\"https:\/\/dicodusport.fr\/blog\/a-travers-le-hageland-2025-paul-magnier-simpose-en-force\/#breadcrumb\"},\"inLanguage\":\"fr-FR\",\"potentialAction\":[{\"@type\":\"ReadAction\",\"target\":[\"https:\/\/dicodusport.fr\/blog\/a-travers-le-hageland-2025-paul-magnier-simpose-en-force\/\"]}]},{\"@type\":\"ImageObject\",\"inLanguage\":\"fr-FR\",\"@id\":\"https:\/\/dicodusport.fr\/blog\/a-travers-le-hageland-2025-paul-magnier-simpose-en-force\/#primaryimage\",\"url\":\"https:\/\/dicodusport.fr\/blog\/wp-content\/uploads\/2025\/06\/A-Travers-le-Hageland-2025-Paul-Magnier-simpose-en-force-1.png\",\"contentUrl\":\"https:\/\/dicodusport.fr\/blog\/wp-content\/uploads\/2025\/06\/A-Travers-le-Hageland-2025-Paul-Magnier-simpose-en-force-1.png\",\"width\":1200,\"height\":674,\"caption\":\"\u00c0 Travers le Hageland 2025 Paul Magnier s'impose en force (1)\"},{\"@type\":\"BreadcrumbList\",\"@id\":\"https:\/\/dicodusport.fr\/blog\/a-travers-le-hageland-2025-paul-magnier-simpose-en-force\/#breadcrumb\",\"itemListElement\":[{\"@type\":\"ListItem\",\"position\":1,\"name\":\"Accueil\",\"item\":\"https:\/\/dicodusport.fr\/blog\/\"},{\"@type\":\"ListItem\",\"position\":2,\"name\":\"\u00c0 Travers le Hageland 2025 : Paul Magnier s&rsquo;impose en force\"}]},{\"@type\":\"WebSite\",\"@id\":\"https:\/\/dicodusport.fr\/blog\/#website\",\"url\":\"https:\/\/dicodusport.fr\/blog\/\",\"name\":\"Dicodusport\",\"description\":\"L&#039;encyclop\u00e9die de l&#039;actualit\u00e9 sportive\",\"publisher\":{\"@id\":\"https:\/\/dicodusport.fr\/blog\/#organization\"},\"potentialAction\":[{\"@type\":\"SearchAction\",\"target\":{\"@type\":\"EntryPoint\",\"urlTemplate\":\"https:\/\/dicodusport.fr\/blog\/?s={search_term_string}\"},\"query-input\":{\"@type\":\"PropertyValueSpecification\",\"valueRequired\":true,\"valueName\":\"search_term_string\"}}],\"inLanguage\":\"fr-FR\"},{\"@type\":\"NewsMediaOrganization\",\"@id\":\"https:\/\/dicodusport.fr\/blog\/#organization\",\"name\":\"Dicodusport\",\"url\":\"https:\/\/dicodusport.fr\/blog\/\",\"logo\":{\"@type\":\"ImageObject\",\"inLanguage\":\"fr-FR\",\"@id\":\"https:\/\/dicodusport.fr\/blog\/#\/schema\/logo\/image\/\",\"url\":\"https:\/\/dicodusport.fr\/blog\/wp-content\/uploads\/2020\/06\/cropped-LOGO-DICODUSPORT-2020-SANS-FOND-SANS-TEXTE.png\",\"contentUrl\":\"https:\/\/dicodusport.fr\/blog\/wp-content\/uploads\/2020\/06\/cropped-LOGO-DICODUSPORT-2020-SANS-FOND-SANS-TEXTE.png\",\"width\":512,\"height\":512,\"caption\":\"Dicodusport\"},\"image\":{\"@id\":\"https:\/\/dicodusport.fr\/blog\/#\/schema\/logo\/image\/\"},\"sameAs\":[\"https:\/\/www.facebook.com\/dicodusport\",\"https:\/\/x.com\/dicodusport\",\"https:\/\/www.instagram.com\/dicodusport\/\",\"https:\/\/www.youtube.com\/channel\/UC7V2KZ5sd3htJivAbA4ZG3w\"],\"description\":\"Dicodusport est l'encyclop\u00e9die de l'actualit\u00e9 sportive.\",\"email\":\"bonjour@dicodusport.fr\",\"legalName\":\"DICODUSPORT\",\"foundingDate\":\"2018-01-14\",\"vatID\":\"FR71834470973\",\"taxID\":\"83447097300043\",\"numberOfEmployees\":{\"@type\":\"QuantitativeValue\",\"minValue\":\"1\",\"maxValue\":\"10\"}},{\"@type\":\"Person\",\"@id\":\"https:\/\/dicodusport.fr\/blog\/#\/schema\/person\/6db4bae06b171592211be385b32876a7\",\"name\":\"Emilien Descampiaux\",\"image\":{\"@type\":\"ImageObject\",\"inLanguage\":\"fr-FR\",\"@id\":\"https:\/\/dicodusport.fr\/blog\/#\/schema\/person\/image\/\",\"url\":\"https:\/\/dicodusport.fr\/blog\/wp-content\/uploads\/2021\/05\/Emilien-Descampiaux-150x150.jpg\",\"contentUrl\":\"https:\/\/dicodusport.fr\/blog\/wp-content\/uploads\/2021\/05\/Emilien-Descampiaux-150x150.jpg\",\"caption\":\"Emilien Descampiaux\"},\"description\":\"Journaliste\/r\u00e9dacteur depuis 2014 - Fan de la classe de Frank Vandenbroucke, je vis cyclisme (et de ses paysages) depuis plus de 20 ans. Je suis tr\u00e8s impliqu\u00e9 sur mes diff\u00e9rents r\u00e9seaux sociaux pour partager ma passion sur le monde et l'Histoire de la bicyclette avec ma voix sur les images en noir et blanc du succ\u00e8s de Rik Van Steenbergen lors du Ronde sur le V\u00e9lodrome de Gand.\",\"sameAs\":[\"https:\/\/www.facebook.com\/groups\/LesRoisDuPeloton\",\"https:\/\/x.com\/https:\/\/twitter.com\/LRoisDuPeloton\"],\"url\":\"https:\/\/dicodusport.fr\/blog\/author\/emiliend\/\"}]}<\/script>\n<!-- \/ Yoast SEO Premium plugin. -->","yoast_head_json":{"title":"\u00c0 Travers le Hageland 2025 : Paul Magnier s'impose en force","description":"Paul Magnier (Soudal Quick-Step) a remport\u00e9 en costaud la 10\u00e8me \u00e9dition d'\u00c0 Travers le Hageland, ce samedi, \u00e0 Diest, en Belgique.\u00a0","robots":{"index":"index","follow":"follow","max-snippet":"max-snippet:-1","max-image-preview":"max-image-preview:large","max-video-preview":"max-video-preview:-1"},"canonical":"https:\/\/dicodusport.fr\/blog\/a-travers-le-hageland-2025-paul-magnier-simpose-en-force\/","og_locale":"fr_FR","og_type":"article","og_title":"\u00c0 Travers le Hageland 2025 : Paul Magnier s'impose en force","og_description":"Paul Magnier (Soudal Quick-Step) a remport\u00e9 en costaud la 10\u00e8me \u00e9dition d'\u00c0 Travers le Hageland, ce samedi, \u00e0 Diest, en Belgique.\u00a0","og_url":"https:\/\/dicodusport.fr\/blog\/a-travers-le-hageland-2025-paul-magnier-simpose-en-force\/","og_site_name":"Dicodusport","article_publisher":"https:\/\/www.facebook.com\/dicodusport","article_author":"https:\/\/www.facebook.com\/groups\/LesRoisDuPeloton","article_published_time":"2025-06-14T16:25:03+00:00","article_modified_time":"2025-06-14T17:05:22+00:00","og_image":[{"width":1200,"height":674,"url":"https:\/\/dicodusport.fr\/blog\/wp-content\/uploads\/2025\/06\/A-Travers-le-Hageland-2025-Paul-Magnier-simpose-en-force-1.png","type":"image\/png"}],"author":"Emilien Descampiaux","twitter_card":"summary_large_image","twitter_creator":"@https:\/\/twitter.com\/LRoisDuPeloton","twitter_site":"@dicodusport","schema":{"@context":"https:\/\/schema.org","@graph":[{"@type":"NewsArticle","@id":"https:\/\/dicodusport.fr\/blog\/a-travers-le-hageland-2025-paul-magnier-simpose-en-force\/#article","isPartOf":{"@id":"https:\/\/dicodusport.fr\/blog\/a-travers-le-hageland-2025-paul-magnier-simpose-en-force\/"},"author":{"name":"Emilien Descampiaux","@id":"https:\/\/dicodusport.fr\/blog\/#\/schema\/person\/6db4bae06b171592211be385b32876a7"},"headline":"\u00c0 Travers le Hageland 2025 : Paul Magnier s&rsquo;impose en force","datePublished":"2025-06-14T16:25:03+00:00","dateModified":"2025-06-14T17:05:22+00:00","mainEntityOfPage":{"@id":"https:\/\/dicodusport.fr\/blog\/a-travers-le-hageland-2025-paul-magnier-simpose-en-force\/"},"wordCount":674,"commentCount":0,"publisher":{"@id":"https:\/\/dicodusport.fr\/blog\/#organization"},"image":{"@id":"https:\/\/dicodusport.fr\/blog\/a-travers-le-hageland-2025-paul-magnier-simpose-en-force\/#primaryimage"},"thumbnailUrl":"https:\/\/dicodusport.fr\/blog\/wp-content\/uploads\/2025\/06\/A-Travers-le-Hageland-2025-Paul-Magnier-simpose-en-force-1.png","keywords":["actu","br\u00e8ve","Cyclisme","Cyclisme sur route"],"articleSection":["Cyclisme sur route"],"inLanguage":"fr-FR","potentialAction":[{"@type":"CommentAction","name":"Comment","target":["https:\/\/dicodusport.fr\/blog\/a-travers-le-hageland-2025-paul-magnier-simpose-en-force\/#respond"]}],"copyrightYear":"2025","copyrightHolder":{"@id":"https:\/\/dicodusport.fr\/blog\/#organization"}},{"@type":"WebPage","@id":"https:\/\/dicodusport.fr\/blog\/a-travers-le-hageland-2025-paul-magnier-simpose-en-force\/","url":"https:\/\/dicodusport.fr\/blog\/a-travers-le-hageland-2025-paul-magnier-simpose-en-force\/","name":"\u00c0 Travers le Hageland 2025 : Paul Magnier s'impose en force","isPartOf":{"@id":"https:\/\/dicodusport.fr\/blog\/#website"},"primaryImageOfPage":{"@id":"https:\/\/dicodusport.fr\/blog\/a-travers-le-hageland-2025-paul-magnier-simpose-en-force\/#primaryimage"},"image":{"@id":"https:\/\/dicodusport.fr\/blog\/a-travers-le-hageland-2025-paul-magnier-simpose-en-force\/#primaryimage"},"thumbnailUrl":"https:\/\/dicodusport.fr\/blog\/wp-content\/uploads\/2025\/06\/A-Travers-le-Hageland-2025-Paul-Magnier-simpose-en-force-1.png","datePublished":"2025-06-14T16:25:03+00:00","dateModified":"2025-06-14T17:05:22+00:00","description":"Paul Magnier (Soudal Quick-Step) a remport\u00e9 en costaud la 10\u00e8me \u00e9dition d'\u00c0 Travers le Hageland, ce samedi, \u00e0 Diest, en Belgique.\u00a0","breadcrumb":{"@id":"https:\/\/dicodusport.fr\/blog\/a-travers-le-hageland-2025-paul-magnier-simpose-en-force\/#breadcrumb"},"inLanguage":"fr-FR","potentialAction":[{"@type":"ReadAction","target":["https:\/\/dicodusport.fr\/blog\/a-travers-le-hageland-2025-paul-magnier-simpose-en-force\/"]}]},{"@type":"ImageObject","inLanguage":"fr-FR","@id":"https:\/\/dicodusport.fr\/blog\/a-travers-le-hageland-2025-paul-magnier-simpose-en-force\/#primaryimage","url":"https:\/\/dicodusport.fr\/blog\/wp-content\/uploads\/2025\/06\/A-Travers-le-Hageland-2025-Paul-Magnier-simpose-en-force-1.png","contentUrl":"https:\/\/dicodusport.fr\/blog\/wp-content\/uploads\/2025\/06\/A-Travers-le-Hageland-2025-Paul-Magnier-simpose-en-force-1.png","width":1200,"height":674,"caption":"\u00c0 Travers le Hageland 2025 Paul Magnier s'impose en force (1)"},{"@type":"BreadcrumbList","@id":"https:\/\/dicodusport.fr\/blog\/a-travers-le-hageland-2025-paul-magnier-simpose-en-force\/#breadcrumb","itemListElement":[{"@type":"ListItem","position":1,"name":"Accueil","item":"https:\/\/dicodusport.fr\/blog\/"},{"@type":"ListItem","position":2,"name":"\u00c0 Travers le Hageland 2025 : Paul Magnier s&rsquo;impose en force"}]},{"@type":"WebSite","@id":"https:\/\/dicodusport.fr\/blog\/#website","url":"https:\/\/dicodusport.fr\/blog\/","name":"Dicodusport","description":"L&#039;encyclop\u00e9die de l&#039;actualit\u00e9 sportive","publisher":{"@id":"https:\/\/dicodusport.fr\/blog\/#organization"},"potentialAction":[{"@type":"SearchAction","target":{"@type":"EntryPoint","urlTemplate":"https:\/\/dicodusport.fr\/blog\/?s={search_term_string}"},"query-input":{"@type":"PropertyValueSpecification","valueRequired":true,"valueName":"search_term_string"}}],"inLanguage":"fr-FR"},{"@type":"NewsMediaOrganization","@id":"https:\/\/dicodusport.fr\/blog\/#organization","name":"Dicodusport","url":"https:\/\/dicodusport.fr\/blog\/","logo":{"@type":"ImageObject","inLanguage":"fr-FR","@id":"https:\/\/dicodusport.fr\/blog\/#\/schema\/logo\/image\/","url":"https:\/\/dicodusport.fr\/blog\/wp-content\/uploads\/2020\/06\/cropped-LOGO-DICODUSPORT-2020-SANS-FOND-SANS-TEXTE.png","contentUrl":"https:\/\/dicodusport.fr\/blog\/wp-content\/uploads\/2020\/06\/cropped-LOGO-DICODUSPORT-2020-SANS-FOND-SANS-TEXTE.png","width":512,"height":512,"caption":"Dicodusport"},"image":{"@id":"https:\/\/dicodusport.fr\/blog\/#\/schema\/logo\/image\/"},"sameAs":["https:\/\/www.facebook.com\/dicodusport","https:\/\/x.com\/dicodusport","https:\/\/www.instagram.com\/dicodusport\/","https:\/\/www.youtube.com\/channel\/UC7V2KZ5sd3htJivAbA4ZG3w"],"description":"Dicodusport est l'encyclop\u00e9die de l'actualit\u00e9 sportive.","email":"bonjour@dicodusport.fr","legalName":"DICODUSPORT","foundingDate":"2018-01-14","vatID":"FR71834470973","taxID":"83447097300043","numberOfEmployees":{"@type":"QuantitativeValue","minValue":"1","maxValue":"10"}},{"@type":"Person","@id":"https:\/\/dicodusport.fr\/blog\/#\/schema\/person\/6db4bae06b171592211be385b32876a7","name":"Emilien Descampiaux","image":{"@type":"ImageObject","inLanguage":"fr-FR","@id":"https:\/\/dicodusport.fr\/blog\/#\/schema\/person\/image\/","url":"https:\/\/dicodusport.fr\/blog\/wp-content\/uploads\/2021\/05\/Emilien-Descampiaux-150x150.jpg","contentUrl":"https:\/\/dicodusport.fr\/blog\/wp-content\/uploads\/2021\/05\/Emilien-Descampiaux-150x150.jpg","caption":"Emilien Descampiaux"},"description":"Journaliste\/r\u00e9dacteur depuis 2014 - Fan de la classe de Frank Vandenbroucke, je vis cyclisme (et de ses paysages) depuis plus de 20 ans. Je suis tr\u00e8s impliqu\u00e9 sur mes diff\u00e9rents r\u00e9seaux sociaux pour partager ma passion sur le monde et l'Histoire de la bicyclette avec ma voix sur les images en noir et blanc du succ\u00e8s de Rik Van Steenbergen lors du Ronde sur le V\u00e9lodrome de Gand.","sameAs":["https:\/\/www.facebook.com\/groups\/LesRoisDuPeloton","https:\/\/x.com\/https:\/\/twitter.com\/LRoisDuPeloton"],"url":"https:\/\/dicodusport.fr\/blog\/author\/emiliend\/"}]}},"_links":{"self":[{"href":"https:\/\/dicodusport.fr\/blog\/wp-json\/wp\/v2\/posts\/586672","targetHints":{"allow":["GET"]}}],"collection":[{"href":"https:\/\/dicodusport.fr\/blog\/wp-json\/wp\/v2\/posts"}],"about":[{"href":"https:\/\/dicodusport.fr\/blog\/wp-json\/wp\/v2\/types\/post"}],"author":[{"embeddable":true,"href":"https:\/\/dicodusport.fr\/blog\/wp-json\/wp\/v2\/users\/48"}],"replies":[{"embeddable":true,"href":"https:\/\/dicodusport.fr\/blog\/wp-json\/wp\/v2\/comments?post=586672"}],"version-history":[{"count":6,"href":"https:\/\/dicodusport.fr\/blog\/wp-json\/wp\/v2\/posts\/586672\/revisions"}],"predecessor-version":[{"id":586847,"href":"https:\/\/dicodusport.fr\/blog\/wp-json\/wp\/v2\/posts\/586672\/revisions\/586847"}],"wp:featuredmedia":[{"embeddable":true,"href":"https:\/\/dicodusport.fr\/blog\/wp-json\/wp\/v2\/media\/586845"}],"wp:attachment":[{"href":"https:\/\/dicodusport.fr\/blog\/wp-json\/wp\/v2\/media?parent=586672"}],"wp:term":[{"taxonomy":"category","embeddable":true,"href":"https:\/\/dicodusport.fr\/blog\/wp-json\/wp\/v2\/categories?post=586672"},{"taxonomy":"post_tag","embeddable":true,"href":"https:\/\/dicodusport.fr\/blog\/wp-json\/wp\/v2\/tags?post=586672"}],"curies":[{"name":"wp","href":"https:\/\/api.w.org\/{rel}","templated":true}]}}