{"id":586684,"date":"2025-06-14T15:56:30","date_gmt":"2025-06-14T13:56:30","guid":{"rendered":"https:\/\/dicodusport.fr\/blog\/?p=586684&#038;preview=true&#038;preview_id=586684"},"modified":"2025-06-14T16:08:11","modified_gmt":"2025-06-14T14:08:11","slug":"tour-de-suisse-femmes-2025-elisa-balsamo-remporte-la-3eme-etape-au-sprint","status":"publish","type":"post","link":"https:\/\/dicodusport.fr\/blog\/tour-de-suisse-femmes-2025-elisa-balsamo-remporte-la-3eme-etape-au-sprint\/","title":{"rendered":"Tour de Suisse Femmes 2025 : Elisa Balsamo remporte la 3\u00e8me \u00e9tape au sprint"},"content":{"rendered":"<p style=\"text-align: justify;\"><strong><em>TOUR DE SUISSE FEMMES 2025 \u2013 Elisa Balsamo a remport\u00e9 au sprint la 3\u00e8me \u00e9tape \u00e0 K\u00fcssnacht. Au classement g\u00e9n\u00e9ral, Marlen Reusser conserve la tunique jaune pour 3 petites secondes, devant Demi Vollering.<\/em><\/strong><\/p>\n<ul style=\"text-align: justify;\">\n<li><strong>\u00c0 ce sujet \u2013 <a href=\"https:\/\/dicodusport.fr\/blog\/actualites\/cyclisme\/cyclisme-sur-route\/\">Toute l\u2019actualit\u00e9 du cyclisme<\/a><\/strong><\/li>\n<\/ul>\n<p style=\"text-align: justify;\">Un peu de r\u00e9pit avant la temp\u00eate. La <strong>3\u00e8me \u00e9tape<\/strong> du <strong>Tour de Suisse f\u00e9minin<\/strong> disput\u00e9e ce samedi \u00e9tait l&rsquo;\u00e9tape la moins difficile de la semaine avec seulement deux br\u00e8ves difficult\u00e9s au programme, la derni\u00e8re \u00e9tant situ\u00e9e \u00e0 plus de 30 kilom\u00e8tres de la ligne. La guerre pour le g\u00e9n\u00e9ral, actuellement men\u00e9 par <strong>Marlen Reusser<\/strong> (Movistar) pour quatre petites secondes devant <strong>Demi Vollering<\/strong> (FDJ-Suez), allait donc \u00eatre report\u00e9e \u00e0 l&rsquo;ultime journ\u00e9e.<\/p>\n<h2 style=\"text-align: justify;\">Demi Vollering grappille une seconde, le p\u00e9riple de Faulkner<\/h2>\n<p style=\"text-align: justify;\">En attendant, les sprinteuses, mais aussi pourquoi pas les baroudeuses avaient une belle opportunit\u00e9 sur les <strong>123,1 km<\/strong> s\u00e9parant Oberkirch de <strong>K\u00fcssnacht<\/strong>. Ce n&rsquo;est d&rsquo;ailleurs pas un hasard si la premi\u00e8re agitatrice de la journ\u00e9e s&rsquo;est nomm\u00e9e <strong>Kristen Faulkner<\/strong> (EF Education-Oatly). La championne des \u00c9tats-Unis a rapidement form\u00e9 \u00e0 elle seule l&rsquo;\u00e9chapp\u00e9e du jour. Malheureusement, les SD Worx-Protime et les Lidl-Trek ne lui ont laiss\u00e9 aucune marge de man\u0153uvre, son avance maximale n&rsquo;ayant jamais d\u00e9pass\u00e9 la barre des deux minutes. Cela ne l&rsquo;a pas emp\u00each\u00e9 de pers\u00e9v\u00e9rer pour r\u00e9aliser un v\u00e9ritable num\u00e9ro en solitaire.<\/p>\n<p style=\"text-align: justify;\">L&rsquo;Am\u00e9ricaine a abord\u00e9 le dernier tiers de la journ\u00e9e en t\u00eate, ce qui lui a permis de passer en t\u00eate des deux sprints interm\u00e9diaires situ\u00e9s \u00e0 un kilom\u00e8tre d&rsquo;intervalle, dans l&rsquo;ascension de l&rsquo;Aegeristrasse (4,5 km \u00e0 4,2%). Il restait donc quelques pr\u00e9cieuses secondes de bonification \u00e0 se disputer dans le peloton. Naturellement, la FDJ-Suez a fait le forcing pour permettre \u00e0 <strong>Demi Vollering<\/strong> de rafler deux secondes sur le premier sprint, tandis que sa co\u00e9quipi\u00e8re <strong>Elise Chabbey<\/strong> a gratt\u00e9 la derni\u00e8re seconde disponible. Puis, <strong>Marlen Reusser<\/strong> (Movistar) a pris sa revanche en battant sa rivale sur le second. Au final, la leader du g\u00e9n\u00e9ral a limit\u00e9 la casse, perdant seulement une petite seconde.<\/p>\n<blockquote class=\"twitter-tweet\">\n<p dir=\"ltr\" lang=\"en\">\ud83c\udfc1 <a href=\"https:\/\/twitter.com\/tds?ref_src=twsrc%5Etfw\">@tds<\/a> 50 km<\/p>\n<p>Kristen Faulkner (EF Education-Oatly) keeps her solo time trial effort going strong.<br \/>\nShe now has a 1&rsquo;45\u00a0\u00bb lead on the peloton \ud83d\udc40<\/p>\n<p>\u00a9 Getty | <a href=\"https:\/\/twitter.com\/hashtag\/UCIWWT?src=hash&amp;ref_src=twsrc%5Etfw\">#UCIWWT<\/a> <a href=\"https:\/\/twitter.com\/hashtag\/TourDeSuisseWomen?src=hash&amp;ref_src=twsrc%5Etfw\">#TourDeSuisseWomen<\/a> <a href=\"https:\/\/twitter.com\/hashtag\/TDS2025?src=hash&amp;ref_src=twsrc%5Etfw\">#TDS2025<\/a> <a href=\"https:\/\/t.co\/N7hgLVzVP0\">pic.twitter.com\/N7hgLVzVP0<\/a><\/p>\n<p>\u2014 UCI_WWT (@UCI_WWT) <a href=\"https:\/\/twitter.com\/UCI_WWT\/status\/1933866651209945321?ref_src=twsrc%5Etfw\">June 14, 2025<\/a><\/p><\/blockquote>\n<p style=\"text-align: justify;\"><script async src=\"https:\/\/platform.twitter.com\/widgets.js\" charset=\"utf-8\"><\/script><\/p>\n<h2 style=\"text-align: justify;\">Elisa Balsamo transforme l&rsquo;essai<\/h2>\n<p style=\"text-align: justify;\">Dans la foul\u00e9e, le peloton a continu\u00e9 d&rsquo;avancer sur un tempo \u00e9lev\u00e9, ce qui a condamn\u00e9 de nombreuses filles \u00e0 l&rsquo;arri\u00e8re du groupe. En revanche, Kristen Faulkner a poursuivi son raid solitaire jusqu&rsquo;au sommet, avant de voir son p\u00e9riple de plus de 80 bornes prendre fin. Cela lance une nouvelle phase folle de course o\u00f9 les offensives se multiplient. Un quatuor cinq \u00e9toiles est notamment parvenu \u00e0 se d\u00e9tacher spontan\u00e9ment avec <strong>C\u00e9drine Kerbaol<\/strong> (EF Education-Oatly), <strong>Niamh Fisher-Black<\/strong> (Lidl-Trek), <strong>Femke de Vries<\/strong> (Visma Lease a bike), et surtout la 3\u00e8me du g\u00e9n\u00e9ral, <strong>Katarzyna Niewiadoma<\/strong> (Canyon\/\/SRAM). Mais les \u00e9quipes int\u00e9ress\u00e9es par le classement g\u00e9n\u00e9ral et\/ou un sprint ne se sont pas laiss\u00e9es berner.<\/p>\n<p style=\"text-align: justify;\">Malgr\u00e9 quelques secousses d\u00e9coulant de nouvelles attaques, le sprint final tant attendu a bien eu lieu. D\u00e9termin\u00e9e, la SD Worx-Protime s&rsquo;est employ\u00e9e, s&rsquo;appuyant m\u00eame sur les pr\u00e9cieux coups de main de plusieurs autres formations, pour ramener tout le monde \u00e0 la raison. L&#8217;emballage s&rsquo;est alors lanc\u00e9, sans la 5\u00e8me du g\u00e9n\u00e9ral, <strong>Mavi Garcia<\/strong> (Liv-AlUla-Jayco), qui a perdu de pr\u00e9cieuses secondes suite \u00e0 une petite chute \u00e0 quatre kilom\u00e8tres de la ligne. Pour la victoire finale, cela s&rsquo;est r\u00e9sum\u00e9 \u00e0 un duel de sprinteuses entre<strong> Elisa Balsamo<\/strong> (Lidl-Trek) et <strong>Mischa Bredewold<\/strong> (SD Worx-Protime). Contrainte de lancer de loin, l&rsquo;Italienne a r\u00e9sist\u00e9 d&rsquo;un rien au retour de la N\u00e9erlandaise pour s&rsquo;offrir la victoire. Derri\u00e8re,<strong> Noemi R\u00fcegg<\/strong> (EF Education-Oatly) compl\u00e8te le podium de cette \u00e9tape.<\/p>\n<blockquote class=\"twitter-tweet\">\n<p dir=\"ltr\" lang=\"nl\">\ud83d\udeb4\ud83c\udde8\ud83c\udded | Het is Elisa Balsamo die de massasprint in de derde etappe van de Ronde van Zwitserland wint! Het klassement zal morgen in de afsluitende rit beslist worden.<\/p>\n<p>\ud83d\udcfa Stream koers op HBO Max <a href=\"https:\/\/t.co\/D9NWRS5NXV\">pic.twitter.com\/D9NWRS5NXV<\/a><\/p>\n<p>\u2014 Eurosport Nederland (@Eurosport_NL) <a href=\"https:\/\/twitter.com\/Eurosport_NL\/status\/1933885850275758451?ref_src=twsrc%5Etfw\">June 14, 2025<\/a><\/p><\/blockquote>\n<p><script async src=\"https:\/\/platform.twitter.com\/widgets.js\" charset=\"utf-8\"><\/script><\/p>\n","protected":false},"excerpt":{"rendered":"<p>TOUR DE SUISSE FEMMES 2025 \u2013 Elisa Balsamo a remport\u00e9 au sprint la 3\u00e8me \u00e9tape \u00e0 K\u00fcssnacht. Au classement g\u00e9n\u00e9ral, Marlen Reusser conserve la tunique jaune pour 3 petites secondes, devant Demi Vollering.<\/p>\n","protected":false},"author":55,"featured_media":586721,"comment_status":"open","ping_status":"closed","sticky":false,"template":"","format":"standard","meta":{"_acf_changed":false,"_daextam_enable_autolinks":"1","footnotes":""},"categories":[2307,46994],"tags":[16878,30477,47066],"class_list":["post-586684","post","type-post","status-publish","format-standard","has-post-thumbnail","hentry","category-cyclisme","category-cyclisme-sur-route","tag-breve","tag-elisa-balsamo","tag-tour-de-suisse-feminin"],"acf":[],"yoast_head":"<!-- This site is optimized with the Yoast SEO Premium plugin v26.7 (Yoast SEO v26.7) - https:\/\/yoast.com\/wordpress\/plugins\/seo\/ -->\n<title>Tour de Suisse Femmes 2025 : Elisa Balsamo remporte la 3\u00e8me \u00e9tape au sprint<\/title>\n<meta name=\"description\" content=\"TOUR DE SUISSE FEMMES 2025 \u2013 Elisa Balsamo a remport\u00e9 au sprint la 3\u00e8me \u00e9tape \u00e0 K\u00fcssnacht. Au g\u00e9n\u00e9ral, Marlen Reusser reste en jaune.\" \/>\n<meta name=\"robots\" content=\"index, follow, max-snippet:-1, max-image-preview:large, max-video-preview:-1\" \/>\n<link rel=\"canonical\" href=\"https:\/\/dicodusport.fr\/blog\/tour-de-suisse-femmes-2025-elisa-balsamo-remporte-la-3eme-etape-au-sprint\/\" \/>\n<meta property=\"og:locale\" content=\"fr_FR\" \/>\n<meta property=\"og:type\" content=\"article\" \/>\n<meta property=\"og:title\" content=\"Tour de Suisse Femmes 2025 : Elisa Balsamo remporte la 3\u00e8me \u00e9tape au sprint\" \/>\n<meta property=\"og:description\" content=\"TOUR DE SUISSE FEMMES 2025 \u2013 Elisa Balsamo a remport\u00e9 au sprint la 3\u00e8me \u00e9tape \u00e0 K\u00fcssnacht. Au classement g\u00e9n\u00e9ral, Marlen Reusser conserve la tunique jaune pour 3 petites secondes, devant Demi Vollering.\" \/>\n<meta property=\"og:url\" content=\"https:\/\/dicodusport.fr\/blog\/tour-de-suisse-femmes-2025-elisa-balsamo-remporte-la-3eme-etape-au-sprint\/\" \/>\n<meta property=\"og:site_name\" content=\"Dicodusport\" \/>\n<meta property=\"article:publisher\" content=\"https:\/\/www.facebook.com\/dicodusport\" \/>\n<meta property=\"article:published_time\" content=\"2025-06-14T13:56:30+00:00\" \/>\n<meta property=\"article:modified_time\" content=\"2025-06-14T14:08:11+00:00\" \/>\n<meta property=\"og:image\" content=\"https:\/\/dicodusport.fr\/blog\/wp-content\/uploads\/2025\/06\/Tour-de-Suisse-Femmes-2025-Elisa-Balsamo-remporte-la-3eme-etape-au-sprint.png\" \/>\n\t<meta property=\"og:image:width\" content=\"1200\" \/>\n\t<meta property=\"og:image:height\" content=\"674\" \/>\n\t<meta property=\"og:image:type\" content=\"image\/png\" \/>\n<meta name=\"author\" content=\"Maxime Cazenave\" \/>\n<meta name=\"twitter:card\" content=\"summary_large_image\" \/>\n<meta name=\"twitter:description\" content=\"TOUR DE SUISSE FEMMES 2025 \u2013 Elisa Balsamo a remport\u00e9 au sprint la 3\u00e8me \u00e9tape \u00e0 K\u00fcssnacht. Au classement g\u00e9n\u00e9ral, Marlen Reusser conserve la tunique jaune pour 3 petites secondes, devant Demi Vollering.\" \/>\n<meta name=\"twitter:creator\" content=\"@https:\/\/twitter.com\/Maxime_Caze\" \/>\n<meta name=\"twitter:site\" content=\"@dicodusport\" \/>\n<script type=\"application\/ld+json\" class=\"yoast-schema-graph\">{\"@context\":\"https:\/\/schema.org\",\"@graph\":[{\"@type\":\"NewsArticle\",\"@id\":\"https:\/\/dicodusport.fr\/blog\/tour-de-suisse-femmes-2025-elisa-balsamo-remporte-la-3eme-etape-au-sprint\/#article\",\"isPartOf\":{\"@id\":\"https:\/\/dicodusport.fr\/blog\/tour-de-suisse-femmes-2025-elisa-balsamo-remporte-la-3eme-etape-au-sprint\/\"},\"author\":{\"name\":\"Maxime Cazenave\",\"@id\":\"https:\/\/dicodusport.fr\/blog\/#\/schema\/person\/37def232098a7a5cbab3974a3690abb0\"},\"headline\":\"Tour de Suisse Femmes 2025 : Elisa Balsamo remporte la 3\u00e8me \u00e9tape au sprint\",\"datePublished\":\"2025-06-14T13:56:30+00:00\",\"dateModified\":\"2025-06-14T14:08:11+00:00\",\"mainEntityOfPage\":{\"@id\":\"https:\/\/dicodusport.fr\/blog\/tour-de-suisse-femmes-2025-elisa-balsamo-remporte-la-3eme-etape-au-sprint\/\"},\"wordCount\":732,\"commentCount\":0,\"publisher\":{\"@id\":\"https:\/\/dicodusport.fr\/blog\/#organization\"},\"image\":{\"@id\":\"https:\/\/dicodusport.fr\/blog\/tour-de-suisse-femmes-2025-elisa-balsamo-remporte-la-3eme-etape-au-sprint\/#primaryimage\"},\"thumbnailUrl\":\"https:\/\/dicodusport.fr\/blog\/wp-content\/uploads\/2025\/06\/Tour-de-Suisse-Femmes-2025-Elisa-Balsamo-remporte-la-3eme-etape-au-sprint.png\",\"keywords\":[\"br\u00e8ve\",\"Elisa Balsamo\",\"Tour de Suisse f\u00e9minin\"],\"articleSection\":[\"Cyclisme\",\"Cyclisme sur route\"],\"inLanguage\":\"fr-FR\",\"potentialAction\":[{\"@type\":\"CommentAction\",\"name\":\"Comment\",\"target\":[\"https:\/\/dicodusport.fr\/blog\/tour-de-suisse-femmes-2025-elisa-balsamo-remporte-la-3eme-etape-au-sprint\/#respond\"]}],\"copyrightYear\":\"2025\",\"copyrightHolder\":{\"@id\":\"https:\/\/dicodusport.fr\/blog\/#organization\"}},{\"@type\":\"WebPage\",\"@id\":\"https:\/\/dicodusport.fr\/blog\/tour-de-suisse-femmes-2025-elisa-balsamo-remporte-la-3eme-etape-au-sprint\/\",\"url\":\"https:\/\/dicodusport.fr\/blog\/tour-de-suisse-femmes-2025-elisa-balsamo-remporte-la-3eme-etape-au-sprint\/\",\"name\":\"Tour de Suisse Femmes 2025 : Elisa Balsamo remporte la 3\u00e8me \u00e9tape au sprint\",\"isPartOf\":{\"@id\":\"https:\/\/dicodusport.fr\/blog\/#website\"},\"primaryImageOfPage\":{\"@id\":\"https:\/\/dicodusport.fr\/blog\/tour-de-suisse-femmes-2025-elisa-balsamo-remporte-la-3eme-etape-au-sprint\/#primaryimage\"},\"image\":{\"@id\":\"https:\/\/dicodusport.fr\/blog\/tour-de-suisse-femmes-2025-elisa-balsamo-remporte-la-3eme-etape-au-sprint\/#primaryimage\"},\"thumbnailUrl\":\"https:\/\/dicodusport.fr\/blog\/wp-content\/uploads\/2025\/06\/Tour-de-Suisse-Femmes-2025-Elisa-Balsamo-remporte-la-3eme-etape-au-sprint.png\",\"datePublished\":\"2025-06-14T13:56:30+00:00\",\"dateModified\":\"2025-06-14T14:08:11+00:00\",\"description\":\"TOUR DE SUISSE FEMMES 2025 \u2013 Elisa Balsamo a remport\u00e9 au sprint la 3\u00e8me \u00e9tape \u00e0 K\u00fcssnacht. Au g\u00e9n\u00e9ral, Marlen Reusser reste en jaune.\",\"breadcrumb\":{\"@id\":\"https:\/\/dicodusport.fr\/blog\/tour-de-suisse-femmes-2025-elisa-balsamo-remporte-la-3eme-etape-au-sprint\/#breadcrumb\"},\"inLanguage\":\"fr-FR\",\"potentialAction\":[{\"@type\":\"ReadAction\",\"target\":[\"https:\/\/dicodusport.fr\/blog\/tour-de-suisse-femmes-2025-elisa-balsamo-remporte-la-3eme-etape-au-sprint\/\"]}]},{\"@type\":\"ImageObject\",\"inLanguage\":\"fr-FR\",\"@id\":\"https:\/\/dicodusport.fr\/blog\/tour-de-suisse-femmes-2025-elisa-balsamo-remporte-la-3eme-etape-au-sprint\/#primaryimage\",\"url\":\"https:\/\/dicodusport.fr\/blog\/wp-content\/uploads\/2025\/06\/Tour-de-Suisse-Femmes-2025-Elisa-Balsamo-remporte-la-3eme-etape-au-sprint.png\",\"contentUrl\":\"https:\/\/dicodusport.fr\/blog\/wp-content\/uploads\/2025\/06\/Tour-de-Suisse-Femmes-2025-Elisa-Balsamo-remporte-la-3eme-etape-au-sprint.png\",\"width\":1200,\"height\":674,\"caption\":\"Tour de Suisse Femmes 2025 : Elisa Balsamo remporte la 3\u00e8me \u00e9tape au sprint\"},{\"@type\":\"BreadcrumbList\",\"@id\":\"https:\/\/dicodusport.fr\/blog\/tour-de-suisse-femmes-2025-elisa-balsamo-remporte-la-3eme-etape-au-sprint\/#breadcrumb\",\"itemListElement\":[{\"@type\":\"ListItem\",\"position\":1,\"name\":\"Accueil\",\"item\":\"https:\/\/dicodusport.fr\/blog\/\"},{\"@type\":\"ListItem\",\"position\":2,\"name\":\"Tour de Suisse Femmes 2025 : Elisa Balsamo remporte la 3\u00e8me \u00e9tape au sprint\"}]},{\"@type\":\"WebSite\",\"@id\":\"https:\/\/dicodusport.fr\/blog\/#website\",\"url\":\"https:\/\/dicodusport.fr\/blog\/\",\"name\":\"Dicodusport\",\"description\":\"L&#039;encyclop\u00e9die de l&#039;actualit\u00e9 sportive\",\"publisher\":{\"@id\":\"https:\/\/dicodusport.fr\/blog\/#organization\"},\"potentialAction\":[{\"@type\":\"SearchAction\",\"target\":{\"@type\":\"EntryPoint\",\"urlTemplate\":\"https:\/\/dicodusport.fr\/blog\/?s={search_term_string}\"},\"query-input\":{\"@type\":\"PropertyValueSpecification\",\"valueRequired\":true,\"valueName\":\"search_term_string\"}}],\"inLanguage\":\"fr-FR\"},{\"@type\":\"NewsMediaOrganization\",\"@id\":\"https:\/\/dicodusport.fr\/blog\/#organization\",\"name\":\"Dicodusport\",\"url\":\"https:\/\/dicodusport.fr\/blog\/\",\"logo\":{\"@type\":\"ImageObject\",\"inLanguage\":\"fr-FR\",\"@id\":\"https:\/\/dicodusport.fr\/blog\/#\/schema\/logo\/image\/\",\"url\":\"https:\/\/dicodusport.fr\/blog\/wp-content\/uploads\/2020\/06\/cropped-LOGO-DICODUSPORT-2020-SANS-FOND-SANS-TEXTE.png\",\"contentUrl\":\"https:\/\/dicodusport.fr\/blog\/wp-content\/uploads\/2020\/06\/cropped-LOGO-DICODUSPORT-2020-SANS-FOND-SANS-TEXTE.png\",\"width\":512,\"height\":512,\"caption\":\"Dicodusport\"},\"image\":{\"@id\":\"https:\/\/dicodusport.fr\/blog\/#\/schema\/logo\/image\/\"},\"sameAs\":[\"https:\/\/www.facebook.com\/dicodusport\",\"https:\/\/x.com\/dicodusport\",\"https:\/\/www.instagram.com\/dicodusport\/\",\"https:\/\/www.youtube.com\/channel\/UC7V2KZ5sd3htJivAbA4ZG3w\"],\"description\":\"Dicodusport est l'encyclop\u00e9die de l'actualit\u00e9 sportive.\",\"email\":\"bonjour@dicodusport.fr\",\"legalName\":\"DICODUSPORT\",\"foundingDate\":\"2018-01-14\",\"vatID\":\"FR71834470973\",\"taxID\":\"83447097300043\",\"numberOfEmployees\":{\"@type\":\"QuantitativeValue\",\"minValue\":\"1\",\"maxValue\":\"10\"}},{\"@type\":\"Person\",\"@id\":\"https:\/\/dicodusport.fr\/blog\/#\/schema\/person\/37def232098a7a5cbab3974a3690abb0\",\"name\":\"Maxime Cazenave\",\"image\":{\"@type\":\"ImageObject\",\"inLanguage\":\"fr-FR\",\"@id\":\"https:\/\/dicodusport.fr\/blog\/#\/schema\/person\/image\/\",\"url\":\"https:\/\/dicodusport.fr\/blog\/wp-content\/uploads\/2021\/05\/Maxime-Cazenave-150x150.jpg\",\"contentUrl\":\"https:\/\/dicodusport.fr\/blog\/wp-content\/uploads\/2021\/05\/Maxime-Cazenave-150x150.jpg\",\"caption\":\"Maxime Cazenave\"},\"description\":\"Journaliste\/R\u00e9dacteur depuis 2012 - Berc\u00e9 par l\u2019amour des Girondins de Bordeaux, les \u00e9checs de Christophe Moreau sur le Tour de France sous l'\u00e8re Lance Armstrong et le fade-away l\u00e9tal de Dirk Nowitzki, ma passion d\u00e9vorante pour le sport a toujours \u00e9t\u00e9 un pan incontournable de ma vie. Transmettre ma passion \u00e0 l\u2019\u00e9crit a \u00e9t\u00e9 une transition naturelle. Suiveur assidu de basket et de hockey sur glace, je garde toujours un peu de place pour suivre le cyclisme, le football et le maximum de performances fran\u00e7aises.\",\"sameAs\":[\"https:\/\/x.com\/https:\/\/twitter.com\/Maxime_Caze\"],\"url\":\"https:\/\/dicodusport.fr\/blog\/author\/maximec\/\"}]}<\/script>\n<!-- \/ Yoast SEO Premium plugin. -->","yoast_head_json":{"title":"Tour de Suisse Femmes 2025 : Elisa Balsamo remporte la 3\u00e8me \u00e9tape au sprint","description":"TOUR DE SUISSE FEMMES 2025 \u2013 Elisa Balsamo a remport\u00e9 au sprint la 3\u00e8me \u00e9tape \u00e0 K\u00fcssnacht. Au g\u00e9n\u00e9ral, Marlen Reusser reste en jaune.","robots":{"index":"index","follow":"follow","max-snippet":"max-snippet:-1","max-image-preview":"max-image-preview:large","max-video-preview":"max-video-preview:-1"},"canonical":"https:\/\/dicodusport.fr\/blog\/tour-de-suisse-femmes-2025-elisa-balsamo-remporte-la-3eme-etape-au-sprint\/","og_locale":"fr_FR","og_type":"article","og_title":"Tour de Suisse Femmes 2025 : Elisa Balsamo remporte la 3\u00e8me \u00e9tape au sprint","og_description":"TOUR DE SUISSE FEMMES 2025 \u2013 Elisa Balsamo a remport\u00e9 au sprint la 3\u00e8me \u00e9tape \u00e0 K\u00fcssnacht. Au classement g\u00e9n\u00e9ral, Marlen Reusser conserve la tunique jaune pour 3 petites secondes, devant Demi Vollering.","og_url":"https:\/\/dicodusport.fr\/blog\/tour-de-suisse-femmes-2025-elisa-balsamo-remporte-la-3eme-etape-au-sprint\/","og_site_name":"Dicodusport","article_publisher":"https:\/\/www.facebook.com\/dicodusport","article_published_time":"2025-06-14T13:56:30+00:00","article_modified_time":"2025-06-14T14:08:11+00:00","og_image":[{"width":1200,"height":674,"url":"https:\/\/dicodusport.fr\/blog\/wp-content\/uploads\/2025\/06\/Tour-de-Suisse-Femmes-2025-Elisa-Balsamo-remporte-la-3eme-etape-au-sprint.png","type":"image\/png"}],"author":"Maxime Cazenave","twitter_card":"summary_large_image","twitter_description":"TOUR DE SUISSE FEMMES 2025 \u2013 Elisa Balsamo a remport\u00e9 au sprint la 3\u00e8me \u00e9tape \u00e0 K\u00fcssnacht. Au classement g\u00e9n\u00e9ral, Marlen Reusser conserve la tunique jaune pour 3 petites secondes, devant Demi Vollering.","twitter_creator":"@https:\/\/twitter.com\/Maxime_Caze","twitter_site":"@dicodusport","schema":{"@context":"https:\/\/schema.org","@graph":[{"@type":"NewsArticle","@id":"https:\/\/dicodusport.fr\/blog\/tour-de-suisse-femmes-2025-elisa-balsamo-remporte-la-3eme-etape-au-sprint\/#article","isPartOf":{"@id":"https:\/\/dicodusport.fr\/blog\/tour-de-suisse-femmes-2025-elisa-balsamo-remporte-la-3eme-etape-au-sprint\/"},"author":{"name":"Maxime Cazenave","@id":"https:\/\/dicodusport.fr\/blog\/#\/schema\/person\/37def232098a7a5cbab3974a3690abb0"},"headline":"Tour de Suisse Femmes 2025 : Elisa Balsamo remporte la 3\u00e8me \u00e9tape au sprint","datePublished":"2025-06-14T13:56:30+00:00","dateModified":"2025-06-14T14:08:11+00:00","mainEntityOfPage":{"@id":"https:\/\/dicodusport.fr\/blog\/tour-de-suisse-femmes-2025-elisa-balsamo-remporte-la-3eme-etape-au-sprint\/"},"wordCount":732,"commentCount":0,"publisher":{"@id":"https:\/\/dicodusport.fr\/blog\/#organization"},"image":{"@id":"https:\/\/dicodusport.fr\/blog\/tour-de-suisse-femmes-2025-elisa-balsamo-remporte-la-3eme-etape-au-sprint\/#primaryimage"},"thumbnailUrl":"https:\/\/dicodusport.fr\/blog\/wp-content\/uploads\/2025\/06\/Tour-de-Suisse-Femmes-2025-Elisa-Balsamo-remporte-la-3eme-etape-au-sprint.png","keywords":["br\u00e8ve","Elisa Balsamo","Tour de Suisse f\u00e9minin"],"articleSection":["Cyclisme","Cyclisme sur route"],"inLanguage":"fr-FR","potentialAction":[{"@type":"CommentAction","name":"Comment","target":["https:\/\/dicodusport.fr\/blog\/tour-de-suisse-femmes-2025-elisa-balsamo-remporte-la-3eme-etape-au-sprint\/#respond"]}],"copyrightYear":"2025","copyrightHolder":{"@id":"https:\/\/dicodusport.fr\/blog\/#organization"}},{"@type":"WebPage","@id":"https:\/\/dicodusport.fr\/blog\/tour-de-suisse-femmes-2025-elisa-balsamo-remporte-la-3eme-etape-au-sprint\/","url":"https:\/\/dicodusport.fr\/blog\/tour-de-suisse-femmes-2025-elisa-balsamo-remporte-la-3eme-etape-au-sprint\/","name":"Tour de Suisse Femmes 2025 : Elisa Balsamo remporte la 3\u00e8me \u00e9tape au sprint","isPartOf":{"@id":"https:\/\/dicodusport.fr\/blog\/#website"},"primaryImageOfPage":{"@id":"https:\/\/dicodusport.fr\/blog\/tour-de-suisse-femmes-2025-elisa-balsamo-remporte-la-3eme-etape-au-sprint\/#primaryimage"},"image":{"@id":"https:\/\/dicodusport.fr\/blog\/tour-de-suisse-femmes-2025-elisa-balsamo-remporte-la-3eme-etape-au-sprint\/#primaryimage"},"thumbnailUrl":"https:\/\/dicodusport.fr\/blog\/wp-content\/uploads\/2025\/06\/Tour-de-Suisse-Femmes-2025-Elisa-Balsamo-remporte-la-3eme-etape-au-sprint.png","datePublished":"2025-06-14T13:56:30+00:00","dateModified":"2025-06-14T14:08:11+00:00","description":"TOUR DE SUISSE FEMMES 2025 \u2013 Elisa Balsamo a remport\u00e9 au sprint la 3\u00e8me \u00e9tape \u00e0 K\u00fcssnacht. Au g\u00e9n\u00e9ral, Marlen Reusser reste en jaune.","breadcrumb":{"@id":"https:\/\/dicodusport.fr\/blog\/tour-de-suisse-femmes-2025-elisa-balsamo-remporte-la-3eme-etape-au-sprint\/#breadcrumb"},"inLanguage":"fr-FR","potentialAction":[{"@type":"ReadAction","target":["https:\/\/dicodusport.fr\/blog\/tour-de-suisse-femmes-2025-elisa-balsamo-remporte-la-3eme-etape-au-sprint\/"]}]},{"@type":"ImageObject","inLanguage":"fr-FR","@id":"https:\/\/dicodusport.fr\/blog\/tour-de-suisse-femmes-2025-elisa-balsamo-remporte-la-3eme-etape-au-sprint\/#primaryimage","url":"https:\/\/dicodusport.fr\/blog\/wp-content\/uploads\/2025\/06\/Tour-de-Suisse-Femmes-2025-Elisa-Balsamo-remporte-la-3eme-etape-au-sprint.png","contentUrl":"https:\/\/dicodusport.fr\/blog\/wp-content\/uploads\/2025\/06\/Tour-de-Suisse-Femmes-2025-Elisa-Balsamo-remporte-la-3eme-etape-au-sprint.png","width":1200,"height":674,"caption":"Tour de Suisse Femmes 2025 : Elisa Balsamo remporte la 3\u00e8me \u00e9tape au sprint"},{"@type":"BreadcrumbList","@id":"https:\/\/dicodusport.fr\/blog\/tour-de-suisse-femmes-2025-elisa-balsamo-remporte-la-3eme-etape-au-sprint\/#breadcrumb","itemListElement":[{"@type":"ListItem","position":1,"name":"Accueil","item":"https:\/\/dicodusport.fr\/blog\/"},{"@type":"ListItem","position":2,"name":"Tour de Suisse Femmes 2025 : Elisa Balsamo remporte la 3\u00e8me \u00e9tape au sprint"}]},{"@type":"WebSite","@id":"https:\/\/dicodusport.fr\/blog\/#website","url":"https:\/\/dicodusport.fr\/blog\/","name":"Dicodusport","description":"L&#039;encyclop\u00e9die de l&#039;actualit\u00e9 sportive","publisher":{"@id":"https:\/\/dicodusport.fr\/blog\/#organization"},"potentialAction":[{"@type":"SearchAction","target":{"@type":"EntryPoint","urlTemplate":"https:\/\/dicodusport.fr\/blog\/?s={search_term_string}"},"query-input":{"@type":"PropertyValueSpecification","valueRequired":true,"valueName":"search_term_string"}}],"inLanguage":"fr-FR"},{"@type":"NewsMediaOrganization","@id":"https:\/\/dicodusport.fr\/blog\/#organization","name":"Dicodusport","url":"https:\/\/dicodusport.fr\/blog\/","logo":{"@type":"ImageObject","inLanguage":"fr-FR","@id":"https:\/\/dicodusport.fr\/blog\/#\/schema\/logo\/image\/","url":"https:\/\/dicodusport.fr\/blog\/wp-content\/uploads\/2020\/06\/cropped-LOGO-DICODUSPORT-2020-SANS-FOND-SANS-TEXTE.png","contentUrl":"https:\/\/dicodusport.fr\/blog\/wp-content\/uploads\/2020\/06\/cropped-LOGO-DICODUSPORT-2020-SANS-FOND-SANS-TEXTE.png","width":512,"height":512,"caption":"Dicodusport"},"image":{"@id":"https:\/\/dicodusport.fr\/blog\/#\/schema\/logo\/image\/"},"sameAs":["https:\/\/www.facebook.com\/dicodusport","https:\/\/x.com\/dicodusport","https:\/\/www.instagram.com\/dicodusport\/","https:\/\/www.youtube.com\/channel\/UC7V2KZ5sd3htJivAbA4ZG3w"],"description":"Dicodusport est l'encyclop\u00e9die de l'actualit\u00e9 sportive.","email":"bonjour@dicodusport.fr","legalName":"DICODUSPORT","foundingDate":"2018-01-14","vatID":"FR71834470973","taxID":"83447097300043","numberOfEmployees":{"@type":"QuantitativeValue","minValue":"1","maxValue":"10"}},{"@type":"Person","@id":"https:\/\/dicodusport.fr\/blog\/#\/schema\/person\/37def232098a7a5cbab3974a3690abb0","name":"Maxime Cazenave","image":{"@type":"ImageObject","inLanguage":"fr-FR","@id":"https:\/\/dicodusport.fr\/blog\/#\/schema\/person\/image\/","url":"https:\/\/dicodusport.fr\/blog\/wp-content\/uploads\/2021\/05\/Maxime-Cazenave-150x150.jpg","contentUrl":"https:\/\/dicodusport.fr\/blog\/wp-content\/uploads\/2021\/05\/Maxime-Cazenave-150x150.jpg","caption":"Maxime Cazenave"},"description":"Journaliste\/R\u00e9dacteur depuis 2012 - Berc\u00e9 par l\u2019amour des Girondins de Bordeaux, les \u00e9checs de Christophe Moreau sur le Tour de France sous l'\u00e8re Lance Armstrong et le fade-away l\u00e9tal de Dirk Nowitzki, ma passion d\u00e9vorante pour le sport a toujours \u00e9t\u00e9 un pan incontournable de ma vie. Transmettre ma passion \u00e0 l\u2019\u00e9crit a \u00e9t\u00e9 une transition naturelle. Suiveur assidu de basket et de hockey sur glace, je garde toujours un peu de place pour suivre le cyclisme, le football et le maximum de performances fran\u00e7aises.","sameAs":["https:\/\/x.com\/https:\/\/twitter.com\/Maxime_Caze"],"url":"https:\/\/dicodusport.fr\/blog\/author\/maximec\/"}]}},"_links":{"self":[{"href":"https:\/\/dicodusport.fr\/blog\/wp-json\/wp\/v2\/posts\/586684","targetHints":{"allow":["GET"]}}],"collection":[{"href":"https:\/\/dicodusport.fr\/blog\/wp-json\/wp\/v2\/posts"}],"about":[{"href":"https:\/\/dicodusport.fr\/blog\/wp-json\/wp\/v2\/types\/post"}],"author":[{"embeddable":true,"href":"https:\/\/dicodusport.fr\/blog\/wp-json\/wp\/v2\/users\/55"}],"replies":[{"embeddable":true,"href":"https:\/\/dicodusport.fr\/blog\/wp-json\/wp\/v2\/comments?post=586684"}],"version-history":[{"count":5,"href":"https:\/\/dicodusport.fr\/blog\/wp-json\/wp\/v2\/posts\/586684\/revisions"}],"predecessor-version":[{"id":586727,"href":"https:\/\/dicodusport.fr\/blog\/wp-json\/wp\/v2\/posts\/586684\/revisions\/586727"}],"wp:featuredmedia":[{"embeddable":true,"href":"https:\/\/dicodusport.fr\/blog\/wp-json\/wp\/v2\/media\/586721"}],"wp:attachment":[{"href":"https:\/\/dicodusport.fr\/blog\/wp-json\/wp\/v2\/media?parent=586684"}],"wp:term":[{"taxonomy":"category","embeddable":true,"href":"https:\/\/dicodusport.fr\/blog\/wp-json\/wp\/v2\/categories?post=586684"},{"taxonomy":"post_tag","embeddable":true,"href":"https:\/\/dicodusport.fr\/blog\/wp-json\/wp\/v2\/tags?post=586684"}],"curies":[{"name":"wp","href":"https:\/\/api.w.org\/{rel}","templated":true}]}}