{"id":586718,"date":"2025-06-14T16:50:27","date_gmt":"2025-06-14T14:50:27","guid":{"rendered":"https:\/\/dicodusport.fr\/blog\/?p=586718&#038;preview=true&#038;preview_id=586718"},"modified":"2025-06-15T13:58:34","modified_gmt":"2025-06-15T11:58:34","slug":"coupe-du-monde-de-canoe-kayak-slalom-2025-angele-hug-et-yoann-senechault-sur-le-podium-en-canoe-a-pau","status":"publish","type":"post","link":"https:\/\/dicodusport.fr\/blog\/coupe-du-monde-de-canoe-kayak-slalom-2025-angele-hug-et-yoann-senechault-sur-le-podium-en-canoe-a-pau\/","title":{"rendered":"Coupe du monde de cano\u00eb-kayak slalom 2025 : Ang\u00e8le Hug et Yoann Senechault sur le podium en cano\u00eb \u00e0 Pau"},"content":{"rendered":"<p style=\"text-align: justify;\"><strong><em>COUPE DU MONDE DE CANO\u00cb-KAYAK SLALOM 2025 &#8211; Comme hier, les Bleus ont trust\u00e9 le podium avec Ang\u00e8le Hug et Yoann Senechault, sans trouver le chemin de la victoire.<\/em><\/strong><\/p>\n<p style=\"text-align: justify;\">Les Bleus avaient donn\u00e9 le coup d&rsquo;envoi de la deuxi\u00e8me manche de la Coupe du monde de cano\u00eb-kayak slalom hier \u00e0 Pau avec r\u00e9ussite. <strong>Eva Pietracha<\/strong> et <strong>Anatole Delassus<\/strong> avaient en effet pris l&rsquo;argent en kayak slalom, et pour les \u00e9preuves de cano\u00eb slalom du jour, les Bleus esp\u00e9raient de nouveau un bon r\u00e9sultat \u00e0 domicile.<\/p>\n<div class=\"vlp-link-container vlp-layout-article\"><a href=\"https:\/\/dicodusport.fr\/blog\/coupe-du-monde-de-canoe-kayak-slalom-2025-eva-pietracha-et-anatole-delassus-deuxiemes-en-kayak-a-pau\/\" class=\"vlp-link\" title=\"Coupe du monde de cano\u00eb-kayak slalom 2025 : Eva Pietracha et Anatole Delassus deuxi\u00e8mes en kayak \u00e0 Pau\"><\/a><div class=\"vlp-layout-zone-side\"><div class=\"vlp-block-4 vlp-link-image\"><img loading=\"lazy\" decoding=\"async\" style=\"max-width: 792px;\" width=\"792\" height=\"445\" src=\"https:\/\/dicodusport.fr\/blog\/wp-content\/uploads\/2025\/06\/Coupe-du-monde-de-canoe-kayak-slalom-2025-Eva-Pietracha-et-Anatole-Delassus-deuxiemes-en-kayak-a-Pau.png\" class=\"attachment-800x445 size-800x445\" alt=\"Coupe du monde de cano\u00eb-kayak slalom 2025 Eva Pietracha et Anatole Delassus deuxi\u00e8mes en kayak \u00e0 Pau\" srcset=\"https:\/\/dicodusport.fr\/blog\/wp-content\/uploads\/2025\/06\/Coupe-du-monde-de-canoe-kayak-slalom-2025-Eva-Pietracha-et-Anatole-Delassus-deuxiemes-en-kayak-a-Pau.png 1200w, https:\/\/dicodusport.fr\/blog\/wp-content\/uploads\/2025\/06\/Coupe-du-monde-de-canoe-kayak-slalom-2025-Eva-Pietracha-et-Anatole-Delassus-deuxiemes-en-kayak-a-Pau-300x169.png 300w, https:\/\/dicodusport.fr\/blog\/wp-content\/uploads\/2025\/06\/Coupe-du-monde-de-canoe-kayak-slalom-2025-Eva-Pietracha-et-Anatole-Delassus-deuxiemes-en-kayak-a-Pau-1024x575.png 1024w, https:\/\/dicodusport.fr\/blog\/wp-content\/uploads\/2025\/06\/Coupe-du-monde-de-canoe-kayak-slalom-2025-Eva-Pietracha-et-Anatole-Delassus-deuxiemes-en-kayak-a-Pau-768x431.png 768w\" sizes=\"auto, (max-width: 792px) 100vw, 792px\" \/><\/div><\/div><div class=\"vlp-layout-zone-main\"><div class=\"vlp-block-0 vlp-link-title\">Coupe du monde de cano\u00eb-kayak slalom 2025 : Eva Pietracha et Anatole Delassus deuxi\u00e8mes en kayak \u00e0 Pau<\/div><div class=\"vlp-block-1 vlp-link-summary\">COUPE DU MONDE DE CANO\u00cb-KAYAK SLALOM 2025 - Pas de victoire pour les Bleus, mais Eva Pietracha et Anatole Delassus ont brill\u00e9 \u00e0 domicile pour monter sur la deuxi\u00e8me marche du podium en kayak slalom.<\/div><div class=\"vlp-block-2 vlp-link-button\">Lire l'article<\/div><div class=\"vlp-block-3 vlp-link-url\">dicodusport.fr<\/div><\/div><\/div>\n<h2 style=\"text-align: justify;\">La victoire se fait attendre<\/h2>\n<p style=\"text-align: justify;\">Cela partait mal chez les femmes, puisque <strong>Lucie Prioux<\/strong> et <strong>Doriane Delassus<\/strong> passaient totalement \u00e0 c\u00f4t\u00e9 en qualifications. Restait <strong>Ang\u00e8le Hug<\/strong>, qui avait montr\u00e9 les muscles la semaine derni\u00e8re en s&rsquo;imposant en kayak cross. Pas de victoire cette fois, mais une troisi\u00e8me place derri\u00e8re deux Reines de la discipline, <strong>Gabriela Satkov\u00e1<\/strong> et l&rsquo;in\u00e9vitable <strong>Jessica Fox<\/strong>, laur\u00e9ate avec plus de trois secondes d&rsquo;avance. Mais cette troisi\u00e8me place conforte le d\u00e9but de saison r\u00e9ussi d&rsquo;<strong>Ang\u00e8le Hug<\/strong>, dans l&rsquo;\u00e9lite de sa discipline.<\/p>\n<p style=\"text-align: justify;\">Chez les messieurs, la principale carte, en la personne du champion olympique <strong>Nicolas Gestin<\/strong>, s&rsquo;\u00e9tait \u00e9galement trou\u00e9e en qualifications. Mais les deux Bleus restant ont montr\u00e9 qu&rsquo;ils avaient du c\u0153ur. En particulier <strong>Yohann Senechault<\/strong>, qui allait livrer un magnifique sans-faute avec une belle impression de vitesse&#8230; pour mourir \u00e0 39 centi\u00e8mes de Ryan Wesley, pendant que <strong>Mewen Debliquy<\/strong> \u00e9chouait lui au pied du podium. M\u00e9daille d&rsquo;argent donc, les Bleus ont scor\u00e9 sur chaque course ce weekend, mais il manque toujours la victoire. Peut-\u00eatre demain sur les \u00e9preuves de kayak cross&#8230;<\/p>\n","protected":false},"excerpt":{"rendered":"<p>COUPE DU MONDE DE CANO\u00cb-KAYAK SLALOM 2025 &#8211; Comme hier, les Bleus ont trust\u00e9 le podium avec Ang\u00e8le Hug et Yoann Senechault, sans trouver le chemin de la victoire.<\/p>\n","protected":false},"author":59,"featured_media":587119,"comment_status":"open","ping_status":"closed","sticky":false,"template":"","format":"standard","meta":{"_acf_changed":false,"_daextam_enable_autolinks":"1","footnotes":""},"categories":[10458],"tags":[16878,47006],"class_list":["post-586718","post","type-post","status-publish","format-standard","has-post-thumbnail","hentry","category-canoe-kayak","tag-breve","tag-coupe-du-monde-de-canoe-kayak-slalom"],"acf":[],"yoast_head":"<!-- This site is optimized with the Yoast SEO Premium plugin v26.7 (Yoast SEO v26.7) - https:\/\/yoast.com\/wordpress\/plugins\/seo\/ -->\n<title>Coupe du monde de cano\u00eb-kayak slalom 2025 : Ang\u00e8le Hug et Yoann Senechault sur le podium en cano\u00eb \u00e0 Pau<\/title>\n<meta name=\"description\" content=\"COUPE DU MONDE DE CANO\u00cb-KAYAK SLALOM 2025 - Comme hier, les Bleus ont trust\u00e9 le podium avec Ang\u00e8le Hug et Yoann Senechault, sans trouver le chemin de la victoire.\" \/>\n<meta name=\"robots\" content=\"index, follow, max-snippet:-1, max-image-preview:large, max-video-preview:-1\" \/>\n<link rel=\"canonical\" href=\"https:\/\/dicodusport.fr\/blog\/coupe-du-monde-de-canoe-kayak-slalom-2025-angele-hug-et-yoann-senechault-sur-le-podium-en-canoe-a-pau\/\" \/>\n<meta property=\"og:locale\" content=\"fr_FR\" \/>\n<meta property=\"og:type\" content=\"article\" \/>\n<meta property=\"og:title\" content=\"Coupe du monde de cano\u00eb-kayak slalom 2025 : Ang\u00e8le Hug et Yoann Senechault sur le podium en cano\u00eb \u00e0 Pau\" \/>\n<meta property=\"og:description\" content=\"COUPE DU MONDE DE CANO\u00cb-KAYAK SLALOM 2025 - Comme hier, les Bleus ont trust\u00e9 le podium avec Ang\u00e8le Hug et Yoann Senechault, sans trouver le chemin de la victoire.\" \/>\n<meta property=\"og:url\" content=\"https:\/\/dicodusport.fr\/blog\/coupe-du-monde-de-canoe-kayak-slalom-2025-angele-hug-et-yoann-senechault-sur-le-podium-en-canoe-a-pau\/\" \/>\n<meta property=\"og:site_name\" content=\"Dicodusport\" \/>\n<meta property=\"article:publisher\" content=\"https:\/\/www.facebook.com\/dicodusport\" \/>\n<meta property=\"article:author\" content=\"https:\/\/www.facebook.com\/sebastien.gente\/\" \/>\n<meta property=\"article:published_time\" content=\"2025-06-14T14:50:27+00:00\" \/>\n<meta property=\"article:modified_time\" content=\"2025-06-15T11:58:34+00:00\" \/>\n<meta property=\"og:image\" content=\"https:\/\/dicodusport.fr\/blog\/wp-content\/uploads\/2025\/06\/Coupe-du-monde-de-canoe-kayak-slalom-2025-Angele-Hug-et-Yoann-Senechault-sur-le-podium-en-canoe-a-Pau-1.png\" \/>\n\t<meta property=\"og:image:width\" content=\"1200\" \/>\n\t<meta property=\"og:image:height\" content=\"674\" \/>\n\t<meta property=\"og:image:type\" content=\"image\/png\" \/>\n<meta name=\"author\" content=\"S\u00e9bastien Gente\" \/>\n<meta name=\"twitter:card\" content=\"summary_large_image\" \/>\n<meta name=\"twitter:title\" content=\"Coupe du monde de cano\u00eb-kayak slalom 2025 : Ang\u00e8le Hug et Yoann Senechault sur le podium en cano\u00eb \u00e0 Pau\" \/>\n<meta name=\"twitter:creator\" content=\"@https:\/\/twitter.com\/globulo24\" \/>\n<meta name=\"twitter:site\" content=\"@dicodusport\" \/>\n<script type=\"application\/ld+json\" class=\"yoast-schema-graph\">{\"@context\":\"https:\/\/schema.org\",\"@graph\":[{\"@type\":\"NewsArticle\",\"@id\":\"https:\/\/dicodusport.fr\/blog\/coupe-du-monde-de-canoe-kayak-slalom-2025-angele-hug-et-yoann-senechault-sur-le-podium-en-canoe-a-pau\/#article\",\"isPartOf\":{\"@id\":\"https:\/\/dicodusport.fr\/blog\/coupe-du-monde-de-canoe-kayak-slalom-2025-angele-hug-et-yoann-senechault-sur-le-podium-en-canoe-a-pau\/\"},\"author\":{\"name\":\"S\u00e9bastien Gente\",\"@id\":\"https:\/\/dicodusport.fr\/blog\/#\/schema\/person\/627966a6cde45dbd8c5e36ac85d783da\"},\"headline\":\"Coupe du monde de cano\u00eb-kayak slalom 2025 : Ang\u00e8le Hug et Yoann Senechault sur le podium en cano\u00eb \u00e0 Pau\",\"datePublished\":\"2025-06-14T14:50:27+00:00\",\"dateModified\":\"2025-06-15T11:58:34+00:00\",\"mainEntityOfPage\":{\"@id\":\"https:\/\/dicodusport.fr\/blog\/coupe-du-monde-de-canoe-kayak-slalom-2025-angele-hug-et-yoann-senechault-sur-le-podium-en-canoe-a-pau\/\"},\"wordCount\":414,\"commentCount\":0,\"publisher\":{\"@id\":\"https:\/\/dicodusport.fr\/blog\/#organization\"},\"image\":{\"@id\":\"https:\/\/dicodusport.fr\/blog\/coupe-du-monde-de-canoe-kayak-slalom-2025-angele-hug-et-yoann-senechault-sur-le-podium-en-canoe-a-pau\/#primaryimage\"},\"thumbnailUrl\":\"https:\/\/dicodusport.fr\/blog\/wp-content\/uploads\/2025\/06\/Coupe-du-monde-de-canoe-kayak-slalom-2025-Angele-Hug-et-Yoann-Senechault-sur-le-podium-en-canoe-a-Pau-1.png\",\"keywords\":[\"br\u00e8ve\",\"Coupe du monde de cano\u00eb-kayak slalom\"],\"articleSection\":[\"Cano\u00eb-Kayak\"],\"inLanguage\":\"fr-FR\",\"potentialAction\":[{\"@type\":\"CommentAction\",\"name\":\"Comment\",\"target\":[\"https:\/\/dicodusport.fr\/blog\/coupe-du-monde-de-canoe-kayak-slalom-2025-angele-hug-et-yoann-senechault-sur-le-podium-en-canoe-a-pau\/#respond\"]}],\"copyrightYear\":\"2025\",\"copyrightHolder\":{\"@id\":\"https:\/\/dicodusport.fr\/blog\/#organization\"}},{\"@type\":\"WebPage\",\"@id\":\"https:\/\/dicodusport.fr\/blog\/coupe-du-monde-de-canoe-kayak-slalom-2025-angele-hug-et-yoann-senechault-sur-le-podium-en-canoe-a-pau\/\",\"url\":\"https:\/\/dicodusport.fr\/blog\/coupe-du-monde-de-canoe-kayak-slalom-2025-angele-hug-et-yoann-senechault-sur-le-podium-en-canoe-a-pau\/\",\"name\":\"Coupe du monde de cano\u00eb-kayak slalom 2025 : Ang\u00e8le Hug et Yoann Senechault sur le podium en cano\u00eb \u00e0 Pau\",\"isPartOf\":{\"@id\":\"https:\/\/dicodusport.fr\/blog\/#website\"},\"primaryImageOfPage\":{\"@id\":\"https:\/\/dicodusport.fr\/blog\/coupe-du-monde-de-canoe-kayak-slalom-2025-angele-hug-et-yoann-senechault-sur-le-podium-en-canoe-a-pau\/#primaryimage\"},\"image\":{\"@id\":\"https:\/\/dicodusport.fr\/blog\/coupe-du-monde-de-canoe-kayak-slalom-2025-angele-hug-et-yoann-senechault-sur-le-podium-en-canoe-a-pau\/#primaryimage\"},\"thumbnailUrl\":\"https:\/\/dicodusport.fr\/blog\/wp-content\/uploads\/2025\/06\/Coupe-du-monde-de-canoe-kayak-slalom-2025-Angele-Hug-et-Yoann-Senechault-sur-le-podium-en-canoe-a-Pau-1.png\",\"datePublished\":\"2025-06-14T14:50:27+00:00\",\"dateModified\":\"2025-06-15T11:58:34+00:00\",\"description\":\"COUPE DU MONDE DE CANO\u00cb-KAYAK SLALOM 2025 - Comme hier, les Bleus ont trust\u00e9 le podium avec Ang\u00e8le Hug et Yoann Senechault, sans trouver le chemin de la victoire.\",\"breadcrumb\":{\"@id\":\"https:\/\/dicodusport.fr\/blog\/coupe-du-monde-de-canoe-kayak-slalom-2025-angele-hug-et-yoann-senechault-sur-le-podium-en-canoe-a-pau\/#breadcrumb\"},\"inLanguage\":\"fr-FR\",\"potentialAction\":[{\"@type\":\"ReadAction\",\"target\":[\"https:\/\/dicodusport.fr\/blog\/coupe-du-monde-de-canoe-kayak-slalom-2025-angele-hug-et-yoann-senechault-sur-le-podium-en-canoe-a-pau\/\"]}]},{\"@type\":\"ImageObject\",\"inLanguage\":\"fr-FR\",\"@id\":\"https:\/\/dicodusport.fr\/blog\/coupe-du-monde-de-canoe-kayak-slalom-2025-angele-hug-et-yoann-senechault-sur-le-podium-en-canoe-a-pau\/#primaryimage\",\"url\":\"https:\/\/dicodusport.fr\/blog\/wp-content\/uploads\/2025\/06\/Coupe-du-monde-de-canoe-kayak-slalom-2025-Angele-Hug-et-Yoann-Senechault-sur-le-podium-en-canoe-a-Pau-1.png\",\"contentUrl\":\"https:\/\/dicodusport.fr\/blog\/wp-content\/uploads\/2025\/06\/Coupe-du-monde-de-canoe-kayak-slalom-2025-Angele-Hug-et-Yoann-Senechault-sur-le-podium-en-canoe-a-Pau-1.png\",\"width\":1200,\"height\":674,\"caption\":\"Coupe du monde de cano\u00eb-kayak slalom 2025 Ang\u00e8le Hug et Yoann Senechault sur le podium en cano\u00eb \u00e0 Pau\"},{\"@type\":\"BreadcrumbList\",\"@id\":\"https:\/\/dicodusport.fr\/blog\/coupe-du-monde-de-canoe-kayak-slalom-2025-angele-hug-et-yoann-senechault-sur-le-podium-en-canoe-a-pau\/#breadcrumb\",\"itemListElement\":[{\"@type\":\"ListItem\",\"position\":1,\"name\":\"Accueil\",\"item\":\"https:\/\/dicodusport.fr\/blog\/\"},{\"@type\":\"ListItem\",\"position\":2,\"name\":\"Coupe du monde de cano\u00eb-kayak slalom 2025 : Ang\u00e8le Hug et Yoann Senechault sur le podium en cano\u00eb \u00e0 Pau\"}]},{\"@type\":\"WebSite\",\"@id\":\"https:\/\/dicodusport.fr\/blog\/#website\",\"url\":\"https:\/\/dicodusport.fr\/blog\/\",\"name\":\"Dicodusport\",\"description\":\"L&#039;encyclop\u00e9die de l&#039;actualit\u00e9 sportive\",\"publisher\":{\"@id\":\"https:\/\/dicodusport.fr\/blog\/#organization\"},\"potentialAction\":[{\"@type\":\"SearchAction\",\"target\":{\"@type\":\"EntryPoint\",\"urlTemplate\":\"https:\/\/dicodusport.fr\/blog\/?s={search_term_string}\"},\"query-input\":{\"@type\":\"PropertyValueSpecification\",\"valueRequired\":true,\"valueName\":\"search_term_string\"}}],\"inLanguage\":\"fr-FR\"},{\"@type\":\"NewsMediaOrganization\",\"@id\":\"https:\/\/dicodusport.fr\/blog\/#organization\",\"name\":\"Dicodusport\",\"url\":\"https:\/\/dicodusport.fr\/blog\/\",\"logo\":{\"@type\":\"ImageObject\",\"inLanguage\":\"fr-FR\",\"@id\":\"https:\/\/dicodusport.fr\/blog\/#\/schema\/logo\/image\/\",\"url\":\"https:\/\/dicodusport.fr\/blog\/wp-content\/uploads\/2020\/06\/cropped-LOGO-DICODUSPORT-2020-SANS-FOND-SANS-TEXTE.png\",\"contentUrl\":\"https:\/\/dicodusport.fr\/blog\/wp-content\/uploads\/2020\/06\/cropped-LOGO-DICODUSPORT-2020-SANS-FOND-SANS-TEXTE.png\",\"width\":512,\"height\":512,\"caption\":\"Dicodusport\"},\"image\":{\"@id\":\"https:\/\/dicodusport.fr\/blog\/#\/schema\/logo\/image\/\"},\"sameAs\":[\"https:\/\/www.facebook.com\/dicodusport\",\"https:\/\/x.com\/dicodusport\",\"https:\/\/www.instagram.com\/dicodusport\/\",\"https:\/\/www.youtube.com\/channel\/UC7V2KZ5sd3htJivAbA4ZG3w\"],\"description\":\"Dicodusport est l'encyclop\u00e9die de l'actualit\u00e9 sportive.\",\"email\":\"bonjour@dicodusport.fr\",\"legalName\":\"DICODUSPORT\",\"foundingDate\":\"2018-01-14\",\"vatID\":\"FR71834470973\",\"taxID\":\"83447097300043\",\"numberOfEmployees\":{\"@type\":\"QuantitativeValue\",\"minValue\":\"1\",\"maxValue\":\"10\"}},{\"@type\":\"Person\",\"@id\":\"https:\/\/dicodusport.fr\/blog\/#\/schema\/person\/627966a6cde45dbd8c5e36ac85d783da\",\"name\":\"S\u00e9bastien Gente\",\"image\":{\"@type\":\"ImageObject\",\"inLanguage\":\"fr-FR\",\"@id\":\"https:\/\/dicodusport.fr\/blog\/#\/schema\/person\/image\/\",\"url\":\"https:\/\/dicodusport.fr\/blog\/wp-content\/uploads\/2021\/09\/1510990_10205810251400683_4124423575079401707_n-150x150.jpg\",\"contentUrl\":\"https:\/\/dicodusport.fr\/blog\/wp-content\/uploads\/2021\/09\/1510990_10205810251400683_4124423575079401707_n-150x150.jpg\",\"caption\":\"S\u00e9bastien Gente\"},\"description\":\"John Stockton, Gianni Bugno, Zinedine Zidane, Steffi Graf, Frode Andresen, St\u00e9phane Stoecklin, Davis Kamoga, Primoz Peterka, Werner Schlager et Aur\u00e9lien Rougerie. Point commun entre ces sportifs? Ils m'ont fait r\u00eaver et ont berc\u00e9 mon adolescence. Je suis un fondu de sports et j'essaie de retranscrire ma passion \u00e0 travers mes articles. Originaire du P\u00e9rigord, ma passion pour les Girondins, les Jaunards et les Jazzmen transpire dans mes \u00e9crits. \u00c0 Dicodusport depuis 2021, je d\u00e9niche les sports m\u00e9connus dans lesquels la France brille, et il y en a !\",\"sameAs\":[\"https:\/\/www.facebook.com\/sebastien.gente\/\",\"https:\/\/www.instagram.com\/sebgente\/\",\"https:\/\/www.linkedin.com\/in\/sbastien-gente-a29583169\/\",\"https:\/\/x.com\/https:\/\/twitter.com\/globulo24\",\"SebastienGente\"],\"worksFor\":\"S\u00e9bastien GENTE\",\"url\":\"https:\/\/dicodusport.fr\/blog\/author\/sebastiengente\/\"}]}<\/script>\n<!-- \/ Yoast SEO Premium plugin. -->","yoast_head_json":{"title":"Coupe du monde de cano\u00eb-kayak slalom 2025 : Ang\u00e8le Hug et Yoann Senechault sur le podium en cano\u00eb \u00e0 Pau","description":"COUPE DU MONDE DE CANO\u00cb-KAYAK SLALOM 2025 - Comme hier, les Bleus ont trust\u00e9 le podium avec Ang\u00e8le Hug et Yoann Senechault, sans trouver le chemin de la victoire.","robots":{"index":"index","follow":"follow","max-snippet":"max-snippet:-1","max-image-preview":"max-image-preview:large","max-video-preview":"max-video-preview:-1"},"canonical":"https:\/\/dicodusport.fr\/blog\/coupe-du-monde-de-canoe-kayak-slalom-2025-angele-hug-et-yoann-senechault-sur-le-podium-en-canoe-a-pau\/","og_locale":"fr_FR","og_type":"article","og_title":"Coupe du monde de cano\u00eb-kayak slalom 2025 : Ang\u00e8le Hug et Yoann Senechault sur le podium en cano\u00eb \u00e0 Pau","og_description":"COUPE DU MONDE DE CANO\u00cb-KAYAK SLALOM 2025 - Comme hier, les Bleus ont trust\u00e9 le podium avec Ang\u00e8le Hug et Yoann Senechault, sans trouver le chemin de la victoire.","og_url":"https:\/\/dicodusport.fr\/blog\/coupe-du-monde-de-canoe-kayak-slalom-2025-angele-hug-et-yoann-senechault-sur-le-podium-en-canoe-a-pau\/","og_site_name":"Dicodusport","article_publisher":"https:\/\/www.facebook.com\/dicodusport","article_author":"https:\/\/www.facebook.com\/sebastien.gente\/","article_published_time":"2025-06-14T14:50:27+00:00","article_modified_time":"2025-06-15T11:58:34+00:00","og_image":[{"width":1200,"height":674,"url":"https:\/\/dicodusport.fr\/blog\/wp-content\/uploads\/2025\/06\/Coupe-du-monde-de-canoe-kayak-slalom-2025-Angele-Hug-et-Yoann-Senechault-sur-le-podium-en-canoe-a-Pau-1.png","type":"image\/png"}],"author":"S\u00e9bastien Gente","twitter_card":"summary_large_image","twitter_title":"Coupe du monde de cano\u00eb-kayak slalom 2025 : Ang\u00e8le Hug et Yoann Senechault sur le podium en cano\u00eb \u00e0 Pau","twitter_creator":"@https:\/\/twitter.com\/globulo24","twitter_site":"@dicodusport","schema":{"@context":"https:\/\/schema.org","@graph":[{"@type":"NewsArticle","@id":"https:\/\/dicodusport.fr\/blog\/coupe-du-monde-de-canoe-kayak-slalom-2025-angele-hug-et-yoann-senechault-sur-le-podium-en-canoe-a-pau\/#article","isPartOf":{"@id":"https:\/\/dicodusport.fr\/blog\/coupe-du-monde-de-canoe-kayak-slalom-2025-angele-hug-et-yoann-senechault-sur-le-podium-en-canoe-a-pau\/"},"author":{"name":"S\u00e9bastien Gente","@id":"https:\/\/dicodusport.fr\/blog\/#\/schema\/person\/627966a6cde45dbd8c5e36ac85d783da"},"headline":"Coupe du monde de cano\u00eb-kayak slalom 2025 : Ang\u00e8le Hug et Yoann Senechault sur le podium en cano\u00eb \u00e0 Pau","datePublished":"2025-06-14T14:50:27+00:00","dateModified":"2025-06-15T11:58:34+00:00","mainEntityOfPage":{"@id":"https:\/\/dicodusport.fr\/blog\/coupe-du-monde-de-canoe-kayak-slalom-2025-angele-hug-et-yoann-senechault-sur-le-podium-en-canoe-a-pau\/"},"wordCount":414,"commentCount":0,"publisher":{"@id":"https:\/\/dicodusport.fr\/blog\/#organization"},"image":{"@id":"https:\/\/dicodusport.fr\/blog\/coupe-du-monde-de-canoe-kayak-slalom-2025-angele-hug-et-yoann-senechault-sur-le-podium-en-canoe-a-pau\/#primaryimage"},"thumbnailUrl":"https:\/\/dicodusport.fr\/blog\/wp-content\/uploads\/2025\/06\/Coupe-du-monde-de-canoe-kayak-slalom-2025-Angele-Hug-et-Yoann-Senechault-sur-le-podium-en-canoe-a-Pau-1.png","keywords":["br\u00e8ve","Coupe du monde de cano\u00eb-kayak slalom"],"articleSection":["Cano\u00eb-Kayak"],"inLanguage":"fr-FR","potentialAction":[{"@type":"CommentAction","name":"Comment","target":["https:\/\/dicodusport.fr\/blog\/coupe-du-monde-de-canoe-kayak-slalom-2025-angele-hug-et-yoann-senechault-sur-le-podium-en-canoe-a-pau\/#respond"]}],"copyrightYear":"2025","copyrightHolder":{"@id":"https:\/\/dicodusport.fr\/blog\/#organization"}},{"@type":"WebPage","@id":"https:\/\/dicodusport.fr\/blog\/coupe-du-monde-de-canoe-kayak-slalom-2025-angele-hug-et-yoann-senechault-sur-le-podium-en-canoe-a-pau\/","url":"https:\/\/dicodusport.fr\/blog\/coupe-du-monde-de-canoe-kayak-slalom-2025-angele-hug-et-yoann-senechault-sur-le-podium-en-canoe-a-pau\/","name":"Coupe du monde de cano\u00eb-kayak slalom 2025 : Ang\u00e8le Hug et Yoann Senechault sur le podium en cano\u00eb \u00e0 Pau","isPartOf":{"@id":"https:\/\/dicodusport.fr\/blog\/#website"},"primaryImageOfPage":{"@id":"https:\/\/dicodusport.fr\/blog\/coupe-du-monde-de-canoe-kayak-slalom-2025-angele-hug-et-yoann-senechault-sur-le-podium-en-canoe-a-pau\/#primaryimage"},"image":{"@id":"https:\/\/dicodusport.fr\/blog\/coupe-du-monde-de-canoe-kayak-slalom-2025-angele-hug-et-yoann-senechault-sur-le-podium-en-canoe-a-pau\/#primaryimage"},"thumbnailUrl":"https:\/\/dicodusport.fr\/blog\/wp-content\/uploads\/2025\/06\/Coupe-du-monde-de-canoe-kayak-slalom-2025-Angele-Hug-et-Yoann-Senechault-sur-le-podium-en-canoe-a-Pau-1.png","datePublished":"2025-06-14T14:50:27+00:00","dateModified":"2025-06-15T11:58:34+00:00","description":"COUPE DU MONDE DE CANO\u00cb-KAYAK SLALOM 2025 - Comme hier, les Bleus ont trust\u00e9 le podium avec Ang\u00e8le Hug et Yoann Senechault, sans trouver le chemin de la victoire.","breadcrumb":{"@id":"https:\/\/dicodusport.fr\/blog\/coupe-du-monde-de-canoe-kayak-slalom-2025-angele-hug-et-yoann-senechault-sur-le-podium-en-canoe-a-pau\/#breadcrumb"},"inLanguage":"fr-FR","potentialAction":[{"@type":"ReadAction","target":["https:\/\/dicodusport.fr\/blog\/coupe-du-monde-de-canoe-kayak-slalom-2025-angele-hug-et-yoann-senechault-sur-le-podium-en-canoe-a-pau\/"]}]},{"@type":"ImageObject","inLanguage":"fr-FR","@id":"https:\/\/dicodusport.fr\/blog\/coupe-du-monde-de-canoe-kayak-slalom-2025-angele-hug-et-yoann-senechault-sur-le-podium-en-canoe-a-pau\/#primaryimage","url":"https:\/\/dicodusport.fr\/blog\/wp-content\/uploads\/2025\/06\/Coupe-du-monde-de-canoe-kayak-slalom-2025-Angele-Hug-et-Yoann-Senechault-sur-le-podium-en-canoe-a-Pau-1.png","contentUrl":"https:\/\/dicodusport.fr\/blog\/wp-content\/uploads\/2025\/06\/Coupe-du-monde-de-canoe-kayak-slalom-2025-Angele-Hug-et-Yoann-Senechault-sur-le-podium-en-canoe-a-Pau-1.png","width":1200,"height":674,"caption":"Coupe du monde de cano\u00eb-kayak slalom 2025 Ang\u00e8le Hug et Yoann Senechault sur le podium en cano\u00eb \u00e0 Pau"},{"@type":"BreadcrumbList","@id":"https:\/\/dicodusport.fr\/blog\/coupe-du-monde-de-canoe-kayak-slalom-2025-angele-hug-et-yoann-senechault-sur-le-podium-en-canoe-a-pau\/#breadcrumb","itemListElement":[{"@type":"ListItem","position":1,"name":"Accueil","item":"https:\/\/dicodusport.fr\/blog\/"},{"@type":"ListItem","position":2,"name":"Coupe du monde de cano\u00eb-kayak slalom 2025 : Ang\u00e8le Hug et Yoann Senechault sur le podium en cano\u00eb \u00e0 Pau"}]},{"@type":"WebSite","@id":"https:\/\/dicodusport.fr\/blog\/#website","url":"https:\/\/dicodusport.fr\/blog\/","name":"Dicodusport","description":"L&#039;encyclop\u00e9die de l&#039;actualit\u00e9 sportive","publisher":{"@id":"https:\/\/dicodusport.fr\/blog\/#organization"},"potentialAction":[{"@type":"SearchAction","target":{"@type":"EntryPoint","urlTemplate":"https:\/\/dicodusport.fr\/blog\/?s={search_term_string}"},"query-input":{"@type":"PropertyValueSpecification","valueRequired":true,"valueName":"search_term_string"}}],"inLanguage":"fr-FR"},{"@type":"NewsMediaOrganization","@id":"https:\/\/dicodusport.fr\/blog\/#organization","name":"Dicodusport","url":"https:\/\/dicodusport.fr\/blog\/","logo":{"@type":"ImageObject","inLanguage":"fr-FR","@id":"https:\/\/dicodusport.fr\/blog\/#\/schema\/logo\/image\/","url":"https:\/\/dicodusport.fr\/blog\/wp-content\/uploads\/2020\/06\/cropped-LOGO-DICODUSPORT-2020-SANS-FOND-SANS-TEXTE.png","contentUrl":"https:\/\/dicodusport.fr\/blog\/wp-content\/uploads\/2020\/06\/cropped-LOGO-DICODUSPORT-2020-SANS-FOND-SANS-TEXTE.png","width":512,"height":512,"caption":"Dicodusport"},"image":{"@id":"https:\/\/dicodusport.fr\/blog\/#\/schema\/logo\/image\/"},"sameAs":["https:\/\/www.facebook.com\/dicodusport","https:\/\/x.com\/dicodusport","https:\/\/www.instagram.com\/dicodusport\/","https:\/\/www.youtube.com\/channel\/UC7V2KZ5sd3htJivAbA4ZG3w"],"description":"Dicodusport est l'encyclop\u00e9die de l'actualit\u00e9 sportive.","email":"bonjour@dicodusport.fr","legalName":"DICODUSPORT","foundingDate":"2018-01-14","vatID":"FR71834470973","taxID":"83447097300043","numberOfEmployees":{"@type":"QuantitativeValue","minValue":"1","maxValue":"10"}},{"@type":"Person","@id":"https:\/\/dicodusport.fr\/blog\/#\/schema\/person\/627966a6cde45dbd8c5e36ac85d783da","name":"S\u00e9bastien Gente","image":{"@type":"ImageObject","inLanguage":"fr-FR","@id":"https:\/\/dicodusport.fr\/blog\/#\/schema\/person\/image\/","url":"https:\/\/dicodusport.fr\/blog\/wp-content\/uploads\/2021\/09\/1510990_10205810251400683_4124423575079401707_n-150x150.jpg","contentUrl":"https:\/\/dicodusport.fr\/blog\/wp-content\/uploads\/2021\/09\/1510990_10205810251400683_4124423575079401707_n-150x150.jpg","caption":"S\u00e9bastien Gente"},"description":"John Stockton, Gianni Bugno, Zinedine Zidane, Steffi Graf, Frode Andresen, St\u00e9phane Stoecklin, Davis Kamoga, Primoz Peterka, Werner Schlager et Aur\u00e9lien Rougerie. Point commun entre ces sportifs? Ils m'ont fait r\u00eaver et ont berc\u00e9 mon adolescence. Je suis un fondu de sports et j'essaie de retranscrire ma passion \u00e0 travers mes articles. Originaire du P\u00e9rigord, ma passion pour les Girondins, les Jaunards et les Jazzmen transpire dans mes \u00e9crits. \u00c0 Dicodusport depuis 2021, je d\u00e9niche les sports m\u00e9connus dans lesquels la France brille, et il y en a !","sameAs":["https:\/\/www.facebook.com\/sebastien.gente\/","https:\/\/www.instagram.com\/sebgente\/","https:\/\/www.linkedin.com\/in\/sbastien-gente-a29583169\/","https:\/\/x.com\/https:\/\/twitter.com\/globulo24","SebastienGente"],"worksFor":"S\u00e9bastien GENTE","url":"https:\/\/dicodusport.fr\/blog\/author\/sebastiengente\/"}]}},"_links":{"self":[{"href":"https:\/\/dicodusport.fr\/blog\/wp-json\/wp\/v2\/posts\/586718","targetHints":{"allow":["GET"]}}],"collection":[{"href":"https:\/\/dicodusport.fr\/blog\/wp-json\/wp\/v2\/posts"}],"about":[{"href":"https:\/\/dicodusport.fr\/blog\/wp-json\/wp\/v2\/types\/post"}],"author":[{"embeddable":true,"href":"https:\/\/dicodusport.fr\/blog\/wp-json\/wp\/v2\/users\/59"}],"replies":[{"embeddable":true,"href":"https:\/\/dicodusport.fr\/blog\/wp-json\/wp\/v2\/comments?post=586718"}],"version-history":[{"count":2,"href":"https:\/\/dicodusport.fr\/blog\/wp-json\/wp\/v2\/posts\/586718\/revisions"}],"predecessor-version":[{"id":586786,"href":"https:\/\/dicodusport.fr\/blog\/wp-json\/wp\/v2\/posts\/586718\/revisions\/586786"}],"wp:featuredmedia":[{"embeddable":true,"href":"https:\/\/dicodusport.fr\/blog\/wp-json\/wp\/v2\/media\/587119"}],"wp:attachment":[{"href":"https:\/\/dicodusport.fr\/blog\/wp-json\/wp\/v2\/media?parent=586718"}],"wp:term":[{"taxonomy":"category","embeddable":true,"href":"https:\/\/dicodusport.fr\/blog\/wp-json\/wp\/v2\/categories?post=586718"},{"taxonomy":"post_tag","embeddable":true,"href":"https:\/\/dicodusport.fr\/blog\/wp-json\/wp\/v2\/tags?post=586718"}],"curies":[{"name":"wp","href":"https:\/\/api.w.org\/{rel}","templated":true}]}}