{"id":586871,"date":"2025-06-14T23:03:27","date_gmt":"2025-06-14T21:03:27","guid":{"rendered":"https:\/\/dicodusport.fr\/blog\/?p=586871&#038;preview=true&#038;preview_id=586871"},"modified":"2025-06-14T23:05:37","modified_gmt":"2025-06-14T21:05:37","slug":"24-heures-du-mans-le-point-sur-la-course-ce-samedi-a-23h","status":"publish","type":"post","link":"https:\/\/dicodusport.fr\/blog\/24-heures-du-mans-le-point-sur-la-course-ce-samedi-a-23h\/","title":{"rendered":"24 Heures du Mans : Le point sur la course ce samedi \u00e0 23h"},"content":{"rendered":"<p style=\"text-align: justify;\"><strong><em>24 HEURES DU MANS 2025 &#8211; Apr\u00e8s sept heures de course, les Ferrari m\u00e8nent la course alors que l&rsquo;\u00e9cart avec la concurrence commence \u00e0 se creuser.<\/em><\/strong><\/p>\n<ul>\n<li style=\"text-align: justify;\"><strong>\u00c0 lire aussi &#8211; <a href=\"https:\/\/dicodusport.fr\/blog\/24-heures-du-mans-2025-classement-en-direct\/\">24 Heures du Mans 2025 \u2013 Classement en direct<\/a><\/strong><\/li>\n<\/ul>\n<h2 style=\"text-align: justify;\">Les Ferrari dominatrices<\/h2>\n<p style=\"text-align: justify;\">Si peu avant 20 heures, l&rsquo;<strong>AF Corse #83<\/strong> de <strong>Robert Kubica<\/strong> et la <strong>Porsche #6<\/strong> se sont livr\u00e9es \u00e0 une belle bataille en piste et dans les stands, derri\u00e8re la <strong>Porsche #5<\/strong> pilot\u00e9e par <strong>Michael Christensen<\/strong> continuait de r\u00e9trograder et pointait \u00e0 l&rsquo;heure o\u00f9 les cloches sonnaient 20 heures partout en France \u00e0 la seizi\u00e8me place. Lourdement p\u00e9nalis\u00e9e par un <em>drive through<\/em>, elle perdait ainsi l&rsquo;avantage que lui procurait sa troisi\u00e8me place sur la grille.<\/p>\n<blockquote class=\"twitter-tweet\">\n<p dir=\"ltr\" lang=\"fr\">\ud83d\ude31 Ca bagarre d\u00e9j\u00e0 entre Porsche et Ferrari ! En jeu, la deuxi\u00e8me place derri\u00e8re la Peugeot en t\u00eate de course !<a href=\"https:\/\/twitter.com\/hashtag\/LeMans24?src=hash&amp;ref_src=twsrc%5Etfw\">#LeMans24<\/a> <a href=\"https:\/\/twitter.com\/hashtag\/WEC?src=hash&amp;ref_src=twsrc%5Etfw\">#WEC<\/a> <a href=\"https:\/\/t.co\/tV4xB9VP9i\">pic.twitter.com\/tV4xB9VP9i<\/a><\/p>\n<p>\u2014 Eurosport France (@Eurosport_FR) <a href=\"https:\/\/twitter.com\/Eurosport_FR\/status\/1933965024059339125?ref_src=twsrc%5Etfw\">June 14, 2025<\/a><\/p><\/blockquote>\n<p><script async src=\"https:\/\/platform.twitter.com\/widgets.js\" charset=\"utf-8\"><\/script><\/p>\n<p style=\"text-align: justify;\">Devant, c&rsquo;est la <strong>Ferrari #50<\/strong> qui continuait \u00e0 rouler en t\u00eate comme depuis une heure et demie. Finalement, on retrouvait les trois Hypercars au cheval cabr\u00e9 aux trois premi\u00e8res places puisque derri\u00e8re la <strong>#50<\/strong> figuraient respectivement la <strong>#83<\/strong> et la <strong>#51<\/strong> apr\u00e8s les cinq premiers passages aux stands. Derri\u00e8re, la <strong>Porsche #6<\/strong> tentait de s&rsquo;accrocher et pointait \u00e0 huit petites secondes du podium apr\u00e8s son sixi\u00e8me arr\u00eat.<\/p>\n<h2 style=\"text-align: justify;\">Regroupement en t\u00eate<\/h2>\n<p style=\"text-align: justify;\">Fait assez exceptionnel pour \u00eatre signal\u00e9, on ne comptait qu&rsquo;une voiture &#8211; la <strong>Ford Mustang #88<\/strong> en LMGT3 &#8211; hors course apr\u00e8s cinq heures de course parmi les 62 au d\u00e9part. Signe r\u00e9v\u00e9lateur de la fiabilit\u00e9 g\u00e9n\u00e9rale de l&rsquo;ensemble du plateau en ce d\u00e9but de course, cela se traduisait au nombre de kilom\u00e8tres parcourus puisque les drapeaux jaunes \u00e9taient quasi absents. N\u00e9anmoins, rien ne pouvait alors pr\u00e9sager du r\u00e9sultat final puisqu&rsquo;\u00e0 21h20, on comptait encore onze voitures virtuellement dans la m\u00eame minute que la<strong> Ferrari #50<\/strong> de <strong>Miguel Molina<\/strong>.<\/p>\n<p style=\"text-align: justify;\">L&rsquo;\u00e9cart entre la t\u00eate et le reste des Hypercars s&rsquo;est n\u00e9anmoins agrandi \u00e0 mesure que la nuit tombait sur la Sarthe, que la temp\u00e9rature en piste diminuait et que les voitures \u00e9taient de plus en plus \u00e9prouv\u00e9es. Finalement, peu avant 22h30, les trois premi\u00e8res Hypercars se sont regroup\u00e9es alors que derri\u00e8re la <strong>Porsche #6<\/strong> alors pilot\u00e9e par <strong>Matt Campbell<\/strong> s&rsquo;affirmait comme la meilleure des autres. \u00c0 23 heures, la <strong>#83<\/strong> pointait en t\u00eate dix petites secondes devant la <strong>#50<\/strong>&#8230; enfin virtuellement puisque pour \u00eatre pr\u00e9cis, la <strong>Porsche #6<\/strong> devant encore s&rsquo;arr\u00eater avait alors le privil\u00e8ge d&rsquo;appara\u00eetre en t\u00eate du classement.<\/p>\n<h2 style=\"text-align: justify;\">Les Fran\u00e7ais \u00e0 la peine en Hypercar mais devant en LMP2<\/h2>\n<p style=\"text-align: justify;\">Du c\u00f4t\u00e9 d&rsquo;<strong>Alpine<\/strong>, l&rsquo;explosion de joie apr\u00e8s le double podium acquis par la #36 \u00e0 Imola puis \u00e0 Spa il y a quelques semaines semble bien loin. Il en va de m\u00eame pour les Peugeot puisque les protos commencent \u00e0 perdre un tour sur les meneurs. Peu avant 23h, l&rsquo;<strong>Alpine #36<\/strong> de <strong>Mick Schumacher<\/strong> fermait cependant le Top 10, mais les positions sont cependant tr\u00e8s fluctuantes selon le rythme des passages dans les stands.<\/p>\n<p style=\"text-align: justify;\">Si la <strong>Peugeot #94<\/strong> de <strong>Lo\u00efc Duval, Malthe Jakobsen<\/strong> et<strong> Stoffel Vandoorne<\/strong> a longtemps tenu dans le top 10 gr\u00e2ce \u00e0 une strat\u00e9gie diff\u00e9rente, elle semble d\u00e9sormais rentrer dans le rang. On pourrait n\u00e9anmoins la revoir dans le Top 10 au petit matin, selon le d\u00e9roulement de la nuit. La <strong>Cadillac<\/strong> de <strong>Jenson Button<\/strong> et <strong>S\u00e9bastien Bourdais<\/strong> n&rsquo;est pas plus \u00e0 la f\u00eate, pour l&rsquo;heure bloqu\u00e9e entre la douzi\u00e8me et la quinzi\u00e8me place&#8230; loin devant la <strong>Peugeot #93<\/strong>, bonne derni\u00e8re.<\/p>\n<p style=\"text-align: justify;\">Dans les autres cat\u00e9gories, la <strong>VDS Panis Racing #48<\/strong> fait pour l&rsquo;instant course en t\u00eate en LMP2. <strong>Esteban Masson<\/strong> compte pour l&rsquo;instant une quinzaine de secondes d&rsquo;avance sur l&rsquo;<strong>AO by TF #199<\/strong> de <strong>Louis D\u00e9l\u00e9traz<\/strong>. En LMGT3, c&rsquo;est la <strong>BMW #46<\/strong> qui domine pour l&rsquo;heure avec un matelas d&rsquo;une vingtaine de secondes.<\/p>\n","protected":false},"excerpt":{"rendered":"<p>24 HEURES DU MANS 2025 &#8211; Apr\u00e8s sept heures de course, les Ferrari m\u00e8nent la course alors que l&rsquo;\u00e9cart avec la concurrence commence \u00e0 se creuser.<\/p>\n","protected":false},"author":91,"featured_media":586976,"comment_status":"open","ping_status":"closed","sticky":false,"template":"","format":"standard","meta":{"_acf_changed":false,"_daextam_enable_autolinks":"1","footnotes":""},"categories":[16331],"tags":[5168,16878],"class_list":["post-586871","post","type-post","status-publish","format-standard","has-post-thumbnail","hentry","category-endurance","tag-24-heures-du-mans","tag-breve"],"acf":[],"yoast_head":"<!-- This site is optimized with the Yoast SEO Premium plugin v26.7 (Yoast SEO v26.7) - https:\/\/yoast.com\/wordpress\/plugins\/seo\/ -->\n<title>24 Heures du Mans : Le point sur la course ce samedi \u00e0 23h<\/title>\n<meta name=\"description\" content=\"24 HEURES DU MANS 2025 - Apr\u00e8s sept heures de course, les Ferrari m\u00e8nent la course alors que l&#039;\u00e9cart avec la concurrence commence \u00e0 se creuser.\" \/>\n<meta name=\"robots\" content=\"index, follow, max-snippet:-1, max-image-preview:large, max-video-preview:-1\" \/>\n<link rel=\"canonical\" href=\"https:\/\/dicodusport.fr\/blog\/24-heures-du-mans-le-point-sur-la-course-ce-samedi-a-23h\/\" \/>\n<meta property=\"og:locale\" content=\"fr_FR\" \/>\n<meta property=\"og:type\" content=\"article\" \/>\n<meta property=\"og:title\" content=\"24 Heures du Mans : Le point sur la course ce samedi \u00e0 23h\" \/>\n<meta property=\"og:description\" content=\"24 HEURES DU MANS 2025 - Au bout des trois premi\u00e8res heures de course, un duel entre les Ferrari et les Porsche est en train de se dessiner sur le circuit de la Sarthe. La Ferrari #50 a pris le commandement \u00e0 18h35, et est suivie de pr\u00e8s par les Porsche #5 et #6.\" \/>\n<meta property=\"og:url\" content=\"https:\/\/dicodusport.fr\/blog\/24-heures-du-mans-le-point-sur-la-course-ce-samedi-a-23h\/\" \/>\n<meta property=\"og:site_name\" content=\"Dicodusport\" \/>\n<meta property=\"article:publisher\" content=\"https:\/\/www.facebook.com\/dicodusport\" \/>\n<meta property=\"article:published_time\" content=\"2025-06-14T21:03:27+00:00\" \/>\n<meta property=\"article:modified_time\" content=\"2025-06-14T21:05:37+00:00\" \/>\n<meta property=\"og:image\" content=\"https:\/\/dicodusport.fr\/blog\/wp-content\/uploads\/2025\/06\/24-Heures-du-Mans-Le-point-sur-la-course-ce-samedi-a-23h.png\" \/>\n\t<meta property=\"og:image:width\" content=\"1200\" \/>\n\t<meta property=\"og:image:height\" content=\"674\" \/>\n\t<meta property=\"og:image:type\" content=\"image\/png\" \/>\n<meta name=\"author\" content=\"Victor Clot-Amiot\" \/>\n<meta name=\"twitter:card\" content=\"summary_large_image\" \/>\n<meta name=\"twitter:description\" content=\"24 HEURES DU MANS 2025 - Au bout des trois premi\u00e8res heures de course, un duel entre les Ferrari et les Porsche est en train de se dessiner sur le circuit de la Sarthe. La Ferrari #50 a pris le commandement \u00e0 18h35, et est suivie de pr\u00e8s par les Porsche #5 et #6.\" \/>\n<meta name=\"twitter:creator\" content=\"@https:\/\/x.com\/VictorClotAmiot\" \/>\n<meta name=\"twitter:site\" content=\"@dicodusport\" \/>\n<script type=\"application\/ld+json\" class=\"yoast-schema-graph\">{\"@context\":\"https:\/\/schema.org\",\"@graph\":[{\"@type\":\"NewsArticle\",\"@id\":\"https:\/\/dicodusport.fr\/blog\/24-heures-du-mans-le-point-sur-la-course-ce-samedi-a-23h\/#article\",\"isPartOf\":{\"@id\":\"https:\/\/dicodusport.fr\/blog\/24-heures-du-mans-le-point-sur-la-course-ce-samedi-a-23h\/\"},\"author\":{\"name\":\"Victor Clot-Amiot\",\"@id\":\"https:\/\/dicodusport.fr\/blog\/#\/schema\/person\/b623199cba9ba90fe84a3d16e9282360\"},\"headline\":\"24 Heures du Mans : Le point sur la course ce samedi \u00e0 23h\",\"datePublished\":\"2025-06-14T21:03:27+00:00\",\"dateModified\":\"2025-06-14T21:05:37+00:00\",\"mainEntityOfPage\":{\"@id\":\"https:\/\/dicodusport.fr\/blog\/24-heures-du-mans-le-point-sur-la-course-ce-samedi-a-23h\/\"},\"wordCount\":685,\"commentCount\":0,\"publisher\":{\"@id\":\"https:\/\/dicodusport.fr\/blog\/#organization\"},\"image\":{\"@id\":\"https:\/\/dicodusport.fr\/blog\/24-heures-du-mans-le-point-sur-la-course-ce-samedi-a-23h\/#primaryimage\"},\"thumbnailUrl\":\"https:\/\/dicodusport.fr\/blog\/wp-content\/uploads\/2025\/06\/24-Heures-du-Mans-Le-point-sur-la-course-ce-samedi-a-23h.png\",\"keywords\":[\"24 heures du Mans\",\"br\u00e8ve\"],\"articleSection\":[\"Endurance\"],\"inLanguage\":\"fr-FR\",\"potentialAction\":[{\"@type\":\"CommentAction\",\"name\":\"Comment\",\"target\":[\"https:\/\/dicodusport.fr\/blog\/24-heures-du-mans-le-point-sur-la-course-ce-samedi-a-23h\/#respond\"]}],\"copyrightYear\":\"2025\",\"copyrightHolder\":{\"@id\":\"https:\/\/dicodusport.fr\/blog\/#organization\"}},{\"@type\":\"WebPage\",\"@id\":\"https:\/\/dicodusport.fr\/blog\/24-heures-du-mans-le-point-sur-la-course-ce-samedi-a-23h\/\",\"url\":\"https:\/\/dicodusport.fr\/blog\/24-heures-du-mans-le-point-sur-la-course-ce-samedi-a-23h\/\",\"name\":\"24 Heures du Mans : Le point sur la course ce samedi \u00e0 23h\",\"isPartOf\":{\"@id\":\"https:\/\/dicodusport.fr\/blog\/#website\"},\"primaryImageOfPage\":{\"@id\":\"https:\/\/dicodusport.fr\/blog\/24-heures-du-mans-le-point-sur-la-course-ce-samedi-a-23h\/#primaryimage\"},\"image\":{\"@id\":\"https:\/\/dicodusport.fr\/blog\/24-heures-du-mans-le-point-sur-la-course-ce-samedi-a-23h\/#primaryimage\"},\"thumbnailUrl\":\"https:\/\/dicodusport.fr\/blog\/wp-content\/uploads\/2025\/06\/24-Heures-du-Mans-Le-point-sur-la-course-ce-samedi-a-23h.png\",\"datePublished\":\"2025-06-14T21:03:27+00:00\",\"dateModified\":\"2025-06-14T21:05:37+00:00\",\"description\":\"24 HEURES DU MANS 2025 - Apr\u00e8s sept heures de course, les Ferrari m\u00e8nent la course alors que l'\u00e9cart avec la concurrence commence \u00e0 se creuser.\",\"breadcrumb\":{\"@id\":\"https:\/\/dicodusport.fr\/blog\/24-heures-du-mans-le-point-sur-la-course-ce-samedi-a-23h\/#breadcrumb\"},\"inLanguage\":\"fr-FR\",\"potentialAction\":[{\"@type\":\"ReadAction\",\"target\":[\"https:\/\/dicodusport.fr\/blog\/24-heures-du-mans-le-point-sur-la-course-ce-samedi-a-23h\/\"]}]},{\"@type\":\"ImageObject\",\"inLanguage\":\"fr-FR\",\"@id\":\"https:\/\/dicodusport.fr\/blog\/24-heures-du-mans-le-point-sur-la-course-ce-samedi-a-23h\/#primaryimage\",\"url\":\"https:\/\/dicodusport.fr\/blog\/wp-content\/uploads\/2025\/06\/24-Heures-du-Mans-Le-point-sur-la-course-ce-samedi-a-23h.png\",\"contentUrl\":\"https:\/\/dicodusport.fr\/blog\/wp-content\/uploads\/2025\/06\/24-Heures-du-Mans-Le-point-sur-la-course-ce-samedi-a-23h.png\",\"width\":1200,\"height\":674,\"caption\":\"24 Heures du Mans Le point sur la course ce samedi \u00e0 23h\"},{\"@type\":\"BreadcrumbList\",\"@id\":\"https:\/\/dicodusport.fr\/blog\/24-heures-du-mans-le-point-sur-la-course-ce-samedi-a-23h\/#breadcrumb\",\"itemListElement\":[{\"@type\":\"ListItem\",\"position\":1,\"name\":\"Accueil\",\"item\":\"https:\/\/dicodusport.fr\/blog\/\"},{\"@type\":\"ListItem\",\"position\":2,\"name\":\"24 Heures du Mans : Le point sur la course ce samedi \u00e0 23h\"}]},{\"@type\":\"WebSite\",\"@id\":\"https:\/\/dicodusport.fr\/blog\/#website\",\"url\":\"https:\/\/dicodusport.fr\/blog\/\",\"name\":\"Dicodusport\",\"description\":\"L&#039;encyclop\u00e9die de l&#039;actualit\u00e9 sportive\",\"publisher\":{\"@id\":\"https:\/\/dicodusport.fr\/blog\/#organization\"},\"potentialAction\":[{\"@type\":\"SearchAction\",\"target\":{\"@type\":\"EntryPoint\",\"urlTemplate\":\"https:\/\/dicodusport.fr\/blog\/?s={search_term_string}\"},\"query-input\":{\"@type\":\"PropertyValueSpecification\",\"valueRequired\":true,\"valueName\":\"search_term_string\"}}],\"inLanguage\":\"fr-FR\"},{\"@type\":\"NewsMediaOrganization\",\"@id\":\"https:\/\/dicodusport.fr\/blog\/#organization\",\"name\":\"Dicodusport\",\"url\":\"https:\/\/dicodusport.fr\/blog\/\",\"logo\":{\"@type\":\"ImageObject\",\"inLanguage\":\"fr-FR\",\"@id\":\"https:\/\/dicodusport.fr\/blog\/#\/schema\/logo\/image\/\",\"url\":\"https:\/\/dicodusport.fr\/blog\/wp-content\/uploads\/2020\/06\/cropped-LOGO-DICODUSPORT-2020-SANS-FOND-SANS-TEXTE.png\",\"contentUrl\":\"https:\/\/dicodusport.fr\/blog\/wp-content\/uploads\/2020\/06\/cropped-LOGO-DICODUSPORT-2020-SANS-FOND-SANS-TEXTE.png\",\"width\":512,\"height\":512,\"caption\":\"Dicodusport\"},\"image\":{\"@id\":\"https:\/\/dicodusport.fr\/blog\/#\/schema\/logo\/image\/\"},\"sameAs\":[\"https:\/\/www.facebook.com\/dicodusport\",\"https:\/\/x.com\/dicodusport\",\"https:\/\/www.instagram.com\/dicodusport\/\",\"https:\/\/www.youtube.com\/channel\/UC7V2KZ5sd3htJivAbA4ZG3w\"],\"description\":\"Dicodusport est l'encyclop\u00e9die de l'actualit\u00e9 sportive.\",\"email\":\"bonjour@dicodusport.fr\",\"legalName\":\"DICODUSPORT\",\"foundingDate\":\"2018-01-14\",\"vatID\":\"FR71834470973\",\"taxID\":\"83447097300043\",\"numberOfEmployees\":{\"@type\":\"QuantitativeValue\",\"minValue\":\"1\",\"maxValue\":\"10\"}},{\"@type\":\"Person\",\"@id\":\"https:\/\/dicodusport.fr\/blog\/#\/schema\/person\/b623199cba9ba90fe84a3d16e9282360\",\"name\":\"Victor Clot-Amiot\",\"image\":{\"@type\":\"ImageObject\",\"inLanguage\":\"fr-FR\",\"@id\":\"https:\/\/dicodusport.fr\/blog\/#\/schema\/person\/image\/\",\"url\":\"https:\/\/dicodusport.fr\/blog\/wp-content\/uploads\/2023\/09\/IMG_20190826_114722-150x150.jpg\",\"contentUrl\":\"https:\/\/dicodusport.fr\/blog\/wp-content\/uploads\/2023\/09\/IMG_20190826_114722-150x150.jpg\",\"caption\":\"Victor Clot-Amiot\"},\"description\":\"Passionn\u00e9 de sport depuis toujours, un jour \u00e0 l'adolescence mes parents m'ont dit : \\\"quitte \u00e0 passer ton temps \u00e0 regarder du sport, au moins va le voir en vrai\\\" ! Depuis, cette remarque ne m'a plus quitt\u00e9 et je passe une grande partie de mon temps libre \u00e0 assister \u00e0 des comp\u00e9titions de tous sports. Je m\u00eale d'ailleurs mes deux passions, le sport et les voyages afin de faire une pierre deux coups ! Outre l'US Open ou l'Euro 2021 par exemple, j'ai assist\u00e9 cet \u00e9t\u00e9 aux Mondiaux d'athl\u00e9tisme \u00e0 Budapest. Mon plus gros coup dur est et restera les JO 2020-2021 pour lesquels j'avais r\u00e9serv\u00e9 17 \u00e9preuves. La suite, vous la connaissez...\",\"sameAs\":[\"https:\/\/x.com\/https:\/\/x.com\/VictorClotAmiot\"],\"url\":\"https:\/\/dicodusport.fr\/blog\/author\/victor-clot-amiot\/\"}]}<\/script>\n<!-- \/ Yoast SEO Premium plugin. -->","yoast_head_json":{"title":"24 Heures du Mans : Le point sur la course ce samedi \u00e0 23h","description":"24 HEURES DU MANS 2025 - Apr\u00e8s sept heures de course, les Ferrari m\u00e8nent la course alors que l'\u00e9cart avec la concurrence commence \u00e0 se creuser.","robots":{"index":"index","follow":"follow","max-snippet":"max-snippet:-1","max-image-preview":"max-image-preview:large","max-video-preview":"max-video-preview:-1"},"canonical":"https:\/\/dicodusport.fr\/blog\/24-heures-du-mans-le-point-sur-la-course-ce-samedi-a-23h\/","og_locale":"fr_FR","og_type":"article","og_title":"24 Heures du Mans : Le point sur la course ce samedi \u00e0 23h","og_description":"24 HEURES DU MANS 2025 - Au bout des trois premi\u00e8res heures de course, un duel entre les Ferrari et les Porsche est en train de se dessiner sur le circuit de la Sarthe. La Ferrari #50 a pris le commandement \u00e0 18h35, et est suivie de pr\u00e8s par les Porsche #5 et #6.","og_url":"https:\/\/dicodusport.fr\/blog\/24-heures-du-mans-le-point-sur-la-course-ce-samedi-a-23h\/","og_site_name":"Dicodusport","article_publisher":"https:\/\/www.facebook.com\/dicodusport","article_published_time":"2025-06-14T21:03:27+00:00","article_modified_time":"2025-06-14T21:05:37+00:00","og_image":[{"width":1200,"height":674,"url":"https:\/\/dicodusport.fr\/blog\/wp-content\/uploads\/2025\/06\/24-Heures-du-Mans-Le-point-sur-la-course-ce-samedi-a-23h.png","type":"image\/png"}],"author":"Victor Clot-Amiot","twitter_card":"summary_large_image","twitter_description":"24 HEURES DU MANS 2025 - Au bout des trois premi\u00e8res heures de course, un duel entre les Ferrari et les Porsche est en train de se dessiner sur le circuit de la Sarthe. La Ferrari #50 a pris le commandement \u00e0 18h35, et est suivie de pr\u00e8s par les Porsche #5 et #6.","twitter_creator":"@https:\/\/x.com\/VictorClotAmiot","twitter_site":"@dicodusport","schema":{"@context":"https:\/\/schema.org","@graph":[{"@type":"NewsArticle","@id":"https:\/\/dicodusport.fr\/blog\/24-heures-du-mans-le-point-sur-la-course-ce-samedi-a-23h\/#article","isPartOf":{"@id":"https:\/\/dicodusport.fr\/blog\/24-heures-du-mans-le-point-sur-la-course-ce-samedi-a-23h\/"},"author":{"name":"Victor Clot-Amiot","@id":"https:\/\/dicodusport.fr\/blog\/#\/schema\/person\/b623199cba9ba90fe84a3d16e9282360"},"headline":"24 Heures du Mans : Le point sur la course ce samedi \u00e0 23h","datePublished":"2025-06-14T21:03:27+00:00","dateModified":"2025-06-14T21:05:37+00:00","mainEntityOfPage":{"@id":"https:\/\/dicodusport.fr\/blog\/24-heures-du-mans-le-point-sur-la-course-ce-samedi-a-23h\/"},"wordCount":685,"commentCount":0,"publisher":{"@id":"https:\/\/dicodusport.fr\/blog\/#organization"},"image":{"@id":"https:\/\/dicodusport.fr\/blog\/24-heures-du-mans-le-point-sur-la-course-ce-samedi-a-23h\/#primaryimage"},"thumbnailUrl":"https:\/\/dicodusport.fr\/blog\/wp-content\/uploads\/2025\/06\/24-Heures-du-Mans-Le-point-sur-la-course-ce-samedi-a-23h.png","keywords":["24 heures du Mans","br\u00e8ve"],"articleSection":["Endurance"],"inLanguage":"fr-FR","potentialAction":[{"@type":"CommentAction","name":"Comment","target":["https:\/\/dicodusport.fr\/blog\/24-heures-du-mans-le-point-sur-la-course-ce-samedi-a-23h\/#respond"]}],"copyrightYear":"2025","copyrightHolder":{"@id":"https:\/\/dicodusport.fr\/blog\/#organization"}},{"@type":"WebPage","@id":"https:\/\/dicodusport.fr\/blog\/24-heures-du-mans-le-point-sur-la-course-ce-samedi-a-23h\/","url":"https:\/\/dicodusport.fr\/blog\/24-heures-du-mans-le-point-sur-la-course-ce-samedi-a-23h\/","name":"24 Heures du Mans : Le point sur la course ce samedi \u00e0 23h","isPartOf":{"@id":"https:\/\/dicodusport.fr\/blog\/#website"},"primaryImageOfPage":{"@id":"https:\/\/dicodusport.fr\/blog\/24-heures-du-mans-le-point-sur-la-course-ce-samedi-a-23h\/#primaryimage"},"image":{"@id":"https:\/\/dicodusport.fr\/blog\/24-heures-du-mans-le-point-sur-la-course-ce-samedi-a-23h\/#primaryimage"},"thumbnailUrl":"https:\/\/dicodusport.fr\/blog\/wp-content\/uploads\/2025\/06\/24-Heures-du-Mans-Le-point-sur-la-course-ce-samedi-a-23h.png","datePublished":"2025-06-14T21:03:27+00:00","dateModified":"2025-06-14T21:05:37+00:00","description":"24 HEURES DU MANS 2025 - Apr\u00e8s sept heures de course, les Ferrari m\u00e8nent la course alors que l'\u00e9cart avec la concurrence commence \u00e0 se creuser.","breadcrumb":{"@id":"https:\/\/dicodusport.fr\/blog\/24-heures-du-mans-le-point-sur-la-course-ce-samedi-a-23h\/#breadcrumb"},"inLanguage":"fr-FR","potentialAction":[{"@type":"ReadAction","target":["https:\/\/dicodusport.fr\/blog\/24-heures-du-mans-le-point-sur-la-course-ce-samedi-a-23h\/"]}]},{"@type":"ImageObject","inLanguage":"fr-FR","@id":"https:\/\/dicodusport.fr\/blog\/24-heures-du-mans-le-point-sur-la-course-ce-samedi-a-23h\/#primaryimage","url":"https:\/\/dicodusport.fr\/blog\/wp-content\/uploads\/2025\/06\/24-Heures-du-Mans-Le-point-sur-la-course-ce-samedi-a-23h.png","contentUrl":"https:\/\/dicodusport.fr\/blog\/wp-content\/uploads\/2025\/06\/24-Heures-du-Mans-Le-point-sur-la-course-ce-samedi-a-23h.png","width":1200,"height":674,"caption":"24 Heures du Mans Le point sur la course ce samedi \u00e0 23h"},{"@type":"BreadcrumbList","@id":"https:\/\/dicodusport.fr\/blog\/24-heures-du-mans-le-point-sur-la-course-ce-samedi-a-23h\/#breadcrumb","itemListElement":[{"@type":"ListItem","position":1,"name":"Accueil","item":"https:\/\/dicodusport.fr\/blog\/"},{"@type":"ListItem","position":2,"name":"24 Heures du Mans : Le point sur la course ce samedi \u00e0 23h"}]},{"@type":"WebSite","@id":"https:\/\/dicodusport.fr\/blog\/#website","url":"https:\/\/dicodusport.fr\/blog\/","name":"Dicodusport","description":"L&#039;encyclop\u00e9die de l&#039;actualit\u00e9 sportive","publisher":{"@id":"https:\/\/dicodusport.fr\/blog\/#organization"},"potentialAction":[{"@type":"SearchAction","target":{"@type":"EntryPoint","urlTemplate":"https:\/\/dicodusport.fr\/blog\/?s={search_term_string}"},"query-input":{"@type":"PropertyValueSpecification","valueRequired":true,"valueName":"search_term_string"}}],"inLanguage":"fr-FR"},{"@type":"NewsMediaOrganization","@id":"https:\/\/dicodusport.fr\/blog\/#organization","name":"Dicodusport","url":"https:\/\/dicodusport.fr\/blog\/","logo":{"@type":"ImageObject","inLanguage":"fr-FR","@id":"https:\/\/dicodusport.fr\/blog\/#\/schema\/logo\/image\/","url":"https:\/\/dicodusport.fr\/blog\/wp-content\/uploads\/2020\/06\/cropped-LOGO-DICODUSPORT-2020-SANS-FOND-SANS-TEXTE.png","contentUrl":"https:\/\/dicodusport.fr\/blog\/wp-content\/uploads\/2020\/06\/cropped-LOGO-DICODUSPORT-2020-SANS-FOND-SANS-TEXTE.png","width":512,"height":512,"caption":"Dicodusport"},"image":{"@id":"https:\/\/dicodusport.fr\/blog\/#\/schema\/logo\/image\/"},"sameAs":["https:\/\/www.facebook.com\/dicodusport","https:\/\/x.com\/dicodusport","https:\/\/www.instagram.com\/dicodusport\/","https:\/\/www.youtube.com\/channel\/UC7V2KZ5sd3htJivAbA4ZG3w"],"description":"Dicodusport est l'encyclop\u00e9die de l'actualit\u00e9 sportive.","email":"bonjour@dicodusport.fr","legalName":"DICODUSPORT","foundingDate":"2018-01-14","vatID":"FR71834470973","taxID":"83447097300043","numberOfEmployees":{"@type":"QuantitativeValue","minValue":"1","maxValue":"10"}},{"@type":"Person","@id":"https:\/\/dicodusport.fr\/blog\/#\/schema\/person\/b623199cba9ba90fe84a3d16e9282360","name":"Victor Clot-Amiot","image":{"@type":"ImageObject","inLanguage":"fr-FR","@id":"https:\/\/dicodusport.fr\/blog\/#\/schema\/person\/image\/","url":"https:\/\/dicodusport.fr\/blog\/wp-content\/uploads\/2023\/09\/IMG_20190826_114722-150x150.jpg","contentUrl":"https:\/\/dicodusport.fr\/blog\/wp-content\/uploads\/2023\/09\/IMG_20190826_114722-150x150.jpg","caption":"Victor Clot-Amiot"},"description":"Passionn\u00e9 de sport depuis toujours, un jour \u00e0 l'adolescence mes parents m'ont dit : \"quitte \u00e0 passer ton temps \u00e0 regarder du sport, au moins va le voir en vrai\" ! Depuis, cette remarque ne m'a plus quitt\u00e9 et je passe une grande partie de mon temps libre \u00e0 assister \u00e0 des comp\u00e9titions de tous sports. Je m\u00eale d'ailleurs mes deux passions, le sport et les voyages afin de faire une pierre deux coups ! Outre l'US Open ou l'Euro 2021 par exemple, j'ai assist\u00e9 cet \u00e9t\u00e9 aux Mondiaux d'athl\u00e9tisme \u00e0 Budapest. Mon plus gros coup dur est et restera les JO 2020-2021 pour lesquels j'avais r\u00e9serv\u00e9 17 \u00e9preuves. La suite, vous la connaissez...","sameAs":["https:\/\/x.com\/https:\/\/x.com\/VictorClotAmiot"],"url":"https:\/\/dicodusport.fr\/blog\/author\/victor-clot-amiot\/"}]}},"_links":{"self":[{"href":"https:\/\/dicodusport.fr\/blog\/wp-json\/wp\/v2\/posts\/586871","targetHints":{"allow":["GET"]}}],"collection":[{"href":"https:\/\/dicodusport.fr\/blog\/wp-json\/wp\/v2\/posts"}],"about":[{"href":"https:\/\/dicodusport.fr\/blog\/wp-json\/wp\/v2\/types\/post"}],"author":[{"embeddable":true,"href":"https:\/\/dicodusport.fr\/blog\/wp-json\/wp\/v2\/users\/91"}],"replies":[{"embeddable":true,"href":"https:\/\/dicodusport.fr\/blog\/wp-json\/wp\/v2\/comments?post=586871"}],"version-history":[{"count":5,"href":"https:\/\/dicodusport.fr\/blog\/wp-json\/wp\/v2\/posts\/586871\/revisions"}],"predecessor-version":[{"id":586980,"href":"https:\/\/dicodusport.fr\/blog\/wp-json\/wp\/v2\/posts\/586871\/revisions\/586980"}],"wp:featuredmedia":[{"embeddable":true,"href":"https:\/\/dicodusport.fr\/blog\/wp-json\/wp\/v2\/media\/586976"}],"wp:attachment":[{"href":"https:\/\/dicodusport.fr\/blog\/wp-json\/wp\/v2\/media?parent=586871"}],"wp:term":[{"taxonomy":"category","embeddable":true,"href":"https:\/\/dicodusport.fr\/blog\/wp-json\/wp\/v2\/categories?post=586871"},{"taxonomy":"post_tag","embeddable":true,"href":"https:\/\/dicodusport.fr\/blog\/wp-json\/wp\/v2\/tags?post=586871"}],"curies":[{"name":"wp","href":"https:\/\/api.w.org\/{rel}","templated":true}]}}