{"id":587089,"date":"2025-06-15T13:14:14","date_gmt":"2025-06-15T11:14:14","guid":{"rendered":"https:\/\/dicodusport.fr\/blog\/?p=587089&#038;preview=true&#038;preview_id=587089"},"modified":"2025-06-15T13:23:23","modified_gmt":"2025-06-15T11:23:23","slug":"tour-de-suisse-femmes-2025-la-derniere-etape-et-le-general-pour-marlen-reusser","status":"publish","type":"post","link":"https:\/\/dicodusport.fr\/blog\/tour-de-suisse-femmes-2025-la-derniere-etape-et-le-general-pour-marlen-reusser\/","title":{"rendered":"Tour de Suisse Femmes 2025 : La derni\u00e8re \u00e9tape et le g\u00e9n\u00e9ral pour Marlen Reusser"},"content":{"rendered":"<p style=\"text-align: justify;\"><strong><em>TOUR DE SUISSE FEMMES 2025\u00a0 &#8211; Grosse d\u00e9monstration de Marlen Reusser (Movistar), qui remporte en solitaire la derni\u00e8re \u00e9tape. Pour la premi\u00e8re fois cette saison, elle prend l&rsquo;ascendant sur Demi Vollering (FDJ-Suez), l\u00e2ch\u00e9e dans le dernier faux plat, \u00e0 10 kilom\u00e8tres du but, et qui doit se contenter de la deuxi\u00e8me place au g\u00e9n\u00e9ral, derri\u00e8re son ancienne co\u00e9quipi\u00e8re. Sa premi\u00e8re d\u00e9faite depuis Li\u00e8ge-Bastogne-Li\u00e8ge en avril.<\/em><\/strong><\/p>\n<ul style=\"text-align: justify;\">\n<li><strong>\u00c0 ce sujet \u2013\u00a0<a href=\"https:\/\/dicodusport.fr\/blog\/actualites\/cyclisme\/cyclisme-sur-route\/\">Toute l\u2019actualit\u00e9 du cyclisme<\/a><\/strong><\/li>\n<\/ul>\n<p style=\"text-align: justify;\">Ce n&rsquo;est pas une prise de pouvoir, car le Tour de France est encore loin, et <strong>Marlen Reusser,<\/strong> qui va disputer le Giro, n&rsquo;a pas le m\u00eame niveau de forme de <strong>Demi Vollering,<\/strong> fatigu\u00e9e de son encha\u00eenement espagnol, depuis la Vuelta au d\u00e9but du mois de mai. Mais pour la premi\u00e8re fois, la Suissesse a pris l&rsquo;ascendant sur la N\u00e9erlandaise sur une course \u00e0 \u00e9tapes cette ann\u00e9e. Et il n&rsquo;y a pas eu photo. Deux victoires sur les quatre \u00e9tapes du Tour de Suisse et une impression de force sur cette derni\u00e8re \u00e9tape, qu&rsquo;elle s&rsquo;est construite toute seule. Grande favorite du Giro Donne, en attendant d&rsquo;\u00eatre une grande favorite pour le Tour ?<\/p>\n<blockquote class=\"twitter-tweet\">\n<p dir=\"ltr\" lang=\"fr\">Marlen Reusser remporte la derni\u00e8re \u00e9tape et le classement g\u00e9n\u00e9ral du Tour de Suisse !<a href=\"https:\/\/twitter.com\/hashtag\/lequipeVELO?src=hash&amp;ref_src=twsrc%5Etfw\">#lequipeVELO<\/a> <a href=\"https:\/\/t.co\/gTcMuBDDcX\">pic.twitter.com\/gTcMuBDDcX<\/a><\/p>\n<p>\u2014 L&rsquo;\u00c9quipe (@lequipe) <a href=\"https:\/\/twitter.com\/lequipe\/status\/1934207808557162633?ref_src=twsrc%5Etfw\">June 15, 2025<\/a><\/p><\/blockquote>\n<p><script async src=\"https:\/\/platform.twitter.com\/widgets.js\" charset=\"utf-8\"><\/script><\/p>\n<h2>Un d\u00e9but d&rsquo;\u00e9tape bien anim\u00e9<\/h2>\n<p style=\"text-align: justify;\">Le d\u00e9but d&rsquo;\u00e9tape a \u00e9t\u00e9 propice \u00e0 une course de mouvement, avec \u00e9norm\u00e9ment d&rsquo;attaque tout au long de cette premi\u00e8re moiti\u00e9 de course. Et quelques outsiders qui ont tent\u00e9 de se placer dans un bon coup. Comme <strong>Niamh Fisher-Black<\/strong> (Lidl-Trek) plac\u00e9e \u00e0 2:03 de <strong>Marlen Reusser<\/strong> au classement g\u00e9n\u00e9ral. Mais aussi <strong>Yara Kastelijn<\/strong> (Fenix-Deceuninck). Dans un coup avec de solides coureuses comme Kristen Faulkner (EF Education-Oatly) auteure de pr\u00e8s de 90 kilom\u00e8tres d&rsquo;\u00e9chapp\u00e9e solitaire ce samedi, mais aussi <strong>Blanka Vas<\/strong> (Team SD Works-Protime) et<strong> Loes Adegeest<\/strong> (FDJ-Suez). Un coup d&rsquo;une dizaine de coureuses, qui a compt\u00e9 plus de 40 secondes et qui a ouvert la route pendant une dizaine de kilom\u00e8tres. Avant de se faire reprendre.<\/p>\n<p style=\"text-align: justify;\">Finalement, c&rsquo;est apr\u00e8s le sprint bonifications, qui a vu <strong>Demi Vollering<\/strong> (FDJ-Suez) reprendre une seconde \u00e0 <strong>Marlen Reusser<\/strong> et revenir \u00e0 deux secondes de la Suissesse, un trio a fini par se d\u00e9gager. <strong>Julia Borgstrom<\/strong> (AG Insurance-Soudal Team), <strong>Steffi Haberlin<\/strong> (Team SD Worx &#8211; Protime) et <strong>Henrietta Christie<\/strong> (EF Education-Oatly) sont parvenues \u00e0 prendre un peu plus d&rsquo;une minute \u00e0 un peloton largement amaigri. Trois coureuses reprises \u00e0 25 kilom\u00e8tres du but apr\u00e8s pr\u00e8s de 30 kilom\u00e8tres \u00e0 l&rsquo;avant<\/p>\n<h2>Le Michaelskreuzstrasse en juge de paix<\/h2>\n<p style=\"text-align: justify;\">C&rsquo;est donc sur les s\u00e9v\u00e8res pentes (3,9 km \u00e0 9 % de moyenne) du Michaelskreuzstrasse (\u00e0 vos souhaits) que le Tour de Suisse s&rsquo;est en partie d\u00e9cid\u00e9. Avec Marlen Reuser qui a d\u00e9cid\u00e9 de dynamiter la course d\u00e8s le pied de la difficult\u00e9. La leader du classement g\u00e9n\u00e9ral a imprim\u00e9 le tempo, en asphyxiant tout le monde au fur et \u00e0 mesure de la mont\u00e9e. <strong>Ur\u0161ka \u017digart, Mavi Garc\u00eda, Elise Chabbey et Noemi R\u00fcegg. C\u00e9drine Kerbaol<\/strong> et <strong>Marion Bunel<\/strong> sont parmi les derni\u00e8res \u00e0 sauter du groupe de t\u00eate, avant de revenir avec <strong>\u017digart<\/strong> et <strong>Sarah Gigante<\/strong> et <strong>Yara Kastelijn<\/strong>. Dans un groupe compos\u00e9 \u00e9galement de <strong>Demi Vollering, Niamh Fisher-Black et Kasia Niewiadoma<\/strong>. <strong>Demi Vollering<\/strong>, qui a sembl\u00e9 en difficult\u00e9 tout au long de la mont\u00e9e.<\/p>\n<p style=\"text-align: justify;\">Forcing de la leader, mais c&rsquo;est bien les bonifications qui ont \u00e9t\u00e9 juges de paix. M\u00eame si la laur\u00e9ate du Tour de France 2024 a tent\u00e9 sa chance au sommet, provoquant une nouvelle s\u00e9lection. La Polonaise est l\u00e0 et bien l\u00e0 sur ce Tour de Suisse et va repartir avec de la confiance, apr\u00e8s un d\u00e9but de saison compliqu\u00e9. Dans la descente, jeu de bluff entre <strong>Demi Vollering<\/strong> et <strong>Marlen Reusser<\/strong>. En plus de ses deux secondes d&rsquo;avance, la Suissesse poss\u00e8de une place au cumul\u00e9, de mieux que sa rivale, si on compte chaque place sur les trois premi\u00e8res \u00e9tapes. Ce qui veut dire que si <strong>Demi Vollering<\/strong> est 2\u00e8me et <strong>Marlen Reusser<\/strong> 3\u00e8me, c&rsquo;est \u00e9galit\u00e9 au temps et \u00e0 la place. Et dans ce cas-l\u00e0, c&rsquo;est la place sur la derni\u00e8re \u00e9tape qui comptait. Mais la Suissesse n&rsquo;a pas eu besoin de calculer.<\/p>\n<p style=\"text-align: justify;\">Dans le dernier faux plat, elle a flingu\u00e9 et laiss\u00e9 tout le monde sur place. Et remporte l&rsquo;\u00e9tape avec 30 secondes d&rsquo;avance. <strong>C\u00e9drine Kerbaol<\/strong> prend une belle 4\u00e8me place (encore) et termine 6\u00e8me du classement g\u00e9n\u00e9ral. Tandis que <strong>Marion Bunel<\/strong> termine meilleure jeune et entre \u00e9galement dans le Top 10 du g\u00e9n\u00e9ral (9\u00e8me).<\/p>\n","protected":false},"excerpt":{"rendered":"<p>La derni\u00e8re \u00e9tape du Tour de Suisse f\u00e9minin et le g\u00e9n\u00e9ral pour Marlen Reusser<\/p>\n","protected":false},"author":83,"featured_media":587098,"comment_status":"open","ping_status":"closed","sticky":false,"template":"","format":"standard","meta":{"_acf_changed":false,"_daextam_enable_autolinks":"1","footnotes":""},"categories":[46994],"tags":[16878,47066],"class_list":["post-587089","post","type-post","status-publish","format-standard","has-post-thumbnail","hentry","category-cyclisme-sur-route","tag-breve","tag-tour-de-suisse-feminin"],"acf":[],"yoast_head":"<!-- This site is optimized with the Yoast SEO Premium plugin v26.7 (Yoast SEO v26.7) - https:\/\/yoast.com\/wordpress\/plugins\/seo\/ -->\n<title>Tour de Suisse Femmes 2025 : La derni\u00e8re \u00e9tape et le g\u00e9n\u00e9ral pour Marlen Reusser<\/title>\n<meta name=\"description\" content=\"TOUR DE SUISSE FEMMES 2025\u00a0 - Grosse d\u00e9monstration de Marlen Reusser (Movistar), qui remporte en solitaire la derni\u00e8re \u00e9tape et le g\u00e9n\u00e9ral.\" \/>\n<meta name=\"robots\" content=\"index, follow, max-snippet:-1, max-image-preview:large, max-video-preview:-1\" \/>\n<link rel=\"canonical\" href=\"https:\/\/dicodusport.fr\/blog\/tour-de-suisse-femmes-2025-la-derniere-etape-et-le-general-pour-marlen-reusser\/\" \/>\n<meta property=\"og:locale\" content=\"fr_FR\" \/>\n<meta property=\"og:type\" content=\"article\" \/>\n<meta property=\"og:title\" content=\"Tour de Suisse Femmes 2025 : La derni\u00e8re \u00e9tape et le g\u00e9n\u00e9ral pour Marlen Reusser\" \/>\n<meta property=\"og:description\" content=\"TOUR DE SUISSE FEMMES 2025\u00a0 - Grosse d\u00e9monstration de Marlen Reusser (Movistar), qui remporte en solitaire la derni\u00e8re \u00e9tape et le g\u00e9n\u00e9ral.\" \/>\n<meta property=\"og:url\" content=\"https:\/\/dicodusport.fr\/blog\/tour-de-suisse-femmes-2025-la-derniere-etape-et-le-general-pour-marlen-reusser\/\" \/>\n<meta property=\"og:site_name\" content=\"Dicodusport\" \/>\n<meta property=\"article:publisher\" content=\"https:\/\/www.facebook.com\/dicodusport\" \/>\n<meta property=\"article:published_time\" content=\"2025-06-15T11:14:14+00:00\" \/>\n<meta property=\"article:modified_time\" content=\"2025-06-15T11:23:23+00:00\" \/>\n<meta property=\"og:image\" content=\"https:\/\/dicodusport.fr\/blog\/wp-content\/uploads\/2025\/06\/Tour-de-Suisse-Femmes-2025-La-derniere-etape-et-le-general-pour-Marlen-Reusser-1024x575.png\" \/>\n\t<meta property=\"og:image:width\" content=\"1024\" \/>\n\t<meta property=\"og:image:height\" content=\"575\" \/>\n\t<meta property=\"og:image:type\" content=\"image\/png\" \/>\n<meta name=\"author\" content=\"Etienne Goursaud\" \/>\n<meta name=\"twitter:card\" content=\"summary_large_image\" \/>\n<meta name=\"twitter:title\" content=\"Tour de Suisse Femmes 2025 : La derni\u00e8re \u00e9tape et le g\u00e9n\u00e9ral pour Marlen Reusser\" \/>\n<meta name=\"twitter:creator\" content=\"@dicodusport\" \/>\n<meta name=\"twitter:site\" content=\"@dicodusport\" \/>\n<script type=\"application\/ld+json\" class=\"yoast-schema-graph\">{\"@context\":\"https:\/\/schema.org\",\"@graph\":[{\"@type\":\"NewsArticle\",\"@id\":\"https:\/\/dicodusport.fr\/blog\/tour-de-suisse-femmes-2025-la-derniere-etape-et-le-general-pour-marlen-reusser\/#article\",\"isPartOf\":{\"@id\":\"https:\/\/dicodusport.fr\/blog\/tour-de-suisse-femmes-2025-la-derniere-etape-et-le-general-pour-marlen-reusser\/\"},\"author\":{\"name\":\"Etienne Goursaud\",\"@id\":\"https:\/\/dicodusport.fr\/blog\/#\/schema\/person\/d603dd7da31fb2b46c82b9835a77ec13\"},\"headline\":\"Tour de Suisse Femmes 2025 : La derni\u00e8re \u00e9tape et le g\u00e9n\u00e9ral pour Marlen Reusser\",\"datePublished\":\"2025-06-15T11:14:14+00:00\",\"dateModified\":\"2025-06-15T11:23:23+00:00\",\"mainEntityOfPage\":{\"@id\":\"https:\/\/dicodusport.fr\/blog\/tour-de-suisse-femmes-2025-la-derniere-etape-et-le-general-pour-marlen-reusser\/\"},\"wordCount\":821,\"commentCount\":0,\"publisher\":{\"@id\":\"https:\/\/dicodusport.fr\/blog\/#organization\"},\"image\":{\"@id\":\"https:\/\/dicodusport.fr\/blog\/tour-de-suisse-femmes-2025-la-derniere-etape-et-le-general-pour-marlen-reusser\/#primaryimage\"},\"thumbnailUrl\":\"https:\/\/dicodusport.fr\/blog\/wp-content\/uploads\/2025\/06\/Tour-de-Suisse-Femmes-2025-La-derniere-etape-et-le-general-pour-Marlen-Reusser.png\",\"keywords\":[\"br\u00e8ve\",\"Tour de Suisse f\u00e9minin\"],\"articleSection\":[\"Cyclisme sur route\"],\"inLanguage\":\"fr-FR\",\"potentialAction\":[{\"@type\":\"CommentAction\",\"name\":\"Comment\",\"target\":[\"https:\/\/dicodusport.fr\/blog\/tour-de-suisse-femmes-2025-la-derniere-etape-et-le-general-pour-marlen-reusser\/#respond\"]}],\"copyrightYear\":\"2025\",\"copyrightHolder\":{\"@id\":\"https:\/\/dicodusport.fr\/blog\/#organization\"}},{\"@type\":\"WebPage\",\"@id\":\"https:\/\/dicodusport.fr\/blog\/tour-de-suisse-femmes-2025-la-derniere-etape-et-le-general-pour-marlen-reusser\/\",\"url\":\"https:\/\/dicodusport.fr\/blog\/tour-de-suisse-femmes-2025-la-derniere-etape-et-le-general-pour-marlen-reusser\/\",\"name\":\"Tour de Suisse Femmes 2025 : La derni\u00e8re \u00e9tape et le g\u00e9n\u00e9ral pour Marlen Reusser\",\"isPartOf\":{\"@id\":\"https:\/\/dicodusport.fr\/blog\/#website\"},\"primaryImageOfPage\":{\"@id\":\"https:\/\/dicodusport.fr\/blog\/tour-de-suisse-femmes-2025-la-derniere-etape-et-le-general-pour-marlen-reusser\/#primaryimage\"},\"image\":{\"@id\":\"https:\/\/dicodusport.fr\/blog\/tour-de-suisse-femmes-2025-la-derniere-etape-et-le-general-pour-marlen-reusser\/#primaryimage\"},\"thumbnailUrl\":\"https:\/\/dicodusport.fr\/blog\/wp-content\/uploads\/2025\/06\/Tour-de-Suisse-Femmes-2025-La-derniere-etape-et-le-general-pour-Marlen-Reusser.png\",\"datePublished\":\"2025-06-15T11:14:14+00:00\",\"dateModified\":\"2025-06-15T11:23:23+00:00\",\"description\":\"TOUR DE SUISSE FEMMES 2025\u00a0 - Grosse d\u00e9monstration de Marlen Reusser (Movistar), qui remporte en solitaire la derni\u00e8re \u00e9tape et le g\u00e9n\u00e9ral.\",\"breadcrumb\":{\"@id\":\"https:\/\/dicodusport.fr\/blog\/tour-de-suisse-femmes-2025-la-derniere-etape-et-le-general-pour-marlen-reusser\/#breadcrumb\"},\"inLanguage\":\"fr-FR\",\"potentialAction\":[{\"@type\":\"ReadAction\",\"target\":[\"https:\/\/dicodusport.fr\/blog\/tour-de-suisse-femmes-2025-la-derniere-etape-et-le-general-pour-marlen-reusser\/\"]}]},{\"@type\":\"ImageObject\",\"inLanguage\":\"fr-FR\",\"@id\":\"https:\/\/dicodusport.fr\/blog\/tour-de-suisse-femmes-2025-la-derniere-etape-et-le-general-pour-marlen-reusser\/#primaryimage\",\"url\":\"https:\/\/dicodusport.fr\/blog\/wp-content\/uploads\/2025\/06\/Tour-de-Suisse-Femmes-2025-La-derniere-etape-et-le-general-pour-Marlen-Reusser.png\",\"contentUrl\":\"https:\/\/dicodusport.fr\/blog\/wp-content\/uploads\/2025\/06\/Tour-de-Suisse-Femmes-2025-La-derniere-etape-et-le-general-pour-Marlen-Reusser.png\",\"width\":1200,\"height\":674,\"caption\":\"Tour de Suisse Femmes 2025 - La derni\u00e8re \u00e9tape et le g\u00e9n\u00e9ral pour Marlen Reusser\"},{\"@type\":\"BreadcrumbList\",\"@id\":\"https:\/\/dicodusport.fr\/blog\/tour-de-suisse-femmes-2025-la-derniere-etape-et-le-general-pour-marlen-reusser\/#breadcrumb\",\"itemListElement\":[{\"@type\":\"ListItem\",\"position\":1,\"name\":\"Accueil\",\"item\":\"https:\/\/dicodusport.fr\/blog\/\"},{\"@type\":\"ListItem\",\"position\":2,\"name\":\"Tour de Suisse Femmes 2025 : La derni\u00e8re \u00e9tape et le g\u00e9n\u00e9ral pour Marlen Reusser\"}]},{\"@type\":\"WebSite\",\"@id\":\"https:\/\/dicodusport.fr\/blog\/#website\",\"url\":\"https:\/\/dicodusport.fr\/blog\/\",\"name\":\"Dicodusport\",\"description\":\"L&#039;encyclop\u00e9die de l&#039;actualit\u00e9 sportive\",\"publisher\":{\"@id\":\"https:\/\/dicodusport.fr\/blog\/#organization\"},\"potentialAction\":[{\"@type\":\"SearchAction\",\"target\":{\"@type\":\"EntryPoint\",\"urlTemplate\":\"https:\/\/dicodusport.fr\/blog\/?s={search_term_string}\"},\"query-input\":{\"@type\":\"PropertyValueSpecification\",\"valueRequired\":true,\"valueName\":\"search_term_string\"}}],\"inLanguage\":\"fr-FR\"},{\"@type\":\"NewsMediaOrganization\",\"@id\":\"https:\/\/dicodusport.fr\/blog\/#organization\",\"name\":\"Dicodusport\",\"url\":\"https:\/\/dicodusport.fr\/blog\/\",\"logo\":{\"@type\":\"ImageObject\",\"inLanguage\":\"fr-FR\",\"@id\":\"https:\/\/dicodusport.fr\/blog\/#\/schema\/logo\/image\/\",\"url\":\"https:\/\/dicodusport.fr\/blog\/wp-content\/uploads\/2020\/06\/cropped-LOGO-DICODUSPORT-2020-SANS-FOND-SANS-TEXTE.png\",\"contentUrl\":\"https:\/\/dicodusport.fr\/blog\/wp-content\/uploads\/2020\/06\/cropped-LOGO-DICODUSPORT-2020-SANS-FOND-SANS-TEXTE.png\",\"width\":512,\"height\":512,\"caption\":\"Dicodusport\"},\"image\":{\"@id\":\"https:\/\/dicodusport.fr\/blog\/#\/schema\/logo\/image\/\"},\"sameAs\":[\"https:\/\/www.facebook.com\/dicodusport\",\"https:\/\/x.com\/dicodusport\",\"https:\/\/www.instagram.com\/dicodusport\/\",\"https:\/\/www.youtube.com\/channel\/UC7V2KZ5sd3htJivAbA4ZG3w\"],\"description\":\"Dicodusport est l'encyclop\u00e9die de l'actualit\u00e9 sportive.\",\"email\":\"bonjour@dicodusport.fr\",\"legalName\":\"DICODUSPORT\",\"foundingDate\":\"2018-01-14\",\"vatID\":\"FR71834470973\",\"taxID\":\"83447097300043\",\"numberOfEmployees\":{\"@type\":\"QuantitativeValue\",\"minValue\":\"1\",\"maxValue\":\"10\"}},{\"@type\":\"Person\",\"@id\":\"https:\/\/dicodusport.fr\/blog\/#\/schema\/person\/d603dd7da31fb2b46c82b9835a77ec13\",\"name\":\"Etienne Goursaud\",\"image\":{\"@type\":\"ImageObject\",\"inLanguage\":\"fr-FR\",\"@id\":\"https:\/\/dicodusport.fr\/blog\/#\/schema\/person\/image\/\",\"url\":\"https:\/\/dicodusport.fr\/blog\/wp-content\/uploads\/2023\/12\/410122264_10231602061736049_5565839791558026645_n-150x150.jpg\",\"contentUrl\":\"https:\/\/dicodusport.fr\/blog\/wp-content\/uploads\/2023\/12\/410122264_10231602061736049_5565839791558026645_n-150x150.jpg\",\"caption\":\"Etienne Goursaud\"},\"description\":\"Journaliste et amoureux de sport. Ancien footballeur reconverti athl\u00e8te quand ses muscles le laissent tranquille. \u00c9lev\u00e9 \u00e0 la sauce des exploits de Thomas Voeckler en 2004, du dernier essai de l\u00e9gende de Eunice Barber \u00e0 la longueur lors des championnats du monde d'athl\u00e9tisme de 2003 mais aussi Zidane, Omeyer et Titou Lamaison.\",\"url\":\"https:\/\/dicodusport.fr\/blog\/author\/etienne-goursaud\/\"}]}<\/script>\n<!-- \/ Yoast SEO Premium plugin. -->","yoast_head_json":{"title":"Tour de Suisse Femmes 2025 : La derni\u00e8re \u00e9tape et le g\u00e9n\u00e9ral pour Marlen Reusser","description":"TOUR DE SUISSE FEMMES 2025\u00a0 - Grosse d\u00e9monstration de Marlen Reusser (Movistar), qui remporte en solitaire la derni\u00e8re \u00e9tape et le g\u00e9n\u00e9ral.","robots":{"index":"index","follow":"follow","max-snippet":"max-snippet:-1","max-image-preview":"max-image-preview:large","max-video-preview":"max-video-preview:-1"},"canonical":"https:\/\/dicodusport.fr\/blog\/tour-de-suisse-femmes-2025-la-derniere-etape-et-le-general-pour-marlen-reusser\/","og_locale":"fr_FR","og_type":"article","og_title":"Tour de Suisse Femmes 2025 : La derni\u00e8re \u00e9tape et le g\u00e9n\u00e9ral pour Marlen Reusser","og_description":"TOUR DE SUISSE FEMMES 2025\u00a0 - Grosse d\u00e9monstration de Marlen Reusser (Movistar), qui remporte en solitaire la derni\u00e8re \u00e9tape et le g\u00e9n\u00e9ral.","og_url":"https:\/\/dicodusport.fr\/blog\/tour-de-suisse-femmes-2025-la-derniere-etape-et-le-general-pour-marlen-reusser\/","og_site_name":"Dicodusport","article_publisher":"https:\/\/www.facebook.com\/dicodusport","article_published_time":"2025-06-15T11:14:14+00:00","article_modified_time":"2025-06-15T11:23:23+00:00","og_image":[{"width":1024,"height":575,"url":"https:\/\/dicodusport.fr\/blog\/wp-content\/uploads\/2025\/06\/Tour-de-Suisse-Femmes-2025-La-derniere-etape-et-le-general-pour-Marlen-Reusser-1024x575.png","type":"image\/png"}],"author":"Etienne Goursaud","twitter_card":"summary_large_image","twitter_title":"Tour de Suisse Femmes 2025 : La derni\u00e8re \u00e9tape et le g\u00e9n\u00e9ral pour Marlen Reusser","twitter_creator":"@dicodusport","twitter_site":"@dicodusport","schema":{"@context":"https:\/\/schema.org","@graph":[{"@type":"NewsArticle","@id":"https:\/\/dicodusport.fr\/blog\/tour-de-suisse-femmes-2025-la-derniere-etape-et-le-general-pour-marlen-reusser\/#article","isPartOf":{"@id":"https:\/\/dicodusport.fr\/blog\/tour-de-suisse-femmes-2025-la-derniere-etape-et-le-general-pour-marlen-reusser\/"},"author":{"name":"Etienne Goursaud","@id":"https:\/\/dicodusport.fr\/blog\/#\/schema\/person\/d603dd7da31fb2b46c82b9835a77ec13"},"headline":"Tour de Suisse Femmes 2025 : La derni\u00e8re \u00e9tape et le g\u00e9n\u00e9ral pour Marlen Reusser","datePublished":"2025-06-15T11:14:14+00:00","dateModified":"2025-06-15T11:23:23+00:00","mainEntityOfPage":{"@id":"https:\/\/dicodusport.fr\/blog\/tour-de-suisse-femmes-2025-la-derniere-etape-et-le-general-pour-marlen-reusser\/"},"wordCount":821,"commentCount":0,"publisher":{"@id":"https:\/\/dicodusport.fr\/blog\/#organization"},"image":{"@id":"https:\/\/dicodusport.fr\/blog\/tour-de-suisse-femmes-2025-la-derniere-etape-et-le-general-pour-marlen-reusser\/#primaryimage"},"thumbnailUrl":"https:\/\/dicodusport.fr\/blog\/wp-content\/uploads\/2025\/06\/Tour-de-Suisse-Femmes-2025-La-derniere-etape-et-le-general-pour-Marlen-Reusser.png","keywords":["br\u00e8ve","Tour de Suisse f\u00e9minin"],"articleSection":["Cyclisme sur route"],"inLanguage":"fr-FR","potentialAction":[{"@type":"CommentAction","name":"Comment","target":["https:\/\/dicodusport.fr\/blog\/tour-de-suisse-femmes-2025-la-derniere-etape-et-le-general-pour-marlen-reusser\/#respond"]}],"copyrightYear":"2025","copyrightHolder":{"@id":"https:\/\/dicodusport.fr\/blog\/#organization"}},{"@type":"WebPage","@id":"https:\/\/dicodusport.fr\/blog\/tour-de-suisse-femmes-2025-la-derniere-etape-et-le-general-pour-marlen-reusser\/","url":"https:\/\/dicodusport.fr\/blog\/tour-de-suisse-femmes-2025-la-derniere-etape-et-le-general-pour-marlen-reusser\/","name":"Tour de Suisse Femmes 2025 : La derni\u00e8re \u00e9tape et le g\u00e9n\u00e9ral pour Marlen Reusser","isPartOf":{"@id":"https:\/\/dicodusport.fr\/blog\/#website"},"primaryImageOfPage":{"@id":"https:\/\/dicodusport.fr\/blog\/tour-de-suisse-femmes-2025-la-derniere-etape-et-le-general-pour-marlen-reusser\/#primaryimage"},"image":{"@id":"https:\/\/dicodusport.fr\/blog\/tour-de-suisse-femmes-2025-la-derniere-etape-et-le-general-pour-marlen-reusser\/#primaryimage"},"thumbnailUrl":"https:\/\/dicodusport.fr\/blog\/wp-content\/uploads\/2025\/06\/Tour-de-Suisse-Femmes-2025-La-derniere-etape-et-le-general-pour-Marlen-Reusser.png","datePublished":"2025-06-15T11:14:14+00:00","dateModified":"2025-06-15T11:23:23+00:00","description":"TOUR DE SUISSE FEMMES 2025\u00a0 - Grosse d\u00e9monstration de Marlen Reusser (Movistar), qui remporte en solitaire la derni\u00e8re \u00e9tape et le g\u00e9n\u00e9ral.","breadcrumb":{"@id":"https:\/\/dicodusport.fr\/blog\/tour-de-suisse-femmes-2025-la-derniere-etape-et-le-general-pour-marlen-reusser\/#breadcrumb"},"inLanguage":"fr-FR","potentialAction":[{"@type":"ReadAction","target":["https:\/\/dicodusport.fr\/blog\/tour-de-suisse-femmes-2025-la-derniere-etape-et-le-general-pour-marlen-reusser\/"]}]},{"@type":"ImageObject","inLanguage":"fr-FR","@id":"https:\/\/dicodusport.fr\/blog\/tour-de-suisse-femmes-2025-la-derniere-etape-et-le-general-pour-marlen-reusser\/#primaryimage","url":"https:\/\/dicodusport.fr\/blog\/wp-content\/uploads\/2025\/06\/Tour-de-Suisse-Femmes-2025-La-derniere-etape-et-le-general-pour-Marlen-Reusser.png","contentUrl":"https:\/\/dicodusport.fr\/blog\/wp-content\/uploads\/2025\/06\/Tour-de-Suisse-Femmes-2025-La-derniere-etape-et-le-general-pour-Marlen-Reusser.png","width":1200,"height":674,"caption":"Tour de Suisse Femmes 2025 - La derni\u00e8re \u00e9tape et le g\u00e9n\u00e9ral pour Marlen Reusser"},{"@type":"BreadcrumbList","@id":"https:\/\/dicodusport.fr\/blog\/tour-de-suisse-femmes-2025-la-derniere-etape-et-le-general-pour-marlen-reusser\/#breadcrumb","itemListElement":[{"@type":"ListItem","position":1,"name":"Accueil","item":"https:\/\/dicodusport.fr\/blog\/"},{"@type":"ListItem","position":2,"name":"Tour de Suisse Femmes 2025 : La derni\u00e8re \u00e9tape et le g\u00e9n\u00e9ral pour Marlen Reusser"}]},{"@type":"WebSite","@id":"https:\/\/dicodusport.fr\/blog\/#website","url":"https:\/\/dicodusport.fr\/blog\/","name":"Dicodusport","description":"L&#039;encyclop\u00e9die de l&#039;actualit\u00e9 sportive","publisher":{"@id":"https:\/\/dicodusport.fr\/blog\/#organization"},"potentialAction":[{"@type":"SearchAction","target":{"@type":"EntryPoint","urlTemplate":"https:\/\/dicodusport.fr\/blog\/?s={search_term_string}"},"query-input":{"@type":"PropertyValueSpecification","valueRequired":true,"valueName":"search_term_string"}}],"inLanguage":"fr-FR"},{"@type":"NewsMediaOrganization","@id":"https:\/\/dicodusport.fr\/blog\/#organization","name":"Dicodusport","url":"https:\/\/dicodusport.fr\/blog\/","logo":{"@type":"ImageObject","inLanguage":"fr-FR","@id":"https:\/\/dicodusport.fr\/blog\/#\/schema\/logo\/image\/","url":"https:\/\/dicodusport.fr\/blog\/wp-content\/uploads\/2020\/06\/cropped-LOGO-DICODUSPORT-2020-SANS-FOND-SANS-TEXTE.png","contentUrl":"https:\/\/dicodusport.fr\/blog\/wp-content\/uploads\/2020\/06\/cropped-LOGO-DICODUSPORT-2020-SANS-FOND-SANS-TEXTE.png","width":512,"height":512,"caption":"Dicodusport"},"image":{"@id":"https:\/\/dicodusport.fr\/blog\/#\/schema\/logo\/image\/"},"sameAs":["https:\/\/www.facebook.com\/dicodusport","https:\/\/x.com\/dicodusport","https:\/\/www.instagram.com\/dicodusport\/","https:\/\/www.youtube.com\/channel\/UC7V2KZ5sd3htJivAbA4ZG3w"],"description":"Dicodusport est l'encyclop\u00e9die de l'actualit\u00e9 sportive.","email":"bonjour@dicodusport.fr","legalName":"DICODUSPORT","foundingDate":"2018-01-14","vatID":"FR71834470973","taxID":"83447097300043","numberOfEmployees":{"@type":"QuantitativeValue","minValue":"1","maxValue":"10"}},{"@type":"Person","@id":"https:\/\/dicodusport.fr\/blog\/#\/schema\/person\/d603dd7da31fb2b46c82b9835a77ec13","name":"Etienne Goursaud","image":{"@type":"ImageObject","inLanguage":"fr-FR","@id":"https:\/\/dicodusport.fr\/blog\/#\/schema\/person\/image\/","url":"https:\/\/dicodusport.fr\/blog\/wp-content\/uploads\/2023\/12\/410122264_10231602061736049_5565839791558026645_n-150x150.jpg","contentUrl":"https:\/\/dicodusport.fr\/blog\/wp-content\/uploads\/2023\/12\/410122264_10231602061736049_5565839791558026645_n-150x150.jpg","caption":"Etienne Goursaud"},"description":"Journaliste et amoureux de sport. Ancien footballeur reconverti athl\u00e8te quand ses muscles le laissent tranquille. \u00c9lev\u00e9 \u00e0 la sauce des exploits de Thomas Voeckler en 2004, du dernier essai de l\u00e9gende de Eunice Barber \u00e0 la longueur lors des championnats du monde d'athl\u00e9tisme de 2003 mais aussi Zidane, Omeyer et Titou Lamaison.","url":"https:\/\/dicodusport.fr\/blog\/author\/etienne-goursaud\/"}]}},"_links":{"self":[{"href":"https:\/\/dicodusport.fr\/blog\/wp-json\/wp\/v2\/posts\/587089","targetHints":{"allow":["GET"]}}],"collection":[{"href":"https:\/\/dicodusport.fr\/blog\/wp-json\/wp\/v2\/posts"}],"about":[{"href":"https:\/\/dicodusport.fr\/blog\/wp-json\/wp\/v2\/types\/post"}],"author":[{"embeddable":true,"href":"https:\/\/dicodusport.fr\/blog\/wp-json\/wp\/v2\/users\/83"}],"replies":[{"embeddable":true,"href":"https:\/\/dicodusport.fr\/blog\/wp-json\/wp\/v2\/comments?post=587089"}],"version-history":[{"count":4,"href":"https:\/\/dicodusport.fr\/blog\/wp-json\/wp\/v2\/posts\/587089\/revisions"}],"predecessor-version":[{"id":587108,"href":"https:\/\/dicodusport.fr\/blog\/wp-json\/wp\/v2\/posts\/587089\/revisions\/587108"}],"wp:featuredmedia":[{"embeddable":true,"href":"https:\/\/dicodusport.fr\/blog\/wp-json\/wp\/v2\/media\/587098"}],"wp:attachment":[{"href":"https:\/\/dicodusport.fr\/blog\/wp-json\/wp\/v2\/media?parent=587089"}],"wp:term":[{"taxonomy":"category","embeddable":true,"href":"https:\/\/dicodusport.fr\/blog\/wp-json\/wp\/v2\/categories?post=587089"},{"taxonomy":"post_tag","embeddable":true,"href":"https:\/\/dicodusport.fr\/blog\/wp-json\/wp\/v2\/tags?post=587089"}],"curies":[{"name":"wp","href":"https:\/\/api.w.org\/{rel}","templated":true}]}}