{"id":587339,"date":"2025-06-16T09:15:33","date_gmt":"2025-06-16T07:15:33","guid":{"rendered":"https:\/\/dicodusport.fr\/blog\/?p=587339&#038;preview=true&#038;preview_id=587339"},"modified":"2025-06-15T22:02:19","modified_gmt":"2025-06-15T20:02:19","slug":"coupe-du-monde-descalade-2025-mejdi-schalck-2eme-en-bloc-a-berne","status":"publish","type":"post","link":"https:\/\/dicodusport.fr\/blog\/coupe-du-monde-descalade-2025-mejdi-schalck-2eme-en-bloc-a-berne\/","title":{"rendered":"Coupe du monde d&rsquo;escalade 2025 : Mejdi Schalck 2\u00e8me en bloc \u00e0 Berne"},"content":{"rendered":"<p style=\"text-align: justify;\"><strong><em>COUPE DU MONDE D&rsquo;ESCALADE 2025 &#8211; Le jeune Fran\u00e7ais Mejdi Schalck a sign\u00e9 une jolie performance en d\u00e9crochant la 2\u00e8me place en bloc, du c\u00f4t\u00e9 de Berne (Suisse).\u00a0<\/em><\/strong><\/p>\n<p style=\"text-align: justify;\">Victorieux la semaine pass\u00e9e \u00e0 Prague (R\u00e9publique Tch\u00e8que), <strong>Medji Schalck<\/strong> (21 ans) est de nouveau mont\u00e9 sur le podium ce week-end \u00e0 Berne, terminant cette fois 2\u00e8me, lors de l&rsquo;\u00e9preuve de bloc. 3\u00e8me des qualifications, 7\u00e8me des demies, il a encore fait mieux lors de la grande finale pour signer ce nouveau podium en carri\u00e8re.<\/p>\n<ul style=\"text-align: justify;\">\n<li><strong>\u00c0 ce sujet \u2014\u00a0<a href=\"https:\/\/dicodusport.fr\/blog\/coupe-du-monde-descalade-2025-mejdi-schalck-vainqueur-en-bloc-a-prague-samuel-richard-troisieme\/\">Coupe du monde d&rsquo;escalade 2025 : Mejdi Schalck vainqueur en bloc \u00e0 Prague, Samuel Richard troisi\u00e8me<\/a><\/strong><\/li>\n<\/ul>\n<h2 style=\"text-align: justify;\">Mejdi Schalck sur une bonne dynamique<\/h2>\n<p style=\"text-align: justify;\">La comp\u00e9tition a \u00e9t\u00e9 remport\u00e9 par le Chinois <strong>Yufei Pan<\/strong>, tandis que le Japonais <strong>Sorato Anraku<\/strong> a d\u00e9croch\u00e9 la 3\u00e8me place. Second tricolore qualifi\u00e9 en finale, <strong>Paul Jenft<\/strong> termine 6\u00e8me.<\/p>\n<p style=\"text-align: justify;\">La veille, le clan fran\u00e7ais n&rsquo;\u00e9tait pas pass\u00e9 loin d&rsquo;un podium puisque <strong>Z\u00e9lia Avezou<\/strong> a \u00e9chou\u00e9 en 4\u00e8me position.<\/p>\n<blockquote class=\"twitter-tweet\">\n<p dir=\"ltr\" lang=\"de\">Here are the men&rsquo;s IFSC World Cup Bern 2025\ud83c\udde8\ud83c\udded medallists \ud83d\udc4f<\/p>\n<p>\ud83e\udd47Yufei Pan \ud83c\udde8\ud83c\uddf3<br \/>\n\ud83e\udd48Mejdi Schalck \ud83c\uddeb\ud83c\uddf7<br \/>\n\ud83e\udd49Sorato Anraku \ud83c\uddef\ud83c\uddf5<a href=\"https:\/\/twitter.com\/hashtag\/WorldClimbing?src=hash&amp;ref_src=twsrc%5Etfw\">#WorldClimbing<\/a> <a href=\"https:\/\/t.co\/1NpPh7NXHy\">pic.twitter.com\/1NpPh7NXHy<\/a><\/p>\n<p>\u2014 International Federation of Sport Climbing (@ifsclimbing) <a href=\"https:\/\/twitter.com\/ifsclimbing\/status\/1934314460271050960?ref_src=twsrc%5Etfw\">June 15, 2025<\/a><\/p><\/blockquote>\n<p style=\"text-align: justify;\"><script async src=\"https:\/\/platform.twitter.com\/widgets.js\" charset=\"utf-8\"><\/script><\/p>\n<p style=\"text-align: justify;\">\n","protected":false},"excerpt":{"rendered":"<p>Mejdi Schalck a d\u00e9croch\u00e9 la 2\u00e8me place en Bloc \u00e0 Berne. <\/p>\n","protected":false},"author":89,"featured_media":587370,"comment_status":"open","ping_status":"closed","sticky":false,"template":"","format":"standard","meta":{"_acf_changed":false,"_daextam_enable_autolinks":"1","footnotes":""},"categories":[10930],"tags":[16878,23681,23682],"class_list":["post-587339","post","type-post","status-publish","format-standard","has-post-thumbnail","hentry","category-escalade","tag-breve","tag-coupe-du-monde-descalade","tag-mejdi-schalck"],"acf":[],"yoast_head":"<!-- This site is optimized with the Yoast SEO Premium plugin v26.7 (Yoast SEO v26.7) - https:\/\/yoast.com\/wordpress\/plugins\/seo\/ -->\n<title>Coupe du monde d&#039;escalade 2025 : Mejdi Schalck 2\u00e8me en bloc \u00e0 Berne<\/title>\n<meta name=\"description\" content=\"COUPE DU MONDE D&#039;ESCALADE 2025 - Mejdi Schalck a sign\u00e9 une jolie performance en d\u00e9crochant la 2\u00e8me place en bloc, du c\u00f4t\u00e9 de Berne (Suisse).\u00a0\" \/>\n<meta name=\"robots\" content=\"index, follow, max-snippet:-1, max-image-preview:large, max-video-preview:-1\" \/>\n<link rel=\"canonical\" href=\"https:\/\/dicodusport.fr\/blog\/coupe-du-monde-descalade-2025-mejdi-schalck-2eme-en-bloc-a-berne\/\" \/>\n<meta property=\"og:locale\" content=\"fr_FR\" \/>\n<meta property=\"og:type\" content=\"article\" \/>\n<meta property=\"og:title\" content=\"Coupe du monde d&#039;escalade 2025 : Mejdi Schalck 2\u00e8me en bloc \u00e0 Berne\" \/>\n<meta property=\"og:description\" content=\"COUPE DU MONDE D&#039;ESCALADE 2025 - Mejdi Schalck a sign\u00e9 une jolie performance en d\u00e9crochant la 2\u00e8me place en bloc, du c\u00f4t\u00e9 de Berne (Suisse).\u00a0\" \/>\n<meta property=\"og:url\" content=\"https:\/\/dicodusport.fr\/blog\/coupe-du-monde-descalade-2025-mejdi-schalck-2eme-en-bloc-a-berne\/\" \/>\n<meta property=\"og:site_name\" content=\"Dicodusport\" \/>\n<meta property=\"article:publisher\" content=\"https:\/\/www.facebook.com\/dicodusport\" \/>\n<meta property=\"article:published_time\" content=\"2025-06-16T07:15:33+00:00\" \/>\n<meta property=\"og:image\" content=\"https:\/\/dicodusport.fr\/blog\/wp-content\/uploads\/2025\/06\/Coupe-du-monde-descalade-2025-Mejdi-Schalck-2eme-en-bloc-a-Berne-1.png\" \/>\n\t<meta property=\"og:image:width\" content=\"1200\" \/>\n\t<meta property=\"og:image:height\" content=\"674\" \/>\n\t<meta property=\"og:image:type\" content=\"image\/png\" \/>\n<meta name=\"author\" content=\"Louka Lesueur\" \/>\n<meta name=\"twitter:card\" content=\"summary_large_image\" \/>\n<meta name=\"twitter:title\" content=\"Coupe du monde d&#039;escalade 2025 : Mejdi Schalck 2\u00e8me en bloc \u00e0 Berne\" \/>\n<meta name=\"twitter:creator\" content=\"@https:\/\/twitter.com\/LNewsSF\" \/>\n<meta name=\"twitter:site\" content=\"@dicodusport\" \/>\n<script type=\"application\/ld+json\" class=\"yoast-schema-graph\">{\"@context\":\"https:\/\/schema.org\",\"@graph\":[{\"@type\":\"NewsArticle\",\"@id\":\"https:\/\/dicodusport.fr\/blog\/coupe-du-monde-descalade-2025-mejdi-schalck-2eme-en-bloc-a-berne\/#article\",\"isPartOf\":{\"@id\":\"https:\/\/dicodusport.fr\/blog\/coupe-du-monde-descalade-2025-mejdi-schalck-2eme-en-bloc-a-berne\/\"},\"author\":{\"name\":\"Louka Lesueur\",\"@id\":\"https:\/\/dicodusport.fr\/blog\/#\/schema\/person\/54b6cdccebdfcd5a1036c594aecffc2a\"},\"headline\":\"Coupe du monde d&rsquo;escalade 2025 : Mejdi Schalck 2\u00e8me en bloc \u00e0 Berne\",\"datePublished\":\"2025-06-16T07:15:33+00:00\",\"mainEntityOfPage\":{\"@id\":\"https:\/\/dicodusport.fr\/blog\/coupe-du-monde-descalade-2025-mejdi-schalck-2eme-en-bloc-a-berne\/\"},\"wordCount\":206,\"commentCount\":0,\"publisher\":{\"@id\":\"https:\/\/dicodusport.fr\/blog\/#organization\"},\"image\":{\"@id\":\"https:\/\/dicodusport.fr\/blog\/coupe-du-monde-descalade-2025-mejdi-schalck-2eme-en-bloc-a-berne\/#primaryimage\"},\"thumbnailUrl\":\"https:\/\/dicodusport.fr\/blog\/wp-content\/uploads\/2025\/06\/Coupe-du-monde-descalade-2025-Mejdi-Schalck-2eme-en-bloc-a-Berne-1.png\",\"keywords\":[\"br\u00e8ve\",\"Coupe du monde d'escalade\",\"Mejdi Schalck\"],\"articleSection\":[\"Escalade\"],\"inLanguage\":\"fr-FR\",\"potentialAction\":[{\"@type\":\"CommentAction\",\"name\":\"Comment\",\"target\":[\"https:\/\/dicodusport.fr\/blog\/coupe-du-monde-descalade-2025-mejdi-schalck-2eme-en-bloc-a-berne\/#respond\"]}],\"copyrightYear\":\"2025\",\"copyrightHolder\":{\"@id\":\"https:\/\/dicodusport.fr\/blog\/#organization\"}},{\"@type\":\"WebPage\",\"@id\":\"https:\/\/dicodusport.fr\/blog\/coupe-du-monde-descalade-2025-mejdi-schalck-2eme-en-bloc-a-berne\/\",\"url\":\"https:\/\/dicodusport.fr\/blog\/coupe-du-monde-descalade-2025-mejdi-schalck-2eme-en-bloc-a-berne\/\",\"name\":\"Coupe du monde d'escalade 2025 : Mejdi Schalck 2\u00e8me en bloc \u00e0 Berne\",\"isPartOf\":{\"@id\":\"https:\/\/dicodusport.fr\/blog\/#website\"},\"primaryImageOfPage\":{\"@id\":\"https:\/\/dicodusport.fr\/blog\/coupe-du-monde-descalade-2025-mejdi-schalck-2eme-en-bloc-a-berne\/#primaryimage\"},\"image\":{\"@id\":\"https:\/\/dicodusport.fr\/blog\/coupe-du-monde-descalade-2025-mejdi-schalck-2eme-en-bloc-a-berne\/#primaryimage\"},\"thumbnailUrl\":\"https:\/\/dicodusport.fr\/blog\/wp-content\/uploads\/2025\/06\/Coupe-du-monde-descalade-2025-Mejdi-Schalck-2eme-en-bloc-a-Berne-1.png\",\"datePublished\":\"2025-06-16T07:15:33+00:00\",\"description\":\"COUPE DU MONDE D'ESCALADE 2025 - Mejdi Schalck a sign\u00e9 une jolie performance en d\u00e9crochant la 2\u00e8me place en bloc, du c\u00f4t\u00e9 de Berne (Suisse).\u00a0\",\"breadcrumb\":{\"@id\":\"https:\/\/dicodusport.fr\/blog\/coupe-du-monde-descalade-2025-mejdi-schalck-2eme-en-bloc-a-berne\/#breadcrumb\"},\"inLanguage\":\"fr-FR\",\"potentialAction\":[{\"@type\":\"ReadAction\",\"target\":[\"https:\/\/dicodusport.fr\/blog\/coupe-du-monde-descalade-2025-mejdi-schalck-2eme-en-bloc-a-berne\/\"]}]},{\"@type\":\"ImageObject\",\"inLanguage\":\"fr-FR\",\"@id\":\"https:\/\/dicodusport.fr\/blog\/coupe-du-monde-descalade-2025-mejdi-schalck-2eme-en-bloc-a-berne\/#primaryimage\",\"url\":\"https:\/\/dicodusport.fr\/blog\/wp-content\/uploads\/2025\/06\/Coupe-du-monde-descalade-2025-Mejdi-Schalck-2eme-en-bloc-a-Berne-1.png\",\"contentUrl\":\"https:\/\/dicodusport.fr\/blog\/wp-content\/uploads\/2025\/06\/Coupe-du-monde-descalade-2025-Mejdi-Schalck-2eme-en-bloc-a-Berne-1.png\",\"width\":1200,\"height\":674,\"caption\":\"Coupe du monde d'escalade 2025 Mejdi Schalck 2\u00e8me en bloc \u00e0 Berne\"},{\"@type\":\"BreadcrumbList\",\"@id\":\"https:\/\/dicodusport.fr\/blog\/coupe-du-monde-descalade-2025-mejdi-schalck-2eme-en-bloc-a-berne\/#breadcrumb\",\"itemListElement\":[{\"@type\":\"ListItem\",\"position\":1,\"name\":\"Accueil\",\"item\":\"https:\/\/dicodusport.fr\/blog\/\"},{\"@type\":\"ListItem\",\"position\":2,\"name\":\"Coupe du monde d&rsquo;escalade 2025 : Mejdi Schalck 2\u00e8me en bloc \u00e0 Berne\"}]},{\"@type\":\"WebSite\",\"@id\":\"https:\/\/dicodusport.fr\/blog\/#website\",\"url\":\"https:\/\/dicodusport.fr\/blog\/\",\"name\":\"Dicodusport\",\"description\":\"L&#039;encyclop\u00e9die de l&#039;actualit\u00e9 sportive\",\"publisher\":{\"@id\":\"https:\/\/dicodusport.fr\/blog\/#organization\"},\"potentialAction\":[{\"@type\":\"SearchAction\",\"target\":{\"@type\":\"EntryPoint\",\"urlTemplate\":\"https:\/\/dicodusport.fr\/blog\/?s={search_term_string}\"},\"query-input\":{\"@type\":\"PropertyValueSpecification\",\"valueRequired\":true,\"valueName\":\"search_term_string\"}}],\"inLanguage\":\"fr-FR\"},{\"@type\":\"NewsMediaOrganization\",\"@id\":\"https:\/\/dicodusport.fr\/blog\/#organization\",\"name\":\"Dicodusport\",\"url\":\"https:\/\/dicodusport.fr\/blog\/\",\"logo\":{\"@type\":\"ImageObject\",\"inLanguage\":\"fr-FR\",\"@id\":\"https:\/\/dicodusport.fr\/blog\/#\/schema\/logo\/image\/\",\"url\":\"https:\/\/dicodusport.fr\/blog\/wp-content\/uploads\/2020\/06\/cropped-LOGO-DICODUSPORT-2020-SANS-FOND-SANS-TEXTE.png\",\"contentUrl\":\"https:\/\/dicodusport.fr\/blog\/wp-content\/uploads\/2020\/06\/cropped-LOGO-DICODUSPORT-2020-SANS-FOND-SANS-TEXTE.png\",\"width\":512,\"height\":512,\"caption\":\"Dicodusport\"},\"image\":{\"@id\":\"https:\/\/dicodusport.fr\/blog\/#\/schema\/logo\/image\/\"},\"sameAs\":[\"https:\/\/www.facebook.com\/dicodusport\",\"https:\/\/x.com\/dicodusport\",\"https:\/\/www.instagram.com\/dicodusport\/\",\"https:\/\/www.youtube.com\/channel\/UC7V2KZ5sd3htJivAbA4ZG3w\"],\"description\":\"Dicodusport est l'encyclop\u00e9die de l'actualit\u00e9 sportive.\",\"email\":\"bonjour@dicodusport.fr\",\"legalName\":\"DICODUSPORT\",\"foundingDate\":\"2018-01-14\",\"vatID\":\"FR71834470973\",\"taxID\":\"83447097300043\",\"numberOfEmployees\":{\"@type\":\"QuantitativeValue\",\"minValue\":\"1\",\"maxValue\":\"10\"}},{\"@type\":\"Person\",\"@id\":\"https:\/\/dicodusport.fr\/blog\/#\/schema\/person\/54b6cdccebdfcd5a1036c594aecffc2a\",\"name\":\"Louka Lesueur\",\"image\":{\"@type\":\"ImageObject\",\"inLanguage\":\"fr-FR\",\"@id\":\"https:\/\/dicodusport.fr\/blog\/#\/schema\/person\/image\/\",\"url\":\"https:\/\/dicodusport.fr\/blog\/wp-content\/uploads\/2023\/09\/IMG_2783-150x150.jpeg\",\"contentUrl\":\"https:\/\/dicodusport.fr\/blog\/wp-content\/uploads\/2023\/09\/IMG_2783-150x150.jpeg\",\"caption\":\"Louka Lesueur\"},\"description\":\"Passionn\u00e9 depuis tout petit par les exploits de Bolt, Fourcade, Riner, Lavillenie, Wilkinson, Hirscher. Les \u00e9motions provoqu\u00e9es par le sport ont berc\u00e9 mon enfance et continuent de le faire aujourd'hui. C'est ainsi qu'il m'est arriv\u00e9 de pleurer devant la d\u00e9faite des Bleus face aux Blacks en 2011, ou encore devant le titre olympique de Florent Manaudou \u00e0 Londres. Bien loin de ce milieu professionnel, j'ai os\u00e9 tenter ma chance pour rejoindre l'\u00e9quipe de r\u00e9daction de Dicodusport, et depuis septembre 2023, je tente de retransmettre au mieux les exploits des athl\u00e8tes, tous sports confondus. Grand chauvin, c'est bel et bien sur les sportifs tricolores que je pr\u00e9f\u00e8re \u00e9crire.\",\"sameAs\":[\"https:\/\/x.com\/https:\/\/twitter.com\/LNewsSF\"],\"gender\":\"Homme\",\"worksFor\":\"Louka LESUEUR\",\"url\":\"https:\/\/dicodusport.fr\/blog\/author\/louka-lesueur\/\"}]}<\/script>\n<!-- \/ Yoast SEO Premium plugin. -->","yoast_head_json":{"title":"Coupe du monde d'escalade 2025 : Mejdi Schalck 2\u00e8me en bloc \u00e0 Berne","description":"COUPE DU MONDE D'ESCALADE 2025 - Mejdi Schalck a sign\u00e9 une jolie performance en d\u00e9crochant la 2\u00e8me place en bloc, du c\u00f4t\u00e9 de Berne (Suisse).\u00a0","robots":{"index":"index","follow":"follow","max-snippet":"max-snippet:-1","max-image-preview":"max-image-preview:large","max-video-preview":"max-video-preview:-1"},"canonical":"https:\/\/dicodusport.fr\/blog\/coupe-du-monde-descalade-2025-mejdi-schalck-2eme-en-bloc-a-berne\/","og_locale":"fr_FR","og_type":"article","og_title":"Coupe du monde d'escalade 2025 : Mejdi Schalck 2\u00e8me en bloc \u00e0 Berne","og_description":"COUPE DU MONDE D'ESCALADE 2025 - Mejdi Schalck a sign\u00e9 une jolie performance en d\u00e9crochant la 2\u00e8me place en bloc, du c\u00f4t\u00e9 de Berne (Suisse).\u00a0","og_url":"https:\/\/dicodusport.fr\/blog\/coupe-du-monde-descalade-2025-mejdi-schalck-2eme-en-bloc-a-berne\/","og_site_name":"Dicodusport","article_publisher":"https:\/\/www.facebook.com\/dicodusport","article_published_time":"2025-06-16T07:15:33+00:00","og_image":[{"width":1200,"height":674,"url":"https:\/\/dicodusport.fr\/blog\/wp-content\/uploads\/2025\/06\/Coupe-du-monde-descalade-2025-Mejdi-Schalck-2eme-en-bloc-a-Berne-1.png","type":"image\/png"}],"author":"Louka Lesueur","twitter_card":"summary_large_image","twitter_title":"Coupe du monde d'escalade 2025 : Mejdi Schalck 2\u00e8me en bloc \u00e0 Berne","twitter_creator":"@https:\/\/twitter.com\/LNewsSF","twitter_site":"@dicodusport","schema":{"@context":"https:\/\/schema.org","@graph":[{"@type":"NewsArticle","@id":"https:\/\/dicodusport.fr\/blog\/coupe-du-monde-descalade-2025-mejdi-schalck-2eme-en-bloc-a-berne\/#article","isPartOf":{"@id":"https:\/\/dicodusport.fr\/blog\/coupe-du-monde-descalade-2025-mejdi-schalck-2eme-en-bloc-a-berne\/"},"author":{"name":"Louka Lesueur","@id":"https:\/\/dicodusport.fr\/blog\/#\/schema\/person\/54b6cdccebdfcd5a1036c594aecffc2a"},"headline":"Coupe du monde d&rsquo;escalade 2025 : Mejdi Schalck 2\u00e8me en bloc \u00e0 Berne","datePublished":"2025-06-16T07:15:33+00:00","mainEntityOfPage":{"@id":"https:\/\/dicodusport.fr\/blog\/coupe-du-monde-descalade-2025-mejdi-schalck-2eme-en-bloc-a-berne\/"},"wordCount":206,"commentCount":0,"publisher":{"@id":"https:\/\/dicodusport.fr\/blog\/#organization"},"image":{"@id":"https:\/\/dicodusport.fr\/blog\/coupe-du-monde-descalade-2025-mejdi-schalck-2eme-en-bloc-a-berne\/#primaryimage"},"thumbnailUrl":"https:\/\/dicodusport.fr\/blog\/wp-content\/uploads\/2025\/06\/Coupe-du-monde-descalade-2025-Mejdi-Schalck-2eme-en-bloc-a-Berne-1.png","keywords":["br\u00e8ve","Coupe du monde d'escalade","Mejdi Schalck"],"articleSection":["Escalade"],"inLanguage":"fr-FR","potentialAction":[{"@type":"CommentAction","name":"Comment","target":["https:\/\/dicodusport.fr\/blog\/coupe-du-monde-descalade-2025-mejdi-schalck-2eme-en-bloc-a-berne\/#respond"]}],"copyrightYear":"2025","copyrightHolder":{"@id":"https:\/\/dicodusport.fr\/blog\/#organization"}},{"@type":"WebPage","@id":"https:\/\/dicodusport.fr\/blog\/coupe-du-monde-descalade-2025-mejdi-schalck-2eme-en-bloc-a-berne\/","url":"https:\/\/dicodusport.fr\/blog\/coupe-du-monde-descalade-2025-mejdi-schalck-2eme-en-bloc-a-berne\/","name":"Coupe du monde d'escalade 2025 : Mejdi Schalck 2\u00e8me en bloc \u00e0 Berne","isPartOf":{"@id":"https:\/\/dicodusport.fr\/blog\/#website"},"primaryImageOfPage":{"@id":"https:\/\/dicodusport.fr\/blog\/coupe-du-monde-descalade-2025-mejdi-schalck-2eme-en-bloc-a-berne\/#primaryimage"},"image":{"@id":"https:\/\/dicodusport.fr\/blog\/coupe-du-monde-descalade-2025-mejdi-schalck-2eme-en-bloc-a-berne\/#primaryimage"},"thumbnailUrl":"https:\/\/dicodusport.fr\/blog\/wp-content\/uploads\/2025\/06\/Coupe-du-monde-descalade-2025-Mejdi-Schalck-2eme-en-bloc-a-Berne-1.png","datePublished":"2025-06-16T07:15:33+00:00","description":"COUPE DU MONDE D'ESCALADE 2025 - Mejdi Schalck a sign\u00e9 une jolie performance en d\u00e9crochant la 2\u00e8me place en bloc, du c\u00f4t\u00e9 de Berne (Suisse).\u00a0","breadcrumb":{"@id":"https:\/\/dicodusport.fr\/blog\/coupe-du-monde-descalade-2025-mejdi-schalck-2eme-en-bloc-a-berne\/#breadcrumb"},"inLanguage":"fr-FR","potentialAction":[{"@type":"ReadAction","target":["https:\/\/dicodusport.fr\/blog\/coupe-du-monde-descalade-2025-mejdi-schalck-2eme-en-bloc-a-berne\/"]}]},{"@type":"ImageObject","inLanguage":"fr-FR","@id":"https:\/\/dicodusport.fr\/blog\/coupe-du-monde-descalade-2025-mejdi-schalck-2eme-en-bloc-a-berne\/#primaryimage","url":"https:\/\/dicodusport.fr\/blog\/wp-content\/uploads\/2025\/06\/Coupe-du-monde-descalade-2025-Mejdi-Schalck-2eme-en-bloc-a-Berne-1.png","contentUrl":"https:\/\/dicodusport.fr\/blog\/wp-content\/uploads\/2025\/06\/Coupe-du-monde-descalade-2025-Mejdi-Schalck-2eme-en-bloc-a-Berne-1.png","width":1200,"height":674,"caption":"Coupe du monde d'escalade 2025 Mejdi Schalck 2\u00e8me en bloc \u00e0 Berne"},{"@type":"BreadcrumbList","@id":"https:\/\/dicodusport.fr\/blog\/coupe-du-monde-descalade-2025-mejdi-schalck-2eme-en-bloc-a-berne\/#breadcrumb","itemListElement":[{"@type":"ListItem","position":1,"name":"Accueil","item":"https:\/\/dicodusport.fr\/blog\/"},{"@type":"ListItem","position":2,"name":"Coupe du monde d&rsquo;escalade 2025 : Mejdi Schalck 2\u00e8me en bloc \u00e0 Berne"}]},{"@type":"WebSite","@id":"https:\/\/dicodusport.fr\/blog\/#website","url":"https:\/\/dicodusport.fr\/blog\/","name":"Dicodusport","description":"L&#039;encyclop\u00e9die de l&#039;actualit\u00e9 sportive","publisher":{"@id":"https:\/\/dicodusport.fr\/blog\/#organization"},"potentialAction":[{"@type":"SearchAction","target":{"@type":"EntryPoint","urlTemplate":"https:\/\/dicodusport.fr\/blog\/?s={search_term_string}"},"query-input":{"@type":"PropertyValueSpecification","valueRequired":true,"valueName":"search_term_string"}}],"inLanguage":"fr-FR"},{"@type":"NewsMediaOrganization","@id":"https:\/\/dicodusport.fr\/blog\/#organization","name":"Dicodusport","url":"https:\/\/dicodusport.fr\/blog\/","logo":{"@type":"ImageObject","inLanguage":"fr-FR","@id":"https:\/\/dicodusport.fr\/blog\/#\/schema\/logo\/image\/","url":"https:\/\/dicodusport.fr\/blog\/wp-content\/uploads\/2020\/06\/cropped-LOGO-DICODUSPORT-2020-SANS-FOND-SANS-TEXTE.png","contentUrl":"https:\/\/dicodusport.fr\/blog\/wp-content\/uploads\/2020\/06\/cropped-LOGO-DICODUSPORT-2020-SANS-FOND-SANS-TEXTE.png","width":512,"height":512,"caption":"Dicodusport"},"image":{"@id":"https:\/\/dicodusport.fr\/blog\/#\/schema\/logo\/image\/"},"sameAs":["https:\/\/www.facebook.com\/dicodusport","https:\/\/x.com\/dicodusport","https:\/\/www.instagram.com\/dicodusport\/","https:\/\/www.youtube.com\/channel\/UC7V2KZ5sd3htJivAbA4ZG3w"],"description":"Dicodusport est l'encyclop\u00e9die de l'actualit\u00e9 sportive.","email":"bonjour@dicodusport.fr","legalName":"DICODUSPORT","foundingDate":"2018-01-14","vatID":"FR71834470973","taxID":"83447097300043","numberOfEmployees":{"@type":"QuantitativeValue","minValue":"1","maxValue":"10"}},{"@type":"Person","@id":"https:\/\/dicodusport.fr\/blog\/#\/schema\/person\/54b6cdccebdfcd5a1036c594aecffc2a","name":"Louka Lesueur","image":{"@type":"ImageObject","inLanguage":"fr-FR","@id":"https:\/\/dicodusport.fr\/blog\/#\/schema\/person\/image\/","url":"https:\/\/dicodusport.fr\/blog\/wp-content\/uploads\/2023\/09\/IMG_2783-150x150.jpeg","contentUrl":"https:\/\/dicodusport.fr\/blog\/wp-content\/uploads\/2023\/09\/IMG_2783-150x150.jpeg","caption":"Louka Lesueur"},"description":"Passionn\u00e9 depuis tout petit par les exploits de Bolt, Fourcade, Riner, Lavillenie, Wilkinson, Hirscher. Les \u00e9motions provoqu\u00e9es par le sport ont berc\u00e9 mon enfance et continuent de le faire aujourd'hui. C'est ainsi qu'il m'est arriv\u00e9 de pleurer devant la d\u00e9faite des Bleus face aux Blacks en 2011, ou encore devant le titre olympique de Florent Manaudou \u00e0 Londres. Bien loin de ce milieu professionnel, j'ai os\u00e9 tenter ma chance pour rejoindre l'\u00e9quipe de r\u00e9daction de Dicodusport, et depuis septembre 2023, je tente de retransmettre au mieux les exploits des athl\u00e8tes, tous sports confondus. Grand chauvin, c'est bel et bien sur les sportifs tricolores que je pr\u00e9f\u00e8re \u00e9crire.","sameAs":["https:\/\/x.com\/https:\/\/twitter.com\/LNewsSF"],"gender":"Homme","worksFor":"Louka LESUEUR","url":"https:\/\/dicodusport.fr\/blog\/author\/louka-lesueur\/"}]}},"_links":{"self":[{"href":"https:\/\/dicodusport.fr\/blog\/wp-json\/wp\/v2\/posts\/587339","targetHints":{"allow":["GET"]}}],"collection":[{"href":"https:\/\/dicodusport.fr\/blog\/wp-json\/wp\/v2\/posts"}],"about":[{"href":"https:\/\/dicodusport.fr\/blog\/wp-json\/wp\/v2\/types\/post"}],"author":[{"embeddable":true,"href":"https:\/\/dicodusport.fr\/blog\/wp-json\/wp\/v2\/users\/89"}],"replies":[{"embeddable":true,"href":"https:\/\/dicodusport.fr\/blog\/wp-json\/wp\/v2\/comments?post=587339"}],"version-history":[{"count":3,"href":"https:\/\/dicodusport.fr\/blog\/wp-json\/wp\/v2\/posts\/587339\/revisions"}],"predecessor-version":[{"id":587372,"href":"https:\/\/dicodusport.fr\/blog\/wp-json\/wp\/v2\/posts\/587339\/revisions\/587372"}],"wp:featuredmedia":[{"embeddable":true,"href":"https:\/\/dicodusport.fr\/blog\/wp-json\/wp\/v2\/media\/587370"}],"wp:attachment":[{"href":"https:\/\/dicodusport.fr\/blog\/wp-json\/wp\/v2\/media?parent=587339"}],"wp:term":[{"taxonomy":"category","embeddable":true,"href":"https:\/\/dicodusport.fr\/blog\/wp-json\/wp\/v2\/categories?post=587339"},{"taxonomy":"post_tag","embeddable":true,"href":"https:\/\/dicodusport.fr\/blog\/wp-json\/wp\/v2\/tags?post=587339"}],"curies":[{"name":"wp","href":"https:\/\/api.w.org\/{rel}","templated":true}]}}