{"id":587493,"date":"2025-06-16T15:51:38","date_gmt":"2025-06-16T13:51:38","guid":{"rendered":"https:\/\/dicodusport.fr\/blog\/?p=587493&#038;preview=true&#038;preview_id=587493"},"modified":"2025-06-16T15:51:38","modified_gmt":"2025-06-16T13:51:38","slug":"coupe-du-monde-de-vttae-2025-theo-charmes-frappe-dentree-en-roumanie","status":"publish","type":"post","link":"https:\/\/dicodusport.fr\/blog\/coupe-du-monde-de-vttae-2025-theo-charmes-frappe-dentree-en-roumanie\/","title":{"rendered":"Coupe du monde de VTTAE 2025 : Th\u00e9o Charmes frappe d&rsquo;entr\u00e9e en Roumanie"},"content":{"rendered":"<p style=\"text-align: justify;\"><strong><em>COUPE DU MONDE DE VTT \u00c0 ASSISTANCE \u00c9LECTRIQUE 2025 &#8211; Premier weekend de comp\u00e9tition positif pour Th\u00e9o Charmes, avec une victoire et un podium.\u00a0<\/em><\/strong><\/p>\n<p style=\"text-align: justify;\">Le VTT \u00e0 assistance \u00e9lectrique, c&rsquo;est une discipline particuli\u00e8re en marge des autres cat\u00e9gories en Mountain Bike, et ces derni\u00e8res ann\u00e9es, elle ne connaissait qu&rsquo;un seul ma\u00eetre : <strong>J\u00e9r\u00f4me Gilloux<\/strong>. <a href=\"https:\/\/dicodusport.fr\/blog\/mondiaux-vtt-2024-jerome-gilloux-decroche-un-3eme-titre-mondial-en-vttae\/\"><strong>Triple champion du monde<\/strong><\/a>, quadruple tenant du classement g\u00e9n\u00e9ral de la Coupe du monde (unique leader depuis sa cr\u00e9ation), le Fran\u00e7ais a d\u00e9cid\u00e9 de se mettre un peu plus en retrait cette saison.<\/p>\n<p style=\"text-align: justify;\"><iframe loading=\"lazy\" style=\"border: none; overflow: hidden;\" src=\"https:\/\/www.facebook.com\/plugins\/post.php?href=https%3A%2F%2Fwww.facebook.com%2Fjeromegilloux06%2Fposts%2Fpfbid0P19w2Zv2M1AT8mJfDbEjbWarXhEPpYa7P59MZfGjGz3fCPYopWycJkkKHLkakzyVl&amp;show_text=true&amp;width=500\" width=\"500\" height=\"590\" frameborder=\"0\" scrolling=\"no\" allowfullscreen=\"allowfullscreen\"><\/iframe><\/p>\n<h2 style=\"text-align: justify;\">Th\u00e9o Charmes rego\u00fbte \u00e0 la victoire<\/h2>\n<p style=\"text-align: justify;\">La voie est libre pour la concurrence, et parmi elle, un autre Bleu : <strong>Th\u00e9o Charmes<\/strong>. C&rsquo;est en 2023 qu&rsquo;il avait gagn\u00e9 pour la premi\u00e8re fois en Coupe du monde, et l&rsquo;absence du roi de la discipline semble lui avoir aiguis\u00e9 l&rsquo;app\u00e9tit. Alors qu&rsquo;il n&rsquo;avait pas pu signer le moindre podium en 2024, il en a amass\u00e9 deux sur les deux premi\u00e8res manches de la saison, ce weekend en Roumanie, \u00e0 Chile Gradestei.<\/p>\n<p style=\"text-align: justify;\">Une troisi\u00e8me place le samedi, en coiffant au sprint le grand rival de son compatriote l&rsquo;an dernier, le Suisse <strong>Joris Ryf<\/strong>. Et donc une victoire sur la course du dimanche, et avec la mani\u00e8re : en t\u00eate de bout en bout, plus d&rsquo;une minute d&rsquo;avance sur la concurrence et le meilleur tour en prime. Une d\u00e9monstration qui le place d\u00e9j\u00e0 en t\u00eate de la Coupe du monde, \u00e0 \u00e9galit\u00e9 avec l&rsquo;Italien <strong>Mirko Tabacchi<\/strong>, troisi\u00e8me du classement g\u00e9n\u00e9ral la saison pass\u00e9e. De tr\u00e8s bon augure pour la suite, et pour conserver la mainmise fran\u00e7aise sur cette discipline, en tout cas chez les hommes, car aucune Fran\u00e7aise n&rsquo;\u00e9tait engag\u00e9e sur la course femmes ce weekend&#8230;<\/p>\n<p><iframe loading=\"lazy\" style=\"border: none; overflow: hidden;\" src=\"https:\/\/www.facebook.com\/plugins\/post.php?href=https%3A%2F%2Fwww.facebook.com%2Fwesseriesofficial%2Fposts%2Fpfbid02VrfikVSEr87vN22v54LYqnT3EJs7XWV6bKGxmb8uNo1k6NYqAi6ZvhJEt3fgGSxl&amp;show_text=true&amp;width=500\" width=\"500\" height=\"441\" frameborder=\"0\" scrolling=\"no\" allowfullscreen=\"allowfullscreen\"><\/iframe><\/p>\n","protected":false},"excerpt":{"rendered":"<p>COUPE DU MONDE DE VTT \u00c0 ASSISTANCE \u00c9LECTRIQUE 2025 &#8211; Premier weekend de comp\u00e9tition positif pour Th\u00e9o Charmes, avec une victoire et un podium.\u00a0<\/p>\n","protected":false},"author":59,"featured_media":587497,"comment_status":"open","ping_status":"closed","sticky":false,"template":"","format":"standard","meta":{"_acf_changed":false,"_daextam_enable_autolinks":"1","footnotes":""},"categories":[10279],"tags":[16878,11873],"class_list":["post-587493","post","type-post","status-publish","format-standard","has-post-thumbnail","hentry","category-vtt","tag-breve","tag-coupe-du-monde-de-vtt"],"acf":[],"yoast_head":"<!-- This site is optimized with the Yoast SEO Premium plugin v26.7 (Yoast SEO v26.7) - https:\/\/yoast.com\/wordpress\/plugins\/seo\/ -->\n<title>Coupe du monde de VTTAE 2025 : Th\u00e9o Charmes frappe d&#039;entr\u00e9e en Roumanie<\/title>\n<meta name=\"description\" content=\"COUPE DU MONDE DE VTT \u00c0 ASSISTANCE \u00c9LECTRIQUE 2025 - Premier weekend de comp\u00e9tition positif pour Th\u00e9o Charmes, avec une victoire et un podium.\u00a0\" \/>\n<meta name=\"robots\" content=\"index, follow, max-snippet:-1, max-image-preview:large, max-video-preview:-1\" \/>\n<link rel=\"canonical\" href=\"https:\/\/dicodusport.fr\/blog\/coupe-du-monde-de-vttae-2025-theo-charmes-frappe-dentree-en-roumanie\/\" \/>\n<meta property=\"og:locale\" content=\"fr_FR\" \/>\n<meta property=\"og:type\" content=\"article\" \/>\n<meta property=\"og:title\" content=\"Coupe du monde de VTTAE 2025 : Th\u00e9o Charmes frappe d&#039;entr\u00e9e en Roumanie\" \/>\n<meta property=\"og:description\" content=\"COUPE DU MONDE DE VTT \u00c0 ASSISTANCE \u00c9LECTRIQUE 2025 - Premier weekend de comp\u00e9tition positif pour Th\u00e9o Charmes, avec une victoire et un podium.\u00a0\" \/>\n<meta property=\"og:url\" content=\"https:\/\/dicodusport.fr\/blog\/coupe-du-monde-de-vttae-2025-theo-charmes-frappe-dentree-en-roumanie\/\" \/>\n<meta property=\"og:site_name\" content=\"Dicodusport\" \/>\n<meta property=\"article:publisher\" content=\"https:\/\/www.facebook.com\/dicodusport\" \/>\n<meta property=\"article:author\" content=\"https:\/\/www.facebook.com\/sebastien.gente\/\" \/>\n<meta property=\"article:published_time\" content=\"2025-06-16T13:51:38+00:00\" \/>\n<meta property=\"og:image\" content=\"https:\/\/dicodusport.fr\/blog\/wp-content\/uploads\/2025\/06\/Coupe-du-monde-de-VTTAE-2025-Theo-Charmes-frappe-dentree-en-Roumanie.png\" \/>\n\t<meta property=\"og:image:width\" content=\"1200\" \/>\n\t<meta property=\"og:image:height\" content=\"674\" \/>\n\t<meta property=\"og:image:type\" content=\"image\/png\" \/>\n<meta name=\"author\" content=\"S\u00e9bastien Gente\" \/>\n<meta name=\"twitter:card\" content=\"summary_large_image\" \/>\n<meta name=\"twitter:title\" content=\"Coupe du monde de VTTAE 2025 : Th\u00e9o Charmes frappe d&#039;entr\u00e9e en Roumanie\" \/>\n<meta name=\"twitter:creator\" content=\"@https:\/\/twitter.com\/globulo24\" \/>\n<meta name=\"twitter:site\" content=\"@dicodusport\" \/>\n<script type=\"application\/ld+json\" class=\"yoast-schema-graph\">{\"@context\":\"https:\/\/schema.org\",\"@graph\":[{\"@type\":\"NewsArticle\",\"@id\":\"https:\/\/dicodusport.fr\/blog\/coupe-du-monde-de-vttae-2025-theo-charmes-frappe-dentree-en-roumanie\/#article\",\"isPartOf\":{\"@id\":\"https:\/\/dicodusport.fr\/blog\/coupe-du-monde-de-vttae-2025-theo-charmes-frappe-dentree-en-roumanie\/\"},\"author\":{\"name\":\"S\u00e9bastien Gente\",\"@id\":\"https:\/\/dicodusport.fr\/blog\/#\/schema\/person\/627966a6cde45dbd8c5e36ac85d783da\"},\"headline\":\"Coupe du monde de VTTAE 2025 : Th\u00e9o Charmes frappe d&rsquo;entr\u00e9e en Roumanie\",\"datePublished\":\"2025-06-16T13:51:38+00:00\",\"mainEntityOfPage\":{\"@id\":\"https:\/\/dicodusport.fr\/blog\/coupe-du-monde-de-vttae-2025-theo-charmes-frappe-dentree-en-roumanie\/\"},\"wordCount\":329,\"commentCount\":0,\"publisher\":{\"@id\":\"https:\/\/dicodusport.fr\/blog\/#organization\"},\"image\":{\"@id\":\"https:\/\/dicodusport.fr\/blog\/coupe-du-monde-de-vttae-2025-theo-charmes-frappe-dentree-en-roumanie\/#primaryimage\"},\"thumbnailUrl\":\"https:\/\/dicodusport.fr\/blog\/wp-content\/uploads\/2025\/06\/Coupe-du-monde-de-VTTAE-2025-Theo-Charmes-frappe-dentree-en-Roumanie.png\",\"keywords\":[\"br\u00e8ve\",\"Coupe du monde de VTT\"],\"articleSection\":[\"VTT\"],\"inLanguage\":\"fr-FR\",\"potentialAction\":[{\"@type\":\"CommentAction\",\"name\":\"Comment\",\"target\":[\"https:\/\/dicodusport.fr\/blog\/coupe-du-monde-de-vttae-2025-theo-charmes-frappe-dentree-en-roumanie\/#respond\"]}],\"copyrightYear\":\"2025\",\"copyrightHolder\":{\"@id\":\"https:\/\/dicodusport.fr\/blog\/#organization\"}},{\"@type\":\"WebPage\",\"@id\":\"https:\/\/dicodusport.fr\/blog\/coupe-du-monde-de-vttae-2025-theo-charmes-frappe-dentree-en-roumanie\/\",\"url\":\"https:\/\/dicodusport.fr\/blog\/coupe-du-monde-de-vttae-2025-theo-charmes-frappe-dentree-en-roumanie\/\",\"name\":\"Coupe du monde de VTTAE 2025 : Th\u00e9o Charmes frappe d'entr\u00e9e en Roumanie\",\"isPartOf\":{\"@id\":\"https:\/\/dicodusport.fr\/blog\/#website\"},\"primaryImageOfPage\":{\"@id\":\"https:\/\/dicodusport.fr\/blog\/coupe-du-monde-de-vttae-2025-theo-charmes-frappe-dentree-en-roumanie\/#primaryimage\"},\"image\":{\"@id\":\"https:\/\/dicodusport.fr\/blog\/coupe-du-monde-de-vttae-2025-theo-charmes-frappe-dentree-en-roumanie\/#primaryimage\"},\"thumbnailUrl\":\"https:\/\/dicodusport.fr\/blog\/wp-content\/uploads\/2025\/06\/Coupe-du-monde-de-VTTAE-2025-Theo-Charmes-frappe-dentree-en-Roumanie.png\",\"datePublished\":\"2025-06-16T13:51:38+00:00\",\"description\":\"COUPE DU MONDE DE VTT \u00c0 ASSISTANCE \u00c9LECTRIQUE 2025 - Premier weekend de comp\u00e9tition positif pour Th\u00e9o Charmes, avec une victoire et un podium.\u00a0\",\"breadcrumb\":{\"@id\":\"https:\/\/dicodusport.fr\/blog\/coupe-du-monde-de-vttae-2025-theo-charmes-frappe-dentree-en-roumanie\/#breadcrumb\"},\"inLanguage\":\"fr-FR\",\"potentialAction\":[{\"@type\":\"ReadAction\",\"target\":[\"https:\/\/dicodusport.fr\/blog\/coupe-du-monde-de-vttae-2025-theo-charmes-frappe-dentree-en-roumanie\/\"]}]},{\"@type\":\"ImageObject\",\"inLanguage\":\"fr-FR\",\"@id\":\"https:\/\/dicodusport.fr\/blog\/coupe-du-monde-de-vttae-2025-theo-charmes-frappe-dentree-en-roumanie\/#primaryimage\",\"url\":\"https:\/\/dicodusport.fr\/blog\/wp-content\/uploads\/2025\/06\/Coupe-du-monde-de-VTTAE-2025-Theo-Charmes-frappe-dentree-en-Roumanie.png\",\"contentUrl\":\"https:\/\/dicodusport.fr\/blog\/wp-content\/uploads\/2025\/06\/Coupe-du-monde-de-VTTAE-2025-Theo-Charmes-frappe-dentree-en-Roumanie.png\",\"width\":1200,\"height\":674,\"caption\":\"Coupe du monde de VTTAE 2025 Th\u00e9o Charmes frappe d'entr\u00e9e en Roumanie\"},{\"@type\":\"BreadcrumbList\",\"@id\":\"https:\/\/dicodusport.fr\/blog\/coupe-du-monde-de-vttae-2025-theo-charmes-frappe-dentree-en-roumanie\/#breadcrumb\",\"itemListElement\":[{\"@type\":\"ListItem\",\"position\":1,\"name\":\"Accueil\",\"item\":\"https:\/\/dicodusport.fr\/blog\/\"},{\"@type\":\"ListItem\",\"position\":2,\"name\":\"Coupe du monde de VTTAE 2025 : Th\u00e9o Charmes frappe d&rsquo;entr\u00e9e en Roumanie\"}]},{\"@type\":\"WebSite\",\"@id\":\"https:\/\/dicodusport.fr\/blog\/#website\",\"url\":\"https:\/\/dicodusport.fr\/blog\/\",\"name\":\"Dicodusport\",\"description\":\"L&#039;encyclop\u00e9die de l&#039;actualit\u00e9 sportive\",\"publisher\":{\"@id\":\"https:\/\/dicodusport.fr\/blog\/#organization\"},\"potentialAction\":[{\"@type\":\"SearchAction\",\"target\":{\"@type\":\"EntryPoint\",\"urlTemplate\":\"https:\/\/dicodusport.fr\/blog\/?s={search_term_string}\"},\"query-input\":{\"@type\":\"PropertyValueSpecification\",\"valueRequired\":true,\"valueName\":\"search_term_string\"}}],\"inLanguage\":\"fr-FR\"},{\"@type\":\"NewsMediaOrganization\",\"@id\":\"https:\/\/dicodusport.fr\/blog\/#organization\",\"name\":\"Dicodusport\",\"url\":\"https:\/\/dicodusport.fr\/blog\/\",\"logo\":{\"@type\":\"ImageObject\",\"inLanguage\":\"fr-FR\",\"@id\":\"https:\/\/dicodusport.fr\/blog\/#\/schema\/logo\/image\/\",\"url\":\"https:\/\/dicodusport.fr\/blog\/wp-content\/uploads\/2020\/06\/cropped-LOGO-DICODUSPORT-2020-SANS-FOND-SANS-TEXTE.png\",\"contentUrl\":\"https:\/\/dicodusport.fr\/blog\/wp-content\/uploads\/2020\/06\/cropped-LOGO-DICODUSPORT-2020-SANS-FOND-SANS-TEXTE.png\",\"width\":512,\"height\":512,\"caption\":\"Dicodusport\"},\"image\":{\"@id\":\"https:\/\/dicodusport.fr\/blog\/#\/schema\/logo\/image\/\"},\"sameAs\":[\"https:\/\/www.facebook.com\/dicodusport\",\"https:\/\/x.com\/dicodusport\",\"https:\/\/www.instagram.com\/dicodusport\/\",\"https:\/\/www.youtube.com\/channel\/UC7V2KZ5sd3htJivAbA4ZG3w\"],\"description\":\"Dicodusport est l'encyclop\u00e9die de l'actualit\u00e9 sportive.\",\"email\":\"bonjour@dicodusport.fr\",\"legalName\":\"DICODUSPORT\",\"foundingDate\":\"2018-01-14\",\"vatID\":\"FR71834470973\",\"taxID\":\"83447097300043\",\"numberOfEmployees\":{\"@type\":\"QuantitativeValue\",\"minValue\":\"1\",\"maxValue\":\"10\"}},{\"@type\":\"Person\",\"@id\":\"https:\/\/dicodusport.fr\/blog\/#\/schema\/person\/627966a6cde45dbd8c5e36ac85d783da\",\"name\":\"S\u00e9bastien Gente\",\"image\":{\"@type\":\"ImageObject\",\"inLanguage\":\"fr-FR\",\"@id\":\"https:\/\/dicodusport.fr\/blog\/#\/schema\/person\/image\/\",\"url\":\"https:\/\/dicodusport.fr\/blog\/wp-content\/uploads\/2021\/09\/1510990_10205810251400683_4124423575079401707_n-150x150.jpg\",\"contentUrl\":\"https:\/\/dicodusport.fr\/blog\/wp-content\/uploads\/2021\/09\/1510990_10205810251400683_4124423575079401707_n-150x150.jpg\",\"caption\":\"S\u00e9bastien Gente\"},\"description\":\"John Stockton, Gianni Bugno, Zinedine Zidane, Steffi Graf, Frode Andresen, St\u00e9phane Stoecklin, Davis Kamoga, Primoz Peterka, Werner Schlager et Aur\u00e9lien Rougerie. Point commun entre ces sportifs? Ils m'ont fait r\u00eaver et ont berc\u00e9 mon adolescence. Je suis un fondu de sports et j'essaie de retranscrire ma passion \u00e0 travers mes articles. Originaire du P\u00e9rigord, ma passion pour les Girondins, les Jaunards et les Jazzmen transpire dans mes \u00e9crits. \u00c0 Dicodusport depuis 2021, je d\u00e9niche les sports m\u00e9connus dans lesquels la France brille, et il y en a !\",\"sameAs\":[\"https:\/\/www.facebook.com\/sebastien.gente\/\",\"https:\/\/www.instagram.com\/sebgente\/\",\"https:\/\/www.linkedin.com\/in\/sbastien-gente-a29583169\/\",\"https:\/\/x.com\/https:\/\/twitter.com\/globulo24\",\"SebastienGente\"],\"worksFor\":\"S\u00e9bastien GENTE\",\"url\":\"https:\/\/dicodusport.fr\/blog\/author\/sebastiengente\/\"}]}<\/script>\n<!-- \/ Yoast SEO Premium plugin. -->","yoast_head_json":{"title":"Coupe du monde de VTTAE 2025 : Th\u00e9o Charmes frappe d'entr\u00e9e en Roumanie","description":"COUPE DU MONDE DE VTT \u00c0 ASSISTANCE \u00c9LECTRIQUE 2025 - Premier weekend de comp\u00e9tition positif pour Th\u00e9o Charmes, avec une victoire et un podium.\u00a0","robots":{"index":"index","follow":"follow","max-snippet":"max-snippet:-1","max-image-preview":"max-image-preview:large","max-video-preview":"max-video-preview:-1"},"canonical":"https:\/\/dicodusport.fr\/blog\/coupe-du-monde-de-vttae-2025-theo-charmes-frappe-dentree-en-roumanie\/","og_locale":"fr_FR","og_type":"article","og_title":"Coupe du monde de VTTAE 2025 : Th\u00e9o Charmes frappe d'entr\u00e9e en Roumanie","og_description":"COUPE DU MONDE DE VTT \u00c0 ASSISTANCE \u00c9LECTRIQUE 2025 - Premier weekend de comp\u00e9tition positif pour Th\u00e9o Charmes, avec une victoire et un podium.\u00a0","og_url":"https:\/\/dicodusport.fr\/blog\/coupe-du-monde-de-vttae-2025-theo-charmes-frappe-dentree-en-roumanie\/","og_site_name":"Dicodusport","article_publisher":"https:\/\/www.facebook.com\/dicodusport","article_author":"https:\/\/www.facebook.com\/sebastien.gente\/","article_published_time":"2025-06-16T13:51:38+00:00","og_image":[{"width":1200,"height":674,"url":"https:\/\/dicodusport.fr\/blog\/wp-content\/uploads\/2025\/06\/Coupe-du-monde-de-VTTAE-2025-Theo-Charmes-frappe-dentree-en-Roumanie.png","type":"image\/png"}],"author":"S\u00e9bastien Gente","twitter_card":"summary_large_image","twitter_title":"Coupe du monde de VTTAE 2025 : Th\u00e9o Charmes frappe d'entr\u00e9e en Roumanie","twitter_creator":"@https:\/\/twitter.com\/globulo24","twitter_site":"@dicodusport","schema":{"@context":"https:\/\/schema.org","@graph":[{"@type":"NewsArticle","@id":"https:\/\/dicodusport.fr\/blog\/coupe-du-monde-de-vttae-2025-theo-charmes-frappe-dentree-en-roumanie\/#article","isPartOf":{"@id":"https:\/\/dicodusport.fr\/blog\/coupe-du-monde-de-vttae-2025-theo-charmes-frappe-dentree-en-roumanie\/"},"author":{"name":"S\u00e9bastien Gente","@id":"https:\/\/dicodusport.fr\/blog\/#\/schema\/person\/627966a6cde45dbd8c5e36ac85d783da"},"headline":"Coupe du monde de VTTAE 2025 : Th\u00e9o Charmes frappe d&rsquo;entr\u00e9e en Roumanie","datePublished":"2025-06-16T13:51:38+00:00","mainEntityOfPage":{"@id":"https:\/\/dicodusport.fr\/blog\/coupe-du-monde-de-vttae-2025-theo-charmes-frappe-dentree-en-roumanie\/"},"wordCount":329,"commentCount":0,"publisher":{"@id":"https:\/\/dicodusport.fr\/blog\/#organization"},"image":{"@id":"https:\/\/dicodusport.fr\/blog\/coupe-du-monde-de-vttae-2025-theo-charmes-frappe-dentree-en-roumanie\/#primaryimage"},"thumbnailUrl":"https:\/\/dicodusport.fr\/blog\/wp-content\/uploads\/2025\/06\/Coupe-du-monde-de-VTTAE-2025-Theo-Charmes-frappe-dentree-en-Roumanie.png","keywords":["br\u00e8ve","Coupe du monde de VTT"],"articleSection":["VTT"],"inLanguage":"fr-FR","potentialAction":[{"@type":"CommentAction","name":"Comment","target":["https:\/\/dicodusport.fr\/blog\/coupe-du-monde-de-vttae-2025-theo-charmes-frappe-dentree-en-roumanie\/#respond"]}],"copyrightYear":"2025","copyrightHolder":{"@id":"https:\/\/dicodusport.fr\/blog\/#organization"}},{"@type":"WebPage","@id":"https:\/\/dicodusport.fr\/blog\/coupe-du-monde-de-vttae-2025-theo-charmes-frappe-dentree-en-roumanie\/","url":"https:\/\/dicodusport.fr\/blog\/coupe-du-monde-de-vttae-2025-theo-charmes-frappe-dentree-en-roumanie\/","name":"Coupe du monde de VTTAE 2025 : Th\u00e9o Charmes frappe d'entr\u00e9e en Roumanie","isPartOf":{"@id":"https:\/\/dicodusport.fr\/blog\/#website"},"primaryImageOfPage":{"@id":"https:\/\/dicodusport.fr\/blog\/coupe-du-monde-de-vttae-2025-theo-charmes-frappe-dentree-en-roumanie\/#primaryimage"},"image":{"@id":"https:\/\/dicodusport.fr\/blog\/coupe-du-monde-de-vttae-2025-theo-charmes-frappe-dentree-en-roumanie\/#primaryimage"},"thumbnailUrl":"https:\/\/dicodusport.fr\/blog\/wp-content\/uploads\/2025\/06\/Coupe-du-monde-de-VTTAE-2025-Theo-Charmes-frappe-dentree-en-Roumanie.png","datePublished":"2025-06-16T13:51:38+00:00","description":"COUPE DU MONDE DE VTT \u00c0 ASSISTANCE \u00c9LECTRIQUE 2025 - Premier weekend de comp\u00e9tition positif pour Th\u00e9o Charmes, avec une victoire et un podium.\u00a0","breadcrumb":{"@id":"https:\/\/dicodusport.fr\/blog\/coupe-du-monde-de-vttae-2025-theo-charmes-frappe-dentree-en-roumanie\/#breadcrumb"},"inLanguage":"fr-FR","potentialAction":[{"@type":"ReadAction","target":["https:\/\/dicodusport.fr\/blog\/coupe-du-monde-de-vttae-2025-theo-charmes-frappe-dentree-en-roumanie\/"]}]},{"@type":"ImageObject","inLanguage":"fr-FR","@id":"https:\/\/dicodusport.fr\/blog\/coupe-du-monde-de-vttae-2025-theo-charmes-frappe-dentree-en-roumanie\/#primaryimage","url":"https:\/\/dicodusport.fr\/blog\/wp-content\/uploads\/2025\/06\/Coupe-du-monde-de-VTTAE-2025-Theo-Charmes-frappe-dentree-en-Roumanie.png","contentUrl":"https:\/\/dicodusport.fr\/blog\/wp-content\/uploads\/2025\/06\/Coupe-du-monde-de-VTTAE-2025-Theo-Charmes-frappe-dentree-en-Roumanie.png","width":1200,"height":674,"caption":"Coupe du monde de VTTAE 2025 Th\u00e9o Charmes frappe d'entr\u00e9e en Roumanie"},{"@type":"BreadcrumbList","@id":"https:\/\/dicodusport.fr\/blog\/coupe-du-monde-de-vttae-2025-theo-charmes-frappe-dentree-en-roumanie\/#breadcrumb","itemListElement":[{"@type":"ListItem","position":1,"name":"Accueil","item":"https:\/\/dicodusport.fr\/blog\/"},{"@type":"ListItem","position":2,"name":"Coupe du monde de VTTAE 2025 : Th\u00e9o Charmes frappe d&rsquo;entr\u00e9e en Roumanie"}]},{"@type":"WebSite","@id":"https:\/\/dicodusport.fr\/blog\/#website","url":"https:\/\/dicodusport.fr\/blog\/","name":"Dicodusport","description":"L&#039;encyclop\u00e9die de l&#039;actualit\u00e9 sportive","publisher":{"@id":"https:\/\/dicodusport.fr\/blog\/#organization"},"potentialAction":[{"@type":"SearchAction","target":{"@type":"EntryPoint","urlTemplate":"https:\/\/dicodusport.fr\/blog\/?s={search_term_string}"},"query-input":{"@type":"PropertyValueSpecification","valueRequired":true,"valueName":"search_term_string"}}],"inLanguage":"fr-FR"},{"@type":"NewsMediaOrganization","@id":"https:\/\/dicodusport.fr\/blog\/#organization","name":"Dicodusport","url":"https:\/\/dicodusport.fr\/blog\/","logo":{"@type":"ImageObject","inLanguage":"fr-FR","@id":"https:\/\/dicodusport.fr\/blog\/#\/schema\/logo\/image\/","url":"https:\/\/dicodusport.fr\/blog\/wp-content\/uploads\/2020\/06\/cropped-LOGO-DICODUSPORT-2020-SANS-FOND-SANS-TEXTE.png","contentUrl":"https:\/\/dicodusport.fr\/blog\/wp-content\/uploads\/2020\/06\/cropped-LOGO-DICODUSPORT-2020-SANS-FOND-SANS-TEXTE.png","width":512,"height":512,"caption":"Dicodusport"},"image":{"@id":"https:\/\/dicodusport.fr\/blog\/#\/schema\/logo\/image\/"},"sameAs":["https:\/\/www.facebook.com\/dicodusport","https:\/\/x.com\/dicodusport","https:\/\/www.instagram.com\/dicodusport\/","https:\/\/www.youtube.com\/channel\/UC7V2KZ5sd3htJivAbA4ZG3w"],"description":"Dicodusport est l'encyclop\u00e9die de l'actualit\u00e9 sportive.","email":"bonjour@dicodusport.fr","legalName":"DICODUSPORT","foundingDate":"2018-01-14","vatID":"FR71834470973","taxID":"83447097300043","numberOfEmployees":{"@type":"QuantitativeValue","minValue":"1","maxValue":"10"}},{"@type":"Person","@id":"https:\/\/dicodusport.fr\/blog\/#\/schema\/person\/627966a6cde45dbd8c5e36ac85d783da","name":"S\u00e9bastien Gente","image":{"@type":"ImageObject","inLanguage":"fr-FR","@id":"https:\/\/dicodusport.fr\/blog\/#\/schema\/person\/image\/","url":"https:\/\/dicodusport.fr\/blog\/wp-content\/uploads\/2021\/09\/1510990_10205810251400683_4124423575079401707_n-150x150.jpg","contentUrl":"https:\/\/dicodusport.fr\/blog\/wp-content\/uploads\/2021\/09\/1510990_10205810251400683_4124423575079401707_n-150x150.jpg","caption":"S\u00e9bastien Gente"},"description":"John Stockton, Gianni Bugno, Zinedine Zidane, Steffi Graf, Frode Andresen, St\u00e9phane Stoecklin, Davis Kamoga, Primoz Peterka, Werner Schlager et Aur\u00e9lien Rougerie. Point commun entre ces sportifs? Ils m'ont fait r\u00eaver et ont berc\u00e9 mon adolescence. Je suis un fondu de sports et j'essaie de retranscrire ma passion \u00e0 travers mes articles. Originaire du P\u00e9rigord, ma passion pour les Girondins, les Jaunards et les Jazzmen transpire dans mes \u00e9crits. \u00c0 Dicodusport depuis 2021, je d\u00e9niche les sports m\u00e9connus dans lesquels la France brille, et il y en a !","sameAs":["https:\/\/www.facebook.com\/sebastien.gente\/","https:\/\/www.instagram.com\/sebgente\/","https:\/\/www.linkedin.com\/in\/sbastien-gente-a29583169\/","https:\/\/x.com\/https:\/\/twitter.com\/globulo24","SebastienGente"],"worksFor":"S\u00e9bastien GENTE","url":"https:\/\/dicodusport.fr\/blog\/author\/sebastiengente\/"}]}},"_links":{"self":[{"href":"https:\/\/dicodusport.fr\/blog\/wp-json\/wp\/v2\/posts\/587493","targetHints":{"allow":["GET"]}}],"collection":[{"href":"https:\/\/dicodusport.fr\/blog\/wp-json\/wp\/v2\/posts"}],"about":[{"href":"https:\/\/dicodusport.fr\/blog\/wp-json\/wp\/v2\/types\/post"}],"author":[{"embeddable":true,"href":"https:\/\/dicodusport.fr\/blog\/wp-json\/wp\/v2\/users\/59"}],"replies":[{"embeddable":true,"href":"https:\/\/dicodusport.fr\/blog\/wp-json\/wp\/v2\/comments?post=587493"}],"version-history":[{"count":1,"href":"https:\/\/dicodusport.fr\/blog\/wp-json\/wp\/v2\/posts\/587493\/revisions"}],"predecessor-version":[{"id":587499,"href":"https:\/\/dicodusport.fr\/blog\/wp-json\/wp\/v2\/posts\/587493\/revisions\/587499"}],"wp:featuredmedia":[{"embeddable":true,"href":"https:\/\/dicodusport.fr\/blog\/wp-json\/wp\/v2\/media\/587497"}],"wp:attachment":[{"href":"https:\/\/dicodusport.fr\/blog\/wp-json\/wp\/v2\/media?parent=587493"}],"wp:term":[{"taxonomy":"category","embeddable":true,"href":"https:\/\/dicodusport.fr\/blog\/wp-json\/wp\/v2\/categories?post=587493"},{"taxonomy":"post_tag","embeddable":true,"href":"https:\/\/dicodusport.fr\/blog\/wp-json\/wp\/v2\/tags?post=587493"}],"curies":[{"name":"wp","href":"https:\/\/api.w.org\/{rel}","templated":true}]}}