{"id":587539,"date":"2025-06-27T17:15:30","date_gmt":"2025-06-27T15:15:30","guid":{"rendered":"https:\/\/dicodusport.fr\/blog\/?p=587539&#038;preview=true&#038;preview_id=587539"},"modified":"2025-06-29T18:15:05","modified_gmt":"2025-06-29T16:15:05","slug":"programme-et-resultats-cyclisme-championnats-de-france-2025","status":"publish","type":"post","link":"https:\/\/dicodusport.fr\/blog\/programme-et-resultats-cyclisme-championnats-de-france-2025\/","title":{"rendered":"Cyclisme sur route : Programme et r\u00e9sultats Championnats de France 2025"},"content":{"rendered":"<p style=\"text-align: justify;\"><em><strong>Retrouvez le programme d\u00e9taill\u00e9 ainsi que les r\u00e9sultats des championnats de France de cyclisme sur route 2025, qui se d\u00e9roulent du 26 au 29 juin 2025, aux Herbiers dans le d\u00e9partement de la Vend\u00e9e.<\/strong><\/em><\/p>\n<ul>\n<li style=\"text-align: justify;\"><strong>\u00c0 ce sujet \u2013\u00a0<a href=\"https:\/\/dicodusport.fr\/blog\/actualites\/cyclisme\/\">L\u2019actualit\u00e9 du cyclisme<\/a><\/strong><\/li>\n<\/ul>\n<p style=\"text-align: justify;\">La <strong>114\u00e8me \u00e9dition des Championnats de France de cyclisme sur route \u00e9lites<\/strong> se tiendra du\u00a026\u00a0au\u00a0<time class=\"nowrap date-lien\" datetime=\"2025-06-29\" data-sort-value=\"2025-06-29\">29 juin\u00a02025 aux <strong>Herbiers<\/strong> dans le Haut-Bocage vend\u00e9en, au nord-est du d\u00e9partement de la Vend\u00e9e. Apr\u00e8s Fontenay-Le-Comte en 1994, le Poir\u00e9-sur-Vie et Chantonnay \u00e0 trois reprises, la Vend\u00e9e accueillera de nouveaux les batailles pour les diff\u00e9rents maillots tricolores.\u00a0<\/time><\/p>\n<ul>\n<li style=\"text-align: justify;\"><strong>\u00c0 ce sujet &#8211; <a href=\"https:\/\/dicodusport.fr\/blog\/programme-tv-et-horaires-des-championnats-de-france-de-cyclisme-sur-route-2025\/\">Programme TV et horaires des championnats de France de cyclisme sur route 2025<\/a><\/strong><\/li>\n<\/ul>\n<h2 style=\"text-align: justify;\">Programme et horaires des championnats de France de cyclisme 2025<\/h2>\n<h3 style=\"text-align: justify;\">Jeudi\u00a0<time class=\"nowrap\" datetime=\"06-26\" data-sort-value=\"06-26\">26 juin<\/time><\/h3>\n<ul style=\"text-align: justify;\">\n<li><strong>D\u00e8s 13h :<\/strong> Contre-la-montre individuel &#8211; \u00c9lites femmes (professionnelles et amateurs) &#8211; 26,5 kilom\u00e8tres<\/li>\n<li><strong>D\u00e8s 15h10 :<\/strong> Contre-la-montre individuel &#8211; \u00c9lites hommes (professionnels et amateurs) &#8211; 26,5 kilom\u00e8tres<\/li>\n<\/ul>\n<p style=\"text-align: justify;\">Le contre-la-montre s&rsquo;est d\u00e9roul\u00e9 sur un parcours de 26,5 kilom\u00e8tres entre le centre-ville <strong>des Herbiers<\/strong>\u00a0et le\u00a0<strong>mont des Alouettes<\/strong>, en passant par <strong>Saint-Paul-en-Pareds<\/strong> et <strong>Chambretaud<\/strong> sur les routes du Chrono des Nations, le c\u00e9l\u00e8bre contre-la-montre de fin de saison. Chez les dames, <a href=\"https:\/\/dicodusport.fr\/blog\/cyclisme-championnats-de-france-2025-cedrine-kerbaol-ecrase-le-contre-la-montre\/\">le titre est revenu \u00e0 <strong>C\u00e9drine Kerbaol<\/strong> (EF Education-Oatly)<\/a>, qui conserve sa couronne nationale. Tout comme <a href=\"https:\/\/dicodusport.fr\/blog\/cyclisme-championnats-de-france-2025-intraitable-bruno-armirail-rafle-son-3eme-titre-en-contre-la-montre\/\"><strong>Bruno Armirail<\/strong> (Decathlon AG2R La Mondiale) chez les hommes<\/a>.<\/p>\n<ul>\n<li style=\"text-align: justify;\"><a href=\"https:\/\/dicodusport.fr\/blog\/contre-la-montre-parcours-et-favoris-des-championnats-de-france-2025\/\"><strong>Contre-la-montre : Parcours et favoris des Championnats de France 2025<\/strong><\/a><\/li>\n<\/ul>\n<ul>\n<li style=\"text-align: justify;\"><strong><a href=\"https:\/\/dicodusport.fr\/blog\/cyclisme-tous-les-champions-nationaux-2025-du-contre-la-montre\/\">Tous les champions nationaux 2025 du contre-la-montre<\/a>\u00a0<\/strong><\/li>\n<li style=\"text-align: justify;\"><a href=\"https:\/\/dicodusport.fr\/blog\/contre-la-montre-resultats-et-classement-championnats-de-france-2025\/\"><strong>Contre-la-montre : R\u00e9sultats et classement Championnats de France 2025<\/strong><\/a><\/li>\n<\/ul>\n<hr \/>\n<h3 style=\"text-align: justify;\">Vendredi\u00a0<time class=\"nowrap\" datetime=\"06-27\" data-sort-value=\"06-27\">27 juin<\/time><\/h3>\n<ul style=\"text-align: justify;\">\n<li><strong>D\u00e8s 9h :<\/strong> Course en ligne &#8211; \u00c9lites femmes (amateurs) &#8211; 99 kilom\u00e8tres (6 tours, 1320 m\u00e8tres de d\u00e9nivel\u00e9)<\/li>\n<li><strong>D\u00e8s 13h30 :<\/strong> Course en ligne &#8211; \u00c9lites hommes (amateurs) &#8211; 165 kilom\u00e8tres (10 tours, 2200 m\u00e8tres de d\u00e9nivel\u00e9)<\/li>\n<\/ul>\n<p style=\"text-align: justify;\">La course en ligne se tiendra sur un circuit de 16,5 kilom\u00e8tres en passant par <strong>Chanverrie<\/strong>. La principale difficult\u00e9 du parcours sera le <strong>Mont des Alouettes<\/strong> (2 200 m\u00e8tres \u00e0 4,7 % de pente moyenne) en haut duquel se situera la ligne d&rsquo;arriv\u00e9e. Cette ultime bosse a \u00e9t\u00e9 le lieu de l&rsquo;arriv\u00e9e d&rsquo;une \u00e9tape du Tour de France en 2011 remport\u00e9e par le champion de Belgique Philippe Gilbert. Cependant, trois petites bosses seront pr\u00e9sentes sur le circuit avant de descendre au pied de la vraie bosse finale.<\/p>\n<p style=\"text-align: justify;\">Chez les femmes, le titre amateurs est revenu \u00e0 <strong>No\u00e9mie Abgrall<\/strong> (LadyNamips RVC). Sur la course masculine, c&rsquo;est <strong>Th\u00e9o L\u00e9v\u00eaque<\/strong> (Vend\u00e9e U) qui a lev\u00e9 les bras.<\/p>\n<hr \/>\n<h3 style=\"text-align: justify;\">Samedi\u00a0<time class=\"nowrap\" datetime=\"06-28\" data-sort-value=\"06-28\">28 juin<\/time><\/h3>\n<ul style=\"text-align: justify;\">\n<li><strong>D\u00e8s 12h55 :<\/strong> Course en ligne &#8211; \u00c9lites femmes (professionnelles) &#8211; 115,5 kilom\u00e8tres (7 tours, 1540 m\u00e8tres de d\u00e9nivel\u00e9). <a href=\"https:\/\/dicodusport.fr\/blog\/course-en-ligne-marie-le-net-championne-de-france-2025\/\">Le titre est revenu \u00e0 <strong>Marie Le Net<\/strong> (FDJ-Suez)<\/a>.<\/li>\n<\/ul>\n<ul>\n<li style=\"text-align: justify;\"><strong><a href=\"https:\/\/dicodusport.fr\/blog\/course-en-ligne-classement-course-femmes-championnats-de-france-2025\/\">Course en ligne : Classement Course femmes Championnats de France 2025<\/a><\/strong><\/li>\n<\/ul>\n<hr \/>\n<h3 style=\"text-align: justify;\">Dimanche\u00a0<time class=\"nowrap\" datetime=\"06-29\" data-sort-value=\"06-29\">29 juin<\/time><\/h3>\n<ul>\n<li style=\"text-align: justify;\"><strong>D\u00e8s 11h35 :<\/strong> Course en ligne &#8211; \u00c9lites hommes (professionnels) : 231 kilom\u00e8tres\u00a0 (14 tours, 3080 m\u00e8tres de d\u00e9nivel\u00e9). C&rsquo;est le Rhodanien <strong>Dorian Godon<\/strong> (Decathlon AG2R La Mondiale) <a href=\"https:\/\/dicodusport.fr\/blog\/course-en-ligne-tout-en-puissance-dorian-godon-sacre-champion-de-france\/\">qui est devenu champion de France ce dimanche<\/a>.<\/li>\n<\/ul>\n<ul>\n<li style=\"text-align: justify;\"><a href=\"https:\/\/dicodusport.fr\/blog\/cyclisme-classement-course-en-ligne-hommes-championnats-de-france-2025\/\"><strong>Cyclisme : Classement Course en ligne hommes Championnats de France 2025<\/strong><\/a><\/li>\n<\/ul>\n<ul>\n<li style=\"text-align: justify;\"><a href=\"https:\/\/dicodusport.fr\/blog\/course-en-ligne-parcours-et-profil-des-championnats-de-france-2025\/\"><strong>Course en ligne : Parcours et profil des Championnats de France 2025<\/strong><\/a><\/li>\n<li style=\"text-align: justify;\"><a href=\"https:\/\/dicodusport.fr\/blog\/gregoire-magnier-vauquelin-les-favoris-pour-la-course-en-ligne-des-championnats-de-france-de-cyclisme-2025\/\"><strong>Gr\u00e9goire, Magnier, Vauquelin&#8230; Les favoris pour la course en ligne<\/strong><\/a><\/li>\n<\/ul>\n<hr \/>\n<div class=\"vlp-link-container vlp-layout-article\"><a href=\"https:\/\/dicodusport.fr\/blog\/cyclisme-mercato-2025-2026-le-tableau-des-transferts\/\" class=\"vlp-link\" title=\"Cyclisme Mercato 2025-2026 - Le tableau des transferts\"><\/a><div class=\"vlp-layout-zone-side\"><div class=\"vlp-block-4 vlp-link-image\"><img loading=\"lazy\" decoding=\"async\" style=\"max-width: 792px;\" width=\"792\" height=\"445\" src=\"https:\/\/dicodusport.fr\/blog\/wp-content\/uploads\/2025\/02\/Cyclisme-Mercato-2025-2026-Le-tableau-des-transferts.png\" class=\"attachment-800x445 size-800x445\" alt=\"Cyclisme Mercato 2025-2026 - Le tableau des transferts\" srcset=\"https:\/\/dicodusport.fr\/blog\/wp-content\/uploads\/2025\/02\/Cyclisme-Mercato-2025-2026-Le-tableau-des-transferts.png 1200w, https:\/\/dicodusport.fr\/blog\/wp-content\/uploads\/2025\/02\/Cyclisme-Mercato-2025-2026-Le-tableau-des-transferts-300x169.png 300w, https:\/\/dicodusport.fr\/blog\/wp-content\/uploads\/2025\/02\/Cyclisme-Mercato-2025-2026-Le-tableau-des-transferts-1024x575.png 1024w, https:\/\/dicodusport.fr\/blog\/wp-content\/uploads\/2025\/02\/Cyclisme-Mercato-2025-2026-Le-tableau-des-transferts-768x431.png 768w\" sizes=\"auto, (max-width: 792px) 100vw, 792px\" \/><\/div><\/div><div class=\"vlp-layout-zone-main\"><div class=\"vlp-block-0 vlp-link-title\">Cyclisme Mercato 2025-2026 - Le tableau des transferts<\/div><div class=\"vlp-block-1 vlp-link-summary\">MERCATO CYCLISME 2025-2026 - D\u00e9couvrez les transferts officiels et les rumeurs du mercato cycliste.<\/div><div class=\"vlp-block-2 vlp-link-button\">Lire l'article<\/div><div class=\"vlp-block-3 vlp-link-url\">dicodusport.fr<\/div><\/div><\/div>\n","protected":false},"excerpt":{"rendered":"<p>Retrouvez le programme d\u00e9taill\u00e9 ainsi que les r\u00e9sultats des championnats de France de cyclisme sur route 2025, qui se d\u00e9roulent du 26 au 29 juin 2025.<\/p>\n","protected":false},"author":48,"featured_media":589953,"comment_status":"open","ping_status":"closed","sticky":false,"template":"","format":"standard","meta":{"_acf_changed":false,"_daextam_enable_autolinks":"1","footnotes":""},"categories":[46994],"tags":[32415,16878,10363,574,11197],"class_list":["post-587539","post","type-post","status-publish","format-standard","has-post-thumbnail","hentry","category-cyclisme-sur-route","tag-actu","tag-breve","tag-championnats-de-france-de-cyclisme-sur-route","tag-cyclisme","tag-cyclisme-sur-route"],"acf":[],"yoast_head":"<!-- This site is optimized with the Yoast SEO Premium plugin v26.7 (Yoast SEO v26.7) - https:\/\/yoast.com\/wordpress\/plugins\/seo\/ -->\n<title>Cyclisme sur route : Programme et r\u00e9sultats Championnats de France 2025<\/title>\n<meta name=\"description\" content=\"Retrouvez le programme d\u00e9taill\u00e9 ainsi que les r\u00e9sultats des championnats de France de cyclisme sur route 2025, qui se d\u00e9roulent du 26 au 29 juin 2025.\" \/>\n<meta name=\"robots\" content=\"index, follow, max-snippet:-1, max-image-preview:large, max-video-preview:-1\" \/>\n<link rel=\"canonical\" href=\"https:\/\/dicodusport.fr\/blog\/programme-et-resultats-cyclisme-championnats-de-france-2025\/\" \/>\n<meta property=\"og:locale\" content=\"fr_FR\" \/>\n<meta property=\"og:type\" content=\"article\" \/>\n<meta property=\"og:title\" content=\"Cyclisme sur route : Programme et r\u00e9sultats Championnats de France 2025\" \/>\n<meta property=\"og:description\" content=\"Retrouvez le programme d\u00e9taill\u00e9 ainsi que les r\u00e9sultats des championnats de France de cyclisme sur route 2025, qui se d\u00e9roulent du 26 au 29 juin 2025.\" \/>\n<meta property=\"og:url\" content=\"https:\/\/dicodusport.fr\/blog\/programme-et-resultats-cyclisme-championnats-de-france-2025\/\" \/>\n<meta property=\"og:site_name\" content=\"Dicodusport\" \/>\n<meta property=\"article:publisher\" content=\"https:\/\/www.facebook.com\/dicodusport\" \/>\n<meta property=\"article:author\" content=\"https:\/\/www.facebook.com\/groups\/LesRoisDuPeloton\" \/>\n<meta property=\"article:published_time\" content=\"2025-06-27T15:15:30+00:00\" \/>\n<meta property=\"article:modified_time\" content=\"2025-06-29T16:15:05+00:00\" \/>\n<meta property=\"og:image\" content=\"https:\/\/dicodusport.fr\/blog\/wp-content\/uploads\/2025\/06\/Programme-et-resultats-Cyclisme-Championnats-de-France-2025.png\" \/>\n\t<meta property=\"og:image:width\" content=\"1200\" \/>\n\t<meta property=\"og:image:height\" content=\"674\" \/>\n\t<meta property=\"og:image:type\" content=\"image\/png\" \/>\n<meta name=\"author\" content=\"Emilien Descampiaux\" \/>\n<meta name=\"twitter:card\" content=\"summary_large_image\" \/>\n<meta name=\"twitter:creator\" content=\"@https:\/\/twitter.com\/LRoisDuPeloton\" \/>\n<meta name=\"twitter:site\" content=\"@dicodusport\" \/>\n<script type=\"application\/ld+json\" class=\"yoast-schema-graph\">{\"@context\":\"https:\/\/schema.org\",\"@graph\":[{\"@type\":\"NewsArticle\",\"@id\":\"https:\/\/dicodusport.fr\/blog\/programme-et-resultats-cyclisme-championnats-de-france-2025\/#article\",\"isPartOf\":{\"@id\":\"https:\/\/dicodusport.fr\/blog\/programme-et-resultats-cyclisme-championnats-de-france-2025\/\"},\"author\":{\"name\":\"Emilien Descampiaux\",\"@id\":\"https:\/\/dicodusport.fr\/blog\/#\/schema\/person\/6db4bae06b171592211be385b32876a7\"},\"headline\":\"Cyclisme sur route : Programme et r\u00e9sultats Championnats de France 2025\",\"datePublished\":\"2025-06-27T15:15:30+00:00\",\"dateModified\":\"2025-06-29T16:15:05+00:00\",\"mainEntityOfPage\":{\"@id\":\"https:\/\/dicodusport.fr\/blog\/programme-et-resultats-cyclisme-championnats-de-france-2025\/\"},\"wordCount\":608,\"commentCount\":0,\"publisher\":{\"@id\":\"https:\/\/dicodusport.fr\/blog\/#organization\"},\"image\":{\"@id\":\"https:\/\/dicodusport.fr\/blog\/programme-et-resultats-cyclisme-championnats-de-france-2025\/#primaryimage\"},\"thumbnailUrl\":\"https:\/\/dicodusport.fr\/blog\/wp-content\/uploads\/2025\/06\/Programme-et-resultats-Cyclisme-Championnats-de-France-2025.png\",\"keywords\":[\"actu\",\"br\u00e8ve\",\"Championnats de France de cyclisme sur route\",\"Cyclisme\",\"Cyclisme sur route\"],\"articleSection\":[\"Cyclisme sur route\"],\"inLanguage\":\"fr-FR\",\"potentialAction\":[{\"@type\":\"CommentAction\",\"name\":\"Comment\",\"target\":[\"https:\/\/dicodusport.fr\/blog\/programme-et-resultats-cyclisme-championnats-de-france-2025\/#respond\"]}],\"copyrightYear\":\"2025\",\"copyrightHolder\":{\"@id\":\"https:\/\/dicodusport.fr\/blog\/#organization\"}},{\"@type\":\"WebPage\",\"@id\":\"https:\/\/dicodusport.fr\/blog\/programme-et-resultats-cyclisme-championnats-de-france-2025\/\",\"url\":\"https:\/\/dicodusport.fr\/blog\/programme-et-resultats-cyclisme-championnats-de-france-2025\/\",\"name\":\"Cyclisme sur route : Programme et r\u00e9sultats Championnats de France 2025\",\"isPartOf\":{\"@id\":\"https:\/\/dicodusport.fr\/blog\/#website\"},\"primaryImageOfPage\":{\"@id\":\"https:\/\/dicodusport.fr\/blog\/programme-et-resultats-cyclisme-championnats-de-france-2025\/#primaryimage\"},\"image\":{\"@id\":\"https:\/\/dicodusport.fr\/blog\/programme-et-resultats-cyclisme-championnats-de-france-2025\/#primaryimage\"},\"thumbnailUrl\":\"https:\/\/dicodusport.fr\/blog\/wp-content\/uploads\/2025\/06\/Programme-et-resultats-Cyclisme-Championnats-de-France-2025.png\",\"datePublished\":\"2025-06-27T15:15:30+00:00\",\"dateModified\":\"2025-06-29T16:15:05+00:00\",\"description\":\"Retrouvez le programme d\u00e9taill\u00e9 ainsi que les r\u00e9sultats des championnats de France de cyclisme sur route 2025, qui se d\u00e9roulent du 26 au 29 juin 2025.\",\"breadcrumb\":{\"@id\":\"https:\/\/dicodusport.fr\/blog\/programme-et-resultats-cyclisme-championnats-de-france-2025\/#breadcrumb\"},\"inLanguage\":\"fr-FR\",\"potentialAction\":[{\"@type\":\"ReadAction\",\"target\":[\"https:\/\/dicodusport.fr\/blog\/programme-et-resultats-cyclisme-championnats-de-france-2025\/\"]}]},{\"@type\":\"ImageObject\",\"inLanguage\":\"fr-FR\",\"@id\":\"https:\/\/dicodusport.fr\/blog\/programme-et-resultats-cyclisme-championnats-de-france-2025\/#primaryimage\",\"url\":\"https:\/\/dicodusport.fr\/blog\/wp-content\/uploads\/2025\/06\/Programme-et-resultats-Cyclisme-Championnats-de-France-2025.png\",\"contentUrl\":\"https:\/\/dicodusport.fr\/blog\/wp-content\/uploads\/2025\/06\/Programme-et-resultats-Cyclisme-Championnats-de-France-2025.png\",\"width\":1200,\"height\":674,\"caption\":\"Programme et r\u00e9sultats Cyclisme Championnats de France 2025\"},{\"@type\":\"BreadcrumbList\",\"@id\":\"https:\/\/dicodusport.fr\/blog\/programme-et-resultats-cyclisme-championnats-de-france-2025\/#breadcrumb\",\"itemListElement\":[{\"@type\":\"ListItem\",\"position\":1,\"name\":\"Accueil\",\"item\":\"https:\/\/dicodusport.fr\/blog\/\"},{\"@type\":\"ListItem\",\"position\":2,\"name\":\"Cyclisme sur route : Programme et r\u00e9sultats Championnats de France 2025\"}]},{\"@type\":\"WebSite\",\"@id\":\"https:\/\/dicodusport.fr\/blog\/#website\",\"url\":\"https:\/\/dicodusport.fr\/blog\/\",\"name\":\"Dicodusport\",\"description\":\"L&#039;encyclop\u00e9die de l&#039;actualit\u00e9 sportive\",\"publisher\":{\"@id\":\"https:\/\/dicodusport.fr\/blog\/#organization\"},\"potentialAction\":[{\"@type\":\"SearchAction\",\"target\":{\"@type\":\"EntryPoint\",\"urlTemplate\":\"https:\/\/dicodusport.fr\/blog\/?s={search_term_string}\"},\"query-input\":{\"@type\":\"PropertyValueSpecification\",\"valueRequired\":true,\"valueName\":\"search_term_string\"}}],\"inLanguage\":\"fr-FR\"},{\"@type\":\"NewsMediaOrganization\",\"@id\":\"https:\/\/dicodusport.fr\/blog\/#organization\",\"name\":\"Dicodusport\",\"url\":\"https:\/\/dicodusport.fr\/blog\/\",\"logo\":{\"@type\":\"ImageObject\",\"inLanguage\":\"fr-FR\",\"@id\":\"https:\/\/dicodusport.fr\/blog\/#\/schema\/logo\/image\/\",\"url\":\"https:\/\/dicodusport.fr\/blog\/wp-content\/uploads\/2020\/06\/cropped-LOGO-DICODUSPORT-2020-SANS-FOND-SANS-TEXTE.png\",\"contentUrl\":\"https:\/\/dicodusport.fr\/blog\/wp-content\/uploads\/2020\/06\/cropped-LOGO-DICODUSPORT-2020-SANS-FOND-SANS-TEXTE.png\",\"width\":512,\"height\":512,\"caption\":\"Dicodusport\"},\"image\":{\"@id\":\"https:\/\/dicodusport.fr\/blog\/#\/schema\/logo\/image\/\"},\"sameAs\":[\"https:\/\/www.facebook.com\/dicodusport\",\"https:\/\/x.com\/dicodusport\",\"https:\/\/www.instagram.com\/dicodusport\/\",\"https:\/\/www.youtube.com\/channel\/UC7V2KZ5sd3htJivAbA4ZG3w\"],\"description\":\"Dicodusport est l'encyclop\u00e9die de l'actualit\u00e9 sportive.\",\"email\":\"bonjour@dicodusport.fr\",\"legalName\":\"DICODUSPORT\",\"foundingDate\":\"2018-01-14\",\"vatID\":\"FR71834470973\",\"taxID\":\"83447097300043\",\"numberOfEmployees\":{\"@type\":\"QuantitativeValue\",\"minValue\":\"1\",\"maxValue\":\"10\"}},{\"@type\":\"Person\",\"@id\":\"https:\/\/dicodusport.fr\/blog\/#\/schema\/person\/6db4bae06b171592211be385b32876a7\",\"name\":\"Emilien Descampiaux\",\"image\":{\"@type\":\"ImageObject\",\"inLanguage\":\"fr-FR\",\"@id\":\"https:\/\/dicodusport.fr\/blog\/#\/schema\/person\/image\/\",\"url\":\"https:\/\/dicodusport.fr\/blog\/wp-content\/uploads\/2021\/05\/Emilien-Descampiaux-150x150.jpg\",\"contentUrl\":\"https:\/\/dicodusport.fr\/blog\/wp-content\/uploads\/2021\/05\/Emilien-Descampiaux-150x150.jpg\",\"caption\":\"Emilien Descampiaux\"},\"description\":\"Journaliste\/r\u00e9dacteur depuis 2014 - Fan de la classe de Frank Vandenbroucke, je vis cyclisme (et de ses paysages) depuis plus de 20 ans. Je suis tr\u00e8s impliqu\u00e9 sur mes diff\u00e9rents r\u00e9seaux sociaux pour partager ma passion sur le monde et l'Histoire de la bicyclette avec ma voix sur les images en noir et blanc du succ\u00e8s de Rik Van Steenbergen lors du Ronde sur le V\u00e9lodrome de Gand.\",\"sameAs\":[\"https:\/\/www.facebook.com\/groups\/LesRoisDuPeloton\",\"https:\/\/x.com\/https:\/\/twitter.com\/LRoisDuPeloton\"],\"url\":\"https:\/\/dicodusport.fr\/blog\/author\/emiliend\/\"}]}<\/script>\n<!-- \/ Yoast SEO Premium plugin. -->","yoast_head_json":{"title":"Cyclisme sur route : Programme et r\u00e9sultats Championnats de France 2025","description":"Retrouvez le programme d\u00e9taill\u00e9 ainsi que les r\u00e9sultats des championnats de France de cyclisme sur route 2025, qui se d\u00e9roulent du 26 au 29 juin 2025.","robots":{"index":"index","follow":"follow","max-snippet":"max-snippet:-1","max-image-preview":"max-image-preview:large","max-video-preview":"max-video-preview:-1"},"canonical":"https:\/\/dicodusport.fr\/blog\/programme-et-resultats-cyclisme-championnats-de-france-2025\/","og_locale":"fr_FR","og_type":"article","og_title":"Cyclisme sur route : Programme et r\u00e9sultats Championnats de France 2025","og_description":"Retrouvez le programme d\u00e9taill\u00e9 ainsi que les r\u00e9sultats des championnats de France de cyclisme sur route 2025, qui se d\u00e9roulent du 26 au 29 juin 2025.","og_url":"https:\/\/dicodusport.fr\/blog\/programme-et-resultats-cyclisme-championnats-de-france-2025\/","og_site_name":"Dicodusport","article_publisher":"https:\/\/www.facebook.com\/dicodusport","article_author":"https:\/\/www.facebook.com\/groups\/LesRoisDuPeloton","article_published_time":"2025-06-27T15:15:30+00:00","article_modified_time":"2025-06-29T16:15:05+00:00","og_image":[{"width":1200,"height":674,"url":"https:\/\/dicodusport.fr\/blog\/wp-content\/uploads\/2025\/06\/Programme-et-resultats-Cyclisme-Championnats-de-France-2025.png","type":"image\/png"}],"author":"Emilien Descampiaux","twitter_card":"summary_large_image","twitter_creator":"@https:\/\/twitter.com\/LRoisDuPeloton","twitter_site":"@dicodusport","schema":{"@context":"https:\/\/schema.org","@graph":[{"@type":"NewsArticle","@id":"https:\/\/dicodusport.fr\/blog\/programme-et-resultats-cyclisme-championnats-de-france-2025\/#article","isPartOf":{"@id":"https:\/\/dicodusport.fr\/blog\/programme-et-resultats-cyclisme-championnats-de-france-2025\/"},"author":{"name":"Emilien Descampiaux","@id":"https:\/\/dicodusport.fr\/blog\/#\/schema\/person\/6db4bae06b171592211be385b32876a7"},"headline":"Cyclisme sur route : Programme et r\u00e9sultats Championnats de France 2025","datePublished":"2025-06-27T15:15:30+00:00","dateModified":"2025-06-29T16:15:05+00:00","mainEntityOfPage":{"@id":"https:\/\/dicodusport.fr\/blog\/programme-et-resultats-cyclisme-championnats-de-france-2025\/"},"wordCount":608,"commentCount":0,"publisher":{"@id":"https:\/\/dicodusport.fr\/blog\/#organization"},"image":{"@id":"https:\/\/dicodusport.fr\/blog\/programme-et-resultats-cyclisme-championnats-de-france-2025\/#primaryimage"},"thumbnailUrl":"https:\/\/dicodusport.fr\/blog\/wp-content\/uploads\/2025\/06\/Programme-et-resultats-Cyclisme-Championnats-de-France-2025.png","keywords":["actu","br\u00e8ve","Championnats de France de cyclisme sur route","Cyclisme","Cyclisme sur route"],"articleSection":["Cyclisme sur route"],"inLanguage":"fr-FR","potentialAction":[{"@type":"CommentAction","name":"Comment","target":["https:\/\/dicodusport.fr\/blog\/programme-et-resultats-cyclisme-championnats-de-france-2025\/#respond"]}],"copyrightYear":"2025","copyrightHolder":{"@id":"https:\/\/dicodusport.fr\/blog\/#organization"}},{"@type":"WebPage","@id":"https:\/\/dicodusport.fr\/blog\/programme-et-resultats-cyclisme-championnats-de-france-2025\/","url":"https:\/\/dicodusport.fr\/blog\/programme-et-resultats-cyclisme-championnats-de-france-2025\/","name":"Cyclisme sur route : Programme et r\u00e9sultats Championnats de France 2025","isPartOf":{"@id":"https:\/\/dicodusport.fr\/blog\/#website"},"primaryImageOfPage":{"@id":"https:\/\/dicodusport.fr\/blog\/programme-et-resultats-cyclisme-championnats-de-france-2025\/#primaryimage"},"image":{"@id":"https:\/\/dicodusport.fr\/blog\/programme-et-resultats-cyclisme-championnats-de-france-2025\/#primaryimage"},"thumbnailUrl":"https:\/\/dicodusport.fr\/blog\/wp-content\/uploads\/2025\/06\/Programme-et-resultats-Cyclisme-Championnats-de-France-2025.png","datePublished":"2025-06-27T15:15:30+00:00","dateModified":"2025-06-29T16:15:05+00:00","description":"Retrouvez le programme d\u00e9taill\u00e9 ainsi que les r\u00e9sultats des championnats de France de cyclisme sur route 2025, qui se d\u00e9roulent du 26 au 29 juin 2025.","breadcrumb":{"@id":"https:\/\/dicodusport.fr\/blog\/programme-et-resultats-cyclisme-championnats-de-france-2025\/#breadcrumb"},"inLanguage":"fr-FR","potentialAction":[{"@type":"ReadAction","target":["https:\/\/dicodusport.fr\/blog\/programme-et-resultats-cyclisme-championnats-de-france-2025\/"]}]},{"@type":"ImageObject","inLanguage":"fr-FR","@id":"https:\/\/dicodusport.fr\/blog\/programme-et-resultats-cyclisme-championnats-de-france-2025\/#primaryimage","url":"https:\/\/dicodusport.fr\/blog\/wp-content\/uploads\/2025\/06\/Programme-et-resultats-Cyclisme-Championnats-de-France-2025.png","contentUrl":"https:\/\/dicodusport.fr\/blog\/wp-content\/uploads\/2025\/06\/Programme-et-resultats-Cyclisme-Championnats-de-France-2025.png","width":1200,"height":674,"caption":"Programme et r\u00e9sultats Cyclisme Championnats de France 2025"},{"@type":"BreadcrumbList","@id":"https:\/\/dicodusport.fr\/blog\/programme-et-resultats-cyclisme-championnats-de-france-2025\/#breadcrumb","itemListElement":[{"@type":"ListItem","position":1,"name":"Accueil","item":"https:\/\/dicodusport.fr\/blog\/"},{"@type":"ListItem","position":2,"name":"Cyclisme sur route : Programme et r\u00e9sultats Championnats de France 2025"}]},{"@type":"WebSite","@id":"https:\/\/dicodusport.fr\/blog\/#website","url":"https:\/\/dicodusport.fr\/blog\/","name":"Dicodusport","description":"L&#039;encyclop\u00e9die de l&#039;actualit\u00e9 sportive","publisher":{"@id":"https:\/\/dicodusport.fr\/blog\/#organization"},"potentialAction":[{"@type":"SearchAction","target":{"@type":"EntryPoint","urlTemplate":"https:\/\/dicodusport.fr\/blog\/?s={search_term_string}"},"query-input":{"@type":"PropertyValueSpecification","valueRequired":true,"valueName":"search_term_string"}}],"inLanguage":"fr-FR"},{"@type":"NewsMediaOrganization","@id":"https:\/\/dicodusport.fr\/blog\/#organization","name":"Dicodusport","url":"https:\/\/dicodusport.fr\/blog\/","logo":{"@type":"ImageObject","inLanguage":"fr-FR","@id":"https:\/\/dicodusport.fr\/blog\/#\/schema\/logo\/image\/","url":"https:\/\/dicodusport.fr\/blog\/wp-content\/uploads\/2020\/06\/cropped-LOGO-DICODUSPORT-2020-SANS-FOND-SANS-TEXTE.png","contentUrl":"https:\/\/dicodusport.fr\/blog\/wp-content\/uploads\/2020\/06\/cropped-LOGO-DICODUSPORT-2020-SANS-FOND-SANS-TEXTE.png","width":512,"height":512,"caption":"Dicodusport"},"image":{"@id":"https:\/\/dicodusport.fr\/blog\/#\/schema\/logo\/image\/"},"sameAs":["https:\/\/www.facebook.com\/dicodusport","https:\/\/x.com\/dicodusport","https:\/\/www.instagram.com\/dicodusport\/","https:\/\/www.youtube.com\/channel\/UC7V2KZ5sd3htJivAbA4ZG3w"],"description":"Dicodusport est l'encyclop\u00e9die de l'actualit\u00e9 sportive.","email":"bonjour@dicodusport.fr","legalName":"DICODUSPORT","foundingDate":"2018-01-14","vatID":"FR71834470973","taxID":"83447097300043","numberOfEmployees":{"@type":"QuantitativeValue","minValue":"1","maxValue":"10"}},{"@type":"Person","@id":"https:\/\/dicodusport.fr\/blog\/#\/schema\/person\/6db4bae06b171592211be385b32876a7","name":"Emilien Descampiaux","image":{"@type":"ImageObject","inLanguage":"fr-FR","@id":"https:\/\/dicodusport.fr\/blog\/#\/schema\/person\/image\/","url":"https:\/\/dicodusport.fr\/blog\/wp-content\/uploads\/2021\/05\/Emilien-Descampiaux-150x150.jpg","contentUrl":"https:\/\/dicodusport.fr\/blog\/wp-content\/uploads\/2021\/05\/Emilien-Descampiaux-150x150.jpg","caption":"Emilien Descampiaux"},"description":"Journaliste\/r\u00e9dacteur depuis 2014 - Fan de la classe de Frank Vandenbroucke, je vis cyclisme (et de ses paysages) depuis plus de 20 ans. Je suis tr\u00e8s impliqu\u00e9 sur mes diff\u00e9rents r\u00e9seaux sociaux pour partager ma passion sur le monde et l'Histoire de la bicyclette avec ma voix sur les images en noir et blanc du succ\u00e8s de Rik Van Steenbergen lors du Ronde sur le V\u00e9lodrome de Gand.","sameAs":["https:\/\/www.facebook.com\/groups\/LesRoisDuPeloton","https:\/\/x.com\/https:\/\/twitter.com\/LRoisDuPeloton"],"url":"https:\/\/dicodusport.fr\/blog\/author\/emiliend\/"}]}},"_links":{"self":[{"href":"https:\/\/dicodusport.fr\/blog\/wp-json\/wp\/v2\/posts\/587539","targetHints":{"allow":["GET"]}}],"collection":[{"href":"https:\/\/dicodusport.fr\/blog\/wp-json\/wp\/v2\/posts"}],"about":[{"href":"https:\/\/dicodusport.fr\/blog\/wp-json\/wp\/v2\/types\/post"}],"author":[{"embeddable":true,"href":"https:\/\/dicodusport.fr\/blog\/wp-json\/wp\/v2\/users\/48"}],"replies":[{"embeddable":true,"href":"https:\/\/dicodusport.fr\/blog\/wp-json\/wp\/v2\/comments?post=587539"}],"version-history":[{"count":5,"href":"https:\/\/dicodusport.fr\/blog\/wp-json\/wp\/v2\/posts\/587539\/revisions"}],"predecessor-version":[{"id":591476,"href":"https:\/\/dicodusport.fr\/blog\/wp-json\/wp\/v2\/posts\/587539\/revisions\/591476"}],"wp:featuredmedia":[{"embeddable":true,"href":"https:\/\/dicodusport.fr\/blog\/wp-json\/wp\/v2\/media\/589953"}],"wp:attachment":[{"href":"https:\/\/dicodusport.fr\/blog\/wp-json\/wp\/v2\/media?parent=587539"}],"wp:term":[{"taxonomy":"category","embeddable":true,"href":"https:\/\/dicodusport.fr\/blog\/wp-json\/wp\/v2\/categories?post=587539"},{"taxonomy":"post_tag","embeddable":true,"href":"https:\/\/dicodusport.fr\/blog\/wp-json\/wp\/v2\/tags?post=587539"}],"curies":[{"name":"wp","href":"https:\/\/api.w.org\/{rel}","templated":true}]}}