{"id":587656,"date":"2025-06-17T11:52:45","date_gmt":"2025-06-17T09:52:45","guid":{"rendered":"https:\/\/dicodusport.fr\/blog\/?p=587656&#038;preview=true&#038;preview_id=587656"},"modified":"2025-06-17T12:06:00","modified_gmt":"2025-06-17T10:06:00","slug":"transferts-ol-lyon-tente-de-signer-afonso-moreira","status":"publish","type":"post","link":"https:\/\/dicodusport.fr\/blog\/transferts-ol-lyon-tente-de-signer-afonso-moreira\/","title":{"rendered":"Transferts OL : Lyon tente de signer Afonso Moreira"},"content":{"rendered":"<p style=\"text-align: justify;\"><em><strong>TRANSFERTS OL &#8211; Le d\u00e9part de Rayan Cherki vers Manchester City a visiblement lib\u00e9r\u00e9 l\u2019OL. Malgr\u00e9 l\u2019\u00e9p\u00e9e de Damocl\u00e8s de la DNCG, John Textor aurait jet\u00e9 son d\u00e9volu sur Afonso Moreira, l\u2019ailier du Sporting CP.<\/strong><\/em><\/p>\n<ul>\n<li style=\"text-align: justify;\"><strong>\u00c0 ce sujet &#8211; <a href=\"https:\/\/dicodusport.fr\/blog\/transferts-ol-malick-fofana-tres-courtise-lyon-veut-le-pactole-pour-son-transfert\/\">Transferts OL : Malick Fofana tr\u00e8s courtis\u00e9, Lyon veut le pactole pour son transfert<\/a><\/strong><\/li>\n<\/ul>\n<p style=\"text-align: justify;\">Dans quelques jours, l\u2019<strong>OL<\/strong> va \u00eatre fix\u00e9 sur son mercato estival. Le 24 juin, le cas du club rhodanien va \u00eatre examin\u00e9 par le gendarme financier du football fran\u00e7ais, la DNCG. Et ainsi, savoir les marges de man\u0153uvre que le club dirig\u00e9 par <strong>John Textor<\/strong> aura sur l\u2019\u00e9t\u00e9 \u00e0 venir. La vente de <a href=\"https:\/\/dicodusport.fr\/blog\/mercato-lyon-les-details-du-transfert-de-rayan-cherki-a-manchester-city\/\"><strong>Rayan Cherki<\/strong><\/a> \u00e0 <strong>Manchester City<\/strong>, pour 42,5 millions d\u2019euros, a visiblement \u00e9vit\u00e9 quelques sueurs aux Lyonnais. Sans toutefois rassurer totalement. Pourtant, les dirigeants de l\u2019<strong>OL<\/strong> continuent d\u2019\u00e9tudier le march\u00e9.<\/p>\n<div class=\"vlp-link-container vlp-layout-article\"><a href=\"https:\/\/dicodusport.fr\/blog\/mercato-ol-2025-2026-le-tableau-complet-des-transferts-arrivees-et-departs\/\" class=\"vlp-link\" title=\"Mercato OL 2025-2026 : Le tableau complet des transferts, arriv\u00e9es et d\u00e9parts\"><\/a><div class=\"vlp-layout-zone-side\"><div class=\"vlp-block-4 vlp-link-image\"><img loading=\"lazy\" decoding=\"async\" style=\"max-width: 792px;\" width=\"792\" height=\"445\" src=\"https:\/\/dicodusport.fr\/blog\/wp-content\/uploads\/2025\/05\/Mercato-OL-2025-2026-Le-tableau-complet-des-transferts-arrivees-et-departs.png\" class=\"attachment-800x445 size-800x445\" alt=\"Mercato OL 2025-2026 Le tableau complet des transferts, arriv\u00e9es et d\u00e9parts\" srcset=\"https:\/\/dicodusport.fr\/blog\/wp-content\/uploads\/2025\/05\/Mercato-OL-2025-2026-Le-tableau-complet-des-transferts-arrivees-et-departs.png 1200w, https:\/\/dicodusport.fr\/blog\/wp-content\/uploads\/2025\/05\/Mercato-OL-2025-2026-Le-tableau-complet-des-transferts-arrivees-et-departs-300x169.png 300w, https:\/\/dicodusport.fr\/blog\/wp-content\/uploads\/2025\/05\/Mercato-OL-2025-2026-Le-tableau-complet-des-transferts-arrivees-et-departs-1024x575.png 1024w, https:\/\/dicodusport.fr\/blog\/wp-content\/uploads\/2025\/05\/Mercato-OL-2025-2026-Le-tableau-complet-des-transferts-arrivees-et-departs-768x431.png 768w\" sizes=\"auto, (max-width: 792px) 100vw, 792px\" \/><\/div><\/div><div class=\"vlp-layout-zone-main\"><div class=\"vlp-block-0 vlp-link-title\">Mercato OL 2025-2026 : Le tableau complet des transferts, arriv\u00e9es et d\u00e9parts<\/div><div class=\"vlp-block-1 vlp-link-summary\">TRANSFERTS OL - Retrouvez tous les mouvements de l'Olympique Lyonnais pour l'intersaison 2025 en Ligue 1. Arriv\u00e9es, d\u00e9part, pr\u00eats, transferts d\u00e9finitifs, ne ratez rien du mercato estival.\u00a0<\/div><div class=\"vlp-block-2 vlp-link-button\">Lire l'article<\/div><div class=\"vlp-block-3 vlp-link-url\">dicodusport.fr<\/div><\/div><\/div>\n<h2 style=\"text-align: justify;\">L\u2019OL vise le Portugal avec Afonso Moreira<\/h2>\n<p style=\"text-align: justify;\">L\u2019Olympique Lyonnais regarde avec int\u00e9r\u00eat <strong>Afonso Moreira<\/strong>, selon nos confr\u00e8res portugais d\u2019<em>A Bola<\/em>. Lyon aurait d\u00e9j\u00e0 entam\u00e9 les n\u00e9gociations avec l\u2019\u00e9quipe lusitanienne pour s\u2019offrir les services du jeune ailier (20 ans). Sous contrat jusqu\u2019en 2028, Moreira est une piste qui surprend dans le Rh\u00f4ne. En effet, il n\u2019a que tr\u00e8s peu jou\u00e9 cette saison, align\u00e9 surtout avec la r\u00e9serve du Sporting CP. Il n\u2019est apparu qu\u2019\u00e0 trois reprises avec les pros cette saison (un match de championnat, un match de Ligue des champions et un match de Coupe). Pas de quoi r\u00e9ellement convaincre. Afonso Moreira n\u2019aurait donc s\u00fbrement qu\u2019un petit r\u00f4le \u00e0 l\u2019OL, et on imagine mal qu\u2019il devienne titulaire d\u00e8s la saison prochaine sous les ordres de <strong>Paulo Fonseca<\/strong>, m\u00eame s\u2019ils sont tous les deux Portugais.<\/p>\n<p style=\"text-align: justify;\">Sa valeur est estim\u00e9e \u00e0 400\u00a0000 euros, selon le site sp\u00e9cialis\u00e9 <em>Transfermarkt<\/em>. Un montant normalement \u00e0 la port\u00e9e de l\u2019OL. Il faudra toutefois attendre le passage du club devant la DNCG pour que ce dossier avance r\u00e9ellement.<\/p>\n<ul>\n<li style=\"text-align: justify;\"><strong>\u00c0 lire aussi &#8211; <a href=\"https:\/\/dicodusport.fr\/blog\/transferts-ol-lyon-veut-signer-eric-smith\/\">Transferts OL : Lyon veut signer Eric Smith<\/a><\/strong><\/li>\n<\/ul>\n","protected":false},"excerpt":{"rendered":"<p>Le d\u00e9part de Rayan Cherki vers Manchester City a visiblement lib\u00e9r\u00e9 l\u2019OL. Malgr\u00e9 l\u2019\u00e9p\u00e9e de Damocl\u00e8s de la DNCG, John Textor aurait jet\u00e9 son d\u00e9volu sur Afonso Moreira, l\u2019ailier du Sporting CP.<\/p>\n","protected":false},"author":88,"featured_media":587679,"comment_status":"open","ping_status":"closed","sticky":false,"template":"","format":"standard","meta":{"_acf_changed":false,"_daextam_enable_autolinks":"1","footnotes":""},"categories":[2301,47045],"tags":[16878,75,1146,43686],"class_list":["post-587656","post","type-post","status-publish","format-standard","has-post-thumbnail","hentry","category-football","category-ligue-1","tag-breve","tag-football","tag-olympique-lyonnais","tag-transferts-ol"],"acf":[],"yoast_head":"<!-- This site is optimized with the Yoast SEO Premium plugin v26.7 (Yoast SEO v26.7) - https:\/\/yoast.com\/wordpress\/plugins\/seo\/ -->\n<title>Transferts OL : Lyon tente de signer Afonso Moreira<\/title>\n<meta name=\"description\" content=\"TRANSFERTS OL - Malgr\u00e9 l\u2019\u00e9p\u00e9e de Damocl\u00e8s de la DNCG, John Textor aurait jet\u00e9 son d\u00e9volu sur Afonso Moreira, l\u2019ailier du Sporting CP.\" \/>\n<meta name=\"robots\" content=\"index, follow, max-snippet:-1, max-image-preview:large, max-video-preview:-1\" \/>\n<link rel=\"canonical\" href=\"https:\/\/dicodusport.fr\/blog\/transferts-ol-lyon-tente-de-signer-afonso-moreira\/\" \/>\n<meta property=\"og:locale\" content=\"fr_FR\" \/>\n<meta property=\"og:type\" content=\"article\" \/>\n<meta property=\"og:title\" content=\"Transferts OL : Lyon tente de signer Afonso Moreira\" \/>\n<meta property=\"og:description\" content=\"TRANSFERTS OL - Malgr\u00e9 l\u2019\u00e9p\u00e9e de Damocl\u00e8s de la DNCG, John Textor aurait jet\u00e9 son d\u00e9volu sur Afonso Moreira, l\u2019ailier du Sporting CP.\" \/>\n<meta property=\"og:url\" content=\"https:\/\/dicodusport.fr\/blog\/transferts-ol-lyon-tente-de-signer-afonso-moreira\/\" \/>\n<meta property=\"og:site_name\" content=\"Dicodusport\" \/>\n<meta property=\"article:publisher\" content=\"https:\/\/www.facebook.com\/dicodusport\" \/>\n<meta property=\"article:published_time\" content=\"2025-06-17T09:52:45+00:00\" \/>\n<meta property=\"article:modified_time\" content=\"2025-06-17T10:06:00+00:00\" \/>\n<meta property=\"og:image\" content=\"https:\/\/dicodusport.fr\/blog\/wp-content\/uploads\/2025\/06\/Transferts-OL-Lyon-tente-de-signer-Afonso-Moreira.png\" \/>\n\t<meta property=\"og:image:width\" content=\"1200\" \/>\n\t<meta property=\"og:image:height\" content=\"674\" \/>\n\t<meta property=\"og:image:type\" content=\"image\/png\" \/>\n<meta name=\"author\" content=\"Paul Lalevee\" \/>\n<meta name=\"twitter:card\" content=\"summary_large_image\" \/>\n<meta name=\"twitter:title\" content=\"Transferts OL : Lyon tente de signer Afonso Moreira\" \/>\n<meta name=\"twitter:creator\" content=\"@dicodusport\" \/>\n<meta name=\"twitter:site\" content=\"@dicodusport\" \/>\n<script type=\"application\/ld+json\" class=\"yoast-schema-graph\">{\"@context\":\"https:\/\/schema.org\",\"@graph\":[{\"@type\":\"NewsArticle\",\"@id\":\"https:\/\/dicodusport.fr\/blog\/transferts-ol-lyon-tente-de-signer-afonso-moreira\/#article\",\"isPartOf\":{\"@id\":\"https:\/\/dicodusport.fr\/blog\/transferts-ol-lyon-tente-de-signer-afonso-moreira\/\"},\"author\":{\"name\":\"Paul Lalevee\",\"@id\":\"https:\/\/dicodusport.fr\/blog\/#\/schema\/person\/1eaa63dfac40b5e5c47f03a71920c1cd\"},\"headline\":\"Transferts OL : Lyon tente de signer Afonso Moreira\",\"datePublished\":\"2025-06-17T09:52:45+00:00\",\"dateModified\":\"2025-06-17T10:06:00+00:00\",\"mainEntityOfPage\":{\"@id\":\"https:\/\/dicodusport.fr\/blog\/transferts-ol-lyon-tente-de-signer-afonso-moreira\/\"},\"wordCount\":448,\"commentCount\":0,\"publisher\":{\"@id\":\"https:\/\/dicodusport.fr\/blog\/#organization\"},\"image\":{\"@id\":\"https:\/\/dicodusport.fr\/blog\/transferts-ol-lyon-tente-de-signer-afonso-moreira\/#primaryimage\"},\"thumbnailUrl\":\"https:\/\/dicodusport.fr\/blog\/wp-content\/uploads\/2025\/06\/Transferts-OL-Lyon-tente-de-signer-Afonso-Moreira.png\",\"keywords\":[\"br\u00e8ve\",\"Football\",\"Olympique lyonnais\",\"Transferts OL\"],\"articleSection\":[\"Football\",\"Ligue 1\"],\"inLanguage\":\"fr-FR\",\"potentialAction\":[{\"@type\":\"CommentAction\",\"name\":\"Comment\",\"target\":[\"https:\/\/dicodusport.fr\/blog\/transferts-ol-lyon-tente-de-signer-afonso-moreira\/#respond\"]}],\"copyrightYear\":\"2025\",\"copyrightHolder\":{\"@id\":\"https:\/\/dicodusport.fr\/blog\/#organization\"}},{\"@type\":\"WebPage\",\"@id\":\"https:\/\/dicodusport.fr\/blog\/transferts-ol-lyon-tente-de-signer-afonso-moreira\/\",\"url\":\"https:\/\/dicodusport.fr\/blog\/transferts-ol-lyon-tente-de-signer-afonso-moreira\/\",\"name\":\"Transferts OL : Lyon tente de signer Afonso Moreira\",\"isPartOf\":{\"@id\":\"https:\/\/dicodusport.fr\/blog\/#website\"},\"primaryImageOfPage\":{\"@id\":\"https:\/\/dicodusport.fr\/blog\/transferts-ol-lyon-tente-de-signer-afonso-moreira\/#primaryimage\"},\"image\":{\"@id\":\"https:\/\/dicodusport.fr\/blog\/transferts-ol-lyon-tente-de-signer-afonso-moreira\/#primaryimage\"},\"thumbnailUrl\":\"https:\/\/dicodusport.fr\/blog\/wp-content\/uploads\/2025\/06\/Transferts-OL-Lyon-tente-de-signer-Afonso-Moreira.png\",\"datePublished\":\"2025-06-17T09:52:45+00:00\",\"dateModified\":\"2025-06-17T10:06:00+00:00\",\"description\":\"TRANSFERTS OL - Malgr\u00e9 l\u2019\u00e9p\u00e9e de Damocl\u00e8s de la DNCG, John Textor aurait jet\u00e9 son d\u00e9volu sur Afonso Moreira, l\u2019ailier du Sporting CP.\",\"breadcrumb\":{\"@id\":\"https:\/\/dicodusport.fr\/blog\/transferts-ol-lyon-tente-de-signer-afonso-moreira\/#breadcrumb\"},\"inLanguage\":\"fr-FR\",\"potentialAction\":[{\"@type\":\"ReadAction\",\"target\":[\"https:\/\/dicodusport.fr\/blog\/transferts-ol-lyon-tente-de-signer-afonso-moreira\/\"]}]},{\"@type\":\"ImageObject\",\"inLanguage\":\"fr-FR\",\"@id\":\"https:\/\/dicodusport.fr\/blog\/transferts-ol-lyon-tente-de-signer-afonso-moreira\/#primaryimage\",\"url\":\"https:\/\/dicodusport.fr\/blog\/wp-content\/uploads\/2025\/06\/Transferts-OL-Lyon-tente-de-signer-Afonso-Moreira.png\",\"contentUrl\":\"https:\/\/dicodusport.fr\/blog\/wp-content\/uploads\/2025\/06\/Transferts-OL-Lyon-tente-de-signer-Afonso-Moreira.png\",\"width\":1200,\"height\":674,\"caption\":\"Transferts OL Lyon tente de signer Afonso Moreira\"},{\"@type\":\"BreadcrumbList\",\"@id\":\"https:\/\/dicodusport.fr\/blog\/transferts-ol-lyon-tente-de-signer-afonso-moreira\/#breadcrumb\",\"itemListElement\":[{\"@type\":\"ListItem\",\"position\":1,\"name\":\"Accueil\",\"item\":\"https:\/\/dicodusport.fr\/blog\/\"},{\"@type\":\"ListItem\",\"position\":2,\"name\":\"Transferts OL : Lyon tente de signer Afonso Moreira\"}]},{\"@type\":\"WebSite\",\"@id\":\"https:\/\/dicodusport.fr\/blog\/#website\",\"url\":\"https:\/\/dicodusport.fr\/blog\/\",\"name\":\"Dicodusport\",\"description\":\"L&#039;encyclop\u00e9die de l&#039;actualit\u00e9 sportive\",\"publisher\":{\"@id\":\"https:\/\/dicodusport.fr\/blog\/#organization\"},\"potentialAction\":[{\"@type\":\"SearchAction\",\"target\":{\"@type\":\"EntryPoint\",\"urlTemplate\":\"https:\/\/dicodusport.fr\/blog\/?s={search_term_string}\"},\"query-input\":{\"@type\":\"PropertyValueSpecification\",\"valueRequired\":true,\"valueName\":\"search_term_string\"}}],\"inLanguage\":\"fr-FR\"},{\"@type\":\"NewsMediaOrganization\",\"@id\":\"https:\/\/dicodusport.fr\/blog\/#organization\",\"name\":\"Dicodusport\",\"url\":\"https:\/\/dicodusport.fr\/blog\/\",\"logo\":{\"@type\":\"ImageObject\",\"inLanguage\":\"fr-FR\",\"@id\":\"https:\/\/dicodusport.fr\/blog\/#\/schema\/logo\/image\/\",\"url\":\"https:\/\/dicodusport.fr\/blog\/wp-content\/uploads\/2020\/06\/cropped-LOGO-DICODUSPORT-2020-SANS-FOND-SANS-TEXTE.png\",\"contentUrl\":\"https:\/\/dicodusport.fr\/blog\/wp-content\/uploads\/2020\/06\/cropped-LOGO-DICODUSPORT-2020-SANS-FOND-SANS-TEXTE.png\",\"width\":512,\"height\":512,\"caption\":\"Dicodusport\"},\"image\":{\"@id\":\"https:\/\/dicodusport.fr\/blog\/#\/schema\/logo\/image\/\"},\"sameAs\":[\"https:\/\/www.facebook.com\/dicodusport\",\"https:\/\/x.com\/dicodusport\",\"https:\/\/www.instagram.com\/dicodusport\/\",\"https:\/\/www.youtube.com\/channel\/UC7V2KZ5sd3htJivAbA4ZG3w\"],\"description\":\"Dicodusport est l'encyclop\u00e9die de l'actualit\u00e9 sportive.\",\"email\":\"bonjour@dicodusport.fr\",\"legalName\":\"DICODUSPORT\",\"foundingDate\":\"2018-01-14\",\"vatID\":\"FR71834470973\",\"taxID\":\"83447097300043\",\"numberOfEmployees\":{\"@type\":\"QuantitativeValue\",\"minValue\":\"1\",\"maxValue\":\"10\"}},{\"@type\":\"Person\",\"@id\":\"https:\/\/dicodusport.fr\/blog\/#\/schema\/person\/1eaa63dfac40b5e5c47f03a71920c1cd\",\"name\":\"Paul Lalevee\",\"image\":{\"@type\":\"ImageObject\",\"inLanguage\":\"fr-FR\",\"@id\":\"https:\/\/dicodusport.fr\/blog\/#\/schema\/person\/image\/\",\"url\":\"https:\/\/dicodusport.fr\/blog\/wp-content\/uploads\/2023\/10\/291154246_1690604071293245_3118259335115946499_n-150x150.jpg\",\"contentUrl\":\"https:\/\/dicodusport.fr\/blog\/wp-content\/uploads\/2023\/10\/291154246_1690604071293245_3118259335115946499_n-150x150.jpg\",\"caption\":\"Paul Lalevee\"},\"description\":\"La bulle Disney pendant le Covid, le Tour 2019, la Coupe du monde 2018. Ces trois \u00e9v\u00e9nements majeurs sont ancr\u00e9s dans ma t\u00eate de fan de sport, n\u00e9gativement ou positivement. Passionn\u00e9 de sport depuis l'enfance, j'ai d\u00e9cid\u00e9 de mettre ma passion de l'\u00e9criture au service de cette premi\u00e8re passion.\",\"url\":\"https:\/\/dicodusport.fr\/blog\/author\/paul-lalevee\/\"}]}<\/script>\n<!-- \/ Yoast SEO Premium plugin. -->","yoast_head_json":{"title":"Transferts OL : Lyon tente de signer Afonso Moreira","description":"TRANSFERTS OL - Malgr\u00e9 l\u2019\u00e9p\u00e9e de Damocl\u00e8s de la DNCG, John Textor aurait jet\u00e9 son d\u00e9volu sur Afonso Moreira, l\u2019ailier du Sporting CP.","robots":{"index":"index","follow":"follow","max-snippet":"max-snippet:-1","max-image-preview":"max-image-preview:large","max-video-preview":"max-video-preview:-1"},"canonical":"https:\/\/dicodusport.fr\/blog\/transferts-ol-lyon-tente-de-signer-afonso-moreira\/","og_locale":"fr_FR","og_type":"article","og_title":"Transferts OL : Lyon tente de signer Afonso Moreira","og_description":"TRANSFERTS OL - Malgr\u00e9 l\u2019\u00e9p\u00e9e de Damocl\u00e8s de la DNCG, John Textor aurait jet\u00e9 son d\u00e9volu sur Afonso Moreira, l\u2019ailier du Sporting CP.","og_url":"https:\/\/dicodusport.fr\/blog\/transferts-ol-lyon-tente-de-signer-afonso-moreira\/","og_site_name":"Dicodusport","article_publisher":"https:\/\/www.facebook.com\/dicodusport","article_published_time":"2025-06-17T09:52:45+00:00","article_modified_time":"2025-06-17T10:06:00+00:00","og_image":[{"width":1200,"height":674,"url":"https:\/\/dicodusport.fr\/blog\/wp-content\/uploads\/2025\/06\/Transferts-OL-Lyon-tente-de-signer-Afonso-Moreira.png","type":"image\/png"}],"author":"Paul Lalevee","twitter_card":"summary_large_image","twitter_title":"Transferts OL : Lyon tente de signer Afonso Moreira","twitter_creator":"@dicodusport","twitter_site":"@dicodusport","schema":{"@context":"https:\/\/schema.org","@graph":[{"@type":"NewsArticle","@id":"https:\/\/dicodusport.fr\/blog\/transferts-ol-lyon-tente-de-signer-afonso-moreira\/#article","isPartOf":{"@id":"https:\/\/dicodusport.fr\/blog\/transferts-ol-lyon-tente-de-signer-afonso-moreira\/"},"author":{"name":"Paul Lalevee","@id":"https:\/\/dicodusport.fr\/blog\/#\/schema\/person\/1eaa63dfac40b5e5c47f03a71920c1cd"},"headline":"Transferts OL : Lyon tente de signer Afonso Moreira","datePublished":"2025-06-17T09:52:45+00:00","dateModified":"2025-06-17T10:06:00+00:00","mainEntityOfPage":{"@id":"https:\/\/dicodusport.fr\/blog\/transferts-ol-lyon-tente-de-signer-afonso-moreira\/"},"wordCount":448,"commentCount":0,"publisher":{"@id":"https:\/\/dicodusport.fr\/blog\/#organization"},"image":{"@id":"https:\/\/dicodusport.fr\/blog\/transferts-ol-lyon-tente-de-signer-afonso-moreira\/#primaryimage"},"thumbnailUrl":"https:\/\/dicodusport.fr\/blog\/wp-content\/uploads\/2025\/06\/Transferts-OL-Lyon-tente-de-signer-Afonso-Moreira.png","keywords":["br\u00e8ve","Football","Olympique lyonnais","Transferts OL"],"articleSection":["Football","Ligue 1"],"inLanguage":"fr-FR","potentialAction":[{"@type":"CommentAction","name":"Comment","target":["https:\/\/dicodusport.fr\/blog\/transferts-ol-lyon-tente-de-signer-afonso-moreira\/#respond"]}],"copyrightYear":"2025","copyrightHolder":{"@id":"https:\/\/dicodusport.fr\/blog\/#organization"}},{"@type":"WebPage","@id":"https:\/\/dicodusport.fr\/blog\/transferts-ol-lyon-tente-de-signer-afonso-moreira\/","url":"https:\/\/dicodusport.fr\/blog\/transferts-ol-lyon-tente-de-signer-afonso-moreira\/","name":"Transferts OL : Lyon tente de signer Afonso Moreira","isPartOf":{"@id":"https:\/\/dicodusport.fr\/blog\/#website"},"primaryImageOfPage":{"@id":"https:\/\/dicodusport.fr\/blog\/transferts-ol-lyon-tente-de-signer-afonso-moreira\/#primaryimage"},"image":{"@id":"https:\/\/dicodusport.fr\/blog\/transferts-ol-lyon-tente-de-signer-afonso-moreira\/#primaryimage"},"thumbnailUrl":"https:\/\/dicodusport.fr\/blog\/wp-content\/uploads\/2025\/06\/Transferts-OL-Lyon-tente-de-signer-Afonso-Moreira.png","datePublished":"2025-06-17T09:52:45+00:00","dateModified":"2025-06-17T10:06:00+00:00","description":"TRANSFERTS OL - Malgr\u00e9 l\u2019\u00e9p\u00e9e de Damocl\u00e8s de la DNCG, John Textor aurait jet\u00e9 son d\u00e9volu sur Afonso Moreira, l\u2019ailier du Sporting CP.","breadcrumb":{"@id":"https:\/\/dicodusport.fr\/blog\/transferts-ol-lyon-tente-de-signer-afonso-moreira\/#breadcrumb"},"inLanguage":"fr-FR","potentialAction":[{"@type":"ReadAction","target":["https:\/\/dicodusport.fr\/blog\/transferts-ol-lyon-tente-de-signer-afonso-moreira\/"]}]},{"@type":"ImageObject","inLanguage":"fr-FR","@id":"https:\/\/dicodusport.fr\/blog\/transferts-ol-lyon-tente-de-signer-afonso-moreira\/#primaryimage","url":"https:\/\/dicodusport.fr\/blog\/wp-content\/uploads\/2025\/06\/Transferts-OL-Lyon-tente-de-signer-Afonso-Moreira.png","contentUrl":"https:\/\/dicodusport.fr\/blog\/wp-content\/uploads\/2025\/06\/Transferts-OL-Lyon-tente-de-signer-Afonso-Moreira.png","width":1200,"height":674,"caption":"Transferts OL Lyon tente de signer Afonso Moreira"},{"@type":"BreadcrumbList","@id":"https:\/\/dicodusport.fr\/blog\/transferts-ol-lyon-tente-de-signer-afonso-moreira\/#breadcrumb","itemListElement":[{"@type":"ListItem","position":1,"name":"Accueil","item":"https:\/\/dicodusport.fr\/blog\/"},{"@type":"ListItem","position":2,"name":"Transferts OL : Lyon tente de signer Afonso Moreira"}]},{"@type":"WebSite","@id":"https:\/\/dicodusport.fr\/blog\/#website","url":"https:\/\/dicodusport.fr\/blog\/","name":"Dicodusport","description":"L&#039;encyclop\u00e9die de l&#039;actualit\u00e9 sportive","publisher":{"@id":"https:\/\/dicodusport.fr\/blog\/#organization"},"potentialAction":[{"@type":"SearchAction","target":{"@type":"EntryPoint","urlTemplate":"https:\/\/dicodusport.fr\/blog\/?s={search_term_string}"},"query-input":{"@type":"PropertyValueSpecification","valueRequired":true,"valueName":"search_term_string"}}],"inLanguage":"fr-FR"},{"@type":"NewsMediaOrganization","@id":"https:\/\/dicodusport.fr\/blog\/#organization","name":"Dicodusport","url":"https:\/\/dicodusport.fr\/blog\/","logo":{"@type":"ImageObject","inLanguage":"fr-FR","@id":"https:\/\/dicodusport.fr\/blog\/#\/schema\/logo\/image\/","url":"https:\/\/dicodusport.fr\/blog\/wp-content\/uploads\/2020\/06\/cropped-LOGO-DICODUSPORT-2020-SANS-FOND-SANS-TEXTE.png","contentUrl":"https:\/\/dicodusport.fr\/blog\/wp-content\/uploads\/2020\/06\/cropped-LOGO-DICODUSPORT-2020-SANS-FOND-SANS-TEXTE.png","width":512,"height":512,"caption":"Dicodusport"},"image":{"@id":"https:\/\/dicodusport.fr\/blog\/#\/schema\/logo\/image\/"},"sameAs":["https:\/\/www.facebook.com\/dicodusport","https:\/\/x.com\/dicodusport","https:\/\/www.instagram.com\/dicodusport\/","https:\/\/www.youtube.com\/channel\/UC7V2KZ5sd3htJivAbA4ZG3w"],"description":"Dicodusport est l'encyclop\u00e9die de l'actualit\u00e9 sportive.","email":"bonjour@dicodusport.fr","legalName":"DICODUSPORT","foundingDate":"2018-01-14","vatID":"FR71834470973","taxID":"83447097300043","numberOfEmployees":{"@type":"QuantitativeValue","minValue":"1","maxValue":"10"}},{"@type":"Person","@id":"https:\/\/dicodusport.fr\/blog\/#\/schema\/person\/1eaa63dfac40b5e5c47f03a71920c1cd","name":"Paul Lalevee","image":{"@type":"ImageObject","inLanguage":"fr-FR","@id":"https:\/\/dicodusport.fr\/blog\/#\/schema\/person\/image\/","url":"https:\/\/dicodusport.fr\/blog\/wp-content\/uploads\/2023\/10\/291154246_1690604071293245_3118259335115946499_n-150x150.jpg","contentUrl":"https:\/\/dicodusport.fr\/blog\/wp-content\/uploads\/2023\/10\/291154246_1690604071293245_3118259335115946499_n-150x150.jpg","caption":"Paul Lalevee"},"description":"La bulle Disney pendant le Covid, le Tour 2019, la Coupe du monde 2018. Ces trois \u00e9v\u00e9nements majeurs sont ancr\u00e9s dans ma t\u00eate de fan de sport, n\u00e9gativement ou positivement. Passionn\u00e9 de sport depuis l'enfance, j'ai d\u00e9cid\u00e9 de mettre ma passion de l'\u00e9criture au service de cette premi\u00e8re passion.","url":"https:\/\/dicodusport.fr\/blog\/author\/paul-lalevee\/"}]}},"_links":{"self":[{"href":"https:\/\/dicodusport.fr\/blog\/wp-json\/wp\/v2\/posts\/587656","targetHints":{"allow":["GET"]}}],"collection":[{"href":"https:\/\/dicodusport.fr\/blog\/wp-json\/wp\/v2\/posts"}],"about":[{"href":"https:\/\/dicodusport.fr\/blog\/wp-json\/wp\/v2\/types\/post"}],"author":[{"embeddable":true,"href":"https:\/\/dicodusport.fr\/blog\/wp-json\/wp\/v2\/users\/88"}],"replies":[{"embeddable":true,"href":"https:\/\/dicodusport.fr\/blog\/wp-json\/wp\/v2\/comments?post=587656"}],"version-history":[{"count":5,"href":"https:\/\/dicodusport.fr\/blog\/wp-json\/wp\/v2\/posts\/587656\/revisions"}],"predecessor-version":[{"id":587694,"href":"https:\/\/dicodusport.fr\/blog\/wp-json\/wp\/v2\/posts\/587656\/revisions\/587694"}],"wp:featuredmedia":[{"embeddable":true,"href":"https:\/\/dicodusport.fr\/blog\/wp-json\/wp\/v2\/media\/587679"}],"wp:attachment":[{"href":"https:\/\/dicodusport.fr\/blog\/wp-json\/wp\/v2\/media?parent=587656"}],"wp:term":[{"taxonomy":"category","embeddable":true,"href":"https:\/\/dicodusport.fr\/blog\/wp-json\/wp\/v2\/categories?post=587656"},{"taxonomy":"post_tag","embeddable":true,"href":"https:\/\/dicodusport.fr\/blog\/wp-json\/wp\/v2\/tags?post=587656"}],"curies":[{"name":"wp","href":"https:\/\/api.w.org\/{rel}","templated":true}]}}