{"id":588251,"date":"2025-06-22T14:58:02","date_gmt":"2025-06-22T12:58:02","guid":{"rendered":"https:\/\/dicodusport.fr\/blog\/?p=588251&#038;preview=true&#038;preview_id=588251"},"modified":"2025-06-22T14:59:02","modified_gmt":"2025-06-22T12:59:02","slug":"motogp-italie-2025-horaires-programme-tv-et-resultats-au-mugello","status":"publish","type":"post","link":"https:\/\/dicodusport.fr\/blog\/motogp-italie-2025-horaires-programme-tv-et-resultats-au-mugello\/","title":{"rendered":"MotoGP Italie 2025 : Les r\u00e9sultats complets au Mugello"},"content":{"rendered":"<p style=\"text-align: justify;\"><strong><em>Retrouvez ici le programme TV complet, les horaires des essais, qualifications et course, ainsi que les r\u00e9sultats en temps r\u00e9el du Grand Prix d&rsquo;Italie 2025 de MotoGP.\u00a0<\/em><\/strong><\/p>\n<p style=\"text-align: justify;\">Le <strong>Grand Prix d&rsquo;Italie 2025 de MotoGP<\/strong> se d\u00e9roule du <strong>vendredi 20 au dimanche 22 juin<\/strong>, sur le circuit du Mugello<span class=\"tsp-di\">.<\/span> Soyez incollables avant la 9<sup>\u00e8me<\/sup> manche du <a href=\"https:\/\/dicodusport.fr\/blog\/actualites\/sports-mecaniques\/moto\/motogp-2025\/\"><strong>Championnat du monde de MotoGP 2025<\/strong><\/a>. Ne manquez rien du <strong>Grand Prix d&rsquo;Italie <\/strong>:\u00a0performances des pilotes, analyses et classements actualis\u00e9s. Tout ce qu\u2019il faut savoir pour suivre le <strong>GP d&rsquo;Italie <\/strong>en direct !<\/p>\n<ul style=\"text-align: justify;\">\n<li style=\"text-align: justify;\"><strong>\u00c0 ce sujet &#8211; <a href=\"https:\/\/dicodusport.fr\/blog\/motogp-2025-le-calendrier-complet\/\" rel=\"\">Calendrier MotoGP 2025 : Dates et horaires des Grands Prix<\/a><\/strong><\/li>\n<\/ul>\n<h2 style=\"text-align: justify;\">L&rsquo;Histoire du Grand Prix d&rsquo;Italie de MotoGP<\/h2>\n<p style=\"text-align: justify;\">Le\u00a0<strong>Grand Prix d\u2019Italie<\/strong>\u00a0est une \u00e9tape historique du championnat du monde de MotoGP, qui est inscrite au calendrier depuis 1949. Il est pass\u00e9 par plusieurs circuits, notamment Monza au d\u00e9but et jusqu\u2019en 1968. Ensuite, une alternance entre plusieurs circuits, dont Imola, Misano, le Mugello et Monza, a eu lieu. C\u2019est seulement depuis 1994 que cette manche se d\u00e9roule uniquement au Mugello.<\/p>\n<p style=\"text-align: justify;\">Parmi les pilotes ayant disput\u00e9 une course en MotoGP sur ce circuit,\u00a0<strong>Valentino Rossi<\/strong>\u00a0a gagn\u00e9 sept fois de suite (de 2002 \u00e0 2008). L\u2019Espagnol\u00a0<strong>Jorge Lorenzo<\/strong>\u00a0compte lui 6 victoires au Mugello (2009, 2010, 2012, 2015, 2016 et 2018). Les autres pilotes ne l\u2019ont gagn\u00e9 qu\u2019une seule fois comme\u00a0<strong>Casey Stoner<\/strong>\u00a0(2009),\u00a0<strong>Dani Pedrosa<\/strong>\u00a0(2010),\u00a0<strong>Marc M\u00e1rquez<\/strong>\u00a0(2014),\u00a0<strong>Andrea Dovizioso<\/strong>\u00a0(2017),\u00a0<strong>Danilo Petrucci<\/strong>\u00a0(2019) ou encore\u00a0<strong>Fabio Quartararo<\/strong>\u00a0(2021). \u00c0 noter que l\u2019\u00e9dition 2020 a \u00e9t\u00e9 annul\u00e9e en raison de la pand\u00e9mie mondiale. L\u2019Italien\u00a0<strong>Francesco Bagnaia<\/strong> a remport\u00e9 les trois derni\u00e8res \u00e9ditions sur sa Ducati officielle.<\/p>\n<div class=\"vlp-link-container vlp-layout-article\"><a href=\"https:\/\/dicodusport.fr\/blog\/motogp-italie-2024-le-grand-prix-pour-francesco-bagnaia-intouchable-au-mugello\/\" class=\"vlp-link\" title=\"MotoGP Italie 2024 : Le Grand Prix pour Francesco Bagnaia, intouchable au Mugello\"><\/a><div class=\"vlp-layout-zone-side\"><div class=\"vlp-block-4 vlp-link-image\"><img loading=\"lazy\" decoding=\"async\" style=\"max-width: 792px;\" width=\"792\" height=\"445\" src=\"https:\/\/dicodusport.fr\/blog\/wp-content\/uploads\/2024\/06\/MotoGP-Italie-2024-Le-Grand-Prix-pour-Francesco-Bagnaia-intouchable-au-Mugello-1.png\" class=\"attachment-800x445 size-800x445\" alt=\"MotoGP Italie 2024 Le Grand Prix pour Francesco Bagnaia, intouchable au Mugello\" srcset=\"https:\/\/dicodusport.fr\/blog\/wp-content\/uploads\/2024\/06\/MotoGP-Italie-2024-Le-Grand-Prix-pour-Francesco-Bagnaia-intouchable-au-Mugello-1.png 1200w, https:\/\/dicodusport.fr\/blog\/wp-content\/uploads\/2024\/06\/MotoGP-Italie-2024-Le-Grand-Prix-pour-Francesco-Bagnaia-intouchable-au-Mugello-1-300x169.png 300w, https:\/\/dicodusport.fr\/blog\/wp-content\/uploads\/2024\/06\/MotoGP-Italie-2024-Le-Grand-Prix-pour-Francesco-Bagnaia-intouchable-au-Mugello-1-1024x575.png 1024w, https:\/\/dicodusport.fr\/blog\/wp-content\/uploads\/2024\/06\/MotoGP-Italie-2024-Le-Grand-Prix-pour-Francesco-Bagnaia-intouchable-au-Mugello-1-768x431.png 768w\" sizes=\"auto, (max-width: 792px) 100vw, 792px\" \/><\/div><\/div><div class=\"vlp-layout-zone-main\"><div class=\"vlp-block-0 vlp-link-title\">MotoGP Italie 2024 : Le Grand Prix pour Francesco Bagnaia, intouchable au Mugello<\/div><div class=\"vlp-block-1 vlp-link-summary\">MOTOGP \u2013 GRAND PRIX D'ITALIE 2024 - Auteur d'un nouveau d\u00e9part canon, Francesco Bagnaia a domin\u00e9 de bout en bout son Grand Prix national, et r\u00e9duit encore l'\u00e9cart au Championnat du monde avec Jorge Martin, troisi\u00e8me derri\u00e8re Enea Bastianini.\u00a0<\/div><div class=\"vlp-block-2 vlp-link-button\">Lire l'article<\/div><div class=\"vlp-block-3 vlp-link-url\">dicodusport.fr<\/div><\/div><\/div>\n<h2 style=\"text-align: justify;\">Les sp\u00e9cificit\u00e9s du circuit du Mugello de MotoGP<\/h2>\n<p style=\"text-align: justify;\">Un tour de ce circuit mythique, c\u2019est 5,2 km ! Le\u00a0<strong>circuit du Mugello<\/strong>\u00a0comporte 15 virages, dont 6 \u00e0 gauche et 9 \u00e0 droite. Il est consid\u00e9r\u00e9 comme l\u2019un des meilleurs circuits de sports m\u00e9caniques, technique et vallonn\u00e9. La course se d\u00e9roulera sur 23 tours, soit environ 121 km. La plus longue ligne droite mesure 1 141 m, o\u00f9 les pilotes atteignent g\u00e9n\u00e9ralement les 350 km\/h.<\/p>\n<div id=\"attachment_226490\" style=\"width: 922px\" class=\"wp-caption aligncenter\"><img loading=\"lazy\" decoding=\"async\" aria-describedby=\"caption-attachment-226490\" class=\"size-full wp-image-226490\" src=\"https:\/\/dicodusport.fr\/blog\/wp-content\/uploads\/2022\/05\/MotoGP-Circuit-du-Mugello-GP-Italie.png\" alt=\"MotoGP - Circuit du Mugello - GP Italie\" width=\"912\" height=\"623\" srcset=\"https:\/\/dicodusport.fr\/blog\/wp-content\/uploads\/2022\/05\/MotoGP-Circuit-du-Mugello-GP-Italie.png 912w, https:\/\/dicodusport.fr\/blog\/wp-content\/uploads\/2022\/05\/MotoGP-Circuit-du-Mugello-GP-Italie-300x205.png 300w, https:\/\/dicodusport.fr\/blog\/wp-content\/uploads\/2022\/05\/MotoGP-Circuit-du-Mugello-GP-Italie-768x525.png 768w\" sizes=\"auto, (max-width: 912px) 100vw, 912px\" \/><p id=\"caption-attachment-226490\" class=\"wp-caption-text\">MotoGP &#8211; Circuit du Mugello &#8211; GP Italie<\/p><\/div>\n<p style=\"text-align: justify;\">Du c\u00f4t\u00e9 de la m\u00e9t\u00e9o, une alternance entre soleil et nuages est attendue tout le week-end. Manifestement, les temp\u00e9ratures devraient osciller entre 28 et 32 degr\u00e9s durant les trois jours, mais le circuit devrait rester au sec malgr\u00e9 les fortes chaleurs.<\/p>\n<ul>\n<li style=\"text-align: justify;\"><strong>\u00c0 ce sujet &#8211; <a href=\"https:\/\/dicodusport.fr\/blog\/top-10-des-pilotes-de-motogp-avec-le-plus-de-victoires-en-grand-prix\/\">Top 10 des pilotes de MotoGP avec le plus de victoires en Grand Prix<\/a>\u00a0<\/strong><\/li>\n<\/ul>\n<h2 style=\"text-align: justify;\">MotoGP Grand Prix d&rsquo;Italie 2025 &#8211; Programme TV et horaires<\/h2>\n<table style=\"width: 100%; border-collapse: collapse;\">\n<tbody>\n<tr>\n<td style=\"background-color: #c80502; width: 840px; text-align: center; vertical-align: middle;\" colspan=\"6\"><span style=\"color: #ffffff;\"><strong>VENDREDI 20 JUIN 2025<\/strong><\/span><\/td>\n<\/tr>\n<tr>\n<td style=\"text-align: center; vertical-align: middle; width: 20%; background-color: #000000;\"><span style=\"color: #ffffff; font-size: 0.9em;\"><strong>Horaire<\/strong><\/span><\/td>\n<td style=\"text-align: center; vertical-align: middle; width: 20%; background-color: #000000;\" colspan=\"2\"><span style=\"color: #ffffff;\"><span style=\"font-size: 0.9em;\"><b>\u00c9preuve<\/b><\/span><\/span><\/td>\n<td style=\"text-align: center; vertical-align: middle; width: 20%; background-color: #000000;\"><span style=\"color: #ffffff; font-size: 0.9em;\"><strong>Premier<\/strong><\/span><\/td>\n<td style=\"text-align: center; vertical-align: middle; width: 20%; background-color: #000000;\"><span style=\"color: #ffffff; font-size: 0.9em;\"><strong>Deuxi\u00e8me<\/strong><\/span><\/td>\n<td style=\"text-align: center; vertical-align: middle; width: 20%; background-color: #000000;\"><span style=\"color: #ffffff; font-size: 0.9em;\"><strong>Troisi\u00e8me<\/strong><\/span><\/td>\n<\/tr>\n<tr>\n<td style=\"text-align: center; vertical-align: middle; width: 20%;\"><strong>10H45 &#8211; 11H30\u00a0<\/strong><\/td>\n<td style=\"text-align: center; vertical-align: middle;\" colspan=\"2\"><strong>Essais libres 1<br \/>\n<a href=\"https:\/\/www.motogp.com\/fr\/gp-results\/2025\/ita\/motogp\/fp1\/classification\"><span style=\"font-size: 11.52px;\"><i>Classement<\/i><\/span><\/a><\/strong><\/td>\n<td style=\"text-align: center; vertical-align: middle; width: 20%;\"><span style=\"font-size: 0.9em;\"><strong><img loading=\"lazy\" decoding=\"async\" class=\"alignnone wp-image-559855\" src=\"https:\/\/dicodusport.fr\/blog\/wp-content\/uploads\/2024\/01\/Aprilia-Racing-2025.webp\" alt=\"\" width=\"45\" height=\"30\" \/><br \/>\n\ud83c\uddee\ud83c\uddf9 MARCO BEZZECCHI<br \/>\n<\/strong><span style=\"font-size: 0.8em;\">APRILIA RACING<br \/>\n<strong><em>1:46.199<\/em><\/strong><\/span><\/span><\/td>\n<td style=\"text-align: center; vertical-align: middle; width: 20%;\"><span style=\"font-size: 0.9em;\"><strong><img loading=\"lazy\" decoding=\"async\" class=\"alignnone wp-image-559860\" src=\"https:\/\/dicodusport.fr\/blog\/wp-content\/uploads\/2024\/01\/Red-Bull-KTM-Factory-Racing-2025.webp\" alt=\"\" width=\"45\" height=\"30\" \/><br \/>\n\ud83c\uddea\ud83c\uddf8 PEDRO ACOSTA<br style=\"font-size: 14.4px;\" \/><\/strong><span style=\"font-size: 0.8em;\">RED BULL KTM FACTORY RACING<br \/>\n<strong><em>+0.000<\/em><\/strong><\/span><\/span><\/td>\n<td style=\"text-align: center; vertical-align: middle; width: 20%;\"><span style=\"font-size: 0.9em;\"><strong><img loading=\"lazy\" decoding=\"async\" class=\"alignnone wp-image-559860\" src=\"https:\/\/dicodusport.fr\/blog\/wp-content\/uploads\/2024\/01\/Red-Bull-KTM-Factory-Racing-2025.webp\" alt=\"\" width=\"45\" height=\"30\" \/><br \/>\n\ud83c\uddff\ud83c\udde6 BRAD BINDER<br \/>\n<\/strong><span style=\"font-size: 0.8em;\">RED BULL KTM FACTORY RACING<br \/>\n<strong><em>+0.053<\/em><\/strong><br \/>\n<\/span><\/span><\/td>\n<\/tr>\n<tr>\n<td style=\"text-align: center; vertical-align: middle; width: 20%;\"><strong>15H00 &#8211; 16H00<\/strong><\/td>\n<td style=\"text-align: center; vertical-align: middle;\" colspan=\"2\"><strong>Essais libres 2<br \/>\n<a href=\"https:\/\/www.motogp.com\/fr\/gp-results\/2025\/ita\/motogp\/pr\/classification\"><span style=\"font-size: 11.52px;\"><i>Classement<\/i><\/span><\/a><br \/>\n<\/strong><\/td>\n<td style=\"text-align: center; vertical-align: middle; width: 20%;\"><span style=\"font-size: 0.9em;\"><strong><img loading=\"lazy\" decoding=\"async\" class=\"alignnone wp-image-559863\" src=\"https:\/\/dicodusport.fr\/blog\/wp-content\/uploads\/2024\/01\/Red-Bull-KTM-Tech3-2025.webp\" alt=\"\" width=\"45\" height=\"30\" \/><br \/>\n\ud83c\uddea\ud83c\uddf8 MAVERICK VINALES<br \/>\n<\/strong><span style=\"font-size: 0.8em;\">RED BULL KTM TECH3<br \/>\n<strong><em>1:44.634<\/em><\/strong><\/span><\/span><\/td>\n<td style=\"text-align: center; vertical-align: middle; width: 20%;\"><span style=\"font-size: 0.9em;\"><strong><img loading=\"lazy\" decoding=\"async\" class=\"alignnone wp-image-559856\" src=\"https:\/\/dicodusport.fr\/blog\/wp-content\/uploads\/2024\/01\/Ducati-Lenovo-Team-2025.webp\" alt=\"\" width=\"45\" height=\"30\" \/><br \/>\n\ud83c\uddee\ud83c\uddf9 FRANCESCO BAGNAIA<br \/>\n<\/strong><span style=\"font-size: 0.8em;\">DUCATI LENOVO TEAM<br \/>\n<strong><em>+0.110<\/em><\/strong><br \/>\n<\/span><\/span><\/td>\n<td style=\"text-align: center; vertical-align: middle; width: 20%;\"><span style=\"font-size: 0.9em;\"><strong><img loading=\"lazy\" decoding=\"async\" class=\"alignnone wp-image-559856\" src=\"https:\/\/dicodusport.fr\/blog\/wp-content\/uploads\/2024\/01\/Ducati-Lenovo-Team-2025.webp\" alt=\"\" width=\"45\" height=\"30\" \/><br \/>\n\ud83c\uddea\ud83c\uddf8 MARC MARQUEZ<br \/>\n<\/strong><span style=\"font-size: 0.8em;\">DUCATI LENOVO TEAM<br \/>\n<strong><em>+0.146<\/em><\/strong><br \/>\n<\/span><\/span><\/td>\n<\/tr>\n<tr>\n<td style=\"background-color: #c80502; width: 800px; text-align: center; vertical-align: middle;\" colspan=\"6\"><span style=\"color: #ffffff;\"><strong>SAMEDI 21 JUIN 2025<\/strong><\/span><\/td>\n<\/tr>\n<tr>\n<td style=\"text-align: center; vertical-align: middle; width: 20%; background-color: #000000;\"><span style=\"color: #ffffff; font-size: 0.9em;\"><strong>Horaire<\/strong><\/span><\/td>\n<td style=\"text-align: center; vertical-align: middle; width: 20%; background-color: #000000;\" colspan=\"2\"><span style=\"color: #ffffff;\"><span style=\"font-size: 0.9em;\"><b>\u00c9preuve<\/b><\/span><\/span><\/td>\n<td style=\"text-align: center; vertical-align: middle; width: 20%; background-color: #000000;\"><span style=\"color: #ffffff; font-size: 0.9em;\"><strong>Premier<\/strong><\/span><\/td>\n<td style=\"text-align: center; vertical-align: middle; width: 20%; background-color: #000000;\"><span style=\"color: #ffffff; font-size: 0.9em;\"><strong>Deuxi\u00e8me<\/strong><\/span><\/td>\n<td style=\"text-align: center; vertical-align: middle; width: 20%; background-color: #000000;\"><span style=\"color: #ffffff; font-size: 0.9em;\"><strong>Troisi\u00e8me<\/strong><\/span><\/td>\n<\/tr>\n<tr>\n<td style=\"text-align: center; vertical-align: middle; width: 20%;\"><strong>10H10 &#8211; 10H40<\/strong><\/td>\n<td style=\"text-align: center; vertical-align: middle; width: 20%;\" colspan=\"2\"><strong>Essais libres 3<br \/>\n<a href=\"https:\/\/www.motogp.com\/fr\/gp-results\/2025\/ita\/motogp\/fp2\/classification\"><span style=\"font-size: 11.52px;\"><i>Classement<\/i><\/span><\/a><br \/>\n<\/strong><\/td>\n<td style=\"text-align: center; vertical-align: middle; width: 20%;\"><span style=\"font-size: 0.9em;\"><strong><img loading=\"lazy\" decoding=\"async\" class=\"alignnone wp-image-559863\" src=\"https:\/\/dicodusport.fr\/blog\/wp-content\/uploads\/2024\/01\/Red-Bull-KTM-Tech3-2025.webp\" alt=\"\" width=\"45\" height=\"30\" \/><br \/>\n\ud83c\uddea\ud83c\uddf8 MAVERICK VINALES<br \/>\n<\/strong><span style=\"font-size: 0.8em;\">RED BULL KTM TECH3<br \/>\n<strong><em>1:45.742<\/em><\/strong><\/span><\/span><\/td>\n<td style=\"text-align: center; vertical-align: middle; width: 20%;\"><span style=\"font-size: 0.9em;\"><strong><img loading=\"lazy\" decoding=\"async\" class=\"alignnone wp-image-559856\" src=\"https:\/\/dicodusport.fr\/blog\/wp-content\/uploads\/2024\/01\/Ducati-Lenovo-Team-2025.webp\" alt=\"\" width=\"45\" height=\"30\" \/><br \/>\n\ud83c\uddea\ud83c\uddf8 MARC MARQUEZ<br \/>\n<\/strong><span style=\"font-size: 0.8em;\">DUCATI LENOVO TEAM<br \/>\n<strong><em>+0.016<\/em><\/strong><\/span><\/span><\/td>\n<td style=\"text-align: center; vertical-align: middle; width: 20%;\"><span style=\"font-size: 0.9em;\"><strong><img loading=\"lazy\" decoding=\"async\" class=\"alignnone wp-image-559865\" src=\"https:\/\/dicodusport.fr\/blog\/wp-content\/uploads\/2024\/01\/Monster-Energy-Yamaha-2025.webp\" alt=\"\" width=\"45\" height=\"30\" \/><br \/>\n\ud83c\uddeb\ud83c\uddf7 FABIO QUARTARARO<strong style=\"font-size: 14.4px;\"><br style=\"font-size: 14.4px;\" \/><\/strong><\/strong><span style=\"font-size: 0.8em;\">MONSTER ENERGY YAMAHA<br \/>\n<strong><em>+0.104<\/em><\/strong><br \/>\n<\/span><\/span><\/td>\n<\/tr>\n<tr>\n<td style=\"text-align: center; vertical-align: middle; width: 20%;\"><strong>10H50 &#8211; 11<\/strong><strong>H05<\/strong><\/td>\n<td style=\"text-align: center; vertical-align: middle;\" colspan=\"2\"><strong>Qualifications 1<br \/>\n<a href=\"https:\/\/www.motogp.com\/fr\/gp-results\/2025\/ita\/motogp\/q1\/classification\"><span style=\"font-size: 11.52px;\"><i>Classement<\/i><\/span><\/a><br \/>\n<\/strong><\/td>\n<td style=\"text-align: center; vertical-align: middle; width: 20%;\"><span style=\"font-size: 0.9em;\"><strong><img loading=\"lazy\" decoding=\"async\" class=\"alignnone wp-image-559857\" src=\"https:\/\/dicodusport.fr\/blog\/wp-content\/uploads\/2024\/01\/BK8-Gresini-Racing-2025.webp\" alt=\"\" width=\"45\" height=\"30\" \/><br \/>\n\ud83c\uddea\ud83c\uddf8 FERMIN ALDEGUER<br \/>\n<\/strong><span style=\"font-size: 0.8em;\">BK8 GRESINI RACING<br \/>\n<strong><em>1:44.894<\/em><\/strong><br \/>\n<\/span><\/span><\/td>\n<td style=\"text-align: center; vertical-align: middle; width: 20%;\"><span style=\"font-size: 0.9em;\"><strong><img loading=\"lazy\" decoding=\"async\" class=\"alignnone wp-image-559864\" src=\"https:\/\/dicodusport.fr\/blog\/wp-content\/uploads\/2024\/01\/Trackhouse-MotoGP-Team-2025.webp\" alt=\"\" width=\"45\" height=\"30\" \/><br \/>\n\ud83c\uddea\ud83c\uddf8 RAUL FERNANDEZ<br \/>\n<\/strong><span style=\"font-size: 0.8em;\">TRACKHOUSE MOTOGP TEAM<br \/>\n<strong><em>+0.243<\/em><\/strong><br \/>\n<\/span><\/span><\/td>\n<td style=\"text-align: center; vertical-align: middle; width: 20%;\"><strong><span style=\"font-size: 0.9em;\"><img loading=\"lazy\" decoding=\"async\" class=\"alignnone wp-image-559859\" src=\"https:\/\/dicodusport.fr\/blog\/wp-content\/uploads\/2024\/01\/Prima-Pramac-Yamaha-2025.webp\" alt=\"\" width=\"45\" height=\"30\" \/><br \/>\n\ud83c\udde6\ud83c\uddfa JACK MILLER<br \/>\n<\/span><\/strong><span style=\"font-size: 0.9em;\"><span style=\"font-size: 0.8em;\">PRIMA PRAMAC RACING<br \/>\n<strong><em>+0.257<\/em><\/strong><br \/>\n<\/span><\/span><\/td>\n<\/tr>\n<tr>\n<td style=\"text-align: center; vertical-align: middle; width: 20%;\"><strong>11H15 &#8211; 11H30<\/strong><\/td>\n<td style=\"text-align: center; vertical-align: middle;\" colspan=\"2\"><strong>Qualifications 2<br \/>\n<a title=\"MotoGP Italie 2025 : Marc Marquez rafle une nouvelle pole position\" href=\"https:\/\/dicodusport.fr\/blog\/motogp-italie-2025-marc-marquez-rafle-une-nouvelle-pole-position\/\" rel=\"\"><span style=\"font-size: 11.52px;\"><i>R\u00e9sum\u00e9<\/i><\/span><\/a>\u00a0&#8211;\u00a0<a href=\"https:\/\/www.motogp.com\/fr\/gp-results\/2025\/ita\/motogp\/q2\/classification\"><span style=\"font-size: 11.52px;\"><i>Classement<\/i><\/span><\/a><br \/>\n<\/strong><\/td>\n<td style=\"text-align: center; vertical-align: middle; width: 20%;\"><span style=\"font-size: 0.9em;\"><strong><img loading=\"lazy\" decoding=\"async\" class=\"alignnone wp-image-559856\" src=\"https:\/\/dicodusport.fr\/blog\/wp-content\/uploads\/2024\/01\/Ducati-Lenovo-Team-2025.webp\" alt=\"\" width=\"45\" height=\"30\" \/><br \/>\n\ud83c\uddea\ud83c\uddf8 MARC MARQUEZ<br \/>\n<\/strong><span style=\"font-size: 0.8em;\">DUCATI LENOVO TEAM<br \/>\n<strong><em>1:44.169<\/em><\/strong><\/span><\/span><\/td>\n<td style=\"text-align: center; vertical-align: middle; width: 20%;\"><span style=\"font-size: 0.9em;\"><strong><img loading=\"lazy\" decoding=\"async\" class=\"alignnone wp-image-559856\" src=\"https:\/\/dicodusport.fr\/blog\/wp-content\/uploads\/2024\/01\/Ducati-Lenovo-Team-2025.webp\" alt=\"\" width=\"45\" height=\"30\" \/><br \/>\n\ud83c\uddee\ud83c\uddf9 FRANCESCO BAGNAIA<br \/>\n<\/strong><span style=\"font-size: 0.8em;\">DUCATI LENOVO TEAM<br \/>\n<strong><em>+0.059<\/em><\/strong><\/span><\/span><\/td>\n<td style=\"text-align: center; vertical-align: middle; width: 20%;\"><span style=\"font-size: 0.9em;\"><strong><img loading=\"lazy\" decoding=\"async\" class=\"alignnone wp-image-559857\" src=\"https:\/\/dicodusport.fr\/blog\/wp-content\/uploads\/2024\/01\/BK8-Gresini-Racing-2025.webp\" alt=\"\" width=\"45\" height=\"30\" \/><br \/>\n\ud83c\uddea\ud83c\uddf8 ALEX MARQUEZ<br \/>\n<\/strong><span style=\"font-size: 0.8em;\">BK8 GRESINI RACING<br \/>\n<strong><em>+0.083<\/em><\/strong><br \/>\n<\/span><\/span><\/td>\n<\/tr>\n<tr>\n<td style=\"text-align: center; vertical-align: middle; width: 20%;\"><strong>15H00<\/strong><\/td>\n<td style=\"text-align: center; vertical-align: middle; width: 20%;\" colspan=\"2\"><strong>Course Sprint<br \/>\n<a title=\"MotoGP Italie 2025 : Marc M\u00e1rquez remporte la course sprint sur les terres de Ducati\" href=\"https:\/\/dicodusport.fr\/blog\/motogp-italie-2025-marc-marquez-remporte-la-course-sprint-sur-les-terres-de-ducati\/\" rel=\"\"><span style=\"font-size: 11.52px;\"><i>R\u00e9sum\u00e9<\/i><\/span><\/a>\u00a0&#8211;\u00a0<a title=\"MotoGP GP d\u2019Italie 2025 \u2013 Classement Course sprint au Mugello\" href=\"https:\/\/dicodusport.fr\/blog\/motogp-gp-ditalie-2025-classement-course-sprint-au-mugello\/\" rel=\"\"><span style=\"font-size: 11.52px;\"><i>Classement<\/i><\/span><\/a><br \/>\n<\/strong><\/td>\n<td style=\"text-align: center; vertical-align: middle; width: 20%;\"><span style=\"font-size: 0.9em;\"><strong><img loading=\"lazy\" decoding=\"async\" class=\"alignnone wp-image-559856\" src=\"https:\/\/dicodusport.fr\/blog\/wp-content\/uploads\/2024\/01\/Ducati-Lenovo-Team-2025.webp\" alt=\"\" width=\"45\" height=\"30\" \/><br \/>\n\ud83c\uddea\ud83c\uddf8 MARC MARQUEZ<br \/>\n<\/strong><span style=\"font-size: 0.8em;\">DUCATI LENOVO TEAM<br \/>\n<strong><em>19:31.416<\/em><\/strong><\/span><\/span><\/td>\n<td style=\"text-align: center; vertical-align: middle; width: 20%;\"><span style=\"font-size: 0.9em;\"><strong><img loading=\"lazy\" decoding=\"async\" class=\"alignnone wp-image-559857\" src=\"https:\/\/dicodusport.fr\/blog\/wp-content\/uploads\/2024\/01\/BK8-Gresini-Racing-2025.webp\" alt=\"\" width=\"45\" height=\"30\" \/><br \/>\n\ud83c\uddea\ud83c\uddf8 ALEX MARQUEZ<br \/>\n<\/strong><span style=\"font-size: 0.8em;\">BK8 GRESINI RACING<br \/>\n<strong><em>+1.441<\/em><\/strong><\/span><\/span><\/td>\n<td style=\"text-align: center; vertical-align: middle; width: 20%;\"><span style=\"font-size: 0.9em;\"><strong><img loading=\"lazy\" decoding=\"async\" class=\"alignnone wp-image-559856\" src=\"https:\/\/dicodusport.fr\/blog\/wp-content\/uploads\/2024\/01\/Ducati-Lenovo-Team-2025.webp\" alt=\"\" width=\"45\" height=\"30\" \/><br \/>\n\ud83c\uddee\ud83c\uddf9 FRANCESCO BAGNAIA<br \/>\n<\/strong><span style=\"font-size: 0.8em;\">DUCATI LENOVO TEAM<br \/>\n<strong><em>+2.561<\/em><\/strong><\/span><\/span><\/td>\n<\/tr>\n<tr>\n<td style=\"background-color: #c80502; width: 800px; text-align: center; vertical-align: middle;\" colspan=\"6\"><span style=\"color: #ffffff;\"><strong>DIMANCHE 22 JUIN 2025<\/strong><\/span><\/td>\n<\/tr>\n<tr>\n<td style=\"text-align: center; vertical-align: middle; width: 20%; background-color: #000000;\"><span style=\"color: #ffffff; font-size: 0.9em;\"><strong>Horaire<\/strong><\/span><\/td>\n<td style=\"text-align: center; vertical-align: middle; width: 20%; background-color: #000000;\" colspan=\"2\"><span style=\"color: #ffffff;\"><span style=\"font-size: 0.9em;\"><b>\u00c9preuve<\/b><\/span><\/span><\/td>\n<td style=\"text-align: center; vertical-align: middle; width: 20%; background-color: #000000;\"><span style=\"color: #ffffff; font-size: 0.9em;\"><strong>Premier<\/strong><\/span><\/td>\n<td style=\"text-align: center; vertical-align: middle; width: 20%; background-color: #000000;\"><span style=\"color: #ffffff; font-size: 0.9em;\"><strong>Deuxi\u00e8me<\/strong><\/span><\/td>\n<td style=\"text-align: center; vertical-align: middle; width: 20%; background-color: #000000;\"><span style=\"color: #ffffff; font-size: 0.9em;\"><strong>Troisi\u00e8me<\/strong><\/span><\/td>\n<\/tr>\n<tr>\n<td style=\"text-align: center; vertical-align: middle; width: 20%;\"><strong>9H40 &#8211; 9H50<\/strong><\/td>\n<td style=\"text-align: center; vertical-align: middle;\" colspan=\"2\"><strong>Warm-up<br \/>\n<a href=\"https:\/\/www.motogp.com\/fr\/gp-results\/2025\/ita\/motogp\/wup\/classification\"><span style=\"font-size: 11.52px;\"><i>Classement<\/i><\/span><\/a><br \/>\n<\/strong><\/td>\n<td style=\"text-align: center; vertical-align: middle; width: 20%;\"><span style=\"font-size: 0.9em;\"><strong><img loading=\"lazy\" decoding=\"async\" class=\"alignnone wp-image-559855\" src=\"https:\/\/dicodusport.fr\/blog\/wp-content\/uploads\/2024\/01\/Aprilia-Racing-2025.webp\" alt=\"\" width=\"45\" height=\"30\" \/><br \/>\n\ud83c\uddee\ud83c\uddf9 MARCO BEZZECCHI<br \/>\n<\/strong><span style=\"font-size: 0.8em;\">APRILIA RACING<br \/>\n<strong><em>1:45.857<\/em><\/strong><\/span><\/span><\/td>\n<td style=\"text-align: center; vertical-align: middle; width: 20%;\"><span style=\"font-size: 0.9em;\"><strong><img loading=\"lazy\" decoding=\"async\" class=\"alignnone wp-image-559856\" src=\"https:\/\/dicodusport.fr\/blog\/wp-content\/uploads\/2024\/01\/Ducati-Lenovo-Team-2025.webp\" alt=\"\" width=\"45\" height=\"30\" \/><br \/>\n\ud83c\uddea\ud83c\uddf8 MARC MARQUEZ<br \/>\n<\/strong><span style=\"font-size: 0.8em;\">DUCATI LENOVO TEAM<br \/>\n<strong><em>+0.094<\/em><\/strong><\/span><\/span><\/td>\n<td style=\"text-align: center; vertical-align: middle; width: 20%;\"><span style=\"font-size: 0.9em;\"><strong><img loading=\"lazy\" decoding=\"async\" class=\"alignnone wp-image-559862\" src=\"https:\/\/dicodusport.fr\/blog\/wp-content\/uploads\/2024\/01\/Pertamina-Enduro-VR46-Racing-Team-2025.webp\" alt=\"\" width=\"45\" height=\"30\" \/><br \/>\n\ud83c\uddee\ud83c\uddf9 FABIO DI GIANNANTONIO<br \/>\n<\/strong><span style=\"font-size: 0.8em;\">PERTAMINA ENDURO VR46 RACING TEAM<br \/>\n<strong><em>+0.204<\/em><\/strong><\/span><\/span><\/td>\n<\/tr>\n<tr>\n<td style=\"text-align: center; vertical-align: middle; width: 20%;\"><strong>14H00<\/strong><\/td>\n<td style=\"text-align: center; vertical-align: middle; width: 20%;\" colspan=\"2\"><strong>Grand Prix<br \/>\n<span style=\"font-size: 11.52px;\"><i><a href=\"https:\/\/dicodusport.fr\/blog\/moto-gp-italie-2025-marc-marquez-enchaine-en-remportant-le-grand-prix\/\">R\u00e9sum\u00e9<\/a> &#8211; <a href=\"https:\/\/dicodusport.fr\/blog\/motogp-mugello-classement-complet-et-resultats-du-gp-ditalie-2025\/\">Classement<\/a><\/i><\/span><br \/>\n<\/strong><\/td>\n<td style=\"text-align: center; vertical-align: middle; width: 20%;\"><span style=\"font-size: 0.9em;\"><strong><img loading=\"lazy\" decoding=\"async\" class=\"alignnone wp-image-559856\" src=\"https:\/\/dicodusport.fr\/blog\/wp-content\/uploads\/2024\/01\/Ducati-Lenovo-Team-2025.webp\" alt=\"\" width=\"45\" height=\"30\" \/><br \/>\n\ud83c\uddea\ud83c\uddf8 MARC MARQUEZ<br \/>\n<\/strong><span style=\"font-size: 0.8em;\">DUCATI LENOVO TEAM<br \/>\n<strong><em>41:09.214<\/em><\/strong><\/span><\/span><\/td>\n<td style=\"text-align: center; vertical-align: middle; width: 20%;\"><span style=\"font-size: 0.9em;\"><strong><img loading=\"lazy\" decoding=\"async\" class=\"alignnone wp-image-559857\" src=\"https:\/\/dicodusport.fr\/blog\/wp-content\/uploads\/2024\/01\/BK8-Gresini-Racing-2025.webp\" alt=\"\" width=\"45\" height=\"30\" \/><br \/>\n\ud83c\uddea\ud83c\uddf8 ALEX MARQUEZ<br \/>\n<\/strong><span style=\"font-size: 0.8em;\">BK8 GRESINI RACING<br \/>\n<strong><em>+1.942<\/em><\/strong><\/span><\/span><\/td>\n<td style=\"text-align: center; vertical-align: middle; width: 20%;\"><span style=\"font-size: 0.9em;\"><strong><img loading=\"lazy\" decoding=\"async\" class=\"alignnone wp-image-559862\" src=\"https:\/\/dicodusport.fr\/blog\/wp-content\/uploads\/2024\/01\/Pertamina-Enduro-VR46-Racing-Team-2025.webp\" alt=\"\" width=\"45\" height=\"30\" \/><br \/>\n\ud83c\uddee\ud83c\uddf9 FABIO DI GIANNANTONIO<br \/>\n<\/strong><span style=\"font-size: 0.8em;\">PERTAMINA ENDURO VR46 RACING TEAM<br \/>\n<strong><em>+2.136<\/em><\/strong><\/span><\/span><\/td>\n<\/tr>\n<\/tbody>\n<\/table>\n<h2 style=\"text-align: justify;\">Les enjeux du Grand Prix d&rsquo;Italie de MotoGP<\/h2>\n<p style=\"text-align: justify;\">Cette manche est la neuvi\u00e8me du championnat de monde de MotoGP 2025. Apr\u00e8s huit courses, plusieurs questions ont re\u00e7u des r\u00e9ponses, et notamment concernant l&rsquo;arriv\u00e9e de <strong>Marc M\u00e1rquez<\/strong>\u00a0chez Ducati aux c\u00f4t\u00e9s de <strong>Francesco Bagnaia.<\/strong> Il a remport\u00e9 toutes les courses (sprint + GP) depuis le d\u00e9but de l&rsquo;ann\u00e9e, sauf celles d&rsquo;Austin dans laquelle il a chut\u00e9, d&rsquo;Espagne, de France et de Grande-Bretagne. Le champion du monde en titre, <strong>Jorge Mart\u00edn<\/strong><strong>, <\/strong>est lui parti de chez Pramac Ducati pour Aprilia et a fait sa rentr\u00e9e au Qatar apr\u00e8s avoir subi une fracture de la main droite et du pied gauche. N\u00e9anmoins, l&rsquo;Espagnol a rechut\u00e9 aux \u00c9tats-Unis. <a href=\"https:\/\/dicodusport.fr\/blog\/motogp-france-2025-jorge-martin-pourrait-deja-quitter-aprilia\/\">Son contrat avec Aprilia a m\u00eame \u00e9t\u00e9 r\u00e9sili\u00e9<\/a>. Son avenir est incertain.<\/p>\n<p style=\"text-align: justify;\">De son c\u00f4t\u00e9, <strong>Francesco Bagnaia<\/strong> a donc repris son ancien num\u00e9ro, le 63, et aura \u00e0 c\u0153ur de briller sur un circuit qui lui r\u00e9ussit. N\u00e9anmoins, son co\u00e9quipier lui m\u00e8ne la vie dure. Un autre outsider a \u00e9merg\u00e9 cette saison :<strong> Alex Marquez<\/strong> (Gresini). Le fr\u00e8re de l&rsquo;octuple champion du monde a conquis sa premi\u00e8re victoire en Espagne. Il compte 201 points au classement pilote, soit 32 de moins que son fr\u00e8re qui le m\u00e8ne. Trois rookies ont d\u00e9but\u00e9 dans la cat\u00e9gorie, dont deux pilotes asiatiques. Le Tha\u00eflandais <strong>Somkiat Chantra<\/strong> est pilote chez LCR Honda, l&rsquo;Espagnol <strong>Ferm\u00edn Aldeguer<\/strong> chez Gresini Racing, qui continue d&rsquo;impressionner, et enfin le Japonais <strong>Ai Ogura<\/strong> chez Trackhouse MotoGP Team.<\/p>\n<p style=\"text-align: justify;\">Enfin, deux pilotes fran\u00e7ais sont encore pr\u00e9sents cette ann\u00e9e. <a href=\"https:\/\/dicodusport.fr\/blog\/motogp-2025-lheure-du-rebond-pour-fabio-quartararo\/\"><strong>Fabio Quartararo<\/strong><\/a>, champion du monde 2021, est toujours dans l&rsquo;\u00e9quipe officielle Yamaha. Apr\u00e8s trois ans difficiles, la moto semble avoir fait des progr\u00e8s d&rsquo;apr\u00e8s les derniers r\u00e9sultats. Il a d&rsquo;ailleurs termin\u00e9 deuxi\u00e8me de la course en Espagne apr\u00e8s plus de deux ans sans podium. Il a \u00e9galement r\u00e9alis\u00e9 la pole position en France, \u00e0 domicile, et a failli renouer avec la victoire \u00e0 Silverstone avant de rencontrer un probl\u00e8me m\u00e9canique. Une autre \u00e9curie d&rsquo;usine a rejoint Yamaha, il s&rsquo;agit de <strong>Pramac<\/strong>. L&rsquo;ancienne \u00e9curie motoris\u00e9e par Ducati s&rsquo;est alli\u00e9e au constructeur japonais et emploie deux pilotes exp\u00e9riment\u00e9s : <strong>Jack Miller<\/strong> et <strong>Miguel Oliveira<\/strong>.<\/p>\n<p style=\"text-align: justify;\">L\u2019autre Fran\u00e7ais, <strong>Johann Zarco<\/strong>, entame sa deuxi\u00e8me ann\u00e9e chez LCR Honda et continue de vouloir faire revenir la marque au meilleur niveau. De plus, il a m\u00eame r\u00e9ussi \u00e0 terminer 7\u00e8me puis 6\u00e8me des deux premi\u00e8res courses de la saison. <a href=\"https:\/\/dicodusport.fr\/blog\/motogp-france-2025-johann-zarco-cree-lexploit-et-remporte-le-grand-prix-au-mans\/\">Il a m\u00eame profit\u00e9 de sa capacit\u00e9 \u00e0 exceller sur piste mouill\u00e9e pour remporter le Grand Prix de France<\/a> il y a plus d&rsquo;un mois, historique ! Enfin, <strong>Joan Mir<\/strong> et <strong>Luca Marini<\/strong> sont eux chez Honda HRC Castrol.<\/p>\n<ul>\n<li style=\"text-align: justify;\"><strong>\u00c0 lire aussi &#8211; <a href=\"https:\/\/dicodusport.fr\/blog\/classement-motogp-2025-le-point-sur-le-championnat-du-monde-des-pilotes\/\">MotoGP 2025 : Le classement du championnat du monde des pilotes<\/a><\/strong><\/li>\n<\/ul>\n","protected":false},"excerpt":{"rendered":"<p>Retrouvez ici le programme TV complet, les horaires ainsi que les r\u00e9sultats du Grand Prix d&rsquo;Italie 2025 de MotoGP.\u00a0\u00a0<\/p>\n","protected":false},"author":54,"featured_media":588935,"comment_status":"open","ping_status":"closed","sticky":false,"template":"","format":"standard","meta":{"_acf_changed":false,"_daextam_enable_autolinks":"1","footnotes":""},"categories":[44295,47087],"tags":[16878,16949,10938,16951],"class_list":["post-588251","post","type-post","status-publish","format-standard","has-post-thumbnail","hentry","category-chaine-tv","category-motogp","tag-breve","tag-grand-prix-ditalie-motogp","tag-motogp","tag-motogp-italie"],"acf":[],"yoast_head":"<!-- This site is optimized with the Yoast SEO Premium plugin v26.7 (Yoast SEO v26.7) - https:\/\/yoast.com\/wordpress\/plugins\/seo\/ -->\n<title>MotoGP Italie 2025 : Les r\u00e9sultats complets au Mugello<\/title>\n<meta name=\"description\" content=\"Retrouvez ici le programme TV complet, les horaires ainsi que les r\u00e9sultats du Grand Prix d&#039;Italie 2025 de MotoGP.\u00a0\u00a0\" \/>\n<meta name=\"robots\" content=\"index, follow, max-snippet:-1, max-image-preview:large, max-video-preview:-1\" \/>\n<link rel=\"canonical\" href=\"https:\/\/dicodusport.fr\/blog\/motogp-italie-2025-horaires-programme-tv-et-resultats-au-mugello\/\" \/>\n<meta property=\"og:locale\" content=\"fr_FR\" \/>\n<meta property=\"og:type\" content=\"article\" \/>\n<meta property=\"og:title\" content=\"MotoGP Italie 2025 : Les r\u00e9sultats complets au Mugello\" \/>\n<meta property=\"og:description\" content=\"Retrouvez ici le programme TV complet, les horaires ainsi que les r\u00e9sultats du Grand Prix d&#039;Italie 2025 de MotoGP.\u00a0\u00a0\" \/>\n<meta property=\"og:url\" content=\"https:\/\/dicodusport.fr\/blog\/motogp-italie-2025-horaires-programme-tv-et-resultats-au-mugello\/\" \/>\n<meta property=\"og:site_name\" content=\"Dicodusport\" \/>\n<meta property=\"article:publisher\" content=\"https:\/\/www.facebook.com\/dicodusport\" \/>\n<meta property=\"article:author\" content=\"https:\/\/www.facebook.com\/roxane.lecacher\" \/>\n<meta property=\"article:published_time\" content=\"2025-06-22T12:58:02+00:00\" \/>\n<meta property=\"article:modified_time\" content=\"2025-06-22T12:59:02+00:00\" \/>\n<meta property=\"og:image\" content=\"https:\/\/dicodusport.fr\/blog\/wp-content\/uploads\/2025\/06\/MotoGP-Italie-2025-Marc-Marquez-remporte-la-course-sprint-sur-les-terres-de-Ducati.png\" \/>\n\t<meta property=\"og:image:width\" content=\"1200\" \/>\n\t<meta property=\"og:image:height\" content=\"674\" \/>\n\t<meta property=\"og:image:type\" content=\"image\/png\" \/>\n<meta name=\"author\" content=\"Roxane Lecacher\" \/>\n<meta name=\"twitter:card\" content=\"summary_large_image\" \/>\n<meta name=\"twitter:creator\" content=\"@dicodusport\" \/>\n<meta name=\"twitter:site\" content=\"@dicodusport\" \/>\n<script type=\"application\/ld+json\" class=\"yoast-schema-graph\">{\"@context\":\"https:\/\/schema.org\",\"@graph\":[{\"@type\":\"NewsArticle\",\"@id\":\"https:\/\/dicodusport.fr\/blog\/motogp-italie-2025-horaires-programme-tv-et-resultats-au-mugello\/#article\",\"isPartOf\":{\"@id\":\"https:\/\/dicodusport.fr\/blog\/motogp-italie-2025-horaires-programme-tv-et-resultats-au-mugello\/\"},\"author\":{\"name\":\"Roxane Lecacher\",\"@id\":\"https:\/\/dicodusport.fr\/blog\/#\/schema\/person\/819fb2545dd2715bd7c0580d6d4b411a\"},\"headline\":\"MotoGP Italie 2025 : Les r\u00e9sultats complets au Mugello\",\"datePublished\":\"2025-06-22T12:58:02+00:00\",\"dateModified\":\"2025-06-22T12:59:02+00:00\",\"mainEntityOfPage\":{\"@id\":\"https:\/\/dicodusport.fr\/blog\/motogp-italie-2025-horaires-programme-tv-et-resultats-au-mugello\/\"},\"wordCount\":1236,\"commentCount\":0,\"publisher\":{\"@id\":\"https:\/\/dicodusport.fr\/blog\/#organization\"},\"image\":{\"@id\":\"https:\/\/dicodusport.fr\/blog\/motogp-italie-2025-horaires-programme-tv-et-resultats-au-mugello\/#primaryimage\"},\"thumbnailUrl\":\"https:\/\/dicodusport.fr\/blog\/wp-content\/uploads\/2025\/06\/MotoGP-Italie-2025-Marc-Marquez-remporte-la-course-sprint-sur-les-terres-de-Ducati.png\",\"keywords\":[\"br\u00e8ve\",\"Grand Prix d'Italie MotoGP\",\"MotoGP\",\"MotoGP Italie\"],\"articleSection\":[\"Cha\u00eene TV\",\"MotoGP\"],\"inLanguage\":\"fr-FR\",\"potentialAction\":[{\"@type\":\"CommentAction\",\"name\":\"Comment\",\"target\":[\"https:\/\/dicodusport.fr\/blog\/motogp-italie-2025-horaires-programme-tv-et-resultats-au-mugello\/#respond\"]}],\"copyrightYear\":\"2025\",\"copyrightHolder\":{\"@id\":\"https:\/\/dicodusport.fr\/blog\/#organization\"}},{\"@type\":\"WebPage\",\"@id\":\"https:\/\/dicodusport.fr\/blog\/motogp-italie-2025-horaires-programme-tv-et-resultats-au-mugello\/\",\"url\":\"https:\/\/dicodusport.fr\/blog\/motogp-italie-2025-horaires-programme-tv-et-resultats-au-mugello\/\",\"name\":\"MotoGP Italie 2025 : Les r\u00e9sultats complets au Mugello\",\"isPartOf\":{\"@id\":\"https:\/\/dicodusport.fr\/blog\/#website\"},\"primaryImageOfPage\":{\"@id\":\"https:\/\/dicodusport.fr\/blog\/motogp-italie-2025-horaires-programme-tv-et-resultats-au-mugello\/#primaryimage\"},\"image\":{\"@id\":\"https:\/\/dicodusport.fr\/blog\/motogp-italie-2025-horaires-programme-tv-et-resultats-au-mugello\/#primaryimage\"},\"thumbnailUrl\":\"https:\/\/dicodusport.fr\/blog\/wp-content\/uploads\/2025\/06\/MotoGP-Italie-2025-Marc-Marquez-remporte-la-course-sprint-sur-les-terres-de-Ducati.png\",\"datePublished\":\"2025-06-22T12:58:02+00:00\",\"dateModified\":\"2025-06-22T12:59:02+00:00\",\"description\":\"Retrouvez ici le programme TV complet, les horaires ainsi que les r\u00e9sultats du Grand Prix d'Italie 2025 de MotoGP.\u00a0\u00a0\",\"breadcrumb\":{\"@id\":\"https:\/\/dicodusport.fr\/blog\/motogp-italie-2025-horaires-programme-tv-et-resultats-au-mugello\/#breadcrumb\"},\"inLanguage\":\"fr-FR\",\"potentialAction\":[{\"@type\":\"ReadAction\",\"target\":[\"https:\/\/dicodusport.fr\/blog\/motogp-italie-2025-horaires-programme-tv-et-resultats-au-mugello\/\"]}]},{\"@type\":\"ImageObject\",\"inLanguage\":\"fr-FR\",\"@id\":\"https:\/\/dicodusport.fr\/blog\/motogp-italie-2025-horaires-programme-tv-et-resultats-au-mugello\/#primaryimage\",\"url\":\"https:\/\/dicodusport.fr\/blog\/wp-content\/uploads\/2025\/06\/MotoGP-Italie-2025-Marc-Marquez-remporte-la-course-sprint-sur-les-terres-de-Ducati.png\",\"contentUrl\":\"https:\/\/dicodusport.fr\/blog\/wp-content\/uploads\/2025\/06\/MotoGP-Italie-2025-Marc-Marquez-remporte-la-course-sprint-sur-les-terres-de-Ducati.png\",\"width\":1200,\"height\":674,\"caption\":\"MotoGP Italie 2025 Marc Marquez remporte la course sprint sur les terres de Ducati\"},{\"@type\":\"BreadcrumbList\",\"@id\":\"https:\/\/dicodusport.fr\/blog\/motogp-italie-2025-horaires-programme-tv-et-resultats-au-mugello\/#breadcrumb\",\"itemListElement\":[{\"@type\":\"ListItem\",\"position\":1,\"name\":\"Accueil\",\"item\":\"https:\/\/dicodusport.fr\/blog\/\"},{\"@type\":\"ListItem\",\"position\":2,\"name\":\"MotoGP Italie 2025 : Les r\u00e9sultats complets au Mugello\"}]},{\"@type\":\"WebSite\",\"@id\":\"https:\/\/dicodusport.fr\/blog\/#website\",\"url\":\"https:\/\/dicodusport.fr\/blog\/\",\"name\":\"Dicodusport\",\"description\":\"L&#039;encyclop\u00e9die de l&#039;actualit\u00e9 sportive\",\"publisher\":{\"@id\":\"https:\/\/dicodusport.fr\/blog\/#organization\"},\"potentialAction\":[{\"@type\":\"SearchAction\",\"target\":{\"@type\":\"EntryPoint\",\"urlTemplate\":\"https:\/\/dicodusport.fr\/blog\/?s={search_term_string}\"},\"query-input\":{\"@type\":\"PropertyValueSpecification\",\"valueRequired\":true,\"valueName\":\"search_term_string\"}}],\"inLanguage\":\"fr-FR\"},{\"@type\":\"NewsMediaOrganization\",\"@id\":\"https:\/\/dicodusport.fr\/blog\/#organization\",\"name\":\"Dicodusport\",\"url\":\"https:\/\/dicodusport.fr\/blog\/\",\"logo\":{\"@type\":\"ImageObject\",\"inLanguage\":\"fr-FR\",\"@id\":\"https:\/\/dicodusport.fr\/blog\/#\/schema\/logo\/image\/\",\"url\":\"https:\/\/dicodusport.fr\/blog\/wp-content\/uploads\/2020\/06\/cropped-LOGO-DICODUSPORT-2020-SANS-FOND-SANS-TEXTE.png\",\"contentUrl\":\"https:\/\/dicodusport.fr\/blog\/wp-content\/uploads\/2020\/06\/cropped-LOGO-DICODUSPORT-2020-SANS-FOND-SANS-TEXTE.png\",\"width\":512,\"height\":512,\"caption\":\"Dicodusport\"},\"image\":{\"@id\":\"https:\/\/dicodusport.fr\/blog\/#\/schema\/logo\/image\/\"},\"sameAs\":[\"https:\/\/www.facebook.com\/dicodusport\",\"https:\/\/x.com\/dicodusport\",\"https:\/\/www.instagram.com\/dicodusport\/\",\"https:\/\/www.youtube.com\/channel\/UC7V2KZ5sd3htJivAbA4ZG3w\"],\"description\":\"Dicodusport est l'encyclop\u00e9die de l'actualit\u00e9 sportive.\",\"email\":\"bonjour@dicodusport.fr\",\"legalName\":\"DICODUSPORT\",\"foundingDate\":\"2018-01-14\",\"vatID\":\"FR71834470973\",\"taxID\":\"83447097300043\",\"numberOfEmployees\":{\"@type\":\"QuantitativeValue\",\"minValue\":\"1\",\"maxValue\":\"10\"}},{\"@type\":\"Person\",\"@id\":\"https:\/\/dicodusport.fr\/blog\/#\/schema\/person\/819fb2545dd2715bd7c0580d6d4b411a\",\"name\":\"Roxane Lecacher\",\"image\":{\"@type\":\"ImageObject\",\"inLanguage\":\"fr-FR\",\"@id\":\"https:\/\/dicodusport.fr\/blog\/#\/schema\/person\/image\/\",\"url\":\"https:\/\/dicodusport.fr\/blog\/wp-content\/uploads\/2021\/05\/Roxane-Lecacher-150x150.jpg\",\"contentUrl\":\"https:\/\/dicodusport.fr\/blog\/wp-content\/uploads\/2021\/05\/Roxane-Lecacher-150x150.jpg\",\"caption\":\"Roxane Lecacher\"},\"description\":\"Journaliste\/r\u00e9dactrice depuis janvier 2021 - N\u00e9e quelques jours avant la premi\u00e8re \u00e9toile des Bleus, je baigne dans une famille tr\u00e8s sportive. Je n\u2019ai eu d\u2019autres choix que de me passionner pour le sujet. Pratiquante de l\u2019athl\u00e9tisme depuis toute petite, j\u2019ai aussi un attrait tout particulier pour la Formule 1, le biathlon et le foot. Pendant les grands \u00e9v\u00e9nements, il est impossible de d\u00e9crocher de ma t\u00e9l\u00e9. C\u2019est \u00e0 travers Dicodusport que j\u2019aime d\u00e9sormais vous transmettre mes \u00e9motions et ma passion.\",\"sameAs\":[\"https:\/\/www.facebook.com\/roxane.lecacher\",\"https:\/\/fr.linkedin.com\/in\/roxane-lecacher-23368313b\"],\"url\":\"https:\/\/dicodusport.fr\/blog\/author\/roxanel\/\"}]}<\/script>\n<!-- \/ Yoast SEO Premium plugin. -->","yoast_head_json":{"title":"MotoGP Italie 2025 : Les r\u00e9sultats complets au Mugello","description":"Retrouvez ici le programme TV complet, les horaires ainsi que les r\u00e9sultats du Grand Prix d'Italie 2025 de MotoGP.\u00a0\u00a0","robots":{"index":"index","follow":"follow","max-snippet":"max-snippet:-1","max-image-preview":"max-image-preview:large","max-video-preview":"max-video-preview:-1"},"canonical":"https:\/\/dicodusport.fr\/blog\/motogp-italie-2025-horaires-programme-tv-et-resultats-au-mugello\/","og_locale":"fr_FR","og_type":"article","og_title":"MotoGP Italie 2025 : Les r\u00e9sultats complets au Mugello","og_description":"Retrouvez ici le programme TV complet, les horaires ainsi que les r\u00e9sultats du Grand Prix d'Italie 2025 de MotoGP.\u00a0\u00a0","og_url":"https:\/\/dicodusport.fr\/blog\/motogp-italie-2025-horaires-programme-tv-et-resultats-au-mugello\/","og_site_name":"Dicodusport","article_publisher":"https:\/\/www.facebook.com\/dicodusport","article_author":"https:\/\/www.facebook.com\/roxane.lecacher","article_published_time":"2025-06-22T12:58:02+00:00","article_modified_time":"2025-06-22T12:59:02+00:00","og_image":[{"width":1200,"height":674,"url":"https:\/\/dicodusport.fr\/blog\/wp-content\/uploads\/2025\/06\/MotoGP-Italie-2025-Marc-Marquez-remporte-la-course-sprint-sur-les-terres-de-Ducati.png","type":"image\/png"}],"author":"Roxane Lecacher","twitter_card":"summary_large_image","twitter_creator":"@dicodusport","twitter_site":"@dicodusport","schema":{"@context":"https:\/\/schema.org","@graph":[{"@type":"NewsArticle","@id":"https:\/\/dicodusport.fr\/blog\/motogp-italie-2025-horaires-programme-tv-et-resultats-au-mugello\/#article","isPartOf":{"@id":"https:\/\/dicodusport.fr\/blog\/motogp-italie-2025-horaires-programme-tv-et-resultats-au-mugello\/"},"author":{"name":"Roxane Lecacher","@id":"https:\/\/dicodusport.fr\/blog\/#\/schema\/person\/819fb2545dd2715bd7c0580d6d4b411a"},"headline":"MotoGP Italie 2025 : Les r\u00e9sultats complets au Mugello","datePublished":"2025-06-22T12:58:02+00:00","dateModified":"2025-06-22T12:59:02+00:00","mainEntityOfPage":{"@id":"https:\/\/dicodusport.fr\/blog\/motogp-italie-2025-horaires-programme-tv-et-resultats-au-mugello\/"},"wordCount":1236,"commentCount":0,"publisher":{"@id":"https:\/\/dicodusport.fr\/blog\/#organization"},"image":{"@id":"https:\/\/dicodusport.fr\/blog\/motogp-italie-2025-horaires-programme-tv-et-resultats-au-mugello\/#primaryimage"},"thumbnailUrl":"https:\/\/dicodusport.fr\/blog\/wp-content\/uploads\/2025\/06\/MotoGP-Italie-2025-Marc-Marquez-remporte-la-course-sprint-sur-les-terres-de-Ducati.png","keywords":["br\u00e8ve","Grand Prix d'Italie MotoGP","MotoGP","MotoGP Italie"],"articleSection":["Cha\u00eene TV","MotoGP"],"inLanguage":"fr-FR","potentialAction":[{"@type":"CommentAction","name":"Comment","target":["https:\/\/dicodusport.fr\/blog\/motogp-italie-2025-horaires-programme-tv-et-resultats-au-mugello\/#respond"]}],"copyrightYear":"2025","copyrightHolder":{"@id":"https:\/\/dicodusport.fr\/blog\/#organization"}},{"@type":"WebPage","@id":"https:\/\/dicodusport.fr\/blog\/motogp-italie-2025-horaires-programme-tv-et-resultats-au-mugello\/","url":"https:\/\/dicodusport.fr\/blog\/motogp-italie-2025-horaires-programme-tv-et-resultats-au-mugello\/","name":"MotoGP Italie 2025 : Les r\u00e9sultats complets au Mugello","isPartOf":{"@id":"https:\/\/dicodusport.fr\/blog\/#website"},"primaryImageOfPage":{"@id":"https:\/\/dicodusport.fr\/blog\/motogp-italie-2025-horaires-programme-tv-et-resultats-au-mugello\/#primaryimage"},"image":{"@id":"https:\/\/dicodusport.fr\/blog\/motogp-italie-2025-horaires-programme-tv-et-resultats-au-mugello\/#primaryimage"},"thumbnailUrl":"https:\/\/dicodusport.fr\/blog\/wp-content\/uploads\/2025\/06\/MotoGP-Italie-2025-Marc-Marquez-remporte-la-course-sprint-sur-les-terres-de-Ducati.png","datePublished":"2025-06-22T12:58:02+00:00","dateModified":"2025-06-22T12:59:02+00:00","description":"Retrouvez ici le programme TV complet, les horaires ainsi que les r\u00e9sultats du Grand Prix d'Italie 2025 de MotoGP.\u00a0\u00a0","breadcrumb":{"@id":"https:\/\/dicodusport.fr\/blog\/motogp-italie-2025-horaires-programme-tv-et-resultats-au-mugello\/#breadcrumb"},"inLanguage":"fr-FR","potentialAction":[{"@type":"ReadAction","target":["https:\/\/dicodusport.fr\/blog\/motogp-italie-2025-horaires-programme-tv-et-resultats-au-mugello\/"]}]},{"@type":"ImageObject","inLanguage":"fr-FR","@id":"https:\/\/dicodusport.fr\/blog\/motogp-italie-2025-horaires-programme-tv-et-resultats-au-mugello\/#primaryimage","url":"https:\/\/dicodusport.fr\/blog\/wp-content\/uploads\/2025\/06\/MotoGP-Italie-2025-Marc-Marquez-remporte-la-course-sprint-sur-les-terres-de-Ducati.png","contentUrl":"https:\/\/dicodusport.fr\/blog\/wp-content\/uploads\/2025\/06\/MotoGP-Italie-2025-Marc-Marquez-remporte-la-course-sprint-sur-les-terres-de-Ducati.png","width":1200,"height":674,"caption":"MotoGP Italie 2025 Marc Marquez remporte la course sprint sur les terres de Ducati"},{"@type":"BreadcrumbList","@id":"https:\/\/dicodusport.fr\/blog\/motogp-italie-2025-horaires-programme-tv-et-resultats-au-mugello\/#breadcrumb","itemListElement":[{"@type":"ListItem","position":1,"name":"Accueil","item":"https:\/\/dicodusport.fr\/blog\/"},{"@type":"ListItem","position":2,"name":"MotoGP Italie 2025 : Les r\u00e9sultats complets au Mugello"}]},{"@type":"WebSite","@id":"https:\/\/dicodusport.fr\/blog\/#website","url":"https:\/\/dicodusport.fr\/blog\/","name":"Dicodusport","description":"L&#039;encyclop\u00e9die de l&#039;actualit\u00e9 sportive","publisher":{"@id":"https:\/\/dicodusport.fr\/blog\/#organization"},"potentialAction":[{"@type":"SearchAction","target":{"@type":"EntryPoint","urlTemplate":"https:\/\/dicodusport.fr\/blog\/?s={search_term_string}"},"query-input":{"@type":"PropertyValueSpecification","valueRequired":true,"valueName":"search_term_string"}}],"inLanguage":"fr-FR"},{"@type":"NewsMediaOrganization","@id":"https:\/\/dicodusport.fr\/blog\/#organization","name":"Dicodusport","url":"https:\/\/dicodusport.fr\/blog\/","logo":{"@type":"ImageObject","inLanguage":"fr-FR","@id":"https:\/\/dicodusport.fr\/blog\/#\/schema\/logo\/image\/","url":"https:\/\/dicodusport.fr\/blog\/wp-content\/uploads\/2020\/06\/cropped-LOGO-DICODUSPORT-2020-SANS-FOND-SANS-TEXTE.png","contentUrl":"https:\/\/dicodusport.fr\/blog\/wp-content\/uploads\/2020\/06\/cropped-LOGO-DICODUSPORT-2020-SANS-FOND-SANS-TEXTE.png","width":512,"height":512,"caption":"Dicodusport"},"image":{"@id":"https:\/\/dicodusport.fr\/blog\/#\/schema\/logo\/image\/"},"sameAs":["https:\/\/www.facebook.com\/dicodusport","https:\/\/x.com\/dicodusport","https:\/\/www.instagram.com\/dicodusport\/","https:\/\/www.youtube.com\/channel\/UC7V2KZ5sd3htJivAbA4ZG3w"],"description":"Dicodusport est l'encyclop\u00e9die de l'actualit\u00e9 sportive.","email":"bonjour@dicodusport.fr","legalName":"DICODUSPORT","foundingDate":"2018-01-14","vatID":"FR71834470973","taxID":"83447097300043","numberOfEmployees":{"@type":"QuantitativeValue","minValue":"1","maxValue":"10"}},{"@type":"Person","@id":"https:\/\/dicodusport.fr\/blog\/#\/schema\/person\/819fb2545dd2715bd7c0580d6d4b411a","name":"Roxane Lecacher","image":{"@type":"ImageObject","inLanguage":"fr-FR","@id":"https:\/\/dicodusport.fr\/blog\/#\/schema\/person\/image\/","url":"https:\/\/dicodusport.fr\/blog\/wp-content\/uploads\/2021\/05\/Roxane-Lecacher-150x150.jpg","contentUrl":"https:\/\/dicodusport.fr\/blog\/wp-content\/uploads\/2021\/05\/Roxane-Lecacher-150x150.jpg","caption":"Roxane Lecacher"},"description":"Journaliste\/r\u00e9dactrice depuis janvier 2021 - N\u00e9e quelques jours avant la premi\u00e8re \u00e9toile des Bleus, je baigne dans une famille tr\u00e8s sportive. Je n\u2019ai eu d\u2019autres choix que de me passionner pour le sujet. Pratiquante de l\u2019athl\u00e9tisme depuis toute petite, j\u2019ai aussi un attrait tout particulier pour la Formule 1, le biathlon et le foot. Pendant les grands \u00e9v\u00e9nements, il est impossible de d\u00e9crocher de ma t\u00e9l\u00e9. C\u2019est \u00e0 travers Dicodusport que j\u2019aime d\u00e9sormais vous transmettre mes \u00e9motions et ma passion.","sameAs":["https:\/\/www.facebook.com\/roxane.lecacher","https:\/\/fr.linkedin.com\/in\/roxane-lecacher-23368313b"],"url":"https:\/\/dicodusport.fr\/blog\/author\/roxanel\/"}]}},"_links":{"self":[{"href":"https:\/\/dicodusport.fr\/blog\/wp-json\/wp\/v2\/posts\/588251","targetHints":{"allow":["GET"]}}],"collection":[{"href":"https:\/\/dicodusport.fr\/blog\/wp-json\/wp\/v2\/posts"}],"about":[{"href":"https:\/\/dicodusport.fr\/blog\/wp-json\/wp\/v2\/types\/post"}],"author":[{"embeddable":true,"href":"https:\/\/dicodusport.fr\/blog\/wp-json\/wp\/v2\/users\/54"}],"replies":[{"embeddable":true,"href":"https:\/\/dicodusport.fr\/blog\/wp-json\/wp\/v2\/comments?post=588251"}],"version-history":[{"count":5,"href":"https:\/\/dicodusport.fr\/blog\/wp-json\/wp\/v2\/posts\/588251\/revisions"}],"predecessor-version":[{"id":589299,"href":"https:\/\/dicodusport.fr\/blog\/wp-json\/wp\/v2\/posts\/588251\/revisions\/589299"}],"wp:featuredmedia":[{"embeddable":true,"href":"https:\/\/dicodusport.fr\/blog\/wp-json\/wp\/v2\/media\/588935"}],"wp:attachment":[{"href":"https:\/\/dicodusport.fr\/blog\/wp-json\/wp\/v2\/media?parent=588251"}],"wp:term":[{"taxonomy":"category","embeddable":true,"href":"https:\/\/dicodusport.fr\/blog\/wp-json\/wp\/v2\/categories?post=588251"},{"taxonomy":"post_tag","embeddable":true,"href":"https:\/\/dicodusport.fr\/blog\/wp-json\/wp\/v2\/tags?post=588251"}],"curies":[{"name":"wp","href":"https:\/\/api.w.org\/{rel}","templated":true}]}}