{"id":588310,"date":"2025-06-19T16:51:20","date_gmt":"2025-06-19T14:51:20","guid":{"rendered":"https:\/\/dicodusport.fr\/blog\/?p=588310&#038;preview=true&#038;preview_id=588310"},"modified":"2025-06-19T18:26:09","modified_gmt":"2025-06-19T16:26:09","slug":"tour-de-suisse-2025-oscar-onley-remporte-la-5eme-etape-kevin-vauquelin-en-jaune","status":"publish","type":"post","link":"https:\/\/dicodusport.fr\/blog\/tour-de-suisse-2025-oscar-onley-remporte-la-5eme-etape-kevin-vauquelin-en-jaune\/","title":{"rendered":"Tour de Suisse 2025 : Oscar Onley remporte la 5\u00e8me \u00e9tape, K\u00e9vin Vauquelin en jaune !"},"content":{"rendered":"<p style=\"text-align: justify;\"><strong><em>TOUR DE SUISSE 2025 &#8211; Parti dans les pentes de Castaneda, au sommet duquel \u00e9tait jug\u00e9e l\u2019arriv\u00e9e de cette 5<sup>\u00e8me<\/sup> \u00e9tape, Oscar Onley (Team PicNic PostNL) a su se d\u00e9faire de Jo\u00e3o Almeida (UAE Team Emirates XRG) dans les derniers hectom\u00e8tres pour s\u2019offrir un succ\u00e8s en World Tour. Le Portugais grappille du terrain et remonte dans un classement g\u00e9n\u00e9ral d\u00e9sormais domin\u00e9 par K\u00e9vin Vauquelin (Ark\u00e9a B&amp;B Hotels).<\/em><\/strong><\/p>\n<ul style=\"text-align: justify;\">\n<li><strong>\u00c0 ce sujet \u2013\u00a0<a href=\"https:\/\/dicodusport.fr\/blog\/tour-de-suisse-2025-le-parcours-complet-et-les-profils-des-etapes\/\">Tour de Suisse 2025 : Parcours et Profils<\/a><\/strong><\/li>\n<\/ul>\n<h2 style=\"font-weight: 400; text-align: justify;\"><strong>Aleksandr Vlasov s\u2019incruste dans l\u2019\u00e9chapp\u00e9e<\/strong><\/h2>\n<p style=\"font-weight: 400; text-align: justify;\">Avec 183 kilom\u00e8tres au programme et plus de 3 800 m\u00e8tres de d\u00e9nivel\u00e9 positif, le 5<sup>\u00e8me<\/sup> acte de ce <strong>Tour de Suisse<\/strong> arborait l\u00e9gitimement le statut d\u2019\u00e9tape reine. Une fois le d\u00e9part donn\u00e9 \u00e0 la sortie de <strong>La Punt Chamues-ch<\/strong>, dans le <strong>canton des Grisons<\/strong>, quelques hectom\u00e8tres seulement suffirent pour assister aux premi\u00e8res attaques en t\u00eate de peloton. Premi\u00e8re difficult\u00e9 r\u00e9pertori\u00e9e de la journ\u00e9e, les pentes du <strong>Julierpass<\/strong>(7,3 km \u00e0 6,5 %) ont fait office de s\u00e9lection.<\/p>\n<p style=\"font-weight: 400; text-align: justify;\">D\u2019un groupe de vingt coureurs initialement partis \u00e0 l\u2019avant de la course, ils n\u2019\u00e9taient finalement que cinq \u00e0 franchir, en t\u00eate, le toit de cette 88<sup>e<\/sup> \u00e9dition du <strong>Tour de Suisse<\/strong>. <strong>Pello Bilbao<\/strong> (Bahrain-Victorious), <strong>Neilson Powless<\/strong> (EF Education-EasyPost), <strong>Javier Romo<\/strong> (Movistar Team), <strong>Lorenzo Fortunato<\/strong> (XDS Astana Team) et <strong>Aleksandr Vlasov<\/strong> (Red Bull BORA Hansgrohe) formaient l\u2019\u00e9chapp\u00e9e du jour. Le dernier cit\u00e9 \u00e9tait le mieux plac\u00e9 au classement g\u00e9n\u00e9ral, pointant \u00e0 6 minutes et 42 secondes <strong>du maillot jaune Romain Gr\u00e9goire<\/strong>. Sa pr\u00e9sence en t\u00eate de course \u00e9tait un lourd handicap pour ses quatre acolytes du jour. Vigilant, le peloton n\u2019accorda jamais plus de quatre minutes d\u2019avance aux cinq fuyards.<\/p>\n<h2 style=\"font-weight: 400; text-align: justify;\"><strong>Les favoris s\u2019expliquent dans Castaneda<\/strong><\/h2>\n<p style=\"font-weight: 400; text-align: justify;\">\u00c0 25 km de l\u2019arriv\u00e9e, dans les pentes de la premi\u00e8re des deux ascensions de <strong>Castaneda<\/strong> (4,5 km \u00e0 9,8 %), le tempo dict\u00e9 par les formations <strong>UAE Team Emirates XRG<\/strong> et <strong>Decathlon AG2R La Mondiale<\/strong> \u00e9parpillait le peloton. Le maillot jaune <strong>Romain Gr\u00e9goire<\/strong> en \u00e9tait l\u2019une des principales victimes, d\u00e9croch\u00e9 d\u00e8s les premiers kilom\u00e8tres.<\/p>\n<ul style=\"text-align: justify;\">\n<li><strong>\u00c0 ce sujet \u2013 <a href=\"https:\/\/dicodusport.fr\/blog\/5eme-etape-tour-de-suisse-2025-classement-et-resultats\/\">5\u00e8me \u00e9tape Tour de Suisse 2025 \u2013 Classement et r\u00e9sultats<\/a><\/strong><\/li>\n<\/ul>\n<p style=\"font-weight: 400; text-align: justify;\">Les acc\u00e9l\u00e9rations de <strong>Felix Gall<\/strong> (Decathlon AG2R La Mondiale) puis de <strong>Jo\u00e3o Almeida<\/strong> (UAE Team Emirates XRG) r\u00e9duisaient ce peloton de favoris \u00e0 un groupe sept unit\u00e9s, au sein duquel figurait toujours <strong>K\u00e9vin Vauquelin<\/strong> (Ark\u00e9a B&amp;B Hotels) et <strong>Julian Alaphilippe<\/strong> (Tudor Pro Cycling Team) c\u00f4t\u00e9 fran\u00e7ais. Ensemble, ces sept hommes basculaient dans la descente avec une quinzaine de secondes de retard sur <strong>Pello Bilbao, Aleksandr Vlasov<\/strong> et <strong>Neilson Powless<\/strong>, les trois derniers rescap\u00e9s de l\u2019\u00e9chapp\u00e9e matinale.<\/p>\n<p style=\"font-weight: 400; text-align: justify;\">La descente puis les quelques kilom\u00e8tres de vall\u00e9e s\u00e9parant la seconde ascension de <strong>Castaneda<\/strong>, au sommet de laquelle est jug\u00e9e l\u2019arriv\u00e9e de cette 5<sup>\u00e8me<\/sup> \u00e9tape, permettait \u00e0 plusieurs coureurs attard\u00e9s de revenir sur le groupe de favoris avant le pied de la derni\u00e8re difficult\u00e9 de la journ\u00e9e. Pendant ce temps, le trio de t\u00eate \u00e9tait absorb\u00e9 par ce groupe de favoris. Un peloton d\u2019une vingtaine de coureurs se pr\u00e9sentait, \u00e0 nouveau, au pied de <strong>Castaneda<\/strong>.<\/p>\n<h2 style=\"font-weight: 400; text-align: justify;\"><strong>Oscar Onley et Jo\u00e3o Almeida s\u2019isolent, les Fran\u00e7ais n\u2019abdiquent gu\u00e8re<\/strong><\/h2>\n<p style=\"font-weight: 400; text-align: justify;\">On prend les m\u00eames et on recommence. D\u00e8s les premi\u00e8res rampes de la seconde ascension de <strong>Castaneda<\/strong>, la formation <strong>Decathlon AG2R La Mondiale<\/strong> imprimait un lourd tempo et faisait exploser le groupe. Tr\u00e8s en jambe depuis le d\u00e9but de ce <strong>Tour de Suisse<\/strong>, <strong>Julian Alaphilippe<\/strong> lan\u00e7ait les hostilit\u00e9s en pla\u00e7ant une attaque \u00e0 quatre kilom\u00e8tres de l\u2019arriv\u00e9e. <strong>Oscar Onley<\/strong> (Team PicNic PostNL) suivait sa roue et d\u00e9cramponnait le double champion du monde un kilom\u00e8tre plus loin, avant d\u2019\u00eatre rejoint par <strong>Jo\u00e3o Almeida<\/strong> en t\u00eate de course.<\/p>\n<ul style=\"text-align: justify;\">\n<li><strong>\u00c0 ce sujet \u2013\u00a0<a title=\"Classement g\u00e9n\u00e9ral Tour de Suisse 2025\" href=\"https:\/\/dicodusport.fr\/blog\/classement-general-tour-de-suisse-2025\/\" rel=\"\">Classement g\u00e9n\u00e9ral Tour de Suisse 2025<\/a><\/strong><\/li>\n<\/ul>\n<p style=\"font-weight: 400; text-align: justify;\">Les deux s\u2019isolaient, continuaient \u00e0 creuser l\u2019\u00e9cart et passaient ensemble sous la flamme rouge. Au sprint, <strong>Oscar Onley<\/strong> prenait le meilleur sur le coureur portugais et s\u2019offrait un premier succ\u00e8s en <strong>World Tour<\/strong>. Deuxi\u00e8me, <strong>Jo\u00e3o Almeida<\/strong> r\u00e9alise une tr\u00e8s bonne op\u00e9ration au classement g\u00e9n\u00e9ral. Comme la veille, il reprend plus d\u2019une minute au maillot jaune d\u00e9sormais port\u00e9 par <strong>K\u00e9vin Vauquelin<\/strong>. Le natif de <strong>Bayeux<\/strong> a profit\u00e9 de la d\u00e9faillance de <strong>Romain Gr\u00e9goire<\/strong> pour prendre les r\u00eanes du classement g\u00e9n\u00e9ral de ce <strong>Tour de Suisse<\/strong>. Il devance <strong>Julian Alaphilippe <\/strong>de 29 secondes et <strong>Jo\u00e3o Almeida<\/strong> de 39 secondes.<\/p>\n<p style=\"font-weight: 400; text-align: justify;\">\u00c0 trois jours de l\u2019arriv\u00e9e et du contre-la-montre final, la semaine helv\u00e9tique est toujours domin\u00e9e par un coureur fran\u00e7ais, mais la menace <strong>Jo\u00e3o Almeida<\/strong> n\u2019a jamais \u00e9t\u00e9 aussi forte.<\/p>\n<blockquote class=\"twitter-tweet\">\n<p dir=\"ltr\" lang=\"fr\">\ud83c\uddeb\ud83c\uddf7 Le maillot jaune change d&rsquo;\u00e9paules mais reste fran\u00e7ais sur le Tour de Suisse ! K\u00e9vin Vauquelin s&rsquo;en empare au terme de la 5e \u00e9tape gagn\u00e9e par Oscar Onley devant Joao Almeida <a href=\"https:\/\/twitter.com\/hashtag\/LesRP?src=hash&amp;ref_src=twsrc%5Etfw\">#LesRP<\/a> <a href=\"https:\/\/t.co\/t4gByQffr6\">pic.twitter.com\/t4gByQffr6<\/a><\/p>\n<p>\u2014 Eurosport France (@Eurosport_FR) <a href=\"https:\/\/twitter.com\/Eurosport_FR\/status\/1935713296717418891?ref_src=twsrc%5Etfw\">June 19, 2025<\/a><\/p><\/blockquote>\n<p style=\"text-align: justify;\"><script async src=\"https:\/\/platform.twitter.com\/widgets.js\" charset=\"utf-8\"><\/script><\/p>\n","protected":false},"excerpt":{"rendered":"<p>TOUR DE SUISSE 2025 &#8211; Parti dans les pentes de Castaneda, au sommet duquel \u00e9tait jug\u00e9e l\u2019arriv\u00e9e de cette 5\u00e8me \u00e9tape, Oscar Onley (Team PicNic PostNL) a su se d\u00e9faire de Jo\u00e3o Almeida (UAE Team Emirates XRG) dans les derniers hectom\u00e8tres pour s\u2019offrir un succ\u00e8s en World Tour. Le Portugais grappille du terrain et remonte dans un classement g\u00e9n\u00e9ral d\u00e9sormais domin\u00e9 par K\u00e9vin Vauquelin (Ark\u00e9a B&#038;B Hotels).<\/p>\n","protected":false},"author":107,"featured_media":588400,"comment_status":"open","ping_status":"closed","sticky":false,"template":"","format":"standard","meta":{"_acf_changed":false,"_daextam_enable_autolinks":"1","footnotes":""},"categories":[46994],"tags":[16878,24,8106],"class_list":["post-588310","post","type-post","status-publish","format-standard","has-post-thumbnail","hentry","category-cyclisme-sur-route","tag-breve","tag-sport","tag-tour-de-suisse"],"acf":[],"yoast_head":"<!-- This site is optimized with the Yoast SEO Premium plugin v26.7 (Yoast SEO v26.7) - https:\/\/yoast.com\/wordpress\/plugins\/seo\/ -->\n<title>Tour de Suisse 2025 : Oscar Onley remporte la 5\u00e8me \u00e9tape, K\u00e9vin Vauquelin en jaune !<\/title>\n<meta name=\"description\" content=\"TOUR DE SUISSE 2025 - Oscar Onley s\u2019offre un premier succ\u00e8s en World Tour, K\u00e9vin Vauquelin prend le jaune.\" \/>\n<meta name=\"robots\" content=\"index, follow, max-snippet:-1, max-image-preview:large, max-video-preview:-1\" \/>\n<link rel=\"canonical\" href=\"https:\/\/dicodusport.fr\/blog\/tour-de-suisse-2025-oscar-onley-remporte-la-5eme-etape-kevin-vauquelin-en-jaune\/\" \/>\n<meta property=\"og:locale\" content=\"fr_FR\" \/>\n<meta property=\"og:type\" content=\"article\" \/>\n<meta property=\"og:title\" content=\"Tour de Suisse 2025 : Oscar Onley remporte la 5\u00e8me \u00e9tape, K\u00e9vin Vauquelin en jaune !\" \/>\n<meta property=\"og:description\" content=\"TOUR DE SUISSE 2025 - Oscar Onley s\u2019offre un premier succ\u00e8s en World Tour, K\u00e9vin Vauquelin prend le jaune.\" \/>\n<meta property=\"og:url\" content=\"https:\/\/dicodusport.fr\/blog\/tour-de-suisse-2025-oscar-onley-remporte-la-5eme-etape-kevin-vauquelin-en-jaune\/\" \/>\n<meta property=\"og:site_name\" content=\"Dicodusport\" \/>\n<meta property=\"article:publisher\" content=\"https:\/\/www.facebook.com\/dicodusport\" \/>\n<meta property=\"article:published_time\" content=\"2025-06-19T14:51:20+00:00\" \/>\n<meta property=\"article:modified_time\" content=\"2025-06-19T16:26:09+00:00\" \/>\n<meta property=\"og:image\" content=\"https:\/\/dicodusport.fr\/blog\/wp-content\/uploads\/2025\/06\/Tour-de-Suisse-2025-Oscar-Onley-remporte-la-5eme-etape-Kevin-Vauquelin-en-jaune-1-1-1024x575.png\" \/>\n\t<meta property=\"og:image:width\" content=\"1024\" \/>\n\t<meta property=\"og:image:height\" content=\"575\" \/>\n\t<meta property=\"og:image:type\" content=\"image\/png\" \/>\n<meta name=\"author\" content=\"Th\u00e9o Gripon Auer\" \/>\n<meta name=\"twitter:card\" content=\"summary_large_image\" \/>\n<meta name=\"twitter:title\" content=\"Tour de Suisse 2025 : Oscar Onley remporte la 5\u00e8me \u00e9tape, K\u00e9vin Vauquelin en jaune !\" \/>\n<meta name=\"twitter:creator\" content=\"@dicodusport\" \/>\n<meta name=\"twitter:site\" content=\"@dicodusport\" \/>\n<script type=\"application\/ld+json\" class=\"yoast-schema-graph\">{\"@context\":\"https:\/\/schema.org\",\"@graph\":[{\"@type\":\"NewsArticle\",\"@id\":\"https:\/\/dicodusport.fr\/blog\/tour-de-suisse-2025-oscar-onley-remporte-la-5eme-etape-kevin-vauquelin-en-jaune\/#article\",\"isPartOf\":{\"@id\":\"https:\/\/dicodusport.fr\/blog\/tour-de-suisse-2025-oscar-onley-remporte-la-5eme-etape-kevin-vauquelin-en-jaune\/\"},\"author\":{\"name\":\"Th\u00e9o Gripon Auer\",\"@id\":\"https:\/\/dicodusport.fr\/blog\/#\/schema\/person\/c0d35c220c4e79773da9e19a595ab67c\"},\"headline\":\"Tour de Suisse 2025 : Oscar Onley remporte la 5\u00e8me \u00e9tape, K\u00e9vin Vauquelin en jaune !\",\"datePublished\":\"2025-06-19T14:51:20+00:00\",\"dateModified\":\"2025-06-19T16:26:09+00:00\",\"mainEntityOfPage\":{\"@id\":\"https:\/\/dicodusport.fr\/blog\/tour-de-suisse-2025-oscar-onley-remporte-la-5eme-etape-kevin-vauquelin-en-jaune\/\"},\"wordCount\":883,\"commentCount\":0,\"publisher\":{\"@id\":\"https:\/\/dicodusport.fr\/blog\/#organization\"},\"image\":{\"@id\":\"https:\/\/dicodusport.fr\/blog\/tour-de-suisse-2025-oscar-onley-remporte-la-5eme-etape-kevin-vauquelin-en-jaune\/#primaryimage\"},\"thumbnailUrl\":\"https:\/\/dicodusport.fr\/blog\/wp-content\/uploads\/2025\/06\/Tour-de-Suisse-2025-Oscar-Onley-remporte-la-5eme-etape-Kevin-Vauquelin-en-jaune-1-1.png\",\"keywords\":[\"br\u00e8ve\",\"sport\",\"Tour de Suisse\"],\"articleSection\":[\"Cyclisme sur route\"],\"inLanguage\":\"fr-FR\",\"potentialAction\":[{\"@type\":\"CommentAction\",\"name\":\"Comment\",\"target\":[\"https:\/\/dicodusport.fr\/blog\/tour-de-suisse-2025-oscar-onley-remporte-la-5eme-etape-kevin-vauquelin-en-jaune\/#respond\"]}],\"copyrightYear\":\"2025\",\"copyrightHolder\":{\"@id\":\"https:\/\/dicodusport.fr\/blog\/#organization\"}},{\"@type\":\"WebPage\",\"@id\":\"https:\/\/dicodusport.fr\/blog\/tour-de-suisse-2025-oscar-onley-remporte-la-5eme-etape-kevin-vauquelin-en-jaune\/\",\"url\":\"https:\/\/dicodusport.fr\/blog\/tour-de-suisse-2025-oscar-onley-remporte-la-5eme-etape-kevin-vauquelin-en-jaune\/\",\"name\":\"Tour de Suisse 2025 : Oscar Onley remporte la 5\u00e8me \u00e9tape, K\u00e9vin Vauquelin en jaune !\",\"isPartOf\":{\"@id\":\"https:\/\/dicodusport.fr\/blog\/#website\"},\"primaryImageOfPage\":{\"@id\":\"https:\/\/dicodusport.fr\/blog\/tour-de-suisse-2025-oscar-onley-remporte-la-5eme-etape-kevin-vauquelin-en-jaune\/#primaryimage\"},\"image\":{\"@id\":\"https:\/\/dicodusport.fr\/blog\/tour-de-suisse-2025-oscar-onley-remporte-la-5eme-etape-kevin-vauquelin-en-jaune\/#primaryimage\"},\"thumbnailUrl\":\"https:\/\/dicodusport.fr\/blog\/wp-content\/uploads\/2025\/06\/Tour-de-Suisse-2025-Oscar-Onley-remporte-la-5eme-etape-Kevin-Vauquelin-en-jaune-1-1.png\",\"datePublished\":\"2025-06-19T14:51:20+00:00\",\"dateModified\":\"2025-06-19T16:26:09+00:00\",\"description\":\"TOUR DE SUISSE 2025 - Oscar Onley s\u2019offre un premier succ\u00e8s en World Tour, K\u00e9vin Vauquelin prend le jaune.\",\"breadcrumb\":{\"@id\":\"https:\/\/dicodusport.fr\/blog\/tour-de-suisse-2025-oscar-onley-remporte-la-5eme-etape-kevin-vauquelin-en-jaune\/#breadcrumb\"},\"inLanguage\":\"fr-FR\",\"potentialAction\":[{\"@type\":\"ReadAction\",\"target\":[\"https:\/\/dicodusport.fr\/blog\/tour-de-suisse-2025-oscar-onley-remporte-la-5eme-etape-kevin-vauquelin-en-jaune\/\"]}]},{\"@type\":\"ImageObject\",\"inLanguage\":\"fr-FR\",\"@id\":\"https:\/\/dicodusport.fr\/blog\/tour-de-suisse-2025-oscar-onley-remporte-la-5eme-etape-kevin-vauquelin-en-jaune\/#primaryimage\",\"url\":\"https:\/\/dicodusport.fr\/blog\/wp-content\/uploads\/2025\/06\/Tour-de-Suisse-2025-Oscar-Onley-remporte-la-5eme-etape-Kevin-Vauquelin-en-jaune-1-1.png\",\"contentUrl\":\"https:\/\/dicodusport.fr\/blog\/wp-content\/uploads\/2025\/06\/Tour-de-Suisse-2025-Oscar-Onley-remporte-la-5eme-etape-Kevin-Vauquelin-en-jaune-1-1.png\",\"width\":1200,\"height\":674,\"caption\":\"Tour de Suisse 2025 Oscar Onley remporte la 5\u00e8me \u00e9tape, K\u00e9vin Vauquelin en jaune !\"},{\"@type\":\"BreadcrumbList\",\"@id\":\"https:\/\/dicodusport.fr\/blog\/tour-de-suisse-2025-oscar-onley-remporte-la-5eme-etape-kevin-vauquelin-en-jaune\/#breadcrumb\",\"itemListElement\":[{\"@type\":\"ListItem\",\"position\":1,\"name\":\"Accueil\",\"item\":\"https:\/\/dicodusport.fr\/blog\/\"},{\"@type\":\"ListItem\",\"position\":2,\"name\":\"Tour de Suisse 2025 : Oscar Onley remporte la 5\u00e8me \u00e9tape, K\u00e9vin Vauquelin en jaune !\"}]},{\"@type\":\"WebSite\",\"@id\":\"https:\/\/dicodusport.fr\/blog\/#website\",\"url\":\"https:\/\/dicodusport.fr\/blog\/\",\"name\":\"Dicodusport\",\"description\":\"L&#039;encyclop\u00e9die de l&#039;actualit\u00e9 sportive\",\"publisher\":{\"@id\":\"https:\/\/dicodusport.fr\/blog\/#organization\"},\"potentialAction\":[{\"@type\":\"SearchAction\",\"target\":{\"@type\":\"EntryPoint\",\"urlTemplate\":\"https:\/\/dicodusport.fr\/blog\/?s={search_term_string}\"},\"query-input\":{\"@type\":\"PropertyValueSpecification\",\"valueRequired\":true,\"valueName\":\"search_term_string\"}}],\"inLanguage\":\"fr-FR\"},{\"@type\":\"NewsMediaOrganization\",\"@id\":\"https:\/\/dicodusport.fr\/blog\/#organization\",\"name\":\"Dicodusport\",\"url\":\"https:\/\/dicodusport.fr\/blog\/\",\"logo\":{\"@type\":\"ImageObject\",\"inLanguage\":\"fr-FR\",\"@id\":\"https:\/\/dicodusport.fr\/blog\/#\/schema\/logo\/image\/\",\"url\":\"https:\/\/dicodusport.fr\/blog\/wp-content\/uploads\/2020\/06\/cropped-LOGO-DICODUSPORT-2020-SANS-FOND-SANS-TEXTE.png\",\"contentUrl\":\"https:\/\/dicodusport.fr\/blog\/wp-content\/uploads\/2020\/06\/cropped-LOGO-DICODUSPORT-2020-SANS-FOND-SANS-TEXTE.png\",\"width\":512,\"height\":512,\"caption\":\"Dicodusport\"},\"image\":{\"@id\":\"https:\/\/dicodusport.fr\/blog\/#\/schema\/logo\/image\/\"},\"sameAs\":[\"https:\/\/www.facebook.com\/dicodusport\",\"https:\/\/x.com\/dicodusport\",\"https:\/\/www.instagram.com\/dicodusport\/\",\"https:\/\/www.youtube.com\/channel\/UC7V2KZ5sd3htJivAbA4ZG3w\"],\"description\":\"Dicodusport est l'encyclop\u00e9die de l'actualit\u00e9 sportive.\",\"email\":\"bonjour@dicodusport.fr\",\"legalName\":\"DICODUSPORT\",\"foundingDate\":\"2018-01-14\",\"vatID\":\"FR71834470973\",\"taxID\":\"83447097300043\",\"numberOfEmployees\":{\"@type\":\"QuantitativeValue\",\"minValue\":\"1\",\"maxValue\":\"10\"}},{\"@type\":\"Person\",\"@id\":\"https:\/\/dicodusport.fr\/blog\/#\/schema\/person\/c0d35c220c4e79773da9e19a595ab67c\",\"name\":\"Th\u00e9o Gripon Auer\",\"image\":{\"@type\":\"ImageObject\",\"inLanguage\":\"fr-FR\",\"@id\":\"https:\/\/dicodusport.fr\/blog\/#\/schema\/person\/image\/\",\"url\":\"https:\/\/dicodusport.fr\/blog\/wp-content\/uploads\/2025\/02\/Maillot-Dicodusport-Theo-150x150.png\",\"contentUrl\":\"https:\/\/dicodusport.fr\/blog\/wp-content\/uploads\/2025\/02\/Maillot-Dicodusport-Theo-150x150.png\",\"caption\":\"Th\u00e9o Gripon Auer\"},\"description\":\"Partag\u00e9 entre la passion du sport et celle de l\u2019\u00e9criture, je f\u00e9d\u00e8re les deux au service de Dicodusport. Un poil frustr\u00e9 de ne pas avoir r\u00e9ussi \u00e0 devenir sportif pro, alors que je ne me suis jamais fait les crois\u00e9s, je partage tout de m\u00eame un point commun avec Tadej Pogacar, Cristiano Ronaldo et John McEnroe : celui de n\u2019avoir jamais \u00e9t\u00e9 champion olympique.\",\"url\":\"https:\/\/dicodusport.fr\/blog\/author\/theo-gripon-auer\/\"}]}<\/script>\n<!-- \/ Yoast SEO Premium plugin. -->","yoast_head_json":{"title":"Tour de Suisse 2025 : Oscar Onley remporte la 5\u00e8me \u00e9tape, K\u00e9vin Vauquelin en jaune !","description":"TOUR DE SUISSE 2025 - Oscar Onley s\u2019offre un premier succ\u00e8s en World Tour, K\u00e9vin Vauquelin prend le jaune.","robots":{"index":"index","follow":"follow","max-snippet":"max-snippet:-1","max-image-preview":"max-image-preview:large","max-video-preview":"max-video-preview:-1"},"canonical":"https:\/\/dicodusport.fr\/blog\/tour-de-suisse-2025-oscar-onley-remporte-la-5eme-etape-kevin-vauquelin-en-jaune\/","og_locale":"fr_FR","og_type":"article","og_title":"Tour de Suisse 2025 : Oscar Onley remporte la 5\u00e8me \u00e9tape, K\u00e9vin Vauquelin en jaune !","og_description":"TOUR DE SUISSE 2025 - Oscar Onley s\u2019offre un premier succ\u00e8s en World Tour, K\u00e9vin Vauquelin prend le jaune.","og_url":"https:\/\/dicodusport.fr\/blog\/tour-de-suisse-2025-oscar-onley-remporte-la-5eme-etape-kevin-vauquelin-en-jaune\/","og_site_name":"Dicodusport","article_publisher":"https:\/\/www.facebook.com\/dicodusport","article_published_time":"2025-06-19T14:51:20+00:00","article_modified_time":"2025-06-19T16:26:09+00:00","og_image":[{"width":1024,"height":575,"url":"https:\/\/dicodusport.fr\/blog\/wp-content\/uploads\/2025\/06\/Tour-de-Suisse-2025-Oscar-Onley-remporte-la-5eme-etape-Kevin-Vauquelin-en-jaune-1-1-1024x575.png","type":"image\/png"}],"author":"Th\u00e9o Gripon Auer","twitter_card":"summary_large_image","twitter_title":"Tour de Suisse 2025 : Oscar Onley remporte la 5\u00e8me \u00e9tape, K\u00e9vin Vauquelin en jaune !","twitter_creator":"@dicodusport","twitter_site":"@dicodusport","schema":{"@context":"https:\/\/schema.org","@graph":[{"@type":"NewsArticle","@id":"https:\/\/dicodusport.fr\/blog\/tour-de-suisse-2025-oscar-onley-remporte-la-5eme-etape-kevin-vauquelin-en-jaune\/#article","isPartOf":{"@id":"https:\/\/dicodusport.fr\/blog\/tour-de-suisse-2025-oscar-onley-remporte-la-5eme-etape-kevin-vauquelin-en-jaune\/"},"author":{"name":"Th\u00e9o Gripon Auer","@id":"https:\/\/dicodusport.fr\/blog\/#\/schema\/person\/c0d35c220c4e79773da9e19a595ab67c"},"headline":"Tour de Suisse 2025 : Oscar Onley remporte la 5\u00e8me \u00e9tape, K\u00e9vin Vauquelin en jaune !","datePublished":"2025-06-19T14:51:20+00:00","dateModified":"2025-06-19T16:26:09+00:00","mainEntityOfPage":{"@id":"https:\/\/dicodusport.fr\/blog\/tour-de-suisse-2025-oscar-onley-remporte-la-5eme-etape-kevin-vauquelin-en-jaune\/"},"wordCount":883,"commentCount":0,"publisher":{"@id":"https:\/\/dicodusport.fr\/blog\/#organization"},"image":{"@id":"https:\/\/dicodusport.fr\/blog\/tour-de-suisse-2025-oscar-onley-remporte-la-5eme-etape-kevin-vauquelin-en-jaune\/#primaryimage"},"thumbnailUrl":"https:\/\/dicodusport.fr\/blog\/wp-content\/uploads\/2025\/06\/Tour-de-Suisse-2025-Oscar-Onley-remporte-la-5eme-etape-Kevin-Vauquelin-en-jaune-1-1.png","keywords":["br\u00e8ve","sport","Tour de Suisse"],"articleSection":["Cyclisme sur route"],"inLanguage":"fr-FR","potentialAction":[{"@type":"CommentAction","name":"Comment","target":["https:\/\/dicodusport.fr\/blog\/tour-de-suisse-2025-oscar-onley-remporte-la-5eme-etape-kevin-vauquelin-en-jaune\/#respond"]}],"copyrightYear":"2025","copyrightHolder":{"@id":"https:\/\/dicodusport.fr\/blog\/#organization"}},{"@type":"WebPage","@id":"https:\/\/dicodusport.fr\/blog\/tour-de-suisse-2025-oscar-onley-remporte-la-5eme-etape-kevin-vauquelin-en-jaune\/","url":"https:\/\/dicodusport.fr\/blog\/tour-de-suisse-2025-oscar-onley-remporte-la-5eme-etape-kevin-vauquelin-en-jaune\/","name":"Tour de Suisse 2025 : Oscar Onley remporte la 5\u00e8me \u00e9tape, K\u00e9vin Vauquelin en jaune !","isPartOf":{"@id":"https:\/\/dicodusport.fr\/blog\/#website"},"primaryImageOfPage":{"@id":"https:\/\/dicodusport.fr\/blog\/tour-de-suisse-2025-oscar-onley-remporte-la-5eme-etape-kevin-vauquelin-en-jaune\/#primaryimage"},"image":{"@id":"https:\/\/dicodusport.fr\/blog\/tour-de-suisse-2025-oscar-onley-remporte-la-5eme-etape-kevin-vauquelin-en-jaune\/#primaryimage"},"thumbnailUrl":"https:\/\/dicodusport.fr\/blog\/wp-content\/uploads\/2025\/06\/Tour-de-Suisse-2025-Oscar-Onley-remporte-la-5eme-etape-Kevin-Vauquelin-en-jaune-1-1.png","datePublished":"2025-06-19T14:51:20+00:00","dateModified":"2025-06-19T16:26:09+00:00","description":"TOUR DE SUISSE 2025 - Oscar Onley s\u2019offre un premier succ\u00e8s en World Tour, K\u00e9vin Vauquelin prend le jaune.","breadcrumb":{"@id":"https:\/\/dicodusport.fr\/blog\/tour-de-suisse-2025-oscar-onley-remporte-la-5eme-etape-kevin-vauquelin-en-jaune\/#breadcrumb"},"inLanguage":"fr-FR","potentialAction":[{"@type":"ReadAction","target":["https:\/\/dicodusport.fr\/blog\/tour-de-suisse-2025-oscar-onley-remporte-la-5eme-etape-kevin-vauquelin-en-jaune\/"]}]},{"@type":"ImageObject","inLanguage":"fr-FR","@id":"https:\/\/dicodusport.fr\/blog\/tour-de-suisse-2025-oscar-onley-remporte-la-5eme-etape-kevin-vauquelin-en-jaune\/#primaryimage","url":"https:\/\/dicodusport.fr\/blog\/wp-content\/uploads\/2025\/06\/Tour-de-Suisse-2025-Oscar-Onley-remporte-la-5eme-etape-Kevin-Vauquelin-en-jaune-1-1.png","contentUrl":"https:\/\/dicodusport.fr\/blog\/wp-content\/uploads\/2025\/06\/Tour-de-Suisse-2025-Oscar-Onley-remporte-la-5eme-etape-Kevin-Vauquelin-en-jaune-1-1.png","width":1200,"height":674,"caption":"Tour de Suisse 2025 Oscar Onley remporte la 5\u00e8me \u00e9tape, K\u00e9vin Vauquelin en jaune !"},{"@type":"BreadcrumbList","@id":"https:\/\/dicodusport.fr\/blog\/tour-de-suisse-2025-oscar-onley-remporte-la-5eme-etape-kevin-vauquelin-en-jaune\/#breadcrumb","itemListElement":[{"@type":"ListItem","position":1,"name":"Accueil","item":"https:\/\/dicodusport.fr\/blog\/"},{"@type":"ListItem","position":2,"name":"Tour de Suisse 2025 : Oscar Onley remporte la 5\u00e8me \u00e9tape, K\u00e9vin Vauquelin en jaune !"}]},{"@type":"WebSite","@id":"https:\/\/dicodusport.fr\/blog\/#website","url":"https:\/\/dicodusport.fr\/blog\/","name":"Dicodusport","description":"L&#039;encyclop\u00e9die de l&#039;actualit\u00e9 sportive","publisher":{"@id":"https:\/\/dicodusport.fr\/blog\/#organization"},"potentialAction":[{"@type":"SearchAction","target":{"@type":"EntryPoint","urlTemplate":"https:\/\/dicodusport.fr\/blog\/?s={search_term_string}"},"query-input":{"@type":"PropertyValueSpecification","valueRequired":true,"valueName":"search_term_string"}}],"inLanguage":"fr-FR"},{"@type":"NewsMediaOrganization","@id":"https:\/\/dicodusport.fr\/blog\/#organization","name":"Dicodusport","url":"https:\/\/dicodusport.fr\/blog\/","logo":{"@type":"ImageObject","inLanguage":"fr-FR","@id":"https:\/\/dicodusport.fr\/blog\/#\/schema\/logo\/image\/","url":"https:\/\/dicodusport.fr\/blog\/wp-content\/uploads\/2020\/06\/cropped-LOGO-DICODUSPORT-2020-SANS-FOND-SANS-TEXTE.png","contentUrl":"https:\/\/dicodusport.fr\/blog\/wp-content\/uploads\/2020\/06\/cropped-LOGO-DICODUSPORT-2020-SANS-FOND-SANS-TEXTE.png","width":512,"height":512,"caption":"Dicodusport"},"image":{"@id":"https:\/\/dicodusport.fr\/blog\/#\/schema\/logo\/image\/"},"sameAs":["https:\/\/www.facebook.com\/dicodusport","https:\/\/x.com\/dicodusport","https:\/\/www.instagram.com\/dicodusport\/","https:\/\/www.youtube.com\/channel\/UC7V2KZ5sd3htJivAbA4ZG3w"],"description":"Dicodusport est l'encyclop\u00e9die de l'actualit\u00e9 sportive.","email":"bonjour@dicodusport.fr","legalName":"DICODUSPORT","foundingDate":"2018-01-14","vatID":"FR71834470973","taxID":"83447097300043","numberOfEmployees":{"@type":"QuantitativeValue","minValue":"1","maxValue":"10"}},{"@type":"Person","@id":"https:\/\/dicodusport.fr\/blog\/#\/schema\/person\/c0d35c220c4e79773da9e19a595ab67c","name":"Th\u00e9o Gripon Auer","image":{"@type":"ImageObject","inLanguage":"fr-FR","@id":"https:\/\/dicodusport.fr\/blog\/#\/schema\/person\/image\/","url":"https:\/\/dicodusport.fr\/blog\/wp-content\/uploads\/2025\/02\/Maillot-Dicodusport-Theo-150x150.png","contentUrl":"https:\/\/dicodusport.fr\/blog\/wp-content\/uploads\/2025\/02\/Maillot-Dicodusport-Theo-150x150.png","caption":"Th\u00e9o Gripon Auer"},"description":"Partag\u00e9 entre la passion du sport et celle de l\u2019\u00e9criture, je f\u00e9d\u00e8re les deux au service de Dicodusport. Un poil frustr\u00e9 de ne pas avoir r\u00e9ussi \u00e0 devenir sportif pro, alors que je ne me suis jamais fait les crois\u00e9s, je partage tout de m\u00eame un point commun avec Tadej Pogacar, Cristiano Ronaldo et John McEnroe : celui de n\u2019avoir jamais \u00e9t\u00e9 champion olympique.","url":"https:\/\/dicodusport.fr\/blog\/author\/theo-gripon-auer\/"}]}},"_links":{"self":[{"href":"https:\/\/dicodusport.fr\/blog\/wp-json\/wp\/v2\/posts\/588310","targetHints":{"allow":["GET"]}}],"collection":[{"href":"https:\/\/dicodusport.fr\/blog\/wp-json\/wp\/v2\/posts"}],"about":[{"href":"https:\/\/dicodusport.fr\/blog\/wp-json\/wp\/v2\/types\/post"}],"author":[{"embeddable":true,"href":"https:\/\/dicodusport.fr\/blog\/wp-json\/wp\/v2\/users\/107"}],"replies":[{"embeddable":true,"href":"https:\/\/dicodusport.fr\/blog\/wp-json\/wp\/v2\/comments?post=588310"}],"version-history":[{"count":6,"href":"https:\/\/dicodusport.fr\/blog\/wp-json\/wp\/v2\/posts\/588310\/revisions"}],"predecessor-version":[{"id":588376,"href":"https:\/\/dicodusport.fr\/blog\/wp-json\/wp\/v2\/posts\/588310\/revisions\/588376"}],"wp:featuredmedia":[{"embeddable":true,"href":"https:\/\/dicodusport.fr\/blog\/wp-json\/wp\/v2\/media\/588400"}],"wp:attachment":[{"href":"https:\/\/dicodusport.fr\/blog\/wp-json\/wp\/v2\/media?parent=588310"}],"wp:term":[{"taxonomy":"category","embeddable":true,"href":"https:\/\/dicodusport.fr\/blog\/wp-json\/wp\/v2\/categories?post=588310"},{"taxonomy":"post_tag","embeddable":true,"href":"https:\/\/dicodusport.fr\/blog\/wp-json\/wp\/v2\/tags?post=588310"}],"curies":[{"name":"wp","href":"https:\/\/api.w.org\/{rel}","templated":true}]}}