{"id":588493,"date":"2025-06-30T15:03:30","date_gmt":"2025-06-30T13:03:30","guid":{"rendered":"https:\/\/dicodusport.fr\/blog\/?p=588493&#038;preview=true&#038;preview_id=588493"},"modified":"2025-07-01T18:47:26","modified_gmt":"2025-07-01T16:47:26","slug":"tour-de-france-2025-aso-cherche-t-elle-a-favoriser-pogacar-et-van-der-poel-pour-le-maillot-vert","status":"publish","type":"post","link":"https:\/\/dicodusport.fr\/blog\/tour-de-france-2025-aso-cherche-t-elle-a-favoriser-pogacar-et-van-der-poel-pour-le-maillot-vert\/","title":{"rendered":"Tour de France 2025\u00a0: ASO cherche-t-elle \u00e0 favoriser Pogacar et van der Poel pour le maillot vert\u00a0?"},"content":{"rendered":"<p style=\"text-align: justify;\"><strong><em>TOUR DE FRANCE 2025 &#8211; Le bar\u00e8me des points distribu\u00e9s sur les arriv\u00e9es d\u2019\u00e9tapes du Tour de France 2025 fait d\u00e9bat. Les sprinteurs risquent d\u2019\u00eatre largement d\u00e9savantag\u00e9s, alors que des coureurs comme Tadej Pogacar ou Mathieu van der Poel vont profiter d\u2019arriv\u00e9es \u00ab punchy \u00bb, distribuant autant de points qu\u2019un sprint plat. Alors, ASO veut-elle favoriser ces deux coureurs pour le maillot vert, plut\u00f4t que les sprinteurs sur ce Tour de France ?<\/em><\/strong><\/p>\n<ul>\n<li style=\"text-align: justify;\"><strong>\u00c0 ce sujet &#8211; <a href=\"https:\/\/dicodusport.fr\/blog\/cyclisme-mercato-2025-2026-le-tableau-des-transferts\/\">Cyclisme Mercato 2025-2026 \u2013 Le tableau des transferts<\/a><\/strong><\/li>\n<\/ul>\n<p style=\"text-align: justify;\">Les sprinteurs vont avoir la vie dure sur le <a href=\"https:\/\/dicodusport.fr\/blog\/tour-de-france-2025-etapes-a-ne-pas-manquer\/\">Tour de France 2025<\/a>. Surtout s\u2019ils voulaient finir avec le maillot vert sur les Champs-\u00c9lys\u00e9es. Le bar\u00e8me des points pour les sprints a en effet \u00e9t\u00e9 d\u00e9voil\u00e9 par Amaury Sport Organisation \u00e0 quelques jours du Grand D\u00e9part. Et \u00e0 la diff\u00e9rence des autres ann\u00e9es, le maillot vert pourrait bien \u00eatre la cible d\u2019uniquement deux coureurs : <strong>Tadej Pogacar<\/strong> et <strong>Mathieu van der Poel<\/strong>. Et ce pour une raison principale\u00a0: des \u00e9tapes auparavant peu r\u00e9mun\u00e9ratrices en points pour le maillot vert deviennent bien plus int\u00e9ressantes dans cette qu\u00eate.<\/p>\n<blockquote class=\"twitter-tweet\">\n<p dir=\"ltr\" lang=\"en\">Official classification of the stages<\/p>\n<p>1\/2 = 50 pts in pts classification to the 1st<br \/>\n3 = 30 pts in pts classification to the 1st<br \/>\n4\/5\/6 + IS = 20 pts in pts classification to the 1st <a href=\"https:\/\/t.co\/w8oLt3PLPr\">pic.twitter.com\/w8oLt3PLPr<\/a><\/p>\n<p>\u2014 La Flamme Rouge (@laflammerouge16) <a href=\"https:\/\/twitter.com\/laflammerouge16\/status\/1935310498418872527?ref_src=twsrc%5Etfw\">June 18, 2025<\/a><\/p><\/blockquote>\n<p><script async src=\"https:\/\/platform.twitter.com\/widgets.js\" charset=\"utf-8\"><\/script><\/p>\n<h2 style=\"text-align: justify;\">Les arriv\u00e9es pour puncheurs \u00e0 50 points posent question<\/h2>\n<p style=\"text-align: justify;\">Les \u00e9tapes dites <em>plates<\/em> rapporteront 50 points au vainqueur. Un nombre fixe depuis longtemps. Mais c\u2019est au niveau des \u00e9tapes vallonn\u00e9es, qualifi\u00e9es d&rsquo;<em>accident\u00e9es<\/em>, que la r\u00e9partition n\u2019est plus du tout la m\u00eame. Les arriv\u00e9es \u00e0 Rouen sur la 4<sup>\u00e8me <\/sup>\u00e9tape, \u00e0 M\u00fbr-de-Bretagne lors de la 7<sup>\u00e8me,<\/sup>, \u00e0 Toulouse pour la 11<sup>\u00e8me <\/sup>\u00e9tape sont situ\u00e9es apr\u00e8s de forts pourcentages et vont sacrer des puncheurs. <strong>Tim Merlier<\/strong>, <strong>Jasper Philipsen<\/strong> ou encore <strong>Jonathan Milan<\/strong> ne seront sans doute pas pr\u00e9sents sur ces arriv\u00e9es, au contraire de Pogacar ou van der Poel. Ces deux derniers, s\u00fbrement les deux meilleurs puncheurs du monde, pourront donc profiter de ces \u00e9tapes pour grimper dans le classement du maillot vert. Car elles aussi rapporteront 50 points.<\/p>\n<ul>\n<li style=\"text-align: justify;\"><strong>\u00c0 ce sujet &#8211; <a href=\"https:\/\/dicodusport.fr\/blog\/tour-de-france-2025-la-grande-boucle-est-elle-devenue-un-cimetiere-pour-les-sprinteurs\/\">Tour de France 2025 : La Grande Boucle est-elle devenue un cimeti\u00e8re pour les sprinteurs ?<\/a><\/strong><\/li>\n<\/ul>\n<p style=\"text-align: justify;\">Soit comme un sprint tout plat. Et il y en a seulement 5 sur les 21 \u00e9tapes. Seule une de plus pour les \u00e9tapes de plaine et les sprinteurs du Tour de France. Et encore, il faut compter dans ces 5 \u00e9tapes, la derni\u00e8re, \u00e0 Paris, avec le passage de la <a href=\"https:\/\/dicodusport.fr\/blog\/tour-de-france-2025-le-parcours-de-la-derniere-etape-a-paris-devoile\/\">Butte Montmartre<\/a>. Consid\u00e9r\u00e9e comme plate et offrant 50 points au vainqueur. Mais les trois ascensions de la rue Lepic, dont la derni\u00e8re, vont faire mal aux sprinteurs.<\/p>\n<ul>\n<li style=\"text-align: justify;\"><strong>\u00c0 ce sujet &#8211; <a href=\"https:\/\/dicodusport.fr\/blog\/cyclisme-jonathan-milan-est-il-le-meilleur-sprinteur-du-monde\/\">Jonathan Milan est-il le meilleur sprinteur du monde ?<\/a><\/strong><\/li>\n<\/ul>\n<h2 style=\"text-align: justify;\">Le maillot vert du Tour de France pour le meilleur sprinteur ?<\/h2>\n<p style=\"text-align: justify;\">La bataille pour le maillot vert va-t-elle durer jusqu&rsquo;aux Champs-\u00c9lys\u00e9es ? Pour s&rsquo;\u00e9viter un duel <strong>van der Poel &#8211; Pogacar<\/strong>, \u00e9ventuellement arbitr\u00e9 par un grand <strong>Wout Van Aert<\/strong>, un sprinteur devrait quasiment remporter chaque \u00e9tape. <a href=\"https:\/\/dicodusport.fr\/blog\/tour-de-belgique-2025-tim-merlier-remporte-la-1ere-etape-au-sprint\/\">Tim Merlier<\/a> peut-il \u00eatre ce coureur ? Avec d\u00e9j\u00e0 neuf victoires cette saison, le Belge est sans doute le meilleur sprinteur du monde \u00e0 quelques jours du Tour de France. Mais il est toutefois difficile de le voir remporter chaque \u00e9tape au sprint. La concurrence est trop importante pour imaginer une telle domination.<\/p>\n<p style=\"text-align: justify;\">Surtout que des \u00e9tapes pour grimpeurs sont, elles aussi, r\u00e9mun\u00e9ratrices en points. Comme l&rsquo;arriv\u00e9e au Mont Ventoux (15,7 km \u00e0 8,8%), lors de la 16<sup>\u00e8me<\/sup> \u00e9tape, plac\u00e9e en \u00e9tape <em>accident\u00e9e<\/em>. Elle rapportera 30 points au vainqueur, qui pourrait bien \u00eatre Tadej Pogacar. Pour le concurrencer, <a href=\"https:\/\/dicodusport.fr\/blog\/video-mathieu-van-der-poel-chute-lourdement-en-vtt-faut-il-sinquieter-pour-le-tour\/\">Mathieu van der Poel<\/a> ira-t-il faire les sprints en plaine, alors qu&rsquo;il a son sprinter maison en la personne de Philipsen ? Pas s\u00fbr. Favori pour le maillot jaune, favori pour le maillot \u00e0 pois, et maintenant pour le maillot vert ? O\u00f9 s&rsquo;arr\u00eatera <a href=\"https:\/\/dicodusport.fr\/blog\/les-records-qui-peut-viser-tadej-pogacar-en-2025\/\">Tadej Pogacar<\/a> ? La r\u00e9ponse dans un peu plus de trois semaines.<\/p>\n<p><strong>\u00c0 ce sujet\u00a0<\/strong><\/p>\n<div class=\"vlp-link-container vlp-layout-article\"><a href=\"https:\/\/dicodusport.fr\/blog\/favoris-tour-de-france-2025-les-forces-et-faiblesses-de-pogacar-vingegaard-evenepoel-et-roglic\/\" class=\"vlp-link\" title=\"Favoris Tour de France 2025\u202f: Les forces et faiblesses de Pogacar, Vingegaard, Evenepoel et Roglic\"><\/a><div class=\"vlp-layout-zone-side\"><div class=\"vlp-block-4 vlp-link-image\"><img loading=\"lazy\" decoding=\"async\" style=\"max-width: 792px;\" width=\"792\" height=\"445\" src=\"https:\/\/dicodusport.fr\/blog\/wp-content\/uploads\/2025\/06\/Favoris-Tour-de-France-2025\u202f-Les-forces-et-faiblesses-de-Pogacar-Vingegaard-Evenepoel-et-Roglic.png\" class=\"attachment-800x445 size-800x445\" alt=\"Favoris Tour de France 2025\u202f Les forces et faiblesses de Pogacar, Vingegaard, Evenepoel et Roglic\" srcset=\"https:\/\/dicodusport.fr\/blog\/wp-content\/uploads\/2025\/06\/Favoris-Tour-de-France-2025\u202f-Les-forces-et-faiblesses-de-Pogacar-Vingegaard-Evenepoel-et-Roglic.png 1200w, https:\/\/dicodusport.fr\/blog\/wp-content\/uploads\/2025\/06\/Favoris-Tour-de-France-2025\u202f-Les-forces-et-faiblesses-de-Pogacar-Vingegaard-Evenepoel-et-Roglic-300x169.png 300w, https:\/\/dicodusport.fr\/blog\/wp-content\/uploads\/2025\/06\/Favoris-Tour-de-France-2025\u202f-Les-forces-et-faiblesses-de-Pogacar-Vingegaard-Evenepoel-et-Roglic-1024x575.png 1024w, https:\/\/dicodusport.fr\/blog\/wp-content\/uploads\/2025\/06\/Favoris-Tour-de-France-2025\u202f-Les-forces-et-faiblesses-de-Pogacar-Vingegaard-Evenepoel-et-Roglic-768x431.png 768w\" sizes=\"auto, (max-width: 792px) 100vw, 792px\" \/><\/div><\/div><div class=\"vlp-layout-zone-main\"><div class=\"vlp-block-0 vlp-link-title\">Favoris Tour de France 2025\u202f: Les forces et faiblesses de Pogacar, Vingegaard, Evenepoel et Roglic<\/div><div class=\"vlp-block-1 vlp-link-summary\">Qui va triompher de cette 112\u00e8me \u00e9dition de la Grande Boucle ? Deux favoris sortent du lot, mais rien n'est gagn\u00e9 avant les Champs-\u00c9lys\u00e9es, encore davantage cette ann\u00e9e.<\/div><div class=\"vlp-block-2 vlp-link-button\">Lire l'article<\/div><div class=\"vlp-block-3 vlp-link-url\">dicodusport.fr<\/div><\/div><\/div>\n","protected":false},"excerpt":{"rendered":"<p>Le bar\u00e8me des points distribu\u00e9s sur les arriv\u00e9es d\u2019\u00e9tapes du Tour de France 2025 fait d\u00e9bat. Les sprinteurs risquent d\u2019\u00eatre largement d\u00e9savantag\u00e9s, alors que des coureurs comme Tadej Pogacar ou Mathieu van der Poel vont profiter d\u2019arriv\u00e9es \u00ab punchy \u00bb.<\/p>\n","protected":false},"author":88,"featured_media":591654,"comment_status":"open","ping_status":"closed","sticky":false,"template":"","format":"standard","meta":{"_acf_changed":false,"_daextam_enable_autolinks":"1","footnotes":""},"categories":[46995],"tags":[32415,16878,11484,11674,1262],"class_list":["post-588493","post","type-post","status-publish","format-standard","has-post-thumbnail","hentry","category-tour-de-france","tag-actu","tag-breve","tag-maillot-vert-tour-de-france","tag-tadej-pogacar","tag-tour-de-france"],"acf":[],"yoast_head":"<!-- This site is optimized with the Yoast SEO Premium plugin v26.7 (Yoast SEO v26.7) - https:\/\/yoast.com\/wordpress\/plugins\/seo\/ -->\n<title>Tour de France 2025\u00a0: ASO cherche-t-elle \u00e0 favoriser Pogacar et van der Poel pour le maillot vert\u00a0?<\/title>\n<meta name=\"description\" content=\"Le bar\u00e8me des points distribu\u00e9s sur les arriv\u00e9es d\u2019\u00e9tapes du Tour de France 2025 fait d\u00e9bat. Les sprinteurs risquent d\u2019\u00eatre largement d\u00e9savantag\u00e9s.\" \/>\n<meta name=\"robots\" content=\"index, follow, max-snippet:-1, max-image-preview:large, max-video-preview:-1\" \/>\n<link rel=\"canonical\" href=\"https:\/\/dicodusport.fr\/blog\/tour-de-france-2025-aso-cherche-t-elle-a-favoriser-pogacar-et-van-der-poel-pour-le-maillot-vert\/\" \/>\n<meta property=\"og:locale\" content=\"fr_FR\" \/>\n<meta property=\"og:type\" content=\"article\" \/>\n<meta property=\"og:title\" content=\"Tour de France 2025\u00a0: ASO cherche-t-elle \u00e0 favoriser Pogacar et van der Poel pour le maillot vert\u00a0?\" \/>\n<meta property=\"og:description\" content=\"Le bar\u00e8me des points distribu\u00e9s sur les arriv\u00e9es d\u2019\u00e9tapes du Tour de France 2025 fait d\u00e9bat. Les sprinteurs risquent d\u2019\u00eatre largement d\u00e9savantag\u00e9s.\" \/>\n<meta property=\"og:url\" content=\"https:\/\/dicodusport.fr\/blog\/tour-de-france-2025-aso-cherche-t-elle-a-favoriser-pogacar-et-van-der-poel-pour-le-maillot-vert\/\" \/>\n<meta property=\"og:site_name\" content=\"Dicodusport\" \/>\n<meta property=\"article:publisher\" content=\"https:\/\/www.facebook.com\/dicodusport\" \/>\n<meta property=\"article:published_time\" content=\"2025-06-30T13:03:30+00:00\" \/>\n<meta property=\"article:modified_time\" content=\"2025-07-01T16:47:26+00:00\" \/>\n<meta property=\"og:image\" content=\"https:\/\/dicodusport.fr\/blog\/wp-content\/uploads\/2025\/06\/Tour-de-France-2025-ASO-cherche-t-elle-a-favoriser-Pogacar-et-van-der-Poel-pour-le-maillot-vert-.png\" \/>\n\t<meta property=\"og:image:width\" content=\"1200\" \/>\n\t<meta property=\"og:image:height\" content=\"674\" \/>\n\t<meta property=\"og:image:type\" content=\"image\/png\" \/>\n<meta name=\"author\" content=\"Paul Lalevee\" \/>\n<meta name=\"twitter:card\" content=\"summary_large_image\" \/>\n<meta name=\"twitter:title\" content=\"Tour de France 2025\u00a0: ASO cherche-t-elle \u00e0 favoriser Pogacar et van der Poel pour le maillot vert\u00a0?\" \/>\n<meta name=\"twitter:creator\" content=\"@dicodusport\" \/>\n<meta name=\"twitter:site\" content=\"@dicodusport\" \/>\n<script type=\"application\/ld+json\" class=\"yoast-schema-graph\">{\"@context\":\"https:\/\/schema.org\",\"@graph\":[{\"@type\":\"NewsArticle\",\"@id\":\"https:\/\/dicodusport.fr\/blog\/tour-de-france-2025-aso-cherche-t-elle-a-favoriser-pogacar-et-van-der-poel-pour-le-maillot-vert\/#article\",\"isPartOf\":{\"@id\":\"https:\/\/dicodusport.fr\/blog\/tour-de-france-2025-aso-cherche-t-elle-a-favoriser-pogacar-et-van-der-poel-pour-le-maillot-vert\/\"},\"author\":{\"name\":\"Paul Lalevee\",\"@id\":\"https:\/\/dicodusport.fr\/blog\/#\/schema\/person\/1eaa63dfac40b5e5c47f03a71920c1cd\"},\"headline\":\"Tour de France 2025\u00a0: ASO cherche-t-elle \u00e0 favoriser Pogacar et van der Poel pour le maillot vert\u00a0?\",\"datePublished\":\"2025-06-30T13:03:30+00:00\",\"dateModified\":\"2025-07-01T16:47:26+00:00\",\"mainEntityOfPage\":{\"@id\":\"https:\/\/dicodusport.fr\/blog\/tour-de-france-2025-aso-cherche-t-elle-a-favoriser-pogacar-et-van-der-poel-pour-le-maillot-vert\/\"},\"wordCount\":796,\"commentCount\":0,\"publisher\":{\"@id\":\"https:\/\/dicodusport.fr\/blog\/#organization\"},\"image\":{\"@id\":\"https:\/\/dicodusport.fr\/blog\/tour-de-france-2025-aso-cherche-t-elle-a-favoriser-pogacar-et-van-der-poel-pour-le-maillot-vert\/#primaryimage\"},\"thumbnailUrl\":\"https:\/\/dicodusport.fr\/blog\/wp-content\/uploads\/2025\/06\/Tour-de-France-2025-ASO-cherche-t-elle-a-favoriser-Pogacar-et-van-der-Poel-pour-le-maillot-vert-.png\",\"keywords\":[\"actu\",\"br\u00e8ve\",\"Maillot vert Tour de France\",\"Tadej Pogacar\",\"Tour de France\"],\"articleSection\":[\"Tour de France\"],\"inLanguage\":\"fr-FR\",\"potentialAction\":[{\"@type\":\"CommentAction\",\"name\":\"Comment\",\"target\":[\"https:\/\/dicodusport.fr\/blog\/tour-de-france-2025-aso-cherche-t-elle-a-favoriser-pogacar-et-van-der-poel-pour-le-maillot-vert\/#respond\"]}],\"copyrightYear\":\"2025\",\"copyrightHolder\":{\"@id\":\"https:\/\/dicodusport.fr\/blog\/#organization\"}},{\"@type\":\"WebPage\",\"@id\":\"https:\/\/dicodusport.fr\/blog\/tour-de-france-2025-aso-cherche-t-elle-a-favoriser-pogacar-et-van-der-poel-pour-le-maillot-vert\/\",\"url\":\"https:\/\/dicodusport.fr\/blog\/tour-de-france-2025-aso-cherche-t-elle-a-favoriser-pogacar-et-van-der-poel-pour-le-maillot-vert\/\",\"name\":\"Tour de France 2025\u00a0: ASO cherche-t-elle \u00e0 favoriser Pogacar et van der Poel pour le maillot vert\u00a0?\",\"isPartOf\":{\"@id\":\"https:\/\/dicodusport.fr\/blog\/#website\"},\"primaryImageOfPage\":{\"@id\":\"https:\/\/dicodusport.fr\/blog\/tour-de-france-2025-aso-cherche-t-elle-a-favoriser-pogacar-et-van-der-poel-pour-le-maillot-vert\/#primaryimage\"},\"image\":{\"@id\":\"https:\/\/dicodusport.fr\/blog\/tour-de-france-2025-aso-cherche-t-elle-a-favoriser-pogacar-et-van-der-poel-pour-le-maillot-vert\/#primaryimage\"},\"thumbnailUrl\":\"https:\/\/dicodusport.fr\/blog\/wp-content\/uploads\/2025\/06\/Tour-de-France-2025-ASO-cherche-t-elle-a-favoriser-Pogacar-et-van-der-Poel-pour-le-maillot-vert-.png\",\"datePublished\":\"2025-06-30T13:03:30+00:00\",\"dateModified\":\"2025-07-01T16:47:26+00:00\",\"description\":\"Le bar\u00e8me des points distribu\u00e9s sur les arriv\u00e9es d\u2019\u00e9tapes du Tour de France 2025 fait d\u00e9bat. Les sprinteurs risquent d\u2019\u00eatre largement d\u00e9savantag\u00e9s.\",\"breadcrumb\":{\"@id\":\"https:\/\/dicodusport.fr\/blog\/tour-de-france-2025-aso-cherche-t-elle-a-favoriser-pogacar-et-van-der-poel-pour-le-maillot-vert\/#breadcrumb\"},\"inLanguage\":\"fr-FR\",\"potentialAction\":[{\"@type\":\"ReadAction\",\"target\":[\"https:\/\/dicodusport.fr\/blog\/tour-de-france-2025-aso-cherche-t-elle-a-favoriser-pogacar-et-van-der-poel-pour-le-maillot-vert\/\"]}]},{\"@type\":\"ImageObject\",\"inLanguage\":\"fr-FR\",\"@id\":\"https:\/\/dicodusport.fr\/blog\/tour-de-france-2025-aso-cherche-t-elle-a-favoriser-pogacar-et-van-der-poel-pour-le-maillot-vert\/#primaryimage\",\"url\":\"https:\/\/dicodusport.fr\/blog\/wp-content\/uploads\/2025\/06\/Tour-de-France-2025-ASO-cherche-t-elle-a-favoriser-Pogacar-et-van-der-Poel-pour-le-maillot-vert-.png\",\"contentUrl\":\"https:\/\/dicodusport.fr\/blog\/wp-content\/uploads\/2025\/06\/Tour-de-France-2025-ASO-cherche-t-elle-a-favoriser-Pogacar-et-van-der-Poel-pour-le-maillot-vert-.png\",\"width\":1200,\"height\":674,\"caption\":\"Tour de France 2025\u00a0 ASO cherche-t-elle \u00e0 favoriser Pogacar et van der Poel pour le maillot vert\u00a0\"},{\"@type\":\"BreadcrumbList\",\"@id\":\"https:\/\/dicodusport.fr\/blog\/tour-de-france-2025-aso-cherche-t-elle-a-favoriser-pogacar-et-van-der-poel-pour-le-maillot-vert\/#breadcrumb\",\"itemListElement\":[{\"@type\":\"ListItem\",\"position\":1,\"name\":\"Accueil\",\"item\":\"https:\/\/dicodusport.fr\/blog\/\"},{\"@type\":\"ListItem\",\"position\":2,\"name\":\"Tour de France 2025\u00a0: ASO cherche-t-elle \u00e0 favoriser Pogacar et van der Poel pour le maillot vert\u00a0?\"}]},{\"@type\":\"WebSite\",\"@id\":\"https:\/\/dicodusport.fr\/blog\/#website\",\"url\":\"https:\/\/dicodusport.fr\/blog\/\",\"name\":\"Dicodusport\",\"description\":\"L&#039;encyclop\u00e9die de l&#039;actualit\u00e9 sportive\",\"publisher\":{\"@id\":\"https:\/\/dicodusport.fr\/blog\/#organization\"},\"potentialAction\":[{\"@type\":\"SearchAction\",\"target\":{\"@type\":\"EntryPoint\",\"urlTemplate\":\"https:\/\/dicodusport.fr\/blog\/?s={search_term_string}\"},\"query-input\":{\"@type\":\"PropertyValueSpecification\",\"valueRequired\":true,\"valueName\":\"search_term_string\"}}],\"inLanguage\":\"fr-FR\"},{\"@type\":\"NewsMediaOrganization\",\"@id\":\"https:\/\/dicodusport.fr\/blog\/#organization\",\"name\":\"Dicodusport\",\"url\":\"https:\/\/dicodusport.fr\/blog\/\",\"logo\":{\"@type\":\"ImageObject\",\"inLanguage\":\"fr-FR\",\"@id\":\"https:\/\/dicodusport.fr\/blog\/#\/schema\/logo\/image\/\",\"url\":\"https:\/\/dicodusport.fr\/blog\/wp-content\/uploads\/2020\/06\/cropped-LOGO-DICODUSPORT-2020-SANS-FOND-SANS-TEXTE.png\",\"contentUrl\":\"https:\/\/dicodusport.fr\/blog\/wp-content\/uploads\/2020\/06\/cropped-LOGO-DICODUSPORT-2020-SANS-FOND-SANS-TEXTE.png\",\"width\":512,\"height\":512,\"caption\":\"Dicodusport\"},\"image\":{\"@id\":\"https:\/\/dicodusport.fr\/blog\/#\/schema\/logo\/image\/\"},\"sameAs\":[\"https:\/\/www.facebook.com\/dicodusport\",\"https:\/\/x.com\/dicodusport\",\"https:\/\/www.instagram.com\/dicodusport\/\",\"https:\/\/www.youtube.com\/channel\/UC7V2KZ5sd3htJivAbA4ZG3w\"],\"description\":\"Dicodusport est l'encyclop\u00e9die de l'actualit\u00e9 sportive.\",\"email\":\"bonjour@dicodusport.fr\",\"legalName\":\"DICODUSPORT\",\"foundingDate\":\"2018-01-14\",\"vatID\":\"FR71834470973\",\"taxID\":\"83447097300043\",\"numberOfEmployees\":{\"@type\":\"QuantitativeValue\",\"minValue\":\"1\",\"maxValue\":\"10\"}},{\"@type\":\"Person\",\"@id\":\"https:\/\/dicodusport.fr\/blog\/#\/schema\/person\/1eaa63dfac40b5e5c47f03a71920c1cd\",\"name\":\"Paul Lalevee\",\"image\":{\"@type\":\"ImageObject\",\"inLanguage\":\"fr-FR\",\"@id\":\"https:\/\/dicodusport.fr\/blog\/#\/schema\/person\/image\/\",\"url\":\"https:\/\/dicodusport.fr\/blog\/wp-content\/uploads\/2023\/10\/291154246_1690604071293245_3118259335115946499_n-150x150.jpg\",\"contentUrl\":\"https:\/\/dicodusport.fr\/blog\/wp-content\/uploads\/2023\/10\/291154246_1690604071293245_3118259335115946499_n-150x150.jpg\",\"caption\":\"Paul Lalevee\"},\"description\":\"La bulle Disney pendant le Covid, le Tour 2019, la Coupe du monde 2018. Ces trois \u00e9v\u00e9nements majeurs sont ancr\u00e9s dans ma t\u00eate de fan de sport, n\u00e9gativement ou positivement. Passionn\u00e9 de sport depuis l'enfance, j'ai d\u00e9cid\u00e9 de mettre ma passion de l'\u00e9criture au service de cette premi\u00e8re passion.\",\"url\":\"https:\/\/dicodusport.fr\/blog\/author\/paul-lalevee\/\"}]}<\/script>\n<!-- \/ Yoast SEO Premium plugin. -->","yoast_head_json":{"title":"Tour de France 2025\u00a0: ASO cherche-t-elle \u00e0 favoriser Pogacar et van der Poel pour le maillot vert\u00a0?","description":"Le bar\u00e8me des points distribu\u00e9s sur les arriv\u00e9es d\u2019\u00e9tapes du Tour de France 2025 fait d\u00e9bat. Les sprinteurs risquent d\u2019\u00eatre largement d\u00e9savantag\u00e9s.","robots":{"index":"index","follow":"follow","max-snippet":"max-snippet:-1","max-image-preview":"max-image-preview:large","max-video-preview":"max-video-preview:-1"},"canonical":"https:\/\/dicodusport.fr\/blog\/tour-de-france-2025-aso-cherche-t-elle-a-favoriser-pogacar-et-van-der-poel-pour-le-maillot-vert\/","og_locale":"fr_FR","og_type":"article","og_title":"Tour de France 2025\u00a0: ASO cherche-t-elle \u00e0 favoriser Pogacar et van der Poel pour le maillot vert\u00a0?","og_description":"Le bar\u00e8me des points distribu\u00e9s sur les arriv\u00e9es d\u2019\u00e9tapes du Tour de France 2025 fait d\u00e9bat. Les sprinteurs risquent d\u2019\u00eatre largement d\u00e9savantag\u00e9s.","og_url":"https:\/\/dicodusport.fr\/blog\/tour-de-france-2025-aso-cherche-t-elle-a-favoriser-pogacar-et-van-der-poel-pour-le-maillot-vert\/","og_site_name":"Dicodusport","article_publisher":"https:\/\/www.facebook.com\/dicodusport","article_published_time":"2025-06-30T13:03:30+00:00","article_modified_time":"2025-07-01T16:47:26+00:00","og_image":[{"width":1200,"height":674,"url":"https:\/\/dicodusport.fr\/blog\/wp-content\/uploads\/2025\/06\/Tour-de-France-2025-ASO-cherche-t-elle-a-favoriser-Pogacar-et-van-der-Poel-pour-le-maillot-vert-.png","type":"image\/png"}],"author":"Paul Lalevee","twitter_card":"summary_large_image","twitter_title":"Tour de France 2025\u00a0: ASO cherche-t-elle \u00e0 favoriser Pogacar et van der Poel pour le maillot vert\u00a0?","twitter_creator":"@dicodusport","twitter_site":"@dicodusport","schema":{"@context":"https:\/\/schema.org","@graph":[{"@type":"NewsArticle","@id":"https:\/\/dicodusport.fr\/blog\/tour-de-france-2025-aso-cherche-t-elle-a-favoriser-pogacar-et-van-der-poel-pour-le-maillot-vert\/#article","isPartOf":{"@id":"https:\/\/dicodusport.fr\/blog\/tour-de-france-2025-aso-cherche-t-elle-a-favoriser-pogacar-et-van-der-poel-pour-le-maillot-vert\/"},"author":{"name":"Paul Lalevee","@id":"https:\/\/dicodusport.fr\/blog\/#\/schema\/person\/1eaa63dfac40b5e5c47f03a71920c1cd"},"headline":"Tour de France 2025\u00a0: ASO cherche-t-elle \u00e0 favoriser Pogacar et van der Poel pour le maillot vert\u00a0?","datePublished":"2025-06-30T13:03:30+00:00","dateModified":"2025-07-01T16:47:26+00:00","mainEntityOfPage":{"@id":"https:\/\/dicodusport.fr\/blog\/tour-de-france-2025-aso-cherche-t-elle-a-favoriser-pogacar-et-van-der-poel-pour-le-maillot-vert\/"},"wordCount":796,"commentCount":0,"publisher":{"@id":"https:\/\/dicodusport.fr\/blog\/#organization"},"image":{"@id":"https:\/\/dicodusport.fr\/blog\/tour-de-france-2025-aso-cherche-t-elle-a-favoriser-pogacar-et-van-der-poel-pour-le-maillot-vert\/#primaryimage"},"thumbnailUrl":"https:\/\/dicodusport.fr\/blog\/wp-content\/uploads\/2025\/06\/Tour-de-France-2025-ASO-cherche-t-elle-a-favoriser-Pogacar-et-van-der-Poel-pour-le-maillot-vert-.png","keywords":["actu","br\u00e8ve","Maillot vert Tour de France","Tadej Pogacar","Tour de France"],"articleSection":["Tour de France"],"inLanguage":"fr-FR","potentialAction":[{"@type":"CommentAction","name":"Comment","target":["https:\/\/dicodusport.fr\/blog\/tour-de-france-2025-aso-cherche-t-elle-a-favoriser-pogacar-et-van-der-poel-pour-le-maillot-vert\/#respond"]}],"copyrightYear":"2025","copyrightHolder":{"@id":"https:\/\/dicodusport.fr\/blog\/#organization"}},{"@type":"WebPage","@id":"https:\/\/dicodusport.fr\/blog\/tour-de-france-2025-aso-cherche-t-elle-a-favoriser-pogacar-et-van-der-poel-pour-le-maillot-vert\/","url":"https:\/\/dicodusport.fr\/blog\/tour-de-france-2025-aso-cherche-t-elle-a-favoriser-pogacar-et-van-der-poel-pour-le-maillot-vert\/","name":"Tour de France 2025\u00a0: ASO cherche-t-elle \u00e0 favoriser Pogacar et van der Poel pour le maillot vert\u00a0?","isPartOf":{"@id":"https:\/\/dicodusport.fr\/blog\/#website"},"primaryImageOfPage":{"@id":"https:\/\/dicodusport.fr\/blog\/tour-de-france-2025-aso-cherche-t-elle-a-favoriser-pogacar-et-van-der-poel-pour-le-maillot-vert\/#primaryimage"},"image":{"@id":"https:\/\/dicodusport.fr\/blog\/tour-de-france-2025-aso-cherche-t-elle-a-favoriser-pogacar-et-van-der-poel-pour-le-maillot-vert\/#primaryimage"},"thumbnailUrl":"https:\/\/dicodusport.fr\/blog\/wp-content\/uploads\/2025\/06\/Tour-de-France-2025-ASO-cherche-t-elle-a-favoriser-Pogacar-et-van-der-Poel-pour-le-maillot-vert-.png","datePublished":"2025-06-30T13:03:30+00:00","dateModified":"2025-07-01T16:47:26+00:00","description":"Le bar\u00e8me des points distribu\u00e9s sur les arriv\u00e9es d\u2019\u00e9tapes du Tour de France 2025 fait d\u00e9bat. Les sprinteurs risquent d\u2019\u00eatre largement d\u00e9savantag\u00e9s.","breadcrumb":{"@id":"https:\/\/dicodusport.fr\/blog\/tour-de-france-2025-aso-cherche-t-elle-a-favoriser-pogacar-et-van-der-poel-pour-le-maillot-vert\/#breadcrumb"},"inLanguage":"fr-FR","potentialAction":[{"@type":"ReadAction","target":["https:\/\/dicodusport.fr\/blog\/tour-de-france-2025-aso-cherche-t-elle-a-favoriser-pogacar-et-van-der-poel-pour-le-maillot-vert\/"]}]},{"@type":"ImageObject","inLanguage":"fr-FR","@id":"https:\/\/dicodusport.fr\/blog\/tour-de-france-2025-aso-cherche-t-elle-a-favoriser-pogacar-et-van-der-poel-pour-le-maillot-vert\/#primaryimage","url":"https:\/\/dicodusport.fr\/blog\/wp-content\/uploads\/2025\/06\/Tour-de-France-2025-ASO-cherche-t-elle-a-favoriser-Pogacar-et-van-der-Poel-pour-le-maillot-vert-.png","contentUrl":"https:\/\/dicodusport.fr\/blog\/wp-content\/uploads\/2025\/06\/Tour-de-France-2025-ASO-cherche-t-elle-a-favoriser-Pogacar-et-van-der-Poel-pour-le-maillot-vert-.png","width":1200,"height":674,"caption":"Tour de France 2025\u00a0 ASO cherche-t-elle \u00e0 favoriser Pogacar et van der Poel pour le maillot vert\u00a0"},{"@type":"BreadcrumbList","@id":"https:\/\/dicodusport.fr\/blog\/tour-de-france-2025-aso-cherche-t-elle-a-favoriser-pogacar-et-van-der-poel-pour-le-maillot-vert\/#breadcrumb","itemListElement":[{"@type":"ListItem","position":1,"name":"Accueil","item":"https:\/\/dicodusport.fr\/blog\/"},{"@type":"ListItem","position":2,"name":"Tour de France 2025\u00a0: ASO cherche-t-elle \u00e0 favoriser Pogacar et van der Poel pour le maillot vert\u00a0?"}]},{"@type":"WebSite","@id":"https:\/\/dicodusport.fr\/blog\/#website","url":"https:\/\/dicodusport.fr\/blog\/","name":"Dicodusport","description":"L&#039;encyclop\u00e9die de l&#039;actualit\u00e9 sportive","publisher":{"@id":"https:\/\/dicodusport.fr\/blog\/#organization"},"potentialAction":[{"@type":"SearchAction","target":{"@type":"EntryPoint","urlTemplate":"https:\/\/dicodusport.fr\/blog\/?s={search_term_string}"},"query-input":{"@type":"PropertyValueSpecification","valueRequired":true,"valueName":"search_term_string"}}],"inLanguage":"fr-FR"},{"@type":"NewsMediaOrganization","@id":"https:\/\/dicodusport.fr\/blog\/#organization","name":"Dicodusport","url":"https:\/\/dicodusport.fr\/blog\/","logo":{"@type":"ImageObject","inLanguage":"fr-FR","@id":"https:\/\/dicodusport.fr\/blog\/#\/schema\/logo\/image\/","url":"https:\/\/dicodusport.fr\/blog\/wp-content\/uploads\/2020\/06\/cropped-LOGO-DICODUSPORT-2020-SANS-FOND-SANS-TEXTE.png","contentUrl":"https:\/\/dicodusport.fr\/blog\/wp-content\/uploads\/2020\/06\/cropped-LOGO-DICODUSPORT-2020-SANS-FOND-SANS-TEXTE.png","width":512,"height":512,"caption":"Dicodusport"},"image":{"@id":"https:\/\/dicodusport.fr\/blog\/#\/schema\/logo\/image\/"},"sameAs":["https:\/\/www.facebook.com\/dicodusport","https:\/\/x.com\/dicodusport","https:\/\/www.instagram.com\/dicodusport\/","https:\/\/www.youtube.com\/channel\/UC7V2KZ5sd3htJivAbA4ZG3w"],"description":"Dicodusport est l'encyclop\u00e9die de l'actualit\u00e9 sportive.","email":"bonjour@dicodusport.fr","legalName":"DICODUSPORT","foundingDate":"2018-01-14","vatID":"FR71834470973","taxID":"83447097300043","numberOfEmployees":{"@type":"QuantitativeValue","minValue":"1","maxValue":"10"}},{"@type":"Person","@id":"https:\/\/dicodusport.fr\/blog\/#\/schema\/person\/1eaa63dfac40b5e5c47f03a71920c1cd","name":"Paul Lalevee","image":{"@type":"ImageObject","inLanguage":"fr-FR","@id":"https:\/\/dicodusport.fr\/blog\/#\/schema\/person\/image\/","url":"https:\/\/dicodusport.fr\/blog\/wp-content\/uploads\/2023\/10\/291154246_1690604071293245_3118259335115946499_n-150x150.jpg","contentUrl":"https:\/\/dicodusport.fr\/blog\/wp-content\/uploads\/2023\/10\/291154246_1690604071293245_3118259335115946499_n-150x150.jpg","caption":"Paul Lalevee"},"description":"La bulle Disney pendant le Covid, le Tour 2019, la Coupe du monde 2018. Ces trois \u00e9v\u00e9nements majeurs sont ancr\u00e9s dans ma t\u00eate de fan de sport, n\u00e9gativement ou positivement. Passionn\u00e9 de sport depuis l'enfance, j'ai d\u00e9cid\u00e9 de mettre ma passion de l'\u00e9criture au service de cette premi\u00e8re passion.","url":"https:\/\/dicodusport.fr\/blog\/author\/paul-lalevee\/"}]}},"_links":{"self":[{"href":"https:\/\/dicodusport.fr\/blog\/wp-json\/wp\/v2\/posts\/588493","targetHints":{"allow":["GET"]}}],"collection":[{"href":"https:\/\/dicodusport.fr\/blog\/wp-json\/wp\/v2\/posts"}],"about":[{"href":"https:\/\/dicodusport.fr\/blog\/wp-json\/wp\/v2\/types\/post"}],"author":[{"embeddable":true,"href":"https:\/\/dicodusport.fr\/blog\/wp-json\/wp\/v2\/users\/88"}],"replies":[{"embeddable":true,"href":"https:\/\/dicodusport.fr\/blog\/wp-json\/wp\/v2\/comments?post=588493"}],"version-history":[{"count":5,"href":"https:\/\/dicodusport.fr\/blog\/wp-json\/wp\/v2\/posts\/588493\/revisions"}],"predecessor-version":[{"id":591934,"href":"https:\/\/dicodusport.fr\/blog\/wp-json\/wp\/v2\/posts\/588493\/revisions\/591934"}],"wp:featuredmedia":[{"embeddable":true,"href":"https:\/\/dicodusport.fr\/blog\/wp-json\/wp\/v2\/media\/591654"}],"wp:attachment":[{"href":"https:\/\/dicodusport.fr\/blog\/wp-json\/wp\/v2\/media?parent=588493"}],"wp:term":[{"taxonomy":"category","embeddable":true,"href":"https:\/\/dicodusport.fr\/blog\/wp-json\/wp\/v2\/categories?post=588493"},{"taxonomy":"post_tag","embeddable":true,"href":"https:\/\/dicodusport.fr\/blog\/wp-json\/wp\/v2\/tags?post=588493"}],"curies":[{"name":"wp","href":"https:\/\/api.w.org\/{rel}","templated":true}]}}