{"id":58853,"date":"2020-02-03T09:03:11","date_gmt":"2020-02-03T08:03:11","guid":{"rendered":"http:\/\/dicodusport.fr\/blog\/?p=58853"},"modified":"2020-02-03T10:01:39","modified_gmt":"2020-02-03T09:01:39","slug":"tennis-le-programme-de-la-semaine-cote-francais-5","status":"publish","type":"post","link":"https:\/\/dicodusport.fr\/blog\/tennis-le-programme-de-la-semaine-cote-francais-5\/","title":{"rendered":"Le programme de la semaine c\u00f4t\u00e9 Fran\u00e7ais"},"content":{"rendered":"<p style=\"text-align: justify;\"><strong><em>Tennis &#8211; Cette semaine, retour au quotidien pour nos Fran\u00e7ais, apr\u00e8s un Open d\u2019Australie express. Tour d\u2019horizon du programme de nos Tricolores. <\/em><\/strong><\/p>\n<h2 style=\"text-align: justify;\">Les tournois des principaux Fran\u00e7ais(es) cette semaine<\/h2>\n<h3 style=\"text-align: justify;\">Montpellier ATP 250<\/h3>\n<p style=\"text-align: justify;\">C\u2019est le grand rendez-vous c\u00f4t\u00e9 Fran\u00e7ais pour cette premi\u00e8re semaine post Open d\u2019Australie. Et pour retrouver de la confiance, rien de mieux que de reprendre sur ses terres, \u00e0 l\u2019Open Sud de France.<\/p>\n<p style=\"text-align: justify;\">Sans surprises, nous retrouverons donc un tableau qui fait la part belle \u00e0 nos Tricolores, avec en t\u00eate d\u2019affiche <strong>Ga\u00ebl Monfils<\/strong>. Exempt\u00e9 de premier tour, il pourrait retrouver pour son entr\u00e9e en lice, au second tour, son compatriote <strong>Adrian Mannarino<\/strong>. Autre Fran\u00e7ais pr\u00e9sent dans cette partie haute du tableau, <strong>Gr\u00e9goire Barr\u00e8re<\/strong>. Oppos\u00e9 au Portugais Joao Sousa pour son premier tour, c\u2019est face \u00e0 une autre t\u00eate d\u2019affiche de ce tournoi qu\u2019il pourrait \u00eatre oppos\u00e9 au deuxi\u00e8me tour\u00a0: Grigor Dimitrov.<\/p>\n<p style=\"text-align: justify;\">La partie inf\u00e9rieure du tableau ne sera pas en reste c\u00f4t\u00e9 Fran\u00e7ais puisqu\u2019ils seront pas moins de quatre avec notamment <strong>Ugo Humbert<\/strong> (oppos\u00e9 \u00e0 Feliciano Lopez pour son premier tour) et <strong>Pierre-Hugues Herbert<\/strong>. Mais l\u2019affiche de ce premier tour sera sans conteste l\u2019opposition entre deux tricolores\u00a0: <strong>Gilles Simon<\/strong> et <strong>Richard Gasquet\u00a0<\/strong>!<\/p>\n<blockquote class=\"twitter-tweet\">\n<p dir=\"ltr\" lang=\"fr\">J-1 avant l&rsquo;<a href=\"https:\/\/twitter.com\/hashtag\/OSDF20?src=hash&amp;ref_src=twsrc%5Etfw\">#OSDF20<\/a> !<\/p>\n<p>Qui sera le grand champion ? &#x1f4aa;&#x1f3fb;<br \/>\nQui aura l&rsquo;honneur de soulever la coupe ? &#x1f3c6;<\/p>\n<p>On vous attend nombreux \u00e0 la Sud de France Arena. Rendez-vous d\u00e8s demain pour le d\u00e9but des affrontements &#x1f4a5;&#x1f3be;&#x1f4a5; <a href=\"https:\/\/t.co\/6uVfFsKioa\">pic.twitter.com\/6uVfFsKioa<\/a><\/p>\n<p>\u2014 Open Sud de France (@OpenSuddeFrance) <a href=\"https:\/\/twitter.com\/OpenSuddeFrance\/status\/1223635504018661376?ref_src=twsrc%5Etfw\">February 1, 2020<\/a><\/p><\/blockquote>\n<p><script async src=\"https:\/\/platform.twitter.com\/widgets.js\" charset=\"utf-8\"><\/script><\/p>\n<h3 style=\"text-align: justify;\">Pune ATP 250<\/h3>\n<p style=\"text-align: justify;\">C\u2019est en Inde que <strong>Beno\u00eet Paire<\/strong> a lui fait le choix de reprendre \u00e0 la suite de la tourn\u00e9e australienne. Et l\u2019occasion est belle pour lui d\u2019aller d\u00e9crocher son premier titre de l\u2019ann\u00e9e puisqu\u2019il fera office de t\u00eate de s\u00e9rie num\u00e9ro une pour ce tournoi de Pune. Un tournoi qui est \u00e0 sa port\u00e9e, au sein duquel un autre Fran\u00e7ais sera \u00e9galement pr\u00e9sent en la personne d\u2019<strong>Antoine Hoang<\/strong>.<\/p>\n<h3 style=\"text-align: justify;\">Cordoba ATP 250<\/h3>\n<p style=\"text-align: justify;\">Il faudra avoir un \u0153il en Am\u00e9rique du Sud cette semaine pour suivre le parcours de <strong>Corentin Moutet<\/strong> en Argentine, pour le tournoi de Cordoba (ATP 250). Un tournoi au fort accent sud-am\u00e9ricain avec un premier tour pour notre Fran\u00e7ais face au Br\u00e9silien Monteiro, avant d\u2019esp\u00e9rer se frotter au local Guido Pella.<\/p>\n<p style=\"text-align: justify;\"><strong>Cette semaine, aucun tournoi f\u00e9minin WTA n\u2019est au programme.<\/strong><\/p>\n<h3 style=\"text-align: justify;\">Le joueur \u00e0 suivre : Beno\u00eet Paire<\/h3>\n<p style=\"text-align: justify;\">A la lecture du tableau du tournoi ATP 250 de Pune en Inde, on ne peut que croire en Benoit Paire pour cette semaine qui s\u2019annonce belle pour lui s\u2019il arrive \u00e0 jouer au niveau qui doit \u00eatre le sien. Auteur de belles prestations cette saison, notamment \u00e0 l\u2019ATP Cup et sa finale au tournoi d\u2019Auckland, le Fran\u00e7ais peut r\u00e9ellement lancer son ann\u00e9e 2020 en inscrivant un titre \u00e0 son palmar\u00e8s (le septi\u00e8me). Pour cela, Beno\u00eet Paire devra \u00eatre rigoureux et s\u00e9rieux tout au long de la semaine et montrer qu\u2019il est capable de maintenir un niveau de jeu digne de son niveau durant toute une semaine. R\u00e9ponse le weekend prochain\u2026<\/p>\n<p><strong><em>Bastien<br \/>\n<a href=\"https:\/\/www.facebook.com\/bastien.pitte\" target=\"_blank\" rel=\"noopener noreferrer\"><img loading=\"lazy\" decoding=\"async\" class=\"alignnone wp-image-2909\" src=\"http:\/\/dicodusport.fr\/blog\/wp-content\/uploads\/2017\/07\/logo-facebook-150x150.png\" alt=\"\" width=\"39\" height=\"39\" \/><\/a><\/em><\/strong><a href=\"https:\/\/www.linkedin.com\/in\/bastien-pitte\" target=\"_blank\" rel=\"noopener noreferrer\"><img loading=\"lazy\" decoding=\"async\" class=\"alignnone wp-image-3711\" src=\"http:\/\/dicodusport.fr\/blog\/wp-content\/uploads\/2017\/08\/signature-linkedin-150x150.png\" alt=\"\" width=\"39\" height=\"39\" srcset=\"https:\/\/dicodusport.fr\/blog\/wp-content\/uploads\/2017\/08\/signature-linkedin-150x150.png 150w, https:\/\/dicodusport.fr\/blog\/wp-content\/uploads\/2017\/08\/signature-linkedin.png 295w\" sizes=\"auto, (max-width: 39px) 100vw, 39px\" \/><\/a><\/p>\n","protected":false},"excerpt":{"rendered":"<p>Tennis &#8211; Cette semaine, retour au quotidien pour nos Fran\u00e7ais, apr\u00e8s un Open d\u2019Australie express. Tour d\u2019horizon du programme de nos Tricolores.<\/p>\n","protected":false},"author":28,"featured_media":58876,"comment_status":"open","ping_status":"closed","sticky":false,"template":"","format":"standard","meta":{"_acf_changed":false,"_daextam_enable_autolinks":"","footnotes":""},"categories":[2302],"tags":[156,5942,2370,2804,3307,2542,136],"class_list":["post-58853","post","type-post","status-publish","format-standard","has-post-thumbnail","hentry","category-tennis","tag-atp","tag-benoit-paire","tag-corentin-moutet","tag-gael-monfils","tag-gilles-simon","tag-richard-gasquet","tag-tennis"],"acf":[],"yoast_head":"<!-- This site is optimized with the Yoast SEO Premium plugin v26.7 (Yoast SEO v26.7) - https:\/\/yoast.com\/wordpress\/plugins\/seo\/ -->\n<title>Le programme de la semaine c\u00f4t\u00e9 Fran\u00e7ais<\/title>\n<meta name=\"description\" content=\"Tennis - Cette semaine, retour au quotidien pour nos Fran\u00e7ais, apr\u00e8s un Open d\u2019Australie express. Tour d\u2019horizon du programme de nos Tricolores.\" \/>\n<meta name=\"robots\" content=\"index, follow, max-snippet:-1, max-image-preview:large, max-video-preview:-1\" \/>\n<link rel=\"canonical\" href=\"https:\/\/dicodusport.fr\/blog\/tennis-le-programme-de-la-semaine-cote-francais-5\/\" \/>\n<meta property=\"og:locale\" content=\"fr_FR\" \/>\n<meta property=\"og:type\" content=\"article\" \/>\n<meta property=\"og:title\" content=\"Tennis : Le programme de la semaine c\u00f4t\u00e9 Fran\u00e7ais\" \/>\n<meta property=\"og:description\" content=\"Tennis - Cette semaine, retour au quotidien pour nos Fran\u00e7ais, apr\u00e8s un Open d\u2019Australie express. Tour d\u2019horizon du programme de nos Tricolores.\" \/>\n<meta property=\"og:url\" content=\"https:\/\/dicodusport.fr\/blog\/tennis-le-programme-de-la-semaine-cote-francais-5\/\" \/>\n<meta property=\"og:site_name\" content=\"Dicodusport\" \/>\n<meta property=\"article:publisher\" content=\"https:\/\/www.facebook.com\/dicodusport\" \/>\n<meta property=\"article:published_time\" content=\"2020-02-03T08:03:11+00:00\" \/>\n<meta property=\"article:modified_time\" content=\"2020-02-03T09:01:39+00:00\" \/>\n<meta property=\"og:image\" content=\"https:\/\/dicodusport.fr\/blog\/wp-content\/uploads\/2020\/02\/Tennis-Le-programme-de-la-semaine-c\u00f4t\u00e9-Fran\u00e7ais.png\" \/>\n\t<meta property=\"og:image:width\" content=\"800\" \/>\n\t<meta property=\"og:image:height\" content=\"445\" \/>\n\t<meta property=\"og:image:type\" content=\"image\/png\" \/>\n<meta name=\"author\" content=\"Bastien Pitte\" \/>\n<meta name=\"twitter:card\" content=\"summary_large_image\" \/>\n<meta name=\"twitter:title\" content=\"Tennis : Le programme de la semaine c\u00f4t\u00e9 Fran\u00e7ais\" \/>\n<meta name=\"twitter:creator\" content=\"@dicodusport\" \/>\n<meta name=\"twitter:site\" content=\"@dicodusport\" \/>\n<script type=\"application\/ld+json\" class=\"yoast-schema-graph\">{\"@context\":\"https:\/\/schema.org\",\"@graph\":[{\"@type\":\"NewsArticle\",\"@id\":\"https:\/\/dicodusport.fr\/blog\/tennis-le-programme-de-la-semaine-cote-francais-5\/#article\",\"isPartOf\":{\"@id\":\"https:\/\/dicodusport.fr\/blog\/tennis-le-programme-de-la-semaine-cote-francais-5\/\"},\"author\":{\"name\":\"Bastien Pitte\",\"@id\":\"https:\/\/dicodusport.fr\/blog\/#\/schema\/person\/0d3ca824646a2d0c77bdd7e45230c071\"},\"headline\":\"Le programme de la semaine c\u00f4t\u00e9 Fran\u00e7ais\",\"datePublished\":\"2020-02-03T08:03:11+00:00\",\"dateModified\":\"2020-02-03T09:01:39+00:00\",\"mainEntityOfPage\":{\"@id\":\"https:\/\/dicodusport.fr\/blog\/tennis-le-programme-de-la-semaine-cote-francais-5\/\"},\"wordCount\":574,\"commentCount\":0,\"publisher\":{\"@id\":\"https:\/\/dicodusport.fr\/blog\/#organization\"},\"image\":{\"@id\":\"https:\/\/dicodusport.fr\/blog\/tennis-le-programme-de-la-semaine-cote-francais-5\/#primaryimage\"},\"thumbnailUrl\":\"https:\/\/dicodusport.fr\/blog\/wp-content\/uploads\/2020\/02\/Tennis-Le-programme-de-la-semaine-c\u00f4t\u00e9-Fran\u00e7ais.png\",\"keywords\":[\"ATP\",\"Beno\u00eet Paire\",\"Corentin Moutet\",\"Ga\u00ebl Monfils\",\"Gilles Simon\",\"Richard Gasquet\",\"Tennis\"],\"articleSection\":[\"Tennis\"],\"inLanguage\":\"fr-FR\",\"potentialAction\":[{\"@type\":\"CommentAction\",\"name\":\"Comment\",\"target\":[\"https:\/\/dicodusport.fr\/blog\/tennis-le-programme-de-la-semaine-cote-francais-5\/#respond\"]}],\"copyrightYear\":\"2020\",\"copyrightHolder\":{\"@id\":\"https:\/\/dicodusport.fr\/blog\/#organization\"}},{\"@type\":\"WebPage\",\"@id\":\"https:\/\/dicodusport.fr\/blog\/tennis-le-programme-de-la-semaine-cote-francais-5\/\",\"url\":\"https:\/\/dicodusport.fr\/blog\/tennis-le-programme-de-la-semaine-cote-francais-5\/\",\"name\":\"Le programme de la semaine c\u00f4t\u00e9 Fran\u00e7ais\",\"isPartOf\":{\"@id\":\"https:\/\/dicodusport.fr\/blog\/#website\"},\"primaryImageOfPage\":{\"@id\":\"https:\/\/dicodusport.fr\/blog\/tennis-le-programme-de-la-semaine-cote-francais-5\/#primaryimage\"},\"image\":{\"@id\":\"https:\/\/dicodusport.fr\/blog\/tennis-le-programme-de-la-semaine-cote-francais-5\/#primaryimage\"},\"thumbnailUrl\":\"https:\/\/dicodusport.fr\/blog\/wp-content\/uploads\/2020\/02\/Tennis-Le-programme-de-la-semaine-c\u00f4t\u00e9-Fran\u00e7ais.png\",\"datePublished\":\"2020-02-03T08:03:11+00:00\",\"dateModified\":\"2020-02-03T09:01:39+00:00\",\"description\":\"Tennis - Cette semaine, retour au quotidien pour nos Fran\u00e7ais, apr\u00e8s un Open d\u2019Australie express. Tour d\u2019horizon du programme de nos Tricolores.\",\"breadcrumb\":{\"@id\":\"https:\/\/dicodusport.fr\/blog\/tennis-le-programme-de-la-semaine-cote-francais-5\/#breadcrumb\"},\"inLanguage\":\"fr-FR\",\"potentialAction\":[{\"@type\":\"ReadAction\",\"target\":[\"https:\/\/dicodusport.fr\/blog\/tennis-le-programme-de-la-semaine-cote-francais-5\/\"]}]},{\"@type\":\"ImageObject\",\"inLanguage\":\"fr-FR\",\"@id\":\"https:\/\/dicodusport.fr\/blog\/tennis-le-programme-de-la-semaine-cote-francais-5\/#primaryimage\",\"url\":\"https:\/\/dicodusport.fr\/blog\/wp-content\/uploads\/2020\/02\/Tennis-Le-programme-de-la-semaine-c\u00f4t\u00e9-Fran\u00e7ais.png\",\"contentUrl\":\"https:\/\/dicodusport.fr\/blog\/wp-content\/uploads\/2020\/02\/Tennis-Le-programme-de-la-semaine-c\u00f4t\u00e9-Fran\u00e7ais.png\",\"width\":800,\"height\":445,\"caption\":\"Tennis - Le programme de la semaine c\u00f4t\u00e9 Fran\u00e7ais\"},{\"@type\":\"BreadcrumbList\",\"@id\":\"https:\/\/dicodusport.fr\/blog\/tennis-le-programme-de-la-semaine-cote-francais-5\/#breadcrumb\",\"itemListElement\":[{\"@type\":\"ListItem\",\"position\":1,\"name\":\"Accueil\",\"item\":\"https:\/\/dicodusport.fr\/blog\/\"},{\"@type\":\"ListItem\",\"position\":2,\"name\":\"Le programme de la semaine c\u00f4t\u00e9 Fran\u00e7ais\"}]},{\"@type\":\"WebSite\",\"@id\":\"https:\/\/dicodusport.fr\/blog\/#website\",\"url\":\"https:\/\/dicodusport.fr\/blog\/\",\"name\":\"Dicodusport\",\"description\":\"L&#039;encyclop\u00e9die de l&#039;actualit\u00e9 sportive\",\"publisher\":{\"@id\":\"https:\/\/dicodusport.fr\/blog\/#organization\"},\"potentialAction\":[{\"@type\":\"SearchAction\",\"target\":{\"@type\":\"EntryPoint\",\"urlTemplate\":\"https:\/\/dicodusport.fr\/blog\/?s={search_term_string}\"},\"query-input\":{\"@type\":\"PropertyValueSpecification\",\"valueRequired\":true,\"valueName\":\"search_term_string\"}}],\"inLanguage\":\"fr-FR\"},{\"@type\":\"NewsMediaOrganization\",\"@id\":\"https:\/\/dicodusport.fr\/blog\/#organization\",\"name\":\"Dicodusport\",\"url\":\"https:\/\/dicodusport.fr\/blog\/\",\"logo\":{\"@type\":\"ImageObject\",\"inLanguage\":\"fr-FR\",\"@id\":\"https:\/\/dicodusport.fr\/blog\/#\/schema\/logo\/image\/\",\"url\":\"https:\/\/dicodusport.fr\/blog\/wp-content\/uploads\/2020\/06\/cropped-LOGO-DICODUSPORT-2020-SANS-FOND-SANS-TEXTE.png\",\"contentUrl\":\"https:\/\/dicodusport.fr\/blog\/wp-content\/uploads\/2020\/06\/cropped-LOGO-DICODUSPORT-2020-SANS-FOND-SANS-TEXTE.png\",\"width\":512,\"height\":512,\"caption\":\"Dicodusport\"},\"image\":{\"@id\":\"https:\/\/dicodusport.fr\/blog\/#\/schema\/logo\/image\/\"},\"sameAs\":[\"https:\/\/www.facebook.com\/dicodusport\",\"https:\/\/x.com\/dicodusport\",\"https:\/\/www.instagram.com\/dicodusport\/\",\"https:\/\/www.youtube.com\/channel\/UC7V2KZ5sd3htJivAbA4ZG3w\"],\"description\":\"Dicodusport est l'encyclop\u00e9die de l'actualit\u00e9 sportive.\",\"email\":\"bonjour@dicodusport.fr\",\"legalName\":\"DICODUSPORT\",\"foundingDate\":\"2018-01-14\",\"vatID\":\"FR71834470973\",\"taxID\":\"83447097300043\",\"numberOfEmployees\":{\"@type\":\"QuantitativeValue\",\"minValue\":\"1\",\"maxValue\":\"10\"}},{\"@type\":\"Person\",\"@id\":\"https:\/\/dicodusport.fr\/blog\/#\/schema\/person\/0d3ca824646a2d0c77bdd7e45230c071\",\"name\":\"Bastien Pitte\",\"image\":{\"@type\":\"ImageObject\",\"inLanguage\":\"fr-FR\",\"@id\":\"https:\/\/dicodusport.fr\/blog\/#\/schema\/person\/image\/\",\"url\":\"https:\/\/dicodusport.fr\/blog\/wp-content\/uploads\/2020\/06\/cropped-LOGO-DICODUSPORT-2020-SANS-FOND-SANS-TEXTE-150x150.png\",\"contentUrl\":\"https:\/\/dicodusport.fr\/blog\/wp-content\/uploads\/2020\/06\/cropped-LOGO-DICODUSPORT-2020-SANS-FOND-SANS-TEXTE-150x150.png\",\"caption\":\"Bastien Pitte\"},\"url\":\"https:\/\/dicodusport.fr\/blog\/author\/bastien\/\"}]}<\/script>\n<!-- \/ Yoast SEO Premium plugin. -->","yoast_head_json":{"title":"Le programme de la semaine c\u00f4t\u00e9 Fran\u00e7ais","description":"Tennis - Cette semaine, retour au quotidien pour nos Fran\u00e7ais, apr\u00e8s un Open d\u2019Australie express. Tour d\u2019horizon du programme de nos Tricolores.","robots":{"index":"index","follow":"follow","max-snippet":"max-snippet:-1","max-image-preview":"max-image-preview:large","max-video-preview":"max-video-preview:-1"},"canonical":"https:\/\/dicodusport.fr\/blog\/tennis-le-programme-de-la-semaine-cote-francais-5\/","og_locale":"fr_FR","og_type":"article","og_title":"Tennis : Le programme de la semaine c\u00f4t\u00e9 Fran\u00e7ais","og_description":"Tennis - Cette semaine, retour au quotidien pour nos Fran\u00e7ais, apr\u00e8s un Open d\u2019Australie express. Tour d\u2019horizon du programme de nos Tricolores.","og_url":"https:\/\/dicodusport.fr\/blog\/tennis-le-programme-de-la-semaine-cote-francais-5\/","og_site_name":"Dicodusport","article_publisher":"https:\/\/www.facebook.com\/dicodusport","article_published_time":"2020-02-03T08:03:11+00:00","article_modified_time":"2020-02-03T09:01:39+00:00","og_image":[{"width":800,"height":445,"url":"https:\/\/dicodusport.fr\/blog\/wp-content\/uploads\/2020\/02\/Tennis-Le-programme-de-la-semaine-c\u00f4t\u00e9-Fran\u00e7ais.png","type":"image\/png"}],"author":"Bastien Pitte","twitter_card":"summary_large_image","twitter_title":"Tennis : Le programme de la semaine c\u00f4t\u00e9 Fran\u00e7ais","twitter_creator":"@dicodusport","twitter_site":"@dicodusport","schema":{"@context":"https:\/\/schema.org","@graph":[{"@type":"NewsArticle","@id":"https:\/\/dicodusport.fr\/blog\/tennis-le-programme-de-la-semaine-cote-francais-5\/#article","isPartOf":{"@id":"https:\/\/dicodusport.fr\/blog\/tennis-le-programme-de-la-semaine-cote-francais-5\/"},"author":{"name":"Bastien Pitte","@id":"https:\/\/dicodusport.fr\/blog\/#\/schema\/person\/0d3ca824646a2d0c77bdd7e45230c071"},"headline":"Le programme de la semaine c\u00f4t\u00e9 Fran\u00e7ais","datePublished":"2020-02-03T08:03:11+00:00","dateModified":"2020-02-03T09:01:39+00:00","mainEntityOfPage":{"@id":"https:\/\/dicodusport.fr\/blog\/tennis-le-programme-de-la-semaine-cote-francais-5\/"},"wordCount":574,"commentCount":0,"publisher":{"@id":"https:\/\/dicodusport.fr\/blog\/#organization"},"image":{"@id":"https:\/\/dicodusport.fr\/blog\/tennis-le-programme-de-la-semaine-cote-francais-5\/#primaryimage"},"thumbnailUrl":"https:\/\/dicodusport.fr\/blog\/wp-content\/uploads\/2020\/02\/Tennis-Le-programme-de-la-semaine-c\u00f4t\u00e9-Fran\u00e7ais.png","keywords":["ATP","Beno\u00eet Paire","Corentin Moutet","Ga\u00ebl Monfils","Gilles Simon","Richard Gasquet","Tennis"],"articleSection":["Tennis"],"inLanguage":"fr-FR","potentialAction":[{"@type":"CommentAction","name":"Comment","target":["https:\/\/dicodusport.fr\/blog\/tennis-le-programme-de-la-semaine-cote-francais-5\/#respond"]}],"copyrightYear":"2020","copyrightHolder":{"@id":"https:\/\/dicodusport.fr\/blog\/#organization"}},{"@type":"WebPage","@id":"https:\/\/dicodusport.fr\/blog\/tennis-le-programme-de-la-semaine-cote-francais-5\/","url":"https:\/\/dicodusport.fr\/blog\/tennis-le-programme-de-la-semaine-cote-francais-5\/","name":"Le programme de la semaine c\u00f4t\u00e9 Fran\u00e7ais","isPartOf":{"@id":"https:\/\/dicodusport.fr\/blog\/#website"},"primaryImageOfPage":{"@id":"https:\/\/dicodusport.fr\/blog\/tennis-le-programme-de-la-semaine-cote-francais-5\/#primaryimage"},"image":{"@id":"https:\/\/dicodusport.fr\/blog\/tennis-le-programme-de-la-semaine-cote-francais-5\/#primaryimage"},"thumbnailUrl":"https:\/\/dicodusport.fr\/blog\/wp-content\/uploads\/2020\/02\/Tennis-Le-programme-de-la-semaine-c\u00f4t\u00e9-Fran\u00e7ais.png","datePublished":"2020-02-03T08:03:11+00:00","dateModified":"2020-02-03T09:01:39+00:00","description":"Tennis - Cette semaine, retour au quotidien pour nos Fran\u00e7ais, apr\u00e8s un Open d\u2019Australie express. Tour d\u2019horizon du programme de nos Tricolores.","breadcrumb":{"@id":"https:\/\/dicodusport.fr\/blog\/tennis-le-programme-de-la-semaine-cote-francais-5\/#breadcrumb"},"inLanguage":"fr-FR","potentialAction":[{"@type":"ReadAction","target":["https:\/\/dicodusport.fr\/blog\/tennis-le-programme-de-la-semaine-cote-francais-5\/"]}]},{"@type":"ImageObject","inLanguage":"fr-FR","@id":"https:\/\/dicodusport.fr\/blog\/tennis-le-programme-de-la-semaine-cote-francais-5\/#primaryimage","url":"https:\/\/dicodusport.fr\/blog\/wp-content\/uploads\/2020\/02\/Tennis-Le-programme-de-la-semaine-c\u00f4t\u00e9-Fran\u00e7ais.png","contentUrl":"https:\/\/dicodusport.fr\/blog\/wp-content\/uploads\/2020\/02\/Tennis-Le-programme-de-la-semaine-c\u00f4t\u00e9-Fran\u00e7ais.png","width":800,"height":445,"caption":"Tennis - Le programme de la semaine c\u00f4t\u00e9 Fran\u00e7ais"},{"@type":"BreadcrumbList","@id":"https:\/\/dicodusport.fr\/blog\/tennis-le-programme-de-la-semaine-cote-francais-5\/#breadcrumb","itemListElement":[{"@type":"ListItem","position":1,"name":"Accueil","item":"https:\/\/dicodusport.fr\/blog\/"},{"@type":"ListItem","position":2,"name":"Le programme de la semaine c\u00f4t\u00e9 Fran\u00e7ais"}]},{"@type":"WebSite","@id":"https:\/\/dicodusport.fr\/blog\/#website","url":"https:\/\/dicodusport.fr\/blog\/","name":"Dicodusport","description":"L&#039;encyclop\u00e9die de l&#039;actualit\u00e9 sportive","publisher":{"@id":"https:\/\/dicodusport.fr\/blog\/#organization"},"potentialAction":[{"@type":"SearchAction","target":{"@type":"EntryPoint","urlTemplate":"https:\/\/dicodusport.fr\/blog\/?s={search_term_string}"},"query-input":{"@type":"PropertyValueSpecification","valueRequired":true,"valueName":"search_term_string"}}],"inLanguage":"fr-FR"},{"@type":"NewsMediaOrganization","@id":"https:\/\/dicodusport.fr\/blog\/#organization","name":"Dicodusport","url":"https:\/\/dicodusport.fr\/blog\/","logo":{"@type":"ImageObject","inLanguage":"fr-FR","@id":"https:\/\/dicodusport.fr\/blog\/#\/schema\/logo\/image\/","url":"https:\/\/dicodusport.fr\/blog\/wp-content\/uploads\/2020\/06\/cropped-LOGO-DICODUSPORT-2020-SANS-FOND-SANS-TEXTE.png","contentUrl":"https:\/\/dicodusport.fr\/blog\/wp-content\/uploads\/2020\/06\/cropped-LOGO-DICODUSPORT-2020-SANS-FOND-SANS-TEXTE.png","width":512,"height":512,"caption":"Dicodusport"},"image":{"@id":"https:\/\/dicodusport.fr\/blog\/#\/schema\/logo\/image\/"},"sameAs":["https:\/\/www.facebook.com\/dicodusport","https:\/\/x.com\/dicodusport","https:\/\/www.instagram.com\/dicodusport\/","https:\/\/www.youtube.com\/channel\/UC7V2KZ5sd3htJivAbA4ZG3w"],"description":"Dicodusport est l'encyclop\u00e9die de l'actualit\u00e9 sportive.","email":"bonjour@dicodusport.fr","legalName":"DICODUSPORT","foundingDate":"2018-01-14","vatID":"FR71834470973","taxID":"83447097300043","numberOfEmployees":{"@type":"QuantitativeValue","minValue":"1","maxValue":"10"}},{"@type":"Person","@id":"https:\/\/dicodusport.fr\/blog\/#\/schema\/person\/0d3ca824646a2d0c77bdd7e45230c071","name":"Bastien Pitte","image":{"@type":"ImageObject","inLanguage":"fr-FR","@id":"https:\/\/dicodusport.fr\/blog\/#\/schema\/person\/image\/","url":"https:\/\/dicodusport.fr\/blog\/wp-content\/uploads\/2020\/06\/cropped-LOGO-DICODUSPORT-2020-SANS-FOND-SANS-TEXTE-150x150.png","contentUrl":"https:\/\/dicodusport.fr\/blog\/wp-content\/uploads\/2020\/06\/cropped-LOGO-DICODUSPORT-2020-SANS-FOND-SANS-TEXTE-150x150.png","caption":"Bastien Pitte"},"url":"https:\/\/dicodusport.fr\/blog\/author\/bastien\/"}]}},"_links":{"self":[{"href":"https:\/\/dicodusport.fr\/blog\/wp-json\/wp\/v2\/posts\/58853","targetHints":{"allow":["GET"]}}],"collection":[{"href":"https:\/\/dicodusport.fr\/blog\/wp-json\/wp\/v2\/posts"}],"about":[{"href":"https:\/\/dicodusport.fr\/blog\/wp-json\/wp\/v2\/types\/post"}],"author":[{"embeddable":true,"href":"https:\/\/dicodusport.fr\/blog\/wp-json\/wp\/v2\/users\/28"}],"replies":[{"embeddable":true,"href":"https:\/\/dicodusport.fr\/blog\/wp-json\/wp\/v2\/comments?post=58853"}],"version-history":[{"count":0,"href":"https:\/\/dicodusport.fr\/blog\/wp-json\/wp\/v2\/posts\/58853\/revisions"}],"wp:featuredmedia":[{"embeddable":true,"href":"https:\/\/dicodusport.fr\/blog\/wp-json\/wp\/v2\/media\/58876"}],"wp:attachment":[{"href":"https:\/\/dicodusport.fr\/blog\/wp-json\/wp\/v2\/media?parent=58853"}],"wp:term":[{"taxonomy":"category","embeddable":true,"href":"https:\/\/dicodusport.fr\/blog\/wp-json\/wp\/v2\/categories?post=58853"},{"taxonomy":"post_tag","embeddable":true,"href":"https:\/\/dicodusport.fr\/blog\/wp-json\/wp\/v2\/tags?post=58853"}],"curies":[{"name":"wp","href":"https:\/\/api.w.org\/{rel}","templated":true}]}}