{"id":588531,"date":"2025-06-21T09:00:25","date_gmt":"2025-06-21T07:00:25","guid":{"rendered":"https:\/\/dicodusport.fr\/blog\/?p=588531&#038;preview=true&#038;preview_id=588531"},"modified":"2025-07-13T17:31:41","modified_gmt":"2025-07-13T15:31:41","slug":"championnats-du-monde-de-judo-2025-une-edition-decevante-pour-le-clan-francais","status":"publish","type":"post","link":"https:\/\/dicodusport.fr\/blog\/championnats-du-monde-de-judo-2025-une-edition-decevante-pour-le-clan-francais\/","title":{"rendered":"Championnats du monde de judo 2025 : Une \u00e9dition d\u00e9cevante pour le clan fran\u00e7ais ?"},"content":{"rendered":"<p style=\"text-align: justify;\"><strong><em>CHAMPIONNATS DU MONDE DE JUDO 2025 &#8211; Avec 4 m\u00e9dailles, dont 1 seul titre, l&rsquo;\u00e9quipe de France repart de Budapest avec un bilan contrast\u00e9. En comparant avec les \u00e9ditions pr\u00e9c\u00e9dentes, on peut dire que ces championnats sont d\u00e9cevants.<\/em><\/strong><\/p>\n<ul style=\"text-align: justify;\">\n<li><strong>\u00c0 voir aussi \u2013\u00a0<a href=\"https:\/\/dicodusport.fr\/blog\/judo-championnats-du-monde-2025-programme-et-resultats\/\">Programme et r\u00e9sultats des Championnats du monde de Judo 2025<\/a><\/strong><\/li>\n<\/ul>\n<p style=\"text-align: justify;\">4 m\u00e9dailles, 1 en or, 1 en argent, et 2 en bronze, voici le bilan final de l&rsquo;\u00e9quipe de France de judo, aux Mondiaux de Budapest (Hongrie). Une confirmation, une belle surprise, mais aussi plusieurs grosses d\u00e9ceptions qui laissent un go\u00fbt quelque peu amer apr\u00e8s une ann\u00e9e olympique fructueuse.<\/p>\n<h2 style=\"text-align: justify;\">Gaba a confirm\u00e9 son nouveau statut, Valadier-Picard a bluff\u00e9 tout le monde<\/h2>\n<p style=\"text-align: justify;\">Arriv\u00e9 sur ces Mondiaux avec un tout nouveau statut de m\u00e9daill\u00e9 olympique, <strong>Joan-Benjamin Gaba<\/strong> (-73 kg) n&rsquo;a pas d\u00e9\u00e7u, et m\u00eame mieux, il est all\u00e9 chercher le titre mondial. Auteur d&rsquo;une journ\u00e9e parfaite, il a remport\u00e9 le seul titre du clan tricolore. Par \u00e9quipes, il a \u00e9galement remport\u00e9 tous ses combats. Il devient d\u00e9sormais un pilier des Bleus et de sa cat\u00e9gorie, sur lequel il faudra compter lors des grandes comp\u00e9titions.<\/p>\n<div class=\"vlp-link-container vlp-layout-article\"><a href=\"https:\/\/dicodusport.fr\/blog\/judo-championnats-du-monde-2025-joan-benjamin-gaba-soffre-un-premier-titre-mondial-73-kg\/\" class=\"vlp-link\" title=\"Judo Championnats du monde 2025 : Joan-Benjamin Gaba s&#039;offre un premier titre mondial (-73 kg)\"><\/a><div class=\"vlp-layout-zone-side\"><div class=\"vlp-block-4 vlp-link-image\"><img loading=\"lazy\" decoding=\"async\" style=\"max-width: 792px;\" width=\"792\" height=\"445\" src=\"https:\/\/dicodusport.fr\/blog\/wp-content\/uploads\/2025\/06\/Judo-Championnats-du-monde-2025-Joan-Benjamin-Gaba-soffre-un-premier-titre-mondial-73-kg-1.png\" class=\"attachment-800x445 size-800x445\" alt=\"Judo Championnats du monde 2025 Joan-Benjamin Gaba s&#039;offre un premier titre mondial (-73 kg)\" srcset=\"https:\/\/dicodusport.fr\/blog\/wp-content\/uploads\/2025\/06\/Judo-Championnats-du-monde-2025-Joan-Benjamin-Gaba-soffre-un-premier-titre-mondial-73-kg-1.png 1200w, https:\/\/dicodusport.fr\/blog\/wp-content\/uploads\/2025\/06\/Judo-Championnats-du-monde-2025-Joan-Benjamin-Gaba-soffre-un-premier-titre-mondial-73-kg-1-300x169.png 300w, https:\/\/dicodusport.fr\/blog\/wp-content\/uploads\/2025\/06\/Judo-Championnats-du-monde-2025-Joan-Benjamin-Gaba-soffre-un-premier-titre-mondial-73-kg-1-1024x575.png 1024w, https:\/\/dicodusport.fr\/blog\/wp-content\/uploads\/2025\/06\/Judo-Championnats-du-monde-2025-Joan-Benjamin-Gaba-soffre-un-premier-titre-mondial-73-kg-1-768x431.png 768w\" sizes=\"auto, (max-width: 792px) 100vw, 792px\" \/><\/div><\/div><div class=\"vlp-layout-zone-main\"><div class=\"vlp-block-0 vlp-link-title\">Judo Championnats du monde 2025 : Joan-Benjamin Gaba s'offre un premier titre mondial (-73 kg)<\/div><div class=\"vlp-block-1 vlp-link-summary\">CHAMPIONNATS DU MONDE DE JUDO 2025 - Joan-Benjamin Gaba est champion du monde des -73 kg ! Tombeur du Br\u00e9silien Daniel Cargnin en finale, le Fran\u00e7ais s\u2019offre le plus beau des m\u00e9taux en Hongrie apr\u00e8s l\u2019argent aux Jeux Olympiques et le bronze aux Championnats d\u2019Europe.<\/div><div class=\"vlp-block-2 vlp-link-button\">Lire l'article<\/div><div class=\"vlp-block-3 vlp-link-url\">dicodusport.fr<\/div><\/div><\/div>\n<p style=\"text-align: justify;\"><strong>Romain Valadier-Picard<\/strong> (-60 kg) a, lui aussi, brill\u00e9. Brillant sur chacun de ses combats, il a manqu\u00e9 de peu le titre en finale, face au Japonais <strong>Ryuju Nagayama<\/strong>, d\u00e9j\u00e0 double m\u00e9daill\u00e9 mondial et m\u00e9daill\u00e9 olympique \u00e0 Paris. Le Fran\u00e7ais de 22 ans, en forme cette ann\u00e9e apr\u00e8s avoir remport\u00e9 le Grand Slam de Paris et la Coupe d&rsquo;Europe de Sarajevo, n&rsquo;a pas trembl\u00e9 pour d\u00e9crocher sa premi\u00e8re m\u00e9daille mondiale.<\/p>\n<div class=\"vlp-link-container vlp-layout-article\"><a href=\"https:\/\/dicodusport.fr\/blog\/judo-championnats-du-monde-2025-romain-valadier-picard-60-kg-vice-champion-du-monde\/\" class=\"vlp-link\" title=\"Judo Championnats du monde 2025 : Romain Valadier-Picard (-60 kg) vice-champion du monde !\"><\/a><div class=\"vlp-layout-zone-side\"><div class=\"vlp-block-4 vlp-link-image\"><img loading=\"lazy\" decoding=\"async\" style=\"max-width: 792px;\" width=\"792\" height=\"445\" src=\"https:\/\/dicodusport.fr\/blog\/wp-content\/uploads\/2025\/06\/Judo-Championnats-du-monde-2025-Romain-Valadier-Picard-60-kg-vice-champion-du-monde-1-1.png\" class=\"attachment-800x445 size-800x445\" alt=\"Judo Championnats du monde 2025 Romain Valadier-Picard (-60 kg) vice-champion du monde !\" srcset=\"https:\/\/dicodusport.fr\/blog\/wp-content\/uploads\/2025\/06\/Judo-Championnats-du-monde-2025-Romain-Valadier-Picard-60-kg-vice-champion-du-monde-1-1.png 1200w, https:\/\/dicodusport.fr\/blog\/wp-content\/uploads\/2025\/06\/Judo-Championnats-du-monde-2025-Romain-Valadier-Picard-60-kg-vice-champion-du-monde-1-1-300x169.png 300w, https:\/\/dicodusport.fr\/blog\/wp-content\/uploads\/2025\/06\/Judo-Championnats-du-monde-2025-Romain-Valadier-Picard-60-kg-vice-champion-du-monde-1-1-1024x575.png 1024w, https:\/\/dicodusport.fr\/blog\/wp-content\/uploads\/2025\/06\/Judo-Championnats-du-monde-2025-Romain-Valadier-Picard-60-kg-vice-champion-du-monde-1-1-768x431.png 768w\" sizes=\"auto, (max-width: 792px) 100vw, 792px\" \/><\/div><\/div><div class=\"vlp-layout-zone-main\"><div class=\"vlp-block-0 vlp-link-title\">Judo Championnats du monde 2025 : Romain Valadier-Picard (-60 kg) vice-champion du monde !<\/div><div class=\"vlp-block-1 vlp-link-summary\">Romain Valadier-Picard devient vice-champion du monde. <\/div><div class=\"vlp-block-2 vlp-link-button\">Lire l'article<\/div><div class=\"vlp-block-3 vlp-link-url\">dicodusport.fr<\/div><\/div><\/div>\n<p style=\"text-align: justify;\">Hormis ces deux judokas, la d\u00e9ception est grande pour les autres, notamment pour <strong>Luka Mkheidze<\/strong> (-60 kg) qui n&rsquo;a toujours pas d\u00e9croch\u00e9 de m\u00e9daille aux Mondiaux, mais aussi pour <strong>Maxime-Ga\u00ebl Ngayap Hambou<\/strong> (-90 kg), m\u00e9daill\u00e9 l&rsquo;\u00e9t\u00e9 dernier \u00e0 Paris, ou encore pour <strong>Walide Khyar<\/strong> (-66 kg), habitu\u00e9 aux podiums internationaux, mais qui cette fois, a marqu\u00e9 le pas.<\/p>\n<h2 style=\"text-align: justify;\">La premi\u00e8re pour Cysique, le bronze encore amer pour Dicko<\/h2>\n<p style=\"text-align: justify;\">Chez les dames, il y a eu aussi son lot de d\u00e9ceptions. Il faut dire que ces derni\u00e8res ann\u00e9es, le contingent fran\u00e7ais brillait en grande partie gr\u00e2ce \u00e0 elles. En Hongrie, elles repartent avec seulement deux m\u00e9dailles de bronze.<\/p>\n<p style=\"text-align: justify;\">La premi\u00e8re, pour <strong>Sarah-L\u00e9onie Cysique <\/strong>(-57 kg), sonne plut\u00f4t comme une r\u00e9ussite. M\u00eame si ce n&rsquo;est pas de l&rsquo;or, cette m\u00e9daille mondiale reste n\u00e9anmoins la premi\u00e8re de sa carri\u00e8re. De quoi donc satisfaire la Tricolore, m\u00eame si ce n&rsquo;est pas une surprise, puisqu&rsquo;elle est d\u00e9j\u00e0 mont\u00e9e plusieurs fois sur le podium des Grand Slam et surtout deux fois aux Jeux Olympiques.<\/p>\n<div class=\"vlp-link-container vlp-layout-article\"><a href=\"https:\/\/dicodusport.fr\/blog\/judo-championnats-du-monde-2025-sarah-leonie-cysique-arrache-le-bronze-chez-les-57-kg\/\" class=\"vlp-link\" title=\"Judo Championnats du monde 2025 : Sarah-L\u00e9onie Cysique arrache le bronze chez les -57 kg\"><\/a><div class=\"vlp-layout-zone-side\"><div class=\"vlp-block-4 vlp-link-image\"><img loading=\"lazy\" decoding=\"async\" style=\"max-width: 792px;\" width=\"792\" height=\"445\" src=\"https:\/\/dicodusport.fr\/blog\/wp-content\/uploads\/2025\/06\/Judo-Championnats-du-monde-2025-Sarah-Leonie-Cysique-arrache-le-bronze-chez-les-57-kg-1.png\" class=\"attachment-800x445 size-800x445\" alt=\"Judo Championnats du monde 2025 Sarah-L\u00e9onie Cysique arrache le bronze chez les -57 kg\" srcset=\"https:\/\/dicodusport.fr\/blog\/wp-content\/uploads\/2025\/06\/Judo-Championnats-du-monde-2025-Sarah-Leonie-Cysique-arrache-le-bronze-chez-les-57-kg-1.png 1200w, https:\/\/dicodusport.fr\/blog\/wp-content\/uploads\/2025\/06\/Judo-Championnats-du-monde-2025-Sarah-Leonie-Cysique-arrache-le-bronze-chez-les-57-kg-1-300x169.png 300w, https:\/\/dicodusport.fr\/blog\/wp-content\/uploads\/2025\/06\/Judo-Championnats-du-monde-2025-Sarah-Leonie-Cysique-arrache-le-bronze-chez-les-57-kg-1-1024x575.png 1024w, https:\/\/dicodusport.fr\/blog\/wp-content\/uploads\/2025\/06\/Judo-Championnats-du-monde-2025-Sarah-Leonie-Cysique-arrache-le-bronze-chez-les-57-kg-1-768x431.png 768w\" sizes=\"auto, (max-width: 792px) 100vw, 792px\" \/><\/div><\/div><div class=\"vlp-layout-zone-main\"><div class=\"vlp-block-0 vlp-link-title\">Judo Championnats du monde 2025 : Sarah-L\u00e9onie Cysique arrache le bronze chez les -57 kg<\/div><div class=\"vlp-block-1 vlp-link-summary\">CHAMPIONNATS DU MONDE DE JUDO 2025 - La journ\u00e9e n\u2019a pas \u00e9t\u00e9 de tout repos pour Sarah-L\u00e9onie Cysique, qui a pass\u00e9 un temps fou sur les tatamis. La Fran\u00e7aise arrache toutefois le bronze des -57 kg, sa premi\u00e8re m\u00e9daille en carri\u00e8re dans des Championnats du monde.<\/div><div class=\"vlp-block-2 vlp-link-button\">Lire l'article<\/div><div class=\"vlp-block-3 vlp-link-url\">dicodusport.fr<\/div><\/div><\/div>\n<p style=\"text-align: justify;\"><strong>Romane Dicko<\/strong> (+78 kg) \u00e9tait tr\u00e8s attendue par le public fran\u00e7ais. D\u00e9sormais une leader de l&rsquo;\u00e9quipe de France, et une m\u00e9daill\u00e9e olympique en individuel, on s&rsquo;attendait \u00e0 au moins une finale. Mais comme aux Jeux de Paris, la Fran\u00e7aise s&rsquo;est fait surprendre en demi-finale, cette fois face \u00e0 la Sud-Cor\u00e9enne <strong>Hayun Kim<\/strong>. Et comme \u00e0 Paris, cette m\u00e9daille de bronze laisse un gout d&rsquo;inachev\u00e9 pour la championne du monde 2022.<\/p>\n<div class=\"vlp-link-container vlp-layout-article\"><a href=\"https:\/\/dicodusport.fr\/blog\/judo-championnats-du-monde-2025-romane-dicko-se-console-avec-le-bronze\/\" class=\"vlp-link\" title=\"Judo Championnats du monde 2025 : Romane Dicko se console avec le bronze\"><\/a><div class=\"vlp-layout-zone-side\"><div class=\"vlp-block-4 vlp-link-image\"><img loading=\"lazy\" decoding=\"async\" style=\"max-width: 792px;\" width=\"792\" height=\"445\" src=\"https:\/\/dicodusport.fr\/blog\/wp-content\/uploads\/2025\/06\/Judo-Championnats-du-monde-2025-Romane-Dicko-se-console-avec-le-bronze.png\" class=\"attachment-800x445 size-800x445\" alt=\"\" srcset=\"https:\/\/dicodusport.fr\/blog\/wp-content\/uploads\/2025\/06\/Judo-Championnats-du-monde-2025-Romane-Dicko-se-console-avec-le-bronze.png 1200w, https:\/\/dicodusport.fr\/blog\/wp-content\/uploads\/2025\/06\/Judo-Championnats-du-monde-2025-Romane-Dicko-se-console-avec-le-bronze-300x169.png 300w, https:\/\/dicodusport.fr\/blog\/wp-content\/uploads\/2025\/06\/Judo-Championnats-du-monde-2025-Romane-Dicko-se-console-avec-le-bronze-1024x575.png 1024w, https:\/\/dicodusport.fr\/blog\/wp-content\/uploads\/2025\/06\/Judo-Championnats-du-monde-2025-Romane-Dicko-se-console-avec-le-bronze-768x431.png 768w\" sizes=\"auto, (max-width: 792px) 100vw, 792px\" \/><\/div><\/div><div class=\"vlp-layout-zone-main\"><div class=\"vlp-block-0 vlp-link-title\">Judo Championnats du monde 2025 : Romane Dicko se console avec le bronze<\/div><div class=\"vlp-block-1 vlp-link-summary\">CHAMPIONNATS DU MONDE DE JUDO 2025 - Apr\u00e8s sa d\u00e9faite en demies, Romane Dicko est parvenue \u00e0 se remobiliser pour aller chercher la m\u00e9daille de bronze.<\/div><div class=\"vlp-block-2 vlp-link-button\">Lire l'article<\/div><div class=\"vlp-block-3 vlp-link-url\">dicodusport.fr<\/div><\/div><\/div>\n<p style=\"text-align: justify;\">Comme autres d\u00e9ceptions, on peut citer <strong>Shirine Boukli<\/strong> (-48 kg), pass\u00e9e toute proche du podium (d\u00e9faite en demies puis en combat pour le bronze), <strong>Amandine Buchard<\/strong> (-52 kg) d\u00e9faite d\u00e8s son 2\u00e8me combat, <strong>Melkia Auchecorne<\/strong> (-60 kg) qui semblait en grande forme cette ann\u00e9e, ou encore <strong>Margaux Pinot<\/strong> (-70 kg), battue en rep\u00eachages alors qu&rsquo;elle \u00e9tait <a href=\"https:\/\/dicodusport.fr\/blog\/judo-margaux-pinot-championne-du-monde-70-kg-marie-eve-gahie-en-argent\/\">championne du monde en titre<\/a>.<\/p>\n<p style=\"text-align: justify;\">Pour terminer, c&rsquo;est par \u00e9quipes mixtes que les Bleus ont d\u00e9\u00e7u. Sur le podium chaque ann\u00e9e depuis 2017, ils ne terminent cette fois qu&rsquo;\u00e0 la 7\u00e8me place, apr\u00e8s s&rsquo;\u00eatre inclin\u00e9s contre les Sud-Cor\u00e9ens, puis les Br\u00e9siliens en rep\u00eachages. Champions olympiques en titre, ils ont sembl\u00e9 dans le dur sur chaque rencontre.<\/p>\n<blockquote class=\"twitter-tweet\">\n<p dir=\"ltr\" lang=\"fr\">L\u2019\u00e9quipe de France termine septi\u00e8me \ud83d\ude2a<\/p>\n<p>Nos Bleus s\u2019inclinent en rep\u00eachage face au Br\u00e9sil (1-4) et finissent septi\u00e8me de ces championnats du monde par \u00e9quipes mixtes 2025.<\/p>\n<p>Le sacre arrivera. Go les Bleus ! \ud83d\udc99\ud83e\udd0d\u2764\ufe0f<\/p>\n<p>\ud83d\udcf8 France Judo\/JB.Dalleau<a href=\"https:\/\/twitter.com\/hashtag\/JudoWorlds?src=hash&amp;ref_src=twsrc%5Etfw\">#JudoWorlds<\/a> <a href=\"https:\/\/twitter.com\/hashtag\/FierdEtreJudoka?src=hash&amp;ref_src=twsrc%5Etfw\">#FierdEtreJudoka<\/a> <a href=\"https:\/\/t.co\/oGZEFNuF4D\">pic.twitter.com\/oGZEFNuF4D<\/a><\/p>\n<p>\u2014 France Judo (@francejudo) <a href=\"https:\/\/twitter.com\/francejudo\/status\/1936045011659088081?ref_src=twsrc%5Etfw\">June 20, 2025<\/a><\/p><\/blockquote>\n<p style=\"text-align: justify;\"><script async src=\"https:\/\/platform.twitter.com\/widgets.js\" charset=\"utf-8\"><\/script><\/p>\n<h2 style=\"text-align: justify;\">Un bilan moins bon que les derni\u00e8res ann\u00e9es ?<\/h2>\n<p style=\"text-align: justify;\">Mais alors en termes de bilan final, \u00e7a donne quoi ? Si l&rsquo;on compare avec les derni\u00e8res \u00e9ditions depuis 2015, la France repartait en moyenne de ces Mondiaux avec 5 m\u00e9dailles ou plus. Le total de ces championnats est donc moins bon.<\/p>\n<p style=\"text-align: justify;\">Mais surtout, il est loin des 10 m\u00e9dailles remport\u00e9es l&rsquo;\u00e9t\u00e9 dernier aux Jeux Olympiques de Paris. Certes les Bleus n&rsquo;avaient ramen\u00e9 l\u00e0 aussi, qu&rsquo;un seul titre, mais n\u00e9anmoins, beaucoup plus de judokas \u00e9taient mont\u00e9s sur le podium.<\/p>\n<p style=\"text-align: justify;\">On dit souvent que les ann\u00e9es post-olympiques sont des ann\u00e9es de transition, o\u00f9 les athl\u00e8tes testent de nouvelles choses, changent leur mode d&rsquo;entra\u00eenement, mais il faut reconna\u00eetre que c&rsquo;est une d\u00e9ception. Cette \u00e9quipe a habitu\u00e9 le public \u00e0 bien mieux, et semble b\u00e2tie pour figurer bien plus haut dans le classement des m\u00e9dailles.<\/p>\n<p style=\"text-align: justify;\">Les changements encore tr\u00e8s (peut-\u00eatre m\u00eame trop) r\u00e9cents dans l&rsquo;encadrement des Bleus peuvent aussi \u00eatre une des explications \u00e0 cet \u00e9chec. L&rsquo;important d\u00e9sormais pour les Bleus sera de rebondir.<\/p>\n<ul>\n<li style=\"text-align: justify;\"><strong>\u00c0 ce sujet \u2013\u00a0<a href=\"https:\/\/dicodusport.fr\/blog\/tableau-des-medailles-championnats-du-monde-judo-2025\/\">Tableau des m\u00e9dailles des Championnats du monde de Judo 2025<\/a><\/strong><\/li>\n<\/ul>\n","protected":false},"excerpt":{"rendered":"<p>Avec 4 m\u00e9dailles, dont 1 seul titre, l&rsquo;\u00e9quipe de France repart de Budapest avec un bilan contrast\u00e9.<\/p>\n","protected":false},"author":89,"featured_media":588833,"comment_status":"open","ping_status":"closed","sticky":false,"template":"","format":"standard","meta":{"_acf_changed":false,"_daextam_enable_autolinks":"1","footnotes":""},"categories":[8651],"tags":[16878,15695,19135,68,2379],"class_list":["post-588531","post","type-post","status-publish","format-standard","has-post-thumbnail","hentry","category-judo","tag-breve","tag-championnats-du-monde-de-judo","tag-joan-benjamin-gaba","tag-judo","tag-romane-dicko"],"acf":[],"yoast_head":"<!-- This site is optimized with the Yoast SEO Premium plugin v26.7 (Yoast SEO v26.7) - https:\/\/yoast.com\/wordpress\/plugins\/seo\/ -->\n<title>Championnats du monde de judo 2025 : Une \u00e9dition d\u00e9cevante pour le clan fran\u00e7ais ?<\/title>\n<meta name=\"description\" content=\"Championnats du monde de judo 2025 - Avec 4 m\u00e9dailles, dont 1 seul titre, l&#039;\u00e9quipe de France repart de Budapest avec un bilan contrast\u00e9.\" \/>\n<meta name=\"robots\" content=\"index, follow, max-snippet:-1, max-image-preview:large, max-video-preview:-1\" \/>\n<link rel=\"canonical\" href=\"https:\/\/dicodusport.fr\/blog\/championnats-du-monde-de-judo-2025-une-edition-decevante-pour-le-clan-francais\/\" \/>\n<meta property=\"og:locale\" content=\"fr_FR\" \/>\n<meta property=\"og:type\" content=\"article\" \/>\n<meta property=\"og:title\" content=\"Championnats du monde de judo 2025 : Une \u00e9dition d\u00e9cevante pour le clan fran\u00e7ais ?\" \/>\n<meta property=\"og:description\" content=\"Championnats du monde de judo 2025 - Avec 4 m\u00e9dailles, dont 1 seul titre, l&#039;\u00e9quipe de France repart de Budapest avec un bilan contrast\u00e9.\" \/>\n<meta property=\"og:url\" content=\"https:\/\/dicodusport.fr\/blog\/championnats-du-monde-de-judo-2025-une-edition-decevante-pour-le-clan-francais\/\" \/>\n<meta property=\"og:site_name\" content=\"Dicodusport\" \/>\n<meta property=\"article:publisher\" content=\"https:\/\/www.facebook.com\/dicodusport\" \/>\n<meta property=\"article:published_time\" content=\"2025-06-21T07:00:25+00:00\" \/>\n<meta property=\"article:modified_time\" content=\"2025-07-13T15:31:41+00:00\" \/>\n<meta property=\"og:image\" content=\"https:\/\/dicodusport.fr\/blog\/wp-content\/uploads\/2025\/06\/Championnats-du-monde-de-judo-2025-Une-edition-decevante-pour-le-clan-francais.png\" \/>\n\t<meta property=\"og:image:width\" content=\"1200\" \/>\n\t<meta property=\"og:image:height\" content=\"674\" \/>\n\t<meta property=\"og:image:type\" content=\"image\/png\" \/>\n<meta name=\"author\" content=\"Louka Lesueur\" \/>\n<meta name=\"twitter:card\" content=\"summary_large_image\" \/>\n<meta name=\"twitter:title\" content=\"Championnats du monde de judo 2025 : Une \u00e9dition d\u00e9cevante pour le clan fran\u00e7ais ?\" \/>\n<meta name=\"twitter:creator\" content=\"@https:\/\/twitter.com\/LNewsSF\" \/>\n<meta name=\"twitter:site\" content=\"@dicodusport\" \/>\n<script type=\"application\/ld+json\" class=\"yoast-schema-graph\">{\"@context\":\"https:\/\/schema.org\",\"@graph\":[{\"@type\":\"NewsArticle\",\"@id\":\"https:\/\/dicodusport.fr\/blog\/championnats-du-monde-de-judo-2025-une-edition-decevante-pour-le-clan-francais\/#article\",\"isPartOf\":{\"@id\":\"https:\/\/dicodusport.fr\/blog\/championnats-du-monde-de-judo-2025-une-edition-decevante-pour-le-clan-francais\/\"},\"author\":{\"name\":\"Louka Lesueur\",\"@id\":\"https:\/\/dicodusport.fr\/blog\/#\/schema\/person\/54b6cdccebdfcd5a1036c594aecffc2a\"},\"headline\":\"Championnats du monde de judo 2025 : Une \u00e9dition d\u00e9cevante pour le clan fran\u00e7ais ?\",\"datePublished\":\"2025-06-21T07:00:25+00:00\",\"dateModified\":\"2025-07-13T15:31:41+00:00\",\"mainEntityOfPage\":{\"@id\":\"https:\/\/dicodusport.fr\/blog\/championnats-du-monde-de-judo-2025-une-edition-decevante-pour-le-clan-francais\/\"},\"wordCount\":1330,\"commentCount\":0,\"publisher\":{\"@id\":\"https:\/\/dicodusport.fr\/blog\/#organization\"},\"image\":{\"@id\":\"https:\/\/dicodusport.fr\/blog\/championnats-du-monde-de-judo-2025-une-edition-decevante-pour-le-clan-francais\/#primaryimage\"},\"thumbnailUrl\":\"https:\/\/dicodusport.fr\/blog\/wp-content\/uploads\/2025\/06\/Championnats-du-monde-de-judo-2025-Une-edition-decevante-pour-le-clan-francais.png\",\"keywords\":[\"br\u00e8ve\",\"championnats du monde de judo\",\"Joan-Benjamin Gaba\",\"Judo\",\"Romane Dicko\"],\"articleSection\":[\"Judo\"],\"inLanguage\":\"fr-FR\",\"potentialAction\":[{\"@type\":\"CommentAction\",\"name\":\"Comment\",\"target\":[\"https:\/\/dicodusport.fr\/blog\/championnats-du-monde-de-judo-2025-une-edition-decevante-pour-le-clan-francais\/#respond\"]}],\"copyrightYear\":\"2025\",\"copyrightHolder\":{\"@id\":\"https:\/\/dicodusport.fr\/blog\/#organization\"}},{\"@type\":\"WebPage\",\"@id\":\"https:\/\/dicodusport.fr\/blog\/championnats-du-monde-de-judo-2025-une-edition-decevante-pour-le-clan-francais\/\",\"url\":\"https:\/\/dicodusport.fr\/blog\/championnats-du-monde-de-judo-2025-une-edition-decevante-pour-le-clan-francais\/\",\"name\":\"Championnats du monde de judo 2025 : Une \u00e9dition d\u00e9cevante pour le clan fran\u00e7ais ?\",\"isPartOf\":{\"@id\":\"https:\/\/dicodusport.fr\/blog\/#website\"},\"primaryImageOfPage\":{\"@id\":\"https:\/\/dicodusport.fr\/blog\/championnats-du-monde-de-judo-2025-une-edition-decevante-pour-le-clan-francais\/#primaryimage\"},\"image\":{\"@id\":\"https:\/\/dicodusport.fr\/blog\/championnats-du-monde-de-judo-2025-une-edition-decevante-pour-le-clan-francais\/#primaryimage\"},\"thumbnailUrl\":\"https:\/\/dicodusport.fr\/blog\/wp-content\/uploads\/2025\/06\/Championnats-du-monde-de-judo-2025-Une-edition-decevante-pour-le-clan-francais.png\",\"datePublished\":\"2025-06-21T07:00:25+00:00\",\"dateModified\":\"2025-07-13T15:31:41+00:00\",\"description\":\"Championnats du monde de judo 2025 - Avec 4 m\u00e9dailles, dont 1 seul titre, l'\u00e9quipe de France repart de Budapest avec un bilan contrast\u00e9.\",\"breadcrumb\":{\"@id\":\"https:\/\/dicodusport.fr\/blog\/championnats-du-monde-de-judo-2025-une-edition-decevante-pour-le-clan-francais\/#breadcrumb\"},\"inLanguage\":\"fr-FR\",\"potentialAction\":[{\"@type\":\"ReadAction\",\"target\":[\"https:\/\/dicodusport.fr\/blog\/championnats-du-monde-de-judo-2025-une-edition-decevante-pour-le-clan-francais\/\"]}]},{\"@type\":\"ImageObject\",\"inLanguage\":\"fr-FR\",\"@id\":\"https:\/\/dicodusport.fr\/blog\/championnats-du-monde-de-judo-2025-une-edition-decevante-pour-le-clan-francais\/#primaryimage\",\"url\":\"https:\/\/dicodusport.fr\/blog\/wp-content\/uploads\/2025\/06\/Championnats-du-monde-de-judo-2025-Une-edition-decevante-pour-le-clan-francais.png\",\"contentUrl\":\"https:\/\/dicodusport.fr\/blog\/wp-content\/uploads\/2025\/06\/Championnats-du-monde-de-judo-2025-Une-edition-decevante-pour-le-clan-francais.png\",\"width\":1200,\"height\":674,\"caption\":\"Championnats du monde de judo 2025 Une \u00e9dition d\u00e9cevante pour le clan fran\u00e7ais\"},{\"@type\":\"BreadcrumbList\",\"@id\":\"https:\/\/dicodusport.fr\/blog\/championnats-du-monde-de-judo-2025-une-edition-decevante-pour-le-clan-francais\/#breadcrumb\",\"itemListElement\":[{\"@type\":\"ListItem\",\"position\":1,\"name\":\"Accueil\",\"item\":\"https:\/\/dicodusport.fr\/blog\/\"},{\"@type\":\"ListItem\",\"position\":2,\"name\":\"Championnats du monde de judo 2025 : Une \u00e9dition d\u00e9cevante pour le clan fran\u00e7ais ?\"}]},{\"@type\":\"WebSite\",\"@id\":\"https:\/\/dicodusport.fr\/blog\/#website\",\"url\":\"https:\/\/dicodusport.fr\/blog\/\",\"name\":\"Dicodusport\",\"description\":\"L&#039;encyclop\u00e9die de l&#039;actualit\u00e9 sportive\",\"publisher\":{\"@id\":\"https:\/\/dicodusport.fr\/blog\/#organization\"},\"potentialAction\":[{\"@type\":\"SearchAction\",\"target\":{\"@type\":\"EntryPoint\",\"urlTemplate\":\"https:\/\/dicodusport.fr\/blog\/?s={search_term_string}\"},\"query-input\":{\"@type\":\"PropertyValueSpecification\",\"valueRequired\":true,\"valueName\":\"search_term_string\"}}],\"inLanguage\":\"fr-FR\"},{\"@type\":\"NewsMediaOrganization\",\"@id\":\"https:\/\/dicodusport.fr\/blog\/#organization\",\"name\":\"Dicodusport\",\"url\":\"https:\/\/dicodusport.fr\/blog\/\",\"logo\":{\"@type\":\"ImageObject\",\"inLanguage\":\"fr-FR\",\"@id\":\"https:\/\/dicodusport.fr\/blog\/#\/schema\/logo\/image\/\",\"url\":\"https:\/\/dicodusport.fr\/blog\/wp-content\/uploads\/2020\/06\/cropped-LOGO-DICODUSPORT-2020-SANS-FOND-SANS-TEXTE.png\",\"contentUrl\":\"https:\/\/dicodusport.fr\/blog\/wp-content\/uploads\/2020\/06\/cropped-LOGO-DICODUSPORT-2020-SANS-FOND-SANS-TEXTE.png\",\"width\":512,\"height\":512,\"caption\":\"Dicodusport\"},\"image\":{\"@id\":\"https:\/\/dicodusport.fr\/blog\/#\/schema\/logo\/image\/\"},\"sameAs\":[\"https:\/\/www.facebook.com\/dicodusport\",\"https:\/\/x.com\/dicodusport\",\"https:\/\/www.instagram.com\/dicodusport\/\",\"https:\/\/www.youtube.com\/channel\/UC7V2KZ5sd3htJivAbA4ZG3w\"],\"description\":\"Dicodusport est l'encyclop\u00e9die de l'actualit\u00e9 sportive.\",\"email\":\"bonjour@dicodusport.fr\",\"legalName\":\"DICODUSPORT\",\"foundingDate\":\"2018-01-14\",\"vatID\":\"FR71834470973\",\"taxID\":\"83447097300043\",\"numberOfEmployees\":{\"@type\":\"QuantitativeValue\",\"minValue\":\"1\",\"maxValue\":\"10\"}},{\"@type\":\"Person\",\"@id\":\"https:\/\/dicodusport.fr\/blog\/#\/schema\/person\/54b6cdccebdfcd5a1036c594aecffc2a\",\"name\":\"Louka Lesueur\",\"image\":{\"@type\":\"ImageObject\",\"inLanguage\":\"fr-FR\",\"@id\":\"https:\/\/dicodusport.fr\/blog\/#\/schema\/person\/image\/\",\"url\":\"https:\/\/dicodusport.fr\/blog\/wp-content\/uploads\/2023\/09\/IMG_2783-150x150.jpeg\",\"contentUrl\":\"https:\/\/dicodusport.fr\/blog\/wp-content\/uploads\/2023\/09\/IMG_2783-150x150.jpeg\",\"caption\":\"Louka Lesueur\"},\"description\":\"Passionn\u00e9 depuis tout petit par les exploits de Bolt, Fourcade, Riner, Lavillenie, Wilkinson, Hirscher. Les \u00e9motions provoqu\u00e9es par le sport ont berc\u00e9 mon enfance et continuent de le faire aujourd'hui. C'est ainsi qu'il m'est arriv\u00e9 de pleurer devant la d\u00e9faite des Bleus face aux Blacks en 2011, ou encore devant le titre olympique de Florent Manaudou \u00e0 Londres. Bien loin de ce milieu professionnel, j'ai os\u00e9 tenter ma chance pour rejoindre l'\u00e9quipe de r\u00e9daction de Dicodusport, et depuis septembre 2023, je tente de retransmettre au mieux les exploits des athl\u00e8tes, tous sports confondus. Grand chauvin, c'est bel et bien sur les sportifs tricolores que je pr\u00e9f\u00e8re \u00e9crire.\",\"sameAs\":[\"https:\/\/x.com\/https:\/\/twitter.com\/LNewsSF\"],\"gender\":\"Homme\",\"worksFor\":\"Louka LESUEUR\",\"url\":\"https:\/\/dicodusport.fr\/blog\/author\/louka-lesueur\/\"}]}<\/script>\n<!-- \/ Yoast SEO Premium plugin. -->","yoast_head_json":{"title":"Championnats du monde de judo 2025 : Une \u00e9dition d\u00e9cevante pour le clan fran\u00e7ais ?","description":"Championnats du monde de judo 2025 - Avec 4 m\u00e9dailles, dont 1 seul titre, l'\u00e9quipe de France repart de Budapest avec un bilan contrast\u00e9.","robots":{"index":"index","follow":"follow","max-snippet":"max-snippet:-1","max-image-preview":"max-image-preview:large","max-video-preview":"max-video-preview:-1"},"canonical":"https:\/\/dicodusport.fr\/blog\/championnats-du-monde-de-judo-2025-une-edition-decevante-pour-le-clan-francais\/","og_locale":"fr_FR","og_type":"article","og_title":"Championnats du monde de judo 2025 : Une \u00e9dition d\u00e9cevante pour le clan fran\u00e7ais ?","og_description":"Championnats du monde de judo 2025 - Avec 4 m\u00e9dailles, dont 1 seul titre, l'\u00e9quipe de France repart de Budapest avec un bilan contrast\u00e9.","og_url":"https:\/\/dicodusport.fr\/blog\/championnats-du-monde-de-judo-2025-une-edition-decevante-pour-le-clan-francais\/","og_site_name":"Dicodusport","article_publisher":"https:\/\/www.facebook.com\/dicodusport","article_published_time":"2025-06-21T07:00:25+00:00","article_modified_time":"2025-07-13T15:31:41+00:00","og_image":[{"width":1200,"height":674,"url":"https:\/\/dicodusport.fr\/blog\/wp-content\/uploads\/2025\/06\/Championnats-du-monde-de-judo-2025-Une-edition-decevante-pour-le-clan-francais.png","type":"image\/png"}],"author":"Louka Lesueur","twitter_card":"summary_large_image","twitter_title":"Championnats du monde de judo 2025 : Une \u00e9dition d\u00e9cevante pour le clan fran\u00e7ais ?","twitter_creator":"@https:\/\/twitter.com\/LNewsSF","twitter_site":"@dicodusport","schema":{"@context":"https:\/\/schema.org","@graph":[{"@type":"NewsArticle","@id":"https:\/\/dicodusport.fr\/blog\/championnats-du-monde-de-judo-2025-une-edition-decevante-pour-le-clan-francais\/#article","isPartOf":{"@id":"https:\/\/dicodusport.fr\/blog\/championnats-du-monde-de-judo-2025-une-edition-decevante-pour-le-clan-francais\/"},"author":{"name":"Louka Lesueur","@id":"https:\/\/dicodusport.fr\/blog\/#\/schema\/person\/54b6cdccebdfcd5a1036c594aecffc2a"},"headline":"Championnats du monde de judo 2025 : Une \u00e9dition d\u00e9cevante pour le clan fran\u00e7ais ?","datePublished":"2025-06-21T07:00:25+00:00","dateModified":"2025-07-13T15:31:41+00:00","mainEntityOfPage":{"@id":"https:\/\/dicodusport.fr\/blog\/championnats-du-monde-de-judo-2025-une-edition-decevante-pour-le-clan-francais\/"},"wordCount":1330,"commentCount":0,"publisher":{"@id":"https:\/\/dicodusport.fr\/blog\/#organization"},"image":{"@id":"https:\/\/dicodusport.fr\/blog\/championnats-du-monde-de-judo-2025-une-edition-decevante-pour-le-clan-francais\/#primaryimage"},"thumbnailUrl":"https:\/\/dicodusport.fr\/blog\/wp-content\/uploads\/2025\/06\/Championnats-du-monde-de-judo-2025-Une-edition-decevante-pour-le-clan-francais.png","keywords":["br\u00e8ve","championnats du monde de judo","Joan-Benjamin Gaba","Judo","Romane Dicko"],"articleSection":["Judo"],"inLanguage":"fr-FR","potentialAction":[{"@type":"CommentAction","name":"Comment","target":["https:\/\/dicodusport.fr\/blog\/championnats-du-monde-de-judo-2025-une-edition-decevante-pour-le-clan-francais\/#respond"]}],"copyrightYear":"2025","copyrightHolder":{"@id":"https:\/\/dicodusport.fr\/blog\/#organization"}},{"@type":"WebPage","@id":"https:\/\/dicodusport.fr\/blog\/championnats-du-monde-de-judo-2025-une-edition-decevante-pour-le-clan-francais\/","url":"https:\/\/dicodusport.fr\/blog\/championnats-du-monde-de-judo-2025-une-edition-decevante-pour-le-clan-francais\/","name":"Championnats du monde de judo 2025 : Une \u00e9dition d\u00e9cevante pour le clan fran\u00e7ais ?","isPartOf":{"@id":"https:\/\/dicodusport.fr\/blog\/#website"},"primaryImageOfPage":{"@id":"https:\/\/dicodusport.fr\/blog\/championnats-du-monde-de-judo-2025-une-edition-decevante-pour-le-clan-francais\/#primaryimage"},"image":{"@id":"https:\/\/dicodusport.fr\/blog\/championnats-du-monde-de-judo-2025-une-edition-decevante-pour-le-clan-francais\/#primaryimage"},"thumbnailUrl":"https:\/\/dicodusport.fr\/blog\/wp-content\/uploads\/2025\/06\/Championnats-du-monde-de-judo-2025-Une-edition-decevante-pour-le-clan-francais.png","datePublished":"2025-06-21T07:00:25+00:00","dateModified":"2025-07-13T15:31:41+00:00","description":"Championnats du monde de judo 2025 - Avec 4 m\u00e9dailles, dont 1 seul titre, l'\u00e9quipe de France repart de Budapest avec un bilan contrast\u00e9.","breadcrumb":{"@id":"https:\/\/dicodusport.fr\/blog\/championnats-du-monde-de-judo-2025-une-edition-decevante-pour-le-clan-francais\/#breadcrumb"},"inLanguage":"fr-FR","potentialAction":[{"@type":"ReadAction","target":["https:\/\/dicodusport.fr\/blog\/championnats-du-monde-de-judo-2025-une-edition-decevante-pour-le-clan-francais\/"]}]},{"@type":"ImageObject","inLanguage":"fr-FR","@id":"https:\/\/dicodusport.fr\/blog\/championnats-du-monde-de-judo-2025-une-edition-decevante-pour-le-clan-francais\/#primaryimage","url":"https:\/\/dicodusport.fr\/blog\/wp-content\/uploads\/2025\/06\/Championnats-du-monde-de-judo-2025-Une-edition-decevante-pour-le-clan-francais.png","contentUrl":"https:\/\/dicodusport.fr\/blog\/wp-content\/uploads\/2025\/06\/Championnats-du-monde-de-judo-2025-Une-edition-decevante-pour-le-clan-francais.png","width":1200,"height":674,"caption":"Championnats du monde de judo 2025 Une \u00e9dition d\u00e9cevante pour le clan fran\u00e7ais"},{"@type":"BreadcrumbList","@id":"https:\/\/dicodusport.fr\/blog\/championnats-du-monde-de-judo-2025-une-edition-decevante-pour-le-clan-francais\/#breadcrumb","itemListElement":[{"@type":"ListItem","position":1,"name":"Accueil","item":"https:\/\/dicodusport.fr\/blog\/"},{"@type":"ListItem","position":2,"name":"Championnats du monde de judo 2025 : Une \u00e9dition d\u00e9cevante pour le clan fran\u00e7ais ?"}]},{"@type":"WebSite","@id":"https:\/\/dicodusport.fr\/blog\/#website","url":"https:\/\/dicodusport.fr\/blog\/","name":"Dicodusport","description":"L&#039;encyclop\u00e9die de l&#039;actualit\u00e9 sportive","publisher":{"@id":"https:\/\/dicodusport.fr\/blog\/#organization"},"potentialAction":[{"@type":"SearchAction","target":{"@type":"EntryPoint","urlTemplate":"https:\/\/dicodusport.fr\/blog\/?s={search_term_string}"},"query-input":{"@type":"PropertyValueSpecification","valueRequired":true,"valueName":"search_term_string"}}],"inLanguage":"fr-FR"},{"@type":"NewsMediaOrganization","@id":"https:\/\/dicodusport.fr\/blog\/#organization","name":"Dicodusport","url":"https:\/\/dicodusport.fr\/blog\/","logo":{"@type":"ImageObject","inLanguage":"fr-FR","@id":"https:\/\/dicodusport.fr\/blog\/#\/schema\/logo\/image\/","url":"https:\/\/dicodusport.fr\/blog\/wp-content\/uploads\/2020\/06\/cropped-LOGO-DICODUSPORT-2020-SANS-FOND-SANS-TEXTE.png","contentUrl":"https:\/\/dicodusport.fr\/blog\/wp-content\/uploads\/2020\/06\/cropped-LOGO-DICODUSPORT-2020-SANS-FOND-SANS-TEXTE.png","width":512,"height":512,"caption":"Dicodusport"},"image":{"@id":"https:\/\/dicodusport.fr\/blog\/#\/schema\/logo\/image\/"},"sameAs":["https:\/\/www.facebook.com\/dicodusport","https:\/\/x.com\/dicodusport","https:\/\/www.instagram.com\/dicodusport\/","https:\/\/www.youtube.com\/channel\/UC7V2KZ5sd3htJivAbA4ZG3w"],"description":"Dicodusport est l'encyclop\u00e9die de l'actualit\u00e9 sportive.","email":"bonjour@dicodusport.fr","legalName":"DICODUSPORT","foundingDate":"2018-01-14","vatID":"FR71834470973","taxID":"83447097300043","numberOfEmployees":{"@type":"QuantitativeValue","minValue":"1","maxValue":"10"}},{"@type":"Person","@id":"https:\/\/dicodusport.fr\/blog\/#\/schema\/person\/54b6cdccebdfcd5a1036c594aecffc2a","name":"Louka Lesueur","image":{"@type":"ImageObject","inLanguage":"fr-FR","@id":"https:\/\/dicodusport.fr\/blog\/#\/schema\/person\/image\/","url":"https:\/\/dicodusport.fr\/blog\/wp-content\/uploads\/2023\/09\/IMG_2783-150x150.jpeg","contentUrl":"https:\/\/dicodusport.fr\/blog\/wp-content\/uploads\/2023\/09\/IMG_2783-150x150.jpeg","caption":"Louka Lesueur"},"description":"Passionn\u00e9 depuis tout petit par les exploits de Bolt, Fourcade, Riner, Lavillenie, Wilkinson, Hirscher. Les \u00e9motions provoqu\u00e9es par le sport ont berc\u00e9 mon enfance et continuent de le faire aujourd'hui. C'est ainsi qu'il m'est arriv\u00e9 de pleurer devant la d\u00e9faite des Bleus face aux Blacks en 2011, ou encore devant le titre olympique de Florent Manaudou \u00e0 Londres. Bien loin de ce milieu professionnel, j'ai os\u00e9 tenter ma chance pour rejoindre l'\u00e9quipe de r\u00e9daction de Dicodusport, et depuis septembre 2023, je tente de retransmettre au mieux les exploits des athl\u00e8tes, tous sports confondus. Grand chauvin, c'est bel et bien sur les sportifs tricolores que je pr\u00e9f\u00e8re \u00e9crire.","sameAs":["https:\/\/x.com\/https:\/\/twitter.com\/LNewsSF"],"gender":"Homme","worksFor":"Louka LESUEUR","url":"https:\/\/dicodusport.fr\/blog\/author\/louka-lesueur\/"}]}},"_links":{"self":[{"href":"https:\/\/dicodusport.fr\/blog\/wp-json\/wp\/v2\/posts\/588531","targetHints":{"allow":["GET"]}}],"collection":[{"href":"https:\/\/dicodusport.fr\/blog\/wp-json\/wp\/v2\/posts"}],"about":[{"href":"https:\/\/dicodusport.fr\/blog\/wp-json\/wp\/v2\/types\/post"}],"author":[{"embeddable":true,"href":"https:\/\/dicodusport.fr\/blog\/wp-json\/wp\/v2\/users\/89"}],"replies":[{"embeddable":true,"href":"https:\/\/dicodusport.fr\/blog\/wp-json\/wp\/v2\/comments?post=588531"}],"version-history":[{"count":5,"href":"https:\/\/dicodusport.fr\/blog\/wp-json\/wp\/v2\/posts\/588531\/revisions"}],"predecessor-version":[{"id":595181,"href":"https:\/\/dicodusport.fr\/blog\/wp-json\/wp\/v2\/posts\/588531\/revisions\/595181"}],"wp:featuredmedia":[{"embeddable":true,"href":"https:\/\/dicodusport.fr\/blog\/wp-json\/wp\/v2\/media\/588833"}],"wp:attachment":[{"href":"https:\/\/dicodusport.fr\/blog\/wp-json\/wp\/v2\/media?parent=588531"}],"wp:term":[{"taxonomy":"category","embeddable":true,"href":"https:\/\/dicodusport.fr\/blog\/wp-json\/wp\/v2\/categories?post=588531"},{"taxonomy":"post_tag","embeddable":true,"href":"https:\/\/dicodusport.fr\/blog\/wp-json\/wp\/v2\/tags?post=588531"}],"curies":[{"name":"wp","href":"https:\/\/api.w.org\/{rel}","templated":true}]}}