{"id":588866,"date":"2025-06-21T12:04:20","date_gmt":"2025-06-21T10:04:20","guid":{"rendered":"https:\/\/dicodusport.fr\/blog\/?p=588866&#038;preview=true&#038;preview_id=588866"},"modified":"2025-06-21T12:05:57","modified_gmt":"2025-06-21T10:05:57","slug":"tennis-arthur-fils-declare-forfait-pour-wimbledon","status":"publish","type":"post","link":"https:\/\/dicodusport.fr\/blog\/tennis-arthur-fils-declare-forfait-pour-wimbledon\/","title":{"rendered":"Wimbledon 2025 : Arthur Fils d\u00e9clare forfait"},"content":{"rendered":"<p style=\"text-align: justify;\"><strong><em>WIMBLEDON 2025 &#8211; G\u00ean\u00e9 par des probl\u00e8mes de dos, Arthur Fils ne prendra pas part \u00e0 Wimbledon cette ann\u00e9e. Le num\u00e9ro 1 fran\u00e7ais vient de se retirer de la liste d&rsquo;entr\u00e9e du tournoi.<\/em><\/strong><\/p>\n<ul style=\"text-align: justify;\">\n<li><strong>\u00c0 ce sujet &#8211; <a href=\"https:\/\/dicodusport.fr\/blog\/actualites\/tennis\/\">Toute l&rsquo;actualit\u00e9 du tennis<\/a><\/strong><\/li>\n<\/ul>\n<p style=\"text-align: justify;\">Depuis son <a href=\"https:\/\/dicodusport.fr\/blog\/roland-garros-2025-arthur-fils-jette-leponge-avant-meme-son-troisieme-tour\/\">abandon avant le 3\u00e8me tour de Roland-Garros<\/a>, <strong>Arthur Fils<\/strong> n&rsquo;est plus r\u00e9apparu sur un court, et sa saison sur gazon semble d\u00e9sormais plus que compromise. L&rsquo;actuel <strong>num\u00e9ro 15 mondial<\/strong> souffre de probl\u00e8mes au dos, et avait annul\u00e9 sa participation aux tournois de Bois-le-Duc et Halle. Sa future pr\u00e9sence ou non \u00e0 Wimbledon \u00e9tait donc sujette \u00e0 interrogation.<\/p>\n<h2 style=\"text-align: justify;\">Arthur Fils insuffisamment remis d&rsquo;une blessure au dos<\/h2>\n<p style=\"text-align: justify;\">Mais ce samedi matin, le suspense a \u00e9t\u00e9 d\u00e9finitivement tu\u00e9 puisque le meilleur joueur fran\u00e7ais au classement ATP a tout simplement fait le choix de <strong>se retirer du tournoi londonien<\/strong>. Un v\u00e9ritable coup dur pour le Tricolore, qui avait sign\u00e9 l&rsquo;\u00e9t\u00e9 dernier son meilleur parcours en Grand-Chelem sur le gazon britannique (8\u00e8mes de finale). Ainsi, il va perdre de gros points au ranking ATP, et devrait donc glisser dans le classement une fois la quinzaine \u00e9coul\u00e9e. <strong>Ugo Humbert (20\u00e8me)<\/strong> abordera en cons\u00e9quence le tournoi en qualit\u00e9 de meilleur Fran\u00e7ais.<\/p>\n<blockquote class=\"twitter-tweet\">\n<p dir=\"ltr\" lang=\"fr\">ARTHUR FILS \ud83c\uddeb\ud83c\uddf7 EST FORFAIT POUR WIMBLEDON.<\/p>\n<p>Malheureusement, pas de Tutur sur gazon, il ne d\u00e9fendra pas son 1\/8.<\/p>\n<p>Apr\u00e8s sa blessure \u00e0 Roland, Arthur \u00e9tait incertain pour Wimbledon, et assez flou sur sa future reprise.<\/p>\n<p>On esp\u00e8re qu&rsquo;il pourra revenir en forme pour la fin de\u2026 <a href=\"https:\/\/t.co\/Er09SNdPw7\">pic.twitter.com\/Er09SNdPw7<\/a><\/p>\n<p>\u2014 Romain \ud83c\udfbe\ud83c\uddeb\ud83c\uddf7 (@RomainNextGen) <a href=\"https:\/\/twitter.com\/RomainNextGen\/status\/1936358628887298350?ref_src=twsrc%5Etfw\">June 21, 2025<\/a><\/p><\/blockquote>\n<p style=\"text-align: justify;\"><script async src=\"https:\/\/platform.twitter.com\/widgets.js\" charset=\"utf-8\"><\/script><\/p>\n","protected":false},"excerpt":{"rendered":"<p>WIMBLEDON 2025 &#8211; G\u00ean\u00e9 par des probl\u00e8mes de dos, Arthur Fils ne prendra pas part \u00e0 Wimbledon cette ann\u00e9e. Le num\u00e9ro 1 fran\u00e7ais vient de se retirer de la liste d&rsquo;entr\u00e9e du tournoi.<\/p>\n","protected":false},"author":55,"featured_media":588868,"comment_status":"open","ping_status":"closed","sticky":false,"template":"","format":"standard","meta":{"_acf_changed":false,"_daextam_enable_autolinks":"1","footnotes":""},"categories":[47092],"tags":[17250,16878,2512],"class_list":["post-588866","post","type-post","status-publish","format-standard","has-post-thumbnail","hentry","category-wimbledon","tag-arthur-fils","tag-breve","tag-wimbledon"],"acf":[],"yoast_head":"<!-- This site is optimized with the Yoast SEO Premium plugin v26.7 (Yoast SEO v26.7) - https:\/\/yoast.com\/wordpress\/plugins\/seo\/ -->\n<title>Wimbledon 2025 : Arthur Fils d\u00e9clare forfait<\/title>\n<meta name=\"description\" content=\"WIMBLEDON 2025 - G\u00ean\u00e9 par des probl\u00e8mes de dos, Arthur Fils ne prendra pas part \u00e0 Wimbledon cette ann\u00e9e.\" \/>\n<meta name=\"robots\" content=\"index, follow, max-snippet:-1, max-image-preview:large, max-video-preview:-1\" \/>\n<link rel=\"canonical\" href=\"https:\/\/dicodusport.fr\/blog\/tennis-arthur-fils-declare-forfait-pour-wimbledon\/\" \/>\n<meta property=\"og:locale\" content=\"fr_FR\" \/>\n<meta property=\"og:type\" content=\"article\" \/>\n<meta property=\"og:title\" content=\"Wimbledon 2025 : Arthur Fils d\u00e9clare forfait\" \/>\n<meta property=\"og:description\" content=\"TENNIS - G\u00ean\u00e9 par des probl\u00e8mes de dos, Arthur Fils ne prendra pas part \u00e0 Wimbledon cette ann\u00e9e. Le num\u00e9ro 1 fran\u00e7ais vient de se retirer de la liste d&#039;entr\u00e9e du tournoi.\" \/>\n<meta property=\"og:url\" content=\"https:\/\/dicodusport.fr\/blog\/tennis-arthur-fils-declare-forfait-pour-wimbledon\/\" \/>\n<meta property=\"og:site_name\" content=\"Dicodusport\" \/>\n<meta property=\"article:publisher\" content=\"https:\/\/www.facebook.com\/dicodusport\" \/>\n<meta property=\"article:published_time\" content=\"2025-06-21T10:04:20+00:00\" \/>\n<meta property=\"article:modified_time\" content=\"2025-06-21T10:05:57+00:00\" \/>\n<meta property=\"og:image\" content=\"https:\/\/dicodusport.fr\/blog\/wp-content\/uploads\/2025\/06\/Tennis-Arthur-Fils-declare-forfait-pour-Wimbledon.png\" \/>\n\t<meta property=\"og:image:width\" content=\"1200\" \/>\n\t<meta property=\"og:image:height\" content=\"674\" \/>\n\t<meta property=\"og:image:type\" content=\"image\/png\" \/>\n<meta name=\"author\" content=\"Maxime Cazenave\" \/>\n<meta name=\"twitter:card\" content=\"summary_large_image\" \/>\n<meta name=\"twitter:description\" content=\"TENNIS - G\u00ean\u00e9 par des probl\u00e8mes de dos, Arthur Fils ne prendra pas part \u00e0 Wimbledon cette ann\u00e9e. Le num\u00e9ro 1 fran\u00e7ais vient de se retirer de la liste d&#039;entr\u00e9e du tournoi.\" \/>\n<meta name=\"twitter:creator\" content=\"@https:\/\/twitter.com\/Maxime_Caze\" \/>\n<meta name=\"twitter:site\" content=\"@dicodusport\" \/>\n<script type=\"application\/ld+json\" class=\"yoast-schema-graph\">{\"@context\":\"https:\/\/schema.org\",\"@graph\":[{\"@type\":\"NewsArticle\",\"@id\":\"https:\/\/dicodusport.fr\/blog\/tennis-arthur-fils-declare-forfait-pour-wimbledon\/#article\",\"isPartOf\":{\"@id\":\"https:\/\/dicodusport.fr\/blog\/tennis-arthur-fils-declare-forfait-pour-wimbledon\/\"},\"author\":{\"name\":\"Maxime Cazenave\",\"@id\":\"https:\/\/dicodusport.fr\/blog\/#\/schema\/person\/37def232098a7a5cbab3974a3690abb0\"},\"headline\":\"Wimbledon 2025 : Arthur Fils d\u00e9clare forfait\",\"datePublished\":\"2025-06-21T10:04:20+00:00\",\"dateModified\":\"2025-06-21T10:05:57+00:00\",\"mainEntityOfPage\":{\"@id\":\"https:\/\/dicodusport.fr\/blog\/tennis-arthur-fils-declare-forfait-pour-wimbledon\/\"},\"wordCount\":275,\"commentCount\":0,\"publisher\":{\"@id\":\"https:\/\/dicodusport.fr\/blog\/#organization\"},\"image\":{\"@id\":\"https:\/\/dicodusport.fr\/blog\/tennis-arthur-fils-declare-forfait-pour-wimbledon\/#primaryimage\"},\"thumbnailUrl\":\"https:\/\/dicodusport.fr\/blog\/wp-content\/uploads\/2025\/06\/Tennis-Arthur-Fils-declare-forfait-pour-Wimbledon.png\",\"keywords\":[\"Arthur Fils\",\"br\u00e8ve\",\"wimbledon\"],\"articleSection\":[\"Wimbledon\"],\"inLanguage\":\"fr-FR\",\"potentialAction\":[{\"@type\":\"CommentAction\",\"name\":\"Comment\",\"target\":[\"https:\/\/dicodusport.fr\/blog\/tennis-arthur-fils-declare-forfait-pour-wimbledon\/#respond\"]}],\"copyrightYear\":\"2025\",\"copyrightHolder\":{\"@id\":\"https:\/\/dicodusport.fr\/blog\/#organization\"}},{\"@type\":\"WebPage\",\"@id\":\"https:\/\/dicodusport.fr\/blog\/tennis-arthur-fils-declare-forfait-pour-wimbledon\/\",\"url\":\"https:\/\/dicodusport.fr\/blog\/tennis-arthur-fils-declare-forfait-pour-wimbledon\/\",\"name\":\"Wimbledon 2025 : Arthur Fils d\u00e9clare forfait\",\"isPartOf\":{\"@id\":\"https:\/\/dicodusport.fr\/blog\/#website\"},\"primaryImageOfPage\":{\"@id\":\"https:\/\/dicodusport.fr\/blog\/tennis-arthur-fils-declare-forfait-pour-wimbledon\/#primaryimage\"},\"image\":{\"@id\":\"https:\/\/dicodusport.fr\/blog\/tennis-arthur-fils-declare-forfait-pour-wimbledon\/#primaryimage\"},\"thumbnailUrl\":\"https:\/\/dicodusport.fr\/blog\/wp-content\/uploads\/2025\/06\/Tennis-Arthur-Fils-declare-forfait-pour-Wimbledon.png\",\"datePublished\":\"2025-06-21T10:04:20+00:00\",\"dateModified\":\"2025-06-21T10:05:57+00:00\",\"description\":\"WIMBLEDON 2025 - G\u00ean\u00e9 par des probl\u00e8mes de dos, Arthur Fils ne prendra pas part \u00e0 Wimbledon cette ann\u00e9e.\",\"breadcrumb\":{\"@id\":\"https:\/\/dicodusport.fr\/blog\/tennis-arthur-fils-declare-forfait-pour-wimbledon\/#breadcrumb\"},\"inLanguage\":\"fr-FR\",\"potentialAction\":[{\"@type\":\"ReadAction\",\"target\":[\"https:\/\/dicodusport.fr\/blog\/tennis-arthur-fils-declare-forfait-pour-wimbledon\/\"]}]},{\"@type\":\"ImageObject\",\"inLanguage\":\"fr-FR\",\"@id\":\"https:\/\/dicodusport.fr\/blog\/tennis-arthur-fils-declare-forfait-pour-wimbledon\/#primaryimage\",\"url\":\"https:\/\/dicodusport.fr\/blog\/wp-content\/uploads\/2025\/06\/Tennis-Arthur-Fils-declare-forfait-pour-Wimbledon.png\",\"contentUrl\":\"https:\/\/dicodusport.fr\/blog\/wp-content\/uploads\/2025\/06\/Tennis-Arthur-Fils-declare-forfait-pour-Wimbledon.png\",\"width\":1200,\"height\":674,\"caption\":\"Tennis : Arthur Fils d\u00e9clare forfait pour Wimbledon\"},{\"@type\":\"BreadcrumbList\",\"@id\":\"https:\/\/dicodusport.fr\/blog\/tennis-arthur-fils-declare-forfait-pour-wimbledon\/#breadcrumb\",\"itemListElement\":[{\"@type\":\"ListItem\",\"position\":1,\"name\":\"Accueil\",\"item\":\"https:\/\/dicodusport.fr\/blog\/\"},{\"@type\":\"ListItem\",\"position\":2,\"name\":\"Wimbledon 2025 : Arthur Fils d\u00e9clare forfait\"}]},{\"@type\":\"WebSite\",\"@id\":\"https:\/\/dicodusport.fr\/blog\/#website\",\"url\":\"https:\/\/dicodusport.fr\/blog\/\",\"name\":\"Dicodusport\",\"description\":\"L&#039;encyclop\u00e9die de l&#039;actualit\u00e9 sportive\",\"publisher\":{\"@id\":\"https:\/\/dicodusport.fr\/blog\/#organization\"},\"potentialAction\":[{\"@type\":\"SearchAction\",\"target\":{\"@type\":\"EntryPoint\",\"urlTemplate\":\"https:\/\/dicodusport.fr\/blog\/?s={search_term_string}\"},\"query-input\":{\"@type\":\"PropertyValueSpecification\",\"valueRequired\":true,\"valueName\":\"search_term_string\"}}],\"inLanguage\":\"fr-FR\"},{\"@type\":\"NewsMediaOrganization\",\"@id\":\"https:\/\/dicodusport.fr\/blog\/#organization\",\"name\":\"Dicodusport\",\"url\":\"https:\/\/dicodusport.fr\/blog\/\",\"logo\":{\"@type\":\"ImageObject\",\"inLanguage\":\"fr-FR\",\"@id\":\"https:\/\/dicodusport.fr\/blog\/#\/schema\/logo\/image\/\",\"url\":\"https:\/\/dicodusport.fr\/blog\/wp-content\/uploads\/2020\/06\/cropped-LOGO-DICODUSPORT-2020-SANS-FOND-SANS-TEXTE.png\",\"contentUrl\":\"https:\/\/dicodusport.fr\/blog\/wp-content\/uploads\/2020\/06\/cropped-LOGO-DICODUSPORT-2020-SANS-FOND-SANS-TEXTE.png\",\"width\":512,\"height\":512,\"caption\":\"Dicodusport\"},\"image\":{\"@id\":\"https:\/\/dicodusport.fr\/blog\/#\/schema\/logo\/image\/\"},\"sameAs\":[\"https:\/\/www.facebook.com\/dicodusport\",\"https:\/\/x.com\/dicodusport\",\"https:\/\/www.instagram.com\/dicodusport\/\",\"https:\/\/www.youtube.com\/channel\/UC7V2KZ5sd3htJivAbA4ZG3w\"],\"description\":\"Dicodusport est l'encyclop\u00e9die de l'actualit\u00e9 sportive.\",\"email\":\"bonjour@dicodusport.fr\",\"legalName\":\"DICODUSPORT\",\"foundingDate\":\"2018-01-14\",\"vatID\":\"FR71834470973\",\"taxID\":\"83447097300043\",\"numberOfEmployees\":{\"@type\":\"QuantitativeValue\",\"minValue\":\"1\",\"maxValue\":\"10\"}},{\"@type\":\"Person\",\"@id\":\"https:\/\/dicodusport.fr\/blog\/#\/schema\/person\/37def232098a7a5cbab3974a3690abb0\",\"name\":\"Maxime Cazenave\",\"image\":{\"@type\":\"ImageObject\",\"inLanguage\":\"fr-FR\",\"@id\":\"https:\/\/dicodusport.fr\/blog\/#\/schema\/person\/image\/\",\"url\":\"https:\/\/dicodusport.fr\/blog\/wp-content\/uploads\/2021\/05\/Maxime-Cazenave-150x150.jpg\",\"contentUrl\":\"https:\/\/dicodusport.fr\/blog\/wp-content\/uploads\/2021\/05\/Maxime-Cazenave-150x150.jpg\",\"caption\":\"Maxime Cazenave\"},\"description\":\"Journaliste\/R\u00e9dacteur depuis 2012 - Berc\u00e9 par l\u2019amour des Girondins de Bordeaux, les \u00e9checs de Christophe Moreau sur le Tour de France sous l'\u00e8re Lance Armstrong et le fade-away l\u00e9tal de Dirk Nowitzki, ma passion d\u00e9vorante pour le sport a toujours \u00e9t\u00e9 un pan incontournable de ma vie. Transmettre ma passion \u00e0 l\u2019\u00e9crit a \u00e9t\u00e9 une transition naturelle. Suiveur assidu de basket et de hockey sur glace, je garde toujours un peu de place pour suivre le cyclisme, le football et le maximum de performances fran\u00e7aises.\",\"sameAs\":[\"https:\/\/x.com\/https:\/\/twitter.com\/Maxime_Caze\"],\"url\":\"https:\/\/dicodusport.fr\/blog\/author\/maximec\/\"}]}<\/script>\n<!-- \/ Yoast SEO Premium plugin. -->","yoast_head_json":{"title":"Wimbledon 2025 : Arthur Fils d\u00e9clare forfait","description":"WIMBLEDON 2025 - G\u00ean\u00e9 par des probl\u00e8mes de dos, Arthur Fils ne prendra pas part \u00e0 Wimbledon cette ann\u00e9e.","robots":{"index":"index","follow":"follow","max-snippet":"max-snippet:-1","max-image-preview":"max-image-preview:large","max-video-preview":"max-video-preview:-1"},"canonical":"https:\/\/dicodusport.fr\/blog\/tennis-arthur-fils-declare-forfait-pour-wimbledon\/","og_locale":"fr_FR","og_type":"article","og_title":"Wimbledon 2025 : Arthur Fils d\u00e9clare forfait","og_description":"TENNIS - G\u00ean\u00e9 par des probl\u00e8mes de dos, Arthur Fils ne prendra pas part \u00e0 Wimbledon cette ann\u00e9e. Le num\u00e9ro 1 fran\u00e7ais vient de se retirer de la liste d'entr\u00e9e du tournoi.","og_url":"https:\/\/dicodusport.fr\/blog\/tennis-arthur-fils-declare-forfait-pour-wimbledon\/","og_site_name":"Dicodusport","article_publisher":"https:\/\/www.facebook.com\/dicodusport","article_published_time":"2025-06-21T10:04:20+00:00","article_modified_time":"2025-06-21T10:05:57+00:00","og_image":[{"width":1200,"height":674,"url":"https:\/\/dicodusport.fr\/blog\/wp-content\/uploads\/2025\/06\/Tennis-Arthur-Fils-declare-forfait-pour-Wimbledon.png","type":"image\/png"}],"author":"Maxime Cazenave","twitter_card":"summary_large_image","twitter_description":"TENNIS - G\u00ean\u00e9 par des probl\u00e8mes de dos, Arthur Fils ne prendra pas part \u00e0 Wimbledon cette ann\u00e9e. Le num\u00e9ro 1 fran\u00e7ais vient de se retirer de la liste d'entr\u00e9e du tournoi.","twitter_creator":"@https:\/\/twitter.com\/Maxime_Caze","twitter_site":"@dicodusport","schema":{"@context":"https:\/\/schema.org","@graph":[{"@type":"NewsArticle","@id":"https:\/\/dicodusport.fr\/blog\/tennis-arthur-fils-declare-forfait-pour-wimbledon\/#article","isPartOf":{"@id":"https:\/\/dicodusport.fr\/blog\/tennis-arthur-fils-declare-forfait-pour-wimbledon\/"},"author":{"name":"Maxime Cazenave","@id":"https:\/\/dicodusport.fr\/blog\/#\/schema\/person\/37def232098a7a5cbab3974a3690abb0"},"headline":"Wimbledon 2025 : Arthur Fils d\u00e9clare forfait","datePublished":"2025-06-21T10:04:20+00:00","dateModified":"2025-06-21T10:05:57+00:00","mainEntityOfPage":{"@id":"https:\/\/dicodusport.fr\/blog\/tennis-arthur-fils-declare-forfait-pour-wimbledon\/"},"wordCount":275,"commentCount":0,"publisher":{"@id":"https:\/\/dicodusport.fr\/blog\/#organization"},"image":{"@id":"https:\/\/dicodusport.fr\/blog\/tennis-arthur-fils-declare-forfait-pour-wimbledon\/#primaryimage"},"thumbnailUrl":"https:\/\/dicodusport.fr\/blog\/wp-content\/uploads\/2025\/06\/Tennis-Arthur-Fils-declare-forfait-pour-Wimbledon.png","keywords":["Arthur Fils","br\u00e8ve","wimbledon"],"articleSection":["Wimbledon"],"inLanguage":"fr-FR","potentialAction":[{"@type":"CommentAction","name":"Comment","target":["https:\/\/dicodusport.fr\/blog\/tennis-arthur-fils-declare-forfait-pour-wimbledon\/#respond"]}],"copyrightYear":"2025","copyrightHolder":{"@id":"https:\/\/dicodusport.fr\/blog\/#organization"}},{"@type":"WebPage","@id":"https:\/\/dicodusport.fr\/blog\/tennis-arthur-fils-declare-forfait-pour-wimbledon\/","url":"https:\/\/dicodusport.fr\/blog\/tennis-arthur-fils-declare-forfait-pour-wimbledon\/","name":"Wimbledon 2025 : Arthur Fils d\u00e9clare forfait","isPartOf":{"@id":"https:\/\/dicodusport.fr\/blog\/#website"},"primaryImageOfPage":{"@id":"https:\/\/dicodusport.fr\/blog\/tennis-arthur-fils-declare-forfait-pour-wimbledon\/#primaryimage"},"image":{"@id":"https:\/\/dicodusport.fr\/blog\/tennis-arthur-fils-declare-forfait-pour-wimbledon\/#primaryimage"},"thumbnailUrl":"https:\/\/dicodusport.fr\/blog\/wp-content\/uploads\/2025\/06\/Tennis-Arthur-Fils-declare-forfait-pour-Wimbledon.png","datePublished":"2025-06-21T10:04:20+00:00","dateModified":"2025-06-21T10:05:57+00:00","description":"WIMBLEDON 2025 - G\u00ean\u00e9 par des probl\u00e8mes de dos, Arthur Fils ne prendra pas part \u00e0 Wimbledon cette ann\u00e9e.","breadcrumb":{"@id":"https:\/\/dicodusport.fr\/blog\/tennis-arthur-fils-declare-forfait-pour-wimbledon\/#breadcrumb"},"inLanguage":"fr-FR","potentialAction":[{"@type":"ReadAction","target":["https:\/\/dicodusport.fr\/blog\/tennis-arthur-fils-declare-forfait-pour-wimbledon\/"]}]},{"@type":"ImageObject","inLanguage":"fr-FR","@id":"https:\/\/dicodusport.fr\/blog\/tennis-arthur-fils-declare-forfait-pour-wimbledon\/#primaryimage","url":"https:\/\/dicodusport.fr\/blog\/wp-content\/uploads\/2025\/06\/Tennis-Arthur-Fils-declare-forfait-pour-Wimbledon.png","contentUrl":"https:\/\/dicodusport.fr\/blog\/wp-content\/uploads\/2025\/06\/Tennis-Arthur-Fils-declare-forfait-pour-Wimbledon.png","width":1200,"height":674,"caption":"Tennis : Arthur Fils d\u00e9clare forfait pour Wimbledon"},{"@type":"BreadcrumbList","@id":"https:\/\/dicodusport.fr\/blog\/tennis-arthur-fils-declare-forfait-pour-wimbledon\/#breadcrumb","itemListElement":[{"@type":"ListItem","position":1,"name":"Accueil","item":"https:\/\/dicodusport.fr\/blog\/"},{"@type":"ListItem","position":2,"name":"Wimbledon 2025 : Arthur Fils d\u00e9clare forfait"}]},{"@type":"WebSite","@id":"https:\/\/dicodusport.fr\/blog\/#website","url":"https:\/\/dicodusport.fr\/blog\/","name":"Dicodusport","description":"L&#039;encyclop\u00e9die de l&#039;actualit\u00e9 sportive","publisher":{"@id":"https:\/\/dicodusport.fr\/blog\/#organization"},"potentialAction":[{"@type":"SearchAction","target":{"@type":"EntryPoint","urlTemplate":"https:\/\/dicodusport.fr\/blog\/?s={search_term_string}"},"query-input":{"@type":"PropertyValueSpecification","valueRequired":true,"valueName":"search_term_string"}}],"inLanguage":"fr-FR"},{"@type":"NewsMediaOrganization","@id":"https:\/\/dicodusport.fr\/blog\/#organization","name":"Dicodusport","url":"https:\/\/dicodusport.fr\/blog\/","logo":{"@type":"ImageObject","inLanguage":"fr-FR","@id":"https:\/\/dicodusport.fr\/blog\/#\/schema\/logo\/image\/","url":"https:\/\/dicodusport.fr\/blog\/wp-content\/uploads\/2020\/06\/cropped-LOGO-DICODUSPORT-2020-SANS-FOND-SANS-TEXTE.png","contentUrl":"https:\/\/dicodusport.fr\/blog\/wp-content\/uploads\/2020\/06\/cropped-LOGO-DICODUSPORT-2020-SANS-FOND-SANS-TEXTE.png","width":512,"height":512,"caption":"Dicodusport"},"image":{"@id":"https:\/\/dicodusport.fr\/blog\/#\/schema\/logo\/image\/"},"sameAs":["https:\/\/www.facebook.com\/dicodusport","https:\/\/x.com\/dicodusport","https:\/\/www.instagram.com\/dicodusport\/","https:\/\/www.youtube.com\/channel\/UC7V2KZ5sd3htJivAbA4ZG3w"],"description":"Dicodusport est l'encyclop\u00e9die de l'actualit\u00e9 sportive.","email":"bonjour@dicodusport.fr","legalName":"DICODUSPORT","foundingDate":"2018-01-14","vatID":"FR71834470973","taxID":"83447097300043","numberOfEmployees":{"@type":"QuantitativeValue","minValue":"1","maxValue":"10"}},{"@type":"Person","@id":"https:\/\/dicodusport.fr\/blog\/#\/schema\/person\/37def232098a7a5cbab3974a3690abb0","name":"Maxime Cazenave","image":{"@type":"ImageObject","inLanguage":"fr-FR","@id":"https:\/\/dicodusport.fr\/blog\/#\/schema\/person\/image\/","url":"https:\/\/dicodusport.fr\/blog\/wp-content\/uploads\/2021\/05\/Maxime-Cazenave-150x150.jpg","contentUrl":"https:\/\/dicodusport.fr\/blog\/wp-content\/uploads\/2021\/05\/Maxime-Cazenave-150x150.jpg","caption":"Maxime Cazenave"},"description":"Journaliste\/R\u00e9dacteur depuis 2012 - Berc\u00e9 par l\u2019amour des Girondins de Bordeaux, les \u00e9checs de Christophe Moreau sur le Tour de France sous l'\u00e8re Lance Armstrong et le fade-away l\u00e9tal de Dirk Nowitzki, ma passion d\u00e9vorante pour le sport a toujours \u00e9t\u00e9 un pan incontournable de ma vie. Transmettre ma passion \u00e0 l\u2019\u00e9crit a \u00e9t\u00e9 une transition naturelle. Suiveur assidu de basket et de hockey sur glace, je garde toujours un peu de place pour suivre le cyclisme, le football et le maximum de performances fran\u00e7aises.","sameAs":["https:\/\/x.com\/https:\/\/twitter.com\/Maxime_Caze"],"url":"https:\/\/dicodusport.fr\/blog\/author\/maximec\/"}]}},"_links":{"self":[{"href":"https:\/\/dicodusport.fr\/blog\/wp-json\/wp\/v2\/posts\/588866","targetHints":{"allow":["GET"]}}],"collection":[{"href":"https:\/\/dicodusport.fr\/blog\/wp-json\/wp\/v2\/posts"}],"about":[{"href":"https:\/\/dicodusport.fr\/blog\/wp-json\/wp\/v2\/types\/post"}],"author":[{"embeddable":true,"href":"https:\/\/dicodusport.fr\/blog\/wp-json\/wp\/v2\/users\/55"}],"replies":[{"embeddable":true,"href":"https:\/\/dicodusport.fr\/blog\/wp-json\/wp\/v2\/comments?post=588866"}],"version-history":[{"count":3,"href":"https:\/\/dicodusport.fr\/blog\/wp-json\/wp\/v2\/posts\/588866\/revisions"}],"predecessor-version":[{"id":588872,"href":"https:\/\/dicodusport.fr\/blog\/wp-json\/wp\/v2\/posts\/588866\/revisions\/588872"}],"wp:featuredmedia":[{"embeddable":true,"href":"https:\/\/dicodusport.fr\/blog\/wp-json\/wp\/v2\/media\/588868"}],"wp:attachment":[{"href":"https:\/\/dicodusport.fr\/blog\/wp-json\/wp\/v2\/media?parent=588866"}],"wp:term":[{"taxonomy":"category","embeddable":true,"href":"https:\/\/dicodusport.fr\/blog\/wp-json\/wp\/v2\/categories?post=588866"},{"taxonomy":"post_tag","embeddable":true,"href":"https:\/\/dicodusport.fr\/blog\/wp-json\/wp\/v2\/tags?post=588866"}],"curies":[{"name":"wp","href":"https:\/\/api.w.org\/{rel}","templated":true}]}}