{"id":588874,"date":"2025-06-21T12:59:19","date_gmt":"2025-06-21T10:59:19","guid":{"rendered":"https:\/\/dicodusport.fr\/blog\/?p=588874&#038;preview=true&#038;preview_id=588874"},"modified":"2025-06-21T19:01:45","modified_gmt":"2025-06-21T17:01:45","slug":"vtt-descente-marine-cabirou-imperiale-a-val-di-sole","status":"publish","type":"post","link":"https:\/\/dicodusport.fr\/blog\/vtt-descente-marine-cabirou-imperiale-a-val-di-sole\/","title":{"rendered":"VTT Descente : Marine Cabirou imp\u00e9riale \u00e0 Val di Sole !"},"content":{"rendered":"<p style=\"text-align: justify;\"><strong><em>COUPE DU MONDE DE VTT DESCENTE 2025 &#8211; Marine Cabirou a remport\u00e9 la 4\u00e8me manche disput\u00e9e sur le technique circuit de Val di Sole, ce samedi midi. \u00c9tincelante, la Fran\u00e7aise a devanc\u00e9 Valentina H\u00f6ll et Monika Hrastnik pour rafler sa 10\u00e8me victoire en carri\u00e8re.<\/em><\/strong><\/p>\n<ul style=\"text-align: justify;\">\n<li><strong>\u00c0 ce sujet &#8211; <a href=\"https:\/\/dicodusport.fr\/blog\/actualites\/cyclisme\/vtt\/\">Toute l&rsquo;actualit\u00e9 du VTT<\/a><\/strong><\/li>\n<\/ul>\n<p style=\"text-align: justify;\">Les weekends s&rsquo;encha\u00eenent, et les manches de <strong>coupe du monde de VTT descente<\/strong> en font de m\u00eame. Suite aux \u00e9tapes de Loudenvielle et Leogang en d\u00e9but de mois, les descendeurs et descendeuses avaient rendez-vous du c\u00f4t\u00e9 de <strong>Val di Sole<\/strong> pour la 4\u00e8me manche de la saison. Une manche qui se disputait sans l&rsquo;une des deux meilleures fran\u00e7aises, <strong>Myriam Nicole<\/strong>, insuffisamment remise de sa chute \u00e0 Leogang.<\/p>\n<h2 style=\"text-align: justify;\">Premier Top 10 pour Lisa Bouladou<\/h2>\n<p style=\"text-align: justify;\">Malgr\u00e9 tout, <strong>Marine Cabirou<\/strong> n&rsquo;\u00e9tait pas la seule tricolore \u00e0 avoir pass\u00e9 le cut pour rejoindre la finale puisque la jeune <strong>Lisa Bouladou<\/strong> a r\u00e9ussi \u00e0 composter sa place dans le Top 15, comme ce fut d\u00e9j\u00e0 le cas \u00e0 Loudenvielle. Et cette derni\u00e8re a m\u00eame fait bien plus que cela en r\u00e9alisant une descente solide pour s&rsquo;offrir son premier Top 10 (10\u00e8me) en carri\u00e8re gr\u00e2ce \u00e0 un chrono s\u00e9rieux (4.23:611). Cela lui a permis de battre plusieurs filles ayant r\u00e9alis\u00e9 des descentes moins convaincantes. Mais aussi de surpasser certaines cadors, dont <strong>Tahnee Seagrave<\/strong>, qui a v\u00e9cu un weekend compliqu\u00e9. Seulement 9\u00e8me des qualifications, une grosse erreur l&rsquo;a emp\u00each\u00e9 de jouer sa chance aujourd&rsquo;hui.<\/p>\n<h2 style=\"text-align: justify;\">Marine Cabirou surnage<\/h2>\n<p style=\"text-align: justify;\">Alors qu&rsquo;il reste encore cinq filles \u00e0 passer, l&rsquo;Australienne<strong> Jess Blewitt<\/strong> caracole en t\u00eate du classement avec un chrono d\u00e9tonnant en 4.12:543. Elle poss\u00e9dait alors plus de 7 secondes et demie d&rsquo;avance sur sa premi\u00e8re poursuivante, <strong>Nina Hoffmann<\/strong> ! Cependant, le temps de r\u00e9f\u00e9rence n&rsquo;est pas inatteignable, et <strong>Marine Cabirou<\/strong> l&rsquo;a prouv\u00e9. Malgr\u00e9 une petite erreur sur le bas, la Fran\u00e7aise s&rsquo;est montr\u00e9e souveraine pour s&rsquo;offrir le nouveau meilleur chrono (4.10:310). Un chrono qui lui a assur\u00e9 un magnifique succ\u00e8s. En effet, <strong>Camille Balanche<\/strong> ne s&rsquo;en est pas approch\u00e9e, tandis que <strong>Gracey Hemstreet<\/strong>, laur\u00e9ate des deux derni\u00e8res \u00e9tapes, a \u00e9galement d\u00fb rendre les armes.<\/p>\n<blockquote class=\"twitter-tweet\">\n<p dir=\"ltr\" lang=\"en\">Cabirou in command \ud83d\ude80<\/p>\n<p>The French star loves this track and claims the hot seat with a huge 4:10.310 \ud83d\udd67<\/p>\n<p>That must be good enough for a podium?<a href=\"https:\/\/twitter.com\/hashtag\/MTBWorldCup?src=hash&amp;ref_src=twsrc%5Etfw\">#MTBWorldCup<\/a> <a href=\"https:\/\/t.co\/bgxNi7CyFh\">pic.twitter.com\/bgxNi7CyFh<\/a><\/p>\n<p>\u2014 UCI MTB (@UCI_MTB) <a href=\"https:\/\/twitter.com\/UCI_MTB\/status\/1936373194329383036?ref_src=twsrc%5Etfw\">June 21, 2025<\/a><\/p><\/blockquote>\n<p style=\"text-align: justify;\"><script async src=\"https:\/\/platform.twitter.com\/widgets.js\" charset=\"utf-8\"><\/script><\/p>\n<p style=\"text-align: justify;\">Ensuite, <strong>Valentina H\u00f6ll<\/strong> s&rsquo;est montr\u00e9e extr\u00eamement mena\u00e7ante en passant en t\u00eate des trois premiers interm\u00e9diaires. Mais la derni\u00e8re partie de la Fran\u00e7aise \u00e9tait imp\u00e9riale, et cela lui a permis de conserver la t\u00eate. Meilleur temps des qualifications, <strong>Monika Hrastnik<\/strong> a \u00e9t\u00e9 la seule \u00e0 rivaliser sur la derni\u00e8re partie, mais un haut moins tranchant lui a co\u00fbt\u00e9 cher. R\u00e9sultat, <strong>Marine Cabirou<\/strong> s&rsquo;offre la victoire en devan\u00e7ant sur le podium <strong>H\u00f6ll<\/strong> (+1.271) et <strong>Hrastnik<\/strong> (+1.881), et remporte donc sa <strong>10\u00e8me victoire en Coupe du monde<\/strong>.<\/p>\n","protected":false},"excerpt":{"rendered":"<p>COUPE DU MONDE DE VTT DESCENTE 2025 &#8211; Marine Cabirou a remport\u00e9 la 4\u00e8me manche disput\u00e9e sur le technique circuit de Val di Sole, ce samedi midi. \u00c9tincelante, la Fran\u00e7aise a devanc\u00e9 Valentina H\u00f6ll et Monika Hrastnik pour rafler sa 10\u00e8me victoire en carri\u00e8re.<\/p>\n","protected":false},"author":55,"featured_media":589069,"comment_status":"open","ping_status":"closed","sticky":false,"template":"","format":"standard","meta":{"_acf_changed":false,"_daextam_enable_autolinks":"1","footnotes":""},"categories":[10279],"tags":[16878,10993,24,47106,7768],"class_list":["post-588874","post","type-post","status-publish","format-standard","has-post-thumbnail","hentry","category-vtt","tag-breve","tag-marine-cabirou","tag-sport","tag-val-di-sole","tag-vtt-descente"],"acf":[],"yoast_head":"<!-- This site is optimized with the Yoast SEO Premium plugin v26.7 (Yoast SEO v26.7) - https:\/\/yoast.com\/wordpress\/plugins\/seo\/ -->\n<title>VTT Descente : Marine Cabirou imp\u00e9riale \u00e0 Val di Sole !<\/title>\n<meta name=\"description\" content=\"COUPE DU MONDE DE VTT DESCENTE 2025 - Marine Cabirou a remport\u00e9 la 4\u00e8me manche disput\u00e9e sur le technique circuit de Val di Sole.\" \/>\n<meta name=\"robots\" content=\"index, follow, max-snippet:-1, max-image-preview:large, max-video-preview:-1\" \/>\n<link rel=\"canonical\" href=\"https:\/\/dicodusport.fr\/blog\/vtt-descente-marine-cabirou-imperiale-a-val-di-sole\/\" \/>\n<meta property=\"og:locale\" content=\"fr_FR\" \/>\n<meta property=\"og:type\" content=\"article\" \/>\n<meta property=\"og:title\" content=\"VTT Descente : Marine Cabirou imp\u00e9riale \u00e0 Val di Sole !\" \/>\n<meta property=\"og:description\" content=\"COUPE DU MONDE DE VTT DESCENTE 2025 - Marine Cabirou a remport\u00e9 la 4\u00e8me manche disput\u00e9e sur le technique circuit de Val di Sole, ce samedi midi.\" \/>\n<meta property=\"og:url\" content=\"https:\/\/dicodusport.fr\/blog\/vtt-descente-marine-cabirou-imperiale-a-val-di-sole\/\" \/>\n<meta property=\"og:site_name\" content=\"Dicodusport\" \/>\n<meta property=\"article:publisher\" content=\"https:\/\/www.facebook.com\/dicodusport\" \/>\n<meta property=\"article:published_time\" content=\"2025-06-21T10:59:19+00:00\" \/>\n<meta property=\"article:modified_time\" content=\"2025-06-21T17:01:45+00:00\" \/>\n<meta property=\"og:image\" content=\"https:\/\/dicodusport.fr\/blog\/wp-content\/uploads\/2025\/06\/VTT-Descente-Marine-Cabirou-imperiale-a-Val-di-Sole-1.png\" \/>\n\t<meta property=\"og:image:width\" content=\"1200\" \/>\n\t<meta property=\"og:image:height\" content=\"674\" \/>\n\t<meta property=\"og:image:type\" content=\"image\/png\" \/>\n<meta name=\"author\" content=\"Maxime Cazenave\" \/>\n<meta name=\"twitter:card\" content=\"summary_large_image\" \/>\n<meta name=\"twitter:description\" content=\"COUPE DU MONDE DE VTT DESCENTE 2025 - Marine Cabirou a remport\u00e9 la 4\u00e8me manche disput\u00e9e sur le technique circuit de Val di Sole, ce samedi midi.\" \/>\n<meta name=\"twitter:creator\" content=\"@https:\/\/twitter.com\/Maxime_Caze\" \/>\n<meta name=\"twitter:site\" content=\"@dicodusport\" \/>\n<script type=\"application\/ld+json\" class=\"yoast-schema-graph\">{\"@context\":\"https:\/\/schema.org\",\"@graph\":[{\"@type\":\"NewsArticle\",\"@id\":\"https:\/\/dicodusport.fr\/blog\/vtt-descente-marine-cabirou-imperiale-a-val-di-sole\/#article\",\"isPartOf\":{\"@id\":\"https:\/\/dicodusport.fr\/blog\/vtt-descente-marine-cabirou-imperiale-a-val-di-sole\/\"},\"author\":{\"name\":\"Maxime Cazenave\",\"@id\":\"https:\/\/dicodusport.fr\/blog\/#\/schema\/person\/37def232098a7a5cbab3974a3690abb0\"},\"headline\":\"VTT Descente : Marine Cabirou imp\u00e9riale \u00e0 Val di Sole !\",\"datePublished\":\"2025-06-21T10:59:19+00:00\",\"dateModified\":\"2025-06-21T17:01:45+00:00\",\"mainEntityOfPage\":{\"@id\":\"https:\/\/dicodusport.fr\/blog\/vtt-descente-marine-cabirou-imperiale-a-val-di-sole\/\"},\"wordCount\":520,\"commentCount\":0,\"publisher\":{\"@id\":\"https:\/\/dicodusport.fr\/blog\/#organization\"},\"image\":{\"@id\":\"https:\/\/dicodusport.fr\/blog\/vtt-descente-marine-cabirou-imperiale-a-val-di-sole\/#primaryimage\"},\"thumbnailUrl\":\"https:\/\/dicodusport.fr\/blog\/wp-content\/uploads\/2025\/06\/VTT-Descente-Marine-Cabirou-imperiale-a-Val-di-Sole-1.png\",\"keywords\":[\"br\u00e8ve\",\"Marine Cabirou\",\"sport\",\"Val di Sole\",\"VTT Descente\"],\"articleSection\":[\"VTT\"],\"inLanguage\":\"fr-FR\",\"potentialAction\":[{\"@type\":\"CommentAction\",\"name\":\"Comment\",\"target\":[\"https:\/\/dicodusport.fr\/blog\/vtt-descente-marine-cabirou-imperiale-a-val-di-sole\/#respond\"]}],\"copyrightYear\":\"2025\",\"copyrightHolder\":{\"@id\":\"https:\/\/dicodusport.fr\/blog\/#organization\"}},{\"@type\":\"WebPage\",\"@id\":\"https:\/\/dicodusport.fr\/blog\/vtt-descente-marine-cabirou-imperiale-a-val-di-sole\/\",\"url\":\"https:\/\/dicodusport.fr\/blog\/vtt-descente-marine-cabirou-imperiale-a-val-di-sole\/\",\"name\":\"VTT Descente : Marine Cabirou imp\u00e9riale \u00e0 Val di Sole !\",\"isPartOf\":{\"@id\":\"https:\/\/dicodusport.fr\/blog\/#website\"},\"primaryImageOfPage\":{\"@id\":\"https:\/\/dicodusport.fr\/blog\/vtt-descente-marine-cabirou-imperiale-a-val-di-sole\/#primaryimage\"},\"image\":{\"@id\":\"https:\/\/dicodusport.fr\/blog\/vtt-descente-marine-cabirou-imperiale-a-val-di-sole\/#primaryimage\"},\"thumbnailUrl\":\"https:\/\/dicodusport.fr\/blog\/wp-content\/uploads\/2025\/06\/VTT-Descente-Marine-Cabirou-imperiale-a-Val-di-Sole-1.png\",\"datePublished\":\"2025-06-21T10:59:19+00:00\",\"dateModified\":\"2025-06-21T17:01:45+00:00\",\"description\":\"COUPE DU MONDE DE VTT DESCENTE 2025 - Marine Cabirou a remport\u00e9 la 4\u00e8me manche disput\u00e9e sur le technique circuit de Val di Sole.\",\"breadcrumb\":{\"@id\":\"https:\/\/dicodusport.fr\/blog\/vtt-descente-marine-cabirou-imperiale-a-val-di-sole\/#breadcrumb\"},\"inLanguage\":\"fr-FR\",\"potentialAction\":[{\"@type\":\"ReadAction\",\"target\":[\"https:\/\/dicodusport.fr\/blog\/vtt-descente-marine-cabirou-imperiale-a-val-di-sole\/\"]}]},{\"@type\":\"ImageObject\",\"inLanguage\":\"fr-FR\",\"@id\":\"https:\/\/dicodusport.fr\/blog\/vtt-descente-marine-cabirou-imperiale-a-val-di-sole\/#primaryimage\",\"url\":\"https:\/\/dicodusport.fr\/blog\/wp-content\/uploads\/2025\/06\/VTT-Descente-Marine-Cabirou-imperiale-a-Val-di-Sole-1.png\",\"contentUrl\":\"https:\/\/dicodusport.fr\/blog\/wp-content\/uploads\/2025\/06\/VTT-Descente-Marine-Cabirou-imperiale-a-Val-di-Sole-1.png\",\"width\":1200,\"height\":674,\"caption\":\"VTT Descente Marine Cabirou imp\u00e9riale \u00e0 Val di Sole\"},{\"@type\":\"BreadcrumbList\",\"@id\":\"https:\/\/dicodusport.fr\/blog\/vtt-descente-marine-cabirou-imperiale-a-val-di-sole\/#breadcrumb\",\"itemListElement\":[{\"@type\":\"ListItem\",\"position\":1,\"name\":\"Accueil\",\"item\":\"https:\/\/dicodusport.fr\/blog\/\"},{\"@type\":\"ListItem\",\"position\":2,\"name\":\"VTT Descente : Marine Cabirou imp\u00e9riale \u00e0 Val di Sole !\"}]},{\"@type\":\"WebSite\",\"@id\":\"https:\/\/dicodusport.fr\/blog\/#website\",\"url\":\"https:\/\/dicodusport.fr\/blog\/\",\"name\":\"Dicodusport\",\"description\":\"L&#039;encyclop\u00e9die de l&#039;actualit\u00e9 sportive\",\"publisher\":{\"@id\":\"https:\/\/dicodusport.fr\/blog\/#organization\"},\"potentialAction\":[{\"@type\":\"SearchAction\",\"target\":{\"@type\":\"EntryPoint\",\"urlTemplate\":\"https:\/\/dicodusport.fr\/blog\/?s={search_term_string}\"},\"query-input\":{\"@type\":\"PropertyValueSpecification\",\"valueRequired\":true,\"valueName\":\"search_term_string\"}}],\"inLanguage\":\"fr-FR\"},{\"@type\":\"NewsMediaOrganization\",\"@id\":\"https:\/\/dicodusport.fr\/blog\/#organization\",\"name\":\"Dicodusport\",\"url\":\"https:\/\/dicodusport.fr\/blog\/\",\"logo\":{\"@type\":\"ImageObject\",\"inLanguage\":\"fr-FR\",\"@id\":\"https:\/\/dicodusport.fr\/blog\/#\/schema\/logo\/image\/\",\"url\":\"https:\/\/dicodusport.fr\/blog\/wp-content\/uploads\/2020\/06\/cropped-LOGO-DICODUSPORT-2020-SANS-FOND-SANS-TEXTE.png\",\"contentUrl\":\"https:\/\/dicodusport.fr\/blog\/wp-content\/uploads\/2020\/06\/cropped-LOGO-DICODUSPORT-2020-SANS-FOND-SANS-TEXTE.png\",\"width\":512,\"height\":512,\"caption\":\"Dicodusport\"},\"image\":{\"@id\":\"https:\/\/dicodusport.fr\/blog\/#\/schema\/logo\/image\/\"},\"sameAs\":[\"https:\/\/www.facebook.com\/dicodusport\",\"https:\/\/x.com\/dicodusport\",\"https:\/\/www.instagram.com\/dicodusport\/\",\"https:\/\/www.youtube.com\/channel\/UC7V2KZ5sd3htJivAbA4ZG3w\"],\"description\":\"Dicodusport est l'encyclop\u00e9die de l'actualit\u00e9 sportive.\",\"email\":\"bonjour@dicodusport.fr\",\"legalName\":\"DICODUSPORT\",\"foundingDate\":\"2018-01-14\",\"vatID\":\"FR71834470973\",\"taxID\":\"83447097300043\",\"numberOfEmployees\":{\"@type\":\"QuantitativeValue\",\"minValue\":\"1\",\"maxValue\":\"10\"}},{\"@type\":\"Person\",\"@id\":\"https:\/\/dicodusport.fr\/blog\/#\/schema\/person\/37def232098a7a5cbab3974a3690abb0\",\"name\":\"Maxime Cazenave\",\"image\":{\"@type\":\"ImageObject\",\"inLanguage\":\"fr-FR\",\"@id\":\"https:\/\/dicodusport.fr\/blog\/#\/schema\/person\/image\/\",\"url\":\"https:\/\/dicodusport.fr\/blog\/wp-content\/uploads\/2021\/05\/Maxime-Cazenave-150x150.jpg\",\"contentUrl\":\"https:\/\/dicodusport.fr\/blog\/wp-content\/uploads\/2021\/05\/Maxime-Cazenave-150x150.jpg\",\"caption\":\"Maxime Cazenave\"},\"description\":\"Journaliste\/R\u00e9dacteur depuis 2012 - Berc\u00e9 par l\u2019amour des Girondins de Bordeaux, les \u00e9checs de Christophe Moreau sur le Tour de France sous l'\u00e8re Lance Armstrong et le fade-away l\u00e9tal de Dirk Nowitzki, ma passion d\u00e9vorante pour le sport a toujours \u00e9t\u00e9 un pan incontournable de ma vie. Transmettre ma passion \u00e0 l\u2019\u00e9crit a \u00e9t\u00e9 une transition naturelle. Suiveur assidu de basket et de hockey sur glace, je garde toujours un peu de place pour suivre le cyclisme, le football et le maximum de performances fran\u00e7aises.\",\"sameAs\":[\"https:\/\/x.com\/https:\/\/twitter.com\/Maxime_Caze\"],\"url\":\"https:\/\/dicodusport.fr\/blog\/author\/maximec\/\"}]}<\/script>\n<!-- \/ Yoast SEO Premium plugin. -->","yoast_head_json":{"title":"VTT Descente : Marine Cabirou imp\u00e9riale \u00e0 Val di Sole !","description":"COUPE DU MONDE DE VTT DESCENTE 2025 - Marine Cabirou a remport\u00e9 la 4\u00e8me manche disput\u00e9e sur le technique circuit de Val di Sole.","robots":{"index":"index","follow":"follow","max-snippet":"max-snippet:-1","max-image-preview":"max-image-preview:large","max-video-preview":"max-video-preview:-1"},"canonical":"https:\/\/dicodusport.fr\/blog\/vtt-descente-marine-cabirou-imperiale-a-val-di-sole\/","og_locale":"fr_FR","og_type":"article","og_title":"VTT Descente : Marine Cabirou imp\u00e9riale \u00e0 Val di Sole !","og_description":"COUPE DU MONDE DE VTT DESCENTE 2025 - Marine Cabirou a remport\u00e9 la 4\u00e8me manche disput\u00e9e sur le technique circuit de Val di Sole, ce samedi midi.","og_url":"https:\/\/dicodusport.fr\/blog\/vtt-descente-marine-cabirou-imperiale-a-val-di-sole\/","og_site_name":"Dicodusport","article_publisher":"https:\/\/www.facebook.com\/dicodusport","article_published_time":"2025-06-21T10:59:19+00:00","article_modified_time":"2025-06-21T17:01:45+00:00","og_image":[{"width":1200,"height":674,"url":"https:\/\/dicodusport.fr\/blog\/wp-content\/uploads\/2025\/06\/VTT-Descente-Marine-Cabirou-imperiale-a-Val-di-Sole-1.png","type":"image\/png"}],"author":"Maxime Cazenave","twitter_card":"summary_large_image","twitter_description":"COUPE DU MONDE DE VTT DESCENTE 2025 - Marine Cabirou a remport\u00e9 la 4\u00e8me manche disput\u00e9e sur le technique circuit de Val di Sole, ce samedi midi.","twitter_creator":"@https:\/\/twitter.com\/Maxime_Caze","twitter_site":"@dicodusport","schema":{"@context":"https:\/\/schema.org","@graph":[{"@type":"NewsArticle","@id":"https:\/\/dicodusport.fr\/blog\/vtt-descente-marine-cabirou-imperiale-a-val-di-sole\/#article","isPartOf":{"@id":"https:\/\/dicodusport.fr\/blog\/vtt-descente-marine-cabirou-imperiale-a-val-di-sole\/"},"author":{"name":"Maxime Cazenave","@id":"https:\/\/dicodusport.fr\/blog\/#\/schema\/person\/37def232098a7a5cbab3974a3690abb0"},"headline":"VTT Descente : Marine Cabirou imp\u00e9riale \u00e0 Val di Sole !","datePublished":"2025-06-21T10:59:19+00:00","dateModified":"2025-06-21T17:01:45+00:00","mainEntityOfPage":{"@id":"https:\/\/dicodusport.fr\/blog\/vtt-descente-marine-cabirou-imperiale-a-val-di-sole\/"},"wordCount":520,"commentCount":0,"publisher":{"@id":"https:\/\/dicodusport.fr\/blog\/#organization"},"image":{"@id":"https:\/\/dicodusport.fr\/blog\/vtt-descente-marine-cabirou-imperiale-a-val-di-sole\/#primaryimage"},"thumbnailUrl":"https:\/\/dicodusport.fr\/blog\/wp-content\/uploads\/2025\/06\/VTT-Descente-Marine-Cabirou-imperiale-a-Val-di-Sole-1.png","keywords":["br\u00e8ve","Marine Cabirou","sport","Val di Sole","VTT Descente"],"articleSection":["VTT"],"inLanguage":"fr-FR","potentialAction":[{"@type":"CommentAction","name":"Comment","target":["https:\/\/dicodusport.fr\/blog\/vtt-descente-marine-cabirou-imperiale-a-val-di-sole\/#respond"]}],"copyrightYear":"2025","copyrightHolder":{"@id":"https:\/\/dicodusport.fr\/blog\/#organization"}},{"@type":"WebPage","@id":"https:\/\/dicodusport.fr\/blog\/vtt-descente-marine-cabirou-imperiale-a-val-di-sole\/","url":"https:\/\/dicodusport.fr\/blog\/vtt-descente-marine-cabirou-imperiale-a-val-di-sole\/","name":"VTT Descente : Marine Cabirou imp\u00e9riale \u00e0 Val di Sole !","isPartOf":{"@id":"https:\/\/dicodusport.fr\/blog\/#website"},"primaryImageOfPage":{"@id":"https:\/\/dicodusport.fr\/blog\/vtt-descente-marine-cabirou-imperiale-a-val-di-sole\/#primaryimage"},"image":{"@id":"https:\/\/dicodusport.fr\/blog\/vtt-descente-marine-cabirou-imperiale-a-val-di-sole\/#primaryimage"},"thumbnailUrl":"https:\/\/dicodusport.fr\/blog\/wp-content\/uploads\/2025\/06\/VTT-Descente-Marine-Cabirou-imperiale-a-Val-di-Sole-1.png","datePublished":"2025-06-21T10:59:19+00:00","dateModified":"2025-06-21T17:01:45+00:00","description":"COUPE DU MONDE DE VTT DESCENTE 2025 - Marine Cabirou a remport\u00e9 la 4\u00e8me manche disput\u00e9e sur le technique circuit de Val di Sole.","breadcrumb":{"@id":"https:\/\/dicodusport.fr\/blog\/vtt-descente-marine-cabirou-imperiale-a-val-di-sole\/#breadcrumb"},"inLanguage":"fr-FR","potentialAction":[{"@type":"ReadAction","target":["https:\/\/dicodusport.fr\/blog\/vtt-descente-marine-cabirou-imperiale-a-val-di-sole\/"]}]},{"@type":"ImageObject","inLanguage":"fr-FR","@id":"https:\/\/dicodusport.fr\/blog\/vtt-descente-marine-cabirou-imperiale-a-val-di-sole\/#primaryimage","url":"https:\/\/dicodusport.fr\/blog\/wp-content\/uploads\/2025\/06\/VTT-Descente-Marine-Cabirou-imperiale-a-Val-di-Sole-1.png","contentUrl":"https:\/\/dicodusport.fr\/blog\/wp-content\/uploads\/2025\/06\/VTT-Descente-Marine-Cabirou-imperiale-a-Val-di-Sole-1.png","width":1200,"height":674,"caption":"VTT Descente Marine Cabirou imp\u00e9riale \u00e0 Val di Sole"},{"@type":"BreadcrumbList","@id":"https:\/\/dicodusport.fr\/blog\/vtt-descente-marine-cabirou-imperiale-a-val-di-sole\/#breadcrumb","itemListElement":[{"@type":"ListItem","position":1,"name":"Accueil","item":"https:\/\/dicodusport.fr\/blog\/"},{"@type":"ListItem","position":2,"name":"VTT Descente : Marine Cabirou imp\u00e9riale \u00e0 Val di Sole !"}]},{"@type":"WebSite","@id":"https:\/\/dicodusport.fr\/blog\/#website","url":"https:\/\/dicodusport.fr\/blog\/","name":"Dicodusport","description":"L&#039;encyclop\u00e9die de l&#039;actualit\u00e9 sportive","publisher":{"@id":"https:\/\/dicodusport.fr\/blog\/#organization"},"potentialAction":[{"@type":"SearchAction","target":{"@type":"EntryPoint","urlTemplate":"https:\/\/dicodusport.fr\/blog\/?s={search_term_string}"},"query-input":{"@type":"PropertyValueSpecification","valueRequired":true,"valueName":"search_term_string"}}],"inLanguage":"fr-FR"},{"@type":"NewsMediaOrganization","@id":"https:\/\/dicodusport.fr\/blog\/#organization","name":"Dicodusport","url":"https:\/\/dicodusport.fr\/blog\/","logo":{"@type":"ImageObject","inLanguage":"fr-FR","@id":"https:\/\/dicodusport.fr\/blog\/#\/schema\/logo\/image\/","url":"https:\/\/dicodusport.fr\/blog\/wp-content\/uploads\/2020\/06\/cropped-LOGO-DICODUSPORT-2020-SANS-FOND-SANS-TEXTE.png","contentUrl":"https:\/\/dicodusport.fr\/blog\/wp-content\/uploads\/2020\/06\/cropped-LOGO-DICODUSPORT-2020-SANS-FOND-SANS-TEXTE.png","width":512,"height":512,"caption":"Dicodusport"},"image":{"@id":"https:\/\/dicodusport.fr\/blog\/#\/schema\/logo\/image\/"},"sameAs":["https:\/\/www.facebook.com\/dicodusport","https:\/\/x.com\/dicodusport","https:\/\/www.instagram.com\/dicodusport\/","https:\/\/www.youtube.com\/channel\/UC7V2KZ5sd3htJivAbA4ZG3w"],"description":"Dicodusport est l'encyclop\u00e9die de l'actualit\u00e9 sportive.","email":"bonjour@dicodusport.fr","legalName":"DICODUSPORT","foundingDate":"2018-01-14","vatID":"FR71834470973","taxID":"83447097300043","numberOfEmployees":{"@type":"QuantitativeValue","minValue":"1","maxValue":"10"}},{"@type":"Person","@id":"https:\/\/dicodusport.fr\/blog\/#\/schema\/person\/37def232098a7a5cbab3974a3690abb0","name":"Maxime Cazenave","image":{"@type":"ImageObject","inLanguage":"fr-FR","@id":"https:\/\/dicodusport.fr\/blog\/#\/schema\/person\/image\/","url":"https:\/\/dicodusport.fr\/blog\/wp-content\/uploads\/2021\/05\/Maxime-Cazenave-150x150.jpg","contentUrl":"https:\/\/dicodusport.fr\/blog\/wp-content\/uploads\/2021\/05\/Maxime-Cazenave-150x150.jpg","caption":"Maxime Cazenave"},"description":"Journaliste\/R\u00e9dacteur depuis 2012 - Berc\u00e9 par l\u2019amour des Girondins de Bordeaux, les \u00e9checs de Christophe Moreau sur le Tour de France sous l'\u00e8re Lance Armstrong et le fade-away l\u00e9tal de Dirk Nowitzki, ma passion d\u00e9vorante pour le sport a toujours \u00e9t\u00e9 un pan incontournable de ma vie. Transmettre ma passion \u00e0 l\u2019\u00e9crit a \u00e9t\u00e9 une transition naturelle. Suiveur assidu de basket et de hockey sur glace, je garde toujours un peu de place pour suivre le cyclisme, le football et le maximum de performances fran\u00e7aises.","sameAs":["https:\/\/x.com\/https:\/\/twitter.com\/Maxime_Caze"],"url":"https:\/\/dicodusport.fr\/blog\/author\/maximec\/"}]}},"_links":{"self":[{"href":"https:\/\/dicodusport.fr\/blog\/wp-json\/wp\/v2\/posts\/588874","targetHints":{"allow":["GET"]}}],"collection":[{"href":"https:\/\/dicodusport.fr\/blog\/wp-json\/wp\/v2\/posts"}],"about":[{"href":"https:\/\/dicodusport.fr\/blog\/wp-json\/wp\/v2\/types\/post"}],"author":[{"embeddable":true,"href":"https:\/\/dicodusport.fr\/blog\/wp-json\/wp\/v2\/users\/55"}],"replies":[{"embeddable":true,"href":"https:\/\/dicodusport.fr\/blog\/wp-json\/wp\/v2\/comments?post=588874"}],"version-history":[{"count":5,"href":"https:\/\/dicodusport.fr\/blog\/wp-json\/wp\/v2\/posts\/588874\/revisions"}],"predecessor-version":[{"id":589070,"href":"https:\/\/dicodusport.fr\/blog\/wp-json\/wp\/v2\/posts\/588874\/revisions\/589070"}],"wp:featuredmedia":[{"embeddable":true,"href":"https:\/\/dicodusport.fr\/blog\/wp-json\/wp\/v2\/media\/589069"}],"wp:attachment":[{"href":"https:\/\/dicodusport.fr\/blog\/wp-json\/wp\/v2\/media?parent=588874"}],"wp:term":[{"taxonomy":"category","embeddable":true,"href":"https:\/\/dicodusport.fr\/blog\/wp-json\/wp\/v2\/categories?post=588874"},{"taxonomy":"post_tag","embeddable":true,"href":"https:\/\/dicodusport.fr\/blog\/wp-json\/wp\/v2\/tags?post=588874"}],"curies":[{"name":"wp","href":"https:\/\/api.w.org\/{rel}","templated":true}]}}