{"id":589030,"date":"2025-06-21T20:23:16","date_gmt":"2025-06-21T18:23:16","guid":{"rendered":"https:\/\/dicodusport.fr\/blog\/?p=589030&#038;preview=true&#038;preview_id=589030"},"modified":"2025-06-21T20:28:48","modified_gmt":"2025-06-21T18:28:48","slug":"duathlon-benjamin-choquert-sacre-champion-du-monde-camille-laurent-en-fait-de-meme-en-u23","status":"publish","type":"post","link":"https:\/\/dicodusport.fr\/blog\/duathlon-benjamin-choquert-sacre-champion-du-monde-camille-laurent-en-fait-de-meme-en-u23\/","title":{"rendered":"Duathlon : Benjamin Choquert sacr\u00e9 champion du monde, Camille Laurent fait de m\u00eame chez les U23 !"},"content":{"rendered":"<p style=\"text-align: justify;\"><strong><em>DUATHLON &#8211; Ce samedi, Benjamin Choquert a d\u00e9croch\u00e9 son deuxi\u00e8me titre de champion du monde de duathlon, \u00e0 Pontevedra (Espagne). Sur la course f\u00e9minine, Camille Laurent s&rsquo;est elle empar\u00e9e de la m\u00e9daille de bronze, et s&rsquo;offre au passage l&rsquo;or dans la cat\u00e9gorie U23.<\/em><\/strong><\/p>\n<ul>\n<li><strong>\u00c0 ce sujet &#8211; <a href=\"https:\/\/dicodusport.fr\/blog\/actualites\/duathlon\/\">Toute l&rsquo;actualit\u00e9 du duathlon<\/a><\/strong><\/li>\n<\/ul>\n<p style=\"text-align: justify;\">Depuis de nombreuses ann\u00e9es, la France a tiss\u00e9 une histoire d&rsquo;amour prolifique avec le <strong>duathlon<\/strong>. Preuve en est, 22 m\u00e9dailles ont \u00e9t\u00e9 d\u00e9croch\u00e9es par les repr\u00e9sentants tricolores lors des dix derniers <strong>championnats du monde<\/strong> ! En toute logique, une nouvelle razzia \u00e9tait attendue pour l&rsquo;\u00e9dition 2025 \u00e0 <strong>Pontevedra<\/strong>.<\/p>\n<h2>Benjamin Choquert, six ans apr\u00e8s<\/h2>\n<p style=\"text-align: justify;\">V\u00e9ritable habitu\u00e9 des podiums mondiaux, <strong>Benjamin Choquert<\/strong> \u00e9tait lui \u00e0 la recherche de l&rsquo;or, et rien d&rsquo;autre. il faut dire qu&rsquo;apr\u00e8s y avoir go\u00fbt\u00e9 en 2019, il avait accumul\u00e9 trois m\u00e9dailles d&rsquo;argent. Et bien, la mission a \u00e9t\u00e9 une r\u00e9ussite pour le duathl\u00e8te nanc\u00e9ien. Dans une \u00e9preuve qui aura \u00e9t\u00e9 ind\u00e9cise jusqu&rsquo;au bout, il n&rsquo;aura fait aucune erreur, avant de faire la diff\u00e9rence \u00e0 pied dans le final. Il devance ainsi de 4 secondes le Belge<strong> Arnaud Dely<\/strong>, et l&rsquo;Espagnol <strong>Antonio Serrat Seoane<\/strong>, qui compl\u00e8tent le podium. Champion du monde en titre, <strong>\u00c9mile Blondel-Hermant<\/strong> n&rsquo;a pas r\u00e9cidiv\u00e9, et a termin\u00e9 en 5\u00e8me position, devant ses compatriotes <strong>Thomas Laurent<\/strong> (6\u00e8me) et <strong>L\u00e9o Starck<\/strong> (7\u00e8me).<\/p>\n<blockquote class=\"twitter-tweet\">\n<p dir=\"ltr\" lang=\"en\">THIS MAN HAS THE POWER \ud83c\uddeb\ud83c\uddf7\ud83d\udca5<\/p>\n<p>Benjamin Choquert of France has done it! Your Men\u2019s World Duathlon CHAMP \ud83d\udc51<a href=\"https:\/\/twitter.com\/hashtag\/MultisportWCH2025?src=hash&amp;ref_src=twsrc%5Etfw\">#MultisportWCH2025<\/a> <a href=\"https:\/\/twitter.com\/hashtag\/WorldTriathlete?src=hash&amp;ref_src=twsrc%5Etfw\">#WorldTriathlete<\/a> <a href=\"https:\/\/twitter.com\/hashtag\/Pontevedra2025?src=hash&amp;ref_src=twsrc%5Etfw\">#Pontevedra2025<\/a> <a href=\"https:\/\/t.co\/NkuXla6Mw3\">pic.twitter.com\/NkuXla6Mw3<\/a><\/p>\n<p>\u2014 World Triathlon (@worldtriathlon) <a href=\"https:\/\/twitter.com\/worldtriathlon\/status\/1936481865734524958?ref_src=twsrc%5Etfw\">June 21, 2025<\/a><\/p><\/blockquote>\n<p><script async src=\"https:\/\/platform.twitter.com\/widgets.js\" charset=\"utf-8\"><\/script><\/p>\n<h2>Camille Laurent fait coup double : le titre U23 et une m\u00e9daille en \u00c9lite<\/h2>\n<p style=\"text-align: justify;\">Du c\u00f4t\u00e9 de l&rsquo;\u00e9preuve f\u00e9minin, <strong>Marion Legrand<\/strong> faisait figure de grande favorite \u00e0 sa propre succession, un an apr\u00e8s ses <a href=\"https:\/\/dicodusport.fr\/blog\/duathlon-marion-legrand-et-thomas-laurent-champions-du-monde-sur-le-relais-mixte\/\">deux m\u00e9dailles d&rsquo;or obtenues en individuel et sur le relais mixte<\/a>. N\u00e9anmoins, la r\u00e9ussite n&rsquo;a pas \u00e9t\u00e9 au rendez-vous pour la leader du clan tricolore. Dans une \u00e9preuve extr\u00eamement resserr\u00e9e, elle a finalement \u00e9chou\u00e9 au pied du podium, en 4\u00e8me position. Sortie en t\u00eate \u00e0 v\u00e9lo, l&rsquo;Italienne <strong>Giorgia Priarone<\/strong> a r\u00e9ussi \u00e0 tenir le rythme \u00e0 pied pour s&rsquo;assurer la victoire, devant l&rsquo;Espagnole <strong>Maria Varo Zubiri<\/strong>.<\/p>\n<p style=\"text-align: justify;\">La France peut toutefois se consoler gr\u00e2ce \u00e0 la belle performance de la jeune <strong>Camille Laurent<\/strong>. Cette derni\u00e8re a r\u00e9ussi \u00e0 arracher la 3\u00e8me place sur le podium, synonyme de <strong>m\u00e9daille de bronze<\/strong>. \u00c2g\u00e9e de seulement 23 ans, Laurent en a \u00e9galement profit\u00e9 pour mettre le grappin sur l&rsquo;<strong>or dans la cat\u00e9gorie U23<\/strong> ! Un nouvel honneur pour celle qui avait d\u00e9j\u00e0 rafl\u00e9 le titre de championne de France U23 en avril dernier. Avec trois m\u00e9dailles au compteur, les Bleus n&rsquo;auront pas ch\u00f4m\u00e9 ce samedi en terres espagnoles.<\/p>\n<blockquote class=\"twitter-tweet\">\n<p dir=\"ltr\" lang=\"en\">Incredible racing \ud83d\udd25\ud83e\udd29<\/p>\n<p>A stellar final 500m kick on the run sees Giorgia Priarone \ud83c\uddee\ud83c\uddf9 take GOLD \ud83e\udd47 in the Women\u2019s Duathlon World Championships!<\/p>\n<p>Spain\u2019s \ud83c\uddea\ud83c\uddf8 Maria Varo Zubiri takes a hard fought silver \ud83e\udd48<\/p>\n<p>France\u2019s \ud83c\uddeb\ud83c\uddf7 Camille Laurent takes bronze \ud83e\udd49 and also becomes the Under 23\u2026 <a href=\"https:\/\/t.co\/MFm9rmDkeA\">pic.twitter.com\/MFm9rmDkeA<\/a><\/p>\n<p>\u2014 World Triathlon (@worldtriathlon) <a href=\"https:\/\/twitter.com\/worldtriathlon\/status\/1936450174798241873?ref_src=twsrc%5Etfw\">June 21, 2025<\/a><\/p><\/blockquote>\n<p><script async src=\"https:\/\/platform.twitter.com\/widgets.js\" charset=\"utf-8\"><\/script><\/p>\n","protected":false},"excerpt":{"rendered":"<p>DUATHLON &#8211; Ce samedi, Benjamin Choquert a d\u00e9croch\u00e9 son deuxi\u00e8me titre de champion du monde de duathlon, \u00e0 Pontevedra (Espagne). Sur la course f\u00e9minine, Camille Laurent s&rsquo;est elle empar\u00e9e de la m\u00e9daille de bronze, et s&rsquo;offre au passage le titre dans la cat\u00e9gorie U23.<\/p>\n","protected":false},"author":55,"featured_media":589107,"comment_status":"open","ping_status":"closed","sticky":false,"template":"","format":"standard","meta":{"_acf_changed":false,"_daextam_enable_autolinks":"1","footnotes":""},"categories":[26722],"tags":[47115,16878,20281,24],"class_list":["post-589030","post","type-post","status-publish","format-standard","has-post-thumbnail","hentry","category-duathlon","tag-benjamin-choquert","tag-breve","tag-duathlon","tag-sport"],"acf":[],"yoast_head":"<!-- This site is optimized with the Yoast SEO Premium plugin v26.7 (Yoast SEO v26.7) - https:\/\/yoast.com\/wordpress\/plugins\/seo\/ -->\n<title>Duathlon : Benjamin Choquert sacr\u00e9 champion du monde, Camille Laurent fait de m\u00eame chez les U23 !<\/title>\n<meta name=\"description\" content=\"DUATHLON - Ce samedi, Benjamin Choquert a d\u00e9croch\u00e9 son deuxi\u00e8me titre de champion du monde de duathlon, \u00e0 Pontevedra (Espagne).\" \/>\n<meta name=\"robots\" content=\"index, follow, max-snippet:-1, max-image-preview:large, max-video-preview:-1\" \/>\n<link rel=\"canonical\" href=\"https:\/\/dicodusport.fr\/blog\/duathlon-benjamin-choquert-sacre-champion-du-monde-camille-laurent-en-fait-de-meme-en-u23\/\" \/>\n<meta property=\"og:locale\" content=\"fr_FR\" \/>\n<meta property=\"og:type\" content=\"article\" \/>\n<meta property=\"og:title\" content=\"Duathlon : Benjamin Choquert sacr\u00e9 champion du monde, Camille Laurent fait de m\u00eame chez les U23 !\" \/>\n<meta property=\"og:description\" content=\"DUATHLON - Ce samedi, Benjamin Choquert a d\u00e9croch\u00e9 son deuxi\u00e8me titre de champion du monde de duathlon, \u00e0 Pontevedra (Espagne). Sur la course f\u00e9minine, Camille Laurent s&#039;est elle empar\u00e9e de la m\u00e9daille de bronze, et s&#039;offre au passage le titre dans la cat\u00e9gorie U23.\" \/>\n<meta property=\"og:url\" content=\"https:\/\/dicodusport.fr\/blog\/duathlon-benjamin-choquert-sacre-champion-du-monde-camille-laurent-en-fait-de-meme-en-u23\/\" \/>\n<meta property=\"og:site_name\" content=\"Dicodusport\" \/>\n<meta property=\"article:publisher\" content=\"https:\/\/www.facebook.com\/dicodusport\" \/>\n<meta property=\"article:published_time\" content=\"2025-06-21T18:23:16+00:00\" \/>\n<meta property=\"article:modified_time\" content=\"2025-06-21T18:28:48+00:00\" \/>\n<meta property=\"og:image\" content=\"https:\/\/dicodusport.fr\/blog\/wp-content\/uploads\/2025\/06\/Duathlon-Benjamin-Choquert-sacre-champion-du-monde-Camille-Laurent-fait-de-meme-chez-les-U23-.png\" \/>\n\t<meta property=\"og:image:width\" content=\"1200\" \/>\n\t<meta property=\"og:image:height\" content=\"674\" \/>\n\t<meta property=\"og:image:type\" content=\"image\/png\" \/>\n<meta name=\"author\" content=\"Maxime Cazenave\" \/>\n<meta name=\"twitter:card\" content=\"summary_large_image\" \/>\n<meta name=\"twitter:description\" content=\"DUATHLON - Ce samedi, Benjamin Choquert a d\u00e9croch\u00e9 son deuxi\u00e8me titre de champion du monde de duathlon, \u00e0 Pontevedra (Espagne). Sur la course f\u00e9minine, Camille Laurent s&#039;est elle empar\u00e9e de la m\u00e9daille de bronze, et s&#039;offre au passage le titre dans la cat\u00e9gorie U23.\" \/>\n<meta name=\"twitter:creator\" content=\"@https:\/\/twitter.com\/Maxime_Caze\" \/>\n<meta name=\"twitter:site\" content=\"@dicodusport\" \/>\n<script type=\"application\/ld+json\" class=\"yoast-schema-graph\">{\"@context\":\"https:\/\/schema.org\",\"@graph\":[{\"@type\":\"NewsArticle\",\"@id\":\"https:\/\/dicodusport.fr\/blog\/duathlon-benjamin-choquert-sacre-champion-du-monde-camille-laurent-en-fait-de-meme-en-u23\/#article\",\"isPartOf\":{\"@id\":\"https:\/\/dicodusport.fr\/blog\/duathlon-benjamin-choquert-sacre-champion-du-monde-camille-laurent-en-fait-de-meme-en-u23\/\"},\"author\":{\"name\":\"Maxime Cazenave\",\"@id\":\"https:\/\/dicodusport.fr\/blog\/#\/schema\/person\/37def232098a7a5cbab3974a3690abb0\"},\"headline\":\"Duathlon : Benjamin Choquert sacr\u00e9 champion du monde, Camille Laurent fait de m\u00eame chez les U23 !\",\"datePublished\":\"2025-06-21T18:23:16+00:00\",\"dateModified\":\"2025-06-21T18:28:48+00:00\",\"mainEntityOfPage\":{\"@id\":\"https:\/\/dicodusport.fr\/blog\/duathlon-benjamin-choquert-sacre-champion-du-monde-camille-laurent-en-fait-de-meme-en-u23\/\"},\"wordCount\":551,\"commentCount\":0,\"publisher\":{\"@id\":\"https:\/\/dicodusport.fr\/blog\/#organization\"},\"image\":{\"@id\":\"https:\/\/dicodusport.fr\/blog\/duathlon-benjamin-choquert-sacre-champion-du-monde-camille-laurent-en-fait-de-meme-en-u23\/#primaryimage\"},\"thumbnailUrl\":\"https:\/\/dicodusport.fr\/blog\/wp-content\/uploads\/2025\/06\/Duathlon-Benjamin-Choquert-sacre-champion-du-monde-Camille-Laurent-fait-de-meme-chez-les-U23-.png\",\"keywords\":[\"Benjamin Choquert\",\"br\u00e8ve\",\"Duathlon\",\"sport\"],\"articleSection\":[\"Duathlon\"],\"inLanguage\":\"fr-FR\",\"potentialAction\":[{\"@type\":\"CommentAction\",\"name\":\"Comment\",\"target\":[\"https:\/\/dicodusport.fr\/blog\/duathlon-benjamin-choquert-sacre-champion-du-monde-camille-laurent-en-fait-de-meme-en-u23\/#respond\"]}],\"copyrightYear\":\"2025\",\"copyrightHolder\":{\"@id\":\"https:\/\/dicodusport.fr\/blog\/#organization\"}},{\"@type\":\"WebPage\",\"@id\":\"https:\/\/dicodusport.fr\/blog\/duathlon-benjamin-choquert-sacre-champion-du-monde-camille-laurent-en-fait-de-meme-en-u23\/\",\"url\":\"https:\/\/dicodusport.fr\/blog\/duathlon-benjamin-choquert-sacre-champion-du-monde-camille-laurent-en-fait-de-meme-en-u23\/\",\"name\":\"Duathlon : Benjamin Choquert sacr\u00e9 champion du monde, Camille Laurent fait de m\u00eame chez les U23 !\",\"isPartOf\":{\"@id\":\"https:\/\/dicodusport.fr\/blog\/#website\"},\"primaryImageOfPage\":{\"@id\":\"https:\/\/dicodusport.fr\/blog\/duathlon-benjamin-choquert-sacre-champion-du-monde-camille-laurent-en-fait-de-meme-en-u23\/#primaryimage\"},\"image\":{\"@id\":\"https:\/\/dicodusport.fr\/blog\/duathlon-benjamin-choquert-sacre-champion-du-monde-camille-laurent-en-fait-de-meme-en-u23\/#primaryimage\"},\"thumbnailUrl\":\"https:\/\/dicodusport.fr\/blog\/wp-content\/uploads\/2025\/06\/Duathlon-Benjamin-Choquert-sacre-champion-du-monde-Camille-Laurent-fait-de-meme-chez-les-U23-.png\",\"datePublished\":\"2025-06-21T18:23:16+00:00\",\"dateModified\":\"2025-06-21T18:28:48+00:00\",\"description\":\"DUATHLON - Ce samedi, Benjamin Choquert a d\u00e9croch\u00e9 son deuxi\u00e8me titre de champion du monde de duathlon, \u00e0 Pontevedra (Espagne).\",\"breadcrumb\":{\"@id\":\"https:\/\/dicodusport.fr\/blog\/duathlon-benjamin-choquert-sacre-champion-du-monde-camille-laurent-en-fait-de-meme-en-u23\/#breadcrumb\"},\"inLanguage\":\"fr-FR\",\"potentialAction\":[{\"@type\":\"ReadAction\",\"target\":[\"https:\/\/dicodusport.fr\/blog\/duathlon-benjamin-choquert-sacre-champion-du-monde-camille-laurent-en-fait-de-meme-en-u23\/\"]}]},{\"@type\":\"ImageObject\",\"inLanguage\":\"fr-FR\",\"@id\":\"https:\/\/dicodusport.fr\/blog\/duathlon-benjamin-choquert-sacre-champion-du-monde-camille-laurent-en-fait-de-meme-en-u23\/#primaryimage\",\"url\":\"https:\/\/dicodusport.fr\/blog\/wp-content\/uploads\/2025\/06\/Duathlon-Benjamin-Choquert-sacre-champion-du-monde-Camille-Laurent-fait-de-meme-chez-les-U23-.png\",\"contentUrl\":\"https:\/\/dicodusport.fr\/blog\/wp-content\/uploads\/2025\/06\/Duathlon-Benjamin-Choquert-sacre-champion-du-monde-Camille-Laurent-fait-de-meme-chez-les-U23-.png\",\"width\":1200,\"height\":674,\"caption\":\"Jeux Mondiaux 2025 Benjamin Choquert rafle l'or en duathlon !\"},{\"@type\":\"BreadcrumbList\",\"@id\":\"https:\/\/dicodusport.fr\/blog\/duathlon-benjamin-choquert-sacre-champion-du-monde-camille-laurent-en-fait-de-meme-en-u23\/#breadcrumb\",\"itemListElement\":[{\"@type\":\"ListItem\",\"position\":1,\"name\":\"Accueil\",\"item\":\"https:\/\/dicodusport.fr\/blog\/\"},{\"@type\":\"ListItem\",\"position\":2,\"name\":\"Duathlon : Benjamin Choquert sacr\u00e9 champion du monde, Camille Laurent fait de m\u00eame chez les U23 !\"}]},{\"@type\":\"WebSite\",\"@id\":\"https:\/\/dicodusport.fr\/blog\/#website\",\"url\":\"https:\/\/dicodusport.fr\/blog\/\",\"name\":\"Dicodusport\",\"description\":\"L&#039;encyclop\u00e9die de l&#039;actualit\u00e9 sportive\",\"publisher\":{\"@id\":\"https:\/\/dicodusport.fr\/blog\/#organization\"},\"potentialAction\":[{\"@type\":\"SearchAction\",\"target\":{\"@type\":\"EntryPoint\",\"urlTemplate\":\"https:\/\/dicodusport.fr\/blog\/?s={search_term_string}\"},\"query-input\":{\"@type\":\"PropertyValueSpecification\",\"valueRequired\":true,\"valueName\":\"search_term_string\"}}],\"inLanguage\":\"fr-FR\"},{\"@type\":\"NewsMediaOrganization\",\"@id\":\"https:\/\/dicodusport.fr\/blog\/#organization\",\"name\":\"Dicodusport\",\"url\":\"https:\/\/dicodusport.fr\/blog\/\",\"logo\":{\"@type\":\"ImageObject\",\"inLanguage\":\"fr-FR\",\"@id\":\"https:\/\/dicodusport.fr\/blog\/#\/schema\/logo\/image\/\",\"url\":\"https:\/\/dicodusport.fr\/blog\/wp-content\/uploads\/2020\/06\/cropped-LOGO-DICODUSPORT-2020-SANS-FOND-SANS-TEXTE.png\",\"contentUrl\":\"https:\/\/dicodusport.fr\/blog\/wp-content\/uploads\/2020\/06\/cropped-LOGO-DICODUSPORT-2020-SANS-FOND-SANS-TEXTE.png\",\"width\":512,\"height\":512,\"caption\":\"Dicodusport\"},\"image\":{\"@id\":\"https:\/\/dicodusport.fr\/blog\/#\/schema\/logo\/image\/\"},\"sameAs\":[\"https:\/\/www.facebook.com\/dicodusport\",\"https:\/\/x.com\/dicodusport\",\"https:\/\/www.instagram.com\/dicodusport\/\",\"https:\/\/www.youtube.com\/channel\/UC7V2KZ5sd3htJivAbA4ZG3w\"],\"description\":\"Dicodusport est l'encyclop\u00e9die de l'actualit\u00e9 sportive.\",\"email\":\"bonjour@dicodusport.fr\",\"legalName\":\"DICODUSPORT\",\"foundingDate\":\"2018-01-14\",\"vatID\":\"FR71834470973\",\"taxID\":\"83447097300043\",\"numberOfEmployees\":{\"@type\":\"QuantitativeValue\",\"minValue\":\"1\",\"maxValue\":\"10\"}},{\"@type\":\"Person\",\"@id\":\"https:\/\/dicodusport.fr\/blog\/#\/schema\/person\/37def232098a7a5cbab3974a3690abb0\",\"name\":\"Maxime Cazenave\",\"image\":{\"@type\":\"ImageObject\",\"inLanguage\":\"fr-FR\",\"@id\":\"https:\/\/dicodusport.fr\/blog\/#\/schema\/person\/image\/\",\"url\":\"https:\/\/dicodusport.fr\/blog\/wp-content\/uploads\/2021\/05\/Maxime-Cazenave-150x150.jpg\",\"contentUrl\":\"https:\/\/dicodusport.fr\/blog\/wp-content\/uploads\/2021\/05\/Maxime-Cazenave-150x150.jpg\",\"caption\":\"Maxime Cazenave\"},\"description\":\"Journaliste\/R\u00e9dacteur depuis 2012 - Berc\u00e9 par l\u2019amour des Girondins de Bordeaux, les \u00e9checs de Christophe Moreau sur le Tour de France sous l'\u00e8re Lance Armstrong et le fade-away l\u00e9tal de Dirk Nowitzki, ma passion d\u00e9vorante pour le sport a toujours \u00e9t\u00e9 un pan incontournable de ma vie. Transmettre ma passion \u00e0 l\u2019\u00e9crit a \u00e9t\u00e9 une transition naturelle. Suiveur assidu de basket et de hockey sur glace, je garde toujours un peu de place pour suivre le cyclisme, le football et le maximum de performances fran\u00e7aises.\",\"sameAs\":[\"https:\/\/x.com\/https:\/\/twitter.com\/Maxime_Caze\"],\"url\":\"https:\/\/dicodusport.fr\/blog\/author\/maximec\/\"}]}<\/script>\n<!-- \/ Yoast SEO Premium plugin. -->","yoast_head_json":{"title":"Duathlon : Benjamin Choquert sacr\u00e9 champion du monde, Camille Laurent fait de m\u00eame chez les U23 !","description":"DUATHLON - Ce samedi, Benjamin Choquert a d\u00e9croch\u00e9 son deuxi\u00e8me titre de champion du monde de duathlon, \u00e0 Pontevedra (Espagne).","robots":{"index":"index","follow":"follow","max-snippet":"max-snippet:-1","max-image-preview":"max-image-preview:large","max-video-preview":"max-video-preview:-1"},"canonical":"https:\/\/dicodusport.fr\/blog\/duathlon-benjamin-choquert-sacre-champion-du-monde-camille-laurent-en-fait-de-meme-en-u23\/","og_locale":"fr_FR","og_type":"article","og_title":"Duathlon : Benjamin Choquert sacr\u00e9 champion du monde, Camille Laurent fait de m\u00eame chez les U23 !","og_description":"DUATHLON - Ce samedi, Benjamin Choquert a d\u00e9croch\u00e9 son deuxi\u00e8me titre de champion du monde de duathlon, \u00e0 Pontevedra (Espagne). Sur la course f\u00e9minine, Camille Laurent s'est elle empar\u00e9e de la m\u00e9daille de bronze, et s'offre au passage le titre dans la cat\u00e9gorie U23.","og_url":"https:\/\/dicodusport.fr\/blog\/duathlon-benjamin-choquert-sacre-champion-du-monde-camille-laurent-en-fait-de-meme-en-u23\/","og_site_name":"Dicodusport","article_publisher":"https:\/\/www.facebook.com\/dicodusport","article_published_time":"2025-06-21T18:23:16+00:00","article_modified_time":"2025-06-21T18:28:48+00:00","og_image":[{"width":1200,"height":674,"url":"https:\/\/dicodusport.fr\/blog\/wp-content\/uploads\/2025\/06\/Duathlon-Benjamin-Choquert-sacre-champion-du-monde-Camille-Laurent-fait-de-meme-chez-les-U23-.png","type":"image\/png"}],"author":"Maxime Cazenave","twitter_card":"summary_large_image","twitter_description":"DUATHLON - Ce samedi, Benjamin Choquert a d\u00e9croch\u00e9 son deuxi\u00e8me titre de champion du monde de duathlon, \u00e0 Pontevedra (Espagne). Sur la course f\u00e9minine, Camille Laurent s'est elle empar\u00e9e de la m\u00e9daille de bronze, et s'offre au passage le titre dans la cat\u00e9gorie U23.","twitter_creator":"@https:\/\/twitter.com\/Maxime_Caze","twitter_site":"@dicodusport","schema":{"@context":"https:\/\/schema.org","@graph":[{"@type":"NewsArticle","@id":"https:\/\/dicodusport.fr\/blog\/duathlon-benjamin-choquert-sacre-champion-du-monde-camille-laurent-en-fait-de-meme-en-u23\/#article","isPartOf":{"@id":"https:\/\/dicodusport.fr\/blog\/duathlon-benjamin-choquert-sacre-champion-du-monde-camille-laurent-en-fait-de-meme-en-u23\/"},"author":{"name":"Maxime Cazenave","@id":"https:\/\/dicodusport.fr\/blog\/#\/schema\/person\/37def232098a7a5cbab3974a3690abb0"},"headline":"Duathlon : Benjamin Choquert sacr\u00e9 champion du monde, Camille Laurent fait de m\u00eame chez les U23 !","datePublished":"2025-06-21T18:23:16+00:00","dateModified":"2025-06-21T18:28:48+00:00","mainEntityOfPage":{"@id":"https:\/\/dicodusport.fr\/blog\/duathlon-benjamin-choquert-sacre-champion-du-monde-camille-laurent-en-fait-de-meme-en-u23\/"},"wordCount":551,"commentCount":0,"publisher":{"@id":"https:\/\/dicodusport.fr\/blog\/#organization"},"image":{"@id":"https:\/\/dicodusport.fr\/blog\/duathlon-benjamin-choquert-sacre-champion-du-monde-camille-laurent-en-fait-de-meme-en-u23\/#primaryimage"},"thumbnailUrl":"https:\/\/dicodusport.fr\/blog\/wp-content\/uploads\/2025\/06\/Duathlon-Benjamin-Choquert-sacre-champion-du-monde-Camille-Laurent-fait-de-meme-chez-les-U23-.png","keywords":["Benjamin Choquert","br\u00e8ve","Duathlon","sport"],"articleSection":["Duathlon"],"inLanguage":"fr-FR","potentialAction":[{"@type":"CommentAction","name":"Comment","target":["https:\/\/dicodusport.fr\/blog\/duathlon-benjamin-choquert-sacre-champion-du-monde-camille-laurent-en-fait-de-meme-en-u23\/#respond"]}],"copyrightYear":"2025","copyrightHolder":{"@id":"https:\/\/dicodusport.fr\/blog\/#organization"}},{"@type":"WebPage","@id":"https:\/\/dicodusport.fr\/blog\/duathlon-benjamin-choquert-sacre-champion-du-monde-camille-laurent-en-fait-de-meme-en-u23\/","url":"https:\/\/dicodusport.fr\/blog\/duathlon-benjamin-choquert-sacre-champion-du-monde-camille-laurent-en-fait-de-meme-en-u23\/","name":"Duathlon : Benjamin Choquert sacr\u00e9 champion du monde, Camille Laurent fait de m\u00eame chez les U23 !","isPartOf":{"@id":"https:\/\/dicodusport.fr\/blog\/#website"},"primaryImageOfPage":{"@id":"https:\/\/dicodusport.fr\/blog\/duathlon-benjamin-choquert-sacre-champion-du-monde-camille-laurent-en-fait-de-meme-en-u23\/#primaryimage"},"image":{"@id":"https:\/\/dicodusport.fr\/blog\/duathlon-benjamin-choquert-sacre-champion-du-monde-camille-laurent-en-fait-de-meme-en-u23\/#primaryimage"},"thumbnailUrl":"https:\/\/dicodusport.fr\/blog\/wp-content\/uploads\/2025\/06\/Duathlon-Benjamin-Choquert-sacre-champion-du-monde-Camille-Laurent-fait-de-meme-chez-les-U23-.png","datePublished":"2025-06-21T18:23:16+00:00","dateModified":"2025-06-21T18:28:48+00:00","description":"DUATHLON - Ce samedi, Benjamin Choquert a d\u00e9croch\u00e9 son deuxi\u00e8me titre de champion du monde de duathlon, \u00e0 Pontevedra (Espagne).","breadcrumb":{"@id":"https:\/\/dicodusport.fr\/blog\/duathlon-benjamin-choquert-sacre-champion-du-monde-camille-laurent-en-fait-de-meme-en-u23\/#breadcrumb"},"inLanguage":"fr-FR","potentialAction":[{"@type":"ReadAction","target":["https:\/\/dicodusport.fr\/blog\/duathlon-benjamin-choquert-sacre-champion-du-monde-camille-laurent-en-fait-de-meme-en-u23\/"]}]},{"@type":"ImageObject","inLanguage":"fr-FR","@id":"https:\/\/dicodusport.fr\/blog\/duathlon-benjamin-choquert-sacre-champion-du-monde-camille-laurent-en-fait-de-meme-en-u23\/#primaryimage","url":"https:\/\/dicodusport.fr\/blog\/wp-content\/uploads\/2025\/06\/Duathlon-Benjamin-Choquert-sacre-champion-du-monde-Camille-Laurent-fait-de-meme-chez-les-U23-.png","contentUrl":"https:\/\/dicodusport.fr\/blog\/wp-content\/uploads\/2025\/06\/Duathlon-Benjamin-Choquert-sacre-champion-du-monde-Camille-Laurent-fait-de-meme-chez-les-U23-.png","width":1200,"height":674,"caption":"Jeux Mondiaux 2025 Benjamin Choquert rafle l'or en duathlon !"},{"@type":"BreadcrumbList","@id":"https:\/\/dicodusport.fr\/blog\/duathlon-benjamin-choquert-sacre-champion-du-monde-camille-laurent-en-fait-de-meme-en-u23\/#breadcrumb","itemListElement":[{"@type":"ListItem","position":1,"name":"Accueil","item":"https:\/\/dicodusport.fr\/blog\/"},{"@type":"ListItem","position":2,"name":"Duathlon : Benjamin Choquert sacr\u00e9 champion du monde, Camille Laurent fait de m\u00eame chez les U23 !"}]},{"@type":"WebSite","@id":"https:\/\/dicodusport.fr\/blog\/#website","url":"https:\/\/dicodusport.fr\/blog\/","name":"Dicodusport","description":"L&#039;encyclop\u00e9die de l&#039;actualit\u00e9 sportive","publisher":{"@id":"https:\/\/dicodusport.fr\/blog\/#organization"},"potentialAction":[{"@type":"SearchAction","target":{"@type":"EntryPoint","urlTemplate":"https:\/\/dicodusport.fr\/blog\/?s={search_term_string}"},"query-input":{"@type":"PropertyValueSpecification","valueRequired":true,"valueName":"search_term_string"}}],"inLanguage":"fr-FR"},{"@type":"NewsMediaOrganization","@id":"https:\/\/dicodusport.fr\/blog\/#organization","name":"Dicodusport","url":"https:\/\/dicodusport.fr\/blog\/","logo":{"@type":"ImageObject","inLanguage":"fr-FR","@id":"https:\/\/dicodusport.fr\/blog\/#\/schema\/logo\/image\/","url":"https:\/\/dicodusport.fr\/blog\/wp-content\/uploads\/2020\/06\/cropped-LOGO-DICODUSPORT-2020-SANS-FOND-SANS-TEXTE.png","contentUrl":"https:\/\/dicodusport.fr\/blog\/wp-content\/uploads\/2020\/06\/cropped-LOGO-DICODUSPORT-2020-SANS-FOND-SANS-TEXTE.png","width":512,"height":512,"caption":"Dicodusport"},"image":{"@id":"https:\/\/dicodusport.fr\/blog\/#\/schema\/logo\/image\/"},"sameAs":["https:\/\/www.facebook.com\/dicodusport","https:\/\/x.com\/dicodusport","https:\/\/www.instagram.com\/dicodusport\/","https:\/\/www.youtube.com\/channel\/UC7V2KZ5sd3htJivAbA4ZG3w"],"description":"Dicodusport est l'encyclop\u00e9die de l'actualit\u00e9 sportive.","email":"bonjour@dicodusport.fr","legalName":"DICODUSPORT","foundingDate":"2018-01-14","vatID":"FR71834470973","taxID":"83447097300043","numberOfEmployees":{"@type":"QuantitativeValue","minValue":"1","maxValue":"10"}},{"@type":"Person","@id":"https:\/\/dicodusport.fr\/blog\/#\/schema\/person\/37def232098a7a5cbab3974a3690abb0","name":"Maxime Cazenave","image":{"@type":"ImageObject","inLanguage":"fr-FR","@id":"https:\/\/dicodusport.fr\/blog\/#\/schema\/person\/image\/","url":"https:\/\/dicodusport.fr\/blog\/wp-content\/uploads\/2021\/05\/Maxime-Cazenave-150x150.jpg","contentUrl":"https:\/\/dicodusport.fr\/blog\/wp-content\/uploads\/2021\/05\/Maxime-Cazenave-150x150.jpg","caption":"Maxime Cazenave"},"description":"Journaliste\/R\u00e9dacteur depuis 2012 - Berc\u00e9 par l\u2019amour des Girondins de Bordeaux, les \u00e9checs de Christophe Moreau sur le Tour de France sous l'\u00e8re Lance Armstrong et le fade-away l\u00e9tal de Dirk Nowitzki, ma passion d\u00e9vorante pour le sport a toujours \u00e9t\u00e9 un pan incontournable de ma vie. Transmettre ma passion \u00e0 l\u2019\u00e9crit a \u00e9t\u00e9 une transition naturelle. Suiveur assidu de basket et de hockey sur glace, je garde toujours un peu de place pour suivre le cyclisme, le football et le maximum de performances fran\u00e7aises.","sameAs":["https:\/\/x.com\/https:\/\/twitter.com\/Maxime_Caze"],"url":"https:\/\/dicodusport.fr\/blog\/author\/maximec\/"}]}},"_links":{"self":[{"href":"https:\/\/dicodusport.fr\/blog\/wp-json\/wp\/v2\/posts\/589030","targetHints":{"allow":["GET"]}}],"collection":[{"href":"https:\/\/dicodusport.fr\/blog\/wp-json\/wp\/v2\/posts"}],"about":[{"href":"https:\/\/dicodusport.fr\/blog\/wp-json\/wp\/v2\/types\/post"}],"author":[{"embeddable":true,"href":"https:\/\/dicodusport.fr\/blog\/wp-json\/wp\/v2\/users\/55"}],"replies":[{"embeddable":true,"href":"https:\/\/dicodusport.fr\/blog\/wp-json\/wp\/v2\/comments?post=589030"}],"version-history":[{"count":4,"href":"https:\/\/dicodusport.fr\/blog\/wp-json\/wp\/v2\/posts\/589030\/revisions"}],"predecessor-version":[{"id":589106,"href":"https:\/\/dicodusport.fr\/blog\/wp-json\/wp\/v2\/posts\/589030\/revisions\/589106"}],"wp:featuredmedia":[{"embeddable":true,"href":"https:\/\/dicodusport.fr\/blog\/wp-json\/wp\/v2\/media\/589107"}],"wp:attachment":[{"href":"https:\/\/dicodusport.fr\/blog\/wp-json\/wp\/v2\/media?parent=589030"}],"wp:term":[{"taxonomy":"category","embeddable":true,"href":"https:\/\/dicodusport.fr\/blog\/wp-json\/wp\/v2\/categories?post=589030"},{"taxonomy":"post_tag","embeddable":true,"href":"https:\/\/dicodusport.fr\/blog\/wp-json\/wp\/v2\/tags?post=589030"}],"curies":[{"name":"wp","href":"https:\/\/api.w.org\/{rel}","templated":true}]}}