{"id":589248,"date":"2025-06-22T15:06:01","date_gmt":"2025-06-22T13:06:01","guid":{"rendered":"https:\/\/dicodusport.fr\/blog\/?p=589248&#038;preview=true&#038;preview_id=589248"},"modified":"2025-06-22T21:36:24","modified_gmt":"2025-06-22T19:36:24","slug":"vtt-val-di-sole-une-premiere-pour-martin-vidaurre-kossmann-sur-le-xco-mathis-azzaro-2e","status":"publish","type":"post","link":"https:\/\/dicodusport.fr\/blog\/vtt-val-di-sole-une-premiere-pour-martin-vidaurre-kossmann-sur-le-xco-mathis-azzaro-2e\/","title":{"rendered":"VTT Val di Sole : Une premi\u00e8re pour Martin Vidaurre Kossmann sur le XCO, Mathis Azzaro 2e"},"content":{"rendered":"<p style=\"text-align: justify;\"><strong><em>COUPE DU MONDE DE VTT 2025 &#8211; Mathis Azzaro y aura cru, mais Martin Vidaurre Kossmann le bat finalement et empoche sa premi\u00e8re victoire en Coupe du monde sur le XCO de Val di Sole (Italie). Le Chilien s&rsquo;impose devant le Fran\u00e7ais et le Suisse Fabio P\u00fcntener.<\/em><\/strong><\/p>\n<ul>\n<li style=\"text-align: justify;\"><strong>\u00c0 ce sujet \u2013\u00a0<a href=\"https:\/\/dicodusport.fr\/blog\/vtt-xco-val-di-sole-2025-classement-course-hommes\/\">VTT XCO Val di Sole 2025 : Classement Course hommes<\/a><\/strong><\/li>\n<\/ul>\n<p style=\"text-align: justify;\"><span style=\"font-weight: 400;\">Encore une 2e place pour un Fran\u00e7ais, cette saison, lors de la Coupe du monde de VTT. Cette fois, ce n&rsquo;est pas <\/span><b>Victor Koretzky<\/b><span style=\"font-weight: 400;\">, rel\u00e9gu\u00e9 en dehors du top 20 durant cette course dominicale. Nous allions forc\u00e9ment<\/span> <span style=\"font-weight: 400;\">assister \u00e0 la premi\u00e8re victoire d&rsquo;un jeune coureur et cela n&rsquo;a donc pas tourn\u00e9 pour la France, mais pour le Chili. Un Specialized peut en cacher un autre avec le succ\u00e8s de <\/span><b>Martin Vidaurre Kossmann <\/b><span style=\"font-weight: 400;\">sur le parcours italien de Val di Sole. Membre de l&rsquo;\u00e9quipe Origine de <\/span><b>Maxime Marotte<\/b><span style=\"font-weight: 400;\">, <\/span><b>Mathis Azzaro <\/b><span style=\"font-weight: 400;\">a un temps cru \u00e0 la victoire. Il a eu jusqu&rsquo;\u00e0 20 secondes d&rsquo;avance. Le Suisse sans \u00e9curie <\/span><b>Fabio P\u00fcntener <\/b><span style=\"font-weight: 400;\">compl\u00e8te le podium. <\/span><b>Luca Martin <\/b><span style=\"font-weight: 400;\">reste aux portes du top 10 apr\u00e8s un gros d\u00e9but de journ\u00e9e.<\/span><\/p>\n<blockquote class=\"twitter-tweet\">\n<p dir=\"ltr\" lang=\"en\">\ud83c\udfc6\ud83c\udde8\ud83c\uddf1 MARTIN VIDAURRE \ud83c\udde8\ud83c\uddf1\ud83c\udfc6<\/p>\n<p>Historic.<br \/>\nFirst-ever victory for Chile in the Men Elite XCO.<br \/>\nSpeechless. <a href=\"https:\/\/twitter.com\/hashtag\/MTBWorldCup?src=hash&amp;ref_src=twsrc%5Etfw\">#MTBWorldCup<\/a> <a href=\"https:\/\/twitter.com\/MTBworldseries?ref_src=twsrc%5Etfw\">@MTBworldseries<\/a> <a href=\"https:\/\/t.co\/dmJPGutNgw\">pic.twitter.com\/dmJPGutNgw<\/a><\/p>\n<p>\u2014 UCI MTB (@UCI_MTB) <a href=\"https:\/\/twitter.com\/UCI_MTB\/status\/1936771046058954865?ref_src=twsrc%5Etfw\">June 22, 2025<\/a><\/p><\/blockquote>\n<p><script async src=\"https:\/\/platform.twitter.com\/widgets.js\" charset=\"utf-8\"><\/script><\/p>\n<h2 style=\"text-align: justify;\">Mathis Azzaro s&rsquo;est approch\u00e9 de la victoire<\/h2>\n<p style=\"text-align: justify;\"><span style=\"font-weight: 400;\">Des chutes ont anim\u00e9 le d\u00e9part de ce format olympique masculin. D\u00e8s le premier virage, quelques-uns des 90 v\u00e9t\u00e9tistes pr\u00e9sents se sont accroch\u00e9s apr\u00e8s plusieurs m\u00e8tres. Cela a retard\u00e9 une partie du peloton. Il fallait donc \u00eatre tr\u00e8s bien plac\u00e9 pour aborder au mieux cette course. C&rsquo;est le cas de <\/span><b>Victor Koretzky <\/b><span style=\"font-weight: 400;\">et <\/span><b>Luca Martin<\/b><span style=\"font-weight: 400;\">. Les Fran\u00e7ais se sont positionn\u00e9s directement dans le top 5 et \u00e9vitent le nuage de poussi\u00e8res se formant au-dessus des athl\u00e8tes. Un petit groupe s&rsquo;est rapidement \u00e9chapp\u00e9 avec notamment <\/span><b>Filippo Colombo <\/b><span style=\"font-weight: 400;\">\u00e0 sa t\u00eate. Le Suisse semblait bien en jambes, prenant un court avantage sur ses adversaires. Le local <\/span><b>Luca Braidot <\/b><span style=\"font-weight: 400;\">suivait, avec les Cannondale <\/span><b>Martin <\/b><span style=\"font-weight: 400;\">et <\/span><b>Aldridge <\/b><span style=\"font-weight: 400;\">ainsi que l&rsquo;in\u00e9vitable <\/span><b>Christopher Blevins<\/b><span style=\"font-weight: 400;\">. Forfait de derni\u00e8re minute vendredi pour le XCC, <\/span><b>Mathis Azzaro <\/b><span style=\"font-weight: 400;\">va ensuite recoller \u00e0 la t\u00eate de course dans le tour 4. Il \u00e9tait accompagn\u00e9 par l&rsquo;Allemand <\/span><b>Julian Schelb<\/b><span style=\"font-weight: 400;\">.<\/span><\/p>\n<ul>\n<li style=\"text-align: justify;\"><strong>\u00c0 ce sujet \u2013\u00a0<a href=\"https:\/\/dicodusport.fr\/blog\/coupe-du-monde-vtt-cross-country-2025-calendrier-et-resultats-a-jour\/\">Coupe du monde VTT Cross-Country 2025 : Calendrier et R\u00e9sultats \u00e0 Jour<\/a><\/strong><\/li>\n<\/ul>\n<p style=\"text-align: justify;\"><span style=\"font-weight: 400;\">L&rsquo;ind\u00e9cision \u00e9tait totale \u00e0 l&rsquo;amorce de la seconde partie de course. Ils \u00e9taient sept aux avant-postes \u00e0 ce moment et beaucoup ne montraient aucun signe d&rsquo;une baisse de r\u00e9gime. Avec sa tunique orange de l&rsquo;\u00e9quipe Origine, <\/span><b>Azzaro <\/b><span style=\"font-weight: 400;\">attaque juste avant la crevaison roue arri\u00e8re de <\/span><b>Filippo Colombo<\/b><span style=\"font-weight: 400;\">. Le Tricolore est parti seul, <\/span><b>Braidot <\/b><span style=\"font-weight: 400;\">l&rsquo;avait en ligne de mire alors que <\/span><b>Martin Vidaurre Kossmann <\/b><span style=\"font-weight: 400;\">relan\u00e7ait pour accompagner le local. Le Chilien finit par rentrer et l\u00e2cher son concurrent rapidement. Sa cadence \u00e9tait \u00e9norme et intenable, le jeune Fran\u00e7ais a explos\u00e9 et s&rsquo;est donc class\u00e9 2e. R\u00e9v\u00e9lation 2025, <\/span><b>Fabio P\u00fcntener <\/b><span style=\"font-weight: 400;\">s&rsquo;est hiss\u00e9 sur le podium devant <\/span><b>Luca Braidot<\/b><span style=\"font-weight: 400;\">, coupable d&rsquo;une erreur dans l&rsquo;avant-dernier tour.<\/span><\/p>\n<ul>\n<li style=\"text-align: justify;\"><strong>\u00c0 ce sujet \u2013\u00a0<\/strong><a href=\"https:\/\/dicodusport.fr\/blog\/coupe-du-monde-vtt-2025-classement-general-masculin-en-cross-country\/\"><strong>Coupe du monde VTT 2025 : Classement G\u00e9n\u00e9ral Masculin en Cross-country<\/strong><\/a><\/li>\n<\/ul>\n","protected":false},"excerpt":{"rendered":"<p>Mathis Azzaro y aura cru, mais Martin Vidaurre Kossmann le bat finalement et empoche sa premi\u00e8re victoire en Coupe du monde sur le XCO de Val di Sole (Italie).<\/p>\n","protected":false},"author":61,"featured_media":589496,"comment_status":"open","ping_status":"closed","sticky":false,"template":"","format":"standard","meta":{"_acf_changed":false,"_daextam_enable_autolinks":"1","footnotes":""},"categories":[10279],"tags":[32415,16878,11873,692,26380],"class_list":["post-589248","post","type-post","status-publish","format-standard","has-post-thumbnail","hentry","category-vtt","tag-actu","tag-breve","tag-coupe-du-monde-de-vtt","tag-vtt","tag-vtt-xco-val-di-sole"],"acf":[],"yoast_head":"<!-- This site is optimized with the Yoast SEO Premium plugin v26.7 (Yoast SEO v26.7) - https:\/\/yoast.com\/wordpress\/plugins\/seo\/ -->\n<title>VTT Val di Sole : Une premi\u00e8re pour Martin Vidaurre Kossmann sur le XCO, Mathis Azzaro 2e<\/title>\n<meta name=\"description\" content=\"Mathis Azzaro y aura cru, mais Martin Vidaurre Kossmann le bat finalement et empoche sa premi\u00e8re victoire en Coupe du monde sur le XCO de Val di Sole (Italie).\" \/>\n<meta name=\"robots\" content=\"index, follow, max-snippet:-1, max-image-preview:large, max-video-preview:-1\" \/>\n<link rel=\"canonical\" href=\"https:\/\/dicodusport.fr\/blog\/vtt-val-di-sole-une-premiere-pour-martin-vidaurre-kossmann-sur-le-xco-mathis-azzaro-2e\/\" \/>\n<meta property=\"og:locale\" content=\"fr_FR\" \/>\n<meta property=\"og:type\" content=\"article\" \/>\n<meta property=\"og:title\" content=\"VTT Val di Sole : Une premi\u00e8re pour Martin Vidaurre Kossmann sur le XCO, Mathis Azzaro 2e\" \/>\n<meta property=\"og:description\" content=\"Mathis Azzaro y aura cru, mais Martin Vidaurre Kossmann le bat finalement et empoche sa premi\u00e8re victoire en Coupe du monde sur le XCO de Val di Sole (Italie).\" \/>\n<meta property=\"og:url\" content=\"https:\/\/dicodusport.fr\/blog\/vtt-val-di-sole-une-premiere-pour-martin-vidaurre-kossmann-sur-le-xco-mathis-azzaro-2e\/\" \/>\n<meta property=\"og:site_name\" content=\"Dicodusport\" \/>\n<meta property=\"article:publisher\" content=\"https:\/\/www.facebook.com\/dicodusport\" \/>\n<meta property=\"article:published_time\" content=\"2025-06-22T13:06:01+00:00\" \/>\n<meta property=\"article:modified_time\" content=\"2025-06-22T19:36:24+00:00\" \/>\n<meta property=\"og:image\" content=\"https:\/\/dicodusport.fr\/blog\/wp-content\/uploads\/2025\/06\/VTT-Val-di-Sole-Une-premiere-pour-Martin-Vidaurre-Kossmann-sur-le-XCO-Mathis-Azzaro-2e-1.png\" \/>\n\t<meta property=\"og:image:width\" content=\"1200\" \/>\n\t<meta property=\"og:image:height\" content=\"674\" \/>\n\t<meta property=\"og:image:type\" content=\"image\/png\" \/>\n<meta name=\"author\" content=\"Pierre Gorce\" \/>\n<meta name=\"twitter:card\" content=\"summary_large_image\" \/>\n<meta name=\"twitter:title\" content=\"VTT Val di Sole : Une premi\u00e8re pour Martin Vidaurre Kossmann sur le XCO, Mathis Azzaro 2e\" \/>\n<meta name=\"twitter:creator\" content=\"@https:\/\/twitter.com\/pierregorce12\" \/>\n<meta name=\"twitter:site\" content=\"@dicodusport\" \/>\n<script type=\"application\/ld+json\" class=\"yoast-schema-graph\">{\"@context\":\"https:\/\/schema.org\",\"@graph\":[{\"@type\":\"NewsArticle\",\"@id\":\"https:\/\/dicodusport.fr\/blog\/vtt-val-di-sole-une-premiere-pour-martin-vidaurre-kossmann-sur-le-xco-mathis-azzaro-2e\/#article\",\"isPartOf\":{\"@id\":\"https:\/\/dicodusport.fr\/blog\/vtt-val-di-sole-une-premiere-pour-martin-vidaurre-kossmann-sur-le-xco-mathis-azzaro-2e\/\"},\"author\":{\"name\":\"Pierre Gorce\",\"@id\":\"https:\/\/dicodusport.fr\/blog\/#\/schema\/person\/0eaf70b33d703a1a66b1155ac1bda018\"},\"headline\":\"VTT Val di Sole : Une premi\u00e8re pour Martin Vidaurre Kossmann sur le XCO, Mathis Azzaro 2e\",\"datePublished\":\"2025-06-22T13:06:01+00:00\",\"dateModified\":\"2025-06-22T19:36:24+00:00\",\"mainEntityOfPage\":{\"@id\":\"https:\/\/dicodusport.fr\/blog\/vtt-val-di-sole-une-premiere-pour-martin-vidaurre-kossmann-sur-le-xco-mathis-azzaro-2e\/\"},\"wordCount\":560,\"commentCount\":0,\"publisher\":{\"@id\":\"https:\/\/dicodusport.fr\/blog\/#organization\"},\"image\":{\"@id\":\"https:\/\/dicodusport.fr\/blog\/vtt-val-di-sole-une-premiere-pour-martin-vidaurre-kossmann-sur-le-xco-mathis-azzaro-2e\/#primaryimage\"},\"thumbnailUrl\":\"https:\/\/dicodusport.fr\/blog\/wp-content\/uploads\/2025\/06\/VTT-Val-di-Sole-Une-premiere-pour-Martin-Vidaurre-Kossmann-sur-le-XCO-Mathis-Azzaro-2e-1.png\",\"keywords\":[\"actu\",\"br\u00e8ve\",\"Coupe du monde de VTT\",\"VTT\",\"VTT XCO Val di Sole\"],\"articleSection\":[\"VTT\"],\"inLanguage\":\"fr-FR\",\"potentialAction\":[{\"@type\":\"CommentAction\",\"name\":\"Comment\",\"target\":[\"https:\/\/dicodusport.fr\/blog\/vtt-val-di-sole-une-premiere-pour-martin-vidaurre-kossmann-sur-le-xco-mathis-azzaro-2e\/#respond\"]}],\"copyrightYear\":\"2025\",\"copyrightHolder\":{\"@id\":\"https:\/\/dicodusport.fr\/blog\/#organization\"}},{\"@type\":\"WebPage\",\"@id\":\"https:\/\/dicodusport.fr\/blog\/vtt-val-di-sole-une-premiere-pour-martin-vidaurre-kossmann-sur-le-xco-mathis-azzaro-2e\/\",\"url\":\"https:\/\/dicodusport.fr\/blog\/vtt-val-di-sole-une-premiere-pour-martin-vidaurre-kossmann-sur-le-xco-mathis-azzaro-2e\/\",\"name\":\"VTT Val di Sole : Une premi\u00e8re pour Martin Vidaurre Kossmann sur le XCO, Mathis Azzaro 2e\",\"isPartOf\":{\"@id\":\"https:\/\/dicodusport.fr\/blog\/#website\"},\"primaryImageOfPage\":{\"@id\":\"https:\/\/dicodusport.fr\/blog\/vtt-val-di-sole-une-premiere-pour-martin-vidaurre-kossmann-sur-le-xco-mathis-azzaro-2e\/#primaryimage\"},\"image\":{\"@id\":\"https:\/\/dicodusport.fr\/blog\/vtt-val-di-sole-une-premiere-pour-martin-vidaurre-kossmann-sur-le-xco-mathis-azzaro-2e\/#primaryimage\"},\"thumbnailUrl\":\"https:\/\/dicodusport.fr\/blog\/wp-content\/uploads\/2025\/06\/VTT-Val-di-Sole-Une-premiere-pour-Martin-Vidaurre-Kossmann-sur-le-XCO-Mathis-Azzaro-2e-1.png\",\"datePublished\":\"2025-06-22T13:06:01+00:00\",\"dateModified\":\"2025-06-22T19:36:24+00:00\",\"description\":\"Mathis Azzaro y aura cru, mais Martin Vidaurre Kossmann le bat finalement et empoche sa premi\u00e8re victoire en Coupe du monde sur le XCO de Val di Sole (Italie).\",\"breadcrumb\":{\"@id\":\"https:\/\/dicodusport.fr\/blog\/vtt-val-di-sole-une-premiere-pour-martin-vidaurre-kossmann-sur-le-xco-mathis-azzaro-2e\/#breadcrumb\"},\"inLanguage\":\"fr-FR\",\"potentialAction\":[{\"@type\":\"ReadAction\",\"target\":[\"https:\/\/dicodusport.fr\/blog\/vtt-val-di-sole-une-premiere-pour-martin-vidaurre-kossmann-sur-le-xco-mathis-azzaro-2e\/\"]}]},{\"@type\":\"ImageObject\",\"inLanguage\":\"fr-FR\",\"@id\":\"https:\/\/dicodusport.fr\/blog\/vtt-val-di-sole-une-premiere-pour-martin-vidaurre-kossmann-sur-le-xco-mathis-azzaro-2e\/#primaryimage\",\"url\":\"https:\/\/dicodusport.fr\/blog\/wp-content\/uploads\/2025\/06\/VTT-Val-di-Sole-Une-premiere-pour-Martin-Vidaurre-Kossmann-sur-le-XCO-Mathis-Azzaro-2e-1.png\",\"contentUrl\":\"https:\/\/dicodusport.fr\/blog\/wp-content\/uploads\/2025\/06\/VTT-Val-di-Sole-Une-premiere-pour-Martin-Vidaurre-Kossmann-sur-le-XCO-Mathis-Azzaro-2e-1.png\",\"width\":1200,\"height\":674,\"caption\":\"VTT Val di Sole Une premi\u00e8re pour Martin Vidaurre Kossmann sur le XCO, Mathis Azzaro 2e (1)\"},{\"@type\":\"BreadcrumbList\",\"@id\":\"https:\/\/dicodusport.fr\/blog\/vtt-val-di-sole-une-premiere-pour-martin-vidaurre-kossmann-sur-le-xco-mathis-azzaro-2e\/#breadcrumb\",\"itemListElement\":[{\"@type\":\"ListItem\",\"position\":1,\"name\":\"Accueil\",\"item\":\"https:\/\/dicodusport.fr\/blog\/\"},{\"@type\":\"ListItem\",\"position\":2,\"name\":\"VTT Val di Sole : Une premi\u00e8re pour Martin Vidaurre Kossmann sur le XCO, Mathis Azzaro 2e\"}]},{\"@type\":\"WebSite\",\"@id\":\"https:\/\/dicodusport.fr\/blog\/#website\",\"url\":\"https:\/\/dicodusport.fr\/blog\/\",\"name\":\"Dicodusport\",\"description\":\"L&#039;encyclop\u00e9die de l&#039;actualit\u00e9 sportive\",\"publisher\":{\"@id\":\"https:\/\/dicodusport.fr\/blog\/#organization\"},\"potentialAction\":[{\"@type\":\"SearchAction\",\"target\":{\"@type\":\"EntryPoint\",\"urlTemplate\":\"https:\/\/dicodusport.fr\/blog\/?s={search_term_string}\"},\"query-input\":{\"@type\":\"PropertyValueSpecification\",\"valueRequired\":true,\"valueName\":\"search_term_string\"}}],\"inLanguage\":\"fr-FR\"},{\"@type\":\"NewsMediaOrganization\",\"@id\":\"https:\/\/dicodusport.fr\/blog\/#organization\",\"name\":\"Dicodusport\",\"url\":\"https:\/\/dicodusport.fr\/blog\/\",\"logo\":{\"@type\":\"ImageObject\",\"inLanguage\":\"fr-FR\",\"@id\":\"https:\/\/dicodusport.fr\/blog\/#\/schema\/logo\/image\/\",\"url\":\"https:\/\/dicodusport.fr\/blog\/wp-content\/uploads\/2020\/06\/cropped-LOGO-DICODUSPORT-2020-SANS-FOND-SANS-TEXTE.png\",\"contentUrl\":\"https:\/\/dicodusport.fr\/blog\/wp-content\/uploads\/2020\/06\/cropped-LOGO-DICODUSPORT-2020-SANS-FOND-SANS-TEXTE.png\",\"width\":512,\"height\":512,\"caption\":\"Dicodusport\"},\"image\":{\"@id\":\"https:\/\/dicodusport.fr\/blog\/#\/schema\/logo\/image\/\"},\"sameAs\":[\"https:\/\/www.facebook.com\/dicodusport\",\"https:\/\/x.com\/dicodusport\",\"https:\/\/www.instagram.com\/dicodusport\/\",\"https:\/\/www.youtube.com\/channel\/UC7V2KZ5sd3htJivAbA4ZG3w\"],\"description\":\"Dicodusport est l'encyclop\u00e9die de l'actualit\u00e9 sportive.\",\"email\":\"bonjour@dicodusport.fr\",\"legalName\":\"DICODUSPORT\",\"foundingDate\":\"2018-01-14\",\"vatID\":\"FR71834470973\",\"taxID\":\"83447097300043\",\"numberOfEmployees\":{\"@type\":\"QuantitativeValue\",\"minValue\":\"1\",\"maxValue\":\"10\"}},{\"@type\":\"Person\",\"@id\":\"https:\/\/dicodusport.fr\/blog\/#\/schema\/person\/0eaf70b33d703a1a66b1155ac1bda018\",\"name\":\"Pierre Gorce\",\"image\":{\"@type\":\"ImageObject\",\"inLanguage\":\"fr-FR\",\"@id\":\"https:\/\/dicodusport.fr\/blog\/#\/schema\/person\/image\/\",\"url\":\"https:\/\/dicodusport.fr\/blog\/wp-content\/uploads\/2022\/03\/IMG_20211214_233053_722-150x150.jpg\",\"contentUrl\":\"https:\/\/dicodusport.fr\/blog\/wp-content\/uploads\/2022\/03\/IMG_20211214_233053_722-150x150.jpg\",\"caption\":\"Pierre Gorce\"},\"description\":\"Couteau suisse venant tout droit de Haute-Savoie. Habitu\u00e9 \u00e0 regarder du sport depuis petit, j'en ai maintenant fait mon m\u00e9tier. Des sports d'hiver au surf, en passant par le tennis, la F1, le handball et l'athl\u00e9tisme, j'essaie d'avoir mes yeux sur l'enti\u00e8ret\u00e9 de l'actualit\u00e9. Jeune homme berc\u00e9 par les exploits de Jean-Baptiste Grange, Sebastian Vettel et des Experts. Membre de la g\u00e9n\u00e9ration 1999 comme Luka Doncic, Sydney McLaughlin, Lando Norris et Loana Lecomte, mais avec beaucoup moins de talent qu'eux.\",\"sameAs\":[\"https:\/\/x.com\/https:\/\/twitter.com\/pierregorce12\"],\"birthDate\":\"1999-08-29\",\"url\":\"https:\/\/dicodusport.fr\/blog\/author\/pierreg\/\"}]}<\/script>\n<!-- \/ Yoast SEO Premium plugin. -->","yoast_head_json":{"title":"VTT Val di Sole : Une premi\u00e8re pour Martin Vidaurre Kossmann sur le XCO, Mathis Azzaro 2e","description":"Mathis Azzaro y aura cru, mais Martin Vidaurre Kossmann le bat finalement et empoche sa premi\u00e8re victoire en Coupe du monde sur le XCO de Val di Sole (Italie).","robots":{"index":"index","follow":"follow","max-snippet":"max-snippet:-1","max-image-preview":"max-image-preview:large","max-video-preview":"max-video-preview:-1"},"canonical":"https:\/\/dicodusport.fr\/blog\/vtt-val-di-sole-une-premiere-pour-martin-vidaurre-kossmann-sur-le-xco-mathis-azzaro-2e\/","og_locale":"fr_FR","og_type":"article","og_title":"VTT Val di Sole : Une premi\u00e8re pour Martin Vidaurre Kossmann sur le XCO, Mathis Azzaro 2e","og_description":"Mathis Azzaro y aura cru, mais Martin Vidaurre Kossmann le bat finalement et empoche sa premi\u00e8re victoire en Coupe du monde sur le XCO de Val di Sole (Italie).","og_url":"https:\/\/dicodusport.fr\/blog\/vtt-val-di-sole-une-premiere-pour-martin-vidaurre-kossmann-sur-le-xco-mathis-azzaro-2e\/","og_site_name":"Dicodusport","article_publisher":"https:\/\/www.facebook.com\/dicodusport","article_published_time":"2025-06-22T13:06:01+00:00","article_modified_time":"2025-06-22T19:36:24+00:00","og_image":[{"width":1200,"height":674,"url":"https:\/\/dicodusport.fr\/blog\/wp-content\/uploads\/2025\/06\/VTT-Val-di-Sole-Une-premiere-pour-Martin-Vidaurre-Kossmann-sur-le-XCO-Mathis-Azzaro-2e-1.png","type":"image\/png"}],"author":"Pierre Gorce","twitter_card":"summary_large_image","twitter_title":"VTT Val di Sole : Une premi\u00e8re pour Martin Vidaurre Kossmann sur le XCO, Mathis Azzaro 2e","twitter_creator":"@https:\/\/twitter.com\/pierregorce12","twitter_site":"@dicodusport","schema":{"@context":"https:\/\/schema.org","@graph":[{"@type":"NewsArticle","@id":"https:\/\/dicodusport.fr\/blog\/vtt-val-di-sole-une-premiere-pour-martin-vidaurre-kossmann-sur-le-xco-mathis-azzaro-2e\/#article","isPartOf":{"@id":"https:\/\/dicodusport.fr\/blog\/vtt-val-di-sole-une-premiere-pour-martin-vidaurre-kossmann-sur-le-xco-mathis-azzaro-2e\/"},"author":{"name":"Pierre Gorce","@id":"https:\/\/dicodusport.fr\/blog\/#\/schema\/person\/0eaf70b33d703a1a66b1155ac1bda018"},"headline":"VTT Val di Sole : Une premi\u00e8re pour Martin Vidaurre Kossmann sur le XCO, Mathis Azzaro 2e","datePublished":"2025-06-22T13:06:01+00:00","dateModified":"2025-06-22T19:36:24+00:00","mainEntityOfPage":{"@id":"https:\/\/dicodusport.fr\/blog\/vtt-val-di-sole-une-premiere-pour-martin-vidaurre-kossmann-sur-le-xco-mathis-azzaro-2e\/"},"wordCount":560,"commentCount":0,"publisher":{"@id":"https:\/\/dicodusport.fr\/blog\/#organization"},"image":{"@id":"https:\/\/dicodusport.fr\/blog\/vtt-val-di-sole-une-premiere-pour-martin-vidaurre-kossmann-sur-le-xco-mathis-azzaro-2e\/#primaryimage"},"thumbnailUrl":"https:\/\/dicodusport.fr\/blog\/wp-content\/uploads\/2025\/06\/VTT-Val-di-Sole-Une-premiere-pour-Martin-Vidaurre-Kossmann-sur-le-XCO-Mathis-Azzaro-2e-1.png","keywords":["actu","br\u00e8ve","Coupe du monde de VTT","VTT","VTT XCO Val di Sole"],"articleSection":["VTT"],"inLanguage":"fr-FR","potentialAction":[{"@type":"CommentAction","name":"Comment","target":["https:\/\/dicodusport.fr\/blog\/vtt-val-di-sole-une-premiere-pour-martin-vidaurre-kossmann-sur-le-xco-mathis-azzaro-2e\/#respond"]}],"copyrightYear":"2025","copyrightHolder":{"@id":"https:\/\/dicodusport.fr\/blog\/#organization"}},{"@type":"WebPage","@id":"https:\/\/dicodusport.fr\/blog\/vtt-val-di-sole-une-premiere-pour-martin-vidaurre-kossmann-sur-le-xco-mathis-azzaro-2e\/","url":"https:\/\/dicodusport.fr\/blog\/vtt-val-di-sole-une-premiere-pour-martin-vidaurre-kossmann-sur-le-xco-mathis-azzaro-2e\/","name":"VTT Val di Sole : Une premi\u00e8re pour Martin Vidaurre Kossmann sur le XCO, Mathis Azzaro 2e","isPartOf":{"@id":"https:\/\/dicodusport.fr\/blog\/#website"},"primaryImageOfPage":{"@id":"https:\/\/dicodusport.fr\/blog\/vtt-val-di-sole-une-premiere-pour-martin-vidaurre-kossmann-sur-le-xco-mathis-azzaro-2e\/#primaryimage"},"image":{"@id":"https:\/\/dicodusport.fr\/blog\/vtt-val-di-sole-une-premiere-pour-martin-vidaurre-kossmann-sur-le-xco-mathis-azzaro-2e\/#primaryimage"},"thumbnailUrl":"https:\/\/dicodusport.fr\/blog\/wp-content\/uploads\/2025\/06\/VTT-Val-di-Sole-Une-premiere-pour-Martin-Vidaurre-Kossmann-sur-le-XCO-Mathis-Azzaro-2e-1.png","datePublished":"2025-06-22T13:06:01+00:00","dateModified":"2025-06-22T19:36:24+00:00","description":"Mathis Azzaro y aura cru, mais Martin Vidaurre Kossmann le bat finalement et empoche sa premi\u00e8re victoire en Coupe du monde sur le XCO de Val di Sole (Italie).","breadcrumb":{"@id":"https:\/\/dicodusport.fr\/blog\/vtt-val-di-sole-une-premiere-pour-martin-vidaurre-kossmann-sur-le-xco-mathis-azzaro-2e\/#breadcrumb"},"inLanguage":"fr-FR","potentialAction":[{"@type":"ReadAction","target":["https:\/\/dicodusport.fr\/blog\/vtt-val-di-sole-une-premiere-pour-martin-vidaurre-kossmann-sur-le-xco-mathis-azzaro-2e\/"]}]},{"@type":"ImageObject","inLanguage":"fr-FR","@id":"https:\/\/dicodusport.fr\/blog\/vtt-val-di-sole-une-premiere-pour-martin-vidaurre-kossmann-sur-le-xco-mathis-azzaro-2e\/#primaryimage","url":"https:\/\/dicodusport.fr\/blog\/wp-content\/uploads\/2025\/06\/VTT-Val-di-Sole-Une-premiere-pour-Martin-Vidaurre-Kossmann-sur-le-XCO-Mathis-Azzaro-2e-1.png","contentUrl":"https:\/\/dicodusport.fr\/blog\/wp-content\/uploads\/2025\/06\/VTT-Val-di-Sole-Une-premiere-pour-Martin-Vidaurre-Kossmann-sur-le-XCO-Mathis-Azzaro-2e-1.png","width":1200,"height":674,"caption":"VTT Val di Sole Une premi\u00e8re pour Martin Vidaurre Kossmann sur le XCO, Mathis Azzaro 2e (1)"},{"@type":"BreadcrumbList","@id":"https:\/\/dicodusport.fr\/blog\/vtt-val-di-sole-une-premiere-pour-martin-vidaurre-kossmann-sur-le-xco-mathis-azzaro-2e\/#breadcrumb","itemListElement":[{"@type":"ListItem","position":1,"name":"Accueil","item":"https:\/\/dicodusport.fr\/blog\/"},{"@type":"ListItem","position":2,"name":"VTT Val di Sole : Une premi\u00e8re pour Martin Vidaurre Kossmann sur le XCO, Mathis Azzaro 2e"}]},{"@type":"WebSite","@id":"https:\/\/dicodusport.fr\/blog\/#website","url":"https:\/\/dicodusport.fr\/blog\/","name":"Dicodusport","description":"L&#039;encyclop\u00e9die de l&#039;actualit\u00e9 sportive","publisher":{"@id":"https:\/\/dicodusport.fr\/blog\/#organization"},"potentialAction":[{"@type":"SearchAction","target":{"@type":"EntryPoint","urlTemplate":"https:\/\/dicodusport.fr\/blog\/?s={search_term_string}"},"query-input":{"@type":"PropertyValueSpecification","valueRequired":true,"valueName":"search_term_string"}}],"inLanguage":"fr-FR"},{"@type":"NewsMediaOrganization","@id":"https:\/\/dicodusport.fr\/blog\/#organization","name":"Dicodusport","url":"https:\/\/dicodusport.fr\/blog\/","logo":{"@type":"ImageObject","inLanguage":"fr-FR","@id":"https:\/\/dicodusport.fr\/blog\/#\/schema\/logo\/image\/","url":"https:\/\/dicodusport.fr\/blog\/wp-content\/uploads\/2020\/06\/cropped-LOGO-DICODUSPORT-2020-SANS-FOND-SANS-TEXTE.png","contentUrl":"https:\/\/dicodusport.fr\/blog\/wp-content\/uploads\/2020\/06\/cropped-LOGO-DICODUSPORT-2020-SANS-FOND-SANS-TEXTE.png","width":512,"height":512,"caption":"Dicodusport"},"image":{"@id":"https:\/\/dicodusport.fr\/blog\/#\/schema\/logo\/image\/"},"sameAs":["https:\/\/www.facebook.com\/dicodusport","https:\/\/x.com\/dicodusport","https:\/\/www.instagram.com\/dicodusport\/","https:\/\/www.youtube.com\/channel\/UC7V2KZ5sd3htJivAbA4ZG3w"],"description":"Dicodusport est l'encyclop\u00e9die de l'actualit\u00e9 sportive.","email":"bonjour@dicodusport.fr","legalName":"DICODUSPORT","foundingDate":"2018-01-14","vatID":"FR71834470973","taxID":"83447097300043","numberOfEmployees":{"@type":"QuantitativeValue","minValue":"1","maxValue":"10"}},{"@type":"Person","@id":"https:\/\/dicodusport.fr\/blog\/#\/schema\/person\/0eaf70b33d703a1a66b1155ac1bda018","name":"Pierre Gorce","image":{"@type":"ImageObject","inLanguage":"fr-FR","@id":"https:\/\/dicodusport.fr\/blog\/#\/schema\/person\/image\/","url":"https:\/\/dicodusport.fr\/blog\/wp-content\/uploads\/2022\/03\/IMG_20211214_233053_722-150x150.jpg","contentUrl":"https:\/\/dicodusport.fr\/blog\/wp-content\/uploads\/2022\/03\/IMG_20211214_233053_722-150x150.jpg","caption":"Pierre Gorce"},"description":"Couteau suisse venant tout droit de Haute-Savoie. Habitu\u00e9 \u00e0 regarder du sport depuis petit, j'en ai maintenant fait mon m\u00e9tier. Des sports d'hiver au surf, en passant par le tennis, la F1, le handball et l'athl\u00e9tisme, j'essaie d'avoir mes yeux sur l'enti\u00e8ret\u00e9 de l'actualit\u00e9. Jeune homme berc\u00e9 par les exploits de Jean-Baptiste Grange, Sebastian Vettel et des Experts. Membre de la g\u00e9n\u00e9ration 1999 comme Luka Doncic, Sydney McLaughlin, Lando Norris et Loana Lecomte, mais avec beaucoup moins de talent qu'eux.","sameAs":["https:\/\/x.com\/https:\/\/twitter.com\/pierregorce12"],"birthDate":"1999-08-29","url":"https:\/\/dicodusport.fr\/blog\/author\/pierreg\/"}]}},"_links":{"self":[{"href":"https:\/\/dicodusport.fr\/blog\/wp-json\/wp\/v2\/posts\/589248","targetHints":{"allow":["GET"]}}],"collection":[{"href":"https:\/\/dicodusport.fr\/blog\/wp-json\/wp\/v2\/posts"}],"about":[{"href":"https:\/\/dicodusport.fr\/blog\/wp-json\/wp\/v2\/types\/post"}],"author":[{"embeddable":true,"href":"https:\/\/dicodusport.fr\/blog\/wp-json\/wp\/v2\/users\/61"}],"replies":[{"embeddable":true,"href":"https:\/\/dicodusport.fr\/blog\/wp-json\/wp\/v2\/comments?post=589248"}],"version-history":[{"count":5,"href":"https:\/\/dicodusport.fr\/blog\/wp-json\/wp\/v2\/posts\/589248\/revisions"}],"predecessor-version":[{"id":589319,"href":"https:\/\/dicodusport.fr\/blog\/wp-json\/wp\/v2\/posts\/589248\/revisions\/589319"}],"wp:featuredmedia":[{"embeddable":true,"href":"https:\/\/dicodusport.fr\/blog\/wp-json\/wp\/v2\/media\/589496"}],"wp:attachment":[{"href":"https:\/\/dicodusport.fr\/blog\/wp-json\/wp\/v2\/media?parent=589248"}],"wp:term":[{"taxonomy":"category","embeddable":true,"href":"https:\/\/dicodusport.fr\/blog\/wp-json\/wp\/v2\/categories?post=589248"},{"taxonomy":"post_tag","embeddable":true,"href":"https:\/\/dicodusport.fr\/blog\/wp-json\/wp\/v2\/tags?post=589248"}],"curies":[{"name":"wp","href":"https:\/\/api.w.org\/{rel}","templated":true}]}}