{"id":589428,"date":"2025-06-22T19:20:21","date_gmt":"2025-06-22T17:20:21","guid":{"rendered":"https:\/\/dicodusport.fr\/blog\/?p=589428&#038;preview=true&#038;preview_id=589428"},"modified":"2025-06-22T21:32:33","modified_gmt":"2025-06-22T19:32:33","slug":"vtt-eliminator-isaure-medde-se-pare-dargent-aux-championnats-du-monde","status":"publish","type":"post","link":"https:\/\/dicodusport.fr\/blog\/vtt-eliminator-isaure-medde-se-pare-dargent-aux-championnats-du-monde\/","title":{"rendered":"VTT Eliminator : Isaure Medde se pare d&rsquo;argent aux championnats du monde"},"content":{"rendered":"<p style=\"text-align: justify;\"><strong><em>VTT ELIMINATOR &#8211; Ce dimanche, Isaure Medde s&rsquo;est empar\u00e9e de la m\u00e9daille d&rsquo;argent lors des championnats du monde disput\u00e9s \u00e0 Sakarya (Turquie).<\/em><\/strong><\/p>\n<p style=\"text-align: justify;\">L&rsquo;ann\u00e9e derni\u00e8re, les <strong>championnats du monde<\/strong> de <strong>VTT Eliminator<\/strong> avaient \u00e9t\u00e9 une v\u00e9ritable d\u00e9ception pour l&rsquo;\u00e9quipe de France. Habitu\u00e9s \u00e0 truster les podiums, et la plupart du temps la plus haute marche, les Bleus \u00e9taient pass\u00e9s \u00e0 c\u00f4t\u00e9 en ne ramenant aucune m\u00e9daille d&rsquo;Aalen. Un an plus tard, sur le circuit de <strong>Sakarya<\/strong> (Turquie), les Bleus avaient \u00e0 c\u0153ur de rebondir.<\/p>\n<h2 style=\"text-align: justify;\">Isaure Medde s&rsquo;intercale entre les Ukrainiennes<\/h2>\n<p style=\"text-align: justify;\">Et ce rebond est venu d&rsquo;une jeune femme qui avait d\u00e9j\u00e0 connu ses moments de gloire. Vice-championne du monde en 2019, puis sacr\u00e9e en 2020,<strong> Isaure Medde<\/strong> n&rsquo;avait plus connu la joie d&rsquo;un podium mondial depuis. Mais ce dimanche, la cycliste de 24 ans a rem\u00e9di\u00e9 \u00e0 cela. 6\u00e8me des qualifications, elle a ensuite pass\u00e9 le cut en quarts et en demies en s&#8217;emparant de la 2\u00e8me place de sa s\u00e9rie. Une 2\u00e8me place \u00e0 laquelle elle a \u00e9t\u00e9 abonn\u00e9e tout au long de la journ\u00e9e. En finale, c&rsquo;est encore \u00e0 cette place qu&rsquo;elle s&rsquo;est positionn\u00e9e. Loin derri\u00e8re l&rsquo;intouchable <strong>Mariia Sukhopalova<\/strong>, Medde a r\u00e9ussi \u00e0 prendre le dessus sur une autre Ukrainienne, <strong>Maria Sherstiuk<\/strong>, pour s&#8217;emparer de la m\u00e9daille d&rsquo;argent.\u00a0 Un joli m\u00e9tal qui est le seul obtenu par les Bleus.<\/p>\n<p style=\"text-align: justify;\">Dans le tableau f\u00e9minin, <strong>Coline Clauzure<\/strong> n&rsquo;a pas pass\u00e9 le stade des quarts de finale, tandis que <strong>Margaux Borrelly<\/strong> a termin\u00e9 7\u00e8me apr\u00e8s son \u00e9limination en demi-finale. Du c\u00f4t\u00e9 des hommes, la d\u00e9ception est grande pour le sextuple champion du monde <strong>Titouan Perrin-Ganier<\/strong>. Ce dernier n&rsquo;a pas pu d\u00e9fendre ses chances pleinement, la faute \u00e0 une perte de contr\u00f4le au d\u00e9but du 2\u00e8me tour, d\u00e8s son quart de finale. Autre Tricolore engag\u00e9, <strong>Killian Hampiaux<\/strong> a lui pris la porte en demies, et termine en 6\u00e8me position.<\/p>\n","protected":false},"excerpt":{"rendered":"<p>VTT ELIMINATOR &#8211; Ce dimanche, Isaure Medde s&rsquo;est empar\u00e9e de la m\u00e9daille d&rsquo;argent lors des championnats du monde disput\u00e9s \u00e0 Sakarya (Turquie).<\/p>\n","protected":false},"author":55,"featured_media":589442,"comment_status":"open","ping_status":"closed","sticky":false,"template":"","format":"standard","meta":{"_acf_changed":false,"_daextam_enable_autolinks":"1","footnotes":""},"categories":[10279],"tags":[16878,47122,47121],"class_list":["post-589428","post","type-post","status-publish","format-standard","has-post-thumbnail","hentry","category-vtt","tag-breve","tag-isaure-medde","tag-vtt-eliminator"],"acf":[],"yoast_head":"<!-- This site is optimized with the Yoast SEO Premium plugin v26.7 (Yoast SEO v26.7) - https:\/\/yoast.com\/wordpress\/plugins\/seo\/ -->\n<title>VTT Eliminator : Isaure Medde se pare d&#039;argent aux championnats du monde<\/title>\n<meta name=\"description\" content=\"VTT ELIMINATOR - Ce dimanche, Isaure Medde s&#039;est empar\u00e9e de la m\u00e9daille d&#039;argent lors des championnats du monde disput\u00e9s \u00e0 Sakarya.\" \/>\n<meta name=\"robots\" content=\"index, follow, max-snippet:-1, max-image-preview:large, max-video-preview:-1\" \/>\n<link rel=\"canonical\" href=\"https:\/\/dicodusport.fr\/blog\/vtt-eliminator-isaure-medde-se-pare-dargent-aux-championnats-du-monde\/\" \/>\n<meta property=\"og:locale\" content=\"fr_FR\" \/>\n<meta property=\"og:type\" content=\"article\" \/>\n<meta property=\"og:title\" content=\"VTT Eliminator : Isaure Medde se pare d&#039;argent aux championnats du monde\" \/>\n<meta property=\"og:description\" content=\"VTT ELIMINATOR - Ce dimanche, Isaure Medde s&#039;est empar\u00e9e de la m\u00e9daille d&#039;argent lors des championnats du monde disput\u00e9s \u00e0 Sakarya (Turquie).\" \/>\n<meta property=\"og:url\" content=\"https:\/\/dicodusport.fr\/blog\/vtt-eliminator-isaure-medde-se-pare-dargent-aux-championnats-du-monde\/\" \/>\n<meta property=\"og:site_name\" content=\"Dicodusport\" \/>\n<meta property=\"article:publisher\" content=\"https:\/\/www.facebook.com\/dicodusport\" \/>\n<meta property=\"article:published_time\" content=\"2025-06-22T17:20:21+00:00\" \/>\n<meta property=\"article:modified_time\" content=\"2025-06-22T19:32:33+00:00\" \/>\n<meta property=\"og:image\" content=\"https:\/\/dicodusport.fr\/blog\/wp-content\/uploads\/2025\/06\/VTT-Eliminator-Isaure-Medde-se-pare-dargent-aux-championnats-du-monde.png\" \/>\n\t<meta property=\"og:image:width\" content=\"1200\" \/>\n\t<meta property=\"og:image:height\" content=\"674\" \/>\n\t<meta property=\"og:image:type\" content=\"image\/png\" \/>\n<meta name=\"author\" content=\"Maxime Cazenave\" \/>\n<meta name=\"twitter:card\" content=\"summary_large_image\" \/>\n<meta name=\"twitter:description\" content=\"VTT ELIMINATOR - Ce dimanche, Isaure Medde s&#039;est empar\u00e9e de la m\u00e9daille d&#039;argent lors des championnats du monde disput\u00e9s \u00e0 Sakarya (Turquie).\" \/>\n<meta name=\"twitter:creator\" content=\"@https:\/\/twitter.com\/Maxime_Caze\" \/>\n<meta name=\"twitter:site\" content=\"@dicodusport\" \/>\n<script type=\"application\/ld+json\" class=\"yoast-schema-graph\">{\"@context\":\"https:\/\/schema.org\",\"@graph\":[{\"@type\":\"NewsArticle\",\"@id\":\"https:\/\/dicodusport.fr\/blog\/vtt-eliminator-isaure-medde-se-pare-dargent-aux-championnats-du-monde\/#article\",\"isPartOf\":{\"@id\":\"https:\/\/dicodusport.fr\/blog\/vtt-eliminator-isaure-medde-se-pare-dargent-aux-championnats-du-monde\/\"},\"author\":{\"name\":\"Maxime Cazenave\",\"@id\":\"https:\/\/dicodusport.fr\/blog\/#\/schema\/person\/37def232098a7a5cbab3974a3690abb0\"},\"headline\":\"VTT Eliminator : Isaure Medde se pare d&rsquo;argent aux championnats du monde\",\"datePublished\":\"2025-06-22T17:20:21+00:00\",\"dateModified\":\"2025-06-22T19:32:33+00:00\",\"mainEntityOfPage\":{\"@id\":\"https:\/\/dicodusport.fr\/blog\/vtt-eliminator-isaure-medde-se-pare-dargent-aux-championnats-du-monde\/\"},\"wordCount\":355,\"commentCount\":0,\"publisher\":{\"@id\":\"https:\/\/dicodusport.fr\/blog\/#organization\"},\"image\":{\"@id\":\"https:\/\/dicodusport.fr\/blog\/vtt-eliminator-isaure-medde-se-pare-dargent-aux-championnats-du-monde\/#primaryimage\"},\"thumbnailUrl\":\"https:\/\/dicodusport.fr\/blog\/wp-content\/uploads\/2025\/06\/VTT-Eliminator-Isaure-Medde-se-pare-dargent-aux-championnats-du-monde.png\",\"keywords\":[\"br\u00e8ve\",\"Isaure Medde\",\"VTT Eliminator\"],\"articleSection\":[\"VTT\"],\"inLanguage\":\"fr-FR\",\"potentialAction\":[{\"@type\":\"CommentAction\",\"name\":\"Comment\",\"target\":[\"https:\/\/dicodusport.fr\/blog\/vtt-eliminator-isaure-medde-se-pare-dargent-aux-championnats-du-monde\/#respond\"]}],\"copyrightYear\":\"2025\",\"copyrightHolder\":{\"@id\":\"https:\/\/dicodusport.fr\/blog\/#organization\"}},{\"@type\":\"WebPage\",\"@id\":\"https:\/\/dicodusport.fr\/blog\/vtt-eliminator-isaure-medde-se-pare-dargent-aux-championnats-du-monde\/\",\"url\":\"https:\/\/dicodusport.fr\/blog\/vtt-eliminator-isaure-medde-se-pare-dargent-aux-championnats-du-monde\/\",\"name\":\"VTT Eliminator : Isaure Medde se pare d'argent aux championnats du monde\",\"isPartOf\":{\"@id\":\"https:\/\/dicodusport.fr\/blog\/#website\"},\"primaryImageOfPage\":{\"@id\":\"https:\/\/dicodusport.fr\/blog\/vtt-eliminator-isaure-medde-se-pare-dargent-aux-championnats-du-monde\/#primaryimage\"},\"image\":{\"@id\":\"https:\/\/dicodusport.fr\/blog\/vtt-eliminator-isaure-medde-se-pare-dargent-aux-championnats-du-monde\/#primaryimage\"},\"thumbnailUrl\":\"https:\/\/dicodusport.fr\/blog\/wp-content\/uploads\/2025\/06\/VTT-Eliminator-Isaure-Medde-se-pare-dargent-aux-championnats-du-monde.png\",\"datePublished\":\"2025-06-22T17:20:21+00:00\",\"dateModified\":\"2025-06-22T19:32:33+00:00\",\"description\":\"VTT ELIMINATOR - Ce dimanche, Isaure Medde s'est empar\u00e9e de la m\u00e9daille d'argent lors des championnats du monde disput\u00e9s \u00e0 Sakarya.\",\"breadcrumb\":{\"@id\":\"https:\/\/dicodusport.fr\/blog\/vtt-eliminator-isaure-medde-se-pare-dargent-aux-championnats-du-monde\/#breadcrumb\"},\"inLanguage\":\"fr-FR\",\"potentialAction\":[{\"@type\":\"ReadAction\",\"target\":[\"https:\/\/dicodusport.fr\/blog\/vtt-eliminator-isaure-medde-se-pare-dargent-aux-championnats-du-monde\/\"]}]},{\"@type\":\"ImageObject\",\"inLanguage\":\"fr-FR\",\"@id\":\"https:\/\/dicodusport.fr\/blog\/vtt-eliminator-isaure-medde-se-pare-dargent-aux-championnats-du-monde\/#primaryimage\",\"url\":\"https:\/\/dicodusport.fr\/blog\/wp-content\/uploads\/2025\/06\/VTT-Eliminator-Isaure-Medde-se-pare-dargent-aux-championnats-du-monde.png\",\"contentUrl\":\"https:\/\/dicodusport.fr\/blog\/wp-content\/uploads\/2025\/06\/VTT-Eliminator-Isaure-Medde-se-pare-dargent-aux-championnats-du-monde.png\",\"width\":1200,\"height\":674,\"caption\":\"VTT Eliminator : Isaure Medde se pare d'argent aux championnats du monde\"},{\"@type\":\"BreadcrumbList\",\"@id\":\"https:\/\/dicodusport.fr\/blog\/vtt-eliminator-isaure-medde-se-pare-dargent-aux-championnats-du-monde\/#breadcrumb\",\"itemListElement\":[{\"@type\":\"ListItem\",\"position\":1,\"name\":\"Accueil\",\"item\":\"https:\/\/dicodusport.fr\/blog\/\"},{\"@type\":\"ListItem\",\"position\":2,\"name\":\"VTT Eliminator : Isaure Medde se pare d&rsquo;argent aux championnats du monde\"}]},{\"@type\":\"WebSite\",\"@id\":\"https:\/\/dicodusport.fr\/blog\/#website\",\"url\":\"https:\/\/dicodusport.fr\/blog\/\",\"name\":\"Dicodusport\",\"description\":\"L&#039;encyclop\u00e9die de l&#039;actualit\u00e9 sportive\",\"publisher\":{\"@id\":\"https:\/\/dicodusport.fr\/blog\/#organization\"},\"potentialAction\":[{\"@type\":\"SearchAction\",\"target\":{\"@type\":\"EntryPoint\",\"urlTemplate\":\"https:\/\/dicodusport.fr\/blog\/?s={search_term_string}\"},\"query-input\":{\"@type\":\"PropertyValueSpecification\",\"valueRequired\":true,\"valueName\":\"search_term_string\"}}],\"inLanguage\":\"fr-FR\"},{\"@type\":\"NewsMediaOrganization\",\"@id\":\"https:\/\/dicodusport.fr\/blog\/#organization\",\"name\":\"Dicodusport\",\"url\":\"https:\/\/dicodusport.fr\/blog\/\",\"logo\":{\"@type\":\"ImageObject\",\"inLanguage\":\"fr-FR\",\"@id\":\"https:\/\/dicodusport.fr\/blog\/#\/schema\/logo\/image\/\",\"url\":\"https:\/\/dicodusport.fr\/blog\/wp-content\/uploads\/2020\/06\/cropped-LOGO-DICODUSPORT-2020-SANS-FOND-SANS-TEXTE.png\",\"contentUrl\":\"https:\/\/dicodusport.fr\/blog\/wp-content\/uploads\/2020\/06\/cropped-LOGO-DICODUSPORT-2020-SANS-FOND-SANS-TEXTE.png\",\"width\":512,\"height\":512,\"caption\":\"Dicodusport\"},\"image\":{\"@id\":\"https:\/\/dicodusport.fr\/blog\/#\/schema\/logo\/image\/\"},\"sameAs\":[\"https:\/\/www.facebook.com\/dicodusport\",\"https:\/\/x.com\/dicodusport\",\"https:\/\/www.instagram.com\/dicodusport\/\",\"https:\/\/www.youtube.com\/channel\/UC7V2KZ5sd3htJivAbA4ZG3w\"],\"description\":\"Dicodusport est l'encyclop\u00e9die de l'actualit\u00e9 sportive.\",\"email\":\"bonjour@dicodusport.fr\",\"legalName\":\"DICODUSPORT\",\"foundingDate\":\"2018-01-14\",\"vatID\":\"FR71834470973\",\"taxID\":\"83447097300043\",\"numberOfEmployees\":{\"@type\":\"QuantitativeValue\",\"minValue\":\"1\",\"maxValue\":\"10\"}},{\"@type\":\"Person\",\"@id\":\"https:\/\/dicodusport.fr\/blog\/#\/schema\/person\/37def232098a7a5cbab3974a3690abb0\",\"name\":\"Maxime Cazenave\",\"image\":{\"@type\":\"ImageObject\",\"inLanguage\":\"fr-FR\",\"@id\":\"https:\/\/dicodusport.fr\/blog\/#\/schema\/person\/image\/\",\"url\":\"https:\/\/dicodusport.fr\/blog\/wp-content\/uploads\/2021\/05\/Maxime-Cazenave-150x150.jpg\",\"contentUrl\":\"https:\/\/dicodusport.fr\/blog\/wp-content\/uploads\/2021\/05\/Maxime-Cazenave-150x150.jpg\",\"caption\":\"Maxime Cazenave\"},\"description\":\"Journaliste\/R\u00e9dacteur depuis 2012 - Berc\u00e9 par l\u2019amour des Girondins de Bordeaux, les \u00e9checs de Christophe Moreau sur le Tour de France sous l'\u00e8re Lance Armstrong et le fade-away l\u00e9tal de Dirk Nowitzki, ma passion d\u00e9vorante pour le sport a toujours \u00e9t\u00e9 un pan incontournable de ma vie. Transmettre ma passion \u00e0 l\u2019\u00e9crit a \u00e9t\u00e9 une transition naturelle. Suiveur assidu de basket et de hockey sur glace, je garde toujours un peu de place pour suivre le cyclisme, le football et le maximum de performances fran\u00e7aises.\",\"sameAs\":[\"https:\/\/x.com\/https:\/\/twitter.com\/Maxime_Caze\"],\"url\":\"https:\/\/dicodusport.fr\/blog\/author\/maximec\/\"}]}<\/script>\n<!-- \/ Yoast SEO Premium plugin. -->","yoast_head_json":{"title":"VTT Eliminator : Isaure Medde se pare d'argent aux championnats du monde","description":"VTT ELIMINATOR - Ce dimanche, Isaure Medde s'est empar\u00e9e de la m\u00e9daille d'argent lors des championnats du monde disput\u00e9s \u00e0 Sakarya.","robots":{"index":"index","follow":"follow","max-snippet":"max-snippet:-1","max-image-preview":"max-image-preview:large","max-video-preview":"max-video-preview:-1"},"canonical":"https:\/\/dicodusport.fr\/blog\/vtt-eliminator-isaure-medde-se-pare-dargent-aux-championnats-du-monde\/","og_locale":"fr_FR","og_type":"article","og_title":"VTT Eliminator : Isaure Medde se pare d'argent aux championnats du monde","og_description":"VTT ELIMINATOR - Ce dimanche, Isaure Medde s'est empar\u00e9e de la m\u00e9daille d'argent lors des championnats du monde disput\u00e9s \u00e0 Sakarya (Turquie).","og_url":"https:\/\/dicodusport.fr\/blog\/vtt-eliminator-isaure-medde-se-pare-dargent-aux-championnats-du-monde\/","og_site_name":"Dicodusport","article_publisher":"https:\/\/www.facebook.com\/dicodusport","article_published_time":"2025-06-22T17:20:21+00:00","article_modified_time":"2025-06-22T19:32:33+00:00","og_image":[{"width":1200,"height":674,"url":"https:\/\/dicodusport.fr\/blog\/wp-content\/uploads\/2025\/06\/VTT-Eliminator-Isaure-Medde-se-pare-dargent-aux-championnats-du-monde.png","type":"image\/png"}],"author":"Maxime Cazenave","twitter_card":"summary_large_image","twitter_description":"VTT ELIMINATOR - Ce dimanche, Isaure Medde s'est empar\u00e9e de la m\u00e9daille d'argent lors des championnats du monde disput\u00e9s \u00e0 Sakarya (Turquie).","twitter_creator":"@https:\/\/twitter.com\/Maxime_Caze","twitter_site":"@dicodusport","schema":{"@context":"https:\/\/schema.org","@graph":[{"@type":"NewsArticle","@id":"https:\/\/dicodusport.fr\/blog\/vtt-eliminator-isaure-medde-se-pare-dargent-aux-championnats-du-monde\/#article","isPartOf":{"@id":"https:\/\/dicodusport.fr\/blog\/vtt-eliminator-isaure-medde-se-pare-dargent-aux-championnats-du-monde\/"},"author":{"name":"Maxime Cazenave","@id":"https:\/\/dicodusport.fr\/blog\/#\/schema\/person\/37def232098a7a5cbab3974a3690abb0"},"headline":"VTT Eliminator : Isaure Medde se pare d&rsquo;argent aux championnats du monde","datePublished":"2025-06-22T17:20:21+00:00","dateModified":"2025-06-22T19:32:33+00:00","mainEntityOfPage":{"@id":"https:\/\/dicodusport.fr\/blog\/vtt-eliminator-isaure-medde-se-pare-dargent-aux-championnats-du-monde\/"},"wordCount":355,"commentCount":0,"publisher":{"@id":"https:\/\/dicodusport.fr\/blog\/#organization"},"image":{"@id":"https:\/\/dicodusport.fr\/blog\/vtt-eliminator-isaure-medde-se-pare-dargent-aux-championnats-du-monde\/#primaryimage"},"thumbnailUrl":"https:\/\/dicodusport.fr\/blog\/wp-content\/uploads\/2025\/06\/VTT-Eliminator-Isaure-Medde-se-pare-dargent-aux-championnats-du-monde.png","keywords":["br\u00e8ve","Isaure Medde","VTT Eliminator"],"articleSection":["VTT"],"inLanguage":"fr-FR","potentialAction":[{"@type":"CommentAction","name":"Comment","target":["https:\/\/dicodusport.fr\/blog\/vtt-eliminator-isaure-medde-se-pare-dargent-aux-championnats-du-monde\/#respond"]}],"copyrightYear":"2025","copyrightHolder":{"@id":"https:\/\/dicodusport.fr\/blog\/#organization"}},{"@type":"WebPage","@id":"https:\/\/dicodusport.fr\/blog\/vtt-eliminator-isaure-medde-se-pare-dargent-aux-championnats-du-monde\/","url":"https:\/\/dicodusport.fr\/blog\/vtt-eliminator-isaure-medde-se-pare-dargent-aux-championnats-du-monde\/","name":"VTT Eliminator : Isaure Medde se pare d'argent aux championnats du monde","isPartOf":{"@id":"https:\/\/dicodusport.fr\/blog\/#website"},"primaryImageOfPage":{"@id":"https:\/\/dicodusport.fr\/blog\/vtt-eliminator-isaure-medde-se-pare-dargent-aux-championnats-du-monde\/#primaryimage"},"image":{"@id":"https:\/\/dicodusport.fr\/blog\/vtt-eliminator-isaure-medde-se-pare-dargent-aux-championnats-du-monde\/#primaryimage"},"thumbnailUrl":"https:\/\/dicodusport.fr\/blog\/wp-content\/uploads\/2025\/06\/VTT-Eliminator-Isaure-Medde-se-pare-dargent-aux-championnats-du-monde.png","datePublished":"2025-06-22T17:20:21+00:00","dateModified":"2025-06-22T19:32:33+00:00","description":"VTT ELIMINATOR - Ce dimanche, Isaure Medde s'est empar\u00e9e de la m\u00e9daille d'argent lors des championnats du monde disput\u00e9s \u00e0 Sakarya.","breadcrumb":{"@id":"https:\/\/dicodusport.fr\/blog\/vtt-eliminator-isaure-medde-se-pare-dargent-aux-championnats-du-monde\/#breadcrumb"},"inLanguage":"fr-FR","potentialAction":[{"@type":"ReadAction","target":["https:\/\/dicodusport.fr\/blog\/vtt-eliminator-isaure-medde-se-pare-dargent-aux-championnats-du-monde\/"]}]},{"@type":"ImageObject","inLanguage":"fr-FR","@id":"https:\/\/dicodusport.fr\/blog\/vtt-eliminator-isaure-medde-se-pare-dargent-aux-championnats-du-monde\/#primaryimage","url":"https:\/\/dicodusport.fr\/blog\/wp-content\/uploads\/2025\/06\/VTT-Eliminator-Isaure-Medde-se-pare-dargent-aux-championnats-du-monde.png","contentUrl":"https:\/\/dicodusport.fr\/blog\/wp-content\/uploads\/2025\/06\/VTT-Eliminator-Isaure-Medde-se-pare-dargent-aux-championnats-du-monde.png","width":1200,"height":674,"caption":"VTT Eliminator : Isaure Medde se pare d'argent aux championnats du monde"},{"@type":"BreadcrumbList","@id":"https:\/\/dicodusport.fr\/blog\/vtt-eliminator-isaure-medde-se-pare-dargent-aux-championnats-du-monde\/#breadcrumb","itemListElement":[{"@type":"ListItem","position":1,"name":"Accueil","item":"https:\/\/dicodusport.fr\/blog\/"},{"@type":"ListItem","position":2,"name":"VTT Eliminator : Isaure Medde se pare d&rsquo;argent aux championnats du monde"}]},{"@type":"WebSite","@id":"https:\/\/dicodusport.fr\/blog\/#website","url":"https:\/\/dicodusport.fr\/blog\/","name":"Dicodusport","description":"L&#039;encyclop\u00e9die de l&#039;actualit\u00e9 sportive","publisher":{"@id":"https:\/\/dicodusport.fr\/blog\/#organization"},"potentialAction":[{"@type":"SearchAction","target":{"@type":"EntryPoint","urlTemplate":"https:\/\/dicodusport.fr\/blog\/?s={search_term_string}"},"query-input":{"@type":"PropertyValueSpecification","valueRequired":true,"valueName":"search_term_string"}}],"inLanguage":"fr-FR"},{"@type":"NewsMediaOrganization","@id":"https:\/\/dicodusport.fr\/blog\/#organization","name":"Dicodusport","url":"https:\/\/dicodusport.fr\/blog\/","logo":{"@type":"ImageObject","inLanguage":"fr-FR","@id":"https:\/\/dicodusport.fr\/blog\/#\/schema\/logo\/image\/","url":"https:\/\/dicodusport.fr\/blog\/wp-content\/uploads\/2020\/06\/cropped-LOGO-DICODUSPORT-2020-SANS-FOND-SANS-TEXTE.png","contentUrl":"https:\/\/dicodusport.fr\/blog\/wp-content\/uploads\/2020\/06\/cropped-LOGO-DICODUSPORT-2020-SANS-FOND-SANS-TEXTE.png","width":512,"height":512,"caption":"Dicodusport"},"image":{"@id":"https:\/\/dicodusport.fr\/blog\/#\/schema\/logo\/image\/"},"sameAs":["https:\/\/www.facebook.com\/dicodusport","https:\/\/x.com\/dicodusport","https:\/\/www.instagram.com\/dicodusport\/","https:\/\/www.youtube.com\/channel\/UC7V2KZ5sd3htJivAbA4ZG3w"],"description":"Dicodusport est l'encyclop\u00e9die de l'actualit\u00e9 sportive.","email":"bonjour@dicodusport.fr","legalName":"DICODUSPORT","foundingDate":"2018-01-14","vatID":"FR71834470973","taxID":"83447097300043","numberOfEmployees":{"@type":"QuantitativeValue","minValue":"1","maxValue":"10"}},{"@type":"Person","@id":"https:\/\/dicodusport.fr\/blog\/#\/schema\/person\/37def232098a7a5cbab3974a3690abb0","name":"Maxime Cazenave","image":{"@type":"ImageObject","inLanguage":"fr-FR","@id":"https:\/\/dicodusport.fr\/blog\/#\/schema\/person\/image\/","url":"https:\/\/dicodusport.fr\/blog\/wp-content\/uploads\/2021\/05\/Maxime-Cazenave-150x150.jpg","contentUrl":"https:\/\/dicodusport.fr\/blog\/wp-content\/uploads\/2021\/05\/Maxime-Cazenave-150x150.jpg","caption":"Maxime Cazenave"},"description":"Journaliste\/R\u00e9dacteur depuis 2012 - Berc\u00e9 par l\u2019amour des Girondins de Bordeaux, les \u00e9checs de Christophe Moreau sur le Tour de France sous l'\u00e8re Lance Armstrong et le fade-away l\u00e9tal de Dirk Nowitzki, ma passion d\u00e9vorante pour le sport a toujours \u00e9t\u00e9 un pan incontournable de ma vie. Transmettre ma passion \u00e0 l\u2019\u00e9crit a \u00e9t\u00e9 une transition naturelle. Suiveur assidu de basket et de hockey sur glace, je garde toujours un peu de place pour suivre le cyclisme, le football et le maximum de performances fran\u00e7aises.","sameAs":["https:\/\/x.com\/https:\/\/twitter.com\/Maxime_Caze"],"url":"https:\/\/dicodusport.fr\/blog\/author\/maximec\/"}]}},"_links":{"self":[{"href":"https:\/\/dicodusport.fr\/blog\/wp-json\/wp\/v2\/posts\/589428","targetHints":{"allow":["GET"]}}],"collection":[{"href":"https:\/\/dicodusport.fr\/blog\/wp-json\/wp\/v2\/posts"}],"about":[{"href":"https:\/\/dicodusport.fr\/blog\/wp-json\/wp\/v2\/types\/post"}],"author":[{"embeddable":true,"href":"https:\/\/dicodusport.fr\/blog\/wp-json\/wp\/v2\/users\/55"}],"replies":[{"embeddable":true,"href":"https:\/\/dicodusport.fr\/blog\/wp-json\/wp\/v2\/comments?post=589428"}],"version-history":[{"count":5,"href":"https:\/\/dicodusport.fr\/blog\/wp-json\/wp\/v2\/posts\/589428\/revisions"}],"predecessor-version":[{"id":589494,"href":"https:\/\/dicodusport.fr\/blog\/wp-json\/wp\/v2\/posts\/589428\/revisions\/589494"}],"wp:featuredmedia":[{"embeddable":true,"href":"https:\/\/dicodusport.fr\/blog\/wp-json\/wp\/v2\/media\/589442"}],"wp:attachment":[{"href":"https:\/\/dicodusport.fr\/blog\/wp-json\/wp\/v2\/media?parent=589428"}],"wp:term":[{"taxonomy":"category","embeddable":true,"href":"https:\/\/dicodusport.fr\/blog\/wp-json\/wp\/v2\/categories?post=589428"},{"taxonomy":"post_tag","embeddable":true,"href":"https:\/\/dicodusport.fr\/blog\/wp-json\/wp\/v2\/tags?post=589428"}],"curies":[{"name":"wp","href":"https:\/\/api.w.org\/{rel}","templated":true}]}}