{"id":589553,"date":"2025-06-23T09:55:34","date_gmt":"2025-06-23T07:55:34","guid":{"rendered":"https:\/\/dicodusport.fr\/blog\/?p=589553&#038;preview=true&#038;preview_id=589553"},"modified":"2025-06-23T09:57:53","modified_gmt":"2025-06-23T07:57:53","slug":"mma-nassourdine-imavov-sera-du-main-event-de-lufc-paris","status":"publish","type":"post","link":"https:\/\/dicodusport.fr\/blog\/mma-nassourdine-imavov-sera-du-main-event-de-lufc-paris\/","title":{"rendered":"MMA : Nassourdine Imavov sera du main event de l&rsquo;UFC Paris"},"content":{"rendered":"<p style=\"text-align: justify;\"><strong><em>UFC PARIS 2025 &#8211; Pour la quatri\u00e8me \u00e9dition du rendez-vous parisien, c&rsquo;est Nassourdine Imavov qui sera la t\u00eate d&rsquo;affiche, avec un combat face \u00e0 Caio Borralho en main event.\u00a0<\/em><\/strong><\/p>\n<p style=\"text-align: justify;\">Pour la quatri\u00e8me fois, l&rsquo;UFC va faire son retour \u00e0 Paris le samedi 6 septembre. C&rsquo;est <strong>Ciryl Gane<\/strong> qui \u00e9tait la t\u00eate d&rsquo;affiche des deux premiers rendez-vous en 2022 et <a href=\"https:\/\/dicodusport.fr\/blog\/ufc-paris-2-ciryl-gane-renoue-avec-le-succes-en-surclassant-serghei-spivac\/\">2023<\/a>, avant que <strong>Beno\u00eet Saint-Denis<\/strong> ne prenne le relais l&rsquo;an dernier, <a href=\"https:\/\/dicodusport.fr\/blog\/ufc-paris-3-belle-soiree-pour-les-francais-malgre-la-defaite-de-benoit-saint-denis\/\">sans r\u00e9ussite malheureusement<\/a>. Si <strong>Manon Fiorot<\/strong> aurait fait une belle t\u00eate d&rsquo;affiche, le fait qu&rsquo;elle n&rsquo;ait pas r\u00e9ussi \u00e0 s&#8217;emparer de <a href=\"https:\/\/dicodusport.fr\/blog\/ufc-315-pas-dexploit-pour-manon-fiorot-retour-gagnant-de-benoit-saint-denis-tous-les-resultats-de-la-soiree\/\">la ceinture des poids mouches<\/a> en mai a compliqu\u00e9 les choses.<\/p>\n<h2 style=\"text-align: justify;\">Imavov en route vers la ceinture<\/h2>\n<p style=\"text-align: justify;\">Sur le papier, <strong>Nassourdine Imavov<\/strong> faisait une superbe t\u00eate d&rsquo;affiche. Challenger n\u00b01 chez les poids moyens, il lui manquait sans doute un dernier combat avant de b\u00e9n\u00e9ficier d&rsquo;une chance de ceinture. Mais le probl\u00e8me, c&rsquo;est qu&rsquo;il \u00e9tait d\u00e9sign\u00e9 comme rempla\u00e7ant pour le combat entre <strong>Dricus Du Plessis<\/strong>, champion en titre de la cat\u00e9gorie, et <strong>Khamzat Chimaev,<\/strong> pr\u00e9vu lors de l&rsquo;UFC 319 en ao\u00fbt.<\/p>\n<p style=\"text-align: justify;\">Mais la semaine derni\u00e8re, le combattant fran\u00e7ais faisait savoir qu&rsquo;il \u00e9tait lib\u00e9r\u00e9 de cette obligation, et affichait son envie de r\u00e9pondre au d\u00e9fi pos\u00e9 par <strong>Caio Borrelho<\/strong>, n\u00b06 de la cat\u00e9gorie. Ce sera chose faite, puisqu&rsquo;il a \u00e9t\u00e9 s\u00e9lectionn\u00e9 pour le main event de l&rsquo;UFC Paris. Si l&rsquo;on ignore encore le reste de la carte, le premier combat annonc\u00e9 promet \u00e9norm\u00e9ment et devrait augurer d&rsquo;une nouvelle belle soir\u00e9e de MMA \u00e0 l&rsquo;Accor Arena.<\/p>\n<blockquote class=\"twitter-tweet\">\n<p dir=\"ltr\" lang=\"fr\">\ud83c\uddeb\ud83c\uddf7 Nassourdine Imavov a r\u00e9pondu \u00e0 l&rsquo;appel de Caio Borralho et \u00e7a sera en Main Event de l&rsquo;<a href=\"https:\/\/twitter.com\/hashtag\/UFCParis?src=hash&amp;ref_src=twsrc%5Etfw\">#UFCParis<\/a> !<\/p>\n<p>\ud83d\udd17 Inscris-toi \u00e0 la pr\u00e9vente EXCLUSIVE sur <a href=\"https:\/\/t.co\/vN2fbXicdi\">https:\/\/t.co\/vN2fbXicdi<\/a> <a href=\"https:\/\/t.co\/9UIZqDh9EO\">pic.twitter.com\/9UIZqDh9EO<\/a><\/p>\n<p>\u2014 UFC France (@UFCFRA) <a href=\"https:\/\/twitter.com\/UFCFRA\/status\/1937042943677968718?ref_src=twsrc%5Etfw\">June 23, 2025<\/a><\/p><\/blockquote>\n<p style=\"text-align: justify;\"><script async src=\"https:\/\/platform.twitter.com\/widgets.js\" charset=\"utf-8\"><\/script><\/p>\n","protected":false},"excerpt":{"rendered":"<p>UFC PARIS 2025 &#8211; Pour la quatri\u00e8me \u00e9dition du rendez-vous parisien, c&rsquo;est Nassourdine Imavov qui sera la t\u00eate d&rsquo;affiche, avec un combat face \u00e0 Caio Borralho en main event.\u00a0<\/p>\n","protected":false},"author":59,"featured_media":589556,"comment_status":"open","ping_status":"closed","sticky":false,"template":"","format":"standard","meta":{"_acf_changed":false,"_daextam_enable_autolinks":"1","footnotes":""},"categories":[10666],"tags":[16878,32065,47126],"class_list":["post-589553","post","type-post","status-publish","format-standard","has-post-thumbnail","hentry","category-mma","tag-breve","tag-nassourdine-imavov","tag-ufc-paris-4"],"acf":[],"yoast_head":"<!-- This site is optimized with the Yoast SEO Premium plugin v26.7 (Yoast SEO v26.7) - https:\/\/yoast.com\/wordpress\/plugins\/seo\/ -->\n<title>MMA : Nassourdine Imavov sera du main event de l&#039;UFC Paris<\/title>\n<meta name=\"description\" content=\"UFC PARIS 2025 - Pour la quatri\u00e8me \u00e9dition du rendez-vous parisien, c&#039;est Nassourdine Imavov qui sera la t\u00eate d&#039;affiche, avec un combat face \u00e0 Caio Borralho en main event.\u00a0\" \/>\n<meta name=\"robots\" content=\"index, follow, max-snippet:-1, max-image-preview:large, max-video-preview:-1\" \/>\n<link rel=\"canonical\" href=\"https:\/\/dicodusport.fr\/blog\/mma-nassourdine-imavov-sera-du-main-event-de-lufc-paris\/\" \/>\n<meta property=\"og:locale\" content=\"fr_FR\" \/>\n<meta property=\"og:type\" content=\"article\" \/>\n<meta property=\"og:title\" content=\"MMA : Nassourdine Imavov sera du main event de l&#039;UFC Paris\" \/>\n<meta property=\"og:description\" content=\"UFC PARIS 2025 - Pour la quatri\u00e8me \u00e9dition du rendez-vous parisien, c&#039;est Nassourdine Imavov qui sera la t\u00eate d&#039;affiche, avec un combat face \u00e0 Caio Borralho en main event.\u00a0\" \/>\n<meta property=\"og:url\" content=\"https:\/\/dicodusport.fr\/blog\/mma-nassourdine-imavov-sera-du-main-event-de-lufc-paris\/\" \/>\n<meta property=\"og:site_name\" content=\"Dicodusport\" \/>\n<meta property=\"article:publisher\" content=\"https:\/\/www.facebook.com\/dicodusport\" \/>\n<meta property=\"article:author\" content=\"https:\/\/www.facebook.com\/sebastien.gente\/\" \/>\n<meta property=\"article:published_time\" content=\"2025-06-23T07:55:34+00:00\" \/>\n<meta property=\"article:modified_time\" content=\"2025-06-23T07:57:53+00:00\" \/>\n<meta property=\"og:image\" content=\"https:\/\/dicodusport.fr\/blog\/wp-content\/uploads\/2025\/06\/MMA-Nassourdine-Imavov-sera-du-main-event-de-lUFC-Paris.png\" \/>\n\t<meta property=\"og:image:width\" content=\"1200\" \/>\n\t<meta property=\"og:image:height\" content=\"674\" \/>\n\t<meta property=\"og:image:type\" content=\"image\/png\" \/>\n<meta name=\"author\" content=\"S\u00e9bastien Gente\" \/>\n<meta name=\"twitter:card\" content=\"summary_large_image\" \/>\n<meta name=\"twitter:title\" content=\"MMA : Nassourdine Imavov sera du main event de l&#039;UFC Paris\" \/>\n<meta name=\"twitter:creator\" content=\"@https:\/\/twitter.com\/globulo24\" \/>\n<meta name=\"twitter:site\" content=\"@dicodusport\" \/>\n<script type=\"application\/ld+json\" class=\"yoast-schema-graph\">{\"@context\":\"https:\/\/schema.org\",\"@graph\":[{\"@type\":\"NewsArticle\",\"@id\":\"https:\/\/dicodusport.fr\/blog\/mma-nassourdine-imavov-sera-du-main-event-de-lufc-paris\/#article\",\"isPartOf\":{\"@id\":\"https:\/\/dicodusport.fr\/blog\/mma-nassourdine-imavov-sera-du-main-event-de-lufc-paris\/\"},\"author\":{\"name\":\"S\u00e9bastien Gente\",\"@id\":\"https:\/\/dicodusport.fr\/blog\/#\/schema\/person\/627966a6cde45dbd8c5e36ac85d783da\"},\"headline\":\"MMA : Nassourdine Imavov sera du main event de l&rsquo;UFC Paris\",\"datePublished\":\"2025-06-23T07:55:34+00:00\",\"dateModified\":\"2025-06-23T07:57:53+00:00\",\"mainEntityOfPage\":{\"@id\":\"https:\/\/dicodusport.fr\/blog\/mma-nassourdine-imavov-sera-du-main-event-de-lufc-paris\/\"},\"wordCount\":332,\"commentCount\":0,\"publisher\":{\"@id\":\"https:\/\/dicodusport.fr\/blog\/#organization\"},\"image\":{\"@id\":\"https:\/\/dicodusport.fr\/blog\/mma-nassourdine-imavov-sera-du-main-event-de-lufc-paris\/#primaryimage\"},\"thumbnailUrl\":\"https:\/\/dicodusport.fr\/blog\/wp-content\/uploads\/2025\/06\/MMA-Nassourdine-Imavov-sera-du-main-event-de-lUFC-Paris.png\",\"keywords\":[\"br\u00e8ve\",\"Nassourdine Imavov\",\"UFC Paris 4\"],\"articleSection\":[\"MMA\"],\"inLanguage\":\"fr-FR\",\"potentialAction\":[{\"@type\":\"CommentAction\",\"name\":\"Comment\",\"target\":[\"https:\/\/dicodusport.fr\/blog\/mma-nassourdine-imavov-sera-du-main-event-de-lufc-paris\/#respond\"]}],\"copyrightYear\":\"2025\",\"copyrightHolder\":{\"@id\":\"https:\/\/dicodusport.fr\/blog\/#organization\"}},{\"@type\":\"WebPage\",\"@id\":\"https:\/\/dicodusport.fr\/blog\/mma-nassourdine-imavov-sera-du-main-event-de-lufc-paris\/\",\"url\":\"https:\/\/dicodusport.fr\/blog\/mma-nassourdine-imavov-sera-du-main-event-de-lufc-paris\/\",\"name\":\"MMA : Nassourdine Imavov sera du main event de l'UFC Paris\",\"isPartOf\":{\"@id\":\"https:\/\/dicodusport.fr\/blog\/#website\"},\"primaryImageOfPage\":{\"@id\":\"https:\/\/dicodusport.fr\/blog\/mma-nassourdine-imavov-sera-du-main-event-de-lufc-paris\/#primaryimage\"},\"image\":{\"@id\":\"https:\/\/dicodusport.fr\/blog\/mma-nassourdine-imavov-sera-du-main-event-de-lufc-paris\/#primaryimage\"},\"thumbnailUrl\":\"https:\/\/dicodusport.fr\/blog\/wp-content\/uploads\/2025\/06\/MMA-Nassourdine-Imavov-sera-du-main-event-de-lUFC-Paris.png\",\"datePublished\":\"2025-06-23T07:55:34+00:00\",\"dateModified\":\"2025-06-23T07:57:53+00:00\",\"description\":\"UFC PARIS 2025 - Pour la quatri\u00e8me \u00e9dition du rendez-vous parisien, c'est Nassourdine Imavov qui sera la t\u00eate d'affiche, avec un combat face \u00e0 Caio Borralho en main event.\u00a0\",\"breadcrumb\":{\"@id\":\"https:\/\/dicodusport.fr\/blog\/mma-nassourdine-imavov-sera-du-main-event-de-lufc-paris\/#breadcrumb\"},\"inLanguage\":\"fr-FR\",\"potentialAction\":[{\"@type\":\"ReadAction\",\"target\":[\"https:\/\/dicodusport.fr\/blog\/mma-nassourdine-imavov-sera-du-main-event-de-lufc-paris\/\"]}]},{\"@type\":\"ImageObject\",\"inLanguage\":\"fr-FR\",\"@id\":\"https:\/\/dicodusport.fr\/blog\/mma-nassourdine-imavov-sera-du-main-event-de-lufc-paris\/#primaryimage\",\"url\":\"https:\/\/dicodusport.fr\/blog\/wp-content\/uploads\/2025\/06\/MMA-Nassourdine-Imavov-sera-du-main-event-de-lUFC-Paris.png\",\"contentUrl\":\"https:\/\/dicodusport.fr\/blog\/wp-content\/uploads\/2025\/06\/MMA-Nassourdine-Imavov-sera-du-main-event-de-lUFC-Paris.png\",\"width\":1200,\"height\":674,\"caption\":\"MMA Nassourdine Imavov sera du main event de l'UFC Paris\"},{\"@type\":\"BreadcrumbList\",\"@id\":\"https:\/\/dicodusport.fr\/blog\/mma-nassourdine-imavov-sera-du-main-event-de-lufc-paris\/#breadcrumb\",\"itemListElement\":[{\"@type\":\"ListItem\",\"position\":1,\"name\":\"Accueil\",\"item\":\"https:\/\/dicodusport.fr\/blog\/\"},{\"@type\":\"ListItem\",\"position\":2,\"name\":\"MMA : Nassourdine Imavov sera du main event de l&rsquo;UFC Paris\"}]},{\"@type\":\"WebSite\",\"@id\":\"https:\/\/dicodusport.fr\/blog\/#website\",\"url\":\"https:\/\/dicodusport.fr\/blog\/\",\"name\":\"Dicodusport\",\"description\":\"L&#039;encyclop\u00e9die de l&#039;actualit\u00e9 sportive\",\"publisher\":{\"@id\":\"https:\/\/dicodusport.fr\/blog\/#organization\"},\"potentialAction\":[{\"@type\":\"SearchAction\",\"target\":{\"@type\":\"EntryPoint\",\"urlTemplate\":\"https:\/\/dicodusport.fr\/blog\/?s={search_term_string}\"},\"query-input\":{\"@type\":\"PropertyValueSpecification\",\"valueRequired\":true,\"valueName\":\"search_term_string\"}}],\"inLanguage\":\"fr-FR\"},{\"@type\":\"NewsMediaOrganization\",\"@id\":\"https:\/\/dicodusport.fr\/blog\/#organization\",\"name\":\"Dicodusport\",\"url\":\"https:\/\/dicodusport.fr\/blog\/\",\"logo\":{\"@type\":\"ImageObject\",\"inLanguage\":\"fr-FR\",\"@id\":\"https:\/\/dicodusport.fr\/blog\/#\/schema\/logo\/image\/\",\"url\":\"https:\/\/dicodusport.fr\/blog\/wp-content\/uploads\/2020\/06\/cropped-LOGO-DICODUSPORT-2020-SANS-FOND-SANS-TEXTE.png\",\"contentUrl\":\"https:\/\/dicodusport.fr\/blog\/wp-content\/uploads\/2020\/06\/cropped-LOGO-DICODUSPORT-2020-SANS-FOND-SANS-TEXTE.png\",\"width\":512,\"height\":512,\"caption\":\"Dicodusport\"},\"image\":{\"@id\":\"https:\/\/dicodusport.fr\/blog\/#\/schema\/logo\/image\/\"},\"sameAs\":[\"https:\/\/www.facebook.com\/dicodusport\",\"https:\/\/x.com\/dicodusport\",\"https:\/\/www.instagram.com\/dicodusport\/\",\"https:\/\/www.youtube.com\/channel\/UC7V2KZ5sd3htJivAbA4ZG3w\"],\"description\":\"Dicodusport est l'encyclop\u00e9die de l'actualit\u00e9 sportive.\",\"email\":\"bonjour@dicodusport.fr\",\"legalName\":\"DICODUSPORT\",\"foundingDate\":\"2018-01-14\",\"vatID\":\"FR71834470973\",\"taxID\":\"83447097300043\",\"numberOfEmployees\":{\"@type\":\"QuantitativeValue\",\"minValue\":\"1\",\"maxValue\":\"10\"}},{\"@type\":\"Person\",\"@id\":\"https:\/\/dicodusport.fr\/blog\/#\/schema\/person\/627966a6cde45dbd8c5e36ac85d783da\",\"name\":\"S\u00e9bastien Gente\",\"image\":{\"@type\":\"ImageObject\",\"inLanguage\":\"fr-FR\",\"@id\":\"https:\/\/dicodusport.fr\/blog\/#\/schema\/person\/image\/\",\"url\":\"https:\/\/dicodusport.fr\/blog\/wp-content\/uploads\/2021\/09\/1510990_10205810251400683_4124423575079401707_n-150x150.jpg\",\"contentUrl\":\"https:\/\/dicodusport.fr\/blog\/wp-content\/uploads\/2021\/09\/1510990_10205810251400683_4124423575079401707_n-150x150.jpg\",\"caption\":\"S\u00e9bastien Gente\"},\"description\":\"John Stockton, Gianni Bugno, Zinedine Zidane, Steffi Graf, Frode Andresen, St\u00e9phane Stoecklin, Davis Kamoga, Primoz Peterka, Werner Schlager et Aur\u00e9lien Rougerie. Point commun entre ces sportifs? Ils m'ont fait r\u00eaver et ont berc\u00e9 mon adolescence. Je suis un fondu de sports et j'essaie de retranscrire ma passion \u00e0 travers mes articles. Originaire du P\u00e9rigord, ma passion pour les Girondins, les Jaunards et les Jazzmen transpire dans mes \u00e9crits. \u00c0 Dicodusport depuis 2021, je d\u00e9niche les sports m\u00e9connus dans lesquels la France brille, et il y en a !\",\"sameAs\":[\"https:\/\/www.facebook.com\/sebastien.gente\/\",\"https:\/\/www.instagram.com\/sebgente\/\",\"https:\/\/www.linkedin.com\/in\/sbastien-gente-a29583169\/\",\"https:\/\/x.com\/https:\/\/twitter.com\/globulo24\",\"SebastienGente\"],\"worksFor\":\"S\u00e9bastien GENTE\",\"url\":\"https:\/\/dicodusport.fr\/blog\/author\/sebastiengente\/\"}]}<\/script>\n<!-- \/ Yoast SEO Premium plugin. -->","yoast_head_json":{"title":"MMA : Nassourdine Imavov sera du main event de l'UFC Paris","description":"UFC PARIS 2025 - Pour la quatri\u00e8me \u00e9dition du rendez-vous parisien, c'est Nassourdine Imavov qui sera la t\u00eate d'affiche, avec un combat face \u00e0 Caio Borralho en main event.\u00a0","robots":{"index":"index","follow":"follow","max-snippet":"max-snippet:-1","max-image-preview":"max-image-preview:large","max-video-preview":"max-video-preview:-1"},"canonical":"https:\/\/dicodusport.fr\/blog\/mma-nassourdine-imavov-sera-du-main-event-de-lufc-paris\/","og_locale":"fr_FR","og_type":"article","og_title":"MMA : Nassourdine Imavov sera du main event de l'UFC Paris","og_description":"UFC PARIS 2025 - Pour la quatri\u00e8me \u00e9dition du rendez-vous parisien, c'est Nassourdine Imavov qui sera la t\u00eate d'affiche, avec un combat face \u00e0 Caio Borralho en main event.\u00a0","og_url":"https:\/\/dicodusport.fr\/blog\/mma-nassourdine-imavov-sera-du-main-event-de-lufc-paris\/","og_site_name":"Dicodusport","article_publisher":"https:\/\/www.facebook.com\/dicodusport","article_author":"https:\/\/www.facebook.com\/sebastien.gente\/","article_published_time":"2025-06-23T07:55:34+00:00","article_modified_time":"2025-06-23T07:57:53+00:00","og_image":[{"width":1200,"height":674,"url":"https:\/\/dicodusport.fr\/blog\/wp-content\/uploads\/2025\/06\/MMA-Nassourdine-Imavov-sera-du-main-event-de-lUFC-Paris.png","type":"image\/png"}],"author":"S\u00e9bastien Gente","twitter_card":"summary_large_image","twitter_title":"MMA : Nassourdine Imavov sera du main event de l'UFC Paris","twitter_creator":"@https:\/\/twitter.com\/globulo24","twitter_site":"@dicodusport","schema":{"@context":"https:\/\/schema.org","@graph":[{"@type":"NewsArticle","@id":"https:\/\/dicodusport.fr\/blog\/mma-nassourdine-imavov-sera-du-main-event-de-lufc-paris\/#article","isPartOf":{"@id":"https:\/\/dicodusport.fr\/blog\/mma-nassourdine-imavov-sera-du-main-event-de-lufc-paris\/"},"author":{"name":"S\u00e9bastien Gente","@id":"https:\/\/dicodusport.fr\/blog\/#\/schema\/person\/627966a6cde45dbd8c5e36ac85d783da"},"headline":"MMA : Nassourdine Imavov sera du main event de l&rsquo;UFC Paris","datePublished":"2025-06-23T07:55:34+00:00","dateModified":"2025-06-23T07:57:53+00:00","mainEntityOfPage":{"@id":"https:\/\/dicodusport.fr\/blog\/mma-nassourdine-imavov-sera-du-main-event-de-lufc-paris\/"},"wordCount":332,"commentCount":0,"publisher":{"@id":"https:\/\/dicodusport.fr\/blog\/#organization"},"image":{"@id":"https:\/\/dicodusport.fr\/blog\/mma-nassourdine-imavov-sera-du-main-event-de-lufc-paris\/#primaryimage"},"thumbnailUrl":"https:\/\/dicodusport.fr\/blog\/wp-content\/uploads\/2025\/06\/MMA-Nassourdine-Imavov-sera-du-main-event-de-lUFC-Paris.png","keywords":["br\u00e8ve","Nassourdine Imavov","UFC Paris 4"],"articleSection":["MMA"],"inLanguage":"fr-FR","potentialAction":[{"@type":"CommentAction","name":"Comment","target":["https:\/\/dicodusport.fr\/blog\/mma-nassourdine-imavov-sera-du-main-event-de-lufc-paris\/#respond"]}],"copyrightYear":"2025","copyrightHolder":{"@id":"https:\/\/dicodusport.fr\/blog\/#organization"}},{"@type":"WebPage","@id":"https:\/\/dicodusport.fr\/blog\/mma-nassourdine-imavov-sera-du-main-event-de-lufc-paris\/","url":"https:\/\/dicodusport.fr\/blog\/mma-nassourdine-imavov-sera-du-main-event-de-lufc-paris\/","name":"MMA : Nassourdine Imavov sera du main event de l'UFC Paris","isPartOf":{"@id":"https:\/\/dicodusport.fr\/blog\/#website"},"primaryImageOfPage":{"@id":"https:\/\/dicodusport.fr\/blog\/mma-nassourdine-imavov-sera-du-main-event-de-lufc-paris\/#primaryimage"},"image":{"@id":"https:\/\/dicodusport.fr\/blog\/mma-nassourdine-imavov-sera-du-main-event-de-lufc-paris\/#primaryimage"},"thumbnailUrl":"https:\/\/dicodusport.fr\/blog\/wp-content\/uploads\/2025\/06\/MMA-Nassourdine-Imavov-sera-du-main-event-de-lUFC-Paris.png","datePublished":"2025-06-23T07:55:34+00:00","dateModified":"2025-06-23T07:57:53+00:00","description":"UFC PARIS 2025 - Pour la quatri\u00e8me \u00e9dition du rendez-vous parisien, c'est Nassourdine Imavov qui sera la t\u00eate d'affiche, avec un combat face \u00e0 Caio Borralho en main event.\u00a0","breadcrumb":{"@id":"https:\/\/dicodusport.fr\/blog\/mma-nassourdine-imavov-sera-du-main-event-de-lufc-paris\/#breadcrumb"},"inLanguage":"fr-FR","potentialAction":[{"@type":"ReadAction","target":["https:\/\/dicodusport.fr\/blog\/mma-nassourdine-imavov-sera-du-main-event-de-lufc-paris\/"]}]},{"@type":"ImageObject","inLanguage":"fr-FR","@id":"https:\/\/dicodusport.fr\/blog\/mma-nassourdine-imavov-sera-du-main-event-de-lufc-paris\/#primaryimage","url":"https:\/\/dicodusport.fr\/blog\/wp-content\/uploads\/2025\/06\/MMA-Nassourdine-Imavov-sera-du-main-event-de-lUFC-Paris.png","contentUrl":"https:\/\/dicodusport.fr\/blog\/wp-content\/uploads\/2025\/06\/MMA-Nassourdine-Imavov-sera-du-main-event-de-lUFC-Paris.png","width":1200,"height":674,"caption":"MMA Nassourdine Imavov sera du main event de l'UFC Paris"},{"@type":"BreadcrumbList","@id":"https:\/\/dicodusport.fr\/blog\/mma-nassourdine-imavov-sera-du-main-event-de-lufc-paris\/#breadcrumb","itemListElement":[{"@type":"ListItem","position":1,"name":"Accueil","item":"https:\/\/dicodusport.fr\/blog\/"},{"@type":"ListItem","position":2,"name":"MMA : Nassourdine Imavov sera du main event de l&rsquo;UFC Paris"}]},{"@type":"WebSite","@id":"https:\/\/dicodusport.fr\/blog\/#website","url":"https:\/\/dicodusport.fr\/blog\/","name":"Dicodusport","description":"L&#039;encyclop\u00e9die de l&#039;actualit\u00e9 sportive","publisher":{"@id":"https:\/\/dicodusport.fr\/blog\/#organization"},"potentialAction":[{"@type":"SearchAction","target":{"@type":"EntryPoint","urlTemplate":"https:\/\/dicodusport.fr\/blog\/?s={search_term_string}"},"query-input":{"@type":"PropertyValueSpecification","valueRequired":true,"valueName":"search_term_string"}}],"inLanguage":"fr-FR"},{"@type":"NewsMediaOrganization","@id":"https:\/\/dicodusport.fr\/blog\/#organization","name":"Dicodusport","url":"https:\/\/dicodusport.fr\/blog\/","logo":{"@type":"ImageObject","inLanguage":"fr-FR","@id":"https:\/\/dicodusport.fr\/blog\/#\/schema\/logo\/image\/","url":"https:\/\/dicodusport.fr\/blog\/wp-content\/uploads\/2020\/06\/cropped-LOGO-DICODUSPORT-2020-SANS-FOND-SANS-TEXTE.png","contentUrl":"https:\/\/dicodusport.fr\/blog\/wp-content\/uploads\/2020\/06\/cropped-LOGO-DICODUSPORT-2020-SANS-FOND-SANS-TEXTE.png","width":512,"height":512,"caption":"Dicodusport"},"image":{"@id":"https:\/\/dicodusport.fr\/blog\/#\/schema\/logo\/image\/"},"sameAs":["https:\/\/www.facebook.com\/dicodusport","https:\/\/x.com\/dicodusport","https:\/\/www.instagram.com\/dicodusport\/","https:\/\/www.youtube.com\/channel\/UC7V2KZ5sd3htJivAbA4ZG3w"],"description":"Dicodusport est l'encyclop\u00e9die de l'actualit\u00e9 sportive.","email":"bonjour@dicodusport.fr","legalName":"DICODUSPORT","foundingDate":"2018-01-14","vatID":"FR71834470973","taxID":"83447097300043","numberOfEmployees":{"@type":"QuantitativeValue","minValue":"1","maxValue":"10"}},{"@type":"Person","@id":"https:\/\/dicodusport.fr\/blog\/#\/schema\/person\/627966a6cde45dbd8c5e36ac85d783da","name":"S\u00e9bastien Gente","image":{"@type":"ImageObject","inLanguage":"fr-FR","@id":"https:\/\/dicodusport.fr\/blog\/#\/schema\/person\/image\/","url":"https:\/\/dicodusport.fr\/blog\/wp-content\/uploads\/2021\/09\/1510990_10205810251400683_4124423575079401707_n-150x150.jpg","contentUrl":"https:\/\/dicodusport.fr\/blog\/wp-content\/uploads\/2021\/09\/1510990_10205810251400683_4124423575079401707_n-150x150.jpg","caption":"S\u00e9bastien Gente"},"description":"John Stockton, Gianni Bugno, Zinedine Zidane, Steffi Graf, Frode Andresen, St\u00e9phane Stoecklin, Davis Kamoga, Primoz Peterka, Werner Schlager et Aur\u00e9lien Rougerie. Point commun entre ces sportifs? Ils m'ont fait r\u00eaver et ont berc\u00e9 mon adolescence. Je suis un fondu de sports et j'essaie de retranscrire ma passion \u00e0 travers mes articles. Originaire du P\u00e9rigord, ma passion pour les Girondins, les Jaunards et les Jazzmen transpire dans mes \u00e9crits. \u00c0 Dicodusport depuis 2021, je d\u00e9niche les sports m\u00e9connus dans lesquels la France brille, et il y en a !","sameAs":["https:\/\/www.facebook.com\/sebastien.gente\/","https:\/\/www.instagram.com\/sebgente\/","https:\/\/www.linkedin.com\/in\/sbastien-gente-a29583169\/","https:\/\/x.com\/https:\/\/twitter.com\/globulo24","SebastienGente"],"worksFor":"S\u00e9bastien GENTE","url":"https:\/\/dicodusport.fr\/blog\/author\/sebastiengente\/"}]}},"_links":{"self":[{"href":"https:\/\/dicodusport.fr\/blog\/wp-json\/wp\/v2\/posts\/589553","targetHints":{"allow":["GET"]}}],"collection":[{"href":"https:\/\/dicodusport.fr\/blog\/wp-json\/wp\/v2\/posts"}],"about":[{"href":"https:\/\/dicodusport.fr\/blog\/wp-json\/wp\/v2\/types\/post"}],"author":[{"embeddable":true,"href":"https:\/\/dicodusport.fr\/blog\/wp-json\/wp\/v2\/users\/59"}],"replies":[{"embeddable":true,"href":"https:\/\/dicodusport.fr\/blog\/wp-json\/wp\/v2\/comments?post=589553"}],"version-history":[{"count":2,"href":"https:\/\/dicodusport.fr\/blog\/wp-json\/wp\/v2\/posts\/589553\/revisions"}],"predecessor-version":[{"id":589559,"href":"https:\/\/dicodusport.fr\/blog\/wp-json\/wp\/v2\/posts\/589553\/revisions\/589559"}],"wp:featuredmedia":[{"embeddable":true,"href":"https:\/\/dicodusport.fr\/blog\/wp-json\/wp\/v2\/media\/589556"}],"wp:attachment":[{"href":"https:\/\/dicodusport.fr\/blog\/wp-json\/wp\/v2\/media?parent=589553"}],"wp:term":[{"taxonomy":"category","embeddable":true,"href":"https:\/\/dicodusport.fr\/blog\/wp-json\/wp\/v2\/categories?post=589553"},{"taxonomy":"post_tag","embeddable":true,"href":"https:\/\/dicodusport.fr\/blog\/wp-json\/wp\/v2\/tags?post=589553"}],"curies":[{"name":"wp","href":"https:\/\/api.w.org\/{rel}","templated":true}]}}