{"id":589780,"date":"2025-06-24T13:04:03","date_gmt":"2025-06-24T11:04:03","guid":{"rendered":"https:\/\/dicodusport.fr\/blog\/?p=589780&#038;preview=true&#038;preview_id=589780"},"modified":"2025-06-24T13:25:35","modified_gmt":"2025-06-24T11:25:35","slug":"transferts-om-romain-perraud-3eme-recrue-de-marseille","status":"publish","type":"post","link":"https:\/\/dicodusport.fr\/blog\/transferts-om-romain-perraud-3eme-recrue-de-marseille\/","title":{"rendered":"Transferts OM : Romain Perraud, 3\u00e8me recrue de Marseille ?"},"content":{"rendered":"<p style=\"text-align: justify;\"><strong><em>TRANSFERTS &#8211; Selon <a href=\"https:\/\/x.com\/Be_OM13\/status\/1937195364580577612\" target=\"_blank\" rel=\"noopener\">La Voz Verdiblanca<\/a>, l&rsquo;Olympique de Marseille serait en passe de recruter le lat\u00e9ral fran\u00e7ais Romain Perraud.\u00a0<\/em><\/strong><\/p>\n<ul style=\"text-align: justify;\">\n<li style=\"text-align: justify;\"><strong>\u00c0 ce sujet &#8211; <a href=\"https:\/\/dicodusport.fr\/blog\/transferts-om-luiz-felipe-quitte-deja-marseille-samuel-gigot-de-retour\/\">Transferts OM : Luiz Felipe quitte d\u00e9j\u00e0 Marseille, Samuel Gigot de retour<\/a><\/strong><\/li>\n<\/ul>\n<p style=\"text-align: justify;\">L&rsquo;<strong>Olympique de Marseille<\/strong> a pour le moment boucl\u00e9 deux recrues pour la saison prochaine. <strong>CJ Egan-Riley<\/strong> vient renforcer la d\u00e9fense olympienne alors que <strong>Angel<\/strong> <strong>Gomes<\/strong> arrive pour densifier le milieu de terrain. Si des nombreuses pistes ont \u00e9t\u00e9 activ\u00e9es par le duo <strong>Benatia<\/strong>&#8211;<strong>Longoria<\/strong>, aucune autre n&rsquo;a pour le moment \u00e9t\u00e9 finalis\u00e9e.<\/p>\n<h2 style=\"text-align: justify;\">Romain Perraud, troisi\u00e8me recrue de l&rsquo;OM ?<\/h2>\n<p style=\"text-align: justify;\">En qu\u00eate d&rsquo;un lat\u00e9ral gauche pour remplacer ou doubler <strong>Quentin<\/strong> <strong>Merlin<\/strong>, l&rsquo;OM a activ\u00e9 plusieurs pistes. <strong>Facundo<\/strong> <strong>Medina<\/strong>, qui a plus souvent jou\u00e9 en d\u00e9fense centrale avec <strong>Lens<\/strong>, serait une solution pour le couloir gauche dans la t\u00eate de <strong>Roberto De Zerbi<\/strong>. Mais les Phoc\u00e9ens seraient en passe de conclure un autre dossier, selon la presse s\u00e9villane.<\/p>\n<ul style=\"text-align: justify;\">\n<li style=\"text-align: justify;\"><strong>\u00c0 ce sujet &#8211; <a href=\"https:\/\/dicodusport.fr\/blog\/transferts-om-marseille-veut-recruter-jordan-henderson\/\" target=\"_blank\" rel=\"noopener\">Transferts OM : Marseille veut recruter Jordan Henderson<\/a><\/strong><\/li>\n<\/ul>\n<p style=\"text-align: justify;\"><strong>Romain<\/strong> <strong>Perraud<\/strong>, arriv\u00e9 il y a un an au <strong>Betis<\/strong>, serait sur le point de rejoindre l&rsquo;<strong>Olympique de Marseille<\/strong>. L&rsquo;ancien joueur de Southampton aurait dit oui au club fran\u00e7ais alors qu&rsquo;il sort d&rsquo;une saison pleine en <strong>Liga<\/strong>. Son transfert serait inf\u00e9rieur \u00e0 5 millions d&rsquo;euros si les diff\u00e9rentes parties m\u00e8nent \u00e0 terme ce dossier.<\/p>\n<h3 style=\"text-align: justify;\"><span style=\"text-align: justify;\">\u00c0 ce sujet<\/span><\/h3>\n<div class=\"vlp-link-container vlp-layout-article\"><a href=\"https:\/\/dicodusport.fr\/blog\/mercato-om-2025-2026-le-tableau-complet-des-transferts-arrivees-et-departs\/\" class=\"vlp-link\" title=\"Mercato OM 2025-2026 : Le tableau complet des transferts, arriv\u00e9es et d\u00e9parts\"><\/a><div class=\"vlp-layout-zone-side\"><div class=\"vlp-block-4 vlp-link-image\"><img loading=\"lazy\" decoding=\"async\" style=\"max-width: 792px;\" width=\"792\" height=\"445\" src=\"https:\/\/dicodusport.fr\/blog\/wp-content\/uploads\/2025\/05\/Mercato-OM-2025-2026-Le-tableau-complet-des-transferts-arrivees-et-departs.png\" class=\"attachment-800x445 size-800x445\" alt=\"Mercato OM 2025-2026 Le tableau complet des transferts, arriv\u00e9es et d\u00e9parts\" srcset=\"https:\/\/dicodusport.fr\/blog\/wp-content\/uploads\/2025\/05\/Mercato-OM-2025-2026-Le-tableau-complet-des-transferts-arrivees-et-departs.png 1200w, https:\/\/dicodusport.fr\/blog\/wp-content\/uploads\/2025\/05\/Mercato-OM-2025-2026-Le-tableau-complet-des-transferts-arrivees-et-departs-300x169.png 300w, https:\/\/dicodusport.fr\/blog\/wp-content\/uploads\/2025\/05\/Mercato-OM-2025-2026-Le-tableau-complet-des-transferts-arrivees-et-departs-1024x575.png 1024w, https:\/\/dicodusport.fr\/blog\/wp-content\/uploads\/2025\/05\/Mercato-OM-2025-2026-Le-tableau-complet-des-transferts-arrivees-et-departs-768x431.png 768w\" sizes=\"auto, (max-width: 792px) 100vw, 792px\" \/><\/div><\/div><div class=\"vlp-layout-zone-main\"><div class=\"vlp-block-0 vlp-link-title\">Mercato OM 2025-2026 : Le tableau complet des transferts, arriv\u00e9es et d\u00e9parts<\/div><div class=\"vlp-block-1 vlp-link-summary\">TRANSFERTS OM - Retrouvez tous les mouvements de l'Olympique de Marseille pour l'intersaison 2025 en Ligue 1. Arriv\u00e9es, d\u00e9part, pr\u00eats, transferts d\u00e9finitifs, ne ratez rien du mercato estival.\u00a0<\/div><div class=\"vlp-block-2 vlp-link-button\">Lire l'article<\/div><div class=\"vlp-block-3 vlp-link-url\">dicodusport.fr<\/div><\/div><\/div>\n","protected":false},"excerpt":{"rendered":"<p>TRANSFERTS &#8211; Selon La Voz Verdiblanca, l&rsquo;Olympique de Marseille serait en passe de recruter le lat\u00e9ral fran\u00e7ais Romain Perraud.\u00a0<\/p>\n","protected":false},"author":1,"featured_media":589797,"comment_status":"open","ping_status":"closed","sticky":false,"template":"","format":"standard","meta":{"_acf_changed":false,"_daextam_enable_autolinks":"1","footnotes":""},"categories":[2301,47045],"tags":[16878,75,41344,1889],"class_list":["post-589780","post","type-post","status-publish","format-standard","has-post-thumbnail","hentry","category-football","category-ligue-1","tag-breve","tag-football","tag-mercatom","tag-om"],"acf":[],"yoast_head":"<!-- This site is optimized with the Yoast SEO Premium plugin v26.7 (Yoast SEO v26.7) - https:\/\/yoast.com\/wordpress\/plugins\/seo\/ -->\n<title>Transferts OM : Romain Perraud, 3\u00e8me recrue de Marseille ?<\/title>\n<meta name=\"description\" content=\"TRANSFERTS - Selon La Voz Verdiblanca, l&#039;Olympique de Marseille serait en passe de recruter le lat\u00e9ral fran\u00e7ais Romain Perraud.\u00a0\" \/>\n<meta name=\"robots\" content=\"index, follow, max-snippet:-1, max-image-preview:large, max-video-preview:-1\" \/>\n<link rel=\"canonical\" href=\"https:\/\/dicodusport.fr\/blog\/transferts-om-romain-perraud-3eme-recrue-de-marseille\/\" \/>\n<meta property=\"og:locale\" content=\"fr_FR\" \/>\n<meta property=\"og:type\" content=\"article\" \/>\n<meta property=\"og:title\" content=\"Transferts OM : Romain Perraud, 3\u00e8me recrue de Marseille ?\" \/>\n<meta property=\"og:description\" content=\"TRANSFERTS - Selon La Voz Verdiblanca, l&#039;Olympique de Marseille serait en passe de recruter le lat\u00e9ral fran\u00e7ais Romain Perraud.\u00a0\" \/>\n<meta property=\"og:url\" content=\"https:\/\/dicodusport.fr\/blog\/transferts-om-romain-perraud-3eme-recrue-de-marseille\/\" \/>\n<meta property=\"og:site_name\" content=\"Dicodusport\" \/>\n<meta property=\"article:publisher\" content=\"https:\/\/www.facebook.com\/dicodusport\" \/>\n<meta property=\"article:author\" content=\"https:\/\/www.facebook.com\/dicodusport\" \/>\n<meta property=\"article:published_time\" content=\"2025-06-24T11:04:03+00:00\" \/>\n<meta property=\"article:modified_time\" content=\"2025-06-24T11:25:35+00:00\" \/>\n<meta property=\"og:image\" content=\"https:\/\/dicodusport.fr\/blog\/wp-content\/uploads\/2025\/06\/Transferts-OM-Romain-Perraud-3eme-recrue-de-Marseille-.png\" \/>\n\t<meta property=\"og:image:width\" content=\"1200\" \/>\n\t<meta property=\"og:image:height\" content=\"674\" \/>\n\t<meta property=\"og:image:type\" content=\"image\/png\" \/>\n<meta name=\"author\" content=\"Nicolas Jacquemard\" \/>\n<meta name=\"twitter:card\" content=\"summary_large_image\" \/>\n<meta name=\"twitter:creator\" content=\"@https:\/\/twitter.com\/Nico_Jacquemard\" \/>\n<meta name=\"twitter:site\" content=\"@dicodusport\" \/>\n<script type=\"application\/ld+json\" class=\"yoast-schema-graph\">{\"@context\":\"https:\/\/schema.org\",\"@graph\":[{\"@type\":\"NewsArticle\",\"@id\":\"https:\/\/dicodusport.fr\/blog\/transferts-om-romain-perraud-3eme-recrue-de-marseille\/#article\",\"isPartOf\":{\"@id\":\"https:\/\/dicodusport.fr\/blog\/transferts-om-romain-perraud-3eme-recrue-de-marseille\/\"},\"author\":{\"name\":\"Nicolas Jacquemard\",\"@id\":\"https:\/\/dicodusport.fr\/blog\/#\/schema\/person\/55dcb50ad410894e431ed812bbb70191\"},\"headline\":\"Transferts OM : Romain Perraud, 3\u00e8me recrue de Marseille ?\",\"datePublished\":\"2025-06-24T11:04:03+00:00\",\"dateModified\":\"2025-06-24T11:25:35+00:00\",\"mainEntityOfPage\":{\"@id\":\"https:\/\/dicodusport.fr\/blog\/transferts-om-romain-perraud-3eme-recrue-de-marseille\/\"},\"wordCount\":332,\"commentCount\":0,\"publisher\":{\"@id\":\"https:\/\/dicodusport.fr\/blog\/#organization\"},\"image\":{\"@id\":\"https:\/\/dicodusport.fr\/blog\/transferts-om-romain-perraud-3eme-recrue-de-marseille\/#primaryimage\"},\"thumbnailUrl\":\"https:\/\/dicodusport.fr\/blog\/wp-content\/uploads\/2025\/06\/Transferts-OM-Romain-Perraud-3eme-recrue-de-Marseille-.png\",\"keywords\":[\"br\u00e8ve\",\"Football\",\"MercatOM\",\"OM\"],\"articleSection\":[\"Football\",\"Ligue 1\"],\"inLanguage\":\"fr-FR\",\"potentialAction\":[{\"@type\":\"CommentAction\",\"name\":\"Comment\",\"target\":[\"https:\/\/dicodusport.fr\/blog\/transferts-om-romain-perraud-3eme-recrue-de-marseille\/#respond\"]}],\"copyrightYear\":\"2025\",\"copyrightHolder\":{\"@id\":\"https:\/\/dicodusport.fr\/blog\/#organization\"}},{\"@type\":\"WebPage\",\"@id\":\"https:\/\/dicodusport.fr\/blog\/transferts-om-romain-perraud-3eme-recrue-de-marseille\/\",\"url\":\"https:\/\/dicodusport.fr\/blog\/transferts-om-romain-perraud-3eme-recrue-de-marseille\/\",\"name\":\"Transferts OM : Romain Perraud, 3\u00e8me recrue de Marseille ?\",\"isPartOf\":{\"@id\":\"https:\/\/dicodusport.fr\/blog\/#website\"},\"primaryImageOfPage\":{\"@id\":\"https:\/\/dicodusport.fr\/blog\/transferts-om-romain-perraud-3eme-recrue-de-marseille\/#primaryimage\"},\"image\":{\"@id\":\"https:\/\/dicodusport.fr\/blog\/transferts-om-romain-perraud-3eme-recrue-de-marseille\/#primaryimage\"},\"thumbnailUrl\":\"https:\/\/dicodusport.fr\/blog\/wp-content\/uploads\/2025\/06\/Transferts-OM-Romain-Perraud-3eme-recrue-de-Marseille-.png\",\"datePublished\":\"2025-06-24T11:04:03+00:00\",\"dateModified\":\"2025-06-24T11:25:35+00:00\",\"description\":\"TRANSFERTS - Selon La Voz Verdiblanca, l'Olympique de Marseille serait en passe de recruter le lat\u00e9ral fran\u00e7ais Romain Perraud.\u00a0\",\"breadcrumb\":{\"@id\":\"https:\/\/dicodusport.fr\/blog\/transferts-om-romain-perraud-3eme-recrue-de-marseille\/#breadcrumb\"},\"inLanguage\":\"fr-FR\",\"potentialAction\":[{\"@type\":\"ReadAction\",\"target\":[\"https:\/\/dicodusport.fr\/blog\/transferts-om-romain-perraud-3eme-recrue-de-marseille\/\"]}]},{\"@type\":\"ImageObject\",\"inLanguage\":\"fr-FR\",\"@id\":\"https:\/\/dicodusport.fr\/blog\/transferts-om-romain-perraud-3eme-recrue-de-marseille\/#primaryimage\",\"url\":\"https:\/\/dicodusport.fr\/blog\/wp-content\/uploads\/2025\/06\/Transferts-OM-Romain-Perraud-3eme-recrue-de-Marseille-.png\",\"contentUrl\":\"https:\/\/dicodusport.fr\/blog\/wp-content\/uploads\/2025\/06\/Transferts-OM-Romain-Perraud-3eme-recrue-de-Marseille-.png\",\"width\":1200,\"height\":674},{\"@type\":\"BreadcrumbList\",\"@id\":\"https:\/\/dicodusport.fr\/blog\/transferts-om-romain-perraud-3eme-recrue-de-marseille\/#breadcrumb\",\"itemListElement\":[{\"@type\":\"ListItem\",\"position\":1,\"name\":\"Accueil\",\"item\":\"https:\/\/dicodusport.fr\/blog\/\"},{\"@type\":\"ListItem\",\"position\":2,\"name\":\"Transferts OM : Romain Perraud, 3\u00e8me recrue de Marseille ?\"}]},{\"@type\":\"WebSite\",\"@id\":\"https:\/\/dicodusport.fr\/blog\/#website\",\"url\":\"https:\/\/dicodusport.fr\/blog\/\",\"name\":\"Dicodusport\",\"description\":\"L&#039;encyclop\u00e9die de l&#039;actualit\u00e9 sportive\",\"publisher\":{\"@id\":\"https:\/\/dicodusport.fr\/blog\/#organization\"},\"potentialAction\":[{\"@type\":\"SearchAction\",\"target\":{\"@type\":\"EntryPoint\",\"urlTemplate\":\"https:\/\/dicodusport.fr\/blog\/?s={search_term_string}\"},\"query-input\":{\"@type\":\"PropertyValueSpecification\",\"valueRequired\":true,\"valueName\":\"search_term_string\"}}],\"inLanguage\":\"fr-FR\"},{\"@type\":\"NewsMediaOrganization\",\"@id\":\"https:\/\/dicodusport.fr\/blog\/#organization\",\"name\":\"Dicodusport\",\"url\":\"https:\/\/dicodusport.fr\/blog\/\",\"logo\":{\"@type\":\"ImageObject\",\"inLanguage\":\"fr-FR\",\"@id\":\"https:\/\/dicodusport.fr\/blog\/#\/schema\/logo\/image\/\",\"url\":\"https:\/\/dicodusport.fr\/blog\/wp-content\/uploads\/2020\/06\/cropped-LOGO-DICODUSPORT-2020-SANS-FOND-SANS-TEXTE.png\",\"contentUrl\":\"https:\/\/dicodusport.fr\/blog\/wp-content\/uploads\/2020\/06\/cropped-LOGO-DICODUSPORT-2020-SANS-FOND-SANS-TEXTE.png\",\"width\":512,\"height\":512,\"caption\":\"Dicodusport\"},\"image\":{\"@id\":\"https:\/\/dicodusport.fr\/blog\/#\/schema\/logo\/image\/\"},\"sameAs\":[\"https:\/\/www.facebook.com\/dicodusport\",\"https:\/\/x.com\/dicodusport\",\"https:\/\/www.instagram.com\/dicodusport\/\",\"https:\/\/www.youtube.com\/channel\/UC7V2KZ5sd3htJivAbA4ZG3w\"],\"description\":\"Dicodusport est l'encyclop\u00e9die de l'actualit\u00e9 sportive.\",\"email\":\"bonjour@dicodusport.fr\",\"legalName\":\"DICODUSPORT\",\"foundingDate\":\"2018-01-14\",\"vatID\":\"FR71834470973\",\"taxID\":\"83447097300043\",\"numberOfEmployees\":{\"@type\":\"QuantitativeValue\",\"minValue\":\"1\",\"maxValue\":\"10\"}},{\"@type\":\"Person\",\"@id\":\"https:\/\/dicodusport.fr\/blog\/#\/schema\/person\/55dcb50ad410894e431ed812bbb70191\",\"name\":\"Nicolas Jacquemard\",\"image\":{\"@type\":\"ImageObject\",\"inLanguage\":\"fr-FR\",\"@id\":\"https:\/\/dicodusport.fr\/blog\/#\/schema\/person\/image\/\",\"url\":\"https:\/\/dicodusport.fr\/blog\/wp-content\/uploads\/2021\/05\/Nicolas-Jacquemard-150x150.jpeg\",\"contentUrl\":\"https:\/\/dicodusport.fr\/blog\/wp-content\/uploads\/2021\/05\/Nicolas-Jacquemard-150x150.jpeg\",\"caption\":\"Nicolas Jacquemard\"},\"description\":\"Passionn\u00e9 de sport et entrepreneur depuis mes 18 ans, la cr\u00e9ation de Dicodusport m'a sembl\u00e9 \u00e9vidente pour participer \u00e0 la m\u00e9diatisation d'un plus grand nombre de sports. Le chemin est long mais avec une \u00e9quipe des plus motiv\u00e9es et les Jeux Olympiques de Paris 2024 en point de mire, nous y arriverons ! Journaliste dans le monde du sport depuis plus de 5 ans, je traite aussi bien de football, de rugby, de biathlon que de cyclisme.\",\"sameAs\":[\"https:\/\/www.facebook.com\/dicodusport\",\"https:\/\/x.com\/https:\/\/twitter.com\/Nico_Jacquemard\"],\"url\":\"https:\/\/dicodusport.fr\/blog\/author\/dicodusport\/\"}]}<\/script>\n<!-- \/ Yoast SEO Premium plugin. -->","yoast_head_json":{"title":"Transferts OM : Romain Perraud, 3\u00e8me recrue de Marseille ?","description":"TRANSFERTS - Selon La Voz Verdiblanca, l'Olympique de Marseille serait en passe de recruter le lat\u00e9ral fran\u00e7ais Romain Perraud.\u00a0","robots":{"index":"index","follow":"follow","max-snippet":"max-snippet:-1","max-image-preview":"max-image-preview:large","max-video-preview":"max-video-preview:-1"},"canonical":"https:\/\/dicodusport.fr\/blog\/transferts-om-romain-perraud-3eme-recrue-de-marseille\/","og_locale":"fr_FR","og_type":"article","og_title":"Transferts OM : Romain Perraud, 3\u00e8me recrue de Marseille ?","og_description":"TRANSFERTS - Selon La Voz Verdiblanca, l'Olympique de Marseille serait en passe de recruter le lat\u00e9ral fran\u00e7ais Romain Perraud.\u00a0","og_url":"https:\/\/dicodusport.fr\/blog\/transferts-om-romain-perraud-3eme-recrue-de-marseille\/","og_site_name":"Dicodusport","article_publisher":"https:\/\/www.facebook.com\/dicodusport","article_author":"https:\/\/www.facebook.com\/dicodusport","article_published_time":"2025-06-24T11:04:03+00:00","article_modified_time":"2025-06-24T11:25:35+00:00","og_image":[{"width":1200,"height":674,"url":"https:\/\/dicodusport.fr\/blog\/wp-content\/uploads\/2025\/06\/Transferts-OM-Romain-Perraud-3eme-recrue-de-Marseille-.png","type":"image\/png"}],"author":"Nicolas Jacquemard","twitter_card":"summary_large_image","twitter_creator":"@https:\/\/twitter.com\/Nico_Jacquemard","twitter_site":"@dicodusport","schema":{"@context":"https:\/\/schema.org","@graph":[{"@type":"NewsArticle","@id":"https:\/\/dicodusport.fr\/blog\/transferts-om-romain-perraud-3eme-recrue-de-marseille\/#article","isPartOf":{"@id":"https:\/\/dicodusport.fr\/blog\/transferts-om-romain-perraud-3eme-recrue-de-marseille\/"},"author":{"name":"Nicolas Jacquemard","@id":"https:\/\/dicodusport.fr\/blog\/#\/schema\/person\/55dcb50ad410894e431ed812bbb70191"},"headline":"Transferts OM : Romain Perraud, 3\u00e8me recrue de Marseille ?","datePublished":"2025-06-24T11:04:03+00:00","dateModified":"2025-06-24T11:25:35+00:00","mainEntityOfPage":{"@id":"https:\/\/dicodusport.fr\/blog\/transferts-om-romain-perraud-3eme-recrue-de-marseille\/"},"wordCount":332,"commentCount":0,"publisher":{"@id":"https:\/\/dicodusport.fr\/blog\/#organization"},"image":{"@id":"https:\/\/dicodusport.fr\/blog\/transferts-om-romain-perraud-3eme-recrue-de-marseille\/#primaryimage"},"thumbnailUrl":"https:\/\/dicodusport.fr\/blog\/wp-content\/uploads\/2025\/06\/Transferts-OM-Romain-Perraud-3eme-recrue-de-Marseille-.png","keywords":["br\u00e8ve","Football","MercatOM","OM"],"articleSection":["Football","Ligue 1"],"inLanguage":"fr-FR","potentialAction":[{"@type":"CommentAction","name":"Comment","target":["https:\/\/dicodusport.fr\/blog\/transferts-om-romain-perraud-3eme-recrue-de-marseille\/#respond"]}],"copyrightYear":"2025","copyrightHolder":{"@id":"https:\/\/dicodusport.fr\/blog\/#organization"}},{"@type":"WebPage","@id":"https:\/\/dicodusport.fr\/blog\/transferts-om-romain-perraud-3eme-recrue-de-marseille\/","url":"https:\/\/dicodusport.fr\/blog\/transferts-om-romain-perraud-3eme-recrue-de-marseille\/","name":"Transferts OM : Romain Perraud, 3\u00e8me recrue de Marseille ?","isPartOf":{"@id":"https:\/\/dicodusport.fr\/blog\/#website"},"primaryImageOfPage":{"@id":"https:\/\/dicodusport.fr\/blog\/transferts-om-romain-perraud-3eme-recrue-de-marseille\/#primaryimage"},"image":{"@id":"https:\/\/dicodusport.fr\/blog\/transferts-om-romain-perraud-3eme-recrue-de-marseille\/#primaryimage"},"thumbnailUrl":"https:\/\/dicodusport.fr\/blog\/wp-content\/uploads\/2025\/06\/Transferts-OM-Romain-Perraud-3eme-recrue-de-Marseille-.png","datePublished":"2025-06-24T11:04:03+00:00","dateModified":"2025-06-24T11:25:35+00:00","description":"TRANSFERTS - Selon La Voz Verdiblanca, l'Olympique de Marseille serait en passe de recruter le lat\u00e9ral fran\u00e7ais Romain Perraud.\u00a0","breadcrumb":{"@id":"https:\/\/dicodusport.fr\/blog\/transferts-om-romain-perraud-3eme-recrue-de-marseille\/#breadcrumb"},"inLanguage":"fr-FR","potentialAction":[{"@type":"ReadAction","target":["https:\/\/dicodusport.fr\/blog\/transferts-om-romain-perraud-3eme-recrue-de-marseille\/"]}]},{"@type":"ImageObject","inLanguage":"fr-FR","@id":"https:\/\/dicodusport.fr\/blog\/transferts-om-romain-perraud-3eme-recrue-de-marseille\/#primaryimage","url":"https:\/\/dicodusport.fr\/blog\/wp-content\/uploads\/2025\/06\/Transferts-OM-Romain-Perraud-3eme-recrue-de-Marseille-.png","contentUrl":"https:\/\/dicodusport.fr\/blog\/wp-content\/uploads\/2025\/06\/Transferts-OM-Romain-Perraud-3eme-recrue-de-Marseille-.png","width":1200,"height":674},{"@type":"BreadcrumbList","@id":"https:\/\/dicodusport.fr\/blog\/transferts-om-romain-perraud-3eme-recrue-de-marseille\/#breadcrumb","itemListElement":[{"@type":"ListItem","position":1,"name":"Accueil","item":"https:\/\/dicodusport.fr\/blog\/"},{"@type":"ListItem","position":2,"name":"Transferts OM : Romain Perraud, 3\u00e8me recrue de Marseille ?"}]},{"@type":"WebSite","@id":"https:\/\/dicodusport.fr\/blog\/#website","url":"https:\/\/dicodusport.fr\/blog\/","name":"Dicodusport","description":"L&#039;encyclop\u00e9die de l&#039;actualit\u00e9 sportive","publisher":{"@id":"https:\/\/dicodusport.fr\/blog\/#organization"},"potentialAction":[{"@type":"SearchAction","target":{"@type":"EntryPoint","urlTemplate":"https:\/\/dicodusport.fr\/blog\/?s={search_term_string}"},"query-input":{"@type":"PropertyValueSpecification","valueRequired":true,"valueName":"search_term_string"}}],"inLanguage":"fr-FR"},{"@type":"NewsMediaOrganization","@id":"https:\/\/dicodusport.fr\/blog\/#organization","name":"Dicodusport","url":"https:\/\/dicodusport.fr\/blog\/","logo":{"@type":"ImageObject","inLanguage":"fr-FR","@id":"https:\/\/dicodusport.fr\/blog\/#\/schema\/logo\/image\/","url":"https:\/\/dicodusport.fr\/blog\/wp-content\/uploads\/2020\/06\/cropped-LOGO-DICODUSPORT-2020-SANS-FOND-SANS-TEXTE.png","contentUrl":"https:\/\/dicodusport.fr\/blog\/wp-content\/uploads\/2020\/06\/cropped-LOGO-DICODUSPORT-2020-SANS-FOND-SANS-TEXTE.png","width":512,"height":512,"caption":"Dicodusport"},"image":{"@id":"https:\/\/dicodusport.fr\/blog\/#\/schema\/logo\/image\/"},"sameAs":["https:\/\/www.facebook.com\/dicodusport","https:\/\/x.com\/dicodusport","https:\/\/www.instagram.com\/dicodusport\/","https:\/\/www.youtube.com\/channel\/UC7V2KZ5sd3htJivAbA4ZG3w"],"description":"Dicodusport est l'encyclop\u00e9die de l'actualit\u00e9 sportive.","email":"bonjour@dicodusport.fr","legalName":"DICODUSPORT","foundingDate":"2018-01-14","vatID":"FR71834470973","taxID":"83447097300043","numberOfEmployees":{"@type":"QuantitativeValue","minValue":"1","maxValue":"10"}},{"@type":"Person","@id":"https:\/\/dicodusport.fr\/blog\/#\/schema\/person\/55dcb50ad410894e431ed812bbb70191","name":"Nicolas Jacquemard","image":{"@type":"ImageObject","inLanguage":"fr-FR","@id":"https:\/\/dicodusport.fr\/blog\/#\/schema\/person\/image\/","url":"https:\/\/dicodusport.fr\/blog\/wp-content\/uploads\/2021\/05\/Nicolas-Jacquemard-150x150.jpeg","contentUrl":"https:\/\/dicodusport.fr\/blog\/wp-content\/uploads\/2021\/05\/Nicolas-Jacquemard-150x150.jpeg","caption":"Nicolas Jacquemard"},"description":"Passionn\u00e9 de sport et entrepreneur depuis mes 18 ans, la cr\u00e9ation de Dicodusport m'a sembl\u00e9 \u00e9vidente pour participer \u00e0 la m\u00e9diatisation d'un plus grand nombre de sports. Le chemin est long mais avec une \u00e9quipe des plus motiv\u00e9es et les Jeux Olympiques de Paris 2024 en point de mire, nous y arriverons ! Journaliste dans le monde du sport depuis plus de 5 ans, je traite aussi bien de football, de rugby, de biathlon que de cyclisme.","sameAs":["https:\/\/www.facebook.com\/dicodusport","https:\/\/x.com\/https:\/\/twitter.com\/Nico_Jacquemard"],"url":"https:\/\/dicodusport.fr\/blog\/author\/dicodusport\/"}]}},"_links":{"self":[{"href":"https:\/\/dicodusport.fr\/blog\/wp-json\/wp\/v2\/posts\/589780","targetHints":{"allow":["GET"]}}],"collection":[{"href":"https:\/\/dicodusport.fr\/blog\/wp-json\/wp\/v2\/posts"}],"about":[{"href":"https:\/\/dicodusport.fr\/blog\/wp-json\/wp\/v2\/types\/post"}],"author":[{"embeddable":true,"href":"https:\/\/dicodusport.fr\/blog\/wp-json\/wp\/v2\/users\/1"}],"replies":[{"embeddable":true,"href":"https:\/\/dicodusport.fr\/blog\/wp-json\/wp\/v2\/comments?post=589780"}],"version-history":[{"count":2,"href":"https:\/\/dicodusport.fr\/blog\/wp-json\/wp\/v2\/posts\/589780\/revisions"}],"predecessor-version":[{"id":589801,"href":"https:\/\/dicodusport.fr\/blog\/wp-json\/wp\/v2\/posts\/589780\/revisions\/589801"}],"wp:featuredmedia":[{"embeddable":true,"href":"https:\/\/dicodusport.fr\/blog\/wp-json\/wp\/v2\/media\/589797"}],"wp:attachment":[{"href":"https:\/\/dicodusport.fr\/blog\/wp-json\/wp\/v2\/media?parent=589780"}],"wp:term":[{"taxonomy":"category","embeddable":true,"href":"https:\/\/dicodusport.fr\/blog\/wp-json\/wp\/v2\/categories?post=589780"},{"taxonomy":"post_tag","embeddable":true,"href":"https:\/\/dicodusport.fr\/blog\/wp-json\/wp\/v2\/tags?post=589780"}],"curies":[{"name":"wp","href":"https:\/\/api.w.org\/{rel}","templated":true}]}}