{"id":590000,"date":"2025-06-26T13:39:00","date_gmt":"2025-06-26T11:39:00","guid":{"rendered":"https:\/\/dicodusport.fr\/blog\/?p=590000&#038;preview=true&#038;preview_id=590000"},"modified":"2025-06-26T13:39:54","modified_gmt":"2025-06-26T11:39:54","slug":"contre-la-montre-parcours-et-favoris-des-championnats-de-france-2025","status":"publish","type":"post","link":"https:\/\/dicodusport.fr\/blog\/contre-la-montre-parcours-et-favoris-des-championnats-de-france-2025\/","title":{"rendered":"Contre-la-montre : Favoris et Parcours des Championnats de France 2025"},"content":{"rendered":"<p style=\"text-align: justify;\"><em><strong>Retrouvez le parcours d\u00e9taill\u00e9 ainsi que les favoris du contre-la-montre des championnats de France de cyclisme sur route, qui se d\u00e9roule ce jeudi 26 juin 2025 aux Herbiers, en Vend\u00e9e.<\/strong><\/em><\/p>\n<ul>\n<li style=\"text-align: justify;\"><strong>\u00c0 ce sujet &#8211; <a href=\"https:\/\/dicodusport.fr\/blog\/programme-et-resultats-cyclisme-championnats-de-france-2025\/\">Programme et r\u00e9sultats Cyclisme Championnats de France 2025<\/a><\/strong><\/li>\n<\/ul>\n<h2 style=\"text-align: justify;\">Parcours d\u00e9taill\u00e9 du contre-la-montre des championnats de France 2025<\/h2>\n<p style=\"text-align: justify;\">Le <strong>contre-la-montre des Championnats de France de cyclisme sur route 2025<\/strong> se d\u00e9roule le jeudi 26 juin, dans la commune des Herbiers, en Vend\u00e9e. Cette \u00e9dition proposera un trac\u00e9 commun aux cat\u00e9gories \u00e9lite hommes et femmes, soulignant la volont\u00e9 d&rsquo;\u00e9quit\u00e9 dans la comp\u00e9tition.<\/p>\n<p style=\"text-align: justify;\">Le parcours s&rsquo;\u00e9tend sur 26,5 kilom\u00e8tres, offrant un profil majoritairement roulant, mais comportant quelques subtilit\u00e9s qui pourraient peser dans la balance. Le d\u00e9part sera donn\u00e9 depuis le centre-ville des Herbiers, avant que les coureurs ne prennent la direction de <strong>Saint-Paul-en-Pareds<\/strong>. Ensuite, le trac\u00e9 contournera le <strong>Mont des Alouettes<\/strong>, point culminant et lieu symbolique du cyclisme fran\u00e7ais (notamment arriv\u00e9e d\u2019\u00e9tape du Tour de France 2011), qui servira \u00e9galement de ligne d\u2019arriv\u00e9e.<\/p>\n<p style=\"text-align: justify;\">Malgr\u00e9 une premi\u00e8re partie relativement fluide, les coureurs devront g\u00e9rer une mont\u00e9e de 2 kilom\u00e8tres \u00e0 4,4 % situ\u00e9e dans le dernier tiers du parcours. Cette bosse pourrait jouer un r\u00f4le d\u00e9cisif dans la hi\u00e9rarchie finale. Apr\u00e8s cette difficult\u00e9, une portion finale plate, mais expos\u00e9e au vent m\u00e8nera les coureurs jusqu\u2019\u00e0 l\u2019arriv\u00e9e au sommet du <strong>Mont des Alouettes<\/strong>.<\/p>\n<p style=\"text-align: justify;\">Le parcours est con\u00e7u pour mettre \u00e0 l\u2019\u00e9preuve les qualit\u00e9s de gestion d\u2019effort et d\u2019a\u00e9rodynamisme des sp\u00e9cialistes du chrono, tout en for\u00e7ant une relance technique dans la mont\u00e9e finale. Ce m\u00e9lange entre puissance, endurance et sens tactique pourrait favoriser les coureurs capables de maintenir un tempo \u00e9lev\u00e9 tout en g\u00e9rant les changements de rythme.<\/p>\n<h2 style=\"text-align: justify;\">Le profil du contre-la-montre des championnats de France aux Herbiers<\/h2>\n<div id=\"attachment_590002\" style=\"width: 1210px\" class=\"wp-caption aligncenter\"><a href=\"https:\/\/dicodusport.fr\/blog\/wp-content\/uploads\/2025\/06\/Profil-du-contre-la-montre-des-championnats-de-France-de-cyclisme-sur-route-2025.webp\"><img loading=\"lazy\" decoding=\"async\" aria-describedby=\"caption-attachment-590002\" class=\"size-full wp-image-590002\" src=\"https:\/\/dicodusport.fr\/blog\/wp-content\/uploads\/2025\/06\/Profil-du-contre-la-montre-des-championnats-de-France-de-cyclisme-sur-route-2025.webp\" alt=\"Profil du contre-la-montre des championnats de France de cyclisme sur route 2025\" width=\"1200\" height=\"583\" srcset=\"https:\/\/dicodusport.fr\/blog\/wp-content\/uploads\/2025\/06\/Profil-du-contre-la-montre-des-championnats-de-France-de-cyclisme-sur-route-2025.webp 1200w, https:\/\/dicodusport.fr\/blog\/wp-content\/uploads\/2025\/06\/Profil-du-contre-la-montre-des-championnats-de-France-de-cyclisme-sur-route-2025-300x146.webp 300w, https:\/\/dicodusport.fr\/blog\/wp-content\/uploads\/2025\/06\/Profil-du-contre-la-montre-des-championnats-de-France-de-cyclisme-sur-route-2025-1024x497.webp 1024w, https:\/\/dicodusport.fr\/blog\/wp-content\/uploads\/2025\/06\/Profil-du-contre-la-montre-des-championnats-de-France-de-cyclisme-sur-route-2025-768x373.webp 768w\" sizes=\"auto, (max-width: 1200px) 100vw, 1200px\" \/><\/a><p id=\"caption-attachment-590002\" class=\"wp-caption-text\">Profil du contre-la-montre des championnats de France de cyclisme sur route 2025<\/p><\/div>\n<h2 style=\"text-align: justify;\">Les favoris du contre-la-montre des championnats de France 2025<\/h2>\n<p style=\"text-align: justify;\"><span style=\"text-decoration: underline;\"><strong>Bruno Armirail (31 ans, Decathlon AG2R La Mondiale)<\/strong><\/span><br \/>\nTenant du titre, <strong>Bruno Armirail<\/strong> aborde ce championnat avec la s\u00e9r\u00e9nit\u00e9 d\u2019un homme qui conna\u00eet son affaire. Redoutable sur les parcours roulants, o\u00f9 sa puissance et sa capacit\u00e9 \u00e0 emmener de gros braquets font merveille, le Haut-Pyr\u00e9n\u00e9en a plac\u00e9 ce rendez-vous parmi ses grands objectifs de la saison. R\u00e9gulier depuis le printemps, il dispose de tous les atouts pour d\u00e9fendre son maillot face \u00e0 une concurrence f\u00e9roce.<\/p>\n<p style=\"text-align: justify;\"><span style=\"text-decoration: underline;\"><strong>R\u00e9mi Cavagna (29 ans, Groupama-FDJ)<\/strong><\/span><br \/>\nTitr\u00e9 en 2020 puis en 2023, <strong>R\u00e9mi Cavagna<\/strong> reste le dernier Fran\u00e7ais \u00e0 avoir remport\u00e9 un contre-la-montre en World Tour. Surnomm\u00e9 le <em>TGV de Clermont-Ferrand<\/em>, il s\u2019\u00e9panouit sur les parcours rythm\u00e9s, o\u00f9 sa puissance pure peut faire des d\u00e9g\u00e2ts. Avec un trac\u00e9 rapide et exigeant, le profil des Herbiers lui va comme un gant. En forme, Cavagna pourrait bien viser une troisi\u00e8me couronne nationale.<\/p>\n<p style=\"text-align: justify;\"><span style=\"text-decoration: underline;\"><strong>Benjamin Thomas (29 ans, Cofidis)<\/strong><\/span><br \/>\nMoins d\u00e9monstratif que ses rivaux, <strong>Benjamin Thomas<\/strong> avance \u00e0 l\u2019\u00e9conomie, mais toujours avec efficacit\u00e9. Son sens aigu de la gestion d\u2019effort et sa capacit\u00e9 \u00e0 lisser son rythme font de lui un candidat tr\u00e8s s\u00e9rieux sur ce trac\u00e9 \u00e9quilibr\u00e9. S\u2019il parvient \u00e0 maintenir un tempo constant, il pourrait bien jouer les trouble-f\u00eates. Sur une telle distance, il sait exactement comment lisser son effort.<\/p>\n<p style=\"text-align: justify;\"><span style=\"text-decoration: underline;\"><strong>Pierre Latour (31 ans, TotalEnergies)<\/strong><\/span><br \/>\n\u00c0 premi\u00e8re vue, le profil du grimpeur dr\u00f4mois semble moins taill\u00e9 pour ce type d\u2019exercice globalement plat\u2026 et pourtant. Gr\u00e2ce \u00e0 son aisance sur les terrains vallonn\u00e9s, <strong>Pierre Latour<\/strong> pourrait tirer profit de la seconde moiti\u00e9 du parcours, plus escarp\u00e9e, notamment avec la mont\u00e9e vers le Mont des Alouettes. En grande forme ces derni\u00e8res semaines \u2014 <a href=\"https:\/\/dicodusport.fr\/blog\/boucles-de-la-mayenne-2025-pierre-latour-piege-les-sprinters-sur-la-1ere-etape\/\">sa victoire d\u2019\u00e9tape aux Boucles de la Mayenne<\/a> en t\u00e9moigne \u2014 le coureur de TotalEnergies pourrait cr\u00e9er la surprise.<\/p>\n<p style=\"text-align: justify;\"><span style=\"text-decoration: underline;\"><strong>K\u00e9vin Vauquelin (23 ans, Ark\u00e9a\u2013B&amp;B Hotels)<\/strong><\/span><br \/>\nIl n\u2019a que 23 ans, mais d\u00e9j\u00e0 un palmar\u00e8s qui force le respect. Deuxi\u00e8me au <a href=\"https:\/\/dicodusport.fr\/blog\/classement-general-tour-de-suisse-2025\/\">classement g\u00e9n\u00e9ral du Tour de Suisse<\/a> il y a quelques jours, <strong>K\u00e9vin Vauquelin<\/strong> s\u2019impose comme l\u2019un des grands espoirs du cyclisme tricolore. R\u00e9gulier, solide, et impressionnant sur les efforts en solitaire, le Normand pourrait bien venir jouer les premiers r\u00f4les sur un chrono court et nerveux. S\u2019il aurait sans doute pr\u00e9f\u00e9r\u00e9 un parcours un peu plus accident\u00e9, sa pointe de forme actuelle pourrait faire toute la diff\u00e9rence.<\/p>\n<p style=\"text-align: justify;\">Enfin, n&rsquo;oublions pas le jeune garde tricolore. \u00c0 commencer par un certain <strong>Paul Seixas<\/strong> (18 ans, D\u00e9cathlon AG2R La Mondiale), champion du monde juniors en titre de la sp\u00e9cialit\u00e9, et qui a d\u00e9j\u00e0 impressionn\u00e9 sur l&rsquo;effort en solitaire au niveau World Tour, prenant <a href=\"https:\/\/dicodusport.fr\/blog\/criterium-du-dauphine-2025-remco-evenepoel-fait-coup-double-sur-le-contre-la-montre-de-la-4eme-etape\/\">la 10\u00e8me place du chrono sur le dernier Crit\u00e9rium du Dauphin\u00e9<\/a>. Citons \u00e9galement <strong>Thibaud Gruel<\/strong> (21 ans, Groupama-FDJ), en grande forme, <a href=\"https:\/\/dicodusport.fr\/blog\/boucles-de-la-mayenne-2025-thibaud-gruel-soffre-le-chrono-inaugural\/\">vainqueur du prologue sur les Boucles de la Mayenne<\/a>, il y a un mois.<\/p>\n<p style=\"text-align: justify;\">Enfin, autre coureur \u00e0 surveiller ce jeudi, <strong>Thibault Guernalec<\/strong> (27 ans, Ark\u00e9a-B&amp;B Hotels) : le Finist\u00e9rien est, lui aussi, dans une bonne condition, et voudra grimper d&rsquo;une marche ou deux sur le podium du chrono des championnats de France, apr\u00e8s sa troisi\u00e8me place l&rsquo;an dernier.<\/p>\n<hr \/>\n<ul>\n<li style=\"text-align: justify;\"><strong>\u00c0 ce sujet \u2013\u00a0<a href=\"https:\/\/dicodusport.fr\/blog\/actualites\/cyclisme\/\">L\u2019actualit\u00e9 du cyclisme<\/a><\/strong><\/li>\n<\/ul>\n<div class=\"vlp-link-container vlp-layout-article\"><a href=\"https:\/\/dicodusport.fr\/blog\/cyclisme-mercato-2025-2026-le-tableau-des-transferts\/\" class=\"vlp-link\" title=\"Cyclisme Mercato 2025-2026 - Le tableau des transferts\"><\/a><div class=\"vlp-layout-zone-side\"><div class=\"vlp-block-4 vlp-link-image\"><img loading=\"lazy\" decoding=\"async\" style=\"max-width: 792px;\" width=\"792\" height=\"445\" src=\"https:\/\/dicodusport.fr\/blog\/wp-content\/uploads\/2025\/02\/Cyclisme-Mercato-2025-2026-Le-tableau-des-transferts.png\" class=\"attachment-800x445 size-800x445\" alt=\"Cyclisme Mercato 2025-2026 - Le tableau des transferts\" srcset=\"https:\/\/dicodusport.fr\/blog\/wp-content\/uploads\/2025\/02\/Cyclisme-Mercato-2025-2026-Le-tableau-des-transferts.png 1200w, https:\/\/dicodusport.fr\/blog\/wp-content\/uploads\/2025\/02\/Cyclisme-Mercato-2025-2026-Le-tableau-des-transferts-300x169.png 300w, https:\/\/dicodusport.fr\/blog\/wp-content\/uploads\/2025\/02\/Cyclisme-Mercato-2025-2026-Le-tableau-des-transferts-1024x575.png 1024w, https:\/\/dicodusport.fr\/blog\/wp-content\/uploads\/2025\/02\/Cyclisme-Mercato-2025-2026-Le-tableau-des-transferts-768x431.png 768w\" sizes=\"auto, (max-width: 792px) 100vw, 792px\" \/><\/div><\/div><div class=\"vlp-layout-zone-main\"><div class=\"vlp-block-0 vlp-link-title\">Cyclisme Mercato 2025-2026 - Le tableau des transferts<\/div><div class=\"vlp-block-1 vlp-link-summary\">MERCATO CYCLISME 2025-2026 - D\u00e9couvrez les transferts officiels et les rumeurs du mercato cycliste.<\/div><div class=\"vlp-block-2 vlp-link-button\">Lire l'article<\/div><div class=\"vlp-block-3 vlp-link-url\">dicodusport.fr<\/div><\/div><\/div>\n","protected":false},"excerpt":{"rendered":"<p>Retrouvez le parcours d\u00e9taill\u00e9 ainsi que les favoris du contre-la-montre des championnats de France de cyclisme sur route, qui se d\u00e9roule ce jeudi 26 juin 2025 aux Herbiers, en Vend\u00e9e.<\/p>\n","protected":false},"author":4,"featured_media":590022,"comment_status":"open","ping_status":"closed","sticky":false,"template":"","format":"standard","meta":{"_acf_changed":false,"_daextam_enable_autolinks":"1","footnotes":""},"categories":[46994],"tags":[32415,16878,10363,574,11197],"class_list":["post-590000","post","type-post","status-publish","format-standard","has-post-thumbnail","hentry","category-cyclisme-sur-route","tag-actu","tag-breve","tag-championnats-de-france-de-cyclisme-sur-route","tag-cyclisme","tag-cyclisme-sur-route"],"acf":[],"yoast_head":"<!-- This site is optimized with the Yoast SEO Premium plugin v26.7 (Yoast SEO v26.7) - https:\/\/yoast.com\/wordpress\/plugins\/seo\/ -->\n<title>Contre-la-montre : Favoris et Parcours des Championnats de France 2025<\/title>\n<meta name=\"description\" content=\"Retrouvez le parcours d\u00e9taill\u00e9 ainsi que les favoris du contre-la-montre des championnats de France de cyclisme sur route, qui se d\u00e9roule ce jeudi 26 juin 2025 aux Herbiers.\" \/>\n<meta name=\"robots\" content=\"index, follow, max-snippet:-1, max-image-preview:large, max-video-preview:-1\" \/>\n<link rel=\"canonical\" href=\"https:\/\/dicodusport.fr\/blog\/contre-la-montre-parcours-et-favoris-des-championnats-de-france-2025\/\" \/>\n<meta property=\"og:locale\" content=\"fr_FR\" \/>\n<meta property=\"og:type\" content=\"article\" \/>\n<meta property=\"og:title\" content=\"Contre-la-montre : Favoris et Parcours des Championnats de France 2025\" \/>\n<meta property=\"og:description\" content=\"Retrouvez le parcours d\u00e9taill\u00e9 ainsi que les favoris du contre-la-montre des championnats de France de cyclisme sur route, qui se d\u00e9roule ce jeudi 26 juin 2025 aux Herbiers.\" \/>\n<meta property=\"og:url\" content=\"https:\/\/dicodusport.fr\/blog\/contre-la-montre-parcours-et-favoris-des-championnats-de-france-2025\/\" \/>\n<meta property=\"og:site_name\" content=\"Dicodusport\" \/>\n<meta property=\"article:publisher\" content=\"https:\/\/www.facebook.com\/dicodusport\" \/>\n<meta property=\"article:author\" content=\"https:\/\/www.facebook.com\/florent.ostermann\" \/>\n<meta property=\"article:published_time\" content=\"2025-06-26T11:39:00+00:00\" \/>\n<meta property=\"article:modified_time\" content=\"2025-06-26T11:39:54+00:00\" \/>\n<meta property=\"og:image\" content=\"https:\/\/dicodusport.fr\/blog\/wp-content\/uploads\/2025\/06\/Contre-la-montre-Parcours-et-favoris-des-Championnats-de-France-2025.png\" \/>\n\t<meta property=\"og:image:width\" content=\"1200\" \/>\n\t<meta property=\"og:image:height\" content=\"674\" \/>\n\t<meta property=\"og:image:type\" content=\"image\/png\" \/>\n<meta name=\"author\" content=\"Flo Ostermann\" \/>\n<meta name=\"twitter:card\" content=\"summary_large_image\" \/>\n<meta name=\"twitter:creator\" content=\"@https:\/\/twitter.com\/FlOstermann\" \/>\n<meta name=\"twitter:site\" content=\"@dicodusport\" \/>\n<script type=\"application\/ld+json\" class=\"yoast-schema-graph\">{\"@context\":\"https:\/\/schema.org\",\"@graph\":[{\"@type\":\"NewsArticle\",\"@id\":\"https:\/\/dicodusport.fr\/blog\/contre-la-montre-parcours-et-favoris-des-championnats-de-france-2025\/#article\",\"isPartOf\":{\"@id\":\"https:\/\/dicodusport.fr\/blog\/contre-la-montre-parcours-et-favoris-des-championnats-de-france-2025\/\"},\"author\":{\"name\":\"Flo Ostermann\",\"@id\":\"https:\/\/dicodusport.fr\/blog\/#\/schema\/person\/cb02af4c173ce4a653b55e9baf388d4a\"},\"headline\":\"Contre-la-montre : Favoris et Parcours des Championnats de France 2025\",\"datePublished\":\"2025-06-26T11:39:00+00:00\",\"dateModified\":\"2025-06-26T11:39:54+00:00\",\"mainEntityOfPage\":{\"@id\":\"https:\/\/dicodusport.fr\/blog\/contre-la-montre-parcours-et-favoris-des-championnats-de-france-2025\/\"},\"wordCount\":987,\"commentCount\":0,\"publisher\":{\"@id\":\"https:\/\/dicodusport.fr\/blog\/#organization\"},\"image\":{\"@id\":\"https:\/\/dicodusport.fr\/blog\/contre-la-montre-parcours-et-favoris-des-championnats-de-france-2025\/#primaryimage\"},\"thumbnailUrl\":\"https:\/\/dicodusport.fr\/blog\/wp-content\/uploads\/2025\/06\/Contre-la-montre-Parcours-et-favoris-des-Championnats-de-France-2025.png\",\"keywords\":[\"actu\",\"br\u00e8ve\",\"Championnats de France de cyclisme sur route\",\"Cyclisme\",\"Cyclisme sur route\"],\"articleSection\":[\"Cyclisme sur route\"],\"inLanguage\":\"fr-FR\",\"potentialAction\":[{\"@type\":\"CommentAction\",\"name\":\"Comment\",\"target\":[\"https:\/\/dicodusport.fr\/blog\/contre-la-montre-parcours-et-favoris-des-championnats-de-france-2025\/#respond\"]}],\"copyrightYear\":\"2025\",\"copyrightHolder\":{\"@id\":\"https:\/\/dicodusport.fr\/blog\/#organization\"}},{\"@type\":\"WebPage\",\"@id\":\"https:\/\/dicodusport.fr\/blog\/contre-la-montre-parcours-et-favoris-des-championnats-de-france-2025\/\",\"url\":\"https:\/\/dicodusport.fr\/blog\/contre-la-montre-parcours-et-favoris-des-championnats-de-france-2025\/\",\"name\":\"Contre-la-montre : Favoris et Parcours des Championnats de France 2025\",\"isPartOf\":{\"@id\":\"https:\/\/dicodusport.fr\/blog\/#website\"},\"primaryImageOfPage\":{\"@id\":\"https:\/\/dicodusport.fr\/blog\/contre-la-montre-parcours-et-favoris-des-championnats-de-france-2025\/#primaryimage\"},\"image\":{\"@id\":\"https:\/\/dicodusport.fr\/blog\/contre-la-montre-parcours-et-favoris-des-championnats-de-france-2025\/#primaryimage\"},\"thumbnailUrl\":\"https:\/\/dicodusport.fr\/blog\/wp-content\/uploads\/2025\/06\/Contre-la-montre-Parcours-et-favoris-des-Championnats-de-France-2025.png\",\"datePublished\":\"2025-06-26T11:39:00+00:00\",\"dateModified\":\"2025-06-26T11:39:54+00:00\",\"description\":\"Retrouvez le parcours d\u00e9taill\u00e9 ainsi que les favoris du contre-la-montre des championnats de France de cyclisme sur route, qui se d\u00e9roule ce jeudi 26 juin 2025 aux Herbiers.\",\"breadcrumb\":{\"@id\":\"https:\/\/dicodusport.fr\/blog\/contre-la-montre-parcours-et-favoris-des-championnats-de-france-2025\/#breadcrumb\"},\"inLanguage\":\"fr-FR\",\"potentialAction\":[{\"@type\":\"ReadAction\",\"target\":[\"https:\/\/dicodusport.fr\/blog\/contre-la-montre-parcours-et-favoris-des-championnats-de-france-2025\/\"]}]},{\"@type\":\"ImageObject\",\"inLanguage\":\"fr-FR\",\"@id\":\"https:\/\/dicodusport.fr\/blog\/contre-la-montre-parcours-et-favoris-des-championnats-de-france-2025\/#primaryimage\",\"url\":\"https:\/\/dicodusport.fr\/blog\/wp-content\/uploads\/2025\/06\/Contre-la-montre-Parcours-et-favoris-des-Championnats-de-France-2025.png\",\"contentUrl\":\"https:\/\/dicodusport.fr\/blog\/wp-content\/uploads\/2025\/06\/Contre-la-montre-Parcours-et-favoris-des-Championnats-de-France-2025.png\",\"width\":1200,\"height\":674,\"caption\":\"Contre-la-montre Parcours et favoris des Championnats de France 2025\"},{\"@type\":\"BreadcrumbList\",\"@id\":\"https:\/\/dicodusport.fr\/blog\/contre-la-montre-parcours-et-favoris-des-championnats-de-france-2025\/#breadcrumb\",\"itemListElement\":[{\"@type\":\"ListItem\",\"position\":1,\"name\":\"Accueil\",\"item\":\"https:\/\/dicodusport.fr\/blog\/\"},{\"@type\":\"ListItem\",\"position\":2,\"name\":\"Contre-la-montre : Favoris et Parcours des Championnats de France 2025\"}]},{\"@type\":\"WebSite\",\"@id\":\"https:\/\/dicodusport.fr\/blog\/#website\",\"url\":\"https:\/\/dicodusport.fr\/blog\/\",\"name\":\"Dicodusport\",\"description\":\"L&#039;encyclop\u00e9die de l&#039;actualit\u00e9 sportive\",\"publisher\":{\"@id\":\"https:\/\/dicodusport.fr\/blog\/#organization\"},\"potentialAction\":[{\"@type\":\"SearchAction\",\"target\":{\"@type\":\"EntryPoint\",\"urlTemplate\":\"https:\/\/dicodusport.fr\/blog\/?s={search_term_string}\"},\"query-input\":{\"@type\":\"PropertyValueSpecification\",\"valueRequired\":true,\"valueName\":\"search_term_string\"}}],\"inLanguage\":\"fr-FR\"},{\"@type\":\"NewsMediaOrganization\",\"@id\":\"https:\/\/dicodusport.fr\/blog\/#organization\",\"name\":\"Dicodusport\",\"url\":\"https:\/\/dicodusport.fr\/blog\/\",\"logo\":{\"@type\":\"ImageObject\",\"inLanguage\":\"fr-FR\",\"@id\":\"https:\/\/dicodusport.fr\/blog\/#\/schema\/logo\/image\/\",\"url\":\"https:\/\/dicodusport.fr\/blog\/wp-content\/uploads\/2020\/06\/cropped-LOGO-DICODUSPORT-2020-SANS-FOND-SANS-TEXTE.png\",\"contentUrl\":\"https:\/\/dicodusport.fr\/blog\/wp-content\/uploads\/2020\/06\/cropped-LOGO-DICODUSPORT-2020-SANS-FOND-SANS-TEXTE.png\",\"width\":512,\"height\":512,\"caption\":\"Dicodusport\"},\"image\":{\"@id\":\"https:\/\/dicodusport.fr\/blog\/#\/schema\/logo\/image\/\"},\"sameAs\":[\"https:\/\/www.facebook.com\/dicodusport\",\"https:\/\/x.com\/dicodusport\",\"https:\/\/www.instagram.com\/dicodusport\/\",\"https:\/\/www.youtube.com\/channel\/UC7V2KZ5sd3htJivAbA4ZG3w\"],\"description\":\"Dicodusport est l'encyclop\u00e9die de l'actualit\u00e9 sportive.\",\"email\":\"bonjour@dicodusport.fr\",\"legalName\":\"DICODUSPORT\",\"foundingDate\":\"2018-01-14\",\"vatID\":\"FR71834470973\",\"taxID\":\"83447097300043\",\"numberOfEmployees\":{\"@type\":\"QuantitativeValue\",\"minValue\":\"1\",\"maxValue\":\"10\"}},{\"@type\":\"Person\",\"@id\":\"https:\/\/dicodusport.fr\/blog\/#\/schema\/person\/cb02af4c173ce4a653b55e9baf388d4a\",\"name\":\"Flo Ostermann\",\"image\":{\"@type\":\"ImageObject\",\"inLanguage\":\"fr-FR\",\"@id\":\"https:\/\/dicodusport.fr\/blog\/#\/schema\/person\/image\/\",\"url\":\"https:\/\/dicodusport.fr\/blog\/wp-content\/uploads\/2021\/05\/Flo-Ostermann-150x150.jpg\",\"contentUrl\":\"https:\/\/dicodusport.fr\/blog\/wp-content\/uploads\/2021\/05\/Flo-Ostermann-150x150.jpg\",\"caption\":\"Flo Ostermann\"},\"description\":\"Journaliste\/R\u00e9dacteur depuis septembre 2015 - Mes premiers souvenirs dans le sport ? Les envol\u00e9es du Stade Toulousain et les duels Villeneuve-Schumacher et H\u00e4kkinen-Schumacher \u00e0 la fin des ann\u00e9es 90, la Coupe du monde de football en 1998, l\u2019exploit du XV de France face aux All Blacks en 1999, mais aussi Richard C\u0153ur de Lion qui vole sur les montagnes du Tour de France. Bien parti pour devenir professeur d\u2019EPS, les \u00e9v\u00e9nements de la vie (et la flemme d\u2019animer des s\u00e9ances de 3x500 m\u00e8tres toute ma vie) m\u2019ont conduit \u00e0 revoir mes plans. Me voil\u00e0 depuis fin 2017 sur Dicodusport, m\u00e9dia gr\u00e2ce (et pour) lequel je partage ma passion : le sport dans tous ses \u00e9tats. Le tout accompagn\u00e9 par les fous furieux et folles furieuses cit\u00e9s sur cette page !\",\"sameAs\":[\"https:\/\/www.facebook.com\/florent.ostermann\",\"https:\/\/x.com\/https:\/\/twitter.com\/FlOstermann\",\"admin\"],\"url\":\"https:\/\/dicodusport.fr\/blog\/author\/flo\/\"}]}<\/script>\n<!-- \/ Yoast SEO Premium plugin. -->","yoast_head_json":{"title":"Contre-la-montre : Favoris et Parcours des Championnats de France 2025","description":"Retrouvez le parcours d\u00e9taill\u00e9 ainsi que les favoris du contre-la-montre des championnats de France de cyclisme sur route, qui se d\u00e9roule ce jeudi 26 juin 2025 aux Herbiers.","robots":{"index":"index","follow":"follow","max-snippet":"max-snippet:-1","max-image-preview":"max-image-preview:large","max-video-preview":"max-video-preview:-1"},"canonical":"https:\/\/dicodusport.fr\/blog\/contre-la-montre-parcours-et-favoris-des-championnats-de-france-2025\/","og_locale":"fr_FR","og_type":"article","og_title":"Contre-la-montre : Favoris et Parcours des Championnats de France 2025","og_description":"Retrouvez le parcours d\u00e9taill\u00e9 ainsi que les favoris du contre-la-montre des championnats de France de cyclisme sur route, qui se d\u00e9roule ce jeudi 26 juin 2025 aux Herbiers.","og_url":"https:\/\/dicodusport.fr\/blog\/contre-la-montre-parcours-et-favoris-des-championnats-de-france-2025\/","og_site_name":"Dicodusport","article_publisher":"https:\/\/www.facebook.com\/dicodusport","article_author":"https:\/\/www.facebook.com\/florent.ostermann","article_published_time":"2025-06-26T11:39:00+00:00","article_modified_time":"2025-06-26T11:39:54+00:00","og_image":[{"width":1200,"height":674,"url":"https:\/\/dicodusport.fr\/blog\/wp-content\/uploads\/2025\/06\/Contre-la-montre-Parcours-et-favoris-des-Championnats-de-France-2025.png","type":"image\/png"}],"author":"Flo Ostermann","twitter_card":"summary_large_image","twitter_creator":"@https:\/\/twitter.com\/FlOstermann","twitter_site":"@dicodusport","schema":{"@context":"https:\/\/schema.org","@graph":[{"@type":"NewsArticle","@id":"https:\/\/dicodusport.fr\/blog\/contre-la-montre-parcours-et-favoris-des-championnats-de-france-2025\/#article","isPartOf":{"@id":"https:\/\/dicodusport.fr\/blog\/contre-la-montre-parcours-et-favoris-des-championnats-de-france-2025\/"},"author":{"name":"Flo Ostermann","@id":"https:\/\/dicodusport.fr\/blog\/#\/schema\/person\/cb02af4c173ce4a653b55e9baf388d4a"},"headline":"Contre-la-montre : Favoris et Parcours des Championnats de France 2025","datePublished":"2025-06-26T11:39:00+00:00","dateModified":"2025-06-26T11:39:54+00:00","mainEntityOfPage":{"@id":"https:\/\/dicodusport.fr\/blog\/contre-la-montre-parcours-et-favoris-des-championnats-de-france-2025\/"},"wordCount":987,"commentCount":0,"publisher":{"@id":"https:\/\/dicodusport.fr\/blog\/#organization"},"image":{"@id":"https:\/\/dicodusport.fr\/blog\/contre-la-montre-parcours-et-favoris-des-championnats-de-france-2025\/#primaryimage"},"thumbnailUrl":"https:\/\/dicodusport.fr\/blog\/wp-content\/uploads\/2025\/06\/Contre-la-montre-Parcours-et-favoris-des-Championnats-de-France-2025.png","keywords":["actu","br\u00e8ve","Championnats de France de cyclisme sur route","Cyclisme","Cyclisme sur route"],"articleSection":["Cyclisme sur route"],"inLanguage":"fr-FR","potentialAction":[{"@type":"CommentAction","name":"Comment","target":["https:\/\/dicodusport.fr\/blog\/contre-la-montre-parcours-et-favoris-des-championnats-de-france-2025\/#respond"]}],"copyrightYear":"2025","copyrightHolder":{"@id":"https:\/\/dicodusport.fr\/blog\/#organization"}},{"@type":"WebPage","@id":"https:\/\/dicodusport.fr\/blog\/contre-la-montre-parcours-et-favoris-des-championnats-de-france-2025\/","url":"https:\/\/dicodusport.fr\/blog\/contre-la-montre-parcours-et-favoris-des-championnats-de-france-2025\/","name":"Contre-la-montre : Favoris et Parcours des Championnats de France 2025","isPartOf":{"@id":"https:\/\/dicodusport.fr\/blog\/#website"},"primaryImageOfPage":{"@id":"https:\/\/dicodusport.fr\/blog\/contre-la-montre-parcours-et-favoris-des-championnats-de-france-2025\/#primaryimage"},"image":{"@id":"https:\/\/dicodusport.fr\/blog\/contre-la-montre-parcours-et-favoris-des-championnats-de-france-2025\/#primaryimage"},"thumbnailUrl":"https:\/\/dicodusport.fr\/blog\/wp-content\/uploads\/2025\/06\/Contre-la-montre-Parcours-et-favoris-des-Championnats-de-France-2025.png","datePublished":"2025-06-26T11:39:00+00:00","dateModified":"2025-06-26T11:39:54+00:00","description":"Retrouvez le parcours d\u00e9taill\u00e9 ainsi que les favoris du contre-la-montre des championnats de France de cyclisme sur route, qui se d\u00e9roule ce jeudi 26 juin 2025 aux Herbiers.","breadcrumb":{"@id":"https:\/\/dicodusport.fr\/blog\/contre-la-montre-parcours-et-favoris-des-championnats-de-france-2025\/#breadcrumb"},"inLanguage":"fr-FR","potentialAction":[{"@type":"ReadAction","target":["https:\/\/dicodusport.fr\/blog\/contre-la-montre-parcours-et-favoris-des-championnats-de-france-2025\/"]}]},{"@type":"ImageObject","inLanguage":"fr-FR","@id":"https:\/\/dicodusport.fr\/blog\/contre-la-montre-parcours-et-favoris-des-championnats-de-france-2025\/#primaryimage","url":"https:\/\/dicodusport.fr\/blog\/wp-content\/uploads\/2025\/06\/Contre-la-montre-Parcours-et-favoris-des-Championnats-de-France-2025.png","contentUrl":"https:\/\/dicodusport.fr\/blog\/wp-content\/uploads\/2025\/06\/Contre-la-montre-Parcours-et-favoris-des-Championnats-de-France-2025.png","width":1200,"height":674,"caption":"Contre-la-montre Parcours et favoris des Championnats de France 2025"},{"@type":"BreadcrumbList","@id":"https:\/\/dicodusport.fr\/blog\/contre-la-montre-parcours-et-favoris-des-championnats-de-france-2025\/#breadcrumb","itemListElement":[{"@type":"ListItem","position":1,"name":"Accueil","item":"https:\/\/dicodusport.fr\/blog\/"},{"@type":"ListItem","position":2,"name":"Contre-la-montre : Favoris et Parcours des Championnats de France 2025"}]},{"@type":"WebSite","@id":"https:\/\/dicodusport.fr\/blog\/#website","url":"https:\/\/dicodusport.fr\/blog\/","name":"Dicodusport","description":"L&#039;encyclop\u00e9die de l&#039;actualit\u00e9 sportive","publisher":{"@id":"https:\/\/dicodusport.fr\/blog\/#organization"},"potentialAction":[{"@type":"SearchAction","target":{"@type":"EntryPoint","urlTemplate":"https:\/\/dicodusport.fr\/blog\/?s={search_term_string}"},"query-input":{"@type":"PropertyValueSpecification","valueRequired":true,"valueName":"search_term_string"}}],"inLanguage":"fr-FR"},{"@type":"NewsMediaOrganization","@id":"https:\/\/dicodusport.fr\/blog\/#organization","name":"Dicodusport","url":"https:\/\/dicodusport.fr\/blog\/","logo":{"@type":"ImageObject","inLanguage":"fr-FR","@id":"https:\/\/dicodusport.fr\/blog\/#\/schema\/logo\/image\/","url":"https:\/\/dicodusport.fr\/blog\/wp-content\/uploads\/2020\/06\/cropped-LOGO-DICODUSPORT-2020-SANS-FOND-SANS-TEXTE.png","contentUrl":"https:\/\/dicodusport.fr\/blog\/wp-content\/uploads\/2020\/06\/cropped-LOGO-DICODUSPORT-2020-SANS-FOND-SANS-TEXTE.png","width":512,"height":512,"caption":"Dicodusport"},"image":{"@id":"https:\/\/dicodusport.fr\/blog\/#\/schema\/logo\/image\/"},"sameAs":["https:\/\/www.facebook.com\/dicodusport","https:\/\/x.com\/dicodusport","https:\/\/www.instagram.com\/dicodusport\/","https:\/\/www.youtube.com\/channel\/UC7V2KZ5sd3htJivAbA4ZG3w"],"description":"Dicodusport est l'encyclop\u00e9die de l'actualit\u00e9 sportive.","email":"bonjour@dicodusport.fr","legalName":"DICODUSPORT","foundingDate":"2018-01-14","vatID":"FR71834470973","taxID":"83447097300043","numberOfEmployees":{"@type":"QuantitativeValue","minValue":"1","maxValue":"10"}},{"@type":"Person","@id":"https:\/\/dicodusport.fr\/blog\/#\/schema\/person\/cb02af4c173ce4a653b55e9baf388d4a","name":"Flo Ostermann","image":{"@type":"ImageObject","inLanguage":"fr-FR","@id":"https:\/\/dicodusport.fr\/blog\/#\/schema\/person\/image\/","url":"https:\/\/dicodusport.fr\/blog\/wp-content\/uploads\/2021\/05\/Flo-Ostermann-150x150.jpg","contentUrl":"https:\/\/dicodusport.fr\/blog\/wp-content\/uploads\/2021\/05\/Flo-Ostermann-150x150.jpg","caption":"Flo Ostermann"},"description":"Journaliste\/R\u00e9dacteur depuis septembre 2015 - Mes premiers souvenirs dans le sport ? Les envol\u00e9es du Stade Toulousain et les duels Villeneuve-Schumacher et H\u00e4kkinen-Schumacher \u00e0 la fin des ann\u00e9es 90, la Coupe du monde de football en 1998, l\u2019exploit du XV de France face aux All Blacks en 1999, mais aussi Richard C\u0153ur de Lion qui vole sur les montagnes du Tour de France. Bien parti pour devenir professeur d\u2019EPS, les \u00e9v\u00e9nements de la vie (et la flemme d\u2019animer des s\u00e9ances de 3x500 m\u00e8tres toute ma vie) m\u2019ont conduit \u00e0 revoir mes plans. Me voil\u00e0 depuis fin 2017 sur Dicodusport, m\u00e9dia gr\u00e2ce (et pour) lequel je partage ma passion : le sport dans tous ses \u00e9tats. Le tout accompagn\u00e9 par les fous furieux et folles furieuses cit\u00e9s sur cette page !","sameAs":["https:\/\/www.facebook.com\/florent.ostermann","https:\/\/x.com\/https:\/\/twitter.com\/FlOstermann","admin"],"url":"https:\/\/dicodusport.fr\/blog\/author\/flo\/"}]}},"_links":{"self":[{"href":"https:\/\/dicodusport.fr\/blog\/wp-json\/wp\/v2\/posts\/590000","targetHints":{"allow":["GET"]}}],"collection":[{"href":"https:\/\/dicodusport.fr\/blog\/wp-json\/wp\/v2\/posts"}],"about":[{"href":"https:\/\/dicodusport.fr\/blog\/wp-json\/wp\/v2\/types\/post"}],"author":[{"embeddable":true,"href":"https:\/\/dicodusport.fr\/blog\/wp-json\/wp\/v2\/users\/4"}],"replies":[{"embeddable":true,"href":"https:\/\/dicodusport.fr\/blog\/wp-json\/wp\/v2\/comments?post=590000"}],"version-history":[{"count":3,"href":"https:\/\/dicodusport.fr\/blog\/wp-json\/wp\/v2\/posts\/590000\/revisions"}],"predecessor-version":[{"id":590304,"href":"https:\/\/dicodusport.fr\/blog\/wp-json\/wp\/v2\/posts\/590000\/revisions\/590304"}],"wp:featuredmedia":[{"embeddable":true,"href":"https:\/\/dicodusport.fr\/blog\/wp-json\/wp\/v2\/media\/590022"}],"wp:attachment":[{"href":"https:\/\/dicodusport.fr\/blog\/wp-json\/wp\/v2\/media?parent=590000"}],"wp:term":[{"taxonomy":"category","embeddable":true,"href":"https:\/\/dicodusport.fr\/blog\/wp-json\/wp\/v2\/categories?post=590000"},{"taxonomy":"post_tag","embeddable":true,"href":"https:\/\/dicodusport.fr\/blog\/wp-json\/wp\/v2\/tags?post=590000"}],"curies":[{"name":"wp","href":"https:\/\/api.w.org\/{rel}","templated":true}]}}