{"id":590054,"date":"2025-06-25T15:15:12","date_gmt":"2025-06-25T13:15:12","guid":{"rendered":"https:\/\/dicodusport.fr\/blog\/?p=590054&#038;preview=true&#038;preview_id=590054"},"modified":"2025-06-25T22:03:24","modified_gmt":"2025-06-25T20:03:24","slug":"ol-ligue-2-textor-ligue-europa-et-dncg-le-point-sur-la-situation-de-lyon","status":"publish","type":"post","link":"https:\/\/dicodusport.fr\/blog\/ol-ligue-2-textor-ligue-europa-et-dncg-le-point-sur-la-situation-de-lyon\/","title":{"rendered":"OL : Ligue 2, Textor, Ligue Europa et DNCG, le point sur la situation de Lyon"},"content":{"rendered":"<p style=\"text-align: justify;\"><strong><em>LIGUE 1 &#8211; Onde de choc pour le football fran\u00e7ais mardi soir avec l&rsquo;annonce de la r\u00e9trogradation de l&rsquo;Olympique Lyonnais en Ligue 2 par la DNCG.\u00a0<\/em><\/strong><\/p>\n<p style=\"text-align: justify;\">Comme \u00e0 chaque fois, <strong>John<\/strong> <strong>Textor<\/strong> avait affich\u00e9 de l&rsquo;optimisme avant de passer devant le gendarme financier du football fran\u00e7ais. Mais cela n&rsquo;aura pas suffi puisque, la DNCG a annonc\u00e9 la r\u00e9trogradation de Lyon alors que le club va faire appel de cette d\u00e9cision.<\/p>\n<h2 style=\"text-align: justify;\">La d\u00e9cision de la DNCG<\/h2>\n<p style=\"text-align: justify;\">Pour le moment, les motivations de la DNCG ne sont pas encore connues, mais de premiers \u00e9l\u00e9ments ont fuit\u00e9 dans la presse. <strong>Pierre Rondeau<\/strong> a notamment expliqu\u00e9 que <strong>John<\/strong> <strong>Textor<\/strong> avait inclus de possibles ventes de joueurs de <strong>Botafogo<\/strong> dans son budget pour la saison prochaine de l&rsquo;<strong>Olympique Lyonnais<\/strong>. La DNCG avait pr\u00e9venu que seuls les transferts boucl\u00e9s pouvaient \u00eatre pris en compte.<\/p>\n<blockquote class=\"twitter-tweet\">\n<p dir=\"ltr\" lang=\"fr\">La DNCG avait express\u00e9ment demand\u00e9 \u00e0 tous les clubs de pr\u00e9senter des budgets pr\u00e9visionnels garantis, sans al\u00e9a ni potentialit\u00e9. L&rsquo;incertitude concernant les droits TV \u00e9tant importante.<br \/>\nSeulement, l&rsquo;OL a int\u00e9gr\u00e9, dans son budget, des transferts \u00ab\u00a0potentiels\u00a0\u00bb de joueurs de Botafogo<\/p>\n<p>\u2014 Pierre Rondeau (@PierreR0ndeau) <a href=\"https:\/\/twitter.com\/PierreR0ndeau\/status\/1937767549829067060?ref_src=twsrc%5Etfw\">June 25, 2025<\/a><\/p><\/blockquote>\n<p style=\"text-align: justify;\"><script async src=\"https:\/\/platform.twitter.com\/widgets.js\" charset=\"utf-8\"><\/script><\/p>\n<p style=\"text-align: justify;\">L&rsquo;homme d&rsquo;affaires am\u00e9ricain a aussi vendu ses parts de <strong>Crystal<\/strong> <strong>Palace<\/strong> pour renflouer ses caisses, mais la transaction n&rsquo;est pas encore r\u00e9alis\u00e9e. La <strong>Premier<\/strong> <strong>League<\/strong> doit approuver la cession des parts et cette entr\u00e9e d&rsquo;argent ne peut pas non plus \u00eatre mise en gage pour la DNCG. Le gendarme financier devrait communiquer ses motivations pr\u00e9cises en fin de journ\u00e9e vendredi.<\/p>\n<h2 style=\"text-align: justify;\">L&rsquo;OL peut-il \u00e9voluer en Ligue 2 ? La Ligue Europa compromise en cas de rel\u00e9gation confirm\u00e9e<\/h2>\n<p style=\"text-align: justify;\"><strong>Lyon<\/strong> va faire appel et a une semaine pour revoir sa copie et faire inverser la tendance devant la commission d&rsquo;appel. Mais si la d\u00e9cision venait \u00e0 \u00eatre ent\u00e9rin\u00e9e, le club pourrait-il \u00e9voluer en <strong>Ligue 2<\/strong> ?\u00a0 Si ce n&rsquo;est pas impossible, cela semble compliqu\u00e9 \u00e0 la vue de sa dette et surtout de son co\u00fbt de fonctionnement. Les mannes financi\u00e8res sont bien moins importantes qu&rsquo;en Ligue 1, notamment au niveau des droits TV. Si l&rsquo;<strong>OL<\/strong> est d\u00e9ficitaire en Ligue 1, il le sera d&rsquo;autant plus en Ligue 2.\u00a0 Le d\u00e9p\u00f4t de bilan serait alors une option m\u00eame si on imagine mal les diff\u00e9rents acteurs impliqu\u00e9s laisser le club mourir.<\/p>\n<ul style=\"text-align: justify;\">\n<li style=\"text-align: justify;\"><strong>\u00c0 lire aussi &#8211; <a href=\"https:\/\/dicodusport.fr\/blog\/transferts-ol-malick-fofana-tres-courtise-lyon-veut-le-pactole-pour-son-transfert\/\">Transferts OL : Malick Fofana tr\u00e8s courtis\u00e9, Lyon veut le pactole pour son transfert<\/a><\/strong><\/li>\n<\/ul>\n<p style=\"text-align: justify;\">Si l&rsquo;OL est rel\u00e9gu\u00e9 et parvient \u00e0 \u00e9voluer en Ligue 2, la <strong>Ligue<\/strong> <strong>Europa<\/strong> ne devrait pas \u00eatre au programme. Selon nos confr\u00e8res de <em>L&rsquo;\u00c9quipe<\/em>, l&rsquo;UEFA, qui a pass\u00e9 un accord avec <strong>Lyon<\/strong>, devrait suspendre le club fran\u00e7ais en cas de rel\u00e9gation administrative. Les Lyonnais ne seraient donc pas europ\u00e9ens et cela pourrait profiter \u00e0 <strong>Strasbourg<\/strong> et <strong>Lens<\/strong>.<\/p>\n<h2 style=\"text-align: justify;\">John Textor, toujours au pouvoir ?<\/h2>\n<p style=\"text-align: justify;\">Cette rel\u00e9gation est en tout cas un v\u00e9ritable camouflet pour <strong>John<\/strong> <strong>Textor<\/strong> qui n&rsquo;a cess\u00e9 de r\u00e9p\u00e9ter son optimisme malgr\u00e9 les finances compliqu\u00e9es du club depuis son arriv\u00e9e. L&rsquo;Am\u00e9ricain va-t-il rester le capitaine du bateau ? C&rsquo;est possible, mais il pourrait aussi perdre sa place. Selon <em><a href=\"https:\/\/rmcsport.bfmtv.com\/football\/ligue-1\/quelles-sont-les-chances-credibles-de-l-ol-pour-eviter-la-retrogradation-administrative-en-ligue-2_AV-202506250266.html\">RMC Sport<\/a><\/em>, la balle est dans le camp d&rsquo;Ares Management, le principal pr\u00eateur de <strong>John<\/strong> <strong>Textor<\/strong>&#8230;<\/p>\n<ul style=\"text-align: justify;\">\n<li style=\"text-align: justify;\"><strong>\u00c0 lire aussi &#8211; <a href=\"https:\/\/dicodusport.fr\/blog\/mercato-lyon-les-details-du-transfert-de-rayan-cherki-a-manchester-city\/\">Mercato Lyon : Les d\u00e9tails du transfert de Rayan Cherki \u00e0 Manchester City<\/a><\/strong><\/li>\n<\/ul>\n<p style=\"text-align: justify;\"><em>Ares Management<\/em>, qui a pr\u00eat\u00e9 plus de 400 millions d&rsquo;euros pour le rachat du club, pourrait d\u00e9cider de reprendre le contr\u00f4le du club et d&rsquo;\u00e9carter le propri\u00e9taire am\u00e9ricain. Cette prise de contr\u00f4le pourrait permettre de rassurer pour le passage devant la commission d&rsquo;appel. Le fonds am\u00e9ricain pourrait aussi renflouer les caisses du club en maintenant <strong>John<\/strong> <strong>Textor<\/strong> \u00e0 la t\u00eate. Les deux options sont possibles, mais les d\u00e9lais sont courts et il va falloir agir rapidement pour sauver sa peau en Ligue 1.<\/p>\n<h3 style=\"text-align: justify;\">\u00c0 lire aussi<\/h3>\n<div class=\"vlp-link-container vlp-layout-article\"><a href=\"https:\/\/dicodusport.fr\/blog\/mercato-ol-2025-2026-le-tableau-complet-des-transferts-arrivees-et-departs\/\" class=\"vlp-link\" title=\"Mercato OL 2025-2026 : Le tableau complet des transferts, arriv\u00e9es et d\u00e9parts\"><\/a><div class=\"vlp-layout-zone-side\"><div class=\"vlp-block-4 vlp-link-image\"><img loading=\"lazy\" decoding=\"async\" style=\"max-width: 792px;\" width=\"792\" height=\"445\" src=\"https:\/\/dicodusport.fr\/blog\/wp-content\/uploads\/2025\/05\/Mercato-OL-2025-2026-Le-tableau-complet-des-transferts-arrivees-et-departs.png\" class=\"attachment-800x445 size-800x445\" alt=\"Mercato OL 2025-2026 Le tableau complet des transferts, arriv\u00e9es et d\u00e9parts\" srcset=\"https:\/\/dicodusport.fr\/blog\/wp-content\/uploads\/2025\/05\/Mercato-OL-2025-2026-Le-tableau-complet-des-transferts-arrivees-et-departs.png 1200w, https:\/\/dicodusport.fr\/blog\/wp-content\/uploads\/2025\/05\/Mercato-OL-2025-2026-Le-tableau-complet-des-transferts-arrivees-et-departs-300x169.png 300w, https:\/\/dicodusport.fr\/blog\/wp-content\/uploads\/2025\/05\/Mercato-OL-2025-2026-Le-tableau-complet-des-transferts-arrivees-et-departs-1024x575.png 1024w, https:\/\/dicodusport.fr\/blog\/wp-content\/uploads\/2025\/05\/Mercato-OL-2025-2026-Le-tableau-complet-des-transferts-arrivees-et-departs-768x431.png 768w\" sizes=\"auto, (max-width: 792px) 100vw, 792px\" \/><\/div><\/div><div class=\"vlp-layout-zone-main\"><div class=\"vlp-block-0 vlp-link-title\">Mercato OL 2025-2026 : Le tableau complet des transferts, arriv\u00e9es et d\u00e9parts<\/div><div class=\"vlp-block-1 vlp-link-summary\">TRANSFERTS OL - Retrouvez tous les mouvements de l'Olympique Lyonnais pour l'intersaison 2025 en Ligue 1. Arriv\u00e9es, d\u00e9part, pr\u00eats, transferts d\u00e9finitifs, ne ratez rien du mercato estival.\u00a0<\/div><div class=\"vlp-block-2 vlp-link-button\">Lire l'article<\/div><div class=\"vlp-block-3 vlp-link-url\">dicodusport.fr<\/div><\/div><\/div>\n","protected":false},"excerpt":{"rendered":"<p>LIGUE 1 &#8211; Onde de choc pour le football fran\u00e7ais mardi soir avec l&rsquo;annonce de la r\u00e9trogradation de l&rsquo;Olympique Lyonnais en Ligue 2 par la DNCG.\u00a0<\/p>\n","protected":false},"author":1,"featured_media":590071,"comment_status":"open","ping_status":"closed","sticky":false,"template":"","format":"standard","meta":{"_acf_changed":false,"_daextam_enable_autolinks":"1","footnotes":""},"categories":[47045],"tags":[16878,449,1145],"class_list":["post-590054","post","type-post","status-publish","format-standard","has-post-thumbnail","hentry","category-ligue-1","tag-breve","tag-lyon","tag-ol"],"acf":[],"yoast_head":"<!-- This site is optimized with the Yoast SEO Premium plugin v26.7 (Yoast SEO v26.7) - https:\/\/yoast.com\/wordpress\/plugins\/seo\/ -->\n<title>OL : Ligue 2, Textor, Ligue Europa et DNCG, le point sur la situation de Lyon<\/title>\n<meta name=\"description\" content=\"LIGUE 1 - Onde de choc pour le football fran\u00e7ais mardi soir avec l&#039;annonce de la r\u00e9trogradation de l&#039;Olympique Lyonnais en Ligue 2 par la DNCG.\u00a0\" \/>\n<meta name=\"robots\" content=\"index, follow, max-snippet:-1, max-image-preview:large, max-video-preview:-1\" \/>\n<link rel=\"canonical\" href=\"https:\/\/dicodusport.fr\/blog\/ol-ligue-2-textor-ligue-europa-et-dncg-le-point-sur-la-situation-de-lyon\/\" \/>\n<meta property=\"og:locale\" content=\"fr_FR\" \/>\n<meta property=\"og:type\" content=\"article\" \/>\n<meta property=\"og:title\" content=\"OL : Ligue 2, Textor, Ligue Europa et DNCG, le point sur la situation de Lyon\" \/>\n<meta property=\"og:description\" content=\"LIGUE 1 - Onde de choc pour le football fran\u00e7ais mardi soir avec l&#039;annonce de la r\u00e9trogradation de l&#039;Olympique Lyonnais en Ligue 2 par la DNCG.\u00a0\" \/>\n<meta property=\"og:url\" content=\"https:\/\/dicodusport.fr\/blog\/ol-ligue-2-textor-ligue-europa-et-dncg-le-point-sur-la-situation-de-lyon\/\" \/>\n<meta property=\"og:site_name\" content=\"Dicodusport\" \/>\n<meta property=\"article:publisher\" content=\"https:\/\/www.facebook.com\/dicodusport\" \/>\n<meta property=\"article:author\" content=\"https:\/\/www.facebook.com\/dicodusport\" \/>\n<meta property=\"article:published_time\" content=\"2025-06-25T13:15:12+00:00\" \/>\n<meta property=\"article:modified_time\" content=\"2025-06-25T20:03:24+00:00\" \/>\n<meta property=\"og:image\" content=\"https:\/\/dicodusport.fr\/blog\/wp-content\/uploads\/2025\/06\/OL-Ligue-2-Textor-Ligue-Europa-et-DNCG-le-point-sur-la-situation-de-Lyon.png\" \/>\n\t<meta property=\"og:image:width\" content=\"1200\" \/>\n\t<meta property=\"og:image:height\" content=\"674\" \/>\n\t<meta property=\"og:image:type\" content=\"image\/png\" \/>\n<meta name=\"author\" content=\"Nicolas Jacquemard\" \/>\n<meta name=\"twitter:card\" content=\"summary_large_image\" \/>\n<meta name=\"twitter:title\" content=\"OL : Ligue 2, Textor, Ligue Europa et DNCG, le point sur la situation de Lyon\" \/>\n<meta name=\"twitter:creator\" content=\"@https:\/\/twitter.com\/Nico_Jacquemard\" \/>\n<meta name=\"twitter:site\" content=\"@dicodusport\" \/>\n<script type=\"application\/ld+json\" class=\"yoast-schema-graph\">{\"@context\":\"https:\/\/schema.org\",\"@graph\":[{\"@type\":\"NewsArticle\",\"@id\":\"https:\/\/dicodusport.fr\/blog\/ol-ligue-2-textor-ligue-europa-et-dncg-le-point-sur-la-situation-de-lyon\/#article\",\"isPartOf\":{\"@id\":\"https:\/\/dicodusport.fr\/blog\/ol-ligue-2-textor-ligue-europa-et-dncg-le-point-sur-la-situation-de-lyon\/\"},\"author\":{\"name\":\"Nicolas Jacquemard\",\"@id\":\"https:\/\/dicodusport.fr\/blog\/#\/schema\/person\/55dcb50ad410894e431ed812bbb70191\"},\"headline\":\"OL : Ligue 2, Textor, Ligue Europa et DNCG, le point sur la situation de Lyon\",\"datePublished\":\"2025-06-25T13:15:12+00:00\",\"dateModified\":\"2025-06-25T20:03:24+00:00\",\"mainEntityOfPage\":{\"@id\":\"https:\/\/dicodusport.fr\/blog\/ol-ligue-2-textor-ligue-europa-et-dncg-le-point-sur-la-situation-de-lyon\/\"},\"wordCount\":776,\"commentCount\":0,\"publisher\":{\"@id\":\"https:\/\/dicodusport.fr\/blog\/#organization\"},\"image\":{\"@id\":\"https:\/\/dicodusport.fr\/blog\/ol-ligue-2-textor-ligue-europa-et-dncg-le-point-sur-la-situation-de-lyon\/#primaryimage\"},\"thumbnailUrl\":\"https:\/\/dicodusport.fr\/blog\/wp-content\/uploads\/2025\/06\/OL-Ligue-2-Textor-Ligue-Europa-et-DNCG-le-point-sur-la-situation-de-Lyon.png\",\"keywords\":[\"br\u00e8ve\",\"Lyon\",\"OL\"],\"articleSection\":[\"Ligue 1\"],\"inLanguage\":\"fr-FR\",\"potentialAction\":[{\"@type\":\"CommentAction\",\"name\":\"Comment\",\"target\":[\"https:\/\/dicodusport.fr\/blog\/ol-ligue-2-textor-ligue-europa-et-dncg-le-point-sur-la-situation-de-lyon\/#respond\"]}],\"copyrightYear\":\"2025\",\"copyrightHolder\":{\"@id\":\"https:\/\/dicodusport.fr\/blog\/#organization\"}},{\"@type\":\"WebPage\",\"@id\":\"https:\/\/dicodusport.fr\/blog\/ol-ligue-2-textor-ligue-europa-et-dncg-le-point-sur-la-situation-de-lyon\/\",\"url\":\"https:\/\/dicodusport.fr\/blog\/ol-ligue-2-textor-ligue-europa-et-dncg-le-point-sur-la-situation-de-lyon\/\",\"name\":\"OL : Ligue 2, Textor, Ligue Europa et DNCG, le point sur la situation de Lyon\",\"isPartOf\":{\"@id\":\"https:\/\/dicodusport.fr\/blog\/#website\"},\"primaryImageOfPage\":{\"@id\":\"https:\/\/dicodusport.fr\/blog\/ol-ligue-2-textor-ligue-europa-et-dncg-le-point-sur-la-situation-de-lyon\/#primaryimage\"},\"image\":{\"@id\":\"https:\/\/dicodusport.fr\/blog\/ol-ligue-2-textor-ligue-europa-et-dncg-le-point-sur-la-situation-de-lyon\/#primaryimage\"},\"thumbnailUrl\":\"https:\/\/dicodusport.fr\/blog\/wp-content\/uploads\/2025\/06\/OL-Ligue-2-Textor-Ligue-Europa-et-DNCG-le-point-sur-la-situation-de-Lyon.png\",\"datePublished\":\"2025-06-25T13:15:12+00:00\",\"dateModified\":\"2025-06-25T20:03:24+00:00\",\"description\":\"LIGUE 1 - Onde de choc pour le football fran\u00e7ais mardi soir avec l'annonce de la r\u00e9trogradation de l'Olympique Lyonnais en Ligue 2 par la DNCG.\u00a0\",\"breadcrumb\":{\"@id\":\"https:\/\/dicodusport.fr\/blog\/ol-ligue-2-textor-ligue-europa-et-dncg-le-point-sur-la-situation-de-lyon\/#breadcrumb\"},\"inLanguage\":\"fr-FR\",\"potentialAction\":[{\"@type\":\"ReadAction\",\"target\":[\"https:\/\/dicodusport.fr\/blog\/ol-ligue-2-textor-ligue-europa-et-dncg-le-point-sur-la-situation-de-lyon\/\"]}]},{\"@type\":\"ImageObject\",\"inLanguage\":\"fr-FR\",\"@id\":\"https:\/\/dicodusport.fr\/blog\/ol-ligue-2-textor-ligue-europa-et-dncg-le-point-sur-la-situation-de-lyon\/#primaryimage\",\"url\":\"https:\/\/dicodusport.fr\/blog\/wp-content\/uploads\/2025\/06\/OL-Ligue-2-Textor-Ligue-Europa-et-DNCG-le-point-sur-la-situation-de-Lyon.png\",\"contentUrl\":\"https:\/\/dicodusport.fr\/blog\/wp-content\/uploads\/2025\/06\/OL-Ligue-2-Textor-Ligue-Europa-et-DNCG-le-point-sur-la-situation-de-Lyon.png\",\"width\":1200,\"height\":674},{\"@type\":\"BreadcrumbList\",\"@id\":\"https:\/\/dicodusport.fr\/blog\/ol-ligue-2-textor-ligue-europa-et-dncg-le-point-sur-la-situation-de-lyon\/#breadcrumb\",\"itemListElement\":[{\"@type\":\"ListItem\",\"position\":1,\"name\":\"Accueil\",\"item\":\"https:\/\/dicodusport.fr\/blog\/\"},{\"@type\":\"ListItem\",\"position\":2,\"name\":\"OL : Ligue 2, Textor, Ligue Europa et DNCG, le point sur la situation de Lyon\"}]},{\"@type\":\"WebSite\",\"@id\":\"https:\/\/dicodusport.fr\/blog\/#website\",\"url\":\"https:\/\/dicodusport.fr\/blog\/\",\"name\":\"Dicodusport\",\"description\":\"L&#039;encyclop\u00e9die de l&#039;actualit\u00e9 sportive\",\"publisher\":{\"@id\":\"https:\/\/dicodusport.fr\/blog\/#organization\"},\"potentialAction\":[{\"@type\":\"SearchAction\",\"target\":{\"@type\":\"EntryPoint\",\"urlTemplate\":\"https:\/\/dicodusport.fr\/blog\/?s={search_term_string}\"},\"query-input\":{\"@type\":\"PropertyValueSpecification\",\"valueRequired\":true,\"valueName\":\"search_term_string\"}}],\"inLanguage\":\"fr-FR\"},{\"@type\":\"NewsMediaOrganization\",\"@id\":\"https:\/\/dicodusport.fr\/blog\/#organization\",\"name\":\"Dicodusport\",\"url\":\"https:\/\/dicodusport.fr\/blog\/\",\"logo\":{\"@type\":\"ImageObject\",\"inLanguage\":\"fr-FR\",\"@id\":\"https:\/\/dicodusport.fr\/blog\/#\/schema\/logo\/image\/\",\"url\":\"https:\/\/dicodusport.fr\/blog\/wp-content\/uploads\/2020\/06\/cropped-LOGO-DICODUSPORT-2020-SANS-FOND-SANS-TEXTE.png\",\"contentUrl\":\"https:\/\/dicodusport.fr\/blog\/wp-content\/uploads\/2020\/06\/cropped-LOGO-DICODUSPORT-2020-SANS-FOND-SANS-TEXTE.png\",\"width\":512,\"height\":512,\"caption\":\"Dicodusport\"},\"image\":{\"@id\":\"https:\/\/dicodusport.fr\/blog\/#\/schema\/logo\/image\/\"},\"sameAs\":[\"https:\/\/www.facebook.com\/dicodusport\",\"https:\/\/x.com\/dicodusport\",\"https:\/\/www.instagram.com\/dicodusport\/\",\"https:\/\/www.youtube.com\/channel\/UC7V2KZ5sd3htJivAbA4ZG3w\"],\"description\":\"Dicodusport est l'encyclop\u00e9die de l'actualit\u00e9 sportive.\",\"email\":\"bonjour@dicodusport.fr\",\"legalName\":\"DICODUSPORT\",\"foundingDate\":\"2018-01-14\",\"vatID\":\"FR71834470973\",\"taxID\":\"83447097300043\",\"numberOfEmployees\":{\"@type\":\"QuantitativeValue\",\"minValue\":\"1\",\"maxValue\":\"10\"}},{\"@type\":\"Person\",\"@id\":\"https:\/\/dicodusport.fr\/blog\/#\/schema\/person\/55dcb50ad410894e431ed812bbb70191\",\"name\":\"Nicolas Jacquemard\",\"image\":{\"@type\":\"ImageObject\",\"inLanguage\":\"fr-FR\",\"@id\":\"https:\/\/dicodusport.fr\/blog\/#\/schema\/person\/image\/\",\"url\":\"https:\/\/dicodusport.fr\/blog\/wp-content\/uploads\/2021\/05\/Nicolas-Jacquemard-150x150.jpeg\",\"contentUrl\":\"https:\/\/dicodusport.fr\/blog\/wp-content\/uploads\/2021\/05\/Nicolas-Jacquemard-150x150.jpeg\",\"caption\":\"Nicolas Jacquemard\"},\"description\":\"Passionn\u00e9 de sport et entrepreneur depuis mes 18 ans, la cr\u00e9ation de Dicodusport m'a sembl\u00e9 \u00e9vidente pour participer \u00e0 la m\u00e9diatisation d'un plus grand nombre de sports. Le chemin est long mais avec une \u00e9quipe des plus motiv\u00e9es et les Jeux Olympiques de Paris 2024 en point de mire, nous y arriverons ! Journaliste dans le monde du sport depuis plus de 5 ans, je traite aussi bien de football, de rugby, de biathlon que de cyclisme.\",\"sameAs\":[\"https:\/\/www.facebook.com\/dicodusport\",\"https:\/\/x.com\/https:\/\/twitter.com\/Nico_Jacquemard\"],\"url\":\"https:\/\/dicodusport.fr\/blog\/author\/dicodusport\/\"}]}<\/script>\n<!-- \/ Yoast SEO Premium plugin. -->","yoast_head_json":{"title":"OL : Ligue 2, Textor, Ligue Europa et DNCG, le point sur la situation de Lyon","description":"LIGUE 1 - Onde de choc pour le football fran\u00e7ais mardi soir avec l'annonce de la r\u00e9trogradation de l'Olympique Lyonnais en Ligue 2 par la DNCG.\u00a0","robots":{"index":"index","follow":"follow","max-snippet":"max-snippet:-1","max-image-preview":"max-image-preview:large","max-video-preview":"max-video-preview:-1"},"canonical":"https:\/\/dicodusport.fr\/blog\/ol-ligue-2-textor-ligue-europa-et-dncg-le-point-sur-la-situation-de-lyon\/","og_locale":"fr_FR","og_type":"article","og_title":"OL : Ligue 2, Textor, Ligue Europa et DNCG, le point sur la situation de Lyon","og_description":"LIGUE 1 - Onde de choc pour le football fran\u00e7ais mardi soir avec l'annonce de la r\u00e9trogradation de l'Olympique Lyonnais en Ligue 2 par la DNCG.\u00a0","og_url":"https:\/\/dicodusport.fr\/blog\/ol-ligue-2-textor-ligue-europa-et-dncg-le-point-sur-la-situation-de-lyon\/","og_site_name":"Dicodusport","article_publisher":"https:\/\/www.facebook.com\/dicodusport","article_author":"https:\/\/www.facebook.com\/dicodusport","article_published_time":"2025-06-25T13:15:12+00:00","article_modified_time":"2025-06-25T20:03:24+00:00","og_image":[{"width":1200,"height":674,"url":"https:\/\/dicodusport.fr\/blog\/wp-content\/uploads\/2025\/06\/OL-Ligue-2-Textor-Ligue-Europa-et-DNCG-le-point-sur-la-situation-de-Lyon.png","type":"image\/png"}],"author":"Nicolas Jacquemard","twitter_card":"summary_large_image","twitter_title":"OL : Ligue 2, Textor, Ligue Europa et DNCG, le point sur la situation de Lyon","twitter_creator":"@https:\/\/twitter.com\/Nico_Jacquemard","twitter_site":"@dicodusport","schema":{"@context":"https:\/\/schema.org","@graph":[{"@type":"NewsArticle","@id":"https:\/\/dicodusport.fr\/blog\/ol-ligue-2-textor-ligue-europa-et-dncg-le-point-sur-la-situation-de-lyon\/#article","isPartOf":{"@id":"https:\/\/dicodusport.fr\/blog\/ol-ligue-2-textor-ligue-europa-et-dncg-le-point-sur-la-situation-de-lyon\/"},"author":{"name":"Nicolas Jacquemard","@id":"https:\/\/dicodusport.fr\/blog\/#\/schema\/person\/55dcb50ad410894e431ed812bbb70191"},"headline":"OL : Ligue 2, Textor, Ligue Europa et DNCG, le point sur la situation de Lyon","datePublished":"2025-06-25T13:15:12+00:00","dateModified":"2025-06-25T20:03:24+00:00","mainEntityOfPage":{"@id":"https:\/\/dicodusport.fr\/blog\/ol-ligue-2-textor-ligue-europa-et-dncg-le-point-sur-la-situation-de-lyon\/"},"wordCount":776,"commentCount":0,"publisher":{"@id":"https:\/\/dicodusport.fr\/blog\/#organization"},"image":{"@id":"https:\/\/dicodusport.fr\/blog\/ol-ligue-2-textor-ligue-europa-et-dncg-le-point-sur-la-situation-de-lyon\/#primaryimage"},"thumbnailUrl":"https:\/\/dicodusport.fr\/blog\/wp-content\/uploads\/2025\/06\/OL-Ligue-2-Textor-Ligue-Europa-et-DNCG-le-point-sur-la-situation-de-Lyon.png","keywords":["br\u00e8ve","Lyon","OL"],"articleSection":["Ligue 1"],"inLanguage":"fr-FR","potentialAction":[{"@type":"CommentAction","name":"Comment","target":["https:\/\/dicodusport.fr\/blog\/ol-ligue-2-textor-ligue-europa-et-dncg-le-point-sur-la-situation-de-lyon\/#respond"]}],"copyrightYear":"2025","copyrightHolder":{"@id":"https:\/\/dicodusport.fr\/blog\/#organization"}},{"@type":"WebPage","@id":"https:\/\/dicodusport.fr\/blog\/ol-ligue-2-textor-ligue-europa-et-dncg-le-point-sur-la-situation-de-lyon\/","url":"https:\/\/dicodusport.fr\/blog\/ol-ligue-2-textor-ligue-europa-et-dncg-le-point-sur-la-situation-de-lyon\/","name":"OL : Ligue 2, Textor, Ligue Europa et DNCG, le point sur la situation de Lyon","isPartOf":{"@id":"https:\/\/dicodusport.fr\/blog\/#website"},"primaryImageOfPage":{"@id":"https:\/\/dicodusport.fr\/blog\/ol-ligue-2-textor-ligue-europa-et-dncg-le-point-sur-la-situation-de-lyon\/#primaryimage"},"image":{"@id":"https:\/\/dicodusport.fr\/blog\/ol-ligue-2-textor-ligue-europa-et-dncg-le-point-sur-la-situation-de-lyon\/#primaryimage"},"thumbnailUrl":"https:\/\/dicodusport.fr\/blog\/wp-content\/uploads\/2025\/06\/OL-Ligue-2-Textor-Ligue-Europa-et-DNCG-le-point-sur-la-situation-de-Lyon.png","datePublished":"2025-06-25T13:15:12+00:00","dateModified":"2025-06-25T20:03:24+00:00","description":"LIGUE 1 - Onde de choc pour le football fran\u00e7ais mardi soir avec l'annonce de la r\u00e9trogradation de l'Olympique Lyonnais en Ligue 2 par la DNCG.\u00a0","breadcrumb":{"@id":"https:\/\/dicodusport.fr\/blog\/ol-ligue-2-textor-ligue-europa-et-dncg-le-point-sur-la-situation-de-lyon\/#breadcrumb"},"inLanguage":"fr-FR","potentialAction":[{"@type":"ReadAction","target":["https:\/\/dicodusport.fr\/blog\/ol-ligue-2-textor-ligue-europa-et-dncg-le-point-sur-la-situation-de-lyon\/"]}]},{"@type":"ImageObject","inLanguage":"fr-FR","@id":"https:\/\/dicodusport.fr\/blog\/ol-ligue-2-textor-ligue-europa-et-dncg-le-point-sur-la-situation-de-lyon\/#primaryimage","url":"https:\/\/dicodusport.fr\/blog\/wp-content\/uploads\/2025\/06\/OL-Ligue-2-Textor-Ligue-Europa-et-DNCG-le-point-sur-la-situation-de-Lyon.png","contentUrl":"https:\/\/dicodusport.fr\/blog\/wp-content\/uploads\/2025\/06\/OL-Ligue-2-Textor-Ligue-Europa-et-DNCG-le-point-sur-la-situation-de-Lyon.png","width":1200,"height":674},{"@type":"BreadcrumbList","@id":"https:\/\/dicodusport.fr\/blog\/ol-ligue-2-textor-ligue-europa-et-dncg-le-point-sur-la-situation-de-lyon\/#breadcrumb","itemListElement":[{"@type":"ListItem","position":1,"name":"Accueil","item":"https:\/\/dicodusport.fr\/blog\/"},{"@type":"ListItem","position":2,"name":"OL : Ligue 2, Textor, Ligue Europa et DNCG, le point sur la situation de Lyon"}]},{"@type":"WebSite","@id":"https:\/\/dicodusport.fr\/blog\/#website","url":"https:\/\/dicodusport.fr\/blog\/","name":"Dicodusport","description":"L&#039;encyclop\u00e9die de l&#039;actualit\u00e9 sportive","publisher":{"@id":"https:\/\/dicodusport.fr\/blog\/#organization"},"potentialAction":[{"@type":"SearchAction","target":{"@type":"EntryPoint","urlTemplate":"https:\/\/dicodusport.fr\/blog\/?s={search_term_string}"},"query-input":{"@type":"PropertyValueSpecification","valueRequired":true,"valueName":"search_term_string"}}],"inLanguage":"fr-FR"},{"@type":"NewsMediaOrganization","@id":"https:\/\/dicodusport.fr\/blog\/#organization","name":"Dicodusport","url":"https:\/\/dicodusport.fr\/blog\/","logo":{"@type":"ImageObject","inLanguage":"fr-FR","@id":"https:\/\/dicodusport.fr\/blog\/#\/schema\/logo\/image\/","url":"https:\/\/dicodusport.fr\/blog\/wp-content\/uploads\/2020\/06\/cropped-LOGO-DICODUSPORT-2020-SANS-FOND-SANS-TEXTE.png","contentUrl":"https:\/\/dicodusport.fr\/blog\/wp-content\/uploads\/2020\/06\/cropped-LOGO-DICODUSPORT-2020-SANS-FOND-SANS-TEXTE.png","width":512,"height":512,"caption":"Dicodusport"},"image":{"@id":"https:\/\/dicodusport.fr\/blog\/#\/schema\/logo\/image\/"},"sameAs":["https:\/\/www.facebook.com\/dicodusport","https:\/\/x.com\/dicodusport","https:\/\/www.instagram.com\/dicodusport\/","https:\/\/www.youtube.com\/channel\/UC7V2KZ5sd3htJivAbA4ZG3w"],"description":"Dicodusport est l'encyclop\u00e9die de l'actualit\u00e9 sportive.","email":"bonjour@dicodusport.fr","legalName":"DICODUSPORT","foundingDate":"2018-01-14","vatID":"FR71834470973","taxID":"83447097300043","numberOfEmployees":{"@type":"QuantitativeValue","minValue":"1","maxValue":"10"}},{"@type":"Person","@id":"https:\/\/dicodusport.fr\/blog\/#\/schema\/person\/55dcb50ad410894e431ed812bbb70191","name":"Nicolas Jacquemard","image":{"@type":"ImageObject","inLanguage":"fr-FR","@id":"https:\/\/dicodusport.fr\/blog\/#\/schema\/person\/image\/","url":"https:\/\/dicodusport.fr\/blog\/wp-content\/uploads\/2021\/05\/Nicolas-Jacquemard-150x150.jpeg","contentUrl":"https:\/\/dicodusport.fr\/blog\/wp-content\/uploads\/2021\/05\/Nicolas-Jacquemard-150x150.jpeg","caption":"Nicolas Jacquemard"},"description":"Passionn\u00e9 de sport et entrepreneur depuis mes 18 ans, la cr\u00e9ation de Dicodusport m'a sembl\u00e9 \u00e9vidente pour participer \u00e0 la m\u00e9diatisation d'un plus grand nombre de sports. Le chemin est long mais avec une \u00e9quipe des plus motiv\u00e9es et les Jeux Olympiques de Paris 2024 en point de mire, nous y arriverons ! Journaliste dans le monde du sport depuis plus de 5 ans, je traite aussi bien de football, de rugby, de biathlon que de cyclisme.","sameAs":["https:\/\/www.facebook.com\/dicodusport","https:\/\/x.com\/https:\/\/twitter.com\/Nico_Jacquemard"],"url":"https:\/\/dicodusport.fr\/blog\/author\/dicodusport\/"}]}},"_links":{"self":[{"href":"https:\/\/dicodusport.fr\/blog\/wp-json\/wp\/v2\/posts\/590054","targetHints":{"allow":["GET"]}}],"collection":[{"href":"https:\/\/dicodusport.fr\/blog\/wp-json\/wp\/v2\/posts"}],"about":[{"href":"https:\/\/dicodusport.fr\/blog\/wp-json\/wp\/v2\/types\/post"}],"author":[{"embeddable":true,"href":"https:\/\/dicodusport.fr\/blog\/wp-json\/wp\/v2\/users\/1"}],"replies":[{"embeddable":true,"href":"https:\/\/dicodusport.fr\/blog\/wp-json\/wp\/v2\/comments?post=590054"}],"version-history":[{"count":5,"href":"https:\/\/dicodusport.fr\/blog\/wp-json\/wp\/v2\/posts\/590054\/revisions"}],"predecessor-version":[{"id":590160,"href":"https:\/\/dicodusport.fr\/blog\/wp-json\/wp\/v2\/posts\/590054\/revisions\/590160"}],"wp:featuredmedia":[{"embeddable":true,"href":"https:\/\/dicodusport.fr\/blog\/wp-json\/wp\/v2\/media\/590071"}],"wp:attachment":[{"href":"https:\/\/dicodusport.fr\/blog\/wp-json\/wp\/v2\/media?parent=590054"}],"wp:term":[{"taxonomy":"category","embeddable":true,"href":"https:\/\/dicodusport.fr\/blog\/wp-json\/wp\/v2\/categories?post=590054"},{"taxonomy":"post_tag","embeddable":true,"href":"https:\/\/dicodusport.fr\/blog\/wp-json\/wp\/v2\/tags?post=590054"}],"curies":[{"name":"wp","href":"https:\/\/api.w.org\/{rel}","templated":true}]}}