{"id":59029,"date":"2020-02-05T09:39:25","date_gmt":"2020-02-05T08:39:25","guid":{"rendered":"http:\/\/dicodusport.fr\/blog\/?p=59029&#038;preview=true&#038;preview_id=59029"},"modified":"2020-02-05T13:26:00","modified_gmt":"2020-02-05T12:26:00","slug":"un-plateau-xxl-pour-les-boucles-drome-ardeche","status":"publish","type":"post","link":"https:\/\/dicodusport.fr\/blog\/un-plateau-xxl-pour-les-boucles-drome-ardeche\/","title":{"rendered":"Un plateau XXL pour les Boucles Dr\u00f4me-Ardeche"},"content":{"rendered":"<p style=\"text-align: justify;\"><em><b>Les Boucles Dr\u00f4me-Ard\u00e8che qui regroupent deux \u00e9preuves, Faun Classic de l&rsquo;Ard\u00e8che (29 f\u00e9vrier) et la Royal Bernard Dr\u00f4me Classic (1er mars) ont annonc\u00e9 un tr\u00e8s beau plateau.<\/b><\/em><\/p>\n<p style=\"text-align: justify;\">Charly Mottet a annonc\u00e9 un tr\u00e8s beau plateau pour cette ann\u00e9e sur les Boucles Dr\u00f4me-Ard\u00e8che. <strong>Julian Alaphilippe<\/strong> (Deceuninck-Quick Step), <strong>Romain Bardet <\/strong>et\u00a0<strong>Pierre Latour<\/strong> (AG2R La Mondiale) seront de la partie. M\u00eame chose pour <strong>Warren Barguil<\/strong> (Ark\u00e9a-Samsic), <strong>Guillaume Martin<\/strong> (Cofidis) et <strong>Lilian Calmejane<\/strong> (Total Direct \u00c9nergie). En 2019, <strong>Lilian Calmejane<\/strong> avait remport\u00e9 la <strong>Classic de l&rsquo;Ard\u00e8che<\/strong> alors que la <strong>Dr\u00f4me Classic<\/strong> avait \u00e9t\u00e9 enlev\u00e9e par <strong>Alexis Vuillermoz<\/strong>. Ces deux courses seront retransmises sur La Chaine L&rsquo;\u00c9quipe.<\/p>\n<blockquote class=\"twitter-tweet\">\n<p dir=\"ltr\" lang=\"fr\"><a href=\"https:\/\/twitter.com\/hashtag\/BDA20?src=hash&amp;ref_src=twsrc%5Etfw\">#BDA20<\/a>&#x1f382; 20 ans, \u00e7a se f\u00e8te &#x1f525;<a href=\"https:\/\/twitter.com\/alafpolak1?ref_src=twsrc%5Etfw\">@alafpolak1<\/a> <a href=\"https:\/\/twitter.com\/romainbardet?ref_src=twsrc%5Etfw\">@romainbardet<\/a> <a href=\"https:\/\/twitter.com\/L_Calmejane?ref_src=twsrc%5Etfw\">@L_Calmejane<\/a> <a href=\"https:\/\/twitter.com\/WarrenBarguil?ref_src=twsrc%5Etfw\">@WarrenBarguil<\/a> <a href=\"https:\/\/twitter.com\/p_latour?ref_src=twsrc%5Etfw\">@p_latour<\/a> <a href=\"https:\/\/twitter.com\/GuilmMartin?ref_src=twsrc%5Etfw\">@GuilmMartin<\/a> seront au d\u00e9part &#x26a1;&#xfe0f;<br \/>\nEt vous ?<br \/>\n&#x1f51c; RDV les 29 f\u00e9v. &#8211; 1er mars 2020 <a href=\"https:\/\/t.co\/5smFpXOPgl\">pic.twitter.com\/5smFpXOPgl<\/a><\/p>\n<p>\u2014 Boucles DromeArdeche (@boucles_classic) <a href=\"https:\/\/twitter.com\/boucles_classic\/status\/1224780326758731787?ref_src=twsrc%5Etfw\">February 4, 2020<\/a><\/p><\/blockquote>\n<p style=\"text-align: justify;\"><script async src=\"https:\/\/platform.twitter.com\/widgets.js\" charset=\"utf-8\"><\/script><\/p>\n<p style=\"text-align: justify;\"><strong><em>Dicodusport<br \/>\n<a href=\"https:\/\/www.facebook.com\/dicodusport\/\" target=\"_blank\" rel=\"noopener noreferrer\"><img loading=\"lazy\" decoding=\"async\" class=\"alignnone wp-image-2909\" src=\"http:\/\/dicodusport.fr\/blog\/wp-content\/uploads\/2017\/07\/logo-facebook-150x150.png\" alt=\"\" width=\"40\" height=\"40\" \/><\/a><a href=\"https:\/\/twitter.com\/dicodusport\" target=\"_blank\" rel=\"noopener noreferrer\"><img loading=\"lazy\" decoding=\"async\" class=\"alignnone wp-image-2908\" src=\"http:\/\/dicodusport.fr\/blog\/wp-content\/uploads\/2017\/07\/logo-twitter-150x150.png\" alt=\"\" width=\"39\" height=\"39\" \/><\/a><\/em><\/strong><\/p>\n","protected":false},"excerpt":{"rendered":"<p>Les Boucles Dr\u00f4me-Ard\u00e8che qui regroupent deux \u00e9preuves, la Faun Classic de l&rsquo;Ard\u00e8che (29 f\u00e9vrier) et la Royal Bernard Dr\u00f4me Classic (1er mars) ont annonc\u00e9 un tr\u00e8s beau plateau.<\/p>\n","protected":false},"author":1,"featured_media":59032,"comment_status":"open","ping_status":"closed","sticky":false,"template":"","format":"standard","meta":{"_acf_changed":false,"_daextam_enable_autolinks":"","footnotes":""},"categories":[2307],"tags":[1446,7367],"class_list":["post-59029","post","type-post","status-publish","format-standard","has-post-thumbnail","hentry","category-cyclisme","tag-bardet","tag-boucles-drome-ardeche"],"acf":[],"yoast_head":"<!-- This site is optimized with the Yoast SEO Premium plugin v26.7 (Yoast SEO v26.7) - https:\/\/yoast.com\/wordpress\/plugins\/seo\/ -->\n<title>Un plateau XXL pour les Boucles Dr\u00f4me-Ardeche<\/title>\n<meta name=\"description\" content=\"Les Boucles Dr\u00f4me-Ard\u00e8che qui regroupent deux \u00e9preuves, la Faun Classic de l&#039;Ard\u00e8che (29 f\u00e9vrier) et la Royal Bernard Dr\u00f4me Classic (1er mars) ont annonc\u00e9 un tr\u00e8s beau plateau.\" \/>\n<meta name=\"robots\" content=\"index, follow, max-snippet:-1, max-image-preview:large, max-video-preview:-1\" \/>\n<link rel=\"canonical\" href=\"https:\/\/dicodusport.fr\/blog\/un-plateau-xxl-pour-les-boucles-drome-ardeche\/\" \/>\n<meta property=\"og:locale\" content=\"fr_FR\" \/>\n<meta property=\"og:type\" content=\"article\" \/>\n<meta property=\"og:title\" content=\"Un plateau XXL pour les Boucles Dr\u00f4me-Ardeche\" \/>\n<meta property=\"og:description\" content=\"Les Boucles Dr\u00f4me-Ard\u00e8che qui regroupent deux \u00e9preuves, la Faun Classic de l&#039;Ard\u00e8che (29 f\u00e9vrier) et la Royal Bernard Dr\u00f4me Classic (1er mars) ont annonc\u00e9 un tr\u00e8s beau plateau.\" \/>\n<meta property=\"og:url\" content=\"https:\/\/dicodusport.fr\/blog\/un-plateau-xxl-pour-les-boucles-drome-ardeche\/\" \/>\n<meta property=\"og:site_name\" content=\"Dicodusport\" \/>\n<meta property=\"article:publisher\" content=\"https:\/\/www.facebook.com\/dicodusport\" \/>\n<meta property=\"article:author\" content=\"https:\/\/www.facebook.com\/dicodusport\" \/>\n<meta property=\"article:published_time\" content=\"2020-02-05T08:39:25+00:00\" \/>\n<meta property=\"article:modified_time\" content=\"2020-02-05T12:26:00+00:00\" \/>\n<meta property=\"og:image\" content=\"https:\/\/dicodusport.fr\/blog\/wp-content\/uploads\/2020\/02\/Julian-Alaphilippe.png\" \/>\n\t<meta property=\"og:image:width\" content=\"800\" \/>\n\t<meta property=\"og:image:height\" content=\"445\" \/>\n\t<meta property=\"og:image:type\" content=\"image\/png\" \/>\n<meta name=\"author\" content=\"Nicolas Jacquemard\" \/>\n<meta name=\"twitter:card\" content=\"summary_large_image\" \/>\n<meta name=\"twitter:title\" content=\"Un plateau XXL pour les Boucles Dr\u00f4me-Ardeche\" \/>\n<meta name=\"twitter:creator\" content=\"@https:\/\/twitter.com\/Nico_Jacquemard\" \/>\n<meta name=\"twitter:site\" content=\"@dicodusport\" \/>\n<script type=\"application\/ld+json\" class=\"yoast-schema-graph\">{\"@context\":\"https:\/\/schema.org\",\"@graph\":[{\"@type\":\"NewsArticle\",\"@id\":\"https:\/\/dicodusport.fr\/blog\/un-plateau-xxl-pour-les-boucles-drome-ardeche\/#article\",\"isPartOf\":{\"@id\":\"https:\/\/dicodusport.fr\/blog\/un-plateau-xxl-pour-les-boucles-drome-ardeche\/\"},\"author\":{\"name\":\"Nicolas Jacquemard\",\"@id\":\"https:\/\/dicodusport.fr\/blog\/#\/schema\/person\/55dcb50ad410894e431ed812bbb70191\"},\"headline\":\"Un plateau XXL pour les Boucles Dr\u00f4me-Ardeche\",\"datePublished\":\"2020-02-05T08:39:25+00:00\",\"dateModified\":\"2020-02-05T12:26:00+00:00\",\"mainEntityOfPage\":{\"@id\":\"https:\/\/dicodusport.fr\/blog\/un-plateau-xxl-pour-les-boucles-drome-ardeche\/\"},\"wordCount\":176,\"commentCount\":0,\"publisher\":{\"@id\":\"https:\/\/dicodusport.fr\/blog\/#organization\"},\"image\":{\"@id\":\"https:\/\/dicodusport.fr\/blog\/un-plateau-xxl-pour-les-boucles-drome-ardeche\/#primaryimage\"},\"thumbnailUrl\":\"https:\/\/dicodusport.fr\/blog\/wp-content\/uploads\/2020\/02\/Julian-Alaphilippe.png\",\"keywords\":[\"bardet\",\"Boucles Dr\u00f4me-Ard\u00e8che\"],\"articleSection\":[\"Cyclisme\"],\"inLanguage\":\"fr-FR\",\"potentialAction\":[{\"@type\":\"CommentAction\",\"name\":\"Comment\",\"target\":[\"https:\/\/dicodusport.fr\/blog\/un-plateau-xxl-pour-les-boucles-drome-ardeche\/#respond\"]}],\"copyrightYear\":\"2020\",\"copyrightHolder\":{\"@id\":\"https:\/\/dicodusport.fr\/blog\/#organization\"}},{\"@type\":\"WebPage\",\"@id\":\"https:\/\/dicodusport.fr\/blog\/un-plateau-xxl-pour-les-boucles-drome-ardeche\/\",\"url\":\"https:\/\/dicodusport.fr\/blog\/un-plateau-xxl-pour-les-boucles-drome-ardeche\/\",\"name\":\"Un plateau XXL pour les Boucles Dr\u00f4me-Ardeche\",\"isPartOf\":{\"@id\":\"https:\/\/dicodusport.fr\/blog\/#website\"},\"primaryImageOfPage\":{\"@id\":\"https:\/\/dicodusport.fr\/blog\/un-plateau-xxl-pour-les-boucles-drome-ardeche\/#primaryimage\"},\"image\":{\"@id\":\"https:\/\/dicodusport.fr\/blog\/un-plateau-xxl-pour-les-boucles-drome-ardeche\/#primaryimage\"},\"thumbnailUrl\":\"https:\/\/dicodusport.fr\/blog\/wp-content\/uploads\/2020\/02\/Julian-Alaphilippe.png\",\"datePublished\":\"2020-02-05T08:39:25+00:00\",\"dateModified\":\"2020-02-05T12:26:00+00:00\",\"description\":\"Les Boucles Dr\u00f4me-Ard\u00e8che qui regroupent deux \u00e9preuves, la Faun Classic de l'Ard\u00e8che (29 f\u00e9vrier) et la Royal Bernard Dr\u00f4me Classic (1er mars) ont annonc\u00e9 un tr\u00e8s beau plateau.\",\"breadcrumb\":{\"@id\":\"https:\/\/dicodusport.fr\/blog\/un-plateau-xxl-pour-les-boucles-drome-ardeche\/#breadcrumb\"},\"inLanguage\":\"fr-FR\",\"potentialAction\":[{\"@type\":\"ReadAction\",\"target\":[\"https:\/\/dicodusport.fr\/blog\/un-plateau-xxl-pour-les-boucles-drome-ardeche\/\"]}]},{\"@type\":\"ImageObject\",\"inLanguage\":\"fr-FR\",\"@id\":\"https:\/\/dicodusport.fr\/blog\/un-plateau-xxl-pour-les-boucles-drome-ardeche\/#primaryimage\",\"url\":\"https:\/\/dicodusport.fr\/blog\/wp-content\/uploads\/2020\/02\/Julian-Alaphilippe.png\",\"contentUrl\":\"https:\/\/dicodusport.fr\/blog\/wp-content\/uploads\/2020\/02\/Julian-Alaphilippe.png\",\"width\":800,\"height\":445},{\"@type\":\"BreadcrumbList\",\"@id\":\"https:\/\/dicodusport.fr\/blog\/un-plateau-xxl-pour-les-boucles-drome-ardeche\/#breadcrumb\",\"itemListElement\":[{\"@type\":\"ListItem\",\"position\":1,\"name\":\"Accueil\",\"item\":\"https:\/\/dicodusport.fr\/blog\/\"},{\"@type\":\"ListItem\",\"position\":2,\"name\":\"Un plateau XXL pour les Boucles Dr\u00f4me-Ardeche\"}]},{\"@type\":\"WebSite\",\"@id\":\"https:\/\/dicodusport.fr\/blog\/#website\",\"url\":\"https:\/\/dicodusport.fr\/blog\/\",\"name\":\"Dicodusport\",\"description\":\"L&#039;encyclop\u00e9die de l&#039;actualit\u00e9 sportive\",\"publisher\":{\"@id\":\"https:\/\/dicodusport.fr\/blog\/#organization\"},\"potentialAction\":[{\"@type\":\"SearchAction\",\"target\":{\"@type\":\"EntryPoint\",\"urlTemplate\":\"https:\/\/dicodusport.fr\/blog\/?s={search_term_string}\"},\"query-input\":{\"@type\":\"PropertyValueSpecification\",\"valueRequired\":true,\"valueName\":\"search_term_string\"}}],\"inLanguage\":\"fr-FR\"},{\"@type\":\"NewsMediaOrganization\",\"@id\":\"https:\/\/dicodusport.fr\/blog\/#organization\",\"name\":\"Dicodusport\",\"url\":\"https:\/\/dicodusport.fr\/blog\/\",\"logo\":{\"@type\":\"ImageObject\",\"inLanguage\":\"fr-FR\",\"@id\":\"https:\/\/dicodusport.fr\/blog\/#\/schema\/logo\/image\/\",\"url\":\"https:\/\/dicodusport.fr\/blog\/wp-content\/uploads\/2020\/06\/cropped-LOGO-DICODUSPORT-2020-SANS-FOND-SANS-TEXTE.png\",\"contentUrl\":\"https:\/\/dicodusport.fr\/blog\/wp-content\/uploads\/2020\/06\/cropped-LOGO-DICODUSPORT-2020-SANS-FOND-SANS-TEXTE.png\",\"width\":512,\"height\":512,\"caption\":\"Dicodusport\"},\"image\":{\"@id\":\"https:\/\/dicodusport.fr\/blog\/#\/schema\/logo\/image\/\"},\"sameAs\":[\"https:\/\/www.facebook.com\/dicodusport\",\"https:\/\/x.com\/dicodusport\",\"https:\/\/www.instagram.com\/dicodusport\/\",\"https:\/\/www.youtube.com\/channel\/UC7V2KZ5sd3htJivAbA4ZG3w\"],\"description\":\"Dicodusport est l'encyclop\u00e9die de l'actualit\u00e9 sportive.\",\"email\":\"bonjour@dicodusport.fr\",\"legalName\":\"DICODUSPORT\",\"foundingDate\":\"2018-01-14\",\"vatID\":\"FR71834470973\",\"taxID\":\"83447097300043\",\"numberOfEmployees\":{\"@type\":\"QuantitativeValue\",\"minValue\":\"1\",\"maxValue\":\"10\"}},{\"@type\":\"Person\",\"@id\":\"https:\/\/dicodusport.fr\/blog\/#\/schema\/person\/55dcb50ad410894e431ed812bbb70191\",\"name\":\"Nicolas Jacquemard\",\"image\":{\"@type\":\"ImageObject\",\"inLanguage\":\"fr-FR\",\"@id\":\"https:\/\/dicodusport.fr\/blog\/#\/schema\/person\/image\/\",\"url\":\"https:\/\/dicodusport.fr\/blog\/wp-content\/uploads\/2021\/05\/Nicolas-Jacquemard-150x150.jpeg\",\"contentUrl\":\"https:\/\/dicodusport.fr\/blog\/wp-content\/uploads\/2021\/05\/Nicolas-Jacquemard-150x150.jpeg\",\"caption\":\"Nicolas Jacquemard\"},\"description\":\"Passionn\u00e9 de sport et entrepreneur depuis mes 18 ans, la cr\u00e9ation de Dicodusport m'a sembl\u00e9 \u00e9vidente pour participer \u00e0 la m\u00e9diatisation d'un plus grand nombre de sports. Le chemin est long mais avec une \u00e9quipe des plus motiv\u00e9es et les Jeux Olympiques de Paris 2024 en point de mire, nous y arriverons ! Journaliste dans le monde du sport depuis plus de 5 ans, je traite aussi bien de football, de rugby, de biathlon que de cyclisme.\",\"sameAs\":[\"https:\/\/www.facebook.com\/dicodusport\",\"https:\/\/x.com\/https:\/\/twitter.com\/Nico_Jacquemard\"],\"url\":\"https:\/\/dicodusport.fr\/blog\/author\/dicodusport\/\"}]}<\/script>\n<!-- \/ Yoast SEO Premium plugin. -->","yoast_head_json":{"title":"Un plateau XXL pour les Boucles Dr\u00f4me-Ardeche","description":"Les Boucles Dr\u00f4me-Ard\u00e8che qui regroupent deux \u00e9preuves, la Faun Classic de l'Ard\u00e8che (29 f\u00e9vrier) et la Royal Bernard Dr\u00f4me Classic (1er mars) ont annonc\u00e9 un tr\u00e8s beau plateau.","robots":{"index":"index","follow":"follow","max-snippet":"max-snippet:-1","max-image-preview":"max-image-preview:large","max-video-preview":"max-video-preview:-1"},"canonical":"https:\/\/dicodusport.fr\/blog\/un-plateau-xxl-pour-les-boucles-drome-ardeche\/","og_locale":"fr_FR","og_type":"article","og_title":"Un plateau XXL pour les Boucles Dr\u00f4me-Ardeche","og_description":"Les Boucles Dr\u00f4me-Ard\u00e8che qui regroupent deux \u00e9preuves, la Faun Classic de l'Ard\u00e8che (29 f\u00e9vrier) et la Royal Bernard Dr\u00f4me Classic (1er mars) ont annonc\u00e9 un tr\u00e8s beau plateau.","og_url":"https:\/\/dicodusport.fr\/blog\/un-plateau-xxl-pour-les-boucles-drome-ardeche\/","og_site_name":"Dicodusport","article_publisher":"https:\/\/www.facebook.com\/dicodusport","article_author":"https:\/\/www.facebook.com\/dicodusport","article_published_time":"2020-02-05T08:39:25+00:00","article_modified_time":"2020-02-05T12:26:00+00:00","og_image":[{"width":800,"height":445,"url":"https:\/\/dicodusport.fr\/blog\/wp-content\/uploads\/2020\/02\/Julian-Alaphilippe.png","type":"image\/png"}],"author":"Nicolas Jacquemard","twitter_card":"summary_large_image","twitter_title":"Un plateau XXL pour les Boucles Dr\u00f4me-Ardeche","twitter_creator":"@https:\/\/twitter.com\/Nico_Jacquemard","twitter_site":"@dicodusport","schema":{"@context":"https:\/\/schema.org","@graph":[{"@type":"NewsArticle","@id":"https:\/\/dicodusport.fr\/blog\/un-plateau-xxl-pour-les-boucles-drome-ardeche\/#article","isPartOf":{"@id":"https:\/\/dicodusport.fr\/blog\/un-plateau-xxl-pour-les-boucles-drome-ardeche\/"},"author":{"name":"Nicolas Jacquemard","@id":"https:\/\/dicodusport.fr\/blog\/#\/schema\/person\/55dcb50ad410894e431ed812bbb70191"},"headline":"Un plateau XXL pour les Boucles Dr\u00f4me-Ardeche","datePublished":"2020-02-05T08:39:25+00:00","dateModified":"2020-02-05T12:26:00+00:00","mainEntityOfPage":{"@id":"https:\/\/dicodusport.fr\/blog\/un-plateau-xxl-pour-les-boucles-drome-ardeche\/"},"wordCount":176,"commentCount":0,"publisher":{"@id":"https:\/\/dicodusport.fr\/blog\/#organization"},"image":{"@id":"https:\/\/dicodusport.fr\/blog\/un-plateau-xxl-pour-les-boucles-drome-ardeche\/#primaryimage"},"thumbnailUrl":"https:\/\/dicodusport.fr\/blog\/wp-content\/uploads\/2020\/02\/Julian-Alaphilippe.png","keywords":["bardet","Boucles Dr\u00f4me-Ard\u00e8che"],"articleSection":["Cyclisme"],"inLanguage":"fr-FR","potentialAction":[{"@type":"CommentAction","name":"Comment","target":["https:\/\/dicodusport.fr\/blog\/un-plateau-xxl-pour-les-boucles-drome-ardeche\/#respond"]}],"copyrightYear":"2020","copyrightHolder":{"@id":"https:\/\/dicodusport.fr\/blog\/#organization"}},{"@type":"WebPage","@id":"https:\/\/dicodusport.fr\/blog\/un-plateau-xxl-pour-les-boucles-drome-ardeche\/","url":"https:\/\/dicodusport.fr\/blog\/un-plateau-xxl-pour-les-boucles-drome-ardeche\/","name":"Un plateau XXL pour les Boucles Dr\u00f4me-Ardeche","isPartOf":{"@id":"https:\/\/dicodusport.fr\/blog\/#website"},"primaryImageOfPage":{"@id":"https:\/\/dicodusport.fr\/blog\/un-plateau-xxl-pour-les-boucles-drome-ardeche\/#primaryimage"},"image":{"@id":"https:\/\/dicodusport.fr\/blog\/un-plateau-xxl-pour-les-boucles-drome-ardeche\/#primaryimage"},"thumbnailUrl":"https:\/\/dicodusport.fr\/blog\/wp-content\/uploads\/2020\/02\/Julian-Alaphilippe.png","datePublished":"2020-02-05T08:39:25+00:00","dateModified":"2020-02-05T12:26:00+00:00","description":"Les Boucles Dr\u00f4me-Ard\u00e8che qui regroupent deux \u00e9preuves, la Faun Classic de l'Ard\u00e8che (29 f\u00e9vrier) et la Royal Bernard Dr\u00f4me Classic (1er mars) ont annonc\u00e9 un tr\u00e8s beau plateau.","breadcrumb":{"@id":"https:\/\/dicodusport.fr\/blog\/un-plateau-xxl-pour-les-boucles-drome-ardeche\/#breadcrumb"},"inLanguage":"fr-FR","potentialAction":[{"@type":"ReadAction","target":["https:\/\/dicodusport.fr\/blog\/un-plateau-xxl-pour-les-boucles-drome-ardeche\/"]}]},{"@type":"ImageObject","inLanguage":"fr-FR","@id":"https:\/\/dicodusport.fr\/blog\/un-plateau-xxl-pour-les-boucles-drome-ardeche\/#primaryimage","url":"https:\/\/dicodusport.fr\/blog\/wp-content\/uploads\/2020\/02\/Julian-Alaphilippe.png","contentUrl":"https:\/\/dicodusport.fr\/blog\/wp-content\/uploads\/2020\/02\/Julian-Alaphilippe.png","width":800,"height":445},{"@type":"BreadcrumbList","@id":"https:\/\/dicodusport.fr\/blog\/un-plateau-xxl-pour-les-boucles-drome-ardeche\/#breadcrumb","itemListElement":[{"@type":"ListItem","position":1,"name":"Accueil","item":"https:\/\/dicodusport.fr\/blog\/"},{"@type":"ListItem","position":2,"name":"Un plateau XXL pour les Boucles Dr\u00f4me-Ardeche"}]},{"@type":"WebSite","@id":"https:\/\/dicodusport.fr\/blog\/#website","url":"https:\/\/dicodusport.fr\/blog\/","name":"Dicodusport","description":"L&#039;encyclop\u00e9die de l&#039;actualit\u00e9 sportive","publisher":{"@id":"https:\/\/dicodusport.fr\/blog\/#organization"},"potentialAction":[{"@type":"SearchAction","target":{"@type":"EntryPoint","urlTemplate":"https:\/\/dicodusport.fr\/blog\/?s={search_term_string}"},"query-input":{"@type":"PropertyValueSpecification","valueRequired":true,"valueName":"search_term_string"}}],"inLanguage":"fr-FR"},{"@type":"NewsMediaOrganization","@id":"https:\/\/dicodusport.fr\/blog\/#organization","name":"Dicodusport","url":"https:\/\/dicodusport.fr\/blog\/","logo":{"@type":"ImageObject","inLanguage":"fr-FR","@id":"https:\/\/dicodusport.fr\/blog\/#\/schema\/logo\/image\/","url":"https:\/\/dicodusport.fr\/blog\/wp-content\/uploads\/2020\/06\/cropped-LOGO-DICODUSPORT-2020-SANS-FOND-SANS-TEXTE.png","contentUrl":"https:\/\/dicodusport.fr\/blog\/wp-content\/uploads\/2020\/06\/cropped-LOGO-DICODUSPORT-2020-SANS-FOND-SANS-TEXTE.png","width":512,"height":512,"caption":"Dicodusport"},"image":{"@id":"https:\/\/dicodusport.fr\/blog\/#\/schema\/logo\/image\/"},"sameAs":["https:\/\/www.facebook.com\/dicodusport","https:\/\/x.com\/dicodusport","https:\/\/www.instagram.com\/dicodusport\/","https:\/\/www.youtube.com\/channel\/UC7V2KZ5sd3htJivAbA4ZG3w"],"description":"Dicodusport est l'encyclop\u00e9die de l'actualit\u00e9 sportive.","email":"bonjour@dicodusport.fr","legalName":"DICODUSPORT","foundingDate":"2018-01-14","vatID":"FR71834470973","taxID":"83447097300043","numberOfEmployees":{"@type":"QuantitativeValue","minValue":"1","maxValue":"10"}},{"@type":"Person","@id":"https:\/\/dicodusport.fr\/blog\/#\/schema\/person\/55dcb50ad410894e431ed812bbb70191","name":"Nicolas Jacquemard","image":{"@type":"ImageObject","inLanguage":"fr-FR","@id":"https:\/\/dicodusport.fr\/blog\/#\/schema\/person\/image\/","url":"https:\/\/dicodusport.fr\/blog\/wp-content\/uploads\/2021\/05\/Nicolas-Jacquemard-150x150.jpeg","contentUrl":"https:\/\/dicodusport.fr\/blog\/wp-content\/uploads\/2021\/05\/Nicolas-Jacquemard-150x150.jpeg","caption":"Nicolas Jacquemard"},"description":"Passionn\u00e9 de sport et entrepreneur depuis mes 18 ans, la cr\u00e9ation de Dicodusport m'a sembl\u00e9 \u00e9vidente pour participer \u00e0 la m\u00e9diatisation d'un plus grand nombre de sports. Le chemin est long mais avec une \u00e9quipe des plus motiv\u00e9es et les Jeux Olympiques de Paris 2024 en point de mire, nous y arriverons ! Journaliste dans le monde du sport depuis plus de 5 ans, je traite aussi bien de football, de rugby, de biathlon que de cyclisme.","sameAs":["https:\/\/www.facebook.com\/dicodusport","https:\/\/x.com\/https:\/\/twitter.com\/Nico_Jacquemard"],"url":"https:\/\/dicodusport.fr\/blog\/author\/dicodusport\/"}]}},"_links":{"self":[{"href":"https:\/\/dicodusport.fr\/blog\/wp-json\/wp\/v2\/posts\/59029","targetHints":{"allow":["GET"]}}],"collection":[{"href":"https:\/\/dicodusport.fr\/blog\/wp-json\/wp\/v2\/posts"}],"about":[{"href":"https:\/\/dicodusport.fr\/blog\/wp-json\/wp\/v2\/types\/post"}],"author":[{"embeddable":true,"href":"https:\/\/dicodusport.fr\/blog\/wp-json\/wp\/v2\/users\/1"}],"replies":[{"embeddable":true,"href":"https:\/\/dicodusport.fr\/blog\/wp-json\/wp\/v2\/comments?post=59029"}],"version-history":[{"count":0,"href":"https:\/\/dicodusport.fr\/blog\/wp-json\/wp\/v2\/posts\/59029\/revisions"}],"wp:featuredmedia":[{"embeddable":true,"href":"https:\/\/dicodusport.fr\/blog\/wp-json\/wp\/v2\/media\/59032"}],"wp:attachment":[{"href":"https:\/\/dicodusport.fr\/blog\/wp-json\/wp\/v2\/media?parent=59029"}],"wp:term":[{"taxonomy":"category","embeddable":true,"href":"https:\/\/dicodusport.fr\/blog\/wp-json\/wp\/v2\/categories?post=59029"},{"taxonomy":"post_tag","embeddable":true,"href":"https:\/\/dicodusport.fr\/blog\/wp-json\/wp\/v2\/tags?post=59029"}],"curies":[{"name":"wp","href":"https:\/\/api.w.org\/{rel}","templated":true}]}}