{"id":590335,"date":"2025-06-26T17:23:44","date_gmt":"2025-06-26T15:23:44","guid":{"rendered":"https:\/\/dicodusport.fr\/blog\/?p=590335&#038;preview=true&#038;preview_id=590335"},"modified":"2025-06-26T20:22:38","modified_gmt":"2025-06-26T18:22:38","slug":"cyclisme-championnats-de-france-2025-intraitable-bruno-armirail-rafle-son-3eme-titre-en-contre-la-montre","status":"publish","type":"post","link":"https:\/\/dicodusport.fr\/blog\/cyclisme-championnats-de-france-2025-intraitable-bruno-armirail-rafle-son-3eme-titre-en-contre-la-montre\/","title":{"rendered":"Cyclisme Championnats de France 2025 : Intraitable, Bruno Armirail rafle son 3\u00e8me titre en contre-la-montre"},"content":{"rendered":"<p style=\"text-align: justify;\"><strong><em>CHAMPIONNATS DE FRANCE DU CONTRE-LA-MONTRE 2025 &#8211; Surpuissant, Bruno Armirail (Decathlon AG2R La Mondiale) a remport\u00e9 son 3\u00e8me titre de champion de France de l&rsquo;effort solitaire en dominant la concurrence. Il devance sur le podium K\u00e9vin Vauquelin, et le surdou\u00e9 Paul Seixas.<\/em><\/strong><\/p>\n<ul style=\"text-align: justify;\">\n<li style=\"text-align: justify;\"><strong>\u00c0 ce sujet &#8211; <a href=\"https:\/\/dicodusport.fr\/blog\/actualites\/cyclisme\/cyclisme-sur-route\/\">Toute l&rsquo;actualit\u00e9 du cyclisme<\/a><\/strong><\/li>\n<\/ul>\n<p style=\"text-align: justify;\">Qui pour succ\u00e9der \u00e0 <strong>Bruno Armirail<\/strong> ? Tenant en titre, le rouleur de la Decathlon AG2R La Mondiale faisait \u00e0 nouveau partie des favoris, au m\u00eame titre que les anciens champions <strong>Benjamin Thomas <\/strong>et <strong>R\u00e9mi Cavagna<\/strong>, ou encore les jeunes qui poussent comme <strong>K\u00e9vin Vauquelin <\/strong>et <strong>Thibault Guernalec.<\/strong> Sur un parcours raccourci de seulement 26,5 km autour des <strong>Herbiers<\/strong>, une belle bataille \u00e9tait attendue.<\/p>\n<ul>\n<li style=\"text-align: justify;\"><strong>\u00c0 lire aussi &#8211; <a href=\"https:\/\/dicodusport.fr\/blog\/contre-la-montre-resultats-et-classement-championnats-de-france-2025\/\">Contre-la-montre : R\u00e9sultats et classement Championnats de France 2025<\/a><\/strong><\/li>\n<\/ul>\n<h2 style=\"text-align: justify;\">Ribeiro Da Cruz double la mise en amateurs<\/h2>\n<p style=\"text-align: justify;\">Comme le veut la tradition, les coureurs amateurs ont lanc\u00e9 les hostilit\u00e9s dans l&rsquo;apr\u00e8s-midi, offrant une belle lutte resserr\u00e9e pour le titre de champion de France amateur. Un titre qui est revenu au coureur de la formation Hexagone Corbas &#8211; Lyon M\u00e9tropole, <strong>Mathias Ribeiro Da Cruz<\/strong>. D\u00e9j\u00e0 sacr\u00e9 lors des deux derni\u00e8res \u00e9ditions, il s&rsquo;est offert le tripl\u00e9 en surpassant pour 7 petites secondes <strong>Artus Jaladeau<\/strong> (Blagnac). <strong>Alan Villemin<\/strong> (Paris Cycliste Olympique) compl\u00e8te le podium. Plusieurs professionnels ont ensuite but\u00e9 sur le temps de<strong> Ribeiro Da Cruz<\/strong>, <strong>L\u00e9o Bisiaux<\/strong> (Deacthlon AG2R La Mondiale) et <strong>Eddy Le Huitouze<\/strong> (Groupama-FDJ) \u00e9chouant \u00e0 moins de 10 secondes.<\/p>\n<blockquote class=\"twitter-tweet\">\n<p dir=\"ltr\" lang=\"fr\">Mathias Ribeiro Da Cruz, ing\u00e9nieur innovation, conserve son titre de Champion de France de contre-la-montre amateurs. BRAVO Mathias \ud83e\udd29\ud83d\udc4f<a href=\"https:\/\/twitter.com\/hashtag\/DECATHLONAG2RLAMONDIALETEAM?src=hash&amp;ref_src=twsrc%5Etfw\">#DECATHLONAG2RLAMONDIALETEAM<\/a><\/p>\n<p>\u2014 DECATHLON AG2R LA MONDIALE TEAM (@decathlonAG2RLM) <a href=\"https:\/\/twitter.com\/decathlonAG2RLM\/status\/1938246759764857300?ref_src=twsrc%5Etfw\">June 26, 2025<\/a><\/p><\/blockquote>\n<p style=\"text-align: justify;\"><script async src=\"https:\/\/platform.twitter.com\/widgets.js\" charset=\"utf-8\"><\/script><\/p>\n<h2 style=\"text-align: justify;\">Bruno Armirail et Paul Seixas partent fort<\/h2>\n<p style=\"text-align: justify;\">Avant qu&rsquo;<strong>Ewen Costiou<\/strong> (Ark\u00e9a-B&amp;B Hotels) et <strong>Enzo Paleni<\/strong> (Groupama-FDJ) le rende obsol\u00e8te en se livrant une bataille pour la 1\u00e8re place provisoire. Mais en ce qui concerne la v\u00e9ritable lutte pour le podium et le maillot de champion de France, il fallait attendre les derniers partants, tous les favoris \u00e9tant regroup\u00e9s avec les premiers dossards.<\/p>\n<ul>\n<li style=\"text-align: justify;\"><strong>\u00c0 lire aussi &#8211; <a href=\"https:\/\/dicodusport.fr\/blog\/la-liste-complete-des-champions-nationaux-de-cyclisme-sur-route-2025\/\">La liste compl\u00e8te des champions nationaux de cyclisme sur route 2025<\/a><\/strong><\/li>\n<\/ul>\n<p style=\"text-align: justify;\"><a href=\"https:\/\/dicodusport.fr\/blog\/mondiaux-cyclisme-2024-paul-seixas-champion-du-monde-juniors-du-contre-la-montre\/\">Champion du monde juniors<\/a>, <strong>Paul Seixas<\/strong> (Decathlon AG2R La Mondiale) s&rsquo;est positionn\u00e9 en v\u00e9ritable outsider en s&#8217;emparant du meilleur temps d\u00e8s le premier interm\u00e9diaire. Mais les \u00e9carts sont infimes et les principaux favoris (Vauquelin, Thomas, Cavagna) se tiennent alors dans un mouchoir de poche (5 secondes). Ensuite, le tenant en titre, <strong>Bruno Armirail<\/strong> (Decathlon AG2R La Mondiale), a mis tout le monde d&rsquo;accord en collant 9 secondes \u00e0 son jeune co\u00e9quipier. Mais avec 400 m\u00e8tres de d\u00e9nivel\u00e9 total, tout restait encore \u00e0 faire.<\/p>\n<h2 style=\"text-align: justify;\">Armirail intraitable, Vauquelin peut nourrir des regrets<\/h2>\n<p style=\"text-align: justify;\">En ce qui concerne le podium, <strong>Benjamin Thomas<\/strong> (Cofidis) est pass\u00e9 \u00e0 c\u00f4t\u00e9 de son chrono, terminant hors du Top 10, tandis que <strong>Thibault Guernalec<\/strong> (Ark\u00e9a-B&amp;B Hotels) a abandonn\u00e9 suite \u00e0 une chute. R\u00e9sultat, au bout de la courte mont\u00e9e vers la Ruffeli\u00e8re situ\u00e9e au km 17, ils sont encore quatre dans la course. Si <strong>K\u00e9vin Vauquelin<\/strong> (Ark\u00e9a-B&amp;B Hotels) s&rsquo;\u00e9tait rapproch\u00e9 \u00e0 9 secondes, une chute lui a fait perdre de pr\u00e9cieuses secondes. Ce qui a permis \u00e0 <strong>Bruno Armirail<\/strong> d&rsquo;asseoir sa domination sur ce contre-la-montre en terminant mieux pour franchir la ligne en t\u00eate avec 23 secondes d&rsquo;avance sur ce m\u00eame Vauquelin, qui \u00e9choue en 2\u00e8me position, comme l&rsquo;an dernier.<\/p>\n<p style=\"text-align: justify;\">Pour la 3\u00e8me place en revanche, <strong>R\u00e9mi Cavagna<\/strong> (Groupama-FDJ) semblait bien parti. Mais le v\u00e9t\u00e9ran s&rsquo;est fait surpasser par le final exceptionnel du gamin de 18 ans, <strong>Paul Seixas<\/strong>, qui lui a ravi la place sur la bo\u00eete.<\/p>\n<blockquote class=\"twitter-tweet\">\n<p dir=\"ltr\" lang=\"fr\">BRUNO ARMIRAIL EST CHAMPION DE FRANCE DU CONTRE-LA-MONTRE ! Le tenant du titre d\u00e9croche son troisi\u00e8me maillot bleu-blanc-rouge dans cette discipline ! Le coureur de Decathlon-AG2R (31 ans) devance K\u00e9vin Vauquelin (Ark\u00e9a-B&amp;B H\u00f4tels) de 21&Prime; et son co\u00e9quipier Paul Seixas de 43&Prime;. <a href=\"https:\/\/t.co\/GvzrCxTJ4R\">pic.twitter.com\/GvzrCxTJ4R<\/a><\/p>\n<p>\u2014 Le Gruppetto (@LeGruppetto) <a href=\"https:\/\/twitter.com\/LeGruppetto\/status\/1938255888654999860?ref_src=twsrc%5Etfw\">June 26, 2025<\/a><\/p><\/blockquote>\n<p style=\"text-align: justify;\"><script async src=\"https:\/\/platform.twitter.com\/widgets.js\" charset=\"utf-8\"><\/script><\/p>\n","protected":false},"excerpt":{"rendered":"<p>CHAMPIONNATS DE FRANCE DU CONTRE-LA-MONTRE 2025 &#8211; Surpuissant, Bruno Armirail (Decathlon AG2R La Mondiale) a remport\u00e9 son 3\u00e8me titre de champion de France de l&rsquo;effort solitaire en dominant la concurrence. Il devance sur le podium K\u00e9vin Vauquelin, et Paul Seixas.<\/p>\n","protected":false},"author":55,"featured_media":590414,"comment_status":"open","ping_status":"closed","sticky":false,"template":"","format":"standard","meta":{"_acf_changed":false,"_daextam_enable_autolinks":"1","footnotes":""},"categories":[46994],"tags":[16878,11049,5328,24],"class_list":["post-590335","post","type-post","status-publish","format-standard","has-post-thumbnail","hentry","category-cyclisme-sur-route","tag-breve","tag-championnats-de-france-cyclisme","tag-contre-la-montre","tag-sport"],"acf":[],"yoast_head":"<!-- This site is optimized with the Yoast SEO Premium plugin v26.7 (Yoast SEO v26.7) - https:\/\/yoast.com\/wordpress\/plugins\/seo\/ -->\n<title>Cyclisme Championnats de France 2025 : Intraitable, Bruno Armirail rafle son 3\u00e8me titre en contre-la-montre<\/title>\n<meta name=\"description\" content=\"CHAMPIONNATS DE FRANCE DU CONTRE-LA-MONTRE 2025 - Surpuissant, Bruno Armirail a remport\u00e9 son 3\u00e8me titre de champion de France.\" \/>\n<meta name=\"robots\" content=\"index, follow, max-snippet:-1, max-image-preview:large, max-video-preview:-1\" \/>\n<link rel=\"canonical\" href=\"https:\/\/dicodusport.fr\/blog\/cyclisme-championnats-de-france-2025-intraitable-bruno-armirail-rafle-son-3eme-titre-en-contre-la-montre\/\" \/>\n<meta property=\"og:locale\" content=\"fr_FR\" \/>\n<meta property=\"og:type\" content=\"article\" \/>\n<meta property=\"og:title\" content=\"Cyclisme Championnats de France 2025 : Intraitable, Bruno Armirail rafle son 3\u00e8me titre en contre-la-montre\" \/>\n<meta property=\"og:description\" content=\"CHAMPIONNATS DE FRANCE DU CONTRE-LA-MONTRE 2025 - Surpuissant, Bruno Armirail (Decathlon AG2R La Mondiale) a remport\u00e9 son 3\u00e8me titre de champion de France de l&#039;effort solitaire en dominant la concurrence. Il devance sur le podium K\u00e9vin Vauquelin, et Paul Seixas.\" \/>\n<meta property=\"og:url\" content=\"https:\/\/dicodusport.fr\/blog\/cyclisme-championnats-de-france-2025-intraitable-bruno-armirail-rafle-son-3eme-titre-en-contre-la-montre\/\" \/>\n<meta property=\"og:site_name\" content=\"Dicodusport\" \/>\n<meta property=\"article:publisher\" content=\"https:\/\/www.facebook.com\/dicodusport\" \/>\n<meta property=\"article:published_time\" content=\"2025-06-26T15:23:44+00:00\" \/>\n<meta property=\"article:modified_time\" content=\"2025-06-26T18:22:38+00:00\" \/>\n<meta property=\"og:image\" content=\"https:\/\/dicodusport.fr\/blog\/wp-content\/uploads\/2025\/06\/Cyclisme-Championnats-de-France-2025-Intraitable-Bruno-Armirail-rafle-son-3eme-titre-en-contre-la-montre-2.png\" \/>\n\t<meta property=\"og:image:width\" content=\"1200\" \/>\n\t<meta property=\"og:image:height\" content=\"674\" \/>\n\t<meta property=\"og:image:type\" content=\"image\/png\" \/>\n<meta name=\"author\" content=\"Maxime Cazenave\" \/>\n<meta name=\"twitter:card\" content=\"summary_large_image\" \/>\n<meta name=\"twitter:description\" content=\"CHAMPIONNATS DE FRANCE DU CONTRE-LA-MONTRE 2025 - Surpuissant, Bruno Armirail (Decathlon AG2R La Mondiale) a remport\u00e9 son 3\u00e8me titre de champion de France de l&#039;effort solitaire en dominant la concurrence. Il devance sur le podium K\u00e9vin Vauquelin, et Paul Seixas.\" \/>\n<meta name=\"twitter:creator\" content=\"@https:\/\/twitter.com\/Maxime_Caze\" \/>\n<meta name=\"twitter:site\" content=\"@dicodusport\" \/>\n<script type=\"application\/ld+json\" class=\"yoast-schema-graph\">{\"@context\":\"https:\/\/schema.org\",\"@graph\":[{\"@type\":\"NewsArticle\",\"@id\":\"https:\/\/dicodusport.fr\/blog\/cyclisme-championnats-de-france-2025-intraitable-bruno-armirail-rafle-son-3eme-titre-en-contre-la-montre\/#article\",\"isPartOf\":{\"@id\":\"https:\/\/dicodusport.fr\/blog\/cyclisme-championnats-de-france-2025-intraitable-bruno-armirail-rafle-son-3eme-titre-en-contre-la-montre\/\"},\"author\":{\"name\":\"Maxime Cazenave\",\"@id\":\"https:\/\/dicodusport.fr\/blog\/#\/schema\/person\/37def232098a7a5cbab3974a3690abb0\"},\"headline\":\"Cyclisme Championnats de France 2025 : Intraitable, Bruno Armirail rafle son 3\u00e8me titre en contre-la-montre\",\"datePublished\":\"2025-06-26T15:23:44+00:00\",\"dateModified\":\"2025-06-26T18:22:38+00:00\",\"mainEntityOfPage\":{\"@id\":\"https:\/\/dicodusport.fr\/blog\/cyclisme-championnats-de-france-2025-intraitable-bruno-armirail-rafle-son-3eme-titre-en-contre-la-montre\/\"},\"wordCount\":689,\"commentCount\":0,\"publisher\":{\"@id\":\"https:\/\/dicodusport.fr\/blog\/#organization\"},\"image\":{\"@id\":\"https:\/\/dicodusport.fr\/blog\/cyclisme-championnats-de-france-2025-intraitable-bruno-armirail-rafle-son-3eme-titre-en-contre-la-montre\/#primaryimage\"},\"thumbnailUrl\":\"https:\/\/dicodusport.fr\/blog\/wp-content\/uploads\/2025\/06\/Cyclisme-Championnats-de-France-2025-Intraitable-Bruno-Armirail-rafle-son-3eme-titre-en-contre-la-montre-2.png\",\"keywords\":[\"br\u00e8ve\",\"Championnats de France cyclisme\",\"contre-la-montre\",\"sport\"],\"articleSection\":[\"Cyclisme sur route\"],\"inLanguage\":\"fr-FR\",\"potentialAction\":[{\"@type\":\"CommentAction\",\"name\":\"Comment\",\"target\":[\"https:\/\/dicodusport.fr\/blog\/cyclisme-championnats-de-france-2025-intraitable-bruno-armirail-rafle-son-3eme-titre-en-contre-la-montre\/#respond\"]}],\"copyrightYear\":\"2025\",\"copyrightHolder\":{\"@id\":\"https:\/\/dicodusport.fr\/blog\/#organization\"}},{\"@type\":\"WebPage\",\"@id\":\"https:\/\/dicodusport.fr\/blog\/cyclisme-championnats-de-france-2025-intraitable-bruno-armirail-rafle-son-3eme-titre-en-contre-la-montre\/\",\"url\":\"https:\/\/dicodusport.fr\/blog\/cyclisme-championnats-de-france-2025-intraitable-bruno-armirail-rafle-son-3eme-titre-en-contre-la-montre\/\",\"name\":\"Cyclisme Championnats de France 2025 : Intraitable, Bruno Armirail rafle son 3\u00e8me titre en contre-la-montre\",\"isPartOf\":{\"@id\":\"https:\/\/dicodusport.fr\/blog\/#website\"},\"primaryImageOfPage\":{\"@id\":\"https:\/\/dicodusport.fr\/blog\/cyclisme-championnats-de-france-2025-intraitable-bruno-armirail-rafle-son-3eme-titre-en-contre-la-montre\/#primaryimage\"},\"image\":{\"@id\":\"https:\/\/dicodusport.fr\/blog\/cyclisme-championnats-de-france-2025-intraitable-bruno-armirail-rafle-son-3eme-titre-en-contre-la-montre\/#primaryimage\"},\"thumbnailUrl\":\"https:\/\/dicodusport.fr\/blog\/wp-content\/uploads\/2025\/06\/Cyclisme-Championnats-de-France-2025-Intraitable-Bruno-Armirail-rafle-son-3eme-titre-en-contre-la-montre-2.png\",\"datePublished\":\"2025-06-26T15:23:44+00:00\",\"dateModified\":\"2025-06-26T18:22:38+00:00\",\"description\":\"CHAMPIONNATS DE FRANCE DU CONTRE-LA-MONTRE 2025 - Surpuissant, Bruno Armirail a remport\u00e9 son 3\u00e8me titre de champion de France.\",\"breadcrumb\":{\"@id\":\"https:\/\/dicodusport.fr\/blog\/cyclisme-championnats-de-france-2025-intraitable-bruno-armirail-rafle-son-3eme-titre-en-contre-la-montre\/#breadcrumb\"},\"inLanguage\":\"fr-FR\",\"potentialAction\":[{\"@type\":\"ReadAction\",\"target\":[\"https:\/\/dicodusport.fr\/blog\/cyclisme-championnats-de-france-2025-intraitable-bruno-armirail-rafle-son-3eme-titre-en-contre-la-montre\/\"]}]},{\"@type\":\"ImageObject\",\"inLanguage\":\"fr-FR\",\"@id\":\"https:\/\/dicodusport.fr\/blog\/cyclisme-championnats-de-france-2025-intraitable-bruno-armirail-rafle-son-3eme-titre-en-contre-la-montre\/#primaryimage\",\"url\":\"https:\/\/dicodusport.fr\/blog\/wp-content\/uploads\/2025\/06\/Cyclisme-Championnats-de-France-2025-Intraitable-Bruno-Armirail-rafle-son-3eme-titre-en-contre-la-montre-2.png\",\"contentUrl\":\"https:\/\/dicodusport.fr\/blog\/wp-content\/uploads\/2025\/06\/Cyclisme-Championnats-de-France-2025-Intraitable-Bruno-Armirail-rafle-son-3eme-titre-en-contre-la-montre-2.png\",\"width\":1200,\"height\":674,\"caption\":\"Cyclisme Championnats de France 2025 Intraitable, Bruno Armirail rafle son 3\u00e8me titre en contre-la-montre\"},{\"@type\":\"BreadcrumbList\",\"@id\":\"https:\/\/dicodusport.fr\/blog\/cyclisme-championnats-de-france-2025-intraitable-bruno-armirail-rafle-son-3eme-titre-en-contre-la-montre\/#breadcrumb\",\"itemListElement\":[{\"@type\":\"ListItem\",\"position\":1,\"name\":\"Accueil\",\"item\":\"https:\/\/dicodusport.fr\/blog\/\"},{\"@type\":\"ListItem\",\"position\":2,\"name\":\"Cyclisme Championnats de France 2025 : Intraitable, Bruno Armirail rafle son 3\u00e8me titre en contre-la-montre\"}]},{\"@type\":\"WebSite\",\"@id\":\"https:\/\/dicodusport.fr\/blog\/#website\",\"url\":\"https:\/\/dicodusport.fr\/blog\/\",\"name\":\"Dicodusport\",\"description\":\"L&#039;encyclop\u00e9die de l&#039;actualit\u00e9 sportive\",\"publisher\":{\"@id\":\"https:\/\/dicodusport.fr\/blog\/#organization\"},\"potentialAction\":[{\"@type\":\"SearchAction\",\"target\":{\"@type\":\"EntryPoint\",\"urlTemplate\":\"https:\/\/dicodusport.fr\/blog\/?s={search_term_string}\"},\"query-input\":{\"@type\":\"PropertyValueSpecification\",\"valueRequired\":true,\"valueName\":\"search_term_string\"}}],\"inLanguage\":\"fr-FR\"},{\"@type\":\"NewsMediaOrganization\",\"@id\":\"https:\/\/dicodusport.fr\/blog\/#organization\",\"name\":\"Dicodusport\",\"url\":\"https:\/\/dicodusport.fr\/blog\/\",\"logo\":{\"@type\":\"ImageObject\",\"inLanguage\":\"fr-FR\",\"@id\":\"https:\/\/dicodusport.fr\/blog\/#\/schema\/logo\/image\/\",\"url\":\"https:\/\/dicodusport.fr\/blog\/wp-content\/uploads\/2020\/06\/cropped-LOGO-DICODUSPORT-2020-SANS-FOND-SANS-TEXTE.png\",\"contentUrl\":\"https:\/\/dicodusport.fr\/blog\/wp-content\/uploads\/2020\/06\/cropped-LOGO-DICODUSPORT-2020-SANS-FOND-SANS-TEXTE.png\",\"width\":512,\"height\":512,\"caption\":\"Dicodusport\"},\"image\":{\"@id\":\"https:\/\/dicodusport.fr\/blog\/#\/schema\/logo\/image\/\"},\"sameAs\":[\"https:\/\/www.facebook.com\/dicodusport\",\"https:\/\/x.com\/dicodusport\",\"https:\/\/www.instagram.com\/dicodusport\/\",\"https:\/\/www.youtube.com\/channel\/UC7V2KZ5sd3htJivAbA4ZG3w\"],\"description\":\"Dicodusport est l'encyclop\u00e9die de l'actualit\u00e9 sportive.\",\"email\":\"bonjour@dicodusport.fr\",\"legalName\":\"DICODUSPORT\",\"foundingDate\":\"2018-01-14\",\"vatID\":\"FR71834470973\",\"taxID\":\"83447097300043\",\"numberOfEmployees\":{\"@type\":\"QuantitativeValue\",\"minValue\":\"1\",\"maxValue\":\"10\"}},{\"@type\":\"Person\",\"@id\":\"https:\/\/dicodusport.fr\/blog\/#\/schema\/person\/37def232098a7a5cbab3974a3690abb0\",\"name\":\"Maxime Cazenave\",\"image\":{\"@type\":\"ImageObject\",\"inLanguage\":\"fr-FR\",\"@id\":\"https:\/\/dicodusport.fr\/blog\/#\/schema\/person\/image\/\",\"url\":\"https:\/\/dicodusport.fr\/blog\/wp-content\/uploads\/2021\/05\/Maxime-Cazenave-150x150.jpg\",\"contentUrl\":\"https:\/\/dicodusport.fr\/blog\/wp-content\/uploads\/2021\/05\/Maxime-Cazenave-150x150.jpg\",\"caption\":\"Maxime Cazenave\"},\"description\":\"Journaliste\/R\u00e9dacteur depuis 2012 - Berc\u00e9 par l\u2019amour des Girondins de Bordeaux, les \u00e9checs de Christophe Moreau sur le Tour de France sous l'\u00e8re Lance Armstrong et le fade-away l\u00e9tal de Dirk Nowitzki, ma passion d\u00e9vorante pour le sport a toujours \u00e9t\u00e9 un pan incontournable de ma vie. Transmettre ma passion \u00e0 l\u2019\u00e9crit a \u00e9t\u00e9 une transition naturelle. Suiveur assidu de basket et de hockey sur glace, je garde toujours un peu de place pour suivre le cyclisme, le football et le maximum de performances fran\u00e7aises.\",\"sameAs\":[\"https:\/\/x.com\/https:\/\/twitter.com\/Maxime_Caze\"],\"url\":\"https:\/\/dicodusport.fr\/blog\/author\/maximec\/\"}]}<\/script>\n<!-- \/ Yoast SEO Premium plugin. -->","yoast_head_json":{"title":"Cyclisme Championnats de France 2025 : Intraitable, Bruno Armirail rafle son 3\u00e8me titre en contre-la-montre","description":"CHAMPIONNATS DE FRANCE DU CONTRE-LA-MONTRE 2025 - Surpuissant, Bruno Armirail a remport\u00e9 son 3\u00e8me titre de champion de France.","robots":{"index":"index","follow":"follow","max-snippet":"max-snippet:-1","max-image-preview":"max-image-preview:large","max-video-preview":"max-video-preview:-1"},"canonical":"https:\/\/dicodusport.fr\/blog\/cyclisme-championnats-de-france-2025-intraitable-bruno-armirail-rafle-son-3eme-titre-en-contre-la-montre\/","og_locale":"fr_FR","og_type":"article","og_title":"Cyclisme Championnats de France 2025 : Intraitable, Bruno Armirail rafle son 3\u00e8me titre en contre-la-montre","og_description":"CHAMPIONNATS DE FRANCE DU CONTRE-LA-MONTRE 2025 - Surpuissant, Bruno Armirail (Decathlon AG2R La Mondiale) a remport\u00e9 son 3\u00e8me titre de champion de France de l'effort solitaire en dominant la concurrence. Il devance sur le podium K\u00e9vin Vauquelin, et Paul Seixas.","og_url":"https:\/\/dicodusport.fr\/blog\/cyclisme-championnats-de-france-2025-intraitable-bruno-armirail-rafle-son-3eme-titre-en-contre-la-montre\/","og_site_name":"Dicodusport","article_publisher":"https:\/\/www.facebook.com\/dicodusport","article_published_time":"2025-06-26T15:23:44+00:00","article_modified_time":"2025-06-26T18:22:38+00:00","og_image":[{"width":1200,"height":674,"url":"https:\/\/dicodusport.fr\/blog\/wp-content\/uploads\/2025\/06\/Cyclisme-Championnats-de-France-2025-Intraitable-Bruno-Armirail-rafle-son-3eme-titre-en-contre-la-montre-2.png","type":"image\/png"}],"author":"Maxime Cazenave","twitter_card":"summary_large_image","twitter_description":"CHAMPIONNATS DE FRANCE DU CONTRE-LA-MONTRE 2025 - Surpuissant, Bruno Armirail (Decathlon AG2R La Mondiale) a remport\u00e9 son 3\u00e8me titre de champion de France de l'effort solitaire en dominant la concurrence. Il devance sur le podium K\u00e9vin Vauquelin, et Paul Seixas.","twitter_creator":"@https:\/\/twitter.com\/Maxime_Caze","twitter_site":"@dicodusport","schema":{"@context":"https:\/\/schema.org","@graph":[{"@type":"NewsArticle","@id":"https:\/\/dicodusport.fr\/blog\/cyclisme-championnats-de-france-2025-intraitable-bruno-armirail-rafle-son-3eme-titre-en-contre-la-montre\/#article","isPartOf":{"@id":"https:\/\/dicodusport.fr\/blog\/cyclisme-championnats-de-france-2025-intraitable-bruno-armirail-rafle-son-3eme-titre-en-contre-la-montre\/"},"author":{"name":"Maxime Cazenave","@id":"https:\/\/dicodusport.fr\/blog\/#\/schema\/person\/37def232098a7a5cbab3974a3690abb0"},"headline":"Cyclisme Championnats de France 2025 : Intraitable, Bruno Armirail rafle son 3\u00e8me titre en contre-la-montre","datePublished":"2025-06-26T15:23:44+00:00","dateModified":"2025-06-26T18:22:38+00:00","mainEntityOfPage":{"@id":"https:\/\/dicodusport.fr\/blog\/cyclisme-championnats-de-france-2025-intraitable-bruno-armirail-rafle-son-3eme-titre-en-contre-la-montre\/"},"wordCount":689,"commentCount":0,"publisher":{"@id":"https:\/\/dicodusport.fr\/blog\/#organization"},"image":{"@id":"https:\/\/dicodusport.fr\/blog\/cyclisme-championnats-de-france-2025-intraitable-bruno-armirail-rafle-son-3eme-titre-en-contre-la-montre\/#primaryimage"},"thumbnailUrl":"https:\/\/dicodusport.fr\/blog\/wp-content\/uploads\/2025\/06\/Cyclisme-Championnats-de-France-2025-Intraitable-Bruno-Armirail-rafle-son-3eme-titre-en-contre-la-montre-2.png","keywords":["br\u00e8ve","Championnats de France cyclisme","contre-la-montre","sport"],"articleSection":["Cyclisme sur route"],"inLanguage":"fr-FR","potentialAction":[{"@type":"CommentAction","name":"Comment","target":["https:\/\/dicodusport.fr\/blog\/cyclisme-championnats-de-france-2025-intraitable-bruno-armirail-rafle-son-3eme-titre-en-contre-la-montre\/#respond"]}],"copyrightYear":"2025","copyrightHolder":{"@id":"https:\/\/dicodusport.fr\/blog\/#organization"}},{"@type":"WebPage","@id":"https:\/\/dicodusport.fr\/blog\/cyclisme-championnats-de-france-2025-intraitable-bruno-armirail-rafle-son-3eme-titre-en-contre-la-montre\/","url":"https:\/\/dicodusport.fr\/blog\/cyclisme-championnats-de-france-2025-intraitable-bruno-armirail-rafle-son-3eme-titre-en-contre-la-montre\/","name":"Cyclisme Championnats de France 2025 : Intraitable, Bruno Armirail rafle son 3\u00e8me titre en contre-la-montre","isPartOf":{"@id":"https:\/\/dicodusport.fr\/blog\/#website"},"primaryImageOfPage":{"@id":"https:\/\/dicodusport.fr\/blog\/cyclisme-championnats-de-france-2025-intraitable-bruno-armirail-rafle-son-3eme-titre-en-contre-la-montre\/#primaryimage"},"image":{"@id":"https:\/\/dicodusport.fr\/blog\/cyclisme-championnats-de-france-2025-intraitable-bruno-armirail-rafle-son-3eme-titre-en-contre-la-montre\/#primaryimage"},"thumbnailUrl":"https:\/\/dicodusport.fr\/blog\/wp-content\/uploads\/2025\/06\/Cyclisme-Championnats-de-France-2025-Intraitable-Bruno-Armirail-rafle-son-3eme-titre-en-contre-la-montre-2.png","datePublished":"2025-06-26T15:23:44+00:00","dateModified":"2025-06-26T18:22:38+00:00","description":"CHAMPIONNATS DE FRANCE DU CONTRE-LA-MONTRE 2025 - Surpuissant, Bruno Armirail a remport\u00e9 son 3\u00e8me titre de champion de France.","breadcrumb":{"@id":"https:\/\/dicodusport.fr\/blog\/cyclisme-championnats-de-france-2025-intraitable-bruno-armirail-rafle-son-3eme-titre-en-contre-la-montre\/#breadcrumb"},"inLanguage":"fr-FR","potentialAction":[{"@type":"ReadAction","target":["https:\/\/dicodusport.fr\/blog\/cyclisme-championnats-de-france-2025-intraitable-bruno-armirail-rafle-son-3eme-titre-en-contre-la-montre\/"]}]},{"@type":"ImageObject","inLanguage":"fr-FR","@id":"https:\/\/dicodusport.fr\/blog\/cyclisme-championnats-de-france-2025-intraitable-bruno-armirail-rafle-son-3eme-titre-en-contre-la-montre\/#primaryimage","url":"https:\/\/dicodusport.fr\/blog\/wp-content\/uploads\/2025\/06\/Cyclisme-Championnats-de-France-2025-Intraitable-Bruno-Armirail-rafle-son-3eme-titre-en-contre-la-montre-2.png","contentUrl":"https:\/\/dicodusport.fr\/blog\/wp-content\/uploads\/2025\/06\/Cyclisme-Championnats-de-France-2025-Intraitable-Bruno-Armirail-rafle-son-3eme-titre-en-contre-la-montre-2.png","width":1200,"height":674,"caption":"Cyclisme Championnats de France 2025 Intraitable, Bruno Armirail rafle son 3\u00e8me titre en contre-la-montre"},{"@type":"BreadcrumbList","@id":"https:\/\/dicodusport.fr\/blog\/cyclisme-championnats-de-france-2025-intraitable-bruno-armirail-rafle-son-3eme-titre-en-contre-la-montre\/#breadcrumb","itemListElement":[{"@type":"ListItem","position":1,"name":"Accueil","item":"https:\/\/dicodusport.fr\/blog\/"},{"@type":"ListItem","position":2,"name":"Cyclisme Championnats de France 2025 : Intraitable, Bruno Armirail rafle son 3\u00e8me titre en contre-la-montre"}]},{"@type":"WebSite","@id":"https:\/\/dicodusport.fr\/blog\/#website","url":"https:\/\/dicodusport.fr\/blog\/","name":"Dicodusport","description":"L&#039;encyclop\u00e9die de l&#039;actualit\u00e9 sportive","publisher":{"@id":"https:\/\/dicodusport.fr\/blog\/#organization"},"potentialAction":[{"@type":"SearchAction","target":{"@type":"EntryPoint","urlTemplate":"https:\/\/dicodusport.fr\/blog\/?s={search_term_string}"},"query-input":{"@type":"PropertyValueSpecification","valueRequired":true,"valueName":"search_term_string"}}],"inLanguage":"fr-FR"},{"@type":"NewsMediaOrganization","@id":"https:\/\/dicodusport.fr\/blog\/#organization","name":"Dicodusport","url":"https:\/\/dicodusport.fr\/blog\/","logo":{"@type":"ImageObject","inLanguage":"fr-FR","@id":"https:\/\/dicodusport.fr\/blog\/#\/schema\/logo\/image\/","url":"https:\/\/dicodusport.fr\/blog\/wp-content\/uploads\/2020\/06\/cropped-LOGO-DICODUSPORT-2020-SANS-FOND-SANS-TEXTE.png","contentUrl":"https:\/\/dicodusport.fr\/blog\/wp-content\/uploads\/2020\/06\/cropped-LOGO-DICODUSPORT-2020-SANS-FOND-SANS-TEXTE.png","width":512,"height":512,"caption":"Dicodusport"},"image":{"@id":"https:\/\/dicodusport.fr\/blog\/#\/schema\/logo\/image\/"},"sameAs":["https:\/\/www.facebook.com\/dicodusport","https:\/\/x.com\/dicodusport","https:\/\/www.instagram.com\/dicodusport\/","https:\/\/www.youtube.com\/channel\/UC7V2KZ5sd3htJivAbA4ZG3w"],"description":"Dicodusport est l'encyclop\u00e9die de l'actualit\u00e9 sportive.","email":"bonjour@dicodusport.fr","legalName":"DICODUSPORT","foundingDate":"2018-01-14","vatID":"FR71834470973","taxID":"83447097300043","numberOfEmployees":{"@type":"QuantitativeValue","minValue":"1","maxValue":"10"}},{"@type":"Person","@id":"https:\/\/dicodusport.fr\/blog\/#\/schema\/person\/37def232098a7a5cbab3974a3690abb0","name":"Maxime Cazenave","image":{"@type":"ImageObject","inLanguage":"fr-FR","@id":"https:\/\/dicodusport.fr\/blog\/#\/schema\/person\/image\/","url":"https:\/\/dicodusport.fr\/blog\/wp-content\/uploads\/2021\/05\/Maxime-Cazenave-150x150.jpg","contentUrl":"https:\/\/dicodusport.fr\/blog\/wp-content\/uploads\/2021\/05\/Maxime-Cazenave-150x150.jpg","caption":"Maxime Cazenave"},"description":"Journaliste\/R\u00e9dacteur depuis 2012 - Berc\u00e9 par l\u2019amour des Girondins de Bordeaux, les \u00e9checs de Christophe Moreau sur le Tour de France sous l'\u00e8re Lance Armstrong et le fade-away l\u00e9tal de Dirk Nowitzki, ma passion d\u00e9vorante pour le sport a toujours \u00e9t\u00e9 un pan incontournable de ma vie. Transmettre ma passion \u00e0 l\u2019\u00e9crit a \u00e9t\u00e9 une transition naturelle. Suiveur assidu de basket et de hockey sur glace, je garde toujours un peu de place pour suivre le cyclisme, le football et le maximum de performances fran\u00e7aises.","sameAs":["https:\/\/x.com\/https:\/\/twitter.com\/Maxime_Caze"],"url":"https:\/\/dicodusport.fr\/blog\/author\/maximec\/"}]}},"_links":{"self":[{"href":"https:\/\/dicodusport.fr\/blog\/wp-json\/wp\/v2\/posts\/590335","targetHints":{"allow":["GET"]}}],"collection":[{"href":"https:\/\/dicodusport.fr\/blog\/wp-json\/wp\/v2\/posts"}],"about":[{"href":"https:\/\/dicodusport.fr\/blog\/wp-json\/wp\/v2\/types\/post"}],"author":[{"embeddable":true,"href":"https:\/\/dicodusport.fr\/blog\/wp-json\/wp\/v2\/users\/55"}],"replies":[{"embeddable":true,"href":"https:\/\/dicodusport.fr\/blog\/wp-json\/wp\/v2\/comments?post=590335"}],"version-history":[{"count":5,"href":"https:\/\/dicodusport.fr\/blog\/wp-json\/wp\/v2\/posts\/590335\/revisions"}],"predecessor-version":[{"id":590421,"href":"https:\/\/dicodusport.fr\/blog\/wp-json\/wp\/v2\/posts\/590335\/revisions\/590421"}],"wp:featuredmedia":[{"embeddable":true,"href":"https:\/\/dicodusport.fr\/blog\/wp-json\/wp\/v2\/media\/590414"}],"wp:attachment":[{"href":"https:\/\/dicodusport.fr\/blog\/wp-json\/wp\/v2\/media?parent=590335"}],"wp:term":[{"taxonomy":"category","embeddable":true,"href":"https:\/\/dicodusport.fr\/blog\/wp-json\/wp\/v2\/categories?post=590335"},{"taxonomy":"post_tag","embeddable":true,"href":"https:\/\/dicodusport.fr\/blog\/wp-json\/wp\/v2\/tags?post=590335"}],"curies":[{"name":"wp","href":"https:\/\/api.w.org\/{rel}","templated":true}]}}