{"id":590562,"date":"2025-06-27T13:55:29","date_gmt":"2025-06-27T11:55:29","guid":{"rendered":"https:\/\/dicodusport.fr\/blog\/?p=590562&#038;preview=true&#038;preview_id=590562"},"modified":"2025-06-27T14:07:46","modified_gmt":"2025-06-27T12:07:46","slug":"ol-john-textor-pousse-vers-la-sortie-deux-remplacants-pressentis","status":"publish","type":"post","link":"https:\/\/dicodusport.fr\/blog\/ol-john-textor-pousse-vers-la-sortie-deux-remplacants-pressentis\/","title":{"rendered":"OL : John Textor pouss\u00e9 vers la sortie, deux rempla\u00e7ants pressentis"},"content":{"rendered":"<p style=\"text-align: justify;\"><strong><em>LIGUE 1 &#8211; Selon Foot Mercato, John Textor pourrait \u00eatre mis en retrait de la direction de l&rsquo;OL suite \u00e0 la d\u00e9cision de la DNCG.<\/em><\/strong><\/p>\n<p style=\"text-align: justify;\">Mardi, une onde de choc a frapp\u00e9 Lyon avec la d\u00e9cision de la <strong>DNCG<\/strong>. Le club du Rh\u00f4ne a \u00e9t\u00e9 r\u00e9trograd\u00e9 en Ligue 2 pour ne pas avoir satisfait des demandes de la DNCG. L&rsquo;<strong>OL<\/strong> n&rsquo;avait pas les fonds n\u00e9cessaires pour couvrir ses d\u00e9penses pour l&rsquo;ann\u00e9e \u00e0 venir. Un appel a \u00e9t\u00e9 d\u00e9pos\u00e9, et Lyon a donc une semaine pour trouver des solutions et convaincre qu&rsquo;il peut rester en Ligue 1.<\/p>\n<ul style=\"text-align: justify;\">\n<li style=\"text-align: justify;\"><strong>\u00c0 lire aussi &#8211; <a href=\"https:\/\/dicodusport.fr\/blog\/ol-ligue-2-textor-ligue-europa-et-dncg-le-point-sur-la-situation-de-lyon\/\" target=\"_blank\" rel=\"noopener\">OL : Ligue 2, Textor, Ligue Europa et DNCG, le point sur la situation de Lyon<\/a><\/strong><\/li>\n<\/ul>\n<h2 style=\"text-align: justify;\">John Textor en retrait ?<\/h2>\n<p style=\"text-align: justify;\"><strong>John<\/strong> <strong>Textor<\/strong> sera-t-il toujours le pr\u00e9sident ex\u00e9cutif de l&rsquo;<strong>Olympique<\/strong> <strong>Lyonnais<\/strong> au moment de passer devant la commission d&rsquo;appel ? La tendance est plut\u00f4t \u00e0 une issue n\u00e9gative, et le propri\u00e9taire am\u00e9ricain devrait \u00eatre mis en retrait alors qu&rsquo;<strong>Ares<\/strong> <strong>Management<\/strong>, son plus gros pr\u00eateur, lui met la pression depuis la d\u00e9cision de la DNCG.<\/p>\n<ul style=\"text-align: justify;\">\n<li><strong>\u00c0 lire aussi \u2013\u00a0<a href=\"https:\/\/dicodusport.fr\/blog\/mercato-lyon-les-details-du-transfert-de-rayan-cherki-a-manchester-city\/\">Mercato Lyon : Les d\u00e9tails du transfert de Rayan Cherki \u00e0 Manchester City<\/a><\/strong><\/li>\n<\/ul>\n<p style=\"text-align: justify;\">Pour le remplacer, <strong>Michele<\/strong> <strong>Kang<\/strong>, actionnaire d&rsquo;<strong>Eagle Group<\/strong> et propri\u00e9taire d&rsquo;<strong>OL Lyonnes<\/strong>, est attendue comme pr\u00e9sidente ex\u00e9cutive. Selon <a href=\"https:\/\/www.lequipe.fr\/Football\/Actualites\/Ol-vers-un-ticket-michele-kang-michael-gerlinger-pour-remplacer-john-textor\/1573450\" target=\"_blank\" rel=\"noopener\">L&rsquo;\u00c9quipe<\/a>, elle serait second\u00e9e par <strong>Michael<\/strong> <strong>Gerlinger<\/strong>, directeur du football d&rsquo;Eagle, qui aura la lourde t\u00e2che de d\u00e9fendre le cas de l&rsquo;<strong>Olympique Lyonnais<\/strong> devant la commission d&rsquo;appel. Reste \u00e0 savoir si ces mesures seront temporaires ou d\u00e9finitives pour le club rhodanien.<\/p>\n<h3 style=\"text-align: justify;\">\u00c0 lire aussi<\/h3>\n<div class=\"vlp-link-container vlp-layout-article\"><a href=\"https:\/\/dicodusport.fr\/blog\/mercato-ol-2025-2026-le-tableau-complet-des-transferts-arrivees-et-departs\/\" class=\"vlp-link\" title=\"Mercato OL 2025-2026 : Le tableau complet des transferts, arriv\u00e9es et d\u00e9parts\"><\/a><div class=\"vlp-layout-zone-side\"><div class=\"vlp-block-4 vlp-link-image\"><img loading=\"lazy\" decoding=\"async\" style=\"max-width: 792px;\" width=\"792\" height=\"445\" src=\"https:\/\/dicodusport.fr\/blog\/wp-content\/uploads\/2025\/05\/Mercato-OL-2025-2026-Le-tableau-complet-des-transferts-arrivees-et-departs.png\" class=\"attachment-800x445 size-800x445\" alt=\"Mercato OL 2025-2026 Le tableau complet des transferts, arriv\u00e9es et d\u00e9parts\" srcset=\"https:\/\/dicodusport.fr\/blog\/wp-content\/uploads\/2025\/05\/Mercato-OL-2025-2026-Le-tableau-complet-des-transferts-arrivees-et-departs.png 1200w, https:\/\/dicodusport.fr\/blog\/wp-content\/uploads\/2025\/05\/Mercato-OL-2025-2026-Le-tableau-complet-des-transferts-arrivees-et-departs-300x169.png 300w, https:\/\/dicodusport.fr\/blog\/wp-content\/uploads\/2025\/05\/Mercato-OL-2025-2026-Le-tableau-complet-des-transferts-arrivees-et-departs-1024x575.png 1024w, https:\/\/dicodusport.fr\/blog\/wp-content\/uploads\/2025\/05\/Mercato-OL-2025-2026-Le-tableau-complet-des-transferts-arrivees-et-departs-768x431.png 768w\" sizes=\"auto, (max-width: 792px) 100vw, 792px\" \/><\/div><\/div><div class=\"vlp-layout-zone-main\"><div class=\"vlp-block-0 vlp-link-title\">Mercato OL 2025-2026 : Le tableau complet des transferts, arriv\u00e9es et d\u00e9parts<\/div><div class=\"vlp-block-1 vlp-link-summary\">TRANSFERTS OL - Retrouvez tous les mouvements de l'Olympique Lyonnais pour l'intersaison 2025 en Ligue 1. Arriv\u00e9es, d\u00e9part, pr\u00eats, transferts d\u00e9finitifs, ne ratez rien du mercato estival.\u00a0<\/div><div class=\"vlp-block-2 vlp-link-button\">Lire l'article<\/div><div class=\"vlp-block-3 vlp-link-url\">dicodusport.fr<\/div><\/div><\/div>\n","protected":false},"excerpt":{"rendered":"<p>LIGUE 1 &#8211; Selon Foot Mercato, John Textor pourrait \u00eatre mis en retrait de la direction de l&rsquo;OL suite \u00e0 la d\u00e9cision de la DNCG.<\/p>\n","protected":false},"author":1,"featured_media":590564,"comment_status":"open","ping_status":"closed","sticky":false,"template":"","format":"standard","meta":{"_acf_changed":false,"_daextam_enable_autolinks":"1","footnotes":""},"categories":[47045],"tags":[16878,449,1145],"class_list":["post-590562","post","type-post","status-publish","format-standard","has-post-thumbnail","hentry","category-ligue-1","tag-breve","tag-lyon","tag-ol"],"acf":[],"yoast_head":"<!-- This site is optimized with the Yoast SEO Premium plugin v26.7 (Yoast SEO v26.7) - https:\/\/yoast.com\/wordpress\/plugins\/seo\/ -->\n<title>OL : John Textor pouss\u00e9 vers la sortie, deux rempla\u00e7ants pressentis<\/title>\n<meta name=\"description\" content=\"LIGUE 1 - Selon Foot Mercato, John Textor pourrait \u00eatre mis en retrait de la direction de l&#039;OL suite \u00e0 la d\u00e9cision de la DNCG.\" \/>\n<meta name=\"robots\" content=\"index, follow, max-snippet:-1, max-image-preview:large, max-video-preview:-1\" \/>\n<link rel=\"canonical\" href=\"https:\/\/dicodusport.fr\/blog\/ol-john-textor-pousse-vers-la-sortie-deux-remplacants-pressentis\/\" \/>\n<meta property=\"og:locale\" content=\"fr_FR\" \/>\n<meta property=\"og:type\" content=\"article\" \/>\n<meta property=\"og:title\" content=\"OL : John Textor pouss\u00e9 vers la sortie, deux rempla\u00e7ants pressentis\" \/>\n<meta property=\"og:description\" content=\"LIGUE 1 - Selon Foot Mercato, John Textor pourrait \u00eatre mis en retrait de la direction de l&#039;OL suite \u00e0 la d\u00e9cision de la DNCG.\" \/>\n<meta property=\"og:url\" content=\"https:\/\/dicodusport.fr\/blog\/ol-john-textor-pousse-vers-la-sortie-deux-remplacants-pressentis\/\" \/>\n<meta property=\"og:site_name\" content=\"Dicodusport\" \/>\n<meta property=\"article:publisher\" content=\"https:\/\/www.facebook.com\/dicodusport\" \/>\n<meta property=\"article:author\" content=\"https:\/\/www.facebook.com\/dicodusport\" \/>\n<meta property=\"article:published_time\" content=\"2025-06-27T11:55:29+00:00\" \/>\n<meta property=\"article:modified_time\" content=\"2025-06-27T12:07:46+00:00\" \/>\n<meta property=\"og:image\" content=\"https:\/\/dicodusport.fr\/blog\/wp-content\/uploads\/2025\/06\/OL-John-Textor-pousse-vers-la-sortie-.png\" \/>\n\t<meta property=\"og:image:width\" content=\"1200\" \/>\n\t<meta property=\"og:image:height\" content=\"674\" \/>\n\t<meta property=\"og:image:type\" content=\"image\/png\" \/>\n<meta name=\"author\" content=\"Nicolas Jacquemard\" \/>\n<meta name=\"twitter:card\" content=\"summary_large_image\" \/>\n<meta name=\"twitter:title\" content=\"OL : John Textor pouss\u00e9 vers la sortie, deux rempla\u00e7ants pressentis\" \/>\n<meta name=\"twitter:creator\" content=\"@https:\/\/twitter.com\/Nico_Jacquemard\" \/>\n<meta name=\"twitter:site\" content=\"@dicodusport\" \/>\n<script type=\"application\/ld+json\" class=\"yoast-schema-graph\">{\"@context\":\"https:\/\/schema.org\",\"@graph\":[{\"@type\":\"NewsArticle\",\"@id\":\"https:\/\/dicodusport.fr\/blog\/ol-john-textor-pousse-vers-la-sortie-deux-remplacants-pressentis\/#article\",\"isPartOf\":{\"@id\":\"https:\/\/dicodusport.fr\/blog\/ol-john-textor-pousse-vers-la-sortie-deux-remplacants-pressentis\/\"},\"author\":{\"name\":\"Nicolas Jacquemard\",\"@id\":\"https:\/\/dicodusport.fr\/blog\/#\/schema\/person\/55dcb50ad410894e431ed812bbb70191\"},\"headline\":\"OL : John Textor pouss\u00e9 vers la sortie, deux rempla\u00e7ants pressentis\",\"datePublished\":\"2025-06-27T11:55:29+00:00\",\"dateModified\":\"2025-06-27T12:07:46+00:00\",\"mainEntityOfPage\":{\"@id\":\"https:\/\/dicodusport.fr\/blog\/ol-john-textor-pousse-vers-la-sortie-deux-remplacants-pressentis\/\"},\"wordCount\":374,\"commentCount\":0,\"publisher\":{\"@id\":\"https:\/\/dicodusport.fr\/blog\/#organization\"},\"image\":{\"@id\":\"https:\/\/dicodusport.fr\/blog\/ol-john-textor-pousse-vers-la-sortie-deux-remplacants-pressentis\/#primaryimage\"},\"thumbnailUrl\":\"https:\/\/dicodusport.fr\/blog\/wp-content\/uploads\/2025\/06\/OL-John-Textor-pousse-vers-la-sortie-.png\",\"keywords\":[\"br\u00e8ve\",\"Lyon\",\"OL\"],\"articleSection\":[\"Ligue 1\"],\"inLanguage\":\"fr-FR\",\"potentialAction\":[{\"@type\":\"CommentAction\",\"name\":\"Comment\",\"target\":[\"https:\/\/dicodusport.fr\/blog\/ol-john-textor-pousse-vers-la-sortie-deux-remplacants-pressentis\/#respond\"]}],\"copyrightYear\":\"2025\",\"copyrightHolder\":{\"@id\":\"https:\/\/dicodusport.fr\/blog\/#organization\"}},{\"@type\":\"WebPage\",\"@id\":\"https:\/\/dicodusport.fr\/blog\/ol-john-textor-pousse-vers-la-sortie-deux-remplacants-pressentis\/\",\"url\":\"https:\/\/dicodusport.fr\/blog\/ol-john-textor-pousse-vers-la-sortie-deux-remplacants-pressentis\/\",\"name\":\"OL : John Textor pouss\u00e9 vers la sortie, deux rempla\u00e7ants pressentis\",\"isPartOf\":{\"@id\":\"https:\/\/dicodusport.fr\/blog\/#website\"},\"primaryImageOfPage\":{\"@id\":\"https:\/\/dicodusport.fr\/blog\/ol-john-textor-pousse-vers-la-sortie-deux-remplacants-pressentis\/#primaryimage\"},\"image\":{\"@id\":\"https:\/\/dicodusport.fr\/blog\/ol-john-textor-pousse-vers-la-sortie-deux-remplacants-pressentis\/#primaryimage\"},\"thumbnailUrl\":\"https:\/\/dicodusport.fr\/blog\/wp-content\/uploads\/2025\/06\/OL-John-Textor-pousse-vers-la-sortie-.png\",\"datePublished\":\"2025-06-27T11:55:29+00:00\",\"dateModified\":\"2025-06-27T12:07:46+00:00\",\"description\":\"LIGUE 1 - Selon Foot Mercato, John Textor pourrait \u00eatre mis en retrait de la direction de l'OL suite \u00e0 la d\u00e9cision de la DNCG.\",\"breadcrumb\":{\"@id\":\"https:\/\/dicodusport.fr\/blog\/ol-john-textor-pousse-vers-la-sortie-deux-remplacants-pressentis\/#breadcrumb\"},\"inLanguage\":\"fr-FR\",\"potentialAction\":[{\"@type\":\"ReadAction\",\"target\":[\"https:\/\/dicodusport.fr\/blog\/ol-john-textor-pousse-vers-la-sortie-deux-remplacants-pressentis\/\"]}]},{\"@type\":\"ImageObject\",\"inLanguage\":\"fr-FR\",\"@id\":\"https:\/\/dicodusport.fr\/blog\/ol-john-textor-pousse-vers-la-sortie-deux-remplacants-pressentis\/#primaryimage\",\"url\":\"https:\/\/dicodusport.fr\/blog\/wp-content\/uploads\/2025\/06\/OL-John-Textor-pousse-vers-la-sortie-.png\",\"contentUrl\":\"https:\/\/dicodusport.fr\/blog\/wp-content\/uploads\/2025\/06\/OL-John-Textor-pousse-vers-la-sortie-.png\",\"width\":1200,\"height\":674},{\"@type\":\"BreadcrumbList\",\"@id\":\"https:\/\/dicodusport.fr\/blog\/ol-john-textor-pousse-vers-la-sortie-deux-remplacants-pressentis\/#breadcrumb\",\"itemListElement\":[{\"@type\":\"ListItem\",\"position\":1,\"name\":\"Accueil\",\"item\":\"https:\/\/dicodusport.fr\/blog\/\"},{\"@type\":\"ListItem\",\"position\":2,\"name\":\"OL : John Textor pouss\u00e9 vers la sortie, deux rempla\u00e7ants pressentis\"}]},{\"@type\":\"WebSite\",\"@id\":\"https:\/\/dicodusport.fr\/blog\/#website\",\"url\":\"https:\/\/dicodusport.fr\/blog\/\",\"name\":\"Dicodusport\",\"description\":\"L&#039;encyclop\u00e9die de l&#039;actualit\u00e9 sportive\",\"publisher\":{\"@id\":\"https:\/\/dicodusport.fr\/blog\/#organization\"},\"potentialAction\":[{\"@type\":\"SearchAction\",\"target\":{\"@type\":\"EntryPoint\",\"urlTemplate\":\"https:\/\/dicodusport.fr\/blog\/?s={search_term_string}\"},\"query-input\":{\"@type\":\"PropertyValueSpecification\",\"valueRequired\":true,\"valueName\":\"search_term_string\"}}],\"inLanguage\":\"fr-FR\"},{\"@type\":\"NewsMediaOrganization\",\"@id\":\"https:\/\/dicodusport.fr\/blog\/#organization\",\"name\":\"Dicodusport\",\"url\":\"https:\/\/dicodusport.fr\/blog\/\",\"logo\":{\"@type\":\"ImageObject\",\"inLanguage\":\"fr-FR\",\"@id\":\"https:\/\/dicodusport.fr\/blog\/#\/schema\/logo\/image\/\",\"url\":\"https:\/\/dicodusport.fr\/blog\/wp-content\/uploads\/2020\/06\/cropped-LOGO-DICODUSPORT-2020-SANS-FOND-SANS-TEXTE.png\",\"contentUrl\":\"https:\/\/dicodusport.fr\/blog\/wp-content\/uploads\/2020\/06\/cropped-LOGO-DICODUSPORT-2020-SANS-FOND-SANS-TEXTE.png\",\"width\":512,\"height\":512,\"caption\":\"Dicodusport\"},\"image\":{\"@id\":\"https:\/\/dicodusport.fr\/blog\/#\/schema\/logo\/image\/\"},\"sameAs\":[\"https:\/\/www.facebook.com\/dicodusport\",\"https:\/\/x.com\/dicodusport\",\"https:\/\/www.instagram.com\/dicodusport\/\",\"https:\/\/www.youtube.com\/channel\/UC7V2KZ5sd3htJivAbA4ZG3w\"],\"description\":\"Dicodusport est l'encyclop\u00e9die de l'actualit\u00e9 sportive.\",\"email\":\"bonjour@dicodusport.fr\",\"legalName\":\"DICODUSPORT\",\"foundingDate\":\"2018-01-14\",\"vatID\":\"FR71834470973\",\"taxID\":\"83447097300043\",\"numberOfEmployees\":{\"@type\":\"QuantitativeValue\",\"minValue\":\"1\",\"maxValue\":\"10\"}},{\"@type\":\"Person\",\"@id\":\"https:\/\/dicodusport.fr\/blog\/#\/schema\/person\/55dcb50ad410894e431ed812bbb70191\",\"name\":\"Nicolas Jacquemard\",\"image\":{\"@type\":\"ImageObject\",\"inLanguage\":\"fr-FR\",\"@id\":\"https:\/\/dicodusport.fr\/blog\/#\/schema\/person\/image\/\",\"url\":\"https:\/\/dicodusport.fr\/blog\/wp-content\/uploads\/2021\/05\/Nicolas-Jacquemard-150x150.jpeg\",\"contentUrl\":\"https:\/\/dicodusport.fr\/blog\/wp-content\/uploads\/2021\/05\/Nicolas-Jacquemard-150x150.jpeg\",\"caption\":\"Nicolas Jacquemard\"},\"description\":\"Passionn\u00e9 de sport et entrepreneur depuis mes 18 ans, la cr\u00e9ation de Dicodusport m'a sembl\u00e9 \u00e9vidente pour participer \u00e0 la m\u00e9diatisation d'un plus grand nombre de sports. Le chemin est long mais avec une \u00e9quipe des plus motiv\u00e9es et les Jeux Olympiques de Paris 2024 en point de mire, nous y arriverons ! Journaliste dans le monde du sport depuis plus de 5 ans, je traite aussi bien de football, de rugby, de biathlon que de cyclisme.\",\"sameAs\":[\"https:\/\/www.facebook.com\/dicodusport\",\"https:\/\/x.com\/https:\/\/twitter.com\/Nico_Jacquemard\"],\"url\":\"https:\/\/dicodusport.fr\/blog\/author\/dicodusport\/\"}]}<\/script>\n<!-- \/ Yoast SEO Premium plugin. -->","yoast_head_json":{"title":"OL : John Textor pouss\u00e9 vers la sortie, deux rempla\u00e7ants pressentis","description":"LIGUE 1 - Selon Foot Mercato, John Textor pourrait \u00eatre mis en retrait de la direction de l'OL suite \u00e0 la d\u00e9cision de la DNCG.","robots":{"index":"index","follow":"follow","max-snippet":"max-snippet:-1","max-image-preview":"max-image-preview:large","max-video-preview":"max-video-preview:-1"},"canonical":"https:\/\/dicodusport.fr\/blog\/ol-john-textor-pousse-vers-la-sortie-deux-remplacants-pressentis\/","og_locale":"fr_FR","og_type":"article","og_title":"OL : John Textor pouss\u00e9 vers la sortie, deux rempla\u00e7ants pressentis","og_description":"LIGUE 1 - Selon Foot Mercato, John Textor pourrait \u00eatre mis en retrait de la direction de l'OL suite \u00e0 la d\u00e9cision de la DNCG.","og_url":"https:\/\/dicodusport.fr\/blog\/ol-john-textor-pousse-vers-la-sortie-deux-remplacants-pressentis\/","og_site_name":"Dicodusport","article_publisher":"https:\/\/www.facebook.com\/dicodusport","article_author":"https:\/\/www.facebook.com\/dicodusport","article_published_time":"2025-06-27T11:55:29+00:00","article_modified_time":"2025-06-27T12:07:46+00:00","og_image":[{"width":1200,"height":674,"url":"https:\/\/dicodusport.fr\/blog\/wp-content\/uploads\/2025\/06\/OL-John-Textor-pousse-vers-la-sortie-.png","type":"image\/png"}],"author":"Nicolas Jacquemard","twitter_card":"summary_large_image","twitter_title":"OL : John Textor pouss\u00e9 vers la sortie, deux rempla\u00e7ants pressentis","twitter_creator":"@https:\/\/twitter.com\/Nico_Jacquemard","twitter_site":"@dicodusport","schema":{"@context":"https:\/\/schema.org","@graph":[{"@type":"NewsArticle","@id":"https:\/\/dicodusport.fr\/blog\/ol-john-textor-pousse-vers-la-sortie-deux-remplacants-pressentis\/#article","isPartOf":{"@id":"https:\/\/dicodusport.fr\/blog\/ol-john-textor-pousse-vers-la-sortie-deux-remplacants-pressentis\/"},"author":{"name":"Nicolas Jacquemard","@id":"https:\/\/dicodusport.fr\/blog\/#\/schema\/person\/55dcb50ad410894e431ed812bbb70191"},"headline":"OL : John Textor pouss\u00e9 vers la sortie, deux rempla\u00e7ants pressentis","datePublished":"2025-06-27T11:55:29+00:00","dateModified":"2025-06-27T12:07:46+00:00","mainEntityOfPage":{"@id":"https:\/\/dicodusport.fr\/blog\/ol-john-textor-pousse-vers-la-sortie-deux-remplacants-pressentis\/"},"wordCount":374,"commentCount":0,"publisher":{"@id":"https:\/\/dicodusport.fr\/blog\/#organization"},"image":{"@id":"https:\/\/dicodusport.fr\/blog\/ol-john-textor-pousse-vers-la-sortie-deux-remplacants-pressentis\/#primaryimage"},"thumbnailUrl":"https:\/\/dicodusport.fr\/blog\/wp-content\/uploads\/2025\/06\/OL-John-Textor-pousse-vers-la-sortie-.png","keywords":["br\u00e8ve","Lyon","OL"],"articleSection":["Ligue 1"],"inLanguage":"fr-FR","potentialAction":[{"@type":"CommentAction","name":"Comment","target":["https:\/\/dicodusport.fr\/blog\/ol-john-textor-pousse-vers-la-sortie-deux-remplacants-pressentis\/#respond"]}],"copyrightYear":"2025","copyrightHolder":{"@id":"https:\/\/dicodusport.fr\/blog\/#organization"}},{"@type":"WebPage","@id":"https:\/\/dicodusport.fr\/blog\/ol-john-textor-pousse-vers-la-sortie-deux-remplacants-pressentis\/","url":"https:\/\/dicodusport.fr\/blog\/ol-john-textor-pousse-vers-la-sortie-deux-remplacants-pressentis\/","name":"OL : John Textor pouss\u00e9 vers la sortie, deux rempla\u00e7ants pressentis","isPartOf":{"@id":"https:\/\/dicodusport.fr\/blog\/#website"},"primaryImageOfPage":{"@id":"https:\/\/dicodusport.fr\/blog\/ol-john-textor-pousse-vers-la-sortie-deux-remplacants-pressentis\/#primaryimage"},"image":{"@id":"https:\/\/dicodusport.fr\/blog\/ol-john-textor-pousse-vers-la-sortie-deux-remplacants-pressentis\/#primaryimage"},"thumbnailUrl":"https:\/\/dicodusport.fr\/blog\/wp-content\/uploads\/2025\/06\/OL-John-Textor-pousse-vers-la-sortie-.png","datePublished":"2025-06-27T11:55:29+00:00","dateModified":"2025-06-27T12:07:46+00:00","description":"LIGUE 1 - Selon Foot Mercato, John Textor pourrait \u00eatre mis en retrait de la direction de l'OL suite \u00e0 la d\u00e9cision de la DNCG.","breadcrumb":{"@id":"https:\/\/dicodusport.fr\/blog\/ol-john-textor-pousse-vers-la-sortie-deux-remplacants-pressentis\/#breadcrumb"},"inLanguage":"fr-FR","potentialAction":[{"@type":"ReadAction","target":["https:\/\/dicodusport.fr\/blog\/ol-john-textor-pousse-vers-la-sortie-deux-remplacants-pressentis\/"]}]},{"@type":"ImageObject","inLanguage":"fr-FR","@id":"https:\/\/dicodusport.fr\/blog\/ol-john-textor-pousse-vers-la-sortie-deux-remplacants-pressentis\/#primaryimage","url":"https:\/\/dicodusport.fr\/blog\/wp-content\/uploads\/2025\/06\/OL-John-Textor-pousse-vers-la-sortie-.png","contentUrl":"https:\/\/dicodusport.fr\/blog\/wp-content\/uploads\/2025\/06\/OL-John-Textor-pousse-vers-la-sortie-.png","width":1200,"height":674},{"@type":"BreadcrumbList","@id":"https:\/\/dicodusport.fr\/blog\/ol-john-textor-pousse-vers-la-sortie-deux-remplacants-pressentis\/#breadcrumb","itemListElement":[{"@type":"ListItem","position":1,"name":"Accueil","item":"https:\/\/dicodusport.fr\/blog\/"},{"@type":"ListItem","position":2,"name":"OL : John Textor pouss\u00e9 vers la sortie, deux rempla\u00e7ants pressentis"}]},{"@type":"WebSite","@id":"https:\/\/dicodusport.fr\/blog\/#website","url":"https:\/\/dicodusport.fr\/blog\/","name":"Dicodusport","description":"L&#039;encyclop\u00e9die de l&#039;actualit\u00e9 sportive","publisher":{"@id":"https:\/\/dicodusport.fr\/blog\/#organization"},"potentialAction":[{"@type":"SearchAction","target":{"@type":"EntryPoint","urlTemplate":"https:\/\/dicodusport.fr\/blog\/?s={search_term_string}"},"query-input":{"@type":"PropertyValueSpecification","valueRequired":true,"valueName":"search_term_string"}}],"inLanguage":"fr-FR"},{"@type":"NewsMediaOrganization","@id":"https:\/\/dicodusport.fr\/blog\/#organization","name":"Dicodusport","url":"https:\/\/dicodusport.fr\/blog\/","logo":{"@type":"ImageObject","inLanguage":"fr-FR","@id":"https:\/\/dicodusport.fr\/blog\/#\/schema\/logo\/image\/","url":"https:\/\/dicodusport.fr\/blog\/wp-content\/uploads\/2020\/06\/cropped-LOGO-DICODUSPORT-2020-SANS-FOND-SANS-TEXTE.png","contentUrl":"https:\/\/dicodusport.fr\/blog\/wp-content\/uploads\/2020\/06\/cropped-LOGO-DICODUSPORT-2020-SANS-FOND-SANS-TEXTE.png","width":512,"height":512,"caption":"Dicodusport"},"image":{"@id":"https:\/\/dicodusport.fr\/blog\/#\/schema\/logo\/image\/"},"sameAs":["https:\/\/www.facebook.com\/dicodusport","https:\/\/x.com\/dicodusport","https:\/\/www.instagram.com\/dicodusport\/","https:\/\/www.youtube.com\/channel\/UC7V2KZ5sd3htJivAbA4ZG3w"],"description":"Dicodusport est l'encyclop\u00e9die de l'actualit\u00e9 sportive.","email":"bonjour@dicodusport.fr","legalName":"DICODUSPORT","foundingDate":"2018-01-14","vatID":"FR71834470973","taxID":"83447097300043","numberOfEmployees":{"@type":"QuantitativeValue","minValue":"1","maxValue":"10"}},{"@type":"Person","@id":"https:\/\/dicodusport.fr\/blog\/#\/schema\/person\/55dcb50ad410894e431ed812bbb70191","name":"Nicolas Jacquemard","image":{"@type":"ImageObject","inLanguage":"fr-FR","@id":"https:\/\/dicodusport.fr\/blog\/#\/schema\/person\/image\/","url":"https:\/\/dicodusport.fr\/blog\/wp-content\/uploads\/2021\/05\/Nicolas-Jacquemard-150x150.jpeg","contentUrl":"https:\/\/dicodusport.fr\/blog\/wp-content\/uploads\/2021\/05\/Nicolas-Jacquemard-150x150.jpeg","caption":"Nicolas Jacquemard"},"description":"Passionn\u00e9 de sport et entrepreneur depuis mes 18 ans, la cr\u00e9ation de Dicodusport m'a sembl\u00e9 \u00e9vidente pour participer \u00e0 la m\u00e9diatisation d'un plus grand nombre de sports. Le chemin est long mais avec une \u00e9quipe des plus motiv\u00e9es et les Jeux Olympiques de Paris 2024 en point de mire, nous y arriverons ! Journaliste dans le monde du sport depuis plus de 5 ans, je traite aussi bien de football, de rugby, de biathlon que de cyclisme.","sameAs":["https:\/\/www.facebook.com\/dicodusport","https:\/\/x.com\/https:\/\/twitter.com\/Nico_Jacquemard"],"url":"https:\/\/dicodusport.fr\/blog\/author\/dicodusport\/"}]}},"_links":{"self":[{"href":"https:\/\/dicodusport.fr\/blog\/wp-json\/wp\/v2\/posts\/590562","targetHints":{"allow":["GET"]}}],"collection":[{"href":"https:\/\/dicodusport.fr\/blog\/wp-json\/wp\/v2\/posts"}],"about":[{"href":"https:\/\/dicodusport.fr\/blog\/wp-json\/wp\/v2\/types\/post"}],"author":[{"embeddable":true,"href":"https:\/\/dicodusport.fr\/blog\/wp-json\/wp\/v2\/users\/1"}],"replies":[{"embeddable":true,"href":"https:\/\/dicodusport.fr\/blog\/wp-json\/wp\/v2\/comments?post=590562"}],"version-history":[{"count":5,"href":"https:\/\/dicodusport.fr\/blog\/wp-json\/wp\/v2\/posts\/590562\/revisions"}],"predecessor-version":[{"id":590573,"href":"https:\/\/dicodusport.fr\/blog\/wp-json\/wp\/v2\/posts\/590562\/revisions\/590573"}],"wp:featuredmedia":[{"embeddable":true,"href":"https:\/\/dicodusport.fr\/blog\/wp-json\/wp\/v2\/media\/590564"}],"wp:attachment":[{"href":"https:\/\/dicodusport.fr\/blog\/wp-json\/wp\/v2\/media?parent=590562"}],"wp:term":[{"taxonomy":"category","embeddable":true,"href":"https:\/\/dicodusport.fr\/blog\/wp-json\/wp\/v2\/categories?post=590562"},{"taxonomy":"post_tag","embeddable":true,"href":"https:\/\/dicodusport.fr\/blog\/wp-json\/wp\/v2\/tags?post=590562"}],"curies":[{"name":"wp","href":"https:\/\/api.w.org\/{rel}","templated":true}]}}