{"id":590746,"date":"2025-06-30T18:26:04","date_gmt":"2025-06-30T16:26:04","guid":{"rendered":"https:\/\/dicodusport.fr\/blog\/?p=590746&#038;preview=true&#038;preview_id=590746"},"modified":"2025-06-30T18:47:37","modified_gmt":"2025-06-30T16:47:37","slug":"course-en-ligne-tous-les-champions-nationaux-2025","status":"publish","type":"post","link":"https:\/\/dicodusport.fr\/blog\/course-en-ligne-tous-les-champions-nationaux-2025\/","title":{"rendered":"Course en ligne : Tous les champions nationaux 2025"},"content":{"rendered":"<p style=\"text-align: justify;\"><em><strong>D\u00e9couvrez le r\u00e9capitulatif des champions nationaux 2025 de la course en ligne. Le tableau est mis \u00e0 jour de fa\u00e7on r\u00e9guli\u00e8re.\u00a0<\/strong><\/em><\/p>\n<ul>\n<li style=\"text-align: justify;\"><strong>\u00c0 ce sujet &#8211; <a href=\"https:\/\/dicodusport.fr\/blog\/cyclisme-tous-les-champions-nationaux-2025-du-contre-la-montre\/\">Contre-la-montre : Tous les champions nationaux 2025<\/a><\/strong><\/li>\n<\/ul>\n<p style=\"text-align: justify;\">D\u00e9couvrez la liste compl\u00e8te et mise \u00e0 jour des <a href=\"https:\/\/dicodusport.fr\/blog\/la-liste-complete-des-champions-nationaux-de-cyclisme-sur-route-2025\/\"><strong>champions nationaux 2025<\/strong><\/a> de la <strong>course en ligne<\/strong>, pays par pays. Les coureurs sacr\u00e9s porteront fi\u00e8rement leur maillot de champion national tout au long de la saison, sur les grandes \u00e9preuves du calendrier international. Ce r\u00e9capitulatif inclut les titres \u00e9lite hommes. <strong data-start=\"688\" data-end=\"753\">Retrouvez les r\u00e9sultats et les champions nationaux 2025<\/strong> <strong>dans notre tableau ci-dessous, mis \u00e0 jour en temps r\u00e9el.<\/strong><\/p>\n<ul>\n<li style=\"text-align: justify;\"><strong>\u00c0 ce sujet &#8211; <a href=\"https:\/\/dicodusport.fr\/blog\/cyclisme-mercato-2025-2026-le-tableau-des-transferts\/\">Cyclisme Mercato 2025-2026 \u2013 Le tableau des transferts<\/a><\/strong><\/li>\n<\/ul>\n<h2 style=\"text-align: justify;\">Les champions nationaux de la course en ligne<\/h2>\n<div class=\"su-table su-table-alternate\">\n<table style=\"width: 800px;border-collapse: collapse;font-size: 0.9em\" border=\"1\">\n<tbody>\n<tr style=\"height: 24px\">\n<td style=\"border-color: #ebebeb;height: 24px;text-align: center;vertical-align: middle;width: 300px\"><strong>Nations<\/strong><\/td>\n<td style=\"border-color: #ebebeb;height: 24px;text-align: center;vertical-align: middle;width: 500px\"><strong>Coureurs<\/strong><\/td>\n<\/tr>\n<tr style=\"height: 24px\">\n<td style=\"border-color: #ebebeb;height: 24px;text-align: center;vertical-align: middle;width: 300px\"><strong>\ud83c\uddff\ud83c\udde6 Afrique du Sud<\/strong><\/td>\n<td style=\"border-color: #ebebeb;height: 24px;text-align: center;vertical-align: middle;width: 500px\"><strong>Daniyal Matthews <\/strong>(Team Siata)<\/td>\n<\/tr>\n<tr>\n<td style=\"border-color: #ebebeb;text-align: center;vertical-align: middle;width: 300px\"><strong>\ud83c\udde6\ud83c\uddf1 Albanie<\/strong><\/td>\n<td style=\"border-color: #ebebeb;height: 24px;text-align: center;vertical-align: middle;width: 500px\"><strong>Lukas Sulaj Kloppenborg<\/strong> (Holb\u00e6k Cykelsport)<\/td>\n<\/tr>\n<tr>\n<td style=\"border-color: #ebebeb;text-align: center;vertical-align: middle;width: 300px\"><strong>\ud83c\udde9\ud83c\uddff Alg\u00e9rie<\/strong><\/td>\n<td style=\"border-color: #ebebeb;text-align: center;vertical-align: middle;width: 500px\"><strong>Yacine Hamza<\/strong> (Madar Pro Cycling Team)<\/td>\n<\/tr>\n<tr>\n<td style=\"border-color: #ebebeb;text-align: center;vertical-align: middle;width: 300px\"><strong>\ud83c\udde9\ud83c\uddea Allemagne<\/strong><\/td>\n<td style=\"border-color: #ebebeb;height: 24px;text-align: center;vertical-align: middle;width: 500px\"><strong>Georg Zimmermann<\/strong> (Intermarch\u00e9-Wanty)<\/td>\n<\/tr>\n<tr>\n<td style=\"border-color: #ebebeb;text-align: center;vertical-align: middle;width: 300px\"><strong>\ud83c\uddf8\ud83c\udde6 Arabie Saoudite<\/strong><\/td>\n<td style=\"border-color: #ebebeb;height: 24px;text-align: center;vertical-align: middle;width: 500px\"><\/td>\n<\/tr>\n<tr>\n<td style=\"border-color: #ebebeb;text-align: center;vertical-align: middle;width: 300px\"><strong>\ud83c\udde6\ud83c\uddf7 Argentine<\/strong><\/td>\n<td style=\"border-color: #ebebeb;height: 24px;text-align: center;vertical-align: middle;width: 500px\"><strong>Leonardo Cobarrubia <\/strong>(Sindicato de Empleados P\u00fablicos of San Juan)<\/td>\n<\/tr>\n<tr>\n<td style=\"border-color: #ebebeb;text-align: center;vertical-align: middle;width: 300px\"><strong>\ud83c\udde6\ud83c\uddfa Australie<\/strong><\/td>\n<td style=\"border-color: #ebebeb;height: 24px;text-align: center;vertical-align: middle;width: 500px\"><strong>Luke Durbridge<\/strong> (Jayco AlUla)<\/td>\n<\/tr>\n<tr>\n<td style=\"border-color: #ebebeb;text-align: center;vertical-align: middle;width: 300px\"><strong>\ud83c\udde6\ud83c\uddf9 Autriche<\/strong><\/td>\n<td style=\"border-color: #ebebeb;height: 24px;text-align: center;vertical-align: middle;width: 500px\"><strong>Tim Wafler<\/strong> (Tirol KTM Cycling Team)<\/td>\n<\/tr>\n<tr>\n<td style=\"border-color: #ebebeb;text-align: center;vertical-align: middle;width: 300px\"><strong>\ud83c\udde6\ud83c\uddff Azerba\u00efdjan<\/strong><\/td>\n<td style=\"border-color: #ebebeb;text-align: center;vertical-align: middle;width: 500px\"><\/td>\n<\/tr>\n<tr>\n<td style=\"border-color: #ebebeb;text-align: center;vertical-align: middle;width: 300px\"><strong>\ud83c\udde7\ud83c\udded Bahra\u00efn<\/strong><\/td>\n<td style=\"border-color: #ebebeb;text-align: center;vertical-align: middle;width: 500px\"><\/td>\n<\/tr>\n<tr>\n<td style=\"border-color: #ebebeb;text-align: center;vertical-align: middle;width: 300px\"><strong>\ud83c\udde7\ud83c\uddea Belgique<\/strong><\/td>\n<td style=\"border-color: #ebebeb;height: 24px;text-align: center;vertical-align: middle;width: 500px\"><strong>Tim Wellens<\/strong>\u00a0(UAE Team Emirates XRG)<\/td>\n<\/tr>\n<tr>\n<td style=\"border-color: #ebebeb;text-align: center;vertical-align: middle;width: 300px\"><strong>\ud83c\udde7\ud83c\uddff Belize<\/strong><\/td>\n<td style=\"border-color: #ebebeb;height: 24px;text-align: center;vertical-align: middle;width: 500px\"><\/td>\n<\/tr>\n<tr>\n<td style=\"border-color: #ebebeb;text-align: center;vertical-align: middle;width: 300px\"><strong>\ud83c\udde7\ud83c\uddef Benin<\/strong><\/td>\n<td style=\"border-color: #ebebeb;text-align: center;vertical-align: middle;width: 500px\"><strong>Ricardo Sodjede<\/strong><\/td>\n<\/tr>\n<tr style=\"height: 24px\">\n<td style=\"border-color: #ebebeb;height: 24px;text-align: center;vertical-align: middle;width: 300px\"><strong>\ud83c\udde7\ud83c\uddf2 Bermudes<\/strong><\/td>\n<td style=\"border-color: #ebebeb;height: 24px;text-align: center;vertical-align: middle;width: 500px\"><\/td>\n<\/tr>\n<tr>\n<td style=\"border-color: #ebebeb;text-align: center;vertical-align: middle;width: 300px\"><strong>\ud83c\udde7\ud83c\uddfe Bi\u00e9lorussie<\/strong><\/td>\n<td style=\"border-color: #ebebeb;text-align: center;vertical-align: middle;width: 500px\"><\/td>\n<\/tr>\n<tr>\n<td style=\"border-color: #ebebeb;text-align: center;vertical-align: middle;width: 300px\"><strong>\ud83c\udde7\ud83c\uddf4 Bolivie<\/strong><\/td>\n<td style=\"border-color: #ebebeb;text-align: center;vertical-align: middle;width: 500px\"><strong>Eduardo Moyata<\/strong> (P\u00edo Rico Cycling Team)<\/td>\n<\/tr>\n<tr>\n<td style=\"border-color: #ebebeb;text-align: center;vertical-align: middle;width: 300px\"><strong>\ud83c\udde7\ud83c\uddf7 Br\u00e9sil<\/strong><\/td>\n<td style=\"border-color: #ebebeb;text-align: center;vertical-align: middle;width: 500px\"><\/td>\n<\/tr>\n<tr>\n<td style=\"border-color: #ebebeb;text-align: center;vertical-align: middle;width: 300px\"><strong>\ud83c\udde7\ud83c\uddec Bulgarie<\/strong><\/td>\n<td style=\"border-color: #ebebeb;text-align: center;vertical-align: middle;width: 500px\"><strong>Borislav Palashev<\/strong> (PSKK Vassil-Levski)<\/td>\n<\/tr>\n<tr>\n<td style=\"border-color: #ebebeb;text-align: center;vertical-align: middle;width: 300px\"><strong>\ud83c\udde7\ud83c\uddeb Burkina Faso<\/strong><\/td>\n<td style=\"border-color: #ebebeb;text-align: center;vertical-align: middle;width: 500px\"><strong>Daouda Soulama<\/strong><\/td>\n<\/tr>\n<tr>\n<td style=\"border-color: #ebebeb;text-align: center;vertical-align: middle;width: 300px\"><strong>\ud83c\udde8\ud83c\uddf2 Cameroun<\/strong><\/td>\n<td style=\"border-color: #ebebeb;text-align: center;vertical-align: middle;width: 500px\"><strong>Fabrice Chofor<\/strong> (SNH V\u00e9lo Club)<\/td>\n<\/tr>\n<tr>\n<td style=\"border-color: #ebebeb;text-align: center;vertical-align: middle;width: 300px\"><strong>\ud83c\udde8\ud83c\udde6 Canada<\/strong><\/td>\n<td style=\"border-color: #ebebeb;text-align: center;vertical-align: middle;width: 500px\"><strong>Derek Gee<\/strong> (Israel &#8211; Premier Tech)<\/td>\n<\/tr>\n<tr>\n<td style=\"border-color: #ebebeb;text-align: center;vertical-align: middle;width: 300px\"><strong>\ud83c\udde8\ud83c\uddfb Cap Vert<\/strong><\/td>\n<td style=\"border-color: #ebebeb;text-align: center;vertical-align: middle;width: 500px\"><strong>Nelio da Cruz<\/strong><\/td>\n<\/tr>\n<tr>\n<td style=\"border-color: #ebebeb;text-align: center;vertical-align: middle;width: 300px\"><strong>\ud83c\udde8\ud83c\uddf1 Chili<\/strong><\/td>\n<td style=\"border-color: #ebebeb;text-align: center;vertical-align: middle;width: 500px\"><strong>Hector Exequiel Quintana<\/strong> (Plus Performance &#8211; Solutos)<\/td>\n<\/tr>\n<tr>\n<td style=\"border-color: #ebebeb;text-align: center;vertical-align: middle;width: 300px\"><strong>\ud83c\udde8\ud83c\uddf3 Chine<\/strong><\/td>\n<td style=\"border-color: #ebebeb;text-align: center;vertical-align: middle;width: 500px\"><strong>Chengshuo Miao<\/strong> (Camp Cycling Team)<\/td>\n<\/tr>\n<tr>\n<td style=\"border-color: #ebebeb;text-align: center;vertical-align: middle;width: 300px\"><strong>\ud83c\udde8\ud83c\uddfe Chypre<\/strong><\/td>\n<td style=\"border-color: #ebebeb;text-align: center;vertical-align: middle;width: 500px\"><strong>Andreas Miltiadis<\/strong> (Roojai Insurance)<\/td>\n<\/tr>\n<tr>\n<td style=\"border-color: #ebebeb;text-align: center;vertical-align: middle;width: 300px\"><strong>\ud83c\udde8\ud83c\uddf4 Colombie<\/strong><\/td>\n<td style=\"border-color: #ebebeb;text-align: center;vertical-align: middle;width: 500px\"><strong>Egan Bernal<\/strong> (INEOS Grenadiers)<\/td>\n<\/tr>\n<tr>\n<td style=\"border-color: #ebebeb;text-align: center;vertical-align: middle;width: 300px\"><strong>\ud83c\uddf0\ud83c\uddf7 Cor\u00e9e du Sud<\/strong><\/td>\n<td style=\"border-color: #ebebeb;text-align: center;vertical-align: middle;width: 500px\"><strong>Jaebin Yun <\/strong>(Seoul Cycling Team)<\/td>\n<\/tr>\n<tr>\n<td style=\"border-color: #ebebeb;text-align: center;vertical-align: middle;width: 300px\"><strong>\ud83c\udde8\ud83c\uddf7 Costa Rica<\/strong><\/td>\n<td style=\"border-color: #ebebeb;text-align: center;vertical-align: middle;width: 500px\"><strong>Gabriel Francisco Rojas<\/strong> (Manzat\u00e9 La Selva Scott)<\/td>\n<\/tr>\n<tr>\n<td style=\"border-color: #ebebeb;text-align: center;vertical-align: middle;width: 300px\"><strong>\ud83c\udded\ud83c\uddf7 Croatie<\/strong><\/td>\n<td style=\"border-color: #ebebeb;text-align: center;vertical-align: middle;width: 500px\"><strong>Nicolas Gojkovi\u0107<\/strong> (Pogi Team Gusto Ljubljana)<\/td>\n<\/tr>\n<tr>\n<td style=\"border-color: #ebebeb;text-align: center;vertical-align: middle;width: 300px\"><strong>\ud83c\udde8\ud83c\uddfa Cuba<\/strong><\/td>\n<td style=\"border-color: #ebebeb;text-align: center;vertical-align: middle;width: 500px\"><strong>Jos\u00e9 Alberto Dom\u00ednguez<\/strong><\/td>\n<\/tr>\n<tr>\n<td style=\"border-color: #ebebeb;text-align: center;vertical-align: middle;width: 300px\"><strong>\ud83c\udde9\ud83c\uddf0 Danemark<\/strong><\/td>\n<td style=\"border-color: #ebebeb;text-align: center;vertical-align: middle;width: 500px\"><strong>Soren Kragh Andersen<\/strong> (Lidl-Trek)<\/td>\n<\/tr>\n<tr>\n<td style=\"border-color: #ebebeb;text-align: center;vertical-align: middle;width: 300px\"><strong>\ud83c\uddea\ud83c\uddec \u00c9gypte<\/strong><\/td>\n<td style=\"border-color: #ebebeb;text-align: center;vertical-align: middle;width: 500px\"><strong>Abdul Rauf Ahmed Abdul Rauf<\/strong><\/td>\n<\/tr>\n<tr>\n<td style=\"border-color: #ebebeb;text-align: center;vertical-align: middle;width: 300px\"><strong>\ud83c\udde6\ud83c\uddea \u00c9mirats Arabes Unis<\/strong><\/td>\n<td style=\"border-color: #ebebeb;text-align: center;vertical-align: middle;width: 500px\"><strong>Mohammad Alsabbagh<\/strong> (Abu Dhabi Cycling Club)<\/td>\n<\/tr>\n<tr>\n<td style=\"border-color: #ebebeb;text-align: center;vertical-align: middle;width: 300px\"><strong>\ud83c\uddea\ud83c\udde8 \u00c9quateur<\/strong><\/td>\n<td style=\"border-color: #ebebeb;text-align: center;vertical-align: middle;width: 500px\"><strong>Jhonatan Narv\u00e1ez<\/strong> (UAE Team Emirates XRG)<\/td>\n<\/tr>\n<tr>\n<td style=\"border-color: #ebebeb;text-align: center;vertical-align: middle;width: 300px\"><strong>\ud83c\uddea\ud83c\uddf7 \u00c9rythr\u00e9e<\/strong><\/td>\n<td style=\"border-color: #ebebeb;text-align: center;vertical-align: middle;width: 500px\"><strong>Nahom Zeray<\/strong> (JCL Team UKYO)<\/td>\n<\/tr>\n<tr>\n<td style=\"border-color: #ebebeb;text-align: center;vertical-align: middle;width: 300px\"><strong>\ud83c\uddea\ud83c\uddf8 Espagne<\/strong><\/td>\n<td style=\"border-color: #ebebeb;text-align: center;vertical-align: middle;width: 500px\"><strong>Ivan Romeo<\/strong>\u00a0(Movistar)<\/td>\n<\/tr>\n<tr>\n<td style=\"border-color: #ebebeb;text-align: center;vertical-align: middle;width: 300px\"><strong>\ud83c\uddea\ud83c\uddea Estonie<\/strong><\/td>\n<td style=\"border-color: #ebebeb;text-align: center;vertical-align: middle;width: 500px\"><strong>Madis Mihkels<\/strong> (EF Education &#8211; EasyPost)<\/td>\n<\/tr>\n<tr>\n<td style=\"border-color: #ebebeb;text-align: center;vertical-align: middle;width: 300px\"><strong>\ud83c\uddf8\ud83c\uddff Eswatini<\/strong><\/td>\n<td style=\"border-color: #ebebeb;text-align: center;vertical-align: middle;width: 500px\"><strong>Kwanele Jele<\/strong><\/td>\n<\/tr>\n<tr>\n<td style=\"border-color: #ebebeb;text-align: center;vertical-align: middle;width: 300px\"><strong>\ud83c\uddfa\ud83c\uddf8 \u00c9tats-Unis<\/strong><\/td>\n<td style=\"border-color: #ebebeb;text-align: center;vertical-align: middle;width: 500px\"><strong>Quinn Simmons<\/strong> (Lidl-Trek)<\/td>\n<\/tr>\n<tr>\n<td style=\"border-color: #ebebeb;text-align: center;vertical-align: middle;width: 300px\"><strong>\ud83c\uddea\ud83c\uddf9 \u00c9thiopie<\/strong><\/td>\n<td style=\"border-color: #ebebeb;text-align: center;vertical-align: middle;width: 500px\"><strong>Tekle Alemayo<\/strong><\/td>\n<\/tr>\n<tr>\n<td style=\"border-color: #ebebeb;text-align: center;vertical-align: middle;width: 300px\"><strong>\ud83c\uddeb\ud83c\uddee Finlande<\/strong><\/td>\n<td style=\"border-color: #ebebeb;text-align: center;vertical-align: middle;width: 500px\"><strong>Johan Nordlund<\/strong><\/td>\n<\/tr>\n<tr>\n<td style=\"border-color: #ebebeb;text-align: center;vertical-align: middle;width: 300px\"><strong>\ud83c\uddeb\ud83c\uddf7 France<\/strong><\/td>\n<td style=\"border-color: #ebebeb;text-align: center;vertical-align: middle;width: 500px\"><a href=\"https:\/\/dicodusport.fr\/blog\/course-en-ligne-tout-en-puissance-dorian-godon-sacre-champion-de-france\/\"><strong>Dorian Godon<\/strong><\/a>\u00a0(Decathlon AG2R La Mondiale Team)<\/td>\n<\/tr>\n<tr>\n<td style=\"border-color: #ebebeb;text-align: center;vertical-align: middle;width: 300px\"><strong>\ud83c\uddec\ud83c\uddea G\u00e9orgie<\/strong><\/td>\n<td style=\"border-color: #ebebeb;text-align: center;vertical-align: middle;width: 500px\"><\/td>\n<\/tr>\n<tr>\n<td style=\"border-color: #ebebeb;text-align: center;vertical-align: middle;width: 300px\"><strong>\ud83c\uddec\ud83c\udde7 Grande-Bretagne<\/strong><\/td>\n<td style=\"border-color: #ebebeb;text-align: center;vertical-align: middle;width: 500px\"><strong>Samuel Watson<\/strong> (INEOS Grenadiers)<\/td>\n<\/tr>\n<tr>\n<td style=\"border-color: #ebebeb;text-align: center;vertical-align: middle;width: 300px\"><strong>\ud83c\uddec\ud83c\uddf7\u00a0Gr\u00e8ce<\/strong><\/td>\n<td style=\"border-color: #ebebeb;text-align: center;vertical-align: middle;width: 500px\"><strong>Nikiforos Arvanitou<\/strong> (Novapor Theseus SportsClub)<\/td>\n<\/tr>\n<tr>\n<td style=\"border-color: #ebebeb;text-align: center;vertical-align: middle;width: 300px\"><strong>\ud83c\uddec\ud83c\udde9 Grenade<\/strong><\/td>\n<td style=\"border-color: #ebebeb;text-align: center;vertical-align: middle;width: 500px\"><strong>Red Walters<\/strong> (\u00d3bidos Cycling Team)<\/td>\n<\/tr>\n<tr>\n<td style=\"border-color: #ebebeb;text-align: center;vertical-align: middle;width: 300px\"><strong>\ud83c\uddec\ud83c\uddf9 Guatemala<\/strong><\/td>\n<td style=\"border-color: #ebebeb;text-align: center;vertical-align: middle;width: 500px\"><strong>Edgar Geovanny Torres<\/strong> (Hino-One-La red-Suzuki)<\/td>\n<\/tr>\n<tr>\n<td style=\"border-color: #ebebeb;text-align: center;vertical-align: middle;width: 300px\"><strong>\ud83c\udded\ud83c\uddf3 Honduras<\/strong><\/td>\n<td style=\"border-color: #ebebeb;text-align: center;vertical-align: middle;width: 500px\"><\/td>\n<\/tr>\n<tr>\n<td style=\"border-color: #ebebeb;text-align: center;vertical-align: middle;width: 300px\"><strong>\ud83c\udded\ud83c\uddf0 Hong Kong<\/strong><\/td>\n<td style=\"border-color: #ebebeb;text-align: center;vertical-align: middle;width: 500px\"><strong>Pak Hang Ng <\/strong>(HKSI Pro Cycling Team)<\/td>\n<\/tr>\n<tr>\n<td style=\"border-color: #ebebeb;text-align: center;vertical-align: middle;width: 300px\"><strong>\ud83c\udded\ud83c\uddfa Hongrie<\/strong><\/td>\n<td style=\"border-color: #ebebeb;text-align: center;vertical-align: middle;width: 500px\"><strong>M\u00e1rton Dina<\/strong> (Euskaltel &#8211; Euskadi)<\/td>\n<\/tr>\n<tr>\n<td style=\"border-color: #ebebeb;text-align: center;vertical-align: middle;width: 300px\"><strong>\ud83c\uddee\ud83c\uddf3 Inde<\/strong><\/td>\n<td style=\"border-color: #ebebeb;text-align: center;vertical-align: middle;width: 500px\"><strong>Bhagirath Bhagirath<\/strong><\/td>\n<\/tr>\n<tr>\n<td style=\"border-color: #ebebeb;text-align: center;vertical-align: middle;width: 300px\"><strong>\ud83c\uddf2\ud83c\uddfa \u00cele Maurice<\/strong><\/td>\n<td style=\"border-color: #ebebeb;text-align: center;vertical-align: middle;width: 500px\"><strong>Torea Celestin<\/strong><\/td>\n<\/tr>\n<tr>\n<td style=\"border-color: #ebebeb;text-align: center;vertical-align: middle;width: 300px\"><strong>\ud83c\uddee\ud83c\uddea Irlande<\/strong><\/td>\n<td style=\"border-color: #ebebeb;text-align: center;vertical-align: middle;width: 500px\"><strong>Rory Townsend<\/strong> (Q36.5 Pro Cycling Team)<\/td>\n<\/tr>\n<tr>\n<td style=\"border-color: #ebebeb;text-align: center;vertical-align: middle;width: 300px\"><strong>\ud83c\uddee\ud83c\uddf8 Islande<\/strong><\/td>\n<td style=\"border-color: #ebebeb;text-align: center;vertical-align: middle;width: 500px\"><\/td>\n<\/tr>\n<tr>\n<td style=\"border-color: #ebebeb;text-align: center;vertical-align: middle;width: 300px\"><strong>\ud83c\uddee\ud83c\uddf1 Isra\u00ebl <\/strong><\/td>\n<td style=\"border-color: #ebebeb;text-align: center;vertical-align: middle;width: 500px\"><\/td>\n<\/tr>\n<tr>\n<td style=\"border-color: #ebebeb;text-align: center;vertical-align: middle;width: 300px\"><strong>\ud83c\uddee\ud83c\uddf9 Italie <\/strong><\/td>\n<td style=\"border-color: #ebebeb;text-align: center;vertical-align: middle;width: 500px\"><strong>Filippo Conca<\/strong> (Swatt Club)<\/td>\n<\/tr>\n<tr>\n<td style=\"border-color: #ebebeb;text-align: center;vertical-align: middle;width: 300px\"><strong>\ud83c\uddef\ud83c\uddf2 Jama\u00efque<\/strong><\/td>\n<td style=\"border-color: #ebebeb;text-align: center;vertical-align: middle;width: 500px\"><\/td>\n<\/tr>\n<tr>\n<td style=\"border-color: #ebebeb;text-align: center;vertical-align: middle;width: 300px\"><strong>\ud83c\uddef\ud83c\uddf5 Japon <\/strong><\/td>\n<td style=\"border-color: #ebebeb;text-align: center;vertical-align: middle;width: 500px\"><strong>Marino Kobayashi<\/strong><\/td>\n<\/tr>\n<tr>\n<td style=\"border-color: #ebebeb;text-align: center;vertical-align: middle;width: 300px\"><strong>\ud83c\uddf0\ud83c\uddff Kazakhstan <\/strong><\/td>\n<td style=\"border-color: #ebebeb;text-align: center;vertical-align: middle;width: 500px\"><strong>Yevgeniy Fedorov<\/strong> (XDS Astana Team)<\/td>\n<\/tr>\n<tr>\n<td style=\"border-color: #ebebeb;text-align: center;vertical-align: middle;width: 300px\"><strong>\ud83c\uddfd\ud83c\uddf0 Kosovo<\/strong><\/td>\n<td style=\"border-color: #ebebeb;text-align: center;vertical-align: middle;width: 500px\"><strong>Blerton Nuha<\/strong><\/td>\n<\/tr>\n<tr>\n<td style=\"border-color: #ebebeb;text-align: center;vertical-align: middle;width: 300px\"><strong>\ud83c\uddf1\ud83c\udde6 Laos<\/strong><\/td>\n<td style=\"border-color: #ebebeb;text-align: center;vertical-align: middle;width: 500px\"><strong>Ariya Phounsavath<\/strong> (Roojai Insurance)<\/td>\n<\/tr>\n<tr>\n<td style=\"border-color: #ebebeb;text-align: center;vertical-align: middle;width: 300px\"><strong>\ud83c\uddf1\ud83c\uddf8 Lesotho<\/strong><\/td>\n<td style=\"border-color: #ebebeb;text-align: center;vertical-align: middle;width: 500px\"><strong>Kabelo Makatile<\/strong><\/td>\n<\/tr>\n<tr>\n<td style=\"border-color: #ebebeb;text-align: center;vertical-align: middle;width: 300px\"><strong>\ud83c\uddf1\ud83c\uddfb Lettonie <\/strong><\/td>\n<td style=\"border-color: #ebebeb;text-align: center;vertical-align: middle;width: 500px\"><strong>Toms Skujins<\/strong> (Lidl-Trek)<\/td>\n<\/tr>\n<tr>\n<td style=\"border-color: #ebebeb;text-align: center;vertical-align: middle;width: 300px\"><strong>\ud83c\uddf1\ud83c\uddf9 Lituanie <\/strong><\/td>\n<td style=\"border-color: #ebebeb;text-align: center;vertical-align: middle;width: 500px\"><strong>Aivaras Mikutis <\/strong>(Tudor)<\/td>\n<\/tr>\n<tr>\n<td style=\"border-color: #ebebeb;text-align: center;vertical-align: middle;width: 300px\"><strong>\ud83c\uddf1\ud83c\uddfa Luxembourg <\/strong><\/td>\n<td style=\"border-color: #ebebeb;text-align: center;vertical-align: middle;width: 500px\"><strong>Arthur Kluckers <\/strong>(Tudor)<\/td>\n<\/tr>\n<tr>\n<td style=\"border-color: #ebebeb;text-align: center;vertical-align: middle;width: 300px\"><strong>\ud83c\uddf2\ud83c\uddf0 Mac\u00e9doine du Nord<\/strong><\/td>\n<td style=\"border-color: #ebebeb;text-align: center;vertical-align: middle;width: 500px\"><strong>Stefan Petrovski<\/strong><\/td>\n<\/tr>\n<tr>\n<td style=\"border-color: #ebebeb;text-align: center;vertical-align: middle;width: 300px\"><strong>\ud83c\uddf2\ud83c\uddfe Malaisie<\/strong><\/td>\n<td style=\"border-color: #ebebeb;text-align: center;vertical-align: middle;width: 500px\"><strong>Muhammad Nur Aiman Bin Rosli<\/strong> (Terengganu Cycling Team)<\/td>\n<\/tr>\n<tr>\n<td style=\"border-color: #ebebeb;text-align: center;vertical-align: middle;width: 300px\"><strong>\ud83c\uddf2\ud83c\uddf9 Malte<\/strong><\/td>\n<td style=\"border-color: #ebebeb;text-align: center;vertical-align: middle;width: 500px\"><strong>Aidan Buttigieg<\/strong> (Team Polti VisitMalta)<\/td>\n<\/tr>\n<tr>\n<td style=\"border-color: #ebebeb;text-align: center;vertical-align: middle;width: 300px\"><strong>\ud83c\uddf2\ud83c\udde6 Maroc <\/strong><\/td>\n<td style=\"border-color: #ebebeb;text-align: center;vertical-align: middle;width: 500px\"><strong>Adil El Arbaoui<\/strong><\/td>\n<\/tr>\n<tr>\n<td style=\"border-color: #ebebeb;text-align: center;vertical-align: middle;width: 300px\"><strong>\ud83c\uddf2\ud83c\uddfd Mexique <\/strong><\/td>\n<td style=\"border-color: #ebebeb;text-align: center;vertical-align: middle;width: 500px\"><\/td>\n<\/tr>\n<tr>\n<td style=\"border-color: #ebebeb;text-align: center;vertical-align: middle;width: 300px\"><strong>\ud83c\uddf2\ud83c\uddf3 Mongolie<\/strong><\/td>\n<td style=\"border-color: #ebebeb;text-align: center;vertical-align: middle;width: 500px\"><strong>Tegsh-Bayar Batsaikhan<\/strong> (Roojai Insurance)<\/td>\n<\/tr>\n<tr>\n<td style=\"border-color: #ebebeb;text-align: center;vertical-align: middle;width: 300px\"><strong>\ud83c\uddf2\ud83c\uddea Mont\u00e9n\u00e9gro<\/strong><\/td>\n<td style=\"border-color: #ebebeb;text-align: center;vertical-align: middle;width: 500px\"><strong>Aleksandar Radunovi\u0107<\/strong><\/td>\n<\/tr>\n<tr>\n<td style=\"border-color: #ebebeb;text-align: center;vertical-align: middle;width: 300px\"><strong>\ud83c\uddf3\ud83c\udde6 Namibie <\/strong><\/td>\n<td style=\"border-color: #ebebeb;text-align: center;vertical-align: middle;width: 500px\"><strong>Alex Miller<\/strong> (Swatt Club)<\/td>\n<\/tr>\n<tr>\n<td style=\"border-color: #ebebeb;text-align: center;vertical-align: middle;width: 300px\"><strong>\ud83c\uddf3\ud83c\uddee Nicaragua<\/strong><\/td>\n<td style=\"border-color: #ebebeb;text-align: center;vertical-align: middle;width: 500px\"><\/td>\n<\/tr>\n<tr>\n<td style=\"border-color: #ebebeb;text-align: center;vertical-align: middle;width: 300px\"><strong>\ud83c\uddf3\ud83c\uddf4 Norv\u00e8ge <\/strong><\/td>\n<td style=\"border-color: #ebebeb;text-align: center;vertical-align: middle;width: 500px\"><strong>Andreas Leknessund<\/strong> (Uno-X Mobility)<\/td>\n<\/tr>\n<tr>\n<td style=\"border-color: #ebebeb;text-align: center;vertical-align: middle;width: 300px\"><strong>\ud83c\uddf3\ud83c\uddff Nouvelle-Z\u00e9lande<\/strong><\/td>\n<td style=\"border-color: #ebebeb;text-align: center;vertical-align: middle;width: 500px\"><strong>Paul Wright<\/strong> (Factor Racing)<\/td>\n<\/tr>\n<tr>\n<td style=\"border-color: #ebebeb;text-align: center;vertical-align: middle;width: 300px\"><strong>\ud83c\uddf4\ud83c\uddf2 Oman<\/strong><\/td>\n<td style=\"border-color: #ebebeb;text-align: center;vertical-align: middle;width: 500px\"><\/td>\n<\/tr>\n<tr>\n<td style=\"border-color: #ebebeb;text-align: center;vertical-align: middle;width: 300px\"><strong>\ud83c\uddfa\ud83c\uddec Ouganda<\/strong><\/td>\n<td style=\"border-color: #ebebeb;text-align: center;vertical-align: middle;width: 500px\"><strong>Charles Kagimu<\/strong> (Team Amani)<\/td>\n<\/tr>\n<tr>\n<td style=\"border-color: #ebebeb;text-align: center;vertical-align: middle;width: 300px\"><strong>\ud83c\uddfa\ud83c\uddff Ouzb\u00e9kistan<\/strong><\/td>\n<td style=\"border-color: #ebebeb;text-align: center;vertical-align: middle;width: 500px\"><strong>Diyor Takhirov<\/strong> (OU7 Cycling Team)<\/td>\n<\/tr>\n<tr>\n<td style=\"border-color: #ebebeb;text-align: center;vertical-align: middle;width: 300px\"><strong>\ud83c\uddf5\ud83c\uddf0 Pakistan<\/strong><\/td>\n<td style=\"border-color: #ebebeb;text-align: center;vertical-align: middle;width: 500px\"><strong>Ali Jawaid<\/strong><\/td>\n<\/tr>\n<tr>\n<td style=\"border-color: #ebebeb;text-align: center;vertical-align: middle;width: 300px\"><strong>\ud83c\uddf5\ud83c\udde6 Panama <\/strong><\/td>\n<td style=\"border-color: #ebebeb;text-align: center;vertical-align: middle;width: 500px\"><strong>Roberto Carlos Gonz\u00e1lez <\/strong>(Team Solution Tech &#8211; Vini Fantini)<\/td>\n<\/tr>\n<tr>\n<td style=\"border-color: #ebebeb;text-align: center;vertical-align: middle;width: 300px\"><strong>\ud83c\uddf5\ud83c\uddfe Paraguay<\/strong><\/td>\n<td style=\"border-color: #ebebeb;text-align: center;vertical-align: middle;width: 500px\"><strong>Carlos Dominguez<\/strong><\/td>\n<\/tr>\n<tr>\n<td style=\"border-color: #ebebeb;text-align: center;vertical-align: middle;width: 300px\"><strong>\ud83c\uddf3\ud83c\uddf1 Pays-Bas<\/strong><\/td>\n<td style=\"border-color: #ebebeb;text-align: center;vertical-align: middle;width: 500px\"><strong>Danny van Poppel<\/strong>\u00a0(Red Bull-Bora-Hansgrohe)<\/td>\n<\/tr>\n<tr>\n<td style=\"border-color: #ebebeb;text-align: center;vertical-align: middle;width: 300px\"><strong>\ud83c\uddf5\ud83c\uddea P\u00e9rou<\/strong><\/td>\n<td style=\"border-color: #ebebeb;text-align: center;vertical-align: middle;width: 500px\"><strong>Bill Janz Toscano<\/strong><\/td>\n<\/tr>\n<tr>\n<td style=\"border-color: #ebebeb;text-align: center;vertical-align: middle;width: 300px\"><strong>\ud83c\uddf5\ud83c\udded Philippines<\/strong><\/td>\n<td style=\"border-color: #ebebeb;text-align: center;vertical-align: middle;width: 500px\"><strong>Marcelo Felipe<\/strong> (Victoria Sports Pro Cycling)<\/td>\n<\/tr>\n<tr>\n<td style=\"border-color: #ebebeb;text-align: center;vertical-align: middle;width: 300px\"><strong>\ud83c\uddf5\ud83c\uddf1 Pologne<\/strong><\/td>\n<td style=\"border-color: #ebebeb;text-align: center;vertical-align: middle;width: 500px\"><strong>Rafal Majka<\/strong>\u00a0(UAE Team Emirates XRG)<\/td>\n<\/tr>\n<tr>\n<td style=\"border-color: #ebebeb;text-align: center;vertical-align: middle;width: 300px\"><strong>\ud83c\uddf5\ud83c\uddf7 Porto Rico<\/strong><\/td>\n<td style=\"border-color: #ebebeb;text-align: center;vertical-align: middle;width: 500px\"><strong>Abner Gonz\u00e1lez <\/strong>(Caja Rural &#8211; Seguros RGA)<\/td>\n<\/tr>\n<tr>\n<td style=\"border-color: #ebebeb;text-align: center;vertical-align: middle;width: 300px\"><strong>\ud83c\uddf5\ud83c\uddf9 Portugal <\/strong><\/td>\n<td style=\"border-color: #ebebeb;text-align: center;vertical-align: middle;width: 500px\"><strong>Ivo Oliveira<\/strong> (UAE Team Emirates XRG)<\/td>\n<\/tr>\n<tr>\n<td style=\"border-color: #ebebeb;text-align: center;vertical-align: middle;width: 300px\"><strong>\ud83c\uddf6\ud83c\udde6 Qatar <\/strong><\/td>\n<td style=\"border-color: #ebebeb;text-align: center;vertical-align: middle;width: 500px\"><\/td>\n<\/tr>\n<tr>\n<td style=\"border-color: #ebebeb;text-align: center;vertical-align: middle;width: 300px\"><strong>\ud83c\udde8\ud83c\uddff R\u00e9publique Tch\u00e8que<\/strong><\/td>\n<td style=\"border-color: #ebebeb;text-align: center;vertical-align: middle;width: 500px\"><strong>Mathias Vacek<\/strong> (Lidl-Trek)<\/td>\n<\/tr>\n<tr>\n<td style=\"border-color: #ebebeb;text-align: center;vertical-align: middle;width: 300px\"><strong>\ud83c\uddf7\ud83c\uddf4 Roumanie <\/strong><\/td>\n<td style=\"border-color: #ebebeb;text-align: center;vertical-align: middle;width: 500px\"><strong>Gerhard-Cristin Moldansky<\/strong> (MENtoRISE Teem CCN)<\/td>\n<\/tr>\n<tr>\n<td style=\"border-color: #ebebeb;text-align: center;vertical-align: middle;width: 300px\"><strong>\ud83c\uddf7\ud83c\uddfa Russie <\/strong><\/td>\n<td style=\"border-color: #ebebeb;text-align: center;vertical-align: middle;width: 500px\"><\/td>\n<\/tr>\n<tr>\n<td style=\"border-color: #ebebeb;text-align: center;vertical-align: middle;width: 300px\"><strong>\ud83c\uddf7\ud83c\uddfc Rwanda <\/strong><\/td>\n<td style=\"border-color: #ebebeb;text-align: center;vertical-align: middle;width: 500px\"><\/td>\n<\/tr>\n<tr>\n<td style=\"border-color: #ebebeb;text-align: center;vertical-align: middle;width: 300px\"><strong>\ud83c\uddfb\ud83c\udde8 Saint-Vincent-et-les Grenadines\u00a0<\/strong><\/td>\n<td style=\"border-color: #ebebeb;text-align: center;vertical-align: middle;width: 500px\"><\/td>\n<\/tr>\n<tr>\n<td style=\"border-color: #ebebeb;text-align: center;vertical-align: middle;width: 300px\"><strong>\ud83c\uddf8\ud83c\uddfb Salvador<\/strong><\/td>\n<td style=\"border-color: #ebebeb;text-align: center;vertical-align: middle;width: 500px\"><\/td>\n<\/tr>\n<tr>\n<td style=\"border-color: #ebebeb;text-align: center;vertical-align: middle;width: 300px\"><strong>\ud83c\uddf7\ud83c\uddf8 Serbie <\/strong><\/td>\n<td style=\"border-color: #ebebeb;text-align: center;vertical-align: middle;width: 500px\"><strong>Veljko Stojni\u0107<\/strong> (Team United Shipping)<\/td>\n<\/tr>\n<tr>\n<td style=\"border-color: #ebebeb;text-align: center;vertical-align: middle;width: 300px\"><strong>\ud83c\uddf8\ud83c\uddec Singapour<\/strong><\/td>\n<td style=\"border-color: #ebebeb;text-align: center;vertical-align: middle;width: 500px\"><strong>Boon Kiak Yeo<\/strong><\/td>\n<\/tr>\n<tr>\n<td style=\"border-color: #ebebeb;text-align: center;vertical-align: middle;width: 300px\"><strong>\ud83c\uddf8\ud83c\uddf0 Slovaquie <\/strong><\/td>\n<td style=\"border-color: #ebebeb;text-align: center;vertical-align: middle;width: 500px\"><strong>Luk\u00e1\u0161 Kubi\u0161<\/strong> (Unibet Tietema Rockets)<\/td>\n<\/tr>\n<tr>\n<td style=\"border-color: #ebebeb;text-align: center;vertical-align: middle;width: 300px\"><strong>\ud83c\uddf8\ud83c\uddee Slov\u00e9nie <\/strong><\/td>\n<td style=\"border-color: #ebebeb;text-align: center;vertical-align: middle;width: 500px\"><strong>Jakob Omrzel<\/strong> (Bahrain Victorious Development Team)<\/td>\n<\/tr>\n<tr>\n<td style=\"border-color: #ebebeb;text-align: center;vertical-align: middle;width: 300px\"><strong>\ud83c\uddf8\ud83c\uddea Su\u00e8de <\/strong><\/td>\n<td style=\"border-color: #ebebeb;text-align: center;vertical-align: middle;width: 500px\"><strong>Hugo Forssell<\/strong> (CK Hymer)<\/td>\n<\/tr>\n<tr>\n<td style=\"border-color: #ebebeb;text-align: center;vertical-align: middle;width: 300px\"><strong>\ud83c\udde8\ud83c\udded Suisse <\/strong><\/td>\n<td style=\"border-color: #ebebeb;text-align: center;vertical-align: middle;width: 500px\"><strong>Mauro Schmid<\/strong> (Jayco AlUla)<\/td>\n<\/tr>\n<tr>\n<td style=\"border-color: #ebebeb;text-align: center;vertical-align: middle;width: 300px\"><strong>\ud83c\uddf9\ud83c\uddfc Ta\u00efwan<\/strong><\/td>\n<td style=\"border-color: #ebebeb;text-align: center;vertical-align: middle;width: 500px\"><strong>Chun Kai Feng <\/strong>(Utsunomiya Blitzen)<\/td>\n<\/tr>\n<tr>\n<td style=\"border-color: #ebebeb;text-align: center;vertical-align: middle;width: 300px\"><strong>\ud83c\uddf9\ud83c\udded Tha\u00eflande <\/strong><\/td>\n<td style=\"border-color: #ebebeb;text-align: center;vertical-align: middle;width: 500px\"><strong>Sarawut Sirironnachai<\/strong><\/td>\n<\/tr>\n<tr>\n<td style=\"border-color: #ebebeb;text-align: center;vertical-align: middle;width: 300px\"><strong>\ud83c\uddf9\ud83c\uddf9 Trinidad-et-Tobago<\/strong><\/td>\n<td style=\"border-color: #ebebeb;text-align: center;vertical-align: middle;width: 500px\"><\/td>\n<\/tr>\n<tr>\n<td style=\"border-color: #ebebeb;text-align: center;vertical-align: middle;width: 300px\"><strong>\ud83c\uddf9\ud83c\uddf7 Turquie <\/strong><\/td>\n<td style=\"border-color: #ebebeb;text-align: center;vertical-align: middle;width: 500px\"><strong>Samet Bulut<\/strong> (Konya B\u00fcy\u00fck\u015fehir Belediye Spor)<\/td>\n<\/tr>\n<tr>\n<td style=\"border-color: #ebebeb;text-align: center;vertical-align: middle;width: 300px\"><strong>\ud83c\uddf9\ud83c\uddf3 Tunisie<\/strong><\/td>\n<td style=\"border-color: #ebebeb;text-align: center;vertical-align: middle;width: 500px\"><strong>Mohamed Aziz Dellai<\/strong><\/td>\n<\/tr>\n<tr>\n<td style=\"border-color: #ebebeb;text-align: center;vertical-align: middle;width: 300px\"><strong>\ud83c\uddfa\ud83c\udde6 Ukraine <\/strong><\/td>\n<td style=\"border-color: #ebebeb;text-align: center;vertical-align: middle;width: 500px\"><strong>Heorhii Antonenko<\/strong> (ARB\u00d6 K\u00e4rnten Sport Feld am See)<\/td>\n<\/tr>\n<tr>\n<td style=\"border-color: #ebebeb;text-align: center;vertical-align: middle;width: 300px\"><b><strong>\ud83c\uddfa\ud83c\uddfe Uruguay<\/strong><\/b><\/td>\n<td style=\"border-color: #ebebeb;text-align: center;vertical-align: middle;width: 500px\"><strong>Guillermo Thomas Silva<\/strong> (Caja Rural &#8211; Seguros RGA)<\/td>\n<\/tr>\n<tr>\n<td style=\"border-color: #ebebeb;text-align: center;vertical-align: middle;width: 300px\"><b>\ud83c\uddfb\ud83c\uddea Venezuela<\/b><\/td>\n<td style=\"border-color: #ebebeb;text-align: center;vertical-align: middle;width: 500px\"><\/td>\n<\/tr>\n<tr>\n<td style=\"border-color: #ebebeb;text-align: center;vertical-align: middle;width: 300px\"><b>\ud83c\uddff\ud83c\uddfc Zimbabwe<\/b><\/td>\n<td style=\"border-color: #ebebeb;text-align: center;vertical-align: middle;width: 500px\"><strong>Matthew Denslow<\/strong><\/td>\n<\/tr>\n<\/tbody>\n<\/table>\n<\/div>\n<ul>\n<li style=\"text-align: justify;\"><strong>\u00c0 ce sujet &#8211; <a href=\"https:\/\/dicodusport.fr\/blog\/actualites\/cyclisme\/\">L&rsquo;actualit\u00e9 du cyclisme<\/a><\/strong><\/li>\n<\/ul>\n","protected":false},"excerpt":{"rendered":"<p>D\u00e9couvrez le r\u00e9capitulatif des champions nationaux 2025 de la course en ligne. Le tableau est mis \u00e0 jour de fa\u00e7on r\u00e9guli\u00e8re.\u00a0<\/p>\n","protected":false},"author":4,"featured_media":591491,"comment_status":"open","ping_status":"closed","sticky":false,"template":"","format":"standard","meta":{"_acf_changed":false,"_daextam_enable_autolinks":"1","footnotes":""},"categories":[46994],"tags":[32415,16878,5366,574],"class_list":["post-590746","post","type-post","status-publish","format-standard","has-post-thumbnail","hentry","category-cyclisme-sur-route","tag-actu","tag-breve","tag-champions-nationaux","tag-cyclisme"],"acf":[],"yoast_head":"<!-- This site is optimized with the Yoast SEO Premium plugin v26.7 (Yoast SEO v26.7) - https:\/\/yoast.com\/wordpress\/plugins\/seo\/ -->\n<title>Course en ligne : Tous les champions nationaux 2025<\/title>\n<meta name=\"description\" content=\"D\u00e9couvrez le r\u00e9capitulatif des champions nationaux 2025 de la course en ligne. Le tableau est mis \u00e0 jour de fa\u00e7on r\u00e9guli\u00e8re.\u00a0\" \/>\n<meta name=\"robots\" content=\"index, follow, max-snippet:-1, max-image-preview:large, max-video-preview:-1\" \/>\n<link rel=\"canonical\" href=\"https:\/\/dicodusport.fr\/blog\/course-en-ligne-tous-les-champions-nationaux-2025\/\" \/>\n<meta property=\"og:locale\" content=\"fr_FR\" \/>\n<meta property=\"og:type\" content=\"article\" \/>\n<meta property=\"og:title\" content=\"Course en ligne : Tous les champions nationaux 2025\" \/>\n<meta property=\"og:description\" content=\"D\u00e9couvrez le r\u00e9capitulatif des champions nationaux 2025 de la course en ligne. Le tableau est mis \u00e0 jour de fa\u00e7on r\u00e9guli\u00e8re.\u00a0\" \/>\n<meta property=\"og:url\" content=\"https:\/\/dicodusport.fr\/blog\/course-en-ligne-tous-les-champions-nationaux-2025\/\" \/>\n<meta property=\"og:site_name\" content=\"Dicodusport\" \/>\n<meta property=\"article:publisher\" content=\"https:\/\/www.facebook.com\/dicodusport\" \/>\n<meta property=\"article:author\" content=\"https:\/\/www.facebook.com\/florent.ostermann\" \/>\n<meta property=\"article:published_time\" content=\"2025-06-30T16:26:04+00:00\" \/>\n<meta property=\"article:modified_time\" content=\"2025-06-30T16:47:37+00:00\" \/>\n<meta property=\"og:image\" content=\"https:\/\/dicodusport.fr\/blog\/wp-content\/uploads\/2025\/06\/Course-en-ligne-Tous-les-champions-nationaux-2025-1.png\" \/>\n\t<meta property=\"og:image:width\" content=\"1200\" \/>\n\t<meta property=\"og:image:height\" content=\"674\" \/>\n\t<meta property=\"og:image:type\" content=\"image\/png\" \/>\n<meta name=\"author\" content=\"Flo Ostermann\" \/>\n<meta name=\"twitter:card\" content=\"summary_large_image\" \/>\n<meta name=\"twitter:title\" content=\"Course en ligne : Tous les champions nationaux 2025\" \/>\n<meta name=\"twitter:creator\" content=\"@https:\/\/twitter.com\/FlOstermann\" \/>\n<meta name=\"twitter:site\" content=\"@dicodusport\" \/>\n<script type=\"application\/ld+json\" class=\"yoast-schema-graph\">{\"@context\":\"https:\/\/schema.org\",\"@graph\":[{\"@type\":\"NewsArticle\",\"@id\":\"https:\/\/dicodusport.fr\/blog\/course-en-ligne-tous-les-champions-nationaux-2025\/#article\",\"isPartOf\":{\"@id\":\"https:\/\/dicodusport.fr\/blog\/course-en-ligne-tous-les-champions-nationaux-2025\/\"},\"author\":{\"name\":\"Flo Ostermann\",\"@id\":\"https:\/\/dicodusport.fr\/blog\/#\/schema\/person\/cb02af4c173ce4a653b55e9baf388d4a\"},\"headline\":\"Course en ligne : Tous les champions nationaux 2025\",\"datePublished\":\"2025-06-30T16:26:04+00:00\",\"dateModified\":\"2025-06-30T16:47:37+00:00\",\"mainEntityOfPage\":{\"@id\":\"https:\/\/dicodusport.fr\/blog\/course-en-ligne-tous-les-champions-nationaux-2025\/\"},\"wordCount\":699,\"commentCount\":0,\"publisher\":{\"@id\":\"https:\/\/dicodusport.fr\/blog\/#organization\"},\"image\":{\"@id\":\"https:\/\/dicodusport.fr\/blog\/course-en-ligne-tous-les-champions-nationaux-2025\/#primaryimage\"},\"thumbnailUrl\":\"https:\/\/dicodusport.fr\/blog\/wp-content\/uploads\/2025\/06\/Course-en-ligne-Tous-les-champions-nationaux-2025-1.png\",\"keywords\":[\"actu\",\"br\u00e8ve\",\"Champions nationaux\",\"Cyclisme\"],\"articleSection\":[\"Cyclisme sur route\"],\"inLanguage\":\"fr-FR\",\"potentialAction\":[{\"@type\":\"CommentAction\",\"name\":\"Comment\",\"target\":[\"https:\/\/dicodusport.fr\/blog\/course-en-ligne-tous-les-champions-nationaux-2025\/#respond\"]}],\"copyrightYear\":\"2025\",\"copyrightHolder\":{\"@id\":\"https:\/\/dicodusport.fr\/blog\/#organization\"}},{\"@type\":\"WebPage\",\"@id\":\"https:\/\/dicodusport.fr\/blog\/course-en-ligne-tous-les-champions-nationaux-2025\/\",\"url\":\"https:\/\/dicodusport.fr\/blog\/course-en-ligne-tous-les-champions-nationaux-2025\/\",\"name\":\"Course en ligne : Tous les champions nationaux 2025\",\"isPartOf\":{\"@id\":\"https:\/\/dicodusport.fr\/blog\/#website\"},\"primaryImageOfPage\":{\"@id\":\"https:\/\/dicodusport.fr\/blog\/course-en-ligne-tous-les-champions-nationaux-2025\/#primaryimage\"},\"image\":{\"@id\":\"https:\/\/dicodusport.fr\/blog\/course-en-ligne-tous-les-champions-nationaux-2025\/#primaryimage\"},\"thumbnailUrl\":\"https:\/\/dicodusport.fr\/blog\/wp-content\/uploads\/2025\/06\/Course-en-ligne-Tous-les-champions-nationaux-2025-1.png\",\"datePublished\":\"2025-06-30T16:26:04+00:00\",\"dateModified\":\"2025-06-30T16:47:37+00:00\",\"description\":\"D\u00e9couvrez le r\u00e9capitulatif des champions nationaux 2025 de la course en ligne. Le tableau est mis \u00e0 jour de fa\u00e7on r\u00e9guli\u00e8re.\u00a0\",\"breadcrumb\":{\"@id\":\"https:\/\/dicodusport.fr\/blog\/course-en-ligne-tous-les-champions-nationaux-2025\/#breadcrumb\"},\"inLanguage\":\"fr-FR\",\"potentialAction\":[{\"@type\":\"ReadAction\",\"target\":[\"https:\/\/dicodusport.fr\/blog\/course-en-ligne-tous-les-champions-nationaux-2025\/\"]}]},{\"@type\":\"ImageObject\",\"inLanguage\":\"fr-FR\",\"@id\":\"https:\/\/dicodusport.fr\/blog\/course-en-ligne-tous-les-champions-nationaux-2025\/#primaryimage\",\"url\":\"https:\/\/dicodusport.fr\/blog\/wp-content\/uploads\/2025\/06\/Course-en-ligne-Tous-les-champions-nationaux-2025-1.png\",\"contentUrl\":\"https:\/\/dicodusport.fr\/blog\/wp-content\/uploads\/2025\/06\/Course-en-ligne-Tous-les-champions-nationaux-2025-1.png\",\"width\":1200,\"height\":674,\"caption\":\"Course en ligne Tous les champions nationaux 2025\"},{\"@type\":\"BreadcrumbList\",\"@id\":\"https:\/\/dicodusport.fr\/blog\/course-en-ligne-tous-les-champions-nationaux-2025\/#breadcrumb\",\"itemListElement\":[{\"@type\":\"ListItem\",\"position\":1,\"name\":\"Accueil\",\"item\":\"https:\/\/dicodusport.fr\/blog\/\"},{\"@type\":\"ListItem\",\"position\":2,\"name\":\"Course en ligne : Tous les champions nationaux 2025\"}]},{\"@type\":\"WebSite\",\"@id\":\"https:\/\/dicodusport.fr\/blog\/#website\",\"url\":\"https:\/\/dicodusport.fr\/blog\/\",\"name\":\"Dicodusport\",\"description\":\"L&#039;encyclop\u00e9die de l&#039;actualit\u00e9 sportive\",\"publisher\":{\"@id\":\"https:\/\/dicodusport.fr\/blog\/#organization\"},\"potentialAction\":[{\"@type\":\"SearchAction\",\"target\":{\"@type\":\"EntryPoint\",\"urlTemplate\":\"https:\/\/dicodusport.fr\/blog\/?s={search_term_string}\"},\"query-input\":{\"@type\":\"PropertyValueSpecification\",\"valueRequired\":true,\"valueName\":\"search_term_string\"}}],\"inLanguage\":\"fr-FR\"},{\"@type\":\"NewsMediaOrganization\",\"@id\":\"https:\/\/dicodusport.fr\/blog\/#organization\",\"name\":\"Dicodusport\",\"url\":\"https:\/\/dicodusport.fr\/blog\/\",\"logo\":{\"@type\":\"ImageObject\",\"inLanguage\":\"fr-FR\",\"@id\":\"https:\/\/dicodusport.fr\/blog\/#\/schema\/logo\/image\/\",\"url\":\"https:\/\/dicodusport.fr\/blog\/wp-content\/uploads\/2020\/06\/cropped-LOGO-DICODUSPORT-2020-SANS-FOND-SANS-TEXTE.png\",\"contentUrl\":\"https:\/\/dicodusport.fr\/blog\/wp-content\/uploads\/2020\/06\/cropped-LOGO-DICODUSPORT-2020-SANS-FOND-SANS-TEXTE.png\",\"width\":512,\"height\":512,\"caption\":\"Dicodusport\"},\"image\":{\"@id\":\"https:\/\/dicodusport.fr\/blog\/#\/schema\/logo\/image\/\"},\"sameAs\":[\"https:\/\/www.facebook.com\/dicodusport\",\"https:\/\/x.com\/dicodusport\",\"https:\/\/www.instagram.com\/dicodusport\/\",\"https:\/\/www.youtube.com\/channel\/UC7V2KZ5sd3htJivAbA4ZG3w\"],\"description\":\"Dicodusport est l'encyclop\u00e9die de l'actualit\u00e9 sportive.\",\"email\":\"bonjour@dicodusport.fr\",\"legalName\":\"DICODUSPORT\",\"foundingDate\":\"2018-01-14\",\"vatID\":\"FR71834470973\",\"taxID\":\"83447097300043\",\"numberOfEmployees\":{\"@type\":\"QuantitativeValue\",\"minValue\":\"1\",\"maxValue\":\"10\"}},{\"@type\":\"Person\",\"@id\":\"https:\/\/dicodusport.fr\/blog\/#\/schema\/person\/cb02af4c173ce4a653b55e9baf388d4a\",\"name\":\"Flo Ostermann\",\"image\":{\"@type\":\"ImageObject\",\"inLanguage\":\"fr-FR\",\"@id\":\"https:\/\/dicodusport.fr\/blog\/#\/schema\/person\/image\/\",\"url\":\"https:\/\/dicodusport.fr\/blog\/wp-content\/uploads\/2021\/05\/Flo-Ostermann-150x150.jpg\",\"contentUrl\":\"https:\/\/dicodusport.fr\/blog\/wp-content\/uploads\/2021\/05\/Flo-Ostermann-150x150.jpg\",\"caption\":\"Flo Ostermann\"},\"description\":\"Journaliste\/R\u00e9dacteur depuis septembre 2015 - Mes premiers souvenirs dans le sport ? Les envol\u00e9es du Stade Toulousain et les duels Villeneuve-Schumacher et H\u00e4kkinen-Schumacher \u00e0 la fin des ann\u00e9es 90, la Coupe du monde de football en 1998, l\u2019exploit du XV de France face aux All Blacks en 1999, mais aussi Richard C\u0153ur de Lion qui vole sur les montagnes du Tour de France. Bien parti pour devenir professeur d\u2019EPS, les \u00e9v\u00e9nements de la vie (et la flemme d\u2019animer des s\u00e9ances de 3x500 m\u00e8tres toute ma vie) m\u2019ont conduit \u00e0 revoir mes plans. Me voil\u00e0 depuis fin 2017 sur Dicodusport, m\u00e9dia gr\u00e2ce (et pour) lequel je partage ma passion : le sport dans tous ses \u00e9tats. Le tout accompagn\u00e9 par les fous furieux et folles furieuses cit\u00e9s sur cette page !\",\"sameAs\":[\"https:\/\/www.facebook.com\/florent.ostermann\",\"https:\/\/x.com\/https:\/\/twitter.com\/FlOstermann\",\"admin\"],\"url\":\"https:\/\/dicodusport.fr\/blog\/author\/flo\/\"}]}<\/script>\n<!-- \/ Yoast SEO Premium plugin. -->","yoast_head_json":{"title":"Course en ligne : Tous les champions nationaux 2025","description":"D\u00e9couvrez le r\u00e9capitulatif des champions nationaux 2025 de la course en ligne. Le tableau est mis \u00e0 jour de fa\u00e7on r\u00e9guli\u00e8re.\u00a0","robots":{"index":"index","follow":"follow","max-snippet":"max-snippet:-1","max-image-preview":"max-image-preview:large","max-video-preview":"max-video-preview:-1"},"canonical":"https:\/\/dicodusport.fr\/blog\/course-en-ligne-tous-les-champions-nationaux-2025\/","og_locale":"fr_FR","og_type":"article","og_title":"Course en ligne : Tous les champions nationaux 2025","og_description":"D\u00e9couvrez le r\u00e9capitulatif des champions nationaux 2025 de la course en ligne. Le tableau est mis \u00e0 jour de fa\u00e7on r\u00e9guli\u00e8re.\u00a0","og_url":"https:\/\/dicodusport.fr\/blog\/course-en-ligne-tous-les-champions-nationaux-2025\/","og_site_name":"Dicodusport","article_publisher":"https:\/\/www.facebook.com\/dicodusport","article_author":"https:\/\/www.facebook.com\/florent.ostermann","article_published_time":"2025-06-30T16:26:04+00:00","article_modified_time":"2025-06-30T16:47:37+00:00","og_image":[{"width":1200,"height":674,"url":"https:\/\/dicodusport.fr\/blog\/wp-content\/uploads\/2025\/06\/Course-en-ligne-Tous-les-champions-nationaux-2025-1.png","type":"image\/png"}],"author":"Flo Ostermann","twitter_card":"summary_large_image","twitter_title":"Course en ligne : Tous les champions nationaux 2025","twitter_creator":"@https:\/\/twitter.com\/FlOstermann","twitter_site":"@dicodusport","schema":{"@context":"https:\/\/schema.org","@graph":[{"@type":"NewsArticle","@id":"https:\/\/dicodusport.fr\/blog\/course-en-ligne-tous-les-champions-nationaux-2025\/#article","isPartOf":{"@id":"https:\/\/dicodusport.fr\/blog\/course-en-ligne-tous-les-champions-nationaux-2025\/"},"author":{"name":"Flo Ostermann","@id":"https:\/\/dicodusport.fr\/blog\/#\/schema\/person\/cb02af4c173ce4a653b55e9baf388d4a"},"headline":"Course en ligne : Tous les champions nationaux 2025","datePublished":"2025-06-30T16:26:04+00:00","dateModified":"2025-06-30T16:47:37+00:00","mainEntityOfPage":{"@id":"https:\/\/dicodusport.fr\/blog\/course-en-ligne-tous-les-champions-nationaux-2025\/"},"wordCount":699,"commentCount":0,"publisher":{"@id":"https:\/\/dicodusport.fr\/blog\/#organization"},"image":{"@id":"https:\/\/dicodusport.fr\/blog\/course-en-ligne-tous-les-champions-nationaux-2025\/#primaryimage"},"thumbnailUrl":"https:\/\/dicodusport.fr\/blog\/wp-content\/uploads\/2025\/06\/Course-en-ligne-Tous-les-champions-nationaux-2025-1.png","keywords":["actu","br\u00e8ve","Champions nationaux","Cyclisme"],"articleSection":["Cyclisme sur route"],"inLanguage":"fr-FR","potentialAction":[{"@type":"CommentAction","name":"Comment","target":["https:\/\/dicodusport.fr\/blog\/course-en-ligne-tous-les-champions-nationaux-2025\/#respond"]}],"copyrightYear":"2025","copyrightHolder":{"@id":"https:\/\/dicodusport.fr\/blog\/#organization"}},{"@type":"WebPage","@id":"https:\/\/dicodusport.fr\/blog\/course-en-ligne-tous-les-champions-nationaux-2025\/","url":"https:\/\/dicodusport.fr\/blog\/course-en-ligne-tous-les-champions-nationaux-2025\/","name":"Course en ligne : Tous les champions nationaux 2025","isPartOf":{"@id":"https:\/\/dicodusport.fr\/blog\/#website"},"primaryImageOfPage":{"@id":"https:\/\/dicodusport.fr\/blog\/course-en-ligne-tous-les-champions-nationaux-2025\/#primaryimage"},"image":{"@id":"https:\/\/dicodusport.fr\/blog\/course-en-ligne-tous-les-champions-nationaux-2025\/#primaryimage"},"thumbnailUrl":"https:\/\/dicodusport.fr\/blog\/wp-content\/uploads\/2025\/06\/Course-en-ligne-Tous-les-champions-nationaux-2025-1.png","datePublished":"2025-06-30T16:26:04+00:00","dateModified":"2025-06-30T16:47:37+00:00","description":"D\u00e9couvrez le r\u00e9capitulatif des champions nationaux 2025 de la course en ligne. Le tableau est mis \u00e0 jour de fa\u00e7on r\u00e9guli\u00e8re.\u00a0","breadcrumb":{"@id":"https:\/\/dicodusport.fr\/blog\/course-en-ligne-tous-les-champions-nationaux-2025\/#breadcrumb"},"inLanguage":"fr-FR","potentialAction":[{"@type":"ReadAction","target":["https:\/\/dicodusport.fr\/blog\/course-en-ligne-tous-les-champions-nationaux-2025\/"]}]},{"@type":"ImageObject","inLanguage":"fr-FR","@id":"https:\/\/dicodusport.fr\/blog\/course-en-ligne-tous-les-champions-nationaux-2025\/#primaryimage","url":"https:\/\/dicodusport.fr\/blog\/wp-content\/uploads\/2025\/06\/Course-en-ligne-Tous-les-champions-nationaux-2025-1.png","contentUrl":"https:\/\/dicodusport.fr\/blog\/wp-content\/uploads\/2025\/06\/Course-en-ligne-Tous-les-champions-nationaux-2025-1.png","width":1200,"height":674,"caption":"Course en ligne Tous les champions nationaux 2025"},{"@type":"BreadcrumbList","@id":"https:\/\/dicodusport.fr\/blog\/course-en-ligne-tous-les-champions-nationaux-2025\/#breadcrumb","itemListElement":[{"@type":"ListItem","position":1,"name":"Accueil","item":"https:\/\/dicodusport.fr\/blog\/"},{"@type":"ListItem","position":2,"name":"Course en ligne : Tous les champions nationaux 2025"}]},{"@type":"WebSite","@id":"https:\/\/dicodusport.fr\/blog\/#website","url":"https:\/\/dicodusport.fr\/blog\/","name":"Dicodusport","description":"L&#039;encyclop\u00e9die de l&#039;actualit\u00e9 sportive","publisher":{"@id":"https:\/\/dicodusport.fr\/blog\/#organization"},"potentialAction":[{"@type":"SearchAction","target":{"@type":"EntryPoint","urlTemplate":"https:\/\/dicodusport.fr\/blog\/?s={search_term_string}"},"query-input":{"@type":"PropertyValueSpecification","valueRequired":true,"valueName":"search_term_string"}}],"inLanguage":"fr-FR"},{"@type":"NewsMediaOrganization","@id":"https:\/\/dicodusport.fr\/blog\/#organization","name":"Dicodusport","url":"https:\/\/dicodusport.fr\/blog\/","logo":{"@type":"ImageObject","inLanguage":"fr-FR","@id":"https:\/\/dicodusport.fr\/blog\/#\/schema\/logo\/image\/","url":"https:\/\/dicodusport.fr\/blog\/wp-content\/uploads\/2020\/06\/cropped-LOGO-DICODUSPORT-2020-SANS-FOND-SANS-TEXTE.png","contentUrl":"https:\/\/dicodusport.fr\/blog\/wp-content\/uploads\/2020\/06\/cropped-LOGO-DICODUSPORT-2020-SANS-FOND-SANS-TEXTE.png","width":512,"height":512,"caption":"Dicodusport"},"image":{"@id":"https:\/\/dicodusport.fr\/blog\/#\/schema\/logo\/image\/"},"sameAs":["https:\/\/www.facebook.com\/dicodusport","https:\/\/x.com\/dicodusport","https:\/\/www.instagram.com\/dicodusport\/","https:\/\/www.youtube.com\/channel\/UC7V2KZ5sd3htJivAbA4ZG3w"],"description":"Dicodusport est l'encyclop\u00e9die de l'actualit\u00e9 sportive.","email":"bonjour@dicodusport.fr","legalName":"DICODUSPORT","foundingDate":"2018-01-14","vatID":"FR71834470973","taxID":"83447097300043","numberOfEmployees":{"@type":"QuantitativeValue","minValue":"1","maxValue":"10"}},{"@type":"Person","@id":"https:\/\/dicodusport.fr\/blog\/#\/schema\/person\/cb02af4c173ce4a653b55e9baf388d4a","name":"Flo Ostermann","image":{"@type":"ImageObject","inLanguage":"fr-FR","@id":"https:\/\/dicodusport.fr\/blog\/#\/schema\/person\/image\/","url":"https:\/\/dicodusport.fr\/blog\/wp-content\/uploads\/2021\/05\/Flo-Ostermann-150x150.jpg","contentUrl":"https:\/\/dicodusport.fr\/blog\/wp-content\/uploads\/2021\/05\/Flo-Ostermann-150x150.jpg","caption":"Flo Ostermann"},"description":"Journaliste\/R\u00e9dacteur depuis septembre 2015 - Mes premiers souvenirs dans le sport ? Les envol\u00e9es du Stade Toulousain et les duels Villeneuve-Schumacher et H\u00e4kkinen-Schumacher \u00e0 la fin des ann\u00e9es 90, la Coupe du monde de football en 1998, l\u2019exploit du XV de France face aux All Blacks en 1999, mais aussi Richard C\u0153ur de Lion qui vole sur les montagnes du Tour de France. Bien parti pour devenir professeur d\u2019EPS, les \u00e9v\u00e9nements de la vie (et la flemme d\u2019animer des s\u00e9ances de 3x500 m\u00e8tres toute ma vie) m\u2019ont conduit \u00e0 revoir mes plans. Me voil\u00e0 depuis fin 2017 sur Dicodusport, m\u00e9dia gr\u00e2ce (et pour) lequel je partage ma passion : le sport dans tous ses \u00e9tats. Le tout accompagn\u00e9 par les fous furieux et folles furieuses cit\u00e9s sur cette page !","sameAs":["https:\/\/www.facebook.com\/florent.ostermann","https:\/\/x.com\/https:\/\/twitter.com\/FlOstermann","admin"],"url":"https:\/\/dicodusport.fr\/blog\/author\/flo\/"}]}},"_links":{"self":[{"href":"https:\/\/dicodusport.fr\/blog\/wp-json\/wp\/v2\/posts\/590746","targetHints":{"allow":["GET"]}}],"collection":[{"href":"https:\/\/dicodusport.fr\/blog\/wp-json\/wp\/v2\/posts"}],"about":[{"href":"https:\/\/dicodusport.fr\/blog\/wp-json\/wp\/v2\/types\/post"}],"author":[{"embeddable":true,"href":"https:\/\/dicodusport.fr\/blog\/wp-json\/wp\/v2\/users\/4"}],"replies":[{"embeddable":true,"href":"https:\/\/dicodusport.fr\/blog\/wp-json\/wp\/v2\/comments?post=590746"}],"version-history":[{"count":5,"href":"https:\/\/dicodusport.fr\/blog\/wp-json\/wp\/v2\/posts\/590746\/revisions"}],"predecessor-version":[{"id":591157,"href":"https:\/\/dicodusport.fr\/blog\/wp-json\/wp\/v2\/posts\/590746\/revisions\/591157"}],"wp:featuredmedia":[{"embeddable":true,"href":"https:\/\/dicodusport.fr\/blog\/wp-json\/wp\/v2\/media\/591491"}],"wp:attachment":[{"href":"https:\/\/dicodusport.fr\/blog\/wp-json\/wp\/v2\/media?parent=590746"}],"wp:term":[{"taxonomy":"category","embeddable":true,"href":"https:\/\/dicodusport.fr\/blog\/wp-json\/wp\/v2\/categories?post=590746"},{"taxonomy":"post_tag","embeddable":true,"href":"https:\/\/dicodusport.fr\/blog\/wp-json\/wp\/v2\/tags?post=590746"}],"curies":[{"name":"wp","href":"https:\/\/api.w.org\/{rel}","templated":true}]}}