{"id":591021,"date":"2025-06-28T20:22:22","date_gmt":"2025-06-28T18:22:22","guid":{"rendered":"https:\/\/dicodusport.fr\/blog\/?p=591021&#038;preview=true&#038;preview_id=591021"},"modified":"2025-06-28T21:41:20","modified_gmt":"2025-06-28T19:41:20","slug":"football-americain-troisieme-casque-de-diamant-daffilee-pour-les-black-panthers-de-thonon","status":"publish","type":"post","link":"https:\/\/dicodusport.fr\/blog\/football-americain-troisieme-casque-de-diamant-daffilee-pour-les-black-panthers-de-thonon\/","title":{"rendered":"Football am\u00e9ricain : Troisi\u00e8me Casque de Diamant d&rsquo;affil\u00e9e pour les Black Panthers de Thonon !"},"content":{"rendered":"<p style=\"text-align: justify;\"><strong><em>CASQUE DE DIAMANT 2025 &#8211; Il n&rsquo;y a (presque) pas eu de match, tant les Iron Mask de Cannes ont \u00e9t\u00e9 domin\u00e9s. Les Black Panthers de Thonon ont survol\u00e9 la finale et sont champions pour la troisi\u00e8me saison cons\u00e9cutive.\u00a0<\/em><\/strong><\/p>\n<p style=\"text-align: justify;\">Qui peut battre les <strong>Black Panthers de Thonon<\/strong> ? La formation savoyarde est devenue l&rsquo;\u00e9quipe n\u00b01 du football am\u00e9ricain dans l&rsquo;Hexagone. Championne de France en <a href=\"https:\/\/dicodusport.fr\/blog\/football-americain-quatrieme-titre-national-pour-les-black-panthers-de-thonon\/\"><strong>2023<\/strong><\/a> et <a href=\"https:\/\/dicodusport.fr\/blog\/football-americain-thonon-resiste-a-la-courneuve-et-conserve-son-titre-de-champion-de-france\/\"><strong>2024<\/strong><\/a>, laur\u00e9ate de la Central European Football League la semaine derni\u00e8re, rien ne semblait pouvoir lui r\u00e9sister. En face, les <strong>Iron Mask de Cannes<\/strong> avaient cr\u00e9\u00e9 la surprise en se hissant en finale, mais semblaient un peu justes pour aller chercher le Casque de Diamant.<\/p>\n<div class=\"vlp-link-container vlp-layout-article\"><a href=\"https:\/\/dicodusport.fr\/blog\/football-americain-les-black-panthers-de-thonon-remportent-la-central-european-football-league\/\" class=\"vlp-link\" title=\"Football am\u00e9ricain : Les Black Panthers de Thonon remportent la Central European Football League\"><\/a><div class=\"vlp-layout-zone-side\"><div class=\"vlp-block-4 vlp-link-image\"><img loading=\"lazy\" decoding=\"async\" style=\"max-width: 792px;\" width=\"792\" height=\"445\" src=\"https:\/\/dicodusport.fr\/blog\/wp-content\/uploads\/2025\/06\/Football-americain-Les-Black-Panthers-de-Thonon-remportent-la-Central-European-Football-League.png\" class=\"attachment-800x445 size-800x445\" alt=\"Football am\u00e9ricain Les Black Panthers de Thonon remportent la Central European Football League\" srcset=\"https:\/\/dicodusport.fr\/blog\/wp-content\/uploads\/2025\/06\/Football-americain-Les-Black-Panthers-de-Thonon-remportent-la-Central-European-Football-League.png 1200w, https:\/\/dicodusport.fr\/blog\/wp-content\/uploads\/2025\/06\/Football-americain-Les-Black-Panthers-de-Thonon-remportent-la-Central-European-Football-League-300x169.png 300w, https:\/\/dicodusport.fr\/blog\/wp-content\/uploads\/2025\/06\/Football-americain-Les-Black-Panthers-de-Thonon-remportent-la-Central-European-Football-League-1024x575.png 1024w, https:\/\/dicodusport.fr\/blog\/wp-content\/uploads\/2025\/06\/Football-americain-Les-Black-Panthers-de-Thonon-remportent-la-Central-European-Football-League-768x431.png 768w\" sizes=\"auto, (max-width: 792px) 100vw, 792px\" \/><\/div><\/div><div class=\"vlp-layout-zone-main\"><div class=\"vlp-block-0 vlp-link-title\">Football am\u00e9ricain : Les Black Panthers de Thonon remportent la Central European Football League<\/div><div class=\"vlp-block-1 vlp-link-summary\">CENTRAL EUROPEAN FOOTBALL LEAGUE 2025 - Battus en finale en 2023, les Black Panthers n'ont pas laiss\u00e9 passer leur chance une deuxi\u00e8me fois, et ont domin\u00e9 les Calanda Broncos en finale.<\/div><div class=\"vlp-block-2 vlp-link-button\">Lire l'article<\/div><div class=\"vlp-block-3 vlp-link-url\">dicodusport.fr<\/div><\/div><\/div>\n<h2 style=\"text-align: justify;\">Thonon trop fort<\/h2>\n<p style=\"text-align: justify;\">Thonon ne tra\u00eenait pas \u00e0 imposer son jeu, et \u00e0 la passe, d\u00e9routait la d\u00e9fense cannoise, jusqu&rsquo;\u00e0 trouver la faille pour le premier <em>touchdown<\/em> de <strong>Adel Bafdile<\/strong> en moins de 5 minutes. Sous une pression constante, Cannes ne faisait que reculer et les Black Panthers ne se faisaient pas prier pour rajouter un <em>field goal<\/em> et passer \u00e0 10-0 en fin de premier quart.\u00a0 Et quand <strong>Jos\u00e9 Tabora<\/strong>, le quarterback des Black Panthers, allait en personne inscrire le deuxi\u00e8me touchdown apr\u00e8s une belle feinte, cela sentait la mauvaise soir\u00e9e pour les Iron Mask.<\/p>\n<p style=\"text-align: justify;\">Heureusement, les Cannois trouvaient enfin un peu d&rsquo;espace, et un magnifique jeu,<strong> Amadou Sene<\/strong> \u00e9tait trouv\u00e9 seul dans la end zone pour enfin r\u00e9duire l&rsquo;\u00e9cart. De quoi relancer la rencontre ? N\u00e9gatif, puisque <strong>Adrian Laporte<\/strong> exploitait la faiblesse cannoise sur le jeu au sol pour aller inscrire un troisi\u00e8me <em>touchdown<\/em>. \u00c0 la pause, l&rsquo;addition \u00e9tait sal\u00e9e (<strong>24-6<\/strong>). Et d\u00e8s le retour des vestiaires, un splendide jeu a\u00e9rien envoyait <strong>Pierre-Yves Dayres<\/strong> dans la <em>end zone<\/em>. La finale \u00e9tait alors termin\u00e9e.<\/p>\n<p style=\"text-align: justify;\">Mais Cannes ne renon\u00e7ait pas et r\u00e9duisait rapidement le score par <strong>Yanis Polin<\/strong> au sol. La d\u00e9fense savoyarde rectifiait alors le tir, mettait une pression monstre, et <strong>Adel Bafdile<\/strong> allait inscrire son deuxi\u00e8me <em>touchdown<\/em> au terme d&rsquo;une course folle en bord de terrain. La d\u00e9fense cannoise explosait, <strong>Joseph Mounyol<\/strong> y allait de son touchdown pour une victoire<strong> 44-12<\/strong>. Logique, tant Thonon \u00e9tait sup\u00e9rieur, et est en train de laisser sa marque sur le football am\u00e9ricain dans l&rsquo;Hexagone, avec ce troisi\u00e8me Casque de Diamant d&rsquo;affil\u00e9e !<\/p>\n","protected":false},"excerpt":{"rendered":"<p>CASQUE DE DIAMANT 2025 &#8211; Il n&rsquo;y a (presque) pas eu de match, tant les Iron Mask de Cannes ont \u00e9t\u00e9 domin\u00e9s. Les Black Panthers de Thonon ont survol\u00e9 la finale et sont champions pour la troisi\u00e8me saison cons\u00e9cutive.\u00a0<\/p>\n","protected":false},"author":59,"featured_media":591127,"comment_status":"open","ping_status":"closed","sticky":false,"template":"","format":"standard","meta":{"_acf_changed":false,"_daextam_enable_autolinks":"1","footnotes":""},"categories":[10739],"tags":[16878,519],"class_list":["post-591021","post","type-post","status-publish","format-standard","has-post-thumbnail","hentry","category-football-americain","tag-breve","tag-football-americain"],"acf":[],"yoast_head":"<!-- This site is optimized with the Yoast SEO Premium plugin v26.7 (Yoast SEO v26.7) - https:\/\/yoast.com\/wordpress\/plugins\/seo\/ -->\n<title>Football am\u00e9ricain : Troisi\u00e8me Casque de Diamant d&#039;affil\u00e9e pour les Black Panthers de Thonon !<\/title>\n<meta name=\"description\" content=\"CASQUE DE DIAMANT 2025 - Les Black Panthers de Thonon ont survol\u00e9 la finale et sont champions pour la troisi\u00e8me saison cons\u00e9cutive.\u00a0\" \/>\n<meta name=\"robots\" content=\"index, follow, max-snippet:-1, max-image-preview:large, max-video-preview:-1\" \/>\n<link rel=\"canonical\" href=\"https:\/\/dicodusport.fr\/blog\/football-americain-troisieme-casque-de-diamant-daffilee-pour-les-black-panthers-de-thonon\/\" \/>\n<meta property=\"og:locale\" content=\"fr_FR\" \/>\n<meta property=\"og:type\" content=\"article\" \/>\n<meta property=\"og:title\" content=\"Football am\u00e9ricain : Troisi\u00e8me Casque de Diamant d&#039;affil\u00e9e pour les Black Panthers de Thonon !\" \/>\n<meta property=\"og:description\" content=\"CASQUE DE DIAMANT 2025 - Les Black Panthers de Thonon ont survol\u00e9 la finale et sont champions pour la troisi\u00e8me saison cons\u00e9cutive.\u00a0\" \/>\n<meta property=\"og:url\" content=\"https:\/\/dicodusport.fr\/blog\/football-americain-troisieme-casque-de-diamant-daffilee-pour-les-black-panthers-de-thonon\/\" \/>\n<meta property=\"og:site_name\" content=\"Dicodusport\" \/>\n<meta property=\"article:publisher\" content=\"https:\/\/www.facebook.com\/dicodusport\" \/>\n<meta property=\"article:author\" content=\"https:\/\/www.facebook.com\/sebastien.gente\/\" \/>\n<meta property=\"article:published_time\" content=\"2025-06-28T18:22:22+00:00\" \/>\n<meta property=\"article:modified_time\" content=\"2025-06-28T19:41:20+00:00\" \/>\n<meta property=\"og:image\" content=\"https:\/\/dicodusport.fr\/blog\/wp-content\/uploads\/2025\/06\/Football-americain-Troisieme-Casque-de-Diamant-daffilee-pour-les-Black-Panthers-de-Thonon-1-1.png\" \/>\n\t<meta property=\"og:image:width\" content=\"1200\" \/>\n\t<meta property=\"og:image:height\" content=\"674\" \/>\n\t<meta property=\"og:image:type\" content=\"image\/png\" \/>\n<meta name=\"author\" content=\"S\u00e9bastien Gente\" \/>\n<meta name=\"twitter:card\" content=\"summary_large_image\" \/>\n<meta name=\"twitter:title\" content=\"Football am\u00e9ricain : Troisi\u00e8me Casque de Diamant d&#039;affil\u00e9e pour les Black Panthers de Thonon !\" \/>\n<meta name=\"twitter:creator\" content=\"@https:\/\/twitter.com\/globulo24\" \/>\n<meta name=\"twitter:site\" content=\"@dicodusport\" \/>\n<script type=\"application\/ld+json\" class=\"yoast-schema-graph\">{\"@context\":\"https:\/\/schema.org\",\"@graph\":[{\"@type\":\"NewsArticle\",\"@id\":\"https:\/\/dicodusport.fr\/blog\/football-americain-troisieme-casque-de-diamant-daffilee-pour-les-black-panthers-de-thonon\/#article\",\"isPartOf\":{\"@id\":\"https:\/\/dicodusport.fr\/blog\/football-americain-troisieme-casque-de-diamant-daffilee-pour-les-black-panthers-de-thonon\/\"},\"author\":{\"name\":\"S\u00e9bastien Gente\",\"@id\":\"https:\/\/dicodusport.fr\/blog\/#\/schema\/person\/627966a6cde45dbd8c5e36ac85d783da\"},\"headline\":\"Football am\u00e9ricain : Troisi\u00e8me Casque de Diamant d&rsquo;affil\u00e9e pour les Black Panthers de Thonon !\",\"datePublished\":\"2025-06-28T18:22:22+00:00\",\"dateModified\":\"2025-06-28T19:41:20+00:00\",\"mainEntityOfPage\":{\"@id\":\"https:\/\/dicodusport.fr\/blog\/football-americain-troisieme-casque-de-diamant-daffilee-pour-les-black-panthers-de-thonon\/\"},\"wordCount\":503,\"commentCount\":0,\"publisher\":{\"@id\":\"https:\/\/dicodusport.fr\/blog\/#organization\"},\"image\":{\"@id\":\"https:\/\/dicodusport.fr\/blog\/football-americain-troisieme-casque-de-diamant-daffilee-pour-les-black-panthers-de-thonon\/#primaryimage\"},\"thumbnailUrl\":\"https:\/\/dicodusport.fr\/blog\/wp-content\/uploads\/2025\/06\/Football-americain-Troisieme-Casque-de-Diamant-daffilee-pour-les-Black-Panthers-de-Thonon-1-1.png\",\"keywords\":[\"br\u00e8ve\",\"football am\u00e9ricain\"],\"articleSection\":[\"Football am\u00e9ricain\"],\"inLanguage\":\"fr-FR\",\"potentialAction\":[{\"@type\":\"CommentAction\",\"name\":\"Comment\",\"target\":[\"https:\/\/dicodusport.fr\/blog\/football-americain-troisieme-casque-de-diamant-daffilee-pour-les-black-panthers-de-thonon\/#respond\"]}],\"copyrightYear\":\"2025\",\"copyrightHolder\":{\"@id\":\"https:\/\/dicodusport.fr\/blog\/#organization\"}},{\"@type\":\"WebPage\",\"@id\":\"https:\/\/dicodusport.fr\/blog\/football-americain-troisieme-casque-de-diamant-daffilee-pour-les-black-panthers-de-thonon\/\",\"url\":\"https:\/\/dicodusport.fr\/blog\/football-americain-troisieme-casque-de-diamant-daffilee-pour-les-black-panthers-de-thonon\/\",\"name\":\"Football am\u00e9ricain : Troisi\u00e8me Casque de Diamant d'affil\u00e9e pour les Black Panthers de Thonon !\",\"isPartOf\":{\"@id\":\"https:\/\/dicodusport.fr\/blog\/#website\"},\"primaryImageOfPage\":{\"@id\":\"https:\/\/dicodusport.fr\/blog\/football-americain-troisieme-casque-de-diamant-daffilee-pour-les-black-panthers-de-thonon\/#primaryimage\"},\"image\":{\"@id\":\"https:\/\/dicodusport.fr\/blog\/football-americain-troisieme-casque-de-diamant-daffilee-pour-les-black-panthers-de-thonon\/#primaryimage\"},\"thumbnailUrl\":\"https:\/\/dicodusport.fr\/blog\/wp-content\/uploads\/2025\/06\/Football-americain-Troisieme-Casque-de-Diamant-daffilee-pour-les-Black-Panthers-de-Thonon-1-1.png\",\"datePublished\":\"2025-06-28T18:22:22+00:00\",\"dateModified\":\"2025-06-28T19:41:20+00:00\",\"description\":\"CASQUE DE DIAMANT 2025 - Les Black Panthers de Thonon ont survol\u00e9 la finale et sont champions pour la troisi\u00e8me saison cons\u00e9cutive.\u00a0\",\"breadcrumb\":{\"@id\":\"https:\/\/dicodusport.fr\/blog\/football-americain-troisieme-casque-de-diamant-daffilee-pour-les-black-panthers-de-thonon\/#breadcrumb\"},\"inLanguage\":\"fr-FR\",\"potentialAction\":[{\"@type\":\"ReadAction\",\"target\":[\"https:\/\/dicodusport.fr\/blog\/football-americain-troisieme-casque-de-diamant-daffilee-pour-les-black-panthers-de-thonon\/\"]}]},{\"@type\":\"ImageObject\",\"inLanguage\":\"fr-FR\",\"@id\":\"https:\/\/dicodusport.fr\/blog\/football-americain-troisieme-casque-de-diamant-daffilee-pour-les-black-panthers-de-thonon\/#primaryimage\",\"url\":\"https:\/\/dicodusport.fr\/blog\/wp-content\/uploads\/2025\/06\/Football-americain-Troisieme-Casque-de-Diamant-daffilee-pour-les-Black-Panthers-de-Thonon-1-1.png\",\"contentUrl\":\"https:\/\/dicodusport.fr\/blog\/wp-content\/uploads\/2025\/06\/Football-americain-Troisieme-Casque-de-Diamant-daffilee-pour-les-Black-Panthers-de-Thonon-1-1.png\",\"width\":1200,\"height\":674,\"caption\":\"Football am\u00e9ricain Troisi\u00e8me Casque de Diamant d'affil\u00e9e pour les Black Panthers de Thonon !\"},{\"@type\":\"BreadcrumbList\",\"@id\":\"https:\/\/dicodusport.fr\/blog\/football-americain-troisieme-casque-de-diamant-daffilee-pour-les-black-panthers-de-thonon\/#breadcrumb\",\"itemListElement\":[{\"@type\":\"ListItem\",\"position\":1,\"name\":\"Accueil\",\"item\":\"https:\/\/dicodusport.fr\/blog\/\"},{\"@type\":\"ListItem\",\"position\":2,\"name\":\"Football am\u00e9ricain : Troisi\u00e8me Casque de Diamant d&rsquo;affil\u00e9e pour les Black Panthers de Thonon !\"}]},{\"@type\":\"WebSite\",\"@id\":\"https:\/\/dicodusport.fr\/blog\/#website\",\"url\":\"https:\/\/dicodusport.fr\/blog\/\",\"name\":\"Dicodusport\",\"description\":\"L&#039;encyclop\u00e9die de l&#039;actualit\u00e9 sportive\",\"publisher\":{\"@id\":\"https:\/\/dicodusport.fr\/blog\/#organization\"},\"potentialAction\":[{\"@type\":\"SearchAction\",\"target\":{\"@type\":\"EntryPoint\",\"urlTemplate\":\"https:\/\/dicodusport.fr\/blog\/?s={search_term_string}\"},\"query-input\":{\"@type\":\"PropertyValueSpecification\",\"valueRequired\":true,\"valueName\":\"search_term_string\"}}],\"inLanguage\":\"fr-FR\"},{\"@type\":\"NewsMediaOrganization\",\"@id\":\"https:\/\/dicodusport.fr\/blog\/#organization\",\"name\":\"Dicodusport\",\"url\":\"https:\/\/dicodusport.fr\/blog\/\",\"logo\":{\"@type\":\"ImageObject\",\"inLanguage\":\"fr-FR\",\"@id\":\"https:\/\/dicodusport.fr\/blog\/#\/schema\/logo\/image\/\",\"url\":\"https:\/\/dicodusport.fr\/blog\/wp-content\/uploads\/2020\/06\/cropped-LOGO-DICODUSPORT-2020-SANS-FOND-SANS-TEXTE.png\",\"contentUrl\":\"https:\/\/dicodusport.fr\/blog\/wp-content\/uploads\/2020\/06\/cropped-LOGO-DICODUSPORT-2020-SANS-FOND-SANS-TEXTE.png\",\"width\":512,\"height\":512,\"caption\":\"Dicodusport\"},\"image\":{\"@id\":\"https:\/\/dicodusport.fr\/blog\/#\/schema\/logo\/image\/\"},\"sameAs\":[\"https:\/\/www.facebook.com\/dicodusport\",\"https:\/\/x.com\/dicodusport\",\"https:\/\/www.instagram.com\/dicodusport\/\",\"https:\/\/www.youtube.com\/channel\/UC7V2KZ5sd3htJivAbA4ZG3w\"],\"description\":\"Dicodusport est l'encyclop\u00e9die de l'actualit\u00e9 sportive.\",\"email\":\"bonjour@dicodusport.fr\",\"legalName\":\"DICODUSPORT\",\"foundingDate\":\"2018-01-14\",\"vatID\":\"FR71834470973\",\"taxID\":\"83447097300043\",\"numberOfEmployees\":{\"@type\":\"QuantitativeValue\",\"minValue\":\"1\",\"maxValue\":\"10\"}},{\"@type\":\"Person\",\"@id\":\"https:\/\/dicodusport.fr\/blog\/#\/schema\/person\/627966a6cde45dbd8c5e36ac85d783da\",\"name\":\"S\u00e9bastien Gente\",\"image\":{\"@type\":\"ImageObject\",\"inLanguage\":\"fr-FR\",\"@id\":\"https:\/\/dicodusport.fr\/blog\/#\/schema\/person\/image\/\",\"url\":\"https:\/\/dicodusport.fr\/blog\/wp-content\/uploads\/2021\/09\/1510990_10205810251400683_4124423575079401707_n-150x150.jpg\",\"contentUrl\":\"https:\/\/dicodusport.fr\/blog\/wp-content\/uploads\/2021\/09\/1510990_10205810251400683_4124423575079401707_n-150x150.jpg\",\"caption\":\"S\u00e9bastien Gente\"},\"description\":\"John Stockton, Gianni Bugno, Zinedine Zidane, Steffi Graf, Frode Andresen, St\u00e9phane Stoecklin, Davis Kamoga, Primoz Peterka, Werner Schlager et Aur\u00e9lien Rougerie. Point commun entre ces sportifs? Ils m'ont fait r\u00eaver et ont berc\u00e9 mon adolescence. Je suis un fondu de sports et j'essaie de retranscrire ma passion \u00e0 travers mes articles. Originaire du P\u00e9rigord, ma passion pour les Girondins, les Jaunards et les Jazzmen transpire dans mes \u00e9crits. \u00c0 Dicodusport depuis 2021, je d\u00e9niche les sports m\u00e9connus dans lesquels la France brille, et il y en a !\",\"sameAs\":[\"https:\/\/www.facebook.com\/sebastien.gente\/\",\"https:\/\/www.instagram.com\/sebgente\/\",\"https:\/\/www.linkedin.com\/in\/sbastien-gente-a29583169\/\",\"https:\/\/x.com\/https:\/\/twitter.com\/globulo24\",\"SebastienGente\"],\"worksFor\":\"S\u00e9bastien GENTE\",\"url\":\"https:\/\/dicodusport.fr\/blog\/author\/sebastiengente\/\"}]}<\/script>\n<!-- \/ Yoast SEO Premium plugin. -->","yoast_head_json":{"title":"Football am\u00e9ricain : Troisi\u00e8me Casque de Diamant d'affil\u00e9e pour les Black Panthers de Thonon !","description":"CASQUE DE DIAMANT 2025 - Les Black Panthers de Thonon ont survol\u00e9 la finale et sont champions pour la troisi\u00e8me saison cons\u00e9cutive.\u00a0","robots":{"index":"index","follow":"follow","max-snippet":"max-snippet:-1","max-image-preview":"max-image-preview:large","max-video-preview":"max-video-preview:-1"},"canonical":"https:\/\/dicodusport.fr\/blog\/football-americain-troisieme-casque-de-diamant-daffilee-pour-les-black-panthers-de-thonon\/","og_locale":"fr_FR","og_type":"article","og_title":"Football am\u00e9ricain : Troisi\u00e8me Casque de Diamant d'affil\u00e9e pour les Black Panthers de Thonon !","og_description":"CASQUE DE DIAMANT 2025 - Les Black Panthers de Thonon ont survol\u00e9 la finale et sont champions pour la troisi\u00e8me saison cons\u00e9cutive.\u00a0","og_url":"https:\/\/dicodusport.fr\/blog\/football-americain-troisieme-casque-de-diamant-daffilee-pour-les-black-panthers-de-thonon\/","og_site_name":"Dicodusport","article_publisher":"https:\/\/www.facebook.com\/dicodusport","article_author":"https:\/\/www.facebook.com\/sebastien.gente\/","article_published_time":"2025-06-28T18:22:22+00:00","article_modified_time":"2025-06-28T19:41:20+00:00","og_image":[{"width":1200,"height":674,"url":"https:\/\/dicodusport.fr\/blog\/wp-content\/uploads\/2025\/06\/Football-americain-Troisieme-Casque-de-Diamant-daffilee-pour-les-Black-Panthers-de-Thonon-1-1.png","type":"image\/png"}],"author":"S\u00e9bastien Gente","twitter_card":"summary_large_image","twitter_title":"Football am\u00e9ricain : Troisi\u00e8me Casque de Diamant d'affil\u00e9e pour les Black Panthers de Thonon !","twitter_creator":"@https:\/\/twitter.com\/globulo24","twitter_site":"@dicodusport","schema":{"@context":"https:\/\/schema.org","@graph":[{"@type":"NewsArticle","@id":"https:\/\/dicodusport.fr\/blog\/football-americain-troisieme-casque-de-diamant-daffilee-pour-les-black-panthers-de-thonon\/#article","isPartOf":{"@id":"https:\/\/dicodusport.fr\/blog\/football-americain-troisieme-casque-de-diamant-daffilee-pour-les-black-panthers-de-thonon\/"},"author":{"name":"S\u00e9bastien Gente","@id":"https:\/\/dicodusport.fr\/blog\/#\/schema\/person\/627966a6cde45dbd8c5e36ac85d783da"},"headline":"Football am\u00e9ricain : Troisi\u00e8me Casque de Diamant d&rsquo;affil\u00e9e pour les Black Panthers de Thonon !","datePublished":"2025-06-28T18:22:22+00:00","dateModified":"2025-06-28T19:41:20+00:00","mainEntityOfPage":{"@id":"https:\/\/dicodusport.fr\/blog\/football-americain-troisieme-casque-de-diamant-daffilee-pour-les-black-panthers-de-thonon\/"},"wordCount":503,"commentCount":0,"publisher":{"@id":"https:\/\/dicodusport.fr\/blog\/#organization"},"image":{"@id":"https:\/\/dicodusport.fr\/blog\/football-americain-troisieme-casque-de-diamant-daffilee-pour-les-black-panthers-de-thonon\/#primaryimage"},"thumbnailUrl":"https:\/\/dicodusport.fr\/blog\/wp-content\/uploads\/2025\/06\/Football-americain-Troisieme-Casque-de-Diamant-daffilee-pour-les-Black-Panthers-de-Thonon-1-1.png","keywords":["br\u00e8ve","football am\u00e9ricain"],"articleSection":["Football am\u00e9ricain"],"inLanguage":"fr-FR","potentialAction":[{"@type":"CommentAction","name":"Comment","target":["https:\/\/dicodusport.fr\/blog\/football-americain-troisieme-casque-de-diamant-daffilee-pour-les-black-panthers-de-thonon\/#respond"]}],"copyrightYear":"2025","copyrightHolder":{"@id":"https:\/\/dicodusport.fr\/blog\/#organization"}},{"@type":"WebPage","@id":"https:\/\/dicodusport.fr\/blog\/football-americain-troisieme-casque-de-diamant-daffilee-pour-les-black-panthers-de-thonon\/","url":"https:\/\/dicodusport.fr\/blog\/football-americain-troisieme-casque-de-diamant-daffilee-pour-les-black-panthers-de-thonon\/","name":"Football am\u00e9ricain : Troisi\u00e8me Casque de Diamant d'affil\u00e9e pour les Black Panthers de Thonon !","isPartOf":{"@id":"https:\/\/dicodusport.fr\/blog\/#website"},"primaryImageOfPage":{"@id":"https:\/\/dicodusport.fr\/blog\/football-americain-troisieme-casque-de-diamant-daffilee-pour-les-black-panthers-de-thonon\/#primaryimage"},"image":{"@id":"https:\/\/dicodusport.fr\/blog\/football-americain-troisieme-casque-de-diamant-daffilee-pour-les-black-panthers-de-thonon\/#primaryimage"},"thumbnailUrl":"https:\/\/dicodusport.fr\/blog\/wp-content\/uploads\/2025\/06\/Football-americain-Troisieme-Casque-de-Diamant-daffilee-pour-les-Black-Panthers-de-Thonon-1-1.png","datePublished":"2025-06-28T18:22:22+00:00","dateModified":"2025-06-28T19:41:20+00:00","description":"CASQUE DE DIAMANT 2025 - Les Black Panthers de Thonon ont survol\u00e9 la finale et sont champions pour la troisi\u00e8me saison cons\u00e9cutive.\u00a0","breadcrumb":{"@id":"https:\/\/dicodusport.fr\/blog\/football-americain-troisieme-casque-de-diamant-daffilee-pour-les-black-panthers-de-thonon\/#breadcrumb"},"inLanguage":"fr-FR","potentialAction":[{"@type":"ReadAction","target":["https:\/\/dicodusport.fr\/blog\/football-americain-troisieme-casque-de-diamant-daffilee-pour-les-black-panthers-de-thonon\/"]}]},{"@type":"ImageObject","inLanguage":"fr-FR","@id":"https:\/\/dicodusport.fr\/blog\/football-americain-troisieme-casque-de-diamant-daffilee-pour-les-black-panthers-de-thonon\/#primaryimage","url":"https:\/\/dicodusport.fr\/blog\/wp-content\/uploads\/2025\/06\/Football-americain-Troisieme-Casque-de-Diamant-daffilee-pour-les-Black-Panthers-de-Thonon-1-1.png","contentUrl":"https:\/\/dicodusport.fr\/blog\/wp-content\/uploads\/2025\/06\/Football-americain-Troisieme-Casque-de-Diamant-daffilee-pour-les-Black-Panthers-de-Thonon-1-1.png","width":1200,"height":674,"caption":"Football am\u00e9ricain Troisi\u00e8me Casque de Diamant d'affil\u00e9e pour les Black Panthers de Thonon !"},{"@type":"BreadcrumbList","@id":"https:\/\/dicodusport.fr\/blog\/football-americain-troisieme-casque-de-diamant-daffilee-pour-les-black-panthers-de-thonon\/#breadcrumb","itemListElement":[{"@type":"ListItem","position":1,"name":"Accueil","item":"https:\/\/dicodusport.fr\/blog\/"},{"@type":"ListItem","position":2,"name":"Football am\u00e9ricain : Troisi\u00e8me Casque de Diamant d&rsquo;affil\u00e9e pour les Black Panthers de Thonon !"}]},{"@type":"WebSite","@id":"https:\/\/dicodusport.fr\/blog\/#website","url":"https:\/\/dicodusport.fr\/blog\/","name":"Dicodusport","description":"L&#039;encyclop\u00e9die de l&#039;actualit\u00e9 sportive","publisher":{"@id":"https:\/\/dicodusport.fr\/blog\/#organization"},"potentialAction":[{"@type":"SearchAction","target":{"@type":"EntryPoint","urlTemplate":"https:\/\/dicodusport.fr\/blog\/?s={search_term_string}"},"query-input":{"@type":"PropertyValueSpecification","valueRequired":true,"valueName":"search_term_string"}}],"inLanguage":"fr-FR"},{"@type":"NewsMediaOrganization","@id":"https:\/\/dicodusport.fr\/blog\/#organization","name":"Dicodusport","url":"https:\/\/dicodusport.fr\/blog\/","logo":{"@type":"ImageObject","inLanguage":"fr-FR","@id":"https:\/\/dicodusport.fr\/blog\/#\/schema\/logo\/image\/","url":"https:\/\/dicodusport.fr\/blog\/wp-content\/uploads\/2020\/06\/cropped-LOGO-DICODUSPORT-2020-SANS-FOND-SANS-TEXTE.png","contentUrl":"https:\/\/dicodusport.fr\/blog\/wp-content\/uploads\/2020\/06\/cropped-LOGO-DICODUSPORT-2020-SANS-FOND-SANS-TEXTE.png","width":512,"height":512,"caption":"Dicodusport"},"image":{"@id":"https:\/\/dicodusport.fr\/blog\/#\/schema\/logo\/image\/"},"sameAs":["https:\/\/www.facebook.com\/dicodusport","https:\/\/x.com\/dicodusport","https:\/\/www.instagram.com\/dicodusport\/","https:\/\/www.youtube.com\/channel\/UC7V2KZ5sd3htJivAbA4ZG3w"],"description":"Dicodusport est l'encyclop\u00e9die de l'actualit\u00e9 sportive.","email":"bonjour@dicodusport.fr","legalName":"DICODUSPORT","foundingDate":"2018-01-14","vatID":"FR71834470973","taxID":"83447097300043","numberOfEmployees":{"@type":"QuantitativeValue","minValue":"1","maxValue":"10"}},{"@type":"Person","@id":"https:\/\/dicodusport.fr\/blog\/#\/schema\/person\/627966a6cde45dbd8c5e36ac85d783da","name":"S\u00e9bastien Gente","image":{"@type":"ImageObject","inLanguage":"fr-FR","@id":"https:\/\/dicodusport.fr\/blog\/#\/schema\/person\/image\/","url":"https:\/\/dicodusport.fr\/blog\/wp-content\/uploads\/2021\/09\/1510990_10205810251400683_4124423575079401707_n-150x150.jpg","contentUrl":"https:\/\/dicodusport.fr\/blog\/wp-content\/uploads\/2021\/09\/1510990_10205810251400683_4124423575079401707_n-150x150.jpg","caption":"S\u00e9bastien Gente"},"description":"John Stockton, Gianni Bugno, Zinedine Zidane, Steffi Graf, Frode Andresen, St\u00e9phane Stoecklin, Davis Kamoga, Primoz Peterka, Werner Schlager et Aur\u00e9lien Rougerie. Point commun entre ces sportifs? Ils m'ont fait r\u00eaver et ont berc\u00e9 mon adolescence. Je suis un fondu de sports et j'essaie de retranscrire ma passion \u00e0 travers mes articles. Originaire du P\u00e9rigord, ma passion pour les Girondins, les Jaunards et les Jazzmen transpire dans mes \u00e9crits. \u00c0 Dicodusport depuis 2021, je d\u00e9niche les sports m\u00e9connus dans lesquels la France brille, et il y en a !","sameAs":["https:\/\/www.facebook.com\/sebastien.gente\/","https:\/\/www.instagram.com\/sebgente\/","https:\/\/www.linkedin.com\/in\/sbastien-gente-a29583169\/","https:\/\/x.com\/https:\/\/twitter.com\/globulo24","SebastienGente"],"worksFor":"S\u00e9bastien GENTE","url":"https:\/\/dicodusport.fr\/blog\/author\/sebastiengente\/"}]}},"_links":{"self":[{"href":"https:\/\/dicodusport.fr\/blog\/wp-json\/wp\/v2\/posts\/591021","targetHints":{"allow":["GET"]}}],"collection":[{"href":"https:\/\/dicodusport.fr\/blog\/wp-json\/wp\/v2\/posts"}],"about":[{"href":"https:\/\/dicodusport.fr\/blog\/wp-json\/wp\/v2\/types\/post"}],"author":[{"embeddable":true,"href":"https:\/\/dicodusport.fr\/blog\/wp-json\/wp\/v2\/users\/59"}],"replies":[{"embeddable":true,"href":"https:\/\/dicodusport.fr\/blog\/wp-json\/wp\/v2\/comments?post=591021"}],"version-history":[{"count":1,"href":"https:\/\/dicodusport.fr\/blog\/wp-json\/wp\/v2\/posts\/591021\/revisions"}],"predecessor-version":[{"id":591110,"href":"https:\/\/dicodusport.fr\/blog\/wp-json\/wp\/v2\/posts\/591021\/revisions\/591110"}],"wp:featuredmedia":[{"embeddable":true,"href":"https:\/\/dicodusport.fr\/blog\/wp-json\/wp\/v2\/media\/591127"}],"wp:attachment":[{"href":"https:\/\/dicodusport.fr\/blog\/wp-json\/wp\/v2\/media?parent=591021"}],"wp:term":[{"taxonomy":"category","embeddable":true,"href":"https:\/\/dicodusport.fr\/blog\/wp-json\/wp\/v2\/categories?post=591021"},{"taxonomy":"post_tag","embeddable":true,"href":"https:\/\/dicodusport.fr\/blog\/wp-json\/wp\/v2\/tags?post=591021"}],"curies":[{"name":"wp","href":"https:\/\/api.w.org\/{rel}","templated":true}]}}