{"id":591152,"date":"2025-06-29T22:15:59","date_gmt":"2025-06-29T20:15:59","guid":{"rendered":"https:\/\/dicodusport.fr\/blog\/?p=591152&#038;preview=true&#038;preview_id=591152"},"modified":"2025-06-29T22:15:59","modified_gmt":"2025-06-29T20:15:59","slug":"athletisme-la-france-7eme-des-championnats-deurope-par-equipes-2025","status":"publish","type":"post","link":"https:\/\/dicodusport.fr\/blog\/athletisme-la-france-7eme-des-championnats-deurope-par-equipes-2025\/","title":{"rendered":"Athl\u00e9tisme : La France 7\u00e8me des Championnats d&rsquo;Europe par \u00e9quipes 2025"},"content":{"rendered":"<p style=\"text-align: justify;\"><strong><em>ATHL\u00c9TISME &#8211; L&rsquo;\u00e9quipe de France ach\u00e8ve les Championnats d&rsquo;Europe par \u00e9quipes \u00e0 une d\u00e9cevante septi\u00e8me place.<\/em><\/strong><\/p>\n<ul style=\"text-align: justify;\">\n<li><strong>\u00c0 voir \u00e9galement : <a href=\"https:\/\/dicodusport.fr\/blog\/athletisme-classement-des-championnats-deurope-par-equipes-2025\/\">Athl\u00e9tisme \u2013 Classement des Championnats d\u2019Europe par \u00e9quipes 2025<\/a><\/strong><\/li>\n<\/ul>\n<h2 style=\"text-align: justify;\">Une derni\u00e8re journ\u00e9e dans la lign\u00e9e des pr\u00e9c\u00e9dentes<\/h2>\n<p style=\"text-align: justify;\">Pas de miracle pour l&rsquo;\u00e9quipe de France. Les Bleus ont termin\u00e9 septi\u00e8mes des Championnats d&rsquo;Europe par \u00e9quipe de Madrid. Au terme de cette derni\u00e8re journ\u00e9e, ni <strong>Agathe Guillemot<\/strong> ni <strong>H\u00e9l\u00e8ne Parisot<\/strong> n&rsquo;auront permis \u00e0 l&rsquo;\u00e9quipe de France de monter sur le podium final. La premi\u00e8re a pourtant remport\u00e9 son 1500m (4:08.72) au nez et \u00e0 la barbe de la Portugaise <strong>Salom\u00e9 Afonso<\/strong> qu&rsquo;elle avait d\u00e9j\u00e0 battue lors des championnats d&rsquo;Europe en salle cet hiver. La seconde a quant \u00e0 elle sign\u00e9 son record personnel sur 200 m\u00e8tres (22.42) \u00e0 un petit centi\u00e8me des <a href=\"https:\/\/dicodusport.fr\/blog\/athletisme-les-francais-qui-ont-minima-championnats-du-monde-2025\/\">minima mondiaux fix\u00e9s par la FFA<\/a> mais mieux que ceux de World Athletics (22.57). Une performance qui la fait rentrer dans le top 20 mondial (17\u00e8me) et lui permet d&rsquo;\u00eatre la sixi\u00e8me performeuse non-am\u00e9ricaine de l&rsquo;ann\u00e9e.<\/p>\n<blockquote class=\"twitter-tweet\">\n<p dir=\"ltr\" lang=\"fr\">\ud83e\udd47 Victoire pour Agathe Guillemot sur le 1500 m !<\/p>\n<p>\ud83d\udd25 En patronne, elle coupe la ligne en 4&rsquo;08\u00a0\u00bb72 et permet \u00e0 l\u2019\u00e9quipe de France de faire le plein avec 16 points suppl\u00e9mentaires !<\/p>\n<p>\ud83d\udcbb <a href=\"https:\/\/twitter.com\/hashtag\/Madrid2025?src=hash&amp;ref_src=twsrc%5Etfw\">#Madrid2025<\/a> est \u00e0 suivre en DIRECT sur <a href=\"https:\/\/t.co\/Nmm1znFihM\">https:\/\/t.co\/Nmm1znFihM<\/a>. <a href=\"https:\/\/t.co\/tYRSgiGxh4\">pic.twitter.com\/tYRSgiGxh4<\/a><\/p>\n<p>\u2014 FFAthl\u00e9tisme (@FFAthletisme) <a href=\"https:\/\/twitter.com\/FFAthletisme\/status\/1939383163572060564?ref_src=twsrc%5Etfw\">June 29, 2025<\/a><\/p><\/blockquote>\n<p style=\"text-align: justify;\"><script async src=\"https:\/\/platform.twitter.com\/widgets.js\" charset=\"utf-8\"><\/script><\/p>\n<p style=\"text-align: justify;\">Pas de miracle en revanche pour les autres Fran\u00e7ais du jour qui ne faisaient pas r\u00e9ellement partie des favoris. <strong>Flavie Renouard<\/strong> prend par exemple la 5\u00e8me place du 3000 m\u00e8tres steeple tout comme <strong>Hilary Kpatcha<\/strong> \u00e0 la longueur en d\u00e9pit d&rsquo;un saut \u00e0 6.76 m\u00e8tres. Idem pour le relais 4&#215;400 m\u00e8tres mixte. <strong>Bastien Augusto<\/strong> termine lui 6\u00e8me sur 5000 m\u00e8tres de m\u00eame qu&rsquo;<strong>Aliz\u00e9e Minard<\/strong> au javelot. L&rsquo;Italie s&rsquo;impose ainsi au terme des quatre jours de comp\u00e9tition. Avec 431.5 points elle devance la Pologne (405.5 points) et l&rsquo;Allemagne soit le m\u00eame podium qu&rsquo;il y a deux ans. L&rsquo;\u00e9quipe de France signe quant \u00e0 elle une prestation comparable avec l&rsquo;\u00e9dition 2023 lors de laquelle elle avait d\u00e9j\u00e0 termin\u00e9 septi\u00e8me. D\u00e9pourvu de ses cadres, le contingent bleu n&rsquo;a plus sign\u00e9 de podium au g\u00e9n\u00e9ral depuis 2019.<\/p>\n<h2 style=\"text-align: justify;\">Ana\u00efs Bourgoin prend rendez-vous<\/h2>\n<p style=\"text-align: justify;\">Avant cette derni\u00e8re journ\u00e9e, la France occupait la septi\u00e8me place, tr\u00e8s loin de l&rsquo;Italie. Il faut dire que d\u00e8s jeudi la comp\u00e9tition avait mal d\u00e9but\u00e9 apr\u00e8s la huiti\u00e8me place de <strong>Thibaut Collet<\/strong> et la onzi\u00e8me place de <strong>Marie-Julie Bonnin<\/strong> \u00e0 la perche. Hier et vendredi, seules quelques rares satisfactions pouvaient esquisser quelques sourires dans le camp tricolore. Outre les troisi\u00e8mes places de <strong>Nicolas-Marie Daru<\/strong> sur 3000 m\u00e8tres steeple et de <strong>Corentin Magnou<\/strong> sur 800 m\u00e8tres, les Bleus ne comptaient alors que deux victoires.<\/p>\n<ul style=\"--tw-scale-x: 1; --tw-scale-y: 1; --tw-scroll-snap-strictness: proximity; --tw-ring-offset-width: 0px; --tw-ring-offset-color: #fff; --tw-ring-color: #3b82f680; --tw-ring-offset-shadow: 0 0 #0000; --tw-ring-shadow: 0 0 #0000; --tw-shadow: 0 0 #0000; --tw-shadow-colored: 0 0 #0000; text-align: justify;\">\n<li style=\"--tw-scale-x: 1; --tw-scale-y: 1; --tw-scroll-snap-strictness: proximity; --tw-ring-offset-width: 0px; --tw-ring-offset-color: #fff; --tw-ring-color: #3b82f680; --tw-ring-offset-shadow: 0 0 #0000; --tw-ring-shadow: 0 0 #0000; --tw-shadow: 0 0 #0000; --tw-shadow-colored: 0 0 #0000;\"><strong style=\"--tw-scale-x: 1; --tw-scale-y: 1; --tw-scroll-snap-strictness: proximity; --tw-ring-offset-width: 0px; --tw-ring-offset-color: #fff; --tw-ring-color: #3b82f680; --tw-ring-offset-shadow: 0 0 #0000; --tw-ring-shadow: 0 0 #0000; --tw-shadow: 0 0 #0000; --tw-shadow-colored: 0 0 #0000;\">\u00c0 voir \u00e9galement :\u00a0<a class=\"row-title\" style=\"--tw-scale-x: 1; --tw-scale-y: 1; --tw-scroll-snap-strictness: proximity; --tw-ring-offset-width: 0px; --tw-ring-offset-color: #fff; --tw-ring-color: #3b82f680; --tw-ring-offset-shadow: 0 0 #0000; --tw-ring-shadow: 0 0 #0000; --tw-shadow: 0 0 #0000; --tw-shadow-colored: 0 0 #0000;\" href=\"https:\/\/dicodusport.fr\/blog\/athletisme-programme-et-resultats-des-championnats-deurope-par-equipes-2025\/\" aria-label=\"\u00ab\u00a0Athl\u00e9tisme \u2013 Programme et r\u00e9sultats des Championnats d\u2019Europe par \u00e9quipes 2025\u00a0\u00bb (Modifier)\">Athl\u00e9tisme \u2013 Programme et r\u00e9sultats des Championnats d\u2019Europe par \u00e9quipes 2025<\/a><\/strong><\/li>\n<\/ul>\n<p style=\"text-align: justify;\">Si <strong>Jonathan Seremes<\/strong> s&rsquo;est impos\u00e9 au triple saut \u00e0 la faveur d&rsquo;un dernier essai mesur\u00e9 \u00e0 17 m\u00e8tres tout pile, la grosse performance \u00e9tait \u00e0 mettre au cr\u00e9dit d&rsquo;<strong>Ana\u00efs Bourgoin<\/strong>. D\u00e9j\u00e0 auteure de son record personnel il y a un mois (1:57.81), la Fran\u00e7aise s&rsquo;en est approch\u00e9e pour signer un gros temps d&rsquo;1:58.60 et s&rsquo;imposer de mani\u00e8re autoritaire sur le 800 m\u00e8tres \u00e0 la faveur d&rsquo;un dernier 400 m\u00e8tres boucl\u00e9 en 57.3 secondes. Impressionnant, mais h\u00e9las pas assez pour ignorer les d\u00e9ceptions, \u00e0 commencer par <strong>Lolassonn Djouhan<\/strong> (8\u00e8me) dont le lancer a \u00e9t\u00e9 mesur\u00e9 \u00e0 59.83 m\u00e8tres, \u00e0 des ann\u00e9es lumi\u00e8res de son record de France de la semaine derni\u00e8re (70.25 m\u00e8tres). Idem pour <strong>Rose Loga<\/strong> au marteau, seulement 13\u00e8me, \u00e0 treize m\u00e8tres de son record personnel battu cette saison. <strong>Alessia Zarbo<\/strong> a quant \u00e0 elle termin\u00e9 11\u00e8me du 5000 m\u00e8tres \u00e0&#8230; plus d&rsquo;une minute de son record.<\/p>\n<blockquote class=\"twitter-tweet\">\n<p dir=\"ltr\" lang=\"fr\">\ud83d\udd25 Ana\u00efs Bourgouin s&rsquo;impose avec autorit\u00e9 sur le 800 m en 1&rsquo;58\u203360 !<\/p>\n<p>\ud83c\udfc6 Un chrono synonyme de record des Championnats et de 16 points suppl\u00e9mentaires engrang\u00e9s pour l\u2019\u00e9quipe de France !<\/p>\n<p>\ud83d\udcbb <a href=\"https:\/\/twitter.com\/hashtag\/Madrid2025?src=hash&amp;ref_src=twsrc%5Etfw\">#Madrid2025<\/a> est \u00e0 suivre en DIRECT sur <a href=\"https:\/\/t.co\/Nmm1znFQ7k\">https:\/\/t.co\/Nmm1znFQ7k<\/a>. <a href=\"https:\/\/t.co\/ls5lxJ2nkQ\">pic.twitter.com\/ls5lxJ2nkQ<\/a><\/p>\n<p>\u2014 FFAthl\u00e9tisme (@FFAthletisme) <a href=\"https:\/\/twitter.com\/FFAthletisme\/status\/1939031437350707601?ref_src=twsrc%5Etfw\">June 28, 2025<\/a><\/p><\/blockquote>\n<p style=\"text-align: justify;\"><script async src=\"https:\/\/platform.twitter.com\/widgets.js\" charset=\"utf-8\"><\/script><\/p>\n","protected":false},"excerpt":{"rendered":"<p>ATHL\u00c9TISME &#8211; L&rsquo;\u00e9quipe de France ach\u00e8ve les Championnats d&rsquo;Europe par \u00e9quipes \u00e0 une d\u00e9cevante septi\u00e8me place.<\/p>\n","protected":false},"author":91,"featured_media":591575,"comment_status":"open","ping_status":"closed","sticky":false,"template":"","format":"standard","meta":{"_acf_changed":false,"_daextam_enable_autolinks":"1","footnotes":""},"categories":[2308],"tags":[143,16878,8446],"class_list":["post-591152","post","type-post","status-publish","format-standard","has-post-thumbnail","hentry","category-athletisme","tag-athletisme","tag-breve","tag-championnats-deurope-dathletisme-par-equipes"],"acf":[],"yoast_head":"<!-- This site is optimized with the Yoast SEO Premium plugin v26.7 (Yoast SEO v26.7) - https:\/\/yoast.com\/wordpress\/plugins\/seo\/ -->\n<title>Athl\u00e9tisme : La France 7\u00e8me des Championnats d&#039;Europe par \u00e9quipes 2025<\/title>\n<meta name=\"description\" content=\"ATHL\u00c9TISME - L&#039;\u00e9quipe de France ach\u00e8ve les Championnats d&#039;Europe par \u00e9quipes \u00e0 une d\u00e9cevante septi\u00e8me place.\" \/>\n<meta name=\"robots\" content=\"index, follow, max-snippet:-1, max-image-preview:large, max-video-preview:-1\" \/>\n<link rel=\"canonical\" href=\"https:\/\/dicodusport.fr\/blog\/athletisme-la-france-7eme-des-championnats-deurope-par-equipes-2025\/\" \/>\n<meta property=\"og:locale\" content=\"fr_FR\" \/>\n<meta property=\"og:type\" content=\"article\" \/>\n<meta property=\"og:title\" content=\"Athl\u00e9tisme : La France 7\u00e8me des Championnats d&#039;Europe par \u00e9quipes 2025\" \/>\n<meta property=\"og:description\" content=\"ATHL\u00c9TISME - L&#039;\u00e9quipe de France ach\u00e8ve les Championnats d&#039;Europe par \u00e9quipes \u00e0 une d\u00e9cevante septi\u00e8me place.\" \/>\n<meta property=\"og:url\" content=\"https:\/\/dicodusport.fr\/blog\/athletisme-la-france-7eme-des-championnats-deurope-par-equipes-2025\/\" \/>\n<meta property=\"og:site_name\" content=\"Dicodusport\" \/>\n<meta property=\"article:publisher\" content=\"https:\/\/www.facebook.com\/dicodusport\" \/>\n<meta property=\"article:published_time\" content=\"2025-06-29T20:15:59+00:00\" \/>\n<meta property=\"og:image\" content=\"https:\/\/dicodusport.fr\/blog\/wp-content\/uploads\/2025\/06\/Athletisme-La-France-7eme-des-Championnats-dEurope-par-equipes-2025.png\" \/>\n\t<meta property=\"og:image:width\" content=\"1200\" \/>\n\t<meta property=\"og:image:height\" content=\"674\" \/>\n\t<meta property=\"og:image:type\" content=\"image\/png\" \/>\n<meta name=\"author\" content=\"Victor Clot-Amiot\" \/>\n<meta name=\"twitter:card\" content=\"summary_large_image\" \/>\n<meta name=\"twitter:title\" content=\"Athl\u00e9tisme : La France 7\u00e8me des Championnats d&#039;Europe par \u00e9quipes 2025\" \/>\n<meta name=\"twitter:creator\" content=\"@https:\/\/x.com\/VictorClotAmiot\" \/>\n<meta name=\"twitter:site\" content=\"@dicodusport\" \/>\n<script type=\"application\/ld+json\" class=\"yoast-schema-graph\">{\"@context\":\"https:\/\/schema.org\",\"@graph\":[{\"@type\":\"NewsArticle\",\"@id\":\"https:\/\/dicodusport.fr\/blog\/athletisme-la-france-7eme-des-championnats-deurope-par-equipes-2025\/#article\",\"isPartOf\":{\"@id\":\"https:\/\/dicodusport.fr\/blog\/athletisme-la-france-7eme-des-championnats-deurope-par-equipes-2025\/\"},\"author\":{\"name\":\"Victor Clot-Amiot\",\"@id\":\"https:\/\/dicodusport.fr\/blog\/#\/schema\/person\/b623199cba9ba90fe84a3d16e9282360\"},\"headline\":\"Athl\u00e9tisme : La France 7\u00e8me des Championnats d&rsquo;Europe par \u00e9quipes 2025\",\"datePublished\":\"2025-06-29T20:15:59+00:00\",\"mainEntityOfPage\":{\"@id\":\"https:\/\/dicodusport.fr\/blog\/athletisme-la-france-7eme-des-championnats-deurope-par-equipes-2025\/\"},\"wordCount\":712,\"commentCount\":0,\"publisher\":{\"@id\":\"https:\/\/dicodusport.fr\/blog\/#organization\"},\"image\":{\"@id\":\"https:\/\/dicodusport.fr\/blog\/athletisme-la-france-7eme-des-championnats-deurope-par-equipes-2025\/#primaryimage\"},\"thumbnailUrl\":\"https:\/\/dicodusport.fr\/blog\/wp-content\/uploads\/2025\/06\/Athletisme-La-France-7eme-des-Championnats-dEurope-par-equipes-2025.png\",\"keywords\":[\"Athl\u00e9tisme\",\"br\u00e8ve\",\"Championnats d'Europe d'athl\u00e9tisme par \u00e9quipes\"],\"articleSection\":[\"Athl\u00e9tisme\"],\"inLanguage\":\"fr-FR\",\"potentialAction\":[{\"@type\":\"CommentAction\",\"name\":\"Comment\",\"target\":[\"https:\/\/dicodusport.fr\/blog\/athletisme-la-france-7eme-des-championnats-deurope-par-equipes-2025\/#respond\"]}],\"copyrightYear\":\"2025\",\"copyrightHolder\":{\"@id\":\"https:\/\/dicodusport.fr\/blog\/#organization\"}},{\"@type\":\"WebPage\",\"@id\":\"https:\/\/dicodusport.fr\/blog\/athletisme-la-france-7eme-des-championnats-deurope-par-equipes-2025\/\",\"url\":\"https:\/\/dicodusport.fr\/blog\/athletisme-la-france-7eme-des-championnats-deurope-par-equipes-2025\/\",\"name\":\"Athl\u00e9tisme : La France 7\u00e8me des Championnats d'Europe par \u00e9quipes 2025\",\"isPartOf\":{\"@id\":\"https:\/\/dicodusport.fr\/blog\/#website\"},\"primaryImageOfPage\":{\"@id\":\"https:\/\/dicodusport.fr\/blog\/athletisme-la-france-7eme-des-championnats-deurope-par-equipes-2025\/#primaryimage\"},\"image\":{\"@id\":\"https:\/\/dicodusport.fr\/blog\/athletisme-la-france-7eme-des-championnats-deurope-par-equipes-2025\/#primaryimage\"},\"thumbnailUrl\":\"https:\/\/dicodusport.fr\/blog\/wp-content\/uploads\/2025\/06\/Athletisme-La-France-7eme-des-Championnats-dEurope-par-equipes-2025.png\",\"datePublished\":\"2025-06-29T20:15:59+00:00\",\"description\":\"ATHL\u00c9TISME - L'\u00e9quipe de France ach\u00e8ve les Championnats d'Europe par \u00e9quipes \u00e0 une d\u00e9cevante septi\u00e8me place.\",\"breadcrumb\":{\"@id\":\"https:\/\/dicodusport.fr\/blog\/athletisme-la-france-7eme-des-championnats-deurope-par-equipes-2025\/#breadcrumb\"},\"inLanguage\":\"fr-FR\",\"potentialAction\":[{\"@type\":\"ReadAction\",\"target\":[\"https:\/\/dicodusport.fr\/blog\/athletisme-la-france-7eme-des-championnats-deurope-par-equipes-2025\/\"]}]},{\"@type\":\"ImageObject\",\"inLanguage\":\"fr-FR\",\"@id\":\"https:\/\/dicodusport.fr\/blog\/athletisme-la-france-7eme-des-championnats-deurope-par-equipes-2025\/#primaryimage\",\"url\":\"https:\/\/dicodusport.fr\/blog\/wp-content\/uploads\/2025\/06\/Athletisme-La-France-7eme-des-Championnats-dEurope-par-equipes-2025.png\",\"contentUrl\":\"https:\/\/dicodusport.fr\/blog\/wp-content\/uploads\/2025\/06\/Athletisme-La-France-7eme-des-Championnats-dEurope-par-equipes-2025.png\",\"width\":1200,\"height\":674,\"caption\":\"Athl\u00e9tisme La France 7\u00e8me des Championnats d'Europe par \u00e9quipes 2025\"},{\"@type\":\"BreadcrumbList\",\"@id\":\"https:\/\/dicodusport.fr\/blog\/athletisme-la-france-7eme-des-championnats-deurope-par-equipes-2025\/#breadcrumb\",\"itemListElement\":[{\"@type\":\"ListItem\",\"position\":1,\"name\":\"Accueil\",\"item\":\"https:\/\/dicodusport.fr\/blog\/\"},{\"@type\":\"ListItem\",\"position\":2,\"name\":\"Athl\u00e9tisme : La France 7\u00e8me des Championnats d&rsquo;Europe par \u00e9quipes 2025\"}]},{\"@type\":\"WebSite\",\"@id\":\"https:\/\/dicodusport.fr\/blog\/#website\",\"url\":\"https:\/\/dicodusport.fr\/blog\/\",\"name\":\"Dicodusport\",\"description\":\"L&#039;encyclop\u00e9die de l&#039;actualit\u00e9 sportive\",\"publisher\":{\"@id\":\"https:\/\/dicodusport.fr\/blog\/#organization\"},\"potentialAction\":[{\"@type\":\"SearchAction\",\"target\":{\"@type\":\"EntryPoint\",\"urlTemplate\":\"https:\/\/dicodusport.fr\/blog\/?s={search_term_string}\"},\"query-input\":{\"@type\":\"PropertyValueSpecification\",\"valueRequired\":true,\"valueName\":\"search_term_string\"}}],\"inLanguage\":\"fr-FR\"},{\"@type\":\"NewsMediaOrganization\",\"@id\":\"https:\/\/dicodusport.fr\/blog\/#organization\",\"name\":\"Dicodusport\",\"url\":\"https:\/\/dicodusport.fr\/blog\/\",\"logo\":{\"@type\":\"ImageObject\",\"inLanguage\":\"fr-FR\",\"@id\":\"https:\/\/dicodusport.fr\/blog\/#\/schema\/logo\/image\/\",\"url\":\"https:\/\/dicodusport.fr\/blog\/wp-content\/uploads\/2020\/06\/cropped-LOGO-DICODUSPORT-2020-SANS-FOND-SANS-TEXTE.png\",\"contentUrl\":\"https:\/\/dicodusport.fr\/blog\/wp-content\/uploads\/2020\/06\/cropped-LOGO-DICODUSPORT-2020-SANS-FOND-SANS-TEXTE.png\",\"width\":512,\"height\":512,\"caption\":\"Dicodusport\"},\"image\":{\"@id\":\"https:\/\/dicodusport.fr\/blog\/#\/schema\/logo\/image\/\"},\"sameAs\":[\"https:\/\/www.facebook.com\/dicodusport\",\"https:\/\/x.com\/dicodusport\",\"https:\/\/www.instagram.com\/dicodusport\/\",\"https:\/\/www.youtube.com\/channel\/UC7V2KZ5sd3htJivAbA4ZG3w\"],\"description\":\"Dicodusport est l'encyclop\u00e9die de l'actualit\u00e9 sportive.\",\"email\":\"bonjour@dicodusport.fr\",\"legalName\":\"DICODUSPORT\",\"foundingDate\":\"2018-01-14\",\"vatID\":\"FR71834470973\",\"taxID\":\"83447097300043\",\"numberOfEmployees\":{\"@type\":\"QuantitativeValue\",\"minValue\":\"1\",\"maxValue\":\"10\"}},{\"@type\":\"Person\",\"@id\":\"https:\/\/dicodusport.fr\/blog\/#\/schema\/person\/b623199cba9ba90fe84a3d16e9282360\",\"name\":\"Victor Clot-Amiot\",\"image\":{\"@type\":\"ImageObject\",\"inLanguage\":\"fr-FR\",\"@id\":\"https:\/\/dicodusport.fr\/blog\/#\/schema\/person\/image\/\",\"url\":\"https:\/\/dicodusport.fr\/blog\/wp-content\/uploads\/2023\/09\/IMG_20190826_114722-150x150.jpg\",\"contentUrl\":\"https:\/\/dicodusport.fr\/blog\/wp-content\/uploads\/2023\/09\/IMG_20190826_114722-150x150.jpg\",\"caption\":\"Victor Clot-Amiot\"},\"description\":\"Passionn\u00e9 de sport depuis toujours, un jour \u00e0 l'adolescence mes parents m'ont dit : \\\"quitte \u00e0 passer ton temps \u00e0 regarder du sport, au moins va le voir en vrai\\\" ! Depuis, cette remarque ne m'a plus quitt\u00e9 et je passe une grande partie de mon temps libre \u00e0 assister \u00e0 des comp\u00e9titions de tous sports. Je m\u00eale d'ailleurs mes deux passions, le sport et les voyages afin de faire une pierre deux coups ! Outre l'US Open ou l'Euro 2021 par exemple, j'ai assist\u00e9 cet \u00e9t\u00e9 aux Mondiaux d'athl\u00e9tisme \u00e0 Budapest. Mon plus gros coup dur est et restera les JO 2020-2021 pour lesquels j'avais r\u00e9serv\u00e9 17 \u00e9preuves. La suite, vous la connaissez...\",\"sameAs\":[\"https:\/\/x.com\/https:\/\/x.com\/VictorClotAmiot\"],\"url\":\"https:\/\/dicodusport.fr\/blog\/author\/victor-clot-amiot\/\"}]}<\/script>\n<!-- \/ Yoast SEO Premium plugin. -->","yoast_head_json":{"title":"Athl\u00e9tisme : La France 7\u00e8me des Championnats d'Europe par \u00e9quipes 2025","description":"ATHL\u00c9TISME - L'\u00e9quipe de France ach\u00e8ve les Championnats d'Europe par \u00e9quipes \u00e0 une d\u00e9cevante septi\u00e8me place.","robots":{"index":"index","follow":"follow","max-snippet":"max-snippet:-1","max-image-preview":"max-image-preview:large","max-video-preview":"max-video-preview:-1"},"canonical":"https:\/\/dicodusport.fr\/blog\/athletisme-la-france-7eme-des-championnats-deurope-par-equipes-2025\/","og_locale":"fr_FR","og_type":"article","og_title":"Athl\u00e9tisme : La France 7\u00e8me des Championnats d'Europe par \u00e9quipes 2025","og_description":"ATHL\u00c9TISME - L'\u00e9quipe de France ach\u00e8ve les Championnats d'Europe par \u00e9quipes \u00e0 une d\u00e9cevante septi\u00e8me place.","og_url":"https:\/\/dicodusport.fr\/blog\/athletisme-la-france-7eme-des-championnats-deurope-par-equipes-2025\/","og_site_name":"Dicodusport","article_publisher":"https:\/\/www.facebook.com\/dicodusport","article_published_time":"2025-06-29T20:15:59+00:00","og_image":[{"width":1200,"height":674,"url":"https:\/\/dicodusport.fr\/blog\/wp-content\/uploads\/2025\/06\/Athletisme-La-France-7eme-des-Championnats-dEurope-par-equipes-2025.png","type":"image\/png"}],"author":"Victor Clot-Amiot","twitter_card":"summary_large_image","twitter_title":"Athl\u00e9tisme : La France 7\u00e8me des Championnats d'Europe par \u00e9quipes 2025","twitter_creator":"@https:\/\/x.com\/VictorClotAmiot","twitter_site":"@dicodusport","schema":{"@context":"https:\/\/schema.org","@graph":[{"@type":"NewsArticle","@id":"https:\/\/dicodusport.fr\/blog\/athletisme-la-france-7eme-des-championnats-deurope-par-equipes-2025\/#article","isPartOf":{"@id":"https:\/\/dicodusport.fr\/blog\/athletisme-la-france-7eme-des-championnats-deurope-par-equipes-2025\/"},"author":{"name":"Victor Clot-Amiot","@id":"https:\/\/dicodusport.fr\/blog\/#\/schema\/person\/b623199cba9ba90fe84a3d16e9282360"},"headline":"Athl\u00e9tisme : La France 7\u00e8me des Championnats d&rsquo;Europe par \u00e9quipes 2025","datePublished":"2025-06-29T20:15:59+00:00","mainEntityOfPage":{"@id":"https:\/\/dicodusport.fr\/blog\/athletisme-la-france-7eme-des-championnats-deurope-par-equipes-2025\/"},"wordCount":712,"commentCount":0,"publisher":{"@id":"https:\/\/dicodusport.fr\/blog\/#organization"},"image":{"@id":"https:\/\/dicodusport.fr\/blog\/athletisme-la-france-7eme-des-championnats-deurope-par-equipes-2025\/#primaryimage"},"thumbnailUrl":"https:\/\/dicodusport.fr\/blog\/wp-content\/uploads\/2025\/06\/Athletisme-La-France-7eme-des-Championnats-dEurope-par-equipes-2025.png","keywords":["Athl\u00e9tisme","br\u00e8ve","Championnats d'Europe d'athl\u00e9tisme par \u00e9quipes"],"articleSection":["Athl\u00e9tisme"],"inLanguage":"fr-FR","potentialAction":[{"@type":"CommentAction","name":"Comment","target":["https:\/\/dicodusport.fr\/blog\/athletisme-la-france-7eme-des-championnats-deurope-par-equipes-2025\/#respond"]}],"copyrightYear":"2025","copyrightHolder":{"@id":"https:\/\/dicodusport.fr\/blog\/#organization"}},{"@type":"WebPage","@id":"https:\/\/dicodusport.fr\/blog\/athletisme-la-france-7eme-des-championnats-deurope-par-equipes-2025\/","url":"https:\/\/dicodusport.fr\/blog\/athletisme-la-france-7eme-des-championnats-deurope-par-equipes-2025\/","name":"Athl\u00e9tisme : La France 7\u00e8me des Championnats d'Europe par \u00e9quipes 2025","isPartOf":{"@id":"https:\/\/dicodusport.fr\/blog\/#website"},"primaryImageOfPage":{"@id":"https:\/\/dicodusport.fr\/blog\/athletisme-la-france-7eme-des-championnats-deurope-par-equipes-2025\/#primaryimage"},"image":{"@id":"https:\/\/dicodusport.fr\/blog\/athletisme-la-france-7eme-des-championnats-deurope-par-equipes-2025\/#primaryimage"},"thumbnailUrl":"https:\/\/dicodusport.fr\/blog\/wp-content\/uploads\/2025\/06\/Athletisme-La-France-7eme-des-Championnats-dEurope-par-equipes-2025.png","datePublished":"2025-06-29T20:15:59+00:00","description":"ATHL\u00c9TISME - L'\u00e9quipe de France ach\u00e8ve les Championnats d'Europe par \u00e9quipes \u00e0 une d\u00e9cevante septi\u00e8me place.","breadcrumb":{"@id":"https:\/\/dicodusport.fr\/blog\/athletisme-la-france-7eme-des-championnats-deurope-par-equipes-2025\/#breadcrumb"},"inLanguage":"fr-FR","potentialAction":[{"@type":"ReadAction","target":["https:\/\/dicodusport.fr\/blog\/athletisme-la-france-7eme-des-championnats-deurope-par-equipes-2025\/"]}]},{"@type":"ImageObject","inLanguage":"fr-FR","@id":"https:\/\/dicodusport.fr\/blog\/athletisme-la-france-7eme-des-championnats-deurope-par-equipes-2025\/#primaryimage","url":"https:\/\/dicodusport.fr\/blog\/wp-content\/uploads\/2025\/06\/Athletisme-La-France-7eme-des-Championnats-dEurope-par-equipes-2025.png","contentUrl":"https:\/\/dicodusport.fr\/blog\/wp-content\/uploads\/2025\/06\/Athletisme-La-France-7eme-des-Championnats-dEurope-par-equipes-2025.png","width":1200,"height":674,"caption":"Athl\u00e9tisme La France 7\u00e8me des Championnats d'Europe par \u00e9quipes 2025"},{"@type":"BreadcrumbList","@id":"https:\/\/dicodusport.fr\/blog\/athletisme-la-france-7eme-des-championnats-deurope-par-equipes-2025\/#breadcrumb","itemListElement":[{"@type":"ListItem","position":1,"name":"Accueil","item":"https:\/\/dicodusport.fr\/blog\/"},{"@type":"ListItem","position":2,"name":"Athl\u00e9tisme : La France 7\u00e8me des Championnats d&rsquo;Europe par \u00e9quipes 2025"}]},{"@type":"WebSite","@id":"https:\/\/dicodusport.fr\/blog\/#website","url":"https:\/\/dicodusport.fr\/blog\/","name":"Dicodusport","description":"L&#039;encyclop\u00e9die de l&#039;actualit\u00e9 sportive","publisher":{"@id":"https:\/\/dicodusport.fr\/blog\/#organization"},"potentialAction":[{"@type":"SearchAction","target":{"@type":"EntryPoint","urlTemplate":"https:\/\/dicodusport.fr\/blog\/?s={search_term_string}"},"query-input":{"@type":"PropertyValueSpecification","valueRequired":true,"valueName":"search_term_string"}}],"inLanguage":"fr-FR"},{"@type":"NewsMediaOrganization","@id":"https:\/\/dicodusport.fr\/blog\/#organization","name":"Dicodusport","url":"https:\/\/dicodusport.fr\/blog\/","logo":{"@type":"ImageObject","inLanguage":"fr-FR","@id":"https:\/\/dicodusport.fr\/blog\/#\/schema\/logo\/image\/","url":"https:\/\/dicodusport.fr\/blog\/wp-content\/uploads\/2020\/06\/cropped-LOGO-DICODUSPORT-2020-SANS-FOND-SANS-TEXTE.png","contentUrl":"https:\/\/dicodusport.fr\/blog\/wp-content\/uploads\/2020\/06\/cropped-LOGO-DICODUSPORT-2020-SANS-FOND-SANS-TEXTE.png","width":512,"height":512,"caption":"Dicodusport"},"image":{"@id":"https:\/\/dicodusport.fr\/blog\/#\/schema\/logo\/image\/"},"sameAs":["https:\/\/www.facebook.com\/dicodusport","https:\/\/x.com\/dicodusport","https:\/\/www.instagram.com\/dicodusport\/","https:\/\/www.youtube.com\/channel\/UC7V2KZ5sd3htJivAbA4ZG3w"],"description":"Dicodusport est l'encyclop\u00e9die de l'actualit\u00e9 sportive.","email":"bonjour@dicodusport.fr","legalName":"DICODUSPORT","foundingDate":"2018-01-14","vatID":"FR71834470973","taxID":"83447097300043","numberOfEmployees":{"@type":"QuantitativeValue","minValue":"1","maxValue":"10"}},{"@type":"Person","@id":"https:\/\/dicodusport.fr\/blog\/#\/schema\/person\/b623199cba9ba90fe84a3d16e9282360","name":"Victor Clot-Amiot","image":{"@type":"ImageObject","inLanguage":"fr-FR","@id":"https:\/\/dicodusport.fr\/blog\/#\/schema\/person\/image\/","url":"https:\/\/dicodusport.fr\/blog\/wp-content\/uploads\/2023\/09\/IMG_20190826_114722-150x150.jpg","contentUrl":"https:\/\/dicodusport.fr\/blog\/wp-content\/uploads\/2023\/09\/IMG_20190826_114722-150x150.jpg","caption":"Victor Clot-Amiot"},"description":"Passionn\u00e9 de sport depuis toujours, un jour \u00e0 l'adolescence mes parents m'ont dit : \"quitte \u00e0 passer ton temps \u00e0 regarder du sport, au moins va le voir en vrai\" ! Depuis, cette remarque ne m'a plus quitt\u00e9 et je passe une grande partie de mon temps libre \u00e0 assister \u00e0 des comp\u00e9titions de tous sports. Je m\u00eale d'ailleurs mes deux passions, le sport et les voyages afin de faire une pierre deux coups ! Outre l'US Open ou l'Euro 2021 par exemple, j'ai assist\u00e9 cet \u00e9t\u00e9 aux Mondiaux d'athl\u00e9tisme \u00e0 Budapest. Mon plus gros coup dur est et restera les JO 2020-2021 pour lesquels j'avais r\u00e9serv\u00e9 17 \u00e9preuves. La suite, vous la connaissez...","sameAs":["https:\/\/x.com\/https:\/\/x.com\/VictorClotAmiot"],"url":"https:\/\/dicodusport.fr\/blog\/author\/victor-clot-amiot\/"}]}},"_links":{"self":[{"href":"https:\/\/dicodusport.fr\/blog\/wp-json\/wp\/v2\/posts\/591152","targetHints":{"allow":["GET"]}}],"collection":[{"href":"https:\/\/dicodusport.fr\/blog\/wp-json\/wp\/v2\/posts"}],"about":[{"href":"https:\/\/dicodusport.fr\/blog\/wp-json\/wp\/v2\/types\/post"}],"author":[{"embeddable":true,"href":"https:\/\/dicodusport.fr\/blog\/wp-json\/wp\/v2\/users\/91"}],"replies":[{"embeddable":true,"href":"https:\/\/dicodusport.fr\/blog\/wp-json\/wp\/v2\/comments?post=591152"}],"version-history":[{"count":5,"href":"https:\/\/dicodusport.fr\/blog\/wp-json\/wp\/v2\/posts\/591152\/revisions"}],"predecessor-version":[{"id":591579,"href":"https:\/\/dicodusport.fr\/blog\/wp-json\/wp\/v2\/posts\/591152\/revisions\/591579"}],"wp:featuredmedia":[{"embeddable":true,"href":"https:\/\/dicodusport.fr\/blog\/wp-json\/wp\/v2\/media\/591575"}],"wp:attachment":[{"href":"https:\/\/dicodusport.fr\/blog\/wp-json\/wp\/v2\/media?parent=591152"}],"wp:term":[{"taxonomy":"category","embeddable":true,"href":"https:\/\/dicodusport.fr\/blog\/wp-json\/wp\/v2\/categories?post=591152"},{"taxonomy":"post_tag","embeddable":true,"href":"https:\/\/dicodusport.fr\/blog\/wp-json\/wp\/v2\/tags?post=591152"}],"curies":[{"name":"wp","href":"https:\/\/api.w.org\/{rel}","templated":true}]}}