{"id":591238,"date":"2025-07-20T19:22:22","date_gmt":"2025-07-20T17:22:22","guid":{"rendered":"https:\/\/dicodusport.fr\/blog\/?p=591238&#038;preview=true&#038;preview_id=591238"},"modified":"2025-07-20T21:19:24","modified_gmt":"2025-07-20T19:19:24","slug":"programme-et-resultats-championnats-deurope-espoirs-dathletisme-2025","status":"publish","type":"post","link":"https:\/\/dicodusport.fr\/blog\/programme-et-resultats-championnats-deurope-espoirs-dathletisme-2025\/","title":{"rendered":"Programme et r\u00e9sultats Championnats d&rsquo;Europe espoirs d&rsquo;athl\u00e9tisme 2025"},"content":{"rendered":"<p style=\"text-align: justify;\"><strong><em><a href=\"https:\/\/dicodusport.fr\/definition-sport\/athletisme\/\" target=\"_blank\" rel=\"noopener\">ATHL\u00c9TISME<\/a> &#8211; Les Championnats d&rsquo;Europe espoirs ont lieu du 17 au 20 juillet \u00e0 Bergen en Norv\u00e8ge. Voici le programme et les r\u00e9sultats de la comp\u00e9tition.<\/em><\/strong><\/p>\n<h3>Retransmission<\/h3>\n<p style=\"text-align: justify;\">Les Championnats sont \u00e0 suivre en int\u00e9gralit\u00e9 sur la <strong><a href=\"https:\/\/eurovisionsport.com\/en\/explore\/sports\/athletics\" target=\"_blank\" rel=\"noopener\">plateforme Eurovision Sport<\/a><\/strong>.<\/p>\n<ul>\n<li><strong>\u00c0 lire aussi : <\/strong><strong><a title=\"Athl\u00e9tisme \u2013 Championnats d\u2019Europe espoirs 2023 : la s\u00e9lection fran\u00e7aise\" href=\"https:\/\/dicodusport.fr\/blog\/athletisme-championnats-deurope-espoirs-2025-la-selection-francaise\/\" target=\"_blank\" rel=\"noopener\">Championnats d&rsquo;Europe espoirs 2025 : la s\u00e9lection fran\u00e7aise<\/a><\/strong><\/li>\n<\/ul>\n<hr \/>\n<h2 style=\"text-align: justify;\">Le programme complet<\/h2>\n<p style=\"text-align: justify;\"><div class=\"su-tabs su-tabs-style-default su-tabs-mobile-stack\" data-active=\"4\" data-scroll-offset=\"0\" data-anchor-in-url=\"no\"><div class=\"su-tabs-nav\"><span class=\"\" data-url=\"\" data-target=\"blank\" tabindex=\"0\" role=\"button\">Jeudi 17 juillet<\/span><span class=\"\" data-url=\"\" data-target=\"blank\" tabindex=\"0\" role=\"button\">Vendredi 18 juillet<\/span><span class=\"\" data-url=\"\" data-target=\"blank\" tabindex=\"0\" role=\"button\">Samedi 19 juillet<\/span><span class=\"\" data-url=\"\" data-target=\"blank\" tabindex=\"0\" role=\"button\">Dimanche 20 juillet<\/span><\/div><div class=\"su-tabs-panes\"><div class=\"su-tabs-pane su-u-clearfix su-u-trim\" data-title=\"Jeudi 17 juillet\">\n<p><strong>9h30 : <\/strong>d\u00e9cathlon &#8211; 100 m<\/p>\n<p><strong>9h55 : <\/strong>qualifications A lancer du disque H<\/p>\n<p><strong>10h15 :<\/strong> s\u00e9ries 400 m haies F<\/p>\n<p><strong>10h30 : <\/strong>qualifications lancer du poids F<\/p>\n<p><strong>10h33 : <\/strong>d\u00e9cathlon &#8211; saut en longueur<\/p>\n<p><strong>11h : <\/strong>qualifications B lancer du disque H<\/p>\n<p><strong>11h05 :<\/strong> s\u00e9ries 400 m haies H<\/p>\n<p><strong>11h55 : <\/strong>s\u00e9ries 100 m F<\/p>\n<p><strong>12h :<\/strong> qualifications saut \u00e0 la perche H<\/p>\n<p><strong>12h30 :<\/strong> s\u00e9ries 100 m H<\/p>\n<p><strong>12h45 :<\/strong> qualifications A lancer du marteau F<\/p>\n<p><strong>13h15 :<\/strong> s\u00e9ries 400 m H<\/p>\n<p><strong>13h25 : <\/strong>d\u00e9cathlon &#8211; lancer du poids<\/p>\n<p><strong>13h50 :<\/strong> qualifications lancer du marteau F groupe B<\/p>\n<p><strong>13h55 :<\/strong> s\u00e9ries 400 m F<\/p>\n<p>&nbsp;<\/p>\n<p><strong>16h : <\/strong>d\u00e9cathlon &#8211; saut en hauteur<\/p>\n<p><strong>16h05 :<\/strong> qualifications triple saut F<\/p>\n<p><strong>16h15 :<\/strong> qualifications A lancer du javelot F<\/p>\n<p><strong>17h15 : <\/strong>s\u00e9ries 110 m haies<\/p>\n<p><strong>17h30 :<\/strong> qualifications B lancer du javelot F<\/p>\n<p><strong>17h40 :<\/strong> qualifications saut en longueur H<\/p>\n<p><strong>18h :<\/strong> s\u00e9ries 800 m F<\/p>\n<p><strong>18h35 :<\/strong> s\u00e9ries 1500 m H<\/p>\n<p><strong>18h55 :<\/strong> qualifications A lancer du javelot H<\/p>\n<p><strong>19h : finale 10 000 m H<\/strong><\/p>\n<p><strong>19h15 :<\/strong> qualifications saut en hauteur F<\/p>\n<p><strong>19h20 : finale lancer du poids F<\/strong><\/p>\n<p><strong>19h55 : <\/strong>d\u00e9cathlon &#8211; 400 m<\/p>\n<p><strong>20h15 :<\/strong> qualifications B lancer du javelot F<\/p>\n<p><strong>20h30 :<\/strong> demi-finales 100 m F<\/p>\n<p><strong>20h50 :<\/strong> demi-finales 100 m H<\/p>\n<p style=\"text-align: justify;\"><\/div>\n<div class=\"su-tabs-pane su-u-clearfix su-u-trim\" data-title=\"Vendredi 18 juillet\">\n<p><strong>9h :<\/strong> d\u00e9cathlon &#8211; 110 m haies<\/p>\n<p><strong>9h05 :<\/strong> qualifications saut \u00e0 la perche F<\/p>\n<p><strong>10h :<\/strong> d\u00e9cathlon &#8211; lancer du disque A<\/p>\n<p><strong>10h50 : <\/strong>s\u00e9ries 200 m H<\/p>\n<p><strong>11h15 :<\/strong> d\u00e9cathlon &#8211; lancer du disque B<\/p>\n<p><strong>11h30 : <\/strong>s\u00e9ries 200 m F<\/p>\n<p><strong>12h :<\/strong> d\u00e9cathlon &#8211; saut \u00e0 la perche A<\/p>\n<p><strong>12h10 : <\/strong>s\u00e9ries 3000 m steeple F<\/p>\n<p><strong>12h45 : <\/strong>d\u00e9cathlon &#8211; saut \u00e0 la perche B<\/p>\n<p><strong>12h50 :<\/strong> s\u00e9ries 1500 m F<\/p>\n<p><strong>13h30 :<\/strong> s\u00e9ries 800 m H<\/p>\n<p>&nbsp;<\/p>\n<p><strong>15h30 :<\/strong>\u00a0<b>finale lancer du disque H<\/b><\/p>\n<p><strong>15h35 : <\/strong>demi-finales 100 m haies<\/p>\n<p><strong>16h : finale triple saut F<\/strong><\/p>\n<p style=\"text-align: justify;\"><strong>16h10 : <\/strong>demi-finales 110 m haies<strong><br \/>\n<\/strong><\/p>\n<p style=\"text-align: justify;\"><strong>16h50 :<\/strong> demi-finales 400 m haies F<\/p>\n<p style=\"text-align: justify;\"><strong>17h20 :<\/strong> demi-finales 400 m haies H<\/p>\n<p><strong>17h25 :<\/strong> d\u00e9cathlon &#8211; lancer du javelot A<\/p>\n<p><strong>17h53 :<\/strong> demi-finales 400 m H<\/p>\n<p><strong>18h :\u00a0<\/strong>qualifications saut en hauteur H<\/p>\n<p><strong>18h05 : finale saut en longueur H<\/strong><\/p>\n<p><strong>18h15 :<\/strong> demi-finales 400 m F<\/p>\n<p><strong>18h35 :<\/strong> <strong>finale 100 m F<\/strong><strong><br \/>\n<\/strong><\/p>\n<p><strong>18h40 : <\/strong>d\u00e9cathlon &#8211; lancer du javelot B<strong><br \/>\n<\/strong><\/p>\n<p><strong>18h50 : finale 100 m H<\/strong><\/p>\n<p><strong>19h15 : finale 100 m haies<\/strong><\/p>\n<p><strong>19h30 : finale 110 m haies<\/strong><\/p>\n<p><strong>19h50 : finale 10 000 m F\u00a0\u00a0\u00a0<\/strong><\/p>\n<p><strong>20h : finale lancer du marteau F<\/strong><\/p>\n<p><strong>20h45 : d\u00e9cathlon &#8211; 1500 m<\/strong><\/p>\n<p style=\"text-align: justify;\"><\/div>\n<div class=\"su-tabs-pane su-u-clearfix su-u-trim\" data-title=\"Samedi 19 juillet\">\n<p><strong>9h :<\/strong>\u00a0qualifications A lancer du marteau H<\/p>\n<p><strong>9h50 :\u00a0<\/strong>qualifications lancer du poids H<\/p>\n<p><strong>10h05 :<\/strong> heptathlon &#8211; 100 m haies<\/p>\n<p><strong>10h23 :<\/strong> qualifications B lancer du marteau H<\/p>\n<p><strong>10h40 :<\/strong> demi-finales 200 m H<\/p>\n<p><strong>11h :<\/strong> demi-finales 200 m F<\/p>\n<p><strong>11h20 :<\/strong> heptathlon &#8211; saut en hauteur<\/p>\n<p><strong>11h30 :\u00a0<\/strong>qualifications saut en longueur F<\/p>\n<p><strong>11h35 : finale 10 000 m marche F<\/strong><\/p>\n<p><strong>11h50 :<\/strong> qualifications A lancer du disque F<\/p>\n<p><strong>12h50 :<\/strong> s\u00e9ries 3000 m steeple H<\/p>\n<p><strong>13h05 :<\/strong> qualifications triple saut H<\/p>\n<p><strong>13h20 :<\/strong> qualifications B lancer du disque F<\/p>\n<p>&nbsp;<\/p>\n<p><strong>17h05 : finale lancer du javelot H<\/strong><\/p>\n<p><strong>17h10 : finale saut en hauteur F<\/strong><\/p>\n<p><strong>17h15 :<\/strong> <strong>finale 400 m haies H<\/strong><\/p>\n<p><strong>17h25 :<\/strong> heptathlon &#8211; lancer du poids<\/p>\n<p><strong>17h30 :<\/strong> <strong>finale 400 m haies F<\/strong><\/p>\n<p><strong>17h45 : finale 1500 m<\/strong> <strong>H<\/strong><\/p>\n<p><strong>18h : finale 400 m F<\/strong><\/p>\n<p><strong>18h10 : finale saut \u00e0 la perche H<\/strong><strong><br \/>\n<\/strong><\/p>\n<p><strong>18h15 : finale 400 m H<br \/>\n<\/strong><\/p>\n<p><strong>18h30 :<\/strong> <strong>finale 5000 m H<\/strong><\/p>\n<p><strong>18h55 : finale lancer du javelot F<\/strong><\/p>\n<p><strong>19h20 : finale 3000 m steeple F<\/strong><\/p>\n<p><strong>19h40 : finale 800 m F<\/strong><\/p>\n<p><strong>19h50 : finale lancer du poids H<\/strong><\/p>\n<p><strong>19h55 :<\/strong> heptathlon &#8211; 200 m<\/p>\n<p><strong>20h40 : finale 200 m H<\/strong><\/p>\n<p><strong>21h : finale 200 m F<\/strong><\/p>\n<\/div>\n<div class=\"su-tabs-pane su-u-clearfix su-u-trim\" data-title=\"Dimanche 20 juillet\">\n<p><strong>10h :<\/strong> heptathlon &#8211; saut en longueur<\/p>\n<p><strong>10h05 :<\/strong> s\u00e9ries relais 4 X 400 m F<\/p>\n<p><strong>10h30 :<\/strong> s\u00e9ries relais 4 X 400 m H<\/p>\n<p><strong>10h40 : finale saut \u00e0 la perche F<\/strong><\/p>\n<p><strong>11h10 : finale 10 000 m marche H<br \/>\n<\/strong><\/p>\n<p><strong>11h20 : <\/strong>heptathlon &#8211; lancer du javelot A<\/p>\n<p><strong>11h30 : finale triple saut H<\/strong><\/p>\n<p><strong>12h15 : <\/strong>s\u00e9ries relais 4 X 100 m F<strong>\u00a0<\/strong><\/p>\n<p><strong>12h32 :<\/strong> s\u00e9ries relais 4 X 100 m H<\/p>\n<p><strong>12h35 : <\/strong>heptathlon &#8211; lancer du javelot B<\/p>\n<p><strong>13h05 : finale 3000 m steeple H<\/strong><\/p>\n<p>&nbsp;<\/p>\n<p><strong>15h35 :<\/strong> <strong>finale lancer du marteau H<\/strong><\/p>\n<p><strong>16h15 : finale 1500 m F<\/strong><em><br \/>\n<\/em><\/p>\n<p><strong>16h25 : finale saut en hauteur H<\/strong><\/p>\n<p><strong>16h35 :<\/strong> <strong>finale 5000 m F<\/strong><\/p>\n<p><strong>17h : finale 800 m H\u00a0<\/strong><\/p>\n<p><strong>17h15 : finale saut en longueur F<\/strong><\/p>\n<p><strong>17h25 : finale relais 4 X 100 m F<\/strong><\/p>\n<p><strong>17h50 : finale relais 4 X 100 m H<\/strong><\/p>\n<p><strong>18h20 : finale lancer du disque F<\/strong><\/p>\n<p><strong>18h25 : heptathlon &#8211; 800 m\u00a0\u00a0<\/strong><\/p>\n<p><strong>19h15 : finale relais 4 X 400 m F<br \/>\n<\/strong><\/p>\n<p><strong>19h40 : finale relais 4 X 400 m H<\/strong><em><br \/>\n<\/em><\/p>\n<p style=\"text-align: justify;\"><\/div><\/div><\/div>\n<p><a href=\"https:\/\/worldathletics.org\/competition\/calendar-results\/results\/7173260\" target=\"_blank\" rel=\"noopener\"><span style=\"font-size: 20px;\"><strong>Tous les r\u00e9sultats<\/strong><\/span><\/a><\/p>\n<p>&nbsp;<\/p>\n<h2>Les m\u00e9daill\u00e9s<\/h2>\n<h3 style=\"text-align: justify;\">Femmes<\/h3>\n<div class=\"su-table su-table-alternate\">\n<table style=\"width: 800px;border-collapse: collapse\">\n<tbody>\n<tr>\n<td style=\"text-align: center;width: 200px;vertical-align: middle\"><strong>\u00c9preuves<\/strong><\/td>\n<td style=\"background-color: #fff242;text-align: center;width: 200px;vertical-align: middle\"><strong>\ud83e\udd47 Or<\/strong><\/td>\n<td style=\"background-color: #a8a8a8;text-align: center;width: 200px;vertical-align: middle\"><strong>\ud83e\udd48 Argent<\/strong><\/td>\n<td style=\"background-color: #c97159;text-align: center;width: 200px;vertical-align: middle\"><strong>\ud83e\udd49 Bronze<\/strong><\/td>\n<\/tr>\n<tr>\n<td style=\"text-align: center;width: 200px;vertical-align: middle\"><strong>100 m<br \/>\n<a href=\"https:\/\/worldathletics.org\/competition\/calendar-results\/results\/7173260?eventId=10229509&amp;gender=W\" target=\"_blank\" rel=\"noopener\"><span style=\"font-size: 12px\"><em>Classement<\/em><\/span><\/a><\/strong><\/td>\n<td style=\"text-align: center;width: 200px;vertical-align: middle\">\ud83c\udde8\ud83c\uddff\u00a0<strong>Karolina Manasova<br \/>\n11.30<\/strong><\/td>\n<td style=\"text-align: center;width: 200px;vertical-align: middle\">\ud83c\uddec\ud83c\udde7 Nia Weddeburn-Goodison<br \/>\n11.38<\/td>\n<td style=\"text-align: center;width: 200px;vertical-align: middle\">\ud83c\uddec\ud83c\uddf7 Polyniki Emmanouilidou<br \/>\n11.44<\/td>\n<\/tr>\n<tr>\n<td style=\"text-align: center;width: 200px;vertical-align: middle\"><strong>200 m<br \/>\n<a href=\"https:\/\/worldathletics.org\/competition\/calendar-results\/results\/7173260?eventId=10229510&amp;gender=W\" target=\"_blank\" rel=\"noopener\"><span style=\"font-size: 12px\"><em>Classement<\/em><\/span><\/a><br \/>\n<\/strong><\/td>\n<td style=\"text-align: center;width: 200px;vertical-align: middle\">\ud83c\uddec\ud83c\udde7\u00a0<strong>Success Eduan<br \/>\n22.74 SB<\/strong><\/td>\n<td style=\"text-align: center;width: 200px;vertical-align: middle\">\ud83c\uddf3\ud83c\uddf4 Henriette J\u00e6ger<br \/>\n22.78 <strong>SB<\/strong><\/td>\n<td style=\"text-align: center;width: 200px;vertical-align: middle\">\ud83c\uddf8\ud83c\uddea Nora Lindahl<br \/>\n22.92 <strong>SB<\/strong><\/td>\n<\/tr>\n<tr>\n<td style=\"text-align: center;width: 200px;vertical-align: middle\"><strong>400 m<br \/>\n<a href=\"https:\/\/worldathletics.org\/competition\/calendar-results\/results\/7173260?eventId=10229511&amp;gender=W\"><span style=\"font-size: 12px\"><em>Classement<\/em><\/span><\/a><br \/>\n<\/strong><\/td>\n<td style=\"width: 200px;text-align: center\">\ud83c\uddf3\ud83c\uddf4 <strong>Henriette J\u00e6ger<br \/>\n49.74 CR<\/strong><\/td>\n<td style=\"width: 200px;text-align: center\">\ud83c\uddec\ud83c\udde7 Yemi Mary John<br \/>\n50.50 <strong>PB<\/strong><\/td>\n<td style=\"width: 200px;text-align: center\">\ud83c\uddeb\ud83c\uddf7 <a href=\"https:\/\/dicodusport.fr\/blog\/championnats-deurope-espoirs-dathletisme-2025-alexe-deau-en-bronze-sur-le-400-metres\/\" target=\"_blank\" rel=\"noopener\">Alexe D\u00e9au<\/a><br \/>\n50.94 <strong>PB<\/strong><\/td>\n<\/tr>\n<tr>\n<td style=\"text-align: center;width: 200px;vertical-align: middle\"><strong>800 m<br \/>\n<a href=\"https:\/\/worldathletics.org\/competition\/calendar-results\/results\/7173260?eventId=10229512&amp;gender=W\"><span style=\"font-size: 12px\"><em>Classement<\/em><\/span><\/a><br \/>\n<\/strong><\/td>\n<td style=\"text-align: center;width: 200px;vertical-align: middle\">\ud83c\udde8\ud83c\udded\u00a0<strong>Audrey Werro<br \/>\n1:57.42 CR<\/strong><\/td>\n<td style=\"text-align: center;width: 200px;vertical-align: middle\"><strong>\ud83c\uddea\ud83c\uddf8<\/strong> Rocio Arroyo<br \/>\n1:59.18 <strong>NU23R<\/strong><\/td>\n<td style=\"text-align: center;width: 200px;vertical-align: middle\">\ud83c\uddec\ud83c\udde7 Abigail Ives<br \/>\n1:59.77<\/td>\n<\/tr>\n<tr>\n<td style=\"text-align: center;width: 200px;vertical-align: middle\"><strong>1500 m<br \/>\n<a href=\"https:\/\/worldathletics.org\/competition\/calendar-results\/results\/7173260?eventId=10229513&amp;gender=W\"><span style=\"font-size: 12px\"><em>Classement<\/em><\/span><\/a><br \/>\n<\/strong><\/td>\n<td style=\"text-align: center;width: 200px;vertical-align: middle\">\ud83c\uddf9\ud83c\uddf7 <strong>Dilek Ko\u00e7ak<\/strong><br \/>\n<strong>4:08.79 SB<\/strong><\/td>\n<td style=\"text-align: center;width: 200px;vertical-align: middle\">\ud83c\uddeb\ud83c\uddf7 <a title=\"Championnats d\u2019Europe espoirs d\u2019athl\u00e9tisme 2025 : Ad\u00e8le Gay en argent au 1500 m\" href=\"https:\/\/dicodusport.fr\/blog\/championnats-deurope-espoirs-dathletisme-2025-adele-gay-en-argent-au-1500-m\/\" target=\"_blank\" rel=\"noopener\">Ad\u00e8le Gay<\/a><br \/>\n4:08.89<\/td>\n<td style=\"text-align: center;width: 200px;vertical-align: middle\">\ud83c\uddee\ud83c\uddea Elmear Maher<br \/>\n4:09.54<\/td>\n<\/tr>\n<tr>\n<td style=\"text-align: center;width: 200px;vertical-align: middle\"><strong>5000 m<br \/>\n<a href=\"https:\/\/worldathletics.org\/competition\/calendar-results\/results\/7173260?eventId=10229514&amp;gender=W\"><span style=\"font-size: 12px\"><em>Classement<\/em><\/span><\/a><br \/>\n<\/strong><\/td>\n<td style=\"text-align: center;width: 200px;vertical-align: middle\"><strong>\ud83c\uddea\ud83c\uddf8<\/strong>\u00a0<strong>Maria Forero<br \/>\n15:43.44<\/strong><\/td>\n<td style=\"text-align: center;width: 200px;vertical-align: middle\">\ud83c\udde9\ud83c\uddea Vanessa Mikitenko<br \/>\n15:51.97<\/td>\n<td style=\"text-align: center;width: 200px;vertical-align: middle\">\ud83c\uddee\ud83c\uddea Anika Thompason<br \/>\n15:56.80<\/td>\n<\/tr>\n<tr>\n<td style=\"text-align: center;width: 200px;vertical-align: middle\"><strong>10 000 m<br \/>\n<a href=\"https:\/\/worldathletics.org\/competition\/calendar-results\/results\/7173260?eventId=10229521&amp;gender=W\"><span style=\"font-size: 12px\"><em>Classement<\/em><\/span><\/a><br \/>\n<\/strong><\/td>\n<td style=\"text-align: center;width: 200px;vertical-align: middle\">\ud83c\uddee\ud83c\uddea\u00a0<strong>Anika Thompson<br \/>\n32:31.47 NU23R<\/strong><\/td>\n<td style=\"text-align: center;width: 200px;vertical-align: middle\">\ud83c\udde9\ud83c\uddea Kira Weis<br \/>\n32:36.52 <strong>PB<\/strong><\/td>\n<td style=\"text-align: center;width: 200px;vertical-align: middle\">\ud83c\udde9\ud83c\uddea Carolina Sch\u00e4fer<br \/>\n33:04.43 <strong>PB<\/strong><\/td>\n<\/tr>\n<tr>\n<td style=\"text-align: center;width: 200px;vertical-align: middle\"><strong>100 m haies<br \/>\n<a href=\"https:\/\/worldathletics.org\/competition\/calendar-results\/results\/7173260?eventId=10229522&amp;gender=W\"><span style=\"font-size: 12px\"><em>Classement<\/em><\/span><\/a><br \/>\n<\/strong><\/td>\n<td style=\"text-align: center;width: 200px;vertical-align: middle\">\ud83c\uddf5\ud83c\uddf1\u00a0<strong>Alicja Sielska<br \/>\n12.91<\/strong><\/td>\n<td style=\"text-align: center;width: 200px;vertical-align: middle\">\ud83c\udded\ud83c\uddfa Anna Toth<br \/>\n13.02<\/td>\n<td style=\"text-align: center;width: 200px;vertical-align: middle\">\ud83c\uddf8\ud83c\uddf0 Terezea Corejova<br \/>\n13.05<\/td>\n<\/tr>\n<tr>\n<td style=\"text-align: center;width: 200px;vertical-align: middle\"><strong>400 m haies<br \/>\n<a href=\"https:\/\/worldathletics.org\/competition\/calendar-results\/results\/7173260?eventId=10229523&amp;gender=W\"><span style=\"font-size: 12px\"><em>Classement<\/em><\/span><\/a><br \/>\n<\/strong><\/td>\n<td style=\"width: 200px;text-align: center\">\ud83c\uddec\ud83c\udde7\u00a0<strong>Emily Newnham<br \/>\n54.08 CR PB<\/strong><\/td>\n<td style=\"width: 200px;text-align: center\">\ud83c\udde9\ud83c\uddea Vanessa Bald\u00e9<br \/>\n55.36 <strong>PB<\/strong><\/td>\n<td style=\"width: 200px;text-align: center\">\ud83c\udde9\ud83c\uddea Vivienne Morgenstern<br \/>\n55.45 <strong>PB<\/strong><\/td>\n<\/tr>\n<tr>\n<td style=\"text-align: center;width: 200px;vertical-align: middle\"><strong>3000 m steeple<br \/>\n<a href=\"https:\/\/worldathletics.org\/competition\/calendar-results\/results\/7173260?eventId=10229524&amp;gender=W\"><span style=\"font-size: 12px\"><em>Classement<\/em><\/span><\/a><br \/>\n<\/strong><\/td>\n<td style=\"text-align: center;width: 200px;vertical-align: middle\">\ud83c\uddeb\ud83c\uddee\u00a0<strong>Ilona Mononen<br \/>\n9:30.49<\/strong><\/td>\n<td style=\"text-align: center;width: 200px;vertical-align: middle\"><strong>\ud83c\uddea\ud83c\uddf8 Marta Serrano<br \/>\n9:30.74<\/strong><\/td>\n<td style=\"text-align: center;width: 200px;vertical-align: middle\">\ud83c\udde9\ud83c\uddea Adia Budde<br \/>\n9:32.14 <strong>PB<\/strong><\/td>\n<\/tr>\n<tr>\n<td style=\"text-align: center;width: 200px;vertical-align: middle\"><strong>10 000 m marche<br \/>\n<a href=\"https:\/\/worldathletics.org\/competition\/calendar-results\/results\/7173260?eventId=10229639&amp;gender=W\" target=\"_blank\" rel=\"noopener\"><span style=\"font-size: 12px\"><em>Classement<\/em><\/span><\/a><br \/>\n<\/strong><\/td>\n<td style=\"text-align: center;width: 200px;vertical-align: middle\">\ud83c\uddee\ud83c\uddf9\u00a0<strong>Alexandrina Mihai<br \/>\n43:49.55 PB<\/strong><\/td>\n<td style=\"text-align: center;width: 200px;vertical-align: middle\">\ud83c\uddeb\ud83c\uddf7 <a href=\"https:\/\/dicodusport.fr\/blog\/championnats-deurope-espoirs-dathletisme-2025-ana-delahaie-en-argent-sur-10-000-m-marche\/\" target=\"_blank\" rel=\"noopener\">Ana Delahaie<\/a><br \/>\n44:07.59 <strong>PB<\/strong><\/td>\n<td style=\"text-align: center;width: 200px;vertical-align: middle\">\ud83c\uddee\ud83c\uddf9 Giulia Gabriele<br \/>\n44:19.31<\/td>\n<\/tr>\n<tr>\n<td style=\"text-align: center;width: 200px;vertical-align: middle\"><strong>4 X 100 m<br \/>\n<a href=\"https:\/\/worldathletics.org\/competition\/calendar-results\/results\/7173260?eventId=204594&amp;gender=W\"><span style=\"font-size: 12px\"><em>Classement<\/em><\/span><\/a><br \/>\n<\/strong><\/td>\n<td style=\"text-align: center;width: 200px;vertical-align: middle\">\ud83c\uddec\ud83c\udde7 <strong>Grande-Bretagne &amp; Irlande du nord<br \/>\n42.92 CR SB<br \/>\n<span style=\"font-size: 12px\">Nia Wedderburn-Goodison<\/span><br \/>\n<span style=\"font-size: 12px\">Kissiwaa Mensah<\/span><br \/>\n<span style=\"font-size: 12px\">Alyson Bell<\/span><br \/>\n<span style=\"font-size: 12px\">Success Eduan<\/span><\/strong><\/td>\n<td style=\"text-align: center;width: 200px;vertical-align: middle\">\ud83c\udde8\ud83c\udded Suisse<br \/>\n43.39 <strong>NU23R<br \/>\n<\/strong><span style=\"font-size: 12px\">Chlo\u00e9 Rabac<\/span><br \/>\n<span style=\"font-size: 12px\">Emma van Camp<\/span><br \/>\n<span style=\"font-size: 12px\">Fabienne Hoenke<\/span><br \/>\n<span style=\"font-size: 12px\">Soraya Becerra<\/span><\/td>\n<td style=\"text-align: center;width: 200px;vertical-align: middle\">\ud83c\udde9\ud83c\uddea Allemagne<br \/>\n43.75<br \/>\n<span style=\"font-size: 12px\">Viola John<\/span><br \/>\n<span style=\"font-size: 12px\">Holly Okuku<\/span><br \/>\n<span style=\"font-size: 12px\">Jolina Ernst<\/span><br \/>\n<span style=\"font-size: 12px\">Chelsea Kadiri<\/span><\/td>\n<\/tr>\n<tr>\n<td style=\"text-align: center;width: 200px;vertical-align: middle\"><strong>4 X 400 m<br \/>\n<a href=\"https:\/\/worldathletics.org\/competition\/calendar-results\/results\/7173260?eventId=204596&amp;gender=W\"><span style=\"font-size: 12px\"><em>Classement<\/em><\/span><\/a><br \/>\n<\/strong><\/td>\n<td style=\"text-align: center;width: 200px;vertical-align: middle\">\ud83c\uddec\ud83c\udde7 <strong>Grande-Bretagne &amp; Irlande du nord<br \/>\n3:26.52 CR EU23R<br \/>\n<span style=\"font-size: 12px\">Rebecca Grieve<\/span><br \/>\n<span style=\"font-size: 12px\">Emily Newnham<\/span><br \/>\n<span style=\"font-size: 12px\">Poppy Malik<\/span><br \/>\n<span style=\"font-size: 12px\">Yemi Mary John<\/span><\/strong><\/td>\n<td style=\"text-align: center;width: 200px;vertical-align: middle\">\ud83c\uddea\ud83c\uddf8 Espagne<br \/>\n3:28.06<strong> NU23R<\/strong><br \/>\n<span style=\"font-size: 12px\">Natalia Rojas<\/span><br \/>\n<span style=\"font-size: 12px\">Ana Prieto<\/span><br \/>\n<span style=\"font-size: 12px\">Berta Segura<\/span><br \/>\n<span style=\"font-size: 12px\">Rocio Arroyo<\/span><\/td>\n<td style=\"text-align: center;width: 200px;vertical-align: middle\">\ud83c\uddeb\ud83c\uddf7\u00a0<a title=\"Athl\u00e9tisme : Le relais 4x400m f\u00e9minin fran\u00e7ais m\u00e9daill\u00e9e de bronze des Championnats d\u2019Europe espoirs\" href=\"https:\/\/dicodusport.fr\/blog\/athletisme-le-relais-4x400m-feminin-medaillee-de-bronze-des-championnats-deurope-espoirs\/\" target=\"_blank\" rel=\"noopener\">France<\/a><br \/>\n3:28.37 <strong>NU23R<br \/>\n<\/strong><span style=\"font-size: 12px\">Laure-Anne Faleme<\/span><br \/>\n<span style=\"font-size: 12px\">Lou-Anne Pouzancre Hoyer<\/span><br \/>\n<span style=\"font-size: 12px\">Benedetta Kouakou<\/span><br \/>\n<span style=\"font-size: 12px\">Alexe D\u00e9au<\/span><\/td>\n<\/tr>\n<tr>\n<td style=\"text-align: center;width: 200px;vertical-align: middle\"><strong>Saut en hauteur<br \/>\n<a href=\"https:\/\/worldathletics.org\/competition\/calendar-results\/results\/7173260?eventId=10229526&amp;gender=W\"><span style=\"font-size: 12px\"><em>Classement<\/em><\/span><\/a><br \/>\n<\/strong><\/td>\n<td style=\"text-align: center;width: 200px;vertical-align: middle\">\ud83c\uddf7\ud83c\uddf8\u00a0<strong>Angelina Topic<br \/>\n1.95 m<\/strong><\/td>\n<td style=\"text-align: center;width: 200px;vertical-align: middle\">\ud83c\uddf8\ud83c\uddea Engla Nilsson<br \/>\n1.93 m<\/td>\n<td style=\"text-align: center;width: 200px;vertical-align: middle\">\ud83c\udde9\ud83c\uddea Joana Herrmann<br \/>\n1.91 m <strong>PB<\/strong><\/td>\n<\/tr>\n<tr>\n<td style=\"text-align: center;width: 200px;vertical-align: middle\"><strong>Saut \u00e0 la perche<br \/>\n<a href=\"https:\/\/worldathletics.org\/competition\/calendar-results\/results\/7173260?eventId=10229527&amp;gender=W\"><span style=\"font-size: 12px\"><em>Classement<\/em><\/span><\/a><br \/>\n<\/strong><\/td>\n<td style=\"text-align: center;width: 200px;vertical-align: middle\">\ud83c\udde8\ud83c\uddff\u00a0<strong>Viktorie Ondrova<br \/>\n4.45 m PB<\/strong><\/td>\n<td style=\"text-align: center;width: 200px;vertical-align: middle\">\ud83c\uddf1\ud83c\uddf9 Rugile Miklyciute<br \/>\n4.35 m <strong>NR NU23R<\/strong><\/td>\n<td style=\"text-align: center;width: 200px;vertical-align: middle\">\ud83c\udde9\ud83c\uddea Chiara Sistermann<br \/>\n4.35 m <strong>=PB<\/strong><\/td>\n<\/tr>\n<tr>\n<td style=\"text-align: center;width: 200px;vertical-align: middle\"><strong>Saut en longueur<br \/>\n<a href=\"https:\/\/worldathletics.org\/competition\/calendar-results\/results\/7173260?eventId=10229528&amp;gender=W\"><span style=\"font-size: 12px\"><em>Classement<\/em><\/span><\/a><br \/>\n<\/strong><\/td>\n<td style=\"text-align: center;width: 200px;vertical-align: middle\">\ud83c\uddf7\ud83c\uddf4\u00a0<strong>Ramona Elena Verman<br \/>\n6.60 m PB<\/strong><\/td>\n<td style=\"text-align: center;width: 200px;vertical-align: middle\">\ud83c\udde9\ud83c\uddea Samira Attermeyer<br \/>\n6.58 m <strong>PB<\/strong><\/td>\n<td style=\"text-align: center;width: 200px;vertical-align: middle\">\ud83c\uddf3\ud83c\uddf4 Ida Andrea Breigan<br \/>\n6.58 m<\/td>\n<\/tr>\n<tr>\n<td style=\"text-align: center;width: 200px;vertical-align: middle\"><strong>Triple saut<br \/>\n<a href=\"https:\/\/worldathletics.org\/competition\/calendar-results\/results\/7173260?eventId=10229529&amp;gender=W\" target=\"_blank\" rel=\"noopener\"><span style=\"font-size: 12px\"><em>Classement<\/em><\/span><\/a><br \/>\n<\/strong><\/td>\n<td style=\"text-align: center;width: 200px;vertical-align: middle\">\ud83c\uddf7\ud83c\uddf4\u00a0<strong>Alexia Ioana Dospin<br \/>\n14.05 m PB<\/strong><\/td>\n<td style=\"text-align: center;width: 200px;vertical-align: middle\">\ud83c\uddeb\ud83c\uddf7 <a title=\"Championnats d\u2019Europe espoirs d\u2019athl\u00e9tisme 2025 : Cl\u00e9mence Rougier en argent au triple saut\" href=\"https:\/\/dicodusport.fr\/blog\/championnats-deurope-espoirs-dathletisme-2025-clemence-rougier-en-argent-au-triple-saut\/\" target=\"_blank\" rel=\"noopener\">Cl\u00e9mence Rougier<\/a><br \/>\n13.93 m<\/td>\n<td style=\"text-align: center;width: 200px;vertical-align: middle\">\ud83c\uddf7\ud83c\uddf8 Aleksandrija Mitrovic<br \/>\n13.84 m<\/td>\n<\/tr>\n<tr>\n<td style=\"text-align: center;width: 200px;vertical-align: middle\"><strong>Lancer du poids<br \/>\n<a href=\"https:\/\/worldathletics.org\/competition\/calendar-results\/results\/7173260?eventId=10229530&amp;gender=W\" target=\"_blank\" rel=\"noopener\"><span style=\"font-size: 12px\"><em>Classement<\/em><\/span><\/a><br \/>\n<\/strong><\/td>\n<td style=\"text-align: center;width: 200px;vertical-align: middle\">\ud83c\udde9\ud83c\uddea\u00a0<strong>Nina Chioma Ndubuisi<br \/>\n17.73 m<\/strong><\/td>\n<td style=\"text-align: center;width: 200px;vertical-align: middle\">\ud83c\udde9\ud83c\uddea Jolina Lange<br \/>\n17.04 m <strong>PB<\/strong><\/td>\n<td style=\"text-align: center;width: 200px;vertical-align: middle\">\ud83c\udde9\ud83c\uddea Helena Kopp<br \/>\n16.90 m <strong>PB<\/strong><\/td>\n<\/tr>\n<tr>\n<td style=\"text-align: center;width: 200px;vertical-align: middle\"><strong>Lancer du javelot<br \/>\n<a href=\"https:\/\/worldathletics.org\/competition\/calendar-results\/results\/7173260?eventId=10229533&amp;gender=W\"><span style=\"font-size: 12px\"><em>Classement<\/em><\/span><\/a><br \/>\n<\/strong><\/td>\n<td style=\"text-align: center;width: 200px;vertical-align: middle\">\ud83c\uddf7\ud83c\uddf8\u00a0<strong>Adriana Vilagos<br \/>\n62.41 m<\/strong><\/td>\n<td style=\"text-align: center;width: 200px;vertical-align: middle\">\ud83c\udde8\ud83c\uddff Petra Sicakova<br \/>\n58.14 m<\/td>\n<td style=\"text-align: center;width: 200px;vertical-align: middle\">\ud83c\udde9\ud83c\uddea Mirja Lukas<br \/>\n57.22<\/td>\n<\/tr>\n<tr>\n<td style=\"text-align: center;width: 200px;vertical-align: middle\"><strong>Lancer du disque<br \/>\n<a href=\"https:\/\/worldathletics.org\/competition\/calendar-results\/results\/7173260?eventId=10229531&amp;gender=W\"><span style=\"font-size: 12px\"><em>Classement<\/em><\/span><\/a><br \/>\n<\/strong><\/td>\n<td style=\"text-align: center;width: 200px;vertical-align: middle\">\ud83c\uddea\ud83c\uddf8\u00a0<strong>Ines Lopez<br \/>\n58.20 m NU23R<\/strong><\/td>\n<td style=\"text-align: center;width: 200px;vertical-align: middle\">\ud83c\uddee\ud83c\uddf9 Benedetta Benedetti<br \/>\n56.98 m <strong>PB<\/strong><\/td>\n<td style=\"text-align: center;width: 200px;vertical-align: middle\">\ud83c\udde9\ud83c\uddea Milina Wepiwe<br \/>\n56.82 m<\/td>\n<\/tr>\n<tr>\n<td style=\"text-align: center;width: 200px;vertical-align: middle\"><strong>Lancer du marteau<br \/>\n<a href=\"https:\/\/worldathletics.org\/competition\/calendar-results\/results\/7173260?eventId=10229532&amp;gender=W\"><span style=\"font-size: 12px\"><em>Classement<\/em><\/span><\/a><br \/>\n<\/strong><\/td>\n<td style=\"width: 200px;text-align: center\">\ud83c\udde9\ud83c\uddea <strong>Aileen Kuhn<br \/>\n72.53 m PB<\/strong><\/td>\n<td style=\"width: 200px;text-align: center\">\ud83c\uddee\ud83c\uddea\u00a0Nicola Tuthill<br \/>\n70.90 m<\/td>\n<td style=\"width: 200px;text-align: center\">\ud83c\udde8\ud83c\uddfe Valentina Savva<br \/>\n70.22 m <strong>NR NU23R<\/strong><\/td>\n<\/tr>\n<tr>\n<td style=\"text-align: center;width: 200px;vertical-align: middle\"><strong>Heptathlon<br \/>\n<a href=\"https:\/\/worldathletics.org\/competition\/calendar-results\/results\/7173260?eventId=10229536&amp;gender=W\" target=\"_blank\" rel=\"noopener\"><span style=\"font-size: 12px\"><em>Classement<\/em><\/span><\/a><br \/>\n<\/strong><\/td>\n<td style=\"text-align: center;width: 200px;vertical-align: middle\">\ud83c\uddeb\ud83c\uddee<strong> Saga Vanninen<br \/>\n6563 pts CR NR NU23R<\/strong><\/td>\n<td style=\"text-align: center;width: 200px;vertical-align: middle\">\ud83c\uddec\ud83c\udde7 Abigail Pawlett<br \/>\n6320 pts <strong>PB<\/strong><\/td>\n<td style=\"text-align: center;width: 200px;vertical-align: middle\">\ud83c\udde9\ud83c\uddea Serina Riedel<br \/>\n6183 pts<\/td>\n<\/tr>\n<\/tbody>\n<\/table>\n<\/div>\n<p><em><span style=\"font-size: 14px;\">NR : Record national<\/span><br \/>\n<span style=\"font-size: 14px;\">NU23R : Record national espoirs<\/span><br \/>\n<span style=\"font-size: 14px;\">CR : Record des Championnats<\/span><br \/>\n<span style=\"font-size: 14px;\">PB : Record personnel<\/span><br \/>\n<\/em><\/p>\n<p>&nbsp;<\/p>\n<h3 style=\"text-align: justify;\">Hommes<\/h3>\n<div class=\"su-table su-table-alternate\">\n<table style=\"width: 800px;border-collapse: collapse\">\n<tbody>\n<tr>\n<td style=\"text-align: center;width: 200px;vertical-align: middle\"><strong>\u00c9preuves<\/strong><\/td>\n<td style=\"background-color: #fff242;text-align: center;width: 200px;vertical-align: middle\"><strong>\ud83e\udd47 Or<\/strong><\/td>\n<td style=\"background-color: #a8a8a8;text-align: center;width: 200px;vertical-align: middle\"><strong>\ud83e\udd48 Argent<\/strong><\/td>\n<td style=\"background-color: #c97159;text-align: center;width: 200px;vertical-align: middle\"><strong>\ud83e\udd49 Bronze<\/strong><\/td>\n<\/tr>\n<tr>\n<td style=\"text-align: center;width: 200px;vertical-align: middle\"><strong>100 m<br \/>\n<a href=\"https:\/\/worldathletics.org\/competition\/calendar-results\/results\/7173260?eventId=10229630&amp;gender=M\"><span style=\"font-size: 12px\"><em>Classement<\/em><\/span><\/a><\/strong><\/td>\n<td style=\"text-align: center;width: 200px;vertical-align: middle\">\ud83c\uddeb\ud83c\uddf7\u00a0<strong><a title=\"Championnats d\u2019Europe espoirs d\u2019athl\u00e9tisme 2025 : Jeff Erius en or sur 100 m\u00e8tres !\" href=\"https:\/\/dicodusport.fr\/blog\/championnats-deurope-espoirs-dathletisme-2025-jeff-erius-en-or-sur-100-metres\/\" target=\"_blank\" rel=\"noopener\">Jeff Erius<\/a><br \/>\n10.28<\/strong><\/td>\n<td style=\"text-align: center;width: 200px;vertical-align: middle\">\ud83c\uddf3\ud83c\uddf1 Nsikak Ekpo<br \/>\n10.30<\/td>\n<td style=\"text-align: center;width: 200px;vertical-align: middle\"><strong>\ud83c\uddea\ud83c\uddf8<\/strong> Abel Jordan<br \/>\n10.31<\/td>\n<\/tr>\n<tr>\n<td style=\"text-align: center;width: 200px;vertical-align: middle\"><strong>200 m<br \/>\n<a href=\"https:\/\/worldathletics.org\/competition\/calendar-results\/results\/7173260?eventId=10229605&amp;gender=M\"><span style=\"font-size: 12px\"><em>Classement<\/em><\/span><\/a><br \/>\n<\/strong><\/td>\n<td style=\"text-align: center;width: 200px;vertical-align: middle\">\ud83c\uddee\ud83c\uddf1 <strong>Blessing Akwasi Afrifah<br \/>\n20.64<\/strong><\/td>\n<td style=\"text-align: center;width: 200px;vertical-align: middle\">\ud83c\uddee\ud83c\uddf9 Damiano Dentato<br \/>\n20.69<\/td>\n<td style=\"text-align: center;width: 200px;vertical-align: middle\">\ud83c\uddea\ud83c\uddf8 Jaime Sancho<br \/>\n20.76<\/td>\n<\/tr>\n<tr>\n<td style=\"text-align: center;width: 200px;vertical-align: middle\"><strong>400 m<br \/>\n<a href=\"https:\/\/worldathletics.org\/competition\/calendar-results\/results\/7173260?eventId=10229631&amp;gender=M\"><span style=\"font-size: 12px\"><em>Classement<\/em><\/span><\/a><br \/>\n<\/strong><\/td>\n<td style=\"width: 200px;text-align: center\">\ud83c\uddf3\ud83c\uddf1\u00a0<strong>Jonas Phijffers<br \/>\n44.82 CR NU23R<\/strong><\/td>\n<td style=\"width: 200px;text-align: center\">\ud83c\uddec\ud83c\udde7 Maksymilian Szwed<br \/>\n45.28<\/td>\n<td style=\"width: 200px;text-align: center\">\ud83c\uddf5\ud83c\uddf1 Brodie Young<br \/>\n45.34 <strong>PB<\/strong><\/td>\n<\/tr>\n<tr>\n<td style=\"text-align: center;width: 200px;vertical-align: middle\"><strong>800 m<br \/>\n<a href=\"https:\/\/worldathletics.org\/competition\/calendar-results\/results\/7173260?eventId=10229501&amp;gender=M\"><span style=\"font-size: 12px\"><em>Classement<\/em><\/span><\/a><br \/>\n<\/strong><\/td>\n<td style=\"text-align: center;width: 200px;vertical-align: middle\">\ud83c\uddf3\ud83c\uddf1 <strong>Niels Laros<br \/>\n1:44.36<\/strong><\/td>\n<td style=\"text-align: center;width: 200px;vertical-align: middle\">\ud83c\uddec\ud83c\udde7 Justin Davies<br \/>\n1:44.97<\/td>\n<td style=\"text-align: center;width: 200px;vertical-align: middle\">\ud83c\uddee\ud83c\uddf9 Giovanni Lazzaro<br \/>\n1:44.98<\/td>\n<\/tr>\n<tr>\n<td style=\"text-align: center;width: 200px;vertical-align: middle\"><strong>1500 m<br \/>\n<a href=\"https:\/\/worldathletics.org\/competition\/calendar-results\/results\/7173260?eventId=10229502&amp;gender=M\"><span style=\"font-size: 12px\"><em>Classement<\/em><\/span><\/a><br \/>\n<\/strong><\/td>\n<td style=\"text-align: center;width: 200px;vertical-align: middle\">\ud83c\uddf3\ud83c\uddf1 <strong>Stefan Nillessen<br \/>\n3:44.87<\/strong><\/td>\n<td style=\"text-align: center;width: 200px;vertical-align: middle\">\ud83c\uddeb\ud83c\uddf7 <a href=\"https:\/\/dicodusport.fr\/blog\/championnats-deurope-espoirs-dathletisme-2025-paul-anselmini-en-argent-sur-1500-m\/\" target=\"_blank\" rel=\"noopener\">Paul Anselmini<\/a><br \/>\n3:45.35<\/td>\n<td style=\"text-align: center;width: 200px;vertical-align: middle\">\ud83c\uddf5\ud83c\uddf1 Filip Rak<br \/>\n3:45.42<\/td>\n<\/tr>\n<tr>\n<td style=\"text-align: center;width: 200px;vertical-align: middle\"><strong>5000 m<br \/>\n<a href=\"https:\/\/worldathletics.org\/competition\/calendar-results\/results\/7173260?eventId=10229609&amp;gender=M\"><span style=\"font-size: 12px\"><em>Classement<\/em><\/span><\/a><br \/>\n<\/strong><\/td>\n<td style=\"text-align: center;width: 200px;vertical-align: middle\">\ud83c\uddf3\ud83c\uddf1\u00a0<strong>Niels Laros<br \/>\n13:44.74<\/strong><\/td>\n<td style=\"text-align: center;width: 200px;vertical-align: middle\">\ud83c\uddee\ud83c\uddea Nicholas Griggs<br \/>\n13:45.80<\/td>\n<td style=\"text-align: center;width: 200px;vertical-align: middle\">\ud83c\uddec\ud83c\udde7 Will Barnicoat<br \/>\n13:46.11<\/td>\n<\/tr>\n<tr>\n<td style=\"text-align: center;width: 200px;vertical-align: middle\"><strong>10 000 m<br \/>\n<a href=\"https:\/\/worldathletics.org\/competition\/calendar-results\/results\/7173260?eventId=10229610&amp;gender=M\" target=\"_blank\" rel=\"noopener\"><span style=\"font-size: 12px\"><em>Classement<\/em><\/span><\/a><br \/>\n<\/strong><\/td>\n<td style=\"text-align: center;width: 200px;vertical-align: middle\">\ud83c\udde9\ud83c\uddf0 <strong>Joel Ibler Liles\u00f8<\/strong><br \/>\n<strong>29:05.45 PB<\/strong><\/td>\n<td style=\"text-align: center;width: 200px;vertical-align: middle\">\ud83c\uddf8\ud83c\uddea Jonathan Grahn<br \/>\n29:05.49 PB<\/td>\n<td style=\"text-align: center;width: 200px;vertical-align: middle\"><strong>\ud83c\uddea\ud83c\uddf8<\/strong> Jaime Migallon<br \/>\n29:06.85<\/td>\n<\/tr>\n<tr>\n<td style=\"text-align: center;width: 200px;vertical-align: middle\"><strong>110 m haies<br \/>\n<a href=\"https:\/\/worldathletics.org\/competition\/calendar-results\/results\/7173260?eventId=10229611&amp;gender=M\"><span style=\"font-size: 12px\"><em>Classement<\/em><\/span><\/a><br \/>\n<\/strong><\/td>\n<td style=\"text-align: center;width: 200px;vertical-align: middle\">\ud83c\udde6\ud83c\uddf9 <strong>Enzo Diessl<\/strong><br \/>\n<strong>13.46<\/strong><\/td>\n<td style=\"text-align: center;width: 200px;vertical-align: middle\">\ud83c\udde7\ud83c\uddea Zeno van Neygen<br \/>\n13.54 <strong>PB<\/strong><\/td>\n<td style=\"text-align: center;width: 200px;vertical-align: middle\">\ud83c\udde7\ud83c\uddea Elie Bacari<br \/>\n13.56<\/td>\n<\/tr>\n<tr>\n<td style=\"text-align: center;width: 200px;vertical-align: middle\"><strong>400 m haies<br \/>\n<a href=\"https:\/\/worldathletics.org\/competition\/calendar-results\/results\/7173260?eventId=10229612&amp;gender=M\"><span style=\"font-size: 12px\"><em>Classement<\/em><\/span><\/a><br \/>\n<\/strong><\/td>\n<td style=\"width: 200px;text-align: center\">\ud83c\udde9\ud83c\uddea\u00a0<strong>Owe Fischer-Breiholz<br \/>\n48.01 CR PB<\/strong><\/td>\n<td style=\"width: 200px;text-align: center\">\ud83c\uddf9\ud83c\uddf7 Ismail Nezir<br \/>\n48.33 <strong>PB<\/strong><\/td>\n<td style=\"width: 200px;text-align: center\">\ud83c\uddf8\ud83c\uddee Matic Ian Gucek<br \/>\n48.34 <strong>=NR =NU23R<\/strong><\/td>\n<\/tr>\n<tr>\n<td style=\"text-align: center;width: 200px;vertical-align: middle\"><strong>3000 m steeple<br \/>\n<a href=\"https:\/\/worldathletics.org\/competition\/calendar-results\/results\/7173260?eventId=10229614&amp;gender=M\"><span style=\"font-size: 12px\"><em>Classement<\/em><\/span><\/a><br \/>\n<\/strong><\/td>\n<td style=\"text-align: center;width: 200px;vertical-align: middle\">\ud83c\uddf5\ud83c\uddf1\u00a0<strong>Maciej Megier<br \/>\n8:20.17 CR PB<\/strong><\/td>\n<td style=\"text-align: center;width: 200px;vertical-align: middle\">\ud83c\uddf3\ud83c\uddf1 Stefan Nillesen<br \/>\n8:20.48 <strong>NU23R<\/strong><\/td>\n<td style=\"text-align: center;width: 200px;vertical-align: middle\">\ud83c\uddf5\ud83c\uddf9 Louren\u00e7o Rodrigues<br \/>\n8:21.99 <strong>NU23R<\/strong><\/td>\n<\/tr>\n<tr>\n<td style=\"text-align: center;width: 200px;vertical-align: middle\"><strong>10 000 m marche<br \/>\n<a href=\"https:\/\/worldathletics.org\/competition\/calendar-results\/results\/7173260?eventId=10229637&amp;gender=M\"><span style=\"font-size: 12px\"><em>Classement<\/em><\/span><\/a><br \/>\n<\/strong><\/td>\n<td style=\"text-align: center;width: 200px;vertical-align: middle\">\ud83c\uddf9\ud83c\uddf7\u00a0<strong>Mazlum Demir<br \/>\n39:45.84 PB<\/strong><\/td>\n<td style=\"text-align: center;width: 200px;vertical-align: middle\">\ud83c\uddee\ud83c\uddf9 Emiliano Brigante<br \/>\n39:49.64<\/td>\n<td style=\"text-align: center;width: 200px;vertical-align: middle\">\ud83c\udde9\ud83c\uddea Frederick Weigel<br \/>\n40:00.90 <strong>PB<\/strong><\/td>\n<\/tr>\n<tr>\n<td style=\"text-align: center;width: 200px;vertical-align: middle\"><strong>4 X 100 m<br \/>\n<a href=\"https:\/\/worldathletics.org\/competition\/calendar-results\/results\/7173260?eventId=204593&amp;gender=M\"><span style=\"font-size: 12px\"><em>Classement<\/em><\/span><\/a><br \/>\n<\/strong><\/td>\n<td style=\"text-align: center;width: 200px;vertical-align: middle\">\ud83c\uddeb\ud83c\uddf7\u00a0<strong><a title=\"Athl\u00e9tisme : Les Bleus du 4\u00d7100 m masculin champions d\u2019Europe espoirs !\" href=\"https:\/\/dicodusport.fr\/blog\/athletisme-les-bleus-du-4x100-m-masculin-champions-deurope-espoirs\/\" target=\"_blank\" rel=\"noopener\">France<\/a><br \/>\n38.43 CR EU23R<br \/>\n<span style=\"font-size: 12px\">Maxime Rebierre<\/span><br \/>\n<span style=\"font-size: 12px\">Yoran Kabengele Kabala<\/span><br \/>\n<span style=\"font-size: 12px\">Mohammed Badru<\/span><br \/>\n<span style=\"font-size: 12px\">Jeff Erius<\/span><\/strong><\/td>\n<td style=\"text-align: center;width: 200px;vertical-align: middle\">\ud83c\udde9\ud83c\uddea Allemagne<br \/>\n38.80 <strong>SB<br \/>\n<\/strong><span style=\"font-size: 12px\">Benedikt Thomas Wallstein<\/span><br \/>\n<span style=\"font-size: 12px\">Jan Eric Frehe<\/span><br \/>\n<span style=\"font-size: 12px\">Maurice Grahl<\/span><br \/>\n<span style=\"font-size: 12px\">Heiko Gussmann<\/span><\/td>\n<td style=\"text-align: center;width: 200px;vertical-align: middle\">\ud83c\uddea\ud83c\uddf8 Espagne<br \/>\n38.86<strong> NU23R<br \/>\n<\/strong>Manuel Vilacha<br \/>\nAbel Jordan<br \/>\nJuan Carlos Castillo<br \/>\nMarc Escandell<\/td>\n<\/tr>\n<tr>\n<td style=\"text-align: center;width: 200px;vertical-align: middle\"><strong>4 X 400 m<br \/>\n<a href=\"https:\/\/worldathletics.org\/competition\/calendar-results\/results\/7173260?eventId=204595&amp;gender=M\"><span style=\"font-size: 12px\"><em>Classement<\/em><\/span><\/a><br \/>\n<\/strong><\/td>\n<td style=\"text-align: center;width: 200px;vertical-align: middle\">\ud83c\uddea\ud83c\uddf8 <strong>Espagne<br \/>\n3:02.02 CR EU23R<br \/>\n<span style=\"font-size: 12px\">David Garcia<\/span><br \/>\n<span style=\"font-size: 12px\">Angel Gonzalez<\/span><br \/>\n<span style=\"font-size: 12px\">Markel Fernandez<\/span><br \/>\n<span style=\"font-size: 12px\">Gerson Pozo<\/span><\/strong><\/td>\n<td style=\"text-align: center;width: 200px;vertical-align: middle\">\ud83c\uddeb\ud83c\uddf7 <a title=\"Athl\u00e9tisme : Le relais 4\u00d7400 m masculin fran\u00e7ais cl\u00f4ture les championnats d\u2019Europe espoirs avec la m\u00e9daille d\u2019argent\" href=\"https:\/\/dicodusport.fr\/blog\/athletisme-le-relais-4x400-m-masculin-francais-cloture-les-championnats-deurope-espoirs-avec-la-medaille-dargent\/\" target=\"_blank\" rel=\"noopener\">France<\/a><br \/>\n3:02.60 <strong>SB<\/strong><br \/>\n<span style=\"font-size: 12px\">F\u00e9lix Levasseur<\/span><br \/>\n<span style=\"font-size: 12px\">Maxime Wassmer<\/span><br \/>\n<span style=\"font-size: 12px\">Beno\u00eft Moudio Priso<\/span><br \/>\n<span style=\"font-size: 12px\">Allan Lacroix<\/span><\/td>\n<td style=\"text-align: center;width: 200px;vertical-align: middle\">\ud83c\udde9\ud83c\uddea Allemagne<br \/>\n3:02.83 <strong>SB<br \/>\n<\/strong><span style=\"font-size: 12px\">Thorben Finke<\/span><br \/>\n<span style=\"font-size: 12px\">Max Husemann<\/span><br \/>\n<span style=\"font-size: 12px\">Lukas Krappe<\/span><br \/>\n<span style=\"font-size: 12px\">Florian Kroll<\/span><\/td>\n<\/tr>\n<tr>\n<td style=\"text-align: center;width: 200px;vertical-align: middle\"><strong>Saut en hauteur<br \/>\n<a href=\"https:\/\/worldathletics.org\/competition\/calendar-results\/results\/7173260?eventId=10229615&amp;gender=M\"><span style=\"font-size: 12px\"><em>Classement<\/em><\/span><\/a><br \/>\n<\/strong><\/td>\n<td style=\"text-align: center;width: 200px;vertical-align: middle\">\ud83c\uddee\ud83c\uddf9\u00a0<strong>Matteo Sioli<br \/>\n2.30 m PB<\/strong><\/td>\n<td style=\"text-align: center;width: 200px;vertical-align: middle\">\ud83c\uddf5\ud83c\uddf1 Mikolaj Szczesny<br \/>\n2.26 m <strong>PB<\/strong><\/td>\n<td style=\"text-align: center;width: 200px;vertical-align: middle\">\ud83c\uddf8\ud83c\uddea Melwin Lycke Holm<br \/>\n2.24 m <strong>PB<\/strong><\/td>\n<\/tr>\n<tr>\n<td style=\"text-align: center;width: 200px;vertical-align: middle\"><strong>Saut \u00e0 la perche<br \/>\n<a href=\"https:\/\/worldathletics.org\/competition\/calendar-results\/results\/7173260?eventId=10229616&amp;gender=M\"><span style=\"font-size: 12px\"><em>Classement<\/em><\/span><\/a><br \/>\n<\/strong><\/td>\n<td style=\"text-align: center;width: 200px;vertical-align: middle\">\ud83c\uddee\ud83c\uddf9\u00a0<strong>Simone Bertelli<br \/>\n5.70 m PB<\/strong><\/td>\n<td style=\"text-align: center;width: 200px;vertical-align: middle\">\ud83c\uddeb\ud83c\uddf7 <a title=\"Championnats d\u2019Europe espoirs d\u2019athl\u00e9tisme 2025 : Tristan Despres m\u00e9daill\u00e9 d\u2019argent \u00e0 la perche\" href=\"https:\/\/dicodusport.fr\/blog\/championnats-deurope-espoirs-dathletisme-2025-tristan-despres-medaille-dargent-a-la-perche\/\" target=\"_blank\" rel=\"noopener\">Tristan Despres<\/a><br \/>\n5.60 m<\/td>\n<td style=\"text-align: center;width: 200px;vertical-align: middle\">\ud83c\uddf1\ud83c\uddfb Valters Kreiss<br \/>\n5.60 m<\/td>\n<\/tr>\n<tr>\n<td style=\"text-align: center;width: 200px;vertical-align: middle\"><strong>Saut en longueur<br \/>\n<a href=\"https:\/\/worldathletics.org\/competition\/calendar-results\/results\/7173260?eventId=10229617&amp;gender=M\" target=\"_blank\" rel=\"noopener\"><span style=\"font-size: 12px\"><em>Classement<\/em><\/span><\/a><br \/>\n<\/strong><\/td>\n<td style=\"text-align: center;width: 200px;vertical-align: middle\">\ud83c\uddeb\ud83c\uddf7\u00a0<strong><a title=\"Championnats d\u2019Europe espoirs d\u2019athl\u00e9tisme 2025 : Erwan Konat\u00e9 d\u00e9croche l\u2019or \u00e0 la longueur et r\u00e9alise les minima pour Tokyo !\" href=\"https:\/\/dicodusport.fr\/blog\/championnats-deurope-espoirs-dathletisme-2025-erwan-konate-decroche-lor-a-la-longueur-et-realise-les-minima-pour-tokyo\/\" target=\"_blank\" rel=\"noopener\">Erwan Konate<\/a><br \/>\n8.25 m NU23R<\/strong><\/td>\n<td style=\"text-align: center;width: 200px;vertical-align: middle\">\ud83c\udde7\ud83c\uddec Bozhidar Saraboyukov<br \/>\n8.21 m <strong>SB<\/strong><\/td>\n<td style=\"text-align: center;width: 200px;vertical-align: middle\">\ud83c\uddeb\ud83c\uddee Kasperi Vehmaa<br \/>\n7.97 m <strong>=PB<\/strong><\/td>\n<\/tr>\n<tr>\n<td style=\"text-align: center;width: 200px;vertical-align: middle\"><strong>Triple saut<br \/>\n<a href=\"https:\/\/worldathletics.org\/competition\/calendar-results\/results\/7173260?eventId=10229618&amp;gender=M\"><span style=\"font-size: 12px\"><em>Classement<\/em><\/span><\/a><br \/>\n<\/strong><\/td>\n<td style=\"text-align: center;width: 200px;vertical-align: middle\">\ud83c\uddea\ud83c\uddf8\u00a0<strong>Pablo Delgado<br \/>\n16.55 m PB<\/strong><\/td>\n<td style=\"text-align: center;width: 200px;vertical-align: middle\">\ud83c\udde7\ud83c\uddec Lachezar Valchev<br \/>\n16.48 m <strong>PB<\/strong><\/td>\n<td style=\"text-align: center;width: 200px;vertical-align: middle\">\ud83c\uddee\ud83c\uddf9 Federico Lorenzo Bruno<br \/>\n16.47 m <strong>SB<\/strong><\/td>\n<\/tr>\n<tr>\n<td style=\"text-align: center;width: 200px;vertical-align: middle\"><strong>Lancer du poids<br \/>\n<a href=\"https:\/\/worldathletics.org\/competition\/calendar-results\/results\/7173260?eventId=10229619&amp;gender=M\"><span style=\"font-size: 12px\"><em>Classement<\/em><\/span><\/a><br \/>\n<\/strong><\/td>\n<td style=\"text-align: center;width: 200px;vertical-align: middle\">\ud83c\udde9\ud83c\uddea\u00a0<strong>Tizian Lauria<br \/>\n20.02 m<\/strong><\/td>\n<td style=\"text-align: center;width: 200px;vertical-align: middle\">\ud83c\uddf8\ud83c\uddea Leo Zikovic<br \/>\n19.47 m <strong>PB<\/strong><\/td>\n<td style=\"text-align: center;width: 200px;vertical-align: middle\">\ud83c\uddf3\ud83c\uddf1 Yannick Rolvink<br \/>\n19.01 m<\/td>\n<\/tr>\n<tr>\n<td style=\"text-align: center;width: 200px;vertical-align: middle\"><strong>Lancer du javelot<br \/>\n<a href=\"https:\/\/worldathletics.org\/competition\/calendar-results\/results\/7173260?eventId=10229636&amp;gender=M\"><span style=\"font-size: 12px\"><em>Classement<\/em><\/span><\/a><br \/>\n<\/strong><\/td>\n<td style=\"text-align: center;width: 200px;vertical-align: middle\">\ud83c\uddfa\ud83c\udde6 <strong>Artur Felfner<br \/>\n81.14 m SB<\/strong><\/td>\n<td style=\"text-align: center;width: 200px;vertical-align: middle\">\ud83c\udde9\ud83c\uddea Nick Thumm<br \/>\n80.74 m <strong>PB<\/strong><\/td>\n<td style=\"text-align: center;width: 200px;vertical-align: middle\">\ud83c\uddeb\ud83c\uddee Eemil Porvari<br \/>\n79.88 m<\/td>\n<\/tr>\n<tr>\n<td style=\"text-align: center;width: 200px;vertical-align: middle\"><strong>Lancer du disque<br \/>\n<a href=\"https:\/\/worldathletics.org\/competition\/calendar-results\/results\/7173260?eventId=10229620&amp;gender=M\"><span style=\"font-size: 12px\"><em>Classement<\/em><\/span><\/a><br \/>\n<\/strong><\/td>\n<td style=\"text-align: center;width: 200px;vertical-align: middle\">\ud83c\udde9\ud83c\uddea\u00a0<strong>Steven Richter<br \/>\n64.67 m<\/strong><\/td>\n<td style=\"text-align: center;width: 200px;vertical-align: middle\">\ud83c\udde9\ud83c\uddea Mika Sosna<br \/>\n63.42 m<\/td>\n<td style=\"text-align: center;width: 200px;vertical-align: middle\">\ud83c\udde9\ud83c\uddea Marius Karges<br \/>\n62.20 m<\/td>\n<\/tr>\n<tr>\n<td style=\"text-align: center;width: 200px;vertical-align: middle\"><strong>Lancer du marteau<br \/>\n<a href=\"https:\/\/worldathletics.org\/competition\/calendar-results\/results\/7173260?eventId=10229621&amp;gender=M\"><span style=\"font-size: 12px\"><em>Classement<\/em><\/span><\/a><br \/>\n<\/strong><\/td>\n<td style=\"width: 200px;text-align: center\">\ud83c\udde8\ud83c\uddfe <strong>Iosif Kesidis<\/strong><br \/>\n<strong>74.87 m NU23R<\/strong><\/td>\n<td style=\"width: 200px;text-align: center\">\ud83c\uddec\ud83c\uddf7 Georgios Papanastasiou<br \/>\n72.98 m<\/td>\n<td style=\"width: 200px;text-align: center\">\ud83c\uddec\ud83c\uddf7 Ioannis Korakidis<br \/>\n72.51 m<\/td>\n<\/tr>\n<tr>\n<td style=\"text-align: center;width: 200px;vertical-align: middle\"><strong>D\u00e9cathlon<br \/>\n<a href=\"https:\/\/worldathletics.org\/competition\/calendar-results\/results\/7173260?eventId=10229629&amp;gender=M\"><span style=\"font-size: 12px\"><em>Classement<\/em><\/span><\/a><br \/>\n<\/strong><\/td>\n<td style=\"text-align: center;width: 200px;vertical-align: middle\">\ud83c\udde8\ud83c\udded\u00a0<strong>Andrin Huber<br \/>\n8188 pts PB<\/strong><\/td>\n<td style=\"text-align: center;width: 200px;vertical-align: middle\">\ud83c\uddf3\ud83c\uddf1 Jeff Tesselaar<br \/>\n8108 pts<\/td>\n<td style=\"text-align: center;width: 200px;vertical-align: middle\">\ud83c\uddeb\ud83c\uddf7\u00a0<a href=\"https:\/\/dicodusport.fr\/blog\/championnats-deurope-espoirs-dathletisme-2025-antoine-ferranti-en-bronze-sur-le-decathlon\/\" target=\"_blank\" rel=\"noopener\">Antoine Ferranti<\/a><br \/>\n8032 pts<\/td>\n<\/tr>\n<\/tbody>\n<\/table>\n<\/div>\n<p><em><span style=\"font-size: 14px;\">EU23R : Record d&rsquo;Europe espoirs<br \/>\nNR : Record national<\/span><br \/>\n<span style=\"font-size: 14px;\">NU23R : Record national espoirs<\/span><br \/>\n<span style=\"font-size: 14px;\">CR : Record des championnats<\/span><br \/>\n<span style=\"font-size: 14px;\">PB : Record personnel<\/span><br \/>\n<span style=\"font-size: 14px;\">SB : Meilleure performance personnelle de la saison<\/span><br \/>\n<\/em><\/p>\n<p>&nbsp;<\/p>\n<p><!--nextpage--><\/p>\n<div class=\"su-table su-table-alternate\">\n<table>\n<tbody>\n<tr>\n<td><strong>\u00c9preuves<\/strong><\/td>\n<td><strong>\ud83e\udd47 Or<\/strong><\/td>\n<td><strong>\ud83e\udd48 Argent<\/strong><\/td>\n<td><strong>\ud83e\udd49 Bronze<\/strong><\/td>\n<\/tr>\n<tr>\n<td><strong>100 m<\/strong><\/td>\n<td>\ud83c\uddf3\ud83c\uddf1 <strong>N&rsquo;Ketia Seedo<br \/>\n11.22<\/strong><\/td>\n<td>\ud83c\udded\ud83c\uddfa Boglarka Takacs<br \/>\n11.30<\/td>\n<td>\ud83c\udde8\ud83c\udded Melissa Gutschmidt<br \/>\n11.33 m<\/td>\n<\/tr>\n<tr>\n<td><strong>200 m<\/strong><\/td>\n<td>\ud83c\udde7\ud83c\uddea <strong>Delphine Nkansa<br \/>\n23.31<\/strong><\/td>\n<td>\ud83c\udded\ud83c\uddfa Boglarka Takacs<br \/>\n23.33<\/td>\n<td>\ud83c\uddec\ud83c\uddf7 Polyniki Emmanouilidou<br \/>\n23.41<\/td>\n<\/tr>\n<tr>\n<td><strong>400 m<\/strong><\/td>\n<td>\ud83c\uddec\ud83c\udde7 <strong>Yemi Mary John<br \/>\n51.04 PB<\/strong><\/td>\n<td>\ud83c\uddf3\ud83c\uddf4 Henriette Jaeger<br \/>\n51.06 <strong>NR<\/strong><\/td>\n<td>\ud83c\uddec\ud83c\udde7 Keely Hodgkinson<br \/>\n51.76 <strong>PB<\/strong><\/td>\n<\/tr>\n<tr>\n<td><strong>800 m<\/strong><\/td>\n<td>\ud83c\uddea\ud83c\uddf8 <strong>Daniela Garcia<br \/>\n2:02.96<\/strong><\/td>\n<td>\ud83c\uddeb\ud83c\uddee Veera Mattila<br \/>\n2:03.14 <strong>PB<\/strong><\/td>\n<td>\ud83c\uddec\ud83c\uddf7 Georgia-Maria Despollari<br \/>\n2:04.14<\/td>\n<\/tr>\n<tr>\n<td><strong>1500 m<\/strong><\/td>\n<td>\ud83c\uddee\ud83c\uddea <strong>Sophie O&rsquo;Sullivan<br \/>\n4:07.18 PB<\/strong><\/td>\n<td>\ud83c\uddee\ud83c\uddea Sarah Healy<br \/>\n4:07.36<\/td>\n<td>\ud83c\uddec\ud83c\udde7 Shannon Flockhart<br \/>\n4:08.37 <strong>PB<\/strong><\/td>\n<\/tr>\n<tr>\n<td><strong>5000 m<\/strong><\/td>\n<td>\ud83c\uddec\ud83c\udde7 <strong>Megan Keith<br \/>\n15:34.33<\/strong><\/td>\n<td>\ud83c\uddea\ud83c\uddf8 Maria Forero<br \/>\n15:43.22<\/td>\n<td>\ud83c\uddf3\ud83c\uddf1 Amina Maatoug<br \/>\n15:50.83<\/td>\n<\/tr>\n<tr>\n<td><strong>10000 m<\/strong><\/td>\n<td>\ud83c\uddec\ud83c\udde7 <strong>Alice Goodall<br \/>\n33:16.45<\/strong><\/td>\n<td>\ud83c\uddee\ud83c\uddf9 Sara Nestola<br \/>\n33:17.51<\/td>\n<td>\ud83c\uddee\ud83c\uddf9 Aurora Bado<br \/>\n34:12.75<\/td>\n<\/tr>\n<tr>\n<td><strong>100 m haies<\/strong><\/td>\n<td>\ud83c\udde8\ud83c\udded <strong>Ditaji Kambundji<br \/>\n12.68 CR<\/strong><\/td>\n<td>\ud83c\uddee\ud83c\uddf9 Elena Carraro<br \/>\n12.97 (.962)<\/td>\n<td>\ud83c\udded\ud83c\uddfa Anna Toth<br \/>\n12.97 (.967)<\/td>\n<\/tr>\n<tr>\n<td><strong>400 m haies<\/strong><\/td>\n<td>\ud83c\uddf3\ud83c\uddf4 <strong>Andrea Rooth<br \/>\n55.78 EU23L<\/strong><\/td>\n<td>\ud83c\uddeb\ud83c\uddf7 <a title=\"Athl\u00e9tisme : Louise Maraval vice-championne d\u2019Europe espoirs du 400 m haies\" href=\"https:\/\/dicodusport.fr\/blog\/athletisme-louise-maraval-vice-championne-deurope-espoirs-du-400-m-haies\/\" target=\"_blank\" rel=\"noopener\">Louise Maraval<\/a><br \/>\n55.83 <strong>PB<\/strong><\/td>\n<td>\ud83c\udde6\ud83c\uddf9 Lena Pressler<br \/>\n55.94 <strong>NR<\/strong><\/td>\n<\/tr>\n<tr>\n<td><strong>3000 m steeple<\/strong><\/td>\n<td>\ud83c\udde9\ud83c\uddea <strong>Olivia G\u00fcrth<br \/>\n9:26.98 CR<\/strong><\/td>\n<td>\ud83c\uddf1\ud83c\uddf9 Greta Karinauskaite<br \/>\n9:30.96<\/td>\n<td>\ud83c\uddea\ud83c\uddf8 Marta Serrano<br \/>\n9:41.47<\/td>\n<\/tr>\n<tr>\n<td><strong>20 km marche<\/strong><\/td>\n<td>\ud83c\uddeb\ud83c\uddf7 <strong><a title=\"Athl\u00e9tisme : Pauline Stey championne d\u2019Europe espoirs, Camille Moutard en bronze !\" href=\"https:\/\/dicodusport.fr\/blog\/athletisme-pauline-stey-championne-deurope-espoirs-camille-moutard-en-bronze\/\" target=\"_blank\" rel=\"noopener\">Pauline Stey<\/a><br \/>\n1:31.17 NU23R<\/strong><\/td>\n<td>\ud83c\uddee\ud83c\uddf9 Alexandrina Mihai<br \/>\n1:32.32 <strong>PB<\/strong><\/td>\n<td>\ud83c\uddeb\ud83c\uddf7 <a title=\"Athl\u00e9tisme : Pauline Stey championne d\u2019Europe espoirs, Camille Moutard en bronze !\" href=\"https:\/\/dicodusport.fr\/blog\/athletisme-pauline-stey-championne-deurope-espoirs-camille-moutard-en-bronze\/\" target=\"_blank\" rel=\"noopener\">Camille Moutard<\/a><br \/>\n1:35.40<\/td>\n<\/tr>\n<tr>\n<td><strong>4 X 100 m<\/strong><\/td>\n<td>\ud83c\uddec\ud83c\udde7 <strong>Grande-Bretagne &amp; Irlande du nord\ud83c\udde8\ud83c\udded Suisse<br \/>\n43.04 CR<\/strong><\/td>\n<td>\ud83c\uddeb\ud83c\uddf7 <a title=\"Championnat d\u2019Europe espoirs d\u2019athl\u00e9tisme 2023 : Les deux relais 4X100 m fran\u00e7ais en argent !\" href=\"https:\/\/dicodusport.fr\/blog\/championnat-deurope-espoirs-dathletisme-2023-les-deux-relais-4x100-m-francais-en-argent\/\" target=\"_blank\" rel=\"noopener\">France<\/a><br \/>\n43.39 <strong>SB<\/strong><\/td>\n<td>\ud83c\udde8\ud83c\udded Suisse<br \/>\n43.59 <strong>NU23R<\/strong><\/td>\n<\/tr>\n<tr>\n<td><strong>4 X 400 m<\/strong><\/td>\n<td>\ud83c\uddeb\ud83c\uddf7 <strong><a title=\"Athl\u00e9tisme : Le relais 4\u00d7400 m f\u00e9minin titr\u00e9 apr\u00e8s le show Louise Maraval !\" href=\"https:\/\/dicodusport.fr\/blog\/athletisme-le-relais-4x400-m-feminin-titre-apres-le-show-louise-maraval\/\" target=\"_blank\" rel=\"noopener\">France<\/a><br \/>\n3:30.60 EU23L<\/strong><\/td>\n<td>\ud83c\udde8\ud83c\udded Suisse<br \/>\n3:30.62 NU23R<\/td>\n<td>\ud83c\uddea\ud83c\uddf8 Espagne<br \/>\n3:31.11 NU23R<\/td>\n<\/tr>\n<tr>\n<td><strong>Saut en hauteur<\/strong><\/td>\n<td>\ud83c\udde8\ud83c\uddfe <strong>Elena Kulichenko<br \/>\n1.91 m<\/strong><\/td>\n<td>\ud83c\uddec\ud83c\uddf7 Panagiota Dosi<br \/>\n1.89 m <strong>PB<\/strong><\/td>\n<td>\ud83c\uddf5\ud83c\uddf1 Wiktoria Maso<br \/>\n1.87 m <strong>SB<\/strong><\/td>\n<\/tr>\n<tr>\n<td><strong>Saut \u00e0 la perche<\/strong><\/td>\n<td>\ud83c\uddeb\ud83c\uddf7 <strong><a title=\"Athl\u00e9tisme : Marie-Julie Bonnin est championne d\u2019Europe espoirs !\" href=\"https:\/\/dicodusport.fr\/blog\/athletisme-marie-julie-bonnin-est-championne-deurope-espoirs\/\" target=\"_blank\" rel=\"noopener\">Marie-Julie Bonnin<\/a><br \/>\n4.50 m =EU23L<br \/>\n<\/strong><\/td>\n<td>\ud83c\udde7\ud83c\uddea Elien Vekemans<br \/>\n4.45 m<\/td>\n<td>\ud83c\uddf3\ud83c\uddf4 Kitty Friele Faye<br \/>\n4.40 m <strong>PB<\/strong><\/td>\n<\/tr>\n<tr>\n<td><strong>Saut en longueur<\/strong><\/td>\n<td>\ud83c\uddee\ud83c\uddf9 <strong>Larissa Iapichino<br \/>\n6.93 m =EL<\/strong><\/td>\n<td>\ud83c\uddf8\ud83c\uddea Maja Askag<br \/>\n6.73 m<\/td>\n<td>\ud83c\uddea\ud83c\uddf8 Tessy Ebosele<br \/>\n6.63 m<\/td>\n<\/tr>\n<tr>\n<td><strong>Triple saut<\/strong><\/td>\n<td>\ud83c\uddea\ud83c\uddf8 <strong>Maria Vicente<br \/>\n14.21 m =EU23L<\/strong><\/td>\n<td>\ud83c\uddf8\ud83c\uddea Maja Askag<br \/>\n13.76 m<\/td>\n<td>\ud83c\uddeb\ud83c\uddee Jessica Kahara<br \/>\n13.59 m<\/td>\n<\/tr>\n<tr>\n<td><strong>Lancer du poids<\/strong><\/td>\n<td>\ud83c\uddf3\ud83c\uddf1 <strong>Alida van Daalen<br \/>\n18.32 m EU23L<\/strong><\/td>\n<td>\ud83c\uddec\ud83c\udde7 Serena Vincent<br \/>\n16.93 m <strong>PB<\/strong><\/td>\n<td>\ud83c\uddeb\ud83c\uddee Emillia Kangas<br \/>\n16.75 m<\/td>\n<\/tr>\n<tr>\n<td><strong>Lancer du javelot<\/strong><\/td>\n<td>\ud83c\uddec\ud83c\uddf7\ud83c\uddec\ud83c\udde7 <strong>Elina Tzengko<br \/>\n60.73 m<\/strong><\/td>\n<td>\ud83c\uddea\ud83c\uddea Gedly Tugi<br \/>\n57.62 m<\/td>\n<td>\ud83c\uddeb\ud83c\uddee Anni-Linnea Alanen<br \/>\n56.67 m<\/td>\n<\/tr>\n<tr>\n<td><strong>Lancer du disque<\/strong><\/td>\n<td>\ud83c\uddf3\ud83c\uddf1 <strong>Alida van Daalen<br \/>\n56.77 m<\/strong><\/td>\n<td>\ud83c\uddf9\ud83c\uddf7 \u00d6zlem Becerek<br \/>\n55.38 m<\/td>\n<td>\ud83c\uddf3\ud83c\uddf4 Lotta Flatum<br \/>\n54.45 m<\/td>\n<\/tr>\n<tr>\n<td><strong>Lancer du marteau<\/strong><\/td>\n<td>\ud83c\uddeb\ud83c\uddee <strong>Silja Kosonen<br \/>\n73.71 m CR<\/strong><\/td>\n<td>\ud83c\uddec\ud83c\udde7 Charlotte Payne<br \/>\n69.22 m<\/td>\n<td>Aileen Kuhn<br \/>\n68.30 m<\/td>\n<\/tr>\n<tr>\n<td><strong>Heptathlon<\/strong><\/td>\n<td><strong><br \/>\n6317 pts<\/strong><\/td>\n<td>\ud83c\uddf3\ud83c\uddf1 Sofie Dokter<br \/>\n6256 pts<\/td>\n<td>\ud83c\uddea\ud83c\uddea Pippi Lotta Enok<br \/>\n6002 pts<\/td>\n<\/tr>\n<\/tbody>\n<\/table>\n<\/div>\n<h3>Hommes<\/h3>\n<div class=\"su-table su-table-alternate\">\n<table>\n<tbody>\n<tr>\n<td><strong>\u00c9preuves<\/strong><\/td>\n<td><strong>\ud83e\udd47 Or<\/strong><\/td>\n<td><strong>\ud83e\udd48 Argent<\/strong><\/td>\n<td><strong>\ud83e\udd49 Bronze<\/strong><\/td>\n<\/tr>\n<tr>\n<td><strong>100 m<\/strong><\/td>\n<td>\ud83c\uddec\ud83c\udde7 <strong>Jeremiah Azu<br \/>\n10.05<\/strong><\/td>\n<td>\ud83c\uddf3\ud83c\uddf1 Raphael Bouju<br \/>\n10.17<\/td>\n<td>\ud83c\uddeb\ud83c\uddf7 <a href=\"https:\/\/dicodusport.fr\/blog\/championnat-deurope-espoirs-dathletisme-2023-pablo-mateo-en-bronze-au-100-m\/\" target=\"_blank\" rel=\"noopener\">Pablo Mateo<\/a><br \/>\n10.18<\/td>\n<\/tr>\n<tr>\n<td><strong>200 m<\/strong><\/td>\n<td><strong><br \/>\n20.67<\/strong><\/td>\n<td>\ud83c\uddf3\ud83c\uddf1 Raphael Bouju<br \/>\n20.68<\/td>\n<td>\ud83c\udde8\ud83c\udded <strong>\ud83c\uddea\ud83c\uddf8<\/strong>Timoth\u00e9 Mumenthaler<br \/>\n20.85<\/td>\n<\/tr>\n<tr>\n<td><strong>400 m<\/strong><\/td>\n<td>\ud83c\uddf3\ud83c\uddf4 <strong>Havard Bentdal Ingvaldsen<br \/>\n45.13<\/strong><\/td>\n<td>\ud83c\udde8\ud83c\udded Lionel Spitz<br \/>\n45.27 <strong>PB<\/strong><\/td>\n<td>\ud83c\udded\ud83c\uddfa Attila Molnar<br \/>\n45.36<\/td>\n<\/tr>\n<tr>\n<td><strong>800 m<\/strong><\/td>\n<td>\ud83c\uddeb\ud83c\uddf7 <a title=\"Athl\u00e9tisme : Yanis Meziane champion d\u2019Europe du 800 m, Paul Anselmini en bronze !\" href=\"https:\/\/dicodusport.fr\/blog\/athletisme-yanis-meziane-champion-deurope-du-800-m-paul-anselmini-en-bronze\/\" target=\"_blank\" rel=\"noopener\"><strong>Yanis Meziane<\/strong><\/a><br \/>\n<strong>1:45.92<\/strong><\/td>\n<td>\ud83c\uddec\ud83c\udde7 Ethan Hussey<br \/>\n1:45.95<\/td>\n<td>\ud83c\uddeb\ud83c\uddf7 <a title=\"Athl\u00e9tisme : Yanis Meziane champion d\u2019Europe du 800 m, Paul Anselmini en bronze !\" href=\"https:\/\/dicodusport.fr\/blog\/athletisme-yanis-meziane-champion-deurope-du-800-m-paul-anselmini-en-bronze\/\" target=\"_blank\" rel=\"noopener\">Paul Anselmini<\/a><br \/>\n1:45.99<\/td>\n<\/tr>\n<tr>\n<td><strong>1500 m<\/strong><\/td>\n<td><strong><br \/>\n3:43.35<\/strong><\/td>\n<td>\ud83c\uddea\ud83c\uddf8 Mohamed Attaoui<br \/>\n3:43.63<\/td>\n<td>\ud83c\uddf8\ud83c\uddea Samuel Pihlstr\u00f6m<br \/>\n3:43.73<\/td>\n<\/tr>\n<tr>\n<td><strong>5000 m<\/strong><\/td>\n<td>\ud83c\uddec\ud83c\udde7\u00a0<strong>Charles Hicks<br \/>\n13:35.07<\/strong><\/td>\n<td>\ud83c\uddeb\ud83c\uddee Eemil Helander<br \/>\n13:40.15 <strong>PB<\/strong><\/td>\n<td>\ud83c\uddec\ud83c\udde7 Will Barnicoat<br \/>\n13:45.24 <strong>PB<\/strong><\/td>\n<\/tr>\n<tr>\n<td><strong>10 000 m<\/strong><\/td>\n<td>\ud83c\uddec\ud83c\udde7 <strong>Rory Leonard<br \/>\n29:08.33<\/strong><\/td>\n<td>\ud83c\uddee\ud83c\uddf9 Francesco Guerra<br \/>\n29:11.86<\/td>\n<td><strong>\ud83c\uddea\ud83c\uddf8<\/strong> Miguel Baidal<br \/>\n29:14.91<\/td>\n<\/tr>\n<tr>\n<td><strong>110 m haies<\/strong><\/td>\n<td>\ud83c\uddeb\ud83c\uddf7 <strong><a title=\"Athl\u00e9tisme : Sasha Zhoya est champion d\u2019Europe espoirs du 110 m haies, Erwann Cinna en bronze !\" href=\"https:\/\/dicodusport.fr\/blog\/athletisme-sasha-zhoya-est-champion-deurope-espoirs-du-110-m-haies-erwann-cinna-en-bronze\/\" target=\"_blank\" rel=\"noopener\">Sasha Zhoya<\/a><br \/>\n13.31<\/strong><\/td>\n<td>\ud83c\uddee\ud83c\uddf9 Lorenzo Ndele Zimonelli<br \/>\n13.36<\/td>\n<td>\ud83c\uddeb\ud83c\uddf7 <a title=\"Athl\u00e9tisme : Sasha Zhoya est champion d\u2019Europe espoirs du 110 m haies, Erwann Cinna en bronze !\" href=\"https:\/\/dicodusport.fr\/blog\/athletisme-sasha-zhoya-est-champion-deurope-espoirs-du-110-m-haies-erwann-cinna-en-bronze\/\" target=\"_blank\" rel=\"noopener\">Erwann Cinna<\/a><br \/>\n13.47 <strong>PB<\/strong><\/td>\n<\/tr>\n<tr>\n<td><strong>400 m haies<\/strong><\/td>\n<td><strong><br \/>\n49.19<\/strong><\/td>\n<td>\ud83c\uddf9\ud83c\uddf7 Berke Ak\u00e7am<br \/>\n49.48 <strong>SB<\/strong><\/td>\n<td>\ud83c\uddf8\ud83c\uddea Oskar Edlund<br \/>\n49.57 <strong>PB<\/strong><\/td>\n<\/tr>\n<tr>\n<td><strong>3000 m steeple<\/strong><strong><br \/>\n<\/strong><\/td>\n<td>\ud83c\uddea\ud83c\uddf8 <strong>Alejandro Quijada<br \/>\n8:28.91 PB<\/strong><\/td>\n<td>\ud83c\uddf5\ud83c\uddf9 Etson Barros<br \/>\n8:32.08<\/td>\n<td>\ud83c\uddeb\ud83c\uddf7 <a title=\"Championnats d\u2019Europe espoirs d\u2019athl\u00e9tisme 2023 : Baptiste Guyon en bronze au 3000 m steeple\" href=\"https:\/\/dicodusport.fr\/blog\/championnats-deurope-espoirs-dathletisme-2023-baptiste-guyon-en-bronze-au-3000-m-steeple\/\" target=\"_blank\" rel=\"noopener\">Baptiste Guyon<\/a><br \/>\n8:33.64<\/td>\n<\/tr>\n<tr>\n<td><strong>20 km marche<\/strong><strong><br \/>\n<\/strong><\/td>\n<td><strong>\ud83c\uddea\ud83c\uddf8 Paul McGrath<\/strong><br \/>\n<strong>1:21.03 PB<\/strong><\/td>\n<td>\ud83c\uddee\ud83c\uddf9 Andrea Cosi<br \/>\n1:23.02<\/td>\n<td>\ud83c\uddeb\ud83c\uddee Jerry Jokinen<br \/>\n1:24.41 <strong>NU23R<\/strong><\/td>\n<\/tr>\n<tr>\n<td><strong>4 X 100 m<\/strong><\/td>\n<td>\ud83c\uddeb\ud83c\uddf7\ud83c\uddee\ud83c\uddf9 <strong>Italie<br \/>\n38.92 NU23R<\/strong><\/td>\n<td>\ud83c\uddeb\ud83c\uddf7 <a title=\"Championnat d\u2019Europe espoirs d\u2019athl\u00e9tisme 2023 : Les deux relais 4X100 m fran\u00e7ais en argent !\" href=\"https:\/\/dicodusport.fr\/blog\/championnat-deurope-espoirs-dathletisme-2023-les-deux-relais-4x100-m-francais-en-argent\/\" target=\"_blank\" rel=\"noopener\">France<\/a><br \/>\n38.92 <strong>SB<\/strong><\/td>\n<td>\ud83c\uddf5\ud83c\uddf1\ud83c\udded\ud83c\uddfa Pologne<br \/>\n39.06<\/td>\n<\/tr>\n<tr>\n<td><strong>4 X 400 m<\/strong><\/td>\n<td>\ud83c\uddee\ud83c\uddf9 <strong>Italie<br \/>\n3:02.49 EU23L<br \/>\n<\/strong><\/td>\n<td>\ud83c\uddf9\ud83c\uddf7 Turquie<br \/>\n3:03.04 NU23R<\/td>\n<td>\ud83c\uddec\ud83c\udde7 Grande-Bretagne &amp; Irlande du Nord<br \/>\n3:03.12 <strong>SB<\/strong><\/td>\n<\/tr>\n<tr>\n<td><strong>Saut en hauteur<\/strong><\/td>\n<td>\ud83c\uddf9\ud83c\uddf7 <strong>Ali Eren \u00fcnl\u00fc<\/strong><br \/>\n<strong>2.22 m<\/strong><\/td>\n<td>\ud83c\uddfa\ud83c\udde6 Oleh Doroshchuk<br \/>\n2.19 m<\/td>\n<td>\ud83c\uddfa\ud83c\udde6 Roman Petruk<br \/>\n2.19 m<\/td>\n<\/tr>\n<tr>\n<td><strong>Saut \u00e0 la perche<\/strong><\/td>\n<td>\ud83c\uddeb\ud83c\uddee <strong>Juho Alasaari<br \/>\n5.71 m =NU23R<\/strong><\/td>\n<td>\ud83c\uddeb\ud83c\uddf7 <a title=\"Athl\u00e9tisme : Robin Emig vice-champion d\u2019Europe espoirs du saut \u00e0 la perche\" href=\"https:\/\/dicodusport.fr\/blog\/athletisme-robin-emig-vice-champion-deurope-espoirs-du-saut-a-la-perche\/\" target=\"_blank\" rel=\"noopener\">Robin Emig<\/a><br \/>\n5.66 m<\/td>\n<td>\ud83c\uddf3\ud83c\uddf4 Pal Haugen Lillefosse<br \/>\n5.66 m<\/td>\n<\/tr>\n<tr>\n<td><strong>Saut en longueur<\/strong><\/td>\n<td>\ud83c\uddf3\ud83c\uddf4 <strong>Henrik Flatnes<\/strong><br \/>\n<strong>7.96 m PB<\/strong><\/td>\n<td>\ud83c\udde9\ud83c\uddea\ud83c\uddf8\ud83c\uddea Simon Batz<br \/>\n7.72 m<\/td>\n<td>\ud83c\udded\ud83c\uddfa Matyas Nemeth<br \/>\n7.71 m<\/td>\n<\/tr>\n<tr>\n<td><strong>Triple saut<\/strong><\/td>\n<td>\ud83c\uddeb\ud83c\uddf7 <strong><a title=\"Athl\u00e9tisme : Simon Gore champion d\u2019Europe espoirs 2023 au triple saut !\" href=\"https:\/\/dicodusport.fr\/blog\/athletisme-simon-gore-champion-deurope-espoirs-2023-au-triple-saut\/\" target=\"_blank\" rel=\"noopener\">Simon Gore<\/a><br \/>\n16.40 m SB<\/strong><\/td>\n<td>\ud83c\uddf8\ud83c\uddea<strong>\ud83c\uddea\ud83c\uddf8<\/strong> Gabriel Wallmark<br \/>\n16.24 m <strong>SB<\/strong><\/td>\n<td>\ud83c\uddf9\ud83c\uddf7 Batuhan Cakir<br \/>\n16.16 m<\/td>\n<\/tr>\n<tr>\n<td><strong>Lancer du poids<\/strong><\/td>\n<td>\ud83c\udde9\ud83c\uddea <strong>Tizian Lauria<br \/>\n19.80 m <\/strong>PB<\/td>\n<td>\ud83c\udde9\ud83c\uddea Eric Maih\u00f6fer<br \/>\n19.44 m <strong>SB<\/strong><\/td>\n<td>\ud83c\uddfd\ud83c\uddf0 Muhamet Ramadani<br \/>\n19.20 m<\/td>\n<\/tr>\n<tr>\n<td><strong>Lancer du javelot<\/strong><\/td>\n<td>\ud83c\uddfa\ud83c\udde6 <strong>Artur Felfner<br \/>\n83.04 m EU23L<\/strong><\/td>\n<td>\ud83c\uddeb\ud83c\uddee Topias Laine<br \/>\n79.77 m<\/td>\n<td>\ud83c\uddee\ud83c\uddf9 Michele Fina<br \/>\n77.23 m <strong>PB<\/strong><\/td>\n<\/tr>\n<tr>\n<td><strong>Lancer du disque<\/strong><\/td>\n<td>\ud83c\uddf1\ud83c\uddf9 <strong>Mykolas Alekna<\/strong><br \/>\n<strong>68.34 m CR<\/strong><\/td>\n<td>\ud83c\udde9\ud83c\uddea Marius Karges<br \/>\n62.53 m<\/td>\n<td><strong>\ud83c\uddea\ud83c\uddf8<\/strong> Yasiel Sotero<br \/>\n61.69 m<\/td>\n<\/tr>\n<tr>\n<td><strong>Lancer du marteau<\/strong><\/td>\n<td>\ud83c\uddfa\ud83c\udde6 <strong>Mykhaylo Kokhan<\/strong><br \/>\n<strong>77.21 m SB<\/strong><\/td>\n<td>\ud83c\udde9\ud83c\uddea Merlin Hummel<br \/>\n75.61 m<\/td>\n<td>\ud83c\udde9\ud83c\uddea S\u00f6ren Klose<br \/>\n73.70 m<\/td>\n<\/tr>\n<tr>\n<td><strong>D\u00e9cathlon<\/strong><\/td>\n<td>\ud83c\uddf3\ud83c\uddf4 <strong>Markus Rooth<br \/>\n8608 pts CR<\/strong><\/td>\n<td>\ud83c\uddf3\ud83c\uddf4 Sander Skotheim<br \/>\n8561 pts<\/td>\n<td>\ud83c\uddf3\ud83c\uddf1<strong>\ud83c\uddea\ud83c\uddf8<\/strong> Sven Roosen<br \/>\n8128 pts<\/td>\n<\/tr>\n<\/tbody>\n<\/table>\n<\/div>\n<p><em>PB : Record personnel<\/em><br \/>\n<em>SB : Meilleure performance personnelle de la saison<\/em><br \/>\n<em>CR : Record des Championnats<\/em><br \/>\n<em>NR : Record national<br \/>\nNU23R : Record national espoirs<\/em><em><br \/>\nEU23L : Meilleure performance europ\u00e9enne de l&rsquo;ann\u00e9e espoirs<br \/>\nEL : Meilleure performance europ\u00e9enne de l&rsquo;ann\u00e9e<br \/>\nEU23R : Record europ\u00e9en espoirs<\/em><\/p>\n","protected":false},"excerpt":{"rendered":"<p>ATHL\u00c9TISME &#8211; Les Championnats d&rsquo;Europe espoirs ont lieu du 17 au 20 juillet \u00e0 Bergen en Norv\u00e8ge. Voici le programme et les r\u00e9sultats de la comp\u00e9tition.<\/p>\n","protected":false},"author":12,"featured_media":595205,"comment_status":"open","ping_status":"closed","sticky":false,"template":"","format":"standard","meta":{"_acf_changed":false,"_daextam_enable_autolinks":"1","footnotes":""},"categories":[46996],"tags":[143,16878,17667,17825],"class_list":["post-591238","post","type-post","status-publish","format-standard","has-post-thumbnail","hentry","category-championnats-d-europe-athletisme","tag-athletisme","tag-breve","tag-championnats-deurope-espoirs-dathletisme","tag-championnats-deurope-u23-athletisme"],"acf":[],"yoast_head":"<!-- This site is optimized with the Yoast SEO Premium plugin v26.7 (Yoast SEO v26.7) - https:\/\/yoast.com\/wordpress\/plugins\/seo\/ -->\n<title>Programme et r\u00e9sultats Championnats d&#039;Europe espoirs d&#039;athl\u00e9tisme 2025<\/title>\n<meta name=\"description\" content=\"ATHL\u00c9TISME - Les Championnats d&#039;Europe espoirs ont lieu du 17 au 20 juillet. Voici le programme et les r\u00e9sultats de la comp\u00e9tition.\" \/>\n<meta name=\"robots\" content=\"index, follow, max-snippet:-1, max-image-preview:large, max-video-preview:-1\" \/>\n<link rel=\"canonical\" href=\"https:\/\/dicodusport.fr\/blog\/programme-et-resultats-championnats-deurope-espoirs-dathletisme-2025\/\" \/>\n<link rel=\"next\" href=\"https:\/\/dicodusport.fr\/blog\/programme-et-resultats-championnats-deurope-espoirs-dathletisme-2025\/2\/\" \/>\n<meta property=\"og:locale\" content=\"fr_FR\" \/>\n<meta property=\"og:type\" content=\"article\" \/>\n<meta property=\"og:title\" content=\"Programme et r\u00e9sultats Championnats d&#039;Europe espoirs d&#039;athl\u00e9tisme 2025\" \/>\n<meta property=\"og:description\" content=\"ATHL\u00c9TISME - Les Championnats d&#039;Europe espoirs ont lieu du 17 au 20 juillet. Voici le programme et les r\u00e9sultats de la comp\u00e9tition.\" \/>\n<meta property=\"og:url\" content=\"https:\/\/dicodusport.fr\/blog\/programme-et-resultats-championnats-deurope-espoirs-dathletisme-2025\/\" \/>\n<meta property=\"og:site_name\" content=\"Dicodusport\" \/>\n<meta property=\"article:publisher\" content=\"https:\/\/www.facebook.com\/dicodusport\" \/>\n<meta property=\"article:published_time\" content=\"2025-07-20T17:22:22+00:00\" \/>\n<meta property=\"article:modified_time\" content=\"2025-07-20T19:19:24+00:00\" \/>\n<meta property=\"og:image\" content=\"https:\/\/dicodusport.fr\/blog\/wp-content\/uploads\/2025\/07\/Programme-et-resultats-Championnats-dEurope-espoirs-dathletisme-2025.png\" \/>\n\t<meta property=\"og:image:width\" content=\"1200\" \/>\n\t<meta property=\"og:image:height\" content=\"674\" \/>\n\t<meta property=\"og:image:type\" content=\"image\/png\" \/>\n<meta name=\"author\" content=\"Arlette Yeye\" \/>\n<meta name=\"twitter:card\" content=\"summary_large_image\" \/>\n<meta name=\"twitter:title\" content=\"Programme et r\u00e9sultats Championnats d&#039;Europe espoirs d&#039;athl\u00e9tisme 2025\" \/>\n<meta name=\"twitter:creator\" content=\"@https:\/\/twitter.com\/Shiclette94\" \/>\n<meta name=\"twitter:site\" content=\"@dicodusport\" \/>\n<script type=\"application\/ld+json\" class=\"yoast-schema-graph\">{\"@context\":\"https:\/\/schema.org\",\"@graph\":[{\"@type\":\"NewsArticle\",\"@id\":\"https:\/\/dicodusport.fr\/blog\/programme-et-resultats-championnats-deurope-espoirs-dathletisme-2025\/#article\",\"isPartOf\":{\"@id\":\"https:\/\/dicodusport.fr\/blog\/programme-et-resultats-championnats-deurope-espoirs-dathletisme-2025\/\"},\"author\":{\"name\":\"Arlette Yeye\",\"@id\":\"https:\/\/dicodusport.fr\/blog\/#\/schema\/person\/cce96fa88785bd8573e3d43078ac8c79\"},\"headline\":\"Programme et r\u00e9sultats Championnats d&rsquo;Europe espoirs d&rsquo;athl\u00e9tisme 2025\",\"datePublished\":\"2025-07-20T17:22:22+00:00\",\"dateModified\":\"2025-07-20T19:19:24+00:00\",\"mainEntityOfPage\":{\"@id\":\"https:\/\/dicodusport.fr\/blog\/programme-et-resultats-championnats-deurope-espoirs-dathletisme-2025\/\"},\"wordCount\":2065,\"commentCount\":0,\"publisher\":{\"@id\":\"https:\/\/dicodusport.fr\/blog\/#organization\"},\"image\":{\"@id\":\"https:\/\/dicodusport.fr\/blog\/programme-et-resultats-championnats-deurope-espoirs-dathletisme-2025\/#primaryimage\"},\"thumbnailUrl\":\"https:\/\/dicodusport.fr\/blog\/wp-content\/uploads\/2025\/07\/Programme-et-resultats-Championnats-dEurope-espoirs-dathletisme-2025.png\",\"keywords\":[\"Athl\u00e9tisme\",\"br\u00e8ve\",\"Championnats d'Europe espoirs d'athl\u00e9tisme\",\"Championnats d'Europe U23 athl\u00e9tisme\"],\"articleSection\":[\"Championnats d'Europe d'athl\u00e9tisme\"],\"inLanguage\":\"fr-FR\",\"potentialAction\":[{\"@type\":\"CommentAction\",\"name\":\"Comment\",\"target\":[\"https:\/\/dicodusport.fr\/blog\/programme-et-resultats-championnats-deurope-espoirs-dathletisme-2025\/#respond\"]}],\"copyrightYear\":\"2025\",\"copyrightHolder\":{\"@id\":\"https:\/\/dicodusport.fr\/blog\/#organization\"}},{\"@type\":\"WebPage\",\"@id\":\"https:\/\/dicodusport.fr\/blog\/programme-et-resultats-championnats-deurope-espoirs-dathletisme-2025\/\",\"url\":\"https:\/\/dicodusport.fr\/blog\/programme-et-resultats-championnats-deurope-espoirs-dathletisme-2025\/\",\"name\":\"Programme et r\u00e9sultats Championnats d'Europe espoirs d'athl\u00e9tisme 2025\",\"isPartOf\":{\"@id\":\"https:\/\/dicodusport.fr\/blog\/#website\"},\"primaryImageOfPage\":{\"@id\":\"https:\/\/dicodusport.fr\/blog\/programme-et-resultats-championnats-deurope-espoirs-dathletisme-2025\/#primaryimage\"},\"image\":{\"@id\":\"https:\/\/dicodusport.fr\/blog\/programme-et-resultats-championnats-deurope-espoirs-dathletisme-2025\/#primaryimage\"},\"thumbnailUrl\":\"https:\/\/dicodusport.fr\/blog\/wp-content\/uploads\/2025\/07\/Programme-et-resultats-Championnats-dEurope-espoirs-dathletisme-2025.png\",\"datePublished\":\"2025-07-20T17:22:22+00:00\",\"dateModified\":\"2025-07-20T19:19:24+00:00\",\"description\":\"ATHL\u00c9TISME - Les Championnats d'Europe espoirs ont lieu du 17 au 20 juillet. Voici le programme et les r\u00e9sultats de la comp\u00e9tition.\",\"inLanguage\":\"fr-FR\",\"potentialAction\":[{\"@type\":\"ReadAction\",\"target\":[\"https:\/\/dicodusport.fr\/blog\/programme-et-resultats-championnats-deurope-espoirs-dathletisme-2025\/\"]}]},{\"@type\":\"ImageObject\",\"inLanguage\":\"fr-FR\",\"@id\":\"https:\/\/dicodusport.fr\/blog\/programme-et-resultats-championnats-deurope-espoirs-dathletisme-2025\/#primaryimage\",\"url\":\"https:\/\/dicodusport.fr\/blog\/wp-content\/uploads\/2025\/07\/Programme-et-resultats-Championnats-dEurope-espoirs-dathletisme-2025.png\",\"contentUrl\":\"https:\/\/dicodusport.fr\/blog\/wp-content\/uploads\/2025\/07\/Programme-et-resultats-Championnats-dEurope-espoirs-dathletisme-2025.png\",\"width\":1200,\"height\":674,\"caption\":\"Programme et r\u00e9sultats Championnats d'Europe espoirs d'athl\u00e9tisme 2025\"},{\"@type\":\"WebSite\",\"@id\":\"https:\/\/dicodusport.fr\/blog\/#website\",\"url\":\"https:\/\/dicodusport.fr\/blog\/\",\"name\":\"Dicodusport\",\"description\":\"L&#039;encyclop\u00e9die de l&#039;actualit\u00e9 sportive\",\"publisher\":{\"@id\":\"https:\/\/dicodusport.fr\/blog\/#organization\"},\"potentialAction\":[{\"@type\":\"SearchAction\",\"target\":{\"@type\":\"EntryPoint\",\"urlTemplate\":\"https:\/\/dicodusport.fr\/blog\/?s={search_term_string}\"},\"query-input\":{\"@type\":\"PropertyValueSpecification\",\"valueRequired\":true,\"valueName\":\"search_term_string\"}}],\"inLanguage\":\"fr-FR\"},{\"@type\":\"NewsMediaOrganization\",\"@id\":\"https:\/\/dicodusport.fr\/blog\/#organization\",\"name\":\"Dicodusport\",\"url\":\"https:\/\/dicodusport.fr\/blog\/\",\"logo\":{\"@type\":\"ImageObject\",\"inLanguage\":\"fr-FR\",\"@id\":\"https:\/\/dicodusport.fr\/blog\/#\/schema\/logo\/image\/\",\"url\":\"https:\/\/dicodusport.fr\/blog\/wp-content\/uploads\/2020\/06\/cropped-LOGO-DICODUSPORT-2020-SANS-FOND-SANS-TEXTE.png\",\"contentUrl\":\"https:\/\/dicodusport.fr\/blog\/wp-content\/uploads\/2020\/06\/cropped-LOGO-DICODUSPORT-2020-SANS-FOND-SANS-TEXTE.png\",\"width\":512,\"height\":512,\"caption\":\"Dicodusport\"},\"image\":{\"@id\":\"https:\/\/dicodusport.fr\/blog\/#\/schema\/logo\/image\/\"},\"sameAs\":[\"https:\/\/www.facebook.com\/dicodusport\",\"https:\/\/x.com\/dicodusport\",\"https:\/\/www.instagram.com\/dicodusport\/\",\"https:\/\/www.youtube.com\/channel\/UC7V2KZ5sd3htJivAbA4ZG3w\"],\"description\":\"Dicodusport est l'encyclop\u00e9die de l'actualit\u00e9 sportive.\",\"email\":\"bonjour@dicodusport.fr\",\"legalName\":\"DICODUSPORT\",\"foundingDate\":\"2018-01-14\",\"vatID\":\"FR71834470973\",\"taxID\":\"83447097300043\",\"numberOfEmployees\":{\"@type\":\"QuantitativeValue\",\"minValue\":\"1\",\"maxValue\":\"10\"}},{\"@type\":\"Person\",\"@id\":\"https:\/\/dicodusport.fr\/blog\/#\/schema\/person\/cce96fa88785bd8573e3d43078ac8c79\",\"name\":\"Arlette Yeye\",\"image\":{\"@type\":\"ImageObject\",\"inLanguage\":\"fr-FR\",\"@id\":\"https:\/\/dicodusport.fr\/blog\/#\/schema\/person\/image\/\",\"url\":\"https:\/\/secure.gravatar.com\/avatar\/dca4a6239e6d708e46c45d60e160de6c?s=96&d=wp_user_avatar&r=g\",\"contentUrl\":\"https:\/\/secure.gravatar.com\/avatar\/dca4a6239e6d708e46c45d60e160de6c?s=96&d=wp_user_avatar&r=g\",\"caption\":\"Arlette Yeye\"},\"description\":\"Journaliste\/r\u00e9dactrice depuis septembre 2015 - Supportrice de Chelsea, j'ai pour sports de pr\u00e9dilection le handball, l'athl\u00e9tisme et le tennis. Si je tweete plus vite que mon ombre, vous pouvez aussi me retrouver les week-ends sur les playgrounds de Bruxelles pour un petit foot ou basket entre potes. Parcourir la France, l'Europe et plus si affinit\u00e9s pour suivre mes sportifs pr\u00e9f\u00e9r\u00e9s ? Mon kif ! Et c'est avec plaisir que je partage les r\u00e9sultats des sports populaires mais \u00e9galement plus confidentiels pour Dicodusport.\",\"sameAs\":[\"https:\/\/x.com\/https:\/\/twitter.com\/Shiclette94\"],\"url\":\"https:\/\/dicodusport.fr\/blog\/author\/arlette\/\"}]}<\/script>\n<!-- \/ Yoast SEO Premium plugin. -->","yoast_head_json":{"title":"Programme et r\u00e9sultats Championnats d'Europe espoirs d'athl\u00e9tisme 2025","description":"ATHL\u00c9TISME - Les Championnats d'Europe espoirs ont lieu du 17 au 20 juillet. Voici le programme et les r\u00e9sultats de la comp\u00e9tition.","robots":{"index":"index","follow":"follow","max-snippet":"max-snippet:-1","max-image-preview":"max-image-preview:large","max-video-preview":"max-video-preview:-1"},"canonical":"https:\/\/dicodusport.fr\/blog\/programme-et-resultats-championnats-deurope-espoirs-dathletisme-2025\/","next":"https:\/\/dicodusport.fr\/blog\/programme-et-resultats-championnats-deurope-espoirs-dathletisme-2025\/2\/","og_locale":"fr_FR","og_type":"article","og_title":"Programme et r\u00e9sultats Championnats d'Europe espoirs d'athl\u00e9tisme 2025","og_description":"ATHL\u00c9TISME - Les Championnats d'Europe espoirs ont lieu du 17 au 20 juillet. Voici le programme et les r\u00e9sultats de la comp\u00e9tition.","og_url":"https:\/\/dicodusport.fr\/blog\/programme-et-resultats-championnats-deurope-espoirs-dathletisme-2025\/","og_site_name":"Dicodusport","article_publisher":"https:\/\/www.facebook.com\/dicodusport","article_published_time":"2025-07-20T17:22:22+00:00","article_modified_time":"2025-07-20T19:19:24+00:00","og_image":[{"width":1200,"height":674,"url":"https:\/\/dicodusport.fr\/blog\/wp-content\/uploads\/2025\/07\/Programme-et-resultats-Championnats-dEurope-espoirs-dathletisme-2025.png","type":"image\/png"}],"author":"Arlette Yeye","twitter_card":"summary_large_image","twitter_title":"Programme et r\u00e9sultats Championnats d'Europe espoirs d'athl\u00e9tisme 2025","twitter_creator":"@https:\/\/twitter.com\/Shiclette94","twitter_site":"@dicodusport","schema":{"@context":"https:\/\/schema.org","@graph":[{"@type":"NewsArticle","@id":"https:\/\/dicodusport.fr\/blog\/programme-et-resultats-championnats-deurope-espoirs-dathletisme-2025\/#article","isPartOf":{"@id":"https:\/\/dicodusport.fr\/blog\/programme-et-resultats-championnats-deurope-espoirs-dathletisme-2025\/"},"author":{"name":"Arlette Yeye","@id":"https:\/\/dicodusport.fr\/blog\/#\/schema\/person\/cce96fa88785bd8573e3d43078ac8c79"},"headline":"Programme et r\u00e9sultats Championnats d&rsquo;Europe espoirs d&rsquo;athl\u00e9tisme 2025","datePublished":"2025-07-20T17:22:22+00:00","dateModified":"2025-07-20T19:19:24+00:00","mainEntityOfPage":{"@id":"https:\/\/dicodusport.fr\/blog\/programme-et-resultats-championnats-deurope-espoirs-dathletisme-2025\/"},"wordCount":2065,"commentCount":0,"publisher":{"@id":"https:\/\/dicodusport.fr\/blog\/#organization"},"image":{"@id":"https:\/\/dicodusport.fr\/blog\/programme-et-resultats-championnats-deurope-espoirs-dathletisme-2025\/#primaryimage"},"thumbnailUrl":"https:\/\/dicodusport.fr\/blog\/wp-content\/uploads\/2025\/07\/Programme-et-resultats-Championnats-dEurope-espoirs-dathletisme-2025.png","keywords":["Athl\u00e9tisme","br\u00e8ve","Championnats d'Europe espoirs d'athl\u00e9tisme","Championnats d'Europe U23 athl\u00e9tisme"],"articleSection":["Championnats d'Europe d'athl\u00e9tisme"],"inLanguage":"fr-FR","potentialAction":[{"@type":"CommentAction","name":"Comment","target":["https:\/\/dicodusport.fr\/blog\/programme-et-resultats-championnats-deurope-espoirs-dathletisme-2025\/#respond"]}],"copyrightYear":"2025","copyrightHolder":{"@id":"https:\/\/dicodusport.fr\/blog\/#organization"}},{"@type":"WebPage","@id":"https:\/\/dicodusport.fr\/blog\/programme-et-resultats-championnats-deurope-espoirs-dathletisme-2025\/","url":"https:\/\/dicodusport.fr\/blog\/programme-et-resultats-championnats-deurope-espoirs-dathletisme-2025\/","name":"Programme et r\u00e9sultats Championnats d'Europe espoirs d'athl\u00e9tisme 2025","isPartOf":{"@id":"https:\/\/dicodusport.fr\/blog\/#website"},"primaryImageOfPage":{"@id":"https:\/\/dicodusport.fr\/blog\/programme-et-resultats-championnats-deurope-espoirs-dathletisme-2025\/#primaryimage"},"image":{"@id":"https:\/\/dicodusport.fr\/blog\/programme-et-resultats-championnats-deurope-espoirs-dathletisme-2025\/#primaryimage"},"thumbnailUrl":"https:\/\/dicodusport.fr\/blog\/wp-content\/uploads\/2025\/07\/Programme-et-resultats-Championnats-dEurope-espoirs-dathletisme-2025.png","datePublished":"2025-07-20T17:22:22+00:00","dateModified":"2025-07-20T19:19:24+00:00","description":"ATHL\u00c9TISME - Les Championnats d'Europe espoirs ont lieu du 17 au 20 juillet. Voici le programme et les r\u00e9sultats de la comp\u00e9tition.","inLanguage":"fr-FR","potentialAction":[{"@type":"ReadAction","target":["https:\/\/dicodusport.fr\/blog\/programme-et-resultats-championnats-deurope-espoirs-dathletisme-2025\/"]}]},{"@type":"ImageObject","inLanguage":"fr-FR","@id":"https:\/\/dicodusport.fr\/blog\/programme-et-resultats-championnats-deurope-espoirs-dathletisme-2025\/#primaryimage","url":"https:\/\/dicodusport.fr\/blog\/wp-content\/uploads\/2025\/07\/Programme-et-resultats-Championnats-dEurope-espoirs-dathletisme-2025.png","contentUrl":"https:\/\/dicodusport.fr\/blog\/wp-content\/uploads\/2025\/07\/Programme-et-resultats-Championnats-dEurope-espoirs-dathletisme-2025.png","width":1200,"height":674,"caption":"Programme et r\u00e9sultats Championnats d'Europe espoirs d'athl\u00e9tisme 2025"},{"@type":"WebSite","@id":"https:\/\/dicodusport.fr\/blog\/#website","url":"https:\/\/dicodusport.fr\/blog\/","name":"Dicodusport","description":"L&#039;encyclop\u00e9die de l&#039;actualit\u00e9 sportive","publisher":{"@id":"https:\/\/dicodusport.fr\/blog\/#organization"},"potentialAction":[{"@type":"SearchAction","target":{"@type":"EntryPoint","urlTemplate":"https:\/\/dicodusport.fr\/blog\/?s={search_term_string}"},"query-input":{"@type":"PropertyValueSpecification","valueRequired":true,"valueName":"search_term_string"}}],"inLanguage":"fr-FR"},{"@type":"NewsMediaOrganization","@id":"https:\/\/dicodusport.fr\/blog\/#organization","name":"Dicodusport","url":"https:\/\/dicodusport.fr\/blog\/","logo":{"@type":"ImageObject","inLanguage":"fr-FR","@id":"https:\/\/dicodusport.fr\/blog\/#\/schema\/logo\/image\/","url":"https:\/\/dicodusport.fr\/blog\/wp-content\/uploads\/2020\/06\/cropped-LOGO-DICODUSPORT-2020-SANS-FOND-SANS-TEXTE.png","contentUrl":"https:\/\/dicodusport.fr\/blog\/wp-content\/uploads\/2020\/06\/cropped-LOGO-DICODUSPORT-2020-SANS-FOND-SANS-TEXTE.png","width":512,"height":512,"caption":"Dicodusport"},"image":{"@id":"https:\/\/dicodusport.fr\/blog\/#\/schema\/logo\/image\/"},"sameAs":["https:\/\/www.facebook.com\/dicodusport","https:\/\/x.com\/dicodusport","https:\/\/www.instagram.com\/dicodusport\/","https:\/\/www.youtube.com\/channel\/UC7V2KZ5sd3htJivAbA4ZG3w"],"description":"Dicodusport est l'encyclop\u00e9die de l'actualit\u00e9 sportive.","email":"bonjour@dicodusport.fr","legalName":"DICODUSPORT","foundingDate":"2018-01-14","vatID":"FR71834470973","taxID":"83447097300043","numberOfEmployees":{"@type":"QuantitativeValue","minValue":"1","maxValue":"10"}},{"@type":"Person","@id":"https:\/\/dicodusport.fr\/blog\/#\/schema\/person\/cce96fa88785bd8573e3d43078ac8c79","name":"Arlette Yeye","image":{"@type":"ImageObject","inLanguage":"fr-FR","@id":"https:\/\/dicodusport.fr\/blog\/#\/schema\/person\/image\/","url":"https:\/\/secure.gravatar.com\/avatar\/dca4a6239e6d708e46c45d60e160de6c?s=96&d=wp_user_avatar&r=g","contentUrl":"https:\/\/secure.gravatar.com\/avatar\/dca4a6239e6d708e46c45d60e160de6c?s=96&d=wp_user_avatar&r=g","caption":"Arlette Yeye"},"description":"Journaliste\/r\u00e9dactrice depuis septembre 2015 - Supportrice de Chelsea, j'ai pour sports de pr\u00e9dilection le handball, l'athl\u00e9tisme et le tennis. Si je tweete plus vite que mon ombre, vous pouvez aussi me retrouver les week-ends sur les playgrounds de Bruxelles pour un petit foot ou basket entre potes. Parcourir la France, l'Europe et plus si affinit\u00e9s pour suivre mes sportifs pr\u00e9f\u00e9r\u00e9s ? Mon kif ! Et c'est avec plaisir que je partage les r\u00e9sultats des sports populaires mais \u00e9galement plus confidentiels pour Dicodusport.","sameAs":["https:\/\/x.com\/https:\/\/twitter.com\/Shiclette94"],"url":"https:\/\/dicodusport.fr\/blog\/author\/arlette\/"}]}},"_links":{"self":[{"href":"https:\/\/dicodusport.fr\/blog\/wp-json\/wp\/v2\/posts\/591238","targetHints":{"allow":["GET"]}}],"collection":[{"href":"https:\/\/dicodusport.fr\/blog\/wp-json\/wp\/v2\/posts"}],"about":[{"href":"https:\/\/dicodusport.fr\/blog\/wp-json\/wp\/v2\/types\/post"}],"author":[{"embeddable":true,"href":"https:\/\/dicodusport.fr\/blog\/wp-json\/wp\/v2\/users\/12"}],"replies":[{"embeddable":true,"href":"https:\/\/dicodusport.fr\/blog\/wp-json\/wp\/v2\/comments?post=591238"}],"version-history":[{"count":6,"href":"https:\/\/dicodusport.fr\/blog\/wp-json\/wp\/v2\/posts\/591238\/revisions"}],"predecessor-version":[{"id":597003,"href":"https:\/\/dicodusport.fr\/blog\/wp-json\/wp\/v2\/posts\/591238\/revisions\/597003"}],"wp:featuredmedia":[{"embeddable":true,"href":"https:\/\/dicodusport.fr\/blog\/wp-json\/wp\/v2\/media\/595205"}],"wp:attachment":[{"href":"https:\/\/dicodusport.fr\/blog\/wp-json\/wp\/v2\/media?parent=591238"}],"wp:term":[{"taxonomy":"category","embeddable":true,"href":"https:\/\/dicodusport.fr\/blog\/wp-json\/wp\/v2\/categories?post=591238"},{"taxonomy":"post_tag","embeddable":true,"href":"https:\/\/dicodusport.fr\/blog\/wp-json\/wp\/v2\/tags?post=591238"}],"curies":[{"name":"wp","href":"https:\/\/api.w.org\/{rel}","templated":true}]}}