{"id":591444,"date":"2025-07-04T08:19:10","date_gmt":"2025-07-04T06:19:10","guid":{"rendered":"https:\/\/dicodusport.fr\/blog\/?p=591444&#038;preview=true&#038;preview_id=591444"},"modified":"2025-07-04T08:19:28","modified_gmt":"2025-07-04T06:19:28","slug":"qui-sont-les-favoris-pour-le-maillot-vert-du-tour-de-france-2025","status":"publish","type":"post","link":"https:\/\/dicodusport.fr\/blog\/qui-sont-les-favoris-pour-le-maillot-vert-du-tour-de-france-2025\/","title":{"rendered":"Qui sont les favoris pour le maillot vert du Tour de France 2025 ?"},"content":{"rendered":"<p style=\"text-align: justify;\"><strong><em>TOUR DE FRANCE 2025 &#8211; Qui succ\u00e8dera \u00e0 Biniam Girmay au palmar\u00e8s du classement par points ? Dicodusport passe en revue les pr\u00e9tendants \u00e0 la tunique verte.<\/em><\/strong><\/p>\n<ul>\n<li style=\"text-align: justify;\"><strong>\u00c0 ce sujet \u2013\u00a0<a href=\"https:\/\/dicodusport.fr\/blog\/actualites\/cyclisme\/\">Toute l\u2019actualit\u00e9 du cyclisme<\/a><\/strong><\/li>\n<\/ul>\n<p style=\"text-align: justify;\">Nombre de pr\u00e9tendants, d\u00e9clar\u00e9s ou non, auront leur chance de ramener le maillot vert le 27 juillet \u00e0 Paris. En effet, le bar\u00e8me tr\u00e8s ouvert que propose ce Tour de France 2025 peut favoriser \u00e0 la fois un coureur tout-terrain, un pur sprinteur, voire un <a href=\"https:\/\/dicodusport.fr\/blog\/les-records-que-peut-viser-tadej-pogacar-sur-le-tour-de-france-2025\/\"><strong>Tadej Pogacar<\/strong><\/a> en mode cannibale.<\/p>\n<ul>\n<li style=\"text-align: justify;\"><strong>\u00c0 ce sujet \u2013\u00a0<a href=\"https:\/\/dicodusport.fr\/blog\/cyclisme-mercato-2025-2026-le-tableau-des-transferts\/\">Cyclisme Mercato 2025-2026 \u2013 Le tableau des transferts<\/a><\/strong><\/li>\n<\/ul>\n<h2 style=\"text-align: justify;\">Biniam Girmay candidat \u00e0 sa propre succession ?<\/h2>\n<p style=\"text-align: justify;\">Tout d&rsquo;abord, citons <a href=\"https:\/\/dicodusport.fr\/blog\/tour-de-france-2024-classement-du-maillot-vert\/\">le tenant du titre du classement par points<\/a> en la personne de l&rsquo;\u00c9rythr\u00e9en <strong>Biniam Girmay<\/strong>. Le coureur d&rsquo;Intermarch\u00e9-Wanty poss\u00e8de toutes les qualit\u00e9s requises intrins\u00e8quement pour conserver son bien : pointe de vitesse, passe bien les bosses, bon sprinteur. Cependant, il est apparu plus en difficult\u00e9 cette ann\u00e9e et n&rsquo;a pas encore lev\u00e9 les bras en 2025. Son \u00e9tat de forme \u00e0 l&rsquo;approche de la Grande Boucle reste un myst\u00e8re. En outre, dans son registre, il aura la concurrence de deux gros clients avec <strong>Mathieu van der Poel<\/strong> (Alpecin &#8211; Deceuninck) et <strong>Wout Van Aert<\/strong> (Visma Lease a Bike), quand bien m\u00eame ces derniers ne joueraient pas le maillot vert, ce qui reste \u00e0 prouver.<\/p>\n<blockquote class=\"twitter-tweet\">\n<p dir=\"ltr\" lang=\"fr\">Gloire \u00e0 Biniam Girmay, premier maillot vert africain de l&rsquo;histoire du Tour de France ! <a href=\"https:\/\/twitter.com\/hashtag\/TDF2024?src=hash&amp;ref_src=twsrc%5Etfw\">#TDF2024<\/a> <a href=\"https:\/\/twitter.com\/hashtag\/LesRP?src=hash&amp;ref_src=twsrc%5Etfw\">#LesRP<\/a> <a href=\"https:\/\/t.co\/CTnqj6ai4i\">pic.twitter.com\/CTnqj6ai4i<\/a><\/p>\n<p>\u2014 Eurosport France (@Eurosport_FR) <a href=\"https:\/\/twitter.com\/Eurosport_FR\/status\/1815030398830719380?ref_src=twsrc%5Etfw\">July 21, 2024<\/a><\/p><\/blockquote>\n<p><script async src=\"https:\/\/platform.twitter.com\/widgets.js\" charset=\"utf-8\"><\/script><\/p>\n<ul>\n<li style=\"text-align: justify;\"><strong>\u00c0 ce sujet &#8211; <a href=\"https:\/\/dicodusport.fr\/blog\/tour-de-france-2025-la-grande-boucle-est-elle-devenue-un-cimetiere-pour-les-sprinteurs\/\">Tour de France 2025 : La Grande Boucle est-elle devenue un cimeti\u00e8re pour les sprinteurs ?<\/a><\/strong><\/li>\n<\/ul>\n<h2 style=\"text-align: justify;\">Les purs sprinteurs condamn\u00e9s ?<\/h2>\n<p style=\"text-align: justify;\">Ensuite, il para\u00eet naturel de citer les principaux sprinteurs align\u00e9s sur ce Tour de France. Les trois noms qui sortent du lot sont <strong>Tim Merlier<\/strong> (Soudal Quick-Step), <strong>Jonathan Milan<\/strong> (Lidl-Trek) et <strong>Jasper Philipsen<\/strong> (Alpecin &#8211; Deceuninck), vainqueur du classement en 2023. Toutefois, plusieurs arguments ne vont pas vraiment en leur faveur :<\/p>\n<ul>\n<li style=\"text-align: justify;\">l&rsquo;\u00e9tablissement d&rsquo;un bar\u00e8me qui offre autant de points \u00e0 M\u00fbr-de-Bretagne qu&rsquo;\u00e0 Laval, par exemple pour le vainqueur ;<\/li>\n<li style=\"text-align: justify;\">la pr\u00e9sence de six ou sept \u00e9tapes seulement qui peuvent se terminer par un sprint massif ;<\/li>\n<li style=\"text-align: justify;\">un \u00e9ventuel partage des bouquets \u00e0 pr\u00e9voir entre les trois cadors.<\/li>\n<\/ul>\n<p style=\"text-align: justify;\">Difficile donc de voir ici un futur gagnant du classement par points, m\u00eame si on ne peut \u00e9videmment pas totalement les \u00e9carter de la course au maillot vert.<\/p>\n<div class=\"vlp-link-container vlp-layout-article\"><a href=\"https:\/\/dicodusport.fr\/blog\/tour-de-france-2025-aso-cherche-t-elle-a-favoriser-pogacar-et-van-der-poel-pour-le-maillot-vert\/\" class=\"vlp-link\" title=\"Tour de France 2025\u00a0: ASO cherche-t-elle \u00e0 favoriser Pogacar et van der Poel pour le maillot vert\u00a0?\"><\/a><div class=\"vlp-layout-zone-side\"><div class=\"vlp-block-4 vlp-link-image\"><img loading=\"lazy\" decoding=\"async\" style=\"max-width: 792px;\" width=\"792\" height=\"445\" src=\"https:\/\/dicodusport.fr\/blog\/wp-content\/uploads\/2025\/06\/Tour-de-France-2025-ASO-cherche-t-elle-a-favoriser-Pogacar-et-van-der-Poel-pour-le-maillot-vert-.png\" class=\"attachment-800x445 size-800x445\" alt=\"Tour de France 2025\u00a0 ASO cherche-t-elle \u00e0 favoriser Pogacar et van der Poel pour le maillot vert\u00a0\" srcset=\"https:\/\/dicodusport.fr\/blog\/wp-content\/uploads\/2025\/06\/Tour-de-France-2025-ASO-cherche-t-elle-a-favoriser-Pogacar-et-van-der-Poel-pour-le-maillot-vert-.png 1200w, https:\/\/dicodusport.fr\/blog\/wp-content\/uploads\/2025\/06\/Tour-de-France-2025-ASO-cherche-t-elle-a-favoriser-Pogacar-et-van-der-Poel-pour-le-maillot-vert--300x169.png 300w, https:\/\/dicodusport.fr\/blog\/wp-content\/uploads\/2025\/06\/Tour-de-France-2025-ASO-cherche-t-elle-a-favoriser-Pogacar-et-van-der-Poel-pour-le-maillot-vert--1024x575.png 1024w, https:\/\/dicodusport.fr\/blog\/wp-content\/uploads\/2025\/06\/Tour-de-France-2025-ASO-cherche-t-elle-a-favoriser-Pogacar-et-van-der-Poel-pour-le-maillot-vert--768x431.png 768w\" sizes=\"auto, (max-width: 792px) 100vw, 792px\" \/><\/div><\/div><div class=\"vlp-layout-zone-main\"><div class=\"vlp-block-0 vlp-link-title\">Tour de France 2025\u00a0: ASO cherche-t-elle \u00e0 favoriser Pogacar et van der Poel pour le maillot vert\u00a0?<\/div><div class=\"vlp-block-1 vlp-link-summary\">Le bar\u00e8me des points distribu\u00e9s sur les arriv\u00e9es d\u2019\u00e9tapes du Tour de France 2025 fait d\u00e9bat. Les sprinteurs risquent d\u2019\u00eatre largement d\u00e9savantag\u00e9s, alors que des coureurs comme Tadej Pogacar ou Mathieu van der Poel vont profiter d\u2019arriv\u00e9es \u00ab punchy \u00bb.<\/div><div class=\"vlp-block-2 vlp-link-button\">Lire l'article<\/div><div class=\"vlp-block-3 vlp-link-url\">dicodusport.fr<\/div><\/div><\/div>\n<ul>\n<li style=\"text-align: justify;\"><strong>\u00c0 ce sujet &#8211; <a href=\"https:\/\/dicodusport.fr\/blog\/tour-de-france-2025-les-5-paris-de-la-redaction\/\">Tour de France 2025 : Les 5 paris de la r\u00e9daction<\/a><\/strong><\/li>\n<\/ul>\n<h2 style=\"text-align: justify;\">Et si Tadej Pogacar mettait tout le monde d&rsquo;accord ?<\/h2>\n<p style=\"text-align: justify;\">Enfin, il est loin d&rsquo;\u00eatre improbable qu&rsquo;on assiste \u00e0 une victoire de <strong>Tadej Pogacar<\/strong> pour ce classement. Si le Slov\u00e8ne choisit de se mettre en mode cannibale et de rafler quelques \u00e9tapes pour puncheurs purs, exercice o\u00f9 il excelle \u00e9galement, il pourrait scorer un maximum de points en plus de ceux acquis dans les \u00e9tapes de montagne traditionnelles. Le leader de la formation UAE Team Emirates &#8211; XRG est peut-\u00eatre en qu\u00eate d&rsquo;un nouveau d\u00e9fi un peu fou : celui de rapporter les trois principaux maillots distinctifs \u00e0 Paris. Si le pari est audacieux, il semble largement \u00e0 la port\u00e9e d&rsquo;un <strong>Pogacar<\/strong> toujours aussi stratosph\u00e9rique cette saison.<\/p>\n<div>\n<h3 style=\"text-align: justify;\">Voir \u00e9galement<\/h3>\n<div class=\"vlp-link-container vlp-layout-article\"><a href=\"https:\/\/dicodusport.fr\/blog\/tour-de-france-2025-les-23-equipes-et-leurs-coureurs\/\" class=\"vlp-link\" title=\"Tour de France 2025 : Les 23 \u00e9quipes et leurs coureurs\"><\/a><div class=\"vlp-layout-zone-side\"><div class=\"vlp-block-4 vlp-link-image\"><img loading=\"lazy\" decoding=\"async\" style=\"max-width: 792px;\" width=\"792\" height=\"445\" src=\"https:\/\/dicodusport.fr\/blog\/wp-content\/uploads\/2025\/06\/Tour-de-France-2025-Les-23-equipes-et-leurs-coureurs-1.png\" class=\"attachment-800x445 size-800x445\" alt=\"Tour de France 2025 Les 23 \u00e9quipes et leurs coureurs\" srcset=\"https:\/\/dicodusport.fr\/blog\/wp-content\/uploads\/2025\/06\/Tour-de-France-2025-Les-23-equipes-et-leurs-coureurs-1.png 1200w, https:\/\/dicodusport.fr\/blog\/wp-content\/uploads\/2025\/06\/Tour-de-France-2025-Les-23-equipes-et-leurs-coureurs-1-300x169.png 300w, https:\/\/dicodusport.fr\/blog\/wp-content\/uploads\/2025\/06\/Tour-de-France-2025-Les-23-equipes-et-leurs-coureurs-1-1024x575.png 1024w, https:\/\/dicodusport.fr\/blog\/wp-content\/uploads\/2025\/06\/Tour-de-France-2025-Les-23-equipes-et-leurs-coureurs-1-768x431.png 768w\" sizes=\"auto, (max-width: 792px) 100vw, 792px\" \/><\/div><\/div><div class=\"vlp-layout-zone-main\"><div class=\"vlp-block-0 vlp-link-title\">Tour de France 2025 : Les 23 \u00e9quipes et leurs coureurs<\/div><div class=\"vlp-block-1 vlp-link-summary\">TOUR DE FRANCE 2025 - D\u00e9couvrez les compositions des \u00e9quipes pour le Tour de France 2025, au fur et \u00e0 mesure que les s\u00e9lections sont annonc\u00e9es par les teams.<\/div><div class=\"vlp-block-2 vlp-link-button\">Lire l'article<\/div><div class=\"vlp-block-3 vlp-link-url\">dicodusport.fr<\/div><\/div><\/div>\n<\/div>\n","protected":false},"excerpt":{"rendered":"<p>TOUR DE FRANCE 2025 &#8211; Qui succ\u00e8dera \u00e0 Biniam Girmay au palmar\u00e8s du classement par points ? Tour d&rsquo;horizon des favoris.<\/p>\n","protected":false},"author":92,"featured_media":591765,"comment_status":"open","ping_status":"closed","sticky":false,"template":"","format":"standard","meta":{"_acf_changed":false,"_daextam_enable_autolinks":"1","footnotes":""},"categories":[46995],"tags":[32415,16878,11484,1262],"class_list":["post-591444","post","type-post","status-publish","format-standard","has-post-thumbnail","hentry","category-tour-de-france","tag-actu","tag-breve","tag-maillot-vert-tour-de-france","tag-tour-de-france"],"acf":[],"yoast_head":"<!-- This site is optimized with the Yoast SEO Premium plugin v26.7 (Yoast SEO v26.7) - https:\/\/yoast.com\/wordpress\/plugins\/seo\/ -->\n<title>Qui sont les favoris pour le maillot vert du Tour de France 2025 ?<\/title>\n<meta name=\"description\" content=\"TOUR DE FRANCE 2025 - Qui succ\u00e8dera \u00e0 Biniam Girmay au palmar\u00e8s du classement par points ? Tour d&#039;horizon des favoris.\" \/>\n<meta name=\"robots\" content=\"index, follow, max-snippet:-1, max-image-preview:large, max-video-preview:-1\" \/>\n<link rel=\"canonical\" href=\"https:\/\/dicodusport.fr\/blog\/qui-sont-les-favoris-pour-le-maillot-vert-du-tour-de-france-2025\/\" \/>\n<meta property=\"og:locale\" content=\"fr_FR\" \/>\n<meta property=\"og:type\" content=\"article\" \/>\n<meta property=\"og:title\" content=\"Merlier, Milan, Pogacar... Qui sont les favoris pour le maillot vers du Tour de France 2025 ?\" \/>\n<meta property=\"og:description\" content=\"TOUR DE FRANCE 2025 - Qui succ\u00e8dera \u00e0 Biniam Girmay au palmar\u00e8s du classement par points ? Tour d&#039;horizon des favoris.\" \/>\n<meta property=\"og:url\" content=\"https:\/\/dicodusport.fr\/blog\/qui-sont-les-favoris-pour-le-maillot-vert-du-tour-de-france-2025\/\" \/>\n<meta property=\"og:site_name\" content=\"Dicodusport\" \/>\n<meta property=\"article:publisher\" content=\"https:\/\/www.facebook.com\/dicodusport\" \/>\n<meta property=\"article:published_time\" content=\"2025-07-04T06:19:10+00:00\" \/>\n<meta property=\"article:modified_time\" content=\"2025-07-04T06:19:28+00:00\" \/>\n<meta property=\"og:image\" content=\"https:\/\/dicodusport.fr\/blog\/wp-content\/uploads\/2025\/06\/Qui-sont-les-favoris-pour-le-maillot-vert-du-Tour-de-France-2025-.png\" \/>\n\t<meta property=\"og:image:width\" content=\"1200\" \/>\n\t<meta property=\"og:image:height\" content=\"674\" \/>\n\t<meta property=\"og:image:type\" content=\"image\/png\" \/>\n<meta name=\"author\" content=\"Olivier Dobiezynski\" \/>\n<meta name=\"twitter:card\" content=\"summary_large_image\" \/>\n<meta name=\"twitter:title\" content=\"Merlier, Milan, Pogacar... Qui sont les favoris pour le maillot vers du Tour de France 2025 ?\" \/>\n<meta name=\"twitter:creator\" content=\"@https:\/\/x.com\/Olivier_Matros\" \/>\n<meta name=\"twitter:site\" content=\"@dicodusport\" \/>\n<script type=\"application\/ld+json\" class=\"yoast-schema-graph\">{\"@context\":\"https:\/\/schema.org\",\"@graph\":[{\"@type\":\"NewsArticle\",\"@id\":\"https:\/\/dicodusport.fr\/blog\/qui-sont-les-favoris-pour-le-maillot-vert-du-tour-de-france-2025\/#article\",\"isPartOf\":{\"@id\":\"https:\/\/dicodusport.fr\/blog\/qui-sont-les-favoris-pour-le-maillot-vert-du-tour-de-france-2025\/\"},\"author\":{\"name\":\"Olivier Dobiezynski\",\"@id\":\"https:\/\/dicodusport.fr\/blog\/#\/schema\/person\/fe500246414ca17ddf0c0312d7a792cc\"},\"headline\":\"Qui sont les favoris pour le maillot vert du Tour de France 2025 ?\",\"datePublished\":\"2025-07-04T06:19:10+00:00\",\"dateModified\":\"2025-07-04T06:19:28+00:00\",\"mainEntityOfPage\":{\"@id\":\"https:\/\/dicodusport.fr\/blog\/qui-sont-les-favoris-pour-le-maillot-vert-du-tour-de-france-2025\/\"},\"wordCount\":743,\"commentCount\":0,\"publisher\":{\"@id\":\"https:\/\/dicodusport.fr\/blog\/#organization\"},\"image\":{\"@id\":\"https:\/\/dicodusport.fr\/blog\/qui-sont-les-favoris-pour-le-maillot-vert-du-tour-de-france-2025\/#primaryimage\"},\"thumbnailUrl\":\"https:\/\/dicodusport.fr\/blog\/wp-content\/uploads\/2025\/06\/Qui-sont-les-favoris-pour-le-maillot-vert-du-Tour-de-France-2025-.png\",\"keywords\":[\"actu\",\"br\u00e8ve\",\"Maillot vert Tour de France\",\"Tour de France\"],\"articleSection\":[\"Tour de France\"],\"inLanguage\":\"fr-FR\",\"potentialAction\":[{\"@type\":\"CommentAction\",\"name\":\"Comment\",\"target\":[\"https:\/\/dicodusport.fr\/blog\/qui-sont-les-favoris-pour-le-maillot-vert-du-tour-de-france-2025\/#respond\"]}],\"copyrightYear\":\"2025\",\"copyrightHolder\":{\"@id\":\"https:\/\/dicodusport.fr\/blog\/#organization\"}},{\"@type\":\"WebPage\",\"@id\":\"https:\/\/dicodusport.fr\/blog\/qui-sont-les-favoris-pour-le-maillot-vert-du-tour-de-france-2025\/\",\"url\":\"https:\/\/dicodusport.fr\/blog\/qui-sont-les-favoris-pour-le-maillot-vert-du-tour-de-france-2025\/\",\"name\":\"Qui sont les favoris pour le maillot vert du Tour de France 2025 ?\",\"isPartOf\":{\"@id\":\"https:\/\/dicodusport.fr\/blog\/#website\"},\"primaryImageOfPage\":{\"@id\":\"https:\/\/dicodusport.fr\/blog\/qui-sont-les-favoris-pour-le-maillot-vert-du-tour-de-france-2025\/#primaryimage\"},\"image\":{\"@id\":\"https:\/\/dicodusport.fr\/blog\/qui-sont-les-favoris-pour-le-maillot-vert-du-tour-de-france-2025\/#primaryimage\"},\"thumbnailUrl\":\"https:\/\/dicodusport.fr\/blog\/wp-content\/uploads\/2025\/06\/Qui-sont-les-favoris-pour-le-maillot-vert-du-Tour-de-France-2025-.png\",\"datePublished\":\"2025-07-04T06:19:10+00:00\",\"dateModified\":\"2025-07-04T06:19:28+00:00\",\"description\":\"TOUR DE FRANCE 2025 - Qui succ\u00e8dera \u00e0 Biniam Girmay au palmar\u00e8s du classement par points ? Tour d'horizon des favoris.\",\"breadcrumb\":{\"@id\":\"https:\/\/dicodusport.fr\/blog\/qui-sont-les-favoris-pour-le-maillot-vert-du-tour-de-france-2025\/#breadcrumb\"},\"inLanguage\":\"fr-FR\",\"potentialAction\":[{\"@type\":\"ReadAction\",\"target\":[\"https:\/\/dicodusport.fr\/blog\/qui-sont-les-favoris-pour-le-maillot-vert-du-tour-de-france-2025\/\"]}]},{\"@type\":\"ImageObject\",\"inLanguage\":\"fr-FR\",\"@id\":\"https:\/\/dicodusport.fr\/blog\/qui-sont-les-favoris-pour-le-maillot-vert-du-tour-de-france-2025\/#primaryimage\",\"url\":\"https:\/\/dicodusport.fr\/blog\/wp-content\/uploads\/2025\/06\/Qui-sont-les-favoris-pour-le-maillot-vert-du-Tour-de-France-2025-.png\",\"contentUrl\":\"https:\/\/dicodusport.fr\/blog\/wp-content\/uploads\/2025\/06\/Qui-sont-les-favoris-pour-le-maillot-vert-du-Tour-de-France-2025-.png\",\"width\":1200,\"height\":674,\"caption\":\"Qui sont les favoris pour le maillot vert du Tour de France 2025\"},{\"@type\":\"BreadcrumbList\",\"@id\":\"https:\/\/dicodusport.fr\/blog\/qui-sont-les-favoris-pour-le-maillot-vert-du-tour-de-france-2025\/#breadcrumb\",\"itemListElement\":[{\"@type\":\"ListItem\",\"position\":1,\"name\":\"Accueil\",\"item\":\"https:\/\/dicodusport.fr\/blog\/\"},{\"@type\":\"ListItem\",\"position\":2,\"name\":\"Qui sont les favoris pour le maillot vert du Tour de France 2025 ?\"}]},{\"@type\":\"WebSite\",\"@id\":\"https:\/\/dicodusport.fr\/blog\/#website\",\"url\":\"https:\/\/dicodusport.fr\/blog\/\",\"name\":\"Dicodusport\",\"description\":\"L&#039;encyclop\u00e9die de l&#039;actualit\u00e9 sportive\",\"publisher\":{\"@id\":\"https:\/\/dicodusport.fr\/blog\/#organization\"},\"potentialAction\":[{\"@type\":\"SearchAction\",\"target\":{\"@type\":\"EntryPoint\",\"urlTemplate\":\"https:\/\/dicodusport.fr\/blog\/?s={search_term_string}\"},\"query-input\":{\"@type\":\"PropertyValueSpecification\",\"valueRequired\":true,\"valueName\":\"search_term_string\"}}],\"inLanguage\":\"fr-FR\"},{\"@type\":\"NewsMediaOrganization\",\"@id\":\"https:\/\/dicodusport.fr\/blog\/#organization\",\"name\":\"Dicodusport\",\"url\":\"https:\/\/dicodusport.fr\/blog\/\",\"logo\":{\"@type\":\"ImageObject\",\"inLanguage\":\"fr-FR\",\"@id\":\"https:\/\/dicodusport.fr\/blog\/#\/schema\/logo\/image\/\",\"url\":\"https:\/\/dicodusport.fr\/blog\/wp-content\/uploads\/2020\/06\/cropped-LOGO-DICODUSPORT-2020-SANS-FOND-SANS-TEXTE.png\",\"contentUrl\":\"https:\/\/dicodusport.fr\/blog\/wp-content\/uploads\/2020\/06\/cropped-LOGO-DICODUSPORT-2020-SANS-FOND-SANS-TEXTE.png\",\"width\":512,\"height\":512,\"caption\":\"Dicodusport\"},\"image\":{\"@id\":\"https:\/\/dicodusport.fr\/blog\/#\/schema\/logo\/image\/\"},\"sameAs\":[\"https:\/\/www.facebook.com\/dicodusport\",\"https:\/\/x.com\/dicodusport\",\"https:\/\/www.instagram.com\/dicodusport\/\",\"https:\/\/www.youtube.com\/channel\/UC7V2KZ5sd3htJivAbA4ZG3w\"],\"description\":\"Dicodusport est l'encyclop\u00e9die de l'actualit\u00e9 sportive.\",\"email\":\"bonjour@dicodusport.fr\",\"legalName\":\"DICODUSPORT\",\"foundingDate\":\"2018-01-14\",\"vatID\":\"FR71834470973\",\"taxID\":\"83447097300043\",\"numberOfEmployees\":{\"@type\":\"QuantitativeValue\",\"minValue\":\"1\",\"maxValue\":\"10\"}},{\"@type\":\"Person\",\"@id\":\"https:\/\/dicodusport.fr\/blog\/#\/schema\/person\/fe500246414ca17ddf0c0312d7a792cc\",\"name\":\"Olivier Dobiezynski\",\"image\":{\"@type\":\"ImageObject\",\"inLanguage\":\"fr-FR\",\"@id\":\"https:\/\/dicodusport.fr\/blog\/#\/schema\/person\/image\/\",\"url\":\"https:\/\/dicodusport.fr\/blog\/wp-content\/uploads\/2024\/09\/5be8fe8d-9962-4f1e-ad06-d6f9dee30e6d-150x150.jpg\",\"contentUrl\":\"https:\/\/dicodusport.fr\/blog\/wp-content\/uploads\/2024\/09\/5be8fe8d-9962-4f1e-ad06-d6f9dee30e6d-150x150.jpg\",\"caption\":\"Olivier Dobiezynski\"},\"description\":\"Depuis le milieu des ann\u00e9es 90, la passion du cyclisme m'anime. Mes h\u00e9ros s'appellent Luc Leblanc, Piotr Ugrumov, Paolo Savoldelli, Peter Sagan et bien \u00e9videmment Romain Bardet. R\u00e9dacteur depuis 2023, je suis ici pour partager cet amour de la Petite Reine. Vous pourrez me lire \u00e9galement sur du trail, du ski de fond et tout autre sujet susceptible d'\u00e9veiller ma curiosit\u00e9 sportive.\",\"sameAs\":[\"https:\/\/x.com\/https:\/\/x.com\/Olivier_Matros\"],\"url\":\"https:\/\/dicodusport.fr\/blog\/author\/olivier-gh\/\"}]}<\/script>\n<!-- \/ Yoast SEO Premium plugin. -->","yoast_head_json":{"title":"Qui sont les favoris pour le maillot vert du Tour de France 2025 ?","description":"TOUR DE FRANCE 2025 - Qui succ\u00e8dera \u00e0 Biniam Girmay au palmar\u00e8s du classement par points ? Tour d'horizon des favoris.","robots":{"index":"index","follow":"follow","max-snippet":"max-snippet:-1","max-image-preview":"max-image-preview:large","max-video-preview":"max-video-preview:-1"},"canonical":"https:\/\/dicodusport.fr\/blog\/qui-sont-les-favoris-pour-le-maillot-vert-du-tour-de-france-2025\/","og_locale":"fr_FR","og_type":"article","og_title":"Merlier, Milan, Pogacar... Qui sont les favoris pour le maillot vers du Tour de France 2025 ?","og_description":"TOUR DE FRANCE 2025 - Qui succ\u00e8dera \u00e0 Biniam Girmay au palmar\u00e8s du classement par points ? Tour d'horizon des favoris.","og_url":"https:\/\/dicodusport.fr\/blog\/qui-sont-les-favoris-pour-le-maillot-vert-du-tour-de-france-2025\/","og_site_name":"Dicodusport","article_publisher":"https:\/\/www.facebook.com\/dicodusport","article_published_time":"2025-07-04T06:19:10+00:00","article_modified_time":"2025-07-04T06:19:28+00:00","og_image":[{"width":1200,"height":674,"url":"https:\/\/dicodusport.fr\/blog\/wp-content\/uploads\/2025\/06\/Qui-sont-les-favoris-pour-le-maillot-vert-du-Tour-de-France-2025-.png","type":"image\/png"}],"author":"Olivier Dobiezynski","twitter_card":"summary_large_image","twitter_title":"Merlier, Milan, Pogacar... Qui sont les favoris pour le maillot vers du Tour de France 2025 ?","twitter_creator":"@https:\/\/x.com\/Olivier_Matros","twitter_site":"@dicodusport","schema":{"@context":"https:\/\/schema.org","@graph":[{"@type":"NewsArticle","@id":"https:\/\/dicodusport.fr\/blog\/qui-sont-les-favoris-pour-le-maillot-vert-du-tour-de-france-2025\/#article","isPartOf":{"@id":"https:\/\/dicodusport.fr\/blog\/qui-sont-les-favoris-pour-le-maillot-vert-du-tour-de-france-2025\/"},"author":{"name":"Olivier Dobiezynski","@id":"https:\/\/dicodusport.fr\/blog\/#\/schema\/person\/fe500246414ca17ddf0c0312d7a792cc"},"headline":"Qui sont les favoris pour le maillot vert du Tour de France 2025 ?","datePublished":"2025-07-04T06:19:10+00:00","dateModified":"2025-07-04T06:19:28+00:00","mainEntityOfPage":{"@id":"https:\/\/dicodusport.fr\/blog\/qui-sont-les-favoris-pour-le-maillot-vert-du-tour-de-france-2025\/"},"wordCount":743,"commentCount":0,"publisher":{"@id":"https:\/\/dicodusport.fr\/blog\/#organization"},"image":{"@id":"https:\/\/dicodusport.fr\/blog\/qui-sont-les-favoris-pour-le-maillot-vert-du-tour-de-france-2025\/#primaryimage"},"thumbnailUrl":"https:\/\/dicodusport.fr\/blog\/wp-content\/uploads\/2025\/06\/Qui-sont-les-favoris-pour-le-maillot-vert-du-Tour-de-France-2025-.png","keywords":["actu","br\u00e8ve","Maillot vert Tour de France","Tour de France"],"articleSection":["Tour de France"],"inLanguage":"fr-FR","potentialAction":[{"@type":"CommentAction","name":"Comment","target":["https:\/\/dicodusport.fr\/blog\/qui-sont-les-favoris-pour-le-maillot-vert-du-tour-de-france-2025\/#respond"]}],"copyrightYear":"2025","copyrightHolder":{"@id":"https:\/\/dicodusport.fr\/blog\/#organization"}},{"@type":"WebPage","@id":"https:\/\/dicodusport.fr\/blog\/qui-sont-les-favoris-pour-le-maillot-vert-du-tour-de-france-2025\/","url":"https:\/\/dicodusport.fr\/blog\/qui-sont-les-favoris-pour-le-maillot-vert-du-tour-de-france-2025\/","name":"Qui sont les favoris pour le maillot vert du Tour de France 2025 ?","isPartOf":{"@id":"https:\/\/dicodusport.fr\/blog\/#website"},"primaryImageOfPage":{"@id":"https:\/\/dicodusport.fr\/blog\/qui-sont-les-favoris-pour-le-maillot-vert-du-tour-de-france-2025\/#primaryimage"},"image":{"@id":"https:\/\/dicodusport.fr\/blog\/qui-sont-les-favoris-pour-le-maillot-vert-du-tour-de-france-2025\/#primaryimage"},"thumbnailUrl":"https:\/\/dicodusport.fr\/blog\/wp-content\/uploads\/2025\/06\/Qui-sont-les-favoris-pour-le-maillot-vert-du-Tour-de-France-2025-.png","datePublished":"2025-07-04T06:19:10+00:00","dateModified":"2025-07-04T06:19:28+00:00","description":"TOUR DE FRANCE 2025 - Qui succ\u00e8dera \u00e0 Biniam Girmay au palmar\u00e8s du classement par points ? Tour d'horizon des favoris.","breadcrumb":{"@id":"https:\/\/dicodusport.fr\/blog\/qui-sont-les-favoris-pour-le-maillot-vert-du-tour-de-france-2025\/#breadcrumb"},"inLanguage":"fr-FR","potentialAction":[{"@type":"ReadAction","target":["https:\/\/dicodusport.fr\/blog\/qui-sont-les-favoris-pour-le-maillot-vert-du-tour-de-france-2025\/"]}]},{"@type":"ImageObject","inLanguage":"fr-FR","@id":"https:\/\/dicodusport.fr\/blog\/qui-sont-les-favoris-pour-le-maillot-vert-du-tour-de-france-2025\/#primaryimage","url":"https:\/\/dicodusport.fr\/blog\/wp-content\/uploads\/2025\/06\/Qui-sont-les-favoris-pour-le-maillot-vert-du-Tour-de-France-2025-.png","contentUrl":"https:\/\/dicodusport.fr\/blog\/wp-content\/uploads\/2025\/06\/Qui-sont-les-favoris-pour-le-maillot-vert-du-Tour-de-France-2025-.png","width":1200,"height":674,"caption":"Qui sont les favoris pour le maillot vert du Tour de France 2025"},{"@type":"BreadcrumbList","@id":"https:\/\/dicodusport.fr\/blog\/qui-sont-les-favoris-pour-le-maillot-vert-du-tour-de-france-2025\/#breadcrumb","itemListElement":[{"@type":"ListItem","position":1,"name":"Accueil","item":"https:\/\/dicodusport.fr\/blog\/"},{"@type":"ListItem","position":2,"name":"Qui sont les favoris pour le maillot vert du Tour de France 2025 ?"}]},{"@type":"WebSite","@id":"https:\/\/dicodusport.fr\/blog\/#website","url":"https:\/\/dicodusport.fr\/blog\/","name":"Dicodusport","description":"L&#039;encyclop\u00e9die de l&#039;actualit\u00e9 sportive","publisher":{"@id":"https:\/\/dicodusport.fr\/blog\/#organization"},"potentialAction":[{"@type":"SearchAction","target":{"@type":"EntryPoint","urlTemplate":"https:\/\/dicodusport.fr\/blog\/?s={search_term_string}"},"query-input":{"@type":"PropertyValueSpecification","valueRequired":true,"valueName":"search_term_string"}}],"inLanguage":"fr-FR"},{"@type":"NewsMediaOrganization","@id":"https:\/\/dicodusport.fr\/blog\/#organization","name":"Dicodusport","url":"https:\/\/dicodusport.fr\/blog\/","logo":{"@type":"ImageObject","inLanguage":"fr-FR","@id":"https:\/\/dicodusport.fr\/blog\/#\/schema\/logo\/image\/","url":"https:\/\/dicodusport.fr\/blog\/wp-content\/uploads\/2020\/06\/cropped-LOGO-DICODUSPORT-2020-SANS-FOND-SANS-TEXTE.png","contentUrl":"https:\/\/dicodusport.fr\/blog\/wp-content\/uploads\/2020\/06\/cropped-LOGO-DICODUSPORT-2020-SANS-FOND-SANS-TEXTE.png","width":512,"height":512,"caption":"Dicodusport"},"image":{"@id":"https:\/\/dicodusport.fr\/blog\/#\/schema\/logo\/image\/"},"sameAs":["https:\/\/www.facebook.com\/dicodusport","https:\/\/x.com\/dicodusport","https:\/\/www.instagram.com\/dicodusport\/","https:\/\/www.youtube.com\/channel\/UC7V2KZ5sd3htJivAbA4ZG3w"],"description":"Dicodusport est l'encyclop\u00e9die de l'actualit\u00e9 sportive.","email":"bonjour@dicodusport.fr","legalName":"DICODUSPORT","foundingDate":"2018-01-14","vatID":"FR71834470973","taxID":"83447097300043","numberOfEmployees":{"@type":"QuantitativeValue","minValue":"1","maxValue":"10"}},{"@type":"Person","@id":"https:\/\/dicodusport.fr\/blog\/#\/schema\/person\/fe500246414ca17ddf0c0312d7a792cc","name":"Olivier Dobiezynski","image":{"@type":"ImageObject","inLanguage":"fr-FR","@id":"https:\/\/dicodusport.fr\/blog\/#\/schema\/person\/image\/","url":"https:\/\/dicodusport.fr\/blog\/wp-content\/uploads\/2024\/09\/5be8fe8d-9962-4f1e-ad06-d6f9dee30e6d-150x150.jpg","contentUrl":"https:\/\/dicodusport.fr\/blog\/wp-content\/uploads\/2024\/09\/5be8fe8d-9962-4f1e-ad06-d6f9dee30e6d-150x150.jpg","caption":"Olivier Dobiezynski"},"description":"Depuis le milieu des ann\u00e9es 90, la passion du cyclisme m'anime. Mes h\u00e9ros s'appellent Luc Leblanc, Piotr Ugrumov, Paolo Savoldelli, Peter Sagan et bien \u00e9videmment Romain Bardet. R\u00e9dacteur depuis 2023, je suis ici pour partager cet amour de la Petite Reine. Vous pourrez me lire \u00e9galement sur du trail, du ski de fond et tout autre sujet susceptible d'\u00e9veiller ma curiosit\u00e9 sportive.","sameAs":["https:\/\/x.com\/https:\/\/x.com\/Olivier_Matros"],"url":"https:\/\/dicodusport.fr\/blog\/author\/olivier-gh\/"}]}},"_links":{"self":[{"href":"https:\/\/dicodusport.fr\/blog\/wp-json\/wp\/v2\/posts\/591444","targetHints":{"allow":["GET"]}}],"collection":[{"href":"https:\/\/dicodusport.fr\/blog\/wp-json\/wp\/v2\/posts"}],"about":[{"href":"https:\/\/dicodusport.fr\/blog\/wp-json\/wp\/v2\/types\/post"}],"author":[{"embeddable":true,"href":"https:\/\/dicodusport.fr\/blog\/wp-json\/wp\/v2\/users\/92"}],"replies":[{"embeddable":true,"href":"https:\/\/dicodusport.fr\/blog\/wp-json\/wp\/v2\/comments?post=591444"}],"version-history":[{"count":5,"href":"https:\/\/dicodusport.fr\/blog\/wp-json\/wp\/v2\/posts\/591444\/revisions"}],"predecessor-version":[{"id":592386,"href":"https:\/\/dicodusport.fr\/blog\/wp-json\/wp\/v2\/posts\/591444\/revisions\/592386"}],"wp:featuredmedia":[{"embeddable":true,"href":"https:\/\/dicodusport.fr\/blog\/wp-json\/wp\/v2\/media\/591765"}],"wp:attachment":[{"href":"https:\/\/dicodusport.fr\/blog\/wp-json\/wp\/v2\/media?parent=591444"}],"wp:term":[{"taxonomy":"category","embeddable":true,"href":"https:\/\/dicodusport.fr\/blog\/wp-json\/wp\/v2\/categories?post=591444"},{"taxonomy":"post_tag","embeddable":true,"href":"https:\/\/dicodusport.fr\/blog\/wp-json\/wp\/v2\/tags?post=591444"}],"curies":[{"name":"wp","href":"https:\/\/api.w.org\/{rel}","templated":true}]}}