{"id":591730,"date":"2025-06-30T19:22:07","date_gmt":"2025-06-30T17:22:07","guid":{"rendered":"https:\/\/dicodusport.fr\/blog\/?p=591730&#038;preview=true&#038;preview_id=591730"},"modified":"2025-06-30T19:27:13","modified_gmt":"2025-06-30T17:27:13","slug":"transferts-rugby-mahamadou-diaby-melvyn-rates-stade-francais-les-infos-du-lundi-30-juin","status":"publish","type":"post","link":"https:\/\/dicodusport.fr\/blog\/transferts-rugby-mahamadou-diaby-melvyn-rates-stade-francais-les-infos-du-lundi-30-juin\/","title":{"rendered":"Transferts Rugby : Mahamadou Diaby, Melvyn Rates, Stade Fran\u00e7ais, les infos du lundi 30 juin"},"content":{"rendered":"<p style=\"text-align: justify;\" align=\"justify\"><strong><em>TRANSFERTS RUGBY &#8211; Mahamadou Diaby quitte l&rsquo;UBB, la p\u00e9pite Melvyn Rates (Grenoble) arrive en Top 14, une prolongation et une arriv\u00e9e act\u00e9es au Stade Fran\u00e7ais : les infos de ce lundi 30 juin.<\/em><\/strong><\/p>\n<h2 style=\"text-align: justify;\">UBB : Mahamadou Diaby vers l&rsquo;USAP ?<\/h2>\n<p style=\"text-align: justify;\">Alors que l\u2019<strong>Union Bordeaux-B\u00e8gles<\/strong> vient de conclure une saison historique marqu\u00e9e par un titre en <strong>Champions Cup<\/strong> et <a href=\"https:\/\/dicodusport.fr\/blog\/finale-top-14-le-stade-toulousain-decroche-un-24eme-bouclier-de-brennus-apres-sa-victoire-en-prolongations-face-a-lubb\/\">une finale de <strong>Top 14<\/strong> perdue face \u00e0 Toulouse (39-33 apr\u00e8s prolongations)<\/a>, le club girondin pourrait perdre l\u2019un de ses cadres.<\/p>\n<p style=\"text-align: justify;\">Selon les informations de <a href=\"https:\/\/www.sudouest.fr\/sport\/rugby\/top14\/finale-ubb-toulouse\/inffo-sud-ouest-ubb-mecontent-mahamadou-diaby-veut-quitter-le-club-25046049.php\"><em>Sud Ouest<\/em><\/a>, <strong>Mahamadou Diaby<\/strong> a fait part de son souhait de quitter l\u2019UBB malgr\u00e9 un contrat courant jusqu\u2019en 2026. Une rumeur qu&rsquo;il a confirm\u00e9e dans un entretien accord\u00e9 \u00e0 nos confr\u00e8res de <a href=\"https:\/\/www.rugbyrama.fr\/2025\/06\/30\/top-14-exclusif-je-sens-quon-na-plus-trop-besoin-de-moi-ici-mahamadou-diaby-annonce-son-depart-de-lubb-12794088.php\"><em>Rugbyrama<\/em><\/a>. Le troisi\u00e8me ligne de 35 ans, \u00e9cart\u00e9 du groupe lors de la phase finale du championnat, n\u2019aurait pas dig\u00e9r\u00e9 cette d\u00e9cision sportive. Un rendez-vous est pr\u00e9vu cette semaine avec le pr\u00e9sident <strong>Laurent Marti<\/strong> pour discuter d\u2019une possible rupture anticip\u00e9e.<\/p>\n<p style=\"text-align: justify;\">Arriv\u00e9 \u00e0 Bordeaux en 2016, <strong>Diaby<\/strong> a \u00e9t\u00e9 l\u2019un des piliers de l\u2019\u00e9quipe ces derni\u00e8res ann\u00e9es. Titulaire en finale de Champions Cup, son absence lors du sprint final du Top 14 a laiss\u00e9 des traces. Dans un effectif particuli\u00e8rement dense, le manager <strong>Yannick Bru<\/strong> lui a pr\u00e9f\u00e9r\u00e9 d\u2019autres profils, ce qui aurait pr\u00e9cipit\u00e9 son choix.<\/p>\n<p style=\"text-align: justify;\"><strong>Diaby<\/strong> pourrait d\u00e9sormais rebondir \u00e0 l\u2019USAP, en qu\u00eate d\u2019un renfort exp\u00e9riment\u00e9 au poste de troisi\u00e8me ligne aile. Si son d\u00e9part se concr\u00e9tisait, il mettrait fin \u00e0 une aventure de neuf saisons sous les couleurs girondines.<\/p>\n<p style=\"text-align: justify;\"><em><strong>L&rsquo;avis de Dicodusport<\/strong> <strong>: <\/strong>La petite surprise de ces derni\u00e8res heures sur le march\u00e9 des mutations. D\u00e9\u00e7u, Diaby va changer d&rsquo;air. L&rsquo;UBB perd l\u00e0 un sacr\u00e9 combattant et un joueur qui ne rechigne jamais \u00e0 s&rsquo;occuper des t\u00e2ches obscures. En revanche, si l&rsquo;USAP le r\u00e9cup\u00e8re, ce sera un sacr\u00e9 coup r\u00e9alis\u00e9 par le club catalan.<\/em><\/p>\n<ul style=\"text-align: justify;\">\n<li style=\"text-align: justify;\"><strong>\u00c0 ce sujet &#8211;\u00a0<a href=\"https:\/\/dicodusport.fr\/blog\/transferts-mahamadou-diaby-veut-quitter-lubb-pour-rejoindre-un-autre-club-de-top-14\/\">Transferts : Mahamadou Diaby veut quitter l\u2019UBB pour rejoindre un autre club de Top 14<\/a><\/strong><\/li>\n<\/ul>\n<h2 style=\"text-align: justify;\">Montpellier : Melvyn Rates (Grenoble) s&rsquo;est engag\u00e9<\/h2>\n<p style=\"text-align: justify;\">Le <strong>Montpellier H\u00e9rault Rugby<\/strong> poursuit sa politique de recrutement ax\u00e9e sur la jeunesse en attirant l\u2019un des espoirs les plus prometteurs du rugby fran\u00e7ais. <strong>Melvyn Rates<\/strong>, ailier de 19 ans, quitte le <strong>FC Grenoble<\/strong> pour rejoindre le Top 14.<\/p>\n<p style=\"text-align: justify;\">Rep\u00e9r\u00e9 pour ses performances avec les \u00e9quipes de jeunes, <strong>Rates<\/strong> s\u2019est notamment illustr\u00e9 cet hiver lors du Tournoi des Six Nations U20, avec une titularisation face \u00e0 l\u2019Italie ponctu\u00e9e d\u2019un essai en seulement 54 minutes de jeu. Surclass\u00e9 avec les Bleuets, il n\u2019a toutefois pas encore fait ses d\u00e9buts professionnels en <strong>Pro D2<\/strong>, barr\u00e9 par une forte concurrence au sein d\u2019un effectif grenoblois qui a \u00e9chou\u00e9 aux portes de la mont\u00e9e.<\/p>\n<p style=\"text-align: justify;\">Selon <em>Midi Olympique<\/em>, <strong>Montpellier<\/strong> a d\u00fb racheter la derni\u00e8re ann\u00e9e de contrat de Rates pour finaliser l\u2019op\u00e9ration, preuve de l\u2019int\u00e9r\u00eat que lui porte le staff h\u00e9raultais. Plusieurs clubs de Top 14 \u00e9taient sur les rangs, mais c\u2019est le MHR qui a remport\u00e9 la mise.<\/p>\n<p style=\"text-align: justify;\">Le club montpelli\u00e9rain, qui a vu \u00e9clore <strong>Ma\u00ebl Moustin<\/strong> dans un r\u00f4le similaire \u2014 titulaire \u00e0 16 reprises cette saison apr\u00e8s un titre mondial U20 en 2023 \u2014 esp\u00e8re offrir \u00e0 <strong>Melvyn Rates<\/strong> un cadre propice \u00e0 son d\u00e9veloppement. Un nouvel ailier \u00e0 suivre de tr\u00e8s pr\u00e8s, alors que <strong>Montpellier<\/strong> mise sur la rel\u00e8ve pour construire son avenir.<\/p>\n<p style=\"text-align: justify;\"><em><strong>L&rsquo;avis de Dicodusport<\/strong> <strong>:\u00a0<\/strong>Le MHR poursuit le rajeunissement de son effectif, en s&rsquo;offrant une nouvelle p\u00e9pite. En esp\u00e9rant que le club h\u00e9raultais le fasse jouer rapidement, afin qu&rsquo;il prenne de l&rsquo;exp\u00e9rience au plus haut niveau.<\/em><\/p>\n<ul style=\"text-align: justify;\">\n<li style=\"text-align: justify;\"><strong>\u00c0 ce sujet &#8211;\u00a0<a href=\"https:\/\/dicodusport.fr\/blog\/transferts-grenoble-la-pepite-melvyn-rates-signe-en-top-14\/\">Transferts Grenoble : La p\u00e9pite Melvyn Rates signe en Top 14<\/a><\/strong><\/li>\n<\/ul>\n<h2 style=\"text-align: justify;\">Stade Fran\u00e7ais : Pierre-Henri Azagoh prolonge, Iakopo Mapu arrive<\/h2>\n<p style=\"text-align: justify;\">Malgr\u00e9 les turbulences qui ont secou\u00e9 le <strong>Stade Fran\u00e7ais<\/strong> cette saison, <strong>Pierre-Henri Azagoh<\/strong> fait le choix de la stabilit\u00e9. Le deuxi\u00e8me-ligne international aurait, selon les informations de <a href=\"https:\/\/www.lequipe.fr\/Rugby\/Actualites\/Pierre-henri-azagoh-prolonge-jusqu-en-2028-avec-le-stade-francais\/1574246\"><em>L\u2019\u00c9quipe<\/em><\/a>, prolong\u00e9 son contrat jusqu\u2019en 2028 avec le club parisien.<\/p>\n<p style=\"text-align: justify;\">Form\u00e9 \u00e0 Massy, <strong>Azagoh<\/strong> (26 ans) a rejoint la capitale en 2019. Depuis, il a disput\u00e9 90 matchs sous les couleurs parisiennes, dont 15 cette saison. Polyvalent puisque capable d\u2019\u00e9voluer en deuxi\u00e8me ou troisi\u00e8me ligne, il compte deux s\u00e9lections avec le XV de France et demeure l\u2019un des \u00e9l\u00e9ments les plus constants de l\u2019effectif.<\/p>\n<p style=\"text-align: justify;\">Alors qu\u2019il \u00e9tait initialement sous contrat jusqu\u2019en 2026, <strong>Azagoh<\/strong> a choisi de prolonger de deux ann\u00e9es suppl\u00e9mentaires, dans un club qu\u2019il a vu \u00e9voluer au fil de six entra\u00eeneurs principaux en six saisons, dont le dernier en date, <strong>Paul Gustard<\/strong>, \u00e0 la t\u00eate de l\u2019\u00e9quipe depuis f\u00e9vrier 2025.<\/p>\n<div class=\"vlp-link-container vlp-layout-article\"><a href=\"https:\/\/dicodusport.fr\/blog\/transferts-stade-francais-pierre-henri-azagoh-a-tranche-pour-son-avenir\/\" class=\"vlp-link\" title=\"Transferts Stade Fran\u00e7ais : Pierre-Henri Azagoh a tranch\u00e9 pour son avenir\"><\/a><div class=\"vlp-layout-zone-side\"><div class=\"vlp-block-4 vlp-link-image\"><img loading=\"lazy\" decoding=\"async\" style=\"max-width: 792px;\" width=\"792\" height=\"445\" src=\"https:\/\/dicodusport.fr\/blog\/wp-content\/uploads\/2025\/06\/Transferts-Stade-Francais-Pierre-Henri-Azagoh-a-tranche-pour-son-avenir.png\" class=\"attachment-800x445 size-800x445\" alt=\"Transferts Stade Fran\u00e7ais Pierre-Henri Azagoh a tranch\u00e9 pour son avenir\" srcset=\"https:\/\/dicodusport.fr\/blog\/wp-content\/uploads\/2025\/06\/Transferts-Stade-Francais-Pierre-Henri-Azagoh-a-tranche-pour-son-avenir.png 1200w, https:\/\/dicodusport.fr\/blog\/wp-content\/uploads\/2025\/06\/Transferts-Stade-Francais-Pierre-Henri-Azagoh-a-tranche-pour-son-avenir-300x169.png 300w, https:\/\/dicodusport.fr\/blog\/wp-content\/uploads\/2025\/06\/Transferts-Stade-Francais-Pierre-Henri-Azagoh-a-tranche-pour-son-avenir-1024x575.png 1024w, https:\/\/dicodusport.fr\/blog\/wp-content\/uploads\/2025\/06\/Transferts-Stade-Francais-Pierre-Henri-Azagoh-a-tranche-pour-son-avenir-768x431.png 768w\" sizes=\"auto, (max-width: 792px) 100vw, 792px\" \/><\/div><\/div><div class=\"vlp-layout-zone-main\"><div class=\"vlp-block-0 vlp-link-title\">Transferts Stade Fran\u00e7ais : Pierre-Henri Azagoh a tranch\u00e9 pour son avenir<\/div><div class=\"vlp-block-1 vlp-link-summary\">Certains ont quitt\u00e9 le navire, mais lui reste \u00e0 Paris. Le deuxi\u00e8me-ligne Pierre-Henri Aazagoh aurait d\u00e9cid\u00e9 de prolonger jusqu\u2019en 2028 avec le Stade Fran\u00e7ais.<\/div><div class=\"vlp-block-2 vlp-link-button\">Lire l'article<\/div><div class=\"vlp-block-3 vlp-link-url\">dicodusport.fr<\/div><\/div><\/div>\n<p style=\"text-align: justify;\">En parall\u00e8le, le <strong>Stade Fran\u00e7ais<\/strong> continue de renforcer son effectif pour la saison 2025-2026. Ce lundi, le club parisien a officialis\u00e9 l\u2019arriv\u00e9e du troisi\u00e8me-ligne samoan <strong>Iakopo Mapu<\/strong>, en provenance des <strong>Northampton Saints<\/strong>.<\/p>\n<p style=\"text-align: justify;\">\u00c2g\u00e9 de 27 ans, <strong>Mapu<\/strong> (1,83 m, 106 kg) est un joueur au profil puissant. Il avait rejoint le club anglais en novembre 2024, participant \u00e0 sept rencontres \u2013 dont trois titularisations \u2013 sans toutefois prendre part \u00e0 la finale de Champions Cup perdue face \u00e0 l\u2019Union Bordeaux-B\u00e8gles. Une courte exp\u00e9rience, mais formatrice pour l\u2019international samoan, qui comptabilise six s\u00e9lections avec sa s\u00e9lection nationale.<\/p>\n<p style=\"text-align: justify;\">Avec ce renfort, le <strong>Stade Fran\u00e7ais<\/strong> vise \u00e0 densifier son pack et renforcer une troisi\u00e8me ligne en qu\u00eate de stabilit\u00e9, apr\u00e8s une saison \u00e9prouvante boucl\u00e9e \u00e0 la 12\u00e8me place du Top 14. Le recrutement de <strong>Mapu<\/strong> s\u2019inscrit dans la volont\u00e9 du club parisien de se reconstruire autour d\u2019un groupe plus homog\u00e8ne et internationalement exp\u00e9riment\u00e9.<\/p>\n<p style=\"text-align: justify;\"><em><strong>L&rsquo;avis de Dicodusport<\/strong> <strong>:\u00a0<\/strong>Double bonne nouvelle pour Paris, avec la prolongation d&rsquo;un cadre et l&rsquo;arriv\u00e9e d&rsquo;une r\u00e9elle plus-value en troisi\u00e8me ligne ! Le Stade Fran\u00e7ais se donne les moyens de rebondir en vue de la saison prochaine.<\/em><\/p>\n<p>&nbsp;<\/p>\n","protected":false},"excerpt":{"rendered":"<p>Mahamadou Diaby quitte l&rsquo;UBB, la p\u00e9pite Melvyn Rates (Grenoble) arrive en Top 14, une prolongation et une arriv\u00e9e act\u00e9es au Stade Fran\u00e7ais : les infos de ce lundi 30 juin.<\/p>\n","protected":false},"author":4,"featured_media":591736,"comment_status":"open","ping_status":"closed","sticky":false,"template":"","format":"standard","meta":{"_acf_changed":false,"_daextam_enable_autolinks":"1","footnotes":""},"categories":[47050],"tags":[16878,29105],"class_list":["post-591730","post","type-post","status-publish","format-standard","has-post-thumbnail","hentry","category-top-14","tag-breve","tag-transferts-rugby"],"acf":[],"yoast_head":"<!-- This site is optimized with the Yoast SEO Premium plugin v26.7 (Yoast SEO v26.7) - https:\/\/yoast.com\/wordpress\/plugins\/seo\/ -->\n<title>Transferts Rugby : Mahamadou Diaby, Melvyn Rates, Stade Fran\u00e7ais, les infos du lundi 30 juin<\/title>\n<meta name=\"description\" content=\"Mahamadou Diaby quitte l&#039;UBB, la p\u00e9pite Melvyn Rates (Grenoble) arrive en Top 14, une prolongation et une arriv\u00e9e act\u00e9es au Stade Fran\u00e7ais : les infos de ce lundi 30 juin.\" \/>\n<meta name=\"robots\" content=\"index, follow, max-snippet:-1, max-image-preview:large, max-video-preview:-1\" \/>\n<link rel=\"canonical\" href=\"https:\/\/dicodusport.fr\/blog\/transferts-rugby-mahamadou-diaby-melvyn-rates-stade-francais-les-infos-du-lundi-30-juin\/\" \/>\n<meta property=\"og:locale\" content=\"fr_FR\" \/>\n<meta property=\"og:type\" content=\"article\" \/>\n<meta property=\"og:title\" content=\"Transferts Rugby : Mahamadou Diaby, Melvyn Rates, Stade Fran\u00e7ais, les infos du lundi 30 juin\" \/>\n<meta property=\"og:description\" content=\"Mahamadou Diaby quitte l&#039;UBB, la p\u00e9pite Melvyn Rates (Grenoble) arrive en Top 14, une prolongation et une arriv\u00e9e act\u00e9es au Stade Fran\u00e7ais : les infos de ce lundi 30 juin.\" \/>\n<meta property=\"og:url\" content=\"https:\/\/dicodusport.fr\/blog\/transferts-rugby-mahamadou-diaby-melvyn-rates-stade-francais-les-infos-du-lundi-30-juin\/\" \/>\n<meta property=\"og:site_name\" content=\"Dicodusport\" \/>\n<meta property=\"article:publisher\" content=\"https:\/\/www.facebook.com\/dicodusport\" \/>\n<meta property=\"article:author\" content=\"https:\/\/www.facebook.com\/florent.ostermann\" \/>\n<meta property=\"article:published_time\" content=\"2025-06-30T17:22:07+00:00\" \/>\n<meta property=\"article:modified_time\" content=\"2025-06-30T17:27:13+00:00\" \/>\n<meta property=\"og:image\" content=\"https:\/\/dicodusport.fr\/blog\/wp-content\/uploads\/2025\/06\/Transferts-Rugby-Mahamadou-Diaby-Melvyn-Rates-Stade-Francais-les-infos-du-lundi-30-juin.png\" \/>\n\t<meta property=\"og:image:width\" content=\"1200\" \/>\n\t<meta property=\"og:image:height\" content=\"674\" \/>\n\t<meta property=\"og:image:type\" content=\"image\/png\" \/>\n<meta name=\"author\" content=\"Flo Ostermann\" \/>\n<meta name=\"twitter:card\" content=\"summary_large_image\" \/>\n<meta name=\"twitter:title\" content=\"Transferts Rugby : Mahamadou Diaby, Melvyn Rates, Stade Fran\u00e7ais, les infos du lundi 30 juin\" \/>\n<meta name=\"twitter:creator\" content=\"@https:\/\/twitter.com\/FlOstermann\" \/>\n<meta name=\"twitter:site\" content=\"@dicodusport\" \/>\n<script type=\"application\/ld+json\" class=\"yoast-schema-graph\">{\"@context\":\"https:\/\/schema.org\",\"@graph\":[{\"@type\":\"NewsArticle\",\"@id\":\"https:\/\/dicodusport.fr\/blog\/transferts-rugby-mahamadou-diaby-melvyn-rates-stade-francais-les-infos-du-lundi-30-juin\/#article\",\"isPartOf\":{\"@id\":\"https:\/\/dicodusport.fr\/blog\/transferts-rugby-mahamadou-diaby-melvyn-rates-stade-francais-les-infos-du-lundi-30-juin\/\"},\"author\":{\"name\":\"Flo Ostermann\",\"@id\":\"https:\/\/dicodusport.fr\/blog\/#\/schema\/person\/cb02af4c173ce4a653b55e9baf388d4a\"},\"headline\":\"Transferts Rugby : Mahamadou Diaby, Melvyn Rates, Stade Fran\u00e7ais, les infos du lundi 30 juin\",\"datePublished\":\"2025-06-30T17:22:07+00:00\",\"dateModified\":\"2025-06-30T17:27:13+00:00\",\"mainEntityOfPage\":{\"@id\":\"https:\/\/dicodusport.fr\/blog\/transferts-rugby-mahamadou-diaby-melvyn-rates-stade-francais-les-infos-du-lundi-30-juin\/\"},\"wordCount\":1098,\"commentCount\":0,\"publisher\":{\"@id\":\"https:\/\/dicodusport.fr\/blog\/#organization\"},\"image\":{\"@id\":\"https:\/\/dicodusport.fr\/blog\/transferts-rugby-mahamadou-diaby-melvyn-rates-stade-francais-les-infos-du-lundi-30-juin\/#primaryimage\"},\"thumbnailUrl\":\"https:\/\/dicodusport.fr\/blog\/wp-content\/uploads\/2025\/06\/Transferts-Rugby-Mahamadou-Diaby-Melvyn-Rates-Stade-Francais-les-infos-du-lundi-30-juin.png\",\"keywords\":[\"br\u00e8ve\",\"Transferts rugby\"],\"articleSection\":[\"Top 14\"],\"inLanguage\":\"fr-FR\",\"potentialAction\":[{\"@type\":\"CommentAction\",\"name\":\"Comment\",\"target\":[\"https:\/\/dicodusport.fr\/blog\/transferts-rugby-mahamadou-diaby-melvyn-rates-stade-francais-les-infos-du-lundi-30-juin\/#respond\"]}],\"copyrightYear\":\"2025\",\"copyrightHolder\":{\"@id\":\"https:\/\/dicodusport.fr\/blog\/#organization\"}},{\"@type\":\"WebPage\",\"@id\":\"https:\/\/dicodusport.fr\/blog\/transferts-rugby-mahamadou-diaby-melvyn-rates-stade-francais-les-infos-du-lundi-30-juin\/\",\"url\":\"https:\/\/dicodusport.fr\/blog\/transferts-rugby-mahamadou-diaby-melvyn-rates-stade-francais-les-infos-du-lundi-30-juin\/\",\"name\":\"Transferts Rugby : Mahamadou Diaby, Melvyn Rates, Stade Fran\u00e7ais, les infos du lundi 30 juin\",\"isPartOf\":{\"@id\":\"https:\/\/dicodusport.fr\/blog\/#website\"},\"primaryImageOfPage\":{\"@id\":\"https:\/\/dicodusport.fr\/blog\/transferts-rugby-mahamadou-diaby-melvyn-rates-stade-francais-les-infos-du-lundi-30-juin\/#primaryimage\"},\"image\":{\"@id\":\"https:\/\/dicodusport.fr\/blog\/transferts-rugby-mahamadou-diaby-melvyn-rates-stade-francais-les-infos-du-lundi-30-juin\/#primaryimage\"},\"thumbnailUrl\":\"https:\/\/dicodusport.fr\/blog\/wp-content\/uploads\/2025\/06\/Transferts-Rugby-Mahamadou-Diaby-Melvyn-Rates-Stade-Francais-les-infos-du-lundi-30-juin.png\",\"datePublished\":\"2025-06-30T17:22:07+00:00\",\"dateModified\":\"2025-06-30T17:27:13+00:00\",\"description\":\"Mahamadou Diaby quitte l'UBB, la p\u00e9pite Melvyn Rates (Grenoble) arrive en Top 14, une prolongation et une arriv\u00e9e act\u00e9es au Stade Fran\u00e7ais : les infos de ce lundi 30 juin.\",\"breadcrumb\":{\"@id\":\"https:\/\/dicodusport.fr\/blog\/transferts-rugby-mahamadou-diaby-melvyn-rates-stade-francais-les-infos-du-lundi-30-juin\/#breadcrumb\"},\"inLanguage\":\"fr-FR\",\"potentialAction\":[{\"@type\":\"ReadAction\",\"target\":[\"https:\/\/dicodusport.fr\/blog\/transferts-rugby-mahamadou-diaby-melvyn-rates-stade-francais-les-infos-du-lundi-30-juin\/\"]}]},{\"@type\":\"ImageObject\",\"inLanguage\":\"fr-FR\",\"@id\":\"https:\/\/dicodusport.fr\/blog\/transferts-rugby-mahamadou-diaby-melvyn-rates-stade-francais-les-infos-du-lundi-30-juin\/#primaryimage\",\"url\":\"https:\/\/dicodusport.fr\/blog\/wp-content\/uploads\/2025\/06\/Transferts-Rugby-Mahamadou-Diaby-Melvyn-Rates-Stade-Francais-les-infos-du-lundi-30-juin.png\",\"contentUrl\":\"https:\/\/dicodusport.fr\/blog\/wp-content\/uploads\/2025\/06\/Transferts-Rugby-Mahamadou-Diaby-Melvyn-Rates-Stade-Francais-les-infos-du-lundi-30-juin.png\",\"width\":1200,\"height\":674,\"caption\":\"Transferts Rugby Mahamadou Diaby, Melvyn Rates, Stade Fran\u00e7ais, les infos du lundi 30 juin\"},{\"@type\":\"BreadcrumbList\",\"@id\":\"https:\/\/dicodusport.fr\/blog\/transferts-rugby-mahamadou-diaby-melvyn-rates-stade-francais-les-infos-du-lundi-30-juin\/#breadcrumb\",\"itemListElement\":[{\"@type\":\"ListItem\",\"position\":1,\"name\":\"Accueil\",\"item\":\"https:\/\/dicodusport.fr\/blog\/\"},{\"@type\":\"ListItem\",\"position\":2,\"name\":\"Transferts Rugby : Mahamadou Diaby, Melvyn Rates, Stade Fran\u00e7ais, les infos du lundi 30 juin\"}]},{\"@type\":\"WebSite\",\"@id\":\"https:\/\/dicodusport.fr\/blog\/#website\",\"url\":\"https:\/\/dicodusport.fr\/blog\/\",\"name\":\"Dicodusport\",\"description\":\"L&#039;encyclop\u00e9die de l&#039;actualit\u00e9 sportive\",\"publisher\":{\"@id\":\"https:\/\/dicodusport.fr\/blog\/#organization\"},\"potentialAction\":[{\"@type\":\"SearchAction\",\"target\":{\"@type\":\"EntryPoint\",\"urlTemplate\":\"https:\/\/dicodusport.fr\/blog\/?s={search_term_string}\"},\"query-input\":{\"@type\":\"PropertyValueSpecification\",\"valueRequired\":true,\"valueName\":\"search_term_string\"}}],\"inLanguage\":\"fr-FR\"},{\"@type\":\"NewsMediaOrganization\",\"@id\":\"https:\/\/dicodusport.fr\/blog\/#organization\",\"name\":\"Dicodusport\",\"url\":\"https:\/\/dicodusport.fr\/blog\/\",\"logo\":{\"@type\":\"ImageObject\",\"inLanguage\":\"fr-FR\",\"@id\":\"https:\/\/dicodusport.fr\/blog\/#\/schema\/logo\/image\/\",\"url\":\"https:\/\/dicodusport.fr\/blog\/wp-content\/uploads\/2020\/06\/cropped-LOGO-DICODUSPORT-2020-SANS-FOND-SANS-TEXTE.png\",\"contentUrl\":\"https:\/\/dicodusport.fr\/blog\/wp-content\/uploads\/2020\/06\/cropped-LOGO-DICODUSPORT-2020-SANS-FOND-SANS-TEXTE.png\",\"width\":512,\"height\":512,\"caption\":\"Dicodusport\"},\"image\":{\"@id\":\"https:\/\/dicodusport.fr\/blog\/#\/schema\/logo\/image\/\"},\"sameAs\":[\"https:\/\/www.facebook.com\/dicodusport\",\"https:\/\/x.com\/dicodusport\",\"https:\/\/www.instagram.com\/dicodusport\/\",\"https:\/\/www.youtube.com\/channel\/UC7V2KZ5sd3htJivAbA4ZG3w\"],\"description\":\"Dicodusport est l'encyclop\u00e9die de l'actualit\u00e9 sportive.\",\"email\":\"bonjour@dicodusport.fr\",\"legalName\":\"DICODUSPORT\",\"foundingDate\":\"2018-01-14\",\"vatID\":\"FR71834470973\",\"taxID\":\"83447097300043\",\"numberOfEmployees\":{\"@type\":\"QuantitativeValue\",\"minValue\":\"1\",\"maxValue\":\"10\"}},{\"@type\":\"Person\",\"@id\":\"https:\/\/dicodusport.fr\/blog\/#\/schema\/person\/cb02af4c173ce4a653b55e9baf388d4a\",\"name\":\"Flo Ostermann\",\"image\":{\"@type\":\"ImageObject\",\"inLanguage\":\"fr-FR\",\"@id\":\"https:\/\/dicodusport.fr\/blog\/#\/schema\/person\/image\/\",\"url\":\"https:\/\/dicodusport.fr\/blog\/wp-content\/uploads\/2021\/05\/Flo-Ostermann-150x150.jpg\",\"contentUrl\":\"https:\/\/dicodusport.fr\/blog\/wp-content\/uploads\/2021\/05\/Flo-Ostermann-150x150.jpg\",\"caption\":\"Flo Ostermann\"},\"description\":\"Journaliste\/R\u00e9dacteur depuis septembre 2015 - Mes premiers souvenirs dans le sport ? Les envol\u00e9es du Stade Toulousain et les duels Villeneuve-Schumacher et H\u00e4kkinen-Schumacher \u00e0 la fin des ann\u00e9es 90, la Coupe du monde de football en 1998, l\u2019exploit du XV de France face aux All Blacks en 1999, mais aussi Richard C\u0153ur de Lion qui vole sur les montagnes du Tour de France. Bien parti pour devenir professeur d\u2019EPS, les \u00e9v\u00e9nements de la vie (et la flemme d\u2019animer des s\u00e9ances de 3x500 m\u00e8tres toute ma vie) m\u2019ont conduit \u00e0 revoir mes plans. Me voil\u00e0 depuis fin 2017 sur Dicodusport, m\u00e9dia gr\u00e2ce (et pour) lequel je partage ma passion : le sport dans tous ses \u00e9tats. Le tout accompagn\u00e9 par les fous furieux et folles furieuses cit\u00e9s sur cette page !\",\"sameAs\":[\"https:\/\/www.facebook.com\/florent.ostermann\",\"https:\/\/x.com\/https:\/\/twitter.com\/FlOstermann\",\"admin\"],\"url\":\"https:\/\/dicodusport.fr\/blog\/author\/flo\/\"}]}<\/script>\n<!-- \/ Yoast SEO Premium plugin. -->","yoast_head_json":{"title":"Transferts Rugby : Mahamadou Diaby, Melvyn Rates, Stade Fran\u00e7ais, les infos du lundi 30 juin","description":"Mahamadou Diaby quitte l'UBB, la p\u00e9pite Melvyn Rates (Grenoble) arrive en Top 14, une prolongation et une arriv\u00e9e act\u00e9es au Stade Fran\u00e7ais : les infos de ce lundi 30 juin.","robots":{"index":"index","follow":"follow","max-snippet":"max-snippet:-1","max-image-preview":"max-image-preview:large","max-video-preview":"max-video-preview:-1"},"canonical":"https:\/\/dicodusport.fr\/blog\/transferts-rugby-mahamadou-diaby-melvyn-rates-stade-francais-les-infos-du-lundi-30-juin\/","og_locale":"fr_FR","og_type":"article","og_title":"Transferts Rugby : Mahamadou Diaby, Melvyn Rates, Stade Fran\u00e7ais, les infos du lundi 30 juin","og_description":"Mahamadou Diaby quitte l'UBB, la p\u00e9pite Melvyn Rates (Grenoble) arrive en Top 14, une prolongation et une arriv\u00e9e act\u00e9es au Stade Fran\u00e7ais : les infos de ce lundi 30 juin.","og_url":"https:\/\/dicodusport.fr\/blog\/transferts-rugby-mahamadou-diaby-melvyn-rates-stade-francais-les-infos-du-lundi-30-juin\/","og_site_name":"Dicodusport","article_publisher":"https:\/\/www.facebook.com\/dicodusport","article_author":"https:\/\/www.facebook.com\/florent.ostermann","article_published_time":"2025-06-30T17:22:07+00:00","article_modified_time":"2025-06-30T17:27:13+00:00","og_image":[{"width":1200,"height":674,"url":"https:\/\/dicodusport.fr\/blog\/wp-content\/uploads\/2025\/06\/Transferts-Rugby-Mahamadou-Diaby-Melvyn-Rates-Stade-Francais-les-infos-du-lundi-30-juin.png","type":"image\/png"}],"author":"Flo Ostermann","twitter_card":"summary_large_image","twitter_title":"Transferts Rugby : Mahamadou Diaby, Melvyn Rates, Stade Fran\u00e7ais, les infos du lundi 30 juin","twitter_creator":"@https:\/\/twitter.com\/FlOstermann","twitter_site":"@dicodusport","schema":{"@context":"https:\/\/schema.org","@graph":[{"@type":"NewsArticle","@id":"https:\/\/dicodusport.fr\/blog\/transferts-rugby-mahamadou-diaby-melvyn-rates-stade-francais-les-infos-du-lundi-30-juin\/#article","isPartOf":{"@id":"https:\/\/dicodusport.fr\/blog\/transferts-rugby-mahamadou-diaby-melvyn-rates-stade-francais-les-infos-du-lundi-30-juin\/"},"author":{"name":"Flo Ostermann","@id":"https:\/\/dicodusport.fr\/blog\/#\/schema\/person\/cb02af4c173ce4a653b55e9baf388d4a"},"headline":"Transferts Rugby : Mahamadou Diaby, Melvyn Rates, Stade Fran\u00e7ais, les infos du lundi 30 juin","datePublished":"2025-06-30T17:22:07+00:00","dateModified":"2025-06-30T17:27:13+00:00","mainEntityOfPage":{"@id":"https:\/\/dicodusport.fr\/blog\/transferts-rugby-mahamadou-diaby-melvyn-rates-stade-francais-les-infos-du-lundi-30-juin\/"},"wordCount":1098,"commentCount":0,"publisher":{"@id":"https:\/\/dicodusport.fr\/blog\/#organization"},"image":{"@id":"https:\/\/dicodusport.fr\/blog\/transferts-rugby-mahamadou-diaby-melvyn-rates-stade-francais-les-infos-du-lundi-30-juin\/#primaryimage"},"thumbnailUrl":"https:\/\/dicodusport.fr\/blog\/wp-content\/uploads\/2025\/06\/Transferts-Rugby-Mahamadou-Diaby-Melvyn-Rates-Stade-Francais-les-infos-du-lundi-30-juin.png","keywords":["br\u00e8ve","Transferts rugby"],"articleSection":["Top 14"],"inLanguage":"fr-FR","potentialAction":[{"@type":"CommentAction","name":"Comment","target":["https:\/\/dicodusport.fr\/blog\/transferts-rugby-mahamadou-diaby-melvyn-rates-stade-francais-les-infos-du-lundi-30-juin\/#respond"]}],"copyrightYear":"2025","copyrightHolder":{"@id":"https:\/\/dicodusport.fr\/blog\/#organization"}},{"@type":"WebPage","@id":"https:\/\/dicodusport.fr\/blog\/transferts-rugby-mahamadou-diaby-melvyn-rates-stade-francais-les-infos-du-lundi-30-juin\/","url":"https:\/\/dicodusport.fr\/blog\/transferts-rugby-mahamadou-diaby-melvyn-rates-stade-francais-les-infos-du-lundi-30-juin\/","name":"Transferts Rugby : Mahamadou Diaby, Melvyn Rates, Stade Fran\u00e7ais, les infos du lundi 30 juin","isPartOf":{"@id":"https:\/\/dicodusport.fr\/blog\/#website"},"primaryImageOfPage":{"@id":"https:\/\/dicodusport.fr\/blog\/transferts-rugby-mahamadou-diaby-melvyn-rates-stade-francais-les-infos-du-lundi-30-juin\/#primaryimage"},"image":{"@id":"https:\/\/dicodusport.fr\/blog\/transferts-rugby-mahamadou-diaby-melvyn-rates-stade-francais-les-infos-du-lundi-30-juin\/#primaryimage"},"thumbnailUrl":"https:\/\/dicodusport.fr\/blog\/wp-content\/uploads\/2025\/06\/Transferts-Rugby-Mahamadou-Diaby-Melvyn-Rates-Stade-Francais-les-infos-du-lundi-30-juin.png","datePublished":"2025-06-30T17:22:07+00:00","dateModified":"2025-06-30T17:27:13+00:00","description":"Mahamadou Diaby quitte l'UBB, la p\u00e9pite Melvyn Rates (Grenoble) arrive en Top 14, une prolongation et une arriv\u00e9e act\u00e9es au Stade Fran\u00e7ais : les infos de ce lundi 30 juin.","breadcrumb":{"@id":"https:\/\/dicodusport.fr\/blog\/transferts-rugby-mahamadou-diaby-melvyn-rates-stade-francais-les-infos-du-lundi-30-juin\/#breadcrumb"},"inLanguage":"fr-FR","potentialAction":[{"@type":"ReadAction","target":["https:\/\/dicodusport.fr\/blog\/transferts-rugby-mahamadou-diaby-melvyn-rates-stade-francais-les-infos-du-lundi-30-juin\/"]}]},{"@type":"ImageObject","inLanguage":"fr-FR","@id":"https:\/\/dicodusport.fr\/blog\/transferts-rugby-mahamadou-diaby-melvyn-rates-stade-francais-les-infos-du-lundi-30-juin\/#primaryimage","url":"https:\/\/dicodusport.fr\/blog\/wp-content\/uploads\/2025\/06\/Transferts-Rugby-Mahamadou-Diaby-Melvyn-Rates-Stade-Francais-les-infos-du-lundi-30-juin.png","contentUrl":"https:\/\/dicodusport.fr\/blog\/wp-content\/uploads\/2025\/06\/Transferts-Rugby-Mahamadou-Diaby-Melvyn-Rates-Stade-Francais-les-infos-du-lundi-30-juin.png","width":1200,"height":674,"caption":"Transferts Rugby Mahamadou Diaby, Melvyn Rates, Stade Fran\u00e7ais, les infos du lundi 30 juin"},{"@type":"BreadcrumbList","@id":"https:\/\/dicodusport.fr\/blog\/transferts-rugby-mahamadou-diaby-melvyn-rates-stade-francais-les-infos-du-lundi-30-juin\/#breadcrumb","itemListElement":[{"@type":"ListItem","position":1,"name":"Accueil","item":"https:\/\/dicodusport.fr\/blog\/"},{"@type":"ListItem","position":2,"name":"Transferts Rugby : Mahamadou Diaby, Melvyn Rates, Stade Fran\u00e7ais, les infos du lundi 30 juin"}]},{"@type":"WebSite","@id":"https:\/\/dicodusport.fr\/blog\/#website","url":"https:\/\/dicodusport.fr\/blog\/","name":"Dicodusport","description":"L&#039;encyclop\u00e9die de l&#039;actualit\u00e9 sportive","publisher":{"@id":"https:\/\/dicodusport.fr\/blog\/#organization"},"potentialAction":[{"@type":"SearchAction","target":{"@type":"EntryPoint","urlTemplate":"https:\/\/dicodusport.fr\/blog\/?s={search_term_string}"},"query-input":{"@type":"PropertyValueSpecification","valueRequired":true,"valueName":"search_term_string"}}],"inLanguage":"fr-FR"},{"@type":"NewsMediaOrganization","@id":"https:\/\/dicodusport.fr\/blog\/#organization","name":"Dicodusport","url":"https:\/\/dicodusport.fr\/blog\/","logo":{"@type":"ImageObject","inLanguage":"fr-FR","@id":"https:\/\/dicodusport.fr\/blog\/#\/schema\/logo\/image\/","url":"https:\/\/dicodusport.fr\/blog\/wp-content\/uploads\/2020\/06\/cropped-LOGO-DICODUSPORT-2020-SANS-FOND-SANS-TEXTE.png","contentUrl":"https:\/\/dicodusport.fr\/blog\/wp-content\/uploads\/2020\/06\/cropped-LOGO-DICODUSPORT-2020-SANS-FOND-SANS-TEXTE.png","width":512,"height":512,"caption":"Dicodusport"},"image":{"@id":"https:\/\/dicodusport.fr\/blog\/#\/schema\/logo\/image\/"},"sameAs":["https:\/\/www.facebook.com\/dicodusport","https:\/\/x.com\/dicodusport","https:\/\/www.instagram.com\/dicodusport\/","https:\/\/www.youtube.com\/channel\/UC7V2KZ5sd3htJivAbA4ZG3w"],"description":"Dicodusport est l'encyclop\u00e9die de l'actualit\u00e9 sportive.","email":"bonjour@dicodusport.fr","legalName":"DICODUSPORT","foundingDate":"2018-01-14","vatID":"FR71834470973","taxID":"83447097300043","numberOfEmployees":{"@type":"QuantitativeValue","minValue":"1","maxValue":"10"}},{"@type":"Person","@id":"https:\/\/dicodusport.fr\/blog\/#\/schema\/person\/cb02af4c173ce4a653b55e9baf388d4a","name":"Flo Ostermann","image":{"@type":"ImageObject","inLanguage":"fr-FR","@id":"https:\/\/dicodusport.fr\/blog\/#\/schema\/person\/image\/","url":"https:\/\/dicodusport.fr\/blog\/wp-content\/uploads\/2021\/05\/Flo-Ostermann-150x150.jpg","contentUrl":"https:\/\/dicodusport.fr\/blog\/wp-content\/uploads\/2021\/05\/Flo-Ostermann-150x150.jpg","caption":"Flo Ostermann"},"description":"Journaliste\/R\u00e9dacteur depuis septembre 2015 - Mes premiers souvenirs dans le sport ? Les envol\u00e9es du Stade Toulousain et les duels Villeneuve-Schumacher et H\u00e4kkinen-Schumacher \u00e0 la fin des ann\u00e9es 90, la Coupe du monde de football en 1998, l\u2019exploit du XV de France face aux All Blacks en 1999, mais aussi Richard C\u0153ur de Lion qui vole sur les montagnes du Tour de France. Bien parti pour devenir professeur d\u2019EPS, les \u00e9v\u00e9nements de la vie (et la flemme d\u2019animer des s\u00e9ances de 3x500 m\u00e8tres toute ma vie) m\u2019ont conduit \u00e0 revoir mes plans. Me voil\u00e0 depuis fin 2017 sur Dicodusport, m\u00e9dia gr\u00e2ce (et pour) lequel je partage ma passion : le sport dans tous ses \u00e9tats. Le tout accompagn\u00e9 par les fous furieux et folles furieuses cit\u00e9s sur cette page !","sameAs":["https:\/\/www.facebook.com\/florent.ostermann","https:\/\/x.com\/https:\/\/twitter.com\/FlOstermann","admin"],"url":"https:\/\/dicodusport.fr\/blog\/author\/flo\/"}]}},"_links":{"self":[{"href":"https:\/\/dicodusport.fr\/blog\/wp-json\/wp\/v2\/posts\/591730","targetHints":{"allow":["GET"]}}],"collection":[{"href":"https:\/\/dicodusport.fr\/blog\/wp-json\/wp\/v2\/posts"}],"about":[{"href":"https:\/\/dicodusport.fr\/blog\/wp-json\/wp\/v2\/types\/post"}],"author":[{"embeddable":true,"href":"https:\/\/dicodusport.fr\/blog\/wp-json\/wp\/v2\/users\/4"}],"replies":[{"embeddable":true,"href":"https:\/\/dicodusport.fr\/blog\/wp-json\/wp\/v2\/comments?post=591730"}],"version-history":[{"count":4,"href":"https:\/\/dicodusport.fr\/blog\/wp-json\/wp\/v2\/posts\/591730\/revisions"}],"predecessor-version":[{"id":591741,"href":"https:\/\/dicodusport.fr\/blog\/wp-json\/wp\/v2\/posts\/591730\/revisions\/591741"}],"wp:featuredmedia":[{"embeddable":true,"href":"https:\/\/dicodusport.fr\/blog\/wp-json\/wp\/v2\/media\/591736"}],"wp:attachment":[{"href":"https:\/\/dicodusport.fr\/blog\/wp-json\/wp\/v2\/media?parent=591730"}],"wp:term":[{"taxonomy":"category","embeddable":true,"href":"https:\/\/dicodusport.fr\/blog\/wp-json\/wp\/v2\/categories?post=591730"},{"taxonomy":"post_tag","embeddable":true,"href":"https:\/\/dicodusport.fr\/blog\/wp-json\/wp\/v2\/tags?post=591730"}],"curies":[{"name":"wp","href":"https:\/\/api.w.org\/{rel}","templated":true}]}}