{"id":591854,"date":"2025-07-01T14:15:17","date_gmt":"2025-07-01T12:15:17","guid":{"rendered":"https:\/\/dicodusport.fr\/blog\/?p=591854&#038;preview=true&#038;preview_id=591854"},"modified":"2025-07-01T15:46:05","modified_gmt":"2025-07-01T13:46:05","slug":"transferts-vaea-fifita-signe-en-top-14","status":"publish","type":"post","link":"https:\/\/dicodusport.fr\/blog\/transferts-vaea-fifita-signe-en-top-14\/","title":{"rendered":"Transferts : Vaea Fifita signe en Top 14"},"content":{"rendered":"<p style=\"text-align: justify;\"><strong><em>TRANSFERTS &#8211; Malgr\u00e9 son statut de promu en Top 14, Montauban compte bien attirer du lourd, et devrait pouvoir s&rsquo;appuyer sur le renfort de l&rsquo;ancien international n\u00e9o-z\u00e9landais, Vaea Fifita.<\/em><\/strong><\/p>\n<ul style=\"text-align: justify;\">\n<li style=\"text-align: justify;\"><strong>\u00c0 ce sujet &#8211; <a href=\"https:\/\/dicodusport.fr\/blog\/actualites\/rugby\/\">Toute l&rsquo;actualit\u00e9 du rugby<\/a><\/strong><\/li>\n<\/ul>\n<p style=\"text-align: justify;\">Auteur d&rsquo;une saison exceptionnelle qui l&rsquo;a amen\u00e9 jusqu&rsquo;\u00e0 une promotion inattendue en <strong>Top 14<\/strong>, <strong>Montauban<\/strong> compte d\u00e9sormais vendre ch\u00e8rement sa peau au plus haut niveau national, quinze apr\u00e8s l&rsquo;avoir quitt\u00e9. Pour cela, les Montalbanais cherchent \u00e0 mettre les petits plats dans les grands.<\/p>\n<div class=\"vlp-link-container vlp-layout-article\"><a href=\"https:\/\/dicodusport.fr\/blog\/finale-pro-d2-montauban-fait-tomber-grenoble-et-retrouve-le-top-14\/\" class=\"vlp-link\" title=\"Finale Pro D2 : Montauban fait tomber Grenoble et retrouve le Top 14 !\"><\/a><div class=\"vlp-layout-zone-side\"><div class=\"vlp-block-4 vlp-link-image\"><img loading=\"lazy\" decoding=\"async\" style=\"max-width: 792px;\" width=\"792\" height=\"445\" src=\"https:\/\/dicodusport.fr\/blog\/wp-content\/uploads\/2025\/06\/Finale-Pro-D2-Montauban-fait-tomber-Grenoble-et-retrouve-le-Top-14-1-1.png\" class=\"attachment-800x445 size-800x445\" alt=\"Finale Pro D2 Montauban fait tomber Grenoble et retrouve le Top 14 !\" srcset=\"https:\/\/dicodusport.fr\/blog\/wp-content\/uploads\/2025\/06\/Finale-Pro-D2-Montauban-fait-tomber-Grenoble-et-retrouve-le-Top-14-1-1.png 1200w, https:\/\/dicodusport.fr\/blog\/wp-content\/uploads\/2025\/06\/Finale-Pro-D2-Montauban-fait-tomber-Grenoble-et-retrouve-le-Top-14-1-1-300x169.png 300w, https:\/\/dicodusport.fr\/blog\/wp-content\/uploads\/2025\/06\/Finale-Pro-D2-Montauban-fait-tomber-Grenoble-et-retrouve-le-Top-14-1-1-1024x575.png 1024w, https:\/\/dicodusport.fr\/blog\/wp-content\/uploads\/2025\/06\/Finale-Pro-D2-Montauban-fait-tomber-Grenoble-et-retrouve-le-Top-14-1-1-768x431.png 768w\" sizes=\"auto, (max-width: 792px) 100vw, 792px\" \/><\/div><\/div><div class=\"vlp-layout-zone-main\"><div class=\"vlp-block-0 vlp-link-title\">Finale Pro D2 : Montauban fait tomber Grenoble et retrouve le Top 14 !<\/div><div class=\"vlp-block-1 vlp-link-summary\">PRO D2 2024\/25 \u2013 Au Stade Ernest-Wallon, l\u2019Union Sportive Montalbanaise l\u2019emporte face au FC Grenoble Rugby, dans une finale pleine de rebondissements (19-24). <\/div><div class=\"vlp-block-2 vlp-link-button\">Lire l'article<\/div><div class=\"vlp-block-3 vlp-link-url\">dicodusport.fr<\/div><\/div><\/div>\n<h2 style=\"text-align: justify;\">Vaea Fifita, un gros poisson \u00e0 Montauban<\/h2>\n<p style=\"text-align: justify;\">Selon <a href=\"https:\/\/actu.fr\/occitanie\/montauban_82121\/transferts-promu-en-top-14-montauban-sur-le-point-de-s-offrir-un-ancien-all-black_62849858.html\"><em>Actu Rugby<\/em><\/a>, le promu va pouvoir s&rsquo;appuyer sur des renforts majeurs en vue de la saison \u00e0 venir. <a href=\"https:\/\/dicodusport.fr\/blog\/transferts-biarritz-2-cadres-du-bo-sur-le-depart\/\">Lib\u00e9r\u00e9 par le BO<\/a> en raison des probl\u00e8mes financiers des Basques, <strong>Nafi Ma&rsquo;afu<\/strong> va ainsi effectuer son retour en Top 14, lui qui avait d\u00e9j\u00e0 \u00e9volu\u00e9 \u00e0 ce niveau sous les couleurs de l&rsquo;USAP (2020-2022). Il apportera ainsi une polyvalence pr\u00e9cieuse pour offrir des solutions sur divers postes, en 2\u00e8me comme en 3\u00e8me ligne. Mais le v\u00e9ritable gros coup concerne bien \u00e9videmment<strong> Vaea Fifita<\/strong>.<\/p>\n<p style=\"text-align: justify;\">Toujours dans le pack d&rsquo;avants, l&rsquo;ancien international n\u00e9o-z\u00e9landais de 33 ans repr\u00e9sente une v\u00e9ritable prise de guerre. Si ce dernier a depuis profit\u00e9 de l&rsquo;assouplissement des r\u00e8gles de World Rugby pour ouvrir un deuxi\u00e8me chapitre international avec son pays natal, les <strong>Tonga<\/strong>, il n&rsquo;en reste pas moins un joueur impactant, disposant d&rsquo;une exp\u00e9rience exceptionnelle. Suite \u00e0 une premi\u00e8re pige europ\u00e9enne aux Wasps lors de la saison 2021-2022, il \u00e9voluait depuis trois ans avec la franchise galloise des <strong>Scarlets<\/strong>.<\/p>\n<p style=\"text-align: justify;\">Comme <strong>Ma&rsquo;afu<\/strong>, il pr\u00e9sente une capacit\u00e9 d&rsquo;adaptation qui sera extr\u00eamement utile en pouvant occuper plusieurs positions en 3\u00e8me ligne, voire m\u00eame en 2\u00e8me ligne. Nul doute que les supporters montalbanais seront ravis d&rsquo;accueillir \u00e0 Sapiac un tel profil !<\/p>\n<h3 style=\"text-align: justify;\">\u00c0 lire aussi<\/h3>\n<div class=\"vlp-link-container vlp-layout-article\"><a href=\"https:\/\/dicodusport.fr\/blog\/transferts-rugby-mahamadou-diaby-melvyn-rates-stade-francais-les-infos-du-lundi-30-juin\/\" class=\"vlp-link\" title=\"Transferts Rugby : Mahamadou Diaby, Melvyn Rates, Stade Fran\u00e7ais, les infos du lundi 30 juin\"><\/a><div class=\"vlp-layout-zone-side\"><div class=\"vlp-block-4 vlp-link-image\"><img loading=\"lazy\" decoding=\"async\" style=\"max-width: 792px;\" width=\"792\" height=\"445\" src=\"https:\/\/dicodusport.fr\/blog\/wp-content\/uploads\/2025\/06\/Transferts-Rugby-Mahamadou-Diaby-Melvyn-Rates-Stade-Francais-les-infos-du-lundi-30-juin.png\" class=\"attachment-800x445 size-800x445\" alt=\"Transferts Rugby Mahamadou Diaby, Melvyn Rates, Stade Fran\u00e7ais, les infos du lundi 30 juin\" srcset=\"https:\/\/dicodusport.fr\/blog\/wp-content\/uploads\/2025\/06\/Transferts-Rugby-Mahamadou-Diaby-Melvyn-Rates-Stade-Francais-les-infos-du-lundi-30-juin.png 1200w, https:\/\/dicodusport.fr\/blog\/wp-content\/uploads\/2025\/06\/Transferts-Rugby-Mahamadou-Diaby-Melvyn-Rates-Stade-Francais-les-infos-du-lundi-30-juin-300x169.png 300w, https:\/\/dicodusport.fr\/blog\/wp-content\/uploads\/2025\/06\/Transferts-Rugby-Mahamadou-Diaby-Melvyn-Rates-Stade-Francais-les-infos-du-lundi-30-juin-1024x575.png 1024w, https:\/\/dicodusport.fr\/blog\/wp-content\/uploads\/2025\/06\/Transferts-Rugby-Mahamadou-Diaby-Melvyn-Rates-Stade-Francais-les-infos-du-lundi-30-juin-768x431.png 768w\" sizes=\"auto, (max-width: 792px) 100vw, 792px\" \/><\/div><\/div><div class=\"vlp-layout-zone-main\"><div class=\"vlp-block-0 vlp-link-title\">Transferts Rugby : Mahamadou Diaby, Melvyn Rates, Stade Fran\u00e7ais, les infos du lundi 30 juin<\/div><div class=\"vlp-block-1 vlp-link-summary\">Mahamadou Diaby quitte l'UBB, la p\u00e9pite Melvyn Rates (Grenoble) arrive en Top 14, une prolongation et une arriv\u00e9e act\u00e9es au Stade Fran\u00e7ais : les infos de ce lundi 30 juin.<\/div><div class=\"vlp-block-2 vlp-link-button\">Lire l'article<\/div><div class=\"vlp-block-3 vlp-link-url\">dicodusport.fr<\/div><\/div><\/div>\n","protected":false},"excerpt":{"rendered":"<p>TRANSFERTS &#8211; L&rsquo;ancien international n\u00e9o-z\u00e9landais Vaea Fifita va d\u00e9couvrir le Top 14 la saison prochaine, \u00e0 33 ans.<\/p>\n","protected":false},"author":55,"featured_media":591859,"comment_status":"open","ping_status":"closed","sticky":false,"template":"","format":"standard","meta":{"_acf_changed":false,"_daextam_enable_autolinks":"1","footnotes":""},"categories":[47050],"tags":[16878,10334,47153],"class_list":["post-591854","post","type-post","status-publish","format-standard","has-post-thumbnail","hentry","category-top-14","tag-breve","tag-montauban","tag-vaea-fifita"],"acf":[],"yoast_head":"<!-- This site is optimized with the Yoast SEO Premium plugin v26.7 (Yoast SEO v26.7) - https:\/\/yoast.com\/wordpress\/plugins\/seo\/ -->\n<title>Transferts : Vaea Fifita signe en Top 14<\/title>\n<meta name=\"description\" content=\"TRANSFERTS - L&#039;ancien international n\u00e9o-z\u00e9landais Vaea Fifita va d\u00e9couvrir le Top 14 la saison prochaine, \u00e0 33 ans.\" \/>\n<meta name=\"robots\" content=\"index, follow, max-snippet:-1, max-image-preview:large, max-video-preview:-1\" \/>\n<link rel=\"canonical\" href=\"https:\/\/dicodusport.fr\/blog\/transferts-vaea-fifita-signe-en-top-14\/\" \/>\n<meta property=\"og:locale\" content=\"fr_FR\" \/>\n<meta property=\"og:type\" content=\"article\" \/>\n<meta property=\"og:title\" content=\"Transferts : Vaea Fifita signe en Top 14\" \/>\n<meta property=\"og:description\" content=\"TRANSFERTS - L&#039;ancien international n\u00e9o-z\u00e9landais Vaea Fifita va d\u00e9couvrir le Top 14 la saison prochaine, \u00e0 33 ans.\" \/>\n<meta property=\"og:url\" content=\"https:\/\/dicodusport.fr\/blog\/transferts-vaea-fifita-signe-en-top-14\/\" \/>\n<meta property=\"og:site_name\" content=\"Dicodusport\" \/>\n<meta property=\"article:publisher\" content=\"https:\/\/www.facebook.com\/dicodusport\" \/>\n<meta property=\"article:published_time\" content=\"2025-07-01T12:15:17+00:00\" \/>\n<meta property=\"article:modified_time\" content=\"2025-07-01T13:46:05+00:00\" \/>\n<meta property=\"og:image\" content=\"https:\/\/dicodusport.fr\/blog\/wp-content\/uploads\/2025\/07\/Transferts-Vaea-Fifita-signe-en-Top-14.png\" \/>\n\t<meta property=\"og:image:width\" content=\"1200\" \/>\n\t<meta property=\"og:image:height\" content=\"674\" \/>\n\t<meta property=\"og:image:type\" content=\"image\/png\" \/>\n<meta name=\"author\" content=\"Maxime Cazenave\" \/>\n<meta name=\"twitter:card\" content=\"summary_large_image\" \/>\n<meta name=\"twitter:description\" content=\"TRANSFERTS - L&#039;ancien international n\u00e9o-z\u00e9landais Vaea Fifita va d\u00e9couvrir le Top 14 la saison prochaine, \u00e0 33 ans.\" \/>\n<meta name=\"twitter:creator\" content=\"@https:\/\/twitter.com\/Maxime_Caze\" \/>\n<meta name=\"twitter:site\" content=\"@dicodusport\" \/>\n<script type=\"application\/ld+json\" class=\"yoast-schema-graph\">{\"@context\":\"https:\/\/schema.org\",\"@graph\":[{\"@type\":\"NewsArticle\",\"@id\":\"https:\/\/dicodusport.fr\/blog\/transferts-vaea-fifita-signe-en-top-14\/#article\",\"isPartOf\":{\"@id\":\"https:\/\/dicodusport.fr\/blog\/transferts-vaea-fifita-signe-en-top-14\/\"},\"author\":{\"name\":\"Maxime Cazenave\",\"@id\":\"https:\/\/dicodusport.fr\/blog\/#\/schema\/person\/37def232098a7a5cbab3974a3690abb0\"},\"headline\":\"Transferts : Vaea Fifita signe en Top 14\",\"datePublished\":\"2025-07-01T12:15:17+00:00\",\"dateModified\":\"2025-07-01T13:46:05+00:00\",\"mainEntityOfPage\":{\"@id\":\"https:\/\/dicodusport.fr\/blog\/transferts-vaea-fifita-signe-en-top-14\/\"},\"wordCount\":517,\"commentCount\":0,\"publisher\":{\"@id\":\"https:\/\/dicodusport.fr\/blog\/#organization\"},\"image\":{\"@id\":\"https:\/\/dicodusport.fr\/blog\/transferts-vaea-fifita-signe-en-top-14\/#primaryimage\"},\"thumbnailUrl\":\"https:\/\/dicodusport.fr\/blog\/wp-content\/uploads\/2025\/07\/Transferts-Vaea-Fifita-signe-en-Top-14.png\",\"keywords\":[\"br\u00e8ve\",\"Montauban\",\"Vaea Fifita\"],\"articleSection\":[\"Top 14\"],\"inLanguage\":\"fr-FR\",\"potentialAction\":[{\"@type\":\"CommentAction\",\"name\":\"Comment\",\"target\":[\"https:\/\/dicodusport.fr\/blog\/transferts-vaea-fifita-signe-en-top-14\/#respond\"]}],\"copyrightYear\":\"2025\",\"copyrightHolder\":{\"@id\":\"https:\/\/dicodusport.fr\/blog\/#organization\"}},{\"@type\":\"WebPage\",\"@id\":\"https:\/\/dicodusport.fr\/blog\/transferts-vaea-fifita-signe-en-top-14\/\",\"url\":\"https:\/\/dicodusport.fr\/blog\/transferts-vaea-fifita-signe-en-top-14\/\",\"name\":\"Transferts : Vaea Fifita signe en Top 14\",\"isPartOf\":{\"@id\":\"https:\/\/dicodusport.fr\/blog\/#website\"},\"primaryImageOfPage\":{\"@id\":\"https:\/\/dicodusport.fr\/blog\/transferts-vaea-fifita-signe-en-top-14\/#primaryimage\"},\"image\":{\"@id\":\"https:\/\/dicodusport.fr\/blog\/transferts-vaea-fifita-signe-en-top-14\/#primaryimage\"},\"thumbnailUrl\":\"https:\/\/dicodusport.fr\/blog\/wp-content\/uploads\/2025\/07\/Transferts-Vaea-Fifita-signe-en-Top-14.png\",\"datePublished\":\"2025-07-01T12:15:17+00:00\",\"dateModified\":\"2025-07-01T13:46:05+00:00\",\"description\":\"TRANSFERTS - L'ancien international n\u00e9o-z\u00e9landais Vaea Fifita va d\u00e9couvrir le Top 14 la saison prochaine, \u00e0 33 ans.\",\"breadcrumb\":{\"@id\":\"https:\/\/dicodusport.fr\/blog\/transferts-vaea-fifita-signe-en-top-14\/#breadcrumb\"},\"inLanguage\":\"fr-FR\",\"potentialAction\":[{\"@type\":\"ReadAction\",\"target\":[\"https:\/\/dicodusport.fr\/blog\/transferts-vaea-fifita-signe-en-top-14\/\"]}]},{\"@type\":\"ImageObject\",\"inLanguage\":\"fr-FR\",\"@id\":\"https:\/\/dicodusport.fr\/blog\/transferts-vaea-fifita-signe-en-top-14\/#primaryimage\",\"url\":\"https:\/\/dicodusport.fr\/blog\/wp-content\/uploads\/2025\/07\/Transferts-Vaea-Fifita-signe-en-Top-14.png\",\"contentUrl\":\"https:\/\/dicodusport.fr\/blog\/wp-content\/uploads\/2025\/07\/Transferts-Vaea-Fifita-signe-en-Top-14.png\",\"width\":1200,\"height\":674,\"caption\":\"Transferts : Vaea Fifita signe en Top 14\"},{\"@type\":\"BreadcrumbList\",\"@id\":\"https:\/\/dicodusport.fr\/blog\/transferts-vaea-fifita-signe-en-top-14\/#breadcrumb\",\"itemListElement\":[{\"@type\":\"ListItem\",\"position\":1,\"name\":\"Accueil\",\"item\":\"https:\/\/dicodusport.fr\/blog\/\"},{\"@type\":\"ListItem\",\"position\":2,\"name\":\"Transferts : Vaea Fifita signe en Top 14\"}]},{\"@type\":\"WebSite\",\"@id\":\"https:\/\/dicodusport.fr\/blog\/#website\",\"url\":\"https:\/\/dicodusport.fr\/blog\/\",\"name\":\"Dicodusport\",\"description\":\"L&#039;encyclop\u00e9die de l&#039;actualit\u00e9 sportive\",\"publisher\":{\"@id\":\"https:\/\/dicodusport.fr\/blog\/#organization\"},\"potentialAction\":[{\"@type\":\"SearchAction\",\"target\":{\"@type\":\"EntryPoint\",\"urlTemplate\":\"https:\/\/dicodusport.fr\/blog\/?s={search_term_string}\"},\"query-input\":{\"@type\":\"PropertyValueSpecification\",\"valueRequired\":true,\"valueName\":\"search_term_string\"}}],\"inLanguage\":\"fr-FR\"},{\"@type\":\"NewsMediaOrganization\",\"@id\":\"https:\/\/dicodusport.fr\/blog\/#organization\",\"name\":\"Dicodusport\",\"url\":\"https:\/\/dicodusport.fr\/blog\/\",\"logo\":{\"@type\":\"ImageObject\",\"inLanguage\":\"fr-FR\",\"@id\":\"https:\/\/dicodusport.fr\/blog\/#\/schema\/logo\/image\/\",\"url\":\"https:\/\/dicodusport.fr\/blog\/wp-content\/uploads\/2020\/06\/cropped-LOGO-DICODUSPORT-2020-SANS-FOND-SANS-TEXTE.png\",\"contentUrl\":\"https:\/\/dicodusport.fr\/blog\/wp-content\/uploads\/2020\/06\/cropped-LOGO-DICODUSPORT-2020-SANS-FOND-SANS-TEXTE.png\",\"width\":512,\"height\":512,\"caption\":\"Dicodusport\"},\"image\":{\"@id\":\"https:\/\/dicodusport.fr\/blog\/#\/schema\/logo\/image\/\"},\"sameAs\":[\"https:\/\/www.facebook.com\/dicodusport\",\"https:\/\/x.com\/dicodusport\",\"https:\/\/www.instagram.com\/dicodusport\/\",\"https:\/\/www.youtube.com\/channel\/UC7V2KZ5sd3htJivAbA4ZG3w\"],\"description\":\"Dicodusport est l'encyclop\u00e9die de l'actualit\u00e9 sportive.\",\"email\":\"bonjour@dicodusport.fr\",\"legalName\":\"DICODUSPORT\",\"foundingDate\":\"2018-01-14\",\"vatID\":\"FR71834470973\",\"taxID\":\"83447097300043\",\"numberOfEmployees\":{\"@type\":\"QuantitativeValue\",\"minValue\":\"1\",\"maxValue\":\"10\"}},{\"@type\":\"Person\",\"@id\":\"https:\/\/dicodusport.fr\/blog\/#\/schema\/person\/37def232098a7a5cbab3974a3690abb0\",\"name\":\"Maxime Cazenave\",\"image\":{\"@type\":\"ImageObject\",\"inLanguage\":\"fr-FR\",\"@id\":\"https:\/\/dicodusport.fr\/blog\/#\/schema\/person\/image\/\",\"url\":\"https:\/\/dicodusport.fr\/blog\/wp-content\/uploads\/2021\/05\/Maxime-Cazenave-150x150.jpg\",\"contentUrl\":\"https:\/\/dicodusport.fr\/blog\/wp-content\/uploads\/2021\/05\/Maxime-Cazenave-150x150.jpg\",\"caption\":\"Maxime Cazenave\"},\"description\":\"Journaliste\/R\u00e9dacteur depuis 2012 - Berc\u00e9 par l\u2019amour des Girondins de Bordeaux, les \u00e9checs de Christophe Moreau sur le Tour de France sous l'\u00e8re Lance Armstrong et le fade-away l\u00e9tal de Dirk Nowitzki, ma passion d\u00e9vorante pour le sport a toujours \u00e9t\u00e9 un pan incontournable de ma vie. Transmettre ma passion \u00e0 l\u2019\u00e9crit a \u00e9t\u00e9 une transition naturelle. Suiveur assidu de basket et de hockey sur glace, je garde toujours un peu de place pour suivre le cyclisme, le football et le maximum de performances fran\u00e7aises.\",\"sameAs\":[\"https:\/\/x.com\/https:\/\/twitter.com\/Maxime_Caze\"],\"url\":\"https:\/\/dicodusport.fr\/blog\/author\/maximec\/\"}]}<\/script>\n<!-- \/ Yoast SEO Premium plugin. -->","yoast_head_json":{"title":"Transferts : Vaea Fifita signe en Top 14","description":"TRANSFERTS - L'ancien international n\u00e9o-z\u00e9landais Vaea Fifita va d\u00e9couvrir le Top 14 la saison prochaine, \u00e0 33 ans.","robots":{"index":"index","follow":"follow","max-snippet":"max-snippet:-1","max-image-preview":"max-image-preview:large","max-video-preview":"max-video-preview:-1"},"canonical":"https:\/\/dicodusport.fr\/blog\/transferts-vaea-fifita-signe-en-top-14\/","og_locale":"fr_FR","og_type":"article","og_title":"Transferts : Vaea Fifita signe en Top 14","og_description":"TRANSFERTS - L'ancien international n\u00e9o-z\u00e9landais Vaea Fifita va d\u00e9couvrir le Top 14 la saison prochaine, \u00e0 33 ans.","og_url":"https:\/\/dicodusport.fr\/blog\/transferts-vaea-fifita-signe-en-top-14\/","og_site_name":"Dicodusport","article_publisher":"https:\/\/www.facebook.com\/dicodusport","article_published_time":"2025-07-01T12:15:17+00:00","article_modified_time":"2025-07-01T13:46:05+00:00","og_image":[{"width":1200,"height":674,"url":"https:\/\/dicodusport.fr\/blog\/wp-content\/uploads\/2025\/07\/Transferts-Vaea-Fifita-signe-en-Top-14.png","type":"image\/png"}],"author":"Maxime Cazenave","twitter_card":"summary_large_image","twitter_description":"TRANSFERTS - L'ancien international n\u00e9o-z\u00e9landais Vaea Fifita va d\u00e9couvrir le Top 14 la saison prochaine, \u00e0 33 ans.","twitter_creator":"@https:\/\/twitter.com\/Maxime_Caze","twitter_site":"@dicodusport","schema":{"@context":"https:\/\/schema.org","@graph":[{"@type":"NewsArticle","@id":"https:\/\/dicodusport.fr\/blog\/transferts-vaea-fifita-signe-en-top-14\/#article","isPartOf":{"@id":"https:\/\/dicodusport.fr\/blog\/transferts-vaea-fifita-signe-en-top-14\/"},"author":{"name":"Maxime Cazenave","@id":"https:\/\/dicodusport.fr\/blog\/#\/schema\/person\/37def232098a7a5cbab3974a3690abb0"},"headline":"Transferts : Vaea Fifita signe en Top 14","datePublished":"2025-07-01T12:15:17+00:00","dateModified":"2025-07-01T13:46:05+00:00","mainEntityOfPage":{"@id":"https:\/\/dicodusport.fr\/blog\/transferts-vaea-fifita-signe-en-top-14\/"},"wordCount":517,"commentCount":0,"publisher":{"@id":"https:\/\/dicodusport.fr\/blog\/#organization"},"image":{"@id":"https:\/\/dicodusport.fr\/blog\/transferts-vaea-fifita-signe-en-top-14\/#primaryimage"},"thumbnailUrl":"https:\/\/dicodusport.fr\/blog\/wp-content\/uploads\/2025\/07\/Transferts-Vaea-Fifita-signe-en-Top-14.png","keywords":["br\u00e8ve","Montauban","Vaea Fifita"],"articleSection":["Top 14"],"inLanguage":"fr-FR","potentialAction":[{"@type":"CommentAction","name":"Comment","target":["https:\/\/dicodusport.fr\/blog\/transferts-vaea-fifita-signe-en-top-14\/#respond"]}],"copyrightYear":"2025","copyrightHolder":{"@id":"https:\/\/dicodusport.fr\/blog\/#organization"}},{"@type":"WebPage","@id":"https:\/\/dicodusport.fr\/blog\/transferts-vaea-fifita-signe-en-top-14\/","url":"https:\/\/dicodusport.fr\/blog\/transferts-vaea-fifita-signe-en-top-14\/","name":"Transferts : Vaea Fifita signe en Top 14","isPartOf":{"@id":"https:\/\/dicodusport.fr\/blog\/#website"},"primaryImageOfPage":{"@id":"https:\/\/dicodusport.fr\/blog\/transferts-vaea-fifita-signe-en-top-14\/#primaryimage"},"image":{"@id":"https:\/\/dicodusport.fr\/blog\/transferts-vaea-fifita-signe-en-top-14\/#primaryimage"},"thumbnailUrl":"https:\/\/dicodusport.fr\/blog\/wp-content\/uploads\/2025\/07\/Transferts-Vaea-Fifita-signe-en-Top-14.png","datePublished":"2025-07-01T12:15:17+00:00","dateModified":"2025-07-01T13:46:05+00:00","description":"TRANSFERTS - L'ancien international n\u00e9o-z\u00e9landais Vaea Fifita va d\u00e9couvrir le Top 14 la saison prochaine, \u00e0 33 ans.","breadcrumb":{"@id":"https:\/\/dicodusport.fr\/blog\/transferts-vaea-fifita-signe-en-top-14\/#breadcrumb"},"inLanguage":"fr-FR","potentialAction":[{"@type":"ReadAction","target":["https:\/\/dicodusport.fr\/blog\/transferts-vaea-fifita-signe-en-top-14\/"]}]},{"@type":"ImageObject","inLanguage":"fr-FR","@id":"https:\/\/dicodusport.fr\/blog\/transferts-vaea-fifita-signe-en-top-14\/#primaryimage","url":"https:\/\/dicodusport.fr\/blog\/wp-content\/uploads\/2025\/07\/Transferts-Vaea-Fifita-signe-en-Top-14.png","contentUrl":"https:\/\/dicodusport.fr\/blog\/wp-content\/uploads\/2025\/07\/Transferts-Vaea-Fifita-signe-en-Top-14.png","width":1200,"height":674,"caption":"Transferts : Vaea Fifita signe en Top 14"},{"@type":"BreadcrumbList","@id":"https:\/\/dicodusport.fr\/blog\/transferts-vaea-fifita-signe-en-top-14\/#breadcrumb","itemListElement":[{"@type":"ListItem","position":1,"name":"Accueil","item":"https:\/\/dicodusport.fr\/blog\/"},{"@type":"ListItem","position":2,"name":"Transferts : Vaea Fifita signe en Top 14"}]},{"@type":"WebSite","@id":"https:\/\/dicodusport.fr\/blog\/#website","url":"https:\/\/dicodusport.fr\/blog\/","name":"Dicodusport","description":"L&#039;encyclop\u00e9die de l&#039;actualit\u00e9 sportive","publisher":{"@id":"https:\/\/dicodusport.fr\/blog\/#organization"},"potentialAction":[{"@type":"SearchAction","target":{"@type":"EntryPoint","urlTemplate":"https:\/\/dicodusport.fr\/blog\/?s={search_term_string}"},"query-input":{"@type":"PropertyValueSpecification","valueRequired":true,"valueName":"search_term_string"}}],"inLanguage":"fr-FR"},{"@type":"NewsMediaOrganization","@id":"https:\/\/dicodusport.fr\/blog\/#organization","name":"Dicodusport","url":"https:\/\/dicodusport.fr\/blog\/","logo":{"@type":"ImageObject","inLanguage":"fr-FR","@id":"https:\/\/dicodusport.fr\/blog\/#\/schema\/logo\/image\/","url":"https:\/\/dicodusport.fr\/blog\/wp-content\/uploads\/2020\/06\/cropped-LOGO-DICODUSPORT-2020-SANS-FOND-SANS-TEXTE.png","contentUrl":"https:\/\/dicodusport.fr\/blog\/wp-content\/uploads\/2020\/06\/cropped-LOGO-DICODUSPORT-2020-SANS-FOND-SANS-TEXTE.png","width":512,"height":512,"caption":"Dicodusport"},"image":{"@id":"https:\/\/dicodusport.fr\/blog\/#\/schema\/logo\/image\/"},"sameAs":["https:\/\/www.facebook.com\/dicodusport","https:\/\/x.com\/dicodusport","https:\/\/www.instagram.com\/dicodusport\/","https:\/\/www.youtube.com\/channel\/UC7V2KZ5sd3htJivAbA4ZG3w"],"description":"Dicodusport est l'encyclop\u00e9die de l'actualit\u00e9 sportive.","email":"bonjour@dicodusport.fr","legalName":"DICODUSPORT","foundingDate":"2018-01-14","vatID":"FR71834470973","taxID":"83447097300043","numberOfEmployees":{"@type":"QuantitativeValue","minValue":"1","maxValue":"10"}},{"@type":"Person","@id":"https:\/\/dicodusport.fr\/blog\/#\/schema\/person\/37def232098a7a5cbab3974a3690abb0","name":"Maxime Cazenave","image":{"@type":"ImageObject","inLanguage":"fr-FR","@id":"https:\/\/dicodusport.fr\/blog\/#\/schema\/person\/image\/","url":"https:\/\/dicodusport.fr\/blog\/wp-content\/uploads\/2021\/05\/Maxime-Cazenave-150x150.jpg","contentUrl":"https:\/\/dicodusport.fr\/blog\/wp-content\/uploads\/2021\/05\/Maxime-Cazenave-150x150.jpg","caption":"Maxime Cazenave"},"description":"Journaliste\/R\u00e9dacteur depuis 2012 - Berc\u00e9 par l\u2019amour des Girondins de Bordeaux, les \u00e9checs de Christophe Moreau sur le Tour de France sous l'\u00e8re Lance Armstrong et le fade-away l\u00e9tal de Dirk Nowitzki, ma passion d\u00e9vorante pour le sport a toujours \u00e9t\u00e9 un pan incontournable de ma vie. Transmettre ma passion \u00e0 l\u2019\u00e9crit a \u00e9t\u00e9 une transition naturelle. Suiveur assidu de basket et de hockey sur glace, je garde toujours un peu de place pour suivre le cyclisme, le football et le maximum de performances fran\u00e7aises.","sameAs":["https:\/\/x.com\/https:\/\/twitter.com\/Maxime_Caze"],"url":"https:\/\/dicodusport.fr\/blog\/author\/maximec\/"}]}},"_links":{"self":[{"href":"https:\/\/dicodusport.fr\/blog\/wp-json\/wp\/v2\/posts\/591854","targetHints":{"allow":["GET"]}}],"collection":[{"href":"https:\/\/dicodusport.fr\/blog\/wp-json\/wp\/v2\/posts"}],"about":[{"href":"https:\/\/dicodusport.fr\/blog\/wp-json\/wp\/v2\/types\/post"}],"author":[{"embeddable":true,"href":"https:\/\/dicodusport.fr\/blog\/wp-json\/wp\/v2\/users\/55"}],"replies":[{"embeddable":true,"href":"https:\/\/dicodusport.fr\/blog\/wp-json\/wp\/v2\/comments?post=591854"}],"version-history":[{"count":4,"href":"https:\/\/dicodusport.fr\/blog\/wp-json\/wp\/v2\/posts\/591854\/revisions"}],"predecessor-version":[{"id":591873,"href":"https:\/\/dicodusport.fr\/blog\/wp-json\/wp\/v2\/posts\/591854\/revisions\/591873"}],"wp:featuredmedia":[{"embeddable":true,"href":"https:\/\/dicodusport.fr\/blog\/wp-json\/wp\/v2\/media\/591859"}],"wp:attachment":[{"href":"https:\/\/dicodusport.fr\/blog\/wp-json\/wp\/v2\/media?parent=591854"}],"wp:term":[{"taxonomy":"category","embeddable":true,"href":"https:\/\/dicodusport.fr\/blog\/wp-json\/wp\/v2\/categories?post=591854"},{"taxonomy":"post_tag","embeddable":true,"href":"https:\/\/dicodusport.fr\/blog\/wp-json\/wp\/v2\/tags?post=591854"}],"curies":[{"name":"wp","href":"https:\/\/api.w.org\/{rel}","templated":true}]}}