{"id":591883,"date":"2025-07-01T16:49:34","date_gmt":"2025-07-01T14:49:34","guid":{"rendered":"https:\/\/dicodusport.fr\/blog\/?p=591883&#038;preview=true&#038;preview_id=591883"},"modified":"2025-07-01T16:49:34","modified_gmt":"2025-07-01T14:49:34","slug":"transferts-ol-direction-le-qatar-pour-jordan-veretout","status":"publish","type":"post","link":"https:\/\/dicodusport.fr\/blog\/transferts-ol-direction-le-qatar-pour-jordan-veretout\/","title":{"rendered":"Transferts OL : Direction le Qatar pour Jordan Veretout"},"content":{"rendered":"<p style=\"text-align: justify;\"><strong><em>TRANSFERTS OL &#8211; Apr\u00e8s seulement une ann\u00e9e \u00e0 Lyon, Jordan Veretout s&rsquo;appr\u00eate \u00e0 quitter l&rsquo;Europe pour prendre la direction du Qatar.<\/em><\/strong><\/p>\n<ul style=\"text-align: justify;\">\n<li style=\"text-align: justify;\"><strong>\u00c0 ce sujet &#8211; <a href=\"https:\/\/dicodusport.fr\/blog\/actualites\/football\/\">Toute l&rsquo;actualit\u00e9 du football<\/a><\/strong><\/li>\n<\/ul>\n<p style=\"text-align: justify;\">Un petit tour et puis s&rsquo;en va. D\u00e9barqu\u00e9 l&rsquo;\u00e9t\u00e9 dernier \u00e0 l<strong>&lsquo;OL<\/strong> en provenance de l&rsquo;Olympique de Marseille pour 4M\u20ac, <strong>Jordan Veretout<\/strong> avait alors sign\u00e9 un contrat de deux ans avec les Gones. Mais suite \u00e0 une ann\u00e9e mi-figue mi-raisin \u00e0 l&rsquo;issue de laquelle la sant\u00e9 financi\u00e8re du club rhodanien est devenue alarmante, les dirigeants lyonnais souhaitaient se s\u00e9parer du salaire cons\u00e9quent de l&rsquo;international fran\u00e7ais.<\/p>\n<h2>Jordan Veretout su le d\u00e9part, l&rsquo;OL all\u00e8ge sa masse salariale<\/h2>\n<p style=\"text-align: justify;\">\u00c0 32 ans, le milieu de terrain a trouv\u00e9 une porte de sortir puisque selon <em>Foot Mercato<\/em>, il s&rsquo;est d\u00e9j\u00e0 entendu avec le club qatari d&rsquo;<strong>Al-Arabi<\/strong>. Club au sein duquel \u00e9volue notamment l&rsquo;ancien Parisien, Marco Verratti. Il faut d\u00e9sormais que les Qataris s&rsquo;entendent avec l&rsquo;OL sur le montant de l&rsquo;indemnit\u00e9 de transfert afin de lib\u00e9rer Veretout de sa derni\u00e8re ann\u00e9e de contrat.<\/p>\n<p style=\"text-align: justify;\">Si le joueur est estim\u00e9 \u00e0 4M\u20ac par <em>Transfermarket<\/em>, la somme n\u00e9cessaire pourrait \u00eatre moindre. Al-Arabi n&rsquo;est pas dispos\u00e9 \u00e0 faire des folies, tandis que l&rsquo;<strong>OL sera d\u00e9j\u00e0 bien heureux de pouvoir sortir de sa masse salariale les \u00e9moluments du joueur<\/strong>. Un terrain d&rsquo;entente convenant \u00e0 tous les partis impliqu\u00e9s devrait donc \u00eatre rapidement trouv\u00e9 dans les prochains jours.<\/p>\n<blockquote class=\"twitter-tweet\">\n<p dir=\"ltr\" lang=\"fr\">\ud83d\udea8EXCL Accord entre Jordan Veretout et Al-Arabi SC \ud83c\uddf6\ud83c\udde6<\/p>\n<p>\ud83d\udd39Le milieu et le club ont trouv\u00e9 un terrain d\u2019entente sur la base d\u2019un contrat de deux ans.<\/p>\n<p>\ud83d\udd39Al-Arabi ne semble pas disposer \u00e0 d\u00e9bourser une somme importante pour un joueur \u00e0 qui il reste un an de contrat.<br \/>\nSi Veretout\u2026 <a href=\"https:\/\/t.co\/KmOb7BxN7B\">pic.twitter.com\/KmOb7BxN7B<\/a><\/p>\n<p>\u2014 Fabrice Hawkins (@FabriceHawkins) <a href=\"https:\/\/twitter.com\/FabriceHawkins\/status\/1940047511256781024?ref_src=twsrc%5Etfw\">July 1, 2025<\/a><\/p><\/blockquote>\n<p><script async src=\"https:\/\/platform.twitter.com\/widgets.js\" charset=\"utf-8\"><\/script><\/p>\n<h4>\u00c0 lire aussi<\/h4>\n<div class=\"vlp-link-container vlp-layout-article\"><a href=\"https:\/\/dicodusport.fr\/blog\/mercato-ol-2025-2026-le-tableau-complet-des-transferts-arrivees-et-departs\/\" class=\"vlp-link\" title=\"Mercato OL 2025-2026 : Le tableau complet des transferts, arriv\u00e9es et d\u00e9parts\"><\/a><div class=\"vlp-layout-zone-side\"><div class=\"vlp-block-4 vlp-link-image\"><img loading=\"lazy\" decoding=\"async\" style=\"max-width: 792px;\" width=\"792\" height=\"445\" src=\"https:\/\/dicodusport.fr\/blog\/wp-content\/uploads\/2025\/05\/Mercato-OL-2025-2026-Le-tableau-complet-des-transferts-arrivees-et-departs.png\" class=\"attachment-800x445 size-800x445\" alt=\"Mercato OL 2025-2026 Le tableau complet des transferts, arriv\u00e9es et d\u00e9parts\" srcset=\"https:\/\/dicodusport.fr\/blog\/wp-content\/uploads\/2025\/05\/Mercato-OL-2025-2026-Le-tableau-complet-des-transferts-arrivees-et-departs.png 1200w, https:\/\/dicodusport.fr\/blog\/wp-content\/uploads\/2025\/05\/Mercato-OL-2025-2026-Le-tableau-complet-des-transferts-arrivees-et-departs-300x169.png 300w, https:\/\/dicodusport.fr\/blog\/wp-content\/uploads\/2025\/05\/Mercato-OL-2025-2026-Le-tableau-complet-des-transferts-arrivees-et-departs-1024x575.png 1024w, https:\/\/dicodusport.fr\/blog\/wp-content\/uploads\/2025\/05\/Mercato-OL-2025-2026-Le-tableau-complet-des-transferts-arrivees-et-departs-768x431.png 768w\" sizes=\"auto, (max-width: 792px) 100vw, 792px\" \/><\/div><\/div><div class=\"vlp-layout-zone-main\"><div class=\"vlp-block-0 vlp-link-title\">Mercato OL 2025-2026 : Le tableau complet des transferts, arriv\u00e9es et d\u00e9parts<\/div><div class=\"vlp-block-1 vlp-link-summary\">TRANSFERTS OL - Retrouvez tous les mouvements de l'Olympique Lyonnais pour l'intersaison 2025 en Ligue 1. Arriv\u00e9es, d\u00e9part, pr\u00eats, transferts d\u00e9finitifs, ne ratez rien du mercato estival.\u00a0<\/div><div class=\"vlp-block-2 vlp-link-button\">Lire l'article<\/div><div class=\"vlp-block-3 vlp-link-url\">dicodusport.fr<\/div><\/div><\/div>\n","protected":false},"excerpt":{"rendered":"<p>TRANSFERTS OL &#8211; Apr\u00e8s seulement une ann\u00e9e \u00e0 Lyon, Jordan Veretout s&rsquo;appr\u00eate \u00e0 quitter l&rsquo;Europe pour prendre la direction du Qatar.<\/p>\n","protected":false},"author":55,"featured_media":591885,"comment_status":"open","ping_status":"closed","sticky":false,"template":"","format":"standard","meta":{"_acf_changed":false,"_daextam_enable_autolinks":"1","footnotes":""},"categories":[47045],"tags":[16878,47154,1145],"class_list":["post-591883","post","type-post","status-publish","format-standard","has-post-thumbnail","hentry","category-ligue-1","tag-breve","tag-jordan-veretout","tag-ol"],"acf":[],"yoast_head":"<!-- This site is optimized with the Yoast SEO Premium plugin v26.7 (Yoast SEO v26.7) - https:\/\/yoast.com\/wordpress\/plugins\/seo\/ -->\n<title>Transferts OL : Direction le Qatar pour Jordan Veretout<\/title>\n<meta name=\"description\" content=\"TRANSFERTS OL - Apr\u00e8s seulement une ann\u00e9e \u00e0 Lyon, Jordan Veretout s&#039;appr\u00eate \u00e0 quitter l&#039;Europe pour prendre la direction du Qatar.\" \/>\n<meta name=\"robots\" content=\"index, follow, max-snippet:-1, max-image-preview:large, max-video-preview:-1\" \/>\n<link rel=\"canonical\" href=\"https:\/\/dicodusport.fr\/blog\/transferts-ol-direction-le-qatar-pour-jordan-veretout\/\" \/>\n<meta property=\"og:locale\" content=\"fr_FR\" \/>\n<meta property=\"og:type\" content=\"article\" \/>\n<meta property=\"og:title\" content=\"Transferts OL : Direction le Qatar pour Jordan Veretout\" \/>\n<meta property=\"og:description\" content=\"TRANSFERTS OL - Apr\u00e8s seulement une ann\u00e9e \u00e0 Lyon, Jordan Veretout s&#039;appr\u00eate \u00e0 quitter l&#039;Europe pour prendre la direction du Qatar.\" \/>\n<meta property=\"og:url\" content=\"https:\/\/dicodusport.fr\/blog\/transferts-ol-direction-le-qatar-pour-jordan-veretout\/\" \/>\n<meta property=\"og:site_name\" content=\"Dicodusport\" \/>\n<meta property=\"article:publisher\" content=\"https:\/\/www.facebook.com\/dicodusport\" \/>\n<meta property=\"article:published_time\" content=\"2025-07-01T14:49:34+00:00\" \/>\n<meta property=\"og:image\" content=\"https:\/\/dicodusport.fr\/blog\/wp-content\/uploads\/2025\/07\/Transferts-OL-direction-le-Qatar-pour-Jordan-Veretout.png\" \/>\n\t<meta property=\"og:image:width\" content=\"1200\" \/>\n\t<meta property=\"og:image:height\" content=\"674\" \/>\n\t<meta property=\"og:image:type\" content=\"image\/png\" \/>\n<meta name=\"author\" content=\"Maxime Cazenave\" \/>\n<meta name=\"twitter:card\" content=\"summary_large_image\" \/>\n<meta name=\"twitter:description\" content=\"TRANSFERTS OL - Apr\u00e8s seulement une ann\u00e9e \u00e0 Lyon, Jordan Veretout s&#039;appr\u00eate \u00e0 quitter l&#039;Europe pour prendre la direction du Qatar.\" \/>\n<meta name=\"twitter:creator\" content=\"@https:\/\/twitter.com\/Maxime_Caze\" \/>\n<meta name=\"twitter:site\" content=\"@dicodusport\" \/>\n<script type=\"application\/ld+json\" class=\"yoast-schema-graph\">{\"@context\":\"https:\/\/schema.org\",\"@graph\":[{\"@type\":\"NewsArticle\",\"@id\":\"https:\/\/dicodusport.fr\/blog\/transferts-ol-direction-le-qatar-pour-jordan-veretout\/#article\",\"isPartOf\":{\"@id\":\"https:\/\/dicodusport.fr\/blog\/transferts-ol-direction-le-qatar-pour-jordan-veretout\/\"},\"author\":{\"name\":\"Maxime Cazenave\",\"@id\":\"https:\/\/dicodusport.fr\/blog\/#\/schema\/person\/37def232098a7a5cbab3974a3690abb0\"},\"headline\":\"Transferts OL : Direction le Qatar pour Jordan Veretout\",\"datePublished\":\"2025-07-01T14:49:34+00:00\",\"mainEntityOfPage\":{\"@id\":\"https:\/\/dicodusport.fr\/blog\/transferts-ol-direction-le-qatar-pour-jordan-veretout\/\"},\"wordCount\":411,\"commentCount\":0,\"publisher\":{\"@id\":\"https:\/\/dicodusport.fr\/blog\/#organization\"},\"image\":{\"@id\":\"https:\/\/dicodusport.fr\/blog\/transferts-ol-direction-le-qatar-pour-jordan-veretout\/#primaryimage\"},\"thumbnailUrl\":\"https:\/\/dicodusport.fr\/blog\/wp-content\/uploads\/2025\/07\/Transferts-OL-direction-le-Qatar-pour-Jordan-Veretout.png\",\"keywords\":[\"br\u00e8ve\",\"Jordan Veretout\",\"OL\"],\"articleSection\":[\"Ligue 1\"],\"inLanguage\":\"fr-FR\",\"potentialAction\":[{\"@type\":\"CommentAction\",\"name\":\"Comment\",\"target\":[\"https:\/\/dicodusport.fr\/blog\/transferts-ol-direction-le-qatar-pour-jordan-veretout\/#respond\"]}],\"copyrightYear\":\"2025\",\"copyrightHolder\":{\"@id\":\"https:\/\/dicodusport.fr\/blog\/#organization\"}},{\"@type\":\"WebPage\",\"@id\":\"https:\/\/dicodusport.fr\/blog\/transferts-ol-direction-le-qatar-pour-jordan-veretout\/\",\"url\":\"https:\/\/dicodusport.fr\/blog\/transferts-ol-direction-le-qatar-pour-jordan-veretout\/\",\"name\":\"Transferts OL : Direction le Qatar pour Jordan Veretout\",\"isPartOf\":{\"@id\":\"https:\/\/dicodusport.fr\/blog\/#website\"},\"primaryImageOfPage\":{\"@id\":\"https:\/\/dicodusport.fr\/blog\/transferts-ol-direction-le-qatar-pour-jordan-veretout\/#primaryimage\"},\"image\":{\"@id\":\"https:\/\/dicodusport.fr\/blog\/transferts-ol-direction-le-qatar-pour-jordan-veretout\/#primaryimage\"},\"thumbnailUrl\":\"https:\/\/dicodusport.fr\/blog\/wp-content\/uploads\/2025\/07\/Transferts-OL-direction-le-Qatar-pour-Jordan-Veretout.png\",\"datePublished\":\"2025-07-01T14:49:34+00:00\",\"description\":\"TRANSFERTS OL - Apr\u00e8s seulement une ann\u00e9e \u00e0 Lyon, Jordan Veretout s'appr\u00eate \u00e0 quitter l'Europe pour prendre la direction du Qatar.\",\"breadcrumb\":{\"@id\":\"https:\/\/dicodusport.fr\/blog\/transferts-ol-direction-le-qatar-pour-jordan-veretout\/#breadcrumb\"},\"inLanguage\":\"fr-FR\",\"potentialAction\":[{\"@type\":\"ReadAction\",\"target\":[\"https:\/\/dicodusport.fr\/blog\/transferts-ol-direction-le-qatar-pour-jordan-veretout\/\"]}]},{\"@type\":\"ImageObject\",\"inLanguage\":\"fr-FR\",\"@id\":\"https:\/\/dicodusport.fr\/blog\/transferts-ol-direction-le-qatar-pour-jordan-veretout\/#primaryimage\",\"url\":\"https:\/\/dicodusport.fr\/blog\/wp-content\/uploads\/2025\/07\/Transferts-OL-direction-le-Qatar-pour-Jordan-Veretout.png\",\"contentUrl\":\"https:\/\/dicodusport.fr\/blog\/wp-content\/uploads\/2025\/07\/Transferts-OL-direction-le-Qatar-pour-Jordan-Veretout.png\",\"width\":1200,\"height\":674,\"caption\":\"Transferts OL : direction le Qatar pour Jordan Veretout\"},{\"@type\":\"BreadcrumbList\",\"@id\":\"https:\/\/dicodusport.fr\/blog\/transferts-ol-direction-le-qatar-pour-jordan-veretout\/#breadcrumb\",\"itemListElement\":[{\"@type\":\"ListItem\",\"position\":1,\"name\":\"Accueil\",\"item\":\"https:\/\/dicodusport.fr\/blog\/\"},{\"@type\":\"ListItem\",\"position\":2,\"name\":\"Transferts OL : Direction le Qatar pour Jordan Veretout\"}]},{\"@type\":\"WebSite\",\"@id\":\"https:\/\/dicodusport.fr\/blog\/#website\",\"url\":\"https:\/\/dicodusport.fr\/blog\/\",\"name\":\"Dicodusport\",\"description\":\"L&#039;encyclop\u00e9die de l&#039;actualit\u00e9 sportive\",\"publisher\":{\"@id\":\"https:\/\/dicodusport.fr\/blog\/#organization\"},\"potentialAction\":[{\"@type\":\"SearchAction\",\"target\":{\"@type\":\"EntryPoint\",\"urlTemplate\":\"https:\/\/dicodusport.fr\/blog\/?s={search_term_string}\"},\"query-input\":{\"@type\":\"PropertyValueSpecification\",\"valueRequired\":true,\"valueName\":\"search_term_string\"}}],\"inLanguage\":\"fr-FR\"},{\"@type\":\"NewsMediaOrganization\",\"@id\":\"https:\/\/dicodusport.fr\/blog\/#organization\",\"name\":\"Dicodusport\",\"url\":\"https:\/\/dicodusport.fr\/blog\/\",\"logo\":{\"@type\":\"ImageObject\",\"inLanguage\":\"fr-FR\",\"@id\":\"https:\/\/dicodusport.fr\/blog\/#\/schema\/logo\/image\/\",\"url\":\"https:\/\/dicodusport.fr\/blog\/wp-content\/uploads\/2020\/06\/cropped-LOGO-DICODUSPORT-2020-SANS-FOND-SANS-TEXTE.png\",\"contentUrl\":\"https:\/\/dicodusport.fr\/blog\/wp-content\/uploads\/2020\/06\/cropped-LOGO-DICODUSPORT-2020-SANS-FOND-SANS-TEXTE.png\",\"width\":512,\"height\":512,\"caption\":\"Dicodusport\"},\"image\":{\"@id\":\"https:\/\/dicodusport.fr\/blog\/#\/schema\/logo\/image\/\"},\"sameAs\":[\"https:\/\/www.facebook.com\/dicodusport\",\"https:\/\/x.com\/dicodusport\",\"https:\/\/www.instagram.com\/dicodusport\/\",\"https:\/\/www.youtube.com\/channel\/UC7V2KZ5sd3htJivAbA4ZG3w\"],\"description\":\"Dicodusport est l'encyclop\u00e9die de l'actualit\u00e9 sportive.\",\"email\":\"bonjour@dicodusport.fr\",\"legalName\":\"DICODUSPORT\",\"foundingDate\":\"2018-01-14\",\"vatID\":\"FR71834470973\",\"taxID\":\"83447097300043\",\"numberOfEmployees\":{\"@type\":\"QuantitativeValue\",\"minValue\":\"1\",\"maxValue\":\"10\"}},{\"@type\":\"Person\",\"@id\":\"https:\/\/dicodusport.fr\/blog\/#\/schema\/person\/37def232098a7a5cbab3974a3690abb0\",\"name\":\"Maxime Cazenave\",\"image\":{\"@type\":\"ImageObject\",\"inLanguage\":\"fr-FR\",\"@id\":\"https:\/\/dicodusport.fr\/blog\/#\/schema\/person\/image\/\",\"url\":\"https:\/\/dicodusport.fr\/blog\/wp-content\/uploads\/2021\/05\/Maxime-Cazenave-150x150.jpg\",\"contentUrl\":\"https:\/\/dicodusport.fr\/blog\/wp-content\/uploads\/2021\/05\/Maxime-Cazenave-150x150.jpg\",\"caption\":\"Maxime Cazenave\"},\"description\":\"Journaliste\/R\u00e9dacteur depuis 2012 - Berc\u00e9 par l\u2019amour des Girondins de Bordeaux, les \u00e9checs de Christophe Moreau sur le Tour de France sous l'\u00e8re Lance Armstrong et le fade-away l\u00e9tal de Dirk Nowitzki, ma passion d\u00e9vorante pour le sport a toujours \u00e9t\u00e9 un pan incontournable de ma vie. Transmettre ma passion \u00e0 l\u2019\u00e9crit a \u00e9t\u00e9 une transition naturelle. Suiveur assidu de basket et de hockey sur glace, je garde toujours un peu de place pour suivre le cyclisme, le football et le maximum de performances fran\u00e7aises.\",\"sameAs\":[\"https:\/\/x.com\/https:\/\/twitter.com\/Maxime_Caze\"],\"url\":\"https:\/\/dicodusport.fr\/blog\/author\/maximec\/\"}]}<\/script>\n<!-- \/ Yoast SEO Premium plugin. -->","yoast_head_json":{"title":"Transferts OL : Direction le Qatar pour Jordan Veretout","description":"TRANSFERTS OL - Apr\u00e8s seulement une ann\u00e9e \u00e0 Lyon, Jordan Veretout s'appr\u00eate \u00e0 quitter l'Europe pour prendre la direction du Qatar.","robots":{"index":"index","follow":"follow","max-snippet":"max-snippet:-1","max-image-preview":"max-image-preview:large","max-video-preview":"max-video-preview:-1"},"canonical":"https:\/\/dicodusport.fr\/blog\/transferts-ol-direction-le-qatar-pour-jordan-veretout\/","og_locale":"fr_FR","og_type":"article","og_title":"Transferts OL : Direction le Qatar pour Jordan Veretout","og_description":"TRANSFERTS OL - Apr\u00e8s seulement une ann\u00e9e \u00e0 Lyon, Jordan Veretout s'appr\u00eate \u00e0 quitter l'Europe pour prendre la direction du Qatar.","og_url":"https:\/\/dicodusport.fr\/blog\/transferts-ol-direction-le-qatar-pour-jordan-veretout\/","og_site_name":"Dicodusport","article_publisher":"https:\/\/www.facebook.com\/dicodusport","article_published_time":"2025-07-01T14:49:34+00:00","og_image":[{"width":1200,"height":674,"url":"https:\/\/dicodusport.fr\/blog\/wp-content\/uploads\/2025\/07\/Transferts-OL-direction-le-Qatar-pour-Jordan-Veretout.png","type":"image\/png"}],"author":"Maxime Cazenave","twitter_card":"summary_large_image","twitter_description":"TRANSFERTS OL - Apr\u00e8s seulement une ann\u00e9e \u00e0 Lyon, Jordan Veretout s'appr\u00eate \u00e0 quitter l'Europe pour prendre la direction du Qatar.","twitter_creator":"@https:\/\/twitter.com\/Maxime_Caze","twitter_site":"@dicodusport","schema":{"@context":"https:\/\/schema.org","@graph":[{"@type":"NewsArticle","@id":"https:\/\/dicodusport.fr\/blog\/transferts-ol-direction-le-qatar-pour-jordan-veretout\/#article","isPartOf":{"@id":"https:\/\/dicodusport.fr\/blog\/transferts-ol-direction-le-qatar-pour-jordan-veretout\/"},"author":{"name":"Maxime Cazenave","@id":"https:\/\/dicodusport.fr\/blog\/#\/schema\/person\/37def232098a7a5cbab3974a3690abb0"},"headline":"Transferts OL : Direction le Qatar pour Jordan Veretout","datePublished":"2025-07-01T14:49:34+00:00","mainEntityOfPage":{"@id":"https:\/\/dicodusport.fr\/blog\/transferts-ol-direction-le-qatar-pour-jordan-veretout\/"},"wordCount":411,"commentCount":0,"publisher":{"@id":"https:\/\/dicodusport.fr\/blog\/#organization"},"image":{"@id":"https:\/\/dicodusport.fr\/blog\/transferts-ol-direction-le-qatar-pour-jordan-veretout\/#primaryimage"},"thumbnailUrl":"https:\/\/dicodusport.fr\/blog\/wp-content\/uploads\/2025\/07\/Transferts-OL-direction-le-Qatar-pour-Jordan-Veretout.png","keywords":["br\u00e8ve","Jordan Veretout","OL"],"articleSection":["Ligue 1"],"inLanguage":"fr-FR","potentialAction":[{"@type":"CommentAction","name":"Comment","target":["https:\/\/dicodusport.fr\/blog\/transferts-ol-direction-le-qatar-pour-jordan-veretout\/#respond"]}],"copyrightYear":"2025","copyrightHolder":{"@id":"https:\/\/dicodusport.fr\/blog\/#organization"}},{"@type":"WebPage","@id":"https:\/\/dicodusport.fr\/blog\/transferts-ol-direction-le-qatar-pour-jordan-veretout\/","url":"https:\/\/dicodusport.fr\/blog\/transferts-ol-direction-le-qatar-pour-jordan-veretout\/","name":"Transferts OL : Direction le Qatar pour Jordan Veretout","isPartOf":{"@id":"https:\/\/dicodusport.fr\/blog\/#website"},"primaryImageOfPage":{"@id":"https:\/\/dicodusport.fr\/blog\/transferts-ol-direction-le-qatar-pour-jordan-veretout\/#primaryimage"},"image":{"@id":"https:\/\/dicodusport.fr\/blog\/transferts-ol-direction-le-qatar-pour-jordan-veretout\/#primaryimage"},"thumbnailUrl":"https:\/\/dicodusport.fr\/blog\/wp-content\/uploads\/2025\/07\/Transferts-OL-direction-le-Qatar-pour-Jordan-Veretout.png","datePublished":"2025-07-01T14:49:34+00:00","description":"TRANSFERTS OL - Apr\u00e8s seulement une ann\u00e9e \u00e0 Lyon, Jordan Veretout s'appr\u00eate \u00e0 quitter l'Europe pour prendre la direction du Qatar.","breadcrumb":{"@id":"https:\/\/dicodusport.fr\/blog\/transferts-ol-direction-le-qatar-pour-jordan-veretout\/#breadcrumb"},"inLanguage":"fr-FR","potentialAction":[{"@type":"ReadAction","target":["https:\/\/dicodusport.fr\/blog\/transferts-ol-direction-le-qatar-pour-jordan-veretout\/"]}]},{"@type":"ImageObject","inLanguage":"fr-FR","@id":"https:\/\/dicodusport.fr\/blog\/transferts-ol-direction-le-qatar-pour-jordan-veretout\/#primaryimage","url":"https:\/\/dicodusport.fr\/blog\/wp-content\/uploads\/2025\/07\/Transferts-OL-direction-le-Qatar-pour-Jordan-Veretout.png","contentUrl":"https:\/\/dicodusport.fr\/blog\/wp-content\/uploads\/2025\/07\/Transferts-OL-direction-le-Qatar-pour-Jordan-Veretout.png","width":1200,"height":674,"caption":"Transferts OL : direction le Qatar pour Jordan Veretout"},{"@type":"BreadcrumbList","@id":"https:\/\/dicodusport.fr\/blog\/transferts-ol-direction-le-qatar-pour-jordan-veretout\/#breadcrumb","itemListElement":[{"@type":"ListItem","position":1,"name":"Accueil","item":"https:\/\/dicodusport.fr\/blog\/"},{"@type":"ListItem","position":2,"name":"Transferts OL : Direction le Qatar pour Jordan Veretout"}]},{"@type":"WebSite","@id":"https:\/\/dicodusport.fr\/blog\/#website","url":"https:\/\/dicodusport.fr\/blog\/","name":"Dicodusport","description":"L&#039;encyclop\u00e9die de l&#039;actualit\u00e9 sportive","publisher":{"@id":"https:\/\/dicodusport.fr\/blog\/#organization"},"potentialAction":[{"@type":"SearchAction","target":{"@type":"EntryPoint","urlTemplate":"https:\/\/dicodusport.fr\/blog\/?s={search_term_string}"},"query-input":{"@type":"PropertyValueSpecification","valueRequired":true,"valueName":"search_term_string"}}],"inLanguage":"fr-FR"},{"@type":"NewsMediaOrganization","@id":"https:\/\/dicodusport.fr\/blog\/#organization","name":"Dicodusport","url":"https:\/\/dicodusport.fr\/blog\/","logo":{"@type":"ImageObject","inLanguage":"fr-FR","@id":"https:\/\/dicodusport.fr\/blog\/#\/schema\/logo\/image\/","url":"https:\/\/dicodusport.fr\/blog\/wp-content\/uploads\/2020\/06\/cropped-LOGO-DICODUSPORT-2020-SANS-FOND-SANS-TEXTE.png","contentUrl":"https:\/\/dicodusport.fr\/blog\/wp-content\/uploads\/2020\/06\/cropped-LOGO-DICODUSPORT-2020-SANS-FOND-SANS-TEXTE.png","width":512,"height":512,"caption":"Dicodusport"},"image":{"@id":"https:\/\/dicodusport.fr\/blog\/#\/schema\/logo\/image\/"},"sameAs":["https:\/\/www.facebook.com\/dicodusport","https:\/\/x.com\/dicodusport","https:\/\/www.instagram.com\/dicodusport\/","https:\/\/www.youtube.com\/channel\/UC7V2KZ5sd3htJivAbA4ZG3w"],"description":"Dicodusport est l'encyclop\u00e9die de l'actualit\u00e9 sportive.","email":"bonjour@dicodusport.fr","legalName":"DICODUSPORT","foundingDate":"2018-01-14","vatID":"FR71834470973","taxID":"83447097300043","numberOfEmployees":{"@type":"QuantitativeValue","minValue":"1","maxValue":"10"}},{"@type":"Person","@id":"https:\/\/dicodusport.fr\/blog\/#\/schema\/person\/37def232098a7a5cbab3974a3690abb0","name":"Maxime Cazenave","image":{"@type":"ImageObject","inLanguage":"fr-FR","@id":"https:\/\/dicodusport.fr\/blog\/#\/schema\/person\/image\/","url":"https:\/\/dicodusport.fr\/blog\/wp-content\/uploads\/2021\/05\/Maxime-Cazenave-150x150.jpg","contentUrl":"https:\/\/dicodusport.fr\/blog\/wp-content\/uploads\/2021\/05\/Maxime-Cazenave-150x150.jpg","caption":"Maxime Cazenave"},"description":"Journaliste\/R\u00e9dacteur depuis 2012 - Berc\u00e9 par l\u2019amour des Girondins de Bordeaux, les \u00e9checs de Christophe Moreau sur le Tour de France sous l'\u00e8re Lance Armstrong et le fade-away l\u00e9tal de Dirk Nowitzki, ma passion d\u00e9vorante pour le sport a toujours \u00e9t\u00e9 un pan incontournable de ma vie. Transmettre ma passion \u00e0 l\u2019\u00e9crit a \u00e9t\u00e9 une transition naturelle. Suiveur assidu de basket et de hockey sur glace, je garde toujours un peu de place pour suivre le cyclisme, le football et le maximum de performances fran\u00e7aises.","sameAs":["https:\/\/x.com\/https:\/\/twitter.com\/Maxime_Caze"],"url":"https:\/\/dicodusport.fr\/blog\/author\/maximec\/"}]}},"_links":{"self":[{"href":"https:\/\/dicodusport.fr\/blog\/wp-json\/wp\/v2\/posts\/591883","targetHints":{"allow":["GET"]}}],"collection":[{"href":"https:\/\/dicodusport.fr\/blog\/wp-json\/wp\/v2\/posts"}],"about":[{"href":"https:\/\/dicodusport.fr\/blog\/wp-json\/wp\/v2\/types\/post"}],"author":[{"embeddable":true,"href":"https:\/\/dicodusport.fr\/blog\/wp-json\/wp\/v2\/users\/55"}],"replies":[{"embeddable":true,"href":"https:\/\/dicodusport.fr\/blog\/wp-json\/wp\/v2\/comments?post=591883"}],"version-history":[{"count":3,"href":"https:\/\/dicodusport.fr\/blog\/wp-json\/wp\/v2\/posts\/591883\/revisions"}],"predecessor-version":[{"id":591894,"href":"https:\/\/dicodusport.fr\/blog\/wp-json\/wp\/v2\/posts\/591883\/revisions\/591894"}],"wp:featuredmedia":[{"embeddable":true,"href":"https:\/\/dicodusport.fr\/blog\/wp-json\/wp\/v2\/media\/591885"}],"wp:attachment":[{"href":"https:\/\/dicodusport.fr\/blog\/wp-json\/wp\/v2\/media?parent=591883"}],"wp:term":[{"taxonomy":"category","embeddable":true,"href":"https:\/\/dicodusport.fr\/blog\/wp-json\/wp\/v2\/categories?post=591883"},{"taxonomy":"post_tag","embeddable":true,"href":"https:\/\/dicodusport.fr\/blog\/wp-json\/wp\/v2\/tags?post=591883"}],"curies":[{"name":"wp","href":"https:\/\/api.w.org\/{rel}","templated":true}]}}