{"id":592263,"date":"2025-07-03T11:57:29","date_gmt":"2025-07-03T09:57:29","guid":{"rendered":"https:\/\/dicodusport.fr\/blog\/?p=592263&#038;preview=true&#038;preview_id=592263"},"modified":"2025-07-03T19:15:30","modified_gmt":"2025-07-03T17:15:30","slug":"la-groupama-fdj-avec-un-maillot-special-sur-le-tour-de-france-2025","status":"publish","type":"post","link":"https:\/\/dicodusport.fr\/blog\/la-groupama-fdj-avec-un-maillot-special-sur-le-tour-de-france-2025\/","title":{"rendered":"La Groupama-FDJ avec un maillot sp\u00e9cial sur le Tour de France 2025"},"content":{"rendered":"<p style=\"text-align: justify;\"><strong><em>TOUR DE FRANCE 2025 &#8211; Ce jeudi, la formation Groupama-FDJ a d\u00e9voil\u00e9 un nouveau maillot exclusif pour la Grande Boucle.<\/em><\/strong><\/p>\n<ul style=\"text-align: justify;\">\n<li style=\"text-align: justify;\"><strong>\u00c0 ce sujet &#8211; <a href=\"https:\/\/dicodusport.fr\/blog\/tour-de-france-2025-les-23-equipes-et-leurs-coureurs\/\">Tour de France 2025 : Les 23 \u00e9quipes et leurs coureurs<\/a><\/strong><\/li>\n<\/ul>\n<p style=\"text-align: justify;\">Cela est devenu monnaie courante, et la<strong> Groupama-FDJ<\/strong> ne fait donc pas exception. Comme la TotalEnergies (par exemple) l&rsquo;a effectu\u00e9 la veille, la formation de<strong> Marc Madiot<\/strong> a d\u00e9voil\u00e9 ce jeudi un nouveau maillot qui sera arbor\u00e9 sur les routes du Tour de France par ses huit coureurs.<\/p>\n<ul>\n<li style=\"text-align: justify;\"><strong>\u00c0 ce sujet &#8211; <a href=\"https:\/\/dicodusport.fr\/blog\/groupama-fdj-visma-lease-a-bike-ineos-grenadiers-les-nouveaux-maillots-des-equipes-sur-le-tour-de-france-2025\/\">Groupama-FDJ, Visma Lease a Bike, INEOS Grenadiers\u2026 les nouveaux maillots des \u00e9quipes sur le Tour de France 2025<\/a><\/strong><\/li>\n<\/ul>\n<h2 style=\"text-align: justify;\">Une tenue de circonstances pour la Groupama-FDJ sur le Tour<\/h2>\n<p style=\"text-align: justify;\">Le moins que l&rsquo;on puisse dire, c&rsquo;est que le rendu esth\u00e9tique est plut\u00f4t satisfaisant. Les couleurs bleues claires et fonc\u00e9es pr\u00e9sentes sur le maillot de cette saison sont \u00e9videmment toujours pr\u00e9sentes, mais leur disposition a \u00e9t\u00e9 modifi\u00e9e. Ainsi, le bleu clair couvre la manche droite, et descend jusqu&rsquo;au niveau du nombril, avant de se fondre pour transiter vers le bleu fonc\u00e9, positionn\u00e9 en bas. Par ailleurs, du rouge fait son apparition sur la manche gauche.<\/p>\n<p style=\"text-align: justify;\">Cela rappelle d&rsquo;ailleurs fortement le maillot de l&rsquo;\u00e9quipe f\u00e9minine de la <strong>FDJ-Suez<\/strong>, qui disposait d&rsquo;une tunique \u00e0 l&rsquo;organisation similaire l&rsquo;ann\u00e9e derni\u00e8re. \u00c0 noter \u00e9galement que des motifs sont pr\u00e9sents sur l&rsquo;ensemble du maillot, se mariant de mani\u00e8re coh\u00e9rente avec les couleurs et le positionnement des sponsors.<\/p>\n<p style=\"text-align: justify;\">Cette belle r\u00e9ussite sera donc visible \u00e0 partir de demain, \u00e0 l&rsquo;occasion de la pr\u00e9sentation des \u00e9quipes, avant que <strong>Guillaume Martin<\/strong> et ses co\u00e9quipiers tentent de la mettre en avant durant les trois semaines suivantes de course.<\/p>\n<blockquote class=\"instagram-media\" style=\"background: #FFF; border: 0; border-radius: 3px; box-shadow: 0 0 1px 0 rgba(0,0,0,0.5),0 1px 10px 0 rgba(0,0,0,0.15); margin: 1px; max-width: 540px; min-width: 326px; padding: 0; width: calc(100% - 2px);\" data-instgrm-captioned=\"\" data-instgrm-permalink=\"https:\/\/www.instagram.com\/p\/DLpB_geI58J\/?utm_source=ig_embed&amp;utm_campaign=loading\" data-instgrm-version=\"14\">\n<div style=\"padding: 16px;\">\n<div style=\"display: flex; flex-direction: row; align-items: center;\">\n<div style=\"background-color: #f4f4f4; border-radius: 50%; flex-grow: 0; height: 40px; margin-right: 14px; width: 40px;\"><\/div>\n<div style=\"display: flex; flex-direction: column; flex-grow: 1; justify-content: center;\">\n<div style=\"background-color: #f4f4f4; border-radius: 4px; flex-grow: 0; height: 14px; margin-bottom: 6px; width: 100px;\"><\/div>\n<div style=\"background-color: #f4f4f4; border-radius: 4px; flex-grow: 0; height: 14px; width: 60px;\"><\/div>\n<\/div>\n<\/div>\n<div style=\"padding: 19% 0;\"><\/div>\n<div style=\"display: block; height: 50px; margin: 0 auto 12px; width: 50px;\"><\/div>\n<div style=\"padding-top: 8px;\">\n<div style=\"color: #3897f0; font-family: Arial,sans-serif; font-size: 14px; font-style: normal; font-weight: 550; line-height: 18px;\">Voir cette publication sur Instagram<\/div>\n<\/div>\n<div style=\"padding: 12.5% 0;\"><\/div>\n<div style=\"display: flex; flex-direction: row; margin-bottom: 14px; align-items: center;\">\n<div>\n<div style=\"background-color: #f4f4f4; border-radius: 50%; height: 12.5px; width: 12.5px; transform: translateX(0px) translateY(7px);\"><\/div>\n<div style=\"background-color: #f4f4f4; height: 12.5px; transform: rotate(-45deg) translateX(3px) translateY(1px); width: 12.5px; flex-grow: 0; margin-right: 14px; margin-left: 2px;\"><\/div>\n<div style=\"background-color: #f4f4f4; border-radius: 50%; height: 12.5px; width: 12.5px; transform: translateX(9px) translateY(-18px);\"><\/div>\n<\/div>\n<div style=\"margin-left: 8px;\">\n<div style=\"background-color: #f4f4f4; border-radius: 50%; flex-grow: 0; height: 20px; width: 20px;\"><\/div>\n<div style=\"width: 0; height: 0; border-top: 2px solid transparent; border-left: 6px solid #f4f4f4; border-bottom: 2px solid transparent; transform: translateX(16px) translateY(-4px) rotate(30deg);\"><\/div>\n<\/div>\n<div style=\"margin-left: auto;\">\n<div style=\"width: 0px; border-top: 8px solid #F4F4F4; border-right: 8px solid transparent; transform: translateY(16px);\"><\/div>\n<div style=\"background-color: #f4f4f4; flex-grow: 0; height: 12px; width: 16px; transform: translateY(-4px);\"><\/div>\n<div style=\"width: 0; height: 0; border-top: 8px solid #F4F4F4; border-left: 8px solid transparent; transform: translateY(-4px) translateX(8px);\"><\/div>\n<\/div>\n<\/div>\n<div style=\"display: flex; flex-direction: column; flex-grow: 1; justify-content: center; margin-bottom: 24px;\">\n<div style=\"background-color: #f4f4f4; border-radius: 4px; flex-grow: 0; height: 14px; margin-bottom: 6px; width: 224px;\"><\/div>\n<div style=\"background-color: #f4f4f4; border-radius: 4px; flex-grow: 0; height: 14px; width: 144px;\"><\/div>\n<\/div>\n<p>&nbsp;<\/p>\n<p style=\"color: #c9c8cd; font-family: Arial,sans-serif; font-size: 14px; line-height: 17px; margin-bottom: 0; margin-top: 8px; overflow: hidden; padding: 8px 0 7px; text-align: center; text-overflow: ellipsis; white-space: nowrap;\"><a style=\"color: #c9c8cd; font-family: Arial,sans-serif; font-size: 14px; font-style: normal; font-weight: normal; line-height: 17px; text-decoration: none;\" href=\"https:\/\/www.instagram.com\/p\/DLpB_geI58J\/?utm_source=ig_embed&amp;utm_campaign=loading\" target=\"_blank\" rel=\"noopener\">Une publication partag\u00e9e par E\u0301quipe Cycliste Groupama-FDJ (@equipegroupamafdj)<\/a><\/p>\n<\/div>\n<\/blockquote>\n<p><script async src=\"\/\/www.instagram.com\/embed.js\"><\/script><\/p>\n<h4>\u00c0 lire aussi<\/h4>\n<div class=\"vlp-link-container vlp-layout-article\"><a href=\"https:\/\/dicodusport.fr\/blog\/tour-de-france-2025-le-parcours-complet-dans-le-detail\/\" class=\"vlp-link\" title=\"Tour de France 2025 : Le parcours complet dans le d\u00e9tail\"><\/a><div class=\"vlp-layout-zone-side\"><div class=\"vlp-block-4 vlp-link-image\"><img loading=\"lazy\" decoding=\"async\" style=\"max-width: 792px;\" width=\"792\" height=\"445\" src=\"https:\/\/dicodusport.fr\/blog\/wp-content\/uploads\/2024\/10\/Tour-de-France-2025-Le-parcours-complet-dans-le-detail.png\" class=\"attachment-800x445 size-800x445\" alt=\"Tour de France 2025 : Le parcours complet dans le d\u00e9tail\" srcset=\"https:\/\/dicodusport.fr\/blog\/wp-content\/uploads\/2024\/10\/Tour-de-France-2025-Le-parcours-complet-dans-le-detail.png 1200w, https:\/\/dicodusport.fr\/blog\/wp-content\/uploads\/2024\/10\/Tour-de-France-2025-Le-parcours-complet-dans-le-detail-300x169.png 300w, https:\/\/dicodusport.fr\/blog\/wp-content\/uploads\/2024\/10\/Tour-de-France-2025-Le-parcours-complet-dans-le-detail-1024x575.png 1024w, https:\/\/dicodusport.fr\/blog\/wp-content\/uploads\/2024\/10\/Tour-de-France-2025-Le-parcours-complet-dans-le-detail-768x431.png 768w\" sizes=\"auto, (max-width: 792px) 100vw, 792px\" \/><\/div><\/div><div class=\"vlp-layout-zone-main\"><div class=\"vlp-block-0 vlp-link-title\">Tour de France 2025 : Le parcours complet dans le d\u00e9tail<\/div><div class=\"vlp-block-1 vlp-link-summary\">Le parcours complet dans le d\u00e9tail du Tour de France 2025<\/div><div class=\"vlp-block-2 vlp-link-button\">Lire l'article<\/div><div class=\"vlp-block-3 vlp-link-url\">dicodusport.fr<\/div><\/div><\/div>\n","protected":false},"excerpt":{"rendered":"<p>TOUR DE FRANCE 2025 &#8211; Ce jeudi, la formation Groupama-FDJ a d\u00e9voil\u00e9 un nouveau maillot exclusif pour la Grande Boucle.<\/p>\n","protected":false},"author":55,"featured_media":592265,"comment_status":"open","ping_status":"closed","sticky":false,"template":"","format":"standard","meta":{"_acf_changed":false,"_daextam_enable_autolinks":"1","footnotes":""},"categories":[46995],"tags":[16878,3279,1262],"class_list":["post-592263","post","type-post","status-publish","format-standard","has-post-thumbnail","hentry","category-tour-de-france","tag-breve","tag-groupama-fdj","tag-tour-de-france"],"acf":[],"yoast_head":"<!-- This site is optimized with the Yoast SEO Premium plugin v26.7 (Yoast SEO v26.7) - https:\/\/yoast.com\/wordpress\/plugins\/seo\/ -->\n<title>La Groupama-FDJ avec un maillot sp\u00e9cial sur le Tour de France 2025<\/title>\n<meta name=\"description\" content=\"TOUR DE FRANCE 2025 - Ce jeudi, la formation Groupama-FDJ a d\u00e9voil\u00e9 un nouveau maillot exclusif pour la Grande Boucle.\" \/>\n<meta name=\"robots\" content=\"index, follow, max-snippet:-1, max-image-preview:large, max-video-preview:-1\" \/>\n<link rel=\"canonical\" href=\"https:\/\/dicodusport.fr\/blog\/la-groupama-fdj-avec-un-maillot-special-sur-le-tour-de-france-2025\/\" \/>\n<meta property=\"og:locale\" content=\"fr_FR\" \/>\n<meta property=\"og:type\" content=\"article\" \/>\n<meta property=\"og:title\" content=\"La Groupama-FDJ avec un maillot sp\u00e9cial sur le Tour de France 2025\" \/>\n<meta property=\"og:description\" content=\"TOUR DE FRANCE 2025 - Ce jeudi, la formation Groupama-FDJ a d\u00e9voil\u00e9 un nouveau maillot exclusif pour la Grande Boucle.\" \/>\n<meta property=\"og:url\" content=\"https:\/\/dicodusport.fr\/blog\/la-groupama-fdj-avec-un-maillot-special-sur-le-tour-de-france-2025\/\" \/>\n<meta property=\"og:site_name\" content=\"Dicodusport\" \/>\n<meta property=\"article:publisher\" content=\"https:\/\/www.facebook.com\/dicodusport\" \/>\n<meta property=\"article:published_time\" content=\"2025-07-03T09:57:29+00:00\" \/>\n<meta property=\"article:modified_time\" content=\"2025-07-03T17:15:30+00:00\" \/>\n<meta property=\"og:image\" content=\"https:\/\/dicodusport.fr\/blog\/wp-content\/uploads\/2025\/07\/La-Groupama-FDJ-avec-un-maillot-special-sur-le-Tour-de-France-2025.png\" \/>\n\t<meta property=\"og:image:width\" content=\"1200\" \/>\n\t<meta property=\"og:image:height\" content=\"674\" \/>\n\t<meta property=\"og:image:type\" content=\"image\/png\" \/>\n<meta name=\"author\" content=\"Maxime Cazenave\" \/>\n<meta name=\"twitter:card\" content=\"summary_large_image\" \/>\n<meta name=\"twitter:description\" content=\"TOUR DE FRANCE 2025 - Ce jeudi, la formation Groupama-FDJ a d\u00e9voil\u00e9 un nouveau maillot exclusif pour la Grande Boucle.\" \/>\n<meta name=\"twitter:creator\" content=\"@https:\/\/twitter.com\/Maxime_Caze\" \/>\n<meta name=\"twitter:site\" content=\"@dicodusport\" \/>\n<script type=\"application\/ld+json\" class=\"yoast-schema-graph\">{\"@context\":\"https:\/\/schema.org\",\"@graph\":[{\"@type\":\"NewsArticle\",\"@id\":\"https:\/\/dicodusport.fr\/blog\/la-groupama-fdj-avec-un-maillot-special-sur-le-tour-de-france-2025\/#article\",\"isPartOf\":{\"@id\":\"https:\/\/dicodusport.fr\/blog\/la-groupama-fdj-avec-un-maillot-special-sur-le-tour-de-france-2025\/\"},\"author\":{\"name\":\"Maxime Cazenave\",\"@id\":\"https:\/\/dicodusport.fr\/blog\/#\/schema\/person\/37def232098a7a5cbab3974a3690abb0\"},\"headline\":\"La Groupama-FDJ avec un maillot sp\u00e9cial sur le Tour de France 2025\",\"datePublished\":\"2025-07-03T09:57:29+00:00\",\"dateModified\":\"2025-07-03T17:15:30+00:00\",\"mainEntityOfPage\":{\"@id\":\"https:\/\/dicodusport.fr\/blog\/la-groupama-fdj-avec-un-maillot-special-sur-le-tour-de-france-2025\/\"},\"wordCount\":380,\"commentCount\":0,\"publisher\":{\"@id\":\"https:\/\/dicodusport.fr\/blog\/#organization\"},\"image\":{\"@id\":\"https:\/\/dicodusport.fr\/blog\/la-groupama-fdj-avec-un-maillot-special-sur-le-tour-de-france-2025\/#primaryimage\"},\"thumbnailUrl\":\"https:\/\/dicodusport.fr\/blog\/wp-content\/uploads\/2025\/07\/La-Groupama-FDJ-avec-un-maillot-special-sur-le-Tour-de-France-2025.png\",\"keywords\":[\"br\u00e8ve\",\"Groupama FDJ\",\"Tour de France\"],\"articleSection\":[\"Tour de France\"],\"inLanguage\":\"fr-FR\",\"potentialAction\":[{\"@type\":\"CommentAction\",\"name\":\"Comment\",\"target\":[\"https:\/\/dicodusport.fr\/blog\/la-groupama-fdj-avec-un-maillot-special-sur-le-tour-de-france-2025\/#respond\"]}],\"copyrightYear\":\"2025\",\"copyrightHolder\":{\"@id\":\"https:\/\/dicodusport.fr\/blog\/#organization\"}},{\"@type\":\"WebPage\",\"@id\":\"https:\/\/dicodusport.fr\/blog\/la-groupama-fdj-avec-un-maillot-special-sur-le-tour-de-france-2025\/\",\"url\":\"https:\/\/dicodusport.fr\/blog\/la-groupama-fdj-avec-un-maillot-special-sur-le-tour-de-france-2025\/\",\"name\":\"La Groupama-FDJ avec un maillot sp\u00e9cial sur le Tour de France 2025\",\"isPartOf\":{\"@id\":\"https:\/\/dicodusport.fr\/blog\/#website\"},\"primaryImageOfPage\":{\"@id\":\"https:\/\/dicodusport.fr\/blog\/la-groupama-fdj-avec-un-maillot-special-sur-le-tour-de-france-2025\/#primaryimage\"},\"image\":{\"@id\":\"https:\/\/dicodusport.fr\/blog\/la-groupama-fdj-avec-un-maillot-special-sur-le-tour-de-france-2025\/#primaryimage\"},\"thumbnailUrl\":\"https:\/\/dicodusport.fr\/blog\/wp-content\/uploads\/2025\/07\/La-Groupama-FDJ-avec-un-maillot-special-sur-le-Tour-de-France-2025.png\",\"datePublished\":\"2025-07-03T09:57:29+00:00\",\"dateModified\":\"2025-07-03T17:15:30+00:00\",\"description\":\"TOUR DE FRANCE 2025 - Ce jeudi, la formation Groupama-FDJ a d\u00e9voil\u00e9 un nouveau maillot exclusif pour la Grande Boucle.\",\"breadcrumb\":{\"@id\":\"https:\/\/dicodusport.fr\/blog\/la-groupama-fdj-avec-un-maillot-special-sur-le-tour-de-france-2025\/#breadcrumb\"},\"inLanguage\":\"fr-FR\",\"potentialAction\":[{\"@type\":\"ReadAction\",\"target\":[\"https:\/\/dicodusport.fr\/blog\/la-groupama-fdj-avec-un-maillot-special-sur-le-tour-de-france-2025\/\"]}]},{\"@type\":\"ImageObject\",\"inLanguage\":\"fr-FR\",\"@id\":\"https:\/\/dicodusport.fr\/blog\/la-groupama-fdj-avec-un-maillot-special-sur-le-tour-de-france-2025\/#primaryimage\",\"url\":\"https:\/\/dicodusport.fr\/blog\/wp-content\/uploads\/2025\/07\/La-Groupama-FDJ-avec-un-maillot-special-sur-le-Tour-de-France-2025.png\",\"contentUrl\":\"https:\/\/dicodusport.fr\/blog\/wp-content\/uploads\/2025\/07\/La-Groupama-FDJ-avec-un-maillot-special-sur-le-Tour-de-France-2025.png\",\"width\":1200,\"height\":674,\"caption\":\"La Groupama-FDJ avec un maillot sp\u00e9cial sur le Tour de France 2025\"},{\"@type\":\"BreadcrumbList\",\"@id\":\"https:\/\/dicodusport.fr\/blog\/la-groupama-fdj-avec-un-maillot-special-sur-le-tour-de-france-2025\/#breadcrumb\",\"itemListElement\":[{\"@type\":\"ListItem\",\"position\":1,\"name\":\"Accueil\",\"item\":\"https:\/\/dicodusport.fr\/blog\/\"},{\"@type\":\"ListItem\",\"position\":2,\"name\":\"La Groupama-FDJ avec un maillot sp\u00e9cial sur le Tour de France 2025\"}]},{\"@type\":\"WebSite\",\"@id\":\"https:\/\/dicodusport.fr\/blog\/#website\",\"url\":\"https:\/\/dicodusport.fr\/blog\/\",\"name\":\"Dicodusport\",\"description\":\"L&#039;encyclop\u00e9die de l&#039;actualit\u00e9 sportive\",\"publisher\":{\"@id\":\"https:\/\/dicodusport.fr\/blog\/#organization\"},\"potentialAction\":[{\"@type\":\"SearchAction\",\"target\":{\"@type\":\"EntryPoint\",\"urlTemplate\":\"https:\/\/dicodusport.fr\/blog\/?s={search_term_string}\"},\"query-input\":{\"@type\":\"PropertyValueSpecification\",\"valueRequired\":true,\"valueName\":\"search_term_string\"}}],\"inLanguage\":\"fr-FR\"},{\"@type\":\"NewsMediaOrganization\",\"@id\":\"https:\/\/dicodusport.fr\/blog\/#organization\",\"name\":\"Dicodusport\",\"url\":\"https:\/\/dicodusport.fr\/blog\/\",\"logo\":{\"@type\":\"ImageObject\",\"inLanguage\":\"fr-FR\",\"@id\":\"https:\/\/dicodusport.fr\/blog\/#\/schema\/logo\/image\/\",\"url\":\"https:\/\/dicodusport.fr\/blog\/wp-content\/uploads\/2020\/06\/cropped-LOGO-DICODUSPORT-2020-SANS-FOND-SANS-TEXTE.png\",\"contentUrl\":\"https:\/\/dicodusport.fr\/blog\/wp-content\/uploads\/2020\/06\/cropped-LOGO-DICODUSPORT-2020-SANS-FOND-SANS-TEXTE.png\",\"width\":512,\"height\":512,\"caption\":\"Dicodusport\"},\"image\":{\"@id\":\"https:\/\/dicodusport.fr\/blog\/#\/schema\/logo\/image\/\"},\"sameAs\":[\"https:\/\/www.facebook.com\/dicodusport\",\"https:\/\/x.com\/dicodusport\",\"https:\/\/www.instagram.com\/dicodusport\/\",\"https:\/\/www.youtube.com\/channel\/UC7V2KZ5sd3htJivAbA4ZG3w\"],\"description\":\"Dicodusport est l'encyclop\u00e9die de l'actualit\u00e9 sportive.\",\"email\":\"bonjour@dicodusport.fr\",\"legalName\":\"DICODUSPORT\",\"foundingDate\":\"2018-01-14\",\"vatID\":\"FR71834470973\",\"taxID\":\"83447097300043\",\"numberOfEmployees\":{\"@type\":\"QuantitativeValue\",\"minValue\":\"1\",\"maxValue\":\"10\"}},{\"@type\":\"Person\",\"@id\":\"https:\/\/dicodusport.fr\/blog\/#\/schema\/person\/37def232098a7a5cbab3974a3690abb0\",\"name\":\"Maxime Cazenave\",\"image\":{\"@type\":\"ImageObject\",\"inLanguage\":\"fr-FR\",\"@id\":\"https:\/\/dicodusport.fr\/blog\/#\/schema\/person\/image\/\",\"url\":\"https:\/\/dicodusport.fr\/blog\/wp-content\/uploads\/2021\/05\/Maxime-Cazenave-150x150.jpg\",\"contentUrl\":\"https:\/\/dicodusport.fr\/blog\/wp-content\/uploads\/2021\/05\/Maxime-Cazenave-150x150.jpg\",\"caption\":\"Maxime Cazenave\"},\"description\":\"Journaliste\/R\u00e9dacteur depuis 2012 - Berc\u00e9 par l\u2019amour des Girondins de Bordeaux, les \u00e9checs de Christophe Moreau sur le Tour de France sous l'\u00e8re Lance Armstrong et le fade-away l\u00e9tal de Dirk Nowitzki, ma passion d\u00e9vorante pour le sport a toujours \u00e9t\u00e9 un pan incontournable de ma vie. Transmettre ma passion \u00e0 l\u2019\u00e9crit a \u00e9t\u00e9 une transition naturelle. Suiveur assidu de basket et de hockey sur glace, je garde toujours un peu de place pour suivre le cyclisme, le football et le maximum de performances fran\u00e7aises.\",\"sameAs\":[\"https:\/\/x.com\/https:\/\/twitter.com\/Maxime_Caze\"],\"url\":\"https:\/\/dicodusport.fr\/blog\/author\/maximec\/\"}]}<\/script>\n<!-- \/ Yoast SEO Premium plugin. -->","yoast_head_json":{"title":"La Groupama-FDJ avec un maillot sp\u00e9cial sur le Tour de France 2025","description":"TOUR DE FRANCE 2025 - Ce jeudi, la formation Groupama-FDJ a d\u00e9voil\u00e9 un nouveau maillot exclusif pour la Grande Boucle.","robots":{"index":"index","follow":"follow","max-snippet":"max-snippet:-1","max-image-preview":"max-image-preview:large","max-video-preview":"max-video-preview:-1"},"canonical":"https:\/\/dicodusport.fr\/blog\/la-groupama-fdj-avec-un-maillot-special-sur-le-tour-de-france-2025\/","og_locale":"fr_FR","og_type":"article","og_title":"La Groupama-FDJ avec un maillot sp\u00e9cial sur le Tour de France 2025","og_description":"TOUR DE FRANCE 2025 - Ce jeudi, la formation Groupama-FDJ a d\u00e9voil\u00e9 un nouveau maillot exclusif pour la Grande Boucle.","og_url":"https:\/\/dicodusport.fr\/blog\/la-groupama-fdj-avec-un-maillot-special-sur-le-tour-de-france-2025\/","og_site_name":"Dicodusport","article_publisher":"https:\/\/www.facebook.com\/dicodusport","article_published_time":"2025-07-03T09:57:29+00:00","article_modified_time":"2025-07-03T17:15:30+00:00","og_image":[{"width":1200,"height":674,"url":"https:\/\/dicodusport.fr\/blog\/wp-content\/uploads\/2025\/07\/La-Groupama-FDJ-avec-un-maillot-special-sur-le-Tour-de-France-2025.png","type":"image\/png"}],"author":"Maxime Cazenave","twitter_card":"summary_large_image","twitter_description":"TOUR DE FRANCE 2025 - Ce jeudi, la formation Groupama-FDJ a d\u00e9voil\u00e9 un nouveau maillot exclusif pour la Grande Boucle.","twitter_creator":"@https:\/\/twitter.com\/Maxime_Caze","twitter_site":"@dicodusport","schema":{"@context":"https:\/\/schema.org","@graph":[{"@type":"NewsArticle","@id":"https:\/\/dicodusport.fr\/blog\/la-groupama-fdj-avec-un-maillot-special-sur-le-tour-de-france-2025\/#article","isPartOf":{"@id":"https:\/\/dicodusport.fr\/blog\/la-groupama-fdj-avec-un-maillot-special-sur-le-tour-de-france-2025\/"},"author":{"name":"Maxime Cazenave","@id":"https:\/\/dicodusport.fr\/blog\/#\/schema\/person\/37def232098a7a5cbab3974a3690abb0"},"headline":"La Groupama-FDJ avec un maillot sp\u00e9cial sur le Tour de France 2025","datePublished":"2025-07-03T09:57:29+00:00","dateModified":"2025-07-03T17:15:30+00:00","mainEntityOfPage":{"@id":"https:\/\/dicodusport.fr\/blog\/la-groupama-fdj-avec-un-maillot-special-sur-le-tour-de-france-2025\/"},"wordCount":380,"commentCount":0,"publisher":{"@id":"https:\/\/dicodusport.fr\/blog\/#organization"},"image":{"@id":"https:\/\/dicodusport.fr\/blog\/la-groupama-fdj-avec-un-maillot-special-sur-le-tour-de-france-2025\/#primaryimage"},"thumbnailUrl":"https:\/\/dicodusport.fr\/blog\/wp-content\/uploads\/2025\/07\/La-Groupama-FDJ-avec-un-maillot-special-sur-le-Tour-de-France-2025.png","keywords":["br\u00e8ve","Groupama FDJ","Tour de France"],"articleSection":["Tour de France"],"inLanguage":"fr-FR","potentialAction":[{"@type":"CommentAction","name":"Comment","target":["https:\/\/dicodusport.fr\/blog\/la-groupama-fdj-avec-un-maillot-special-sur-le-tour-de-france-2025\/#respond"]}],"copyrightYear":"2025","copyrightHolder":{"@id":"https:\/\/dicodusport.fr\/blog\/#organization"}},{"@type":"WebPage","@id":"https:\/\/dicodusport.fr\/blog\/la-groupama-fdj-avec-un-maillot-special-sur-le-tour-de-france-2025\/","url":"https:\/\/dicodusport.fr\/blog\/la-groupama-fdj-avec-un-maillot-special-sur-le-tour-de-france-2025\/","name":"La Groupama-FDJ avec un maillot sp\u00e9cial sur le Tour de France 2025","isPartOf":{"@id":"https:\/\/dicodusport.fr\/blog\/#website"},"primaryImageOfPage":{"@id":"https:\/\/dicodusport.fr\/blog\/la-groupama-fdj-avec-un-maillot-special-sur-le-tour-de-france-2025\/#primaryimage"},"image":{"@id":"https:\/\/dicodusport.fr\/blog\/la-groupama-fdj-avec-un-maillot-special-sur-le-tour-de-france-2025\/#primaryimage"},"thumbnailUrl":"https:\/\/dicodusport.fr\/blog\/wp-content\/uploads\/2025\/07\/La-Groupama-FDJ-avec-un-maillot-special-sur-le-Tour-de-France-2025.png","datePublished":"2025-07-03T09:57:29+00:00","dateModified":"2025-07-03T17:15:30+00:00","description":"TOUR DE FRANCE 2025 - Ce jeudi, la formation Groupama-FDJ a d\u00e9voil\u00e9 un nouveau maillot exclusif pour la Grande Boucle.","breadcrumb":{"@id":"https:\/\/dicodusport.fr\/blog\/la-groupama-fdj-avec-un-maillot-special-sur-le-tour-de-france-2025\/#breadcrumb"},"inLanguage":"fr-FR","potentialAction":[{"@type":"ReadAction","target":["https:\/\/dicodusport.fr\/blog\/la-groupama-fdj-avec-un-maillot-special-sur-le-tour-de-france-2025\/"]}]},{"@type":"ImageObject","inLanguage":"fr-FR","@id":"https:\/\/dicodusport.fr\/blog\/la-groupama-fdj-avec-un-maillot-special-sur-le-tour-de-france-2025\/#primaryimage","url":"https:\/\/dicodusport.fr\/blog\/wp-content\/uploads\/2025\/07\/La-Groupama-FDJ-avec-un-maillot-special-sur-le-Tour-de-France-2025.png","contentUrl":"https:\/\/dicodusport.fr\/blog\/wp-content\/uploads\/2025\/07\/La-Groupama-FDJ-avec-un-maillot-special-sur-le-Tour-de-France-2025.png","width":1200,"height":674,"caption":"La Groupama-FDJ avec un maillot sp\u00e9cial sur le Tour de France 2025"},{"@type":"BreadcrumbList","@id":"https:\/\/dicodusport.fr\/blog\/la-groupama-fdj-avec-un-maillot-special-sur-le-tour-de-france-2025\/#breadcrumb","itemListElement":[{"@type":"ListItem","position":1,"name":"Accueil","item":"https:\/\/dicodusport.fr\/blog\/"},{"@type":"ListItem","position":2,"name":"La Groupama-FDJ avec un maillot sp\u00e9cial sur le Tour de France 2025"}]},{"@type":"WebSite","@id":"https:\/\/dicodusport.fr\/blog\/#website","url":"https:\/\/dicodusport.fr\/blog\/","name":"Dicodusport","description":"L&#039;encyclop\u00e9die de l&#039;actualit\u00e9 sportive","publisher":{"@id":"https:\/\/dicodusport.fr\/blog\/#organization"},"potentialAction":[{"@type":"SearchAction","target":{"@type":"EntryPoint","urlTemplate":"https:\/\/dicodusport.fr\/blog\/?s={search_term_string}"},"query-input":{"@type":"PropertyValueSpecification","valueRequired":true,"valueName":"search_term_string"}}],"inLanguage":"fr-FR"},{"@type":"NewsMediaOrganization","@id":"https:\/\/dicodusport.fr\/blog\/#organization","name":"Dicodusport","url":"https:\/\/dicodusport.fr\/blog\/","logo":{"@type":"ImageObject","inLanguage":"fr-FR","@id":"https:\/\/dicodusport.fr\/blog\/#\/schema\/logo\/image\/","url":"https:\/\/dicodusport.fr\/blog\/wp-content\/uploads\/2020\/06\/cropped-LOGO-DICODUSPORT-2020-SANS-FOND-SANS-TEXTE.png","contentUrl":"https:\/\/dicodusport.fr\/blog\/wp-content\/uploads\/2020\/06\/cropped-LOGO-DICODUSPORT-2020-SANS-FOND-SANS-TEXTE.png","width":512,"height":512,"caption":"Dicodusport"},"image":{"@id":"https:\/\/dicodusport.fr\/blog\/#\/schema\/logo\/image\/"},"sameAs":["https:\/\/www.facebook.com\/dicodusport","https:\/\/x.com\/dicodusport","https:\/\/www.instagram.com\/dicodusport\/","https:\/\/www.youtube.com\/channel\/UC7V2KZ5sd3htJivAbA4ZG3w"],"description":"Dicodusport est l'encyclop\u00e9die de l'actualit\u00e9 sportive.","email":"bonjour@dicodusport.fr","legalName":"DICODUSPORT","foundingDate":"2018-01-14","vatID":"FR71834470973","taxID":"83447097300043","numberOfEmployees":{"@type":"QuantitativeValue","minValue":"1","maxValue":"10"}},{"@type":"Person","@id":"https:\/\/dicodusport.fr\/blog\/#\/schema\/person\/37def232098a7a5cbab3974a3690abb0","name":"Maxime Cazenave","image":{"@type":"ImageObject","inLanguage":"fr-FR","@id":"https:\/\/dicodusport.fr\/blog\/#\/schema\/person\/image\/","url":"https:\/\/dicodusport.fr\/blog\/wp-content\/uploads\/2021\/05\/Maxime-Cazenave-150x150.jpg","contentUrl":"https:\/\/dicodusport.fr\/blog\/wp-content\/uploads\/2021\/05\/Maxime-Cazenave-150x150.jpg","caption":"Maxime Cazenave"},"description":"Journaliste\/R\u00e9dacteur depuis 2012 - Berc\u00e9 par l\u2019amour des Girondins de Bordeaux, les \u00e9checs de Christophe Moreau sur le Tour de France sous l'\u00e8re Lance Armstrong et le fade-away l\u00e9tal de Dirk Nowitzki, ma passion d\u00e9vorante pour le sport a toujours \u00e9t\u00e9 un pan incontournable de ma vie. Transmettre ma passion \u00e0 l\u2019\u00e9crit a \u00e9t\u00e9 une transition naturelle. Suiveur assidu de basket et de hockey sur glace, je garde toujours un peu de place pour suivre le cyclisme, le football et le maximum de performances fran\u00e7aises.","sameAs":["https:\/\/x.com\/https:\/\/twitter.com\/Maxime_Caze"],"url":"https:\/\/dicodusport.fr\/blog\/author\/maximec\/"}]}},"_links":{"self":[{"href":"https:\/\/dicodusport.fr\/blog\/wp-json\/wp\/v2\/posts\/592263","targetHints":{"allow":["GET"]}}],"collection":[{"href":"https:\/\/dicodusport.fr\/blog\/wp-json\/wp\/v2\/posts"}],"about":[{"href":"https:\/\/dicodusport.fr\/blog\/wp-json\/wp\/v2\/types\/post"}],"author":[{"embeddable":true,"href":"https:\/\/dicodusport.fr\/blog\/wp-json\/wp\/v2\/users\/55"}],"replies":[{"embeddable":true,"href":"https:\/\/dicodusport.fr\/blog\/wp-json\/wp\/v2\/comments?post=592263"}],"version-history":[{"count":4,"href":"https:\/\/dicodusport.fr\/blog\/wp-json\/wp\/v2\/posts\/592263\/revisions"}],"predecessor-version":[{"id":592357,"href":"https:\/\/dicodusport.fr\/blog\/wp-json\/wp\/v2\/posts\/592263\/revisions\/592357"}],"wp:featuredmedia":[{"embeddable":true,"href":"https:\/\/dicodusport.fr\/blog\/wp-json\/wp\/v2\/media\/592265"}],"wp:attachment":[{"href":"https:\/\/dicodusport.fr\/blog\/wp-json\/wp\/v2\/media?parent=592263"}],"wp:term":[{"taxonomy":"category","embeddable":true,"href":"https:\/\/dicodusport.fr\/blog\/wp-json\/wp\/v2\/categories?post=592263"},{"taxonomy":"post_tag","embeddable":true,"href":"https:\/\/dicodusport.fr\/blog\/wp-json\/wp\/v2\/tags?post=592263"}],"curies":[{"name":"wp","href":"https:\/\/api.w.org\/{rel}","templated":true}]}}